{"id":570,"date":"2020-03-12T18:57:10","date_gmt":"2020-03-12T18:57:10","guid":{"rendered":"https:\/\/www.affinite.fr\/index.php\/2020\/03\/12\/leurope-veut-une-loi-pour-le-droit-a-la-reparation-des-smartphones-tablettes-et-ordinateurs-avant-2021\/"},"modified":"2020-03-12T18:57:10","modified_gmt":"2020-03-12T18:57:10","slug":"leurope-veut-une-loi-pour-le-droit-a-la-reparation-des-smartphones-tablettes-et-ordinateurs-avant-2021","status":"publish","type":"post","link":"http:\/\/www.affinite.fr\/index.php\/2020\/03\/12\/leurope-veut-une-loi-pour-le-droit-a-la-reparation-des-smartphones-tablettes-et-ordinateurs-avant-2021\/","title":{"rendered":"L\u2019Europe veut une loi pour le droit \u00e0 la r\u00e9paration des smartphones, tablettes et ordinateurs avant 2021"},"content":{"rendered":"<p> [ad_1]<br \/>\n<br \/><img decoding=\"async\" src=\"https:\/\/img.bfmtv.com\/i\/0\/0\/fb3\/f575feb6be10396482dcc6537bda2.jpeg\" \/><\/p>\n<div itemprop=\"articleBody\">\n<p class=\"MsoNormal\">Pour atteindre son objectif de neutralit\u00e9 climatique d\u2019ici 2050, la Commission europ\u00e9enne vient de d\u00e9voiler son nouveau plan d\u2019action en faveur de l\u2019\u00e9conomie circulaire, qui s\u2019inscrit directement au c\u0153ur du Pacte Vert.<\/p>\n<p class=\"MsoNormal\">D\u2019ici \u00e0 2021, la Commission veut un \u00ab\u00a0droit \u00e0 la r\u00e9paration\u00a0\u00bb qui concernera tous les appareils \u00e9lectroniques, smartphones, tablettes et ordinateurs inclus. Les constructeurs devront adapter la conception de leurs produits de faciliter leur r\u00e9paration et seront forc\u00e9 de proposer des mises \u00e0 jour logicielles sur les appareils les plus anciens afin d\u2019augmenter leur dur\u00e9e de vie.<\/p>\n<h3 class=\"MsoNormal\" style=\"color:#333; font-family:arial,helvetica,sans-serif; font-size:23px; font-weight:700\"><strong>Revoir la conception des produits pour lutter contre l\u2019obsolescence programm\u00e9e<\/strong><\/h3>\n<p class=\"MsoNormal\">Le secteur des appareils \u00e9lectroniques sera prioritaire dans la mise en \u0153uvre du droit \u00e0 la r\u00e9parabilit\u00e9. Pour mener \u00e0 bien son plan d\u2019action, la Commission entend \u00e9tendre la dur\u00e9e de vie des produits en am\u00e9liorant leur r\u00e9utilisabilit\u00e9, leur r\u00e9parabilit\u00e9, ainsi que leur \u00e9volutivit\u00e9 aussi bien sur le plan mat\u00e9riel que logicielle.<\/p>\n<aside class=\"bg-color-0 padding-inside-all-s bloc border-s\">\n<h4 class=\"box-txt-normal\">\n<p><strong>\u00c0 d\u00e9couvrir aussi en vid\u00e9o<\/strong><\/p>\n<\/h4>\n<\/aside>\n<p class=\"MsoNormal\">Pour atteindre ces objectifs mis en place par l\u2019Europe, les constructeurs n\u2019auront donc pas d\u2019autre choix que de revoir leur copie. Le design et la conception de leurs appareils devra \u00eatre pens\u00e9 pour faciliter leur r\u00e9paration. Par ailleurs, pour limiter l\u2019obsolescence logicielle, ils devront proposer des mises \u00e0 jour pour les produits les plus anciens afin de maintenir ceux-ci fonctionnels plus longtemps.<\/p>\n<p class=\"MsoNormal\">Pour compl\u00e9ter son artillerie, la Commission europ\u00e9enne planche sur un syst\u00e8me de reprise \u00e0 l\u2019\u00e9chelle de l\u2019UE qui permettrait aux consommateurs de retourner ou de revendre leurs anciens appareils.<\/p>\n<p class=\"MsoNormal\"><strong>Source\u00a0:\u00a0<\/strong><a href=\"https:\/\/ec.europa.eu\/commission\/presscorner\/detail\/fr\/qanda_20_419\" target=\"_blank\" rel=\"noopener noreferrer\">Commission europ\u00e9enne<\/a><\/p>\n<\/p><\/div>\n<p><script>\n         !function(f,b,e,v,n,t,s){if(f.fbq)return;n=f.fbq=function()\n         {n.callMethod? n.callMethod.apply(n,arguments):n.queue.push(arguments)}\n         ;if(!f._fbq)f._fbq=n;\n             n.push=n;n.loaded=!0;n.version='2.0';n.queue=[];t=b.createElement(e);t.async=!0;\n             t.src=v;s=b.getElementsByTagName(e)[0];s.parentNode.insertBefore(t,s)}(window,\n                 document,'script','https:\/\/connect.facebook.net\/en_US\/fbevents.js');\n         fbq('init', '1065890633454496');\n         fbq('track', 'PageView');\n     <\/script><br \/>\n<br \/>[ad_2]<br \/>\n<br \/><a href=\"https:\/\/www.01net.com\/actualites\/l-europe-veut-une-loi-pour-le-droit-a-la-reparation-des-smartphones-tablettes-et-ordinateurs-avant-2021-1873519.html\">Source link <\/a><\/p>\n","protected":false},"excerpt":{"rendered":"<p>[ad_1] Pour atteindre son objectif de neutralit\u00e9 climatique d\u2019ici 2050, la Commission europ\u00e9enne vient de d\u00e9voiler son nouveau plan d\u2019action &hellip; <a href=\"http:\/\/www.affinite.fr\/index.php\/2020\/03\/12\/leurope-veut-une-loi-pour-le-droit-a-la-reparation-des-smartphones-tablettes-et-ordinateurs-avant-2021\/\" class=\"more-link\">Plus <span class=\"screen-reader-text\">L\u2019Europe veut une loi pour le droit \u00e0 la r\u00e9paration des smartphones, tablettes et ordinateurs avant 2021<\/span> <span class=\"meta-nav\">&rarr;<\/span><\/a><\/p>\n","protected":false},"author":1,"featured_media":571,"comment_status":"open","ping_status":"open","sticky":false,"template":"","format":"standard","meta":{"_sitemap_exclude":false,"_sitemap_priority":"","_sitemap_frequency":"","footnotes":""},"categories":[1],"tags":[],"class_list":["post-570","post","type-post","status-publish","format-standard","has-post-thumbnail","hentry","category-tous"],"_links":{"self":[{"href":"http:\/\/www.affinite.fr\/index.php\/wp-json\/wp\/v2\/posts\/570"}],"collection":[{"href":"http:\/\/www.affinite.fr\/index.php\/wp-json\/wp\/v2\/posts"}],"about":[{"href":"http:\/\/www.affinite.fr\/index.php\/wp-json\/wp\/v2\/types\/post"}],"author":[{"embeddable":true,"href":"http:\/\/www.affinite.fr\/index.php\/wp-json\/wp\/v2\/users\/1"}],"replies":[{"embeddable":true,"href":"http:\/\/www.affinite.fr\/index.php\/wp-json\/wp\/v2\/comments?post=570"}],"version-history":[{"count":0,"href":"http:\/\/www.affinite.fr\/index.php\/wp-json\/wp\/v2\/posts\/570\/revisions"}],"wp:featuredmedia":[{"embeddable":true,"href":"http:\/\/www.affinite.fr\/index.php\/wp-json\/wp\/v2\/media\/571"}],"wp:attachment":[{"href":"http:\/\/www.affinite.fr\/index.php\/wp-json\/wp\/v2\/media?parent=570"}],"wp:term":[{"taxonomy":"category","embeddable":true,"href":"http:\/\/www.affinite.fr\/index.php\/wp-json\/wp\/v2\/categories?post=570"},{"taxonomy":"post_tag","embeddable":true,"href":"http:\/\/www.affinite.fr\/index.php\/wp-json\/wp\/v2\/tags?post=570"}],"curies":[{"name":"wp","href":"https:\/\/api.w.org\/{rel}","templated":true}]}}