{"id":5681,"date":"2020-12-20T18:46:24","date_gmt":"2020-12-20T18:46:24","guid":{"rendered":"https:\/\/www.affinite.fr\/index.php\/2020\/12\/20\/lhexagone-sisole-du-royaume-uni-pour-48h\/"},"modified":"2020-12-20T18:46:24","modified_gmt":"2020-12-20T18:46:24","slug":"lhexagone-sisole-du-royaume-uni-pour-48h","status":"publish","type":"post","link":"http:\/\/www.affinite.fr\/index.php\/2020\/12\/20\/lhexagone-sisole-du-royaume-uni-pour-48h\/","title":{"rendered":"l&rsquo;hexagone s&rsquo;isole du Royaume-Uni pour 48h"},"content":{"rendered":"<p> [ad_1]<br \/>\n<\/p>\n<p>\n                COVID FRANCE DIRECT &#8211; La France suspend tous les d\u00e9placements de personnes depuis le Royaume-Uni pour 48, apr\u00e8s la d\u00e9couverte d&rsquo;une nouvelle souche. Derniers chiffres, bilan, actus.            <\/p>\n<div>\n<aside class=\"ccmsummary marqueur_module ccmcss_cms_summary ccmcss_cms_summary--right\">\n<p>\u00a0Sommaire<\/p>\n<\/aside>\n<p><strong>[Mise \u00e0 jour du dimanche 20\u00a0d\u00e9cembre \u00e0 19h36<\/strong><b>]<\/b>\u00a0L&rsquo;inqui\u00e9tude monte apr\u00e8s la <strong>d\u00e9couverte d&rsquo;une nouvelle souche de coronavirus<\/strong> au Royaume-Uni.\u00a0La France suspend \u00ab\u00a0<em>tous les d\u00e9placements de personnes<\/em>\u00a0\u00bb depuis le Royaume-Uni pour 48\u00a0heures \u00e0 partir de dimanche 20\u00a0d\u00e9cembre, minuit.\u00a0Selon le directeur g\u00e9n\u00e9ral\u00a0de l&rsquo;AP-HP, Martin Hirsh, cette nouvelle forme ne serait <strong>pas encore pr\u00e9sente en France<\/strong>. \u00c0 l&rsquo;approche des f\u00eates, il appelle les Fran\u00e7ais \u00e0 redoubler d&rsquo;effort\u00a0: \u00ab\u00a0<em>on n&rsquo;a pas int\u00e9r\u00eat \u00e0 se d\u00e9brider dans les jours qui viennent. Il faut de la mod\u00e9ration et du bon sens<\/em>\u00ab\u00a0.\u00a0 Le bilan quotidien du samedi 19\u00a0d\u00e9cembre\u00a0confirme un nombre de cas toujours \u00e9lev\u00e9 (<strong>+17 565\u00a0cas en 24\u00a0heures<\/strong>). Les contaminations continuent d&rsquo;augmenter <strong>les hospitalisations sont en baisse,<\/strong> 126 patients ont quitt\u00e9 l&rsquo;h\u00f4pital et 46 sont sortis de r\u00e9animations ce samedi.\u00a0La barre des 60 000 morts est franchie, avec 60 418 victimes du Covid-19 depuis le d\u00e9but de l&rsquo;\u00e9pid\u00e9mie. Le <strong>taux de R0\u00a0du virus repasse au-dessus de 1<\/strong>, signe que l&rsquo;\u00e9pid\u00e9mie repart.<em>\u00ab\u00a0Nous entamons une saison \u00e0 haut risque : l&rsquo;hiver. La temp\u00e9rature, l&rsquo;humidit\u00e9, le vent, l&rsquo;ensoleillement, semblent \u00eatre des facteurs aggravants de l&rsquo;\u00e9pid\u00e9mie<\/em>\u00a0\u00bb a poursuivi le directeur de la sant\u00e9 qui estime que\u00a0<em><strong>\u00ab\u00a0l&rsquo;\u00e9volution de l&rsquo;\u00e9pid\u00e9mie est pr\u00e9occupante\u00a0\u00bb.<\/strong>\u00a0\u00ab\u00a0<\/em><strong style=\"\"><i>Cette augmentation du nombre de cas \u00e0 l&rsquo;approche des f\u00eates de fin d&rsquo;ann\u00e9e invite \u00e0 la plus grande vigilance<\/i>.\u00a0<\/strong><em>Le virus peut voyager avec nous, ne lui donnons aucune opportunit\u00e9 de contaminer nos proches.<\/em>\u00a0\u00bb Le directeur de la sant\u00e9 incite les Fran\u00e7ais \u00e0\u00a0<strong>restreindre leurs contacts d\u00e8s maintenant (<a href=\"https:\/\/sante.journaldesfemmes.fr\/fiches-maladies\/2683903-auto-confinement-isolement-preventif-covid-signification-avant-noel-nouvel-an-ecole\/\" target=\"_blank\" rel=\"noopener noreferrer\">auto-confinement<\/a>),<\/strong> et m\u00eame avec un test n\u00e9gatif, de continuer d&rsquo;appliquer les gestes barri\u00e8res.<em>\u00a0\u00ab\u00a0<strong>Il faut absolument tout faire pour ne pas recommencer un confinement<\/strong>\u00ab\u00a0<\/em>, a-t-il insist\u00e9. Parall\u00e8lement, l&rsquo;arriv\u00e9e du <strong>vaccin de Pfizer <\/strong>se pr\u00e9cise. <em>\u00ab\u00a0Si toutes les conditions sont r\u00e9unies,<strong> les premi\u00e8res vaccinations pourraient \u00eatre r\u00e9alis\u00e9es d\u00e8s la derni\u00e8re semaine du mois de d\u00e9cembre<\/strong>\u00a0\u00bb\u00a0\u00a0<\/em>avait indiqu\u00e9 Jean Castex le 16 d\u00e9cembre.\u00a0Depuis le 15 d\u00e9cembre, les Fran\u00e7ais doivent se munir d&rsquo;une\u00a0<a href=\"https:\/\/media.interieur.gouv.fr\/attestation-couvre-feu-covid-19\/\" target=\"_blank\" rel=\"noopener noreferrer\">attestation<\/a>\u00a0pour justifier tout d\u00e9placement entre 20 heures et 6 heures du matin (except\u00e9 le soir du 24 d\u00e9cembre). Nombre de cas de Covid-19\u00a0en France, \u00e9volution sur 24\u00a0heures, d\u00e9c\u00e8s,\u00a0<a href=\"https:\/\/sante.journaldesfemmes.fr\/fiches-maladies\/2667643-carte-covid-19-france-zone-rouge-orange-departement-ile-de-france-temps-reel-monde-couleur-alerte\/\" rel=\"noopener noreferrer\" target=\"_blank\">cartes pour suivre l&rsquo;\u00e9pid\u00e9mie par d\u00e9partement et r\u00e9gion<\/a>,\u00a0<a href=\"https:\/\/sante.journaldesfemmes.fr\/fiches-maladies\/2636717-cluster-covid-19-coronavirus-france-definition-c-est-quoi-liste-nouveaux\/\" rel=\"noopener noreferrer\" target=\"_blank\">clusters<\/a>,\u00a0<a href=\"https:\/\/sante.journaldesfemmes.fr\/fiches-maladies\/2629823-taux-de-reproduction-covid-france-coronavirus-r0-r-effectif-calcul-carte-evolution-taux-region\/\" rel=\"noopener noreferrer\" target=\"_blank\">R0\u00a0en France<\/a>, <a href=\"https:\/\/sante.journaldesfemmes.fr\/fiches-maladies\/2679521-contagion-covid-19-combien-de-temps-jours-duree-asymptomatique-symptomes-incubation-contagieux\/\" target=\"_blank\" rel=\"noopener noreferrer\">contagion du coronavirus<\/a>, <a href=\"https:\/\/sante.journaldesfemmes.fr\/fiches-maladies\/2620433-vaccin-coronavirus-covid-19-angleterre-sanofi-pfizer-arn-moderna-france-astrazeneca-chine-effet-secondaire-castex\/\" target=\"_blank\" rel=\"noopener noreferrer\">strat\u00e9gie vaccinale<\/a>&#8230; Chiffres et infos du jour.<\/p>\n<p><u><b>Derni\u00e8res infos en direct :<\/b><\/u><\/p>\n<ul>\n<li><strong>La France suspend \u00ab\u00a0tous les d\u00e9placements de personnes\u00a0\u00bb depuis le Royaume-Uni<\/strong> pour 48\u00a0heures \u00e0 partir de dimanche 20\u00a0d\u00e9cembre, minuit, a annonc\u00e9 le ministre des Transports \u00e0 l&rsquo;issue du Conseil sanitaire\u00a0exceptionnel entam\u00e9 \u00e0 17\u00a0heures.\u00a0<\/li>\n<li><strong>Un Conseil de d\u00e9fense sur la situation sanitaire <\/strong>et l&rsquo;\u00e9pid\u00e9mie du\u00a0Covid-19\u00a0se tiendra ce dimanche \u00e0\u00a017h00\u00a0par visioconf\u00e9rence, a annonc\u00e9 l&rsquo;Elys\u00e9e.\u00a0Il sera pr\u00e9sid\u00e9 par Emmanuel Macron depuis sa r\u00e9sidence de La Lanterne o\u00f9 il est plac\u00e9 \u00e0 l&rsquo;isolement.\u00a0L&rsquo;inqui\u00e9tude monte en Europe sur la nouvelle variante du coronavirus circulant au Royaume-Uni.<\/li>\n<\/ul>\n<ul>\n<li>\u00ab\u00a0<strong>Les trois premiers mois de 2021\u00a0vont \u00eatre p\u00e9nibles<\/strong>\u00ab\u00a0, pr\u00e9vient Arnaud Fontanet, dans un entretien accord\u00e9 au Journal du Dimanche. L&rsquo;\u00e9pid\u00e9miologiste, membre du Conseil scientifique, estime que \u00ab\u00a0<i>quand les personnes vuln\u00e9rables, un tiers de la population, auront \u00e9t\u00e9 vaccin\u00e9es en nombre, sans doute \u00e0 la fin du premier semestre<\/i><i>, la pression [sur le syst\u00e8me de sant\u00e9 fran\u00e7ais] devrait s&rsquo;all\u00e9ger<\/i>\u00ab\u00a0.<\/li>\n<li><strong>\u00ab\u00a0On n&rsquo;est\u00a0pas sorti de la deuxi\u00e8me vague\u00a0\u00bb<\/strong>, a d\u00e9clar\u00e9 le directeur g\u00e9n\u00e9ral de l&rsquo;AP-HP, Martin Hirsh, invit\u00e9 du Grand Jury sur LCI avec Le Figaro et RTL , dimanche 20\u00a0d\u00e9cembre.\u00a0Evoquant une situation pour l&rsquo;instant \u00ab\u00a0<em>encore ma\u00eetris\u00e9e<\/em>\u00a0\u00ab\u00a0, il a toutefois soulign\u00e9 qu'\u00a0\u00bb<em>on n&rsquo;a pas\u00a0int\u00e9r\u00eat \u00e0 se d\u00e9brider dans les jours qui\u00a0viennent<\/em>\u00a0\u00ab\u00a0. \u00ab\u00a0<strong><em>Il faut\u00a0de la mod\u00e9ration et du bon sens<\/em><\/strong>\u00ab\u00a0, pr\u00e9vient Martin Hirsh \u00e0 quelques jours des f\u00eates de fin d&rsquo;ann\u00e9e.\u00a0<\/li>\n<\/ul>\n<ul>\n<li>Selon Martin Hirsh, directeur g\u00e9n\u00e9ral de l&rsquo;AP-HP, <strong>la nouvelle\u00a0forme du\u00a0virus d\u00e9couverte au Royaume-Uni ne serait pas encore pr\u00e9sente sur le sol fran\u00e7ais<\/strong>. \u00ab\u00a0<em>A ma connaissance, en France, nous ne l&rsquo;avons pas encore\u00a0trouv\u00e9e. Cela ne signifie pas qu&rsquo;il n&rsquo;existe pas. D&rsquo;exp\u00e9rience, on sait que les fronti\u00e8res sont poreuses. S&rsquo;il a commenc\u00e9 \u00e0 circuler en France, c&rsquo;est de mani\u00e8re faible<\/em>\u00ab\u00a0, a-t-il d\u00e9clar\u00e9 dans un entretien accord\u00e9 au Grand Jury, dimanche 20\u00a0d\u00e9cembre.<\/li>\n<\/ul>\n<ul>\n<li><strong>La France pourrait suspendre ses vols et trains en direction du Royaume-Uni<\/strong>. \u00ab\u00a0<em>Une d\u00e9cision sera annonc\u00e9e dans la journ\u00e9e\u00a0\u00bb, <\/em>le gouvernement \u00ab\u00a0<em>est \u00e0 la recherche d&rsquo;une coordination europ\u00e9enne<\/em>\u00ab\u00a0,\u00a0indique une source proche du gouvernement, dimanche 20\u00a0d\u00e9cembre. Les autorit\u00e9s fran\u00e7aises \u00e9changent en ce moment avec d&rsquo;autres pays\u00a0europ\u00e9ens.\u00a0<\/li>\n<li><strong>L&rsquo;ann\u00e9e 2020\u00a0est la plus meurtri\u00e8re en France <\/strong>depuis l&rsquo;apr\u00e8s-guerre.\u00a0\u00ab\u00a0<strong>Entre le 1er janvier et le 7\u00a0d\u00e9cembre, 617\u00a0197\u00a0d\u00e9c\u00e8s sont survenus en 2020<\/strong>\u00ab\u00a0, rapporte l&rsquo;Insee vendredi 18\u00a0d\u00e9cembre.\u00a0Les personnes \u00e2g\u00e9es sont les plus vuln\u00e9rables, avec une surmortalit\u00e9 de\u00a020%\u00a0pour les plus de 85\u00a0ans.\u00a0\u00a0<\/li>\n<li><strong>D\u00e9pistage obligatoire pour rejoindre la Corse<\/strong>.\u00a0\u00c0 partir de samedi 19\u00a0d\u00e9cembre, les personnes souhaitant rejoindre la Corse devront se soumettre \u00e0 un test PCR ou\u00a0antig\u00e9nique\u00a072\u00a0heures avant leur d\u00e9part.<\/li>\n<li><strong>Bulletins hebdomadaires \u00ab\u00a0sur les effets\u00a0ind\u00e9sirables des vaccins\u00a0\u00bb <\/strong>contre le Covid-19. La directrice g\u00e9n\u00e9rale de l&rsquo;Agence nationale de s\u00e9curit\u00e9 du m\u00e9dicament et des produits de sant\u00e9 (ANSM). Christelle Ratignier-Carbonneil a annonc\u00e9 vendredi sur <em>FranceInfo<\/em> son souhait de publier un bulletin\u00a0hebdomadaire\u00a0\u00ab\u00a0sur les effets ind\u00e9sirables des vaccins\u00a0\u00bb\u00a0\u00e0 partir d&rsquo;informations \u00ab\u00a0remont\u00e9es \u00e0 la fois par les professionnels de sant\u00e9 et \u00e9galement par les patients\u00a0\u00bb. Elle a indiqu\u00e9\u00a0que le vaccin contre la grippe pr\u00e9sente \u00ab\u00a0\u00e0 peu pr\u00e8s des effets ind\u00e9sirables de 10\u00a0jusqu&rsquo;\u00e0 40%\u00a0\u00bb, soit des\u00a0donn\u00e9es similaires\u00a0enregistr\u00e9es pour le vaccin Pfizer. Les effets secondaires seraient\u00a0\u00ab\u00a0assez classiques\u00a0\u00bb et relativement b\u00e9nins, a t-elle pr\u00e9cis\u00e9.<\/li>\n<li><strong>Le vaccin Moderna examin\u00e9 le 6 janvier.\u00a0<\/strong>L&rsquo;Agence europ\u00e9enne des m\u00e9dicaments a annonc\u00e9 qu&rsquo;elle allait examiner le\u00a06\u00a0janvier la possible autorisation du vaccin Moderna contre le\u00a0Covid-19, 6\u00a0jours avant la date initialement pr\u00e9vue.\u00a0<\/li>\n<li><strong>Les personnes de plus de 75 ans toujours les plus touch\u00e9es.<\/strong>\u00a0Sur la semaine du 7 au 13 d\u00e9cembre, les personnes \u00e2g\u00e9es de 75\u00a0ans et plus \u00e9taient les plus touch\u00e9es par le SARS-CoV-2\u00a0(incidence de 192\/100\u00a0000), suivies de celles \u00e2g\u00e9es de 15-44\u00a0ans (140) puis de 45-64\u00a0ans (120). L&rsquo;augmentation d&rsquo;incidence la plus importante a \u00e9t\u00e9 observ\u00e9e chez les 65-75\u00a0ans (+14% entre S49\u00a0et S50) et chez les 15- 45\u00a0ans (+13%). L&rsquo;augmentation a \u00e9t\u00e9 observ\u00e9e pour les cas pr\u00e9sentant des sympt\u00f4mes (+12%) comme pour ceux n&rsquo;en pr\u00e9sentant pas (+10%), indique Sant\u00e9 Publique France.<\/li>\n<li><strong>Covid vs Grippe. <\/strong>Dans un <a href=\"https:\/\/presse.inserm.fr\/la-covid-19-entraine-3-fois-plus-de-deces-que-la-grippe-saisonniere\/41795\/\" target=\"_blank\" rel=\"noopener noreferrer\">communiqu\u00e9<\/a> du 18 d\u00e9cembre, l&rsquo;Inserm indique la\u00a0<strong>Covid-19\u00a0entraine 3\u00a0fois plus de d\u00e9c\u00e8s \u00e0 l&rsquo;h\u00f4pital<\/strong> que la grippe saisonni\u00e8re. L&rsquo;\u00e9tude de l&rsquo;Inserm et du CHU de Dijon s&rsquo;appuyant sur les donn\u00e9es nationales fran\u00e7aises de pr\u00e8s de 130\u00a0000\u00a0patients hospitalis\u00e9s pour Covid-19\u00a0ou pour grippe saisonni\u00e8re montre que le taux de mortalit\u00e9 parmi les patients hospitalis\u00e9s pour Covid est trois fois plus \u00e9lev\u00e9 que celui de la grippe saisonni\u00e8re.\u00a0Les chercheurs ont compar\u00e9 les admissions \u00e0 l&rsquo;h\u00f4pital pour Covid-19\u00a0au printemps 2020\u00a0(entre le 1er mars et le 30\u00a0avril 2020) avec les admissions \u00e0 l&rsquo;h\u00f4pital pour la grippe saisonni\u00e8re entre le 1er d\u00e9cembre 2018\u00a0et le 28\u00a0f\u00e9vrier 2019.<\/li>\n<\/ul>\n<ul>\n<li><strong>La maison, premier lieu de contamination. <\/strong>Selon une\u00a0enqu\u00eate men\u00e9e sur 25 000 personnes par le professeur Arnaud Fontanet, membre du Conseil scientifique,\u00a0le principal lieu de contamination \u00e0 la Covid-19 est la\u00a0maison, en g\u00e9n\u00e9ral via notre conjoint ou conjointe.\u00a0\u00a0<strong>A\u00a0l&rsquo;ext\u00e9rieur<\/strong> du foyer, les contaminations sont plus nombreuses lors des<strong> contacts avec la famille \u00e9largie<\/strong>, les coll\u00e8gues sur le lieu de travail, et enfin les amis. Enfin,\u00a0la\u00a0fr\u00e9quentation des\u00a0bars, restaurants et des salles de sport\u00a0multiplient les risques d&rsquo;infections.\u00a0<\/li>\n<li><strong>Port du masque \u00e0 l&rsquo;int\u00e9rieur pendant les r\u00e9unions de famille<\/strong>. <em>\u00ab\u00a0Les rassemblements \u00e0 l&rsquo;int\u00e9rieur, m\u00eame les plus petits, peuvent \u00eatre particuli\u00e8rement risqu\u00e9s car ils rassemblent des groupes de personnes, jeunes et vieux, de m\u00e9nages diff\u00e9rents, qui peuvent ne pas tous adh\u00e9rer aux m\u00eames mesures de pr\u00e9vention des infections\u00a0\u00bb,<\/em> a rappel\u00e9 l&rsquo;OMS qui recommande de<em> \u00ab\u00a0limiter la taille du groupe et d&rsquo;assurer une bonne ventilation pour r\u00e9duire le risque d&rsquo;exposition\u00a0\u00bb<\/em>. Elle recommande aussi de porter le masque \u00e0 l&rsquo;int\u00e9rieur : <em>\u00ab\u00a0Il peut sembler g\u00eanant de porter des masques et de pratiquer la distanciation physique en pr\u00e9sence d&rsquo;amis et de membres de la famille, mais cela <strong>contribue de mani\u00e8re significative \u00e0 garantir que tout le monde reste en s\u00e9curit\u00e9 <\/strong>et en bonne sant\u00e9.\u00a0\u00bb<\/em><\/li>\n<\/ul>\n<p>Pour freiner la deuxi\u00e8me vague de l&rsquo;\u00e9pid\u00e9mie de Covid-19 en France, Emmanuel Macron a annonc\u00e9 un<strong>\u00a0deuxi\u00e8me confinement<\/strong>\u00a0(apr\u00e8s celui du mois de mars) 29 octobre au 15\u00a0d\u00e9cembre. Face \u00e0 une l\u00e9g\u00e8re am\u00e9lioration de la situation, le confinement a \u00e9t\u00e9 lev\u00e9 et remplac\u00e9 par un <strong>couvre-feu de 20 heures \u00e0 6 heures du matin<\/strong>, sans date de fin pour l&rsquo;instant indiqu\u00e9 par le gouvernement. Le ministre de la Sant\u00e9 Olivier V\u00e9ran a d\u00e9clench\u00e9 <strong>le\u00a0plan blanc\u00a0au niveau national<\/strong>\u00a0le 29 octobre. Cela implique la d\u00e9programmation des hospitalisations non-urgentes dans tous les h\u00f4pitaux. Samedi 7 novembre, les d\u00e9put\u00e9s ont adopt\u00e9 la prolongation de l&rsquo;<a href=\"https:\/\/sante.journaldesfemmes.fr\/fiches-maladies\/2627081-etat-urgence-sanitaire-france-covid-fin-prolongation-loi-decret-assemblee-senat-constitution-mesures\/\" target=\"_blank\" rel=\"noopener noreferrer\">\u00e9tat d&rsquo;urgence sanitaire<\/a>\u00a0jusqu&rsquo;au <strong>16\u00a0f\u00e9vrier 2021.<\/strong><\/p>\n<p>\u25ba\u00a0<strong>Depuis le 15 d\u00e9cembre :<\/strong><\/p>\n<ul>\n<li>les\u00a0d\u00e9placements\u00a0sont \u00e0 nouveau\u00a0autoris\u00e9s en journ\u00e9e\u00a0sur l&rsquo;ensemble du territoire sans obligation de fournir une attestation de d\u00e9placement.<\/li>\n<li>un couvre-feu national est mis en place, de<strong> 20h<\/strong> (et non pas 21h comme initialement envisag\u00e9) <strong>\u00e0 6h du matin<\/strong>. Une exception est pr\u00e9vue pour la nuit du 24 au 25 d\u00e9cembre\u00a02020, o\u00f9 la circulation sera libre\u00a0; en revanche, contrairement \u00e0 ce qui avait \u00e9t\u00e9 initialement pr\u00e9vu, il n&rsquo;y aura pas d&rsquo;exception pour la soir\u00e9e du 31\u00a0d\u00e9cembre\u00a02020 (Nouvel An). Lors\u00a0des\u00a0f\u00eates de fin d&rsquo;ann\u00e9e, il sera important de limiter le nombre de convives \u00e0 table (pas plus de six adultes ensemble).<\/li>\n<li>la pratique sportive ou la promenade en plein air est interdite de 20\u00a0h \u00e0 6h du matin\u00a0;<\/li>\n<li>les d\u00e9placements entre r\u00e9gions sont autoris\u00e9s\u00a0;<\/li>\n<li>la jauge dans les lieux de culte\u00a0n&rsquo;est pas revue \u00e0 la hausse\u00a0;<\/li>\n<li>les salles de cin\u00e9ma, les th\u00e9\u00e2tres et les mus\u00e9es restent ferm\u00e9s au moins 3\u00a0semaines suppl\u00e9mentaires soit jusqu&rsquo;au 6\u00a0janvier\u00a02021 inclus ;<\/li>\n<li>l&rsquo;accueil du public dans les enceintes sportives, dans les cirques, les parcs zoologiques ou encore les salles de jeux et les casinos reste\u00a0interdit\u00a0;<\/li>\n<li>les restaurants et les caf\u00e9s restent ferm\u00e9s comme pr\u00e9vu jusqu&rsquo;au 20\u00a0janvier\u00a02021\u00a0;<\/li>\n<li>le t\u00e9l\u00e9travail doit se poursuivre quand il est possible.<\/li>\n<li>les\u00a0stations de ski\u00a0sont accessibles aux touristes\u00a0 pendant les vacances scolaires de No\u00ebl mais les remont\u00e9es m\u00e9caniques restent ferm\u00e9es<\/li>\n<\/ul>\n<div style=\"text-align:center\">\n<figure class=\"image\" style=\"display:inline-block\"><a class=\"fancy\" href=\"https:\/\/img-3.journaldesfemmes.fr\/7oolX4nxBOMh4Qv-urnyk3OUq9w=\/1080x\/smart\/78a8ad69d7b74c6ebddec1a6b6c73fd5\/ccmcms-jdf\/20696899.png\" target=\"_blank\" rel=\"noopener noreferrer\"><img decoding=\"async\" alt=\"d\u00e9confinement etape france covid\" src=\"https:\/\/img-3.journaldesfemmes.fr\/9TYl0btUrBeB5BOm8X1WrvCKBUg=\/600x\/smart\/78a8ad69d7b74c6ebddec1a6b6c73fd5\/ccmcms-jdf\/20696899.png\"\/><\/a><figcaption data-credit=\"Twitter Jean Castex\" data-legend=\"Etapes du d\u00e9confinement de la France pr\u00e9sent\u00e9es par Jean Castex le 10 d\u00e9cembre\">Etapes du d\u00e9confinement de la France pr\u00e9sent\u00e9es par Jean Castex le 10\u00a0d\u00e9cembre <small>\u00a9\u00a0Twitter Jean Castex<\/small><\/figcaption><\/figure>\n<\/div>\n<p>\u25ba <strong>7 janvier :<\/strong> r\u00e9ouverture des th\u00e9\u00e2tres, mus\u00e9es, cin\u00e9mas si la situation sanitaire le permet.<\/p>\n<p>\u25ba<strong>\u00a0A partir du 20 janvier\u00a0<\/strong><strong>:\u00a0<\/strong><em>\u00ab\u00a0Si le nombre de contaminations demeure en-dessous de 5\u00a0000\u00a0cas par jour, alors\u00a0les salles de sport et les restaurants pourront rouvrir, et le couvre-feu pourra \u00eatre d\u00e9cal\u00e9. Les lyc\u00e9es pourront \u00eatre pleinement rouverts (et non plus par moiti\u00e9 des effectifs)\u00a0avec la totalit\u00e9 des \u00e9l\u00e8ves pr\u00e9sents durant les cours. Quinze jours plus tard, ce sont les universit\u00e9s qui pourront reprendre les cours, avec, l\u00e0 aussi, une pr\u00e9sence physique de tous les \u00e9l\u00e8ves<\/em>\u00a0\u00bb a annonc\u00e9 le chef de l&rsquo;Etat.<\/p>\n<p>Un couvre-feu national est mis en place depuis le 15 d\u00e9cembre dans toute la France,\u00a0de 20h \u00e0 6h. Une exception est pr\u00e9vue pour la soir\u00e9e du 24\u00a0d\u00e9cembre\u00a02020, o\u00f9 la circulation sera libre\u00a0; en revanche, contrairement \u00e0 ce qui avait \u00e9t\u00e9 initialement pr\u00e9vu, il n&rsquo;y aura pas d&rsquo;exception pour la soir\u00e9e du 31\u00a0d\u00e9cembre\u00a02020.<br \/>Pendant ce couvre-feu, seuls certains d\u00e9placements sont possibles, \u00e0 condition de se munir d&rsquo;une <strong>attestation <\/strong>notamment\u00a0:<\/p>\n<ul>\n<li>se rendre ou revenir de son lieu de travail, \u00e0 une <a href=\"http:\/\/www.affinite.fr\/index.php\/2022\/11\/09\/formation-de-glacier-apprenez-le-metier-de-glacier-et-changez-votre-vie\/\">formation<\/a> professionnelle, effectuer un d\u00e9placement professionnel ne pouvant \u00eatre report\u00e9\u00a0;<\/li>\n<li>des motifs familiaux imp\u00e9rieux, pour l&rsquo;assistance aux personnes vuln\u00e9rables et pr\u00e9caires, notamment aux personnes en situation de handicap ou pour la garde d&rsquo;enfants\u00a0;<\/li>\n<li>des motifs m\u00e9dicaux\u00a0: aller \u00e0 l&rsquo;h\u00f4pital, examens et soins ne pouvant \u00eatre assur\u00e9s \u00e0 distance et achat de m\u00e9dicaments\u00a0;<\/li>\n<li>participer \u00e0 des missions d&rsquo;int\u00e9r\u00eat g\u00e9n\u00e9ral sur demande de l&rsquo;autorit\u00e9 administrative (maraudes des associations de lutte contre la pauvret\u00e9 ou distributions d&rsquo;aides alimentaires \u00e0 domicile)\u00a0;<\/li>\n<li>les personnes en situation de handicap et leur accompagnant\u00a0;<\/li>\n<li>promener un animal domestique autour de son domicile.<\/li>\n<\/ul>\n<p>Selon les derniers chiffres publi\u00e9s par <a href=\"https:\/\/www.santepubliquefrance.fr\/dossiers\/coronavirus-covid-19\/coronavirus-chiffres-cles-et-evolution-de-la-covid-19-en-france-et-dans-le-monde\" target=\"_blank\" rel=\"noopener noreferrer\">Sant\u00e9 Publique France<\/a> au samedi 19\u00a0d\u00e9cembre 2020, en France :\u00a0<\/p>\n<p>\u2022 2 460 555 personnes ont \u00e9t\u00e9 contamin\u00e9es par le coronavirus <strong>(+17 565 en 24 heures)<\/strong><\/p>\n<p>\u2022 60 418 personnes sont d\u00e9c\u00e9d\u00e9es en France <strong>(+189 en 24 heures \u00e0 l&rsquo;h\u00f4pital),<\/strong><strong>\u00a0<\/strong>dont 41 644\u00a0\u00e0 l&rsquo;h\u00f4pital, auxquels s&rsquo;ajoutent 355 d\u00e9c\u00e8s en Ehpad et \u00e9tablissements sociaux et m\u00e9dico-sociaux entre le 16 et le 18 d\u00e9cembre.<\/p>\n<p>\u2022 2 727\u00a0patients Covid-19 sont en r\u00e9animation <strong>(-46 en 24 heures<\/strong><strong>)<\/strong>.<\/p>\n<p>\u2022 24 851 patients Covid-19 sont hospitalis\u00e9s\u00a0<strong>(-126 en 24 heures)<\/strong>.<\/p>\n<blockquote>\n<p style=\"text-align: right;\">\u00a0<\/p>\n<\/blockquote>\n<blockquote>\n<p style=\"text-align: right;\">\u00a0<\/p>\n<\/blockquote>\n<p>Sur la semaine du 7\u00a0au 13\u00a0d\u00e9cembre, les indicateurs de suivi de l&rsquo;\u00e9pid\u00e9mie montrent une augmentation de la circulation du SARS-CoV-2, alors que le virus circulait d\u00e9j\u00e0 \u00e0 un niveau \u00e9lev\u00e9 en France, indique Sant\u00e9 Publique France dans son <a href=\"https:\/\/www.santepubliquefrance.fr\/maladies-et-traumatismes\/maladies-et-infections-respiratoires\/infection-a-coronavirus\/documents\/bulletin-national\/covid-19-point-epidemiologique-du-17-decembre-2020\" target=\"_blank\" rel=\"noopener noreferrer\">point du 17 d\u00e9cembre<\/a>.\u00a0Le nombre de <strong>personnes test\u00e9es a augment\u00e9<\/strong> de 14% par rapport \u00e0 la semaine pr\u00e9c\u00e9dente,\u00a0le nombre hebdomadaire de nouvelles <strong>hospitalisations <\/strong>pour COVID-19\u00a0s&rsquo;est <strong>stabilis\u00e9<\/strong>, apr\u00e8s plusieurs semaines de diminution. Le nombre de nouvelles admissions en <strong>r\u00e9animation<\/strong>, apr\u00e8s avoir fortement diminu\u00e9 depuis la semaine 46, s&rsquo;est aussi stabilis\u00e9. Le <strong>taux de reproduction<\/strong> du virus <strong>repasse au-dessus de 1 <\/strong>( 1.03), preuve que l&rsquo;\u00e9pid\u00e9mie repart. Les d\u00e9c\u00e8s ont diminu\u00e9 sur la semaine du 7 au 13 d\u00e9cembre mais on sait qu&rsquo;il y a un d\u00e9lai entre un pic de contaminations et la r\u00e9percussion sur la mortalit\u00e9 deux \u00e0 trois semaines plus tard.<\/p>\n<p>\u2192 L&rsquo;indicateur utilis\u00e9 pour suivre l&rsquo;\u00e9volution de l&rsquo;\u00e9pid\u00e9mie de coronavirus en France est le<strong> taux d&rsquo;incidence<\/strong> soit le nombre de patients ayant un test PCR positif pour 100 000 habitants par semaine sur les 7 derniers jours. Au 17\u00a0d\u00e9cembre, ce taux est\u00a0<strong>remont\u00e9 <\/strong>\u00e0 123, 15 (contre 108.73 le 10 d\u00e9cembre et 86 le 7 d\u00e9cembre).\u00a0<\/p>\n<div style=\"text-align:center\">\n<figure class=\"image\" style=\"display:inline-block\"><a class=\"fancy\" href=\"https:\/\/img-3.journaldesfemmes.fr\/auQHSYdYYIgkK_8V1CwJi4OgwnM=\/1080x\/smart\/5402b9e4f26a4049b0546ae385c56b3f\/ccmcms-jdf\/20890309.jpg\"><img decoding=\"async\" alt=\"contamination covid courbe\" src=\"https:\/\/img-3.journaldesfemmes.fr\/27OEiHZU5b0wv7U42vmvDhknVoc=\/450x\/smart\/5402b9e4f26a4049b0546ae385c56b3f\/ccmcms-jdf\/20890309.jpg\"\/><\/a><figcaption data-credit=\"Twitter Jean Castex\" data-legend=\"Nombre de nouvelles personnes positives au Sars-Cov-2 rapport\u00e9 \u00e0 la taille de la population, au 17 d\u00e9cembre.\">Nombre de nouvelles personnes positives au Sars-Cov-2 rapport\u00e9 \u00e0 la taille de la population, au 17 d\u00e9cembre. <small>\u00a9\u00a0Twitter Jean Castex<\/small><\/figcaption><\/figure>\n<\/div>\n<p>Le gouvernement suit \u00e9galement l&rsquo;\u00e9volution du taux d&rsquo;occupation des lits en r\u00e9animation par des patients Covid-19 (sur les capacit\u00e9s initiales).<\/p>\n<div style=\"text-align:center\">\n<figure class=\"image\" style=\"display:inline-block\"><a class=\"fancy\" href=\"https:\/\/img-3.journaldesfemmes.fr\/pTo_MFJibyVAZh5AROxKFcXZv3Y=\/1080x\/smart\/755aae9c6954485eb8e59fcb942ed83d\/ccmcms-jdf\/20900137.png\"><img decoding=\"async\" alt=\"Taux d'occupation des lits en r\u00e9animation au 18 d\u00e9cembre par des patients Covid-19 \" src=\"https:\/\/img-3.journaldesfemmes.fr\/jnnrOApnYpXDBWRsgXBNpeGguHw=\/600x\/smart\/755aae9c6954485eb8e59fcb942ed83d\/ccmcms-jdf\/20900137.png\"\/><\/a><figcaption data-credit=\"Gouvernement.fr\" data-legend=\"Taux d'occupation des lits en r\u00e9animation au 18 d\u00e9cembre par des patients Covid-19 \">Taux d&rsquo;occupation des lits en r\u00e9animation au 18 d\u00e9cembre par des patients Covid-19 <small>\u00a9\u00a0Gouvernement.fr<\/small><\/figcaption><\/figure>\n<\/div>\n<p>Samedi 19\u00a0d\u00e9cembre, Sant\u00e9 publique France rapporte\u00a0un total de<strong>\u00a02 460 555 cas\u00a0<\/strong><strong>confirm\u00e9s\u00a0<\/strong>de coronavirus depuis le d\u00e9but de la pand\u00e9mie. <strong><em>\u00ab\u00a0Une tendance \u00e0 l&rsquo;augmentation est observ\u00e9e depuis quelques jours\u00a0\u00bb,<\/em><\/strong> a indiqu\u00e9 J\u00e9r\u00f4me Salomon, le directeur g\u00e9n\u00e9ral de la Sant\u00e9 dans sa conf\u00e9rence de presse hebdomadaire le 17\u00a0d\u00e9cembre.<strong><em>\u00a0<\/em><\/strong>Dans son bulletin \u00e9pid\u00e9miologique du 17 d\u00e9cembre, Sant\u00e9 Publique France rapporte une hausse de 10% des nouveaux cas confirm\u00e9s par test RT-PCR ou antig\u00e9nique sur la semaine du 7 au 13 d\u00e9cembre, en comparaison \u00e0 la semaine pr\u00e9c\u00e9dente. Le\u00a0<strong>pic \u00e9pid\u00e9mique<\/strong>\u00a0de la premi\u00e8re vague a \u00e9t\u00e9 observ\u00e9 la\u00a0<strong>semaine du 6\u00a0au 12 avril<\/strong>, soit 15\u00a0jours\u00a0apr\u00e8s la mise en \u0153uvre des mesures de confinement de la population g\u00e9n\u00e9rale, le 17\u00a0mars 2020. Le <strong>pic de la deuxi\u00e8me vague <\/strong>est pass\u00e9, indique Emmanuel Macron le 24\u00a0novembre dans son allocution t\u00e9l\u00e9vis\u00e9e, trois semaines apr\u00e8s le reconfinement, soit du <strong>16 au 20 novembre<\/strong>.\u00a0<\/p>\n<h3 style=\"text-align: center;\">Nombre incident de cas confirm\u00e9s de Covid-19\u00a0par semaine, rapport\u00e9s \u00e0 Sant\u00e9 publique France, du 11\u00a0mai au 13 d\u00e9cembre, France enti\u00e8re<\/h3>\n<div style=\"text-align:center\">\n<figure class=\"image\" style=\"display:inline-block\"><a class=\"fancy\" href=\"https:\/\/img-3.journaldesfemmes.fr\/9YUUnqECvnHvN_IZXhg2_atVnGw=\/1080x\/smart\/f5f6db99edf64146bc74ad0b3dd10fca\/ccmcms-jdf\/20890408.jpg\"><img decoding=\"async\" alt=\"cas confirm\u00e9 covid\" src=\"https:\/\/img-3.journaldesfemmes.fr\/GaNCBDheGm6PKBJzbbZJnFCzBtE=\/600x\/smart\/f5f6db99edf64146bc74ad0b3dd10fca\/ccmcms-jdf\/20890408.jpg\"\/><\/a><figcaption data-credit=\"Sant\u00e9 Publique France\" data-legend=\"Nombre incident de cas confirm\u00e9s de COVID-19 par semaine, rapport\u00e9s \u00e0 Sant\u00e9 publique France, du 11 mai au 13 d\u00e9cembre 2020, France enti\u00e8re\">Nombre incident de cas confirm\u00e9s de COVID-19 par semaine, rapport\u00e9s \u00e0 Sant\u00e9 publique France, du 11 mai au 13 d\u00e9cembre 2020, France enti\u00e8re <small>\u00a9\u00a0Sant\u00e9 Publique France<\/small><\/figcaption><\/figure>\n<\/div>\n<h3 style=\"text-align: center;\">Nombre de cas confirm\u00e9s de COVID-19\u00a0chez les r\u00e9sidents et le personnel en ESMS (\u00e9tablissements sociaux et m\u00e9dico-sociaux)\u00a0par semaine calendaire, du 20\u00a0juillet au 13 d\u00e9cembre, en France<\/h3>\n<div style=\"text-align:center\">\n<figure class=\"image\" style=\"display:inline-block\"><a class=\"fancy\" href=\"https:\/\/img-3.journaldesfemmes.fr\/Ihpj_i2bEr6LIIcSoWw98KXyOQ0=\/1080x\/smart\/cddf5ee3501246a8808d2b385aed0ae4\/ccmcms-jdf\/20890412.jpg\"><img decoding=\"async\" alt=\"Nombre de cas confirm\u00e9s de COVID-19 chez les r\u00e9sidents et le personnel en ESMS par semaine calendaire, du 20 juillet au 13 d\u00e9cembre 2020, en France \" src=\"https:\/\/img-3.journaldesfemmes.fr\/VeNmeAcBGFw9uxfWnL3F5vykX5Q=\/600x\/smart\/cddf5ee3501246a8808d2b385aed0ae4\/ccmcms-jdf\/20890412.jpg\"\/><\/a><figcaption data-credit=\"Sant\u00e9 Publique France\" data-legend=\"Nombre de cas confirm\u00e9s de COVID-19 chez les r\u00e9sidents et le personnel en ESMS par semaine calendaire, du 20 juillet au 13 d\u00e9cembre 2020, en France \">Nombre de cas confirm\u00e9s de COVID-19 chez les r\u00e9sidents et le personnel en ESMS par semaine calendaire, du 20 juillet au 13 d\u00e9cembre 2020, en France <small>\u00a9\u00a0Sant\u00e9 Publique France<\/small><\/figcaption><\/figure>\n<\/div>\n<p>Au 19 d\u00e9cembre,<strong>\u00a017 565 nouvelles personnes<\/strong> ont re\u00e7u un test positif au Covid-19 sur les derni\u00e8res\u00a024\u00a0heures.\u00a0<\/p>\n<div style=\"text-align:center\">\n<figure class=\"image\" style=\"display:inline-block\"><a class=\"fancy\" href=\"https:\/\/img-3.journaldesfemmes.fr\/lMbq59dTvzTFkOBmZgan6d2_ePg=\/1080x\/smart\/a912e962bd564c1b83ec032630d04ded\/ccmcms-jdf\/20787412.jpg\"><img decoding=\"async\" alt=\"cas positifs en France par jour\" src=\"https:\/\/img-3.journaldesfemmes.fr\/-quHQCbVJYGdJv4Xs-l0werbBkg=\/600x\/smart\/a912e962bd564c1b83ec032630d04ded\/ccmcms-jdf\/20787412.jpg\"\/><\/a><figcaption data-credit=\"CovidTracker\" data-legend=\"Courbe des cas positifs en France par jour du 1 novembre au 12 d\u00e9cembre 2020\">Courbe des cas positifs en France par jour du 1 novembre au 12 d\u00e9cembre 2020 <small>\u00a9\u00a0CovidTracker<\/small><\/figcaption><\/figure>\n<\/div>\n<p>Samedi 19\u00a0d\u00e9cembre,<b>\u00a02 727\u00a0<\/b>personnes sont\u00a0hospitalis\u00e9es\u00a0en\u00a0r\u00e9animation (-46\u00a0en 24 heures).\u00a0Le nombre hebdomadaire de nouvelles hospitalisations s&rsquo;est stabilis\u00e9, apr\u00e8s plusieurs semaines de diminution, en semaine 50 (7 au 13 d\u00e9cembre). Le nombre de nouvelles admissions en r\u00e9animation,<strong> apr\u00e8s avoir fortement diminu\u00e9<\/strong> depuis la semaine 46, <strong>s&rsquo;est aussi stabilis\u00e9,<\/strong> rapporte Sant\u00e9 Publique France. Le <a href=\"https:\/\/sante.journaldesfemmes.fr\/fiches-maladies\/2624681-plan-blanc-hopital-ile-de-france-paris-aphp-definition-covid-lille-chu-clermont-ferrand-lyon-mesures\/\" target=\"_blank\" rel=\"noopener noreferrer\">plan blanc<\/a>\u00a0est r\u00e9activ\u00e9 sur tout le territoire national depuis le 29 octobre. Le temps de doublement du nombre hebdomadaire d&rsquo;admissions en r\u00e9animation est de<strong> 30 jours.<\/strong><\/p>\n<div style=\"text-align:center\">\n<figure class=\"image\" style=\"display:inline-block\"><a class=\"fancy\" href=\"https:\/\/img-3.journaldesfemmes.fr\/x8hSWKhBgyCkjxkF3QB41mRdNao=\/1080x\/smart\/01b588210ea844489f997ac34acf4242\/ccmcms-jdf\/20890559.jpg\"><img decoding=\"async\" alt=\"courbe r\u00e9animation covid-19\" src=\"https:\/\/img-3.journaldesfemmes.fr\/DZ2l91ukxjFQJaiVdRShbTDF0wY=\/600x\/smart\/01b588210ea844489f997ac34acf4242\/ccmcms-jdf\/20890559.jpg\"\/><\/a><figcaption data-credit=\"Sant\u00e9 Publique France\" data-legend=\" Nombre hebdomadaire de patients COVID-19 admis en service de r\u00e9animation pendant leur hospitalisation, par semaine d\u2019admission en r\u00e9animation, depuis le 24 f\u00e9vrier 2020, France, donn\u00e9es au 13 d\u00e9cembre\">Nombre hebdomadaire de patients COVID-19 admis en service de r\u00e9animation pendant leur hospitalisation, par semaine d\u2019admission en r\u00e9animation, depuis le 24 f\u00e9vrier 2020, France, donn\u00e9es au 13 d\u00e9cembre <small>\u00a9\u00a0Sant\u00e9 Publique France<\/small><\/figcaption><\/figure>\n<\/div>\n<p>\u2192 Le taux de<strong> nouvelles admissions en r\u00e9animation <\/strong>a <strong>augment\u00e9 en Centre-Val de Loire<\/strong> (+39%), Grand Est (+35%), \u00cele-de-France (+22%) et Pays de la Loire (+9%). Il se stabilisait en Bourgogne-Franche-Comt\u00e9, Auvergne-Rh\u00f4ne-Alpes et Hauts-de-France, et il a diminu\u00e9 dans les autres r\u00e9gions de France m\u00e9tropolitaine.<\/p>\n<p>\u2192<strong> <\/strong>Les<strong> plus forts taux hebdomadaires d&rsquo;admission en r\u00e9animation<\/strong> \u00e9taient rapport\u00e9s en Bourgogne-Franche-Comt\u00e9 (3,0\/100\u00a0000\u00a0habitants), Auvergne-Rh\u00f4ne-Alpes (2,6), Grand Est (2,3), Provence-Alpes C\u00f4te d&rsquo;Azur (2,2), \u00cele-de-France (2,1) et Hauts-de-France (2,1).<\/p>\n<p>\u2192 <strong>Profil des personnes admises en ce moment en r\u00e9animation :<\/strong> 71% sont des hommes, l&rsquo;\u00e2ge m\u00e9dian est de 68 ans.\u00a089% des patients pr\u00e9sentent au moins une comorbidit\u00e9. L&rsquo;\u00e2ge m\u00e9dian des personnes d\u00e9c\u00e9d\u00e9es est de 74 ans.<\/p>\n<p><iframe loading=\"lazy\" height=\"600\" src=\"https:\/\/geodes.santepubliquefrance.fr\/?view=map1&amp;indics=covid_hospit.rea&amp;serie=2020-11-08&amp;f1code=0&amp;lang=fr&amp;iframe=1\" width=\"600\"><\/iframe><\/p>\n<p>Selon les <a href=\"https:\/\/www.gouvernement.fr\/info-coronavirus\/carte-et-donnees\" target=\"_blank\" rel=\"noopener noreferrer\">chiffres communiqu\u00e9s par le gouvernement<\/a>, consolid\u00e9s avec l&rsquo;Agence Sant\u00e9 Publique France et\u00a0les ARS (Agences r\u00e9gionales de Sant\u00e9), voici l&rsquo;\u00e9volution des hospitalisations (dont la r\u00e9animation) et des d\u00e9c\u00e8s\u00a0en France par r\u00e9gion.<\/p>\n<h3 style=\"text-align: center;\">Evolution des hospitalisations (dont en r\u00e9animation) et d\u00e9c\u00e8s \u00e0 l&rsquo;h\u00f4pital du Covid-19\u00a0par r\u00e9gion au 19 d\u00e9cembre (source\u00a0: Sant\u00e9 publique France)<strong>.<\/strong><\/h3>\n<table border=\"1\" cellpadding=\"1\" cellspacing=\"1\" style=\"width:100%;\">\n<thead>\n<tr>\n<th scope=\"col\" style=\"width: 210px;\">R\u00e9gions<\/th>\n<th scope=\"col\" style=\"width: 169px; text-align: center;\">Hospitalisations en cours<\/th>\n<th scope=\"col\" style=\"width: 143px; text-align: center;\">Evolution des nouveaux patients sur les\u00a0 derni\u00e8res 24\u00a0H<\/th>\n<th scope=\"col\" style=\"width: 156px; text-align: center;\">R\u00e9animation Soins intensif<\/th>\n<th scope=\"col\" style=\"width: 160px; text-align: center;\">Evolution des nouveaux patients sur les\u00a0 derni\u00e8res 24\u00a0H<\/th>\n<th scope=\"col\" style=\"width: 220px; text-align: center;\">D\u00e9c\u00e8s<\/th>\n<\/tr>\n<tr>\n<td style=\"width: 210px;\"><b>\u00cele-de-France<\/b><\/td>\n<td style=\"width: 169px;\">4 791<\/td>\n<td style=\"width: 143px;\">-46<\/td>\n<td style=\"width: 156px;\">608<\/td>\n<td style=\"width: 160px;\">-9<\/td>\n<td style=\"width: 220px;\">11 709<\/td>\n<\/tr>\n<tr>\n<td style=\"width: 210px;\"><strong>Grand Est<\/strong><\/td>\n<td style=\"width: 169px;\">2 885<\/td>\n<td style=\"width: 143px;\">+27<\/td>\n<td style=\"width: 156px;\">282<\/td>\n<td style=\"width: 160px;\">0<\/td>\n<td style=\"width: 220px;\">5 490<\/td>\n<\/tr>\n<tr>\n<td style=\"width: 210px;\"><strong>Auvergne-Rh\u00f4ne-Alpes<\/strong><\/td>\n<td style=\"width: 169px;\">4 296<\/td>\n<td style=\"width: 143px;\">+6<\/td>\n<td style=\"width: 156px;\">447<\/td>\n<td style=\"width: 160px;\">-15<\/td>\n<td style=\"width: 220px;\">6 245<\/td>\n<\/tr>\n<tr>\n<td style=\"width: 210px;\"><strong>Hauts-de-France<\/strong><\/td>\n<td style=\"width: 169px;\">2 453<\/td>\n<td style=\"width: 143px;\">-40<\/td>\n<td style=\"width: 156px;\">245<\/td>\n<td style=\"width: 160px;\">-18<\/td>\n<td style=\"width: 220px;\">4 091<\/td>\n<\/tr>\n<tr>\n<td style=\"width: 210px;\"><strong>Bourgogne-Franche-Comt\u00e9<\/strong><\/td>\n<td style=\"width: 169px;\">1 750<\/td>\n<td style=\"width: 143px;\">-50<\/td>\n<td style=\"width: 156px;\">160<\/td>\n<td style=\"width: 160px;\">-6<\/td>\n<td style=\"width: 220px;\">2 352<\/td>\n<\/tr>\n<tr>\n<td style=\"width: 210px;\"><strong>Provence-Alpes-C\u00f4te d&rsquo;Azur<\/strong><\/td>\n<td style=\"width: 169px;\">2 259<\/td>\n<td style=\"width: 143px;\">-1<\/td>\n<td style=\"width: 156px;\">285<\/td>\n<td style=\"width: 160px;\">+1<\/td>\n<td style=\"width: 220px;\">3 262<\/td>\n<\/tr>\n<tr>\n<td style=\"width: 210px;\"><strong>Occitanie<\/strong><\/td>\n<td style=\"width: 169px;\">1 298<\/td>\n<td style=\"width: 143px;\">-15<\/td>\n<td style=\"width: 156px;\">199<\/td>\n<td style=\"width: 160px;\">+6<\/td>\n<td style=\"width: 220px;\">1 968<\/td>\n<\/tr>\n<tr>\n<td style=\"width: 210px;\"><strong>Bretagne<\/strong><\/td>\n<td style=\"width: 169px;\">591<\/td>\n<td style=\"width: 143px;\">-2<\/td>\n<td style=\"width: 156px;\">49<\/td>\n<td style=\"width: 160px;\">-2<\/td>\n<td style=\"width: 220px;\">654<\/td>\n<\/tr>\n<tr>\n<td style=\"width: 210px;\"><strong>Nouvelle-Aquitaine<\/strong><\/td>\n<td style=\"width: 169px;\">1 308<\/td>\n<td style=\"width: 143px;\">+3<\/td>\n<td style=\"width: 156px;\">150<\/td>\n<td style=\"width: 160px;\">-10<\/td>\n<td style=\"width: 220px;\">1 565<\/td>\n<\/tr>\n<tr>\n<td style=\"width: 210px;\"><strong><a href=\"http:\/\/www.affinite.fr\/index.php\/2024\/11\/21\/construire-votre-maison-en-normandie\/\">Normandie<\/a><\/strong><\/td>\n<td style=\"width: 169px;\">1 116<\/td>\n<td style=\"width: 143px;\">+17<\/td>\n<td style=\"width: 156px;\">86<\/td>\n<td style=\"width: 160px;\">+4<\/td>\n<td style=\"width: 220px;\">1 388<\/td>\n<\/tr>\n<tr>\n<td style=\"width: 210px;\"><strong>Centre Val-de-Loire<\/strong><\/td>\n<td style=\"width: 169px;\">944<\/td>\n<td style=\"width: 143px;\">-2<\/td>\n<td style=\"width: 156px;\">102<\/td>\n<td style=\"width: 160px;\">-1<\/td>\n<td style=\"width: 220px;\">1 215<\/td>\n<\/tr>\n<tr>\n<td style=\"width: 210px;\"><strong>Pays de la Loire<\/strong><\/td>\n<td style=\"width: 169px;\">945<\/td>\n<td style=\"width: 143px;\">-15<\/td>\n<td style=\"width: 156px;\">78<\/td>\n<td style=\"width: 160px;\">+5<\/td>\n<td style=\"width: 220px;\">1 200<\/td>\n<\/tr>\n<tr>\n<td style=\"width: 210px;\"><strong>Corse<\/strong><\/td>\n<td style=\"width: 169px;\">21<\/td>\n<td style=\"width: 143px;\">NC<\/td>\n<td style=\"width: 156px;\">6<\/td>\n<td style=\"width: 160px;\">NC<\/td>\n<td style=\"width: 220px;\">113<\/td>\n<\/tr>\n<tr>\n<td style=\"width: 210px;\"><strong>Martinique<\/strong><\/td>\n<td style=\"width: 169px;\">27<\/td>\n<td style=\"width: 143px;\">+1<\/td>\n<td style=\"width: 156px;\">6<\/td>\n<td style=\"width: 160px;\">NC<\/td>\n<td style=\"width: 220px;\">42<\/td>\n<\/tr>\n<tr>\n<td style=\"width: 210px;\"><strong>Guadeloupe<\/strong><\/td>\n<td style=\"width: 169px;\">62<\/td>\n<td style=\"width: 143px;\">-7<\/td>\n<td style=\"width: 156px;\">5<\/td>\n<td style=\"width: 160px;\">1<\/td>\n<td style=\"width: 220px;\">167<\/td>\n<\/tr>\n<tr>\n<td style=\"width: 210px;\"><strong>La R\u00e9union<\/strong><\/td>\n<td style=\"width: 169px;\">45<\/td>\n<td style=\"width: 143px;\">-2<\/td>\n<td style=\"width: 156px;\">5<\/td>\n<td style=\"width: 160px;\">+1<\/td>\n<td style=\"width: 220px;\">51<\/td>\n<\/tr>\n<tr>\n<td style=\"width: 210px;\"><strong>Guyane<\/strong><\/td>\n<td style=\"width: 169px;\">20<\/td>\n<td style=\"width: 143px;\">NC<\/td>\n<td style=\"width: 156px;\">5<\/td>\n<td style=\"width: 160px;\">NC<\/td>\n<td style=\"width: 220px;\">67<\/td>\n<\/tr>\n<tr>\n<td style=\"width: 210px;\"><strong>Mayotte<\/strong><\/td>\n<td style=\"width: 169px;\">8<\/td>\n<td style=\"width: 143px;\">NC<\/td>\n<td style=\"width: 156px;\">2<\/td>\n<td style=\"width: 160px;\">-1<\/td>\n<td style=\"width: 220px;\">39<\/td>\n<\/tr>\n<tr>\n<td style=\"width: 210px;\"><strong>TOTAL<\/strong><\/td>\n<td style=\"width: 169px;\"><strong>24 819<\/strong><\/td>\n<td style=\"width: 143px;\">-126<\/td>\n<td style=\"width: 156px;\"><b>2 720<\/b><\/td>\n<td style=\"width: 160px;\">-44<\/td>\n<td style=\"width: 220px;\">\n<p><b>41 618<\/b><\/p>\n<\/td>\n<\/tr>\n<\/thead>\n<\/table>\n<p>La mortalit\u00e9 est\u00a0\u00e9lev\u00e9e de la Covid-19 en France au 17 d\u00e9cembre, selon le bulletin de Sant\u00e9 Publique France. Un exc\u00e8s de mortalit\u00e9 <strong><em>\u00ab\u00a0tr\u00e8s \u00e9lev\u00e9 en Auvergne-Rh\u00f4ne-Alpes\u00a0\u00bb<\/em><\/strong> est par ailleurs rapport\u00e9 par l&rsquo;agence.<em>\u00a0<\/em>Le nombre hebdomadaire de d\u00e9c\u00e8s a diminu\u00e9 en semaine 49\u00a0et semble continuer de diminuer en S50 (7-13 d\u00e9cembre). Au 19\u00a0d\u00e9cembre<strong>, 60 418\u00a0<\/strong>personnes sont d\u00e9c\u00e9d\u00e9es du coronavirus depuis le d\u00e9but de l&rsquo;\u00e9pid\u00e9mie (<strong>+189\u00a0<\/strong>en 24h \u00e0 l&rsquo;h\u00f4pital), auxquels s&rsquo;ajoutent 355\u00a0d\u00e9c\u00e8s en Ehpad et \u00e9tablissements sociaux et m\u00e9dico-sociaux entre le 16\u00a0et le 18\u00a0d\u00e9cembre.\u00a0<strong>93% ont 65 ans ou plus<\/strong>, <strong>55% sont des hommes<\/strong>. La France a franchi la barre des 40 000 morts samedi 7 novembre,\u00a0celle des 50 000 le 24 novembre et celle des 60 000 le 18 d\u00e9cembre.\u00a0<strong>Un pic de mortalit\u00e9 a \u00e9t\u00e9 atteint en France le 7\u00a0novembre<\/strong>. La France enregistrait \u00e0 cette date 40\u00a0169\u00a0morts du Covid-19\u00a0depuis le d\u00e9but de l&rsquo;\u00e9pid\u00e9mie.\u00a0<\/p>\n<p><strong>\u2192 <\/strong>Les plus <strong>forts taux de d\u00e9c\u00e8s de patients Covid-19\u00a0par r\u00e9gion<\/strong> rapport\u00e9s \u00e0 la population (\/100\u00a0000\u00a0habitants) sur la premi\u00e8re semaine de d\u00e9cembre\u00a0sont\u00a0observ\u00e9s en Auvergne-Rh\u00f4ne-Alpes, Bourgogne-Franche-Comt\u00e9 et Grand Est.<\/p>\n<h3 style=\"text-align: center;\">Nombre hebdomadaire de d\u00e9c\u00e8s certifi\u00e9s par voie \u00e9lectronique avec une mention de COVID-19\u00a0dans les causes m\u00e9dicales de d\u00e9c\u00e8s, du 1er mars au 13 d\u00e9cembre 2020, France (donn\u00e9es au 08\u00a0d\u00e9cembre 2020)<\/h3>\n<div style=\"text-align:center\">\n<figure class=\"image\" style=\"display:inline-block\"><a class=\"fancy\" href=\"https:\/\/img-3.journaldesfemmes.fr\/DS5K0vxY103BMHUnJ-lnfKMVRRQ=\/1080x\/smart\/1dae38ce49c947268e63dd267d9f5e8e\/ccmcms-jdf\/20890666.jpg\"><img decoding=\"async\" alt=\"courbe d\u00e9c\u00e8s covid france\" src=\"https:\/\/img-3.journaldesfemmes.fr\/rWd1u28hiwrktvQ5rePJzlkDP8I=\/600x\/smart\/1dae38ce49c947268e63dd267d9f5e8e\/ccmcms-jdf\/20890666.jpg\"\/><\/a><figcaption data-credit=\"Sant\u00e9 Publique France\" data-legend=\"Nombre hebdomadaire de d\u00e9c\u00e8s certifi\u00e9s par voie \u00e9lectronique, avec une mention de COVID-19 dans les causes m\u00e9dicales de d\u00e9c\u00e8s, en France, du 1er mars au 13 d\u00e9cembre 2020 (donn\u00e9es au 8 d\u00e9cembre 2020) \">Nombre hebdomadaire de d\u00e9c\u00e8s certifi\u00e9s par voie \u00e9lectronique, avec une mention de COVID-19 dans les causes m\u00e9dicales de d\u00e9c\u00e8s, en France, du 1er mars au 13 d\u00e9cembre 2020 (donn\u00e9es au 8 d\u00e9cembre 2020) <small>\u00a9\u00a0Sant\u00e9 Publique France<\/small><\/figcaption><\/figure>\n<\/div>\n<p><iframe loading=\"lazy\" height=\"1000\" src=\"https:\/\/mapthenews.maps.arcgis.com\/apps\/opsdashboard\/index.html#\/bae8aaa7a0b14261b4621c31db410c44\" style=\"border: 0px\" width=\"600\"><\/iframe><\/p>\n<p>Si l&rsquo;ensemble des r\u00e9gions m\u00e9tropolitaines \u00e9tait encore fortement touch\u00e9 par l&rsquo;\u00e9pid\u00e9mie en semaine 50 (7-13 d\u00e9cembre), les r\u00e9gions <strong>Bourgogne-Franche-Comt\u00e9, Auvergne-Rh\u00f4ne-Alpes et Grand Est <\/strong>restaient les plus impact\u00e9es et pr\u00e9sentaient les plus forts taux d&rsquo;incidence et taux de positivit\u00e9 des pr\u00e9l\u00e8vements.\u00a0<\/p>\n<p><iframe loading=\"lazy\" height=\"600\" src=\"https:\/\/geodes.santepubliquefrance.fr\/?view=map1&amp;indics=sp_pe_tb_heb.tx_pe_hebdo&amp;serie=2020-S42&amp;f1code=0&amp;lang=fr&amp;iframe=1\" width=\"600\"><\/iframe><\/p>\n<aside id=\"NL_756667445\" class=\"newsletter_subscription jNlBlock\"><noscript><br \/>\n            <\/noscript><\/p>\n<h3 class=\"newsletter_subscription-title\">Newsletter <\/h3>\n<p><a href=\"\/\/mailing.ccmbg.com\/archive\/last-85\" target=\"_blank\" class=\"a_hover\" rel=\"noopener noreferrer\">Voir un exemple<\/a><\/p>\n<\/aside>\n<p>Au 19\u00a0d\u00e9cembre<strong>, 100<\/strong>\u00a0<strong>d\u00e9partements <\/strong>ont un nombre de cas de Covid-19 au-dessus du seuil d&rsquo;alerte de 50\/100 000 habitants et sont en niveau de vuln\u00e9rabilit\u00e9 \u00ab\u00a0\u00e9lev\u00e9\u00a0\u00bb.\u00a0Les d\u00e9partements pr\u00e9sentant les taux d&rsquo;incidence les plus \u00e9lev\u00e9s sur la premi\u00e8re semaine de d\u00e9cembre \u00e9taient les Ardennes (229\/100\u00a0000\u00a0habitants), la Haute-Savoie (224), le Doubs (223), les Hautes-Pyr\u00e9n\u00e9es (216), l&rsquo;Yonne (199). Dans ces d\u00e9partements, ces taux \u00e9taient toutefois en diminution par rapport \u00e0 la semaine pr\u00e9c\u00e9dente.<\/p>\n<h3 style=\"text-align: center;\">Niveau de vuln\u00e9rabilit\u00e9 par d\u00e9partement et \u00e9volution, France, au 19 d\u00e9cembre\u00a02020<\/h3>\n<div style=\"text-align:center\">\n<figure class=\"image\" style=\"display:inline-block\"><a class=\"fancy\" href=\"https:\/\/img-3.journaldesfemmes.fr\/RLXHxY-TsecURE-Mju6XptXO4d0=\/1080x\/smart\/27b29abf507d47378a9fd539fe6abbd1\/ccmcms-jdf\/20171983.png\"><img decoding=\"async\" alt=\"\" src=\"https:\/\/img-3.journaldesfemmes.fr\/bMv80tzKrrm3XdtiWOxvvb7Tyos=\/600x\/smart\/27b29abf507d47378a9fd539fe6abbd1\/ccmcms-jdf\/20171983.png\"\/><\/a><figcaption data-credit=\"Sant\u00e9 Publique France\" data-legend=\"Niveau de vuln\u00e9rabilit\u00e9 par d\u00e9partement et \u00e9volution, France, au 17 novembre 2020 \u00a9 Sant\u00e9 Publique France \u00a9 Sant\u00e9 Publique France\">Niveau de vuln\u00e9rabilit\u00e9 par d\u00e9partement et \u00e9volution, France, au 19 d\u00e9cembre 2020 \u00a9 Sant\u00e9 Publique France \u00a9 Sant\u00e9 Publique France <small>\u00a9\u00a0Sant\u00e9 Publique France<\/small><\/figcaption><\/figure>\n<\/div>\n<section>\n<blockquote>\n<p style=\"text-align: right;\">\u00a0<\/p>\n<\/blockquote>\n<p>Les taux de reproduction du virus appel\u00e9s \u00ab\u00a0R-effectifs\u00a0\u00bb ou \u00ab\u00a0Reff\u00a0\u00bb\u00a0permettent de d\u00e9crire la dynamique de l&rsquo;\u00e9pid\u00e9mie\u00a0: lorsque le Reff est significativement sup\u00e9rieur \u00e0 1, ceci signifie que l&rsquo;\u00e9pid\u00e9mie est en progression, lorsqu&rsquo;il est \u00e9gal \u00e0 1, l&rsquo;\u00e9pid\u00e9mie se stabilise, lorsqu&rsquo;il est significativement inf\u00e9rieur \u00e0 1, l&rsquo;\u00e9pid\u00e9mie r\u00e9gresse. Au 17\u00a0d\u00e9cembre, le<strong> R effectif est en hausse, \u00e0 1,03.<\/strong>\u00a0Comment ce nombre est-il calcul\u00e9\u00a0?\u00a0<\/p>\n<p>Le d\u00e9pistage du Covid-19 est r\u00e9alis\u00e9 en France par RT-PCT et par tests antig\u00e9niques. Au 18\u00a0d\u00e9cembre, le taux de positivit\u00e9 est en baisse et s&rsquo;\u00e9tablit \u00e0<strong> 5,9\u00a0%.<\/strong>\u00a0<strong>590 laboratoires<\/strong> testent par PCR les Fran\u00e7ais sur l&rsquo;ensemble du territoire et sont soutenus\u00a0par les pharmacies (pour les tests antig\u00e9niques).<em> \u00ab\u00a0Il reste d\u00e9terminant que chaque personne pr\u00e9sentant des sympt\u00f4mes \u00e9vocateurs de COVID-19\u00a0s&rsquo;isole imm\u00e9diatement et r\u00e9alise un test diagnostique dans les plus brefs d\u00e9lais\u00a0\u00bb<\/em> informe Sant\u00e9 Publique France le 10 d\u00e9cembre.<\/p>\n<p>Comme il n&rsquo;y a ni vaccin, ni m\u00e9dicament efficace contre le coronavirus, le meilleur moyen de s&rsquo;en prot\u00e9ger\u00a0est <strong>l&rsquo;application de <a href=\"https:\/\/sante.journaldesfemmes.fr\/fiches-maladies\/2619739-gestes-barrieres-mesures-covid-19-ecole-distance-sociale-entreprise-maison-affiche-aeration\/\" target=\"_blank\" rel=\"noopener noreferrer\">gestes barri\u00e8res<\/a><\/strong> :\u00a0mesures d&rsquo;hygi\u00e8ne, r\u00e9duction des contacts (salut sans embrassade et sans serrer les mains, maintien de la distance physique, regroupements \u00e0 \u00e9viter), port appropri\u00e9 du masque <strong>(bouche et nez couverts)<\/strong>, a\u00e9ration des endroits clos. Les personnes contacts de cas confirm\u00e9s doivent respecter les p\u00e9riodes d&rsquo;isolement. Les <strong>personnes \u00e2g\u00e9es ou atteintes de pathologies chroniques (atteintes respiratoire, cardiaque, ob\u00e9sit\u00e9, diab\u00e8te\u2026) <\/strong>sont appel\u00e9es \u00e0 la plus<strong> grande prudence <\/strong>tant que le virus circule.<\/p>\n<p>Si au d\u00e9but, on ne parlait que de fi\u00e8vre, toux s\u00e8che, rhume, \u00e9tat grippal et de fatigue, les sympt\u00f4mes de l&rsquo;infection par le coronavirus ont \u00e9volu\u00e9. On sait d\u00e9sormais que le virus peut avoir des <strong>effets sur la peau<\/strong> (urticaire, l\u00e9sions inflammatoires sur les orteils), la sph\u00e8re digestive (vomissements, diarrh\u00e9es&#8230;), <strong>l&rsquo;odorat<\/strong>, le <strong>go\u00fbt <\/strong>et m\u00eame le cerveau.<em> \u00ab\u00a0Sur 100 personnes atteintes du coronavirus, 90 ne vont pas d\u00e9velopper de sympt\u00f4mes\u00a0\u00bb<\/em> a inform\u00e9 le ministre de la Sant\u00e9 le 5 novembre.<\/p>\n<div class=\"ccminsert\">\n<aside class=\"app_widget_fo app_widget_fo--list app_widget_fo--list-2-col\">\n<ul>\n<li>\n<h3>\n                    <a href=\"https:\/\/sante.journaldesfemmes.fr\/fiches-maladies\/2679367-diarrhee-covid-coronavirus-symptome-digestif-intestinaux-duree-que-faire-vomissement-traitement-bebe-jeune\/\" class=\"jGTMWidgetGAEventClick\" data-gtmwidgetgaeventaction=\"clickWidgetListOnTwoColumns\" data-gtmwidgetgaeventlabel=\"Diarrh\u00e9e et Covid-19\u00a0: dur\u00e9e, que faire, un vrai sympt\u00f4me\u00a0?\"><br \/>\n                        Diarrh\u00e9e et Covid-19\u00a0: dur\u00e9e, que faire, un vrai sympt\u00f4me\u00a0?<br \/>\n                    <\/a><br \/>\n                <\/h3>\n<\/li>\n<li>\n<h3>\n                    <a href=\"https:\/\/sante.journaldesfemmes.fr\/fiches-maladies\/2676955-covid-19-ou-gastro-enterite-difference-symptomes-fievre-diarrhee-que-faire-complications\/\" class=\"jGTMWidgetGAEventClick\" data-gtmwidgetgaeventaction=\"clickWidgetListOnTwoColumns\" data-gtmwidgetgaeventlabel=\"Covid-19\u00a0ou gastro-ent\u00e9rite\u00a0: sympt\u00f4mes, comment faire la diff\u00e9rence\u00a0?\"><br \/>\n                        Covid-19\u00a0ou gastro-ent\u00e9rite\u00a0: sympt\u00f4mes, comment faire la diff\u00e9rence\u00a0?<br \/>\n                    <\/a><br \/>\n                <\/h3>\n<\/li>\n<li>\n<h3>\n                    <a href=\"https:\/\/sante.journaldesfemmes.fr\/fiches-maladies\/2661241-rhume-ou-covid-19-rhinopharyngite-difference-comment-savoir-fievre-ecole-test-tableau-symptomes\/\" class=\"jGTMWidgetGAEventClick\" data-gtmwidgetgaeventaction=\"clickWidgetListOnTwoColumns\" data-gtmwidgetgaeventlabel=\"Rhume ou Covid-19\u00a0: tableau des diff\u00e9rences, sympt\u00f4me, comment savoir\u00a0?\"><br \/>\n                        Rhume ou Covid-19\u00a0: tableau des diff\u00e9rences, sympt\u00f4me, comment savoir\u00a0?<br \/>\n                    <\/a><br \/>\n                <\/h3>\n<\/li>\n<li>\n<h3>\n                    <a href=\"https:\/\/sante.journaldesfemmes.fr\/fiches-sante-du-quotidien\/2627657-perte-odorat-anosmie-symptome-coronavirus-covid-duree-rhume-definition-cause-traitement\/\" class=\"jGTMWidgetGAEventClick\" data-gtmwidgetgaeventaction=\"clickWidgetListOnTwoColumns\" data-gtmwidgetgaeventlabel=\"Perte de l'odorat\u00a0(anosmie)\u00a0: sympt\u00f4mes du Covid-19\u00a0ou du rhume, dur\u00e9e\"><br \/>\n                        Perte de l&rsquo;odorat\u00a0(anosmie)\u00a0: sympt\u00f4mes du Covid-19\u00a0ou du rhume, dur\u00e9e<br \/>\n                    <\/a><br \/>\n                <\/h3>\n<\/li>\n<li>\n<h3>\n                    <a href=\"https:\/\/sante.journaldesfemmes.fr\/fiches-maladies\/2665621-angine-ou-covid-19-points-communs-symptome-fievre-mal-gorge-test-difference-contagion-qui-consulter\/\" class=\"jGTMWidgetGAEventClick\" data-gtmwidgetgaeventaction=\"clickWidgetListOnTwoColumns\" data-gtmwidgetgaeventlabel=\"Angine ou Covid-19\u00a0: sympt\u00f4mes, diff\u00e9rences, test\"><br \/>\n                        Angine ou Covid-19\u00a0: sympt\u00f4mes, diff\u00e9rences, test<br \/>\n                    <\/a><br \/>\n                <\/h3>\n<\/li>\n<li>\n<h3>\n                    <a href=\"https:\/\/sante.journaldesfemmes.fr\/fiches-maladies\/2626825-coronavirus-allergie-pollen-asthme-symptomes-traitement-recommandation-conseil\/\" class=\"jGTMWidgetGAEventClick\" data-gtmwidgetgaeventaction=\"clickWidgetListOnTwoColumns\" data-gtmwidgetgaeventlabel=\"Coronavirus ou allergie\u00a0: sympt\u00f4mes, conseils pratiques\"><br \/>\n                        Coronavirus ou allergie\u00a0: sympt\u00f4mes, conseils pratiques<br \/>\n                    <\/a><br \/>\n                <\/h3>\n<\/li>\n<li>\n<h3>\n                    <a href=\"https:\/\/sante.journaldesfemmes.fr\/fiches-maladies\/2619471-grippe-ou-covid-19-coronavirus-differences-symptomes-incubation-transmission-vaccin\/\" class=\"jGTMWidgetGAEventClick\" data-gtmwidgetgaeventaction=\"clickWidgetListOnTwoColumns\" data-gtmwidgetgaeventlabel=\"Grippe ou Covid-19\u00a0: sympt\u00f4mes, comment faire la diff\u00e9rence\u00a0?\"><br \/>\n                        Grippe ou Covid-19\u00a0: sympt\u00f4mes, comment faire la diff\u00e9rence\u00a0?<br \/>\n                    <\/a><br \/>\n                <\/h3>\n<\/li>\n<li>\n<h3>\n                    <a href=\"https:\/\/sante.journaldesfemmes.fr\/fiches-maladies\/2630069-coronavirus-covid-19-cerveau-symptomes-sequelles-odorat-atteinte-lesion-attaque\/\" class=\"jGTMWidgetGAEventClick\" data-gtmwidgetgaeventaction=\"clickWidgetListOnTwoColumns\" data-gtmwidgetgaeventlabel=\"Coronavirus\u00a0et cerveau\u00a0: quels sympt\u00f4mes\u00a0?\"><br \/>\n                        Coronavirus\u00a0et cerveau\u00a0: quels sympt\u00f4mes\u00a0?<br \/>\n                    <\/a><br \/>\n                <\/h3>\n<\/li>\n<li>\n<h3>\n                    <a href=\"https:\/\/sante.journaldesfemmes.fr\/fiches-maladies\/2644147-symptomes-coronavirus-qui-reviennent-durent-syndrome-post-covid-que-faire\/\" class=\"jGTMWidgetGAEventClick\" data-gtmwidgetgaeventaction=\"clickWidgetListOnTwoColumns\" data-gtmwidgetgaeventlabel=\"Syndrome post-Covid\u00a0: que faire quand les sympt\u00f4mes reviennent\u00a0?\"><br \/>\n                        Syndrome post-Covid\u00a0: que faire quand les sympt\u00f4mes reviennent\u00a0?<br \/>\n                    <\/a><br \/>\n                <\/h3>\n<\/li>\n<li>\n<h3>\n                    <a href=\"https:\/\/sante.journaldesfemmes.fr\/fiches-sante-du-quotidien\/2627543-perte-sens-gout-agueusie-symptome-coronavirus-covid-19-cause-traitement\/\" class=\"jGTMWidgetGAEventClick\" data-gtmwidgetgaeventaction=\"clickWidgetListOnTwoColumns\" data-gtmwidgetgaeventlabel=\"Perte du go\u00fbt (agueusie)\u00a0: causes et comment le retrouver\u00a0?\"><br \/>\n                        Perte du go\u00fbt (agueusie)\u00a0: causes et comment le retrouver\u00a0?<br \/>\n                    <\/a><br \/>\n                <\/h3>\n<\/li>\n<\/ul>\n<\/aside>\n<\/div>\n<ul>\n<li><strong>Si vous pr\u00e9sentez des\u00a0sympt\u00f4mes (toux, fi\u00e8vre, mal de t\u00eate) : <\/strong>\u00e9vitez\u00a0les contacts, restez\u00a0\u00e0 domicile, prenez du parac\u00e9tamol si besoin, appelez\u00a0un m\u00e9decin pour prendre rendez-vous dans l&rsquo;\u00e9ventualit\u00e9 qu&rsquo;il vous fasse passer un test de d\u00e9pistage.\u00a0<\/li>\n<li><strong>Appeler le\u00a015 en cas de\u00a0difficult\u00e9s respiratoires : \u00ab\u00a0<\/strong><em>Si cette toux et cette fi\u00e8vre s&rsquo;accompagnent d&rsquo;une g\u00eane respiratoire qui devient permanente avec souffle court, difficult\u00e9 \u00e0 inspirer et \u00e0 expirer, d&rsquo;une aggravation importante de la toux, cela peut signifier une \u00e9volution de la maladie sous la forme d&rsquo;une pneumopathie. Il s&rsquo;agit alors d&rsquo;une urgence respiratoire potentielle et comme dans tous les cas d&rsquo;urgence, il faut alors appeler le 15\u00a0qui prendra les meilleures dispositions pour r\u00e9pondre \u00e0 la situation\u00a0\u00bb, <\/em>pr\u00e9vient le Dr\u00a0Patrick Aub\u00e9, m\u00e9decin g\u00e9n\u00e9raliste. \u00a0<\/li>\n<\/ul>\n<p>Le plan de vaccination des Fran\u00e7ais contre l&rsquo;infection Covid-19\u00a0a \u00e9t\u00e9 pr\u00e9sent\u00e9 par Jean Castex et Olivier V\u00e9ran\u00a0le 16\u00a0d\u00e9cembre \u00e0 l&rsquo;Assembl\u00e9e. Il suit les recommandations de la Haute Autorit\u00e9 de Sant\u00e9 pour l&rsquo;ordre des personnes \u00e0 vacciner. <strong>\u00a0<\/strong>Apr\u00e8s avoir vaccin\u00e9 1\u00a0million de personnes dans les Ehpad en janvier (pensionnaires et personnel soignant), \u00ab\u00a0<em>il y aura ensuite la <strong>deuxi\u00e8me \u00e9tape, <\/strong>selon le rythme de livraison des vaccins. Elle va concerner les gens par cat\u00e9gories d&rsquo;\u00e2ge (&#8230;) les <strong>plus de 75\u00a0ans, puis les plus de 65\u00a0ans <\/strong>et enfin les plus de 50\u00a0ans avec les personnels de sant\u00e9 et du secteur m\u00e9dico-social lorsqu&rsquo;ils sont \u00e2g\u00e9s de 50\u00a0ans et plus ou qu&rsquo;ils pr\u00e9sentent des comorbidit\u00e9s\u00a0\u00bb<\/em>, a pr\u00e9cis\u00e9 le ministre. Au <strong>printemps<\/strong>, \u00ab\u00a0<em>nous pourrons \u00e9tendre progressivement la strat\u00e9gie da vaccination au <strong>grand public.\u00a0\u00bb<\/strong><\/em><\/p>\n<table border=\"1\" cellpadding=\"1\" cellspacing=\"1\" style=\"width:100%;\">\n<thead>\n<tr>\n<th scope=\"col\" style=\"text-align: center;\"><strong>DATES CL\u00c9S DE L&rsquo;\u00c9PID\u00c9MIE EN FRANCE<\/strong><\/th>\n<\/tr>\n<\/thead>\n<tbody>\n<tr>\n<td>\n<ul>\n<li><strong>31\u00a0d\u00e9cembre 2019,<\/strong> l&rsquo;Organisation mondiale de la Sant\u00e9 en Chine est inform\u00e9e de plusieurs cas de pneumonies dans la ville de Wuhan. 44\u00a0personnes sont infect\u00e9es entre cette date et le 3\u00a0janvier 2020.<\/li>\n<li><strong>7\u00a0janvier 2020, <\/strong>les autorit\u00e9s chinoises identifient un \u00ab\u00a0nouveau type de coronavirus\u00a0\u00bb.<\/li>\n<li><strong>13\u00a0janvier, <\/strong>un cas import\u00e9 est recens\u00e9 en Tha\u00eflande.<\/li>\n<li><strong>15\u00a0janvier<\/strong>, le virus cause\u00a0la mort d&rsquo;<strong>une premi\u00e8re\u00a0personne \u00e0 Wuhan<\/strong>, un homme de 69\u00a0ans.\u00a0<\/li>\n<li><strong>23\u00a0janvier,<\/strong> trois villes chinoises dont Wuhan sont plac\u00e9es en quarantaine.<\/li>\n<li><strong>25\u00a0janvier, trois personnes\u00a0contamin\u00e9es sont recens\u00e9es en France<\/strong>, deux \u00e0 Paris et une Bordeaux. Ce sont les premiers cas enregistr\u00e9s sur le continent europ\u00e9en.<\/li>\n<li><strong>30\u00a0janvier, <\/strong>l&rsquo;Organisation mondiale de la Sant\u00e9 <strong>d\u00e9cr\u00e8te\u00a0l&rsquo;<a href=\"https:\/\/sante.journaldesfemmes.fr\/fiches-maladies\/2608035-urgence-de-sante-publique-de-portee-internationale-definition-oms-coronavirus\/\" target=\"_blank\" rel=\"noopener noreferrer\">urgence de sant\u00e9 mondiale<\/a><\/strong>.\u00a0Cette mesure n&rsquo;avait \u00e9t\u00e9 d\u00e9cr\u00e9t\u00e9e que 5\u00a0fois depuis sa cr\u00e9ation (pour Ebola (deux fois), la grippe H1N1, Zika et la poliomy\u00e9lite).\u00a0<\/li>\n<li><strong>23\u00a0f\u00e9vrier, <\/strong>la France d\u00e9clenche le <a href=\"https:\/\/sante.journaldesfemmes.fr\/fiches-maladies\/2622449-plan-orsan-reb-definition-signification-qui-declenche-coronavirus-definition-duree\/\" target=\"_blank\" rel=\"noopener noreferrer\">plan ORSAN<\/a>, un dispositif exceptionnel d&rsquo;organisation des soins.<\/li>\n<li><strong>28\u00a0f\u00e9vrier,<\/strong> la France passe en stade 2\u00a0de l&rsquo;\u00e9pid\u00e9mie.<\/li>\n<li><strong>11\u00a0mars, <\/strong>l&rsquo;OMS classifie de <strong>pand\u00e9mie <\/strong>la diffusion de la maladie \u00e0 coronavirus Covid-19\u00a0dans le monde.<\/li>\n<li><strong>12\u00a0mars<\/strong>, le pr\u00e9sident de la R\u00e9publique Emmanuel Macron annonce la fermeture nationale des cr\u00e8ches et \u00e9tablissements scolaires de France \u00e0 compter du 16\u00a0mars et \u00ab\u00a0jusqu&rsquo;\u00e0 nouvel ordre\u00a0\u00bb.<\/li>\n<li><strong>14\u00a0mars<\/strong>, la France passe au <a href=\"https:\/\/sante.journaldesfemmes.fr\/fiches-maladies\/2625289-coronavirus-covid-19-stade-1-2-3-4-duree-mesure-france-signification-quand\/\" target=\"_blank\" rel=\"noopener noreferrer\"><strong>stade 3 <\/strong><\/a>de l&rsquo;\u00e9pid\u00e9mie.<\/li>\n<li><strong>16\u00a0mars\u00a0:<\/strong>\u00a0la France met en place un dispositif de confinement interdisant les d\u00e9placements.<\/li>\n<li><strong>18\u00a0mars<\/strong> le premier transfert de patients Covid-19\u00a0en France est r\u00e9alis\u00e9\u00a0gr\u00e2ce \u00e0 l&rsquo;Arm\u00e9e, par voie terrestre et a\u00e9rienne.\u00a0<\/li>\n<li><strong>26\u00a0mars<\/strong>, un premier cas jeune meurt en France, une adolescente de 16\u00a0ans, en Ile-de-France originaire de Morsang-sur-Orge.<\/li>\n<li><strong>27\u00a0mars,<\/strong> le confinement de la population fran\u00e7aise est renouvel\u00e9 jusqu&rsquo;au 15\u00a0avril.<\/li>\n<li><strong>13\u00a0avril,<\/strong> Emmanuel Macron annonce le prolongement du confinement jusqu&rsquo;au 11\u00a0mai.<\/li>\n<li><strong>11\u00a0mai, <\/strong>la France commence son d\u00e9confinement.<\/li>\n<li><strong>\u00a015\u00a0juin<\/strong>, toute la France passe en zone verte, sauf Mayotte et la Guyane. \u00c0\u00a0Paris, les restaurants et bars peuvent rouvrir compl\u00e8tement.<\/li>\n<li><strong>22\u00a0juin, <\/strong>les \u00e9coles sont de nouveaux obligatoires en France pour tous les \u00e9l\u00e8ves. Les cin\u00e9mas, salles de jeux, casinos rouvrent. Les sports collectifs peuvent \u00eatre autoris\u00e9s tout en respectant certaines conditions sanitaires.<\/li>\n<li><strong>10\u00a0juillet<\/strong>, la <strong>France <\/strong>a franchi la barre des 30\u00a0000\u00a0morts. Dans la nuit du 10\u00a0au 11\u00a0juillet \u00e0 minuit, l&rsquo;\u00e9tat d&rsquo;urgence sanitaire prend fin en France.<\/li>\n<li><strong>\u00a020\u00a0juillet,<\/strong>\u00a0le <strong>port du masque est obligatoire <\/strong>dans les lieux publics clos en France.<\/li>\n<li><strong>8 octobre, <\/strong>le<strong> plan blanc est r\u00e9activ\u00e9 <\/strong>dans les h\u00f4pitaux d&rsquo;Ile-de-France.<\/li>\n<li><strong>17 octobre \u00e0 0h01<\/strong>, la France repasse en \u00e9tat d&rsquo;urgence sanitaire et un <strong>couvre-feu <\/strong>est instaur\u00e9 dans 9 territoires\u00a0(Paris-Ile-de-France, Rouen, Grenoble, Lille, Lyon, Aix-Marseille, Montpellier, Saint-Etienne, Toulouse).<\/li>\n<li><strong>24 octobre \u00e0 0h01 :<\/strong> extension des mesures de couvre-feu \u00e0 38 nouveaux d\u00e9partements fran\u00e7ais.<\/li>\n<li><strong>29 octobre \u00e0 0h01<\/strong> : reconfinement national pour 4 semaines, jusqu&rsquo;au 1er d\u00e9cembre au minimum.<\/li>\n<li><strong>28 novembre : <\/strong>premi\u00e8re \u00e9tape d&rsquo;all\u00e8gement du confinement avec la r\u00e9ouverture des commerces non essentiels.<\/li>\n<li><strong>15 d\u00e9cembre : <\/strong>seconde \u00e9tape\u00a0d&rsquo;all\u00e8gement du confinement avec le passage \u00e0 un couvre-feu de 20 heures \u00e0 6 heures du matin.<\/li>\n<li><strong>31 d\u00e9cembre<\/strong> : couvre-feu impos\u00e9 le soir du 31 d\u00e9cembre, de 20 heures \u00e0 6 heures du matin.<\/li>\n<\/ul>\n<\/td>\n<\/tr>\n<\/tbody>\n<\/table>\n<p><em>Cet article est mis \u00e0 jour quotidiennement par <a href=\"https:\/\/www.journaldesfemmes.fr\/account\/ablaize-11409696\" target=\"_blank\" rel=\"noopener noreferrer\">Aur\u00e9lie Blaize<\/a>, <a href=\"https:\/\/www.journaldesfemmes.fr\/account\/anaisthiebaux-10573564\" target=\"_blank\" rel=\"noopener noreferrer\">Ana\u00efs Thi\u00e9baux<\/a> et <a href=\"https:\/\/www.journaldesfemmes.fr\/account\/samanthapages-11598093\" target=\"_blank\" rel=\"noopener noreferrer\">Samantha Pag\u00e8s<\/a>.\u00a0<\/em><\/p>\n<\/section>\n<\/div>\n<p>[ad_2]<br \/>\n<br \/><a href=\"https:\/\/sante.journaldesfemmes.fr\/fiches-maladies\/2605417-covid-19-france-coronavirus-direct-deuxieme-vague-macron-carte-nouveaux-cas-morts-chiffres-bilan\/\">Source link <\/a><\/p>\n","protected":false},"excerpt":{"rendered":"<p>[ad_1] COVID FRANCE DIRECT &#8211; La France suspend tous les d\u00e9placements de personnes depuis le Royaume-Uni pour 48, apr\u00e8s la &hellip; <a href=\"http:\/\/www.affinite.fr\/index.php\/2020\/12\/20\/lhexagone-sisole-du-royaume-uni-pour-48h\/\" class=\"more-link\">Plus <span class=\"screen-reader-text\">l&rsquo;hexagone s&rsquo;isole du Royaume-Uni pour 48h<\/span> <span class=\"meta-nav\">&rarr;<\/span><\/a><\/p>\n","protected":false},"author":1,"featured_media":5682,"comment_status":"open","ping_status":"open","sticky":false,"template":"","format":"standard","meta":{"_sitemap_exclude":false,"_sitemap_priority":"","_sitemap_frequency":"","footnotes":""},"categories":[1],"tags":[],"class_list":["post-5681","post","type-post","status-publish","format-standard","has-post-thumbnail","hentry","category-tous"],"_links":{"self":[{"href":"http:\/\/www.affinite.fr\/index.php\/wp-json\/wp\/v2\/posts\/5681"}],"collection":[{"href":"http:\/\/www.affinite.fr\/index.php\/wp-json\/wp\/v2\/posts"}],"about":[{"href":"http:\/\/www.affinite.fr\/index.php\/wp-json\/wp\/v2\/types\/post"}],"author":[{"embeddable":true,"href":"http:\/\/www.affinite.fr\/index.php\/wp-json\/wp\/v2\/users\/1"}],"replies":[{"embeddable":true,"href":"http:\/\/www.affinite.fr\/index.php\/wp-json\/wp\/v2\/comments?post=5681"}],"version-history":[{"count":0,"href":"http:\/\/www.affinite.fr\/index.php\/wp-json\/wp\/v2\/posts\/5681\/revisions"}],"wp:featuredmedia":[{"embeddable":true,"href":"http:\/\/www.affinite.fr\/index.php\/wp-json\/wp\/v2\/media\/5682"}],"wp:attachment":[{"href":"http:\/\/www.affinite.fr\/index.php\/wp-json\/wp\/v2\/media?parent=5681"}],"wp:term":[{"taxonomy":"category","embeddable":true,"href":"http:\/\/www.affinite.fr\/index.php\/wp-json\/wp\/v2\/categories?post=5681"},{"taxonomy":"post_tag","embeddable":true,"href":"http:\/\/www.affinite.fr\/index.php\/wp-json\/wp\/v2\/tags?post=5681"}],"curies":[{"name":"wp","href":"https:\/\/api.w.org\/{rel}","templated":true}]}}