{"id":5669,"date":"2020-12-18T02:00:11","date_gmt":"2020-12-18T02:00:11","guid":{"rendered":"https:\/\/www.affinite.fr\/index.php\/2020\/12\/18\/balthazar-lidentite-du-meurtrier-la-scene-finale-choc-la-creatrice-reagit-au-dernier-episode-de-la-saison-3-news-series-a-la-tv\/"},"modified":"2020-12-18T02:00:11","modified_gmt":"2020-12-18T02:00:11","slug":"balthazar-lidentite-du-meurtrier-la-scene-finale-choc-la-creatrice-reagit-au-dernier-episode-de-la-saison-3-news-series-a-la-tv","status":"publish","type":"post","link":"http:\/\/www.affinite.fr\/index.php\/2020\/12\/18\/balthazar-lidentite-du-meurtrier-la-scene-finale-choc-la-creatrice-reagit-au-dernier-episode-de-la-saison-3-news-series-a-la-tv\/","title":{"rendered":"Balthazar : l&rsquo;identit\u00e9 du meurtrier, la sc\u00e8ne finale choc&#8230; La cr\u00e9atrice r\u00e9agit au dernier \u00e9pisode de la saison 3 &#8211; News S\u00e9ries \u00e0 la TV"},"content":{"rendered":"<p> [ad_1]<br \/>\n<\/p>\n<p>La saison 3 de \u00ab\u00a0Balthazar\u00a0\u00bb vient de s&rsquo;achever sur TF1 avec un final choc, qui a mis un terme au myst\u00e8re entourant la mort de Lise. Mais l&rsquo;identit\u00e9 du meurtrier \u00e9tait-elle pr\u00e9vue depuis le d\u00e9but ? Clothilde Jamin, la cr\u00e9atrice, nous a r\u00e9pondu.<\/p>\n<div id=\"article-content\">\n<figure class=\"article-figure article-main-figure\"><img loading=\"lazy\" decoding=\"async\" class=\"article-figure-img\" width=\"640\" height=\"360\" src=\"https:\/\/fr.web.img3.acsta.net\/r_640_360\/newsv7\/20\/12\/16\/19\/34\/5734244.jpg\"\/><figcaption class=\"article-figcaption-copy\">THIBAULT GRABHERR \/ TF1<\/figcaption><\/figure>\n<p><strong>Attention, cet article contient des spoilers sur l&rsquo;\u00e9pisode final de la saison 3 de Balthazar, diffus\u00e9 ce soir sur TF1. Si vous ne voulez rien savoir, ne lisez pas ce qui suit !<\/strong><\/p>\n<p>Apr\u00e8s trois saisons, les sc\u00e9naristes de\u00a0<a title=\"Balthazar (France) (Policier,Thriller)\" href=\"http:\/\/www.allocine.fr\/series\/ficheserie_gen_cserie=23123.html\">Balthazar<\/a> ont finalement d\u00e9cid\u00e9 de refermer pour de bon le chapitre consacr\u00e9 au myst\u00e8re de la mort de Lise, la femme du l\u00e9giste incarn\u00e9 depuis 2018 par <a title=\"Tomer Sisley (France) (Acteur,Sc\u00e9nariste,R\u00e9alisateur)\" href=\"http:\/\/www.allocine.fr\/personne\/fichepersonne_gen_cpersonne=91890.html\">Tomer Sisley<\/a>. Le dernier \u00e9pisode de la saison 3, \u00ab\u00a0Noces rouges\u00a0\u00bb, diffus\u00e9 ce soir \u00e0 21h05 sur TF1, a en effet offert aux t\u00e9l\u00e9spectateurs toutes les r\u00e9ponses qu&rsquo;ils attendaient. En r\u00e9v\u00e9lant notamment que le tueur en s\u00e9rie responsable du meurtre de Lise et de plusieurs autres victimes n&rsquo;\u00e9tait autre que&#8230; Maya (<a title=\"Leslie Medina (France) (Acteur)\" href=\"http:\/\/www.allocine.fr\/personne\/fichepersonne_gen_cpersonne=749091.html\">Leslie Medina<\/a>), la jeune femme dont Balthazar \u00e9tait tomb\u00e9 amoureux la saison derni\u00e8re. Et qu&rsquo;il a fini par \u00e9pouser dans ce final riche en rebondissements qui s&rsquo;est achev\u00e9 dans un bain de sang.<\/p>\n<p>Ce n&rsquo;est donc pas par hasard si Maya a fait son entr\u00e9e dans la vie du h\u00e9ros en d\u00e9but de saison 2. Mais pour autant, l&rsquo;identit\u00e9 du meurtrier que traquait Balthazar depuis toutes ces ann\u00e9es ne faisait pas partie des \u00e9l\u00e9ments d\u00e9cid\u00e9s d\u00e8s le d\u00e9part par les cr\u00e9atrices de la s\u00e9rie, puisque\u00a0<a title=\"Clothilde Jamin (France) (Sc\u00e9nariste,Cr\u00e9ateur\/Showrunner,Cr\u00e9ateur)\" href=\"http:\/\/www.allocine.fr\/personne\/fichepersonne_gen_cpersonne=643851.html\">Clothilde Jamin<\/a> nous racontait r\u00e9cemment en interview que les auteurs <i>\u00ab\u00a0ont eu \u00e0 peu pr\u00e8s 250 coupables potentiels\u00a0\u00bb<\/i> avant d&rsquo;arr\u00eater leur choix sur le personnage incarn\u00e9 par Leslie Medina. <i>\u00ab\u00a0Le choix de faire de Maya la meurtri\u00e8re est arriv\u00e9 avec la com\u00e9dienne, avec la relation entre Maya et Balthazar, et ce qui se d\u00e9gageait d\u2019eux\u00a0\u00bb<\/i>, confie la co-cr\u00e9atrice de la s\u00e9rie polici\u00e8re \u00e0 succ\u00e8s de TF1. <i>\u00ab\u00a0\u00c7a a m\u00fbri au fil de la saison 2. Ce qui est certain c\u2019est que c\u2019\u00e9tait la trahison grecque absolue. Maya c\u2019est l\u2019innocence, c\u2019est la puret\u00e9, c\u2019est cette promesse de bonheur pour Balthazar. On a assez rapidement trouv\u00e9 \u00e7a logique que ce soit elle mais on ne s\u2019est pas tout de suite dit <\/i>\u00ab\u00a0Ce sera elle la meurtri\u00e8re\u00a0\u00bb<i>\u00ab\u00a0<\/i>.<\/p>\n<p>Et pour ne pas \u00e9veiller trop vite les soup\u00e7ons des t\u00e9l\u00e9spectateurs, Clothilde Jamin et les sc\u00e9naristes de Balthazar ont donc imagin\u00e9 le personnage de Janvier (<a title=\"Fran\u00e7ois Feroleto (France,Italie) (Acteur)\" href=\"http:\/\/www.allocine.fr\/personne\/fichepersonne_gen_cpersonne=130715.html\">Fran\u00e7ois Feroleto<\/a>), afin de mieux brouiller les pistes et de maintenir le suspense jusqu&rsquo;au bout de la saison 3 et de son final en apoth\u00e9ose. <i>\u00ab\u00a0Ce qu&rsquo;on voulait, lorsqu\u2019on a cr\u00e9\u00e9 la saison 3, c&rsquo;est que Maya arrive cach\u00e9e. Et c\u2019est pour \u00e7a qu\u2019on a cr\u00e9\u00e9 le personnage de Janvier, qui fait paravent entre Maya et le spectateur. C\u2019\u00e9tait important pour nous que ce ne soit pas trop \u00e9vident bien s\u00fbr, et en m\u00eame temps on ne voulait surtout pas que Maya sorte du chapeau. Janvier, qui est superbement interpr\u00e9t\u00e9 par Fran\u00e7ois Feroleto, est hyper flippant, il a ce sourire d\u00e9rangeant, et on sait qu\u2019il y autre chose derri\u00e8re, on s\u2019en doute, on sait que ce n\u2019est pas un simple pervers. Par contre tout le passif du tueur, cette histoire de mains, \u00e7a pour le coup on l\u2019avait depuis le d\u00e9but. Pourquoi le tueur tue-t-il ? Pourquoi est-il fascin\u00e9 par les mains\u00a0? C&rsquo;est quelque chose qu&rsquo;on avait imagin\u00e9 d\u00e8s le d\u00e9part\u00a0\u00bb<\/i>.<\/p>\n<div class=\"article-figure-holder\">\n<figure class=\"article-figure mceNonEditable\"><img loading=\"lazy\" decoding=\"async\" class=\"article-figure-img\" src=\"data:image\/gif;base64,R0lGODlhAgABAPAAAAAAAAAAACH5BAEAAAAAIf8LSW1hZ2VNYWdpY2sNZ2FtbWE9MC40NTQ1NQAsAAAAAAIAAQAAAgIECgA7\" data-src=\"https:\/\/fr.web.img5.acsta.net\/r_640_256\/newsv7\/20\/12\/17\/16\/51\/2826372.jpg\" width=\"640\" height=\"320\"\/><span class=\"article-figcaption-copy\">THIBAULT GRABHERR \/ TF1<\/span><\/p>\n<\/figure>\n<\/div>\n<p>La r\u00e9solution du myst\u00e8re centr\u00e9 sur la mort de Lise n&rsquo;est cependant pas le seul choc de ce dernier \u00e9pisode puisque le final de la saison 3 s&rsquo;ach\u00e8ve sur Balthazar qui se vide de son sang au beau milieu d&rsquo;une route perdue en pleine campagne, apr\u00e8s avoir \u00e9t\u00e9 poignard\u00e9 dans le cou par Maya juste avant que cette derni\u00e8re ne soit arr\u00eat\u00e9e par la police. H\u00e9l\u00e8ne (<a title=\"H\u00e9l\u00e8ne de Fougerolles (France) (Acteur,Sc\u00e9nariste,R\u00e9alisateur)\" href=\"http:\/\/www.allocine.fr\/personne\/fichepersonne_gen_cpersonne=27586.html\">H\u00e9l\u00e8ne de Fougerolles<\/a>) se pr\u00e9cipite alors aux c\u00f4t\u00e9s de Balthazar et le supplie de s&rsquo;accrocher et de ne pas l&rsquo;abandonner, lui r\u00e9p\u00e9tant qu&rsquo;elle l'\u00a0\u00bbaime tellement\u00a0\u00bb. Et si <span class=\"ACraHRACr0cHM6Ly93d3cuYWxsb2NpbmUuZnIvYXJ0aWNsZS9maWNoZWFydGljbGVfZ2VuX2NhcnRpY2xlPTE4Njk1MDE0Lmh0bWw=\" target=\"_blank\">une saison 4 n&rsquo;avait pas d\u00e9j\u00e0 \u00e9t\u00e9 command\u00e9e par TF1<\/span>, cette derni\u00e8re s\u00e9quence riche en \u00e9motions pourrait ressembler \u00e0 s&rsquo;y m\u00e9prendre \u00e0 une fin de s\u00e9rie, marqu\u00e9e par la mort de son h\u00e9ros. Heureusement, le l\u00e9giste incarn\u00e9 par Tomer Sisley devrait \u00eatre bien vivant la saison prochaine (par quel miracle, on ne sait pas), mais Clothilde Jamin nous a en tout cas confi\u00e9 que l&rsquo;id\u00e9e \u00e9tait de finir sur une <i>\u00ab\u00a0vraie mise en danger\u00a0\u00bb<\/i> pour Balthazar.<i> \u00ab\u00a0\u00c0 la base on voulait vraiment finir sur quelque chose de choquant, avec une vraie mise en danger sur la vie de Balthazar. (&#8230;) On a toujours imagin\u00e9 cette fin comme une trag\u00e9die. Des gens qui s\u2019aiment trop, qui s\u2019aiment mal, et qui finissent par s\u2019entretuer. Les 10 derni\u00e8res minutes de la saison, pour moi, c\u2019est vraiment\u00a0: \u00e0 quel point l\u2019amour peut amener au meurtre. Dans le cas de Maya comme dans le cas de Balthazar\u00a0\u00bb<\/i>.<\/p>\n<p>Et bien \u00e9videmment, cet ultime rebondissement sc\u00e9naristique, qui laisse penser que Balthazar pourrait succomber \u00e0 ses blessures, \u00e9tait \u00e9galement un moyen d&rsquo;offrir une fin bouleversante, \u00e9pique, po\u00e9tique, et plus ou moins ferm\u00e9e, \u00e0 la s\u00e9rie dans le cas o\u00f9 Tomer Sisley, qui multiplie les projets, n&rsquo;avait pas souhait\u00e9 rempiler pour une saison 4. <i>\u00ab\u00a0Oui, aussi. On ne sait jamais de quoi l\u2019avenir est fait. On souhaite toujours que cela continue, et fait toujours en sorte de se laisser la possibilit\u00e9 de continuer, mais effectivement on ne sait jamais si les com\u00e9diens seront partants pour une saison suppl\u00e9mentaire ou si la cha\u00eene sera satisfaite des audiences\u00a0\u00bb<\/i>. Mais la saison 3 ayant r\u00e9alis\u00e9 des records d&rsquo;audience sur TF1 depuis son lancement le 12 novembre, une saison 4 a rapidement \u00e9t\u00e9 valid\u00e9e par la Une, et les tournages devraient normalement reprendre dans le courant du premier semestre 2021. Pour des nouveaux \u00e9pisodes annonc\u00e9s comme \u00ab\u00a0la saison du renouveau\u00a0\u00bb par Clothilde Jamin.<\/p>\n<p><strong>La bande-annonce de la saison 3 de Balthazar :<\/strong><\/p>\n<p>\u00a0<\/p>\n<\/p><\/div>\n<p>[ad_2]<br \/>\n<br \/><a href=\"http:\/\/rss.allocine.fr\/~r\/ac\/actualites\/~3\/d8AhppX_8T8\/fichearticle_gen_carticle=18695446.html\">Source link <\/a><\/p>\n","protected":false},"excerpt":{"rendered":"<p>[ad_1] La saison 3 de \u00ab\u00a0Balthazar\u00a0\u00bb vient de s&rsquo;achever sur TF1 avec un final choc, qui a mis un terme &hellip; <a href=\"http:\/\/www.affinite.fr\/index.php\/2020\/12\/18\/balthazar-lidentite-du-meurtrier-la-scene-finale-choc-la-creatrice-reagit-au-dernier-episode-de-la-saison-3-news-series-a-la-tv\/\" class=\"more-link\">Plus <span class=\"screen-reader-text\">Balthazar : l&rsquo;identit\u00e9 du meurtrier, la sc\u00e8ne finale choc&#8230; La cr\u00e9atrice r\u00e9agit au dernier \u00e9pisode de la saison 3 &#8211; News S\u00e9ries \u00e0 la TV<\/span> <span class=\"meta-nav\">&rarr;<\/span><\/a><\/p>\n","protected":false},"author":1,"featured_media":5670,"comment_status":"open","ping_status":"open","sticky":false,"template":"","format":"standard","meta":{"_sitemap_exclude":false,"_sitemap_priority":"","_sitemap_frequency":"","footnotes":""},"categories":[1],"tags":[],"class_list":["post-5669","post","type-post","status-publish","format-standard","has-post-thumbnail","hentry","category-tous"],"_links":{"self":[{"href":"http:\/\/www.affinite.fr\/index.php\/wp-json\/wp\/v2\/posts\/5669"}],"collection":[{"href":"http:\/\/www.affinite.fr\/index.php\/wp-json\/wp\/v2\/posts"}],"about":[{"href":"http:\/\/www.affinite.fr\/index.php\/wp-json\/wp\/v2\/types\/post"}],"author":[{"embeddable":true,"href":"http:\/\/www.affinite.fr\/index.php\/wp-json\/wp\/v2\/users\/1"}],"replies":[{"embeddable":true,"href":"http:\/\/www.affinite.fr\/index.php\/wp-json\/wp\/v2\/comments?post=5669"}],"version-history":[{"count":0,"href":"http:\/\/www.affinite.fr\/index.php\/wp-json\/wp\/v2\/posts\/5669\/revisions"}],"wp:featuredmedia":[{"embeddable":true,"href":"http:\/\/www.affinite.fr\/index.php\/wp-json\/wp\/v2\/media\/5670"}],"wp:attachment":[{"href":"http:\/\/www.affinite.fr\/index.php\/wp-json\/wp\/v2\/media?parent=5669"}],"wp:term":[{"taxonomy":"category","embeddable":true,"href":"http:\/\/www.affinite.fr\/index.php\/wp-json\/wp\/v2\/categories?post=5669"},{"taxonomy":"post_tag","embeddable":true,"href":"http:\/\/www.affinite.fr\/index.php\/wp-json\/wp\/v2\/tags?post=5669"}],"curies":[{"name":"wp","href":"https:\/\/api.w.org\/{rel}","templated":true}]}}