{"id":5665,"date":"2020-12-17T18:43:06","date_gmt":"2020-12-17T18:43:06","guid":{"rendered":"https:\/\/www.affinite.fr\/index.php\/2020\/12\/17\/evolution-preoccupante-chiffres-en-hausse\/"},"modified":"2020-12-17T18:43:06","modified_gmt":"2020-12-17T18:43:06","slug":"evolution-preoccupante-chiffres-en-hausse","status":"publish","type":"post","link":"http:\/\/www.affinite.fr\/index.php\/2020\/12\/17\/evolution-preoccupante-chiffres-en-hausse\/","title":{"rendered":"\u00e9volution pr\u00e9occupante, chiffres en hausse"},"content":{"rendered":"<p> [ad_1]<br \/>\n<\/p>\n<p>\n                CORONAVIRUS FRANCE DIRECT &#8211; \u00ab\u00a0La tendance est \u00e0 l&rsquo;augmentation depuis quelques jours\u00a0\u00bb a confirm\u00e9\u00a0J\u00e9r\u00f4me Salomon, le directeur g\u00e9n\u00e9ral de la sant\u00e9 dans son point hebdomadaire jeudi. La p\u00e9riode des f\u00eates est class\u00e9e \u00e0 \u00ab\u00a0haut risque\u00a0\u00bb. Brigitte Macron est test\u00e9e n\u00e9gative. Infos et chiffres du jour.            <\/p>\n<div>\n<aside class=\"ccmsummary marqueur_module ccmcss_cms_summary ccmcss_cms_summary--right\">\n<p>\u00a0Sommaire<\/p>\n<\/aside>\n<p><strong>[Mise \u00e0 jour du jeudi 17\u00a0d\u00e9cembre \u00e0 19h15<\/strong><b>]<\/b>\u00a0\u00ab\u00a0<em>En France, apr\u00e8s une forte baisse puis un plateau, <strong>une tendance \u00e0 l&rsquo;augmentation est observ\u00e9e depuis quelques jours<\/strong>\u00ab\u00a0<\/em>, d\u00e9clare\u00a0J\u00e9r\u00f4me Salomon, le directeur g\u00e9n\u00e9ral de la sant\u00e9 dans un point sur la situation \u00e9pid\u00e9miologique, le 17 d\u00e9cembre. <em>\u00ab\u00a0Nous entamons une saison \u00e0 haut risque : l&rsquo;hiver. La temp\u00e9rature, l&rsquo;humidit\u00e9, le vent, l&rsquo;ensoleillement, semblent \u00eatre des facteurs aggravants de l&rsquo;\u00e9pid\u00e9mie<\/em>\u00a0\u00bb poursuit\u00a0le directeur de la sant\u00e9, d\u00e9clarant ensuite que <em><strong>\u00ab\u00a0l&rsquo;\u00e9volution de l&rsquo;\u00e9pid\u00e9mie est pr\u00e9occupante\u00a0\u00bb.<\/strong> \u00ab\u00a0Nous constatons une augmentation de cas confirm\u00e9s, avec <strong>18 254\u00a0nouvelles contaminations<\/strong> d\u00e9tect\u00e9es ces derni\u00e8res 24h. Le R (taux de reproduction du virus) est \u00e0 nouveau sup\u00e9rieur \u00e0 1 (1,03)<\/em>\u00ab\u00a0, indique J\u00e9r\u00f4me Salomon.\u00a0<em>\u00ab\u00a0<strong>Cette augmentation du nombre de cas \u00e0 l&rsquo;approche des f\u00eates de fin d&rsquo;ann\u00e9e invite \u00e0 la plus grande vigilance<\/strong>\u00ab\u00a0<\/em>, s&rsquo;inqui\u00e8te t-il, \u00ab\u00a0<em>Le virus peut voyager avec nous, ne lui donnons aucune opportunit\u00e9 de contaminer nos proches. (&#8230;) Adoptons tous ensemble les gestes de bon sens. Le 24\u00a0d\u00e9cembre, c&rsquo;est dans une semaine<\/em>.\u00a0\u00bb Le directeur de la sant\u00e9 incite les Fran\u00e7ais \u00e0\u00a0restreindre leurs contacts d\u00e8s maintenant, et m\u00eame avec un test n\u00e9gatif, de continuer d&rsquo;appliquer les gestes barri\u00e8res.<em>\u00a0\u00ab\u00a0<strong>Il faut absolument tout faire pour ne pas recommencer un confinement <\/strong>(&#8230;) et plus on est mobilis\u00e9s individuellement, plus on a de chances de r\u00e9ussir ce pari collectif\u00a0\u00bb<\/em>, insiste J\u00e9r\u00f4me Salomon qui qualifie les prochains 15 jours de p\u00e9riode \u00e0 \u00ab\u00a0haut risque\u00a0\u00bb. A l&rsquo;approche des f\u00eates de fin d&rsquo;ann\u00e9e, les autorit\u00e9s recommandent de <a href=\"https:\/\/sante.journaldesfemmes.fr\/fiches-maladies\/2683903-auto-confinement-isolement-preventif-covid-signification-avant-noel-nouvel-an-ecole\/\" target=\"_blank\" rel=\"noopener noreferrer\">s&rsquo;auto-confiner<\/a>, de respecter la<strong> <a href=\"https:\/\/sante.journaldesfemmes.fr\/fiches-maladies\/2661111-rassemblement-covid-france-noel-nouvel-an-familial-exterieur-6-personnes-autorise-prive\/\" target=\"_blank\" rel=\"noopener noreferrer\">jauge de 6 adultes \u00e0 table<\/a><\/strong>, en restant \u00e0 distance d&rsquo;au moins un m\u00e8tre les uns des autres, voire en portant un masque comme l&rsquo;a recommand\u00e9 mercredi l&rsquo;OMS et de <a href=\"https:\/\/sante.journaldesfemmes.fr\/fiches-maladies\/2623965-coronavirus-test-covid-pcr-nez-salivaire-antigenique-pharmacie-sans-rdv-laboratoire-resultat-gratuit\/\" target=\"_blank\" rel=\"noopener noreferrer\">se faire tester<\/a> si on pr\u00e9sente des <a href=\"https:\/\/sante.journaldesfemmes.fr\/fiches-maladies\/2630075-symptomes-coronavirus-covid-19-debut-duree-rhume-mal-gorge-nouveau-test-que-faire-premier-apparition\/\" target=\"_blank\" rel=\"noopener noreferrer\">sympt\u00f4mes \u00e9vocateurs d&rsquo;une infection Covid-19<\/a>. Depuis le d\u00e9but de l&rsquo;\u00e9pid\u00e9mie, la France a d\u00e9plor\u00e9 <strong>59 619 d\u00e9c\u00e8s (+258\u00a0d\u00e9c\u00e8s <\/strong>en 24\u00a0heures \u00e0 l&rsquo;h\u00f4pital) li\u00e9s \u00e0 une infection \u00e0 la Covid-19.\u00a0\u00ab\u00a0<em>Restons extr\u00eamement prudents <strong>encore 3\u00a0\u00e0 6\u00a0mois\u00a0\u00bb<\/strong><\/em>, a martel\u00e9\u00a0le Professeur Jean-Fran\u00e7ois Delfraissy, pr\u00e9sident du Conseil scientifique, dans une interview\u00a0au <a href=\"https:\/\/www.leparisien.fr\/societe\/covid-19-restons-extremement-prudents-encore-3-a-6-mois-exhorte-le-pr-delfraissy-15-12-2020-8414448.php\" target=\"_blank\" rel=\"noopener noreferrer\">Parisien<\/a> le 15\u00a0d\u00e9cembre. Parall\u00e8lement, l&rsquo;arriv\u00e9e du <strong>vaccin de Pfizer <\/strong>se pr\u00e9cise. La campagne de vaccination va d\u00e9buter<em> \u00ab\u00a0d\u00e8s que nous aurons eu la d\u00e9cision d&rsquo;autorisation de mise sur le march\u00e9 de l&rsquo;Agence europ\u00e9enne du m\u00e9dicament<\/em> (la r\u00e9union est fix\u00e9e au 21 d\u00e9cembre)<em>\u00ab\u00a0<\/em>\u00a0a indiqu\u00e9 Jean Castex le 16\u00a0d\u00e9cembre avant de pr\u00e9ciser que<em> \u00ab\u00a0si toutes les conditions sont r\u00e9unies,<strong> les premi\u00e8res vaccinations pourraient \u00eatre r\u00e9alis\u00e9es d\u00e8s la derni\u00e8re semaine du mois de d\u00e9cembre<\/strong> avant de monter en puissance \u00e0 partir de d\u00e9but janvier.\u00a0\u00bb\u00a0 <\/em>Depuis le 15 d\u00e9cembre, les Fran\u00e7ais doivent se munir d&rsquo;une\u00a0<a href=\"https:\/\/media.interieur.gouv.fr\/attestation-couvre-feu-covid-19\/\" target=\"_blank\" rel=\"noopener noreferrer\">attestation<\/a>\u00a0pour justifier tout d\u00e9placement entre 20 heures et 6 heures du matin (except\u00e9 le soir du 24 d\u00e9cembre). Nombre de cas de Covid-19\u00a0en France, \u00e9volution sur 24\u00a0heures, d\u00e9c\u00e8s,\u00a0<a href=\"https:\/\/sante.journaldesfemmes.fr\/fiches-maladies\/2667643-carte-covid-19-france-zone-rouge-orange-departement-ile-de-france-temps-reel-monde-couleur-alerte\/\" rel=\"noopener noreferrer\" target=\"_blank\">cartes pour suivre l&rsquo;\u00e9pid\u00e9mie par d\u00e9partement et r\u00e9gion<\/a>,\u00a0<a href=\"https:\/\/sante.journaldesfemmes.fr\/fiches-maladies\/2636717-cluster-covid-19-coronavirus-france-definition-c-est-quoi-liste-nouveaux\/\" rel=\"noopener noreferrer\" target=\"_blank\">clusters<\/a>,\u00a0<a href=\"https:\/\/sante.journaldesfemmes.fr\/fiches-maladies\/2629823-taux-de-reproduction-france-covid-coronavirus-r0-r-effectif-calcul-carte-evolution-taux-region\/\" rel=\"noopener noreferrer\" target=\"_blank\">R0\u00a0en France<\/a>, <a href=\"https:\/\/sante.journaldesfemmes.fr\/fiches-maladies\/2679521-contagion-covid-19-combien-de-temps-jours-duree-asymptomatique-symptomes-incubation-contagieux\/\" target=\"_blank\" rel=\"noopener noreferrer\">contagion du coronavirus<\/a>, <a href=\"https:\/\/sante.journaldesfemmes.fr\/fiches-maladies\/2620433-vaccin-coronavirus-covid-19-angleterre-sanofi-pfizer-arn-moderna-france-astrazeneca-chine-effet-secondaire-castex\/\" target=\"_blank\" rel=\"noopener noreferrer\">strat\u00e9gie vaccinale<\/a>&#8230; Chiffres et infos du jour.<\/p>\n<p><u><b>Derni\u00e8res infos en direct :<\/b><\/u><\/p>\n<ul>\n<li><strong>Emmanuel Macron s&rsquo;est exprim\u00e9<\/strong>\u00a0en visioconf\u00e9rence depuis le palais de l&rsquo;\u00c9lys\u00e9e, en conclusion de la conf\u00e9rence nationale humanitaire. Plac\u00e9 \u00e0 l&rsquo;isolement pendant 7 jours,\u00a0le pr\u00e9sident a montr\u00e9 qu&rsquo;il va bien et qu&rsquo;il continue \u00e0 travailler malgr\u00e9 sa contamination au Covid-19, annonc\u00e9e ce matin.\u00a0<\/li>\n<li><strong>Brigitte Macron a \u00e9t\u00e9 test\u00e9e n\u00e9gative<\/strong> au Covid-19, jeudi, et ne pr\u00e9sente aucun sympt\u00f4me.<\/li>\n<li><strong>D\u00e9but de la vaccination le 27 d\u00e9cembre.\u00a0<\/strong>La vaccination contre le Covid-19\u00a0va commencer \u00e0 partir du 27\u00a0d\u00e9cembre en Europe, annonce Ursula von der Leyen.<\/li>\n<li><strong>Emmanuel Macron positif \u00e0 la Covid-19.<\/strong> Dans un <a href=\"https:\/\/www.elysee.fr\/emmanuel-macron\/2020\/12\/17\/le-president-de-la-republique-a-ete-diagnostique-positif-a-la-covid-19\" target=\"_blank\" rel=\"noopener noreferrer\">communiqu\u00e9<\/a> du 17 d\u00e9cembre, l&rsquo;Elys\u00e9e annonce que le Pr\u00e9sident de la R\u00e9publique a \u00e9t\u00e9 diagnostiqu\u00e9 positif \u00e0 la Covid-19. Ce diagnostic a \u00e9t\u00e9 \u00e9tabli suite \u00e0 un <strong>test RT-PCR<\/strong> r\u00e9alis\u00e9 d\u00e8s l&rsquo;apparition de premiers sympt\u00f4mes. Il aurait pr\u00e9sent\u00e9 les sympt\u00f4mes dans la nuit de mercredi 16 \u00e0 jeudi 17 d\u00e9cembre et aurait \u00e9t\u00e9 test\u00e9 jeudi matin. Conform\u00e9ment aux consignes sanitaires en vigueur applicables \u00e0 tous, le Pr\u00e9sident de la R\u00e9publique s&rsquo;isolera pendant 7\u00a0jours. Il continuera de travailler et d&rsquo;assurer ses activit\u00e9s \u00e0 distance.\u00a0Le Premier ministre<strong> Jean Castex<\/strong> ainsi que Richard Ferrand se sont\u00a0plac\u00e9s \u00e0\u00a0l&rsquo;isolement car ils \u00e9taient consid\u00e9r\u00e9s comme cas contact. Jean Castex a \u00e9t\u00e9 test\u00e9 n\u00e9gatif ce matin.<\/li>\n<li><strong>Retrait d&rsquo;un test antig\u00e9nique. <\/strong>L&rsquo;Agence du m\u00e9dicament demande aux pharmacies de ne plus utiliser le test rapide VivaDiag Test Rapide SARS-CoV-2\u00a0Ag et de mettre en quarantaine tous les lots. En cause<em> \u00ab\u00a0l&rsquo;obtention de r\u00e9sultats faussement positifs obtenus avec le test rapide VivaDiag Test Rapide SARS-CoV-2\u00a0(soci\u00e9t\u00e9 VivaChek), dans plusieurs\u00a0 pharmacies en France\u00a0\u00bb<\/em>.\u00a0Les investigations men\u00e9es par l&rsquo;Agence ont confirm\u00e9<em>\u00a0\u00ab\u00a0que les performances et la s\u00e9curit\u00e9 d&rsquo;utilisation de ce dispositif ne sont pas garanties\u00a0\u00bb.<\/em><\/li>\n<li><strong>Risque \u00e9lev\u00e9 de r\u00e9surgence de l&rsquo;\u00e9pid\u00e9mie en janvier 2021. <\/strong>Dans un <a href=\"https:\/\/www.euro.who.int\/en\/health-topics\/Life-stages\/pages\/news\/news\/2020\/12\/minimizing-the-covid-19-risk-advice-to-individuals,-communities-and-governments-for-the-winter-holidays\" target=\"_blank\" rel=\"noopener noreferrer\">communiqu\u00e9<\/a> du 16 d\u00e9cembre, l&rsquo;OMS a confirm\u00e9 le \u00ab\u00a0risque \u00e9lev\u00e9 de nouvelle r\u00e9surgence au cours des premi\u00e8res semaines et des premiers mois de 2021\u00a0\u00bb de l&rsquo;\u00e9pid\u00e9mie de Covid-19, dans les pays d&rsquo;Europe.<\/li>\n<li><strong>La maison, premier lieu de contamination. <\/strong>Selon une\u00a0enqu\u00eate men\u00e9e sur 25 000 personnes par le professeur Arnaud Fontanet, membre du Conseil scientifique, et relay\u00e9e par <a href=\"https:\/\/www.europe1.fr\/sante\/exclu-europe-1-coronavirus-ce-que-dit-le-rapport-sanitaire-darnaud-fontanet-4012824\" target=\"_blank\" rel=\"noopener noreferrer\">Europe 1<\/a>, le principal lieu de contamination \u00e0 la Covid-19 est la\u00a0maison, en g\u00e9n\u00e9ral via notre conjoint ou conjointe.\u00a0\u00a0<strong>A\u00a0l&rsquo;ext\u00e9rieur<\/strong> du foyer, les contaminations sont plus nombreuses lors de<strong>s contacts avec la famille \u00e9largie<\/strong>, les coll\u00e8gues sur le lieu de travail, et enfin les amis. Enfin,\u00a0la\u00a0fr\u00e9quentation des\u00a0bars, restaurants et des salles de sport\u00a0multiplient les risques d&rsquo;infections.\u00a0<\/li>\n<li><strong>Port du masque \u00e0 l&rsquo;int\u00e9rieur pendant les r\u00e9unions de famille<\/strong>. <em>\u00ab\u00a0Les rassemblements \u00e0 l&rsquo;int\u00e9rieur, m\u00eame les plus petits, peuvent \u00eatre particuli\u00e8rement risqu\u00e9s car ils rassemblent des groupes de personnes, jeunes et vieux, de m\u00e9nages diff\u00e9rents, qui peuvent ne pas tous adh\u00e9rer aux m\u00eames mesures de pr\u00e9vention des infections\u00a0\u00bb,<\/em> a rappel\u00e9 l&rsquo;OMS qui recommande de<em> \u00ab\u00a0limiter la taille du groupe et d&rsquo;assurer une bonne ventilation pour r\u00e9duire le risque d&rsquo;exposition\u00a0\u00bb<\/em>. Elle recommande aussi de porter le masque \u00e0 l&rsquo;int\u00e9rieur : <em>\u00ab\u00a0Il peut sembler g\u00eanant de porter des masques et de pratiquer la distanciation physique en pr\u00e9sence d&rsquo;amis et de membres de la famille, mais cela <strong>contribue de mani\u00e8re significative \u00e0 garantir que tout le monde reste en s\u00e9curit\u00e9 <\/strong>et en bonne sant\u00e9.\u00a0\u00bb<\/em><\/li>\n<li><strong>Fin de l&rsquo;\u00e9pid\u00e9mie \u00e0 l&rsquo;automne 2021 ?<\/strong> Invit\u00e9 mercredi sur <em>RTL<\/em>, le Pr Jean-Fran\u00e7ois Delfraissy a estim\u00e9 que<strong> la France pourrait voir le \u00ab\u00a0<\/strong><em><strong>bout du tunnel \u00e0 l&rsquo;automne 2021&Prime;.\u00a0<\/strong>\u00ab\u00a0Je suis tr\u00e8s confiant envers les vaccins. Je me ferai vacciner d\u00e8s que je rentrerai dans la case (d&rsquo;\u00e2ge correspondant) au moment o\u00f9 je dois me faire vacciner. Le vaccin est (&#8230;) un espoir. Ces vaccins anti-Covid auront des effets secondaires comme l&rsquo;ensemble des vaccins. Prenons le temps de bien monter la vaccination dans les Ehpad et les unit\u00e9s hospitali\u00e8res qui s&rsquo;occupent des personnes \u00e2g\u00e9es\u00a0\u00bb<\/em> a t-il d\u00e9clar\u00e9.<\/li>\n<\/ul>\n<p>Pour freiner la deuxi\u00e8me vague de l&rsquo;\u00e9pid\u00e9mie de Covid-19 en France, Emmanuel Macron a annonc\u00e9 un<strong>\u00a0confinement<\/strong> entr\u00e9 en vigueur dans la nuit du\u00a0jeudi 29 octobre minuit et jusqu&rsquo;au\u00a01er d\u00e9cembre. Les mesures prises ont \u00e9t\u00e9 associ\u00e9es \u00e0 un ralentissement\u00a0de l&rsquo;\u00e9pid\u00e9mie \u00e0 partir du\u00a018\u00a0novembre, sur tout le territoire. En cons\u00e9quence, le Pr\u00e9sident a annonc\u00e9 mardi 24 novembre un all\u00e8gement des restrictions \u00e0 partir de samedi 28 novembre. Le ministre de la Sant\u00e9 Olivier V\u00e9ran a d\u00e9clench\u00e9 <strong>le\u00a0plan blanc\u00a0au niveau national<\/strong>\u00a0le 29 octobre. Cela implique la d\u00e9programmation des hospitalisations non-urgentes dans tous les h\u00f4pitaux. Samedi 7 novembre, les d\u00e9put\u00e9s ont adopt\u00e9 la prolongation de l&rsquo;<a href=\"https:\/\/sante.journaldesfemmes.fr\/fiches-maladies\/2627081-etat-urgence-sanitaire-france-covid-fin-prolongation-loi-decret-assemblee-senat-constitution-mesures\/\" target=\"_blank\" rel=\"noopener noreferrer\">\u00e9tat d&rsquo;urgence sanitaire<\/a>\u00a0jusqu&rsquo;au <strong>16\u00a0f\u00e9vrier 2021.<\/strong><\/p>\n<p>Le couvre-feu instaur\u00e9 depuis le d\u00e9but de mois\u00a0d&rsquo;octobre n&rsquo;aura pas suffi\u00a0\u00e0 freiner l&rsquo;\u00e9pid\u00e9mie. Le Pr\u00e9sident de la R\u00e9publique, Emmanuel Macron, a ainsi annonc\u00e9, le 28 octobre, <strong>un deuxi\u00e8me confinement<\/strong> de la population. Ce confinement a \u00e9t\u00e9 instaur\u00e9 du<strong>\u00a0jeudi 29 octobre<\/strong>\u00a0au<strong> 15<\/strong>\u00a0<strong>d\u00e9cembre 2020<\/strong>. Face \u00e0\u00a0la situation \u00e9pid\u00e9mique <strong>\u00ab\u00a0en plateau\u00a0\u00bb<\/strong>, le Premier ministre Jean Castex a annonc\u00e9 une modification de certaines \u00e9tapes du d\u00e9confinement :<\/p>\n<p>\u25ba\u00a0<strong>Depuis le 15 d\u00e9cembre :<\/strong><\/p>\n<ul>\n<li>les\u00a0d\u00e9placements\u00a0sont \u00e0 nouveau\u00a0autoris\u00e9s en journ\u00e9e\u00a0sur l&rsquo;ensemble du territoire sans obligation de fournir une attestation de d\u00e9placement.<\/li>\n<li>un couvre-feu national est mis en place, de<strong> 20h<\/strong> (et non pas 21h comme initialement envisag\u00e9) <strong>\u00e0 6h du matin<\/strong>. Une exception est pr\u00e9vue pour la nuit du 24 au 25 d\u00e9cembre\u00a02020, o\u00f9 la circulation sera libre\u00a0; en revanche, contrairement \u00e0 ce qui avait \u00e9t\u00e9 initialement pr\u00e9vu, il n&rsquo;y aura pas d&rsquo;exception pour la soir\u00e9e du 31\u00a0d\u00e9cembre\u00a02020 (Nouvel An). Lors\u00a0des\u00a0f\u00eates de fin d&rsquo;ann\u00e9e, il sera important de limiter le nombre de convives \u00e0 table (pas plus de six adultes ensemble).<\/li>\n<li>la pratique sportive ou la promenade en plein air est interdite de 20\u00a0h \u00e0 6h du matin\u00a0;<\/li>\n<li>les d\u00e9placements entre r\u00e9gions sont autoris\u00e9s\u00a0;<\/li>\n<li>la jauge dans les lieux de culte\u00a0n&rsquo;est pas revue \u00e0 la hausse\u00a0;<\/li>\n<li>les salles de cin\u00e9ma, les th\u00e9\u00e2tres et les mus\u00e9es restent ferm\u00e9s au moins 3\u00a0semaines suppl\u00e9mentaires soit jusqu&rsquo;au 6\u00a0janvier\u00a02021 inclus ;<\/li>\n<li>l&rsquo;accueil du public dans les enceintes sportives, dans les cirques, les parcs zoologiques ou encore les salles de jeux et les casinos reste\u00a0interdit\u00a0;<\/li>\n<li>les restaurants et les caf\u00e9s restent ferm\u00e9s comme pr\u00e9vu jusqu&rsquo;au 20\u00a0janvier\u00a02021\u00a0;<\/li>\n<li>le t\u00e9l\u00e9travail doit se poursuivre quand il est possible.<\/li>\n<li>les\u00a0stations de ski\u00a0sont accessibles aux touristes\u00a0 pendant les vacances scolaires de No\u00ebl mais les remont\u00e9es m\u00e9caniques restent ferm\u00e9es<\/li>\n<\/ul>\n<div style=\"text-align:center\">\n<figure class=\"image\" style=\"display:inline-block\"><a class=\"fancy\" href=\"https:\/\/img-3.journaldesfemmes.fr\/7oolX4nxBOMh4Qv-urnyk3OUq9w=\/1080x\/smart\/78a8ad69d7b74c6ebddec1a6b6c73fd5\/ccmcms-jdf\/20696899.png\" target=\"_blank\" rel=\"noopener noreferrer\"><img decoding=\"async\" alt=\"d\u00e9confinement etape france covid\" src=\"https:\/\/img-3.journaldesfemmes.fr\/9TYl0btUrBeB5BOm8X1WrvCKBUg=\/600x\/smart\/78a8ad69d7b74c6ebddec1a6b6c73fd5\/ccmcms-jdf\/20696899.png\"\/><\/a><figcaption data-credit=\"Twitter Jean Castex\" data-legend=\"Etapes du d\u00e9confinement de la France pr\u00e9sent\u00e9es par Jean Castex le 10 d\u00e9cembre\">Etapes du d\u00e9confinement de la France pr\u00e9sent\u00e9es par Jean Castex le 10\u00a0d\u00e9cembre <small>\u00a9\u00a0Twitter Jean Castex<\/small><\/figcaption><\/figure>\n<\/div>\n<p>\u25ba <strong>7 janvier :<\/strong> r\u00e9ouverture des th\u00e9\u00e2tres, mus\u00e9es, cin\u00e9mas si la situation sanitaire le permet.<\/p>\n<p>\u25ba<strong>\u00a0A partir du 20 janvier (si les objectifs sanitaires sont atteints)\u00a0<\/strong><strong>:\u00a0<\/strong><em>\u00ab\u00a0Si le nombre de contaminations demeure en dessous de 5\u00a0000\u00a0cas par jour, alors\u00a0les salles de sport et les restaurants pourront rouvrir, et le couvre-feu pourra \u00eatre d\u00e9cal\u00e9. Les lyc\u00e9es pourront \u00eatre pleinement rouverts (et non plus par moiti\u00e9 des effectifs)\u00a0avec la totalit\u00e9 des \u00e9l\u00e8ves pr\u00e9sents durant les cours. Quinze jours plus tard, ce sont les universit\u00e9s qui pourront reprendre les cours, avec, l\u00e0 aussi, une pr\u00e9sence physique de tous les \u00e9l\u00e8ves<\/em>\u00a0\u00bb a annonc\u00e9 le chef de l&rsquo;Etat.<\/p>\n<p>Un couvre-feu national est mis en place depuis le 15 d\u00e9cembre dans toute la France,\u00a0de 20h \u00e0 6h. Une exception est pr\u00e9vue pour la soir\u00e9e du 24\u00a0d\u00e9cembre\u00a02020, o\u00f9 la circulation sera libre\u00a0; en revanche, contrairement \u00e0 ce qui avait \u00e9t\u00e9 initialement pr\u00e9vu, il n&rsquo;y aura pas d&rsquo;exception pour la soir\u00e9e du 31\u00a0d\u00e9cembre\u00a02020.<br \/>Pendant ce couvre-feu, seuls certains d\u00e9placements sont possibles, \u00e0 condition de se munir d&rsquo;une <strong>attestation <\/strong>notamment\u00a0:<\/p>\n<ul>\n<li>se rendre ou revenir de son lieu de travail, \u00e0 une <a href=\"http:\/\/www.affinite.fr\/index.php\/2022\/11\/09\/formation-de-glacier-apprenez-le-metier-de-glacier-et-changez-votre-vie\/\">formation<\/a> professionnelle, effectuer un d\u00e9placement professionnel ne pouvant \u00eatre report\u00e9\u00a0;<\/li>\n<li>des motifs familiaux imp\u00e9rieux, pour l&rsquo;assistance aux personnes vuln\u00e9rables et pr\u00e9caires, notamment aux personnes en situation de handicap ou pour la garde d&rsquo;enfants\u00a0;<\/li>\n<li>des motifs m\u00e9dicaux\u00a0: aller \u00e0 l&rsquo;h\u00f4pital, examens et soins ne pouvant \u00eatre assur\u00e9s \u00e0 distance et achat de m\u00e9dicaments\u00a0;<\/li>\n<li>participer \u00e0 des missions d&rsquo;int\u00e9r\u00eat g\u00e9n\u00e9ral sur demande de l&rsquo;autorit\u00e9 administrative (maraudes des associations de lutte contre la pauvret\u00e9 ou distributions d&rsquo;aides alimentaires \u00e0 domicile)\u00a0;<\/li>\n<li>les personnes en situation de handicap et leur accompagnant\u00a0;<\/li>\n<li>promener un animal domestique autour de son domicile.<\/li>\n<\/ul>\n<p>Selon les derniers chiffres publi\u00e9s par <a href=\"https:\/\/www.santepubliquefrance.fr\/dossiers\/coronavirus-covid-19\/coronavirus-chiffres-cles-et-evolution-de-la-covid-19-en-france-et-dans-le-monde\" target=\"_blank\" rel=\"noopener noreferrer\">Sant\u00e9 Publique France<\/a> au jeudi 17\u00a0d\u00e9cembre 2020, en France :\u00a0<\/p>\n<p>\u2022 2 427 316\u00a0personnes ont \u00e9t\u00e9 contamin\u00e9es par le coronavirus <strong>(+18 254\u00a0en 24 heures)<\/strong><\/p>\n<p>\u2022 59 619 personnes sont d\u00e9c\u00e9d\u00e9es en France <strong>(+258\u00a0en 24 heures),<\/strong><strong>\u00a0<\/strong>dont 40 942 \u00e0 l&rsquo;h\u00f4pital.<\/p>\n<p>\u2022 2 808 patients Covid-19 sont en r\u00e9animation <strong>(-42\u00a0en 24 heures<\/strong><strong>)<\/strong>.<\/p>\n<p>\u2022 25 182 patients Covid-19 sont hospitalis\u00e9s\u00a0<strong>(-133\u00a0en 24 heures)<\/strong>.<\/p>\n<blockquote>\n<p style=\"text-align: right;\">\u00a0<\/p>\n<\/blockquote>\n<blockquote>\n<p style=\"text-align: right;\">\u00a0<\/p>\n<\/blockquote>\n<p>La premi\u00e8re semaine de d\u00e9cembre montre une <em>\u00ab\u00a0<strong>\u00e9volution pr\u00e9occupante de l&rsquo;\u00e9pid\u00e9mie <\/strong>du fait d&rsquo;une tr\u00e8s faible diminution de la circulation du SARS-CoV-2, apr\u00e8s 4\u00a0semaines de forte d\u00e9croissance suite au passage du pic \u00e9pid\u00e9mique de la seconde vague\u00a0\u00bb <\/em>rapporte Sant\u00e9 Publique France dans son bulletin \u00e9pid\u00e9miologique du 10 d\u00e9cembre.\u00a0L&rsquo;agence note un\u00a0ralentissement de la diminution du nombre de nouveaux cas (-6% vs -31% la semaine pr\u00e9c\u00e9dente), une stabilisation du taux de positivit\u00e9 des tests Covid, une <strong>diminution tr\u00e8s mod\u00e9r\u00e9e du nombre des hospitalisations et admissions en r\u00e9animation<\/strong>, une stabilisation de l&rsquo;\u00e9volution des principaux indicateurs de l&rsquo;activit\u00e9 de suivi des contacts, une <strong>mortalit\u00e9 \u00e9lev\u00e9e surtout\u00a0en Auvergne-Rh\u00f4ne-Alpes et Bourgogne-Franche-Comt\u00e9.<\/strong><\/p>\n<p>\u2192 L&rsquo;indicateur utilis\u00e9 pour suivre l&rsquo;\u00e9volution de l&rsquo;\u00e9pid\u00e9mie de coronavirus en France est le<strong> taux d&rsquo;incidence<\/strong> soit le nombre de patients ayant un test PCR positif pour 100 000 habitants par semaine sur les 7 derniers jours. Au 10 d\u00e9cembre, ce taux a remont\u00e9 \u00e0 108.73 au niveau national (contre 86 le 7 d\u00e9cembre).\u00a0<\/p>\n<div style=\"text-align:center\">\n<figure class=\"image\" style=\"display:inline-block\"><a class=\"fancy\" href=\"https:\/\/img-3.journaldesfemmes.fr\/6UDdeRFtPATc08GufKhHgcneCQw=\/1080x\/smart\/515706baa70a476ca1de33eabe5fd492\/ccmcms-jdf\/20712974.jpg\"><img decoding=\"async\" alt=\"contamination covid courbe\" src=\"https:\/\/img-3.journaldesfemmes.fr\/c8TFJ657FRGLIiuT3sKyr7PyNuw=\/600x\/smart\/515706baa70a476ca1de33eabe5fd492\/ccmcms-jdf\/20712974.jpg\"\/><\/a><figcaption data-credit=\"Twitter Jean Castex\" data-legend=\"Nombre de contaminations Covid-19 sur 7 jours glissants, post\u00e9 le 10 d\u00e9cembre par Jean Castex.\">Nombre de contaminations Covid-19 sur 7 jours glissants, post\u00e9 le 10 d\u00e9cembre par Jean Castex. <small>\u00a9\u00a0Twitter Jean Castex<\/small><\/figcaption><\/figure>\n<\/div>\n<p>Le gouvernement suit \u00e9galement l&rsquo;\u00e9volution du taux d&rsquo;occupation des lits en r\u00e9animation par des patients Covid-19 (sur les capacit\u00e9s initiales).<\/p>\n<div style=\"text-align:center\">\n<figure class=\"image\" style=\"display:inline-block\"><a class=\"fancy\" href=\"https:\/\/img-3.journaldesfemmes.fr\/y3dtZCgklPx_fmvRxhKovS8zSGI=\/1080x\/smart\/21f872ce878e4e82936f81e21cae1c3a\/ccmcms-jdf\/20846692.png\"><img decoding=\"async\" alt=\"Taux d'occupation des lits en r\u00e9animation au 15 d\u00e9cembre par des patients Covid-19 \" src=\"https:\/\/img-3.journaldesfemmes.fr\/7hqDkcSvC8hmaof2oP6tscxyTfY=\/600x\/smart\/21f872ce878e4e82936f81e21cae1c3a\/ccmcms-jdf\/20846692.png\"\/><\/a><figcaption data-credit=\"Gouvernement.fr\" data-legend=\"Taux d'occupation des lits en r\u00e9animation au 16 d\u00e9cembre par des patients Covid-19 \">Taux d&rsquo;occupation des lits en r\u00e9animation au 16 d\u00e9cembre par des patients Covid-19 <small>\u00a9\u00a0Gouvernement.fr<\/small><\/figcaption><\/figure>\n<\/div>\n<p>Jeudi 17\u00a0d\u00e9cembre, Sant\u00e9 publique France rapporte\u00a0un total de<strong>\u00a02 427 316\u00a0cas\u00a0<\/strong><strong>confirm\u00e9s\u00a0<\/strong>de coronavirus depuis le d\u00e9but de la pand\u00e9mie. <strong><em>\u00ab\u00a0En France, apr\u00e8s une forte baisse puis un plateau, une tendance \u00e0 l&rsquo;augmentation est observ\u00e9e depuis quelques jours\u00a0\u00bb,<\/em><\/strong> a confirm\u00e9 J\u00e9r\u00f4me Salomon, le directeur g\u00e9n\u00e9ral de la Sant\u00e9 dans sa conf\u00e9rence de presse hebdomadaire le 17\u00a0d\u00e9cembre, sur l&rsquo;\u00e9volution de l&rsquo;\u00e9pid\u00e9mie en France. Au niveau national, la diminution du nombre de nouveaux cas confirm\u00e9s, observ\u00e9e la semaine pr\u00e9c\u00e9dente,<em> \u00ab\u00a0marque le pas\u00a0\u00bb<\/em> avait indiqu\u00e9 le Premier ministre Jean Castex dans un conf\u00e9rence de presse le 10 d\u00e9cembre.<em> \u00ab\u00a0Depuis une semaine, nous sommes sur un plateau\u00a0\u00bb,<\/em> les chiffres de baissent plus.<strong><em>\u00a0<\/em><\/strong>Dans son bulletin \u00e9pid\u00e9miologique du 10 d\u00e9cembre, Sant\u00e9 Publique France confirme un<strong> ralentissement de la diminution du nombre de nouveaux cas <\/strong>(-6% vs -31% la semaine pr\u00e9c\u00e9dente).\u00a0Le\u00a0<strong>pic \u00e9pid\u00e9mique<\/strong>\u00a0de la premi\u00e8re vague a \u00e9t\u00e9 observ\u00e9 la\u00a0<strong>semaine du 6\u00a0au 12 avril<\/strong>, soit 15\u00a0jours\u00a0apr\u00e8s la mise en \u0153uvre des mesures de confinement de la population g\u00e9n\u00e9rale, le 17\u00a0mars 2020. Le <strong>pic de la deuxi\u00e8me vague <\/strong>est pass\u00e9, indique Emmanuel Macron le 24\u00a0novembre dans son allocution t\u00e9l\u00e9vis\u00e9e, trois semaines apr\u00e8s le reconfinement, soit du <strong>16 au 20 novembre<\/strong>.\u00a0<\/p>\n<h3 style=\"text-align: center;\">Nombre incident de cas confirm\u00e9s de Covid-19\u00a0par semaine, rapport\u00e9s \u00e0 Sant\u00e9 publique France, du 11\u00a0mai au 6 d\u00e9cembre, France enti\u00e8re<\/h3>\n<div style=\"text-align:center\">\n<figure class=\"image\" style=\"display:inline-block\"><a class=\"fancy\" href=\"https:\/\/img-3.journaldesfemmes.fr\/Opv1_Fh-ph4TgJ6zU1dFszMEKRc=\/1080x\/smart\/76c7345a41a24f61ae272235eb185583\/ccmcms-jdf\/20713155.jpg\"><img decoding=\"async\" alt=\"cas confirm\u00e9 covid\" src=\"https:\/\/img-3.journaldesfemmes.fr\/O0FqlmxhxTeJx2urDaTp6cni2lk=\/600x\/smart\/76c7345a41a24f61ae272235eb185583\/ccmcms-jdf\/20713155.jpg\"\/><\/a><figcaption data-credit=\"Sant\u00e9 Publique France\" data-legend=\"Nombre incident de cas confirm\u00e9s de COVID-19 par semaine, rapport\u00e9s \u00e0 Sant\u00e9 publique France, du 11 mai au 6 d\u00e9cembre 2020, France enti\u00e8re\">Nombre incident de cas confirm\u00e9s de COVID-19 par semaine, rapport\u00e9s \u00e0 Sant\u00e9 publique France, du 11 mai au 6 d\u00e9cembre 2020, France enti\u00e8re <small>\u00a9\u00a0Sant\u00e9 Publique France<\/small><\/figcaption><\/figure>\n<\/div>\n<h3 style=\"text-align: center;\">Nombre de cas confirm\u00e9s de COVID-19\u00a0chez les r\u00e9sidents et le personnel en ESMS (\u00e9tablissements sociaux et m\u00e9dico-sociaux)\u00a0par semaine calendaire, du 20\u00a0juillet au 6 d\u00e9cembre, en France<\/h3>\n<div style=\"text-align:center\">\n<figure class=\"image\" style=\"display:inline-block\"><a class=\"fancy\" href=\"https:\/\/img-3.journaldesfemmes.fr\/K4u32oRm6l4TPqAoET2Emmou59Y=\/1080x\/smart\/79b8c71055bb4820b9ada6f77fb77bb2\/ccmcms-jdf\/20713175.jpg\"><img decoding=\"async\" alt=\"Nombre de cas confirm\u00e9s de COVID-19 chez les r\u00e9sidents et le personnel en ESMS par semaine calendaire, du 20 juillet au 6 d\u00e9cembre 2020, en France \" src=\"https:\/\/img-3.journaldesfemmes.fr\/XsA5sSiPAaQ80UPhvqp3HULJYoo=\/600x\/smart\/79b8c71055bb4820b9ada6f77fb77bb2\/ccmcms-jdf\/20713175.jpg\"\/><\/a><figcaption data-credit=\"Sant\u00e9 Publique France\" data-legend=\"Nombre de cas confirm\u00e9s de COVID-19 chez les r\u00e9sidents et le personnel en ESMS par semaine calendaire, du 20 juillet au 6 d\u00e9cembre 2020, en France \">Nombre de cas confirm\u00e9s de COVID-19 chez les r\u00e9sidents et le personnel en ESMS par semaine calendaire, du 20 juillet au 6 d\u00e9cembre 2020, en France <small>\u00a9\u00a0Sant\u00e9 Publique France<\/small><\/figcaption><\/figure>\n<\/div>\n<p>Avec la reprise de l&rsquo;\u00e9pid\u00e9mie de coronavirus constat\u00e9e en octobre, le suivi du nombre suppl\u00e9mentaire de nouveaux cas de Covid-19 est un indicateur important. Au 17\u00a0d\u00e9cembre,<strong>\u00a018 254\u00a0nouvelles personnes<\/strong> ont re\u00e7u un test positif au Covid-19 sur les derni\u00e8res\u00a024\u00a0heures. \u00ab\u00a0<em>Nous ne sommes pas encore au bout de cette deuxi\u00e8me vague et nous ne serons pas le 15\u00a0d\u00e9cembre \u00e0 l&rsquo;objectif que nous nous \u00e9tions fix\u00e9 de passer en dessous des 5\u00a0000\u00a0nouveaux cas par jour<\/em>\u00a0\u00bb a inform\u00e9 le Premier ministre Jean Castex le 10 d\u00e9cembre.\u00a0<\/p>\n<div style=\"text-align:center\">\n<figure class=\"image\" style=\"display:inline-block\"><a class=\"fancy\" href=\"https:\/\/img-3.journaldesfemmes.fr\/lMbq59dTvzTFkOBmZgan6d2_ePg=\/1080x\/smart\/a912e962bd564c1b83ec032630d04ded\/ccmcms-jdf\/20787412.jpg\"><img decoding=\"async\" alt=\"cas positifs en France par jour\" src=\"https:\/\/img-3.journaldesfemmes.fr\/-quHQCbVJYGdJv4Xs-l0werbBkg=\/600x\/smart\/a912e962bd564c1b83ec032630d04ded\/ccmcms-jdf\/20787412.jpg\"\/><\/a><figcaption data-credit=\"CovidTracker\" data-legend=\"Courbe des cas positifs en France par jour du 1 novembre au 12 d\u00e9cembre 2020\">Courbe des cas positifs en France par jour du 1 novembre au 12 d\u00e9cembre 2020 <small>\u00a9\u00a0CovidTracker<\/small><\/figcaption><\/figure>\n<\/div>\n<p>Jeudi\u00a017\u00a0d\u00e9cembre,<b>\u00a02 808\u00a0<\/b>personnes sont\u00a0hospitalis\u00e9es\u00a0en\u00a0r\u00e9animation (-42\u00a0en 24 heures).\u00a0Le nombre hebdomadaire de nouvelles hospitalisations pour Covid-19\u00a0a continu\u00e9 de diminuer sur la premi\u00e8re semaine de d\u00e9cembre, mais avec une baisse de 9%, bien inf\u00e9rieure \u00e0 la diminution de 31% de la semaine pr\u00e9c\u00e9dente, rapporte Sant\u00e9 Publique France. La diminution du nombre de nouvelles admissions en r\u00e9animation s&rsquo;est aussi poursuivie\u00a0mais de fa\u00e7on plus mod\u00e9r\u00e9e (-16% en S49\u00a0vs -33% en S48).\u00a0Le <a href=\"https:\/\/sante.journaldesfemmes.fr\/fiches-maladies\/2624681-plan-blanc-hopital-ile-de-france-paris-aphp-definition-covid-lille-chu-clermont-ferrand-lyon-mesures\/\" target=\"_blank\" rel=\"noopener noreferrer\">plan blanc<\/a>\u00a0est r\u00e9activ\u00e9 sur tout le territoire national depuis le 29 octobre. Le temps de doublement du nombre hebdomadaire d&rsquo;admissions en r\u00e9animation est de<strong> 30 jours.<\/strong><\/p>\n<div style=\"text-align:center\">\n<figure class=\"image\" style=\"display:inline-block\"><a class=\"fancy\" href=\"https:\/\/img-3.journaldesfemmes.fr\/GO-RXV6_fOZIYOwNZAjI0VtsVMI=\/1080x\/smart\/e64135a5d24e463e9379361fc623058e\/ccmcms-jdf\/20713375.jpg\"><img decoding=\"async\" alt=\"courbe r\u00e9animation covid-19\" src=\"https:\/\/img-3.journaldesfemmes.fr\/GO-RXV6_fOZIYOwNZAjI0VtsVMI=\/1080x\/smart\/e64135a5d24e463e9379361fc623058e\/ccmcms-jdf\/20713375.jpg\"\/><\/a><figcaption data-credit=\"Sant\u00e9 Publique France\" data-legend=\" Nombre hebdomadaire de patients COVID-19 admis en service de r\u00e9animation pendant leur hospitalisation, par semaine d\u2019admission en r\u00e9animation, depuis le 24 f\u00e9vrier 2020, France, donn\u00e9es au 6 d\u00e9cembre\">Nombre hebdomadaire de patients COVID-19 admis en service de r\u00e9animation pendant leur hospitalisation, par semaine d\u2019admission en r\u00e9animation, depuis le 24 f\u00e9vrier 2020, France, donn\u00e9es au 6 d\u00e9cembre <small>\u00a9\u00a0Sant\u00e9 Publique France<\/small><\/figcaption><\/figure>\n<\/div>\n<p>\u2192<strong> <\/strong><strong>Le taux d&rsquo;hospitalisations en r\u00e9animation <\/strong>en semaine 49 a diminu\u00e9 dans toutes les r\u00e9gions de France m\u00e9tropolitaine par rapport \u00e0 la semaine pr\u00e9c\u00e9dente,<strong> <\/strong><strong>except\u00e9 en Bretagne<\/strong> (+47\u00a0%), <strong>Provence-Alpes-C\u00f4te d&rsquo;Azur <\/strong>(+23\u00a0%), Nouvelle-Aquitaine (+19\u00a0%) et <a href=\"http:\/\/www.affinite.fr\/index.php\/2024\/11\/21\/construire-votre-maison-en-normandie\/\">Normandie<\/a> (+11\u00a0%).<\/p>\n<p>\u2192<strong> <\/strong><strong>Les plus forts taux hebdomadaires d&rsquo;admissions en r\u00e9animation<\/strong> sont rapport\u00e9s en Bourgogne-Franche-Comt\u00e9, Provence-Alpes-C\u00f4te d&rsquo;Azur, Auvergne-Rh\u00f4ne-Alpes, Hauts-de-France.<\/p>\n<p>\u2192 <strong>Profil des personnes admises en ce moment en r\u00e9animation :<\/strong> 71% sont des hommes, l&rsquo;\u00e2ge m\u00e9dian est de 68 ans.\u00a089% des patients pr\u00e9sentent au moins une comorbidit\u00e9. L&rsquo;\u00e2ge m\u00e9dian des personnes d\u00e9c\u00e9d\u00e9es est de 74 ans.<\/p>\n<p><iframe loading=\"lazy\" height=\"600\" src=\"https:\/\/geodes.santepubliquefrance.fr\/?view=map1&amp;indics=covid_hospit.rea&amp;serie=2020-11-08&amp;f1code=0&amp;lang=fr&amp;iframe=1\" width=\"600\"><\/iframe><\/p>\n<p>Selon les <a href=\"https:\/\/www.gouvernement.fr\/info-coronavirus\/carte-et-donnees\" target=\"_blank\" rel=\"noopener noreferrer\">chiffres communiqu\u00e9s par le gouvernement<\/a>, consolid\u00e9s avec l&rsquo;Agence Sant\u00e9 Publique France et\u00a0les ARS (Agences r\u00e9gionales de Sant\u00e9), voici l&rsquo;\u00e9volution des hospitalisations (dont la r\u00e9animation) et des d\u00e9c\u00e8s\u00a0en France par r\u00e9gion.<\/p>\n<h3 style=\"text-align: center;\">Evolution des hospitalisations (dont en r\u00e9animation) et d\u00e9c\u00e8s \u00e0 l&rsquo;h\u00f4pital du Covid-19\u00a0par r\u00e9gion au 16\u00a0d\u00e9cembre (source\u00a0: Sant\u00e9 publique France)<strong>.<\/strong><\/h3>\n<table border=\"1\" cellpadding=\"1\" cellspacing=\"1\" style=\"width:100%;\">\n<thead>\n<tr>\n<th scope=\"col\" style=\"width: 210px;\">R\u00e9gions<\/th>\n<th scope=\"col\" style=\"width: 169px; text-align: center;\">Hospitalisations en cours<\/th>\n<th scope=\"col\" style=\"width: 143px; text-align: center;\">Evolution des nouveaux patients sur les\u00a0 derni\u00e8res 24\u00a0H<\/th>\n<th scope=\"col\" style=\"width: 156px; text-align: center;\">R\u00e9animation Soins intensif<\/th>\n<th scope=\"col\" style=\"width: 160px; text-align: center;\">Evolution des nouveaux patients sur les\u00a0 derni\u00e8res 24\u00a0H<\/th>\n<th scope=\"col\" style=\"width: 220px; text-align: center;\">D\u00e9c\u00e8s<\/th>\n<\/tr>\n<tr>\n<td style=\"width: 210px;\"><b>\u00cele-de-France<\/b><\/td>\n<td style=\"width: 169px;\">4 922<\/td>\n<td style=\"width: 143px;\">+39<\/td>\n<td style=\"width: 156px;\">\n<p>627<\/p>\n<\/td>\n<td style=\"width: 160px;\">+2<\/td>\n<td style=\"width: 220px;\">11 598<\/td>\n<\/tr>\n<tr>\n<td style=\"width: 210px;\"><strong>Grand Est<\/strong><\/td>\n<td style=\"width: 169px;\">2 844<\/td>\n<td style=\"width: 143px;\">+27<\/td>\n<td style=\"width: 156px;\">293<\/td>\n<td style=\"width: 160px;\">-7<\/td>\n<td style=\"width: 220px;\">5 380<\/td>\n<\/tr>\n<tr>\n<td style=\"width: 210px;\"><strong>Auvergne-Rh\u00f4ne-Alpes<\/strong><\/td>\n<td style=\"width: 169px;\">4 431<\/td>\n<td style=\"width: 143px;\">-52<\/td>\n<td style=\"width: 156px;\">480<\/td>\n<td style=\"width: 160px;\">+6<\/td>\n<td style=\"width: 220px;\">6 129<\/td>\n<\/tr>\n<tr>\n<td style=\"width: 210px;\"><strong>Hauts-de-France<\/strong><\/td>\n<td style=\"width: 169px;\">2 479<\/td>\n<td style=\"width: 143px;\">+54<\/td>\n<td style=\"width: 156px;\">269<\/td>\n<td style=\"width: 160px;\">+3<\/td>\n<td style=\"width: 220px;\">4 014<\/td>\n<\/tr>\n<tr>\n<td style=\"width: 210px;\"><strong>Bourgogne-Franche-Comt\u00e9<\/strong><\/td>\n<td style=\"width: 169px;\">1 832<\/td>\n<td style=\"width: 143px;\">-7<\/td>\n<td style=\"width: 156px;\">173<\/td>\n<td style=\"width: 160px;\">+2<\/td>\n<td style=\"width: 220px;\">\n<p>2 296<\/p>\n<\/td>\n<\/tr>\n<tr>\n<td style=\"width: 210px;\"><strong>Provence-Alpes-C\u00f4te d&rsquo;Azur<\/strong><\/td>\n<td style=\"width: 169px;\">2 282<\/td>\n<td style=\"width: 143px;\">+7<\/td>\n<td style=\"width: 156px;\">304<\/td>\n<td style=\"width: 160px;\">-2<\/td>\n<td style=\"width: 220px;\">3 191<\/td>\n<\/tr>\n<tr>\n<td style=\"width: 210px;\"><strong>Occitanie<\/strong><\/td>\n<td style=\"width: 169px;\">1 365<\/td>\n<td style=\"width: 143px;\">+32<\/td>\n<td style=\"width: 156px;\">189<\/td>\n<td style=\"width: 160px;\">NC<\/td>\n<td style=\"width: 220px;\">1 931<\/td>\n<\/tr>\n<tr>\n<td style=\"width: 210px;\"><strong>Bretagne<\/strong><\/td>\n<td style=\"width: 169px;\">596<\/td>\n<td style=\"width: 143px;\">-11<\/td>\n<td style=\"width: 156px;\">56<\/td>\n<td style=\"width: 160px;\">+2<\/td>\n<td style=\"width: 220px;\">641<\/td>\n<\/tr>\n<tr>\n<td style=\"width: 210px;\"><strong>Nouvelle-Aquitaine<\/strong><\/td>\n<td style=\"width: 169px;\">1 369<\/td>\n<td style=\"width: 143px;\">+14<\/td>\n<td style=\"width: 156px;\">165<\/td>\n<td style=\"width: 160px;\">+3<\/td>\n<td style=\"width: 220px;\">1 534<\/td>\n<\/tr>\n<tr>\n<td style=\"width: 210px;\"><strong>Normandie<\/strong><\/td>\n<td style=\"width: 169px;\">1 066<\/td>\n<td style=\"width: 143px;\">+13<\/td>\n<td style=\"width: 156px;\">79<\/td>\n<td style=\"width: 160px;\">NC<\/td>\n<td style=\"width: 220px;\">1 365<\/td>\n<\/tr>\n<tr>\n<td style=\"width: 210px;\"><strong>Centre Val-de-Loire<\/strong><\/td>\n<td style=\"width: 169px;\">944<\/td>\n<td style=\"width: 143px;\">+5<\/td>\n<td style=\"width: 156px;\">97<\/td>\n<td style=\"width: 160px;\">+5<\/td>\n<td style=\"width: 220px;\">1 191<\/td>\n<\/tr>\n<tr>\n<td style=\"width: 210px;\"><strong>Pays de la Loire<\/strong><\/td>\n<td style=\"width: 169px;\">945<\/td>\n<td style=\"width: 143px;\">-25<\/td>\n<td style=\"width: 156px;\">81<\/td>\n<td style=\"width: 160px;\">-3<\/td>\n<td style=\"width: 220px;\">1 167<\/td>\n<\/tr>\n<tr>\n<td style=\"width: 210px;\"><strong>Corse<\/strong><\/td>\n<td style=\"width: 169px;\">24<\/td>\n<td style=\"width: 143px;\">NC<\/td>\n<td style=\"width: 156px;\">6<\/td>\n<td style=\"width: 160px;\">-1<\/td>\n<td style=\"width: 220px;\">113<\/td>\n<\/tr>\n<tr>\n<td style=\"width: 210px;\"><strong>Martinique<\/strong><\/td>\n<td style=\"width: 169px;\">27<\/td>\n<td style=\"width: 143px;\">NC<\/td>\n<td style=\"width: 156px;\">6<\/td>\n<td style=\"width: 160px;\">NC<\/td>\n<td style=\"width: 220px;\">42<\/td>\n<\/tr>\n<tr>\n<td style=\"width: 210px;\"><strong>Guadeloupe<\/strong><\/td>\n<td style=\"width: 169px;\">78<\/td>\n<td style=\"width: 143px;\">+3<\/td>\n<td style=\"width: 156px;\">5<\/td>\n<td style=\"width: 160px;\">-2<\/td>\n<td style=\"width: 220px;\">167<\/td>\n<\/tr>\n<tr>\n<td style=\"width: 210px;\"><strong>La R\u00e9union<\/strong><\/td>\n<td style=\"width: 169px;\">50<\/td>\n<td style=\"width: 143px;\">NC<\/td>\n<td style=\"width: 156px;\">5<\/td>\n<td style=\"width: 160px;\">NC<\/td>\n<td style=\"width: 220px;\">51<\/td>\n<\/tr>\n<tr>\n<td style=\"width: 210px;\"><strong>Guyane<\/strong><\/td>\n<td style=\"width: 169px;\">20<\/td>\n<td style=\"width: 143px;\">+4<\/td>\n<td style=\"width: 156px;\">3<\/td>\n<td style=\"width: 160px;\">-1<\/td>\n<td style=\"width: 220px;\">67<\/td>\n<\/tr>\n<tr>\n<td style=\"width: 210px;\"><strong>Mayotte<\/strong><\/td>\n<td style=\"width: 169px;\">8<\/td>\n<td style=\"width: 143px;\">-1<\/td>\n<td style=\"width: 156px;\">2<\/td>\n<td style=\"width: 160px;\">+2<\/td>\n<td style=\"width: 220px;\">39<\/td>\n<\/tr>\n<tr>\n<td style=\"width: 210px;\"><strong>TOTAL<\/strong><\/td>\n<td style=\"width: 169px;\">25 315<\/td>\n<td style=\"width: 143px;\">+99<\/td>\n<td style=\"width: 156px;\"><b>2 850<\/b><\/td>\n<td style=\"width: 160px;\">+8<\/td>\n<td style=\"width: 220px;\">\n<p><b>40 942<\/b><\/p>\n<\/td>\n<\/tr>\n<\/thead>\n<\/table>\n<p><em>\u00ab\u00a0La mortalit\u00e9 li\u00e9e \u00e0 la Covid-19\u00a0reste tr\u00e8s \u00e9lev\u00e9e\u00a0\u00bb<\/em> indique Sant\u00e9 Publique France le 10 d\u00e9cembre m\u00eame si elle baisse sur la premi\u00e8re semaine de d\u00e9cembre, comme c&rsquo;\u00e9tait le cas la semaine pr\u00e9c\u00e9dente. L&rsquo;agence rapporte toutefois<em>\u00a0\u00ab\u00a0un<strong> exc\u00e8s tr\u00e8s \u00e9lev\u00e9 en Auvergne-Rh\u00f4ne-Alpes et Bourgogne-Franche-Comt\u00e9\u00a0\u00bb<\/strong>.\u00a0<\/em>Au 17\u00a0d\u00e9cembre, <strong>59 619\u00a0<\/strong>personnes sont d\u00e9c\u00e9d\u00e9es du coronavirus depuis le d\u00e9but de l&rsquo;\u00e9pid\u00e9mie (<strong>+258\u00a0<\/strong>en 24h \u00e0 l&rsquo;h\u00f4pital).\u00a0<strong>93% ont 65 ans ou plus<\/strong>, <strong>55% sont des hommes<\/strong>. La France a franchi la barre des 40 000 morts samedi 7 novembre\u00a0et celle des 50 000 le 24 novembre.\u00a0<strong>Un pic de mortalit\u00e9 a \u00e9t\u00e9 atteint en France le 7\u00a0novembre,<\/strong> selon les chiffres publi\u00e9s le 4\u00a0d\u00e9cembre par l&rsquo;Insee. La France enregistrait \u00e0 cette date 40\u00a0169\u00a0morts du Covid-19\u00a0depuis le d\u00e9but de l&rsquo;\u00e9pid\u00e9mie. Depuis cette date le\u00a0nombre de d\u00e9c\u00e8s diminue progressivement mais reste toujours sup\u00e9rieur \u00e0 ceux de 2019\u00a0et de 2018.\u00a0<\/p>\n<p><strong>\u2192 <\/strong>Les plus <strong>forts taux de d\u00e9c\u00e8s de patients Covid-19\u00a0par r\u00e9gion<\/strong> rapport\u00e9s \u00e0 la population (\/100\u00a0000\u00a0habitants) sur la premi\u00e8re semaine de d\u00e9cembre\u00a0sont\u00a0observ\u00e9s en Auvergne-Rh\u00f4ne-Alpes, Bourgogne-Franche-Comt\u00e9 et Grand Est.<\/p>\n<h3 style=\"text-align: center;\">Nombre hebdomadaire de d\u00e9c\u00e8s certifi\u00e9s par voie \u00e9lectronique avec une mention de COVID-19\u00a0dans les causes m\u00e9dicales de d\u00e9c\u00e8s, du 1er mars au 06\u00a0d\u00e9cembre 2020, France (donn\u00e9es au 08\u00a0d\u00e9cembre 2020)<\/h3>\n<div style=\"text-align:center\">\n<figure class=\"image\" style=\"display:inline-block\"><a class=\"fancy\" href=\"https:\/\/img-3.journaldesfemmes.fr\/QS_cBeQ7lYPZcifQFKCgxJtHR_Q=\/1080x\/smart\/a5a57bdc5d394e4dae76e86d9dbdd3a6\/ccmcms-jdf\/20713475.jpg\"><img decoding=\"async\" alt=\"courbe d\u00e9c\u00e8s covid france\" src=\"https:\/\/img-3.journaldesfemmes.fr\/OwJPy0lPx5Uv3WIYv9wVXSZyihg=\/600x\/smart\/a5a57bdc5d394e4dae76e86d9dbdd3a6\/ccmcms-jdf\/20713475.jpg\"\/><\/a><figcaption data-credit=\"Sant\u00e9 Publique France\" data-legend=\"Nombre hebdomadaire de d\u00e9c\u00e8s certifi\u00e9s par voie \u00e9lectronique, avec une mention de COVID-19 dans les causes m\u00e9dicales de d\u00e9c\u00e8s, en France, du 1er mars au 6 d\u00e9cembre 2020 (donn\u00e9es au 8 d\u00e9cembre 2020) \">Nombre hebdomadaire de d\u00e9c\u00e8s certifi\u00e9s par voie \u00e9lectronique, avec une mention de COVID-19 dans les causes m\u00e9dicales de d\u00e9c\u00e8s, en France, du 1er mars au 6 d\u00e9cembre 2020 (donn\u00e9es au 8 d\u00e9cembre 2020) <small>\u00a9\u00a0Sant\u00e9 Publique France<\/small><\/figcaption><\/figure>\n<\/div>\n<p><iframe loading=\"lazy\" height=\"1000\" src=\"https:\/\/mapthenews.maps.arcgis.com\/apps\/opsdashboard\/index.html#\/bae8aaa7a0b14261b4621c31db410c44\" style=\"border: 0px\" width=\"600\"><\/iframe><\/p>\n<p>Si l&rsquo;ensemble des r\u00e9gions m\u00e9tropolitaines \u00e9tait encore fortement touch\u00e9 par l&rsquo;\u00e9pid\u00e9mie sur la deuxi\u00e8me semaine de d\u00e9cembre, les r\u00e9gions <strong>Auvergne-Rh\u00f4ne-Alpes, Bourgogne-Franche-Comt\u00e9, Provence-Alpes-C\u00f4te d&rsquo;Azur, Haut de France et Grand Est <\/strong>sont les plus impact\u00e9es, indique J\u00e9r\u00f4me Salomon, le directeur g\u00e9n\u00e9ral de la sant\u00e9 le 17\u00a0d\u00e9cembre. Par ailleurs,\u00a0apr\u00e8s quatre semaines de d\u00e9croissance de l&rsquo;\u00e9pid\u00e9mie, les<strong> taux d&rsquo;incidence ont augment\u00e9 en Grand Est<\/strong> (+6%), Pays de la Loire (+5%) et Nouvelle-Aquitaine (+4%) par rapport \u00e0 la derni\u00e8re semaine de novembre. Les taux d&rsquo;hospitalisations ont diminu\u00e9 dans la majorit\u00e9 des r\u00e9gions m\u00e9tropolitaines, <strong>except\u00e9 en Grand Est <\/strong>o\u00f9 le taux s&rsquo;est stabilis\u00e9, en<strong> Bretagne, Bourgogne-Franche-Comt\u00e9 et en Centre-Val de Loire<\/strong>, o\u00f9 le taux d&rsquo;hospitalisations a augment\u00e9 en comparaison avec la semaine pr\u00e9c\u00e9dente. Les taux d&rsquo;hospitalisations en r\u00e9animation ont diminu\u00e9 dans toutes les r\u00e9gions m\u00e9tropolitaines par rapport \u00e0 la semaine pr\u00e9c\u00e9dente, except\u00e9 en Bretagne, Provence-Alpes-C\u00f4te d&rsquo;Azur, Nouvelle-Aquitaine et Normandie.<\/p>\n<p><iframe loading=\"lazy\" height=\"600\" src=\"https:\/\/geodes.santepubliquefrance.fr\/?view=map1&amp;indics=sp_pe_tb_heb.tx_pe_hebdo&amp;serie=2020-S42&amp;f1code=0&amp;lang=fr&amp;iframe=1\" width=\"600\"><\/iframe><\/p>\n<aside id=\"NL_1383363947\" class=\"newsletter_subscription jNlBlock\"><noscript><br \/>\n            <\/noscript><\/p>\n<h3 class=\"newsletter_subscription-title\">Newsletter <\/h3>\n<p><a href=\"\/\/mailing.ccmbg.com\/archive\/last-85\" target=\"_blank\" class=\"a_hover\" rel=\"noopener noreferrer\">Voir un exemple<\/a><\/p>\n<\/aside>\n<p>Au 16\u00a0d\u00e9cembre<strong>, 100<\/strong>\u00a0<strong>d\u00e9partements <\/strong>ont un nombre de cas de Covid-19 au-dessus du seuil d&rsquo;alerte de 50\/100 000 habitants et sont en niveau de vuln\u00e9rabilit\u00e9 \u00ab\u00a0\u00e9lev\u00e9\u00a0\u00bb.\u00a0Les d\u00e9partements pr\u00e9sentant les taux d&rsquo;incidence les plus \u00e9lev\u00e9s sur la premi\u00e8re semaine de d\u00e9cembre \u00e9taient les Ardennes (229\/100\u00a0000\u00a0habitants), la Haute-Savoie (224), le Doubs (223), les Hautes-Pyr\u00e9n\u00e9es (216), l&rsquo;Yonne (199). Dans ces d\u00e9partements, ces taux \u00e9taient toutefois en diminution par rapport \u00e0 la semaine pr\u00e9c\u00e9dente.<\/p>\n<h3 style=\"text-align: center;\">Niveau de vuln\u00e9rabilit\u00e9 par d\u00e9partement et \u00e9volution, France, au 16\u00a0d\u00e9cembre\u00a02020<\/h3>\n<div style=\"text-align:center\">\n<figure class=\"image\" style=\"display:inline-block\"><a class=\"fancy\" href=\"https:\/\/img-3.journaldesfemmes.fr\/RLXHxY-TsecURE-Mju6XptXO4d0=\/1080x\/smart\/27b29abf507d47378a9fd539fe6abbd1\/ccmcms-jdf\/20171983.png\"><img decoding=\"async\" alt=\"\" src=\"https:\/\/img-3.journaldesfemmes.fr\/bMv80tzKrrm3XdtiWOxvvb7Tyos=\/600x\/smart\/27b29abf507d47378a9fd539fe6abbd1\/ccmcms-jdf\/20171983.png\"\/><\/a><figcaption data-credit=\"Sant\u00e9 Publique France\" data-legend=\"Niveau de vuln\u00e9rabilit\u00e9 par d\u00e9partement et \u00e9volution, France, au 17 novembre 2020 \u00a9 Sant\u00e9 Publique France \u00a9 Sant\u00e9 Publique France\">Niveau de vuln\u00e9rabilit\u00e9 par d\u00e9partement et \u00e9volution, France, au 16 d\u00e9cembre 2020 \u00a9 Sant\u00e9 Publique France \u00a9 Sant\u00e9 Publique France <small>\u00a9\u00a0Sant\u00e9 Publique France<\/small><\/figcaption><\/figure>\n<\/div>\n<section>\n<blockquote>\n<p style=\"text-align: right;\">\u00a0<\/p>\n<\/blockquote>\n<p>Les taux de reproduction du virus appel\u00e9s \u00ab\u00a0R-effectifs\u00a0\u00bb ou \u00ab\u00a0Reff\u00a0\u00bb\u00a0permettent de d\u00e9crire la dynamique de l&rsquo;\u00e9pid\u00e9mie\u00a0: lorsque le Reff est significativement sup\u00e9rieur \u00e0 1, ceci signifie que l&rsquo;\u00e9pid\u00e9mie est en progression, lorsqu&rsquo;il est \u00e9gal \u00e0 1, l&rsquo;\u00e9pid\u00e9mie se stabilise, lorsqu&rsquo;il est significativement inf\u00e9rieur \u00e0 1, l&rsquo;\u00e9pid\u00e9mie r\u00e9gresse. Au 17\u00a0d\u00e9cembre, le<strong> R effectif est en hausse, \u00e0 1,03.<\/strong>\u00a0Comment ce nombre est-il calcul\u00e9\u00a0?\u00a0<\/p>\n<p>Le d\u00e9pistage du Covid-19 est r\u00e9alis\u00e9 en France par RT-PCT et par tests antig\u00e9niques. Au 16\u00a0d\u00e9cembre, le taux de positivit\u00e9 est en baisse et s&rsquo;\u00e9tablit \u00e0\u00a0<strong>6,2%.<\/strong>\u00a0<strong>590 laboratoires<\/strong> testent par PCR les Fran\u00e7ais sur l&rsquo;ensemble du territoire et sont soutenus\u00a0par les pharmacies (pour les tests antig\u00e9niques).<em> \u00ab\u00a0Il reste d\u00e9terminant que chaque personne pr\u00e9sentant des sympt\u00f4mes \u00e9vocateurs de COVID-19\u00a0s&rsquo;isole imm\u00e9diatement et r\u00e9alise un test diagnostique dans les plus brefs d\u00e9lais\u00a0\u00bb<\/em> informe Sant\u00e9 Publique France le 10 d\u00e9cembre.<\/p>\n<p>Comme il n&rsquo;y a ni vaccin, ni m\u00e9dicament efficace contre le coronavirus, le meilleur moyen de s&rsquo;en prot\u00e9ger\u00a0est <strong>l&rsquo;application de <a href=\"https:\/\/sante.journaldesfemmes.fr\/fiches-maladies\/2619739-gestes-barrieres-covid-19-ecole-distance-sociale-entreprise-maison-affiche-aeration\/\" target=\"_blank\" rel=\"noopener noreferrer\">gestes barri\u00e8res<\/a><\/strong> :\u00a0mesures d&rsquo;hygi\u00e8ne, r\u00e9duction des contacts (salut sans embrassade et sans serrer les mains, maintien de la distance physique, regroupements \u00e0 \u00e9viter), port appropri\u00e9 du masque <strong>(bouche et nez couverts)<\/strong>, a\u00e9ration des endroits clos. Les personnes contacts de cas confirm\u00e9s doivent respecter les p\u00e9riodes d&rsquo;isolement. Les <strong>personnes \u00e2g\u00e9es ou atteintes de pathologies chroniques (atteintes respiratoire, cardiaque, ob\u00e9sit\u00e9, diab\u00e8te\u2026) <\/strong>sont appel\u00e9es \u00e0 la plus<strong> grande prudence <\/strong>tant que le virus circule.<\/p>\n<p>Si au d\u00e9but, on ne parlait que de fi\u00e8vre, toux s\u00e8che, rhume, \u00e9tat grippal et de fatigue, les sympt\u00f4mes de l&rsquo;infection par le coronavirus ont \u00e9volu\u00e9. On sait d\u00e9sormais que le virus peut avoir des <strong>effets sur la peau<\/strong> (urticaire, l\u00e9sions inflammatoires sur les orteils), la sph\u00e8re digestive (vomissements, diarrh\u00e9es&#8230;), <strong>l&rsquo;odorat<\/strong>, le <strong>go\u00fbt <\/strong>et m\u00eame le cerveau.<em> \u00ab\u00a0Sur 100 personnes atteintes du coronavirus, 90 ne vont pas d\u00e9velopper de sympt\u00f4mes\u00a0\u00bb<\/em> a inform\u00e9 le ministre de la Sant\u00e9 le 5 novembre.<\/p>\n<ul>\n<li><strong>Si vous pr\u00e9sentez des\u00a0sympt\u00f4mes (toux, fi\u00e8vre, mal de t\u00eate) : <\/strong>\u00e9vitez\u00a0les contacts, restez\u00a0\u00e0 domicile, prenez du parac\u00e9tamol si besoin, appelez\u00a0un m\u00e9decin pour prendre rendez-vous dans l&rsquo;\u00e9ventualit\u00e9 qu&rsquo;il vous fasse passer un test de d\u00e9pistage.\u00a0<\/li>\n<li><strong>Appeler le\u00a015 en cas de\u00a0difficult\u00e9s respiratoires : \u00ab\u00a0<\/strong><em>Si cette toux et cette fi\u00e8vre s&rsquo;accompagnent d&rsquo;une g\u00eane respiratoire qui devient permanente avec souffle court, difficult\u00e9 \u00e0 inspirer et \u00e0 expirer, d&rsquo;une aggravation importante de la toux, cela peut signifier une \u00e9volution de la maladie sous la forme d&rsquo;une pneumopathie. Il s&rsquo;agit alors d&rsquo;une urgence respiratoire potentielle et comme dans tous les cas d&rsquo;urgence, il faut alors appeler le 15\u00a0qui prendra les meilleures dispositions pour r\u00e9pondre \u00e0 la situation\u00a0\u00bb, <\/em>pr\u00e9vient le Dr\u00a0Patrick Aub\u00e9, m\u00e9decin g\u00e9n\u00e9raliste. \u00a0<\/li>\n<\/ul>\n<p>Le plan de vaccination des Fran\u00e7ais contre l&rsquo;infection Covid-19\u00a0a \u00e9t\u00e9 pr\u00e9sent\u00e9 par Jean Castex et Olivier V\u00e9ran\u00a0le 16\u00a0d\u00e9cembre \u00e0 l&rsquo;Assembl\u00e9e. Il suit les recommandations de la Haute Autorit\u00e9 de Sant\u00e9 pour l&rsquo;ordre des personnes \u00e0 vacciner. <strong>\u00a0<\/strong>Apr\u00e8s avoir vaccin\u00e9 1\u00a0million de personnes dans les Ehpad en janvier (pensionnaires et personnel soignant), \u00ab\u00a0<em>il y aura ensuite la <strong>deuxi\u00e8me \u00e9tape, <\/strong>selon le rythme de livraison des vaccins. Elle va concerner les gens par cat\u00e9gories d&rsquo;\u00e2ge (&#8230;) les <strong>plus de 75\u00a0ans, puis les plus de 65\u00a0ans <\/strong>et enfin les plus de 50\u00a0ans avec les personnels de sant\u00e9 et du secteur m\u00e9dico-social lorsqu&rsquo;ils sont \u00e2g\u00e9s de 50\u00a0ans et plus ou qu&rsquo;ils pr\u00e9sentent des comorbidit\u00e9s\u00a0\u00bb<\/em>, a pr\u00e9cis\u00e9 le ministre. Au <strong>printemps<\/strong>, \u00ab\u00a0<em>nous pourrons \u00e9tendre progressivement la strat\u00e9gie da vaccination au <strong>grand public.\u00a0\u00bb<\/strong><\/em><\/p>\n<div class=\"ccminsert\">\n<aside class=\"app_widget_fo app_widget_fo--call\">\n<ul>\n<li>\n                <a href=\"https:\/\/sante.journaldesfemmes.fr\/fiches-maladies\/2657799-coronavirus-monde-mort-carte-chiffre-nombre-cas-bilan-courbe-noel-allemagne-direct-italie-suede-espagne\/\" class=\"jGTMWidgetGAEventClick\" data-gtmwidgetgaeventaction=\"clickWidgetCall\" data-gtmwidgetgaeventlabel=\"Coronavirus Monde\u00a0: direct Allemagne, Su\u00e8de dans le rouge, Italie, Espagne...\"><\/p>\n<figure><picture><source media=\"(max-width: 480px)\" srcset=\"https:\/\/img-3.journaldesfemmes.fr\/BqFBwJMKr8lnyA8Fp190XxJ7fTA=\/160x105\/smart\/9821838ced294bb2a4d6a160af14332c\/ccmcms-jdf\/20865280.jpg\"><img decoding=\"async\" src=\"https:\/\/img-3.journaldesfemmes.fr\/u3NSGM5r3gcv_e6wxFbfeI7hpeA=\/200x132\/smart\/9821838ced294bb2a4d6a160af14332c\/ccmcms-jdf\/20865280.jpg\" alt=\"\"\/><\/source><\/picture><figcaption>\n<h3>Coronavirus Monde\u00a0: direct Allemagne, Su\u00e8de dans le rouge, Italie, Espagne&#8230;<\/h3>\n<p>COVID-19\u00a0MONDE. Plus de 74\u00a0millions de personnes ont \u00e9t\u00e9 contamin\u00e9es par le coronavirus dans le monde. Vaccination en Europe, record de cas en Allemagne, situation alarmante en Su\u00e8de, mesures strictes aux Pays-bas, mutation du virus en Angleterre&#8230; Infos en direct, restrictions pour No\u00ebl et le Jour de l&rsquo;an, chiffres, carte, courbe.<\/p>\n<\/figcaption><\/figure>\n<p><\/a>\n            <\/li>\n<\/ul>\n<\/aside>\n<\/div>\n<table border=\"1\" cellpadding=\"1\" cellspacing=\"1\" style=\"width:100%;\">\n<thead>\n<tr>\n<th scope=\"col\" style=\"text-align: center;\"><strong>DATES CL\u00c9S DE L&rsquo;\u00c9PID\u00c9MIE EN FRANCE<\/strong><\/th>\n<\/tr>\n<\/thead>\n<tbody>\n<tr>\n<td>\n<ul>\n<li><strong>31\u00a0d\u00e9cembre 2019,<\/strong> l&rsquo;Organisation mondiale de la Sant\u00e9 en Chine est inform\u00e9e de plusieurs cas de pneumonies dans la ville de Wuhan. 44\u00a0personnes sont infect\u00e9es entre cette date et le 3\u00a0janvier 2020.<\/li>\n<li><strong>7\u00a0janvier 2020, <\/strong>les autorit\u00e9s chinoises identifient un \u00ab\u00a0nouveau type de coronavirus\u00a0\u00bb.<\/li>\n<li><strong>13\u00a0janvier, <\/strong>un cas import\u00e9 est recens\u00e9 en Tha\u00eflande.<\/li>\n<li><strong>15\u00a0janvier<\/strong>, le virus cause\u00a0la mort d&rsquo;<strong>une premi\u00e8re\u00a0personne \u00e0 Wuhan<\/strong>, un homme de 69\u00a0ans.\u00a0<\/li>\n<li><strong>23\u00a0janvier,<\/strong> trois villes chinoises dont Wuhan sont plac\u00e9es en quarantaine.<\/li>\n<li><strong>25\u00a0janvier, trois personnes\u00a0contamin\u00e9es sont recens\u00e9es en France<\/strong>, deux \u00e0 Paris et une Bordeaux. Ce sont les premiers cas enregistr\u00e9s sur le continent europ\u00e9en.<\/li>\n<li><strong>30\u00a0janvier, <\/strong>l&rsquo;Organisation mondiale de la Sant\u00e9 <strong>d\u00e9cr\u00e8te\u00a0l&rsquo;<a href=\"https:\/\/sante.journaldesfemmes.fr\/fiches-maladies\/2608035-urgence-de-sante-publique-de-portee-internationale-definition-oms-coronavirus\/\" target=\"_blank\" rel=\"noopener noreferrer\">urgence de sant\u00e9 mondiale<\/a><\/strong>.\u00a0Cette mesure n&rsquo;avait \u00e9t\u00e9 d\u00e9cr\u00e9t\u00e9e que 5\u00a0fois depuis sa cr\u00e9ation (pour Ebola (deux fois), la grippe H1N1, Zika et la poliomy\u00e9lite).\u00a0<\/li>\n<li><strong>23\u00a0f\u00e9vrier, <\/strong>la France d\u00e9clenche le <a href=\"https:\/\/sante.journaldesfemmes.fr\/fiches-maladies\/2622449-plan-orsan-reb-definition-signification-qui-declenche-coronavirus-definition-duree\/\" target=\"_blank\" rel=\"noopener noreferrer\">plan ORSAN<\/a>, un dispositif exceptionnel d&rsquo;organisation des soins.<\/li>\n<li><strong>28\u00a0f\u00e9vrier,<\/strong> la France passe en stade 2\u00a0de l&rsquo;\u00e9pid\u00e9mie.<\/li>\n<li><strong>11\u00a0mars, <\/strong>l&rsquo;OMS classifie de <strong>pand\u00e9mie <\/strong>la diffusion de la maladie \u00e0 coronavirus Covid-19\u00a0dans le monde.<\/li>\n<li><strong>12\u00a0mars<\/strong>, le pr\u00e9sident de la R\u00e9publique Emmanuel Macron annonce la fermeture nationale des cr\u00e8ches et \u00e9tablissements scolaires de France \u00e0 compter du 16\u00a0mars et \u00ab\u00a0jusqu&rsquo;\u00e0 nouvel ordre\u00a0\u00bb.<\/li>\n<li><strong>14\u00a0mars<\/strong>, la France passe au <a href=\"https:\/\/sante.journaldesfemmes.fr\/fiches-maladies\/2625289-coronavirus-covid-19-stade-1-2-3-4-duree-mesure-france-signification-quand\/\" target=\"_blank\" rel=\"noopener noreferrer\"><strong>stade 3 <\/strong><\/a>de l&rsquo;\u00e9pid\u00e9mie.<\/li>\n<li><strong>16\u00a0mars\u00a0:<\/strong>\u00a0la France met en place un dispositif de confinement interdisant les d\u00e9placements.<\/li>\n<li><strong>18\u00a0mars<\/strong> le premier transfert de patients Covid-19\u00a0en France est r\u00e9alis\u00e9\u00a0gr\u00e2ce \u00e0 l&rsquo;Arm\u00e9e, par voie terrestre et a\u00e9rienne.\u00a0<\/li>\n<li><strong>26\u00a0mars<\/strong>, un premier cas jeune meurt en France, une adolescente de 16\u00a0ans, en Ile-de-France originaire de Morsang-sur-Orge.<\/li>\n<li><strong>27\u00a0mars,<\/strong> le confinement de la population fran\u00e7aise est renouvel\u00e9 jusqu&rsquo;au 15\u00a0avril.<\/li>\n<li><strong>13\u00a0avril,<\/strong> Emmanuel Macron annonce le prolongement du confinement jusqu&rsquo;au 11\u00a0mai.<\/li>\n<li><strong>11\u00a0mai, <\/strong>la France commence son d\u00e9confinement.<\/li>\n<li><strong>\u00a015\u00a0juin<\/strong>, toute la France passe en zone verte, sauf Mayotte et la Guyane. A Paris, les restaurants et bars peuvent rouvrir compl\u00e8tement.<\/li>\n<li><strong>22\u00a0juin, <\/strong>les \u00e9coles sont de nouveaux obligatoires en France pour tous les \u00e9l\u00e8ves. Les cin\u00e9mas, salles de jeux, casinos rouvrent. Les sports collectifs peuvent \u00eatre autoris\u00e9s tout en respectant certaines conditions sanitaires.<\/li>\n<li><strong>10\u00a0juillet<\/strong>, la <strong>France <\/strong>a franchi la barre des 30\u00a0000\u00a0morts. Dans la nuit du 10\u00a0au 11\u00a0juillet \u00e0 minuit, l&rsquo;\u00e9tat d&rsquo;urgence sanitaire prend fin en France.<\/li>\n<li><strong>\u00a020\u00a0juillet,<\/strong>\u00a0le <strong>port du masque est obligatoire <\/strong>dans les lieux publics clos en France.<\/li>\n<li><strong>8 octobre, <\/strong>le<strong> plan blanc est r\u00e9activ\u00e9 <\/strong>dans les h\u00f4pitaux d&rsquo;Ile-de-France.<\/li>\n<li><strong>17 octobre \u00e0 0h01<\/strong>, la France repasse en \u00e9tat d&rsquo;urgence sanitaire et un <strong>couvre-feu <\/strong>est instaur\u00e9 dans 9 territoires\u00a0(Paris-Ile-de-France, Rouen, Grenoble, Lille, Lyon, Aix-Marseille, Montpellier, Saint-Etienne, Toulouse).<\/li>\n<li><strong>24 octobre \u00e0 0h01 :<\/strong> extension des mesures de couvre-feu \u00e0 38 nouveaux d\u00e9partements fran\u00e7ais.<\/li>\n<li><strong>29 octobre \u00e0 0h01<\/strong> : reconfinement national pour 4 semaines, jusqu&rsquo;au 1er d\u00e9cembre au minimum.<\/li>\n<li><strong>28 novembre : <\/strong>premi\u00e8re \u00e9tape d&rsquo;all\u00e8gement du confinement avec la r\u00e9ouverture des commerces non essentiels.<\/li>\n<li><strong>15 d\u00e9cembre : <\/strong>seconde \u00e9tape\u00a0d&rsquo;all\u00e8gement du confinement avec le passage \u00e0 un couvre-feu de 20 heures \u00e0 6 heures du matin.<\/li>\n<\/ul>\n<\/td>\n<\/tr>\n<\/tbody>\n<\/table>\n<p><em>Cet article est mis \u00e0 jour quotidiennement par <a href=\"https:\/\/www.journaldesfemmes.fr\/account\/ablaize-11409696\" target=\"_blank\" rel=\"noopener noreferrer\">Aur\u00e9lie Blaize<\/a>, <a href=\"https:\/\/www.journaldesfemmes.fr\/account\/anaisthiebaux-10573564\" target=\"_blank\" rel=\"noopener noreferrer\">Ana\u00efs Thi\u00e9baux<\/a> et <a href=\"https:\/\/www.journaldesfemmes.fr\/account\/samanthapages-11598093\" target=\"_blank\" rel=\"noopener noreferrer\">Samantha Pag\u00e8s<\/a>.\u00a0<\/em><\/p>\n<\/section>\n<\/div>\n<p>[ad_2]<br \/>\n<br \/><a href=\"https:\/\/sante.journaldesfemmes.fr\/fiches-maladies\/2605417-covid-19-france-coronavirus-direct-nouveaux-cas-morts-nombre-deces-chiffres-bilan-brigitte-macron-test\/\">Source link <\/a><\/p>\n","protected":false},"excerpt":{"rendered":"<p>[ad_1] CORONAVIRUS FRANCE DIRECT &#8211; \u00ab\u00a0La tendance est \u00e0 l&rsquo;augmentation depuis quelques jours\u00a0\u00bb a confirm\u00e9\u00a0J\u00e9r\u00f4me Salomon, le directeur g\u00e9n\u00e9ral de &hellip; <a href=\"http:\/\/www.affinite.fr\/index.php\/2020\/12\/17\/evolution-preoccupante-chiffres-en-hausse\/\" class=\"more-link\">Plus <span class=\"screen-reader-text\">\u00e9volution pr\u00e9occupante, chiffres en hausse<\/span> <span class=\"meta-nav\">&rarr;<\/span><\/a><\/p>\n","protected":false},"author":1,"featured_media":5666,"comment_status":"open","ping_status":"open","sticky":false,"template":"","format":"standard","meta":{"_sitemap_exclude":false,"_sitemap_priority":"","_sitemap_frequency":"","footnotes":""},"categories":[1],"tags":[],"class_list":["post-5665","post","type-post","status-publish","format-standard","has-post-thumbnail","hentry","category-tous"],"_links":{"self":[{"href":"http:\/\/www.affinite.fr\/index.php\/wp-json\/wp\/v2\/posts\/5665"}],"collection":[{"href":"http:\/\/www.affinite.fr\/index.php\/wp-json\/wp\/v2\/posts"}],"about":[{"href":"http:\/\/www.affinite.fr\/index.php\/wp-json\/wp\/v2\/types\/post"}],"author":[{"embeddable":true,"href":"http:\/\/www.affinite.fr\/index.php\/wp-json\/wp\/v2\/users\/1"}],"replies":[{"embeddable":true,"href":"http:\/\/www.affinite.fr\/index.php\/wp-json\/wp\/v2\/comments?post=5665"}],"version-history":[{"count":0,"href":"http:\/\/www.affinite.fr\/index.php\/wp-json\/wp\/v2\/posts\/5665\/revisions"}],"wp:featuredmedia":[{"embeddable":true,"href":"http:\/\/www.affinite.fr\/index.php\/wp-json\/wp\/v2\/media\/5666"}],"wp:attachment":[{"href":"http:\/\/www.affinite.fr\/index.php\/wp-json\/wp\/v2\/media?parent=5665"}],"wp:term":[{"taxonomy":"category","embeddable":true,"href":"http:\/\/www.affinite.fr\/index.php\/wp-json\/wp\/v2\/categories?post=5665"},{"taxonomy":"post_tag","embeddable":true,"href":"http:\/\/www.affinite.fr\/index.php\/wp-json\/wp\/v2\/tags?post=5665"}],"curies":[{"name":"wp","href":"https:\/\/api.w.org\/{rel}","templated":true}]}}