{"id":5657,"date":"2020-12-15T13:57:53","date_gmt":"2020-12-15T13:57:53","guid":{"rendered":"https:\/\/www.affinite.fr\/index.php\/2020\/12\/15\/the-wilds-sur-amazon-une-saison-2-est-elle-possible-news-series-a-la-tv\/"},"modified":"2020-12-15T13:57:53","modified_gmt":"2020-12-15T13:57:53","slug":"the-wilds-sur-amazon-une-saison-2-est-elle-possible-news-series-a-la-tv","status":"publish","type":"post","link":"http:\/\/www.affinite.fr\/index.php\/2020\/12\/15\/the-wilds-sur-amazon-une-saison-2-est-elle-possible-news-series-a-la-tv\/","title":{"rendered":"The Wilds sur Amazon\u00a0: une saison 2 est-elle possible\u00a0? &#8211; News S\u00e9ries \u00e0 la TV"},"content":{"rendered":"<p> [ad_1]<br \/>\n<\/p>\n<p>La premi\u00e8re fourn\u00e9e d&rsquo;\u00e9pisodes de The Wilds, teen drama d&rsquo;Amazon Prime Video, se termine sur un \u00e9norme cliffhanger. De quoi donner des id\u00e9es aux showrunneuses pour une saison 2\u00a0?<\/p>\n<div id=\"article-content\">\n<figure class=\"player player-auto-play js-player\" data-model=\"{&quot;context&quot;:&quot;newspage_news&quot;,&quot;launch&quot;:&quot;auto-play&quot;,&quot;followScroll&quot;:true,&quot;endScreen&quot;:true,&quot;disableAutoPause&quot;:true,&quot;videos&quot;:[{&quot;id&quot;:19590602,&quot;sources&quot;:{&quot;medium&quot;:&quot;\/\/fr.vid.web.acsta.net\/nmedia\/33\/20\/11\/18\/16\/\/19590602_sd_013.mp4&quot;,&quot;high&quot;:&quot;\/\/fr.vid.web.acsta.net\/nmedia\/33\/20\/11\/18\/16\/\/19590602_hd_013.mp4&quot;},&quot;image&quot;:&quot;\/videothumbnails\/20\/11\/18\/16\/04\/3063825.jpg&quot;,&quot;title&quot;:&quot;The Wilds - saison 1 Bande-annonce VF&quot;,&quot;trackingIdentifier&quot;:&quot;19590602-the_wilds_saison_1_bande_annonce_vf&quot;,&quot;embedUrl&quot;:&quot;ACraHRACr0cHM6Ly9wbGF5ZXIuYWxsb2NpbmUuZnIvMTk1OTA2MDIuaHRtbA==&quot;,&quot;id_type&quot;:31003,&quot;file_type&quot;:&quot;trailer&quot;,&quot;description&quot;:&quot;The Wilds - saison 1 Bande-annonce VF&quot;,&quot;duration&quot;:118,&quot;view_count&quot;:11199,&quot;added_at&quot;:{&quot;date&quot;:&quot;2020-11-18 16:02:00.000000&quot;,&quot;timezone_type&quot;:3,&quot;timezone&quot;:&quot;Europe\/Paris&quot;},&quot;metas&quot;:{&quot;genre_main_series&quot;:[{&quot;name&quot;:&quot;Aventure&quot;,&quot;id&quot;:&quot;13001&quot;},{&quot;name&quot;:&quot;Drame&quot;,&quot;id&quot;:&quot;13008&quot;}],&quot;id_main_season&quot;:34212,&quot;id_main_series&quot;:23941,&quot;image_main_series&quot;:&quot;\/pictures\/20\/11\/19\/09\/46\/5146977.jpg&quot;,&quot;localized_file_type&quot;:&quot;trailer&quot;,&quot;main_season_number&quot;:1,&quot;main_season_rating&quot;:3.03125,&quot;main_season_user_note_count&quot;:2,&quot;main_series_rating&quot;:3.38863635,&quot;name_main_season&quot;:&quot;The Wilds - Saison 1&quot;,&quot;name_main_series&quot;:&quot;The Wilds&quot;,&quot;release_status_series&quot;:&quot;En cours&quot;,&quot;trans_file_type&quot;:&quot;Bande-annonce&quot;},&quot;relatedEntityType&quot;:&quot;series&quot;,&quot;relatedEntityTrackingIdentifier&quot;:&quot;23941-the_wilds&quot;,&quot;relatedEntityTitle&quot;:&quot;The Wilds&quot;,&quot;relatedEntityId&quot;:23941,&quot;relatedEntityUrl&quot;:&quot;ACraHRACr0cHM6Ly93d3cuYWxsb2NpbmUuZnIvc2VyaWVzL2ZpY2hlc2VyaWVfZ2VuX2NzZXJpZT0yMzk0MS5odG1s&quot;,&quot;mediaUrl&quot;:&quot;ACraHRACr0cHM6Ly93d3cuYWxsb2NpbmUuZnIvdmlkZW8vcGxheWVyX2dlbl9jbWVkaWE9MTk1OTA2MDImY3NlcmllPTIzOTQxLmh0bWw=&quot;}],&quot;disablePreroll&quot;:false,&quot;disablePostroll&quot;:false}\" data-thumb=\"https:\/\/fr.web.img2.acsta.net\/r_640_360\/videothumbnails\/20\/11\/18\/16\/04\/3063825.jpg\">\n<\/figure>\n<p><strong>Attention, spoilers. Il est conseill\u00e9 d&rsquo;avoir vu l&rsquo;int\u00e9gralit\u00e9 de The Wilds avant de poursuivre la lecture de l&rsquo;article.<\/strong><\/p>\n<p>Disponible depuis le 11 d\u00e9cembre sur Amazon Prime Video,\u00a0<a title=\"The Wilds (U.S.A.) (Drame,Aventure)\" href=\"http:\/\/www.allocine.fr\/series\/ficheserie_gen_cserie=23941.html\">The Wilds<\/a> est une s\u00e9rie pour ados pas comme les autres qui narre la survie d&rsquo;un groupe de jeunes adolescentes sur une \u00eele d\u00e9serte apr\u00e8s le crash de leur avion alors qu&rsquo;elles pensaient se rendre \u00e0 une sorte de <a href=\"http:\/\/www.affinite.fr\/index.php\/2023\/07\/29\/changer-de-vie-voyager-complement-de-retraite-devenez-vendeur-de-glace-a-litalienne\/\">retraite<\/a> spirituelle. Apr\u00e8s dix \u00e9pisodes, on comprend que les filles ne sont pas l\u00e0 par hasard et qu&rsquo;elles font l&rsquo;objet d&rsquo;une \u00e9tude men\u00e9e par Gretchen Klein (<a title=\"Rachel Griffiths (Australie) (Acteur,Cr\u00e9ateur\/Showrunner,Sc\u00e9nariste)\" href=\"http:\/\/www.allocine.fr\/personne\/fichepersonne_gen_cpersonne=12217.html\">Rachel Griffiths<\/a>). Elles ont \u00e9t\u00e9 emmen\u00e9es sur cette \u00eele afin d&rsquo;observer leurs comportements pour survivre ensemble, sans figure parentales et avec les moyens du bord. Surveill\u00e9es via des cam\u00e9ras bien cach\u00e9es, les jeunes adolescentes, souffrant de certains traumatismes et d\u00e9j\u00e0 bien ab\u00eem\u00e9es par des exp\u00e9riences destructrices, essaient par tous les moyens de s&rsquo;enfuir.<\/p>\n<p>A la fin, Leah (<a title=\"Sarah Pidgeon (U.S.A.) (Acteur)\" href=\"http:\/\/www.allocine.fr\/personne\/fichepersonne_gen_cpersonne=885435.html\">Sarah Pidgeon<\/a>) comprend la machination alors qu&rsquo;elles sont interrog\u00e9es par des m\u00e9decins et enferm\u00e9es dans un bunker au P\u00e9rou apr\u00e8s leur passage sur l&rsquo;\u00eele et que Nora (<a title=\"Helena Howard (U.S.A.) (Acteur)\" href=\"http:\/\/www.allocine.fr\/personne\/fichepersonne_gen_cpersonne=787408.html\">Helena Howard<\/a>) faisait partie du plan et les espionnait pour Gretchen. Le spectateur apprend \u00e9galement que Jeannette (Chi Nguyen), morte d\u00e8s le premier \u00e9pisode, \u00e9tait elle-aussi une infiltr\u00e9e, adulte qui plus est, qui \u00e9tait cens\u00e9e surveiller les jeunes filles. Les toutes derni\u00e8res secondes de The Wilds montrent que l&rsquo;\u00eele des filles n&rsquo;est pas la seule exp\u00e9rience de Gretchen mais qu&rsquo;une autre \u00eele existe qui, cette fois-ci, n&rsquo;abrite que des jeunes hommes, soumis \u00e0 la m\u00eame exp\u00e9rience de survie.<\/p>\n<div class=\"article-figure-holder\">\n<figure class=\"article-figure mceNonEditable\"><img loading=\"lazy\" decoding=\"async\" class=\"article-figure-img\" src=\"data:image\/gif;base64,R0lGODlhAgABAPAAAAAAAAAAACH5BAEAAAAAIf8LSW1hZ2VNYWdpY2sNZ2FtbWE9MC40NTQ1NQAsAAAAAAIAAQAAAgIECgA7\" data-src=\"https:\/\/fr.web.img3.acsta.net\/r_640_256\/newsv7\/20\/12\/14\/15\/17\/0598365.jpg\" width=\"640\" height=\"320\"\/><span class=\"article-figcaption-copy\">Amazon Prime Video<\/span><\/p>\n<\/figure>\n<\/div>\n<p>Apr\u00e8s ce cliffhanger inattendu et int\u00e9ressant, que peut-il bien se passer\u00a0? On pourrait suivre alors l&rsquo;exp\u00e9rience des gar\u00e7ons sur leur propre \u00eele. N\u00e9anmoins, il reste encore beaucoup de questions en suspens sur l&rsquo;avenir des filles et leur vie apr\u00e8s cette exp\u00e9rience traumatisante. Surtout, est-ce que Rachel (<a title=\"Reign Edwards (U.S.A.) (Acteur)\" href=\"http:\/\/www.allocine.fr\/personne\/fichepersonne_gen_cpersonne=813401.html\">Reign Edwards<\/a>), la soeur de Nora, va s&rsquo;en sortir ? L&rsquo;ancienne nageuse se faisait attaquer par un requin dans le dernier \u00e9pisode. Si The Wilds obtient une saison 2, la cr\u00e9atrice\u00a0<a title=\"Sarah Streicher (U.S.A.) (Sc\u00e9nariste,Showrunner,Cr\u00e9ateur)\" href=\"http:\/\/www.allocine.fr\/personne\/fichepersonne_gen_cpersonne=847614.html\">Sarah Streicher<\/a> et la showrunneuse\u00a0<a title=\"Amy Harris (U.S.A.) (Sc\u00e9nariste,Producteur d\u00e9l\u00e9gu\u00e9,Showrunner)\" href=\"http:\/\/www.allocine.fr\/personne\/fichepersonne_gen_cpersonne=148755.html\">Amy Harris<\/a> ont d\u00e9j\u00e0 quelques id\u00e9es en t\u00eate. Elles ont ainsi confi\u00e9 \u00e0 Collider :<\/p>\n<p><i>\u00ab\u00a0Nous avons une vue d&rsquo;ensemble mais nous sommes dispos\u00e9es et ouvertes, une fois que les bases sont pos\u00e9es, \u00e0 explorer d&rsquo;autres choses ensemble. Nous ne voulions surtout pas \u00eatre dans une impasse. [\u2026] De plus, nous avons d\u00e9j\u00e0 des id\u00e9es fixes pour la fin de la storyline de chaque fille. C&rsquo;est tr\u00e8s important pour qu&rsquo;on reste sur la bonne voie sur l&rsquo;\u00e9criture des personnages. C&rsquo;est vraiment amusant \u00e0 mettre en place cette id\u00e9e \u2013 o\u00f9 atterrissent-elles apr\u00e8s cette exp\u00e9rience\u00a0?\u00a0\u00bb<\/i><\/p>\n<p>Si Sarah Streicher et Amy Harris ont d\u00e9j\u00e0 des id\u00e9es en t\u00eate pour une potentielle saison 2, elles doivent attendre le feu vert d&rsquo;Amazon pour plancher dessus. Pour le moment, la plateforme n&rsquo;a pas communiqu\u00e9 sur un renouvellement ou une annulation de The Wilds, une annonce qui pourrait survenir d&rsquo;ici quelques semaines ou quelques mois selon le succ\u00e8s de la s\u00e9rie. Amazon Prime Video misant beaucoup sur cette premi\u00e8re production originale \u00e0 destination d&rsquo;un public de jeunes adultes, on peut s&rsquo;attendre \u00e0 ce que la plateforme lui laisse sa chance.<\/p>\n<\/p><\/div>\n<p>[ad_2]<br \/>\n<br \/><a href=\"http:\/\/rss.allocine.fr\/~r\/ac\/actualites\/~3\/94rFaTWDLFA\/fichearticle_gen_carticle=18695370.html\">Source link <\/a><\/p>\n","protected":false},"excerpt":{"rendered":"<p>[ad_1] La premi\u00e8re fourn\u00e9e d&rsquo;\u00e9pisodes de The Wilds, teen drama d&rsquo;Amazon Prime Video, se termine sur un \u00e9norme cliffhanger. De &hellip; <a href=\"http:\/\/www.affinite.fr\/index.php\/2020\/12\/15\/the-wilds-sur-amazon-une-saison-2-est-elle-possible-news-series-a-la-tv\/\" class=\"more-link\">Plus <span class=\"screen-reader-text\">The Wilds sur Amazon\u00a0: une saison 2 est-elle possible\u00a0? &#8211; News S\u00e9ries \u00e0 la TV<\/span> <span class=\"meta-nav\">&rarr;<\/span><\/a><\/p>\n","protected":false},"author":1,"featured_media":5658,"comment_status":"open","ping_status":"open","sticky":false,"template":"","format":"standard","meta":{"_sitemap_exclude":false,"_sitemap_priority":"","_sitemap_frequency":"","footnotes":""},"categories":[1],"tags":[],"class_list":["post-5657","post","type-post","status-publish","format-standard","has-post-thumbnail","hentry","category-tous"],"_links":{"self":[{"href":"http:\/\/www.affinite.fr\/index.php\/wp-json\/wp\/v2\/posts\/5657"}],"collection":[{"href":"http:\/\/www.affinite.fr\/index.php\/wp-json\/wp\/v2\/posts"}],"about":[{"href":"http:\/\/www.affinite.fr\/index.php\/wp-json\/wp\/v2\/types\/post"}],"author":[{"embeddable":true,"href":"http:\/\/www.affinite.fr\/index.php\/wp-json\/wp\/v2\/users\/1"}],"replies":[{"embeddable":true,"href":"http:\/\/www.affinite.fr\/index.php\/wp-json\/wp\/v2\/comments?post=5657"}],"version-history":[{"count":0,"href":"http:\/\/www.affinite.fr\/index.php\/wp-json\/wp\/v2\/posts\/5657\/revisions"}],"wp:featuredmedia":[{"embeddable":true,"href":"http:\/\/www.affinite.fr\/index.php\/wp-json\/wp\/v2\/media\/5658"}],"wp:attachment":[{"href":"http:\/\/www.affinite.fr\/index.php\/wp-json\/wp\/v2\/media?parent=5657"}],"wp:term":[{"taxonomy":"category","embeddable":true,"href":"http:\/\/www.affinite.fr\/index.php\/wp-json\/wp\/v2\/categories?post=5657"},{"taxonomy":"post_tag","embeddable":true,"href":"http:\/\/www.affinite.fr\/index.php\/wp-json\/wp\/v2\/tags?post=5657"}],"curies":[{"name":"wp","href":"https:\/\/api.w.org\/{rel}","templated":true}]}}