{"id":5655,"date":"2020-12-14T18:40:17","date_gmt":"2020-12-14T18:40:17","guid":{"rendered":"https:\/\/www.affinite.fr\/index.php\/2020\/12\/14\/baisse-des-cas-hausse-des-hospitalisations\/"},"modified":"2020-12-14T18:40:17","modified_gmt":"2020-12-14T18:40:17","slug":"baisse-des-cas-hausse-des-hospitalisations","status":"publish","type":"post","link":"http:\/\/www.affinite.fr\/index.php\/2020\/12\/14\/baisse-des-cas-hausse-des-hospitalisations\/","title":{"rendered":"baisse des cas, hausse des hospitalisations"},"content":{"rendered":"<p> [ad_1]<br \/>\n<\/p>\n<p>\n                COVID FRANCE DIRECT &#8211; Les chiffres de l&rsquo;\u00e9pid\u00e9mie ne cessent de fluctuer. 3\u00a0063\u00a0nouveaux cas ont \u00e9t\u00e9 enregistr\u00e9s en 24h, et 371\u00a0d\u00e9c\u00e8s. Le nombre de patients hospitalis\u00e9s remonte progressivement depuis trois jours, alors que la 2e phase du d\u00e9confinement d\u00e9marre ce mardi avec un couvre-feu d\u00e8s 20h. Bilan et derni\u00e8res infos.            <\/p>\n<div>\n<aside class=\"ccmsummary marqueur_module ccmcss_cms_summary ccmcss_cms_summary--right\">\n<p>\u00a0Sommaire<\/p>\n<\/aside>\n<p><strong>[Mise \u00e0 jour du lundi 14 d\u00e9cembre \u00e0 19h22<\/strong><b>]<\/b>\u00a0Depuis le d\u00e9but de l&rsquo;\u00e9pid\u00e9mie, la France a d\u00e9plor\u00e9 <strong>58 282\u00a0d\u00e9c\u00e8s<\/strong> li\u00e9s \u00e0 une infection \u00e0 la Covid-19.\u00a0<em><em>\u00ab\u00a0Cela fait 9 mois que le pays est confront\u00e9 \u00e0 une crise difficile\u00a0\u00bb, <\/em><\/em>indique Jean Castex lors d&rsquo;une interview accord\u00e9e \u00e0 <a href=\"https:\/\/www.lindependant.fr\/2020\/12\/12\/le-premier-ministre-face-a-lindependant-lennemi-cest-castex-et-le-gouvernement-ou-le-virus-9253821.php\" target=\"_blank\" rel=\"noopener noreferrer\">l&rsquo;Ind\u00e9pendant<\/a> le dimanche 13\u00a0d\u00e9cembre. Le Premier ministre comprend que les Fran\u00e7ais soient <strong><em>\u00ab\u00a0\u00e9puis\u00e9s parfois exasp\u00e9r\u00e9s<\/em><\/strong>\u00ab\u00a0, mais il appelle une nouvelle fois \u00e0 la prudence pour enrayer le virus. \u00ab\u00a0C<em><em>e n&rsquo;est pas avant la fin du printemps ou <strong>le d\u00e9but de l&rsquo;\u00e9t\u00e9<\/strong> que nous aurons vaccin\u00e9 un nombre suffisant de Fran\u00e7ais pour atteindre une immunit\u00e9 suffisante et pour prot\u00e9ger les personnes vuln\u00e9rables\u00a0\u00bb, <\/em><\/em>pr\u00e9cise-t-il. <strong>La crainte d&rsquo;un rebond \u00e9pid\u00e9mique<\/strong> pendant les f\u00eates de fin d&rsquo;ann\u00e9e est plus que jamais pr\u00e9sente.\u00a0\u00ab\u00a0<em>Il suffit qu&rsquo;on rel\u00e2che un peu plus les pr\u00e9cautions, notamment \u00e0 l&rsquo;int\u00e9rieur des familles<\/em>\u00a0\u00bb pour que les courbes de l&rsquo;\u00e9pid\u00e9mie repartent franchement \u00e0 la hausse, confie le Pr Eric Caumes, chef du service des maladies infectieuses \u00e0 l&rsquo;h\u00f4pital de la Piti\u00e9-Salp\u00eatri\u00e8re, \u00e0 <em>BFMTV<\/em> le 14\u00a0d\u00e9cembre.\u00a0Voil\u00e0 pourquoi il est vivement recommand\u00e9 de <strong>ne pas \u00eatre plus de 6\u00a0personnes<\/strong>\u00a0pendant les f\u00eates.\u00a0Le protocole sanitaire est assoupli d\u00e8s le mardi 15\u00a0d\u00e9cembre. Le confinement sera remplac\u00e9 par <strong>un couvre-feu de 20h \u00e0 6h du matin<\/strong>, sauf pour la nuit du 24\u00a0au 25\u00a0d\u00e9cembre. La f\u00eate du Nouvel An sera quant \u00e0 elle soumise \u00e0 un couvre-feu. il n&rsquo;y aura plus besoin d&rsquo;attestation pour de se d\u00e9placer en journ\u00e9e. Au<strong> 14\u00a0d\u00e9cembre, le bilan <\/strong>de l&rsquo;\u00e9pid\u00e9mie est de<strong> 3 063\u00a0nouveaux cas positifs\u00a0sur les derni\u00e8res 24\u00a0heures<\/strong>, <strong>+371\u00a0d\u00e9c\u00e8s <\/strong>en 24\u00a0heures. Le nombre de patients hospitalis\u00e9s remonte pour le troisi\u00e8me jour cons\u00e9cutif : +242,\u00a0et +35\u00a0en r\u00e9animation, en 24h. Nombre de cas de Covid-19\u00a0en France, \u00e9volution sur 24\u00a0heures, d\u00e9c\u00e8s,\u00a0<a href=\"https:\/\/sante.journaldesfemmes.fr\/fiches-maladies\/2667643-carte-covid-19-france-zone-rouge-orange-departement-ile-de-france-temps-reel-monde-couleur-alerte\/\" rel=\"noopener noreferrer\" target=\"_blank\">cartes pour suivre l&rsquo;\u00e9pid\u00e9mie par d\u00e9partement et r\u00e9gion<\/a>,\u00a0<a href=\"https:\/\/sante.journaldesfemmes.fr\/fiches-maladies\/2636717-cluster-covid-19-coronavirus-france-definition-c-est-quoi-liste-nouveaux\/\" rel=\"noopener noreferrer\" target=\"_blank\">clusters<\/a>,\u00a0<a href=\"https:\/\/sante.journaldesfemmes.fr\/fiches-maladies\/2629823-taux-de-reproduction-france-covid-coronavirus-r0-r-effectif-calcul-carte-evolution-taux-region\/\" rel=\"noopener noreferrer\" target=\"_blank\">R0\u00a0en France<\/a>, <a href=\"https:\/\/sante.journaldesfemmes.fr\/fiches-maladies\/2679521-contagion-covid-19-combien-de-temps-jours-duree-asymptomatique-symptomes-incubation-contagieux\/\" target=\"_blank\" rel=\"noopener noreferrer\">contagion du coronavirus<\/a>, <a href=\"https:\/\/sante.journaldesfemmes.fr\/fiches-maladies\/2620433-vaccin-coronavirus-covid-19-angleterre-sanofi-pfizer-arn-moderna-france-allergie-astrazeneca\/\" target=\"_blank\" rel=\"noopener noreferrer\">strat\u00e9gie vaccinale<\/a>&#8230; Chiffres et infos du jour.<\/p>\n<p><u><b>Derni\u00e8res infos en direct :<\/b><\/u><\/p>\n<ul>\n<li><strong>Etude : o\u00f9 avez-vous attrap\u00e9 le Covid-19 ? <\/strong>Des m\u00e9decins et des sp\u00e9cialistes du num\u00e9rique\u00a0ont lanc\u00e9 lundi un questionnaire en ligne demandant\u00a0aux personnes ayant eu le Covid-19 depuis mi-ao\u00fbt, d&rsquo;indiquer dans quelles circonstances ils pensent avoir \u00e9t\u00e9 contamin\u00e9s. Les quinze questions, disponibles sur\u00a0SourceCovid.f, entrent\u00a0dans le cadre d&rsquo;une \u00e9tude scientifique qui \u00ab\u00a0vise \u00e0 mieux identifier les sources de propagation du virus (magasins, restaurants, lieux de travail, cercles familiaux et personnels&#8230;) depuis cet \u00e9t\u00e9 en fonction de l&rsquo;origine g\u00e9ographique des patients, \u00e0 l&rsquo;\u00e9chelle des r\u00e9gions et des d\u00e9partements\u00a0\u00bb, indiquent ses initiateurs dans un communiqu\u00e9.\u00a0<\/li>\n<li><strong>Tous les changements du mardi 15\u00a0d\u00e9cembre.<\/strong> Le protocole s&rsquo;assouplit en France. Parmi les nouvelles mesures\u00a0: d\u00e8s le mardi 15\u00a0d\u00e9cembre, il n&rsquo;y aura plus besoin d&rsquo;attestation pour se d\u00e9placer en journ\u00e9e jusqu&rsquo;\u00e0 20h. En revanche, un couvre-feu est mis en place de 20h \u00e0 6h du matin sauf le soir du 24\u00a0d\u00e9cembre. Les mineurs vont pouvoir refaire du sport (hors sport de contact) dans les \u00e9quipements couverts (gymnases, piscines) dans le respect des protocoles sanitaires.\u00a0Le\u00a0d\u00e9cret fixant ces nouvelles r\u00e8gles seront publi\u00e9s le 14\u00a0d\u00e9cembre et les\u00a0nouvelles attestations \u00e0 t\u00e9l\u00e9charger et \u00e0 imprimer seront mises en ligne sur le site du minist\u00e8re,\u00a0<a data-click-value=\"content::link-in-content::article::https:\/\/www.interieur.gouv.fr\/Actualites\/L-actu-du-Ministere\/Attestations-de-deplacement\" href=\"https:\/\/www.interieur.gouv.fr\/Actualites\/L-actu-du-Ministere\/Attestations-de-deplacement\" rel=\"noopener noreferrer\" target=\"_blank\">au m\u00eame emplacement que les pr\u00e9c\u00e9dentes<\/a>. Jusqu&rsquo;au 3\u00a0janvier, les sorties sont autoris\u00e9es \u00ab\u00a0\u00e0 titre exceptionnel\u00a0\u00bb pour les maisons de <a href=\"http:\/\/www.affinite.fr\/index.php\/2023\/07\/29\/changer-de-vie-voyager-complement-de-retraite-devenez-vendeur-de-glace-a-litalienne\/\">retraite<\/a>, afin que les r\u00e9sidents de ces \u00e9tablissements puissent passer les f\u00eates de fin d&rsquo;ann\u00e9e avec leurs proches.\u00a0<\/li>\n<li><strong>D\u00e9pistages massifs dans 4\u00a0m\u00e9tropoles.<\/strong> Avant et apr\u00e8s No\u00ebl, des campagnes de d\u00e9pistages volontaires men\u00e9es par les Agences r\u00e9gionales de Sant\u00e9 vont avoir lieu dans 4\u00a0villes de France\u00a0: <strong>au Havre<\/strong> (o\u00f9 plus de 50\u00a0sites ouvriront dans les pharmacies, les laboratoires et les cabinets m\u00e9dicaux, dont 20\u00a0sites du 14\u00a0au 19\u00a0d\u00e9cembre), \u00e0 <strong>Charleville-M\u00e9zi\u00e8res<\/strong> (o\u00f9 50\u00a0000\u00a0tests antig\u00e9niques sont disponibles en stock et 4\u00a0500\u00a0tests PCR seront r\u00e9alis\u00e9s par jour), \u00e0<strong> Lille\/Roubaix\u00a0<\/strong>et \u00e0 Saint-Etienne, mais les dates n&rsquo;ont pas \u00e9t\u00e9 encore d\u00e9voil\u00e9es.\u00a0<\/li>\n<li><strong>Inqui\u00e9tudes dans l&rsquo;Orne. <\/strong>L&rsquo;Orne est le d\u00e9partement de la <a href=\"http:\/\/www.affinite.fr\/index.php\/2024\/11\/21\/construire-votre-maison-en-normandie\/\">Normandie<\/a>\u00a0o\u00f9 la circulation du virus est la plus intense ces derniers jours, particuli\u00e8rement dans les zones d&rsquo;Alen\u00e7on et de L&rsquo;Aigle, selon l&rsquo;Agence r\u00e9gionale de Sant\u00e9.\u00a0Apr\u00e8s des semaines en baisse, le taux d&rsquo;incidence est d\u00e9sormais \u00e0 154 cas pour 100 000 habitants, contre 81 en moyenne dans la r\u00e9gion. La tension monte dans les h\u00f4pitaux, ce qui contraint \u00e0 proc\u00e9der \u00e0 un transfert de patients dans les d\u00e9partements frontaliers.\u00a0<\/li>\n<li><strong>Tests de masse en Auvergne-Rh\u00f4ne-Alpes.<\/strong> La r\u00e9gion\u00a0lance une grande de d\u00e9pistage du coronavirus qui aura lieu entre le 16\u00a0et le 23\u00a0d\u00e9cembre prochain. Le but est que chaque r\u00e9sident de la r\u00e9gion puisse se faire tester avant les f\u00eates de No\u00ebl. 430 centres de d\u00e9pistages seront ouverts dans le Rh\u00f4ne. La ville de <strong>Lyon<\/strong> accueillera 5 centres de d\u00e9pistage :\u00a0<strong>place Carnot<\/strong> (Lyon 2e), <strong>place Valmy <\/strong>(Lyon 9e), <strong>parc de la T\u00eate d&rsquo;Or<\/strong> (Lyon 6e), <strong>place de Francfort<\/strong> (Lyon 3e) et <strong>place de la Croix-Rousse<\/strong> (Lyon 4e), en plus des centres d\u00e9j\u00e0 existants au <strong>Palais des Sports de Gerland<\/strong>.\u00a0<\/li>\n<li><strong>Test avant et apr\u00e8s les f\u00eates. <\/strong>La pr\u00e9sidente de la r\u00e9gion \u00cele-de-France\u00a0Val\u00e9rie P\u00e9cresse, invit\u00e9e dimanche sur <em>LCI<\/em>,\u00a0appelle \u00e0 \u00ab\u00a0<em>se tester massivement avant les f\u00eates et avant de reprendre le travail\u00a0\u00bb. \u00ab\u00a0Une fois pour prot\u00e9ger ses parents et ses amis, et apr\u00e8s pour retourner au travail<\/em>\u00ab\u00a0.<\/li>\n<li><strong>Test obligatoire pour aller en Corse.\u00a0<\/strong>Les passagers \u00e0 destination de la Corse devront avoir r\u00e9alis\u00e9 un test RT-PCR ou antig\u00e9nique 72h avant le d\u00e9part, du 19\u00a0d\u00e9cembre 2020\u00a0au 8\u00a0janvier 2021\u00a0inclus, annonce samedi la <a href=\"http:\/\/www.corse-du-sud.gouv.fr\/mesures-concernant-les-transports-entre-le-a2482.html\" target=\"_blank\" rel=\"noopener noreferrer\">Pr\u00e9fecture de Corse<\/a>. Les passagers devront pr\u00e9senter une d\u00e9claration sur l&rsquo;honneur \u00e0 la compagnie de transport confirmant avoir rempli l&rsquo;obligation de test. Dans ce document, le passager devra aussi certifier, comme la r\u00e9glementation l&rsquo;exige d\u00e9j\u00e0, ne pas pr\u00e9senter de sympt\u00f4me d&rsquo;infection au covid-19, ne pas \u00eatre un cas confirm\u00e9 de covid-19, et ne pas avoir connaissance d&rsquo;avoir \u00e9t\u00e9 en contact avec un cas confirm\u00e9 dans les quatorze jours pr\u00e9c\u00e9dant le voyage. Cette d\u00e9claration sur l&rsquo;honneur sera exig\u00e9e lors de l&#8217;embarquement par la compagnie de transport. Le mod\u00e8le de d\u00e9claration sur l&rsquo;honneur sera disponible en d\u00e9but de semaine.<\/li>\n<\/ul>\n<ul>\n<li><strong>R\u00e8gles assouplies pour les Ehpad pendant les f\u00eates.\u00a0<\/strong>Le gouvernement <a href=\"https:\/\/sante.journaldesfemmes.fr\/fiches-maladies\/2682959-protocole-ehpad-covid-coronavirus-assouplissement-regles-visite-sortie-fetes-noel\/\" target=\"_blank\" rel=\"noopener noreferrer\">assoupli ce samedi ses recommandations \u00e0 destination des Ehpad pour les f\u00eates de fin d&rsquo;ann\u00e9e<\/a>. Dans un <a href=\"https:\/\/solidarites-sante.gouv.fr\/actualites\/presse\/communiques-de-presse\/article\/proteger-les-aines-sans-les-isoler-assouplissement-des-recommandations-a\" target=\"_blank\" rel=\"noopener noreferrer\">communiqu\u00e9<\/a> du 12 d\u00e9cembre, il d\u00e9taille\u00a0ses recommandations sont applicables\u00a0<strong>du 15\u00a0d\u00e9cembre 2020\u00a0au 3\u00a0janvier 2021.\u00a0<\/strong>Les proches sont fortement encourag\u00e9s \u00e0 r\u00e9aliser un test RT-PCR ou antig\u00e9nique pr\u00e9alable \u00e0 l&rsquo;\u00e9v\u00e8nement familial et il leur est rappel\u00e9 qu&rsquo;un test n\u00e9gatif n&rsquo;exon\u00e8re pas d&rsquo;un strict respect des autres mesures de pr\u00e9vention (gestes barri\u00e8res, distanciation, a\u00e9ration\u2026).\u00a0Les directions d&rsquo;\u00e9tablissement peuvent autoriser les visites en chambre,\u00a0sous conditions,\u00a0les visites aupr\u00e8s des r\u00e9sidents COVID + peuvent \u00e9galement \u00eatre autoris\u00e9es \u00e0 titre exceptionnel, si l&rsquo;\u00e9tat de la personne le justifie,\u00a0les <strong>sorties des r\u00e9sidents en famille sont facilit\u00e9es <\/strong>\u00e0 titre exceptionnel pour la p\u00e9riode des f\u00eates de fin d&rsquo;ann\u00e9e mais\u00a0\u00e0 leur retour dans l&rsquo;\u00e9tablissement, les r\u00e9sidents r\u00e9alisent un test RT-PCR ou antig\u00e9nique.<\/li>\n<\/ul>\n<p>Pour freiner la deuxi\u00e8me vague de l&rsquo;\u00e9pid\u00e9mie de Covid-19 en France, Emmanuel Macron a annonc\u00e9 un<strong>\u00a0confinement<\/strong> entr\u00e9 en vigueur dans la nuit du\u00a0jeudi 29 octobre minuit et jusqu&rsquo;au\u00a01er d\u00e9cembre. Les mesures prises ont \u00e9t\u00e9 associ\u00e9es \u00e0 un ralentissement\u00a0de l&rsquo;\u00e9pid\u00e9mie \u00e0 partir du\u00a018\u00a0novembre, sur tout le territoire. En cons\u00e9quence, le Pr\u00e9sident a annonc\u00e9 mardi 24 novembre un all\u00e8gement des restrictions \u00e0 partir de samedi 28 novembre. Le ministre de la Sant\u00e9 Olivier V\u00e9ran a d\u00e9clench\u00e9 <strong>le\u00a0plan blanc\u00a0au niveau national<\/strong>\u00a0le 29 octobre. Cela implique la d\u00e9programmation des hospitalisations non-urgentes dans tous les h\u00f4pitaux. Samedi 7 novembre, les d\u00e9put\u00e9s ont adopt\u00e9 la prolongation de l&rsquo;<a href=\"https:\/\/sante.journaldesfemmes.fr\/fiches-maladies\/2627081-etat-urgence-sanitaire-france-covid-fin-prolongation-loi-decret-assemblee-senat-constitution-mesures\/\" target=\"_blank\" rel=\"noopener noreferrer\">\u00e9tat d&rsquo;urgence sanitaire<\/a>\u00a0jusqu&rsquo;au <strong>16\u00a0f\u00e9vrier 2021.<\/strong><\/p>\n<p>Le couvre-feu instaur\u00e9 depuis le d\u00e9but de mois\u00a0d&rsquo;octobre n&rsquo;aura pas suffi\u00a0\u00e0 freiner l&rsquo;\u00e9pid\u00e9mie. Le Pr\u00e9sident de la R\u00e9publique, Emmanuel Macron, a ainsi annonc\u00e9, le 28 octobre, <strong>un deuxi\u00e8me confinement<\/strong> de la population. Ce confinement a \u00e9t\u00e9 instaur\u00e9 du<strong>\u00a0jeudi 29 octobre<\/strong>\u00a0au<strong> 15<\/strong>\u00a0<strong>d\u00e9cembre<\/strong>. Face \u00e0\u00a0la situation \u00e9pid\u00e9mique \u00ab\u00a0en plateau\u00a0\u00bb, le Premier ministre Jean Castex a annonc\u00e9 une modification de certaines \u00e9tapes du d\u00e9confinement pr\u00e9vue le 15 d\u00e9cembre.<\/p>\n<p>\u25ba\u00a0<strong>A compter du 15 d\u00e9cembre :<\/strong><\/p>\n<ul>\n<li>les\u00a0d\u00e9placements\u00a0seront \u00e0 nouveau\u00a0autoris\u00e9s en journ\u00e9e\u00a0sur l&rsquo;ensemble du territoire sans obligation de fournir une attestation de d\u00e9placement.<\/li>\n<li>couvre-feu national sera mis en place, de<strong> 20h<\/strong> (et non pas 21h comme initialement envisag\u00e9) <strong>\u00e0 6h du matin<\/strong>. Une exception est pr\u00e9vue pour la nuit du 24 au 25 d\u00e9cembre\u00a02020, o\u00f9 la circulation sera libre\u00a0; en revanche, contrairement \u00e0 ce qui avait \u00e9t\u00e9 initialement pr\u00e9vu, il n&rsquo;y aura pas d&rsquo;exception pour la soir\u00e9e du 31\u00a0d\u00e9cembre\u00a02020 (Nouvel An).\u00a0<\/li>\n<li>lors\u00a0des\u00a0f\u00eates de fin d&rsquo;ann\u00e9e, il sera important de limiter le nombre de convives \u00e0 table (pas plus de six adultes ensemble).<\/li>\n<li>la pratique sportive ou la promenade en plein air sera interdite de 20\u00a0h \u00e0 6h du matin\u00a0;<\/li>\n<li>les d\u00e9placements entre r\u00e9gions seront autoris\u00e9s\u00a0;<\/li>\n<li>la jauge dans les lieux de culte\u00a0ne sera pas revue \u00e0 la hausse\u00a0;<\/li>\n<li>les salles de cin\u00e9ma, les th\u00e9\u00e2tres et les mus\u00e9es resteront ferm\u00e9s au moins 3\u00a0semaines suppl\u00e9mentaires soit jusqu&rsquo;au 6\u00a0janvier\u00a02021 inclus ;<\/li>\n<li>l&rsquo;accueil du public dans les enceintes sportives, dans les cirques, les parcs zoologiques ou encore les salles de jeux et les casinos restera interdit\u00a0;<\/li>\n<li>les restaurants et les caf\u00e9s resteront ferm\u00e9s comme pr\u00e9vu jusqu&rsquo;au 20\u00a0janvier\u00a02021\u00a0;<\/li>\n<li>le t\u00e9l\u00e9travail doit se poursuivre quand il est possible.<\/li>\n<li>les\u00a0stations de ski\u00a0seront accessibles aux touristes\u00a0 pendant les vacances scolaires de No\u00ebl mais les remont\u00e9es m\u00e9caniques resteront ferm\u00e9es<\/li>\n<\/ul>\n<div style=\"text-align:center\">\n<figure class=\"image\" style=\"display:inline-block\"><a class=\"fancy\" href=\"https:\/\/img-3.journaldesfemmes.fr\/7oolX4nxBOMh4Qv-urnyk3OUq9w=\/1080x\/smart\/78a8ad69d7b74c6ebddec1a6b6c73fd5\/ccmcms-jdf\/20696899.png\" target=\"_blank\" rel=\"noopener noreferrer\"><img decoding=\"async\" alt=\"d\u00e9confinement etape france covid\" src=\"https:\/\/img-3.journaldesfemmes.fr\/9TYl0btUrBeB5BOm8X1WrvCKBUg=\/600x\/smart\/78a8ad69d7b74c6ebddec1a6b6c73fd5\/ccmcms-jdf\/20696899.png\"\/><\/a><figcaption data-credit=\"Twitter Jean Castex\" data-legend=\"Etapes du d\u00e9confinement de la France pr\u00e9sent\u00e9es par Jean Castex le 10 d\u00e9cembre\">Etapes du d\u00e9confinement de la France pr\u00e9sent\u00e9es par Jean Castex le 10\u00a0d\u00e9cembre <small>\u00a9\u00a0Twitter Jean Castex<\/small><\/figcaption><\/figure>\n<\/div>\n<p>\u25ba <strong>7 janvier :<\/strong> r\u00e9ouverture des th\u00e9\u00e2tres, mus\u00e9es, cin\u00e9mas si la situation sanitaire le permet.<\/p>\n<p>\u25ba<strong>\u00a0A partir du 20 janvier (si les objectifs sanitaires sont atteints)\u00a0<\/strong><strong>:\u00a0<\/strong><em>\u00ab\u00a0Si le nombre de contaminations demeure en dessous de 5\u00a0000\u00a0cas par jour, alors\u00a0les salles de sport et les restaurants pourront rouvrir, et le couvre-feu pourra \u00eatre d\u00e9cal\u00e9. Les lyc\u00e9es pourront \u00eatre pleinement rouverts (et non plus par moiti\u00e9 des effectifs)\u00a0avec la totalit\u00e9 des \u00e9l\u00e8ves pr\u00e9sents durant les cours. Quinze jours plus tard, ce sont les universit\u00e9s qui pourront reprendre les cours, avec, l\u00e0 aussi, une pr\u00e9sence physique de tous les \u00e9l\u00e8ves<\/em>\u00a0\u00bb a annonc\u00e9 le chef de l&rsquo;Etat.<\/p>\n<p>Un couvre-feu national sera mis en place \u00e0 partir du 15 d\u00e9cembre dans toute la France,\u00a0de 20h \u00e0 6h. Une exception est pr\u00e9vue pour la soir\u00e9e du 24\u00a0d\u00e9cembre\u00a02020, o\u00f9 la circulation sera libre\u00a0; en revanche, contrairement \u00e0 ce qui avait \u00e9t\u00e9 initialement pr\u00e9vu, il n&rsquo;y aura pas d&rsquo;exception pour la soir\u00e9e du 31\u00a0d\u00e9cembre\u00a02020.<br \/>Pendant ce couvre-feu, seuls certains d\u00e9placements seront possibles, \u00e0 condition de se munir d&rsquo;une <strong>attestation <\/strong>notamment\u00a0:<\/p>\n<ul>\n<li>se rendre ou revenir de son lieu de travail, \u00e0 une <a href=\"http:\/\/www.affinite.fr\/index.php\/2022\/11\/09\/formation-de-glacier-apprenez-le-metier-de-glacier-et-changez-votre-vie\/\">formation<\/a> professionnelle, effectuer un d\u00e9placement professionnel ne pouvant \u00eatre report\u00e9\u00a0;<\/li>\n<li>des motifs familiaux imp\u00e9rieux, pour l&rsquo;assistance aux personnes vuln\u00e9rables et pr\u00e9caires, notamment aux personnes en situation de handicap ou pour la garde d&rsquo;enfants\u00a0;<\/li>\n<li>des motifs m\u00e9dicaux\u00a0: aller \u00e0 l&rsquo;h\u00f4pital, examens et soins ne pouvant \u00eatre assur\u00e9s \u00e0 distance et achat de m\u00e9dicaments\u00a0;<\/li>\n<li>participer \u00e0 des missions d&rsquo;int\u00e9r\u00eat g\u00e9n\u00e9ral sur demande de l&rsquo;autorit\u00e9 administrative (maraudes des associations de lutte contre la pauvret\u00e9 ou distributions d&rsquo;aides alimentaires \u00e0 domicile)\u00a0;<\/li>\n<li>les personnes en situation de handicap et leur accompagnant\u00a0;<\/li>\n<li>promener un animal domestique autour de son domicile.<\/li>\n<\/ul>\n<p>Selon les derniers chiffres publi\u00e9s par <a href=\"https:\/\/www.santepubliquefrance.fr\/dossiers\/coronavirus-covid-19\/coronavirus-chiffres-cles-et-evolution-de-la-covid-19-en-france-et-dans-le-monde\" target=\"_blank\" rel=\"noopener noreferrer\">Sant\u00e9 Publique France<\/a> au lundi 14\u00a0d\u00e9cembre 2020, en France :\u00a0<\/p>\n<p>\u2022 2 379 915\u00a0personnes ont \u00e9t\u00e9 contamin\u00e9es par le coronavirus <strong>(+3 063\u00a0en 24 heures)<\/strong><\/p>\n<p>\u2022 58 282\u00a0personnes sont d\u00e9c\u00e9d\u00e9es en France <strong>(+371\u00a0en 24 heures),<\/strong><strong>\u00a0<\/strong>dont 40 346\u00a0\u00e0 l&rsquo;h\u00f4pital.<\/p>\n<p>\u2022 2 906 patients Covid-19 sont en r\u00e9animation <strong>(+35\u00a0en 24 heures<\/strong><strong>)<\/strong>.<\/p>\n<p>\u2022 25 481 patients Covid-19 sont hospitalis\u00e9s\u00a0<strong>(+242\u00a0en 24 heures)<\/strong>.<\/p>\n<blockquote>\n<p style=\"text-align: right;\">\u00a0<\/p>\n<\/blockquote>\n<blockquote>\n<p style=\"text-align: right;\">\u00a0<\/p>\n<\/blockquote>\n<p>La premi\u00e8re semaine de d\u00e9cembre montre une <em>\u00ab\u00a0<strong>\u00e9volution pr\u00e9occupante de l&rsquo;\u00e9pid\u00e9mie <\/strong>du fait d&rsquo;une tr\u00e8s faible diminution de la circulation du SARS-CoV-2, apr\u00e8s 4\u00a0semaines de forte d\u00e9croissance suite au passage du pic \u00e9pid\u00e9mique de la seconde vague\u00a0\u00bb <\/em>rapporte Sant\u00e9 Publique France dans son bulletin \u00e9pid\u00e9miologique du 10 d\u00e9cembre.\u00a0L&rsquo;agence note un\u00a0ralentissement de la diminution du nombre de nouveaux cas (-6% vs -31% la semaine pr\u00e9c\u00e9dente), une stabilisation du taux de positivit\u00e9 des tests Covid, une <strong>diminution tr\u00e8s mod\u00e9r\u00e9e du nombre des hospitalisations et admissions en r\u00e9animation<\/strong>, une stabilisation de l&rsquo;\u00e9volution des principaux indicateurs de l&rsquo;activit\u00e9 de suivi des contacts, une <strong>mortalit\u00e9 \u00e9lev\u00e9e surtout\u00a0en Auvergne-Rh\u00f4ne-Alpes et Bourgogne-Franche-Comt\u00e9.<\/strong><\/p>\n<p>\u2192 L&rsquo;indicateur utilis\u00e9 pour suivre l&rsquo;\u00e9volution de l&rsquo;\u00e9pid\u00e9mie de coronavirus en France est le<strong> taux d&rsquo;incidence<\/strong> soit le nombre de patients ayant un test PCR positif pour 100 000 habitants par semaine sur les 7 derniers jours. Au 10 d\u00e9cembre, ce taux a remont\u00e9 \u00e0 108.73 au niveau national (contre 86 le 7 d\u00e9cembre).\u00a0<\/p>\n<div style=\"text-align:center\">\n<figure class=\"image\" style=\"display:inline-block\"><a class=\"fancy\" href=\"https:\/\/img-3.journaldesfemmes.fr\/6UDdeRFtPATc08GufKhHgcneCQw=\/1080x\/smart\/515706baa70a476ca1de33eabe5fd492\/ccmcms-jdf\/20712974.jpg\"><img decoding=\"async\" alt=\"contamination covid courbe\" src=\"https:\/\/img-3.journaldesfemmes.fr\/c8TFJ657FRGLIiuT3sKyr7PyNuw=\/600x\/smart\/515706baa70a476ca1de33eabe5fd492\/ccmcms-jdf\/20712974.jpg\"\/><\/a><figcaption data-credit=\"Twitter Jean Castex\" data-legend=\"Nombre de contaminations Covid-19 sur 7 jours glissants, post\u00e9 le 10 d\u00e9cembre par Jean Castex.\">Nombre de contaminations Covid-19 sur 7 jours glissants, post\u00e9 le 10 d\u00e9cembre par Jean Castex. <small>\u00a9\u00a0Twitter Jean Castex<\/small><\/figcaption><\/figure>\n<\/div>\n<p>Le gouvernement suit \u00e9galement l&rsquo;\u00e9volution du taux d&rsquo;occupation des lits en r\u00e9animation par des patients Covid-19 (sur les capacit\u00e9s initiales).<\/p>\n<div style=\"text-align:center\">\n<figure class=\"image\" style=\"display:inline-block\"><a class=\"fancy\" href=\"https:\/\/img-3.journaldesfemmes.fr\/PI4IOgeUqur3FFSj_g4Ln5c4B3A=\/1080x\/smart\/aaf031ad84304ced9f59006765953a78\/ccmcms-jdf\/20787381.jpg\"><img decoding=\"async\" alt=\"Taux d'occupation des lits en r\u00e9animation au 13 d\u00e9cembre par des patients Covid-19\" src=\"https:\/\/img-3.journaldesfemmes.fr\/bDAuBdJWjmfOYEj-8tAgyqXNCDU=\/450x\/smart\/aaf031ad84304ced9f59006765953a78\/ccmcms-jdf\/20787381.jpg\"\/><\/a><figcaption data-credit=\"Gouvernement.fr\" data-legend=\"Taux d'occupation des lits en r\u00e9animation au 13 d\u00e9cembre par des patients Covid-19\">Taux d&rsquo;occupation des lits en r\u00e9animation au 13 d\u00e9cembre par des patients Covid-19 <small>\u00a9\u00a0Gouvernement.fr<\/small><\/figcaption><\/figure>\n<\/div>\n<p>Lundi 14\u00a0d\u00e9cembre, Sant\u00e9 publique France rapporte\u00a0un total de<strong>\u00a02 379 915\u00a0cas\u00a0<\/strong><strong>confirm\u00e9s\u00a0<\/strong>de coronavirus depuis le d\u00e9but de la pand\u00e9mie. Au niveau national, la diminution du nombre de nouveaux cas confirm\u00e9s, observ\u00e9e la semaine pr\u00e9c\u00e9dente,<em> \u00ab\u00a0marque le pas\u00a0\u00bb<\/em> a indiqu\u00e9 le Premier ministre Jean Castex dans un conf\u00e9rence de presse le 10 d\u00e9cembre.<em> \u00ab\u00a0Depuis une semaine, nous sommes sur un plateau\u00a0\u00bb,<\/em> les chiffres de baissent plus. Dans son bulletin \u00e9pid\u00e9miologique du 10 d\u00e9cembre, Sant\u00e9 Publique France confirme un<strong> ralentissement de la diminution du nombre de nouveaux cas <\/strong>(-6% vs -31% la semaine pr\u00e9c\u00e9dente).\u00a0Le\u00a0<strong>pic \u00e9pid\u00e9mique<\/strong>\u00a0de la premi\u00e8re vague a \u00e9t\u00e9 observ\u00e9 la\u00a0<strong>semaine du 6\u00a0au 12 avril<\/strong>, soit 15\u00a0jours\u00a0apr\u00e8s la mise en \u0153uvre des mesures de confinement de la population g\u00e9n\u00e9rale, le 17\u00a0mars 2020. Le <strong>pic de la deuxi\u00e8me vague <\/strong>est pass\u00e9, indique Emmanuel Macron le 24\u00a0novembre dans son allocution t\u00e9l\u00e9vis\u00e9e, trois semaines apr\u00e8s le reconfinement, soit du <strong>16 au 20 novembre<\/strong>.\u00a0<\/p>\n<h3 style=\"text-align: center;\">Nombre incident de cas confirm\u00e9s de Covid-19\u00a0par semaine, rapport\u00e9s \u00e0 Sant\u00e9 publique France, du 11\u00a0mai au 6 d\u00e9cembre, France enti\u00e8re<\/h3>\n<div style=\"text-align:center\">\n<figure class=\"image\" style=\"display:inline-block\"><a class=\"fancy\" href=\"https:\/\/img-3.journaldesfemmes.fr\/Opv1_Fh-ph4TgJ6zU1dFszMEKRc=\/1080x\/smart\/76c7345a41a24f61ae272235eb185583\/ccmcms-jdf\/20713155.jpg\"><img decoding=\"async\" alt=\"cas confirm\u00e9 covid\" src=\"https:\/\/img-3.journaldesfemmes.fr\/O0FqlmxhxTeJx2urDaTp6cni2lk=\/600x\/smart\/76c7345a41a24f61ae272235eb185583\/ccmcms-jdf\/20713155.jpg\"\/><\/a><figcaption data-credit=\"Sant\u00e9 Publique France\" data-legend=\"Nombre incident de cas confirm\u00e9s de COVID-19 par semaine, rapport\u00e9s \u00e0 Sant\u00e9 publique France, du 11 mai au 6 d\u00e9cembre 2020, France enti\u00e8re\">Nombre incident de cas confirm\u00e9s de COVID-19 par semaine, rapport\u00e9s \u00e0 Sant\u00e9 publique France, du 11 mai au 6 d\u00e9cembre 2020, France enti\u00e8re <small>\u00a9\u00a0Sant\u00e9 Publique France<\/small><\/figcaption><\/figure>\n<\/div>\n<h3 style=\"text-align: center;\">Nombre de cas confirm\u00e9s de COVID-19\u00a0chez les r\u00e9sidents et le personnel en ESMS (\u00e9tablissements sociaux et m\u00e9dico-sociaux)\u00a0par semaine calendaire, du 20\u00a0juillet au 6 d\u00e9cembre, en France<\/h3>\n<div style=\"text-align:center\">\n<figure class=\"image\" style=\"display:inline-block\"><a class=\"fancy\" href=\"https:\/\/img-3.journaldesfemmes.fr\/K4u32oRm6l4TPqAoET2Emmou59Y=\/1080x\/smart\/79b8c71055bb4820b9ada6f77fb77bb2\/ccmcms-jdf\/20713175.jpg\"><img decoding=\"async\" alt=\"Nombre de cas confirm\u00e9s de COVID-19 chez les r\u00e9sidents et le personnel en ESMS par semaine calendaire, du 20 juillet au 6 d\u00e9cembre 2020, en France \" src=\"https:\/\/img-3.journaldesfemmes.fr\/XsA5sSiPAaQ80UPhvqp3HULJYoo=\/600x\/smart\/79b8c71055bb4820b9ada6f77fb77bb2\/ccmcms-jdf\/20713175.jpg\"\/><\/a><figcaption data-credit=\"Sant\u00e9 Publique France\" data-legend=\"Nombre de cas confirm\u00e9s de COVID-19 chez les r\u00e9sidents et le personnel en ESMS par semaine calendaire, du 20 juillet au 6 d\u00e9cembre 2020, en France \">Nombre de cas confirm\u00e9s de COVID-19 chez les r\u00e9sidents et le personnel en ESMS par semaine calendaire, du 20 juillet au 6 d\u00e9cembre 2020, en France <small>\u00a9\u00a0Sant\u00e9 Publique France<\/small><\/figcaption><\/figure>\n<\/div>\n<p>Avec la reprise de l&rsquo;\u00e9pid\u00e9mie de coronavirus constat\u00e9e en octobre, le suivi du nombre suppl\u00e9mentaire de nouveaux cas de Covid-19 est un indicateur important. Au 14\u00a0d\u00e9cembre,<strong>\u00a03 063\u00a0nouvelles personnes<\/strong> ont re\u00e7u un test positif au Covid-19 sur les derni\u00e8res\u00a024\u00a0heures. \u00ab\u00a0<em>Nous ne sommes pas encore au bout de cette deuxi\u00e8me vague et nous ne serons pas le 15\u00a0d\u00e9cembre \u00e0 l&rsquo;objectif que nous nous \u00e9tions fix\u00e9 de passer en dessous des 5\u00a0000\u00a0nouveaux cas par jour<\/em>\u00a0\u00bb a inform\u00e9 le Premier ministre Jean Castex le 10 d\u00e9cembre.\u00a0<\/p>\n<div style=\"text-align:center\">\n<figure class=\"image\" style=\"display:inline-block\"><a class=\"fancy\" href=\"https:\/\/img-3.journaldesfemmes.fr\/lMbq59dTvzTFkOBmZgan6d2_ePg=\/1080x\/smart\/a912e962bd564c1b83ec032630d04ded\/ccmcms-jdf\/20787412.jpg\"><img decoding=\"async\" alt=\"cas positifs en France par jour\" src=\"https:\/\/img-3.journaldesfemmes.fr\/-quHQCbVJYGdJv4Xs-l0werbBkg=\/600x\/smart\/a912e962bd564c1b83ec032630d04ded\/ccmcms-jdf\/20787412.jpg\"\/><\/a><figcaption data-credit=\"CovidTracker\" data-legend=\"Courbe des cas positifs en France par jour du 1 novembre au 12 d\u00e9cembre 2020\">Courbe des cas positifs en France par jour du 1 novembre au 12 d\u00e9cembre 2020 <small>\u00a9\u00a0CovidTracker<\/small><\/figcaption><\/figure>\n<\/div>\n<p>Lundi 14\u00a0d\u00e9cembre,<b>\u00a02 906\u00a0<\/b>personnes sont\u00a0hospitalis\u00e9es\u00a0en\u00a0r\u00e9animation (+35\u00a0en 24 heures).\u00a0Le nombre hebdomadaire de nouvelles hospitalisations pour Covid-19\u00a0a continu\u00e9 de diminuer sur la premi\u00e8re semaine de d\u00e9cembre, mais avec une baisse de 9%, bien inf\u00e9rieure \u00e0 la diminution de 31% de la semaine pr\u00e9c\u00e9dente, rapporte Sant\u00e9 Publique France. La diminution du nombre de nouvelles admissions en r\u00e9animation s&rsquo;est aussi poursuivie\u00a0mais de fa\u00e7on plus mod\u00e9r\u00e9e (-16% en S49\u00a0vs -33% en S48).\u00a0Le <a href=\"https:\/\/sante.journaldesfemmes.fr\/fiches-maladies\/2624681-plan-blanc-hopital-ile-de-france-paris-aphp-definition-covid-lille-chu-clermont-ferrand-lyon-mesures\/\" target=\"_blank\" rel=\"noopener noreferrer\">plan blanc<\/a>\u00a0est r\u00e9activ\u00e9 sur tout le territoire national depuis le 29 octobre. Le temps de doublement du nombre hebdomadaire d&rsquo;admissions en r\u00e9animation est de<strong> 30 jours.<\/strong><\/p>\n<div style=\"text-align:center\">\n<figure class=\"image\" style=\"display:inline-block\"><a class=\"fancy\" href=\"https:\/\/img-3.journaldesfemmes.fr\/GO-RXV6_fOZIYOwNZAjI0VtsVMI=\/1080x\/smart\/e64135a5d24e463e9379361fc623058e\/ccmcms-jdf\/20713375.jpg\"><img decoding=\"async\" alt=\"courbe r\u00e9animation covid-19\" src=\"https:\/\/img-3.journaldesfemmes.fr\/GO-RXV6_fOZIYOwNZAjI0VtsVMI=\/1080x\/smart\/e64135a5d24e463e9379361fc623058e\/ccmcms-jdf\/20713375.jpg\"\/><\/a><figcaption data-credit=\"Sant\u00e9 Publique France\" data-legend=\" Nombre hebdomadaire de patients COVID-19 admis en service de r\u00e9animation pendant leur hospitalisation, par semaine d\u2019admission en r\u00e9animation, depuis le 24 f\u00e9vrier 2020, France, donn\u00e9es au 6 d\u00e9cembre\">Nombre hebdomadaire de patients COVID-19 admis en service de r\u00e9animation pendant leur hospitalisation, par semaine d\u2019admission en r\u00e9animation, depuis le 24 f\u00e9vrier 2020, France, donn\u00e9es au 6 d\u00e9cembre <small>\u00a9\u00a0Sant\u00e9 Publique France<\/small><\/figcaption><\/figure>\n<\/div>\n<p>\u2192<strong> <\/strong><strong>Le taux d&rsquo;hospitalisations en r\u00e9animation <\/strong>en semaine 49 a diminu\u00e9 dans toutes les r\u00e9gions de France m\u00e9tropolitaine par rapport \u00e0 la semaine pr\u00e9c\u00e9dente,<strong> <\/strong><strong>except\u00e9 en Bretagne<\/strong> (+47\u00a0%), <strong>Provence-Alpes-C\u00f4te d&rsquo;Azur <\/strong>(+23\u00a0%), Nouvelle-Aquitaine (+19\u00a0%) et Normandie (+11\u00a0%).<\/p>\n<p>\u2192<strong> <\/strong><strong>Les plus forts taux hebdomadaires d&rsquo;admissions en r\u00e9animation<\/strong> sont rapport\u00e9s en Bourgogne-Franche-Comt\u00e9, Provence-Alpes-C\u00f4te d&rsquo;Azur, Auvergne-Rh\u00f4ne-Alpes, Hauts-de-France.<\/p>\n<p>\u2192 <strong>Profil des personnes admises en ce moment en r\u00e9animation :<\/strong> 71% sont des hommes, l&rsquo;\u00e2ge m\u00e9dian est de 68 ans.\u00a089% des patients pr\u00e9sentent au moins une comorbidit\u00e9. L&rsquo;\u00e2ge m\u00e9dian des personnes d\u00e9c\u00e9d\u00e9es est de 74 ans.<\/p>\n<p><iframe loading=\"lazy\" height=\"600\" src=\"https:\/\/geodes.santepubliquefrance.fr\/?view=map1&amp;indics=covid_hospit.rea&amp;serie=2020-11-08&amp;f1code=0&amp;lang=fr&amp;iframe=1\" width=\"600\"><\/iframe><\/p>\n<p>Selon les <a href=\"https:\/\/www.gouvernement.fr\/info-coronavirus\/carte-et-donnees\" target=\"_blank\" rel=\"noopener noreferrer\">chiffres communiqu\u00e9s par le gouvernement<\/a>, consolid\u00e9s avec l&rsquo;Agence Sant\u00e9 Publique France et\u00a0les ARS (Agences r\u00e9gionales de Sant\u00e9), voici l&rsquo;\u00e9volution des hospitalisations (dont la r\u00e9animation) et des d\u00e9c\u00e8s\u00a0en France par r\u00e9gion.<\/p>\n<h3 style=\"text-align: center;\">Evolution des hospitalisations (dont en r\u00e9animation) et d\u00e9c\u00e8s \u00e0 l&rsquo;h\u00f4pital du Covid-19\u00a0par r\u00e9gion au 13\u00a0d\u00e9cembre (source\u00a0: Sant\u00e9 publique France)<strong>.<\/strong><\/h3>\n<table border=\"1\" cellpadding=\"1\" cellspacing=\"1\" style=\"width:100%;\">\n<thead>\n<tr>\n<th scope=\"col\" style=\"width: 210px;\">R\u00e9gions<\/th>\n<th scope=\"col\" style=\"width: 169px; text-align: center;\">Hospitalisations en cours<\/th>\n<th scope=\"col\" style=\"width: 143px; text-align: center;\">Evolution des nouveaux patients sur les\u00a0 derni\u00e8res 24\u00a0H<\/th>\n<th scope=\"col\" style=\"width: 156px; text-align: center;\">R\u00e9animation Soins intensif<\/th>\n<th scope=\"col\" style=\"width: 160px; text-align: center;\">Evolution des nouveaux patients sur les\u00a0 derni\u00e8res 24\u00a0H<\/th>\n<th scope=\"col\" style=\"width: 220px; text-align: center;\">D\u00e9c\u00e8s<\/th>\n<\/tr>\n<tr>\n<td style=\"width: 210px;\"><b>\u00cele-de-France<\/b><\/td>\n<td style=\"width: 169px;\">4 973<\/td>\n<td style=\"width: 143px;\">-121<\/td>\n<td style=\"width: 156px;\">\n<p>607<\/p>\n<\/td>\n<td style=\"width: 160px;\">-4<\/td>\n<td style=\"width: 220px;\">11 455<\/td>\n<\/tr>\n<tr>\n<td style=\"width: 210px;\"><strong>Grand Est<\/strong><\/td>\n<td style=\"width: 169px;\">2 622<\/td>\n<td style=\"width: 143px;\">-13<\/td>\n<td style=\"width: 156px;\">269<\/td>\n<td style=\"width: 160px;\">-4<\/td>\n<td style=\"width: 220px;\">5 255<\/td>\n<\/tr>\n<tr>\n<td style=\"width: 210px;\"><strong>Auvergne-Rh\u00f4ne-Alpes<\/strong><\/td>\n<td style=\"width: 169px;\">4 611<\/td>\n<td style=\"width: 143px;\">-45<\/td>\n<td style=\"width: 156px;\">498<\/td>\n<td style=\"width: 160px;\">-12<\/td>\n<td style=\"width: 220px;\">5 969<\/td>\n<\/tr>\n<tr>\n<td style=\"width: 210px;\"><strong>Hauts-de-France<\/strong><\/td>\n<td style=\"width: 169px;\">2 460<\/td>\n<td style=\"width: 143px;\">-49<\/td>\n<td style=\"width: 156px;\">285<\/td>\n<td style=\"width: 160px;\">-3<\/td>\n<td style=\"width: 220px;\">3 898<\/td>\n<\/tr>\n<tr>\n<td style=\"width: 210px;\"><strong>Bourgogne-Franche-Comt\u00e9<\/strong><\/td>\n<td style=\"width: 169px;\">1 769<\/td>\n<td style=\"width: 143px;\">-103<\/td>\n<td style=\"width: 156px;\">181<\/td>\n<td style=\"width: 160px;\">-6<\/td>\n<td style=\"width: 220px;\">\n<p>2 221<\/p>\n<\/td>\n<\/tr>\n<tr>\n<td style=\"width: 210px;\"><strong>Provence-Alpes-C\u00f4te d&rsquo;Azur<\/strong><\/td>\n<td style=\"width: 169px;\">2 336<\/td>\n<td style=\"width: 143px;\">-3<\/td>\n<td style=\"width: 156px;\">307<\/td>\n<td style=\"width: 160px;\">-2<\/td>\n<td style=\"width: 220px;\">3 095<\/td>\n<\/tr>\n<tr>\n<td style=\"width: 210px;\"><strong>Occitanie<\/strong><\/td>\n<td style=\"width: 169px;\">1 406<\/td>\n<td style=\"width: 143px;\">-21<\/td>\n<td style=\"width: 156px;\">206<\/td>\n<td style=\"width: 160px;\">-3<\/td>\n<td style=\"width: 220px;\">1 890<\/td>\n<\/tr>\n<tr>\n<td style=\"width: 210px;\"><strong>Bretagne<\/strong><\/td>\n<td style=\"width: 169px;\">583<\/td>\n<td style=\"width: 143px;\">-5<\/td>\n<td style=\"width: 156px;\">58<\/td>\n<td style=\"width: 160px;\">+1<\/td>\n<td style=\"width: 220px;\">610<\/td>\n<\/tr>\n<tr>\n<td style=\"width: 210px;\"><strong>Nouvelle-Aquitaine<\/strong><\/td>\n<td style=\"width: 169px;\">1 353<\/td>\n<td style=\"width: 143px;\">-27<\/td>\n<td style=\"width: 156px;\">156<\/td>\n<td style=\"width: 160px;\">-2<\/td>\n<td style=\"width: 220px;\">1 476<\/td>\n<\/tr>\n<tr>\n<td style=\"width: 210px;\"><strong>Normandie<\/strong><\/td>\n<td style=\"width: 169px;\">1 043<\/td>\n<td style=\"width: 143px;\">-8<\/td>\n<td style=\"width: 156px;\">85<\/td>\n<td style=\"width: 160px;\">-2<\/td>\n<td style=\"width: 220px;\">1 312<\/td>\n<\/tr>\n<tr>\n<td style=\"width: 210px;\"><strong>Centre Val-de-Loire<\/strong><\/td>\n<td style=\"width: 169px;\">918<\/td>\n<td style=\"width: 143px;\">-8<\/td>\n<td style=\"width: 156px;\">103<\/td>\n<td style=\"width: 160px;\">NC<\/td>\n<td style=\"width: 220px;\">1 155<\/td>\n<\/tr>\n<tr>\n<td style=\"width: 210px;\"><strong>Pays de la Loire<\/strong><\/td>\n<td style=\"width: 169px;\">928<\/td>\n<td style=\"width: 143px;\">-16<\/td>\n<td style=\"width: 156px;\">81<\/td>\n<td style=\"width: 160px;\">NC<\/td>\n<td style=\"width: 220px;\">1 137<\/td>\n<\/tr>\n<tr>\n<td style=\"width: 210px;\"><strong>Corse<\/strong><\/td>\n<td style=\"width: 169px;\">28<\/td>\n<td style=\"width: 143px;\">NC<\/td>\n<td style=\"width: 156px;\">6<\/td>\n<td style=\"width: 160px;\">NC<\/td>\n<td style=\"width: 220px;\">113<\/td>\n<\/tr>\n<tr>\n<td style=\"width: 210px;\"><strong>Martinique<\/strong><\/td>\n<td style=\"width: 169px;\">31<\/td>\n<td style=\"width: 143px;\">-1<\/td>\n<td style=\"width: 156px;\">7<\/td>\n<td style=\"width: 160px;\">NC<\/td>\n<td style=\"width: 220px;\">42<\/td>\n<\/tr>\n<tr>\n<td style=\"width: 210px;\"><strong>Guadeloupe<\/strong><\/td>\n<td style=\"width: 169px;\">77<\/td>\n<td style=\"width: 143px;\">NC<\/td>\n<td style=\"width: 156px;\">5<\/td>\n<td style=\"width: 160px;\">NC<\/td>\n<td style=\"width: 220px;\">165<\/td>\n<\/tr>\n<tr>\n<td style=\"width: 210px;\"><strong>La R\u00e9union<\/strong><\/td>\n<td style=\"width: 169px;\">48<\/td>\n<td style=\"width: 143px;\">-2<\/td>\n<td style=\"width: 156px;\">6<\/td>\n<td style=\"width: 160px;\">NC<\/td>\n<td style=\"width: 220px;\">51<\/td>\n<\/tr>\n<tr>\n<td style=\"width: 210px;\"><strong>Guyane<\/strong><\/td>\n<td style=\"width: 169px;\">13<\/td>\n<td style=\"width: 143px;\">-2<\/td>\n<td style=\"width: 156px;\">0<\/td>\n<td style=\"width: 160px;\">NC<\/td>\n<td style=\"width: 220px;\">67<\/td>\n<\/tr>\n<tr>\n<td style=\"width: 210px;\"><strong>Mayotte<\/strong><\/td>\n<td style=\"width: 169px;\">8<\/td>\n<td style=\"width: 143px;\">-4<\/td>\n<td style=\"width: 156px;\">1<\/td>\n<td style=\"width: 160px;\">-1<\/td>\n<td style=\"width: 220px;\">38<\/td>\n<\/tr>\n<tr>\n<td style=\"width: 210px;\"><strong>TOTAL<\/strong><\/td>\n<td style=\"width: 169px;\">25 239<\/td>\n<td style=\"width: 143px;\">-428<\/td>\n<td style=\"width: 156px;\"><b>2 871<\/b><\/td>\n<td style=\"width: 160px;\">-38<\/td>\n<td style=\"width: 220px;\">\n<p><b>39 975<\/b><\/p>\n<\/td>\n<\/tr>\n<\/thead>\n<\/table>\n<p><em>\u00ab\u00a0La mortalit\u00e9 li\u00e9e \u00e0 la Covid-19\u00a0reste tr\u00e8s \u00e9lev\u00e9e\u00a0\u00bb<\/em> indique Sant\u00e9 Publique France le 10 d\u00e9cembre m\u00eame si elle baisse sur la premi\u00e8re semaine de d\u00e9cembre, comme c&rsquo;\u00e9tait le cas la semaine pr\u00e9c\u00e9dente. L&rsquo;agence rapporte toutefois<em>\u00a0\u00ab\u00a0un<strong> exc\u00e8s tr\u00e8s \u00e9lev\u00e9 en Auvergne-Rh\u00f4ne-Alpes et Bourgogne-Franche-Comt\u00e9\u00a0\u00bb<\/strong>.\u00a0<\/em>Au 14\u00a0d\u00e9cembre, <strong>58 282\u00a0<\/strong>personnes sont d\u00e9c\u00e9d\u00e9es du coronavirus depuis le d\u00e9but de l&rsquo;\u00e9pid\u00e9mie (<strong>+371\u00a0<\/strong>en 24h).\u00a0<strong>93% ont 65 ans ou plus<\/strong>, <strong>55% sont des hommes<\/strong>. La France a franchi la barre des 40 000 morts samedi 7 novembre\u00a0et celle des 50 000 le 24 novembre.\u00a0<strong>Un pic de mortalit\u00e9 a \u00e9t\u00e9 atteint en France le 7\u00a0novembre,<\/strong> selon les chiffres publi\u00e9s le 4\u00a0d\u00e9cembre par l&rsquo;Insee. La France enregistrait \u00e0 cette date 40\u00a0169\u00a0morts du Covid-19\u00a0depuis le d\u00e9but de l&rsquo;\u00e9pid\u00e9mie. Depuis cette date le\u00a0nombre de d\u00e9c\u00e8s diminue progressivement mais reste toujours sup\u00e9rieur \u00e0 ceux de 2019\u00a0et de 2018.\u00a0<\/p>\n<p><strong>\u2192 <\/strong>Les plus <strong>forts taux de d\u00e9c\u00e8s de patients Covid-19\u00a0par r\u00e9gion<\/strong> rapport\u00e9s \u00e0 la population (\/100\u00a0000\u00a0habitants) sur la premi\u00e8re semaine de d\u00e9cembre\u00a0sont\u00a0observ\u00e9s en Auvergne-Rh\u00f4ne-Alpes, Bourgogne-Franche-Comt\u00e9 et Grand Est.<\/p>\n<h3 style=\"text-align: center;\">Nombre hebdomadaire de d\u00e9c\u00e8s certifi\u00e9s par voie \u00e9lectronique avec une mention de COVID-19\u00a0dans les causes m\u00e9dicales de d\u00e9c\u00e8s, du 1er mars au 06\u00a0d\u00e9cembre 2020, France (donn\u00e9es au 08\u00a0d\u00e9cembre 2020)<\/h3>\n<div style=\"text-align:center\">\n<figure class=\"image\" style=\"display:inline-block\"><a class=\"fancy\" href=\"https:\/\/img-3.journaldesfemmes.fr\/QS_cBeQ7lYPZcifQFKCgxJtHR_Q=\/1080x\/smart\/a5a57bdc5d394e4dae76e86d9dbdd3a6\/ccmcms-jdf\/20713475.jpg\"><img decoding=\"async\" alt=\"courbe d\u00e9c\u00e8s covid france\" src=\"https:\/\/img-3.journaldesfemmes.fr\/OwJPy0lPx5Uv3WIYv9wVXSZyihg=\/600x\/smart\/a5a57bdc5d394e4dae76e86d9dbdd3a6\/ccmcms-jdf\/20713475.jpg\"\/><\/a><figcaption data-credit=\"Sant\u00e9 Publique France\" data-legend=\"Nombre hebdomadaire de d\u00e9c\u00e8s certifi\u00e9s par voie \u00e9lectronique, avec une mention de COVID-19 dans les causes m\u00e9dicales de d\u00e9c\u00e8s, en France, du 1er mars au 6 d\u00e9cembre 2020 (donn\u00e9es au 8 d\u00e9cembre 2020) \">Nombre hebdomadaire de d\u00e9c\u00e8s certifi\u00e9s par voie \u00e9lectronique, avec une mention de COVID-19 dans les causes m\u00e9dicales de d\u00e9c\u00e8s, en France, du 1er mars au 6 d\u00e9cembre 2020 (donn\u00e9es au 8 d\u00e9cembre 2020) <small>\u00a9\u00a0Sant\u00e9 Publique France<\/small><\/figcaption><\/figure>\n<\/div>\n<p><iframe loading=\"lazy\" height=\"1000\" src=\"https:\/\/mapthenews.maps.arcgis.com\/apps\/opsdashboard\/index.html#\/bae8aaa7a0b14261b4621c31db410c44\" style=\"border: 0px\" width=\"600\"><\/iframe><\/p>\n<p>Si l&rsquo;ensemble des r\u00e9gions m\u00e9tropolitaines \u00e9tait encore fortement touch\u00e9 par l&rsquo;\u00e9pid\u00e9mie sur la premi\u00e8re semaine de d\u00e9cembre, les r\u00e9gions <strong>Auvergne-Rh\u00f4ne-Alpes, Bourgogne-Franche-Comt\u00e9 et Grand Est <\/strong>\u00e9taient les plus impact\u00e9es, indique Sant\u00e9 Publique France le 10 d\u00e9cembre. Par ailleurs,\u00a0apr\u00e8s quatre semaines de d\u00e9croissance de l&rsquo;\u00e9pid\u00e9mie, les<strong> taux d&rsquo;incidence ont augment\u00e9 en Grand Est<\/strong> (+6%), Pays de la Loire (+5%) et Nouvelle-Aquitaine (+4%) par rapport \u00e0 la semaine pr\u00e9c\u00e9dente. Les taux d&rsquo;hospitalisations ont diminu\u00e9 dans la majorit\u00e9 des r\u00e9gions m\u00e9tropolitaines, <strong>except\u00e9 en Grand Est <\/strong>o\u00f9 le taux s&rsquo;est stabilis\u00e9, en<strong> Bretagne, Bourgogne-Franche-Comt\u00e9 et en Centre-Val de Loire<\/strong>, o\u00f9 le taux d&rsquo;hospitalisations a augment\u00e9 en comparaison avec la semaine pr\u00e9c\u00e9dente. Les taux d&rsquo;hospitalisations en r\u00e9animation ont diminu\u00e9 dans toutes les r\u00e9gions m\u00e9tropolitaines par rapport \u00e0 la semaine pr\u00e9c\u00e9dente, except\u00e9 en Bretagne, Provence-Alpes-C\u00f4te d&rsquo;Azur, Nouvelle-Aquitaine et Normandie.<\/p>\n<p><iframe loading=\"lazy\" height=\"600\" src=\"https:\/\/geodes.santepubliquefrance.fr\/?view=map1&amp;indics=sp_pe_tb_heb.tx_pe_hebdo&amp;serie=2020-S42&amp;f1code=0&amp;lang=fr&amp;iframe=1\" width=\"600\"><\/iframe><\/p>\n<aside id=\"NL_756667445\" class=\"newsletter_subscription jNlBlock\"><noscript><br \/>\n            <\/noscript><\/p>\n<h3 class=\"newsletter_subscription-title\">Newsletter <\/h3>\n<p><a href=\"\/\/mailing.ccmbg.com\/archive\/last-85\" target=\"_blank\" class=\"a_hover\" rel=\"noopener noreferrer\">Voir un exemple<\/a><\/p>\n<\/aside>\n<p>Au 13\u00a0d\u00e9cembre<strong>, 100<\/strong>\u00a0<strong>d\u00e9partements <\/strong>ont un nombre de cas de Covid-19 au-dessus du seuil d&rsquo;alerte de 50\/100 000 habitants et sont en niveau de vuln\u00e9rabilit\u00e9 \u00ab\u00a0\u00e9lev\u00e9\u00a0\u00bb.\u00a0Les d\u00e9partements pr\u00e9sentant les taux d&rsquo;incidence les plus \u00e9lev\u00e9s sur la premi\u00e8re semaine de d\u00e9cembre \u00e9taient les Ardennes (229\/100\u00a0000\u00a0habitants), la Haute-Savoie (224), le Doubs (223), les Hautes-Pyr\u00e9n\u00e9es (216), l&rsquo;Yonne (199). Dans ces d\u00e9partements, ces taux \u00e9taient toutefois en diminution par rapport \u00e0 la semaine pr\u00e9c\u00e9dente.<\/p>\n<h3 style=\"text-align: center;\">Niveau de vuln\u00e9rabilit\u00e9 par d\u00e9partement et \u00e9volution, France, au 13\u00a0d\u00e9cembre\u00a02020<\/h3>\n<div style=\"text-align:center\">\n<figure class=\"image\" style=\"display:inline-block\"><a class=\"fancy\" href=\"https:\/\/img-3.journaldesfemmes.fr\/RLXHxY-TsecURE-Mju6XptXO4d0=\/1080x\/smart\/27b29abf507d47378a9fd539fe6abbd1\/ccmcms-jdf\/20171983.png\"><img decoding=\"async\" alt=\"\" src=\"https:\/\/img-3.journaldesfemmes.fr\/bMv80tzKrrm3XdtiWOxvvb7Tyos=\/600x\/smart\/27b29abf507d47378a9fd539fe6abbd1\/ccmcms-jdf\/20171983.png\"\/><\/a><figcaption data-credit=\"Sant\u00e9 Publique France\" data-legend=\"Niveau de vuln\u00e9rabilit\u00e9 par d\u00e9partement et \u00e9volution, France, au 17 novembre 2020 \u00a9 Sant\u00e9 Publique France \u00a9 Sant\u00e9 Publique France\">Niveau de vuln\u00e9rabilit\u00e9 par d\u00e9partement et \u00e9volution, France, au 13 d\u00e9cembre 2020 \u00a9 Sant\u00e9 Publique France \u00a9 Sant\u00e9 Publique France <small>\u00a9\u00a0Sant\u00e9 Publique France<\/small><\/figcaption><\/figure>\n<\/div>\n<section>\n<blockquote>\n<p style=\"text-align: right;\">\u00a0<\/p>\n<\/blockquote>\n<p>Les taux de reproduction du virus appel\u00e9s \u00ab\u00a0R-effectifs\u00a0\u00bb ou \u00ab\u00a0Reff\u00a0\u00bb\u00a0permettent de d\u00e9crire la dynamique de l&rsquo;\u00e9pid\u00e9mie\u00a0: lorsque le Reff est significativement sup\u00e9rieur \u00e0 1, ceci signifie que l&rsquo;\u00e9pid\u00e9mie est en progression, lorsqu&rsquo;il est \u00e9gal \u00e0 1, l&rsquo;\u00e9pid\u00e9mie se stabilise, lorsqu&rsquo;il est significativement inf\u00e9rieur \u00e0 1, l&rsquo;\u00e9pid\u00e9mie r\u00e9gresse. Au 11 d\u00e9cembre, le<strong> R effectif est \u00e0 0,83 (contre 0,56 le 10 d\u00e9cembre).<\/strong>\u00a0Il est inf\u00e9rieure \u00e0 1\u00a0en France m\u00e9tropolitaine dans les trois sources de donn\u00e9es (tests PCR et tests antig\u00e9niques, passages aux urgences,\u00a0donn\u00e9es d&rsquo;hospitalisations) mais ces\u00a0<strong>trois taux sont en hausse<\/strong> par rapport aux estimations de la semaine pr\u00e9c\u00e9dente ce qui traduit <strong>une augmentation des niveaux de transmission virale<\/strong>, indique Sant\u00e9 Publique France le 10 d\u00e9cembre. Comment ce nombre est-il calcul\u00e9\u00a0?\u00a0<\/p>\n<p>Le d\u00e9pistage du Covid-19 est r\u00e9alis\u00e9 en France par RT-PCT et par tests antig\u00e9niques. Au 12\u00a0d\u00e9cembre, le taux de positivit\u00e9 est en baisse et s&rsquo;\u00e9tablit \u00e0\u00a0<strong>6,3%.<\/strong>\u00a0<strong>590 laboratoires<\/strong> testent par PCR les Fran\u00e7ais sur l&rsquo;ensemble du territoire et sont soutenus\u00a0par les pharmacies (pour les tests antig\u00e9niques).<em> \u00ab\u00a0Il reste d\u00e9terminant que chaque personne pr\u00e9sentant des sympt\u00f4mes \u00e9vocateurs de COVID-19\u00a0s&rsquo;isole imm\u00e9diatement et r\u00e9alise un test diagnostique dans les plus brefs d\u00e9lais\u00a0\u00bb<\/em> informe Sant\u00e9 Publique France le 10 d\u00e9cembre.<\/p>\n<p>Comme il n&rsquo;y a ni vaccin, ni m\u00e9dicament efficace contre le coronavirus, le meilleur moyen de s&rsquo;en prot\u00e9ger\u00a0est <strong>l&rsquo;application de <a href=\"https:\/\/sante.journaldesfemmes.fr\/fiches-maladies\/2619739-gestes-barrieres-covid-19-ecole-distanciation-sociale-maternelle-entreprise-restaurant-affiche-hygiene-aeration-maison\/\" target=\"_blank\" rel=\"noopener noreferrer\">gestes barri\u00e8res<\/a><\/strong> :\u00a0mesures d&rsquo;hygi\u00e8ne, r\u00e9duction des contacts (salut sans embrassade et sans serrer les mains, maintien de la distance physique, regroupements \u00e0 \u00e9viter), port appropri\u00e9 du masque <strong>(bouche et nez couverts)<\/strong>, a\u00e9ration des endroits clos. Les personnes contacts de cas confirm\u00e9s doivent respecter les p\u00e9riodes d&rsquo;isolement. Les <strong>personnes \u00e2g\u00e9es ou atteintes de pathologies chroniques (atteintes respiratoire, cardiaque, ob\u00e9sit\u00e9, diab\u00e8te\u2026) <\/strong>sont appel\u00e9es \u00e0 la plus<strong> grande prudence <\/strong>tant que le virus circule.<\/p>\n<p>Si au d\u00e9but, on ne parlait que de fi\u00e8vre, toux s\u00e8che, rhume, \u00e9tat grippal et de fatigue, les sympt\u00f4mes de l&rsquo;infection par le coronavirus ont \u00e9volu\u00e9. On sait d\u00e9sormais que le virus peut avoir des <strong>effets sur la peau<\/strong> (urticaire, l\u00e9sions inflammatoires sur les orteils), la sph\u00e8re digestive (vomissements, diarrh\u00e9es&#8230;), <strong>l&rsquo;odorat<\/strong>, le <strong>go\u00fbt <\/strong>et m\u00eame le cerveau.<em> \u00ab\u00a0Sur 100 personnes atteintes du coronavirus, 90 ne vont pas d\u00e9velopper de sympt\u00f4mes\u00a0\u00bb<\/em> a inform\u00e9 le ministre de la Sant\u00e9 le 5 novembre.<\/p>\n<ul>\n<li><strong>Si vous pr\u00e9sentez des\u00a0sympt\u00f4mes (toux, fi\u00e8vre, mal de t\u00eate) : <\/strong>\u00e9vitez\u00a0les contacts, restez\u00a0\u00e0 domicile, prenez du parac\u00e9tamol si besoin, appelez\u00a0un m\u00e9decin pour prendre rendez-vous dans l&rsquo;\u00e9ventualit\u00e9 qu&rsquo;il vous fasse passer un test de d\u00e9pistage.\u00a0<\/li>\n<li><strong>Appeler le\u00a015 en cas de\u00a0difficult\u00e9s respiratoires : \u00ab\u00a0<\/strong><em>Si cette toux et cette fi\u00e8vre s&rsquo;accompagnent d&rsquo;une g\u00eane respiratoire qui devient permanente avec souffle court, difficult\u00e9 \u00e0 inspirer et \u00e0 expirer, d&rsquo;une aggravation importante de la toux, cela peut signifier une \u00e9volution de la maladie sous la forme d&rsquo;une pneumopathie. Il s&rsquo;agit alors d&rsquo;une urgence respiratoire potentielle et comme dans tous les cas d&rsquo;urgence, il faut alors appeler le 15\u00a0qui prendra les meilleures dispositions pour r\u00e9pondre \u00e0 la situation\u00a0\u00bb, <\/em>pr\u00e9vient le Dr\u00a0Patrick Aub\u00e9, m\u00e9decin g\u00e9n\u00e9raliste. \u00a0<\/li>\n<\/ul>\n<table border=\"1\" cellpadding=\"1\" cellspacing=\"1\" style=\"width:100%;\">\n<thead>\n<tr>\n<th scope=\"col\" style=\"text-align: center;\"><strong>DATES CL\u00c9S DE L&rsquo;\u00c9PID\u00c9MIE EN FRANCE<\/strong><\/th>\n<\/tr>\n<\/thead>\n<tbody>\n<tr>\n<td>\n<ul>\n<li><strong>31\u00a0d\u00e9cembre 2019,<\/strong> l&rsquo;Organisation mondiale de la Sant\u00e9 en Chine est inform\u00e9e de plusieurs cas de pneumonies dans la ville de Wuhan. 44\u00a0personnes sont infect\u00e9es entre cette date et le 3\u00a0janvier 2020.<\/li>\n<li><strong>7\u00a0janvier 2020, <\/strong>les autorit\u00e9s chinoises identifient un \u00ab\u00a0nouveau type de coronavirus\u00a0\u00bb.<\/li>\n<li><strong>13\u00a0janvier, <\/strong>un cas import\u00e9 est recens\u00e9 en Tha\u00eflande.<\/li>\n<li><strong>15\u00a0janvier<\/strong>, le virus cause\u00a0la mort d&rsquo;<strong>une premi\u00e8re\u00a0personne \u00e0 Wuhan<\/strong>, un homme de 69\u00a0ans.\u00a0<\/li>\n<li><strong>23\u00a0janvier,<\/strong> trois villes chinoises dont Wuhan sont plac\u00e9es en quarantaine.<\/li>\n<li><strong>25\u00a0janvier, trois personnes\u00a0contamin\u00e9es sont recens\u00e9es en France<\/strong>, deux \u00e0 Paris et une Bordeaux. Ce sont les premiers cas enregistr\u00e9s sur le continent europ\u00e9en.<\/li>\n<li><strong>30\u00a0janvier, <\/strong>l&rsquo;Organisation mondiale de la Sant\u00e9 <strong>d\u00e9cr\u00e8te\u00a0l&rsquo;<a href=\"https:\/\/sante.journaldesfemmes.fr\/fiches-maladies\/2608035-urgence-de-sante-publique-de-portee-internationale-definition-oms-coronavirus\/\" target=\"_blank\" rel=\"noopener noreferrer\">urgence de sant\u00e9 mondiale<\/a><\/strong>.\u00a0Cette mesure n&rsquo;avait \u00e9t\u00e9 d\u00e9cr\u00e9t\u00e9e que 5\u00a0fois depuis sa cr\u00e9ation (pour Ebola (deux fois), la grippe H1N1, Zika et la poliomy\u00e9lite).\u00a0<\/li>\n<li><strong>23\u00a0f\u00e9vrier, <\/strong>la France d\u00e9clenche le <a href=\"https:\/\/sante.journaldesfemmes.fr\/fiches-maladies\/2622449-plan-orsan-reb-definition-signification-qui-declenche-coronavirus-definition-duree\/\" target=\"_blank\" rel=\"noopener noreferrer\">plan ORSAN<\/a>, un dispositif exceptionnel d&rsquo;organisation des soins.<\/li>\n<li><strong>28\u00a0f\u00e9vrier,<\/strong> la France passe en stade 2\u00a0de l&rsquo;\u00e9pid\u00e9mie.<\/li>\n<li><strong>11\u00a0mars, <\/strong>l&rsquo;OMS classifie de <strong>pand\u00e9mie <\/strong>la diffusion de la maladie \u00e0 coronavirus Covid-19\u00a0dans le monde.<\/li>\n<li><strong>12\u00a0mars<\/strong>, le pr\u00e9sident de la R\u00e9publique Emmanuel Macron annonce la fermeture nationale des cr\u00e8ches et \u00e9tablissements scolaires de France \u00e0 compter du 16\u00a0mars et \u00ab\u00a0jusqu&rsquo;\u00e0 nouvel ordre\u00a0\u00bb.<\/li>\n<li><strong>14\u00a0mars<\/strong>, la France passe au <a href=\"https:\/\/sante.journaldesfemmes.fr\/fiches-maladies\/2625289-coronavirus-covid-19-stade-1-2-3-4-duree-mesure-france-signification-quand\/\" target=\"_blank\" rel=\"noopener noreferrer\"><strong>stade 3 <\/strong><\/a>de l&rsquo;\u00e9pid\u00e9mie.<\/li>\n<li><strong>16\u00a0mars\u00a0:<\/strong>\u00a0la France met en place un dispositif de confinement interdisant les d\u00e9placements.<\/li>\n<li><strong>18\u00a0mars<\/strong> le premier transfert de patients Covid-19\u00a0en France est r\u00e9alis\u00e9\u00a0gr\u00e2ce \u00e0 l&rsquo;Arm\u00e9e, par voie terrestre et a\u00e9rienne.\u00a0<\/li>\n<li><strong>26\u00a0mars<\/strong>, un premier cas jeune meurt en France, une adolescente de 16\u00a0ans, en Ile-de-France originaire de Morsang-sur-Orge.<\/li>\n<li><strong>27\u00a0mars,<\/strong> le confinement de la population fran\u00e7aise est renouvel\u00e9 jusqu&rsquo;au 15\u00a0avril.<\/li>\n<li><strong>13\u00a0avril,<\/strong> Emmanuel Macron annonce le prolongement du confinement jusqu&rsquo;au 11\u00a0mai.<\/li>\n<li><strong>11\u00a0mai, <\/strong>la France commence son d\u00e9confinement.<\/li>\n<li><strong>\u00a015\u00a0juin<\/strong>, toute la France passe en zone verte, sauf Mayotte et la Guyane. A Paris, les restaurants et bars peuvent rouvrir compl\u00e8tement.<\/li>\n<li><strong>22\u00a0juin, <\/strong>les \u00e9coles sont de nouveaux obligatoires en France pour tous les \u00e9l\u00e8ves. Les cin\u00e9mas, salles de jeux, casinos rouvrent. Les sports collectifs peuvent \u00eatre autoris\u00e9s tout en respectant certaines conditions sanitaires.<\/li>\n<li><strong>10\u00a0juillet<\/strong>, la <strong>France <\/strong>a franchi la barre des 30\u00a0000\u00a0morts. Dans la nuit du 10\u00a0au 11\u00a0juillet \u00e0 minuit, l&rsquo;\u00e9tat d&rsquo;urgence sanitaire prend fin en France.<\/li>\n<li><strong>\u00a020\u00a0juillet,<\/strong>\u00a0le <strong>port du masque est obligatoire <\/strong>dans les lieux publics clos en France.<\/li>\n<li><strong>8 octobre, <\/strong>le<strong> plan blanc est r\u00e9activ\u00e9 <\/strong>dans les h\u00f4pitaux d&rsquo;Ile-de-France.<\/li>\n<li><strong>17 octobre \u00e0 0h01<\/strong>, la France repasse en \u00e9tat d&rsquo;urgence sanitaire et un <strong>couvre-feu <\/strong>est instaur\u00e9 dans 9 territoires\u00a0(Paris-Ile-de-France, Rouen, Grenoble, Lille, Lyon, Aix-Marseille, Montpellier, Saint-Etienne, Toulouse).<\/li>\n<li><strong>24 octobre \u00e0 0h01 :<\/strong> extension des mesures de couvre-feu \u00e0 38 nouveaux d\u00e9partements fran\u00e7ais.<\/li>\n<li><strong>29 octobre \u00e0 0h01<\/strong> : reconfinement national pour 4 semaines, jusqu&rsquo;au 1er d\u00e9cembre au minimum.<\/li>\n<li><strong>28 novembre : <\/strong>premi\u00e8re \u00e9tape d&rsquo;all\u00e8gement du confinement avec la r\u00e9ouverture des commerces non essentiels.<\/li>\n<li><strong>15 d\u00e9cembre : <\/strong>seconde \u00e9tape\u00a0d&rsquo;all\u00e8gement du confinement avec le passage \u00e0 un couvre-feu de 20 heures \u00e0 6 heures du matin.<\/li>\n<\/ul>\n<\/td>\n<\/tr>\n<\/tbody>\n<\/table>\n<p><em>Cet article est mis \u00e0 jour quotidiennement par <a href=\"https:\/\/www.journaldesfemmes.fr\/account\/ablaize-11409696\" target=\"_blank\" rel=\"noopener noreferrer\">Aur\u00e9lie Blaize<\/a>, <a href=\"https:\/\/www.journaldesfemmes.fr\/account\/anaisthiebaux-10573564\" target=\"_blank\" rel=\"noopener noreferrer\">Ana\u00efs Thi\u00e9baux<\/a> et <a href=\"https:\/\/www.journaldesfemmes.fr\/account\/samanthapages-11598093\" target=\"_blank\" rel=\"noopener noreferrer\">Samantha Pag\u00e8s<\/a>.\u00a0<\/em><\/p>\n<\/section>\n<\/div>\n<p>[ad_2]<br \/>\n<br \/><a href=\"https:\/\/sante.journaldesfemmes.fr\/fiches-maladies\/2605417-coronavirus-france-covid-19-cas-chiffres-nombre-nouveaux-deces-combien-morts-test\/\">Source link <\/a><\/p>\n","protected":false},"excerpt":{"rendered":"<p>[ad_1] COVID FRANCE DIRECT &#8211; Les chiffres de l&rsquo;\u00e9pid\u00e9mie ne cessent de fluctuer. 3\u00a0063\u00a0nouveaux cas ont \u00e9t\u00e9 enregistr\u00e9s en 24h, &hellip; <a href=\"http:\/\/www.affinite.fr\/index.php\/2020\/12\/14\/baisse-des-cas-hausse-des-hospitalisations\/\" class=\"more-link\">Plus <span class=\"screen-reader-text\">baisse des cas, hausse des hospitalisations<\/span> <span class=\"meta-nav\">&rarr;<\/span><\/a><\/p>\n","protected":false},"author":1,"featured_media":5656,"comment_status":"open","ping_status":"open","sticky":false,"template":"","format":"standard","meta":{"_sitemap_exclude":false,"_sitemap_priority":"","_sitemap_frequency":"","footnotes":""},"categories":[1],"tags":[],"class_list":["post-5655","post","type-post","status-publish","format-standard","has-post-thumbnail","hentry","category-tous"],"_links":{"self":[{"href":"http:\/\/www.affinite.fr\/index.php\/wp-json\/wp\/v2\/posts\/5655"}],"collection":[{"href":"http:\/\/www.affinite.fr\/index.php\/wp-json\/wp\/v2\/posts"}],"about":[{"href":"http:\/\/www.affinite.fr\/index.php\/wp-json\/wp\/v2\/types\/post"}],"author":[{"embeddable":true,"href":"http:\/\/www.affinite.fr\/index.php\/wp-json\/wp\/v2\/users\/1"}],"replies":[{"embeddable":true,"href":"http:\/\/www.affinite.fr\/index.php\/wp-json\/wp\/v2\/comments?post=5655"}],"version-history":[{"count":0,"href":"http:\/\/www.affinite.fr\/index.php\/wp-json\/wp\/v2\/posts\/5655\/revisions"}],"wp:featuredmedia":[{"embeddable":true,"href":"http:\/\/www.affinite.fr\/index.php\/wp-json\/wp\/v2\/media\/5656"}],"wp:attachment":[{"href":"http:\/\/www.affinite.fr\/index.php\/wp-json\/wp\/v2\/media?parent=5655"}],"wp:term":[{"taxonomy":"category","embeddable":true,"href":"http:\/\/www.affinite.fr\/index.php\/wp-json\/wp\/v2\/categories?post=5655"},{"taxonomy":"post_tag","embeddable":true,"href":"http:\/\/www.affinite.fr\/index.php\/wp-json\/wp\/v2\/tags?post=5655"}],"curies":[{"name":"wp","href":"https:\/\/api.w.org\/{rel}","templated":true}]}}