{"id":5637,"date":"2020-12-11T18:36:54","date_gmt":"2020-12-11T18:36:54","guid":{"rendered":"https:\/\/www.affinite.fr\/index.php\/2020\/12\/11\/chiffres-du-jour-regions-dans-le-rouge\/"},"modified":"2020-12-11T18:36:54","modified_gmt":"2020-12-11T18:36:54","slug":"chiffres-du-jour-regions-dans-le-rouge","status":"publish","type":"post","link":"http:\/\/www.affinite.fr\/index.php\/2020\/12\/11\/chiffres-du-jour-regions-dans-le-rouge\/","title":{"rendered":"chiffres du jour, r\u00e9gions dans le rouge"},"content":{"rendered":"<p> [ad_1]<br \/>\n<\/p>\n<p>\n                COVID FRANCE DIRECT &#8211; Le nombre de contaminations reste \u00e9lev\u00e9\u00a0: 13\u00a0406\u00a0nouveaux cas ont \u00e9t\u00e9 diagnostiqu\u00e9s en 24h et 304\u00a0nouveaux d\u00e9c\u00e8s. La ville de Paris demande une concertation pour ses mus\u00e9es, cin\u00e9mas et th\u00e9\u00e2tres. Nombre de cas, de morts, r\u00e9gions les plus touch\u00e9es. Derni\u00e8res infos.            <\/p>\n<div>\n<aside class=\"ccmsummary marqueur_module ccmcss_cms_summary ccmcss_cms_summary--right\">\n<p>\u00a0Sommaire<\/p>\n<\/aside>\n<p><strong>[Mise \u00e0 jour du vendredi 11\u00a0d\u00e9cembre \u00e0 19h02<\/strong><b>]<\/b> \u00ab\u00a0<em>La situation sanitaire s&rsquo;est consid\u00e9rablement am\u00e9lior\u00e9e\u00a0\u00bb<\/em>\u00a0a annonc\u00e9 Jean Castex lors de sa conf\u00e9rence de presse jeudi soir. \u00ab\u00a0<em>Mais <strong>cette am\u00e9lioration marque le pas depuis une semaine.<\/strong> Le nombre de nouvelles contaminations ne se r\u00e9duit plus et il tend m\u00eame \u00e0 l\u00e9g\u00e8rement r\u00e9-augment\u00e9. La partie est donc loin d&rsquo;\u00eatre gagn\u00e9e\u00a0\u00bb<\/em> a-t-il continu\u00e9 avant de confirmer que \u00ab\u00a0<em><strong>nous ne serons pas le 15\u00a0d\u00e9cembre \u00e0 l&rsquo;objectif que nous nous \u00e9tions fix\u00e9 <\/strong>de passer en dessous des 5\u00a0000\u00a0nouveaux cas par jour<\/em>\u00ab\u00a0.\u00a0Les indicateurs de suivi de l&rsquo;\u00e9pid\u00e9mie de Covid se maintiennent \u00e0 un niveau \u00e9lev\u00e9 et, au cours de la premi\u00e8re semaine de d\u00e9cembre, comme la semaine pr\u00e9c\u00e9dente,<strong> plus de 10\u00a0000\u00a0nouveaux cas de COVID-19\u00a0\u00e9taient confirm\u00e9s<\/strong>, en moyenne, chaque jour en France. En cons\u00e9quence, le Premier ministre a annonc\u00e9 qu&rsquo;au 15 d\u00e9cembre,\u00a0les \u00e9tablissements recevant du public resteront ferm\u00e9s 3 semaines de plus, que l&rsquo;accueil dans les lieux de culte ne sera pas revu \u00e0 la hausse\u00a0et qu&rsquo;<strong>un couvre-feu d\u00e9butera \u00e0 20 heures<\/strong>, jusqu&rsquo;\u00e0 6 heures du matin et concernera la soir\u00e9e du 31 d\u00e9cembre. \u00ab\u00a0<em>No\u00ebl occupe une place \u00e0 part<\/em>\u00a0\u00bb a pr\u00e9cis\u00e9\u00a0le chef du gouvernement qui a recommand\u00e9 de <strong>s&rsquo;auto-confiner 5 jours\u00a0avant les f\u00eates <\/strong>pour r\u00e9duire le <a href=\"https:\/\/sante.journaldesfemmes.fr\/fiches-maladies\/2679521-contagion-covid-19-combien-de-temps-jours-duree-asymptomatique-symptomes-incubation-contagieux\/\" target=\"_blank\" rel=\"noopener noreferrer\">risque de contagion<\/a> lors des retrouvailles en famille. Au 11\u00a0d\u00e9cembre, le bilan de l&rsquo;\u00e9pid\u00e9mie est de <strong>13 406 nouveaux cas positifs\u00a0sur les derni\u00e8res 24 heures<\/strong>, 304 nouveaux d\u00e9c\u00e8s sont recens\u00e9s, auxquels s&rsquo;ajoutent 323 d\u00e9c\u00e8s en Ehpad et \u00e9tablissements sociaux et m\u00e9dico-sociaux sur les 3 derniers jours (du 9 au 11 d\u00e9cembre)\u00a0et<strong> 2 884 personnes sont en r\u00e9animation<\/strong>. Dans son bulletin du 10 d\u00e9cembre, Sant\u00e9 Publique France rapporte un<strong> exc\u00e8s de mortalit\u00e9<\/strong> tr\u00e8s \u00e9lev\u00e9e en <strong>Auvergne-Rh\u00f4ne-Alpes et Bourgogne-Franche-Comt\u00e9.\u00a0<\/strong>Jusqu&rsquo;au 15 d\u00e9cembre, les Fran\u00e7ais doivent continuer de se d\u00e9placer avec une <strong><a href=\"https:\/\/media.interieur.gouv.fr\/deplacement-covid-19\/\" target=\"_blank\" rel=\"noopener noreferrer\">attestation<\/a><\/strong>. Nombre de cas de Covid-19\u00a0en France, \u00e9volution sur 24 heures, d\u00e9c\u00e8s,\u00a0<a href=\"https:\/\/sante.journaldesfemmes.fr\/fiches-maladies\/2667643-carte-covid-19-france-zone-rouge-orange-departement-ile-de-france-temps-reel-monde-evolution-alerte\/\" rel=\"noopener noreferrer\" target=\"_blank\">cartes pour suivre l&rsquo;\u00e9pid\u00e9mie par d\u00e9partement et r\u00e9gion<\/a>,\u00a0<a href=\"https:\/\/sante.journaldesfemmes.fr\/fiches-maladies\/2636717-cluster-covid-19-coronavirus-france-definition-c-est-quoi-liste-nouveaux\/\" rel=\"noopener noreferrer\" target=\"_blank\">clusters<\/a>,\u00a0<a href=\"https:\/\/sante.journaldesfemmes.fr\/fiches-maladies\/2629823-taux-de-reproduction-france-covid-coronavirus-r0-r-effectif-calcul-carte-evolution-taux-region\/\" rel=\"noopener noreferrer\" target=\"_blank\">R0\u00a0en France<\/a>, <a href=\"https:\/\/sante.journaldesfemmes.fr\/fiches-maladies\/2679521-contagion-covid-19-combien-de-temps-jours-duree-asymptomatique-symptomes-incubation-contagieux\/\" target=\"_blank\" rel=\"noopener noreferrer\">contagion du coronavirus<\/a>, <a href=\"https:\/\/sante.journaldesfemmes.fr\/fiches-maladies\/2620433-vaccin-coronavirus-covid-19-angleterre-sanofi-pfizer-arn-moderna-france-allergie-astrazeneca\/\" target=\"_blank\" rel=\"noopener noreferrer\">strat\u00e9gie vaccinale<\/a>&#8230; Chiffres et infos du jour.<\/p>\n<p><u><b>Derni\u00e8res infos en direct :<\/b><\/u><\/p>\n<ul>\n<li><strong>5 centres de d\u00e9pistage \u00e0 Lyon. <\/strong>La\u00a0ville de Lyon a donn\u00e9 son accord pour l&rsquo;installation de cinq centres de d\u00e9pistage, selon une information du journal <em>Le Progr\u00e8s. <\/em>Ils viendront en compl\u00e9ment d&rsquo;autres lieux choisi par la R\u00e9gion\u00a0pour l&rsquo;organisation de\u00a0la campagne de d\u00e9pistage massif du 16\u00a0au 23\u00a0d\u00e9cembre.\u00a0\u00a0<\/li>\n<li><strong>Rapport hebdomadaire sur la vaccination.<\/strong> Un rapport sur les effets ind\u00e9sirables (des vaccins) signal\u00e9s sera publi\u00e9 chaque semaine, indique vendredi l&rsquo;Agence du m\u00e9dicament (ANSM). <em>\u00ab\u00a0L&rsquo;enjeu majeur est (&#8230;) d&rsquo;identifier des effets ind\u00e9sirables qui n&rsquo;auraient pas \u00e9t\u00e9 observ\u00e9s lors des essais cliniques<\/em>\u00ab\u00a0, a pr\u00e9cis\u00e9 C\u00e9line Mounier, directrice de la surveillance \u00e0 l&rsquo;ANSM, lors d&rsquo;un point presse.<\/li>\n<li><strong>La ville de Paris demande une concertation <\/strong>sur l&rsquo;ouverture des mus\u00e9es, th\u00e9\u00e2tres et cin\u00e9mas. Apr\u00e8s l&rsquo;annonce jeudi du Premier ministre Jean Castex de maintenir les salles de spectacles ferm\u00e9es, la ville de Paris demande une concertation \u00e0 l&rsquo;Etat pour\u00a0\u00ab\u00a0<em>inventer de nouvelles solutions<\/em>\u00a0\u00bb \u00e9crit\u00a0l&rsquo;adjointe \u00e0 la Culture, Carine Rolland dans un communiqu\u00e9. \u00ab\u00a0<em>La Ville est pr\u00eate \u00e0 travailler avec l&rsquo;\u00c9tat pour offrir des solutions permettant une r\u00e9ouverture rapide des lieux culturels dans le plus strict respect des protocoles sanitaires<\/em>\u00ab\u00a0. Carine Rolland appelle\u00a0\u00e0 la mise en place d&rsquo;un comit\u00e9 consultatif en y associant des acteurs locaux pour trouver des solutions p\u00e9rennes.<\/li>\n<li><strong>Pas de r\u00e9ouverture des remont\u00e9es m\u00e9caniques.<\/strong>\u00a0Par son ordonnance rendue ce vendredi, le Conseil d&rsquo;Etat a rejet\u00e9 le recours des stations de sports d&rsquo;hiver qui attaquaient la d\u00e9cision du gouvernement de ne pas autoriser l&rsquo;ouverture des domaines skiables avant janvier. Les remont\u00e9es m\u00e9caniques resteront donc ferm\u00e9es pour la p\u00e9riode des f\u00eates de fin d&rsquo;ann\u00e9e. Le premier ministre a rassur\u00e9 par ailleurs sur une r\u00e9ouverture en janvier :<strong><em> \u00ab\u00a0Sauf catastrophe sanitaire, les stations de ski rouvriront le 7\u00a0janvier\u00a0\u00bb\u00a0<\/em><\/strong>a-t-il dit ce vendredi selon des participants \u00e0 la r\u00e9union sur le ski qui se tient en visioconf\u00e9rence \u00e0 Matignon avec des acteurs et \u00e9lus de la montagne.<\/li>\n<\/ul>\n<ul>\n<li><strong>Pas de reprise des cours en pr\u00e9sentiel dans les universit\u00e9s.\u00a0<\/strong>Le Conseil d&rsquo;\u00c9tat a rejet\u00e9 vendredi la demande d&rsquo;universitaires de Paris 1\u00a0Panth\u00e9on-Sorbonne d&rsquo;avancer \u00e0 <strong>d\u00e9but janvier la r\u00e9ouverture des universit\u00e9s<\/strong>, une possibilit\u00e9 qui semble, depuis le d\u00e9p\u00f4t du recours, privil\u00e9gi\u00e9e par le gouvernement pour un public cibl\u00e9.<\/li>\n<li><strong>Olivier V\u00e9ran pas pr\u00eat \u00e0 se faire vacciner ?\u00a0<\/strong><em>\u00ab\u00a0Si je me vaccinais, je ne suis pas certain qu&rsquo;on ne penserait pas que j&rsquo;ai boulott\u00e9 la dose plus utile \u00e0 une personne fragile, comme\u00a0<\/em><em><strong>je ne suis pas certain que des gens ne viendraient pas me dire que je me suis inject\u00e9 du s\u00e9rum physiologique<\/strong><\/em><em>\u00ab\u00a0<\/em>, a d\u00e9clar\u00e9 le ministre de la Sant\u00e9 sur LCI le 8 d\u00e9cembre, comme le rapporte <a href=\"https:\/\/www.lopinion.fr\/edition\/economie\/vaccin-l-impossible-equation-pouvoir-231590\" target=\"_blank\" rel=\"noopener noreferrer\">l&rsquo;Opinion<\/a>.<\/li>\n<li><strong>\u00ab\u00a0No\u00ebl est entre nos mains\u00a0\u00bb. <\/strong>Lors d&rsquo;une conf\u00e9rence de presse \u00e0 Bruxelles vendredi matin, Emmanuel Macron a d\u00e9clar\u00e9 : <em>\u00ab\u00a0No\u00ebl est entre nos mains. Il y a beaucoup de r\u00e8gles qui sont mises en place. Je sais qu&rsquo;elles vous p\u00e8sent au quotidien. Mais il y a vraiment une volont\u00e9 de vous prot\u00e9ger de la part du gouvernement. (&#8230;)\u00a0Le port du masque, le respect des r\u00e8gles barri\u00e8res et l&rsquo;attention, y compris dans les moments notamment familiaux et amicaux. C&rsquo;est dans ces moments qu&rsquo;on diffuse le virus.\u00a0\u00bb<\/em><\/li>\n<li><strong>D\u00e9ception pour le vaccin Sanofi-GSK.<\/strong> Alors que le pr\u00e9sident de Sanofi France avait annonc\u00e9 il y a quelques semaines que leur vaccin serait disponible en juin 2021, la sortie est finalement repouss\u00e9e \u00e0 la fin de l&rsquo;ann\u00e9e prochaine \u00ab\u00a0<em>afin d&rsquo;am\u00e9liorer la r\u00e9ponse immunitaire chez les personnes \u00e2g\u00e9es<\/em>\u00a0\u00bb\u00a0ont indiqu\u00e9 vendredi 11 d\u00e9cembre, Sanofi et GSK<i>.\u00a0<\/i>\u00a0Les r\u00e9sultats des essais cliniques de phase 1 et 2 ont montr\u00e9 une r\u00e9ponse inf\u00e9rieure aux attentes.<em> \u00ab\u00a0La formulation du produit n&rsquo;est pas satisfaisante\u00a0\u00bb,<\/em> a\u00a0expliqu\u00e9 Thomas Trimphe, vice-pr\u00e9sident de la branche vaccins de Sanofi, \u00e0 l&rsquo;AFP.\u00a0Les laboratoires veulent \u00ab\u00a0<em>affiner la concentration d&rsquo;antig\u00e8nes de mani\u00e8re \u00e0 obtenir une r\u00e9ponse immunitaire \u00e9lev\u00e9e dans toutes les tranches d&rsquo;\u00e2ge<\/em>\u00ab\u00a0.<\/li>\n<li><strong>Evolution pr\u00e9occupante de l&rsquo;\u00e9pid\u00e9mie en France.\u00a0<\/strong>La premi\u00e8re semaine de d\u00e9cembre montre une <em>\u00ab\u00a0\u00e9volution pr\u00e9occupante de l&rsquo;\u00e9pid\u00e9mie du fait d&rsquo;une tr\u00e8s faible diminution de la circulation du SARS-CoV-2, apr\u00e8s 4\u00a0semaines de forte d\u00e9croissance suite au passage du pic \u00e9pid\u00e9mique de la seconde vague\u00a0\u00bb <\/em>rapporte Sant\u00e9 Publique France dans son <a href=\"https:\/\/www.santepubliquefrance.fr\/maladies-et-traumatismes\/maladies-et-infections-respiratoires\/infection-a-coronavirus\/documents\/bulletin-national\/covid-19-point-epidemiologique-du-10-decembre-2020\" target=\"_blank\" rel=\"noopener noreferrer\">bulletin \u00e9pid\u00e9miologique du 10\u00a0d\u00e9cembre<\/a>.\u00a0L&rsquo;agence note un a <strong>ralentissement de la diminution du nombre de nouveaux cas <\/strong>(-6% vs -31% la semaine pr\u00e9c\u00e9dente), une stabilisation du taux de positivit\u00e9 des tests Covid, une<strong> diminution tr\u00e8s mod\u00e9r\u00e9e du nombre des hospitalisations et admissions en r\u00e9animation<\/strong>, une stabilisation de l&rsquo;\u00e9volution des principaux indicateurs de l&rsquo;activit\u00e9 de suivi des contacts.<\/li>\n<li><strong>Mortalit\u00e9 \u00e9lev\u00e9e en Auvergne. <\/strong>Dans son bulletin, l&rsquo;agence informe aussi que sur la premi\u00e8re semaine de d\u00e9cembre, les forts taux de d\u00e9c\u00e8s de patients Covid-19 sont\u00a0observ\u00e9s en Auvergne-Rh\u00f4ne-Alpes (7,6\/100 000 habitants), Bourgogne-Franche-Comt\u00e9 (7,0) et Grand Est (5,2).<\/li>\n<li><strong>Plus de baisse des hospitalisations.<\/strong>\u00a0En milieu hospitalier, apr\u00e8s le passage du pic des hospitalisations en semaine 45\u00a0(du 02\u00a0au 08\u00a0novembre 2020), les nouvelles hospitalisations et les admissions en r\u00e9animation \u00e9taient en diminution pour la quatri\u00e8me semaine cons\u00e9cutive, mais la baisse observ\u00e9e en semaine 49\u00a0\u00e9taient plus mod\u00e9r\u00e9e que celle de la semaine pr\u00e9c\u00e9dente, indique Sant\u00e9 Publique France.<\/li>\n<li><strong>Hausse des cas en r\u00e9animation\u00a0en Bretagne.<\/strong>\u00a0Le taux d&rsquo;hospitalisations en r\u00e9animation sur la premi\u00e8re semaine de d\u00e9cembre a augment\u00e9<strong>\u00a0<\/strong>en Bretagne (+47\u00a0%), Provence-Alpes-C\u00f4te d&rsquo;Azur (+23\u00a0%), Nouvelle-Aquitaine (+19\u00a0%) et <a href=\"http:\/\/www.affinite.fr\/index.php\/2024\/11\/21\/construire-votre-maison-en-normandie\/\">Normandie<\/a> (+11\u00a0%).<\/li>\n<\/ul>\n<blockquote>\n<p>Test RT-PCR n\u00e9gatif un jour, ne signifie pas toujours et ne constituera jamais un passeport de n\u00e9gativit\u00e9 ou d&rsquo;immunit\u00e9 pour des f\u00eates sereines.<\/p>\n<\/blockquote>\n<ul>\n<li><strong>L&rsquo;\u00e9pid\u00e9mie repart dans le Grand Est.<\/strong>\u00a0Apr\u00e8s quatre semaines de d\u00e9croissance de l&rsquo;\u00e9pid\u00e9mie, les<strong> <\/strong>taux d&rsquo;incidence des cas de Covid ont augment\u00e9 en Grand Est (+6%), Pays de la Loire (+5%) et Nouvelle-Aquitaine (+4%) au cours de la premi\u00e8re semaine de d\u00e9cembre par rapport \u00e0 la semaine pr\u00e9c\u00e9dente, informe Sant\u00e9 Publique France.<\/li>\n<li><strong>Prudence sur les tests avant les f\u00eates. <\/strong>\u00ab\u00a0La tentation du test pr\u00e9 No\u00ebl peut-\u00eatre trompeuse (faux n\u00e9gatifs) et saturer l&rsquo;offre de tests, indispensable pour les personnes contacts ou symptomatiques\u00a0\u00bb a pr\u00e9venu Olivier V\u00e9ran lors de la conf\u00e9rence du 10 d\u00e9cembre. Ce m\u00eame jour, le\u00a0<a href=\"https:\/\/www.sdbio.eu\/actualites\/fil-d-infos\/covid-19-tests-rt-pcr-de-fin-d-annee-appel-a-la-prudence-et-a-la-responsabilite-individuelle-pour-la-periode-des-fetes\" target=\"_blank\" rel=\"noopener noreferrer\">Syndicat des Biologistes<\/a>\u00a0avait publi\u00e9 ses mises en garde\u00a0:<em> \u00ab\u00a0Un sondage rapporte que 26% des Fran\u00e7ais souhaiteraient se faire d\u00e9pister avant un rassemblement familial.\u00a0Le <strong>d\u00e9pistage d&rsquo;un quart de la population en 2\u00a0\u00e0 3\u00a0jours n&rsquo;est pas r\u00e9alisable<\/strong>.\u00a0Test RT-PCR n\u00e9gatif un jour, ne signifie pas toujours et ne constituera jamais un passeport de n\u00e9gativit\u00e9 ou d&rsquo;immunit\u00e9 pour des f\u00eates sereines aupr\u00e8s de ses proches les plus fragiles.\u00a0\u00bb<\/em> Sur les tests antig\u00e9niques, le syndicat souligne qu&rsquo;ils sont<em> \u00ab\u00a0moins fiables chez les sujets asymptomatiques avec des risques importants de faux n\u00e9gatifs, conduisant dans un cas sur 2\u00a0ou 3\u00a0\u00e0 un diagnostic de non contagiosit\u00e9 erron\u00e9.\u00a0\u00bb<\/em><\/li>\n<\/ul>\n<p>Pour freiner la deuxi\u00e8me vague de l&rsquo;\u00e9pid\u00e9mie de Covid-19 en France, Emmanuel Macron a annonc\u00e9 un<strong>\u00a0confinement<\/strong> entr\u00e9 en vigueur dans la nuit du\u00a0jeudi 29 octobre minuit et jusqu&rsquo;au\u00a01er d\u00e9cembre. Les mesures prises ont \u00e9t\u00e9 associ\u00e9es \u00e0 un ralentissement\u00a0de l&rsquo;\u00e9pid\u00e9mie \u00e0 partir du\u00a018\u00a0novembre, sur tout le territoire. En cons\u00e9quence, le Pr\u00e9sident a annonc\u00e9 mardi 24 novembre un all\u00e8gement des restrictions \u00e0 partir de samedi 28 novembre. Le ministre de la Sant\u00e9 Olivier V\u00e9ran a d\u00e9clench\u00e9 <strong>le\u00a0plan blanc\u00a0au niveau national<\/strong>\u00a0le 29 octobre. Cela implique la d\u00e9programmation des hospitalisations non-urgentes dans tous les h\u00f4pitaux. Samedi 7 novembre, les d\u00e9put\u00e9s ont adopt\u00e9 la prolongation de l&rsquo;<a href=\"https:\/\/sante.journaldesfemmes.fr\/fiches-maladies\/2627081-etat-urgence-sanitaire-france-covid-fin-prolongation-loi-decret-assemblee-senat-constitution-mesures\/\" target=\"_blank\" rel=\"noopener noreferrer\">\u00e9tat d&rsquo;urgence sanitaire<\/a>\u00a0jusqu&rsquo;au <strong>16\u00a0f\u00e9vrier 2021.<\/strong><\/p>\n<h3><a id=\"annonce-jean-castex-jour-de-l-an-noel-covid\" name=\"annonce-jean-castex-jour-de-l-an-noel-covid\">Les annonces de Jean Castex le 10 d\u00e9cembre<\/a><\/h3>\n<p>Le Premier ministre a annonc\u00e9\u00a0jeudi 10 d\u00e9cembre\u00a0les mesures qui s&rsquo;appliqueront \u00e0 partir du 15\u00a0d\u00e9cembre, lors d&rsquo;une conf\u00e9rence de presse\u00a0:\u00a0<\/p>\n<p><strong>\u2192 Les \u00e9tablissements recevant du public\u00a0resteront ferm\u00e9s<\/strong> 3\u00a0semaines de plus\u00a0: les salles de spectacles, les cin\u00e9mas, les th\u00e9\u00e2tres, les mus\u00e9es, les salles de sports, les parcs zoologiques, les salles de jeux, les casinos&#8230;\u00a0ne rouvriront pas au 15\u00a0d\u00e9cembre. Ils rouvriront le 7\u00a0janvier, si la situation le permet.<\/p>\n<p>\u2192 L&rsquo;accueil dans <strong>les lieux de culte<\/strong> ne sera pas revu \u00e0 la hausse. Les m\u00eames r\u00e8gles continuent de s&rsquo;appliquer\u00a0: 1\u00a0rang\u00e9e sur deux, 1\u00a0si\u00e8ge sur 3.<\/p>\n<p>\u2192\u00a0<strong>Le\u00a0couvre-feu est avanc\u00e9 \u00e0 20\u00a0heures<\/strong>, jusque 6\u00a0heures du matin, et \u00e9tendu \u00e0 la soir\u00e9e du 31\u00a0d\u00e9cembre. Les attestations d\u00e9rogatoires de d\u00e9placements ne seront plus obligatoires en dehors de ces horaires. Les d\u00e9placements\u00a0entre r\u00e9gions restent autoris\u00e9s en dehors des p\u00e9riodes de couvre-feu. Le Premier ministre a promis des contr\u00f4les plus stricts.\u00a0Seuls quelques d\u00e9placements seront autoris\u00e9s de 20\u00a0heures \u00e0 6\u00a0heures du matin, \u00ab\u00a0<em>il s&rsquo;agit notamment des d\u00e9placements entre le lieu de votre domicile et le lieu de votre travail. Les d\u00e9placements pour raisons de sant\u00e9 ou pour motif familial imp\u00e9rieux, ceux li\u00e9s \u00e0 des missions d&rsquo;int\u00e9r\u00eat g\u00e9n\u00e9ral ou pour sortir un animal de compagnie<\/em>\u00a0\u00bb a pr\u00e9cis\u00e9 G\u00e9rald Darmanin, le ministre de l&rsquo;int\u00e9rieur, rappelant qu&rsquo;une amende de 135\u00a0euros sera dress\u00e9e aux contrevenants.\u00a0<\/p>\n<p>\u2192 <strong>No\u00ebl<\/strong> : les d\u00e9placements pour la\u00a0soir\u00e9e du 24\u00a0d\u00e9cembre sont autoris\u00e9s, et font exception\u00a0au couvre-feu.<\/p>\n<p><strong>\u2192 Le Nouvel An\u00a0:<\/strong> pas de d\u00e9rogation au couvre-feu. Le Premier ministre r\u00e9it\u00e8re la recommandation d&rsquo;\u00eatre 6\u00a0adultes maximum.<\/p>\n<p>Le couvre-feu instaur\u00e9 depuis le d\u00e9but de mois\u00a0d&rsquo;octobre n&rsquo;aura pas suffi\u00a0\u00e0 freiner l&rsquo;\u00e9pid\u00e9mie. Le Pr\u00e9sident de la R\u00e9publique, Emmanuel Macron, a ainsi annonc\u00e9, le 28 octobre, <strong>un deuxi\u00e8me confinement<\/strong> de la population du<strong>\u00a0jeudi 29 octobre<\/strong>, \u00e0 minuit,<strong> jusqu&rsquo;au 1er d\u00e9cembre au minimum<\/strong>. Face \u00e0\u00a0la situation \u00e9pid\u00e9mique \u00ab\u00a0en plateau\u00a0\u00bb, le Premier ministre Jean Castex a annonc\u00e9 une modification de certaines \u00e9tapes du d\u00e9confinement le 10 d\u00e9cembre.<\/p>\n<div style=\"text-align:center\">\n<figure class=\"image\" style=\"display:inline-block\"><a class=\"fancy\" href=\"https:\/\/img-3.journaldesfemmes.fr\/7oolX4nxBOMh4Qv-urnyk3OUq9w=\/1080x\/smart\/78a8ad69d7b74c6ebddec1a6b6c73fd5\/ccmcms-jdf\/20696899.png\" target=\"_blank\" rel=\"noopener noreferrer\"><img decoding=\"async\" alt=\"d\u00e9confinement etape france covid\" src=\"https:\/\/img-3.journaldesfemmes.fr\/9TYl0btUrBeB5BOm8X1WrvCKBUg=\/600x\/smart\/78a8ad69d7b74c6ebddec1a6b6c73fd5\/ccmcms-jdf\/20696899.png\"\/><\/a><figcaption data-credit=\"Twitter Jean Castex\" data-legend=\"Etapes du d\u00e9confinement de la France pr\u00e9sent\u00e9es par Jean Castex le 10 d\u00e9cembre\">Etapes du d\u00e9confinement de la France pr\u00e9sent\u00e9es par Jean Castex le 10\u00a0d\u00e9cembre <small>\u00a9\u00a0Twitter Jean Castex<\/small><\/figcaption><\/figure>\n<\/div>\n<p>\u25ba <strong>Depuis le samedi 28 novembre :\u00a0<\/strong>tous les commerces et services \u00e0 domicile ont pu rouvrir jusqu&rsquo;\u00e0 21 heures avec un protocole sanitaire strict. Les d\u00e9placements pour promenade ou activit\u00e9 physique en ext\u00e9rieur sont permis dans un rayon de 20\u00a0kilom\u00e8tres et pour trois heures. Les activit\u00e9s extra-scolaires en plein air seront autoris\u00e9es.\u00a0Il y a \u00e9galement eu la r\u00e9ouverture des\u00a0auto-\u00e9coles, l&rsquo;autorisation des visites immobili\u00e8res et services \u00e0 domicile. Les biblioth\u00e8ques et archives sont de nouveau ouvertes.\u00a0Les offices des cultes doivent respecter la r\u00e8gle des 1 si\u00e8ge sur 3, et 1 rang\u00e9e sur 2, le temps du confinement.\u00a0<\/p>\n<p>\u25ba <strong>A partir du 15 d\u00e9cembre\u00a0<\/strong>: fin du confinement mais mise en place d&rsquo;un couvre-feu durci,\u00a0de 20h (au lieu de 21h) \u00e0 6h (au lieu de 7h) sur l&rsquo;ensemble du territoire,<strong> \u00e0 l&rsquo;exception du\u00a024\u00a0d\u00e9cembre<\/strong>. Les activit\u00e9s extra-scolaires en ext\u00e9rieur seront autoris\u00e9es.\u00a0Les salles de cin\u00e9ma, th\u00e9\u00e2tres, mus\u00e9es ne pourront pas rouvrir avant le 7 janvier si la situation sanitaire le permet.<\/p>\n<p>\u25ba <strong>7 janvier :<\/strong> r\u00e9ouverture des th\u00e9\u00e2tres, mus\u00e9es, cin\u00e9ma si la situation sanitaire le permet.<\/p>\n<p>\u25ba<strong>\u00a0A partir du 20 janvier (si les objectifs sanitaires sont atteints)\u00a0<\/strong><strong>:\u00a0<\/strong><em>\u00ab\u00a0Si le nombre de contaminations demeure en dessous de 5\u00a0000\u00a0cas par jour, alors\u00a0les salles de sport et les restaurants pourront rouvrir, et le couvre-feu pourra \u00eatre d\u00e9cal\u00e9. Les lyc\u00e9es pourront \u00eatre pleinement rouverts avec la totalit\u00e9 des \u00e9l\u00e8ves pr\u00e9sents durant les cours. Quinze jours plus tard, ce sont les universit\u00e9s qui pourront reprendre les cours, avec, l\u00e0 aussi, une pr\u00e9sence physique de tous les \u00e9l\u00e8ves<\/em>\u00a0\u00bb a annonc\u00e9 le chef de l&rsquo;Etat.<\/p>\n<p><strong>\u2192 Un point tous les 15\u00a0jours<\/strong> afin d&rsquo;ajuster les restrictions et les all\u00e8gements, pour \u00ab\u00a0<em>\u00e9viter une troisi\u00e8me vague et un troisi\u00e8me confinement<\/em>\u00ab\u00a0.\u00a0<\/p>\n<p>Selon les derniers chiffres publi\u00e9s par le <a href=\"https:\/\/www.santepubliquefrance.fr\/dossiers\/coronavirus-covid-19\/coronavirus-chiffres-cles-et-evolution-de-la-covid-19-en-france-et-dans-le-monde\" target=\"_blank\" rel=\"noopener noreferrer\">gouvernement<\/a> au vendredi 11\u00a0d\u00e9cembre 2020, en France :\u00a0<\/p>\n<p>\u2022 2 351 372\u00a0personnes ont \u00e9t\u00e9 contamin\u00e9es par le coronavirus <strong>(+13 406 en 24 heures)<\/strong><\/p>\n<p>\u2022 57 567\u00a0personnes sont d\u00e9c\u00e9d\u00e9es en France <strong>(+304\u00a0en 24 heures \u00e0 l&rsquo;h\u00f4pital,\u00a0<\/strong>auxquels s&rsquo;ajoutent 323\u00a0d\u00e9c\u00e8s en Ehpad et \u00e9tablissements sociaux et m\u00e9dico-sociaux sur les 3\u00a0derniers jours (du 9\u00a0au 11 d\u00e9cembre)<strong>)<\/strong><\/p>\n<p>\u2022 2 884 patients Covid-19 sont en r\u00e9animation <strong>(-75 en 24 heures<\/strong><strong>)<\/strong>.<\/p>\n<p>\u2022 24 975\u00a0patients Covid-19 sont hospitalis\u00e9s\u00a0<strong>(-256\u00a0en 24 heures)<\/strong>.<\/p>\n<blockquote>\n<p style=\"text-align: right;\">\u00a0<\/p>\n<\/blockquote>\n<blockquote>\n<p style=\"text-align: right;\">\u00a0<\/p>\n<\/blockquote>\n<p>La premi\u00e8re semaine de d\u00e9cembre montre une <em>\u00ab\u00a0<strong>\u00e9volution pr\u00e9occupante de l&rsquo;\u00e9pid\u00e9mie <\/strong>du fait d&rsquo;une tr\u00e8s faible diminution de la circulation du SARS-CoV-2, apr\u00e8s 4\u00a0semaines de forte d\u00e9croissance suite au passage du pic \u00e9pid\u00e9mique de la seconde vague\u00a0\u00bb <\/em>rapporte Sant\u00e9 Publique France dans son bulletin \u00e9pid\u00e9miologique du 10 d\u00e9cembre.\u00a0L&rsquo;agence note un\u00a0ralentissement de la diminution du nombre de nouveaux cas (-6% vs -31% la semaine pr\u00e9c\u00e9dente), une stabilisation du taux de positivit\u00e9 des tests Covid, une <strong>diminution tr\u00e8s mod\u00e9r\u00e9e du nombre des hospitalisations et admissions en r\u00e9animation<\/strong>, une stabilisation de l&rsquo;\u00e9volution des principaux indicateurs de l&rsquo;activit\u00e9 de suivi des contacts, une <strong>mortalit\u00e9 \u00e9lev\u00e9e surtout\u00a0en Auvergne-Rh\u00f4ne-Alpes et Bourgogne-Franche-Comt\u00e9.<\/strong><\/p>\n<p>\u2192 L&rsquo;indicateur utilis\u00e9 pour suivre l&rsquo;\u00e9volution de l&rsquo;\u00e9pid\u00e9mie de coronavirus en France est le<strong> taux d&rsquo;incidence<\/strong> soit le nombre de patients ayant un test PCR positif pour 100 000 habitants par semaine sur les 7 derniers jours. Au 10 d\u00e9cembre, ce taux a remont\u00e9 \u00e0 108.73 au niveau national (contre 86 le 7 d\u00e9cembre).\u00a0<\/p>\n<div style=\"text-align:center\">\n<figure class=\"image\" style=\"display:inline-block\"><a class=\"fancy\" href=\"https:\/\/img-3.journaldesfemmes.fr\/6UDdeRFtPATc08GufKhHgcneCQw=\/1080x\/smart\/515706baa70a476ca1de33eabe5fd492\/ccmcms-jdf\/20712974.jpg\"><img decoding=\"async\" alt=\"contamination covid courbe\" src=\"https:\/\/img-3.journaldesfemmes.fr\/c8TFJ657FRGLIiuT3sKyr7PyNuw=\/600x\/smart\/515706baa70a476ca1de33eabe5fd492\/ccmcms-jdf\/20712974.jpg\"\/><\/a><figcaption data-credit=\"Twitter Jean Castex\" data-legend=\"Nombre de contaminations Covid-19 sur 7 jours glissants, post\u00e9 le 10 d\u00e9cembre par Jean Castex.\">Nombre de contaminations Covid-19 sur 7 jours glissants, post\u00e9 le 10 d\u00e9cembre par Jean Castex. <small>\u00a9\u00a0Twitter Jean Castex<\/small><\/figcaption><\/figure>\n<\/div>\n<p>Le gouvernement suit \u00e9galement l&rsquo;\u00e9volution du taux d&rsquo;occupation des lits en r\u00e9animation par des patients Covid-19 (sur les capacit\u00e9s initiales).<\/p>\n<div style=\"text-align:center\">\n<figure class=\"image\" style=\"display:inline-block\"><a class=\"fancy\" href=\"https:\/\/img-3.journaldesfemmes.fr\/XKj6kTL9QUGDIB6a6nh2xeOfHvY=\/1080x\/smart\/9db9aea5fd5b4fa4a7b1c721a1129a11\/ccmcms-jdf\/20713008.jpg\"><img decoding=\"async\" alt=\"Taux d'occupation des lits en r\u00e9animation au 10 d\u00e9cembre\" src=\"https:\/\/img-3.journaldesfemmes.fr\/MFb4J22_Dd5wAeWHOnCVVDAOJnA=\/450x\/smart\/9db9aea5fd5b4fa4a7b1c721a1129a11\/ccmcms-jdf\/20713008.jpg\"\/><\/a><figcaption data-credit=\"Gouvernement.fr\" data-legend=\"Taux d'occupation des lits en r\u00e9animation au 10 d\u00e9cembre par des patients Covid-19\">Taux d&rsquo;occupation des lits en r\u00e9animation au 10 d\u00e9cembre par des patients Covid-19 <small>\u00a9\u00a0Gouvernement.fr<\/small><\/figcaption><\/figure>\n<\/div>\n<p>Vendredi 11 d\u00e9cembre, Sant\u00e9 publique France rapporte\u00a0un total de<strong>\u00a02 351 372 cas\u00a0<\/strong><strong>confirm\u00e9s\u00a0<\/strong>de coronavirus depuis le d\u00e9but de la pand\u00e9mie. Au niveau national, la diminution du nombre de nouveaux cas confirm\u00e9s, observ\u00e9e la semaine pr\u00e9c\u00e9dente,<em> \u00ab\u00a0marque le pas\u00a0\u00bb<\/em> a indiqu\u00e9 le Premier ministre Jean Castex dans un conf\u00e9rence de presse le 10 d\u00e9cembre.<em> \u00ab\u00a0Depuis une semaine, nous sommes sur un plateau\u00a0\u00bb,<\/em> les chiffres de baissent plus. Dans son bulletin \u00e9pid\u00e9miologique du 10 d\u00e9cembre, Sant\u00e9 Publique France confirme un<strong> ralentissement de la diminution du nombre de nouveaux cas <\/strong>(-6% vs -31% la semaine pr\u00e9c\u00e9dente).\u00a0Le\u00a0<strong>pic \u00e9pid\u00e9mique<\/strong>\u00a0de la premi\u00e8re vague a \u00e9t\u00e9 observ\u00e9 la\u00a0<strong>semaine du 6\u00a0au 12 avril<\/strong>, soit 15\u00a0jours\u00a0apr\u00e8s la mise en \u0153uvre des mesures de confinement de la population g\u00e9n\u00e9rale, le 17\u00a0mars 2020. Le <strong>pic de la deuxi\u00e8me vague <\/strong>est pass\u00e9, indique Emmanuel Macron le 24\u00a0novembre dans son allocution t\u00e9l\u00e9vis\u00e9e, trois semaines apr\u00e8s le reconfinement, soit du <strong>16 au 20 novembre<\/strong>.\u00a0<\/p>\n<h3 style=\"text-align: center;\">Nombre incident de cas confirm\u00e9s de Covid-19\u00a0par semaine, rapport\u00e9s \u00e0 Sant\u00e9 publique France, du 11\u00a0mai au 6 d\u00e9cembre, France enti\u00e8re<\/h3>\n<div style=\"text-align:center\">\n<figure class=\"image\" style=\"display:inline-block\"><a class=\"fancy\" href=\"https:\/\/img-3.journaldesfemmes.fr\/Opv1_Fh-ph4TgJ6zU1dFszMEKRc=\/1080x\/smart\/76c7345a41a24f61ae272235eb185583\/ccmcms-jdf\/20713155.jpg\"><img decoding=\"async\" alt=\"cas confirm\u00e9 covid\" src=\"https:\/\/img-3.journaldesfemmes.fr\/O0FqlmxhxTeJx2urDaTp6cni2lk=\/600x\/smart\/76c7345a41a24f61ae272235eb185583\/ccmcms-jdf\/20713155.jpg\"\/><\/a><figcaption data-credit=\"Sant\u00e9 Publique France\" data-legend=\"Nombre incident de cas confirm\u00e9s de COVID-19 par semaine, rapport\u00e9s \u00e0 Sant\u00e9 publique France, du 11 mai au 6 d\u00e9cembre 2020, France enti\u00e8re\">Nombre incident de cas confirm\u00e9s de COVID-19 par semaine, rapport\u00e9s \u00e0 Sant\u00e9 publique France, du 11 mai au 6 d\u00e9cembre 2020, France enti\u00e8re <small>\u00a9\u00a0Sant\u00e9 Publique France<\/small><\/figcaption><\/figure>\n<\/div>\n<h3 style=\"text-align: center;\">Nombre de cas confirm\u00e9s de COVID-19\u00a0chez les r\u00e9sidents et le personnel en ESMS (\u00e9tablissements sociaux et m\u00e9dico-sociaux)\u00a0par semaine calendaire, du 20\u00a0juillet au 6 d\u00e9cembre, en France<\/h3>\n<div style=\"text-align:center\">\n<figure class=\"image\" style=\"display:inline-block\"><a class=\"fancy\" href=\"https:\/\/img-3.journaldesfemmes.fr\/K4u32oRm6l4TPqAoET2Emmou59Y=\/1080x\/smart\/79b8c71055bb4820b9ada6f77fb77bb2\/ccmcms-jdf\/20713175.jpg\"><img decoding=\"async\" alt=\"Nombre de cas confirm\u00e9s de COVID-19 chez les r\u00e9sidents et le personnel en ESMS par semaine calendaire, du 20 juillet au 6 d\u00e9cembre 2020, en France \" src=\"https:\/\/img-3.journaldesfemmes.fr\/XsA5sSiPAaQ80UPhvqp3HULJYoo=\/600x\/smart\/79b8c71055bb4820b9ada6f77fb77bb2\/ccmcms-jdf\/20713175.jpg\"\/><\/a><figcaption data-credit=\"Sant\u00e9 Publique France\" data-legend=\"Nombre de cas confirm\u00e9s de COVID-19 chez les r\u00e9sidents et le personnel en ESMS par semaine calendaire, du 20 juillet au 6 d\u00e9cembre 2020, en France \">Nombre de cas confirm\u00e9s de COVID-19 chez les r\u00e9sidents et le personnel en ESMS par semaine calendaire, du 20 juillet au 6 d\u00e9cembre 2020, en France <small>\u00a9\u00a0Sant\u00e9 Publique France<\/small><\/figcaption><\/figure>\n<\/div>\n<p>Avec la reprise de l&rsquo;\u00e9pid\u00e9mie de coronavirus constat\u00e9e en octobre, le suivi du nombre suppl\u00e9mentaire de nouveaux cas de Covid-19 est un indicateur important. Au 11\u00a0d\u00e9cembre,<strong>\u00a013 406 nouvelles personnes<\/strong> ont re\u00e7u un test positif au Covid-19 sur les derni\u00e8res\u00a024\u00a0heures. \u00ab\u00a0<em>Nous ne sommes pas encore au bout de cette deuxi\u00e8me vague et nous ne serons pas le 15\u00a0d\u00e9cembre \u00e0 l&rsquo;objectif que nous nous \u00e9tions fix\u00e9 de passer en dessous des 5\u00a0000\u00a0nouveaux cas par jour<\/em>\u00a0\u00bb a inform\u00e9 le Premier ministre Jean Castex le 10 d\u00e9cembre.\u00a0<\/p>\n<p>Vendredi 11\u00a0d\u00e9cembre,<b>\u00a02 884\u00a0<\/b>personnes sont\u00a0hospitalis\u00e9es\u00a0en\u00a0r\u00e9animation (-75\u00a0en 24 heures).\u00a0Le nombre hebdomadaire de nouvelles hospitalisations pour Covid-19\u00a0a continu\u00e9 de diminuer sur la premi\u00e8re semaine de d\u00e9cembre, mais avec une baisse de 9%, bien inf\u00e9rieure \u00e0 la diminution de 31% de la semaine pr\u00e9c\u00e9dente, rapporte Sant\u00e9 Publique France. La diminution du nombre de nouvelles admissions en r\u00e9animation s&rsquo;est aussi poursuivie\u00a0mais de fa\u00e7on plus mod\u00e9r\u00e9e (-16% en S49\u00a0vs -33% en S48).\u00a0Le <a href=\"https:\/\/sante.journaldesfemmes.fr\/fiches-maladies\/2624681-plan-blanc-hopital-ile-de-france-paris-aphp-definition-covid-lille-chu-clermont-ferrand-lyon-mesures\/\" target=\"_blank\" rel=\"noopener noreferrer\">plan blanc<\/a>\u00a0est r\u00e9activ\u00e9 sur tout le territoire national depuis le 29 octobre. Le temps de doublement du nombre hebdomadaire d&rsquo;admissions en r\u00e9animation est de<strong> 30 jours.<\/strong><\/p>\n<div style=\"text-align:center\">\n<figure class=\"image\" style=\"display:inline-block\"><a class=\"fancy\" href=\"https:\/\/img-3.journaldesfemmes.fr\/GO-RXV6_fOZIYOwNZAjI0VtsVMI=\/1080x\/smart\/e64135a5d24e463e9379361fc623058e\/ccmcms-jdf\/20713375.jpg\"><img decoding=\"async\" alt=\"courbe r\u00e9animation covid-19\" src=\"https:\/\/img-3.journaldesfemmes.fr\/GO-RXV6_fOZIYOwNZAjI0VtsVMI=\/1080x\/smart\/e64135a5d24e463e9379361fc623058e\/ccmcms-jdf\/20713375.jpg\"\/><\/a><figcaption data-credit=\"Sant\u00e9 Publique France\" data-legend=\" Nombre hebdomadaire de patients COVID-19 admis en service de r\u00e9animation pendant leur hospitalisation, par semaine d\u2019admission en r\u00e9animation, depuis le 24 f\u00e9vrier 2020, France, donn\u00e9es au 6 d\u00e9cembre\">Nombre hebdomadaire de patients COVID-19 admis en service de r\u00e9animation pendant leur hospitalisation, par semaine d\u2019admission en r\u00e9animation, depuis le 24 f\u00e9vrier 2020, France, donn\u00e9es au 6 d\u00e9cembre <small>\u00a9\u00a0Sant\u00e9 Publique France<\/small><\/figcaption><\/figure>\n<\/div>\n<p>\u2192<strong> <\/strong><strong>Le taux d&rsquo;hospitalisations en r\u00e9animation <\/strong>en semaine 49 a diminu\u00e9 dans toutes les r\u00e9gions de France m\u00e9tropolitaine par rapport \u00e0 la semaine pr\u00e9c\u00e9dente,<strong> <\/strong><strong>except\u00e9 en Bretagne<\/strong> (+47\u00a0%), <strong>Provence-Alpes-C\u00f4te d&rsquo;Azur <\/strong>(+23\u00a0%), Nouvelle-Aquitaine (+19\u00a0%) et Normandie (+11\u00a0%).<\/p>\n<p>\u2192<strong> <\/strong><strong>Les plus forts taux hebdomadaires d&rsquo;admissions en r\u00e9animation<\/strong> sont rapport\u00e9s en Bourgogne-Franche-Comt\u00e9, Provence-Alpes-C\u00f4te d&rsquo;Azur, Auvergne-Rh\u00f4ne-Alpes, Hauts-de-France.<\/p>\n<p>\u2192 <strong>Profil des personnes admises en ce moment en r\u00e9animation :<\/strong> 71% sont des hommes, l&rsquo;\u00e2ge m\u00e9dian est de 68 ans.\u00a089% des patients pr\u00e9sentent au moins une comorbidit\u00e9. L&rsquo;\u00e2ge m\u00e9dian des personnes d\u00e9c\u00e9d\u00e9es est de 74 ans.<\/p>\n<p><iframe loading=\"lazy\" height=\"600\" src=\"https:\/\/geodes.santepubliquefrance.fr\/?view=map1&amp;indics=covid_hospit.rea&amp;serie=2020-11-08&amp;f1code=0&amp;lang=fr&amp;iframe=1\" width=\"600\"><\/iframe><\/p>\n<p>Selon les <a href=\"https:\/\/www.gouvernement.fr\/info-coronavirus\/carte-et-donnees\" target=\"_blank\" rel=\"noopener noreferrer\">chiffres communiqu\u00e9s par le gouvernement<\/a>, consolid\u00e9s avec l&rsquo;Agence Sant\u00e9 Publique France et\u00a0les ARS (Agences r\u00e9gionales de Sant\u00e9), voici l&rsquo;\u00e9volution des hospitalisations (dont la r\u00e9animation) et des d\u00e9c\u00e8s\u00a0en France par r\u00e9gion.<\/p>\n<h3 style=\"text-align: center;\">Evolution des hospitalisations (dont en r\u00e9animation) et d\u00e9c\u00e8s \u00e0 l&rsquo;h\u00f4pital du Covid-19\u00a0par r\u00e9gion au 10\u00a0d\u00e9cembre (source\u00a0: Sant\u00e9 publique France)<strong>.<\/strong><\/h3>\n<table border=\"1\" cellpadding=\"1\" cellspacing=\"1\" style=\"width:100%;\">\n<thead>\n<tr>\n<th scope=\"col\" style=\"width: 210px;\">R\u00e9gions<\/th>\n<th scope=\"col\" style=\"width: 169px; text-align: center;\">Hospitalisations en cours<\/th>\n<th scope=\"col\" style=\"width: 143px; text-align: center;\">Evolution des nouveaux patients sur les\u00a0 derni\u00e8res 24\u00a0H<\/th>\n<th scope=\"col\" style=\"width: 156px; text-align: center;\">R\u00e9animation Soins intensif<\/th>\n<th scope=\"col\" style=\"width: 160px; text-align: center;\">Evolution des nouveaux patients sur les\u00a0 derni\u00e8res 24\u00a0H<\/th>\n<th scope=\"col\" style=\"width: 220px; text-align: center;\">D\u00e9c\u00e8s<\/th>\n<\/tr>\n<tr>\n<td style=\"width: 210px;\"><b>\u00cele-de-France<\/b><\/td>\n<td style=\"width: 169px;\">4 954<\/td>\n<td style=\"width: 143px;\">+102<\/td>\n<td style=\"width: 156px;\">\n<p>633<\/p>\n<\/td>\n<td style=\"width: 160px;\">+8<\/td>\n<td style=\"width: 220px;\">11 367<\/td>\n<\/tr>\n<tr>\n<td style=\"width: 210px;\"><strong>Grand Est<\/strong><\/td>\n<td style=\"width: 169px;\">2 515<\/td>\n<td style=\"width: 143px;\">+26<\/td>\n<td style=\"width: 156px;\">267<\/td>\n<td style=\"width: 160px;\">+13<\/td>\n<td style=\"width: 220px;\">5 156<\/td>\n<\/tr>\n<tr>\n<td style=\"width: 210px;\"><strong>Auvergne-Rh\u00f4ne-Alpes<\/strong><\/td>\n<td style=\"width: 169px;\">4 746<\/td>\n<td style=\"width: 143px;\">+44<\/td>\n<td style=\"width: 156px;\">511<\/td>\n<td style=\"width: 160px;\">NC<\/td>\n<td style=\"width: 220px;\">5 856<\/td>\n<\/tr>\n<tr>\n<td style=\"width: 210px;\"><strong>Hauts-de-France<\/strong><\/td>\n<td style=\"width: 169px;\">2 488<\/td>\n<td style=\"width: 143px;\">+2<\/td>\n<td style=\"width: 156px;\">295<\/td>\n<td style=\"width: 160px;\">+5<\/td>\n<td style=\"width: 220px;\">3 824<\/td>\n<\/tr>\n<tr>\n<td style=\"width: 210px;\"><strong>Bourgogne-Franche-Comt\u00e9<\/strong><\/td>\n<td style=\"width: 169px;\">1 732<\/td>\n<td style=\"width: 143px;\">+10<\/td>\n<td style=\"width: 156px;\">194<\/td>\n<td style=\"width: 160px;\">-10<\/td>\n<td style=\"width: 220px;\">\n<p>2 155<\/p>\n<\/td>\n<\/tr>\n<tr>\n<td style=\"width: 210px;\"><strong>Provence-Alpes-C\u00f4te d&rsquo;Azur<\/strong><\/td>\n<td style=\"width: 169px;\">2 323<\/td>\n<td style=\"width: 143px;\">+16<\/td>\n<td style=\"width: 156px;\">312<\/td>\n<td style=\"width: 160px;\">+4<\/td>\n<td style=\"width: 220px;\">3 038<\/td>\n<\/tr>\n<tr>\n<td style=\"width: 210px;\"><strong>Occitanie<\/strong><\/td>\n<td style=\"width: 169px;\">1 439<\/td>\n<td style=\"width: 143px;\">-37<\/td>\n<td style=\"width: 156px;\">219<\/td>\n<td style=\"width: 160px;\">+1<\/td>\n<td style=\"width: 220px;\">1 858<\/td>\n<\/tr>\n<tr>\n<td style=\"width: 210px;\"><strong>Bretagne<\/strong><\/td>\n<td style=\"width: 169px;\">549<\/td>\n<td style=\"width: 143px;\">+9<\/td>\n<td style=\"width: 156px;\">62<\/td>\n<td style=\"width: 160px;\">NC<\/td>\n<td style=\"width: 220px;\">602<\/td>\n<\/tr>\n<tr>\n<td style=\"width: 210px;\"><strong>Nouvelle-Aquitaine<\/strong><\/td>\n<td style=\"width: 169px;\">1 338<\/td>\n<td style=\"width: 143px;\">-72<\/td>\n<td style=\"width: 156px;\">156<\/td>\n<td style=\"width: 160px;\">+3<\/td>\n<td style=\"width: 220px;\">1 444<\/td>\n<\/tr>\n<tr>\n<td style=\"width: 210px;\"><strong>Normandie<\/strong><\/td>\n<td style=\"width: 169px;\">1 071<\/td>\n<td style=\"width: 143px;\">-16<\/td>\n<td style=\"width: 156px;\">79<\/td>\n<td style=\"width: 160px;\">-2<\/td>\n<td style=\"width: 220px;\">1 292<\/td>\n<\/tr>\n<tr>\n<td style=\"width: 210px;\"><strong>Centre Val-de-Loire<\/strong><\/td>\n<td style=\"width: 169px;\">909<\/td>\n<td style=\"width: 143px;\">-28<\/td>\n<td style=\"width: 156px;\">110<\/td>\n<td style=\"width: 160px;\">+6<\/td>\n<td style=\"width: 220px;\">1 128<\/td>\n<\/tr>\n<tr>\n<td style=\"width: 210px;\"><strong>Pays de la Loire<\/strong><\/td>\n<td style=\"width: 169px;\">918<\/td>\n<td style=\"width: 143px;\">+6<\/td>\n<td style=\"width: 156px;\">83<\/td>\n<td style=\"width: 160px;\">-7<\/td>\n<td style=\"width: 220px;\">1 106<\/td>\n<\/tr>\n<tr>\n<td style=\"width: 210px;\"><strong>Corse<\/strong><\/td>\n<td style=\"width: 169px;\">31<\/td>\n<td style=\"width: 143px;\">NC<\/td>\n<td style=\"width: 156px;\">6<\/td>\n<td style=\"width: 160px;\">NC<\/td>\n<td style=\"width: 220px;\">113<\/td>\n<\/tr>\n<tr>\n<td style=\"width: 210px;\"><strong>Martinique<\/strong><\/td>\n<td style=\"width: 169px;\">32<\/td>\n<td style=\"width: 143px;\">NC<\/td>\n<td style=\"width: 156px;\">10<\/td>\n<td style=\"width: 160px;\">NC<\/td>\n<td style=\"width: 220px;\">42<\/td>\n<\/tr>\n<tr>\n<td style=\"width: 210px;\"><strong>Guadeloupe<\/strong><\/td>\n<td style=\"width: 169px;\">80<\/td>\n<td style=\"width: 143px;\">0<\/td>\n<td style=\"width: 156px;\">6<\/td>\n<td style=\"width: 160px;\">0<\/td>\n<td style=\"width: 220px;\">165<\/td>\n<\/tr>\n<tr>\n<td style=\"width: 210px;\"><strong>La R\u00e9union<\/strong><\/td>\n<td style=\"width: 169px;\">52<\/td>\n<td style=\"width: 143px;\">+2<\/td>\n<td style=\"width: 156px;\">5<\/td>\n<td style=\"width: 160px;\">NC<\/td>\n<td style=\"width: 220px;\">50<\/td>\n<\/tr>\n<tr>\n<td style=\"width: 210px;\"><strong>Guyane<\/strong><\/td>\n<td style=\"width: 169px;\">14<\/td>\n<td style=\"width: 143px;\">+3<\/td>\n<td style=\"width: 156px;\">0<\/td>\n<td style=\"width: 160px;\">NC<\/td>\n<td style=\"width: 220px;\">67<\/td>\n<\/tr>\n<tr>\n<td style=\"width: 210px;\"><strong>Mayotte<\/strong><\/td>\n<td style=\"width: 169px;\">8<\/td>\n<td style=\"width: 143px;\">-2<\/td>\n<td style=\"width: 156px;\">1<\/td>\n<td style=\"width: 160px;\">NC<\/td>\n<td style=\"width: 220px;\">38<\/td>\n<\/tr>\n<tr>\n<td style=\"width: 210px;\"><strong>TOTAL<\/strong><\/td>\n<td style=\"width: 169px;\">25 231<\/td>\n<td style=\"width: 143px;\">+68<\/td>\n<td style=\"width: 156px;\"><b>2 959<\/b><\/td>\n<td style=\"width: 160px;\">+21<\/td>\n<td style=\"width: 220px;\">\n<p><b>39 327<\/b><\/p>\n<\/td>\n<\/tr>\n<\/thead>\n<\/table>\n<p><em>\u00ab\u00a0La mortalit\u00e9 li\u00e9e \u00e0 la Covid-19\u00a0reste tr\u00e8s \u00e9lev\u00e9e\u00a0\u00bb<\/em> indique Sant\u00e9 Publique France le 10 d\u00e9cembre m\u00eame si elle baisse sur la premi\u00e8re semaine de d\u00e9cembre, comme c&rsquo;\u00e9tait le cas la semaine pr\u00e9c\u00e9dente. L&rsquo;agence rapporte toutefois<em>\u00a0\u00ab\u00a0un<strong> exc\u00e8s tr\u00e8s \u00e9lev\u00e9 en Auvergne-Rh\u00f4ne-Alpes et Bourgogne-Franche-Comt\u00e9\u00a0\u00bb<\/strong>.\u00a0<\/em>Au 11\u00a0d\u00e9cembre, <strong>57 567\u00a0<\/strong>personnes sont d\u00e9c\u00e9d\u00e9es du coronavirus depuis le d\u00e9but de l&rsquo;\u00e9pid\u00e9mie (<strong>+304\u00a0<\/strong>en 24h \u00e0 l&rsquo;h\u00f4pital, auxquels s&rsquo;ajoutent 323\u00a0d\u00e9c\u00e8s en Ehpad et \u00e9tablissements sociaux et m\u00e9dico-sociaux sur les 3\u00a0derniers jours (du 9\u00a0au 11\u00a0d\u00e9cembre)).\u00a0<strong>93% ont 65 ans ou plus<\/strong>, <strong>55% sont des hommes<\/strong>. La France a franchi la barre des 40 000 morts samedi 7 novembre\u00a0et celle des 50 000 le 24 novembre.\u00a0<strong>Un pic de mortalit\u00e9 a \u00e9t\u00e9 atteint en France le 7\u00a0novembre,<\/strong> selon les chiffres publi\u00e9s le 4\u00a0d\u00e9cembre par l&rsquo;Insee. La France enregistrait \u00e0 cette date 40\u00a0169\u00a0morts du Covid-19\u00a0depuis le d\u00e9but de l&rsquo;\u00e9pid\u00e9mie. Depuis cette date le\u00a0nombre de d\u00e9c\u00e8s diminue progressivement mais reste toujours sup\u00e9rieur \u00e0 ceux de 2019\u00a0et de 2018.\u00a0<\/p>\n<p><strong>\u2192 <\/strong>Les plus <strong>forts taux de d\u00e9c\u00e8s de patients Covid-19\u00a0par r\u00e9gion<\/strong> rapport\u00e9s \u00e0 la population (\/100\u00a0000\u00a0habitants) sur la premi\u00e8re semaine de d\u00e9cembre\u00a0sont\u00a0observ\u00e9s en Auvergne-Rh\u00f4ne-Alpes, Bourgogne-Franche-Comt\u00e9 et Grand Est.<\/p>\n<h3 style=\"text-align: center;\">Nombre hebdomadaire de d\u00e9c\u00e8s certifi\u00e9s par voie \u00e9lectronique avec une mention de COVID-19\u00a0dans les causes m\u00e9dicales de d\u00e9c\u00e8s, du 1er mars au 06\u00a0d\u00e9cembre 2020, France (donn\u00e9es au 08\u00a0d\u00e9cembre 2020)<\/h3>\n<div style=\"text-align:center\">\n<figure class=\"image\" style=\"display:inline-block\"><a class=\"fancy\" href=\"https:\/\/img-3.journaldesfemmes.fr\/QS_cBeQ7lYPZcifQFKCgxJtHR_Q=\/1080x\/smart\/a5a57bdc5d394e4dae76e86d9dbdd3a6\/ccmcms-jdf\/20713475.jpg\"><img decoding=\"async\" alt=\"courbe d\u00e9c\u00e8s covid france\" src=\"https:\/\/img-3.journaldesfemmes.fr\/OwJPy0lPx5Uv3WIYv9wVXSZyihg=\/600x\/smart\/a5a57bdc5d394e4dae76e86d9dbdd3a6\/ccmcms-jdf\/20713475.jpg\"\/><\/a><figcaption data-credit=\"Sant\u00e9 Publique France\" data-legend=\"Nombre hebdomadaire de d\u00e9c\u00e8s certifi\u00e9s par voie \u00e9lectronique, avec une mention de COVID-19 dans les causes m\u00e9dicales de d\u00e9c\u00e8s, en France, du 1er mars au 6 d\u00e9cembre 2020 (donn\u00e9es au 8 d\u00e9cembre 2020) \">Nombre hebdomadaire de d\u00e9c\u00e8s certifi\u00e9s par voie \u00e9lectronique, avec une mention de COVID-19 dans les causes m\u00e9dicales de d\u00e9c\u00e8s, en France, du 1er mars au 6 d\u00e9cembre 2020 (donn\u00e9es au 8 d\u00e9cembre 2020) <small>\u00a9\u00a0Sant\u00e9 Publique France<\/small><\/figcaption><\/figure>\n<\/div>\n<p><iframe loading=\"lazy\" height=\"1000\" src=\"https:\/\/mapthenews.maps.arcgis.com\/apps\/opsdashboard\/index.html#\/bae8aaa7a0b14261b4621c31db410c44\" style=\"border: 0px\" width=\"600\"><\/iframe><\/p>\n<p>Si l&rsquo;ensemble des r\u00e9gions m\u00e9tropolitaines \u00e9tait encore fortement touch\u00e9 par l&rsquo;\u00e9pid\u00e9mie sur la premi\u00e8re semaine de d\u00e9cembre, les r\u00e9gions <strong>Auvergne-Rh\u00f4ne-Alpes, Bourgogne-Franche-Comt\u00e9 et Grand Est <\/strong>\u00e9taient les plus impact\u00e9es, indique Sant\u00e9 Publique France le 10 d\u00e9cembre. Par ailleurs,\u00a0apr\u00e8s quatre semaines de d\u00e9croissance de l&rsquo;\u00e9pid\u00e9mie, les<strong> taux d&rsquo;incidence ont augment\u00e9 en Grand Est<\/strong> (+6%), Pays de la Loire (+5%) et Nouvelle-Aquitaine (+4%) par rapport \u00e0 la semaine pr\u00e9c\u00e9dente. Les taux d&rsquo;hospitalisations ont diminu\u00e9 dans la majorit\u00e9 des r\u00e9gions m\u00e9tropolitaines, <strong>except\u00e9 en Grand Est <\/strong>o\u00f9 le taux s&rsquo;est stabilis\u00e9, en<strong> Bretagne, Bourgogne-Franche-Comt\u00e9 et en Centre-Val de Loire<\/strong>, o\u00f9 le taux d&rsquo;hospitalisations a augment\u00e9 en comparaison avec la semaine pr\u00e9c\u00e9dente. Les taux d&rsquo;hospitalisations en r\u00e9animation ont diminu\u00e9 dans toutes les r\u00e9gions m\u00e9tropolitaines par rapport \u00e0 la semaine pr\u00e9c\u00e9dente, except\u00e9 en Bretagne, Provence-Alpes-C\u00f4te d&rsquo;Azur, Nouvelle-Aquitaine et Normandie.<\/p>\n<p><iframe loading=\"lazy\" height=\"600\" src=\"https:\/\/geodes.santepubliquefrance.fr\/?view=map1&amp;indics=sp_pe_tb_heb.tx_pe_hebdo&amp;serie=2020-S42&amp;f1code=0&amp;lang=fr&amp;iframe=1\" width=\"600\"><\/iframe><\/p>\n<aside id=\"NL_756667445\" class=\"newsletter_subscription jNlBlock\"><noscript><br \/>\n            <\/noscript><\/p>\n<h3 class=\"newsletter_subscription-title\">Newsletter <\/h3>\n<p><a href=\"\/\/mailing.ccmbg.com\/archive\/last-85\" target=\"_blank\" class=\"a_hover\" rel=\"noopener noreferrer\">Voir un exemple<\/a><\/p>\n<\/aside>\n<p>Au 10\u00a0d\u00e9cembre<strong>, 100<\/strong>\u00a0<strong>d\u00e9partements <\/strong>ont un nombre de cas de Covid-19 au-dessus du seuil d&rsquo;alerte de 50\/100 000 habitants et sont en niveau de vuln\u00e9rabilit\u00e9 \u00ab\u00a0\u00e9lev\u00e9\u00a0\u00bb.\u00a0Les d\u00e9partements pr\u00e9sentant les taux d&rsquo;incidence les plus \u00e9lev\u00e9s sur la premi\u00e8re semaine de d\u00e9cembre \u00e9taient les Ardennes (229\/100\u00a0000\u00a0habitants), la Haute-Savoie (224), le Doubs (223), les Hautes-Pyr\u00e9n\u00e9es (216), l&rsquo;Yonne (199). Dans ces d\u00e9partements, ces taux \u00e9taient toutefois en diminution par rapport \u00e0 la semaine pr\u00e9c\u00e9dente.<\/p>\n<h3 style=\"text-align: center;\">Niveau de vuln\u00e9rabilit\u00e9 par d\u00e9partement et \u00e9volution, France, au 10\u00a0d\u00e9cembre\u00a02020<\/h3>\n<div style=\"text-align:center\">\n<figure class=\"image\" style=\"display:inline-block\"><a class=\"fancy\" href=\"https:\/\/img-3.journaldesfemmes.fr\/RLXHxY-TsecURE-Mju6XptXO4d0=\/1080x\/smart\/27b29abf507d47378a9fd539fe6abbd1\/ccmcms-jdf\/20171983.png\"><img decoding=\"async\" alt=\"\" src=\"https:\/\/img-3.journaldesfemmes.fr\/bMv80tzKrrm3XdtiWOxvvb7Tyos=\/600x\/smart\/27b29abf507d47378a9fd539fe6abbd1\/ccmcms-jdf\/20171983.png\"\/><\/a><figcaption data-credit=\"Sant\u00e9 Publique France\" data-legend=\"Niveau de vuln\u00e9rabilit\u00e9 par d\u00e9partement et \u00e9volution, France, au 17 novembre 2020 \u00a9 Sant\u00e9 Publique France \u00a9 Sant\u00e9 Publique France\">Niveau de vuln\u00e9rabilit\u00e9 par d\u00e9partement et \u00e9volution, France, au 10 d\u00e9cembre 2020 \u00a9 Sant\u00e9 Publique France \u00a9 Sant\u00e9 Publique France <small>\u00a9\u00a0Sant\u00e9 Publique France<\/small><\/figcaption><\/figure>\n<\/div>\n<section>\n<blockquote>\n<p style=\"text-align: right;\">\u00a0<\/p>\n<\/blockquote>\n<p>Les taux de reproduction du virus appel\u00e9s \u00ab\u00a0R-effectifs\u00a0\u00bb ou \u00ab\u00a0Reff\u00a0\u00bb\u00a0permettent de d\u00e9crire la dynamique de l&rsquo;\u00e9pid\u00e9mie\u00a0: lorsque le Reff est significativement sup\u00e9rieur \u00e0 1, ceci signifie que l&rsquo;\u00e9pid\u00e9mie est en progression, lorsqu&rsquo;il est \u00e9gal \u00e0 1, l&rsquo;\u00e9pid\u00e9mie se stabilise, lorsqu&rsquo;il est significativement inf\u00e9rieur \u00e0 1, l&rsquo;\u00e9pid\u00e9mie r\u00e9gresse. Au 10 d\u00e9cembre, le<strong> R effectif est \u00e0 0.58.<\/strong>\u00a0Il est inf\u00e9rieure \u00e0 1\u00a0en France m\u00e9tropolitaine dans les trois sources de donn\u00e9es (tests PCR et tests antig\u00e9niques, passages aux urgences,\u00a0donn\u00e9es d&rsquo;hospitalisations) mais ces\u00a0<strong>trois taux sont en hausse<\/strong> par rapport aux estimations de la semaine pr\u00e9c\u00e9dente ce qui traduit <strong>une augmentation des niveaux de transmission virale<\/strong>, indique Sant\u00e9 Publique France le 10 d\u00e9cembre. Comment ce nombre est-il calcul\u00e9\u00a0?\u00a0<\/p>\n<p>Le d\u00e9pistage du Covid-19 est r\u00e9alis\u00e9 en France par RT-PCT et par tests antig\u00e9niques. Au 10 d\u00e9cembre, le taux de positivit\u00e9 est en baisse et s&rsquo;\u00e9tablit \u00e0\u00a0<strong>6,2%.<\/strong>\u00a0<strong>590 laboratoires<\/strong> testent par PCR les Fran\u00e7ais sur l&rsquo;ensemble du territoire et sont soutenus\u00a0par les pharmacies (pour les tests antig\u00e9niques).<em> \u00ab\u00a0Il reste d\u00e9terminant que chaque personne pr\u00e9sentant des sympt\u00f4mes \u00e9vocateurs de COVID-19\u00a0s&rsquo;isole imm\u00e9diatement et r\u00e9alise un test diagnostique dans les plus brefs d\u00e9lais\u00a0\u00bb<\/em> informe Sant\u00e9 Publique France le 10 d\u00e9cembre.<\/p>\n<p>Comme il n&rsquo;y a ni vaccin, ni m\u00e9dicament efficace contre le coronavirus, le meilleur moyen de s&rsquo;en prot\u00e9ger\u00a0est <strong>l&rsquo;application de <a href=\"https:\/\/sante.journaldesfemmes.fr\/fiches-maladies\/2619739-gestes-barrieres-covid-19-ecole-distanciation-sociale-maternelle-entreprise-restaurant-affiche-hygiene-aeration-maison\/\" target=\"_blank\" rel=\"noopener noreferrer\">gestes barri\u00e8res<\/a><\/strong> :\u00a0mesures d&rsquo;hygi\u00e8ne, r\u00e9duction des contacts (salut sans embrassade et sans serrer les mains, maintien de la distance physique, regroupements \u00e0 \u00e9viter), port appropri\u00e9 du masque <strong>(bouche et nez couverts)<\/strong>, a\u00e9ration des endroits clos. Les personnes contacts de cas confirm\u00e9s doivent respecter les p\u00e9riodes d&rsquo;isolement. Les <strong>personnes \u00e2g\u00e9es ou atteintes de pathologies chroniques (atteintes respiratoire, cardiaque, ob\u00e9sit\u00e9, diab\u00e8te\u2026) <\/strong>sont appel\u00e9es \u00e0 la plus<strong> grande prudence <\/strong>tant que le virus circule.<\/p>\n<p>Si au d\u00e9but, on ne parlait que de fi\u00e8vre, toux s\u00e8che, rhume, \u00e9tat grippal et de fatigue, les sympt\u00f4mes de l&rsquo;infection par le coronavirus ont \u00e9volu\u00e9. On sait d\u00e9sormais que le virus peut avoir des <strong>effets sur la peau<\/strong> (urticaire, l\u00e9sions inflammatoires sur les orteils), la sph\u00e8re digestive (vomissements, diarrh\u00e9es&#8230;), <strong>l&rsquo;odorat<\/strong>, le <strong>go\u00fbt <\/strong>et m\u00eame le cerveau.<em> \u00ab\u00a0Sur 100 personnes atteintes du coronavirus, 90 ne vont pas d\u00e9velopper de sympt\u00f4mes\u00a0\u00bb<\/em> a inform\u00e9 le ministre de la Sant\u00e9 le 5 novembre.<\/p>\n<ul>\n<li><strong>Si vous pr\u00e9sentez des\u00a0sympt\u00f4mes (toux, fi\u00e8vre, mal de t\u00eate) : <\/strong>\u00e9vitez\u00a0les contacts, restez\u00a0\u00e0 domicile, prenez du parac\u00e9tamol si besoin, appelez\u00a0un m\u00e9decin pour prendre rendez-vous dans l&rsquo;\u00e9ventualit\u00e9 qu&rsquo;il vous fasse passer un test de d\u00e9pistage.\u00a0<\/li>\n<li><strong>Appeler le\u00a015 en cas de\u00a0difficult\u00e9s respiratoires : \u00ab\u00a0<\/strong><em>Si cette toux et cette fi\u00e8vre s&rsquo;accompagnent d&rsquo;une g\u00eane respiratoire qui devient permanente avec souffle court, difficult\u00e9 \u00e0 inspirer et \u00e0 expirer, d&rsquo;une aggravation importante de la toux, cela peut signifier une \u00e9volution de la maladie sous la forme d&rsquo;une pneumopathie. Il s&rsquo;agit alors d&rsquo;une urgence respiratoire potentielle et comme dans tous les cas d&rsquo;urgence, il faut alors appeler le 15\u00a0qui prendra les meilleures dispositions pour r\u00e9pondre \u00e0 la situation\u00a0\u00bb, <\/em>pr\u00e9vient le Dr\u00a0Patrick Aub\u00e9, m\u00e9decin g\u00e9n\u00e9raliste. \u00a0<\/li>\n<\/ul>\n<table border=\"1\" cellpadding=\"1\" cellspacing=\"1\" style=\"width:100%;\">\n<thead>\n<tr>\n<th scope=\"col\" style=\"text-align: center;\"><strong>DATES CL\u00c9S DE L&rsquo;\u00c9PID\u00c9MIE EN FRANCE<\/strong><\/th>\n<\/tr>\n<\/thead>\n<tbody>\n<tr>\n<td>\n<ul>\n<li><strong>31\u00a0d\u00e9cembre 2019,<\/strong> l&rsquo;Organisation mondiale de la Sant\u00e9 en Chine est inform\u00e9e de plusieurs cas de pneumonies dans la ville de Wuhan. 44\u00a0personnes sont infect\u00e9es entre cette date et le 3\u00a0janvier 2020.<\/li>\n<li><strong>7\u00a0janvier 2020, <\/strong>les autorit\u00e9s chinoises identifient un \u00ab\u00a0nouveau type de coronavirus\u00a0\u00bb.<\/li>\n<li><strong>13\u00a0janvier, <\/strong>un cas import\u00e9 est recens\u00e9 en Tha\u00eflande.<\/li>\n<li><strong>15\u00a0janvier<\/strong>, le virus cause\u00a0la mort d&rsquo;<strong>une premi\u00e8re\u00a0personne \u00e0 Wuhan<\/strong>, un homme de 69\u00a0ans.\u00a0<\/li>\n<li><strong>23\u00a0janvier,<\/strong> trois villes chinoises dont Wuhan sont plac\u00e9es en quarantaine.<\/li>\n<li><strong>25\u00a0janvier, trois personnes\u00a0contamin\u00e9es sont recens\u00e9es en France<\/strong>, deux \u00e0 Paris et une Bordeaux. Ce sont les premiers cas enregistr\u00e9s sur le continent europ\u00e9en.<\/li>\n<li><strong>30\u00a0janvier, <\/strong>l&rsquo;Organisation mondiale de la Sant\u00e9 <strong>d\u00e9cr\u00e8te\u00a0l&rsquo;<a href=\"https:\/\/sante.journaldesfemmes.fr\/fiches-maladies\/2608035-urgence-de-sante-publique-de-portee-internationale-definition-oms-coronavirus\/\" target=\"_blank\" rel=\"noopener noreferrer\">urgence de sant\u00e9 mondiale<\/a><\/strong>.\u00a0Cette mesure n&rsquo;avait \u00e9t\u00e9 d\u00e9cr\u00e9t\u00e9e que 5\u00a0fois depuis sa cr\u00e9ation (pour Ebola (deux fois), la grippe H1N1, Zika et la poliomy\u00e9lite).\u00a0<\/li>\n<li><strong>23\u00a0f\u00e9vrier, <\/strong>la France d\u00e9clenche le <a href=\"https:\/\/sante.journaldesfemmes.fr\/fiches-maladies\/2622449-plan-orsan-reb-definition-signification-qui-declenche-coronavirus-definition-duree\/\" target=\"_blank\" rel=\"noopener noreferrer\">plan ORSAN<\/a>, un dispositif exceptionnel d&rsquo;organisation des soins.<\/li>\n<li><strong>28\u00a0f\u00e9vrier,<\/strong> la France passe en stade 2\u00a0de l&rsquo;\u00e9pid\u00e9mie.<\/li>\n<li><strong>11\u00a0mars, <\/strong>l&rsquo;OMS classifie de <strong>pand\u00e9mie <\/strong>la diffusion de la maladie \u00e0 coronavirus Covid-19\u00a0dans le monde.<\/li>\n<li><strong>12\u00a0mars<\/strong>, le pr\u00e9sident de la R\u00e9publique Emmanuel Macron annonce la fermeture nationale des cr\u00e8ches et \u00e9tablissements scolaires de France \u00e0 compter du 16\u00a0mars et \u00ab\u00a0jusqu&rsquo;\u00e0 nouvel ordre\u00a0\u00bb.<\/li>\n<li><strong>14\u00a0mars<\/strong>, la France passe au <a href=\"https:\/\/sante.journaldesfemmes.fr\/fiches-maladies\/2625289-coronavirus-covid-19-stade-1-2-3-4-duree-mesure-france-signification-quand\/\" target=\"_blank\" rel=\"noopener noreferrer\"><strong>stade 3 <\/strong><\/a>de l&rsquo;\u00e9pid\u00e9mie.<\/li>\n<li><strong>16\u00a0mars\u00a0:<\/strong>\u00a0la France met en place un dispositif de confinement interdisant les d\u00e9placements.<\/li>\n<li><strong>18\u00a0mars<\/strong> le premier transfert de patients Covid-19\u00a0en France est r\u00e9alis\u00e9\u00a0gr\u00e2ce \u00e0 l&rsquo;Arm\u00e9e, par voie terrestre et a\u00e9rienne.\u00a0<\/li>\n<li><strong>26\u00a0mars<\/strong>, un premier cas jeune meurt en France, une adolescente de 16\u00a0ans, en Ile-de-France originaire de Morsang-sur-Orge.<\/li>\n<li><strong>27\u00a0mars,<\/strong> le confinement de la population fran\u00e7aise est renouvel\u00e9 jusqu&rsquo;au 15\u00a0avril.<\/li>\n<li><strong>13\u00a0avril,<\/strong> Emmanuel Macron annonce le prolongement du confinement jusqu&rsquo;au 11\u00a0mai.<\/li>\n<li><strong>11\u00a0mai, <\/strong>la France commence son d\u00e9confinement.<\/li>\n<li><strong>\u00a015\u00a0juin<\/strong>, toute la France passe en zone verte, sauf Mayotte et la Guyane. A Paris, les restaurants et bars peuvent rouvrir compl\u00e8tement.<\/li>\n<li><strong>22\u00a0juin, <\/strong>les \u00e9coles sont de nouveaux obligatoires en France pour tous les \u00e9l\u00e8ves. Les cin\u00e9mas, salles de jeux, casinos rouvrent. Les sports collectifs peuvent \u00eatre autoris\u00e9s tout en respectant certaines conditions sanitaires.<\/li>\n<li><strong>10\u00a0juillet<\/strong>, la <strong>France <\/strong>a franchi la barre des 30\u00a0000\u00a0morts. Dans la nuit du 10\u00a0au 11\u00a0juillet \u00e0 minuit, l&rsquo;\u00e9tat d&rsquo;urgence sanitaire prend fin en France.<\/li>\n<li><strong>\u00a020\u00a0juillet,<\/strong>\u00a0le <strong>port du masque est obligatoire <\/strong>dans les lieux publics clos en France.<\/li>\n<li><strong>8 octobre, <\/strong>le<strong> plan blanc est r\u00e9activ\u00e9 <\/strong>dans les h\u00f4pitaux d&rsquo;Ile-de-France.<\/li>\n<li><strong>17 octobre \u00e0 0h01<\/strong>, la France repasse en \u00e9tat d&rsquo;urgence sanitaire et un <strong>couvre-feu <\/strong>est instaur\u00e9 dans 9 territoires\u00a0(Paris-Ile-de-France, Rouen, Grenoble, Lille, Lyon, Aix-Marseille, Montpellier, Saint-Etienne, Toulouse).<\/li>\n<li><strong>24 octobre \u00e0 0h01 :<\/strong> extension des mesures de couvre-feu \u00e0 38 nouveaux d\u00e9partements fran\u00e7ais.<\/li>\n<li><strong>29 octobre \u00e0 0h01<\/strong> : reconfinement national pour 4 semaines, jusqu&rsquo;au 1er d\u00e9cembre au minimum.<\/li>\n<li><strong>28 novembre : <\/strong>premi\u00e8re \u00e9tape d&rsquo;all\u00e8gement du confinement avec la r\u00e9ouverture des commerces non essentiels.<\/li>\n<\/ul>\n<\/td>\n<\/tr>\n<\/tbody>\n<\/table>\n<p><em>Cet article est mis \u00e0 jour quotidiennement par <a href=\"https:\/\/www.journaldesfemmes.fr\/account\/ablaize-11409696\" target=\"_blank\" rel=\"noopener noreferrer\">Aur\u00e9lie Blaize<\/a>, <a href=\"https:\/\/www.journaldesfemmes.fr\/account\/anaisthiebaux-10573564\" target=\"_blank\" rel=\"noopener noreferrer\">Ana\u00efs Thi\u00e9baux<\/a> et <a href=\"https:\/\/www.journaldesfemmes.fr\/account\/samanthapages-11598093\" target=\"_blank\" rel=\"noopener noreferrer\">Samantha Pag\u00e8s<\/a>.\u00a0<\/em><\/p>\n<\/section>\n<\/div>\n<p>[ad_2]<br \/>\n<br \/><a href=\"https:\/\/sante.journaldesfemmes.fr\/fiches-maladies\/2605417-coronavirus-france-covid-19-cas-direct-deces-chiffres-nombre-morts-evolution-bilan-infos\/\">Source link <\/a><\/p>\n","protected":false},"excerpt":{"rendered":"<p>[ad_1] COVID FRANCE DIRECT &#8211; Le nombre de contaminations reste \u00e9lev\u00e9\u00a0: 13\u00a0406\u00a0nouveaux cas ont \u00e9t\u00e9 diagnostiqu\u00e9s en 24h et 304\u00a0nouveaux &hellip; <a href=\"http:\/\/www.affinite.fr\/index.php\/2020\/12\/11\/chiffres-du-jour-regions-dans-le-rouge\/\" class=\"more-link\">Plus <span class=\"screen-reader-text\">chiffres du jour, r\u00e9gions dans le rouge<\/span> <span class=\"meta-nav\">&rarr;<\/span><\/a><\/p>\n","protected":false},"author":1,"featured_media":5638,"comment_status":"open","ping_status":"open","sticky":false,"template":"","format":"standard","meta":{"_sitemap_exclude":false,"_sitemap_priority":"","_sitemap_frequency":"","footnotes":""},"categories":[1],"tags":[],"class_list":["post-5637","post","type-post","status-publish","format-standard","has-post-thumbnail","hentry","category-tous"],"_links":{"self":[{"href":"http:\/\/www.affinite.fr\/index.php\/wp-json\/wp\/v2\/posts\/5637"}],"collection":[{"href":"http:\/\/www.affinite.fr\/index.php\/wp-json\/wp\/v2\/posts"}],"about":[{"href":"http:\/\/www.affinite.fr\/index.php\/wp-json\/wp\/v2\/types\/post"}],"author":[{"embeddable":true,"href":"http:\/\/www.affinite.fr\/index.php\/wp-json\/wp\/v2\/users\/1"}],"replies":[{"embeddable":true,"href":"http:\/\/www.affinite.fr\/index.php\/wp-json\/wp\/v2\/comments?post=5637"}],"version-history":[{"count":0,"href":"http:\/\/www.affinite.fr\/index.php\/wp-json\/wp\/v2\/posts\/5637\/revisions"}],"wp:featuredmedia":[{"embeddable":true,"href":"http:\/\/www.affinite.fr\/index.php\/wp-json\/wp\/v2\/media\/5638"}],"wp:attachment":[{"href":"http:\/\/www.affinite.fr\/index.php\/wp-json\/wp\/v2\/media?parent=5637"}],"wp:term":[{"taxonomy":"category","embeddable":true,"href":"http:\/\/www.affinite.fr\/index.php\/wp-json\/wp\/v2\/categories?post=5637"},{"taxonomy":"post_tag","embeddable":true,"href":"http:\/\/www.affinite.fr\/index.php\/wp-json\/wp\/v2\/tags?post=5637"}],"curies":[{"name":"wp","href":"https:\/\/api.w.org\/{rel}","templated":true}]}}