{"id":5611,"date":"2020-12-05T14:08:57","date_gmt":"2020-12-05T14:08:57","guid":{"rendered":"https:\/\/www.affinite.fr\/index.php\/2020\/12\/05\/pose-de-parquet-colle-en-23-etapes-illustrees\/"},"modified":"2020-12-05T14:08:57","modified_gmt":"2020-12-05T14:08:57","slug":"pose-de-parquet-colle-en-23-etapes-illustrees","status":"publish","type":"post","link":"http:\/\/www.affinite.fr\/index.php\/2020\/12\/05\/pose-de-parquet-colle-en-23-etapes-illustrees\/","title":{"rendered":"Pose de parquet coll\u00e9 en 23 \u00e9tapes illustr\u00e9es"},"content":{"rendered":"<p> [ad_1]<br \/>\n<\/p>\n<div>\n<p itemprop=\"description\">Le parquet coll\u00e9 est un mode de pose est compatible avec de nombreux supports tels que les chapes de ciment, anciens carrelages ou parquets, panneaux de bois. Suivez le guide dans ce pas \u00e0 pas en 23 \u00e9tapes illustr\u00e9es !<\/p>\n<figure>\n<div class=\"cover\"><img loading=\"lazy\" decoding=\"async\" src=\"https:\/\/maison3.advcdn.net\/images\/medias\/000\/054\/000054719\/660.jpg\" alt=\"Apr\u00e8s les travaux : un parquet tout neuf, contemporain, clair avec des lames de 16 cm de large.\" title=\"Apr\u00e8s les travaux : un parquet tout neuf, contemporain, clair avec des lames de 16 cm de large.\" width=\"430\" height=\"242\" itemprop=\"image\"\/><\/div>\n<p>&#13;<\/p>\n<div class=\"gallery\">\n<p>\t\t\t\t\t\t\t\t<a href=\"https:\/\/www.maison.com\/brico-travaux\/menuiserie\/pose-parquet-colle-23-etapes-illustrees-9722\/galerie\/\" class=\"more\">Afficher la galerie<\/a><figcaption>&#13;<br \/>\n\t\t\t\t\t\t\t\t\tApr\u00e8s les travaux : un parquet tout neuf, contemporain, clair avec des lames de 16 cm de large.\t\t\t\t\t\t\t\t\t<br \/>&#13;<br \/>\n\t\t\t\t\t\t\t\t\t\u00a9Michel Balic\t\t\t\t\t\t\t\t<\/figcaption><\/div>\n<p>&#13;<br \/>\n\t\t\t\t\t\t<\/figure>\n<p><!--\n\n<div class=\"arrow\"><\/div>\n\n--><a href=\"https:\/\/www.maison.com\/brico-travaux\/menuiserie\/pose-parquet-colle-23-etapes-illustrees-9722\/galerie\/54742\/\" alt=\"Photo pr\u00e9c\u00e9dente\" title=\"Photo pr\u00e9c\u00e9dente\" class=\"previmg\"\/><br \/>\n\t\t\t\t\t\t<a href=\"https:\/\/www.maison.com\/brico-travaux\/menuiserie\/pose-parquet-colle-23-etapes-illustrees-9722\/galerie\/54720\/\" alt=\"Photo suivante\" title=\"Photo suivante\" class=\"nextimg\"\/>\n\t\t\t\t\t<\/div>\n<div itemprop=\"articleBody\">\n<p>\n  Avant la pose de votre nouveau parquet coll\u00e9, il est primordial que le support soit propre, d\u00e9poussi\u00e9r\u00e9, sain, sec, r\u00e9sistant, non friable, non pulv\u00e9rulent, stable et incompressible. L\u2019humidit\u00e9 doit \u00eatre inf\u00e9rieure \u00e0 3%(sauf pour une chape anhydrite\u00a0: 0,5%). La pose coll\u00e9e en plein consiste \u00e0 encoller soigneusement le support avec une spatule crant\u00e9e adapt\u00e9e \u00e0 la colle. Il est fortement conseill\u00e9 de ne pas pr\u00e9parer plus de 1m\u00b2 \u00e0 l\u2019avance afin d\u2019\u00e9viter que la colle ne s\u00e8che avant la pose. La progression du travail se fait par la pose de lames de parquet sur les surfaces encoll\u00e9es en les marouflant efficacement avec grand soin, ainsi qu\u2019en v\u00e9rifiant l\u2019\u00e9querrage r\u00e9guli\u00e8rement et l\u2019alignement des nouvelles lames de parquet.\n<\/p>\n<p>\n  La pose coll\u00e9e des parquets est encadr\u00e9e par les prescriptions de mises en \u0153uvre dict\u00e9es par le DTU 51.2. Les DTU sont la r\u00e9f\u00e9rence que tout expert prendra en compte en cas de litige.\n<\/p>\n<p>\n  Cette pose est plut\u00f4t r\u00e9serv\u00e9e aux <strong>professionnels de la mise en \u0153uvre des parquets ou \u00e0 des bricoleurs aguerris.<\/strong>\n<\/p>\n<p>\n  <strong style=\"text-decoration: underline\">Carnet d\u2019adresses\u00a0:<\/strong>\n<\/p>\n<p>\n  Parqueterie de Bourgogne\u00a0:\u00a0\u00a0\u00a0 <a href=\"http:\/\/www.parquet.fr\/\">www.parquet.fr<\/a><br \/>Pursol&amp;bois\u00a0:\u00a0\u00a0\u00a0\u00a0\u00a0\u00a0 <a href=\"http:\/\/www.pursolbois.com\/\">www.pursolbois.com<\/a>\n<\/p>\n<\/p><\/div>\n<p><script async defer crossorigin=\"anonymous\" src=\"https:\/\/connect.facebook.net\/fr_FR\/sdk.js#xfbml=1&#038;version=v6.0&#038;appId=252025098257546&#038;autoLogAppEvents=1\"><\/script><br \/>\n<br \/>[ad_2]<br \/>\n<br \/><a href=\"http:\/\/feedproxy.google.com\/~r\/maison-actus\/~3\/fVex0lOJzYs\/\">Source link <\/a><\/p>\n","protected":false},"excerpt":{"rendered":"<p>[ad_1] Le parquet coll\u00e9 est un mode de pose est compatible avec de nombreux supports tels que les chapes de &hellip; <a href=\"http:\/\/www.affinite.fr\/index.php\/2020\/12\/05\/pose-de-parquet-colle-en-23-etapes-illustrees\/\" class=\"more-link\">Plus <span class=\"screen-reader-text\">Pose de parquet coll\u00e9 en 23 \u00e9tapes illustr\u00e9es<\/span> <span class=\"meta-nav\">&rarr;<\/span><\/a><\/p>\n","protected":false},"author":1,"featured_media":5612,"comment_status":"open","ping_status":"open","sticky":false,"template":"","format":"standard","meta":{"_sitemap_exclude":false,"_sitemap_priority":"","_sitemap_frequency":"","footnotes":""},"categories":[1],"tags":[],"class_list":["post-5611","post","type-post","status-publish","format-standard","has-post-thumbnail","hentry","category-tous"],"_links":{"self":[{"href":"http:\/\/www.affinite.fr\/index.php\/wp-json\/wp\/v2\/posts\/5611"}],"collection":[{"href":"http:\/\/www.affinite.fr\/index.php\/wp-json\/wp\/v2\/posts"}],"about":[{"href":"http:\/\/www.affinite.fr\/index.php\/wp-json\/wp\/v2\/types\/post"}],"author":[{"embeddable":true,"href":"http:\/\/www.affinite.fr\/index.php\/wp-json\/wp\/v2\/users\/1"}],"replies":[{"embeddable":true,"href":"http:\/\/www.affinite.fr\/index.php\/wp-json\/wp\/v2\/comments?post=5611"}],"version-history":[{"count":0,"href":"http:\/\/www.affinite.fr\/index.php\/wp-json\/wp\/v2\/posts\/5611\/revisions"}],"wp:featuredmedia":[{"embeddable":true,"href":"http:\/\/www.affinite.fr\/index.php\/wp-json\/wp\/v2\/media\/5612"}],"wp:attachment":[{"href":"http:\/\/www.affinite.fr\/index.php\/wp-json\/wp\/v2\/media?parent=5611"}],"wp:term":[{"taxonomy":"category","embeddable":true,"href":"http:\/\/www.affinite.fr\/index.php\/wp-json\/wp\/v2\/categories?post=5611"},{"taxonomy":"post_tag","embeddable":true,"href":"http:\/\/www.affinite.fr\/index.php\/wp-json\/wp\/v2\/tags?post=5611"}],"curies":[{"name":"wp","href":"https:\/\/api.w.org\/{rel}","templated":true}]}}