{"id":5601,"date":"2020-12-03T18:29:18","date_gmt":"2020-12-03T18:29:18","guid":{"rendered":"https:\/\/www.affinite.fr\/index.php\/2020\/12\/03\/aurelie-dotremont-les-anges-epuisee-par-ses-crises-de-boulimie\/"},"modified":"2020-12-03T18:29:18","modified_gmt":"2020-12-03T18:29:18","slug":"aurelie-dotremont-les-anges-epuisee-par-ses-crises-de-boulimie","status":"publish","type":"post","link":"http:\/\/www.affinite.fr\/index.php\/2020\/12\/03\/aurelie-dotremont-les-anges-epuisee-par-ses-crises-de-boulimie\/","title":{"rendered":"Aur\u00e9lie Dotremont (Les Anges), \u00e9puis\u00e9e par ses crises de boulimie"},"content":{"rendered":"<p> [ad_1]<br \/>\n<br \/><img decoding=\"async\" src=\"https:\/\/img-3.journaldesfemmes.fr\/p7eGUFbu00kVGyNOWrf-7tCGCDI=\/1280x\/smart\/36ea18032bc64970b7824c356a816129\/ccmcms-jdf\/20471882.jpg\" \/><\/p>\n<p>\n                Le 26\u00a0novembre, les fans d&rsquo;Aur\u00e9lie Dotremont ont pu lire un long message tr\u00e8s alarmant sur Snpachat. La candidate de t\u00e9l\u00e9-r\u00e9alit\u00e9 de 29\u00a0ans a d\u00e9voil\u00e9 qu&rsquo;elle avait \u00ab\u00a0vomi du sang\u00a0\u00bb apr\u00e8s une \u00e9ni\u00e8me crise de boulimie..            <\/p>\n<div>\n<p>Malade depuis de longues ann\u00e9es, <strong>Aur\u00e9lie\u00a0Dotremont se bat sans rel\u00e2che contre la <a href=\"https:\/\/sante.journaldesfemmes.fr\/fiches-maladies\/2552546-boulimie-reperer-symptome-has\/\" title=\"Boulimie\">boulimie<\/a> vomitive. <\/strong>La candidate de t\u00e9l\u00e9-r\u00e9alit\u00e9 souffre de troubles alimentaires et ne s&rsquo;en cache plus&#8230; Confront\u00e9e \u00e0 de gros traumatismes qu&rsquo;elle a abord\u00e9\u00a0dans son <a href=\"http:\/\/www.affinite.fr\/index.php\/2023\/08\/24\/lart-de-la-glace-transforme-en-business-la-vision-unique-de-fabien-gris\/\">livre<\/a><em> Tu Finiras dans une Vitrine<\/em> paru en 2019, la jolie Belge\u00a0doit affronter chaque jour des crises plus ou moins importantes, nocives pour sa sant\u00e9. Alors qu&rsquo;elle devait s&rsquo;envoler sur le tournage de <em>La Bataille des Couples 3<\/em> avec son compagnon, Aur\u00e9lie Dotremont a finalement \u00e9t\u00e9 \u00e9vinc\u00e9e du casting&#8230;<br \/>D\u00e9\u00e7ue,\u00a0 la jeune femme de 29 ans a partag\u00e9 un inqui\u00e9tant message sur Snapchat le 26 novembre, en d\u00e9voilant qu&rsquo;elle avait replong\u00e9 dans la boulimie.\u00a0<br \/>\u00ab\u00a0<i>Je suis \u00e9puis\u00e9e, ma maladie m&rsquo;\u00e9puise.\u00a0<\/i><em><strong>Cela fait douze ou quatorze ans que je suis dans cette situation,\u00a0<\/strong>hier, pour ne rien vous cacher, pour la premi\u00e8re fois<strong> j&rsquo;ai vomi du sang<\/strong>\u2026 Il y a une semaine <strong>j&rsquo;ai failli m&rsquo;\u00e9touffer\u2026\u00a0<\/strong>Faites attention aux gens qui sont atteints autour de vous\u00a0\u00bb, <\/em>a-t-elle commenc\u00e9 par \u00e9crire.\u00a0<\/p>\n<h2>Aur\u00e9lie Dotremont : \u00ab\u00a0Mon \u0153sophage me br\u00fble\u00a0\u00bb<\/h2>\n<p>L&rsquo;\u00e9tat de sant\u00e9 de la vedette semble s&rsquo;\u00eatre\u00a0d\u00e9t\u00e9rior\u00e9&#8230;<em><strong>\u00a0 <\/strong>Sur son compte Snapchat,\u00a0<\/em>Aur\u00e9lie Dotremont a continu\u00e9 d&rsquo;\u00e9noncer des d\u00e9tails gla\u00e7ants sur l&rsquo;enfer qu&rsquo;elle subit au quotidien.<em><strong> <\/strong><\/em><\/p>\n<p><em>\u00ab\u00a0<\/em><i>\u00a0Je suis \u00e0 nouveau \u00e0 <strong>7\u00a0crises par jour.\u00a0<\/strong><\/i><em><strong>Mon \u0153sophage me br\u00fble et la <a href=\"https:\/\/sante.journaldesfemmes.fr\/fiches-sante-du-quotidien\/2440640-fatigue-cause-symptomes-que-faire\/\" title=\"Fatigue\">fatigue<\/a> est trop intense\u2026 <\/strong><\/em><i>J&rsquo;ai arr\u00eat\u00e9 d&rsquo;aller voir ma th\u00e9rapeute\u00a0car je n&rsquo;ai pas envie de lui faire perdre du temps,\u00a0sans vous mentir le coup du &lsquo;Tu pars plus en tournage&rsquo; m&rsquo;a mis un coup, c&rsquo;est tout con mais le moindre \u00e9chec, la moindre d\u00e9ception&#8230; En gros la moindre \u00e9motion me refout dans cette maladie\u00a0\u00bb, <\/i>a expliqu\u00e9 la star de t\u00e9l\u00e9, qui a particip\u00e9 <a href=\"https:\/\/www.journaldesfemmes.fr\/people\/magazine\/2674045-maddy-burciaga-hugo-clement-polemique-fondation-brigitte-bardot\/#:~:text=Accus%C3%A9e%20d'arnaque%20par%20Hugo,d%C3%A9fendue%20sur%20les%20r%C3%A9seaux%20sociaux.&amp;text=En%20cause%2C%20un%20%22partenariat%22,avec%20la%20Fondation%20Brigitte%20Bardot.\"><em>aux Anges<\/em><\/a> (<em>NRJ12<\/em>) et <em>aux Princes et aux Princesses de l&rsquo;Amour (W9)<\/em>, entre autres.<\/p>\n<h2>Aur\u00e9lie Dotremont tente de s&rsquo;en sortir<\/h2>\n<p>Consciente de ses r\u00e9v\u00e9lations choc, l&rsquo;<a href=\"https:\/\/www.journaldesfemmes.fr\/mode\/magazine-mode\/1989449-blogueuses-instagrameuses-influenceuses\/\" title=\"Blogueuses mode\">influenceuse<\/a> aux 1,6 millions d&rsquo;abonn\u00e9s sur Instagram a repris la parole le 29 novembre, toujours via\u00a0Snapchat pour donner <strong>des nouvelles plus rassurantes<\/strong>. Si elle n&rsquo;a plus de tabou concernant son dangereux <a href=\"https:\/\/sante.journaldesfemmes.fr\/fiches-maladies\/2648937-trouble-du-comportement-definition-qui-consulter-traitements\/\" title=\"Trouble du comportement\">trouble du comportement<\/a> alimentaire, elle souhaite de son c\u00f4t\u00e9 pouvoir toucher et aider sa communaut\u00e9&#8230;<\/p>\n<p><i>\u00ab\u00a0J&rsquo;aime parler ouvertement de cette maladie parce que je sais qu&rsquo;il y a beaucoup de personnes qui ont du mal \u00e0 en parler. M\u00eame moi j&rsquo;ai du mal \u00e0 dire &lsquo;Boulimie&rsquo;. J&rsquo;ai juste envie de vous montrer que vous n&rsquo;\u00eates pas seuls\u00a0\u00bb, a-t-elle\u00a0d\u00e9clar\u00e9.<\/i><\/p>\n<p>Avant de poursuivre: <i>\u00ab\u00a0<b>Il y en a beaucoup dans notre situation et il faut vraiment tenir le coup et essayer de faire son maximum pour s&rsquo;en sortir<\/b>. M\u00eame si je suis la preuve vivante que ce n&rsquo;est pas facile du tout. Le plus important c&rsquo;est d&rsquo;\u00eatre bien entour\u00e9 et d&rsquo;avoir au moins une personne \u00e0 qui en parler, qui peut vous comprendre sans vous juger\u00a0\u00bb.<\/i><\/p>\n<aside id=\"NL_1821683332\" class=\"newsletter_subscription jNlBlock\"><noscript><br \/>\n            <\/noscript><\/p>\n<h3 class=\"newsletter_subscription-title\">Newsletter <\/h3>\n<p><a href=\"\/\/mailing.ccmbg.com\/archive\/last-85\" target=\"_blank\" class=\"a_hover\" rel=\"noopener noreferrer\">Voir un exemple<\/a><\/p>\n<\/aside>\n<p>Aur\u00e9lie Dotremont peut heureusement compter sur le soutien de ses nombreux fans et sur son petit-ami, avec qui elle partage sa vie depuis plus d&rsquo;un an maintenant&#8230;\u00a0<\/p>\n<\/p><\/div>\n<p>[ad_2]<br \/>\n<br \/><a href=\"https:\/\/www.journaldesfemmes.fr\/people\/magazine\/2679361-aurelie-dotremont-les-anges-boulimie\/\">Source link <\/a><\/p>\n","protected":false},"excerpt":{"rendered":"<p>[ad_1] Le 26\u00a0novembre, les fans d&rsquo;Aur\u00e9lie Dotremont ont pu lire un long message tr\u00e8s alarmant sur Snpachat. La candidate de &hellip; <a href=\"http:\/\/www.affinite.fr\/index.php\/2020\/12\/03\/aurelie-dotremont-les-anges-epuisee-par-ses-crises-de-boulimie\/\" class=\"more-link\">Plus <span class=\"screen-reader-text\">Aur\u00e9lie Dotremont (Les Anges), \u00e9puis\u00e9e par ses crises de boulimie<\/span> <span class=\"meta-nav\">&rarr;<\/span><\/a><\/p>\n","protected":false},"author":1,"featured_media":5602,"comment_status":"open","ping_status":"open","sticky":false,"template":"","format":"standard","meta":{"_sitemap_exclude":false,"_sitemap_priority":"","_sitemap_frequency":"","footnotes":""},"categories":[1],"tags":[],"class_list":["post-5601","post","type-post","status-publish","format-standard","has-post-thumbnail","hentry","category-tous"],"_links":{"self":[{"href":"http:\/\/www.affinite.fr\/index.php\/wp-json\/wp\/v2\/posts\/5601"}],"collection":[{"href":"http:\/\/www.affinite.fr\/index.php\/wp-json\/wp\/v2\/posts"}],"about":[{"href":"http:\/\/www.affinite.fr\/index.php\/wp-json\/wp\/v2\/types\/post"}],"author":[{"embeddable":true,"href":"http:\/\/www.affinite.fr\/index.php\/wp-json\/wp\/v2\/users\/1"}],"replies":[{"embeddable":true,"href":"http:\/\/www.affinite.fr\/index.php\/wp-json\/wp\/v2\/comments?post=5601"}],"version-history":[{"count":0,"href":"http:\/\/www.affinite.fr\/index.php\/wp-json\/wp\/v2\/posts\/5601\/revisions"}],"wp:featuredmedia":[{"embeddable":true,"href":"http:\/\/www.affinite.fr\/index.php\/wp-json\/wp\/v2\/media\/5602"}],"wp:attachment":[{"href":"http:\/\/www.affinite.fr\/index.php\/wp-json\/wp\/v2\/media?parent=5601"}],"wp:term":[{"taxonomy":"category","embeddable":true,"href":"http:\/\/www.affinite.fr\/index.php\/wp-json\/wp\/v2\/categories?post=5601"},{"taxonomy":"post_tag","embeddable":true,"href":"http:\/\/www.affinite.fr\/index.php\/wp-json\/wp\/v2\/tags?post=5601"}],"curies":[{"name":"wp","href":"https:\/\/api.w.org\/{rel}","templated":true}]}}