{"id":5599,"date":"2020-12-03T01:52:54","date_gmt":"2020-12-03T01:52:54","guid":{"rendered":"https:\/\/www.affinite.fr\/index.php\/2020\/12\/03\/mort-de-valery-giscard-destaing-quels-acteurs-ont-incarne-lancien-president-actus-cine\/"},"modified":"2020-12-03T01:52:54","modified_gmt":"2020-12-03T01:52:54","slug":"mort-de-valery-giscard-destaing-quels-acteurs-ont-incarne-lancien-president-actus-cine","status":"publish","type":"post","link":"http:\/\/www.affinite.fr\/index.php\/2020\/12\/03\/mort-de-valery-giscard-destaing-quels-acteurs-ont-incarne-lancien-president-actus-cine\/","title":{"rendered":"Mort de Val\u00e9ry Giscard d&rsquo;Estaing : quels acteurs ont incarn\u00e9 l&rsquo;ancien Pr\u00e9sident ? &#8211; Actus Cin\u00e9"},"content":{"rendered":"<p> [ad_1]<br \/>\n<\/p>\n<div id=\"article-container\">\n<p class=\"article-lead\">Grande figure de la Ve R\u00e9publique, l&rsquo;ancien Pr\u00e9sident Val\u00e9ry Giscard d&rsquo;Estaing s&rsquo;est \u00e9teint ce 2 d\u00e9cembre \u00e0 l&rsquo;\u00e2ge de 94 ans. Deux t\u00e9l\u00e9films sur les coulisses du pouvoir l&rsquo;ont mis en sc\u00e8ne, en 2010 et 2014.<\/p>\n<div id=\"article-content\">\n<figure class=\"article-figure article-main-figure\"><img loading=\"lazy\" decoding=\"async\" class=\"article-figure-img\" width=\"640\" height=\"360\" src=\"https:\/\/fr.web.img6.acsta.net\/r_640_360\/newsv7\/20\/12\/02\/23\/57\/5996711.jpg\"\/><\/figure>\n<p>Selon nos confr\u00e8res d&rsquo;<span class=\"ACraHRACr0cHM6Ly93d3cuZXVyb3BlMS5mci9wb2xpdGlxdWUvbGFuY2llbi1wcmVzaWRlbnQtdmFsZXJ5LWdpc2NhcmQtZGVzdGFpbmctZXN0LW1vcnQtNDAwOTYxNg==\" target=\"_blank\">Europe1<\/span>, Val\u00e9ry Giscard d&rsquo;Estaing, Pr\u00e9sident de la R\u00e9publique de 1974 \u00e0 1981, s&rsquo;est \u00e9teint ce mercredi 2 d\u00e9cembre \u00e0 Tours o\u00f9 il \u00e9tait hospitalis\u00e9 depuis le mois de novembre, <span>des suites du Covid-19<\/span>. Il \u00e9tait \u00e2g\u00e9 de 94 ans.\u00a0Grande figure de la politique fran\u00e7aise, \u00ab\u00a0VGE\u00a0\u00bb a toutefois peu inspir\u00e9 les r\u00e9alisateurs de fiction, \u00e0 la diff\u00e9rence de Jacques Chirac ou Fran\u00e7ois Mitterrand.<\/p>\n<div class=\"article-figure-holder\">\n<figure class=\"article-figure mceNonEditable\"><img loading=\"lazy\" decoding=\"async\" class=\"article-figure-img\" src=\"data:image\/gif;base64,R0lGODlhAgABAPAAAAAAAAAAACH5BAEAAAAAIf8LSW1hZ2VNYWdpY2sNZ2FtbWE9MC40NTQ1NQAsAAAAAAIAAQAAAgIECgA7\" data-src=\"https:\/\/fr.web.img6.acsta.net\/newsv7\/20\/12\/02\/23\/54\/5356152.jpg\" width=\"640\" height=\"320\"\/><figcaption class=\"article-figcaption\">\n            Gr\u00e9gori Derang\u00e8re (Jacques Chirac) et Hippolyte Girardot (Val\u00e9ry Giscard d\u2019Estaing) dans le t\u00e9l\u00e9film &lsquo;La Rupture&rsquo;<br \/>\n        <\/figcaption><\/figure>\n<\/div>\n<p>Si le documentaire\u00a0<a title=\"1974, une partie de campagne (France) - 1974 (Documentaire)\" href=\"http:\/\/www.allocine.fr\/film\/fichefilm_gen_cfilm=41307.html\">1974, une partie de campagne<\/a>\u00a0avait d\u00e9voil\u00e9 les coulisses de son accession au pouvoir, Val\u00e9ry Giscard d&rsquo;Estaing a \u00e9t\u00e9 incarn\u00e9 \u00e0 l&rsquo;\u00e9cran \u00e0 deux reprises seulement. Dans\u00a0<a title=\"La Rupture (TV) (France) - 2012 (Drame,Biopic)\" href=\"http:\/\/www.allocine.fr\/film\/fichefilm_gen_cfilm=216022.html\">La Rupture<\/a>, il \u00e9tait camp\u00e9 par\u00a0<a title=\"Hippolyte Girardot (France) (Acteur,Monteur,Sc\u00e9nariste)\" href=\"http:\/\/www.allocine.fr\/personne\/fichepersonne_gen_cpersonne=5903.html\">Hippolyte Girardot<\/a>\u00a0: difffus\u00e9 en 2014, ce t\u00e9l\u00e9film\u00a0revenait sur les conflits politiques ayant oppos\u00e9 le Pr\u00e9sident \u00e0 son Premier ministre Jacques Chirac (<a title=\"Gregori Derang\u00e8re (France) (Acteur)\" href=\"http:\/\/www.allocine.fr\/personne\/fichepersonne_gen_cpersonne=24881.html\">Gr\u00e9gori Derang\u00e8re<\/a>). Quatre ans plus t\u00f4t,\u00a0<a title=\"Xavier de Guillebon (France) (Acteur)\" href=\"http:\/\/www.allocine.fr\/personne\/fichepersonne_gen_cpersonne=82435.html\">Xavier de Guillebon<\/a>\u00a0se glissait dans le costume de VGE dans\u00a0<a title=\"Mort d'un pr\u00e9sident (France) - 2010 (Historique)\" href=\"http:\/\/www.allocine.fr\/film\/fichefilm_gen_cfilm=185156.html\">Mort d&rsquo;un pr\u00e9sident<\/a>, face \u00e0\u00a0<a title=\"Jean-Fran\u00e7ois Balmer (France,Suisse) (Acteur,R\u00e9alisateur)\" href=\"http:\/\/www.allocine.fr\/personne\/fichepersonne_gen_cpersonne=192.html\">Jean-Fran\u00e7ois Balmer<\/a> dans le r\u00f4le de Georges Pompidou.<\/p>\n<p>Absent\u00a0de l&rsquo;unitaire\u00a0<a title=\"La Loi (TV) (France) - 2014 (Biopic,Historique)\" href=\"http:\/\/www.allocine.fr\/film\/fichefilm_gen_cfilm=231242.html\">La Loi, le combat d&rsquo;une femme pour toutes les femmes<\/a>, centr\u00e9 sur le combat men\u00e9 par Simone Veil (<a title=\"Emmanuelle Devos (France) (Acteur)\" href=\"http:\/\/www.allocine.fr\/personne\/fichepersonne_gen_cpersonne=2376.html\">Emmanuelle Devos<\/a>) pour faire voter la loi pour le recours \u00e0 l\u2019IVG, le personnage de Val\u00e9ry Giscard d\u2019Estaing pourrait avoir les honneurs du grand \u00e9cran en octobre 2021, dans le biopic <a title=\"Simone - Le voyage du si\u00e8cle (France,Belgique) - 2019 (Biopic)\" href=\"http:\/\/www.allocine.fr\/film\/fichefilm_gen_cfilm=271339.html\">Simone Le Voyage du si\u00e8cle<\/a>, emmen\u00e9 par\u00a0<a title=\"Elsa Zylberstein (France) (Acteur)\" href=\"http:\/\/www.allocine.fr\/personne\/fichepersonne_gen_cpersonne=1185.html\">Elsa Zylberstein<\/a>.<\/p>\n<figure class=\"slideshow-start-screen\"><img decoding=\"async\" class=\"slideshow-start-screen-img\" src=\"data:image\/gif;base64,R0lGODlhAQABAIAAAAAAAAAAACH5BAEAAAAALAAAAAABAAEAAAICRAEAOw==\" data-src=\"http:\/\/medialib.allocine.net\/c_320_320\/newsv7\/14\/09\/05\/09\/43\/5532970.jpg\" alt=\"\"\/><a href=\"http:\/\/www.allocine.fr\/diaporamas\/cinema\/diaporama-18636495\/\" class=\"slideshow-start-screen-icon\"><\/p>\n<p>Voir le diaporama<\/p>\n<p>    <\/a><figcaption class=\"slideshow-start-caption\">\n<p>Diaporama<\/p>\n<p>Simone Veil, Fran\u00e7ois Hollande, Nicolas Sarkozy : la Ve R\u00e9publique \u00e0 l&rsquo;\u00e9cran<\/p>\n<p>31 photos<\/p>\n<\/figcaption><\/figure>\n<\/div><\/div>\n<p>[ad_2]<br \/>\n<br \/><a href=\"http:\/\/rss.allocine.fr\/~r\/ac\/actualites\/~3\/h9-VNmWfpS8\/fichearticle_gen_carticle=18695060.html\">Source link <\/a><\/p>\n","protected":false},"excerpt":{"rendered":"<p>[ad_1] Grande figure de la Ve R\u00e9publique, l&rsquo;ancien Pr\u00e9sident Val\u00e9ry Giscard d&rsquo;Estaing s&rsquo;est \u00e9teint ce 2 d\u00e9cembre \u00e0 l&rsquo;\u00e2ge de &hellip; <a href=\"http:\/\/www.affinite.fr\/index.php\/2020\/12\/03\/mort-de-valery-giscard-destaing-quels-acteurs-ont-incarne-lancien-president-actus-cine\/\" class=\"more-link\">Plus <span class=\"screen-reader-text\">Mort de Val\u00e9ry Giscard d&rsquo;Estaing : quels acteurs ont incarn\u00e9 l&rsquo;ancien Pr\u00e9sident ? &#8211; Actus Cin\u00e9<\/span> <span class=\"meta-nav\">&rarr;<\/span><\/a><\/p>\n","protected":false},"author":1,"featured_media":5600,"comment_status":"open","ping_status":"open","sticky":false,"template":"","format":"standard","meta":{"_sitemap_exclude":false,"_sitemap_priority":"","_sitemap_frequency":"","footnotes":""},"categories":[1],"tags":[],"class_list":["post-5599","post","type-post","status-publish","format-standard","has-post-thumbnail","hentry","category-tous"],"_links":{"self":[{"href":"http:\/\/www.affinite.fr\/index.php\/wp-json\/wp\/v2\/posts\/5599"}],"collection":[{"href":"http:\/\/www.affinite.fr\/index.php\/wp-json\/wp\/v2\/posts"}],"about":[{"href":"http:\/\/www.affinite.fr\/index.php\/wp-json\/wp\/v2\/types\/post"}],"author":[{"embeddable":true,"href":"http:\/\/www.affinite.fr\/index.php\/wp-json\/wp\/v2\/users\/1"}],"replies":[{"embeddable":true,"href":"http:\/\/www.affinite.fr\/index.php\/wp-json\/wp\/v2\/comments?post=5599"}],"version-history":[{"count":0,"href":"http:\/\/www.affinite.fr\/index.php\/wp-json\/wp\/v2\/posts\/5599\/revisions"}],"wp:featuredmedia":[{"embeddable":true,"href":"http:\/\/www.affinite.fr\/index.php\/wp-json\/wp\/v2\/media\/5600"}],"wp:attachment":[{"href":"http:\/\/www.affinite.fr\/index.php\/wp-json\/wp\/v2\/media?parent=5599"}],"wp:term":[{"taxonomy":"category","embeddable":true,"href":"http:\/\/www.affinite.fr\/index.php\/wp-json\/wp\/v2\/categories?post=5599"},{"taxonomy":"post_tag","embeddable":true,"href":"http:\/\/www.affinite.fr\/index.php\/wp-json\/wp\/v2\/tags?post=5599"}],"curies":[{"name":"wp","href":"https:\/\/api.w.org\/{rel}","templated":true}]}}