{"id":5595,"date":"2020-12-02T18:27:51","date_gmt":"2020-12-02T18:27:51","guid":{"rendered":"https:\/\/www.affinite.fr\/index.php\/2020\/12\/02\/ski-etranger-ou-partir-en-decembre\/"},"modified":"2020-12-02T18:27:51","modified_gmt":"2020-12-02T18:27:51","slug":"ski-etranger-ou-partir-en-decembre","status":"publish","type":"post","link":"http:\/\/www.affinite.fr\/index.php\/2020\/12\/02\/ski-etranger-ou-partir-en-decembre\/","title":{"rendered":"ski, \u00e9tranger, o\u00f9 partir en d\u00e9cembre\u00a0?"},"content":{"rendered":"<p> [ad_1]<br \/>\n<\/p>\n<p>\n                Malgr\u00e9 la prolongation du confinement, les voyages de loisirs en France et en Europe seront autoris\u00e9s le 15\u00a0d\u00e9cembre. Pourra-on partir librement pour les f\u00eates de fin d&rsquo;ann\u00e9e\u00a0? Au ski\u00a0? A l&rsquo;\u00e9tranger\u00a0? En Guadeloupe\u00a0? Quels pays exigent un test\u00a0? Un formulaire\u00a0? Guide pour des vacances sans risques.            <\/p>\n<div>\n<aside class=\"ccmsummary marqueur_module ccmcss_cms_summary ccmcss_cms_summary--right\">\n<p>Sommaire<\/p>\n<\/aside>\n<p><strong>[Mis \u00e0 jour le mercredi 2\u00a0d\u00e9cembre \u00e0 19h17]<\/strong>\u00a0En France, il sera a priori possible de <a href=\"http:\/\/www.affinite.fr\/index.php\/2023\/07\/29\/changer-de-vie-voyager-complement-de-retraite-devenez-vendeur-de-glace-a-litalienne\/\">voyager<\/a> entre les r\u00e9gions \u00e0 partir du <strong>15 d\u00e9cembre<\/strong> pour passer <strong>les f\u00eates de fin d&rsquo;ann\u00e9e<\/strong> avec ses proches, du moins si la situation sanitaire le permet, a insist\u00e9 Emmanuel Macron lors de son allocution du 24 novembre.\u00a0Il faudra toutefois limiter au maximum\u00a0les d\u00e9placements inutiles.\u00a0Le 2\u00a0d\u00e9cembre, Jean Castex a\u00a0annonc\u00e9\u00a0que des <strong>mesures d&rsquo;isolement au retour en France pourraient \u00eatre impos\u00e9es aux skieurs fran\u00e7ais qui traverseraient la fronti\u00e8re pour aller skier \u00e0 l&rsquo;\u00e9tranger<\/strong>. Sa priorit\u00e9 est d&rsquo;<em> \u00ab\u00a0emp\u00eacher les Fran\u00e7ais d&rsquo;aller se contaminer dans les stations\u00a0\u00bb <\/em>des autres pays alors que la situation sanitaire s&rsquo;am\u00e9liore en France. Les<strong> voyages vers les territoires d&rsquo;outre-mer <\/strong>doivent, eux,\u00a0se faire sur pr\u00e9sentation d&rsquo;un test PCR de moins de 72h.\u00a0<strong>Pour les voyages en avion<\/strong>, <strong>des tests antig\u00e9niques<\/strong> (qui permettent un r\u00e9sultat en moins de 30 minutes) sont d\u00e9ploy\u00e9s dans <strong>les a\u00e9roports fran\u00e7ais<\/strong>, indique <a href=\"https:\/\/www.service-public.fr\/particuliers\/actualites\/A14435\" target=\"_blank\" rel=\"noopener noreferrer\">un communiqu\u00e9<\/a> du Service public le 10 novembre 2020. Ils sont pris en charge \u00e0 100% par l&rsquo;Assurance maladie et sont destin\u00e9s notamment aux voyageurs en provenance des zones de circulation active de l&rsquo;infection.\u00a0Peut-on voyager pendant le confinement ? O\u00f9 et comment ? Et \u00e0 No\u00ebl ?<\/p>\n<p>La situation sanitaire reste incertaine. Pour le moment, le confinement est maintenu jusqu&rsquo;au 15 d\u00e9cembre, m\u00eame s&rsquo;il est all\u00e9g\u00e9 \u00e0 partir du 28 novembre. Dans <a href=\"https:\/\/www.elysee.fr\/emmanuel-macron\/2020\/11\/24\/adresse-aux-francais-24-novembre\" target=\"_blank\" rel=\"noopener noreferrer\">son allocution du 24 novembre<\/a>, Emmanuel Macron a fix\u00e9 un nouveau calendrier pour les semaines \u00e0 venir.\u00a0\u00ab\u00a0<em>Le 15\u00a0d\u00e9cembre, si nous sommes bien arriv\u00e9s autour des 5000\u00a0contaminations par jour et environ 2500\u00a0\u00e0 3000\u00a0personnes en r\u00e9animation, nous pourrons alors franchir un nouveau cap. Alors le confinement pourra \u00eatre lev\u00e9.\u00a0<strong>Nous pourrons donc \u00e0 nouveau nous d\u00e9placer, sans autorisation, y compris entre r\u00e9gions, et passer No\u00ebl en famille<\/strong>. Il faudra au maximum limiter les d\u00e9placements inutiles. Souffler et se retrouver, oui. Mais j&rsquo;en appelle \u00e0 votre sens des responsabilit\u00e9s\u00a0: il ne s&rsquo;agira pas, \u00e0 coup s\u00fbr, de vacances de No\u00ebl comme les autres<\/em>\u00ab\u00a0, a-t-il expliqu\u00e9.\u00a0<\/p>\n<p>Dans son discours du 12 novembre, Jean Castex, Premier ministre, avait pr\u00e9venu que <strong>l&rsquo;organisation de \u00ab\u00a0grandes f\u00eates\u00a0\u00bb avec \u00ab\u00a0plusieurs dizaines de personnes\u00a0\u00bb<\/strong> ne serait<strong> \u00ab\u00a0pas raisonnable\u00a0\u00bb.<\/strong>\u00a0Interrog\u00e9 sur BFMTV le mardi 17 novembre, le ministre des Transports Jean-Baptiste Djebbari a assur\u00e9 que la SNCF \u00e9tait pr\u00eate \u00e0 faire circuler <strong>100% de ses trains <\/strong>\u00e0 partir du 19 d\u00e9cembre jusqu&rsquo;au 4\u00a0janvier, pour No\u00ebl et les f\u00eates de fin d&rsquo;ann\u00e9e. R\u00e9server un billet de train est d\u00e9sormais possible sur le site de la SNCF. Mais en fonction de l&rsquo;\u00e9volution de la situation \u00e9pid\u00e9mique, certains trains pourraient \u00eatre annul\u00e9s. La SNCF s&rsquo;engage toutefois \u00e0 <strong>rembourser ou \u00e0 \u00e9changer les billets des trains<\/strong> OUIGO, INOUI, INTERCITES, TGV et TER sans frais jusqu&rsquo;au 4 janvier 2021.\u00a0Olivier V\u00e9ran avait confi\u00e9 sur BFMTV que le gouvernement donnerait \u00e0 la SNCF plus de visibilit\u00e9 <strong>d&rsquo;ici la fin du mois de novembre<\/strong> \u00ab\u00a0<em>sur comment les f\u00eates et les vacances pourront se d\u00e9rouler<\/em>\u00ab\u00a0.\u00a0<\/p>\n<p><strong>Oui, mais sans pouvoir skier.<\/strong> En France<em>\u00ab\u00a0les stations de ski seront ouvertes au public mais <strong>les remont\u00e9es m\u00e9caniques et les \u00e9quipements collectifs<\/strong> seront ferm\u00e9s au public<\/em>\u00ab\u00a0, avait expliqu\u00e9 le Premier ministre lors de sa conf\u00e9rence de presse du 26 novembre. \u00ab\u00a0<em>Nous avons estim\u00e9 que la circulation \u00e9pid\u00e9mique mais aussi la situation dans les h\u00f4pitaux dans les r\u00e9gions concern\u00e9es notamment en Auvergne-Rh\u00f4ne-Alpes et Bourgogne-Franche-Comt\u00e9 ne nous permettent pas d&rsquo;envisager une r\u00e9ouverture des stations de ski pour la p\u00e9riode de No\u00ebl. Il ne serait pas prudent de laisser se rassembler des flux tr\u00e8s importants de population avec des activit\u00e9s susceptibles de solliciter par ailleurs les services hospitaliers. Mais bien entendu, <strong>il sera loisible de se rendre sur ces stations pour profiter de l&rsquo;air pur de nos belles montagnes et des commerces qui seront ouverts<\/strong>. Les remont\u00e9es m\u00e9caniques et les \u00e9quipements collectifs seront toutefois ferm\u00e9s au public<\/em>\u00a0\u00bb\u00a0a-t-il expliqu\u00e9.\u00a0Une \u00e9volution favorable de la situation sanitaire permettra une ouverture plus large.\u00a0De son c\u00f4t\u00e9, Emmanuel Macron s&rsquo;est prononc\u00e9 <strong>en faveur d&rsquo;une r\u00e9ouverture des stations de ski \u00ab\u00a0en janvier\u00a0\u00bb<\/strong> apr\u00e8s une coordination europ\u00e9enne.\u00a0<\/p>\n<p><strong>Et partir au ski \u00e0 l&rsquo;\u00e9tranger ? <\/strong>Le 2\u00a0d\u00e9cembre, Jean Castex a\u00a0annonc\u00e9\u00a0que des mesures d&rsquo;isolement au retour en France pourraient \u00eatre impos\u00e9es aux skieurs fran\u00e7ais qui traverseraient la fronti\u00e8re. Sa priorit\u00e9 est d&rsquo;<em> \u00ab\u00a0emp\u00eacher les Fran\u00e7ais d&rsquo;aller se contaminer dans les stations\u00a0\u00bb <\/em>des pays \u00e9trangers\u00a0alors que la situation sanitaire s&rsquo;am\u00e9liore en France.\u00a0\u00ab\u00a0<em>Si des pays maintiennent leurs stations de ski ouvertes, nous aurons <strong>des mesures de contr\u00f4le<\/strong> pour dissuader nos concitoyens d&rsquo;aller dans des zones o\u00f9 l&rsquo;on consid\u00e8re qu&rsquo;il y a des risques d&rsquo;infection, et pour ne pas cr\u00e9er une situation de d\u00e9s\u00e9quilibre<\/em>\u00ab\u00a0, avait expliqu\u00e9 Emmanuel Macron le 1er d\u00e9cembre lors d&rsquo;une conf\u00e9rence de presse avec le Premier ministre belge.\u00a0<\/p>\n<p><strong>\u25ba Ce qui est autoris\u00e9 :<\/strong><\/p>\n<ul>\n<li>A partir du 28 novembre, sortir 3 heures\u00a0par jour, dans un rayon de 20 km de son lieu de r\u00e9sidence.\u00a0Pour chaque sortie, une attestation de d\u00e9placement est obligatoire.\u00a0<\/li>\n<li>Quitter son domicile qu&rsquo;\u00e0 certaines conditions\u00a0pour sortir faire les courses alimentaires, dans le cadre du trajet vers votre travail ou pour exercer activit\u00e9 professionnel, pour les rendez-vous m\u00e9dicaux, dans le cadre d&rsquo;un motif familial imp\u00e9rieux, pour venir en aide \u00e0 des personnes vuln\u00e9rables et \u00e0 risque, pour une convocation judiciaire, ou mission d&rsquo;int\u00e9r\u00eat g\u00e9n\u00e9ral sur demande de l&rsquo;autorit\u00e9 administrative.<\/li>\n<li>Voyager pour <strong>un motif imp\u00e9rieux<\/strong> (motif professionnel ne pouvant \u00eatre diff\u00e9r\u00e9 (d\u00e9placements d&rsquo;affaires jug\u00e9s indispensables), motif familial, motif de sant\u00e9 relevant de l&rsquo;urgence), selon le Quai d&rsquo;Orsay.\u00a0<\/li>\n<\/ul>\n<p><strong>\u25ba Ce qui est interdit :<\/strong><\/p>\n<ul>\n<li>Se d\u00e9placer d&rsquo;une r\u00e9gion \u00e0 une autre. Possible le 15 d\u00e9cembre, en fonction de l&rsquo;\u00e9volution de la situation sanitaire.\u00a0<\/li>\n<li>Voyager au sein du territoire national pour \u00ab\u00a0les loisirs\u00a0\u00bb ou le tourisme. Possible le 15\u00a0d\u00e9cembre, en fonction de l&rsquo;\u00e9volution de la situation sanitaire.\u00a0<\/li>\n<li>Effectuer des trajets entre sa r\u00e9sidence principale et sa r\u00e9sidence secondaire.\u00a0Possible le 15\u00a0d\u00e9cembre, en fonction de l&rsquo;\u00e9volution de la situation sanitaire.\u00a0<\/li>\n<li>Voyager vers ou depuis la Guyane, Mayotte, la Polyn\u00e9sie fran\u00e7aise, la Nouvelle-Cal\u00e9donie ou les \u00eeles Wallis-et-Futuna sauf si vous pouvez justifier d&rsquo;un motif familial ou professionnel imp\u00e9ratif. Vous devrez alors fournir une attestation pour un d\u00e9placement d\u00e9rogatoire vers ou depuis ces collectivit\u00e9s d&rsquo;outre-mer.\u00a0Possible le 15\u00a0d\u00e9cembre, en fonction de l&rsquo;\u00e9volution de la situation sanitaire, mais les voyages vers les territoires ultra-marins devront se faire sur pr\u00e9sentation d&rsquo;un test PCR de moins de 72h.\u00a0\u00a0<\/li>\n<\/ul>\n<p>\u25ba Les \u00e9tablissements recevant du public restent ferm\u00e9s. Mais les h\u00f4tels capables de <em>\u00ab\u00a0garder une petite activit\u00e9 pour les d\u00e9placements professionnels indispensables<\/em>\u00a0\u00bb peuvent rester ouverts, selon le Premier ministre. Toutefois, leurs restaurants ne peuvent pas op\u00e9rer.<\/p>\n<p>Oui les voyages depuis la m\u00e9tropole fran\u00e7aise\u00a0vers la Guadeloupe sont possibles sans devoir justifier d&rsquo;un motif imp\u00e9rieux mais les\u00a0voyageurs\u00a0de plus de onze ans doivent justifier d&rsquo;un test PCR n\u00e9gatif ou d&rsquo;un test antig\u00e9nique r\u00e9alis\u00e9s dans les 72\u00a0h avant l&#8217;embarquement et fournir une <a href=\"http:\/\/www.guadeloupe.gouv.fr\/content\/download\/21588\/134094\/file\/attestation-sur-l'honneur-voyage-france-hexagonale.pdf\" target=\"_blank\" rel=\"noopener noreferrer\">attestation sur l&rsquo;honneur<\/a>\u00a0qu&rsquo;ils ne pr\u00e9sentent pas de sympt\u00f4mes et qu&rsquo;ils n&rsquo;ont pas connaissance d&rsquo;avoir \u00e9t\u00e9 en contact avec un cas confirm\u00e9 de covid-19\u00a0dans les quatorze jours pr\u00e9c\u00e9dant le vol \u00e0 l&rsquo;aide du formulaire adapt\u00e9 ci-dessous \u00e0 compl\u00e9ter.\u00a0Les compagnies a\u00e9riennes sont tenues de refuser l&#8217;embarquement aux passagers qui ne pr\u00e9senteraient pas ce test n\u00e9gatif et l&rsquo;attestation sur l&rsquo;honneur.\u00a0<b>Aucun test PCR n&rsquo;est demand\u00e9 au d\u00e9part de la Guadeloupe.<\/b> Le port du masque est obligatoire dans les a\u00e9roports et dans les avions.\u00a0<\/p>\n<p><b>A savoir :\u00a0<\/b>Un test PCR ou antig\u00e9nique n\u00e9gatif est \u00e9galement exig\u00e9 au d\u00e9part de Saint-Martin en direction de la Guadeloupe depuis le 4\u00a0novembre 2020<b>.\u00a0<\/b><\/p>\n<p>Depuis le 30\u00a0octobre 2020, toute personne de plus de 11 ans arrivant en France en provenance d&rsquo;un pays ext\u00e9rieur \u00e0 l&rsquo;espace europ\u00e9en ou d&rsquo;un pays o\u00f9 le virus circule activement\u00a0doit pr\u00e9senter <strong>un examen biologique de d\u00e9pistage virologique r\u00e9alis\u00e9 moins de 72\u00a0heures (3 jours) avant le vol<\/strong> ne concluant pas \u00e0 une contamination par la Covid-19 pr\u00e9cise le site du Service Public et de remplir une attestation sur l&rsquo;honneur certifiant qu&rsquo;elle ne pr\u00e9sente pas de signes de la Covid-19 et qu&rsquo;elle n&rsquo;a pas rencontr\u00e9 de personnes atteintes de la Covid-19 dans les 14 derniers jours. Elle doit aussi remplir\u00a0une d\u00e9claration sur l&rsquo;honneur indiquant le motif de votre d\u00e9placement et vous munir d&rsquo;un ou plusieurs documents permettant de justifier le motif de votre d\u00e9placement.\u00a0Pour celles et ceux ne pouvant justifier \u00e0 leur arriv\u00e9e de cet examen n\u00e9gatif,<strong> un examen biologique de d\u00e9pistage virologique sera r\u00e9alis\u00e9 \u00e0 l&rsquo;arriv\u00e9e \u00e0 l&rsquo;a\u00e9roport<\/strong>. Si le r\u00e9sultat est positif, les autorit\u00e9s peuvent imposer <strong>une p\u00e9riode d&rsquo;isolement de 7 jours<\/strong>.<\/p>\n<p>\u2192 L&rsquo;attestation est disponible sur le <a href=\"https:\/\/www.interieur.gouv.fr\/%20Actualites\/L-actu-du-Ministere\/Attestation-de-deplacement-et-de-voyage\" target=\"_blank\" rel=\"noopener noreferrer\">site du minist\u00e8re de l&rsquo;Int\u00e9rieur<\/a>.\u00a0<\/p>\n<blockquote>\n<p style=\"text-align: right;\">D\u00e8s le 15\u00a0d\u00e9cembre, les d\u00e9placements vers l&rsquo;\u00e9tranger\u00a0sont de nouveau autoris\u00e9s\u00a0<\/p>\n<\/blockquote>\n<p>Malgr\u00e9 le confinement en France, les fronti\u00e8res restent ouvertes au sein de l&rsquo;espace europ\u00e9en.\u00a0Les contr\u00f4les aux fronti\u00e8res seront renforc\u00e9s. <strong>Il n&rsquo;est pas possible de partir en vacances dans un pays d&rsquo;Europe<\/strong>, sauf pour des motifs professionnels, imp\u00e9rieux ou familiaux (parents s\u00e9par\u00e9s par exemple) qui justifient un d\u00e9placement indispensable ne pouvant \u00eatre diff\u00e9r\u00e9. <strong>Les voyages de loisirs ou touristiques en Europe ne sont pas autoris\u00e9s pendant le confinement.<\/strong>\u00a0Les d\u00e9crets \u00e0 venir doivent clarifier cette situation. Le gouvernement a mis en place <a href=\"https:\/\/reopen.europa.eu\/fr\/map\/EST\/5001\" target=\"_blank\" rel=\"noopener noreferrer\">un site<\/a> pour suivre en temps r\u00e9el l&rsquo;ouverture des fronti\u00e8res des pays membres de l&rsquo;Union europ\u00e9enne et leurs conditions d&rsquo;acc\u00e8s.\u00a0\u00a0D\u00e8s le 15\u00a0d\u00e9cembre, les d\u00e9placements vers l&rsquo;\u00e9tranger\u00a0sont de nouveau autoris\u00e9s, a indiqu\u00e9 Jean Castex lors de sa conf\u00e9rence de presse du 26 novembre. Toutefois, <em>\u00ab\u00a0il\u00a0<\/em><em>sera indispensable de se tenir inform\u00e9 avant d&rsquo;envisager tout d\u00e9placement pour conna\u00eetre les restrictions de s\u00e9jour au fur et \u00e0 mesure\u00a0\u00bb.<\/em><\/p>\n<h3>\u25ba <a name=\"pays-europe-ouverts-francais\">Les pays d&rsquo;Europe ouverts sans conditions :<\/a><\/h3>\n<ul>\n<li>Luxembourg<\/li>\n<li>Pologne<\/li>\n<li>Bulgarie\u00a0<\/li>\n<li>Su\u00e8de<\/li>\n<\/ul>\n<h3>\u25ba<a name=\"pays-ouverts-francais-formulaire\"> Les pays d&rsquo;Europe o\u00f9 il faut remplir\u00a0un formulaire<\/a> :<\/h3>\n<ul>\n<li><strong>Belgique :<\/strong> reconfinement g\u00e9n\u00e9ral jusqu&rsquo;au 13 d\u00e9cembre. Si le s\u00e9jour d\u00e9passe 48 heures, les voyageurs doivent pr\u00e9senter un test PCR n\u00e9gatif datant de moins de 48 heures avant l&rsquo;arriv\u00e9e sur le territoire belge.\u00a0Une quarantaine de 7\u00a0jours est cependant requise pour les voyageurs en provenance d&rsquo;une zone \u00e0 risque (Paris et sa petite couronne, PACA, Ile-de-France, Guadeloupe&#8230;)<\/li>\n<li>Croatie<\/li>\n<li>Gr\u00e8ce<\/li>\n<li>Italie<\/li>\n<li>Espagne<\/li>\n<li>Pays-Bas<\/li>\n<li>Malte<\/li>\n<li>Lettonie<\/li>\n<li>Lituanie<\/li>\n<li>Portugal (dispositions sp\u00e9cifiques pour les A\u00e7ores et Mad\u00e8re)<\/li>\n<li>Autriche<\/li>\n<li>Roumanie<\/li>\n<\/ul>\n<h3>\u25ba <a id=\"pays-ouverts-francais-test-negatif\" name=\"pays-ouverts-francais-test-negatif\">Les pays o\u00f9 il faut prouver un test PCR n\u00e9gatif<\/a>\u00a0:<\/h3>\n<ul>\n<li><strong>Espagne : <\/strong>\u00e0 partir du 23 novembre, le pays demande aux voyageurs des 65 pays \u00e0 risques dont la France (a\u00e9roports, ports), de pr\u00e9senter un test PCR n\u00e9gatif de moins de 72 heures avant l&rsquo;arriv\u00e9e en Espagne. Un couvre-feu nocturne de 23h \u00e0 6h du matin a \u00e9t\u00e9 mis en place sur tout le territoire espagnol sauf aux Canaries.\u00a0<\/li>\n<li><strong>Italie : <\/strong>les voyageurs provenant<strong>\u00a0<\/strong>de certaines r\u00e9gions de France (Auvergne-Rh\u00f4ne-Alpes, Corse, Hauts-de-France, Ile-de-France, Nouvelle-Aquitaine, Occitanie et Provence-Alpes-C\u00f4te d&rsquo;Azur) doivent pr\u00e9senter un test PCR n\u00e9gatif ou antig\u00e9nique de moins de 72 heures avant leur arriv\u00e9e sur le territoire italien.\u00a0Mise en place d&rsquo;un couvre-feu de 22h \u00e0 5h jusqu&rsquo;au 3 d\u00e9cembre, fermeture des mus\u00e9es et des centres commerciaux le weekend.\u00a0<\/li>\n<li>Mad\u00e8re et A\u00e7ores<\/li>\n<li>Malte<\/li>\n<li>Slov\u00e9nie<\/li>\n<li>Guadeloupe<\/li>\n<li>Allemagne<\/li>\n<li>Islande<\/li>\n<li>Slovaquie<\/li>\n<li>Autriche<\/li>\n<\/ul>\n<h3><strong>\u25ba <a name=\"pays-ouverts-francais-isolement\">Les pays d&rsquo;Europe avec\u00a0une p\u00e9riode d&rsquo;isolement \u00e0 l&rsquo;arriv\u00e9e :<\/a><\/strong><\/h3>\n<ul>\n<li>Irlande (10 \u00e0 14 jours)<\/li>\n<li>Norv\u00e8ge (10 \u00e0 14 jours)<\/li>\n<li>Lettonie (10 jours)<\/li>\n<li>Pays-Bas (10 jours)<\/li>\n<li>Royaume-Uni (14 jours)<\/li>\n<\/ul>\n<h3>\u25ba <a name=\"pays-fermes-francais\">Les pays d&rsquo;Europe ferm\u00e9s aux voyageurs en provenance de France<\/a> :<\/h3>\n<p>Les d\u00e9placements hors de l&rsquo;Europe sont <strong>interdits<\/strong>. Les fronti\u00e8res ext\u00e9rieures de l&rsquo;espace europ\u00e9en restent ferm\u00e9es, sauf exception, notamment pour les Fran\u00e7ais de l&rsquo;\u00e9tranger qui peuvent toujours rentrer sur le territoire \u00e0 condition de faire un test, indique le <a href=\"https:\/\/www.service-public.fr\/particuliers\/actualites\/A14405\" target=\"_blank\" rel=\"noopener noreferrer\">site du Service Public<\/a>.\u00a0<\/p>\n<p><strong>En cas de d\u00e9placement imp\u00e9ratif<\/strong>, des pr\u00e9cisions sur la r\u00e9glementation en vigueur peuvent \u00eatre trouv\u00e9es dans les conseils aux voyageurs de chaque pays disponible sur le site du <a href=\"https:\/\/www.diplomatie.gouv.fr\/fr\/conseils-aux-voyageurs\/conseils-par-pays-destination\/\" target=\"_blank\" rel=\"noopener noreferrer\">minist\u00e8re de l&rsquo;Europe et des Affaires Etrang\u00e8re<\/a>s. Peu importe la destination, il est recommand\u00e9 de s&rsquo;inscrire sur\u00a0<a href=\"https:\/\/pastel.diplomatie.gouv.fr\/fildariane\/dyn\/public\/login.html;jsessionid=5B7C5EED8EC668874CA06B4C4B776D83.jvm01944-1\" rel=\"external noopener noreferrer\" target=\"_blank\" title=\"lien externe\">Ariane<\/a>\u00a0pour recevoir des informations et des alertes sur les\u00a0derni\u00e8res \u00e9volutions de la situation dans le pays et de contracter une assurance voyage en s&rsquo;assurant qu&rsquo;elle couvre les risques sanitaires li\u00e9s \u00e0 la Covid-19.<\/p>\n<p><strong>Des tests antig\u00e9niques<\/strong> (qui permettent un r\u00e9sultat en moins de 30\u00a0minutes) sont d\u00e9ploy\u00e9s dans <strong>les a\u00e9roports fran\u00e7ais<\/strong>. Ils sont pris en charge \u00e0 100% par l&rsquo;Assurance maladie, ne n\u00e9cessitent pas d&rsquo;ordonnance et sont destin\u00e9s notamment <strong>aux voyageurs asymptomatiques<\/strong> en provenance des zones de circulation active de l&rsquo;infection.\u00a0<strong>Les masques en tissu (grand public) ne sont pas autoris\u00e9s \u00e0 bord des avions<\/strong> et dans les a\u00e9roports. Un d\u00e9cret gouvernemental (<a href=\"https:\/\/www.legifrance.gouv.fr\/affichTexte.do?cidTexte=JORFTEXT000042105897&amp;categorieLien=id\" target=\"_blank\" rel=\"noopener noreferrer\">d\u00e9cret 2020-860<\/a> du 11\u00a0juillet) pr\u00e9conise uniquement <strong>le port du masque chirurgical<\/strong>, et donc jetable. La compagnie a\u00e9rienne Air Corsica a indiqu\u00e9 dans un tweet que seuls les masques chirurgicaux, FFP1, FFP2\u00a0ou FFP3\u00a0pouvaient \u00eatre port\u00e9s dans les avions par les passagers de plus de 11\u00a0ans. Air France pr\u00e9conise \u00e9galement le port du masque chirurgical en permanence \u00e0 bord des avions, en dehors des temps de repas \u00e0 bord. Certaines compagnies comme EasyJet ou Ryanair\u00a0n&rsquo;ont pas \u00e9mis de recommandations particuli\u00e8res.\u00a0Par ailleurs,\u00a0<em>\u00ab\u00a0tous les voyageurs venant de pays \u00e0 risques (les pays class\u00e9s rouge, c&rsquo;est-\u00e0-dire o\u00f9 le virus circule le plus) se verront proposer d&rsquo;ici quelques jours <strong>un test salivaire<\/strong><\/em>\u00ab\u00a0, a annonc\u00e9 le vendredi 10\u00a0juillet le ministre de la Sant\u00e9 Olivier V\u00e9ran sur BFMTV et RMC. \u00ab\u00a0<em>On va syst\u00e9matiser les tests \u00e0 l&rsquo;a\u00e9roport pour les voyageurs qui viennent de pays o\u00f9 le virus circule le plus. L&rsquo;objectif \u00e9tant de r\u00e9aliser 2.000\u00a0tests PCR par jour<\/em>\u00ab\u00a0, d\u00e9veloppe Gabriel Attal, porte-parole du gouvernement dimanche 12\u00a0juillet sur BFMTV. Voici les mesures sanitaires actuellement en vigueur\u00a0:<\/p>\n<h3><u>A Orly (ouvert)\u00a0:<\/u><\/h3>\n<p>L&rsquo;<strong>a\u00e9roport d&rsquo;Orly a rouvert ses portes le 26\u00a0juin.<\/strong>\u00a0A\u00e9roports de Paris a d\u00e9taill\u00e9 toutes les mesures qui mises en place pour permettre le respect de la distanciation sociale au sein de l&rsquo;a\u00e9roport d&rsquo;Orly\u00a0:<strong>\u00a0<\/strong><\/p>\n<ul>\n<li><strong>le port du masque est obligatoire<\/strong>\u00a0; une signal\u00e9tique mise en place pour faire respecter la distanciation physique ; des<strong>\u00a0distributeurs automatiques de gel hydroalcoolique install\u00e9s<\/strong>\u00a0; un<strong>\u00a0renforcement des proc\u00e9dures de d\u00e9sinfection<\/strong>\u00a0et<strong>\u00a0nettoyage avec un produit virucide<\/strong>\u00a0mis en place et une adaptation des proc\u00e9dures au contr\u00f4le de s\u00fbret\u00e9 cr\u00e9\u00e9e pour limiter les contacts physiques.<\/li>\n<li><strong>Plusieurs cam\u00e9ras thermiques<\/strong>\u00a0sont install\u00e9es dans l&rsquo;enceinte de l&rsquo;a\u00e9roport afin que les passagers puissent b\u00e9n\u00e9ficier \u00e0 leur arriv\u00e9e \u00e0 Paris d&rsquo;une<strong>\u00a0prise de temp\u00e9rature<\/strong>\u00a0et \u00eatre orient\u00e9s, le cas \u00e9ch\u00e9ant et s&rsquo;ils le souhaitent, vers une prise en charge m\u00e9dicale \u00e0 l&rsquo;a\u00e9roport. \u00c0 cela s&rsquo;ajoutent des modalit\u00e9s de contr\u00f4les au d\u00e9part, d\u00e9ploy\u00e9es par les compagnies a\u00e9riennes comme par exemple la\u00a0<strong>prise de temp\u00e9rature \u00e0 l&#8217;embarquement<\/strong>, et la d\u00e9claration d&rsquo;absence de sympt\u00f4mes du Covid-19.<\/li>\n<li>L&rsquo;enregistrement en ligne avant d&rsquo;arriver \u00e0 l&rsquo;a\u00e9roport est pr\u00e9conis\u00e9 et les passagers sont invit\u00e9s \u00e0 voyager aussi l\u00e9ger que possible. Il est pr\u00e9f\u00e9rable de pr\u00e9senter sa carte d&#8217;embarquement sur son smartphone. Les ventes duty-free \u00e0 bord des avions sont quant \u00e0 elles limit\u00e9es.\u00a0<\/li>\n<li>Des <a href=\"https:\/\/sante.journaldesfemmes.fr\/fiches-maladies\/2668959-test-antigenique-covid-19-c-est-quoi-rapide-fiabilite-ou-le-faire-pharmacie-difference-test-pcr-prix\/\" target=\"_blank\" rel=\"noopener noreferrer\">tests antig\u00e9niques<\/a>, autoris\u00e9s depuis le mois d&rsquo;octobre en France\u00a0vont \u00eatre d\u00e9ploy\u00e9s dans les a\u00e9roports.<\/li>\n<\/ul>\n<h3><u><strong>A Paris-Charles-de-Gaulle (ouvert)\u00a0:<\/strong><\/u><\/h3>\n<ul>\n<li><strong>12\u00a0cam\u00e9ras thermiques<\/strong> ont \u00e9t\u00e9 d\u00e9ploy\u00e9es pour d\u00e9tecter, \u00e0 7\u00a0m de distance, les passagers pr\u00e9sentant une temp\u00e9rature sup\u00e9rieure \u00e0 38\u00b0C, l&rsquo;un des <a href=\"https:\/\/sante.journaldesfemmes.fr\/fiches-maladies\/2630075-symptomes-coronavirus-covid-19-debut-duree-rhume-mal-gorge-nouveau-test-que-faire-premier\/\" target=\"_blank\" rel=\"noopener noreferrer\">sympt\u00f4mes pouvant \u00eatre \u00e9vocateurs du Covid-19<\/a>. Ces cam\u00e9ras sont situ\u00e9es \u00e0 l&rsquo;arriv\u00e9e, apr\u00e8s la zone de r\u00e9cup\u00e9ration des bagages. La temp\u00e9rature de la personne est ensuite confirm\u00e9e par un thermom\u00e8tre sans contact.\u00a0Au-del\u00e0 de 38\u00b0C, la personne est emmen\u00e9e au service m\u00e9dical d&rsquo;urgence pour \u00eatre test\u00e9e.<\/li>\n<li>40\u00a0distributeurs sans contact de solution hydroalcoolique ont \u00e9t\u00e9 install\u00e9s partout dans l&rsquo;a\u00e9roport,\u00a0des marquages au sol ont \u00e9t\u00e9 r\u00e9alis\u00e9s pour inviter les voyageurs \u00e0 maintenir une distanciation physique.\u00a0Les palpations sont limit\u00e9es au strict minimum dans les postes d&rsquo;inspection filtrage. Les bacs pour les bagages cabines sont syst\u00e9matiquement d\u00e9sinfect\u00e9s apr\u00e8s chaque utilisation.<\/li>\n<li>Toutes les technologies \u00ab\u00a0sans contact\u00a0\u00bb (reconnaissance faciale, oculaire, scan de QR code&#8230;) doivent \u00eatre privil\u00e9gi\u00e9es \u00e0 bord des a\u00e9roports.<\/li>\n<li>Sur <strong>les lignes Air France<\/strong>, la temp\u00e9rature est prise avant chaque embarquement et parfois, pendant le vol. A plus de 38\u00b0C, l&rsquo;acc\u00e8s \u00e0 l&rsquo;avion peut \u00eatre refus\u00e9. Des si\u00e8ges isol\u00e9s sont pr\u00e9vus \u00e0 l&rsquo;arri\u00e8re des avions pour y placer les passagers tomb\u00e9s malades en plein vol. Ces derniers seront directement pris en charge par le personnel de l&rsquo;avion. L&rsquo;air \u00e0 l&rsquo;int\u00e9rieur de la cabine et filtr\u00e9 et renouvel\u00e9 toutes les trois minutes. et l&rsquo;avion est syst\u00e9matiquement d\u00e9sinfect\u00e9 apr\u00e8s chaque vol, des cabines jusqu&rsquo;aux cockpits. Tous les 5\u00a0jours, la compagnie proc\u00e8de \u00e0 <strong>une n\u00e9bulisation<\/strong> (pulv\u00e9risation d&rsquo;un produit virucide efficace dans la dur\u00e9e) compl\u00e8te de l&rsquo;int\u00e9rieur de l&rsquo;appareil.<\/li>\n<li><strong>Pour les enfants\u00a0:<\/strong>\u00a0le service\u00a0Kids solo d&rsquo;Air France, suspendu pendant la crise du coronavirus,\u00a0est de nouveau actif\u00a0depuis le 1er juin sur l&rsquo;ensemble des relations ouvertes <strong>aux enfants de plus de 8\u00a0ans<\/strong> (contre 4\u00a0ans en temps normal). Attention, ce service ne s&rsquo;applique actuellement qu&rsquo;aux vols directs. Autrement dit,\u00a0les vols avec escale ne sont pas autoris\u00e9s aux mineurs non accompagn\u00e9s et les salons d&rsquo;accueil pour les enfants demeurent pour l&rsquo;heure ferm\u00e9s. Il est conseill\u00e9 de r\u00e9server le plus t\u00f4t possible ce service car le nombre d&rsquo;enfants est actuellement limit\u00e9 \u00e0 <strong>6\u00a0par vol<\/strong>.<\/li>\n<\/ul>\n<p><u style=\"\"><b>A l&rsquo;a\u00e9roport de Lyon Saint-Exup\u00e9ry\u00a0(ouvert)\u00a0:<\/b><\/u> un centre de d\u00e9pistage du Covid-19\u00a0est op\u00e9rationnel depuis le 9\u00a0juillet\u00a0: chaque passager qui atterrit \u00e0 l&rsquo;a\u00e9roport de\u00a0Lyon pourra, s&rsquo;il le souhaite, r\u00e9aliser un test PCR quel que soit son pays de provenance. Un bon sera remis aux passagers qui souhaitent se faire d\u00e9pister par les personnels des Hospices Civils de Lyon.<\/p>\n<p><u><strong>A l&rsquo;int\u00e9rieur de l&rsquo;avion\u00a0:<\/strong><\/u><\/p>\n<ul>\n<li>Le port du <strong>masque chirurgical\u00a0<\/strong>est strictement obligatoire \u00e0 l&rsquo;int\u00e9rieur de l&rsquo;appareil pour les enfants \u00e0 partir de 6 ans (pour les vols europ\u00e9ens) et \u00e0 partir de 11 ans pour les autres vols.<\/li>\n<li>Les passagers doivent se d\u00e9placer le moins possible et \u00e9viter de cr\u00e9er des fils d&rsquo;attente pour les WC par exemple. Des cabines WC seront affect\u00e9es en fonction de votre emplacement pour limiter les d\u00e9placements.<\/li>\n<li>L&rsquo;Organisation de l&rsquo;aviation civile internationale ne pr\u00e9conise pas de neutraliser un si\u00e8ge sur deux. En revanche, en fonction du taux d&rsquo;occupation dans l&rsquo;avion, les passagers doivent \u00eatre \u00e9loign\u00e9s les uns des autres autant que possible.<\/li>\n<li>La nourriture dans l&rsquo;avion doit \u00eatre pr\u00e9-emball\u00e9e et l&rsquo;avion doit \u00eatre d\u00e9sinfect\u00e9 r\u00e9guli\u00e8rement.<\/li>\n<\/ul>\n<div class=\"ccminsert\">\n<aside class=\"app_widget_fo app_widget_fo--call\">\n<ul>\n<li>\n                <a href=\"https:\/\/sante.journaldesfemmes.fr\/fiches-maladies\/2609189-masque-covid-19-coronavirus-transparent-inclusifchirurgical-jetable-lavable-tissu-ffp2-achat-afnor-prix\/\" class=\"jGTMWidgetGAEventClick\" data-gtmwidgetgaeventaction=\"clickWidgetCall\" data-gtmwidgetgaeventlabel=\"Masque coronavirus\u00a0: chirurgical, transparent inclusif, pour qui\u00a0?\"><\/p>\n<figure><picture><source media=\"(max-width: 480px)\" srcset=\"https:\/\/img-3.journaldesfemmes.fr\/WbaVVJVF8iP3vA-5zIZeOWflPmg=\/160x105\/smart\/f227c2fa05274cd4bc9afa9bb816c48e\/ccmcms-jdf\/20162823.jpg\"><img decoding=\"async\" src=\"https:\/\/img-3.journaldesfemmes.fr\/I482s33O050uBQQWb6xrfOLL-FQ=\/200x132\/smart\/f227c2fa05274cd4bc9afa9bb816c48e\/ccmcms-jdf\/20162823.jpg\" alt=\"\"\/><\/source><\/picture><figcaption>\n<h3>Masque coronavirus\u00a0: chirurgical, transparent inclusif, pour qui\u00a0?<\/h3>\n<p>MASQUE COVID-19. Il existe plusieurs masques de protection contre que le coronavirus\u00a0: FFP2, chirurgical, canard, tissu, lavable, p\u00e9diatrique&#8230; 500\u00a0000\u00a0mod\u00e8les transparents vont \u00eatre distribu\u00e9s aux professionnels de la petite enfance. Diff\u00e9rences entre les masques, prix, fabrication aux normes Afnor, o\u00f9 l&rsquo;acheter&#8230;<\/p>\n<\/figcaption><\/figure>\n<p><\/a>\n            <\/li>\n<\/ul>\n<\/aside>\n<\/div>\n<p><span style=\"font-size: 1rem;\">Pour pouvoir se d\u00e9placer en train, chaque usager de plus de 11 ans doit respecter <\/span><strong style=\"font-size: 1rem;\">des r\u00e8gles sanitaires<\/strong><span style=\"font-size: 1rem;\">, <\/span><strong style=\"font-size: 1rem;\">en gare et \u00e0 bord du train<\/strong><span style=\"font-size: 1rem;\"> :<\/span><\/p>\n<ul>\n<li>Respecter une distance physique d&rsquo;<strong>au-moins un m\u00e8tre<\/strong> les uns des autres. Un marquage au sol a \u00e9t\u00e9 mis en place dans les lieux d&rsquo;attente, sous les principaux \u00e9crans d&rsquo;affichage des trains, devant les bornes de libre-service, dans les escaliers m\u00e9caniques et sur les quais.\u00a0<\/li>\n<li><strong>Porter un masque obligatoirement<\/strong> dans les gares et \u00e0 bord des trains. Des masques sont en vente dans les distributeurs automatiques et les commerces des gares.\u00a0\u00ab\u00a0<strong>Un filtrage par les forces de l&rsquo;ordre <\/strong>et la S\u00fbret\u00e9 ferroviaire est effectu\u00e9 \u00e0 l&rsquo;entr\u00e9e des grandes gares pour veiller au respect de l&rsquo;obligation du port du masque dans les gares et dans les trains. Le d\u00e9faut de masque est passible <strong>d&rsquo;une amende de 135\u00a0euros<\/strong>. Les agents pr\u00e9sents durant votre voyage sont \u00e9quip\u00e9s de masques pour assurer la protection de tous\u00a0\u00bb, indique la SNCF sur son site internet.\u00a0<\/li>\n<li><strong>Utiliser du gel hydro-alcoolique<\/strong> mis \u00e0 disposition gratuitement \u00e0 l&rsquo;entr\u00e9e de 120 gares de France, et en vente dans les distributeurs automatiques et les commerces des gares.\u00a0<\/li>\n<li>Privil\u00e9gier<strong> l&rsquo;achat \u00e0 distance<\/strong> des titres de transport (site et application oui.sncf, application Assistant SNCF) pour \u00e9viter les attentes en gare et les potentielles contaminations.<\/li>\n<li>Des annonces sonores et des affichages rappellent dans chaque gare les gestes barri\u00e8res.<\/li>\n<li>Le nettoyage et la d\u00e9sinfection des gares et des trains sont renforc\u00e9s pendant ce contexte d&rsquo;\u00e9pid\u00e9mie.\u00a0<\/li>\n<\/ul>\n<p>\u25ba <strong>Pour les enfants\u00a0: <\/strong>le service Junior &amp; Cie, suspendu pendant la crise du Covid-19, a repris progressivement depuis le 26\u00a0juin sur quelques grandes lignes.\u00a0<\/p>\n<p>\u25ba La SNCF propose d&rsquo;<strong>\u00e9changer ou de se faire rembourser<\/strong> les billets de train TGV, INOUI, OUIGO, INTERCITES et TER pour tous les voyages.\u00a0<\/p>\n<p>A bord du bus,\u00a0<strong>des mesures barri\u00e8res doivent \u00eatre scrupuleusement respect\u00e9es<\/strong> :\u00a0\u00a0<\/p>\n<ul>\n<li>Le port du masque est obligatoire \u00e0 bord des bus.<\/li>\n<li>La vente de titres de transport \u00e0 bord des bus est possible, n\u00e9anmoins,\u00a0les usagers sont invit\u00e9s \u00e0 acheter leur titre de transport sur les distributeurs automatiques ou sur les applications d\u00e9di\u00e9es.\u00a0<\/li>\n<li>Les passagers doivent respecter dans la mesure du possible une distance physique d&rsquo;un m\u00e8tre avec les autres.<\/li>\n<li>Les passagers sont invit\u00e9s \u00e0 n&rsquo;utiliser qu&rsquo;un si\u00e8ge sur deux \u00e0 bord des bus.<\/li>\n<li>Une d\u00e9sinfection de v\u00e9hicule doit \u00eatre r\u00e9alis\u00e9e une fois par jour.<\/li>\n<li>Le conducteur doit \u00eatre s\u00e9par\u00e9 des voyageurs d&rsquo;au moins un m\u00e8tre.<\/li>\n<li>La\u00a0mont\u00e9e dans les bus\u00a0se fait uniquement par la\u00a0<strong>porte du milieu<\/strong>\u00a0(et non plus par la porte avant).<\/li>\n<\/ul>\n<p><strong>Quant aux taxis<\/strong>, ils sont autoris\u00e9s \u00e0 circuler \u00e0 condition de respecter tout un lot de mesures sanitaires d\u00e9finies dans\u00a0un <a href=\"https:\/\/www.legifrance.gouv.fr\/affichTexte.do?cidTexte=JORFTEXT000041746694&amp;categorieLien=id#JORFARTI000041746714\" target=\"_blank\" rel=\"noopener noreferrer\">d\u00e9cret<\/a> publi\u00e9 au Journal Officiel le 24\u00a0mars, dans le cadre de l&rsquo;\u00e9tat d&rsquo;urgence sanitaire d\u00e9clar\u00e9 en France\u00a0: aucun\u00a0passager ne peut s&rsquo;asseoir \u00e0 c\u00f4t\u00e9 du conducteur, la pr\u00e9sence de plusieurs passagers est admise aux places arri\u00e8res, le v\u00e9hicule doit \u00eatre en permanence a\u00e9r\u00e9, les passagers doivent emporter tous leurs d\u00e9chets, le conducteur doit proc\u00e9der au nettoyage d\u00e9sinfectant du v\u00e9hicule au moins une fois par jour. A noter que <strong>le conducteur est autoris\u00e9 \u00e0 exercer son droit de retrait <\/strong>et \u00e0 refuser l&rsquo;acc\u00e8s du v\u00e9hicule \u00e0 une personne pr\u00e9sentant des <a href=\"https:\/\/sante.journaldesfemmes.fr\/fiches-maladies\/2630075-symptomes-coronavirus-covid-19-debut-duree-rhume-mal-gorge-nouveau-test-que-faire-premier\/\" target=\"_blank\" rel=\"noopener noreferrer\">sympt\u00f4mes d&rsquo;infection au Covid-19<\/a>.<\/p>\n<p>Pour les\u00a0Fran\u00e7ais qui habitent \u00e0 l&rsquo;\u00e9tranger, il est recommand\u00e9 d&rsquo;\u00e9viter\u00a0les d\u00e9placements internationaux. Pour les personnes qui veulent rentrer en France, elles doivent contacter les consulats et ambassades de France.\u00a0<\/p>\n<ul>\n<li><strong>En d\u00e9placement \u00e0 l&rsquo;\u00e9tranger\u00a0:\u00a0<\/strong>Il est recommand\u00e9 aux Fran\u00e7ais qui sont en d\u00e9placement temporaire \u00e0 l&rsquo;\u00e9tranger, en dehors de l&rsquo;Europe, de prendre les mesures n\u00e9cessaires pour rentrer en France.<em> \u00ab\u00a0Si vous \u00eates Fran\u00e7ais, vous pouvez bien s\u00fbr, avec votre conjoint et vos enfants, continuer d&rsquo;entrer sur le territoire national et rejoindre votre domicile\u00a0\u00bb<\/em> rassure le <a href=\"https:\/\/www.gouvernement.fr\/info-coronavirus\" target=\"_blank\" rel=\"noopener noreferrer\">gouvernement<\/a> sur son site. Le minist\u00e8re charg\u00e9 des transports a demand\u00e9 aux compagnies a\u00e9riennes de maintenir au maximum leurs lignes ouvertes vers la France et de mod\u00e9rer leurs prix.\u00a0<\/li>\n<li><strong>Pour les Fran\u00e7ais qui attendent un vol <\/strong>et ne disposent pas d&rsquo;h\u00e9bergement, <strong>un service d&rsquo;urgence de mise en relation de Fran\u00e7ais bloqu\u00e9s \u00e0 l&rsquo;\u00e9tranger en situation de difficult\u00e9 et des Fran\u00e7ais \u00e9tablis hors de France se portant volontaires pouvant les accueillir est mis en place\u00a0: <\/strong><a href=\"http:\/\/www.sosuntoit.fr\/\" rel=\"external noopener noreferrer\" target=\"_blank\" title=\"lien externe\">www.sosuntoit.fr<\/a><\/li>\n<\/ul>\n<p><u><strong>Sources\u00a0:<\/strong><\/u><\/p>\n<p>&#8211;\u00a0Covid-19\u00a0&#8211; les conditions d&rsquo;entr\u00e9e par voie a\u00e9rienne et maritime en Guadeloupe. Pr\u00e9fet de la R\u00e9gion Guadeloupe. Mise \u00e0 jour le 2 d\u00e9cembre 2020.<\/p>\n<aside id=\"NL_734849269\" class=\"newsletter_subscription jNlBlock\"><noscript><br \/>\n            <\/noscript><\/p>\n<h3 class=\"newsletter_subscription-title\">Newsletter <\/h3>\n<p><a href=\"\/\/mailing.ccmbg.com\/archive\/last-85\" target=\"_blank\" class=\"a_hover\" rel=\"noopener noreferrer\">Voir un exemple<\/a><\/p>\n<\/aside>\n<p>&#8211;\u00a0<a href=\"https:\/\/www.service-public.fr\/particuliers\/actualites\/A14398\" target=\"_blank\" rel=\"noopener noreferrer\">Europe\u00a0: dans quels pays peut-on se d\u00e9placer depuis la France et \u00e0 quelles conditions<\/a>\u00a0, 27\u00a0octobre 2020,\u00a0Direction de l&rsquo;information l\u00e9gale et administrative (Premier ministre)<\/p>\n<p>&#8211; Site de\u00a0<a data-smarttag-click=\"{&quot;name&quot;: &quot;http\/\/www.diplomatie.gouv.fr\/fr\/conseils-aux-voyageurs\/&quot;, &quot;type&quot;: &quot;exit&quot;}\" href=\"http:\/\/www.diplomatie.gouv.fr\/fr\/conseils-aux-voyageurs\/\" target=\"_blank\" rel=\"noopener noreferrer\">conseils aux voyageurs\u00a0<\/a>du minist\u00e8re de l&rsquo;Europe et des Affaires \u00e9trang\u00e8res.<\/p>\n<\/p><\/div>\n<p>[ad_2]<br \/>\n<br \/><a href=\"https:\/\/sante.journaldesfemmes.fr\/fiches-maladies\/2608487-voyage-covid-19-vacances-station-ski-15-decembre-partir-france-guadeloupe-etranger-noel-2020-test\/\">Source link <\/a><\/p>\n","protected":false},"excerpt":{"rendered":"<p>[ad_1] Malgr\u00e9 la prolongation du confinement, les voyages de loisirs en France et en Europe seront autoris\u00e9s le 15\u00a0d\u00e9cembre. Pourra-on &hellip; <a href=\"http:\/\/www.affinite.fr\/index.php\/2020\/12\/02\/ski-etranger-ou-partir-en-decembre\/\" class=\"more-link\">Plus <span class=\"screen-reader-text\">ski, \u00e9tranger, o\u00f9 partir en d\u00e9cembre\u00a0?<\/span> <span class=\"meta-nav\">&rarr;<\/span><\/a><\/p>\n","protected":false},"author":1,"featured_media":5596,"comment_status":"open","ping_status":"open","sticky":false,"template":"","format":"standard","meta":{"_sitemap_exclude":false,"_sitemap_priority":"","_sitemap_frequency":"","footnotes":""},"categories":[1],"tags":[],"class_list":["post-5595","post","type-post","status-publish","format-standard","has-post-thumbnail","hentry","category-tous"],"_links":{"self":[{"href":"http:\/\/www.affinite.fr\/index.php\/wp-json\/wp\/v2\/posts\/5595"}],"collection":[{"href":"http:\/\/www.affinite.fr\/index.php\/wp-json\/wp\/v2\/posts"}],"about":[{"href":"http:\/\/www.affinite.fr\/index.php\/wp-json\/wp\/v2\/types\/post"}],"author":[{"embeddable":true,"href":"http:\/\/www.affinite.fr\/index.php\/wp-json\/wp\/v2\/users\/1"}],"replies":[{"embeddable":true,"href":"http:\/\/www.affinite.fr\/index.php\/wp-json\/wp\/v2\/comments?post=5595"}],"version-history":[{"count":0,"href":"http:\/\/www.affinite.fr\/index.php\/wp-json\/wp\/v2\/posts\/5595\/revisions"}],"wp:featuredmedia":[{"embeddable":true,"href":"http:\/\/www.affinite.fr\/index.php\/wp-json\/wp\/v2\/media\/5596"}],"wp:attachment":[{"href":"http:\/\/www.affinite.fr\/index.php\/wp-json\/wp\/v2\/media?parent=5595"}],"wp:term":[{"taxonomy":"category","embeddable":true,"href":"http:\/\/www.affinite.fr\/index.php\/wp-json\/wp\/v2\/categories?post=5595"},{"taxonomy":"post_tag","embeddable":true,"href":"http:\/\/www.affinite.fr\/index.php\/wp-json\/wp\/v2\/tags?post=5595"}],"curies":[{"name":"wp","href":"https:\/\/api.w.org\/{rel}","templated":true}]}}