{"id":5593,"date":"2020-12-02T16:28:52","date_gmt":"2020-12-02T16:28:52","guid":{"rendered":"https:\/\/www.affinite.fr\/index.php\/2020\/12\/02\/recette-de-financiers-sans-gluten-ni-lactose\/"},"modified":"2020-12-02T16:28:52","modified_gmt":"2020-12-02T16:28:52","slug":"recette-de-financiers-sans-gluten-ni-lactose","status":"publish","type":"post","link":"http:\/\/www.affinite.fr\/index.php\/2020\/12\/02\/recette-de-financiers-sans-gluten-ni-lactose\/","title":{"rendered":"Recette de financiers sans gluten ni lactose"},"content":{"rendered":"<p> [ad_1]<br \/>\n<\/p>\n<div id=\"post-109513\"> <!-- .et_post_meta_wrapper -->&#13;<br \/>\n\t\t\t\t&#13;<\/p>\n<div class=\"entry-content\">\n<p>La semaine derni\u00e8re je vous ai propos\u00e9 de r\u00e9aliser une <a href=\"https:\/\/cuisine-saine.fr\/recette-sans-lait\/creme-vanille-danette-sans-lactose\/\">cr\u00e8me vanille fa\u00e7on \u00ab danette \u00bb sans lactose<\/a> qui contenait 2 jaunes d\u2019\u0153ufs. Pour compl\u00e9ter, je vous propose la recette avec 2 blancs d\u2019\u0153uf qui ira \u00e0 merveille avec la cr\u00e8me : des <strong>petits financiers sans gluten sans lactose ultra rapide<\/strong> \u00e0 pr\u00e9parer.<\/p>\n<p>Si vous avez des moules \u00e0 financiers c\u2019est id\u00e9al, mais dans le cas contraire, des petites moules \u00e0 tartelette feront l\u2019affaire, comme dans mon cas.<\/p>\n<p>J\u2019utilise ici de la farine de teff compl\u00e8te uniquement, mais un <a href=\"https:\/\/cuisine-saine.fr\/recette-sans-gluten\/mon-mix-patisserie-sans-gluten-et-sans-mais\/\">mix p\u00e2tisserie maison<\/a> ou de la farine de riz simplement \u00e7a fonctionnera \u00e9galement.<\/p>\n<h2>Recette de financiers sans gluten ni produit laitier<\/h2>\n<ul class=\"typerect\" itemprop=\"recipeCuisine\">\n<li class=\"ssgluten\" itemprop=\"suitableForDiet\"><span>Recette sans gluten<\/span><\/li>\n<li class=\"sslait\" itemprop=\"suitableForDiet\"><span>Recette sans lactose<\/span><\/li>\n<li class=\"rbio\" itemprop=\"suitableForDiet\"><span>Recette bio<\/span><\/li>\n<\/ul>\n<div id=\"attachment_109516\" style=\"width: 810px\" class=\"wp-caption alignnone\"><noscript><img loading=\"lazy\" decoding=\"async\" aria-describedby=\"caption-attachment-109516\" src=\"https:\/\/cuisine-saine.fr\/wp-content\/uploads\/2020\/12\/fiancier-sans-gluten-sans-lactose.jpg\" alt=\"Recette de financiers sans gluten ni lactose\" width=\"800\" height=\"1117\" itemprop=\"image\"\/><\/noscript><img loading=\"lazy\" decoding=\"async\" class=\"lazyload\" aria-describedby=\"caption-attachment-109516\" src=\"data:image\/svg+xml,%3Csvg%20xmlns=%22http:\/\/www.w3.org\/2000\/svg%22%20viewBox=%220%200%20800%201117%22%3E%3C\/svg%3E\" data-src=\"https:\/\/cuisine-saine.fr\/wp-content\/uploads\/2020\/12\/fiancier-sans-gluten-sans-lactose.jpg\" alt=\"Recette de financiers sans gluten ni lactose\" width=\"800\" height=\"1117\" itemprop=\"image\"\/><\/p>\n<p id=\"caption-attachment-109516\" class=\"wp-caption-text\">Recette de financiers sans gluten ni lactose<\/p>\n<\/div>\n<div class=\"intro\">\n<p itemprop=\"recipeCategory\">Dessert<\/p>\n<p class=\"temps\"><strong class=\"yield\" itemprop=\"recipeYield\">Pour 4 personnes<\/strong><br \/><strong>Temps de pr\u00e9paration<\/strong> : <time datetime=\"PT10M\" itemprop=\"prepTime\">10 min<\/time><br \/><strong>Temps de cuisson<\/strong> : <time datetime=\"PT20M\" itemprop=\"cookTime\">20 min<\/time><\/p>\n<\/div>\n<div class=\"ingredient\">\n<h3 class=\"listetitre\">Ingr\u00e9dients<\/h3>\n<ul class=\"listeingredient\">\n<li class=\"ingredient\" itemprop=\"recipeIngredient\">40 g de poudre d\u2019amande<\/li>\n<li class=\"ingredient\" itemprop=\"recipeIngredient\">2 blancs d\u2019\u0153uf<\/li>\n<li class=\"ingredient\" itemprop=\"recipeIngredient\">40 g d\u2019huile de <a href=\"http:\/\/www.affinite.fr\/index.php\/2022\/11\/09\/formation-de-glacier-apprenez-le-metier-de-glacier-et-changez-votre-vie\/\">coco<\/a><\/li>\n<li class=\"ingredient\" itemprop=\"recipeIngredient\">30 g de farine de teff compl\u00e8te<\/li>\n<li class=\"ingredient\" itemprop=\"recipeIngredient\">60 g de sucre de canne blond<\/li>\n<\/ul>\n<\/div>\n<ol class=\"recette\" itemprop=\"recipeInstructions\">\n<li itemprop=\"step\">Pr\u00e9chauffez le four \u00e0 190\u00b0C.<\/li>\n<li itemprop=\"step\">Dans un saladier, m\u00e9langez la poudre d\u2019amande avec les blancs d\u2019\u0153uf.<\/li>\n<li itemprop=\"step\">Si l\u2019huile de coco est solide (au-dessous de 25\u00b0C), faites-la fondre et ajoutez dans le saladier. M\u00e9langez.<\/li>\n<li itemprop=\"step\">Ajoutez la farine de teff et le sucre de canne blond. M\u00e9langez bien.<\/li>\n<li itemprop=\"step\">Huilez vos moules \u00e0 financiers et r\u00e9partissez la p\u00e2te.<\/li>\n<li itemprop=\"step\">Enfournez pour 20 minutes. Laissez refroidir avant de d\u00e9mouler.<\/li>\n<\/ol>\n<h3 class=\"conseil\">Le conseil de Karen<\/h3>\n<p><span class=\"et_bloom_bottom_trigger\"\/>                    <\/p>\n<p itemprop=\"keywords\" class=\"keywords\">Mots cl\u00e9s : <a href=\"https:\/\/cuisine-saine.fr\/tag\/huile-de-coco\/\" rel=\"tag\">huile de coco<\/a>,\u00a0<a href=\"https:\/\/cuisine-saine.fr\/tag\/poudre-damande\/\" rel=\"tag\">poudre d&rsquo;amande<\/a>,\u00a0<a href=\"https:\/\/cuisine-saine.fr\/tag\/teff\/\" rel=\"tag\">teff<\/a><\/p>\n<\/p><\/div>\n<p> <!-- .entry-content -->&#13;<br \/>\n                    &#13;<br \/>\n                     &#13;<br \/>\n                     &#13;<br \/>\n               &#13;<br \/>\n                     &#13;<br \/>\n\t\t\t\t\t <!-- .et_post_meta_wrapper -->&#13;\n\t\t\t\t<\/div>\n<p>[ad_2]<br \/>\n<br \/><a href=\"https:\/\/cuisine-saine.fr\/recette-sans-gluten-ni-lait\/financiers-sans-gluten-ni-lactose\/\">Source link <\/a><\/p>\n","protected":false},"excerpt":{"rendered":"<p>[ad_1] &#13; &#13; La semaine derni\u00e8re je vous ai propos\u00e9 de r\u00e9aliser une cr\u00e8me vanille fa\u00e7on \u00ab danette \u00bb sans &hellip; <a href=\"http:\/\/www.affinite.fr\/index.php\/2020\/12\/02\/recette-de-financiers-sans-gluten-ni-lactose\/\" class=\"more-link\">Plus <span class=\"screen-reader-text\">Recette de financiers sans gluten ni lactose<\/span> <span class=\"meta-nav\">&rarr;<\/span><\/a><\/p>\n","protected":false},"author":1,"featured_media":5594,"comment_status":"open","ping_status":"open","sticky":false,"template":"","format":"standard","meta":{"_sitemap_exclude":false,"_sitemap_priority":"","_sitemap_frequency":"","footnotes":""},"categories":[1],"tags":[],"class_list":["post-5593","post","type-post","status-publish","format-standard","has-post-thumbnail","hentry","category-tous"],"_links":{"self":[{"href":"http:\/\/www.affinite.fr\/index.php\/wp-json\/wp\/v2\/posts\/5593"}],"collection":[{"href":"http:\/\/www.affinite.fr\/index.php\/wp-json\/wp\/v2\/posts"}],"about":[{"href":"http:\/\/www.affinite.fr\/index.php\/wp-json\/wp\/v2\/types\/post"}],"author":[{"embeddable":true,"href":"http:\/\/www.affinite.fr\/index.php\/wp-json\/wp\/v2\/users\/1"}],"replies":[{"embeddable":true,"href":"http:\/\/www.affinite.fr\/index.php\/wp-json\/wp\/v2\/comments?post=5593"}],"version-history":[{"count":0,"href":"http:\/\/www.affinite.fr\/index.php\/wp-json\/wp\/v2\/posts\/5593\/revisions"}],"wp:featuredmedia":[{"embeddable":true,"href":"http:\/\/www.affinite.fr\/index.php\/wp-json\/wp\/v2\/media\/5594"}],"wp:attachment":[{"href":"http:\/\/www.affinite.fr\/index.php\/wp-json\/wp\/v2\/media?parent=5593"}],"wp:term":[{"taxonomy":"category","embeddable":true,"href":"http:\/\/www.affinite.fr\/index.php\/wp-json\/wp\/v2\/categories?post=5593"},{"taxonomy":"post_tag","embeddable":true,"href":"http:\/\/www.affinite.fr\/index.php\/wp-json\/wp\/v2\/tags?post=5593"}],"curies":[{"name":"wp","href":"https:\/\/api.w.org\/{rel}","templated":true}]}}