{"id":5591,"date":"2020-12-01T22:04:56","date_gmt":"2020-12-01T22:04:56","guid":{"rendered":"https:\/\/www.affinite.fr\/index.php\/2020\/12\/01\/il-etait-une-fois-la-patisserie-62\/"},"modified":"2020-12-01T22:04:56","modified_gmt":"2020-12-01T22:04:56","slug":"il-etait-une-fois-la-patisserie-62","status":"publish","type":"post","link":"http:\/\/www.affinite.fr\/index.php\/2020\/12\/01\/il-etait-une-fois-la-patisserie-62\/","title":{"rendered":"Il \u00e9tait une fois la p\u00e2tisserie"},"content":{"rendered":"<p> [ad_1]<br \/>\n<\/p>\n<div id=\"post-body-197679561492160197\" itemprop=\"articleBody\">\n<div dir=\"ltr\" style=\"text-align: left;\" trbidi=\"on\">\nEn d\u00e9cembre, il y a No\u00ebl, mais pas seulement ! Voici une s\u00e9lection de recettes \u00e0 pr\u00e9parer sans mod\u00e9ration en<b> ce d\u00e9but d&rsquo;hiver qui approche <\/b>: environ <span style=\"font-size: medium;\"><b>150 recettes avec les <a href=\"http:\/\/www.affinite.fr\/index.php\/2023\/07\/29\/valoriser-ses-invendus-une-demarche-ecologique-et-rentable-pour-les-marchands-de-fruits\/\">fruits<\/a> et l\u00e9gumes de D\u00e9cembre<\/b><\/span>, pour p\u00e2tisser de saison ! Si avec \u00e7a vous ne trouvez pas votre bonheur !<\/p>\n<p><a href=\"https:\/\/www.iletaitunefoislapatisserie.com\/2019\/12\/les-fruits-de-decembre-150-recettes-dessert.html\"><img decoding=\"async\" alt=\"fruits et l\u00e9gumes saison d\u00e9cembre\" border=\"0\" class=\"photo\" data-original-height=\"426\" data-original-width=\"650\" src=\"https:\/\/1.bp.blogspot.com\/-I0WvngVGEjU\/W8NrQdXLOhI\/AAAAAAAAz54\/RvA05dBdsJcLf0g_QdtkczcaNolzRrgegCLcBGAs\/s1600\/marrons-glac%25C3%25A9s.jpg\" title=\"fruits et l\u00e9gumes de d\u00e9cembre\"\/><\/a><\/p>\n<p>Cliquez sur le titre des recettes pour acc\u00e9der \u00e0 celles-ci. <\/p>\n<h3 style=\"text-align: left;\">\nAnanas<\/h3>\n<p>\nLes fruits exotiques sont \u00e0 l&rsquo;honneur tout l&rsquo;hiver ! Parmi eux, l&rsquo;ananas est le premier \u00e0 pointer le bout de son nez.<br \/><a href=\"https:\/\/www.iletaitunefoislapatisserie.com\/2016\/10\/gateau-renverse-ananas-noix-de-coco.html\" target=\"_blank\" rel=\"noopener noreferrer\"><img decoding=\"async\" alt=\"recettes fruits novembre\" border=\"0\" src=\"https:\/\/2.bp.blogspot.com\/-AJxaz3Nbums\/V_zhEtqfvWI\/AAAAAAAAQ0M\/dZwA2aY3EYQmflqkX8KfoWIuJV6yeP4WQCLcB\/s1600\/recette-gateau-renvers%25C3%25A9.jpg\" title=\"fruits novembre\"\/><\/a><\/p>\n<h3 style=\"text-align: left;\">\nBanane<\/h3>\n<p>La banane arrive enfin ! Enfin on la trouve avant dans les rayons mais elle n&rsquo;a pas trop de go\u00fbt. A partir du mois de d\u00e9cembre, c&rsquo;est un r\u00e9gal !<\/p>\n<p>Voici quelques recettes avec de la banane :<\/p>\n<p><\/p>\n<div class=\"separator\" style=\"clear: both; text-align: center;\">\n<a href=\"https:\/\/www.iletaitunefoislapatisserie.com\/2014\/05\/le-banana-bread.html\" target=\"_blank\" rel=\"noopener noreferrer\"><img decoding=\"async\" alt=\"recettes d\u00e9cembre\" border=\"0\" data-original-height=\"934\" data-original-width=\"650\" src=\"https:\/\/1.bp.blogspot.com\/-FLX76o4GJmk\/XedgiiEkOTI\/AAAAAAABGi0\/-hInwEggpssvO03usii3HlLCxifRpS_xACLcBGAsYHQ\/s1600\/bana-bread.jpg\" title=\"fruits et l\u00e9gumes d\u00e9cembre\"\/><\/a><\/div>\n<p><\/div>\n<div dir=\"ltr\" style=\"text-align: left;\" trbidi=\"on\">\n<\/p>\n<h3>\nLa carotte<\/h3>\n<p>On fait le plein de carot\u00e8ne pour contrer l&rsquo;hiver !<\/p>\n<h3 style=\"text-align: left;\">\nCh\u00e2taigne et marron<\/h3>\n<p>\nLa <b>ch\u00e2taigne <\/b>est un fruit qui me ferait presque aimer le froid ! C&rsquo;est tellement bon et r\u00e9confortant&#8230; j&rsquo;adore \ud83d\ude42<a href=\"https:\/\/www.iletaitunefoislapatisserie.com\/2013\/11\/creme-de-marron-peu-sucree.html\" target=\"_blank\" rel=\"noopener noreferrer\"><img decoding=\"async\" alt=\"recette d\u00e9cembre marron\" border=\"0\" data-original-height=\"531\" data-original-width=\"650\" src=\"https:\/\/1.bp.blogspot.com\/-LeM5cndnHPs\/W6o09FVanqI\/AAAAAAAAyTc\/1qu7uiEWyDkb6kkQ_kE7FSJtt6NDskwTQCLcBGAs\/s1600\/cr%25C3%25A8me-de-marron.jpg\" title=\"recette aux marrons\"\/><\/a> <\/p>\n<h3>\nCitron<\/h3>\n<p>Un petit nouveau en d\u00e9cembre : le <b>citron <\/b>! Son acidit\u00e9 fait des merveilles en p\u00e2tisserie, je suis une grande fan !<\/p>\n<p>Voici quelques id\u00e9es de recettes :<\/p>\n<p><a href=\"https:\/\/www.iletaitunefoislapatisserie.com\/2018\/11\/cheesecake-miel-citron-sans-cuisson.html\" target=\"_blank\" rel=\"noopener noreferrer\"><img decoding=\"async\" alt=\"fruits et l\u00e9gumes d\u00e9cembre\" border=\"0\" class=\"photo\" data-original-height=\"872\" data-original-width=\"650\" src=\"https:\/\/2.bp.blogspot.com\/-aEmDy_M_J1o\/W-XCelOoxFI\/AAAAAAAA1jw\/P1OVkb5i9hEMpB3_GME17NEgbx7wFmeQwCLcBGAs\/s1600\/recette-cheesecake-citron-sans-cuisson.jpg\" title=\"recette d\u00e9cembre\"\/><\/a><\/p>\n<h3>\nCourge<\/h3>\n<p>\nJ&rsquo;adore les courges, mais mes filles beaucoup moins ! La solution : en faire des g\u00e2teaux !<a href=\"https:\/\/www.iletaitunefoislapatisserie.com\/2014\/10\/pumkin-cake-cake-au-potimarron-philadelphia.html\" target=\"_blank\" rel=\"noopener noreferrer\"><img decoding=\"async\" alt=\"recette fruits et l\u00e9gumes octobre\" border=\"0\" src=\"https:\/\/3.bp.blogspot.com\/-B_iKXTcK5Ts\/VEgL0Wr703I\/AAAAAAAAFOQ\/YjH9jZtE_HM\/s1600\/cake-potimarron-fromage.jpg\" title=\"fruits et l\u00e9gumes octobre\"\/><\/a> <\/p>\n<h3>\nCoing<\/h3>\n<p>\nOn pense peu \u00e0 l&rsquo;utiliser dans les g\u00e2teaux, et pourtant c&rsquo;est d\u00e9licieux !<\/p>\n<h3 style=\"text-align: left;\">\nFruit de la passion<\/h3>\n<p>\nComme on l&rsquo;aime chez moi celui-ci ! Le fruit de la passion est attendu chaque ann\u00e9e avec impatience&#8230; Le voici enfin en ce mois de d\u00e9cembre !<br \/><a href=\"https:\/\/www.iletaitunefoislapatisserie.com\/2018\/03\/number-cake-ou-gateau-chiffre.html\" target=\"_blank\" rel=\"noopener noreferrer\"><img decoding=\"async\" alt=\"fruits de d\u00e9cembre\" border=\"0\" class=\"photo\" data-original-height=\"447\" data-original-width=\"650\" src=\"https:\/\/4.bp.blogspot.com\/-zaGr_XVPSHA\/WqGt7WScmUI\/AAAAAAAAk9M\/FEFYAqZL-SgMKibkSJhWxrEK0IMTiNYPACLcBGAs\/s1600\/number-cake.jpg\" title=\"recette fruit d\u00e9cembre\"\/><\/a> <\/p>\n<h3 style=\"text-align: left;\">\nLitchi<\/h3>\n<p>\nSeulement 2 recettes au litchi sur mon blog. Je vais essayer de rem\u00e9dier \u00e0 \u00e7a !<\/p>\n<p><a href=\"https:\/\/www.iletaitunefoislapatisserie.com\/2018\/12\/buche-ispahan-framboise-rose-et-litchi.html\" target=\"_blank\" rel=\"noopener noreferrer\"><img decoding=\"async\" alt=\"recette litchi\" border=\"0\" data-original-height=\"899\" data-original-width=\"650\" src=\"https:\/\/4.bp.blogspot.com\/-QpWiwR0rV_o\/XBoQ0U-jNOI\/AAAAAAAA4XM\/pm33Yg9RvF07S08mvQuZ2Bgtc5fNGBwmgCEwYBhgL\/s1600\/buche-noel-framboise.jpg\" title=\"recette avec des litchis\"\/><\/a><\/div>\n<div dir=\"ltr\" style=\"text-align: left;\" trbidi=\"on\"><\/p>\n<h3 style=\"text-align: left;\">\nMandarine et cl\u00e9mentine<\/h3>\n<p>\nJe regroupe les <b>mandarines et les cl\u00e9mentines<\/b> dans la m\u00eame rubrique car,<br \/>\n la saison passant vite, je n&rsquo;ai pas beaucoup de recettes avec ces<br \/>\nfruits sur le blog. De plus, vous pouvez sans probl\u00e8me intervertir l&rsquo;une<br \/>\n pour l&rsquo;autre dans n&rsquo;importe quelle p\u00e2tisserie.<br \/><a href=\"https:\/\/www.iletaitunefoislapatisserie.com\/2018\/12\/entremets-boules-de-noel.html\" target=\"_blank\" rel=\"noopener noreferrer\"><img decoding=\"async\" alt=\"que faire avec fruits de novembre\" border=\"0\" data-original-height=\"433\" data-original-width=\"650\" src=\"https:\/\/3.bp.blogspot.com\/-Jo_59NnQE1o\/XBPnjCsEHJI\/AAAAAAAA38g\/ru53w1Idkz8e-qTHTu-e70ksB4EPdwhdwCLcBGAs\/s1600\/recette-g%25C3%25A2teau-boules-de-noel.jpg\" title=\"recettes novemvre\"\/><\/a><\/p>\n<h3 style=\"text-align: left;\">\nMangue<\/h3>\n<p>Il parait que la mangue est un des fruits pr\u00e9f\u00e9r\u00e9s des Fran\u00e7aises. Vous confirmez ? Moi oui !<\/p>\n<p><a href=\"https:\/\/www.iletaitunefoislapatisserie.com\/2017\/12\/buche-mangue-vanille-pour-le-nouvel-an.html\" target=\"_blank\" rel=\"noopener noreferrer\"><img decoding=\"async\" alt=\"recettes mangue\" border=\"0\" class=\"photo\" data-original-height=\"886\" data-original-width=\"650\" src=\"https:\/\/1.bp.blogspot.com\/-ob2eB91Z-is\/Wka0YH-Y5sI\/AAAAAAAAgsE\/PEAQEw9OcYgAUiiAadia9v4Ryk6hlUtiQCLcBGAs\/s1600\/buche-reveillon-mangue-vanille.jpg\" title=\"recettes avec mangue\"\/><\/a><\/p>\n<h3>\nNoisette<\/h3>\n<p>\nJe sais que c&rsquo;est<b> un de vos fruits pr\u00e9f\u00e9r\u00e9s<\/b>, particuli\u00e8rement quand on le transforme en pralin\u00e9 ? Alors \u00e7a tombe bien, on en trouve encore en d\u00e9cembre !<a href=\"https:\/\/www.iletaitunefoislapatisserie.com\/2015\/08\/pate-tartiner-aux-noisettes-nutella.html\" target=\"_blank\" rel=\"noopener noreferrer\"><img decoding=\"async\" alt=\"fruits d\u00e9cembre recette\" border=\"0\" data-original-height=\"828\" data-original-width=\"650\" src=\"https:\/\/4.bp.blogspot.com\/-TZNKgfo2iQo\/XKn_TMLxYCI\/AAAAAAAA-cQ\/2BccXVQVI58YnFQOChP-hwrMqpGQJd25QCEwYBhgL\/s1600\/nutella-maison-recette.jpg\" title=\"recette fruits d\u00e9cembre\"\/><\/a><\/p>\n<h3>\nNoix<\/h3>\n<p>Si vous n&rsquo;aimez pas les noix, avez-vous essay\u00e9 de les <b>torr\u00e9fier <\/b>(c&rsquo;est-\u00e0-dire de les griller) ? \u00c7a change tout ! Elles deviennent croustillantes et leur go\u00fbt est d\u00e9cupl\u00e9.<\/p>\n<p>Riches en om\u00e9ga 3, en prot\u00e9ines et en vitamines E, n&rsquo;h\u00e9sitez pas \u00e0 en consommer sous toutes leurs formes !<br \/>\n<\/p>\n<div style=\"text-align: center;\">\n<a href=\"https:\/\/www.iletaitunefoislapatisserie.com\/2015\/11\/le-krantz-cake.html\" target=\"_blank\" rel=\"noopener noreferrer\"><img decoding=\"async\" alt=\"patisserie fruits novembre\" border=\"0\" src=\"https:\/\/4.bp.blogspot.com\/-QZ1ghZPiBNY\/VknxHhtq-cI\/AAAAAAAAIqM\/AradwJ0g6BY\/s1600\/IMG_2184.JPG\" title=\"recette fruits novembre\"\/><\/a> <\/div>\n<p><\/p>\n<h3 style=\"text-align: left;\">\nNoix de coco<\/h3>\n<p>Le top pour manger de la <b>noix de <a href=\"http:\/\/www.affinite.fr\/index.php\/2022\/11\/09\/formation-de-glacier-apprenez-le-metier-de-glacier-et-changez-votre-vie\/\">coco<\/a><\/b>, c&rsquo;est de novembre \u00e0 f\u00e9vrier. On est donc en pleine saison !<\/p>\n<p><\/p>\n<div style=\"text-align: center;\">\n<a href=\"https:\/\/www.iletaitunefoislapatisserie.com\/2019\/12\/buche-citron-vert-noix-de-coco.html\" target=\"_blank\" rel=\"noopener noreferrer\"><img decoding=\"async\" alt=\"que faire avec fruit d\u00e9cembre\" border=\"0\" class=\"photo\" data-original-height=\"427\" data-original-width=\"650\" src=\"https:\/\/1.bp.blogspot.com\/-VEAJBPWdHf8\/XeZ4cfyfuBI\/AAAAAAABGhE\/DHyGiayxOyMLX8Y6zvuIZhr9hKNM1e45wCLcBGAsYHQ\/s1600\/buche-noel-citron-vert-coco.jpg\" title=\"id\u00e9e recette fruit d\u00e9cembre\"\/><\/a>\u00a0<\/div>\n<h3 style=\"text-align: left;\">\nOrange<\/h3>\n<p>Encore un nouveau ! D\u00e9cidemment, d\u00e9cembre apporte son lot de fruits. Voici quelques recettes avec des oranges :<\/p>\n<p><a href=\"https:\/\/www.iletaitunefoislapatisserie.com\/2016\/04\/gateau-orange-sans-beurre-sans-gluten.html\" target=\"_blank\" rel=\"noopener noreferrer\"><img decoding=\"async\" alt=\"fruits de saison d\u00e9cembre\" border=\"0\" class=\"photo\" src=\"https:\/\/4.bp.blogspot.com\/-TAef2Fr2yAk\/VxuVYSj0eGI\/AAAAAAAAJ9s\/QM8RMOn95V81GAfqB82BFylQNccLfrBeACLcB\/s1600\/gateau%2Borange%2Bsans%2Bfarine.JPG\" title=\"fruits de d\u00e9cembre\"\/><\/a><\/p>\n<h3>\nPoire<\/h3>\n<p>\nUn fruit tout doux, juteux et sucr\u00e9 \u00e0 souhait : j&rsquo;ai nomm\u00e9 <b>la poire<\/b> ! Voici quelques recettes \u00e0 base de ce fruit de d\u00e9cembre :<a href=\"https:\/\/www.iletaitunefoislapatisserie.com\/2018\/12\/verrines-legeres-poire-pain-depices.html\" target=\"_blank\" rel=\"noopener noreferrer\"><img decoding=\"async\" alt=\"fruits et l\u00e9gumes d\u00e9cembre hiver\" border=\"0\" class=\"photo\" data-original-height=\"433\" data-original-width=\"650\" src=\"https:\/\/4.bp.blogspot.com\/-dvds2umuXOc\/W__r8V-mQVI\/AAAAAAAA2z0\/bIBz67ydz1wEtAm_3sT03CUPIeZEv57XwCLcBGAs\/s1600\/recette-verrine-legere.jpg\" title=\"recettes avec des poires d\u00e9cembre\"\/><\/a> <\/p>\n<h3>\nPomme<\/h3>\n<p>On trouve des pommes toute l&rsquo;ann\u00e9e, mais d\u00e9cembre fait partie des mois \u00e0 privil\u00e9gier pour manger des pommes. Alors profitons-en !<\/p>\n<p>Vous trouverez ici toutes mes <a href=\"https:\/\/www.iletaitunefoislapatisserie.com\/2019\/10\/9-recettes-de-tartes-aux-pommes.html\" target=\"_blank\" rel=\"noopener noreferrer\">recettes de tartes aux pommes<\/a>. <\/p>\n<p>Et maintenant tous mes <b>desserts avec des pommes <\/b>:<\/p>\n<p>\u00a0<a href=\"https:\/\/www.iletaitunefoislapatisserie.com\/2019\/11\/apple-pie-super-gourmande.html\" target=\"_blank\" rel=\"noopener noreferrer\"><img decoding=\"async\" alt=\"recettes d\u00e9cembre\" border=\"0\" class=\"photo\" data-original-height=\"583\" data-original-width=\"650\" src=\"https:\/\/1.bp.blogspot.com\/-AcwhAOvA9l4\/Xc3AZkx9d6I\/AAAAAAABGY0\/54yb-4a0xMIR1ws8n7bpnr4T46Eql18eQCLcBGAsYHQ\/s1600\/apple-pie-meilleure-recette-fran%25C3%25A7ais.jpg\" title=\"fruits et l\u00e9gumes hiver d\u00e9cembre\"\/><\/a>\n<\/div>\n<\/div>\n<p>[ad_2]<br \/>\n<br \/><a href=\"https:\/\/www.iletaitunefoislapatisserie.com\/2019\/12\/les-fruits-de-decembre-150-recettes-dessert.html\">Source link <\/a><\/p>\n","protected":false},"excerpt":{"rendered":"<p>[ad_1] En d\u00e9cembre, il y a No\u00ebl, mais pas seulement ! Voici une s\u00e9lection de recettes \u00e0 pr\u00e9parer sans mod\u00e9ration &hellip; <a href=\"http:\/\/www.affinite.fr\/index.php\/2020\/12\/01\/il-etait-une-fois-la-patisserie-62\/\" class=\"more-link\">Plus <span class=\"screen-reader-text\">Il \u00e9tait une fois la p\u00e2tisserie<\/span> <span class=\"meta-nav\">&rarr;<\/span><\/a><\/p>\n","protected":false},"author":1,"featured_media":5592,"comment_status":"open","ping_status":"open","sticky":false,"template":"","format":"standard","meta":{"_sitemap_exclude":false,"_sitemap_priority":"","_sitemap_frequency":"","footnotes":""},"categories":[1],"tags":[],"class_list":["post-5591","post","type-post","status-publish","format-standard","has-post-thumbnail","hentry","category-tous"],"_links":{"self":[{"href":"http:\/\/www.affinite.fr\/index.php\/wp-json\/wp\/v2\/posts\/5591"}],"collection":[{"href":"http:\/\/www.affinite.fr\/index.php\/wp-json\/wp\/v2\/posts"}],"about":[{"href":"http:\/\/www.affinite.fr\/index.php\/wp-json\/wp\/v2\/types\/post"}],"author":[{"embeddable":true,"href":"http:\/\/www.affinite.fr\/index.php\/wp-json\/wp\/v2\/users\/1"}],"replies":[{"embeddable":true,"href":"http:\/\/www.affinite.fr\/index.php\/wp-json\/wp\/v2\/comments?post=5591"}],"version-history":[{"count":0,"href":"http:\/\/www.affinite.fr\/index.php\/wp-json\/wp\/v2\/posts\/5591\/revisions"}],"wp:featuredmedia":[{"embeddable":true,"href":"http:\/\/www.affinite.fr\/index.php\/wp-json\/wp\/v2\/media\/5592"}],"wp:attachment":[{"href":"http:\/\/www.affinite.fr\/index.php\/wp-json\/wp\/v2\/media?parent=5591"}],"wp:term":[{"taxonomy":"category","embeddable":true,"href":"http:\/\/www.affinite.fr\/index.php\/wp-json\/wp\/v2\/categories?post=5591"},{"taxonomy":"post_tag","embeddable":true,"href":"http:\/\/www.affinite.fr\/index.php\/wp-json\/wp\/v2\/tags?post=5591"}],"curies":[{"name":"wp","href":"https:\/\/api.w.org\/{rel}","templated":true}]}}