{"id":5587,"date":"2020-11-30T20:35:57","date_gmt":"2020-11-30T20:35:57","guid":{"rendered":"https:\/\/www.affinite.fr\/index.php\/2020\/11\/30\/buche-surprise-au-caramel-chefnini\/"},"modified":"2020-11-30T20:35:57","modified_gmt":"2020-11-30T20:35:57","slug":"buche-surprise-au-caramel-chefnini","status":"publish","type":"post","link":"http:\/\/www.affinite.fr\/index.php\/2020\/11\/30\/buche-surprise-au-caramel-chefnini\/","title":{"rendered":"B\u00fbche \u00ab\u00a0surprise\u00a0\u00bb au caramel &#8211; chefNini"},"content":{"rendered":"<p> [ad_1]<br \/>\n<\/p>\n<div>\n<p><img itemprop=\"image\" class=\"aligncenter size-full wp-image-39287\" data-src=\"https:\/\/static.chefnini.com\/wp-content\/uploads\/2020\/11\/buche-caramel-crepe-pomme.jpg\" alt=\"\" width=\"500\" height=\"750\" srcset=\"https:\/\/static.chefnini.com\/wp-content\/uploads\/2020\/11\/buche-caramel-crepe-pomme.jpg 500w, https:\/\/static.chefnini.com\/wp-content\/uploads\/2020\/11\/buche-caramel-crepe-pomme-200x300.jpg 200w\" sizes=\"(max-width: 500px) 100vw, 500px\"\/><\/p>\n<p itemprop=\"description\">Chaque ann\u00e9e, je me mets toujours un petit peu la pression pour r\u00e9ussir \u00e0 vous proposer au moins une recette de b\u00fbche. Je pourrais m\u2019en occuper en avance \u00e0 un moment de l\u2019ann\u00e9e o\u00f9 j\u2019ai un peu plus de temps, mais je n\u2019arrive pas \u00e0 me mettre dans le <em>mood\u00a0<\/em> des f\u00eates de fin d\u2019ann\u00e9e tant qu\u2019on n\u2019a pas pass\u00e9 le mois d\u2019octobre. Cette ann\u00e9e, j\u2019ai d\u00fb me mettre dedans d\u00e8s mon retour de vacances en septembre. Une transition \u00e9t\u00e9-&gt;No\u00ebl un peu brutale ! ?<\/p>\n<p>Alors voici ma b\u00fbche 2020, une b\u00fbche \u00e0 la mousse de caramel avec une cr\u00eape garnie de pommes et sauce caramel cach\u00e9e dans la mousse. Un visuel qui fait son effet et qui est tr\u00e8s facile \u00e0 faire.<\/p>\n<p>Puisque cette recette n\u00e9cessite une cong\u00e9lation pour le d\u00e9moulage, vous pouvez la pr\u00e9parer \u00e0 l\u2019avance et la laisser au cong\u00e9lateur.<\/p>\n<p>Et puisque je parle de No\u00ebl, je voulais partager avec vous mes deux derniers livres que j\u2019ai publi\u00e9s avec Les Editions365.<\/p>\n<p><img itemprop=\"image\" class=\"aligncenter size-full wp-image-39391\" data-src=\"https:\/\/static.chefnini.com\/wp-content\/uploads\/2020\/11\/concours-copie.jpg\" alt=\"\" width=\"730\" height=\"730\" srcset=\"https:\/\/static.chefnini.com\/wp-content\/uploads\/2020\/11\/concours-copie.jpg 730w, https:\/\/static.chefnini.com\/wp-content\/uploads\/2020\/11\/concours-copie-300x300.jpg 300w, https:\/\/static.chefnini.com\/wp-content\/uploads\/2020\/11\/concours-copie-150x150.jpg 150w, https:\/\/static.chefnini.com\/wp-content\/uploads\/2020\/11\/concours-copie-100x100.jpg 100w\" sizes=\"(max-width: 730px) 100vw, 730px\"\/><\/p>\n<p>? Tout d\u2019abord, un <a href=\"https:\/\/amzn.to\/3leqyek\">nouvel almaniak cuisine pour l\u2019ann\u00e9e 2021<\/a>. Je sais qu\u2019il plait beaucoup \u00e0 chaque fois. Que ce soit pour l\u2019avoir avec soi dans la cuisine ou pour offrir (c\u2019est une bonne id\u00e9e de <a href=\"http:\/\/www.affinite.fr\/index.php\/2024\/12\/08\/chere-maman-et-si-ce-noel-vous-offriez-a-votre-ado-un-avenir-%f0%9f%8e%84%e2%9c%a8\/\">cadeau<\/a> lorsqu\u2019on est invit\u00e9, \u00e7a change des fleurs et de la bouteille de vin ! ?).<\/p>\n<p>Si vous ne connaissez pas encore les almaniaks de cuisine, c\u2019est un calendrier o\u00f9 jour apr\u00e8s jour vous d\u00e9couvrez une nouvelle recette.<\/p>\n<p>\u2139 Pour info, les recettes de l\u2019almaniak sont issues de mon blog. Ceux qui poss\u00e8dent mes pr\u00e9c\u00e9dents almaniaks n\u2019y retrouveront pas les m\u00eames recettes, le contenu est renouvel\u00e9.<\/p>\n<p>? J\u2019ai collabor\u00e9 avec une autre auteure sur un <a href=\"https:\/\/amzn.to\/33pst9Z\">m\u00e9moniak \u00ab\u00a0On fait quoi pour tous les d\u00eeners de la semaines\u00a0?\u00a0\u00bb<\/a>.<\/p>\n<p>Il s\u2019agit d\u2019un <a href=\"http:\/\/www.affinite.fr\/index.php\/2023\/08\/24\/lart-de-la-glace-transforme-en-business-la-vision-unique-de-fabien-gris\/\">livre<\/a> sur le batchcooking. Ca a \u00e9t\u00e9 un sacr\u00e9 travail car il a fallu d\u00e9cortiquer mes recettes et les adapter pour pouvoir les pr\u00e9parer en mode batchcooking.<\/p>\n<p>Chaque semaine, vous avez un menu complet, la liste des ingr\u00e9dients d\u00e9tachables, les \u00e9tapes pour la journ\u00e9e batchcooking et ce qu\u2019il vous restera \u00e0 faire chaque soir. Je me suis occup\u00e9e des recettes d\u2019hiver et d\u2019\u00e9t\u00e9.<\/p>\n<p>?Si \u00e7a vous int\u00e9resse, je fais gagner ces 2 livres sur mon <a href=\"https:\/\/www.instagram.com\/chefnini_blog\/\">compte Instagram<\/a>.<\/p>\n<p>Je vous ai mis en liens les fiches Amazon mais pensez aux petits libraires si vous souhaitez vous les procurer !<\/p>\n<p><img itemprop=\"image\" class=\"aligncenter size-full wp-image-39291\" data-src=\"https:\/\/static.chefnini.com\/wp-content\/uploads\/2020\/11\/buche-caramel-crepe-pomme5.jpg\" alt=\"\" width=\"730\" height=\"487\" srcset=\"https:\/\/static.chefnini.com\/wp-content\/uploads\/2020\/11\/buche-caramel-crepe-pomme5.jpg 730w, https:\/\/static.chefnini.com\/wp-content\/uploads\/2020\/11\/buche-caramel-crepe-pomme5-300x200.jpg 300w, https:\/\/static.chefnini.com\/wp-content\/uploads\/2020\/11\/buche-caramel-crepe-pomme5-450x300.jpg 450w\" sizes=\"(max-width: 730px) 100vw, 730px\"\/><img itemprop=\"image\" class=\"aligncenter size-full wp-image-39289\" data-src=\"https:\/\/static.chefnini.com\/wp-content\/uploads\/2020\/11\/buche-caramel-crepe-pomme3.jpg\" alt=\"\" width=\"500\" height=\"750\" srcset=\"https:\/\/static.chefnini.com\/wp-content\/uploads\/2020\/11\/buche-caramel-crepe-pomme3.jpg 500w, https:\/\/static.chefnini.com\/wp-content\/uploads\/2020\/11\/buche-caramel-crepe-pomme3-200x300.jpg 200w\" sizes=\"(max-width: 500px) 100vw, 500px\"\/><\/p>\n<h3 itemprop=\"recipeYield\">Pour 6 personnes :<\/h3>\n<h3>La mousse caramel :<\/h3>\n<ul>\n<li itemprop=\"ingredients\">100 g de sucre en poudre<\/li>\n<li itemprop=\"ingredients\">75 g de beurre<\/li>\n<li itemprop=\"ingredients\">10 cl de cr\u00e8me liquide<\/li>\n<li itemprop=\"ingredients\">30 cl de cr\u00e8me fleurette enti\u00e8re bien froide<\/li>\n<li itemprop=\"ingredients\">3 jaunes d\u2019\u0153uf<\/li>\n<li itemprop=\"ingredients\">4g de feuilles de g\u00e9latine<\/li>\n<\/ul>\n<h3>Le roul\u00e9 de cr\u00eapes :<\/h3>\n<ul>\n<li itemprop=\"ingredients\">2 cr\u00eapes<\/li>\n<li itemprop=\"ingredients\">1 pot de sauce caramel<\/li>\n<li itemprop=\"ingredients\">1 petite pomme<\/li>\n<\/ul>\n<h3>Le topping :<\/h3>\n<ul>\n<li itemprop=\"ingredients\">Des p\u00e9pites de caramel<\/li>\n<li itemprop=\"ingredients\">Quelques cr\u00eapes Gavotte<\/li>\n<\/ul>\n<div itemprop=\"recipeInstructions\">\n<p><img itemprop=\"image\" class=\"aligncenter size-full wp-image-39292\" data-src=\"https:\/\/static.chefnini.com\/wp-content\/uploads\/2020\/11\/buche-caramel-crepe-pomme6.jpg\" alt=\"\" width=\"500\" height=\"750\" srcset=\"https:\/\/static.chefnini.com\/wp-content\/uploads\/2020\/11\/buche-caramel-crepe-pomme6.jpg 500w, https:\/\/static.chefnini.com\/wp-content\/uploads\/2020\/11\/buche-caramel-crepe-pomme6-200x300.jpg 200w\" sizes=\"(max-width: 500px) 100vw, 500px\"\/><\/p>\n<h3>La mousse caramel<\/h3>\n<p>1- Commencez par le caramel : Faites fondre le sucre dans une casserole sur feu doux. Tout en surveillant le sucre, coupez le beurre en d\u00e9s et faites chauffer 10 cl de cr\u00e8me liquide.<\/p>\n<p>2- Plongez la g\u00e9latine dans un bol d\u2019eau froide.<\/p>\n<p>3- Lorsque le caramel est pr\u00eat, ajoutez le beurre petit \u00e0 petit ou en fouettant puis ajoutez la cr\u00e8me liquide. Remettez sur feu moyen si n\u00e9cessaire en cas de morceaux de caramel non fondu.<\/p>\n<p>4- Laissez ti\u00e9dir 20 minutes le caramel avant d\u2019ajouter les jaunes d\u2019oeuf au fouet, ainsi que la g\u00e9latine essor\u00e9e.<\/p>\n<p>5- Pr\u00e9parez la chantilly : Fouettez au batteur 30 cl de cr\u00e8me fleurette. Incorporez le caramel ti\u00e8de dans la chantilly et m\u00e9langez d\u00e9licatement \u00e0 la maryse.<\/p>\n<h3>Le roul\u00e9 de cr\u00eapes<\/h3>\n<p>1- Placez une cr\u00eape \u00e0 plat et \u00e9talez de la cr\u00e8me caramel.<\/p>\n<p>2- Recouvrez de la seconde cr\u00eape et remettez de la cr\u00e8me caramel.<\/p>\n<p>3- Epluchez la pomme, retirez le trognon et coupez la chair en petits d\u00e9s. R\u00e9partissez-les sur la cr\u00eape.<\/p>\n<p>4- Roulez l\u2019ensemble en serrant bien puis parez au couteau de chaque c\u00f4t\u00e9 pour obtenir un rouleau net.<\/p>\n<p><img itemprop=\"image\" class=\"aligncenter size-full wp-image-39293\" data-src=\"https:\/\/static.chefnini.com\/wp-content\/uploads\/2020\/11\/buche-caramel-crepe-pomme-etape.jpg\" alt=\"\" width=\"500\" height=\"750\" srcset=\"https:\/\/static.chefnini.com\/wp-content\/uploads\/2020\/11\/buche-caramel-crepe-pomme-etape.jpg 500w, https:\/\/static.chefnini.com\/wp-content\/uploads\/2020\/11\/buche-caramel-crepe-pomme-etape-200x300.jpg 200w\" sizes=\"(max-width: 500px) 100vw, 500px\"\/><\/p>\n<h3>Le montage<\/h3>\n<p>1- Versez dans votre moule \u00e0 b\u00fbche la mousse au caramel.<\/p>\n<p>2- Placez le roul\u00e9 de cr\u00eapes au centre et enfoncez d\u00e9licatement avec les doigts.<\/p>\n<p><img itemprop=\"image\" class=\"aligncenter size-full wp-image-39294\" data-src=\"https:\/\/static.chefnini.com\/wp-content\/uploads\/2020\/11\/buche-caramel-crepe-pomme-etape2.jpg\" alt=\"\" width=\"730\" height=\"548\" srcset=\"https:\/\/static.chefnini.com\/wp-content\/uploads\/2020\/11\/buche-caramel-crepe-pomme-etape2.jpg 730w, https:\/\/static.chefnini.com\/wp-content\/uploads\/2020\/11\/buche-caramel-crepe-pomme-etape2-300x225.jpg 300w, https:\/\/static.chefnini.com\/wp-content\/uploads\/2020\/11\/buche-caramel-crepe-pomme-etape2-86x64.jpg 86w\" sizes=\"(max-width: 730px) 100vw, 730px\"\/><\/p>\n<p>3- Avec la mousse qui a remont\u00e9 de chaque c\u00f4t\u00e9, recouvrez les cr\u00eapes. Lissez avec une spatule.<\/p>\n<p><img itemprop=\"image\" class=\"aligncenter size-full wp-image-39295\" data-src=\"https:\/\/static.chefnini.com\/wp-content\/uploads\/2020\/11\/buche-caramel-crepe-pomme-etape3.jpg\" alt=\"\" width=\"500\" height=\"750\" srcset=\"https:\/\/static.chefnini.com\/wp-content\/uploads\/2020\/11\/buche-caramel-crepe-pomme-etape3.jpg 500w, https:\/\/static.chefnini.com\/wp-content\/uploads\/2020\/11\/buche-caramel-crepe-pomme-etape3-200x300.jpg 200w\" sizes=\"(max-width: 500px) 100vw, 500px\"\/><\/p>\n<p>4- Placez au cong\u00e9lateur pour 4 heures (au minimum, la b\u00fbche peut rester congel\u00e9e jusqu\u2019au jour J).<\/p>\n<p>5- Lorsque la b\u00fbche est prise, d\u00e9moulez sur le plat de service et placez au frais pour laisser d\u00e9congeler. Comptez 5-6 heures.<\/p>\n<p>6- Au moment de servir (pas avant), ajoutez des p\u00e9pites de caramel et des cr\u00eapes gavottes concass\u00e9es.<\/p>\n<p><img itemprop=\"image\" class=\"aligncenter size-full wp-image-39288\" data-src=\"https:\/\/static.chefnini.com\/wp-content\/uploads\/2020\/11\/buche-caramel-crepe-pomme2.jpg\" alt=\"\" width=\"500\" height=\"750\" srcset=\"https:\/\/static.chefnini.com\/wp-content\/uploads\/2020\/11\/buche-caramel-crepe-pomme2.jpg 500w, https:\/\/static.chefnini.com\/wp-content\/uploads\/2020\/11\/buche-caramel-crepe-pomme2-200x300.jpg 200w\" sizes=\"(max-width: 500px) 100vw, 500px\"\/><\/p>\n<\/div>\n<p> <!-- recipeInstructions --> \t\t\t\t\t\t\t\t\t<\/div>\n<p><script async defer src=\"https:\/\/platform.instagram.com\/en_US\/embeds.js\"><\/script><br \/>\n<br \/>[ad_2]<br \/>\n<br \/><a href=\"https:\/\/www.chefnini.com\/buche-surprise-au-caramel\/\">Source link <\/a><\/p>\n","protected":false},"excerpt":{"rendered":"<p>[ad_1] Chaque ann\u00e9e, je me mets toujours un petit peu la pression pour r\u00e9ussir \u00e0 vous proposer au moins une &hellip; <a href=\"http:\/\/www.affinite.fr\/index.php\/2020\/11\/30\/buche-surprise-au-caramel-chefnini\/\" class=\"more-link\">Plus <span class=\"screen-reader-text\">B\u00fbche \u00ab\u00a0surprise\u00a0\u00bb au caramel &#8211; chefNini<\/span> <span class=\"meta-nav\">&rarr;<\/span><\/a><\/p>\n","protected":false},"author":1,"featured_media":5588,"comment_status":"open","ping_status":"open","sticky":false,"template":"","format":"standard","meta":{"_sitemap_exclude":false,"_sitemap_priority":"","_sitemap_frequency":"","footnotes":""},"categories":[1],"tags":[],"class_list":["post-5587","post","type-post","status-publish","format-standard","has-post-thumbnail","hentry","category-tous"],"_links":{"self":[{"href":"http:\/\/www.affinite.fr\/index.php\/wp-json\/wp\/v2\/posts\/5587"}],"collection":[{"href":"http:\/\/www.affinite.fr\/index.php\/wp-json\/wp\/v2\/posts"}],"about":[{"href":"http:\/\/www.affinite.fr\/index.php\/wp-json\/wp\/v2\/types\/post"}],"author":[{"embeddable":true,"href":"http:\/\/www.affinite.fr\/index.php\/wp-json\/wp\/v2\/users\/1"}],"replies":[{"embeddable":true,"href":"http:\/\/www.affinite.fr\/index.php\/wp-json\/wp\/v2\/comments?post=5587"}],"version-history":[{"count":0,"href":"http:\/\/www.affinite.fr\/index.php\/wp-json\/wp\/v2\/posts\/5587\/revisions"}],"wp:featuredmedia":[{"embeddable":true,"href":"http:\/\/www.affinite.fr\/index.php\/wp-json\/wp\/v2\/media\/5588"}],"wp:attachment":[{"href":"http:\/\/www.affinite.fr\/index.php\/wp-json\/wp\/v2\/media?parent=5587"}],"wp:term":[{"taxonomy":"category","embeddable":true,"href":"http:\/\/www.affinite.fr\/index.php\/wp-json\/wp\/v2\/categories?post=5587"},{"taxonomy":"post_tag","embeddable":true,"href":"http:\/\/www.affinite.fr\/index.php\/wp-json\/wp\/v2\/tags?post=5587"}],"curies":[{"name":"wp","href":"https:\/\/api.w.org\/{rel}","templated":true}]}}