{"id":5570,"date":"2020-11-26T18:22:13","date_gmt":"2020-11-26T18:22:13","guid":{"rendered":"https:\/\/www.affinite.fr\/index.php\/2020\/11\/26\/marlene-schiappa-debarque-sur-tik-tok-et-met-mal-a-laise\/"},"modified":"2020-11-26T18:22:13","modified_gmt":"2020-11-26T18:22:13","slug":"marlene-schiappa-debarque-sur-tik-tok-et-met-mal-a-laise","status":"publish","type":"post","link":"http:\/\/www.affinite.fr\/index.php\/2020\/11\/26\/marlene-schiappa-debarque-sur-tik-tok-et-met-mal-a-laise\/","title":{"rendered":"Marl\u00e8ne Schiappa d\u00e9barque sur Tik Tok&#8230; et met mal \u00e0 l&rsquo;aise"},"content":{"rendered":"<p> [ad_1]<br \/>\n<br \/><img decoding=\"async\" src=\"https:\/\/img-3.journaldesfemmes.fr\/nhhEU5xrU1gyLcM1EV9z7-ed2cc=\/1280x\/smart\/67ad1845021242d28283934700f25f7f\/ccmcms-jdf\/20376523.jpg\" \/><\/p>\n<p>\n                Chaud devant, Marl\u00e8ne Schiappa d\u00e9barque sur Tik Tok\u00a0! La ministre d\u00e9l\u00e9gu\u00e9e charg\u00e9e de la Citoyennet\u00e9 a publi\u00e9 une vid\u00e9o sur le r\u00e9seau social en vogue, mais a fait un flop&#8230;            <\/p>\n<div>\n<p>La d\u00e9ferlante<strong> Tik Tok <\/strong>a aussi emport\u00e9 <strong>Marl\u00e8ne Schiappa<\/strong>. La <a href=\"https:\/\/www.journaldesfemmes.fr\/people\/magazine\/2613595-iris-mittenaere-malade-chirac-madonna\/2615011-marlene-schiappa\">ministre d\u00e9l\u00e9gu\u00e9e charg\u00e9e de la Citoyennet\u00e9<\/a> a fait une arriv\u00e9e remarqu\u00e9e sur le r\u00e9seau social favori du moment, avec une vid\u00e9o que certains utilisateurs ont trouv\u00e9&#8230; un brin\u00a0g\u00eanante. Dans ce <strong>clip aussi court que surprenant<\/strong>,\u00a0<a href=\"https:\/\/www.journaldesfemmes.fr\/people\/magazine\/2610929-francis-huster-viole-a-11-ans-la-mere-de-celine-dion-pas-pres-d-etre-enterree\/2613063-marlene-schiappa\">l&rsquo;ancienne adjointe au maire du Mans<\/a> est apparue souriante, face cam\u00e9ra, et a d\u00e9clar\u00e9 : \u00ab\u00a0<em><strong>Salut jeune entrepreneur,<\/strong> je m&rsquo;appelle Marl\u00e8ne Schiappa et j&rsquo;arrive sur Tik Tok<\/em>\u00ab\u00a0. En fond, l&rsquo;on pouvait entendre le morceau\u00a0de Beyonc\u00e9,\u00a0<em>Run The World (Girls),\u00a0<\/em>qui c\u00e9l\u00e8bre la puissance des femmes.\u00a0<\/p>\n<p>Les internautes, qui sont rest\u00e9s pantois,\u00a0ont imm\u00e9diatement remarqu\u00e9 que la phrase \u00ab\u00a0<em>Salut, jeune entrepreneur<\/em>\u00a0\u00bb \u00e9tait une r\u00e9f\u00e9rence aux vid\u00e9os de <strong>l&rsquo;influenceur Jean-Pierre Fanguin,<\/strong> qui proposait aux internautes de les aider \u00e0 se faire de l&rsquo;argent.\u00a0<\/p>\n<h2>Marl\u00e8ne Schiappa, moqu\u00e9e sur Tik Tok<\/h2>\n<p>Une d\u00e9marche de <a href=\"https:\/\/www.journaldesfemmes.fr\/societe\/marlene-schiappa\/\" title=\"Secr\u00e9taire d'Etat \u00e0 l'\u00e9galit\u00e9 femmes-hommes\">Marl\u00e8ne Schiappa<\/a> qui a \u00e9t\u00e9 largement<strong> tacl\u00e9e par les\u00a0internautes<\/strong>. Sur Twitter, l&rsquo;un d&rsquo;entre eux a m\u00eame comment\u00e9 :\u00a0\u00ab\u00a0<em>Comment para\u00eetre<strong> ringarde aupr\u00e8s de la jeunesse<\/strong> et d\u00e9truire ton <a href=\"http:\/\/www.affinite.fr\/index.php\/2024\/12\/08\/chere-maman-et-si-ce-noel-vous-offriez-a-votre-ado-un-avenir-%f0%9f%8e%84%e2%9c%a8\/\">avenir<\/a> en politique\u00a0? Marlene Schiappa propose un tuto : &#8211; Aller sur un r\u00e9seau destin\u00e9 aux jeunes et y faire une blague de vieille, avec 6\u00a0mois de retard<\/em>\u00ab\u00a0.\u00a0<\/p>\n<div class=\"ccminsert\">\n<blockquote class=\"twitter-tweet\">\n<p dir=\"ltr\" lang=\"fr\">Comment para\u00eetre ringarde aupr\u00e8s de la jeunesse et d\u00e9truire ton avenir en politique ?<a href=\"https:\/\/twitter.com\/MarleneSchiappa?ref_src=twsrc%5Etfw\">@MarleneSchiappa<\/a> propose un tuto<\/p>\n<p>&#8211; Aller sur un r\u00e9seau destin\u00e9 aux jeunes et y faire une blague de vieille, avec 6 mois de retard <a href=\"https:\/\/t.co\/Jr3cMcDHif\">https:\/\/t.co\/Jr3cMcDHif<\/a><\/p>\n<p>\u2014 More Beny (@Morebeny) <a href=\"https:\/\/twitter.com\/Morebeny\/status\/1331619988654882817?ref_src=twsrc%5Etfw\">November 25, 2020<\/a><\/p><\/blockquote>\n<\/div>\n<p>Sur Tik Tok, les commentaires n&rsquo;\u00e9taient pas plus \u00e9logieux.\u00a0\u00ab\u00a0<em>Je vais chercher le pop-corn, \u00e7a promet de la b\u00eatise humaine<\/em>\u00ab\u00a0, \u00ab\u00a0<em>On a touch\u00e9 le fond<\/em>\u00ab\u00a0, ou encore \u00ab\u00a0<em>Et dire qu&rsquo;on passait un bon moment sur Tik Tok<\/em>\u00ab\u00a0, lit-on en commentaires.<\/p>\n<p><strong>L&rsquo;animateur Jeremstar<\/strong> a, lui, plaisant\u00e9 : \u00ab\u00a0<em>H\u00e2te de voir vos challenges chor\u00e9graphies<\/em>\u00ab\u00a0.\u00a0<\/p>\n<aside id=\"NL_2145421192\" class=\"newsletter_subscription jNlBlock\"><noscript><br \/>\n            <\/noscript><\/p>\n<h3 class=\"newsletter_subscription-title\">Newsletter <\/h3>\n<p><a href=\"\/\/mailing.ccmbg.com\/archive\/last-85\" target=\"_blank\" class=\"a_hover\" rel=\"noopener noreferrer\">Voir un exemple<\/a><\/p>\n<\/aside>\n<p>Il s&rsquo;agit pour l&rsquo;instant de <strong>la seule vid\u00e9o<\/strong> post\u00e9e par la\u00a0ministre d\u00e9l\u00e9gu\u00e9e charg\u00e9e de la Citoyennet\u00e9. D&rsquo;autres clips suivront-ils ? Rien n&rsquo;est moins s\u00fbr&#8230;<\/p>\n<\/p><\/div>\n<p><script async src=\"http:\/\/platform.twitter.com\/widgets.js\" charset=\"utf-8\"><\/script><br \/>\n<br \/>[ad_2]<br \/>\n<br \/><a href=\"https:\/\/www.journaldesfemmes.fr\/people\/magazine\/2678639-marlene-schiappa-tiktok-video-reseau-social\/\">Source link <\/a><\/p>\n","protected":false},"excerpt":{"rendered":"<p>[ad_1] Chaud devant, Marl\u00e8ne Schiappa d\u00e9barque sur Tik Tok\u00a0! La ministre d\u00e9l\u00e9gu\u00e9e charg\u00e9e de la Citoyennet\u00e9 a publi\u00e9 une vid\u00e9o &hellip; <a href=\"http:\/\/www.affinite.fr\/index.php\/2020\/11\/26\/marlene-schiappa-debarque-sur-tik-tok-et-met-mal-a-laise\/\" class=\"more-link\">Plus <span class=\"screen-reader-text\">Marl\u00e8ne Schiappa d\u00e9barque sur Tik Tok&#8230; et met mal \u00e0 l&rsquo;aise<\/span> <span class=\"meta-nav\">&rarr;<\/span><\/a><\/p>\n","protected":false},"author":1,"featured_media":5571,"comment_status":"open","ping_status":"open","sticky":false,"template":"","format":"standard","meta":{"_sitemap_exclude":false,"_sitemap_priority":"","_sitemap_frequency":"","footnotes":""},"categories":[1],"tags":[],"class_list":["post-5570","post","type-post","status-publish","format-standard","has-post-thumbnail","hentry","category-tous"],"_links":{"self":[{"href":"http:\/\/www.affinite.fr\/index.php\/wp-json\/wp\/v2\/posts\/5570"}],"collection":[{"href":"http:\/\/www.affinite.fr\/index.php\/wp-json\/wp\/v2\/posts"}],"about":[{"href":"http:\/\/www.affinite.fr\/index.php\/wp-json\/wp\/v2\/types\/post"}],"author":[{"embeddable":true,"href":"http:\/\/www.affinite.fr\/index.php\/wp-json\/wp\/v2\/users\/1"}],"replies":[{"embeddable":true,"href":"http:\/\/www.affinite.fr\/index.php\/wp-json\/wp\/v2\/comments?post=5570"}],"version-history":[{"count":0,"href":"http:\/\/www.affinite.fr\/index.php\/wp-json\/wp\/v2\/posts\/5570\/revisions"}],"wp:featuredmedia":[{"embeddable":true,"href":"http:\/\/www.affinite.fr\/index.php\/wp-json\/wp\/v2\/media\/5571"}],"wp:attachment":[{"href":"http:\/\/www.affinite.fr\/index.php\/wp-json\/wp\/v2\/media?parent=5570"}],"wp:term":[{"taxonomy":"category","embeddable":true,"href":"http:\/\/www.affinite.fr\/index.php\/wp-json\/wp\/v2\/categories?post=5570"},{"taxonomy":"post_tag","embeddable":true,"href":"http:\/\/www.affinite.fr\/index.php\/wp-json\/wp\/v2\/tags?post=5570"}],"curies":[{"name":"wp","href":"https:\/\/api.w.org\/{rel}","templated":true}]}}