{"id":5568,"date":"2020-11-25T18:20:55","date_gmt":"2020-11-25T18:20:55","guid":{"rendered":"https:\/\/www.affinite.fr\/index.php\/2020\/11\/25\/reouverture-le-20-janvier-annonces-de-macron\/"},"modified":"2020-11-25T18:20:55","modified_gmt":"2020-11-25T18:20:55","slug":"reouverture-le-20-janvier-annonces-de-macron","status":"publish","type":"post","link":"http:\/\/www.affinite.fr\/index.php\/2020\/11\/25\/reouverture-le-20-janvier-annonces-de-macron\/","title":{"rendered":"r\u00e9ouverture le 20\u00a0janvier, annonces de Macron"},"content":{"rendered":"<p> [ad_1]<br \/>\n<br \/><img decoding=\"async\" src=\"https:\/\/img-3.journaldesfemmes.fr\/5gDtZAG7T3W8VEx3--P4yeKGZJw=\/1280x\/smart\/ad81a6f555da430f854ec16fb1784708\/ccmcms-jdf\/20353319.jpg\" \/><\/p>\n<p>\n                En cette p\u00e9riode de Covid-19, tous les restaurants ont ferm\u00e9 leurs portes. Ils ne pourront esp\u00e9rer rouvrir qu&rsquo;\u00e0 partir du 20\u00a0janvier, a pr\u00e9venu Emmanuel Macron, mais sont n\u00e9anmoins autoris\u00e9s \u00e0 faire de la vente \u00e0 emporter et de la livraison. Quelles sont les r\u00e8gles sanitaires quand on vient chercher sa commande\u00a0?            <\/p>\n<div>\n<p><strong>[Mis \u00e0 jour le mercredi 25 novembre \u00e0 18h07] <\/strong>A partir du\u00a0<strong>20 janvier 2021 <\/strong>et\u00a0si le nombre de contaminations demeure\u00a0en dessous des 5\u00a0000\u00a0cas par jour, <strong>les\u00a0restaurants\u00a0pourront esp\u00e9rer rouvrir<\/strong>, a annonc\u00e9 Emmanuel Macron lors de <a href=\"https:\/\/www.elysee.fr\/emmanuel-macron\/2020\/11\/24\/adresse-aux-francais-24-novembre\" target=\"_blank\" rel=\"noopener noreferrer\">son allocution du mardi 24 novembre<\/a> depuis l&rsquo;Elys\u00e9e.\u00a0En attendant leur r\u00e9ouverture, les restaurants sont autoris\u00e9s \u00e0 organiser <strong>une activit\u00e9 \u00ab\u00a0de livraison et de retrait\u00a0de commande\u00a0\u00bb.<\/strong>\u00a0Pendant leurs heures d&rsquo;ouverture, les restaurants doivent toutefois respecter <strong>un\u00a0protocole sanitaire renforc\u00e9<\/strong> et ne pas accueillir les clients pour un service sur place.\u00a0Attention, \u00e0 partir du 15 d\u00e9cembre, si les objectifs sont atteints, le confinement sera remplac\u00e9 par un couvre-feu de 21h \u00e0 7h\u00a0instaur\u00e9 sur l&rsquo;ensemble du territoire \u00e0 l&rsquo;exception des 24 et 31 d\u00e9cembre.\u00a0<\/p>\n<blockquote>\n<p style=\"text-align: right;\">Les restaurants peuvent esp\u00e9rer rouvrir leurs portes\u00a0l<strong>e 20\u00a0janvier 2021<\/strong>\u00a0si les objectifs sanitaires sont atteints.\u00a0<\/p>\n<\/blockquote>\n<h2>Fermeture des restaurants jusqu&rsquo;\u00e0 quand ?<\/h2>\n<p>Pour le moment, les restaurants sont ferm\u00e9s. Les restaurants peuvent esp\u00e9rer rouvrir leurs portes\u00a0l<strong>e 20 janvier 2021<\/strong> seulement si le nombre de contaminations demeure en dessous des 5 000 cas par jour, a pr\u00e9venu Emmanuel Macron le 24 novembre.\u00a0\u00ab\u00a0<em>Les restaurants, les bars, les salles de sport, les discoth\u00e8ques, tous les \u00e9tablissements qui resteront ferm\u00e9s administrativement, se verront verser quelle que soit leur taille, <strong>20% de leur chiffre d&rsquo;affaires <\/strong>de l&rsquo;ann\u00e9e 2019\u00a0si cette option est pr\u00e9f\u00e9rable pour eux aux<strong> 10\u00a0000\u00a0euros du fonds de solidarit\u00e9<\/strong><\/em>\u00ab\u00a0, a-t-il pr\u00e9cis\u00e9.\u00a0\u00ab\u00a0<em>Nous ferons un point tous les 15\u00a0jours pour savoir si nous pouvons prendre des mesures d&rsquo;ouverture ou au contraire revenir en arri\u00e8re pour pr\u00e9venir l&#8217;emballement de la propagation du virus et un troisi\u00e8me confinement.<\/em>\u00ab\u00a0, a tenu \u00e0 pr\u00e9ciser le chef de l&rsquo;Etat.<\/p>\n<h2>La vente \u00e0 emporter et la livraison sont-elles\u00a0autoris\u00e9es ?<\/h2>\n<p><strong>Oui. <\/strong>Les restaurants peuvent\u00a0assurer <strong>la livraison de repas \u00e0 emporter<\/strong> ou<strong> en livraison \u00e0 domicile<\/strong>. \u00ab\u00a0<em>Ils sont donc autoris\u00e9s \u00e0 ouvrir pour pr\u00e9parer les commandes et assurer le retrait des commandes par les clients<\/em>\u00ab\u00a0, a pr\u00e9cis\u00e9 le Premier ministre Jean Castex lors de sa\u00a0conf\u00e9rence de presse le jeudi 29 octobre. Les restaurants ne sont pas autoris\u00e9s \u00e0 faire un service \u00e0 table en revanche.\u00a0<\/p>\n<h2>Faut-il une attestation pour venir chercher sa commande ?<\/h2>\n<p><strong>Oui.<\/strong> Il faut t\u00e9l\u00e9charger et remplir une attestation de d\u00e9placement d\u00e9rogatoire pour sortir de son domicile. Elle est disponible sur le <a href=\"https:\/\/www.interieur.gouv.fr\/Actualites\/L-actu-du-Ministere\/Attestations-de-deplacement\" target=\"_blank\" rel=\"noopener noreferrer\">site du Minist\u00e8re de l&rsquo;Int\u00e9rieur<\/a>\u00a0ou sur l&rsquo;application Tous Anti-Covid. Il faut cocher comme motif \u00ab\u00a0D\u00e9placements pour effectuer des achats de fournitures n\u00e9cessaires \u00e0 l&rsquo;activit\u00e9 professionnelle, <strong>des achats de premi\u00e8re n\u00e9cessit\u00e9<\/strong> dans des \u00e9tablissements dont les activit\u00e9s demeurent autoris\u00e9es, le retrait de commande et les livraisons \u00e0 domicile\u00a0\u00bb.\u00a0A savoir qu&rsquo;\u00e0\u00a0partir du samedi 28 novembre, les d\u00e9placements seront d\u00e9sormais permis dans <strong>un rayon de 20\u00a0kilom\u00e8tres et pour trois heures<\/strong>.<\/p>\n<h2>Quelles sont les r\u00e8gles sanitaires dans les restaurants ?<\/h2>\n<p>\u25ba <strong>Distanciation physique :<\/strong> les clients qui viennent chercher leur commande ou r\u00e9cup\u00e9rer leurs plats \u00e0 emporter doivent respecter la distanciation physique d&rsquo;un m\u00e8tre minimum.\u00a0<\/p>\n<p>\u25ba <strong>Capacit\u00e9 d&rsquo;accueil maximale :<\/strong> les restaurateurs doit d\u00e9finir une capacit\u00e9 d&rsquo;accueil maximale qui doit clairement \u00eatre affich\u00e9e \u00e0 l&rsquo;entr\u00e9e de l&rsquo;\u00e9tablissement et sur le site web du restaurant, le cas \u00e9ch\u00e9ant. Ils peuvent \u00e9galement faire attendre leurs clients \u00e0 l&rsquo;ext\u00e9rieur du restaurant et les appeler un par un pour qu&rsquo;ils viennent r\u00e9cup\u00e9rer leur commande.\u00a0<\/p>\n<p>\u25ba <strong>Gel hydroalcoolique : <\/strong>un flacon de solution hydroalcoolique doit \u00eatre disponible \u00e0 l&rsquo;entr\u00e9e de chaque \u00e9tablissement.\u00a0<\/p>\n<aside id=\"NL_1073186773\" class=\"newsletter_subscription jNlBlock\"><noscript><br \/>\n            <\/noscript><\/p>\n<h3 class=\"newsletter_subscription-title\">Newsletter <\/h3>\n<p><a href=\"\/\/mailing.ccmbg.com\/archive\/last-85\" target=\"_blank\" class=\"a_hover\" rel=\"noopener noreferrer\">Voir un exemple<\/a><\/p>\n<\/aside>\n<p>\u25ba<strong> Port du masque :<\/strong>\u00a0le masque est obligatoire partout dans le restaurant pour les clients, lorsqu&rsquo;ils attendent leur commande ou qu&rsquo;ils viennent payer.\u00a0Les membres du personnel doivent garder leur masque pendant les horaires d&rsquo;ouverture, en salle et en cuisine.\u00a0Il est interdit de porter toute protection faciale (exemple\u00a0:\u00a0demi-visi\u00e8re) autre que le masque grand public en tissu r\u00e9utilisable r\u00e9pondant aux sp\u00e9cifications de l&rsquo;Afnor (de cat\u00e9gorie 1). Le port d&rsquo;un masque \u00e0 usage m\u00e9dical norm\u00e9 est possible. Le masque doit obligatoirement couvrir le nez, la bouche et le menton.<\/p>\n<\/p><\/div>\n<p>[ad_2]<br \/>\n<br \/><a href=\"https:\/\/sante.journaldesfemmes.fr\/maladies\/2664459-restaurant-covid-19-protocole-mesures-sanitaires-reouverture-date-annonce-macron-20-janvier\/\">Source link <\/a><\/p>\n","protected":false},"excerpt":{"rendered":"<p>[ad_1] En cette p\u00e9riode de Covid-19, tous les restaurants ont ferm\u00e9 leurs portes. Ils ne pourront esp\u00e9rer rouvrir qu&rsquo;\u00e0 partir &hellip; <a href=\"http:\/\/www.affinite.fr\/index.php\/2020\/11\/25\/reouverture-le-20-janvier-annonces-de-macron\/\" class=\"more-link\">Plus <span class=\"screen-reader-text\">r\u00e9ouverture le 20\u00a0janvier, annonces de Macron<\/span> <span class=\"meta-nav\">&rarr;<\/span><\/a><\/p>\n","protected":false},"author":1,"featured_media":5569,"comment_status":"open","ping_status":"open","sticky":false,"template":"","format":"standard","meta":{"_sitemap_exclude":false,"_sitemap_priority":"","_sitemap_frequency":"","footnotes":""},"categories":[1],"tags":[],"class_list":["post-5568","post","type-post","status-publish","format-standard","has-post-thumbnail","hentry","category-tous"],"_links":{"self":[{"href":"http:\/\/www.affinite.fr\/index.php\/wp-json\/wp\/v2\/posts\/5568"}],"collection":[{"href":"http:\/\/www.affinite.fr\/index.php\/wp-json\/wp\/v2\/posts"}],"about":[{"href":"http:\/\/www.affinite.fr\/index.php\/wp-json\/wp\/v2\/types\/post"}],"author":[{"embeddable":true,"href":"http:\/\/www.affinite.fr\/index.php\/wp-json\/wp\/v2\/users\/1"}],"replies":[{"embeddable":true,"href":"http:\/\/www.affinite.fr\/index.php\/wp-json\/wp\/v2\/comments?post=5568"}],"version-history":[{"count":0,"href":"http:\/\/www.affinite.fr\/index.php\/wp-json\/wp\/v2\/posts\/5568\/revisions"}],"wp:featuredmedia":[{"embeddable":true,"href":"http:\/\/www.affinite.fr\/index.php\/wp-json\/wp\/v2\/media\/5569"}],"wp:attachment":[{"href":"http:\/\/www.affinite.fr\/index.php\/wp-json\/wp\/v2\/media?parent=5568"}],"wp:term":[{"taxonomy":"category","embeddable":true,"href":"http:\/\/www.affinite.fr\/index.php\/wp-json\/wp\/v2\/categories?post=5568"},{"taxonomy":"post_tag","embeddable":true,"href":"http:\/\/www.affinite.fr\/index.php\/wp-json\/wp\/v2\/tags?post=5568"}],"curies":[{"name":"wp","href":"https:\/\/api.w.org\/{rel}","templated":true}]}}