{"id":5566,"date":"2020-11-25T14:04:56","date_gmt":"2020-11-25T14:04:56","guid":{"rendered":"https:\/\/www.affinite.fr\/index.php\/2020\/11\/25\/un-espace-ideal-pour-le-confinement\/"},"modified":"2020-11-25T14:04:56","modified_gmt":"2020-11-25T14:04:56","slug":"un-espace-ideal-pour-le-confinement","status":"publish","type":"post","link":"http:\/\/www.affinite.fr\/index.php\/2020\/11\/25\/un-espace-ideal-pour-le-confinement\/","title":{"rendered":"Un espace id\u00e9al pour le confinement"},"content":{"rendered":"<p> [ad_1]<br \/>\n<br \/><img decoding=\"async\" src=\"https:\/\/maison2.advcdn.net\/images\/medias\/000\/054\/000054714\/200.jpg\" \/><\/p>\n<div itemprop=\"articleBody\">\n<p>\n  <strong>Qu\u2019est-ce que la VitraHaus\u00a0?<\/strong>\n<\/p>\n<p>\n  Situ\u00e9e en Allemagne, <strong>\u00e0 Weil-am-Rhein, \u00e0 proximit\u00e9 du si\u00e8ge social de l\u2019\u00e9diteur iconique Vitra<\/strong> et de son mus\u00e9e, <strong>la VitraHaus a \u00e9t\u00e9 construite par les architectes suisses du cabinet Herzog &amp; de Meuron.<\/strong> Elle abrite la <strong>boutique flagship de Vitra et la Vitra Home Collection.<\/strong> Les grands classiques et r\u00e9\u00e9ditions embl\u00e9matiques de cet \u00e9diteur iconique y sont pr\u00e9sent\u00e9s aux c\u00f4t\u00e9s de cr\u00e9ations r\u00e9centes de designers contemporains. Elle int\u00e8gre un loft de 250 m\u00b2, un show-room sur 4 \u00e9tages, une boutique, le Lounge Chair Atelier et un caf\u00e9. Tout est localis\u00e9 sur le Vitra Campus, h\u00e9las ferm\u00e9 jusqu\u2019\u00e0 la fin du mois de novembre 2020.\n<\/p>\n<p>\n  <strong>Qui sont Charlap Hyman et Andre Herrero\u00a0?<\/strong>\n<\/p>\n<p>\n  Ces <strong>architectes, bas\u00e9s \u00e0 New-York et Los Angeles, proposent une approche globalisation et universelle de l\u2019habitat,<\/strong> car leurs collaborateurs sont issus de milieux et cultures diversifi\u00e9s. Ils s\u2019int\u00e9ressent \u00e0 tous types d\u2019espaces, culturels, r\u00e9sidentiels ou commerciaux. <strong>Pour le loft de la VitraHaus, ils ont fait appel \u00e0 des designers internationaux,<\/strong> pour composer un espace ou m\u00e9langes et tensions stylistiques et graphiques font partie int\u00e9grante du projet, visant \u00e0 r\u00e9aliser une maison de r\u00eaves qui s\u2019adresse \u00e0 tout le monde, mais r\u00e9unit toutes leurs influences et fantasmes de sp\u00e9cialistes de la d\u00e9coration.\n<\/p>\n<p>\n  <strong>Leurs sources d\u2019inspiration pour cet am\u00e9nagement<\/strong>\n<\/p>\n<p>\n  Sur un air de m\u00e9ditation surr\u00e9aliste, <strong>les architectes ont accentu\u00e9 les liens entre l\u2019int\u00e9rieur et l\u2019ext\u00e9rieur par le choix de textures et couleurs.<\/strong> Ils ont puis\u00e9 dans la litt\u00e9rature et le cin\u00e9ma de Huysmans \u00e0 Cocteau en passant par Antonioni, Visconti ou Godard. <strong>Ainsi, les oreillers, en forme de main, de la terrasse et le topiaire garni de conques rappellent la photographie de Dora Maar<\/strong> avec une main sortant d\u2019une coquille. On y retrouve aussi un <strong>tapis de paille en forme de serpent, la Living Tower de Verner Panton<\/strong> qui avait d\u00e9j\u00e0 beaucoup travaill\u00e9 l\u2019espace comme un cocon, dans les ann\u00e9es 1960, avec son concept d\u2019alc\u00f4ves Fantasy Landscape. Mais aussi un \u00e9cran compos\u00e9 de profils g\u00e9ants et le <strong>canap\u00e9 Freeform de Noguchi.<\/strong> A noter bien s\u00fbr, les couleurs bleu et vert, faisant r\u00e9f\u00e9rence au ciel et \u00e0 l\u2019horizon, \u00e0 la nature, la v\u00e9g\u00e9tation et <strong>l\u2019environnement ext\u00e9rieur pour mieux vivre l\u2019obligation de rester \u00e0 l\u2019int\u00e9rieur et profiter de l\u2019impact anti-stress et calmant de ces teintes sur l\u2019esprit.<\/strong> Et vous, qu\u2019avez-vous fait pour am\u00e9liorer votre confort pendant ce second confinement\u00a0?\n<\/p>\n<p>\n  <strong>Contacts\u00a0:<br \/>Charlap Hyman &amp; Herrero\u00a0:<\/strong> <a href=\"http:\/\/www.ch-herrero.com\/\">www.ch-herrero.com<\/a><br \/><strong>Vitra\u00a0:<\/strong> <a href=\"http:\/\/www.vitra.com\/\">www.vitra.com<\/a>\n<\/p>\n<\/p><\/div>\n<p><script async defer crossorigin=\"anonymous\" src=\"https:\/\/connect.facebook.net\/fr_FR\/sdk.js#xfbml=1&#038;version=v6.0&#038;appId=252025098257546&#038;autoLogAppEvents=1\"><\/script><br \/>\n<br \/>[ad_2]<br \/>\n<br \/><a href=\"http:\/\/feedproxy.google.com\/~r\/maison-actus\/~3\/4qBIYA24gLI\/\">Source link <\/a><\/p>\n","protected":false},"excerpt":{"rendered":"<p>[ad_1] Qu\u2019est-ce que la VitraHaus\u00a0? Situ\u00e9e en Allemagne, \u00e0 Weil-am-Rhein, \u00e0 proximit\u00e9 du si\u00e8ge social de l\u2019\u00e9diteur iconique Vitra et &hellip; <a href=\"http:\/\/www.affinite.fr\/index.php\/2020\/11\/25\/un-espace-ideal-pour-le-confinement\/\" class=\"more-link\">Plus <span class=\"screen-reader-text\">Un espace id\u00e9al pour le confinement<\/span> <span class=\"meta-nav\">&rarr;<\/span><\/a><\/p>\n","protected":false},"author":1,"featured_media":5567,"comment_status":"open","ping_status":"open","sticky":false,"template":"","format":"standard","meta":{"_sitemap_exclude":false,"_sitemap_priority":"","_sitemap_frequency":"","footnotes":""},"categories":[1],"tags":[],"class_list":["post-5566","post","type-post","status-publish","format-standard","has-post-thumbnail","hentry","category-tous"],"_links":{"self":[{"href":"http:\/\/www.affinite.fr\/index.php\/wp-json\/wp\/v2\/posts\/5566"}],"collection":[{"href":"http:\/\/www.affinite.fr\/index.php\/wp-json\/wp\/v2\/posts"}],"about":[{"href":"http:\/\/www.affinite.fr\/index.php\/wp-json\/wp\/v2\/types\/post"}],"author":[{"embeddable":true,"href":"http:\/\/www.affinite.fr\/index.php\/wp-json\/wp\/v2\/users\/1"}],"replies":[{"embeddable":true,"href":"http:\/\/www.affinite.fr\/index.php\/wp-json\/wp\/v2\/comments?post=5566"}],"version-history":[{"count":0,"href":"http:\/\/www.affinite.fr\/index.php\/wp-json\/wp\/v2\/posts\/5566\/revisions"}],"wp:featuredmedia":[{"embeddable":true,"href":"http:\/\/www.affinite.fr\/index.php\/wp-json\/wp\/v2\/media\/5567"}],"wp:attachment":[{"href":"http:\/\/www.affinite.fr\/index.php\/wp-json\/wp\/v2\/media?parent=5566"}],"wp:term":[{"taxonomy":"category","embeddable":true,"href":"http:\/\/www.affinite.fr\/index.php\/wp-json\/wp\/v2\/categories?post=5566"},{"taxonomy":"post_tag","embeddable":true,"href":"http:\/\/www.affinite.fr\/index.php\/wp-json\/wp\/v2\/tags?post=5566"}],"curies":[{"name":"wp","href":"https:\/\/api.w.org\/{rel}","templated":true}]}}