{"id":5564,"date":"2020-11-25T13:49:57","date_gmt":"2020-11-25T13:49:57","guid":{"rendered":"https:\/\/www.affinite.fr\/index.php\/2020\/11\/25\/plus-belle-la-vie-la-bande-annonce-du-prime-evasions-news-series-a-la-tv\/"},"modified":"2020-11-25T13:49:57","modified_gmt":"2020-11-25T13:49:57","slug":"plus-belle-la-vie-la-bande-annonce-du-prime-evasions-news-series-a-la-tv","status":"publish","type":"post","link":"http:\/\/www.affinite.fr\/index.php\/2020\/11\/25\/plus-belle-la-vie-la-bande-annonce-du-prime-evasions-news-series-a-la-tv\/","title":{"rendered":"Plus Belle la Vie : la bande-annonce du prime \u00c9vasions &#8211; News S\u00e9ries \u00e0 la TV"},"content":{"rendered":"<p> [ad_1]<br \/>\n<\/p>\n<div id=\"article-container\">\n<p class=\"article-lead\">D\u00e9couvrez le trailer in\u00e9dit du prochain prime de \u00ab\u00a0Plus Belle la Vie\u00a0\u00bb, diffus\u00e9 le le 15 d\u00e9cembre prochain \u00e0 21h05 sur France 3. Au programme : une tentative d&rsquo;\u00e9vasion aux Baumettes qui ne va pas se passer comme pr\u00e9vu&#8230;<\/p>\n<div id=\"article-content\">\n<figure class=\"article-figure article-main-figure\"><img loading=\"lazy\" decoding=\"async\" class=\"article-figure-img\" width=\"640\" height=\"360\" src=\"https:\/\/fr.web.img6.acsta.net\/r_640_360\/newsv7\/20\/11\/25\/10\/43\/1798854.jpg\"\/><\/figure>\n<p>Le 15 d\u00e9cembre prochain, France 3 r\u00e9serve un nouveau prime in\u00e9dit aux t\u00e9l\u00e9spectateurs de <a title=\"Plus belle la vie (France) (Drame,Soap)\" href=\"http:\/\/www.allocine.fr\/series\/ficheserie_gen_cserie=322.html\">Plus Belle la Vie<\/a>. Apr\u00e8s \u00ab\u00a0Sans Retour\u00a0\u00bb, diffus\u00e9 le 24 mars 2020, ce nouvel unitaire, intitul\u00e9 \u00ab\u00a0Evasions\u00a0\u00bb, aura pour cadre la prison des Baumettes de Marseille, o\u00f9 Mouss est injustement incarc\u00e9r\u00e9 suite \u00e0 un coup mont\u00e9 du capitaine Mazelle. Alors que le sort semble s&rsquo;acharner sur le jeune homme parapl\u00e9gique, Mila, Luna et Claire d\u00e9cident de monter un plan d&rsquo;\u00e9vasion pour sauver leur ami des griffes de la justice et du terrible Docteur Livia, qui partage la m\u00eame cellule que lui. Mais le jour de la mise \u00e0 ex\u00e9cution de leur plan, rien ne va se passer comme pr\u00e9vu&#8230;\u00a0<\/p>\n<p><iframe loading=\"lazy\" src=\"https:\/\/embedftv-a.akamaihd.net\/66a4208134ce85de9522178aae62ab48\" width=\"560\" height=\"315\" frameborder=\"0\" allowfullscreen=\"\" scrolling=\"no\"><\/iframe><\/p>\n<p>En marge de cette intrigue carc\u00e9rale, une intrigue secondaire sera centr\u00e9e sur le personnage de Jeanne, la directrice de l&rsquo;h\u00f4pital de Marseille-Est plong\u00e9e dans le coma depuis de longs mois. D\u00e9termin\u00e9s \u00e0 la r\u00e9veiller, Vincent et Anne,\u00a0aid\u00e9 d&rsquo;Estelle et Francesco, vont la conduire dans les Alpes\u00a0o\u00f9 elle a v\u00e9cu des jours heureux afin de tenter de raviver ses souvenirs, et de la tirer enfin de son \u00e9tat.\u00a0\u00a0<\/p>\n<div class=\"js-async-embed\" data-type=\"tw-embed\">\n<blockquote class=\"twitter-tweet\"><p>&#13;<\/p>\n<p dir=\"ltr\" lang=\"fr\">Photos du prochain prime de <span class=\"ACraHRACr0cHM6Ly90d2l0dGVyLmNvbS9oYXNodGFnL1BCTFY\/c3JjPWhhc2gmcmVmX3NyYz10d3NyYyU1RXRmdw==\">#PBLV<\/span> : Jeanne au bord de la falaise, avec le petit Gaby.<br \/>Tournage \u00e0 la ch\u00e8vrerie La pastorale du Regagnas (au dessus de la plaine du Kirbon, Trets). <span class=\"ACraHRACr0cHM6Ly90d2l0dGVyLmNvbS9oYXNodGFnL3ByaW1lP3NyYz1oYXNoJnJlZl9zcmM9dHdzcmMlNUV0Znc=\">#prime<\/span> <span class=\"ACraHRACr0cHM6Ly90d2l0dGVyLmNvbS9oYXNodGFnL3BsdXNiZWxsZWxhdmllP3NyYz1oYXNoJnJlZl9zcmM9dHdzcmMlNUV0Znc=\">#plusbellelavie<\/span> <span class=\"ACraHRACr0cHM6Ly90LmNvL3FjeUVBemV3aWY=\">pic.twitter.com\/qcyEAzewif<\/span><\/p>\n<p>&#13;<br \/>\n\u2014 Plus Belle La Vie 15 ans \u2022 Extraits PBLV (@PBLV15ANS) <span class=\"ACraHRACr0cHM6Ly90d2l0dGVyLmNvbS9QQkxWMTVBTlMvc3RhdHVzLzEzMjA4MjY4ODM0NjcwMjIzMzY\/cmVmX3NyYz10d3NyYyU1RXRmdw==\">October 26, 2020<\/span><\/p><\/blockquote>\n<\/div>\n<p>Au casting, on retrouvera les interpr\u00e8tes r\u00e9guliers du feuilleton et pr\u00e9sents dans les \u00e9pisodes en cours de diffusion :\u00a0<a title=\"Boubacar Kabo (France) (Acteur)\" href=\"http:\/\/www.allocine.fr\/personne\/fichepersonne_gen_cpersonne=886755.html\">Boubacar Kabo<\/a> (Mouss),\u00a0<a title=\"Malika Alaoui (France) (Acteur)\" href=\"http:\/\/www.allocine.fr\/personne\/fichepersonne_gen_cpersonne=233301.html\">Malika Alaoui<\/a> (Mila),\u00a0<a title=\"Annie Gr\u00e9gorio (France) (Acteur)\" href=\"http:\/\/www.allocine.fr\/personne\/fichepersonne_gen_cpersonne=29470.html\">Annie Gr\u00e9gorio<\/a> (Claire),\u00a0<a title=\"Serge Dupire (Qu\u00e9bec) (Acteur)\" href=\"http:\/\/www.allocine.fr\/personne\/fichepersonne_gen_cpersonne=73797.html\">Serge Dupire<\/a> (Vincent),\u00a0<a title=\"St\u00e9phanie Pareja (France) (Acteur)\" href=\"http:\/\/www.allocine.fr\/personne\/fichepersonne_gen_cpersonne=220843.html\">St\u00e9phanie Pareja<\/a> (Jeanne),\u00a0<a title=\"Elodie Varlet (France) (Acteur)\" href=\"http:\/\/www.allocine.fr\/personne\/fichepersonne_gen_cpersonne=193824.html\">Elodie Varlet<\/a> (Estelle), <a title=\"Emanuele Giorgi (Italie) (Acteur)\" href=\"http:\/\/www.allocine.fr\/personne\/fichepersonne_gen_cpersonne=767553.html\">Emanuele Giorgi <\/a>(Francesco), mais aussi <a title=\"Laurent Hennequin (France) (Acteur)\" href=\"http:\/\/www.allocine.fr\/personne\/fichepersonne_gen_cpersonne=138870.html\">Laurent Hennequin<\/a>, qui fera son grand retour dans le r\u00f4le de Pavel. Luna (<a title=\"Anne Decis (France) (Acteur)\" href=\"http:\/\/www.allocine.fr\/personne\/fichepersonne_gen_cpersonne=128163.html\">Anne D\u00e9cis<\/a>) pourra-t-elle \u00e0 nouveau faire face au criminel dont elle \u00e9tait amoureuse, et qui lui a menti sur son identit\u00e9 ?<\/p>\n<p>La diffusion du prime sera suivie en deuxi\u00e8me partie de soir\u00e9e par un documentaire in\u00e9dit, \u00ab\u00a0Les Secrets de Plus Belle la Vie\u00a0\u00bb, centr\u00e9 sur la th\u00e9matique des secrets de famille, de l&rsquo;usurpation d&rsquo;identit\u00e9 ou encore des passions secr\u00e8te, en reliant les intrigues phares des personnages du feuilleton \u00e0 de vrais t\u00e9moignages.<\/p>\n<\/p><\/div>\n<\/p><\/div>\n<p><script async src=\"http:\/\/platform.twitter.com\/widgets.js\" charset=\"utf-8\"><\/script><br \/>\n<br \/>[ad_2]<br \/>\n<br \/><a href=\"http:\/\/rss.allocine.fr\/~r\/ac\/actualites\/~3\/qXPG-znU6M0\/fichearticle_gen_carticle=18694841.html\">Source link <\/a><\/p>\n","protected":false},"excerpt":{"rendered":"<p>[ad_1] D\u00e9couvrez le trailer in\u00e9dit du prochain prime de \u00ab\u00a0Plus Belle la Vie\u00a0\u00bb, diffus\u00e9 le le 15 d\u00e9cembre prochain \u00e0 &hellip; <a href=\"http:\/\/www.affinite.fr\/index.php\/2020\/11\/25\/plus-belle-la-vie-la-bande-annonce-du-prime-evasions-news-series-a-la-tv\/\" class=\"more-link\">Plus <span class=\"screen-reader-text\">Plus Belle la Vie : la bande-annonce du prime \u00c9vasions &#8211; News S\u00e9ries \u00e0 la TV<\/span> <span class=\"meta-nav\">&rarr;<\/span><\/a><\/p>\n","protected":false},"author":1,"featured_media":5565,"comment_status":"open","ping_status":"open","sticky":false,"template":"","format":"standard","meta":{"_sitemap_exclude":false,"_sitemap_priority":"","_sitemap_frequency":"","footnotes":""},"categories":[1],"tags":[],"class_list":["post-5564","post","type-post","status-publish","format-standard","has-post-thumbnail","hentry","category-tous"],"_links":{"self":[{"href":"http:\/\/www.affinite.fr\/index.php\/wp-json\/wp\/v2\/posts\/5564"}],"collection":[{"href":"http:\/\/www.affinite.fr\/index.php\/wp-json\/wp\/v2\/posts"}],"about":[{"href":"http:\/\/www.affinite.fr\/index.php\/wp-json\/wp\/v2\/types\/post"}],"author":[{"embeddable":true,"href":"http:\/\/www.affinite.fr\/index.php\/wp-json\/wp\/v2\/users\/1"}],"replies":[{"embeddable":true,"href":"http:\/\/www.affinite.fr\/index.php\/wp-json\/wp\/v2\/comments?post=5564"}],"version-history":[{"count":0,"href":"http:\/\/www.affinite.fr\/index.php\/wp-json\/wp\/v2\/posts\/5564\/revisions"}],"wp:featuredmedia":[{"embeddable":true,"href":"http:\/\/www.affinite.fr\/index.php\/wp-json\/wp\/v2\/media\/5565"}],"wp:attachment":[{"href":"http:\/\/www.affinite.fr\/index.php\/wp-json\/wp\/v2\/media?parent=5564"}],"wp:term":[{"taxonomy":"category","embeddable":true,"href":"http:\/\/www.affinite.fr\/index.php\/wp-json\/wp\/v2\/categories?post=5564"},{"taxonomy":"post_tag","embeddable":true,"href":"http:\/\/www.affinite.fr\/index.php\/wp-json\/wp\/v2\/tags?post=5564"}],"curies":[{"name":"wp","href":"https:\/\/api.w.org\/{rel}","templated":true}]}}