{"id":5560,"date":"2020-11-24T19:19:58","date_gmt":"2020-11-24T19:19:58","guid":{"rendered":"https:\/\/www.affinite.fr\/index.php\/2020\/11\/24\/creme-a-la-vanille-facon-danette-sans-lactose-sans-gluten\/"},"modified":"2020-11-24T19:19:58","modified_gmt":"2020-11-24T19:19:58","slug":"creme-a-la-vanille-facon-danette-sans-lactose-sans-gluten","status":"publish","type":"post","link":"http:\/\/www.affinite.fr\/index.php\/2020\/11\/24\/creme-a-la-vanille-facon-danette-sans-lactose-sans-gluten\/","title":{"rendered":"Cr\u00e8me \u00e0 la vanille fa\u00e7on \u00ab danette \u00bb sans lactose, sans gluten"},"content":{"rendered":"<p> [ad_1]<br \/>\n<\/p>\n<div id=\"post-109340\"> <!-- .et_post_meta_wrapper -->&#13;<br \/>\n\t\t\t\t&#13;<\/p>\n<div class=\"entry-content\">\n<p>Bonjour les gourmands ! Un peu de douceur avec cette recette de cr\u00e8me \u00e0 la vanille fa\u00e7on danette et bien s\u00fbr toujours sans lactose ni gluten et aussi sans soja. Il y a quelques temps je vous avais propos\u00e9 la <a href=\"https:\/\/cuisine-saine.fr\/recette-sans-gluten-ni-lait\/creme-chocolat-legere-facon-danette\/\">recette de la cr\u00e8me au chocolat sans lactose, sans gluten<\/a> (mais avec du soja pour cette derni\u00e8re).<\/p>\n<p>Tr\u00e8s simple \u00e0 faire, elle saura convaincre les petits et les grands gourmands. Un dessert tout simple et rapide \u00e0 ajouter \u00e0 vos basiques de la <strong>cuisine sans gluten ni lactose<\/strong> !<\/p>\n<p>Vous pouvez utiliser un autre <strong>lait v\u00e9g\u00e9tal<\/strong> que le lait d\u2019amande mais veillez \u00e0 ce qu\u2019il ait bien un go\u00fbt neutre, sinon l\u2019ar\u00f4me de la vanille va disparaitre. Par exemple le lait de riz ou de cajou fonctionnera bien.<\/p>\n<p>J\u2019utilise de la <strong>poudre d\u2019arrow root<\/strong>, ce qui \u00e9vite d\u2019utiliser de la f\u00e9cule de ma\u00efs, mais vous pouvez en utiliser \u00e0 la place si le ma\u00efs ne vous pose pas de probl\u00e8me. Pour le sucre vous pouvez diminuer selon vos gouts.  <\/p>\n<h2>Recette de cr\u00e8me \u00e0 la vanille sans lactose, sans gluten<\/h2>\n<ul class=\"typerect\" itemprop=\"recipeCuisine\">\n<li class=\"ssgluten\" itemprop=\"suitableForDiet\"><span>Recette sans gluten<\/span><\/li>\n<li class=\"sslait\" itemprop=\"suitableForDiet\"><span>Recette sans lactose<\/span><\/li>\n<li class=\"rbio\" itemprop=\"suitableForDiet\"><span>Recette bio<\/span><\/li>\n<\/ul>\n<div id=\"attachment_109342\" style=\"width: 810px\" class=\"wp-caption alignnone\"><noscript><img loading=\"lazy\" decoding=\"async\" aria-describedby=\"caption-attachment-109342\" src=\"https:\/\/cuisine-saine.fr\/wp-content\/uploads\/2020\/11\/creme-cafe-danette-vanille-sans-lactose.jpg\" alt=\"Cr\u00e8me \u00e0 la vanille fa\u00e7on \u00ab danette \u00bb sans lactose, sans gluten\" width=\"800\" height=\"981\" itemprop=\"image\"\/><\/noscript><img loading=\"lazy\" decoding=\"async\" class=\"lazyload\" aria-describedby=\"caption-attachment-109342\" src=\"data:image\/svg+xml,%3Csvg%20xmlns=%22http:\/\/www.w3.org\/2000\/svg%22%20viewBox=%220%200%20800%20981%22%3E%3C\/svg%3E\" data-src=\"https:\/\/cuisine-saine.fr\/wp-content\/uploads\/2020\/11\/creme-cafe-danette-vanille-sans-lactose.jpg\" alt=\"Cr\u00e8me \u00e0 la vanille fa\u00e7on \u00ab danette \u00bb sans lactose, sans gluten\" width=\"800\" height=\"981\" itemprop=\"image\"\/><\/p>\n<p id=\"caption-attachment-109342\" class=\"wp-caption-text\">Cr\u00e8me \u00e0 la vanille fa\u00e7on \u00ab danette \u00bb sans lactose, sans gluten<\/p>\n<\/div>\n<div class=\"intro\">\n<p itemprop=\"recipeCategory\">Dessert<\/p>\n<p class=\"temps\"><strong class=\"yield\" itemprop=\"recipeYield\">Pour 6 personnes<\/strong><br \/><strong>Temps de pr\u00e9paration<\/strong> : <time datetime=\"PT10M\" itemprop=\"prepTime\">10 min<\/time><br \/><strong>Temps de cuisson<\/strong> : <time datetime=\"PT5M\" itemprop=\"cookTime\">5 min<\/time><\/p>\n<\/div>\n<div class=\"ingredient\">\n<h3 class=\"listetitre\">Ingr\u00e9dients<\/h3>\n<ul class=\"listeingredient\">\n<li class=\"ingredient\" itemprop=\"recipeIngredient\">80 g de sucre de canne blond<\/li>\n<li class=\"ingredient\" itemprop=\"recipeIngredient\">1 litre de <a href=\"https:\/\/cuisine-saine.fr\/vie-saine\/5-techniques-pour-faire-un-lait-damande-maison\/\">lait d\u2019amande<\/a> <\/li>\n<li class=\"ingredient\" itemprop=\"recipeIngredient\">1 cuil. \u00e0 soupe d\u2019arome vanille<\/li>\n<li class=\"ingredient\" itemprop=\"recipeIngredient\">50 g de poudre d\u2019arrow root<\/li>\n<li class=\"ingredient\" itemprop=\"recipeIngredient\">2 jaunes d\u2019\u0153uf<\/li>\n<\/ul>\n<\/div>\n<ol class=\"recette\" itemprop=\"recipeInstructions\">\n<li itemprop=\"step\">D\u00e9posez le sucre de canne dans une casserole, ajoutez 750 ml de lait d\u2019amande et l\u2019extrait de vanille. M\u00e9langez, puis portez \u00e0 \u00e9bullition.<\/li>\n<li itemprop=\"step\">Dans un saladier d\u00e9posez la poudre d\u2019arrow root et d\u00e9layez petit \u00e0 petit avec le reste de lait d\u2019amande. Puis ajoutez les jaunes d\u2019\u0153uf et m\u00e9langez.<\/li>\n<li itemprop=\"step\">Ajoutez cette pr\u00e9paration dans la casserole et m\u00e9langez bien. D\u00e8s que l\u2019\u00e9bullition reprend, versez dans les ramequins de service.<\/li>\n<li itemprop=\"step\">Faites refroidir puis d\u00e9posez au r\u00e9frig\u00e9rateur pendant 4 heures avant de d\u00e9guster.<\/li>\n<\/ol>\n<h3 class=\"conseil\">Le conseil de Karen<\/h3>\n<p><span class=\"et_bloom_bottom_trigger\"\/>                    <\/p><\/div>\n<p> <!-- .entry-content -->&#13;<br \/>\n                    &#13;<br \/>\n                     &#13;<br \/>\n                     &#13;<br \/>\n               &#13;<br \/>\n                     &#13;<br \/>\n\t\t\t\t\t <!-- .et_post_meta_wrapper -->&#13;\n\t\t\t\t<\/div>\n<p>[ad_2]<br \/>\n<br \/><a href=\"https:\/\/cuisine-saine.fr\/recette-sans-lait\/creme-vanille-danette-sans-lactose\/\">Source link <\/a><\/p>\n","protected":false},"excerpt":{"rendered":"<p>[ad_1] &#13; &#13; Bonjour les gourmands ! Un peu de douceur avec cette recette de cr\u00e8me \u00e0 la vanille fa\u00e7on &hellip; <a href=\"http:\/\/www.affinite.fr\/index.php\/2020\/11\/24\/creme-a-la-vanille-facon-danette-sans-lactose-sans-gluten\/\" class=\"more-link\">Plus <span class=\"screen-reader-text\">Cr\u00e8me \u00e0 la vanille fa\u00e7on \u00ab danette \u00bb sans lactose, sans gluten<\/span> <span class=\"meta-nav\">&rarr;<\/span><\/a><\/p>\n","protected":false},"author":1,"featured_media":5561,"comment_status":"open","ping_status":"open","sticky":false,"template":"","format":"standard","meta":{"_sitemap_exclude":false,"_sitemap_priority":"","_sitemap_frequency":"","footnotes":""},"categories":[1],"tags":[],"class_list":["post-5560","post","type-post","status-publish","format-standard","has-post-thumbnail","hentry","category-tous"],"_links":{"self":[{"href":"http:\/\/www.affinite.fr\/index.php\/wp-json\/wp\/v2\/posts\/5560"}],"collection":[{"href":"http:\/\/www.affinite.fr\/index.php\/wp-json\/wp\/v2\/posts"}],"about":[{"href":"http:\/\/www.affinite.fr\/index.php\/wp-json\/wp\/v2\/types\/post"}],"author":[{"embeddable":true,"href":"http:\/\/www.affinite.fr\/index.php\/wp-json\/wp\/v2\/users\/1"}],"replies":[{"embeddable":true,"href":"http:\/\/www.affinite.fr\/index.php\/wp-json\/wp\/v2\/comments?post=5560"}],"version-history":[{"count":0,"href":"http:\/\/www.affinite.fr\/index.php\/wp-json\/wp\/v2\/posts\/5560\/revisions"}],"wp:featuredmedia":[{"embeddable":true,"href":"http:\/\/www.affinite.fr\/index.php\/wp-json\/wp\/v2\/media\/5561"}],"wp:attachment":[{"href":"http:\/\/www.affinite.fr\/index.php\/wp-json\/wp\/v2\/media?parent=5560"}],"wp:term":[{"taxonomy":"category","embeddable":true,"href":"http:\/\/www.affinite.fr\/index.php\/wp-json\/wp\/v2\/categories?post=5560"},{"taxonomy":"post_tag","embeddable":true,"href":"http:\/\/www.affinite.fr\/index.php\/wp-json\/wp\/v2\/tags?post=5560"}],"curies":[{"name":"wp","href":"https:\/\/api.w.org\/{rel}","templated":true}]}}