{"id":5558,"date":"2020-11-24T18:19:54","date_gmt":"2020-11-24T18:19:54","guid":{"rendered":"https:\/\/www.affinite.fr\/index.php\/2020\/11\/24\/papy-et-mamie-mangent-dans-la-cuisine-petit-comite\/"},"modified":"2020-11-24T18:19:54","modified_gmt":"2020-11-24T18:19:54","slug":"papy-et-mamie-mangent-dans-la-cuisine-petit-comite","status":"publish","type":"post","link":"http:\/\/www.affinite.fr\/index.php\/2020\/11\/24\/papy-et-mamie-mangent-dans-la-cuisine-petit-comite\/","title":{"rendered":"\u00ab\u00a0papy et mamie mangent dans la cuisine\u00a0\u00bb, petit comit\u00e9"},"content":{"rendered":"<p> [ad_1]<br \/>\n<\/p>\n<p>\n                [NOEL 2020]. L&rsquo;OMS estime que \u00ab\u00a0la meilleure option\u00a0\u00bb est d&rsquo;organiser des f\u00eates de No\u00ebl \u00ab\u00a0sans toute la famille\u00a0\u00bb. Quant au professeur R\u00e9mi Salomon, il recommande de ne pas manger avec les grands-parents, m\u00eame \u00e0 No\u00ebl. Retour sur les derni\u00e8res annonces en attendant l&rsquo;allocution d&rsquo;Emmanuel Macron.            <\/p>\n<div>\n<aside class=\"ccmsummary marqueur_module ccmcss_cms_summary ccmcss_cms_summary--right\">\n<h2 class=\"ccmsummary-title ccmcss_cms_summary__title\">QUEL NO\u00cbL CETTE ANN\u00c9E\u00a0?<\/h2>\n<\/aside>\n<p><strong>[Mise \u00e0 jour du 24\u00a0novembre \u00e0 19h13].<\/strong>\u00a0Plus qu&rsquo;un mois avant les f\u00eates de No\u00ebl ! Ce mardi d\u00e8s 20 heures, <strong>Emmanuel Macron<\/strong> devrait annoncer un <strong>\u00ab\u00a0all\u00e8gement progressif des contraintes\u00a0\u00bb<\/strong>.\u00a0Pour l&rsquo;heure, pas question de parler de <strong>d\u00e9confinement<\/strong>, mais d&rsquo;autres\u00a0mesures pourraient permettre un peu plus de libert\u00e9, notamment pour les<strong> lieux de cultes<\/strong>, ainsi que la possible r\u00e9ouverture de certains\u00a0commerces, probablement pour fin novembre,\u00a0pr\u00e9cise <a href=\"https:\/\/www.lejdd.fr\/Politique\/emmanuel-macron-au-jdd-il-faut-de-la-coherence-de-la-clarte-un-cap-4007259\" target=\"_blank\" rel=\"noopener noreferrer\">Le Journal du Dimanche<\/a>. Parmi les autres annonces attendues et qui restent donc \u00e0 confirmer lors de l<strong>&lsquo;allocution d&rsquo;Emmanuel Macron <\/strong>: la possibilit\u00e9 de se d\u00e9placer au-del\u00e0 d&rsquo;un kilom\u00e8tre, les mesures pour les th\u00e9\u00e2tres, cin\u00e9mas et mus\u00e9es, l&rsquo;ouverture des stations de ski, et la question du t\u00e9l\u00e9travail.\u00a0Si les commerces pourraient ouvrir autour du 1er d\u00e9cembre, comme l&rsquo;a annonc\u00e9 Jean Castex ce vendredi, les bars et restaurants pourraient quant \u00e0 eux rester clos jusqu&rsquo;au mois de janvier 2021. Par cons\u00e9quent, cet <strong>assouplissement du confinement <\/strong>se fera\u00a0en trois \u00e9tapes, pr\u00e9cise quant \u00e0 lui le porte-parole du gouvernement Gabriel Attal : <strong>\u00ab\u00a0d&rsquo;abord autour du 1er d\u00e9cembre, puis avant les cong\u00e9s de fin d&rsquo;ann\u00e9e, puis \u00e0 partir de janvier 2021\u00a0\u00bb<\/strong>, a-t-il confi\u00e9 au JDD. Il ajoute par ailleurs que \u00ab\u00a0le confinement va se poursuivre et donc la limitation des d\u00e9placements aussi\u00a0\u00bb.\u00a0<\/p>\n<div class=\"ccminsert\">\n<aside class=\"app_widget_fo app_widget_fo--call\">\n<ul>\n<li>\n                <a href=\"https:\/\/www.journaldesfemmes.fr\/societe\/actu\/2670599-confinement-deconfinement-fin-date-1h-1km-attestations-deplacements-annonces-macron\/\" class=\"jGTMWidgetGAEventClick\" data-gtmwidgetgaeventaction=\"clickWidgetCall\" data-gtmwidgetgaeventlabel=\"Confinement\u00a0: &quot;Papi et mamie dans la cuisine&quot;, Macron populaire, Castex et &quot;les usines \u00e0 Covid&quot;...\"><\/p>\n<figure><picture><source media=\"(max-width: 480px)\" srcset=\"https:\/\/img-3.journaldesfemmes.fr\/3L92zrv515vfZfessEtBYk1al4I=\/160x105\/smart\/47a27af5491c436c83e7e190a7a36c3e\/ccmcms-jdf\/20318906.jpg\"><img decoding=\"async\" src=\"https:\/\/img-3.journaldesfemmes.fr\/Ue8__100o4_lEUqXtZablL6awXY=\/200x132\/smart\/47a27af5491c436c83e7e190a7a36c3e\/ccmcms-jdf\/20318906.jpg\" alt=\"\"\/><\/source><\/picture><figcaption>\n<h3>Confinement\u00a0: \u00ab\u00a0Papi et mamie dans la cuisine\u00a0\u00bb, Macron populaire, Castex et \u00ab\u00a0les usines \u00e0 Covid\u00a0\u00bb&#8230;<\/h3>\n<p>EN DIRECT- Confinement prolong\u00e9, Dates-cl\u00e9s, R\u00e8gle du 1h\/1km, Fin des attestations, R\u00e9ouvertures des Commerces et des Rayons non essentiels, D\u00e9placements limit\u00e9s, Nouveau protocole sanitaire, Stations de ski ferm\u00e9es, R\u00e9server (ou pas) ses vacances d&rsquo;hiver, Black Friday, Couvre-feu, F\u00eater No\u00ebl en famille, Contr\u00f4les renforc\u00e9s&#8230; Voici les r\u00e8gles, principes et modalit\u00e9s de ce 2e confinement, les attestations \u00e0 montrer, les r\u00e9ponses aux questions que vous vous posez, l&rsquo;actualit\u00e9 \u00e0 conna\u00eetre&#8230;<\/p>\n<\/figcaption><\/figure>\n<p><\/a>\n            <\/li>\n<\/ul>\n<\/aside>\n<\/div>\n<h2>Quand pourra-t-on\u00a0r\u00e9server ses billets de trains pour No\u00ebl ?<\/h2>\n<p>Rappelons que les <a href=\"https:\/\/deco.journaldesfemmes.fr\/guide-amenagement-et-travaux\/1543607-comment-choisir-son-sapin-de-noel-ou-l-acheter-20-novembre-2020\/\" target=\"_blank\" rel=\"noopener noreferrer\"><strong>sapins de No\u00ebl <\/strong><\/a>sont en vente depuis ce 20 novembre et que la <strong>r\u00e9servation des billets de trains<\/strong> est ouverte pour les <strong>f\u00eates de fin d&rsquo;ann\u00e9e<\/strong>, bien que Gabriel Attal ait conseill\u00e9 aux Fran\u00e7ais\u00a0d&rsquo;attendre l&rsquo;allocution d&rsquo;Emmanuel Macron avant de<strong> r\u00e9server ses billets de trains pour No\u00ebl.<\/strong> Pour autant, \u00ab\u00a0<em><strong>100% des trains sont ouverts \u00e0 la r\u00e9servation<\/strong> et sont \u00e9changeables et remboursables int\u00e9gralement jusqu&rsquo;au dernier jour\u00a0\u00bb <\/em>avait rappel\u00e9 ce 17 novembre le\u00a0ministre des transports\u00a0Jean-Baptiste Djebbari sur <a href=\"https:\/\/www.bfmtv.com\/politique\/jean-baptiste-djebbari-assure-que-100-des-trains-sont-ouverts-a-la-reservation_VN-202011170182.html\" target=\"_blank\" rel=\"noopener noreferrer\"><em>BFM\u00a0TV<\/em><\/a>. Ces billets concernent\u00a0la p\u00e9riode allant du 15\u00a0d\u00e9cembre 2020\u00a0au 4\u00a0janvier 2021. Certes, il est encore trop t\u00f4t pour assurer que les Fran\u00e7ais pourront bien circuler, mais \u00ab\u00a0si la situation sanitaire le permet, <strong>les trains seront pr\u00eats \u00e0 rouler \u00e0 partir de mi-d\u00e9cembre<\/strong>\u00a0\u00bb a-t-il d\u00e9clar\u00e9 ce 20 novembre sur Europe 1.<strong> <\/strong>En attendant\u00a0les mesures prises par Emmanuel Macron ce mardi, voici les derni\u00e8res<strong> annonces concernant les f\u00eates de No\u00ebl :\u00a0<\/strong><\/p>\n<ul>\n<li><strong>Un repas de No\u00ebl \u00e0 distance de papy et mamie\u00a0?<\/strong>\u00a0C&rsquo;est ce que pr\u00e9conise ce 24\u00a0novembre le professeur R\u00e9mi Salomon, pr\u00e9sident de la commission m\u00e9dicale d&rsquo;\u00e9tablissement de l&rsquo;AP-HP (assistance publique &#8211; h\u00f4pitaux de Paris), rappelant la dangerosit\u00e9 du virus.\u00a0\u00ab\u00a0<strong>On coupe la b\u00fbche de No\u00ebl en deux et papy et mamie mangent dans la cuisine et nous dans la salle \u00e0 manger<\/strong> (&#8230;) Il ne faut pas manger avec papy et mamie, m\u00eame \u00e0 No\u00ebl, m\u00eame si on a pris des pr\u00e9cautions avant\u00a0\u00bb, a-t-il d\u00e9clar\u00e9 sur <a href=\"https:\/\/www.francetvinfo.fr\/sante\/maladie\/coronavirus\/confinement\/video-confinement-a-noel-on-coupe-la-buche-en-deux-et-papy-et-mamie-mangent-dans-la-cuisine-preconise-le-professeur-salomon_4193521.html\" target=\"_blank\" rel=\"noopener noreferrer\">Franceinfo<\/a>.<\/li>\n<li><strong>L&rsquo;OMS recommande un No\u00ebl en petit comit\u00e9<\/strong>.\u00a0\u00ab\u00a0<em>C&rsquo;est incroyablement difficile parce que, particuli\u00e8rement pendant la p\u00e9riode des f\u00eates, nous voulons vraiment \u00eatre avec notre famille. Mais dans certains cas, ne pas avoir de r\u00e9union de famille est l&rsquo;option la plus s\u00fbre<\/em>\u00ab\u00a0, a pr\u00e9cis\u00e9 ce 23 novembre Maria Van Kerkhove, charg\u00e9e de la gestion de la pand\u00e9mie \u00e0 l&rsquo;OMS, qui\u00a0pr\u00e9conise notamment une f\u00eate par visioconf\u00e9rence.\u00a0L&rsquo;Organisation mondiale de la Sant\u00e9 fait aussi r\u00e9f\u00e9rence aux f\u00eates de Thanksgiving, c\u00e9l\u00e9br\u00e9e ce jeudi aux Etats-Unis.<\/li>\n<li><strong>Les Fran\u00e7ais comptent d\u00e9penser plus que d&rsquo;habitude pour No\u00ebl<\/strong>.\u00a0Selon une \u00e9tude CSA Research pour Cofidis et Rakuten, les Fran\u00e7ais ont pu \u00e9pargner\u00a0durant ces deux confinements.\u00a0Et ils comptent bien en profiter pour les <strong>achats de No\u00ebl <\/strong>: le budget moyen consacr\u00e9 aux f\u00eates et aux cadeaux est cette fois\u00a0sup\u00e9rieur aux pr\u00e9c\u00e9dentes ann\u00e9es.\u00a0En 2019 : 549\u00a0euros avait \u00e9t\u00e9 d\u00e9pens\u00e9s, et 571 euros en 2018. L&rsquo;\u00e9tude pr\u00e9cise que le budget le plus important devrait se retrouver chez les 50\u00a0ans et plus avec en moyenne 696\u00a0euros, et jusqu&rsquo;\u00e0 744\u00a0euros pour les plus de\u00a065\u00a0ans.<\/li>\n<li><strong>Emmanuel Macron doit s&rsquo;exprimer ce mardi 24 novembre \u00e0 20h<\/strong> pour faire un point sur la situation sanitaire.\u00a0Il devrait annoncer une \u00ab\u00a0adaptation\u00a0\u00bb des r\u00e8gles de confinement actuellement en vigueur en France. Cette allocution tr\u00e8s attendue de la part des Fran\u00e7ais et des commer\u00e7ants interviendra une semaine avant l&rsquo;\u00e9ch\u00e9ance du 1er d\u00e9cembre.\u00a0Un all\u00e8gement progressif des contraintes pourrait \u00eatre annonc\u00e9, \u00e0 commencer par la r\u00e9ouverture des commerces, autour du 1er d\u00e9cembre.<\/li>\n<li><strong>Illuminations de No\u00ebl.\u00a0<\/strong>Ce dimanche 22 novembre, les traditionnelles illuminations des Champs-Elys\u00e9es ont \u00e9t\u00e9 inaugur\u00e9es en version digitale.\u00a0Cette ann\u00e9e, c&rsquo;est Louane qui \u00e9tait la marraine du lancement de la saison festive, sur la plus belle avenue du monde.\u00a0<\/li>\n<li><strong>Fin des attestations pour No\u00ebl ?\u00a0<\/strong>Selon LCI, le gouvernement envisagerait de supprimer l&rsquo;attestation de d\u00e9placement pour les f\u00eates de No\u00ebl si les nombre de cas continuent de diminuer. Gabriel Attal a pr\u00e9cis\u00e9 quant \u00e0 lui que \u00ab\u00a0le confinement va se poursuivre et donc la limitation des d\u00e9placements aussi\u00a0\u00bb, a-t-il d\u00e9clar\u00e9 au JDD.<\/li>\n<li><strong>Achat des cadeaux de No\u00ebl : le report du Black Friday au 4 d\u00e9cembre.<\/strong>\u00a0Les diff\u00e9rents acteurs de la vie \u00e9conomique\u00a0commencent malgr\u00e9 tout \u00e0 s&rsquo;organiser et les petits commer\u00e7ants ont obtenu gain de cause\u00a0: pr\u00e9vu initialement le 27\u00a0novembre,<strong> le \u00ab\u00a0Black Friday\u00a0\u00bb<\/strong><strong>\u00a0a \u00e9t\u00e9 report\u00e9 au 4\u00a0d\u00e9cembre. <\/strong>Amazon a\u00a0\u00e9galement\u00a0accept\u00e9 de reporter ses offres promotionnelles. De quoi permettre aux parents d&rsquo;acheter les cadeaux de No\u00ebl \u00e0 petit prix.<\/li>\n<li><strong>Un all\u00e8gement pour sauver No\u00ebl ?<\/strong> Lors de son discours ce\u00a012 novembre, Jean Castex avait annonc\u00e9 que\u00a0le confinement resterait inchang\u00e9 au moins pour les 15 jours \u00e0 venir.\u00a0\u00ab\u00a0<em>Notre objectif\u00a0: un<\/em><strong><em> nouvel all\u00e8gement pour les f\u00eates de No\u00ebl. <\/em><\/strong><em>On pourra bien s\u00fbr se retrouver avec les siens, mais il ne serait pas raisonnable d&rsquo;envisager d&rsquo;organiser de grandes f\u00eates \u00e0 plusieurs dizaines de personnes, notamment pour le r\u00e9veillon de No\u00ebl ou du 31\u00a0d\u00e9cembre<\/em>\u00ab\u00a0. Gr\u00e2ce \u00e0 notre mobilisation imm\u00e9diate, j&rsquo;esp\u00e8re que nous pourrons passer des f\u00eates de fin d&rsquo;ann\u00e9e dans la s\u00e9r\u00e9nit\u00e9\u00a0\u00bb, avait-il ajout\u00e9.<\/li>\n<li><strong>Les magasins Jou\u00e9Club inquiets<\/strong>.\u00a0Au lendemain des annonces de Jean Castex, l&rsquo;enseigne de jouets pour enfants affirme dans un communiqu\u00e9<em>\u00a0\u00ab\u00a0que servir 25\u00a0millions de clients en quelques 24\u00a0jours n&rsquo;est pas r\u00e9alisable dans des conditions de s\u00e9curit\u00e9 sanitaires renforc\u00e9es\u00a0\u00bb<\/em>.\u00a0Pour permettre aux parents d<strong>&lsquo;acheter les jouets de No\u00ebl de leurs enfants, Jou\u00e9Club<\/strong> demande au gouvernement une ouverture plus rapide des magasins en se disant pr\u00eat \u00ab\u00a0\u00e0 relever la jauge de fr\u00e9quentation \u00e0 1\u00a0client pour 10\u00a0m2\u00a0au lieu de 1\u00a0pour 4\u00a0m2\u00a0actuellement\u00a0\u00bb.\u00a0L&rsquo;enseigne a d\u00e9j\u00e0 pris des mesures pour faciliter l&rsquo;achat de jouets : amplitude horaire des magasins (ouvrir plus t\u00f4t et fermer plus tard, y compris le dimanche), et prises de rendez-vous\u00a0pour\u00a0fluidifier les\u00a0achats.<\/li>\n<li><strong>Plus de la moiti\u00e9 des Fran\u00e7ais pr\u00eats \u00e0 ne pas f\u00eater No\u00ebl<\/strong>.\u00a0Selon un <a href=\"https:\/\/contenus.proximis.com\/fr\/cp-campagne-de-no%C3%ABl-2020?utm_campaign=FR_CONTENT_Q4__ETUDE_NOEL_NOV2020&amp;utm_source=siteweb&amp;utm_content=communiqu%C3%A9presse\" target=\"_blank\" rel=\"noopener noreferrer\">sondage OpinionWay pour Proximis<\/a> intitul\u00e9 \u00ab\u00a0<em>Les Fran\u00e7ais et les cadeaux de No\u00ebl en p\u00e9riode de confinement \u2013 Novembre 2020<\/em>\u00a0\u00bb et r\u00e9alis\u00e9 les 4 et 5 novembre aupr\u00e8s de 1006 personnes,\u00a0plus d&rsquo;un Fran\u00e7ais sur deux (53%) ne f\u00eatera pas No\u00ebl en famille par peur de la contamination au coronavirus. Pr\u00e8s des trois quarts (73\u00a0%) des Fran\u00e7ais ont\u00a0 pr\u00e9vu de fr\u00e9quenter moins de personnes \u00e0 No\u00ebl. Par voie de cons\u00e9quences, plus de la moiti\u00e9 d&rsquo;entre eux (53\u00a0%) pensent acheter moins de cadeaux que l&rsquo;ann\u00e9e derni\u00e8re.\u00a0Les d\u00e9penses pr\u00e9vues pour ces cadeaux s&rsquo;\u00e9l\u00e8vent en moyenne \u00e0 214\u00a0euros, soit une baisse de 30\u00a0% compar\u00e9 \u00e0 2018. Le 1er novembre d\u00e9j\u00e0, un autre\u00a0sondage Ifop r\u00e9alis\u00e9 pour <em>Le Parisien<\/em>\u00a0indiquait que<strong>\u00a0plus<\/strong><span style=\"font-size: 1rem;\"><strong>\u00a0de sept Fran\u00e7ais sur 10\u00a0(71%) acceptaient l&rsquo;\u00e9ventualit\u00e9 d&rsquo;un confinement pendant les f\u00eates de fin d&rsquo;ann\u00e9e<\/strong>. 39% des moins de 25\u00a0ans y \u00e9taient toutefois oppos\u00e9s, tout comme 35% des commer\u00e7ants de la r\u00e9gion parisienne.<\/span><\/li>\n<li><strong><a href=\"https:\/\/www.journaldesfemmes.fr\/maman\/enfant\/1439673-ecrire-au-pere-noel-secretariat-dates-adresse-2020\/\" target=\"_blank\" rel=\"noopener noreferrer\">Le secr\u00e9tariat du P\u00e8re No\u00ebl<\/a> est ouvert depuis ce jeudi 12 novembre.<\/strong> Malgr\u00e9 le confinement, le P\u00e8re No\u00ebl va prendre, comme tous les ans, le temps de r\u00e9pondre \u00e0 toutes leurs lettres. Cette ann\u00e9e, ils pourront,<strong>\u00a0jusqu&rsquo;au 15 d\u00e9cembre<\/strong>, lui envoyer leur liste de cadeaux en indiquant sur l&rsquo;enveloppe \u00ab\u00a0P\u00e8re No\u00ebl\u00a0\u00bb ainsi que leur nom, pr\u00e9nom et adresse compl\u00e8te (le timbre n&rsquo;est pas n\u00e9cessaire).\u00a0Ils pourront aussi envoyer leur lettre depuis le <a href=\"https:\/\/pere-noel.laposte.fr\/\" target=\"_blank\" rel=\"noopener noreferrer\">site d\u00e9di\u00e9 mis en place par La Poste<\/a>.\u00a0Les secr\u00e9taires du P\u00e8re No\u00ebl\u00a0leur enverront en retour \u00ab\u00a0une belle lettre du P\u00e8re No\u00ebl \u00a0\u00bb accompagn\u00e9e d&rsquo;une carte postale \u00e0 colorier.\u00a0<\/li>\n<li><strong>Etat d&rsquo;urgence sanitaire : jusqu&rsquo;\u00e0 quand ?<\/strong> Ce 7 novembre, les d\u00e9put\u00e9s ont adopt\u00e9\u00a0la <strong><a href=\"https:\/\/sante.journaldesfemmes.fr\/fiches-maladies\/2627081-etat-urgence-sanitaire-france-covid-fin-prolongation-loi-decret-assemblee-senat-constitution-mesures\/\" target=\"_blank\" rel=\"noopener noreferrer\">prolongation de l&rsquo;\u00e9tat d&rsquo;urgence sanitaire<\/a>\u00a0jusqu&rsquo;au 16 f\u00e9vrier,<\/strong> par 154\u00a0voix pour et 38\u00a0contre, lors de l&rsquo;ultime lecture du texte. Il permet au gouvernement de mettre en place des restrictions dans le cadre de la lutte contre la<strong> deuxi\u00e8me vague de la Covid-19<\/strong>.\u00a0Les d\u00e9put\u00e9s des trois groupes de gauche (GDR, LFI et PS) et sept \u00e9lus de Libert\u00e9s et territoires ont cependant annonc\u00e9 leur volont\u00e9 de saisir le Conseil constitutionnel concernant l&rsquo;ensemble du projet de loi prorogeant l&rsquo;\u00e9tat d&rsquo;urgence sanitaire car ils estiment qu&rsquo;il \u00ab\u00a0<em>contrevient \u00e0 plusieurs principes constitutionnels<\/em>\u00ab\u00a0<\/li>\n<li><strong>Pas de march\u00e9s \u00e0 No\u00ebl. <\/strong>La plupart des <a href=\"https:\/\/www.journaldesfemmes.fr\/maman\/guide-sorties-en-famille\/1442196-marches-de-noel-virtuels-annulation-nice\/\" target=\"_blank\" rel=\"noopener noreferrer\">march\u00e9s de No\u00ebl ont \u00e9t\u00e9 annul\u00e9s<\/a>.\u00a0Les villes de Nice, Strasbourg, Metz, Lyon, Lille, Limoges, Bordeaux, Grenoble, Colmar, Toulon ou Nantes annoncent tour \u00e0 tour que les traditionnels chalets de No\u00ebl ne seront pas mis en place cette ann\u00e9e, mais certaines villes proposent des <strong>march\u00e9s de No\u00ebl virtuels<\/strong> !<\/li>\n<li><strong><em>\u00ab\u00a0Les f\u00eates de fin d&rsquo;ann\u00e9e sont un moment privil\u00e9gi\u00e9<\/em>\u00ab\u00a0<\/strong>, et<em> \u00ab\u00a0il convient de tout mettre en \u0153uvre pour permettre aux Fran\u00e7ais de se retrouver en famille\u00a0\u00bb<\/em>, avait ainsi plaid\u00e9 la d\u00e9put\u00e9e Les R\u00e9publicains Josiane Corneloup. Selon elle, cette mesure permet d&rsquo;avoir un<em> \u00ab\u00a0point de situation avant les <a href=\"https:\/\/www.journaldesfemmes.fr\/maman\/guide-sorties-en-famille\/2613151-dates-vacances-noel-2020\/\" target=\"_blank\" rel=\"noopener noreferrer\">vacances de No\u00ebl<\/a>\u00ab\u00a0<\/em>.\u00a0<\/li>\n<li><span style=\"font-size: 1rem;\"><b>No\u00ebl en petit comit\u00e9 et sous couvre-feu ?<\/b><\/span>\u00a0<span style=\"font-size: 1rem;\">Au lendemain du discours d&rsquo;Emmanuel Macron, le<strong>\u00a0<\/strong><\/span><strong>pr\u00e9sident du conseil scientifique, Jean-Fran\u00e7ois Delfraissy, <\/strong>avait d\u00e9clar\u00e9 qu&rsquo;il n&rsquo;envisageait pas une sortie du couvre-feu avant le mois de janvier.\u00a0Selon lui, le confinement instaur\u00e9 jusqu&rsquo;au 1er d\u00e9cembre pourrait se poursuivre avec un<strong> couvre-feu<\/strong> qui resterait en vigueur durant les <strong>f\u00eates de No\u00ebl<\/strong>. \u00ab\u00a0<em>Le sc\u00e9nario est plut\u00f4t d&rsquo;avoir un confinement de ce type pendant un mois, de regarder les indicateurs [\u2026] et de sortir du confinement avec un couvre-feu jusqu&rsquo;\u00e0 d\u00e9but janvier\u00a0\u00bb,<\/em> avait-il pr\u00e9cis\u00e9 sur France Inter ce 29 octobre. Aussi, il estimait que \u00ab\u00a0<strong><em>les f\u00eates de\u00a0fin d&rsquo;ann\u00e9e se feront en petit comit\u00e9, probablement sous le couvre-feu. Une 3e vague n&rsquo;est pas exclue<\/em><\/strong>\u00ab\u00a0.<\/li>\n<\/ul>\n<aside id=\"NL_1866969659\" class=\"newsletter_subscription jNlBlock\"><noscript><br \/>\n            <\/noscript><\/p>\n<h3 class=\"newsletter_subscription-title\">Newsletter <\/h3>\n<p><a href=\"\/\/mailing.ccmbg.com\/archive\/last-85\" target=\"_blank\" class=\"a_hover\" rel=\"noopener noreferrer\">Voir un exemple<\/a><\/p>\n<\/aside>\n<p>En d\u00e9pit de la crise sanitaire, l&rsquo;ann\u00e9e 2020 ne fera pas exception : elle aussi\u00a0comptera un 24, puis un\u00a0<strong>25 d\u00e9cembre<\/strong> (et pour l&rsquo;occasion ce sera un jeudi et un vendredi). <strong>No\u00ebl<\/strong>, de la dinde aux cadeaux sous le sapin en passant par l&rsquo;in\u00e9narrable pull \u00e0 grelots,\u00a0c&rsquo;est un lot\u00a0de traditions que certains adorent et que d&rsquo;autres rejettent en bloc.\u00a0Mais c&rsquo;est aussi chaque ann\u00e9e des nouveaut\u00e9s : alors, \u00e0 quelle sauce allez-vous d\u00e9guster cette \u00e9dition 2020\u00a0du r\u00e9veillon\u00a0? D\u00e9couvrez toutes les tendances festives de cette fin d&rsquo;ann\u00e9e, sans oublier de b\u00fbcher vos grands classiques.<\/p>\n<h2\/>\n<div class=\"ccminsert\">\n<aside class=\"app_widget_fo app_widget_fo--call\">\n<ul>\n<li>\n                <a href=\"https:\/\/www.hugolescargot.com\/activites-enfants\/bricolages\/49885-bricolage-noel\/\"><\/p>\n<figure><picture><source media=\"(max-width: 480px)\" srcset=\"https:\/\/img-3.journaldesfemmes.fr\/AW58S3XYBL34b1aBwHo88IT_lIg=\/160x105\/smart\/0bec569650bd4128bb7d997e9064b789\/ccmcms-hugo\/19356917.jpg\"><img decoding=\"async\" src=\"https:\/\/img-3.journaldesfemmes.fr\/fbX-BhPfi4q_iq9NYcAFO_YZJro=\/200x132\/smart\/0bec569650bd4128bb7d997e9064b789\/ccmcms-hugo\/19356917.jpg\" alt=\"\"\/><\/source><\/picture><figcaption>\n<h3>Bricolages de No\u00ebl<\/h3>\n<p>Retrouvez toutes nos activit\u00e9s cr\u00e9atives sp\u00e9ciales No\u00ebl pour r\u00e9aliser des d\u00e9corations, des boules de No\u00ebl, des personnages comme le P\u00e8re No\u00ebl, les lutins ou des bonshommes de neiges DIY.<\/p>\n<\/figcaption><\/figure>\n<p><\/a>\n            <\/li>\n<li>\n                <a href=\"https:\/\/www.hugolescargot.com\/activites-enfants\/cartes-a-imprimer\/49849-carte-de-noel\/\"><\/p>\n<figure><picture><source media=\"(max-width: 480px)\" srcset=\"https:\/\/img-3.journaldesfemmes.fr\/tJG3Ag-BQo-FzA6VIi9tHigaPQI=\/160x105\/smart\/8a822d5fd7bf4a3a8ec07a6a6725db06\/ccmcms-hugo\/10581847.jpg\"><img decoding=\"async\" src=\"https:\/\/img-3.journaldesfemmes.fr\/sEsCgJo1nEq5KMkBtiHx6YE6pIQ=\/200x132\/smart\/8a822d5fd7bf4a3a8ec07a6a6725db06\/ccmcms-hugo\/10581847.jpg\" alt=\"\"\/><\/source><\/picture><figcaption>\n<h3>Carte de No\u00ebl<\/h3>\n<p>A imprimer, \u00e0 colorier ou \u00e0 r\u00e9aliser soi-m\u00eame fa\u00e7on DIY, voici toutes les plus jolies cartes \u00e0 envoyer pour souhaiter \u00e0 vos proches de tr\u00e8s belles f\u00eates de fin d&rsquo;ann\u00e9e.<\/p>\n<\/figcaption><\/figure>\n<p><\/a>\n            <\/li>\n<li>\n                <a href=\"https:\/\/www.hugolescargot.com\/coloriages\/noel\/\"><\/p>\n<figure><picture><source media=\"(max-width: 480px)\" srcset=\"https:\/\/img-3.journaldesfemmes.fr\/ni2YOKHRpUUUUnlzRcV44on6LjM=\/160x105\/smart\/6aa6b2bce4fe4044bca45f4ee53b0c59\/ccmcms-jdf\/20295735.gif\"><img decoding=\"async\" src=\"https:\/\/img-3.journaldesfemmes.fr\/AOSL84Ovi5D1pCHwEHJijSzeMxg=\/200x132\/smart\/6aa6b2bce4fe4044bca45f4ee53b0c59\/ccmcms-jdf\/20295735.gif\" alt=\"\"\/><\/source><\/picture><figcaption>\n<h3>Coloriages de No\u00ebl<\/h3>\n<p>En ligne ou \u00e0 imprimer, tous les coloriages et id\u00e9es de dessin pour occuper les petits en les faisant r\u00eaver \u00e0 No\u00ebl&#8230; du sapin aux cadeaux en passant par les flocons de neige, vous aurez l&#8217;embarras du choix.<\/p>\n<\/figcaption><\/figure>\n<p><\/a>\n            <\/li>\n<li>\n                <a href=\"https:\/\/www.hugolescargot.com\/comptines-enfants\/top-des-comptines\/36853-mon-beau-sapin\/\"><\/p>\n<figure><picture><source media=\"(max-width: 480px)\" srcset=\"https:\/\/img-3.journaldesfemmes.fr\/5TqjGTQyeT4odEz82GEYBamUkmA=\/160x105\/smart\/fe08b13ce5984bfd9d64a017f2948386\/ccmcms-hugo\/10587368.jpg\"><img decoding=\"async\" src=\"https:\/\/img-3.journaldesfemmes.fr\/AfJmPEGEJKgjgZZy10G7ckYRuzo=\/200x132\/smart\/fe08b13ce5984bfd9d64a017f2948386\/ccmcms-hugo\/10587368.jpg\" alt=\"\"\/><\/source><\/picture><figcaption>\n<h3>Mon beau sapin<\/h3>\n<p>Cette comptine de No\u00ebl est reconnaissable partout dans le monde \u00e0 sa douce m\u00e9lodie. Le roi des for\u00eats n&rsquo;a pas fini de faire r\u00eaver grands et petits&#8230;<\/p>\n<\/figcaption><\/figure>\n<p><\/a>\n            <\/li>\n<li>\n                <a href=\"https:\/\/www.hugolescargot.com\/coloriages\/pere-noel\/\"><\/p>\n<figure><picture><source media=\"(max-width: 480px)\" srcset=\"https:\/\/img-3.journaldesfemmes.fr\/WUVYNxP9HkTy_895IaK3ltu1kCI=\/160x105\/smart\/4f66eb7aba8347e69416ff732adc7d92\/ccmcms-hugo\/10557687.jpg\"><img decoding=\"async\" src=\"https:\/\/img-3.journaldesfemmes.fr\/ErGaHFe7VYx6rF8Ivo33JJDoHTI=\/200x132\/smart\/4f66eb7aba8347e69416ff732adc7d92\/ccmcms-hugo\/10557687.jpg\" alt=\"\"\/><\/source><\/picture><figcaption>\n<h3>P\u00e8re No\u00ebl \u00e0 dessiner ou \u00e0 colorier<\/h3>\n<p>Devant la chemin\u00e9e ou dans son tra\u00eeneau, le p\u00e8re No\u00ebl est le personnage favori des petits. Sur Hugo l&rsquo;Escargot, votre enfant pourra lui donner de belles couleurs ou m\u00eame apprendre \u00e0 le dessiner, des bottes jusqu&rsquo;\u00e0 la barbe !<\/p>\n<\/figcaption><\/figure>\n<p><\/a>\n            <\/li>\n<li>\n                <a href=\"https:\/\/www.hugolescargot.com\/comptines-enfants\/top-des-comptines\/37843-petit-papa-noel\/\"><\/p>\n<figure><picture><source media=\"(max-width: 480px)\" srcset=\"https:\/\/img-3.journaldesfemmes.fr\/_BFW50KJDvaCILI7td8H6W5s85k=\/160x105\/smart\/8009477b949b493abded6e16e586d9f6\/ccmcms-hugo\/10592158.jpg\"><img decoding=\"async\" src=\"https:\/\/img-3.journaldesfemmes.fr\/CWYsKuXbaCxwa6FzGn-o2mOzA7k=\/200x132\/smart\/8009477b949b493abded6e16e586d9f6\/ccmcms-hugo\/10592158.jpg\" alt=\"\"\/><\/source><\/picture><figcaption>\n<h3>Petit papa No\u00ebl<\/h3>\n<p>Le grand classique des comptines &amp;agrave; chanter en famille &amp;agrave; l&rsquo;approche des f&amp;ecirc;tes de fin d&rsquo;ann&amp;eacute;e, pour rappeler &amp;agrave; tous les petits d&rsquo;&amp;ecirc;tre bien sages en attendant la surprise du P&amp;egrave;re No&amp;euml;l sous le sapin !<\/p>\n<\/figcaption><\/figure>\n<p><\/a>\n            <\/li>\n<\/ul>\n<\/aside>\n<\/div><\/div>\n<p>[ad_2]<br \/>\n<br \/><a href=\"https:\/\/www.journaldesfemmes.fr\/maman\/guide-sorties-en-famille\/2571145-noel-2020-covid-oms-diner-papy-et-mamie-cuisine-confinement-discours-macron\/\">Source link <\/a><\/p>\n","protected":false},"excerpt":{"rendered":"<p>[ad_1] [NOEL 2020]. L&rsquo;OMS estime que \u00ab\u00a0la meilleure option\u00a0\u00bb est d&rsquo;organiser des f\u00eates de No\u00ebl \u00ab\u00a0sans toute la famille\u00a0\u00bb. Quant &hellip; <a href=\"http:\/\/www.affinite.fr\/index.php\/2020\/11\/24\/papy-et-mamie-mangent-dans-la-cuisine-petit-comite\/\" class=\"more-link\">Plus <span class=\"screen-reader-text\">\u00ab\u00a0papy et mamie mangent dans la cuisine\u00a0\u00bb, petit comit\u00e9<\/span> <span class=\"meta-nav\">&rarr;<\/span><\/a><\/p>\n","protected":false},"author":1,"featured_media":5559,"comment_status":"open","ping_status":"open","sticky":false,"template":"","format":"standard","meta":{"_sitemap_exclude":false,"_sitemap_priority":"","_sitemap_frequency":"","footnotes":""},"categories":[1],"tags":[],"class_list":["post-5558","post","type-post","status-publish","format-standard","has-post-thumbnail","hentry","category-tous"],"_links":{"self":[{"href":"http:\/\/www.affinite.fr\/index.php\/wp-json\/wp\/v2\/posts\/5558"}],"collection":[{"href":"http:\/\/www.affinite.fr\/index.php\/wp-json\/wp\/v2\/posts"}],"about":[{"href":"http:\/\/www.affinite.fr\/index.php\/wp-json\/wp\/v2\/types\/post"}],"author":[{"embeddable":true,"href":"http:\/\/www.affinite.fr\/index.php\/wp-json\/wp\/v2\/users\/1"}],"replies":[{"embeddable":true,"href":"http:\/\/www.affinite.fr\/index.php\/wp-json\/wp\/v2\/comments?post=5558"}],"version-history":[{"count":0,"href":"http:\/\/www.affinite.fr\/index.php\/wp-json\/wp\/v2\/posts\/5558\/revisions"}],"wp:featuredmedia":[{"embeddable":true,"href":"http:\/\/www.affinite.fr\/index.php\/wp-json\/wp\/v2\/media\/5559"}],"wp:attachment":[{"href":"http:\/\/www.affinite.fr\/index.php\/wp-json\/wp\/v2\/media?parent=5558"}],"wp:term":[{"taxonomy":"category","embeddable":true,"href":"http:\/\/www.affinite.fr\/index.php\/wp-json\/wp\/v2\/categories?post=5558"},{"taxonomy":"post_tag","embeddable":true,"href":"http:\/\/www.affinite.fr\/index.php\/wp-json\/wp\/v2\/tags?post=5558"}],"curies":[{"name":"wp","href":"https:\/\/api.w.org\/{rel}","templated":true}]}}