{"id":5546,"date":"2020-11-22T18:17:53","date_gmt":"2020-11-22T18:17:53","guid":{"rendered":"https:\/\/www.affinite.fr\/index.php\/2020\/11\/22\/deconfinement-3-etapes-dates-cles-1h-1km-deplacements-attestations\/"},"modified":"2020-11-22T18:17:53","modified_gmt":"2020-11-22T18:17:53","slug":"deconfinement-3-etapes-dates-cles-1h-1km-deplacements-attestations","status":"publish","type":"post","link":"http:\/\/www.affinite.fr\/index.php\/2020\/11\/22\/deconfinement-3-etapes-dates-cles-1h-1km-deplacements-attestations\/","title":{"rendered":"D\u00e9confinement\u00a0: 3\u00a0\u00e9tapes, Dates-cl\u00e9s, 1h\/1km, D\u00e9placements, Attestations&#8230;"},"content":{"rendered":"<p> [ad_1]<br \/>\n<\/p>\n<aside class=\"ccmsummary marqueur_module ccmcss_cms_summary ccmcss_cms_summary--right\">\n<div class=\"ccmsummary-title ccmcss_cms_summary__title\">Sommaire<\/div>\n<div class=\"ccmsummary-content\">\n<ul>\n<li><a href=\"#Vos-questions\">Vos questions :<\/a><\/li>\n<li>&bull; <a href=\"#attestation-reutiliser\">Puis-je effacer mon attestation et la r&eacute;utiliser&nbsp;?<\/a><\/li>\n<li>&bull; <a href=\"#remboursement-auto\">Comment&nbsp;demander le remboursement de mon assurance auto ?<\/a><\/li>\n<li>&bull; <a href=\"#visite-compagnon\">Puis-je rendre visite &agrave; mon compagnon s&#039;il n&#039;habite pas avec moi ?<\/a><\/li>\n<li>&bull; <a href=\"#contester-amendes\">Comment contester ses amendes&nbsp;?&nbsp;<\/a><\/li>\n<li>&bull; <a href=\"#grands-parents-ecole\">Les grands-parents peuvent-ils aller chercher les enfants &agrave; l&#039;&eacute;cole&nbsp;?<\/a><\/li>\n<li>&bull; <a href=\"#attestations-jour\">Peut-on remplir plusieurs attestations par jour&nbsp;?<\/a><\/li>\n<li>&bull;&nbsp;<a href=\"#promener-velo\" target=\"_blank\" rel=\"noopener noreferrer\">Peut-on se promener &agrave; v&eacute;lo&nbsp;?<\/a><\/li>\n<li>&bull; <a href=\"#mariages-enterrements\">Quid des mariages et c&eacute;r&eacute;monies religieuses ?<\/a><\/li>\n<li>&bull; <a href=\"#d\u00e9m\u00e9nager\">Peut-on d&eacute;m&eacute;nager ?<\/a><\/li>\n<li>&bull;&nbsp;<a href=\"#courses-accompagne\" target=\"_blank\" rel=\"noopener noreferrer\">Puis-je faire mes courses accompagn&eacute;&nbsp;?<\/a><\/li>\n<li>&bull;&nbsp;<a href=\"#courses-temps-distance\">Peut-on faire ses achats&nbsp;pendant&nbsp; plus d&#039;une heure ?<\/a><\/li>\n<li>&bull;&nbsp;<a href=\"#risques-invites\" target=\"_blank\" rel=\"noopener noreferrer\">Que risque-t-on si l&#039;on re&ccedil;oit des invit&eacute;s&nbsp;?<\/a><\/li>\n<li><a href=\"#confinement-prolonge\">Un confinement prolong&eacute; ?<\/a><\/li>\n<li><a href=\"#fete-noel\" target=\"_blank\" rel=\"noopener noreferrer\">F&ecirc;te de No&euml;l en famille<\/a><\/li>\n<li><a href=\"#ecole-lycee-bac\">Quid de l&#039;&eacute;cole, du lyc&eacute;e, du bac ?<\/a><\/li>\n<li><a href=\"#confinement-et-sante\">Confinement et sant&eacute;<\/a><\/li>\n<li><a href=\"#prendre-soin-de-soi-pendant-confinement\">Prendre soin de soi pendant le confinement<\/a><\/li>\n<li><a href=\"#confine-a-la-maison\">Confin&eacute;.e.s &agrave; la maison<\/a><\/li>\n<li><a href=\"#confinement-enfance\">Confinement et enfance<\/a><\/li>\n<li><a href=\"#reconfinement-national\">Reconfinement national<\/a><\/li>\n<li><a href=\"#ce-qui-est-autorise\">Ce qui reste autoris&eacute;<\/a><\/li>\n<li><a href=\"#ce-qui-est-interdit\">Ce qui est interdit<\/a><\/li>\n<li><a href=\"#confinement-aides-gouvernement\">Aides du gouvernement<\/a><\/li>\n<\/ul>\n<\/div>\n<\/aside>\n<p><strong>[Mis &agrave; jour dimanche 22&nbsp;novembre &agrave; 19h07]<\/strong>&nbsp;Le mardi&nbsp;<strong>24&nbsp;novembre &agrave; 20h, le pr&eacute;sident de la R&eacute;publique s&#039;adressera aux Fran&ccedil;ais<\/strong> pour &eacute;voquer de possibles<b> <\/b>am&eacute;nagements du <b>confinement<\/b>. Un point d&#039;&eacute;tape essentiel.<br \/><em>&quot;Rien n&#039;est pire que l&#039;incertitude et l&#039;impression d&#039;une morosit&eacute; sans fin&quot;<\/em>, se d&eacute;sole Emmanuel Macron au <em>JDD<\/em>: <em>&quot;Il faut de la coh&eacute;rence, de la clart&eacute;, un cap. Savoir ensemble o&ugrave; nous allons et comment y aller (&#8230;) C&#039;est difficile, car la pand&eacute;mie est par essence impr&eacute;visible et mondiale, mais c&#039;est la cl&eacute; de la confiance, qui elle-m&ecirc;me est la cl&eacute; du succ&egrave;s&quot;<\/em>, d&eacute;taille le chef de l&#039;Etat<br \/>Alors que le nombre de patients en r&eacute;animation poursuit sa d&eacute;crue pour le 5e jour cons&eacute;cutif, <strong>l&#039;ex&eacute;cutif n&#039;envisage pas de mettre&nbsp;fin au confinement.<\/strong><br \/>Selon <em>Le Journal du Dimanche<\/em> qui cite dans le m&ecirc;me article le ministre de la Sant&eacute; Olivier V&eacute;ran: <em>&quot;Aujourd&#039;hui, le niveau de circulation du virus dans le pays est le m&ecirc;me qu&#039;au moment du couvre feu. <strong>Il n&#039;est pas question de d&eacute;confiner&quot;.<\/strong><\/em><\/p>\n<h2>Confinement all&eacute;g&eacute; en 3 &eacute;tapes<\/h2>\n<p>Dans le <em>JDD<\/em> &eacute;galement,<a href=\"https:\/\/www.journaldesfemmes.fr\/people\/magazine\/2673775-gabriel-attal-couple-avec-une-chanteuse-compagnon-gpa-homosexualite-stephane-sejourne-amour\/\"> le porte-parole du gouvernement Gabriel Attal<\/a> pr&eacute;cise que les<em> &quot;assouplissements&quot;<\/em> au confinement <em>&quot;se feront en trois &eacute;tapes au regard de l&#039;&eacute;volution sanitaire et des risques li&eacute;s &agrave; certaines activit&eacute;s: d&#039;abord <strong>autour du 1er\u202fd&eacute;cembre, puis avant les cong&eacute;s de fin d&#039;ann&eacute;e, puis &agrave; partir de janvier\u202f2021&quot;.<\/strong><\/em><\/p>\n<h3>Pas de libert&eacute; de sortir ou se&nbsp;d&eacute;placer<\/h3>\n<p>Pour autant, <em>&quot;le confinement va se poursuivre et donc la limitation des d&eacute;placements aussi&quot;<\/em>, explique M. Attal. <strong>Une attestation pour se d&eacute;placer sera toujours n&eacute;cessaire.<\/strong><\/p>\n<h3>R&eacute;ouverture limit&eacute;e des magasins<\/h3>\n<p>Gabriel Attal confirme l&#039;horizon d&#039;une <strong>r&eacute;ouverture des commerces<em> &quot;autour du 1er d&eacute;cembre&quot;,<\/em><\/strong> soulignant que <em>&quot;le Pr&eacute;sident est conscient des efforts consentis et attach&eacute; &agrave; la valeur travail&quot;, <\/em>mais que <strong><em>&quot;certains &eacute;tablissements, comme les bars et restaurants, continueront &agrave; conna&icirc;tre des restrictions&quot;.<\/em><\/strong><\/p>\n<h3>Vaccination obligatoire ?<\/h3>\n<p>Pour les vaccins, la voix du gouvernement&nbsp;affirme que la France a trois contrats <em>&quot;sign&eacute;s, au moins trois autres tr&egrave;s avanc&eacute;s et d&#039;autres en discussion&quot;, <\/em>avec<em> &quot;en moyenne 30&nbsp;millions de doses par contrat&quot;.<\/em><br \/>La question d&#039;un vaccin obligatoire ou pas, qui divise la classe politique, &quot;se posera quand on conna&icirc;tra les propri&eacute;t&eacute;s des vaccins&quot;, dit-il.<br \/>Gabriel Attal&nbsp;juge par ailleurs <em>&quot;int&eacute;ressante, &agrave; titre personnel&quot;, la <strong>possibilit&eacute; de rendre obligatoire l&#039;isolement des cas positifs et des cas contacts.&nbsp;<\/strong><\/em><\/p>\n<h2>Castex&nbsp;face aux petits commer&ccedil;ants<\/h2>\n<p>Quatre jour avant l&#039;allocution pr&eacute;sidentielle, le Premier ministre s&#039;est rendu, ce&nbsp; samedi 21&nbsp;novembre, &agrave; Dijon. Son objectif&nbsp;? S&#039;entretenir avec les <b>soignants<\/b> de la r&eacute;gion mobilis&eacute;s durant cette crise, et rencontrer les <b>acteurs &eacute;conomiques et repr&eacute;sentants<\/b> de commer&ccedil;ants &agrave; la pr&eacute;fecture du C&ocirc;te-d&#039;Or.<br \/>Jean Castex a profit&eacute; de ce&nbsp;rendez-vous pour rappeler que les commerces dits &quot;<i>non-essentiels<\/i>&quot; devraient rouvrir leurs portes <b>&quot;<i>autour du premier d&eacute;cembre<\/i>&quot;<\/b>. Et le chef du gouvernement de pr&eacute;ciser, devant les professionnels du secteur: <i>&quot;N&#039;attendez pas ce matin de moi une date pr&eacute;cise, parce que mon indicateur, ce sont les crit&egrave;res sanitaires&quot;<\/i>.&nbsp;<\/p>\n<p>Une visite qui intervient alors qu&#039;une soixantaine de s&eacute;nateurs de la droite et du centre s&#039;&eacute;l&egrave;vent contre <b>l&#039;une des mesures sanitaires <\/b>&eacute;dict&eacute;e par le gouvernement? Dans leur viseur&nbsp;?<\/p>\n<h2>Suspension de la limite du 1km\/1h ?<\/h2>\n<p>Dans une lettre adress&eacute;e au premier ministre, ces 68 s&eacute;nateurs&nbsp;militent pour la lev&eacute;e de la <b>&quot;<i>la limitation de l&#039;exercice physique en plein air<\/i>&quot;<\/b> qui&nbsp;&quot;<i>manque de sens<\/i>&quot;, selon eux. &quot;<i>Sur le plan sanitaire, les &eacute;tudes r&eacute;centes d&eacute;montrent que le risque de contamination &agrave; la Covid-19&nbsp;en plein air et dans le respect des gestes barri&egrave;res est quasi inexistant<\/i>&quot;, argumentent les s&eacute;nateurs parmi lesquels on peut notamment citer Michel Savin, s&eacute;nateur LR de l&#039;Is&egrave;re, et C&eacute;line Boulay-Esp&eacute;ronnier, s&eacute;natrice LR de Paris.&nbsp;<\/p>\n<p>Une demande qui s&#039;accompagne <b>d&#039;une autre<\/b> : une meilleure &quot;<i>prise en consid&eacute;ration des risques li&eacute;s &agrave; la s&eacute;dentarit&eacute;<\/i>&quot;. Le <b>diab&egrave;te<\/b>, <b>l&#039;ob&eacute;sit&eacute;<\/b> hypertension art&eacute;rielle, la <b>d&eacute;pression<\/b> ou encore <b>l&#039;anxi&eacute;t&eacute;<\/b> peuvent en effet en d&eacute;couler.&nbsp;<\/p>\n<p>Un ensemble de risques, assurent-ils, &quot;<b><i>d&#039;autant plus importants <\/i><\/b><i>que nombre de nos concitoyens travaillent actuellement de chez eux et r&eacute;duisent de facto leur activit&eacute; physique journali&egrave;re<\/i>&quot;.&nbsp;<\/p>\n<div class=\"ccminsert\">\n<aside class=\"app_widget_fo app_widget_fo--call\">\n<ul>\n<li>                <a href=\"https:\/\/www.journaldesfemmes.fr\/societe\/actu\/2677319-1h-1km-une-mesure-de-confinement-100-francaise-et-une-regle-absurde\/\" class=\"jGTMWidgetGAEventClick\" data-GTMWidgetGaEventAction=\"clickWidgetCall\" data-GTMWidgetGaEventLabel=\"1h\/1km\u00a0: une mesure de confinement 100% fran\u00e7aise... et une r\u00e8gle absurde\u00a0?\"><br \/>\n<figure>                                                                                <img decoding=\"async\" src=\"https:\/\/img-3.journaldesfemmes.fr\/LqZw5b-P16RaIGEV1dH91zhRqNc=\/200x132\/smart\/9ebfd785a014406a8291f3a73a3c3a45\/ccmcms-jdf\/20239832.jpg\" alt=\"\"><figcaption>\n<h3>1h\/1km\u00a0: une mesure de confinement 100% fran\u00e7aise&#8230; et une r\u00e8gle absurde\u00a0?<\/h3>\n<p>Les Fran\u00e7ais confin\u00e9s, n&#039;ont, pour leur exercice physique individuel (et la sortie de leurs animaux de compagnie), pas le droit de d\u00e9passer une dur\u00e9e d&#039;une heure et un p\u00e9rim\u00e8tre d&#039;un kilom\u00e8tre. Cette limitation des mouvements dans l&#039;espace et le temps serait mauvaise pour le moral et m\u00eame dangereuse pour la sant\u00e9. Les critiques fusent et les autres pays se moquent\u00a0!<\/p>\n<\/figcaption><\/figure>\n<p>                <\/a>            <\/li>\n<\/ul>\n<\/aside>\n<\/div>\n<h2>Question du jour: Est-il possible de cocher plusieurs cases de son attestation de d&eacute;placement&nbsp;?&nbsp;<\/h2>\n<p>Vous souhaitez faire vos courses apr&egrave;s &ecirc;tre all&eacute;e &agrave; votre rendez-vous m&eacute;dical&nbsp;? Probl&egrave;me&nbsp;: <strong>vous ne savez pas quelle case cocher<\/strong>&nbsp;!&nbsp;<\/p>\n<p>Sachez que vous n&#039;avez pas &agrave; choisir&nbsp;: vous avez le droit d&#039;en cocher <strong>plusieurs<\/strong>&nbsp;! Ainsi, il vous suffira de cocher les cases correspondantes &agrave; vos motifs de d&eacute;placements.&nbsp;<\/p>\n<p>Et bonne nouvelle&nbsp;: le gouvernement le conseille m&ecirc;me. C&#039;est, en effet, une mani&egrave;re comme une autre de l<strong>es limiter<\/strong>.&nbsp;<\/p>\n<h2>Fait du jour&nbsp;: No&euml;l au balcon-fin&eacute;&nbsp;?<\/h2>\n<div class=\"ccminsert\">\n<aside class=\"app_widget_fo app_widget_fo--call\">\n<ul>\n<li>                <a href=\"https:\/\/www.journaldesfemmes.fr\/societe\/actu\/2677157-deplacements-cadeaux-reunion-de-famille-diner-le-point-sur-noel-et-vos-fetes-de-fin-d-annees\/\" class=\"jGTMWidgetGAEventClick\" data-GTMWidgetGaEventAction=\"clickWidgetCall\" data-GTMWidgetGaEventLabel=\"D\u00e9placements, Cadeaux, R\u00e9union de famille, D\u00eener...\u00a0: le point sur No\u00ebl et vos f\u00eates de fin d&#039;ann\u00e9es\"><br \/>\n<figure>                                                                                <img decoding=\"async\" src=\"https:\/\/img-3.journaldesfemmes.fr\/hGGImMth4mQ0v5lOMqJmYVAR4yc=\/200x132\/smart\/a67a4c3545b9423abf45542b4b00f9d4\/ccmcms-jdf\/20194266.jpg\" alt=\"\"><figcaption>\n<h3>D\u00e9placements, Cadeaux, R\u00e9union de famille, D\u00eener&#8230;\u00a0: le point sur No\u00ebl et vos f\u00eates de fin d&#039;ann\u00e9es<\/h3>\n<p>Petit comit\u00e9 \u00e0 6\u00a0ou 10, table en visio, train, sapin\u2026 \u00c0 quoi peut-on s&#039;attendre pour le R\u00e9veillon de No\u00ebl et celui de la Saint-Sylvestre qui seront forc\u00e9ment affect\u00e9es par la situation sanitaire\u00a0? Voil\u00e0 \u00e0 quoi pourraient ressembler vos f\u00eates.<\/p>\n<\/figcaption><\/figure>\n<p>                <\/a>            <\/li>\n<\/ul>\n<\/aside>\n<\/div>\n<p>Le Premier Ministre&nbsp;a rencontr&eacute; les responsables de partis et groupes parlementaires<\/p>\n<p>Vendredi 20&nbsp;novembre, le Premier Ministre s&#039;est entretenu avec&nbsp;les responsables de partis et groupes parlementaires durant une visioconf&eacute;rence o&ugrave; la question de la r&eacute;ouverture des commerces dits &quot;<i>non-essentiels<\/i>&quot; a &eacute;t&eacute; &eacute;voqu&eacute;e.<br \/>Plus t&ocirc;t dans la journ&eacute;e,<strong>&nbsp;<\/strong>Jean Castex, en visite dans le Finist&egrave;re,&nbsp;avait affirm&eacute; que nous &eacute;tions <strong>&quot;<em>sur la bonne voie<\/em>&quot;,<\/strong> en terme de ralentissement de l&#039;&eacute;pid&eacute;mie,<strong>&nbsp;<\/strong>mais le<strong>&nbsp;chef du gouvernement a &quot;<i>refus&eacute; de valider la r&eacute;ouverture des commerces le samedi 28&nbsp;novembre<\/i>&quot;, <\/strong>selon les informations recueillies par <em>Ouest-France<\/em><b>.<\/b><\/p>\n<p>Une donne qui n&#039;a pas emp&ecirc;ch&eacute; les responsables politiques <b>de plaider pour des r&egrave;gles sanitaires renforc&eacute;es<\/b> dans les commerces afin de favoriser leur reprise d&#039;activit&eacute;. Le pr&eacute;sident du groupe LR &agrave; l&#039;Assembl&eacute;e, Damien Abad, a, par exemple, encourag&eacute; la r&eacute;ouverture des commerces sans mise en place de contraintes de type rendez-vous. Le Pr&eacute;sident du Groupe LREM, Stanislas Gu&eacute;rini, a, lui, d&eacute;fendu un renforcement des contr&ocirc;les. Des demandes rest&eacute;es sans retour puisque <b>Jean Castex n&#039;a pas voulu&nbsp;d&eacute;voiler les mesures<\/b> qui seront annonc&eacute;es par le Pr&eacute;sident mardi prochain.&nbsp;<\/p>\n<p>Plus t&ocirc;t dans la journ&eacute;e, <b>les commer&ccedil;ants &eacute;taient pourtant re&ccedil;us &agrave; Bercy.<\/b> L&#039;objectif&nbsp;? Les informer du nouveau protocole sanitaire qui devrait rentrer en vigueur dans les prochains jours. Un ensemble de consignes qui devrait &ecirc;tre transmis ce week-end au <i>Haut Conseil de la sant&eacute; publique a<\/i>fin qu&#039;il puisse le valider.&nbsp;<\/p>\n<h2>Nouveau protocole sanitaire dans les commerces<\/h2>\n<p>Selon les informations de France Info, ces mesures devraient concerner tous les commerces &#8211; y compris ceux qui sont rest&eacute;s ouverts pendant le confinement. Il devrait &eacute;galement s&#039;articuler autour de quelques mesures phares comme&nbsp;:&nbsp;<\/p>\n<h3>&#8211; mettre en place <b>une jauge d&#039;une personne par 8m&sup2;<\/b>, contre 4m&sup2; avant le reconfinement&nbsp;<\/h3>\n<h3>-contraindre les commer&ccedil;ants <b>&agrave; diviser par deux le nombre de personnes<\/b> pr&eacute;sentes dans leur enseigne<\/h3>\n<p><i>&quot;La r&egrave;gle sera la m&ecirc;me pour tous les magasins, quelle que soit leur surface&quot;, <\/i>a assur&eacute; sur France Info le pr&eacute;sident de la F&eacute;d&eacute;ration du commerce et de la distribution, Jacques Creyssel, ce vendredi 20&nbsp;novembre. Et d&#039;ajouter:<b>&nbsp;&quot;<i>Nous avons donn&eacute; notre accord ce matin<\/i>&quot;<\/b>.&nbsp;<\/p>\n<p>Ce dernier pr&eacute;vient pourtant&nbsp;: la mise en place d&#039;une telle mesure se traduira par &quot;<i>de possibles files d&#039;attente<\/i>&quot;. Une conviction qui l&#039;a amen&eacute; &agrave; plaider pour &quot;<i>un &eacute;largissement des horaires d&#039;ouverture des magasins&quot;<\/i>&nbsp;et sur&nbsp;<i>&quot;le fait de pouvoir ouvrir tous les dimanches jusqu&#039;&agrave; No&euml;l et si possible en janvier&quot;<\/i>.&nbsp;Un ensemble de propositions visant &agrave; &quot;<i>&eacute;taler les flux<\/i>&quot;, mais aussi &agrave; &quot;<i>rattraper le chiffre d&#039;affaire perdu<\/i>&quot; sur lequel le minist&egrave;re du Travail a pr&eacute;vu de se pencher.<\/p>\n<p>En ce qui concerne l&#039;ancien protocole sanitaire, la mise &agrave; disposition de <b>gel hydroalcoolique <\/b>&agrave; l&#039;entr&eacute;e des magasins et le <b>marquage au sol<\/b> restent en vigueur. Pour autant, la mise en place d&#039;<b>un sens de circulation <\/b>ne sera pas obligatoire.&nbsp;<\/p>\n<p>Enfin, les commerces qui sont en mesure de le faire &#8211; comme les concessions automobiles&nbsp; &#8211; seront encourag&eacute;s<b> &agrave; accueillir les clients sur rendez-vous<\/b>. La d&eacute;cision finale, cependant, devrait &ecirc;tre laiss&eacute;e au commer&ccedil;ant.&nbsp;<\/p>\n<h2>Annonces de Macron mardi 24&nbsp;novembre &agrave; 20h<\/h2>\n<p>Emmanuel Macron <strong>s&#039;exprimera mardi 24&nbsp;novembre<\/strong> <strong>&agrave; 20h<\/strong>, selon le service politique de France T&eacute;l&eacute;visions. Le chef de l&#039;&Eacute;tat &eacute;noncera quelles mesures seront mises en place pour all&eacute;ger le confinement.<\/p>\n<p>Mais que nous dira le chef de l&#039;Etat&nbsp;en milieu de semaine prochaine&nbsp;? Le pr&eacute;sident de la R&eacute;publique va s&#039;exprimer aupr&egrave;s des Fran&ccedil;ais&nbsp;sur une<b> sortie progressive du confinement. <\/b>En Conseil de D&eacute;fense, le 18&nbsp;novembre, trois grandes pistes ont &eacute;t&eacute; &eacute;voqu&eacute;es, selon <i>Le Parisien<\/i>:&nbsp;&nbsp;&quot;<i>un am&eacute;nagement des r&egrave;gles en vigueur<\/i>&quot;, &quot;<i>un assouplissement&quot;<\/i> ou &quot;<i>un retour &agrave; une certaine normalit&eacute;<\/i>&quot;.<\/p>\n<h3><b>R&eacute;ouverture des commerces<\/b><\/h3>\n<p><b>Les mesures annonc&eacute;es&nbsp;<\/b>devraient marquer un &quot;<i>all&egrave;gement&quot; <\/i>des restrictions, avec notamment la <b>r&eacute;ouverture des commerces<\/b> &quot;<em>autour du 1er d&eacute;cembre<\/em>&quot;, selon Jean Castex.&nbsp;<\/p>\n<p>Une reprise d&#039;activit&eacute; qui sera pourtant conditionn&eacute;e &agrave; l&#039;entr&eacute;e en vigueur du<strong>&nbsp;nouveau protocole sanitaire renforc&eacute;&nbsp;<\/strong>pr&eacute;sent&eacute;, ce vendredi 20&nbsp;d&eacute;cembre, aux commer&ccedil;ants.&nbsp;<\/p>\n<h3>La reprise des c&eacute;r&eacute;monies et offices religieux<\/h3>\n<p>Les c&eacute;r&eacute;monies religieuses pourraient enfin reprendre, mais celles-ci seraient tout de m&ecirc;me limit&eacute;es par <strong>une jauge de 30&nbsp;personnes<\/strong>, comme celle qui est actuellement mise en place pour les enterrements, selon <i>Le Parisien<\/i>.<\/p>\n<p>&quot;<i>Mais des r&eacute;flexions sont encore en cours. C&#039;est aussi une histoire de m&egrave;tres carr&eacute;s par personne, et de protocole sanitaire tr&egrave;s adapt&eacute;<\/i>&quot;, a d&eacute;clar&eacute; un membre du gouvernement au quotidien local.<\/p>\n<h3>Th&eacute;&acirc;tres et cin&eacute;mas&nbsp;: une r&eacute;ouverture &agrave; la mi-d&eacute;cembre&nbsp;?&nbsp;<\/h3>\n<p>C&#039;est une annonce tr&egrave;s attendue. Selon les informations du <i>Le Film fran&ccedil;ais<\/i>, le gouvernement envisagerait &quot;<i>une r&eacute;ouverture des cin&eacute;mas hexagonaux et des salles de spectacle le mercredi 9&nbsp;d&eacute;cembre ou le mercredi 16&nbsp;d&eacute;cembre<\/i>&nbsp;&quot;.<\/p>\n<p>Des dates qui ne seraient, pour l&#039;heure,&nbsp; qu&#039;au stade d&#039;&quot;<strong><em>hypoth&egrave;ses &eacute;tudi&eacute;es par l&#039;ex&eacute;cutif<\/em><\/strong>&quot;.&nbsp;<\/p>\n<h3>Quid des bars et restaurants&nbsp;?<\/h3>\n<p>Quant &agrave; la question de la<b> r&eacute;ouverture des bars et restaurants<\/b>, elle n&#039;est vraisemblablement pas encore d&#039;actualit&eacute;&#8230; Selon certaines sources, ceux-ci ne pourraient rouvrir avant la<b> mi-janvier, voire f&eacute;vrier<\/b>&#8230;<\/p>\n<h3>La saison des stations de ski va-t-elle pouvoir commencer&nbsp;?&nbsp;<\/h3>\n<p>Habituellement, la saison hivernale des stations de ski d&eacute;bute autour des vacances de No&euml;l.&nbsp;Un protocole sanitaire a donc &eacute;t&eacute; pens&eacute;. Au programme&nbsp;? Le <strong>port du masque<\/strong> obligatoire d&egrave;s l&#039;&acirc;ge de 11&nbsp;ans, une <strong>jauge maximale<\/strong> de six personnes par t&eacute;l&eacute;cabine et de huit sur un t&eacute;l&eacute;si&egrave;ge, une <strong>distanciation physique <\/strong>dans les files d&#039;attente&hellip;&nbsp;<\/p>\n<p>Pour l&#039;heure pour autant, les professionnels du secteur n&#039;ont toujours pas eu la <strong>confirmation<\/strong> du gouvernement quant &agrave; leur r&eacute;ouverture possible. &quot;<em>On esp&egrave;re un lancement autour de la mi-d&eacute;cembre, peut-&ecirc;tre la troisi&egrave;me semaine<\/em>.&quot;, a tout de m&ecirc;me pr&eacute;cis&eacute; au Point Claudie Blanc-Eberhart, directrice g&eacute;n&eacute;rale de Savoie Mont-Blanc Tourisme.<\/p>\n<h3>A nouveau du public dans les stades&nbsp;?&nbsp;<\/h3>\n<p>Les supporters attendent de pied <a href=\"http:\/\/www.affinite.fr\/index.php\/2022\/10\/22\/la-creme-glacee-la-nouvelle-culture-commerciale\/\">ferme<\/a> de pouvoir revenir dans les stades. Malheureusement, cela ne devrait pas se produire avant <strong>d&eacute;but 2021<\/strong>. Selon la ministre des Sports Roxana Maracineanu dans <i>Tout le sport <\/i>sur&nbsp;<i>France 3<\/i>&nbsp;mercredi 18&nbsp;novembre, une jauge d&#039;accueil maximale conditionn&eacute;e &agrave; l&#039;&eacute;volution de la situation sanitaire et &agrave;&nbsp; la taille des infrastructures pourrait alors s&#039;appliquer.<\/p>\n<h3>Le port du masque&nbsp;: toujours obligatoire pour les enfants de moins de 6&nbsp;ans&nbsp;?&nbsp;<\/h3>\n<p>Depuis les vacances de la Toussaint, les enfants, <strong>d&egrave;s l&#039;&acirc;ge de 6&nbsp;ans<\/strong>, doivent porter un masque. Une mesure qui s&#039;applique en <strong>classe<\/strong>, mais aussi pendant les <strong>r&eacute;cr&eacute;ations<\/strong>.&nbsp;<\/p>\n<p>Pour l&#039;heure, il est trop t&ocirc;t pour dire si elle sera maintenue ou non. Le ministre de l&#039;Education Nationale Jean-Michel Blanquer n&#039;a, en effet, laiss&eacute; transpara&icirc;tre aucun &eacute;l&eacute;ment de r&eacute;ponse. A noter qu&#039;Emmanuel Macron a cependant confi&eacute; souhaiter voir<strong> les activit&eacute;s sportives des enfants dans des clubs reprendre en d&eacute;cembre.&nbsp;<\/strong><\/p>\n<h3>20&nbsp;d&eacute;cembre :&nbsp;fin des attestations de d&eacute;placement d&eacute;rogatoire ?<\/h3>\n<p>Vraisemblablement, les Fran&ccedil;ais pourraient se d&eacute;placer<b>&nbsp;durant les f&ecirc;tes de fin d&#039;ann&eacute;e<\/b>, mais celles-ci devraient tout de m&ecirc;me &ecirc;tre c&eacute;l&eacute;br&eacute;es en petit comit&eacute;. &quot;<i>Il faudrait une catastrophe, une reprise incontr&ocirc;l&eacute;e de l&#039;&eacute;pid&eacute;mie pour ne pas permettre aux Fran&ccedil;ais de passer No&euml;l en famille<\/i>&quot;, a expliqu&eacute; un proche du chef de l&#039;&Eacute;tat au <i>Figaro<\/i>.<\/p>\n<p>Evoqu&eacute;e dans le plan du gouvernement, selon<em> Europe 1<\/em>&nbsp;: la date&nbsp;20&nbsp;d&eacute;cembre marquerait la fin des attestations de d&eacute;placement. Une &eacute;volution qui interviendrait le dimanche&nbsp;alors que&nbsp;les vacances de No&euml;l d&eacute;butent le vendredi 18&nbsp;d&eacute;cembre au soir, mais qui donnent espoir pour des retrouvailles&nbsp;familiales (en petit comit&eacute;) au-del&agrave; du kilom&egrave;tre r&eacute;glementaire&#8230;<\/p>\n<div class=\"ccminsert\">\n<aside class=\"app_widget_fo app_widget_fo--call\">\n<ul>\n<li>                <a href=\"https:\/\/www.journaldesfemmes.fr\/societe\/actu\/2677183-prison-courses-attestation-confinement-incoherences-deconfinement\/\" class=\"jGTMWidgetGAEventClick\" data-GTMWidgetGaEventAction=\"clickWidgetCall\" data-GTMWidgetGaEventLabel=\"Amende (\u00e0 tort) pour des courses, Prison pour d\u00e9faut d&#039;attestation... Trop (confin\u00e9), c&#039;est trop\u00a0?\"><br \/>\n<figure>                                                                                <img decoding=\"async\" src=\"https:\/\/img-3.journaldesfemmes.fr\/CgW5rXzhLOvUnQcMrrvfau78Tfc=\/200x132\/smart\/874dbe17de1748dc905d24ff574f2310\/ccmcms-jdf\/20213543.jpg\" alt=\"\"><figcaption>\n<h3>Amende (\u00e0 tort) pour des courses, Prison pour d\u00e9faut d&#039;attestation&#8230; Trop (confin\u00e9), c&#039;est trop\u00a0?<\/h3>\n<p>Deux Fran\u00e7ais ont \u00e9t\u00e9 condamn\u00e9s \u00e0 une peine de prison, \u00e0 quelques jours d&#039;intervalle, car ils se d\u00e9pla\u00e7aient sans attestation. D&#039;autres ont \u00e9t\u00e9 verbalis\u00e9s (\u00e0 tort) pour avoir fait des achats trop loin. A-t-on \u00e9t\u00e9 trop loin dans la r\u00e9pression\u00a0?<\/p>\n<\/figcaption><\/figure>\n<p>                <\/a>            <\/li>\n<\/ul>\n<\/aside>\n<\/div>\n<h3>Mise en place d&#039;un couvre-feu&nbsp;?<\/h3>\n<p>Un all&egrave;gement des mesures restrictives qui<b>&nbsp;<\/b>devrait &ecirc;tre totalement diff&eacute;rent du d&eacute;confinement du printemps puisqu&#039;il pourrait s&#039;accompagner&nbsp;d&#039;autres mesures restrictives.<\/p>\n<p>Le pr&eacute;sident de la R&eacute;publique pourrait donc annoncer la <b>mise en place d&#039;un couvre-feu <\/b>d&egrave;s la fin du confinement.&nbsp;<br \/><b>Jean Castex devrait quant &agrave; lui s&#039;exprimer le 26&nbsp;novembre<\/b> sur la prochaine &eacute;tape.&nbsp;<\/p>\n<h2>Le Black Friday, d&eacute;cal&eacute; au 4&nbsp;d&eacute;cembre&nbsp;<\/h2>\n<p>C&#039;est d&eacute;sormais act&eacute;&nbsp;! Traditionnellement organis&eacute; le dernier vendredi de novembre, le Black Friday &agrave; la fran&ccedil;aise <b>sera d&eacute;cal&eacute; cette ann&eacute;e au 4&nbsp;d&eacute;cembre<\/b>. Une d&eacute;cision n&eacute;e d&#039;une concertation entre le gouvernement et les marchands.&nbsp;<\/p>\n<p>Ce changement de calendrier poursuit un objectif&nbsp;: <b>permettre aux magasins dits &quot;<i>non-essentiels<\/i>&quot; de profiter de ce week-end<\/b> de prix cass&eacute;s. Si une possible r&eacute;ouverture de ces derniers d&egrave;s le 28&nbsp;novembre &eacute;tait esp&eacute;r&eacute;e par les professionnels du secteur, le premier ministre se contente en effet, pour l&#039;heure, d&#039;&eacute;voquer une r&eacute;ouverture pr&eacute;vue <b>&quot;<i>autour du 1er d&eacute;cembre<\/i>&quot;.&nbsp;<\/b><\/p>\n<p>Du c&ocirc;t&eacute; de la vente en ligne, <em>Amazon France<\/em> a &eacute;galement <strong>accept&eacute;<\/strong> de repousser ses op&eacute;rations de promotion au 4&nbsp;d&eacute;cembre, a confirm&eacute; le directeur Fr&eacute;d&eacute;ric Duval &agrave;&nbsp;<i>France Info<\/i>. Une d&eacute;cision qui pourrait permettre <strong>aux enseignes physiques de rester dans le jeu.<\/strong>&nbsp;<\/p>\n<p>Fran&ccedil;ois Asselin,&nbsp;pr&eacute;sident de la Conf&eacute;d&eacute;ration des petites et moyennes entreprises, craint toutefois que les Fran&ccedil;ais&nbsp;<b>se rabattent sur les sites &eacute;trangers<\/b>.&nbsp;<\/p>\n<p>A noter que le gouvernement ne pourra, par ailleurs, <b>pas tout contr&ocirc;ler<\/b>. &quot;<i>Les enseignes les plus malignes seront celles qui maintiendront leurs promotions, en disant qu&#039;il s&#039;agit de&nbsp;<\/i><b><i>promos pour No&euml;l<\/i><\/b><i>&nbsp;par exemple&quot;&nbsp;<\/i>, a d&eacute;clar&eacute; au Parisien&nbsp;Rapha&euml;l Bartlom&eacute;,&nbsp;responsable du service juridique de l&#039;UFC-Que choisir.<\/p>\n<h2><strong>La France &quot;encore <em>loin du d&eacute;confinement<\/em>&quot;<\/strong>&nbsp;<\/h2>\n<p>Ne nous faisons pas d&#039;illusion&#8230; <strong>Le d&eacute;confinement&nbsp;? &quot;<em>On n&#039;y est pas<\/em>&quot;,<\/strong> a d&eacute;j&agrave; d&eacute;clar&eacute; Gabriel Attal, le 20&nbsp;novembre sur <em>France Info<\/em>. Malgr&eacute; tout, le porte-parole du gouvernement se veut relativement rassurant sur le plan sanitaire: &quot;<em>Il y a une <strong>am&eacute;lioration<\/strong>. C&#039;est important de dire aux Fran&ccedil;ais qu&#039;ils ne font pas des efforts pour rien<\/em>&quot;.<\/p>\n<p>Il a pr&eacute;cis&eacute;&nbsp;: &quot;<em>Le travail qui est fait c&#039;est de savoir si cette am&eacute;lioration peut nous permettre autour du 1er d&eacute;cembre d&#039;avoir une <strong>adaptation &eacute;ventuelle du confinement<\/strong><\/em><strong>&quot;<\/strong>. L&#039;objectif, selon lui, est de permettre le travail &agrave; ceux&nbsp;qui n&#039;ont pas encore la possibilit&eacute; d&#039;exercer leur activit&eacute;.<\/p>\n<p>Et le porte-parole du gouvernement d&#039;ajouter:&nbsp;&quot;<em>Le Pr&eacute;sident l&#039;a rappel&eacute;&nbsp;: rel&acirc;cher nos efforts maintenant, c&#039;est prendre le risque de les avoir faits pour rien<\/em>&quot;.<\/p>\n<p>Quant &agrave; la r&egrave;gle de la <strong>limite de 1h\/1km pour les promenades<\/strong>, elle &quot;<em>fait partie des choses&nbsp; qui peuvent &ecirc;tre discut&eacute;es<\/em>&quot;, a-t-il expliqu&eacute;.<br \/>En ce qui concerne les<strong> vacances de No&euml;l<\/strong>, Gabriel Attal a conseill&eacute; aux Fran&ccedil;ais <strong>d&#039;attendre d&eacute;but d&eacute;cembre<\/strong> pour effectuer d&#039;&eacute;ventuelles r&eacute;servations, afin d&#039;avoir plus de &quot;<em>visibilit&eacute;<\/em>&quot;.<\/p>\n<p>M&ecirc;me son de cloche pour la <strong>ministre du Travail Elisabeth Borne<\/strong>, qui a jug&eacute; qu&#039;il &eacute;tait encore &quot;<strong><em>trop t&ocirc;t<\/em><\/strong>&quot; pour<strong> r&eacute;server ses vacances au sport d&#039;hiver<\/strong>. &quot;<em>Quand on voit les indicateurs sanitaires,<\/em> (&#8230;) <em>notamment en Auvergne-Rh&ocirc;ne-Alpes, o&ugrave; on a beaucoup de stations de sport d&#039;hiver, c&#039;est une des r&eacute;gions qui a la plus forte saturation<\/em> (&#8230;) <em>et faire arriver, dans ce contexte, beaucoup de touristes,<\/em> (&#8230;)<em> c&#039;est vrai que &ccedil;a semble difficile<\/em>&quot;, a-telle expliqu&eacute; sur <em>BFM TV<\/em>.&nbsp;<\/p>\n<p>Comme Olivier V&eacute;ran, qui avait annonc&eacute; quelques jours plus t&ocirc;t que les <strong>attestations de d&eacute;placement ne disparaitraient pas le 1er d&eacute;cembre<\/strong>, Elisabeth Borne a d&eacute;clar&eacute; que nous devrions continuer &agrave; nous munir de ces papiers pour pouvoir circuler, dans les prochaines semaines. &quot;<em>On cherche la meilleure fa&ccedil;on d&#039;assouplir les r&egrave;gles<\/em>&quot;, a ajout&eacute; la ministre du Travail, qui &eacute;voque notamment la<strong> r&eacute;ouverture des commerces au &quot;<em>plus t&ocirc;t<\/em>&quot;.<\/strong><\/p>\n<h2>La jeunesse, g&eacute;n&eacute;ration sacrifi&eacute;e ?<\/h2>\n<p>Pour 75 % des Fran&ccedil;ais, les jeunes d&#039;aujourd&#039;hui sont une <strong>g&eacute;n&eacute;ration sacrifi&eacute;e<\/strong>, selon un sondage Odoxa pour <em>Le Figaro<\/em> et <em>France Info<\/em>.<\/p>\n<p>Environ 65&nbsp;%&nbsp;des sond&eacute;s estiment que la <strong>jeunesse<\/strong> est &quot;<em>celle qui est actuellement la plus p&eacute;nalis&eacute;e par la crise sanitaire et ses cons&eacute;quences<\/em>&quot; et 85&nbsp;% consid&egrave;rent qu&#039;elle &quot;<em>sera plus encore &agrave; l&#039;avenir p&eacute;nalis&eacute;e par les cons&eacute;quences &eacute;conomiques de cette crise sanitaire<\/em>&quot;.<\/p>\n<p>Quant aux principaux int&eacute;ress&eacute;s, les jeunes, ils sont 75&nbsp;%&nbsp;&agrave; d&eacute;clarer qu&#039;ils subissent &quot;<em>des<strong> pr&eacute;judices importants<\/strong><\/em>&quot;, depuis le d&eacute;but de la pand&eacute;mie, que ce soit sur le plan professionnel, &eacute;conomique ou sentimental.<\/p>\n<div class=\"ccminsert\">\n<aside class=\"app_widget_fo app_widget_fo--call\">\n<ul>\n<li>                <a href=\"https:\/\/www.journaldesfemmes.fr\/maman\/enfant\/2677181-jeunes-confinement-psychologie\/\" class=\"jGTMWidgetGAEventClick\" data-GTMWidgetGaEventAction=\"clickWidgetCall\" data-GTMWidgetGaEventLabel=\"Pourquoi les jeunes vivent-ils mal ce nouveau confinement\u00a0?\"><br \/>\n<figure>                                                                                <img decoding=\"async\" src=\"https:\/\/img-3.journaldesfemmes.fr\/-jQMxGI5WoFG2ldsbCe77Mq_AOg=\/200x132\/smart\/31709da7f6c74df78271d0bde0bf214f\/ccmcms-jdf\/20213328.jpg\" alt=\"\"><figcaption>\n<h3>Pourquoi les jeunes vivent-ils mal ce nouveau confinement\u00a0?<\/h3>\n<p>Plus de sorties, de retrouvailles entre amis, cours \u00e0 la maison, inqui\u00e9tude quant \u00e0 leur avenir&#8230; Pour les adolescents d\u00e8s 15\u00a0ans, ce nouveau confinement est difficile \u00e0 vivre, r\u00e9v\u00e8le un sondage Odoxa-Dentsu r\u00e9alis\u00e9 pour France Info et Le Figaro.<\/p>\n<\/figcaption><\/figure>\n<p>                <\/a>            <\/li>\n<\/ul>\n<\/aside>\n<\/div>\n<p>Ils sont 57&nbsp;% &agrave; avoir du mal &agrave; supporter le confinement, mais 46&nbsp;% d&#039;entre eux sont <strong>inquiets<\/strong> pour leur sant&eacute;, et 80&nbsp;%&nbsp;<strong>craignent pour celle de leur proche<\/strong>.<\/p>\n<p>D&#039;un autre c&ocirc;t&eacute;, un Fran&ccedil;ais sur deux estime que la jeunesse est en grande partie <strong>responsable<\/strong> &quot;<em>de la situation sanitaire actuelle car c&#039;est elle qui a le plus propag&eacute; l&#039;&eacute;pid&eacute;mie<\/em>&quot;.&nbsp;<\/p>\n<h2>&quot;Mal-&ecirc;tre, ras le bol, d&eacute;prime&quot; des Fran&ccedil;ais, mais &quot;pas de d&eacute;confinement&quot; selon V&eacute;ran<\/h2>\n<p><strong>Olivier V&eacute;ran<\/strong> a&nbsp;&eacute;voqu&eacute; &quot;<em>la face cach&eacute;e<\/em>&quot; du coronavirus, lors de sa conf&eacute;rence de presse hebdomadaire, le 19 novembre. &quot;<em>On l&#039;appelle <strong>mal-&ecirc;tre, ras le bol, stress, anxi&eacute;t&eacute; ou d&eacute;prime<\/strong>, l&#039;impact est r&eacute;el. Nos vies sont boulevers&eacute;es en profondeur<\/em>&quot;, a d&eacute;clar&eacute; le ministre de la Sant&eacute;, qui admet que les effets du <strong>confinement <\/strong>et l&#039;incertitude face au coronavirus mettaient &agrave; mal la <strong>sant&eacute; mentale des Fran&ccedil;ais<\/strong>. Les &quot;<em>situations de d&eacute;tresse psychologique<\/em>&quot; sont notamment observables chez les &eacute;tudiants.<\/p>\n<p>Chaque jour, on compte environ 20&nbsp;000 appels au num&eacute;ro vert d&#039;aide psychologique.<\/p>\n<p>Il a toutefois pr&eacute;cis&eacute; que <strong>l&#039;heure n&#039;&eacute;tait pas au rel&acirc;chement<\/strong>: &quot;<em>Le confinement n&#039;est pas termin&eacute;<\/em> (&#8230;) C<em>e n&#039;est pas d&#039;actualit&eacute; de d&eacute;confiner le pays<\/em>&quot;.<\/p>\n<p>Olivier V&eacute;ran a tent&eacute; de rassurer tout en appelant &agrave; rester vigilant&nbsp;: &quot;<em>Le virus circule moins vite depuis la mise en place du couvre-feu et du confinement (&#8230;) mais la charge sanitaire reste &eacute;lev&eacute;e dans nos h&ocirc;pitaux. Elle a commenc&eacute; &agrave; se r&eacute;duire progressivement mais cela va prendre du temps<\/em>&quot;.<\/p>\n<div class=\"ccminsert\">\n<aside class=\"app_widget_fo app_widget_fo--call\">\n<ul>\n<li>                <a href=\"https:\/\/www.journaldesfemmes.fr\/societe\/actu\/2677243-confines-deprimes-le-gouvernement-alcool-tabac-grignotage\/\" class=\"jGTMWidgetGAEventClick\" data-GTMWidgetGaEventAction=\"clickWidgetCall\" data-GTMWidgetGaEventLabel=\"Les confin\u00e9s sont d\u00e9prim\u00e9s, le gouvernement souligne leur moral en p\u00e9ril\"><br \/>\n<figure>                                                                                <img decoding=\"async\" src=\"https:\/\/img-3.journaldesfemmes.fr\/i9zQ8_eJGL0UlEQDyQCmwuKnz1k=\/200x132\/smart\/cd5436fc36bc44c8b6f19e81a4e0434a\/ccmcms-jdf\/20233388.jpg\" alt=\"\"><figcaption>\n<h3>Les confin\u00e9s sont d\u00e9prim\u00e9s, le gouvernement souligne leur moral en p\u00e9ril<\/h3>\n<p>D\u00e9pression, anxi\u00e9t\u00e9, troubles du sommeil et id\u00e9es suicidaires\u2026 Le contrecoup du confinement p\u00e8se lourdement sur la sant\u00e9 mentale des Fran\u00e7ais. Un constat fait, notamment, par le gouvernement. R\u00e9sultats, il fument, boivent, mangent et ne dorment pas&#8230; Leurs mauvaises pratiques.<\/p>\n<\/figcaption><\/figure>\n<p>                <\/a>            <\/li>\n<\/ul>\n<\/aside>\n<\/div>\n<h2>Un troisi&egrave;me confinement ?<\/h2>\n<p>Devrons-nous subir un <strong>troisi&egrave;me confinement<\/strong> en mars ? C&#039;est ce que semblait indiquer un <strong>document qui a fuit&eacute; sur les r&eacute;seaux sociaux<\/strong> et a provoqu&eacute; la panique de bon nombre de Fran&ccedil;ais. Il s&#039;agissait d&#039;une &quot;<em>note d&#039;information<\/em>&quot; qui semblait provenir&nbsp;de la direction g&eacute;n&eacute;rale de la soci&eacute;t&eacute; civile du minist&egrave;re de l&#039;Int&eacute;rieur. Elle indiquait: &quot;<em>Le Conseil de D&eacute;fense ayant statu&eacute; pour un <strong>troisi&egrave;me confinement au 12\/03\/2021<\/strong>, un climat contestataire ne saurait &ecirc;tre admis avant le d&eacute;confinement du printemps 2021, sans quoi la campagne de vaccination massive ne pourra susciter un consentement populaire<\/em>&quot;.<\/p>\n<p>Certains ont mordu &agrave; l&#039;hame&ccedil;on, mais heureusement, <em>20 Minutes<\/em>, qui a contact&eacute; le minist&egrave;re de l&#039;Int&eacute;rieur, a affirm&eacute; qu&#039;il s&#039;agissait simplement d&#039;une<strong> mauvaise plaisanterie<\/strong>, le document &eacute;tant<strong> totalement faux<\/strong>.<\/p>\n<p>De surcro&icirc;t, la direction g&eacute;n&eacute;rale de la s&eacute;curit&eacute; civile et de la gestion des crises a assur&eacute;&nbsp;&agrave; l&#039;AFP que la note ne correspondait &quot;<em>pas &agrave; la charte graphique des documents de la s&eacute;curit&eacute; civile&quot;.<\/em><\/p>\n<h2>Plus de Blablabus avant mars 2021&nbsp;<\/h2>\n<p>Les <strong>Blablabus ne circuleront plus en Europe<\/strong> avant le printemps 2021.&nbsp;&quot;<em>On veut &eacute;viter de faire le yo-yo&nbsp;: relancer pour No&euml;l, refermer d&eacute;but janvier<\/em>&quot;, a expliqu&eacute; Nicolas Brusson, directeur g&eacute;n&eacute;ral du groupe.<\/p>\n<p>Et de pr&eacute;ciser que d&#039;ici mars, le groupe esp&egrave;re que l&#039;on &quot;<em>aura quitt&eacute; le stop &amp; go, le confinement\/d&eacute;confinement. Les annonces de ces derniers jours sur les vaccins ont l&#039;air d&#039;aller dans ce sens<\/em>&quot;.<\/p>\n<p>Quant aux billets d&eacute;j&agrave; vendus, ils <strong>seront rembours&eacute;s<\/strong>.<\/p>\n<h2>Peut-on encore se procurer la Play Station 5 ?<\/h2>\n<p>Elle est d&eacute;j&agrave; la <strong>star de ce deuxi&egrave;me confinement<\/strong>. La <strong><em>Play Station 5<\/em> <\/strong>est sortie le 19 novembre en Europe. Et si vous comptiez l&#039;inclure dans votre liste de cadeaux de No&euml;l, vous avez tout int&eacute;r&ecirc;t &agrave; &ecirc;tre (ultra) vifs, puisqu&#039;elle serait presque&nbsp;en <strong>rupture de stock<\/strong> ! Toutefois, il vous est encore possible de vous la procurer. <strong>Leclerc<\/strong> devrait proposer un stock en quantit&eacute; tr&egrave;s limit&eacute;e de consoles de jeu en fin de journ&eacute;e, mais attention, le site est fortement ralenti&#8230;<\/p>\n<div class=\"ccminsert\">\n<blockquote class=\"twitter-tweet\">\n<p dir=\"ltr\" lang=\"fr\">Naaaaaaaaaaan mais c&#039;est vraiment la guerre l&agrave; jpp <a href=\"https:\/\/twitter.com\/hashtag\/Auchan?src=hash&amp;ref_src=twsrc%5Etfw\">#Auchan<\/a> <a href=\"https:\/\/twitter.com\/hashtag\/PS5?src=hash&amp;ref_src=twsrc%5Etfw\">#PS5<\/a> <a href=\"https:\/\/t.co\/fnae25XtfR\">pic.twitter.com\/fnae25XtfR<\/a><\/p>\n<p>&mdash; &times; Af &times; (@dreamerAnofela) <a href=\"https:\/\/twitter.com\/dreamerAnofela\/status\/1329329380590489601?ref_src=twsrc%5Etfw\">November 19, 2020<\/a><\/p><\/blockquote>\n<\/div>\n<h2>D&eacute;pression : les Fran&ccedil;ais confin&eacute;s, 2 fois plus touch&eacute;s&nbsp;<\/h2>\n<p><span style=\"font-size: 1rem\">Enfermement, isolement, limitation des d&eacute;placements, des contacts sociaux, des achats&#8230; Depuis un mois, une <\/span><strong style=\"font-size: 1rem\">nouvelle vague de d&eacute;pression<\/strong><span style=\"font-size: 1rem\"> est observ&eacute;e en France. <\/span><\/p>\n<p><span style=\"font-size: 1rem\">Le nombre de personnes consid&eacute;r&eacute;es comme &quot;<\/span><em style=\"font-size: 1rem\">en &eacute;tat d&eacute;pressif&quot;<\/em><span style=\"font-size: 1rem\"> a presque doubl&eacute; entre la fin septembre et le d&eacute;but novembre, passant de 11&nbsp;% &agrave; 21&nbsp;%&nbsp;comme l&#039;a pr&eacute;cis&eacute; le directeur g&eacute;n&eacute;ral de la Sant&eacute;, J&eacute;r&ocirc;me Salomon. <\/span><\/p>\n<p><span style=\"font-size: 1rem\">Manifestement, outre le ph&eacute;nom&egrave;ne de la d&eacute;pression saisonni&egrave;re, le <\/span><strong style=\"font-size: 1rem\">couvre-feu et le deuxi&egrave;me confinement<\/strong><span style=\"font-size: 1rem\"> ont pes&eacute;&nbsp;lourd sur la <\/span><strong style=\"font-size: 1rem\">sant&eacute; mentale des Fran&ccedil;ais<\/strong><span style=\"font-size: 1rem\">. <\/span><\/p>\n<div class=\"ccminsert\">\n<blockquote class=\"twitter-tweet\">\n<p dir=\"ltr\" lang=\"fr\">[<a href=\"https:\/\/twitter.com\/hashtag\/COVID19?src=hash&amp;ref_src=twsrc%5Etfw\">#COVID19<\/a>] Il est normal de se sentir anxieux ou stress&eacute; en cette p&eacute;riode. Pour rep&eacute;rer un &eacute;tat de d&eacute;tresse psychique, 4 questions &agrave; se poser<\/p>\n<p>N&#039;h&eacute;sitez pas &agrave; demander de l&#039;aide :<br \/>Retrouvez toutes les aides sur : <a href=\"https:\/\/t.co\/r3j7O8Nlx1\">https:\/\/t.co\/r3j7O8Nlx1<\/a> <a href=\"https:\/\/t.co\/rOX5l69zb6\">pic.twitter.com\/rOX5l69zb6<\/a><\/p>\n<p>&mdash; Minist&egrave;re des Solidarit&eacute;s et de la Sant&eacute; (@MinSoliSante) <a href=\"https:\/\/twitter.com\/MinSoliSante\/status\/1328797799715049474?ref_src=twsrc%5Etfw\">November 17, 2020<\/a><\/p><\/blockquote>\n<\/div>\n<h3><span style=\"font-size: 1rem\">Solitude et tristesse<\/span><\/h3>\n<p><span style=\"font-size: 1rem\">&quot;<\/span><em style=\"font-size: 1rem\">La crise sanitaire du Covid-19&nbsp;a r&eacute;v&eacute;l&eacute; la vuln&eacute;rabilit&eacute; psychique de nombreux Fran&ccedil;ais<\/em><span style=\"font-size: 1rem\">&quot;, a comment&eacute; le directeur g&eacute;n&eacute;ral de la sant&eacute;. Parmi les plus touch&eacute;s, on trouve les jeunes de 18&nbsp;&agrave; 24&nbsp;ans, les inactifs, les seniors et les personnes en difficult&eacute; financi&egrave;re.<\/span><\/p>\n<div class=\"ccminsert\">\n<aside class=\"app_widget_fo app_widget_fo--call\">\n<ul>\n<li>                <a href=\"https:\/\/www.journaldesfemmes.fr\/societe\/vie-pro\/2674061-teletravail-tabac-alcool-cannabis-addictions-hyperconnexion-dangers-sante\/\" class=\"jGTMWidgetGAEventClick\" data-GTMWidgetGaEventAction=\"clickWidgetCall\" data-GTMWidgetGaEventLabel=\"Dangers du boulot \u00e0 la maison\u00a0: quand le t\u00e9l\u00e9travail rend accro\"><br \/>\n<figure>                                                                                <img decoding=\"async\" src=\"https:\/\/img-3.journaldesfemmes.fr\/D3ZkbIySyK9FiOB-NRH3Thc7BY4=\/200x132\/smart\/0e937394ccf8420d91c6cffb7d2f36da\/ccmcms-jdf\/19832441.jpg\" alt=\"\"><figcaption>\n<h3>Dangers du boulot \u00e0 la maison\u00a0: quand le t\u00e9l\u00e9travail rend accro<\/h3>\n<p>Le t\u00e9l\u00e9travail est-il nocif\u00a0? Selon une r\u00e9cente \u00e9tude, il pourrait renforcer les addictions en tout genre, l&#039;hyperconnexion en t\u00eate,  et favoriser (entre autres) la consommation de tabac, alcool, cannabis&#8230;<\/p>\n<\/figcaption><\/figure>\n<p>                <\/a>            <\/li>\n<\/ul>\n<\/aside>\n<\/div>\n<h2>Olivier V&eacute;ran met le hol&agrave;&nbsp;sur l&#039;optimisme du D&eacute;confinement<\/h2>\n<p>Olivier V&eacute;ran a ni&eacute; qu&#039;une <strong>r&eacute;ouverture des commerces <\/strong>&eacute;tait pr&eacute;vue d&egrave;s le 27&nbsp;novembre, jour du <em>Black Friday<\/em>, sur <em>BFM TV:&nbsp;<\/em>&quot;<em>Je n&#039;ai pas d&#039;&eacute;l&eacute;ments qui me permettent de penser que nous pourrions les <strong>rouvrir le 27<\/strong><\/em>&quot;.<\/p>\n<p>Et le ministre de la Sant&eacute; d&#039;ajouter: &quot;<em>Je souhaite que nous soyons efficaces dans la dur&eacute;e et constants dans les mesures que nous prenons pour freiner le virus. La politique du stop and go ne serait pas bonne pour notre pays<\/em>&quot;. En clair, Olivier V&eacute;ran ne souhaite pas une r&eacute;ouverture h&acirc;tive des commerces qui pourrait entrainer une <strong>nouvelle fermeture <\/strong>peu apr&egrave;s&#8230;<\/p>\n<p>En ce qui concerne les<strong> f&ecirc;tes de fin d&#039;ann&eacute;es<\/strong>, le ministre de la Sant&eacute; a d&eacute;clar&eacute; qu&#039;il ne pouvait pas garantir &quot;<em>que nous pourrons &ecirc;tre<strong> rassembl&eacute;s &agrave; n&#039;importe quel endroit <\/strong>du pays<\/em>&quot;.<\/p>\n<div class=\"ccminsert\">\n<blockquote class=\"twitter-tweet\">\n<p dir=\"ltr\" lang=\"fr\">.<a href=\"https:\/\/twitter.com\/olivierveran?ref_src=twsrc%5Etfw\">@olivierveran<\/a>: &quot;Si nous rouvrons trop t&ocirc;t des structures qui pr&eacute;sentent un risque sanitaire, alors nous nous en voudrons&quot; <a href=\"https:\/\/t.co\/iqaVzZBvof\">pic.twitter.com\/iqaVzZBvof<\/a><\/p>\n<p>&mdash; BFMTV (@BFMTV) <a href=\"https:\/\/twitter.com\/BFMTV\/status\/1328603082079531010?ref_src=twsrc%5Etfw\">November 17, 2020<\/a><\/p><\/blockquote>\n<\/div>\n<div class=\"ccminsert\">\n<blockquote class=\"twitter-tweet\">\n<p dir=\"ltr\" lang=\"fr\">Confinement: <a href=\"https:\/\/twitter.com\/olivierveran?ref_src=twsrc%5Etfw\">@olivierveran<\/a> &quot;ne peut pas promettre que nous pourrons &ecirc;tre rassembl&eacute;s&quot; lors des f&ecirc;tes de fin d&#039;ann&eacute;e <a href=\"https:\/\/t.co\/QAgHoSnGPa\">pic.twitter.com\/QAgHoSnGPa<\/a><\/p>\n<p>&mdash; BFMTV (@BFMTV) <a href=\"https:\/\/twitter.com\/BFMTV\/status\/1328601862015250432?ref_src=twsrc%5Etfw\">November 17, 2020<\/a><\/p><\/blockquote>\n<\/div>\n<h2>Un homme se fait contr&ocirc;ler sans attestation&#8230; et se retrouve en prison<\/h2>\n<p>Un habitant de Dunkerque, dans le Nord, &acirc;g&eacute; de 22&nbsp;ans, s&#039;est fait <strong>contr&ocirc;ler trois fois<\/strong> depuis le 1er novembre, alors qu&#039;il se d&eacute;pla&ccedil;ait&#8230; sans attestation. Il a d&#039;abord &eacute;cop&eacute; d&#039;une <strong>amende de 135 euros, puis de 200 euros<\/strong>. Mais la troisi&egrave;me fois qu&#039;il s&#039;est fait prendre la main dans le sac, le 14 novembre, vers 1h du matin, il a &eacute;t&eacute; <strong>directement interpell&eacute;<\/strong>, raconte le site <em>Actu.fr<\/em>.<\/p>\n<p>Il est m&ecirc;me pass&eacute; devant un juge, puis a &eacute;t&eacute;, ni plus ni moins, incarc&eacute;r&eacute;. Verdict ? <strong>Deux mois de prison ferme<\/strong>, auxquels se sont ajout&eacute;s six mois suppl&eacute;mentaires de prison ferme pour <strong>deux peines<\/strong> qu&#039;il n&#039;avait pas purg&eacute;es.<\/p>\n<p>Il faut dire que&nbsp;G&eacute;rald Darmanin avait somm&eacute; les pr&eacute;fets de faire preuve de <strong>davantage de fermet&eacute;<\/strong> face au non-respect du confinement&#8230;<\/p>\n<div class=\"ccminsert\">\n<blockquote class=\"twitter-tweet\">\n<p dir=\"ltr\" lang=\"fr\">[<a href=\"https:\/\/twitter.com\/hashtag\/COVID19?src=hash&amp;ref_src=twsrc%5Etfw\">#COVID19<\/a> &#8211; <a href=\"https:\/\/twitter.com\/hashtag\/Interpellation?src=hash&amp;ref_src=twsrc%5Etfw\">#Interpellation<\/a>]<br \/>Samedi &agrave; <a href=\"https:\/\/twitter.com\/hashtag\/Dunkerque?src=hash&amp;ref_src=twsrc%5Etfw\">#Dunkerque<\/a>, le mis en cause &acirc;g&eacute; de 22 ans, est de nouveau contr&ocirc;l&eacute; sans <a href=\"https:\/\/twitter.com\/hashtag\/attestation?src=hash&amp;ref_src=twsrc%5Etfw\">#attestation<\/a> valable par les policiers.<br \/>Interpell&eacute; et jug&eacute; en comparution imm&eacute;diate<br \/>2 mois de prison ferme et incarc&eacute;r&eacute; (+ 6 mois ferme pour ex&eacute;cution de 2 peines) <a href=\"https:\/\/t.co\/TIKiPNrMHq\">pic.twitter.com\/TIKiPNrMHq<\/a><\/p>\n<p>&mdash; Police Nationale 59 (@PoliceNat59) <a href=\"https:\/\/twitter.com\/PoliceNat59\/status\/1328271509962559488?ref_src=twsrc%5Etfw\">November 16, 2020<\/a><\/p><\/blockquote>\n<\/div>\n<h2>&quot;100&nbsp;% des trains&quot; de la SNCF assur&eacute;s pour No&euml;l<\/h2>\n<p>Pourtant, les Fran&ccedil;ais devraient pouvoir s&#039;&eacute;vader pour No&euml;l ! La SNCF est &quot;<em>pr&ecirc;te<\/em>&quot; pour assurer les voyages durant les <strong>vacances de No&euml;l<\/strong>, a d&eacute;clar&eacute; son PDG, Jean-Pierre Farandou, au micro d&#039;<em>Europe 1,<\/em> le 17 novembre.&nbsp;<\/p>\n<p>Quant &agrave;&nbsp;<strong>Jean-Baptiste Djebbari<\/strong>, ministre d&eacute;l&eacute;gu&eacute; aux Transports, il a confirm&eacute; sur le plateau de <em>BFM TV <\/em>que&nbsp;&nbsp;<strong>&quot;<em>100% de leurs trains<\/em>&quot; seraient ouverts &agrave; la r&eacute;servation <\/strong>pour les f&ecirc;tes de fin d&#039;ann&eacute;e.&nbsp;<\/p>\n<div class=\"ccminsert\">\n<blockquote class=\"twitter-tweet\">\n<p dir=\"ltr\" lang=\"fr\">EN DIRECT &#8211; No&euml;l: Djebbari annonce que &quot;d&egrave;s aujourd&#039;hui, 100% des trains sont ouverts &agrave; la r&eacute;servation&quot;<a href=\"https:\/\/t.co\/s3taDDqAKB\">https:\/\/t.co\/s3taDDqAKB<\/a> <a href=\"https:\/\/t.co\/hsGSI23M42\">pic.twitter.com\/hsGSI23M42<\/a><\/p>\n<p>&mdash; BFMTV (@BFMTV) <a href=\"https:\/\/twitter.com\/BFMTV\/status\/1328658754792005632?ref_src=twsrc%5Etfw\">November 17, 2020<\/a><\/p><\/blockquote>\n<\/div>\n<p>&quot;<em>&Eacute;videmment ils sont <strong>&eacute;changeables et remboursables<\/strong> <strong>sans frais <\/strong>jusqu&#039;au dernier jour<\/em> (&#8230;)<em> La situation est fragile mais nous nous sommes mis en ordre de marche pour ne pas &ecirc;tre pris au d&eacute;pourvu<\/em>&quot;, a-t-il ajout&eacute;.<\/p>\n<div class=\"ccminsert\">\n<aside class=\"app_widget_fo app_widget_fo--call\">\n<ul>\n<li>                <a href=\"https:\/\/www.journaldesfemmes.fr\/societe\/actu\/2676237-castex-pour-le-port-du-masque-maison-famille-et-les-repas-separes\/\" class=\"jGTMWidgetGAEventClick\" data-GTMWidgetGaEventAction=\"clickWidgetCall\" data-GTMWidgetGaEventLabel=\"Castex veut-il le port du masque \u00e0 la maison et la fin des repas en famille\u00a0?\"><br \/>\n<figure>                                                                                <img decoding=\"async\" src=\"https:\/\/img-3.journaldesfemmes.fr\/_y9ByyQkt88PZMD6n_rAN7NsC_s=\/200x132\/smart\/36c7804177cc4e6b99825bb0462ee5c8\/ccmcms-jdf\/20113720.jpg\" alt=\"\"><figcaption>\n<h3>Castex veut-il le port du masque \u00e0 la maison et la fin des repas en famille\u00a0?<\/h3>\n<p>Faut-il porter le masque au sein du foyer\u00a0et ne pas partager la m\u00eame table\u00a0? C&#039;est ce que pr\u00e9conise \u00e0 mots couverts le chef du gouvernement Jean Castex et certains m\u00e9decins&#8230;<\/p>\n<\/figcaption><\/figure>\n<p>                <\/a>            <\/li>\n<\/ul>\n<\/aside>\n<\/div>\n<h2>En &Icirc;le-de-France, l&#039;offre de&nbsp;m&eacute;tro&nbsp;se r&eacute;duit<\/h2>\n<p>Face &agrave; la<strong> baisse de la fr&eacute;quentation des m&eacute;tros<\/strong>, la RATP va <strong>r&eacute;duire son offre de 50&nbsp;% <\/strong>en &Icirc;le-de-France, en heures creuses (c&#039;est-&agrave;-dire entre 10 et 16&nbsp;heures), selon <em>Le Parisien<\/em>. Toutefois, les<strong> lignes 13, 1&nbsp;et 14 <\/strong>ne seront pas concern&eacute;es par cette baisse de l&#039;offre.<\/p>\n<p>Le week-end et lors des vacances scolaires, les m&eacute;tros devraient circuler &agrave; 75&nbsp;%.<\/p>\n<p>En ce qui concerne les<strong> RER A, B, C et E<\/strong>, le trafic devrait rester normal. En revanche, quelques trains sont&nbsp;supprim&eacute;s par la SNCF sur<strong> le RER D<\/strong> en heures creuses, depuis le 16 novembre.&nbsp;<\/p>\n<div class=\"ccminsert\">\n<blockquote class=\"twitter-tweet\">\n<p dir=\"ltr\" lang=\"fr\"><a href=\"https:\/\/twitter.com\/hashtag\/Covid19?src=hash&amp;ref_src=twsrc%5Etfw\">#Covid19<\/a> <a href=\"https:\/\/twitter.com\/hashtag\/qml?src=hash&amp;ref_src=twsrc%5Etfw\">#qml<\/a> <a href=\"https:\/\/twitter.com\/hashtag\/RERD?src=hash&amp;ref_src=twsrc%5Etfw\">#RERD<\/a> Sur le nord, pr&eacute;voyez un &eacute;cart entre 2 trains de 10 &agrave; 25 min. Attention au nord de Goussainville, il y a 2 trous de desserte d&#039;une heure dans chaque sens !<br \/>Sur la branche Melun, pr&eacute;voir un train toutes les 30 minutes. <a href=\"https:\/\/t.co\/uEqY5t9ukG\">pic.twitter.com\/uEqY5t9ukG<\/a><\/p>\n<p>&mdash; SaDur, usagers RER D (@Asso_SaDur) <a href=\"https:\/\/twitter.com\/Asso_SaDur\/status\/1327570736249233409?ref_src=twsrc%5Etfw\">November 14, 2020<\/a><\/p><\/blockquote>\n<\/div>\n<h2>Macron s&#039;est tromp&eacute; (et c&#039;est tant mieux) !<\/h2>\n<p>Le pr&eacute;sident de la R&eacute;publique&nbsp;l&#039;avait assur&eacute; le 28 octobre, en annon&ccedil;ant la mise en place du second confinement: &quot;<em>&Agrave; ce stade, nous savons que quoi que nous fassions, pr&egrave;s de<strong> 9&nbsp;000&nbsp;patients seront en r&eacute;animation<\/strong> &agrave; la mi-novembre, soit la quasi-totalit&eacute; des capacit&eacute;s fran&ccedil;aises<\/em>&quot;. Or, comme l&#039;a fait remarquer <em>Ouest France<\/em>, ces sinistres pr&eacute;dictions&#8230; ne se sont pas r&eacute;alis&eacute;es !<\/p>\n<p>Le chiffre des 9000 patients en r&eacute;animation avait &eacute;t&eacute; communiqu&eacute; &agrave; l&#039;ex&eacute;cutif par l&#039;institut Pasteur et Sant&eacute; Publique France, peu avant la d&eacute;cision de mettre en place le confinement. Finalement, au 15&nbsp;novembre, les chiffres de patients en r&eacute;animation ne sont pas si &eacute;lev&eacute;s puisque <strong>4&nbsp;880&nbsp;patients contamin&eacute;s par le Covid-1<\/strong>9 se trouvent actuellement en r&eacute;animation. Une bonne nouvelle, donc&#8230;<\/p>\n<h2>Plus d&#039;arr&ecirc;ts de travail longs ?<\/h2>\n<p>Difficile pour certains de pouvoir se rendre au travail en s&eacute;r&eacute;nit&eacute;, lorsqu&#039;ils ne peuvent t&eacute;l&eacute;travailler, qu&#039;ils ont des enfants &agrave; charge ou qu&#039;ils vivent avec des personnes &agrave; risque. Selon le Barom&egrave;tre Absent&eacute;isme annuel de Malakoff Humanis, la quantit&eacute;&nbsp;de longs arr&ecirc;ts de travail a augment&eacute; de 33&nbsp;% en 2020. Cette ann&eacute;e,&nbsp;les arr&ecirc;ts de travail dus au Covid-19&nbsp;ont repr&eacute;sent&eacute; 6% de l&#039;ensemble des arr&ecirc;ts de travail. Ils constituent 12&nbsp;% des arr&ecirc;ts maladie, contre 9&nbsp;% l&#039;ann&eacute;e pr&eacute;c&eacute;dente et s&#039;&eacute;l&egrave;vent en moyenne &agrave; 94 jours.<\/p>\n<h2>Le (d&eacute;but) de la&nbsp;fin du r&egrave;gne d&#039;Amazon ?<\/h2>\n<p>Les Fran&ccedil;ais en ont soup&eacute; de <strong>l&#039;h&eacute;g&eacute;monie Amazon<\/strong>. Le 16 novembre, une p&eacute;tition sign&eacute;e par 120&nbsp;politiques, syndicalistes et &eacute;diteurs a demand&eacute; &agrave; ce que le g&eacute;ant du net soit<strong> tax&eacute; lourdement<\/strong>. En outre, les habitants de l&#039;Hexagone ont <strong>r&eacute;duit leur consommation sur Amazon<\/strong> ces derni&egrave;res semaines, selon une information d&#039;&Eacute;douard Natt&eacute;e, PDG de Foxintelligence, aupr&egrave;s de <em>France Info<\/em>.<\/p>\n<h2>Fermeture des bars et restaurants&#8230; jusqu&#039;&agrave; quand ?<\/h2>\n<p><em><a href=\"https:\/\/www.lepoint.fr\/gastronomie\/info-le-point-les-restaurants-devraient-rester-fermes-pour-les-fetes-16-11-2020-2401232_82.php?fbclid=IwAR2HA_VtOQ-Wpnbhv1sihyiaSJ96EJ-a3iOwfzAUVr1juSsSzJLwPUvxjBE\" target=\"_blank\" rel=\"noopener noreferrer\">Le Point&nbsp;<\/a><\/em>avance l&#039;hypoth&egrave;se d&#039;un <em>&quot;maintien de la fermeture des bars et restaurants jusqu&#039;au 15&nbsp;janvier voire au 1er f&eacute;vrier&quot;.<\/em> Le gouvernement envisagerait tr&egrave;s s&eacute;rieusement de<strong> maintenir ces &eacute;tablissements ferm&eacute;s<\/strong> <em>&quot;afin de lutter contre la propagation du coronavirus en France&quot;, <\/em>a confi&eacute; une&nbsp;source proche du dossier en contact direct avec Bercy.&nbsp;<\/p>\n<h2>La messe ne sera&nbsp;pas dite en public&nbsp;<\/h2>\n<p>Il n&#039;y aura peut-&ecirc;tre pas de rassemblement pour les<strong> messes et c&eacute;r&eacute;monies religieuses<\/strong> avant la mi-d&eacute;cembre, selon une information du <em>Figaro<\/em>. Apr&egrave;s une visioconf&eacute;rence du Premier ministre Jean Castex, du&nbsp;ministre de l&#039;Int&eacute;rieur G&eacute;rald Darmanin et des<strong> repr&eacute;sentants des cultes<\/strong>, il a &eacute;t&eacute; d&eacute;cid&eacute; que ceux-ci ne reprendraient pas avant d&eacute;but d&eacute;cembre, si le <em>&quot;<strong>premier rapport d&#039;&eacute;tape sanitaire<\/strong><\/em>&quot; &eacute;tait positif, et pas avant la mi-d&eacute;cembre s&#039;il &eacute;tait n&eacute;gatif.<\/p>\n<div class=\"ccminsert\">\n<blockquote class=\"twitter-tweet\">\n<p dir=\"ltr\" lang=\"fr\">&quot;Pour les catholiques, c&#039;est une souffrance de ne pas pouvoir c&eacute;l&eacute;brer l&#039;eucharistie, mais il faut avoir de la patience&quot;<\/p>\n<p>Monseigneur Stanislas Lalanne r&eacute;agit &agrave; l&#039;interdiction des c&eacute;r&eacute;monies religieuses <a href=\"https:\/\/t.co\/i47UNjPqvr\">pic.twitter.com\/i47UNjPqvr<\/a><\/p>\n<p>&mdash; BFMTV (@BFMTV) <a href=\"https:\/\/twitter.com\/BFMTV\/status\/1328374060154318848?ref_src=twsrc%5Etfw\">November 16, 2020<\/a><\/p><\/blockquote>\n<\/div>\n<p>La France &quot;<em>reprend&nbsp;le <strong>contr&ocirc;le de l&#039;&eacute;pid&eacute;mie<\/strong><\/em>&quot;, a assur&eacute; <strong>Olivier V&eacute;ran <\/strong>dans <em>L&#039;Alsace<\/em>. &quot;<em>Tout porte &agrave; croire que nous avons pass&eacute; un pic &eacute;pid&eacute;mique<\/em>&quot;, a d&eacute;clar&eacute; le ministre de la Sant&eacute;. Et d&#039;ajouter: &quot;<em>Nous donnerons aux Fran&ccedil;ais<strong>&nbsp;d&#039;ici la fin du mois plus de visibilit&eacute;<\/strong> sur comment les f&ecirc;tes et les vacances pourront se d&eacute;rouler<\/em>&quot;.<\/p>\n<h2>Faits (insolites)&nbsp;: P&eacute;nurie de raclette et courses en slip&nbsp;:<\/h2>\n<div class=\"ccminsert\">\n<aside class=\"app_widget_fo app_widget_fo--call\">\n<ul>\n<li>                <a href=\"https:\/\/www.journaldesfemmes.fr\/societe\/actu\/2676423-penurie-raclette-homme-slip-leclerc-mobylette\/\" class=\"jGTMWidgetGAEventClick\" data-GTMWidgetGaEventAction=\"clickWidgetCall\" data-GTMWidgetGaEventLabel=\"Courses en slip, 150km et P\u00e9nurie de raclette... Rire du Confinement\"><br \/>\n<figure>                                                                                <img decoding=\"async\" src=\"https:\/\/img-3.journaldesfemmes.fr\/AfYyMZ4ijDg59JSYBrW8fYzxW0Q=\/200x132\/smart\/f4f1ec5ac6664c8d9627b11d437e2abb\/ccmcms-jdf\/20119366.jpg\" alt=\"\"><figcaption>\n<h3>Courses en slip, 150km et P\u00e9nurie de raclette&#8230; Rire du Confinement<\/h3>\n<p>Face au confinement, chacun sa r\u00e9action. Mais certains comportements sont d\u00e9finitivement plus loufoques que d&#039;autres. Un conducteur de mobylette qui parcourt une trotte pour voir son pote, un \u00e9picurien qui fait ses achats en slip pour rester &quot;essentiel&quot; et les gourmands qui se jettent sur la raclette&#8230; Floril\u00e8ge des derni\u00e8res infos insolites.<\/p>\n<\/figcaption><\/figure>\n<p>                <\/a>            <\/li>\n<\/ul>\n<\/aside>\n<\/div>\n<h3>Affluence dans les espaces verts<\/h3>\n<p>Le 14&nbsp;et 15&nbsp;novembre, les<strong> jardins et parcs &eacute;taient remplis&nbsp;<\/strong>dans la capitale.&nbsp;Les Fran&ccedil;ais, et notamment les parents, &eacute;taient nombreux &agrave; prendre l&#039;air dans les grands espaces verts, qui, contrairement au premier confinement, sont <strong>rest&eacute;s ouverts &agrave; Paris<\/strong>. &quot;<em>On a tous notre masque, nos distances. Le virus circule moins dehors et si on reste chez nous on va crever<\/em>&quot;, a notamment d&eacute;clar&eacute; une m&egrave;re de famille aupr&egrave;s de <em>BFM TV<\/em>.<\/p>\n<div class=\"ccminsert\">\n<blockquote class=\"twitter-tweet\">\n<p dir=\"ltr\" lang=\"fr\">Plus de 27.000 verbalisations ont &eacute;t&eacute; effectu&eacute;es depuis le d&eacute;but du deuxi&egrave;me confinement en &Icirc;le-de-France. &Agrave; la demande du ministre de l&#039;Int&eacute;rieur, les contr&ocirc;les devraient &ecirc;tre renforc&eacute;s dans les jours &agrave; venir, notamment dans les parcs <a href=\"https:\/\/t.co\/bLMrwXKtFh\">pic.twitter.com\/bLMrwXKtFh<\/a><\/p>\n<p>&mdash; BFM Paris (@BFMParis) <a href=\"https:\/\/twitter.com\/BFMParis\/status\/1326791619018944512?ref_src=twsrc%5Etfw\">November 12, 2020<\/a><\/p><\/blockquote>\n<\/div>\n<h2>Mesures &quot;jusqu&#039;&agrave; l&#039;&eacute;t&eacute;&quot; et&nbsp;&quot;prochains jours d&eacute;cisifs&quot;&#8230;<\/h2>\n<p>Ne comptez pas sur un retour &agrave; la normale&nbsp;ni au Nouvel An&#8230; ni m&ecirc;me au printemps. <strong>Il va falloir<em> &quot;vivre avec le virus sur le temps long&quot; <\/em><\/strong>a annonc&eacute; le Premier ministre&nbsp;dans <em>Le Monde<\/em> samedi.<\/p>\n<p><em>&quot;Tant que nous n&#039;aurons pas de vaccin, nous devons donner des perspectives sur les r&egrave;gles du jeu&quot;<\/em>, a d&eacute;clar&eacute; Jean Castex qui&nbsp;plancherait, selon l&#039;article, sur <strong>une strat&eacute;gie jusqu&#039;&agrave; l&#039;&eacute;t&eacute;.<\/strong><\/p>\n<p><strong>&quot;<\/strong><em><strong>Une certitude&nbsp;: les rassemblements festifs, familiaux dans des salles de f&ecirc;tes ne pourront pas reprendre avant longtemps. <\/strong>De m&ecirc;me, les <strong>bars et les restaurants<\/strong> qui font aussi partie des endroits de contamination forte <strong>ne pourront pas rouvrir <\/strong>d&egrave;s le 1er d&eacute;cembre, contrairement aux magasins de jouets, par exemple&quot;, <\/em>explique au quotidien le chef du gouvernement.<br \/>Castex&nbsp;avait&nbsp;jug&eacute;&nbsp;jeudi, possible, si la baisse de la contamination au Covid-19 se confirmait, de prendre des mesures de d&eacute;confinement&nbsp;<em>&quot;strictement limit&eacute;es aux commerces&quot;,<\/em> et sur la base d&#039;un protocole renforc&eacute;.<\/p>\n<p><strong><em>&quot;Ma crainte, c&#039;est que les Fran&ccedil;ais ne se fassent pas assez vacciner&quot;,<\/em><\/strong> a-t-il mod&eacute;r&eacute;, en effet, selon un sondage<em>&nbsp;Ipsos<\/em>, la France se situe parmi les pays o&ugrave; l&#039;intention de recourir au vaccin est la plus faible au monde&#8230;<\/p>\n<p>Dans les mois &agrave; venir,<em> &quot;<strong>le t&eacute;l&eacute;travail devra perdurer<\/strong> sur la base d&#039;un &eacute;quilibre &agrave; trouver dans les entreprises pour &eacute;viter le tout ou rien&quot;,<\/em> a pr&eacute;cis&eacute; le Premier ministre au journal.<\/p>\n<div class=\"ccminsert\">\n<aside class=\"app_widget_fo app_widget_fo--call\">\n<ul>\n<li>                <a href=\"https:\/\/www.journaldesfemmes.fr\/societe\/vie-pro\/2674317-chomage-depression-suicide-travail-bureau-teletravil-covid-19\/\" class=\"jGTMWidgetGAEventClick\" data-GTMWidgetGaEventAction=\"clickWidgetCall\" data-GTMWidgetGaEventLabel=\"Ch\u00f4mage, d\u00e9pression, suicide\u00a0: la vie pro, victime collat\u00e9rale du Covid-19\"><br \/>\n<figure>                                                                                <img decoding=\"async\" src=\"https:\/\/img-3.journaldesfemmes.fr\/NOX25SKew-3G1EhltgADyZKRc8I=\/200x132\/smart\/88b3453caff64290ad78de6baac3cc32\/ccmcms-jdf\/19859255.jpg\" alt=\"\"><figcaption>\n<h3>Ch\u00f4mage, d\u00e9pression, suicide\u00a0: la vie pro, victime collat\u00e9rale du Covid-19<\/h3>\n<p>Confinement oblige, la France vit au ralenti. Une situation qui affecte durablement le travail et la sant\u00e9 mentale de millions de Fran\u00e7ais. En marge de la courbe des contaminations, une autre, plus discr\u00e8te, menace de se dessiner: celle des d\u00e9pressions et des suicides des (t\u00e9l\u00e9)travailleurs fran\u00e7ais.<\/p>\n<\/figcaption><\/figure>\n<p>                <\/a>            <\/li>\n<\/ul>\n<\/aside>\n<\/div>\n<p><strong>Sur&nbsp;Twitter, Castex a&nbsp; r&eacute;pondu &agrave; un papa relayant un dessin de son enfant : <\/strong><em>&quot;Dites-lui que nous travaillons dur pour que le p&egrave;re No&euml;l puisse faire ses courses en&nbsp;France&nbsp;en d&eacute;cembre: si, comme tous ses lutins, nous respectons les gestes barri&egrave;res, nous y arriverons&nbsp;!&quot;<\/em>, a lanc&eacute; le Premier ministre.<\/p>\n<div class=\"ccminsert\">\n<blockquote class=\"twitter-tweet\">\n<p dir=\"ltr\" lang=\"fr\">Bon <a href=\"https:\/\/twitter.com\/JeanCASTEX?ref_src=twsrc%5Etfw\">@JeanCASTEX<\/a> et <a href=\"https:\/\/twitter.com\/olivierveran?ref_src=twsrc%5Etfw\">@olivierveran<\/a> loin de moi lid&eacute;e de vouloir vous mettre la pression, mais&#8230; <a href=\"https:\/\/t.co\/vBjEyJ78Gt\">pic.twitter.com\/vBjEyJ78Gt<\/a><\/p>\n<p>&mdash; Benoit Montaggioni (@Monsieurbai) <a href=\"https:\/\/twitter.com\/Monsieurbai\/status\/1327329701195550724?ref_src=twsrc%5Etfw\">November 13, 2020<\/a><\/p><\/blockquote>\n<\/div>\n<p>P&eacute;dagogie encore, sur le r&eacute;seau social, et en direct de l&#039;Elys&eacute;e. <strong>Le pr&eacute;sident Macron a twitt&eacute; samedi&nbsp;les gestes pour<\/strong><em><strong> &quot;sauver des vies&quot;, &quot;en classe, au bureau, &agrave; la maison&quot;.<\/strong> <\/em>Le chef de l&#039;Etat&nbsp;a insist&eacute; sur le fait que <em>&quot;notre combat contre l&#039;&eacute;pid&eacute;mie est collectif et les prochains jours seront d&eacute;cisifs&quot;.<\/em><\/p>\n<div class=\"ccminsert\">\n<blockquote class=\"twitter-tweet\">\n<p dir=\"ltr\" lang=\"fr\">Notre combat contre l&#039;&eacute;pid&eacute;mie est collectif et les prochains jours seront d&eacute;cisifs. En classe, au bureau, &agrave; la maison, 5 gestes pour sauver des vies : <a href=\"https:\/\/t.co\/47GAEOBVmr\">pic.twitter.com\/47GAEOBVmr<\/a><\/p>\n<p>&mdash; Emmanuel Macron (@EmmanuelMacron) <a href=\"https:\/\/twitter.com\/EmmanuelMacron\/status\/1327542019129028608?ref_src=twsrc%5Etfw\">November 14, 2020<\/a><\/p><\/blockquote>\n<\/div>\n<h2>Dix &agrave; table&nbsp;? Calculez le risque d&#039;attraper&nbsp;le coronavirus<\/h2>\n<p><strong>Conna&icirc;tre votre risque d&#039;attraper le Coronavirus<\/strong> en fonction de la taille des &eacute;v&eacute;nements auxquels vous souhaitez participer, <strong>c&#039;est d&eacute;sormais possible<\/strong>&nbsp;! Mis en ligne mi-juillet, le site&nbsp;<em><a href=\"https:\/\/covid19risk.biosci.gatech.edu\/\">Covid-19 Event Risk Assessment Planning Tool<\/a><\/em> le calcule pour vous !&nbsp;<\/p>\n<p>Vous souhaitez participer &agrave; un diner <strong>de dix personnes dans les Yvelines<\/strong>&nbsp;? Vous avez <strong>32&nbsp;% <\/strong>de risque d&#039;attraper le Covid-19. Vous souhaitez c&eacute;l&eacute;brer votre anniversaire <strong>avec quinze de vos amis dans le Bas-Rhin<\/strong>&nbsp;? <strong>Risqu&eacute;<\/strong>, puisque vous avez <strong>56&nbsp;%<\/strong> de chance d&#039;&ecirc;tre contamin&eacute;. Vous avez pr&eacute;vu d&#039;organiser votre mariage <strong>recensant 80&nbsp;invit&eacute;s en Vend&eacute;e<\/strong>&nbsp;? Vous devriez envisager de reporter car vous avez <strong>77&nbsp;% de chance d&#039;attraper le Coronavirus<\/strong>.&nbsp;<\/p>\n<p>Des statistiques fiables qui se basent sur <strong>le raisonnement de chercheurs de l&#039;universit&eacute; Georgia Tech<\/strong> dont le travail a r&eacute;cemment &eacute;t&eacute; valid&eacute; par une publication dans l&#039;une des prestigieuses revues scientifiques <i>Nature<\/i>.&nbsp;<\/p>\n<p><strong>Alors comment &ccedil;a fonctionne&nbsp;? <\/strong>Pour proc&eacute;der &agrave; leurs calculs, les chercheurs se basent sur <strong>les nombres officiels des contaminations par d&eacute;partement<\/strong>. Un recensement auquel s&#039;ajoute l&#039;hypoth&egrave;se selon laquelle les contaminations r&eacute;elles seraient <strong>cinq &agrave; dix fois sup&eacute;rieures <\/strong>que<strong>&nbsp;<\/strong>les chiffres officiels ne l&#039;indiquent. Ainsi, les pr&eacute;c&eacute;dentes estimations se sont bas&eacute;es sur l&#039;id&eacute;e que seul un cas sur dix &eacute;tait d&eacute;tect&eacute;.&nbsp;<\/p>\n<div style=\"text-align:center\">\n<figure class=\"image\"><img decoding=\"async\" alt=\"\" src=\"https:\/\/img-3.journaldesfemmes.fr\/gIOCdRY9cYlgEiZC1SqG3ahihuQ=\/600x\/smart\/f3e468d1b2bf4511952cd902f4af89fe\/ccmcms-jdf\/20074670.png\" \/><figcaption data-credit=\"Capture d'\u00e9cran du site Covid-19 Event Risk Assessment Planning Tool\"><small>&copy;&nbsp;Capture d&#039;&eacute;cran du site Covid-19 Event Risk Assessment Planning Tool<\/small><\/figcaption><\/figure>\n<\/div>\n<p>A noter que,&nbsp;selon les propos tenus par son cr&eacute;ateur, Joshua Weitz&nbsp;&agrave; l&#039;AFP, l&#039;outil&nbsp;base ses calculs sur l&#039;id&eacute;e qu&#039;<strong>une personne positive reste contagieuse pendant dix jours<\/strong>. Une pr&eacute;vision qui&nbsp;s&#039;&eacute;l&egrave;ve pourtant plut&ocirc;t &agrave; <strong>cinq-six jours<\/strong>. Le cas de figure de <strong>l&#039;isolement des personnes contamin&eacute;es<\/strong> n&#039;est pas non plus pris en compte. Mais, le site souligne tout de m&ecirc;me que la plupart des contaminations proviennent de personnes qui n&#039;ont <strong>pas ou peu de sympt&ocirc;mes.&nbsp;<\/strong><\/p>\n<p>Une <strong>approche qui poursuit un objectif <\/strong>selon les confidences de Joshua Weitz&nbsp;: <i>&quot;Nous esp&eacute;rons que ces informations conduiront les gens &agrave; ne pas organiser ou &agrave; remettre en question leur participation &agrave; de grands &eacute;v&eacute;nements, ainsi qu&#039;&agrave; un renforcement du port du masque.&quot;<\/i>&nbsp;<\/p>\n<h2>Un confinement altern&eacute; permettrait de r&eacute;duire le risque de contamination par 4<\/h2>\n<h3><strong>Se confiner une semaine sur deux<\/strong>.<\/h3>\n<p>C&#039;est ce que propose une &eacute;quipe de chercheurs majoritairement isra&eacute;liens dont le travail vient d&#039;&ecirc;tre pr&eacute;-publi&eacute; dans la rue <em>Nature Communications<\/em>.<br \/>Leur <strong>id&eacute;e<\/strong> est simple&nbsp;: <strong>permettre &agrave; seulement 50&nbsp;% de la population<\/strong> de sortir en m&ecirc;me temps. Un stratag&egrave;me qui permettrait de <strong>r&eacute;duire le risque de contamination par quatre,<\/strong> &agrave; en croire leurs recherches. &quot;<em>Une personne reste chez elle une semaine sur deux, ce qui divise par deux la chance d&#039;&ecirc;tre contamin&eacute;e par des gens &agrave; l&#039;ext&eacute;rieur<\/em>, d&eacute;taille &agrave; <em>Sciences et <a href=\"http:\/\/www.affinite.fr\/index.php\/2024\/12\/08\/chere-maman-et-si-ce-noel-vous-offriez-a-votre-ado-un-avenir-%f0%9f%8e%84%e2%9c%a8\/\">Avenir<\/a><\/em>&nbsp;la chercheuse fran&ccedil;aise Navi Schulmann, qui a particip&eacute; aux recherches.&nbsp;<em>La semaine o&ugrave; elle sort, elle ne rencontre que la moiti&eacute; de la population qu&#039;elle a l&#039;habitude de rencontrer, ce qui divise encore une fois par deux les chances de contamination<\/em>.&quot;&nbsp;<br \/>Tout en &eacute;tant <strong>presque aussi efficace<\/strong> selon les scientifiques, cette solution pourrait permettre d&#039;<strong>&eacute;viter de recourir au confinement total<\/strong>.&nbsp;&quot;<em>On voit que notre m&eacute;thode [&#8230;] est comparable au confinement classique de 75&nbsp;&agrave; 80% de la population<\/em>&quot;, pr&eacute;cise Nava Schulmann,&nbsp;dont le travail consistait &agrave; effectuer&nbsp;les simulations num&eacute;rique d&#039;un confinement altern&eacute;.&nbsp;&nbsp;<\/p>\n<p><strong>Une solution pour autant compliqu&eacute;e&nbsp;&agrave; mettre en oeuvre<\/strong>, comme a tenu &agrave; le souligner l&#039;urgentiste Patrick Pelloux sur le plateau de <em>BFM-TV<\/em>: &quot;<em>La gestion d&#039;un peuple doit &ecirc;tre simple et pas contraignante<\/em>&quot;, a-t-il indiqu&eacute;.<\/p>\n<p>Et pour cause&nbsp;: la mise en place d&#039;une telle solution demanderait &agrave; ce que <strong>chaque personne appartenant au m&ecirc;me foyer fasse partie du m&ecirc;me groupe <\/strong>de sortie afin d&#039;&eacute;viter la multiplication des contacts avec l&#039;autre groupe.Un v&eacute;ritable casse-t&ecirc;te !&nbsp;<\/p>\n<h2>Faits du jour&nbsp;:<\/h2>\n<div class=\"ccminsert\">\n<aside class=\"app_widget_fo app_widget_fo--call\">\n<ul>\n<li>                <a href=\"https:\/\/www.journaldesfemmes.fr\/societe\/actu\/2676065-fete-joinville-le-pont-aya-nakamura-masque-covid-19\/\" class=\"jGTMWidgetGAEventClick\" data-GTMWidgetGaEventAction=\"clickWidgetCall\" data-GTMWidgetGaEventLabel=\"350\u00a0f\u00eatards (et des projectiles) \u00e0 Joinville-le-Pont, Aya Nakamura d\u00e9masqu\u00e9e, 17\u00a0jeunes au balcon dans le Doubs...\"><br \/>\n<figure>                                                                                <img decoding=\"async\" src=\"https:\/\/img-3.journaldesfemmes.fr\/zNhZ1UyCJWb_wyN6rfPyOgx3Tso=\/200x132\/smart\/6ebde7e8d5134f23ac4cabf988c9b3ac\/ccmcms-jdf\/20069973.jpg\" alt=\"\"><figcaption>\n<h3>350\u00a0f\u00eatards (et des projectiles) \u00e0 Joinville-le-Pont, Aya Nakamura d\u00e9masqu\u00e9e, 17\u00a0jeunes au balcon dans le Doubs&#8230;<\/h3>\n<p>Les soir\u00e9es interdites se multiplient&#8230; et certaines stars y participent\u00a0! Dans la nuit du vendredi 13\u00a0au samedi 14\u00a0novembre, la police est intervenue dans une f\u00eate clandestine qui se d\u00e9roulait \u00e0 Joinville-Le-Pont (Val-de-Marne). D&#039;autres rassemblements avec option alcool et musique (mais sans geste barri\u00e8re ni mesures sanitaires) ont d\u00e9fray\u00e9 la chronique&#8230;<\/p>\n<\/figcaption><\/figure>\n<p>                <\/a>            <\/li>\n<\/ul>\n<\/aside>\n<\/div>\n<div class=\"ccminsert\">\n<aside class=\"app_widget_fo app_widget_fo--call\">\n<ul>\n<li>                <a href=\"https:\/\/www.journaldesfemmes.fr\/societe\/actu\/2676029-montpellier-mariage-degenere-confinement\/\" class=\"jGTMWidgetGAEventClick\" data-GTMWidgetGaEventAction=\"clickWidgetCall\" data-GTMWidgetGaEventLabel=\"Un mariage en confinement d\u00e9g\u00e9n\u00e8re et embrase Montpellier\"><br \/>\n<figure>                                                                                <img decoding=\"async\" src=\"https:\/\/img-3.journaldesfemmes.fr\/UnD8lavm6zIXEg_j-U6QwbDS4LY=\/200x132\/smart\/23b8b612593341f19b6659a481305afd\/ccmcms-jdf\/20065351.jpg\" alt=\"\"><figcaption>\n<h3>Un mariage en confinement d\u00e9g\u00e9n\u00e8re et embrase Montpellier<\/h3>\n<p>6\u00a0personnes maximum \u00e0 la c\u00e9r\u00e9monie\u00a0? Voil\u00e0 une r\u00e8gle peu occitane qui a vol\u00e9 en \u00e9clats et sem\u00e9 la pagaille dans le quartier de la Paillade, le 13\u00a0novembre, \u00e0 Montpellier. Bilan\u00a0: une vingtaine de contraventions et une garde \u00e0 vue au poste de Police\u00a0! Et pas seulement pour non respect du Confinement&#8230;<\/p>\n<\/figcaption><\/figure>\n<p>                <\/a>            <\/li>\n<\/ul>\n<\/aside>\n<\/div>\n<h2>G&eacute;rald Darmanin appelle &agrave; mieux respecter le confinement<\/h2>\n<p>Si <strong>G&eacute;rald Darmanin<\/strong> a somm&eacute; les autorit&eacute;s polici&egrave;res de&nbsp;<strong>multiplier les contr&ocirc;les<\/strong>, ce n&#039;est pas de bon c&oelig;ur, a-t-il assur&eacute; au micro de <em>Franceinfo<\/em>. &quot;<em>La police le fait de mauvaise gr&acirc;ce<\/em>&quot;, a-t-il pr&eacute;cis&eacute;. Alors que le palier des <strong>100&nbsp;000&nbsp;verbalisations <\/strong>a &eacute;t&eacute; atteint depuis le d&eacute;but du confinement, le ministre de l&#039;Int&eacute;rieur a pr&eacute;cis&eacute; que ces derni&egrave;res&nbsp;24h, il y en avait eu<strong> pas moins de 12&nbsp;000<\/strong>.&nbsp;&quot;<em>Il convient d&eacute;sormais de faire <strong>respecter un peu plus encore ce confinement<\/strong>. Il est diff&eacute;rent du premier, On ne peut pas tout &agrave; fait les comparer, puisqu&#039;on peut aller chercher les enfants &agrave; l&#039;&eacute;cole, on va travailler&#8230; Il est forc&eacute;ment diff&eacute;rent du premier, mais il doit &ecirc;tre <strong>davantage respect&eacute;<\/strong><\/em>&quot;, a-t-il ajout&eacute;.<\/p>\n<h2>Le Goncourt, d&eacute;cern&eacute; en novembre comme depuis 117&nbsp;ans<\/h2>\n<p>Le <strong>prix Goncourt <\/strong>aurait d&ucirc; &ecirc;tre d&eacute;cern&eacute; le 10&nbsp;novembre, mais a finalement &ecirc;tre <strong>report&eacute;<\/strong> par &quot;<em>solidarit&eacute;<\/em>&quot;.&nbsp;Les membres de l&#039;Acad&eacute;mie Goncourt se sont r&eacute;unis ce vendredi au matin par visioconf&eacute;rence et, &agrave; la suite des propos du Premier ministre,&nbsp;annoncent qu&#039;ils proclameront le prix Goncourt&nbsp;2020&nbsp;lundi 30&nbsp;novembre. &quot;Tous tiennent &agrave; ce que chacune et chacun puisse acheter des livres pour les f&ecirc;tes de fin d&#039;ann&eacute;e&nbsp;&quot;, a indiqu&eacute; le jury dans un communiqu&eacute; avec l&#039;espoir que les librairies soient alors&nbsp;sur le point de rouvrir.<\/p>\n<h2><a id=\"confinement-prolonge\" name=\"confinement-prolonge\">Castex : Mesures&nbsp;inchang&eacute;es, mais Confinement prolong&eacute; ?<\/a><\/h2>\n<p><i><strong>&quot;Une attestation sera n&eacute;cessaire pour se d&eacute;placer au-del&agrave; du 1er d&eacute;cembre&quot;,<\/strong> <\/i>voil&agrave; comment le chef du gouvernement ,&nbsp;Jean Castex,&nbsp;a annonc&eacute; subtilement, lors de son allocution, jeudi, la prolongation du Confinement<\/p>\n<p>Le Premier Ministre a renonc&eacute; &agrave; all&eacute;ger le confinement pour<strong><em> &quot;sauver No&euml;l&quot;.<\/em><\/strong><br \/>C&#039;&eacute;tait un <strong>rendez-vous tr&egrave;s attendu<\/strong>. &Agrave; la suite du Conseil National de d&eacute;fense hebdomadaire au cours duquel le gouvernement a d&eacute;cid&eacute; si le confinement devait &ecirc;tre durci, maintenu en l&#039;&eacute;tat ou assoupli, Jean Castex, accompagn&eacute; de plusieurs de ses ministres, a pr&eacute;sent&eacute; <strong>ses conclusions <\/strong>aux Fran&ccedil;ais durant <strong>une conf&eacute;rence de presse qui a eu lieu ce 12&nbsp;novembre.<\/strong><\/p>\n<p>Au programme&nbsp;? <strong>Un maintien des mesures<\/strong> <strong>telles qu&#039;elles sont appliqu&eacute;es depuis le 30&nbsp;octobre dernier.<\/strong><br \/>&quot;<em>Notre strat&eacute;gie de fonctionnement fond&eacute;e sur un &eacute;quilibre diff&eacute;rent de mars dernier semble produire les effets attendus [sur la propagation de l&#039;&eacute;pid&eacute;mie], m&ecirc;me si nous devons rester tr&egrave;s prudents<\/em>&quot;, a-t-il commenc&eacute;.<\/p>\n<p>Et de poursuivre: <strong>&quot;<em>Il serait irresponsable de lever ou d&#039;all&eacute;ger le dispositif maintenant<\/em>&quot; Une d&eacute;cision qui vaut pour les deux prochaines semaines<\/strong> &ndash; date &agrave; laquelle une r&eacute;&eacute;valuation devrait &agrave; nouveau avoir lieu.<\/p>\n<h3>Davantage de contr&ocirc;les&#8230; et d&#039;amendes<\/h3>\n<p>Un maintien des mesures qui sera tout de m&ecirc;me ponctu&eacute; d&#039;une hausse des contr&ocirc;les de police <strong>dans les grandes m&eacute;tropoles<\/strong>. &quot;<em>Nous constatons dans certaines zones un respect encore insuffisant des r&egrave;gles [du confinement]&quot;, <\/em>a indiqu&eacute; le Premier ministre.<\/p>\n<p>Pour autant, le premier ministre a tout de m&ecirc;me tenu &agrave; saluer <strong>le comportement des Fran&ccedil;ais dont les d&eacute;placements ont &eacute;norm&eacute;ment diminu&eacute;<\/strong>. &quot;<em>Nous observons une r&eacute;duction tr&egrave;s forte des d&eacute;placements ces derni&egrave;res semaines. Ils sont inf&eacute;rieurs &agrave; 22&nbsp;% par rapport &agrave; septembre dernier<\/em>&quot;, s&#039;est-il f&eacute;licit&eacute;.<\/p>\n<p>Les Parisiens (et banlieusards ou habitants de la r&eacute;gion) sont&nbsp;pour un fois les&nbsp;bons&nbsp;&eacute;l&egrave;ves. loin devant le reste de la France avec&nbsp;une baisse de plus de 40% des d&eacute;placements.<\/p>\n<h3>T&eacute;l&eacute;travail<\/h3>\n<p>Autre bon point pour les Fran&ccedil;ais&nbsp;: <strong>les mesures de t&eacute;l&eacute;travail semblent globalement respect&eacute;es<\/strong>. &quot;<em>Nous avons men&eacute; une enqu&ecirc;te pour voir si les r&egrave;gles &eacute;taient bien appliqu&eacute;es. L&#039;enqu&ecirc;te le montre&nbsp;: la tr&egrave;s grande majorit&eacute; des salari&eacute;s et des employeurs jouent le jeu<\/em>&quot;, s&#039;est f&eacute;licit&eacute; la ministre du Travail Elisabeth Borne.<\/p>\n<p>En tout, <strong>45&nbsp;% des salari&eacute;s <\/strong>du priv&eacute; auraient pu faire du t&eacute;l&eacute;travail la semaine derni&egrave;re, dont 23&nbsp;% 5&nbsp;jours sur 5.&nbsp;<b>&quot;<\/b><em>Il y a encore des marge de progr&egrave;s pour que plus d&#039;actifs t&eacute;l&eacute;travaillent<\/em>&quot;, a tout de m&ecirc;me soulign&eacute; la ministre qui a appel&eacute; les employeurs et les salari&eacute;s &agrave; &quot;<em>poursuivre leurs efforts<\/em>&quot;.&nbsp;<\/p>\n<h3>Les commerces non-essentiels restent ferm&eacute;s<\/h3>\n<p>Des comportements positifs qui ne permettront pourtant pas aux commerces dits &quot;<em>non-essentiels<\/em>&quot; de rouvrir leurs portes cette semaine.<strong>&nbsp;&quot;<em>Les commerces ferm&eacute;s au titre du confinement le resteront donc encore pour quinze jours suppl&eacute;mentaire<\/em>s&quot;,<\/strong> a indiqu&eacute; le Premier ministre.<\/p>\n<p>Une d&eacute;cision qui va dans le sens des propos tenus par le ministre d&eacute;l&eacute;gu&eacute; charg&eacute; des Relations avec le Parlement Marc Fesneau. Mercredi 11&nbsp;novembre, il avait confi&eacute; sur <em>France Info<\/em> que les commerces dits &quot;<em>non-essentiels<\/em>&quot; ne pourraient <strong>pas rouvrir &quot;<em>&agrave; ce stade<\/em>&quot;. <\/strong>&quot;<em>Nous avons pour objectif de tout faire pour sauver le commerce&quot;, <\/em>a tout de m&ecirc;me tenu &agrave; pr&eacute;ciser le premier ministre. Et le ministre de l&#039;&eacute;conomie, Bruno Le Maire, de pr&eacute;ciser : &quot;<em>Toutes les <strong>mesures &eacute;conomiques massives <\/strong>que nous avons mise en place pour les commer&ccedil;ants continuent de s&#039;appliquer dans les quinze jours qui viennent<\/em>&quot;.&nbsp;<\/p>\n<p><strong>Une baisse de 16&nbsp;% des contaminations a &eacute;t&eacute; constat&eacute;e <\/strong>la semaine derni&egrave;re dans l&#039;Hexagone. Si cette tendance se poursuit d&#039;ici &agrave; deux semaines, l&#039;ouverture des commerces dit &quot;<em>non-essentiels<\/em>&quot; pourra alors <strong>&ecirc;tre envisag&eacute;e par le gouvernement<\/strong>. Un all&eacute;gement qui ne concernera, cependant, pas les <strong>restaurants<\/strong>, <strong>bars<\/strong> et <strong>salles de sport<\/strong>.<\/p>\n<h3>Les lyc&eacute;es restent ouverts<\/h3>\n<p>De leur c&ocirc;t&eacute;, <strong>les lyc&eacute;es restent, eux, ouverts<\/strong>.<strong>&nbsp;L&#039;enseignement &agrave; distance <\/strong>pourra cependant &ecirc;tre plus largement utilis&eacute; par les &eacute;tablissements scolaires. &quot;<em>J&#039;ai toutefois demand&eacute; qu&#039;au minimum 50&nbsp;% du temps scolaire de l&#039;&eacute;l&egrave;ve se d&eacute;roule dans le lyc&eacute;e d&#039;ici &agrave; la fin de l&#039;ann&eacute;e civile&nbsp;afin de garantir le maintien d&#039;un lien fort avec la classe<\/em>&quot;, a pr&eacute;cis&eacute; le ministre de l&#039;&eacute;ducation nationale&nbsp;Jean-Michel Blanquer.<\/p>\n<div class=\"ccminsert\">\n<aside class=\"app_widget_fo app_widget_fo--call\">\n<ul>\n<li>                <a href=\"https:\/\/www.journaldesfemmes.fr\/maman\/enfant\/1849367-covid-ecole-college-lycee-nombre-de-cas-covid\/\" class=\"jGTMWidgetGAEventClick\" data-GTMWidgetGaEventAction=\"clickWidgetCall\" data-GTMWidgetGaEventLabel=\"Ecole covid\u00a0: combien de classes et d&#039;\u00e9coles ferm\u00e9es en France\u00a0?\"><br \/>\n<figure>                                                                                <img decoding=\"async\" src=\"https:\/\/img-3.journaldesfemmes.fr\/omyaHR6klN9xjNlku7RYME4HkLQ=\/200x132\/smart\/6892738be96d45798fc3d47786f06c6f\/ccmcms-jdf\/20219313.jpg\" alt=\"\"><figcaption>\n<h3>Ecole covid\u00a0: combien de classes et d&#039;\u00e9coles ferm\u00e9es en France\u00a0?<\/h3>\n<p>Selon les derniers chiffres du minist\u00e8re de l&#039;Education, 13\u00a0\u00e9coles, 4\u00a0coll\u00e8ges et 3\u00a0lyc\u00e9es sont ferm\u00e9s en France, ainsi que 142\u00a0classes. Des enseignants, qui estiment que la situation sanitaire dans les \u00e9coles est loin d&#039;\u00eatre ma\u00eetris\u00e9e, ont cr\u00e9\u00e9 leur propre carte collaborative.<\/p>\n<\/figcaption><\/figure>\n<p>                <\/a>            <\/li>\n<\/ul>\n<\/aside>\n<\/div>\n<h3>Un soutien pour les victimes &eacute;conomiques du confinement<\/h3>\n<p>Un ensemble de d&eacute;cisions qui s&#039;inscrit dans la volont&eacute; du gouvernement de &quot;<em>ne pas reproduire le confinement du printemps dernier<\/em>&quot; qui s&#039;&eacute;tait traduit par une mise &agrave;<strong> l&#039;arr&ecirc;t brutale de la vie &eacute;conomique du pays. <\/strong>&quot;<em>L&#039;activit&eacute; &eacute;conomique pourrait baisser de 12&nbsp;% au mois de novembre. Un choc important, mais trois fois moins qu&#039;au printemps dernier<\/em>&quot;, a soulign&eacute; le Premier Ministre.<\/p>\n<p>Malgr&eacute; tout, un grand nombre fran&ccedil;ais continuent de <strong>traverser des &eacute;preuves professionnelles<\/strong>. &quot;<em>J&#039;entends assumer mes responsabilit&eacute;s pour prot&eacute;ger les victimes &eacute;conomiques du confinement<\/em>&quot;, a poursuivi Jean Castex. Un <strong>prolongement du ch&ocirc;mage partiel<\/strong> a ainsi &eacute;t&eacute; pens&eacute;, et un <strong>d&eacute;lai suppl&eacute;mentaire pour s&#039;inscrire &agrave; P&ocirc;le Emploi pr&eacute;vu.<\/strong> A noter que les demandeurs d&#039;emploi en fin de droits b&eacute;n&eacute;ficieront &eacute;galement <strong>d&#039;un rallongement de leur assurance ch&ocirc;mage pour le temps du confinement<\/strong>. Une mesure qui concerne <strong>65&nbsp;000&nbsp;Fran&ccedil;ais<\/strong>.<\/p>\n<div class=\"ccminsert\">\n<aside class=\"app_widget_fo app_widget_fo--call\">\n<ul>\n<li>                <a href=\"https:\/\/sante.journaldesfemmes.fr\/fiches-maladies\/2605417-coronavirus-france-cas-morts-carte-direct-oms-troisieme-vague-covid\/\" class=\"jGTMWidgetGAEventClick\" data-GTMWidgetGaEventAction=\"clickWidgetCall\" data-GTMWidgetGaEventLabel=\"Coronavirus France\u00a0: une possible troisi\u00e8me vague en 2021\"><br \/>\n<figure>                                                                                <img decoding=\"async\" src=\"https:\/\/img-3.journaldesfemmes.fr\/HoVF-wKk7rkaTOnIpeTyMBfjVH4=\/200x132\/smart\/691ecdb6b64d493b9e6175d4b3ddc153\/ccmcms-jdf\/20271117.jpg\" alt=\"\"><figcaption>\n<h3>Coronavirus France\u00a0: une possible troisi\u00e8me vague en 2021<\/h3>\n<p>COVID-19\u00a0EN DIRECT \u2013 Le Dr. David Nabarro, envoy\u00e9 sp\u00e9cial de l&#039;Organisation Mondiale de la Sant\u00e9, pr\u00e9voit une troisi\u00e8me vague &quot; au d\u00e9but de l&#039;ann\u00e9e prochaine &quot; si les gouvernements europ\u00e9ens &quot; ne construisent pas l&#039;infrastructure n\u00e9cessaire &quot; pour enrayer l&#039;\u00e9pid\u00e9mie de Covid-19.<\/p>\n<\/figcaption><\/figure>\n<p>                <\/a>            <\/li>\n<\/ul>\n<\/aside>\n<\/div>\n<h3>Objectif : c&eacute;l&eacute;brer No&euml;l en famille<\/h3>\n<p>Au travers de cette d&eacute;cision de maintenir le cap, l&#039;objectif du gouvernement est clair : permettre aux Fran&ccedil;ais de c&eacute;l&eacute;brer les f&ecirc;tes de fin d&#039;ann&eacute;e de la mani&egrave;re la plus normale possible. Un <strong>nouvel all&eacute;gement au moment des vacances de No&euml;l<\/strong> pourrait &ecirc;tre ainsi envisag&eacute; si le confinement continue de<strong> freiner la propagation de l&#039;&eacute;pid&eacute;mie en France<\/strong>. &quot;<em>J&#039;esp&egrave;re que nous pourrons passer des f&ecirc;tes de fin d&#039;ann&eacute;e dans la s&eacute;r&eacute;nit&eacute;<\/em>&quot;, a insist&eacute; Jean Castex. Cela, seul le temps nous le dira.<\/p>\n<div class=\"ccminsert\">\n<aside class=\"app_widget_fo app_widget_fo--call\">\n<ul>\n<li>                <a href=\"https:\/\/www.journaldesfemmes.fr\/societe\/actu\/2675641-60-des-francais-ont-brise-le-confinement-leurs-pires-infractions\/\" class=\"jGTMWidgetGAEventClick\" data-GTMWidgetGaEventAction=\"clickWidgetCall\" data-GTMWidgetGaEventLabel=\"60\u00a0% des Fran\u00e7ais ont bris\u00e9 le Confinement\u00a0: leurs (pires) infractions\"><br \/>\n<figure>                                                                                <img decoding=\"async\" src=\"https:\/\/img-3.journaldesfemmes.fr\/ejMK4Hj0Z7C5Vbt_R8OyOiNidD8=\/200x132\/smart\/4f86a3ccd7cd49f3abdef4a276b93f60\/ccmcms-jdf\/20014136.jpg\" alt=\"\"><figcaption>\n<h3>60\u00a0% des Fran\u00e7ais ont bris\u00e9 le Confinement\u00a0: leurs (pires) infractions<\/h3>\n<p>Le confinement est beaucoup moins respect\u00e9 qu&#039;au printemps. Selon une \u00e9tude Ifop, les Fran\u00e7ais, rebelles, sont nombreux \u00e0 recevoir des invit\u00e9s chez eux, utiliser de faux pr\u00e9textes pour se d\u00e9placer, retrouver leur partenaire sexuel ou l&#039;\u00e9lu de leur c\u0153ur&#8230;<\/p>\n<\/figcaption><\/figure>\n<p>                <\/a>            <\/li>\n<\/ul>\n<\/aside>\n<\/div>\n<div class=\"ccminsert\">\n<aside class=\"app_widget_fo app_widget_fo--call\">\n<ul>\n<li>                <a href=\"https:\/\/www.journaldesfemmes.fr\/societe\/vie-pro\/2675639-le-teletravail-obligatoire-est-tres-peu-respecte\/\" class=\"jGTMWidgetGAEventClick\" data-GTMWidgetGaEventAction=\"clickWidgetCall\" data-GTMWidgetGaEventLabel=\"Le t\u00e9l\u00e9travail obligatoire, mais tr\u00e8s peu respect\u00e9\u00a0?\"><br \/>\n<figure>                                                                                <img decoding=\"async\" src=\"https:\/\/img-3.journaldesfemmes.fr\/oirMsCiyVHxlA7HsZWOueTlN9sk=\/200x132\/smart\/e4c25a8ee5a5445bb3e3ac74830366d3\/ccmcms-jdf\/20013064.jpg\" alt=\"\"><figcaption>\n<h3>Le t\u00e9l\u00e9travail obligatoire, mais tr\u00e8s peu respect\u00e9\u00a0?<\/h3>\n<p>Le t\u00e9l\u00e9travail est-il r\u00e9ellement appliqu\u00e9\u00a0dans le cadre du reconfinement\u00a0? Selon un sondage Ifop, une grande partie des Fran\u00e7ais se rend au bureau alors que le travail \u00e0 la maison est possible&#8230;<\/p>\n<\/figcaption><\/figure>\n<p>                <\/a>            <\/li>\n<\/ul>\n<\/aside>\n<\/div>\n<div class=\"ccminsert\">\n<aside class=\"app_widget_fo app_widget_fo--call\">\n<ul>\n<li>                <a href=\"https:\/\/www.journaldesfemmes.fr\/societe\/actu\/2675161-baisse-de-moral-les-confines-se-disent-tristes-et-anxieux\/\" class=\"jGTMWidgetGAEventClick\" data-GTMWidgetGaEventAction=\"clickWidgetCall\" data-GTMWidgetGaEventLabel=\"Baisse de moral\u00a0: les Confin\u00e9s se disent &quot;tristes et anxieux&quot;\"><br \/>\n<figure>                                                                                <img decoding=\"async\" src=\"https:\/\/img-3.journaldesfemmes.fr\/BnL6O0DSXPQ8e6Fq1D8JlkxfhhE=\/200x132\/smart\/2aad6e7bb08c4c21a32abbe7ef60373b\/ccmcms-jdf\/19972833.jpg\" alt=\"\"><figcaption>\n<h3>Baisse de moral\u00a0: les Confin\u00e9s se disent &quot;tristes et anxieux&quot;<\/h3>\n<p>Le reconfinement est une p\u00e9riode douloureuse \u00e0 vivre pour beaucoup de Fran\u00e7ais. Selon une \u00e9tude Ifop, nous sommes plus cafardeux, angoiss\u00e9s, d\u00e9prim\u00e9s&#8230; qu&#039;\u00e0 l&#039;accoutum\u00e9e. Cons\u00e9quence\u00a0? Beaucoup bravent les mesures restrictives&#8230;<\/p>\n<\/figcaption><\/figure>\n<p>                <\/a>            <\/li>\n<\/ul>\n<\/aside>\n<\/div>\n<h2><a id=\"fete-noel\" name=\"fete-noel\" target=\"_blank\" rel=\"noopener noreferrer\">F&ecirc;ter No&euml;l, retrouver sa&nbsp;famille et se r&eacute;unir pour les R&eacute;veillons<\/a><\/h2>\n<p>Si le gouvernement n&#039;a pas encore annonc&eacute; la prolongation du Confinement&nbsp;jusqu&#039;&agrave; No&euml;l, les Fran&ccedil;ais, eux, semblent avoir d&eacute;j&agrave; privil&eacute;gi&eacute; la prudence aux festivit&eacute;s. Selon un sondage r&eacute;alis&eacute; par<em>&nbsp;OpinionWay<\/em> pour <em>Proximis<\/em>, rendu public&nbsp;le 11&nbsp;novembre 2020,&nbsp;le respect des mesures sanitaires prime&nbsp;sur l&#039;envie de se r&eacute;unir. Il ne faut pas faire courir de risque &agrave; ses proches.<\/p>\n<p>Ainsi,&nbsp;<strong>53% des personnes interrog&eacute;es&nbsp;ne f&ecirc;teront pas No&euml;l en famille&nbsp;&quot;par peur de la contamination au Covid-19&quot;. <\/strong><\/p>\n<p>Et pas question, non plus, de convier ses amis autour de la table et de la dinde aux marrons&nbsp;: 73% des sond&eacute;s&nbsp;annoncent qu&#039;ils verront moins de personnes durant les f&ecirc;tes de fin d&#039;ann&eacute;e.<\/p>\n<h3>Report du shopping<\/h3>\n<p>Plus d&#039;un Fran&ccedil;ais sur deux (55%) annonce qu&#039;il ach&egrave;tera ses cadeaux en avance, avant fin novembre 2020 et&nbsp;40% des interrog&eacute;s d&eacute;clarent qu&#039;ils attendront l&#039;ann&eacute;e prochaine pour acheter les cadeaux.&nbsp;<\/p>\n<p>Selon la m&ecirc;me enqu&ecirc;te, <strong>le budget cadeaux<\/strong>&nbsp;est lui en chute libre en 2020&nbsp;:&nbsp;-30% de d&eacute;penses par rapport &agrave; 2018, &agrave; <strong>241&nbsp;euros.<\/strong><\/p>\n<h2>Les&nbsp;sapins&nbsp;de No&euml;l &quot;essentiels&quot;<\/h2>\n<p>Chaque ann&eacute;e, six millions de sapins naturels sont vendus en France. Avec un risque de prolongement du Confinement et de mesures suppl&eacute;mentaires de restriction en fonction de la situation &eacute;pid&eacute;mique, la question autour de l&#039;arbre&nbsp;des f&ecirc;tes de fin d&#039;ann&eacute;e se posait. <strong>Selon le gouvernement, le&nbsp;sapin&nbsp;est bien<\/strong> <strong><em>&quot;un produit essentiel&quot;.&nbsp;<\/em><\/strong><\/p>\n<p>Le minist&egrave;re de l&#039;Agriculture et de l&#039;Economie a annonc&eacute; que les sapins de No&euml;l seront&nbsp;<strong>propos&eacute;s &agrave; la vente &agrave; partir du 20&nbsp;novembre<\/strong>, selon une information du <em>Figaro.<\/em><\/p>\n<p>Un d&eacute;cret doit pr&eacute;ciser dans les prochains jours les modalit&eacute;s commerciales. Parmi elles, <em>&quot;l&#039;achat des sapins sur les parkings des grandes surfaces et des fleuristes&quot;<\/em>, d&eacute;taille&nbsp;Bercy au quotidien.&nbsp;<\/p>\n<p>Le confinement sera-t-il prolong&eacute; jusqu&#039;en 2021&nbsp;? Alors que la&nbsp;question de passer les f&ecirc;tes de fin d&#039;ann&eacute;e confin&eacute;s nous taraude, le porte-parole du gouvernement, Gabriel Attal, assure que le gouvernement mettra tout en &oelig;uvre pour pr&eacute;server ce moment de convivialit&eacute; et de partage en famille.<\/p>\n<h2>Ce que dit le gouvernement sur No&euml;l et la fin d&#039;ann&eacute;e<\/h2>\n<p><strong><em>&quot;On ne veut pas d&#039;un No&euml;l en visio, on veut que les Fran&ccedil;ais puissent f&ecirc;ter No&euml;l le plus normalement possible&quot;,<\/em><\/strong> a d&eacute;clar&eacute; le 8&nbsp;novembre le porte-parole du gouvernement dans le <em>Grand Rendez-vous d&#039;Europe1\/CNews\/Les &Eacute;chos<\/em>.<i> <\/i><em>&quot;Si on prend des mesures difficiles aujourd&#039;hui, c&#039;est pr&eacute;cis&eacute;ment pour &ccedil;a&quot;, <\/em>a-t-il expliqu&eacute;.<\/p>\n<p>Dix jours apr&egrave;s le d&eacute;but du Confinement, la circulation du coronavirus reste intense: les contaminations augmentent&nbsp;et le bilan d&eacute;passe d&eacute;sormais les 40.000&nbsp;morts. Olivier V&eacute;ran, le ministre de la Sant&eacute;, invit&eacute; ce week-end de&nbsp;<em>Franceinfo<\/em>&nbsp;et&nbsp;<em>France Inter,&nbsp;<\/em>a mis en garde contre des pratiques festives en p&eacute;riode de&nbsp;crise sanitaire.&nbsp;<em>On fera attention &agrave; ne pas contaminer les parents, les grands-parents, que les march&eacute;s de No&euml;l on est serr&eacute;s les uns contre les autres, avec le verre de <strong>vin chaud ou la tartiflette<\/strong>, comme on en mange &agrave; Grenoble &agrave; ce moment-l&agrave;. Il y aura forc&eacute;ment la distanciation. Mais &ccedil;a ne veut pas dire qu&#039;on ne pourra pas avoir des <strong>moments de joie<\/strong>, des moments de pr&eacute;paration ensemble&quot;,<\/em> a assur&eacute; Olivier V&eacute;ran.<\/p>\n<div class=\"ccminsert\">\n<blockquote class=\"twitter-tweet\">\n<p dir=\"ltr\" lang=\"fr\">.<a href=\"https:\/\/twitter.com\/olivierveran?ref_src=twsrc%5Etfw\">@olivierveran<\/a> ne fait pas de pronostic pour No&euml;l : &quot;On sait qu&#039;&agrave; No&euml;l on fera attention aux gens autour de nous. On aura l&#039;application des gestes barri&egrave;res et ce sera un No&euml;l un peu sp&eacute;cial&quot;<br \/>: &quot;&quot; <a href=\"https:\/\/twitter.com\/hashtag\/QuestionsPol?src=hash&amp;ref_src=twsrc%5Etfw\">#QuestionsPol<\/a> <a href=\"https:\/\/t.co\/Khbtpc0Tbh\">pic.twitter.com\/Khbtpc0Tbh<\/a><\/p>\n<p>&mdash; France Inter (@franceinter) <a href=\"https:\/\/twitter.com\/franceinter\/status\/1325407254573690880?ref_src=twsrc%5Etfw\">November 8, 2020<\/a><\/p><\/blockquote>\n<\/div>\n<div class=\"ccminsert\">\n<aside class=\"app_widget_fo app_widget_fo--call\">\n<ul>\n<li>                <a href=\"https:\/\/www.journaldesfemmes.fr\/maman\/magazine-actu-des-parents\/2571145-noel-2020-black-friday-olivier-veran-trains-sapins-deconfinement\/\" class=\"jGTMWidgetGAEventClick\" data-GTMWidgetGaEventAction=\"clickWidgetCall\" data-GTMWidgetGaEventLabel=\"No\u00ebl 2020\u00a0: Black Friday report\u00e9, quand acheter ses billets de train\u00a0?\"><br \/>\n<figure>                                                                                <img decoding=\"async\" src=\"https:\/\/img-3.journaldesfemmes.fr\/IgFEVCBy29fKC1wY2hspzKPh9BM=\/200x132\/smart\/a82b3af64cb34ff3b3b501af5bfb077d\/ccmcms-jdf\/20209520.jpg\" alt=\"\"><figcaption>\n<h3>No\u00ebl 2020\u00a0: Black Friday report\u00e9, quand acheter ses billets de train\u00a0?<\/h3>\n<p>Le d\u00e9confinement n&#039;est pas pour demain, a d\u00e9clar\u00e9 Olivier V\u00e9ran. Gabriel Attal conseille m\u00eame d&#039;attendre la semaine prochaine avant d&#039;acheter ses billets de train pour No\u00ebl. Pour l&#039;heure, le Black Friday est report\u00e9 au 4\u00a0d\u00e9cembre et les sapins sont en vente. Le point sur les derni\u00e8res annonces.<\/p>\n<\/figcaption><\/figure>\n<p>                <\/a>            <\/li>\n<\/ul>\n<\/aside>\n<\/div>\n<h2>Pourra-t-on se d&eacute;placer, aller voir ses proches fin d&eacute;cembre&nbsp;?&nbsp;<\/h2>\n<p>Le ministre de la Sant&eacute; <em>&quot;le souhaite ardemment.&quot; &quot;Nous verrons, je ne fais pas de pronostics. Ca ne veut pas dire que je suis d&eacute;faitiste, &ccedil;a veut dire que je suis prudent. Mais en tout cas, quoi qu&#039;il en soit, on sait qu&#039;on aura l&#039;application des gestes barri&egrave;res, et qu&#039;ainsi ce sera un No&euml;l un peu sp&eacute;cial de ce point de vue-l&agrave;&quot;,<\/em> a-t-il continu&eacute;.<\/p>\n<section>\n<p><span>&nbsp;<\/span><b data-original-fontsize=\"19px\" data-original-lineheight=\"30px\">Sur <\/b><span>&nbsp;<\/span><b data-original-fontsize=\"19px\" data-original-lineheight=\"30px\">BFMTV,<b data-original-fontsize=\"19px\" data-original-lineheight=\"30px\"> <\/b>la&nbsp;professeure Karine Lacombe s&#039;est&nbsp;dite ce lundi&nbsp;&quot;mod&eacute;r&eacute;ment optimiste pour No&euml;l&quot;. &quot;<em>Ce virus sera encore l&agrave; pour plusieurs mois, peut-&ecirc;tre 1&nbsp;ou deux ans<\/em>&quot;, <\/b><b data-original-fontsize=\"19px\" data-original-lineheight=\"30px\">a expliqu&eacute;&nbsp;l&#039;infectiologue ajoutant:&nbsp;<\/b><b data-original-fontsize=\"19px\" data-original-lineheight=\"30px\">&quot;<em>C&#039;est au sein de la famille et de l&#039;entreprise que l&#039;on se contamine le plus<\/em><\/b><em>, dans tous les moments de convivialit&eacute;<\/em>&quot;.<\/p>\n<h2>Des envies d&#039;&eacute;vasion (contrari&eacute;es)<\/h2>\n<div class=\"ccminsert\">\n<aside class=\"app_widget_fo app_widget_fo--call\">\n<ul>\n<li>                <a href=\"https:\/\/sante.journaldesfemmes.fr\/fiches-maladies\/2608487-voyage-covid-19-confinement-vacances-france-europe-espagne-italie-noel-2020-formulaire-test\/\" class=\"jGTMWidgetGAEventClick\" data-GTMWidgetGaEventAction=\"clickWidgetCall\" data-GTMWidgetGaEventLabel=\"Voyage et Covid-19\u00a0: peut-on partir pendant le confinement, et \u00e0 No\u00ebl\u00a0?\"><br \/>\n<figure>                                                                                <img decoding=\"async\" src=\"https:\/\/img-3.journaldesfemmes.fr\/PS6GIV5u5If8q8_Xb-y00Wt-Ckg=\/200x132\/smart\/ce9ca6323f2340f7b00d2d6ba3e30caa\/ccmcms-jdf\/20145789.jpg\" alt=\"\"><figcaption>\n<h3>Voyage et Covid-19\u00a0: peut-on partir pendant le confinement, et \u00e0 No\u00ebl\u00a0?<\/h3>\n<p>Le confinement durera au moins jusqu&#039;au 1er d\u00e9cembre en raison de l&#039;\u00e9pid\u00e9mie de Covid-19\u00a0en France. Pendant toute cette p\u00e9riode, les voyages de loisirs ne sont pas autoris\u00e9s. Peut-on se d\u00e9placer entre les r\u00e9gions\u00a0? Et voyager \u00e0 No\u00ebl\u00a0? Sous quelles conditions\u00a0? Quels pays d&#039;Europe exigent un test\u00a0?<\/p>\n<\/figcaption><\/figure>\n<p>                <\/a>            <\/li>\n<\/ul>\n<\/aside>\n<\/div>\n<h2>Contr&ocirc;les et verbalisations renforc&eacute;s<\/h2>\n<p>Le Premier Flic de France <strong>G&eacute;rald Darmanin&nbsp;<\/strong>a annonc&eacute; mardi 10&nbsp;novembre un &quot;<em>renforcement des actions de <strong>contr&ocirc;le <\/strong>du confinement<\/em>&quot;.<br \/>Le ministre de l&#039;Int&eacute;rieur a demand&eacute;, par t&eacute;l&eacute;gramme, aux pr&eacute;fets d&#039;appliquer la nouvelle proc&eacute;dure de <strong>renforcement des contr&ocirc;les et verbalisations<\/strong>, selon <em>Europe 1<\/em>, qui s&#039;est procur&eacute; le document.&nbsp;&quot;<em>Je vous demande une <strong>particuli&egrave;re fermet&eacute;<\/strong> pour faire respecter, sur le terrain [&hellip;] les rassemblements priv&eacute;s, les rassemblements de voie publique et la fermeture des &eacute;tablissements recevant du public, mais &eacute;galement les d&eacute;placements individuels n&#039;entrant pas dans le champ des exceptions autoris&eacute;es<\/em>&quot;, a ajout&eacute; le locataire de la Place Beauvau.<\/p>\n<\/section>\n<h2>Les Fran&ccedil;ais d&eacute;pensent beaucoup et stockent toujours<\/h2>\n<div class=\"ccminsert\">\n<aside class=\"app_widget_fo app_widget_fo--call\">\n<ul>\n<li>                <a href=\"https:\/\/www.journaldesfemmes.fr\/societe\/actu\/2675023-francais-achats-magasins-confinement-pates-riz-farine-commerces-depenses\/\" class=\"jGTMWidgetGAEventClick\" data-GTMWidgetGaEventAction=\"clickWidgetCall\" data-GTMWidgetGaEventLabel=\"Les Confin\u00e9s (sur)consomment\u00a0! Achats (surprenants) et maxi-d\u00e9penses\"><br \/>\n<figure>                                                                                <img decoding=\"async\" src=\"https:\/\/img-3.journaldesfemmes.fr\/ycq1jxkxx3zGQ-wni8IO3FNjqLQ=\/200x132\/smart\/8bc75f6428074e469aa9358847323924\/ccmcms-jdf\/19966542.jpg\" alt=\"\"><figcaption>\n<h3>Les Confin\u00e9s (sur)consomment\u00a0! Achats (surprenants) et maxi-d\u00e9penses<\/h3>\n<p>\u00c0 l&#039;annonce du Reconfinement, les Fran\u00e7ais se sont (encore) ru\u00e9s&#8230; dans les rayons de magasins\u00a0! La fr\u00e9n\u00e9sie acheteuse du premier confinement a fait son retour. Mais qu&#039;avons-nous achet\u00e9 cette fois-ci\u00a0?<\/p>\n<\/figcaption><\/figure>\n<p>                <\/a>            <\/li>\n<\/ul>\n<\/aside>\n<\/div>\n<h2>Les ap&eacute;ros-jardins, la tendance de ce confinement&nbsp;?<\/h2>\n<p>Vous ne pouvez plus recevoir d&#039;invit&eacute;s chez vous pendant le <strong>confinement<\/strong>&#8230; mais si vous vous languissez des fins d&#039;apr&egrave;s-midi pass&eacute;es &agrave; prendre<strong> l&#039;ap&eacute;ro entre amis<\/strong>, et que vous disposez d&#039;une terrasse (ou d&#039;un balcon), vous pouvez adopter la tendance de <strong>l&#039;ap&eacute;ro-jardin<\/strong>, popularis&eacute;e dans le Nord&nbsp;!<\/p>\n<p>&Agrave; Saint-Andr&eacute;-Lez-Lille, des voisins d&#039;un quartier sortent d&eacute;sormais le dimanche &agrave; la m&ecirc;me heure, et restent devant leurs p&acirc;t&eacute;s de maisons respectifs, certains munis de masques afin de redoubler de vigilance, pour prendre un verre et<strong> discuter&nbsp;par jardins interpos&eacute;s <\/strong>! Un bon moyen de <strong>conserver le lien social<\/strong> tout en respectant le confinement. Et si vous vous lanciez aussi&nbsp;?<\/p>\n<div class=\"ccminsert\">\n<blockquote class=\"twitter-tweet\">\n<p dir=\"ltr\" lang=\"fr\">En plein confinement, des ap&eacute;ros par jardins interpos&eacute;s dans le Nord &#8211; <a href=\"https:\/\/twitter.com\/julienmielcarek?ref_src=twsrc%5Etfw\">@julienmielcarek<\/a> <a href=\"https:\/\/t.co\/EnOFh6jwMw\">pic.twitter.com\/EnOFh6jwMw<\/a><\/p>\n<p>&mdash; BFMTV (@BFMTV) <a href=\"https:\/\/twitter.com\/BFMTV\/status\/1326054942277328896?ref_src=twsrc%5Etfw\">November 10, 2020<\/a><\/p><\/blockquote>\n<\/div>\n<h2>Une amende pour les personnes atteintes de Covid-19&nbsp;qui ne respectent pas l&#039;isolement&nbsp;?<\/h2>\n<p>D&#039;apr&egrave;s les informations d&#039;<em>Europe 1<\/em>, <strong>le gouvernement fran&ccedil;ais r&eacute;fl&eacute;chit &agrave; rendre obligatoire l&#039;isolement des personnes atteintes du Covid-19. <\/strong>Les personnes infect&eacute;es&nbsp;pourraient alors &ecirc;tre contr&ocirc;l&eacute;es de pr&egrave;s, avec des amendes en cas de manquement. Des patients test&eacute;s positifs choisissent, en effet, de ne pas &eacute;bruiter leur &eacute;tat de sant&eacute; pour continuer &agrave; travailler et ne pas s&#039;isoler une semaine, au risque de continuer &agrave; propager le virus. Au cours de&nbsp;son allocution le 28&nbsp;octobre dernier, pour annoncer le reconfinement, Emmanuel Macron avait appel&eacute; &agrave; un isolement plus efficace des p&eacute;riodes positives pour pouvoir sortir efficacement du confinement.&nbsp;En Suisse, au Royaume-Uni et dans de nombreux pays d&#039;Asie, les patients contamin&eacute;s peuvent d&eacute;j&agrave; se voir infliger une lourde contravention s&#039;ils sortent de chez eux avant la fin du d&eacute;lai impos&eacute; par les autorit&eacute;s sanitaires.&nbsp;<\/p>\n<section>\n<h2><b data-original-fontsize=\"19px\" data-original-lineheight=\"30px\">Mise au vert et &eacute;cologie&#8230; au-del&agrave; d&#039;1 km<\/b><\/h2>\n<p>Le secr&eacute;taire national d&#039;EELV, Julien Bayou, a demand&eacute;&nbsp;ce 9 novembre la r&eacute;vision&nbsp;des contraintes du confinement pour garantir aux Fran&ccedil;ais un &eacute;gal &quot;acc&egrave;s &agrave; la nature&quot;. Lors d&#039;une visioconf&eacute;rence de presse, il a plaid&eacute; pour l&#039;adaptation&nbsp;de la limitation&nbsp;de d&eacute;placement pour les promenades: <strong><em>&quot;Ce kilom&egrave;tre constitue une rupture du principe d&#039;&eacute;galit&eacute; car pour beaucoup de Fran&ccedil;ais, il n&#039;y a pas de parc et jardin dans ce p&eacute;rim&egrave;tre (&#8230;) Or, l&#039;acc&egrave;s &agrave; la nature est indispensable &agrave; la sant&eacute; mentale&quot;,<\/em><\/strong> qui plus est dans cette p&eacute;riode troubl&eacute;e.<\/p>\n<\/section>\n<h2><b data-original-fontsize=\"19px\" data-original-lineheight=\"30px\">Pas de confinement cibl&eacute;&nbsp;pour les personnes &acirc;g&eacute;es<\/b><\/h2>\n<p>Le porte-parole du gouvernement Gabriel Attal &eacute;carte un confinement impos&eacute; pour les seniors.&nbsp;<em>&quot;D&#039;abord parce qu&#039;&eacute;thiquement, ce serait objectivement compliqu&eacute;&quot;, <\/em>a-t-il soulign&eacute; sur <em>Europe1<\/em> dimanche.&nbsp;<em>&quot;Ensuite parce que c&#039;est parfois m&eacute;conna&icirc;tre la situation de beaucoup de personnes &acirc;g&eacute;es qui ne vivent pas seules et qui vivent avec parfois plusieurs g&eacute;n&eacute;rations de la m&ecirc;me famille dans le m&ecirc;me appartement&quot;<\/em>, a-t-il ajout&eacute;.<\/p>\n<div class=\"ccminsert\">\n<blockquote class=\"twitter-tweet\">\n<p dir=\"ltr\" lang=\"fr\">Gabriel Attal : &quot;Il nest pas question dun confinement impos&eacute; pour les personnes &acirc;g&eacute;es&quot; <a href=\"https:\/\/t.co\/kPNn47hvIr\">https:\/\/t.co\/kPNn47hvIr<\/a><\/p>\n<p>&mdash; Europe 1 (@Europe1) <a href=\"https:\/\/twitter.com\/Europe1\/status\/1325370362914353152?ref_src=twsrc%5Etfw\">November 8, 2020<\/a><\/p><\/blockquote>\n<\/div>\n<p><strong><em>&quot;Aujourd&#039;hui, il n&#039;y a pas un pays qui ait mis un confinement pour les personnes fragiles. Aujourd&#039;hui, la strat&eacute;gie qui fonctionne, c&#039;est celle d&#039;un confinement g&eacute;n&eacute;ralis&eacute;&quot;,<\/em><\/strong> a martel&eacute; Olivier V&eacute;ran ce dimanche sur <em>France Inter<\/em>. Le ministre de la Sant&eacute; a &eacute;galement not&eacute;&nbsp;<em>&quot;un ralentissement de la progression de l&#039;&eacute;pid&eacute;mie&quot;<\/em> gr&acirc;ce au respect de l&#039;isolement par les Fran&ccedil;ais.<\/p>\n<div class=\"ccminsert\">\n<aside class=\"app_widget_fo app_widget_fo--call\">\n<ul>\n<li>                <a href=\"https:\/\/sante.journaldesfemmes.fr\/fiches-maladies\/2633397-coronavirus-personnes-agees-covid-age-ehpad-recommandation-visite-sortie\/\" class=\"jGTMWidgetGAEventClick\" data-GTMWidgetGaEventAction=\"clickWidgetCall\" data-GTMWidgetGaEventLabel=\"Coronavirus et personnes \u00e2g\u00e9es\u00a0: \u00e2ge \u00e0 risque, recommandations\"><br \/>\n<figure>                                                                                <img decoding=\"async\" src=\"https:\/\/img-3.journaldesfemmes.fr\/KMbvpzbZgSOb5McCkv6aF_c3tHc=\/200x132\/smart\/cd8659c420624a41b1bf04583850fc8d\/ccmcms-jdf\/19104729.jpg\" alt=\"\"><figcaption>\n<h3>Coronavirus et personnes \u00e2g\u00e9es\u00a0: \u00e2ge \u00e0 risque, recommandations<\/h3>\n<p>Les nouveaux cas de Covid-19\u00a0ont tripl\u00e9 chez les 65\u00a0ans et plus ces derni\u00e8res semaines. L&#039;\u00e9pid\u00e9mie repart dans les Ehpad. Quelles recommandations pour cette population vuln\u00e9rable aux formes graves du Covid-19\u00a0? Rappel des conseils de protection.<\/p>\n<\/figcaption><\/figure>\n<p>                <\/a>            <\/li>\n<\/ul>\n<\/aside>\n<\/div>\n<p>L&#039;ex&eacute;cutif avait r&eacute;fl&eacute;chi&nbsp;&agrave; un possible <strong>confinement&nbsp;des personnes &agrave; risques<\/strong>, selon les informations du <em>Monde <\/em>du 6&nbsp;novembre.&nbsp;&quot;<em>On travaille dessus, si l&#039;&eacute;pid&eacute;mie r&eacute;duit<\/em>&quot;, aurait-on d&eacute;clar&eacute; dans l&#039;entourage d&#039;Emmanuel Macron. Le 26&nbsp;octobre, le conseil scientifique avait estim&eacute; &agrave; <strong>22&nbsp;millions<\/strong> le nombre de personnes dites vuln&eacute;rables, en France. Un chiffre qui comprend les <strong>seniors,<\/strong> mais aussi des <strong>jeunes<\/strong> avec &quot;<em><strong>facteurs de comorbidit&eacute;<\/strong> (diab&egrave;te, surpoids, insuffisance r&eacute;nale, cancer)<\/em>&quot;. Toutefois, pour le conseil scientifique, ce type de confinement &quot;<em><strong>ne pourrait &ecirc;tre obligatoire<\/strong>, pour des raisons &agrave; la fois &eacute;thiques, sociales et sans doute juridiques (rupture d&#039;&eacute;galit&eacute;)<\/em>&quot;. &quot;<em>Cela serait penser que les jeunes ne sont pas touch&eacute;s par la maladie<\/em>&quot;, avait d&eacute;j&agrave; mod&eacute;r&eacute; un membre du minist&egrave;re.<\/p>\n<h2>Alerte sur les d&eacute;rives du Click and Collect<\/h2>\n<p>Vous avez s&ucirc;rement crois&eacute; des attroupements de personnes devant des magasins d&#039;articles de loisirs, de v&ecirc;tements, de jouets ? Le minist&egrave;re de l&#039;Economie a alert&eacute; sur de <strong>mauvaises pratiques qui ont &eacute;t&eacute; observ&eacute;es dans le cadre du syst&egrave;me Click and Collect<\/strong>. Un dispositif qui permet &agrave; de nombreuses enseignes dites &quot;<em>non-essentielles<\/em>&quot; de continuer &agrave; vendre leurs produits, &agrave; condition que ces derniers soient command&eacute;s &agrave; l&#039;avance.<\/p>\n<p>Parmi les d&eacute;rives observ&eacute;s, Bercy pointe du doigt les commandes qui sont pass&eacute;es devant ou &agrave; l&#039;int&eacute;rieur du magasin, et non plus au domicile comme l&#039;exige pourtant ce syst&egrave;me. <strong>Une mauvaise habitude qui provoque la cr&eacute;ation de files d&#039;attente <\/strong>devant les enseignes des magasins.&nbsp;&quot;<i>Ce n&#039;est pas acceptable car les files d&#039;attente multiplient les contacts<\/i>&quot;, a rappel&eacute;&nbsp;un proche de Bruno Le Maire, ministre de l&#039;Economie, dans les colonnes du <em>Parisien<\/em>.<\/p>\n<div class=\"ccminsert\">\n<aside class=\"app_widget_fo app_widget_fo--call\">\n<ul>\n<li>                <a href=\"https:\/\/www.journaldesfemmes.fr\/societe\/actu\/2674529-click-and-collect-derives-et-fin-des-commandes-en-ligne-avec-retrait-en-magasin\/\" class=\"jGTMWidgetGAEventClick\" data-GTMWidgetGaEventAction=\"clickWidgetCall\" data-GTMWidgetGaEventLabel=\"Click and Collect\u00a0: d\u00e9rives (et fin\u00a0?) des commandes avec retrait en magasin\"><br \/>\n<figure>                                                                                <img decoding=\"async\" src=\"https:\/\/img-3.journaldesfemmes.fr\/X8iU0D5Gj1WfNZW0-ycgevYDN80=\/200x132\/smart\/56b03d05efd04eb28c90f55b8d603a10\/ccmcms-jdf\/19892615.jpg\" alt=\"\"><figcaption>\n<h3>Click and Collect\u00a0: d\u00e9rives (et fin\u00a0?) des commandes avec retrait en magasin<\/h3>\n<p>Files d&#039;attente devant les magasins non-essentiels, commandes effectu\u00e9es non pas en ligne, mais directement sur place, Regroupements dans les rues et centres commerciaux\u2026 Voil\u00e0 des pratiques abusives auxquelles le gouvernement compte mettre fin\u00a0! Le minist\u00e8re de l&#039;Economie alerte sur les mauvais comportements rencontr\u00e9s dans le cadre du syst\u00e8me de &quot;Click and Collect&quot;.<\/p>\n<\/figcaption><\/figure>\n<p>                <\/a>            <\/li>\n<\/ul>\n<\/aside>\n<\/div>\n<h2>D&eacute;placements : les Fran&ccedil;ais bougent 2&nbsp;&agrave; 3&nbsp;plus<strong>&nbsp;<\/strong>que lors du premier Confinement<\/h2>\n<p>Nous nous d&eacute;pla&ccedil;ons beaucoup plus que lors du premier Confinement. C&#039;est l&#039;enseignement que nous pouvons tirer des r&eacute;centes donn&eacute;es partag&eacute;es par de nombreuses entreprises, &agrave; l&#039;instar de <strong>Orange<\/strong> ou encore <strong>Waze<\/strong>. Une baisse de<strong> 30&nbsp;% du trafic autoroutier<\/strong> a ainsi &eacute;t&eacute; observ&eacute;e par la Soci&eacute;t&eacute; des autoroutes du Nord et de l&#039;Est de la France (Sanef). Un chiffre qui avait atteint <strong>60&nbsp;% lors du premier confinement<\/strong>.<\/p>\n<p>Pour autant, <strong>aucun exode rurale massif<\/strong> n&#039;a pas &eacute;t&eacute; observ&eacute; selon Orange. Seule la capitale&nbsp;a vu le nombre de sa population diminuer: <strong>&#8211;&nbsp;150&nbsp;000&nbsp;habitants &agrave; Paris<\/strong>. Aucune r&eacute;gion fran&ccedil;aise ne semble, pour autant, en <strong>avoir fait les frais<\/strong>. &quot;<em>Il n&#039;y pas une zone en particulier qui a vu une arriv&eacute;e massive de gens<\/em>&nbsp;&quot;, atteste Micha&euml;l Trabbia, directeur de l&#039;innovation d&#039;Orange. Des <strong>d&eacute;placements en hausse<\/strong> par rapport au premier confinement qui sont cependant &agrave; <strong>remettre en perspective<\/strong>. Ce second &eacute;pisode de confinement est, en effet, <strong>une version all&eacute;g&eacute;e<\/strong> de celui qui nous avait &eacute;t&eacute; concoct&eacute; au printemps.&nbsp;<strong>En moyenne, pour l&#039;instant, une personne contr&ocirc;l&eacute;e sur 10 est verbalis&eacute;e.<\/strong><\/p>\n<div class=\"ccminsert\">\n<aside class=\"app_widget_fo app_widget_fo--call\">\n<ul>\n<li>                <a href=\"https:\/\/www.journaldesfemmes.fr\/societe\/actu\/2674395-voiture-route-train-tgv-les-francais-se-deplacent-beaucoup-mais-respectent-le-confinement\/\" class=\"jGTMWidgetGAEventClick\" data-GTMWidgetGaEventAction=\"clickWidgetCall\" data-GTMWidgetGaEventLabel=\"Les Fran\u00e7ais se d\u00e9placent beaucoup, mais respectent le Confinement\"><br \/>\n<figure>                                                                                <img decoding=\"async\" src=\"https:\/\/img-3.journaldesfemmes.fr\/v96gIpIOalpyQEbe_zXe74kFVDQ=\/200x132\/smart\/a55d976bec81498395a94ba814a135ab\/ccmcms-jdf\/19882567.jpg\" alt=\"\"><figcaption>\n<h3>Les Fran\u00e7ais se d\u00e9placent beaucoup, mais respectent le Confinement<\/h3>\n<p>Voitures sur la route, Trains et Transports en commun&#8230; Les chiffres sont sans appel\u00a0! Les d\u00e9placements sont plus nombreux que lors du premier Confinement. Une hausse qui s&#039;accorde avec les all\u00e9gements pr\u00e9vus pour ce second \u00e9pisode. Globalement, les Fran\u00e7ais bougent deux \u00e0 trois fois plus, mais respectent le confinement.<\/p>\n<\/figcaption><\/figure>\n<p>                <\/a>            <\/li>\n<\/ul>\n<\/aside>\n<\/div>\n<h2>Des mesures renforc&eacute;es &agrave; Paris et en IDF<\/h2>\n<p><strong>Le confinement&nbsp;<\/strong>devient plus strict &agrave; Paris et dans la r&eacute;gion parisienne. Un arr&ecirc;t&eacute; de la pr&eacute;fecture de police a &eacute;t&eacute; publi&eacute; le 5 novembre et pr&eacute;cise&nbsp;que&nbsp;<em>&quot;les <strong>activit&eacute;s de livraison et vente &agrave; emporter<\/strong> de tous les produits pr&eacute;par&eacute;s par les restaurants et d&eacute;bits de <a href=\"http:\/\/www.affinite.fr\/index.php\/2022\/11\/20\/gros-glacons-pour-les-cocktails\/\">boissons<\/a> et les &eacute;tablissements flottants (p&eacute;niches)&quot;<\/em>&nbsp;seront <strong>interdites &agrave; Paris<\/strong>, entre<strong> 22&nbsp;heures et 6&nbsp;heures<\/strong>. Une mesure qu&#039;<strong>Anne Hidalgo <\/strong>avait annonc&eacute;e sur <em>BFMTV-RMC<\/em>. &quot;<em>On a de nouvelles restrictions sur Paris et la petite couronne d&eacute;cid&eacute;es hier. Le pr&eacute;fet de police m&#039;a demand&eacute; mon avis et j&#039;ai donn&eacute; mon accord<\/em>&quot;, avait-elle pr&eacute;cis&eacute;. Une initiative prise afin d&#039;emp&ecirc;cher les&nbsp;&quot;<em>d&eacute;bordements<\/em>&quot; et &quot;<em>attroupements<\/em>&quot; qui pouvaient avoir lieu selon la maire de Paris.&nbsp;<\/p>\n<div class=\"ccminsert\">\n<blockquote class=\"twitter-tweet\">\n<p dir=\"ltr\" lang=\"fr\">Face &agrave; la situation sanitaire pr&eacute;occupante, pour &eacute;viter des rassemblements et des d&eacute;bordements, jai donn&eacute; un avis favorable &agrave; la demande de la Pr&eacute;fecture de Police de fermer certains lieux de vente &agrave; emporter et de d&eacute;bit de boissons &agrave; partir de 22h. <a href=\"https:\/\/twitter.com\/hashtag\/BourdinDirect?src=hash&amp;ref_src=twsrc%5Etfw\">#BourdinDirect<\/a> <a href=\"https:\/\/t.co\/9zb82Y2dHA\">pic.twitter.com\/9zb82Y2dHA<\/a><\/p>\n<p>&mdash; Anne Hidalgo (@Anne_Hidalgo) <a href=\"https:\/\/twitter.com\/Anne_Hidalgo\/status\/1324271025895493637?ref_src=twsrc%5Etfw\">November 5, 2020<\/a><\/p><\/blockquote>\n<\/div>\n<h2>Les frais d&#039;envoi des livres, pris en charge ?<\/h2>\n<p><strong>Bruno Le Maire et&nbsp;Roselyne Bachelot<\/strong> ont&nbsp;annonc&eacute; dans un communiqu&eacute; que l&#039;&Eacute;tat&nbsp;<strong>prendrait d&eacute;sormais&nbsp;en charge les frais d&#039;envoi des livres <\/strong>command&eacute;s dans les<strong> librairies ind&eacute;pendantes<\/strong>, pendant la p&eacute;riode du confinement. Une fa&ccedil;on de les&nbsp;&quot;<em>aider &agrave; poursuivre leur activit&eacute; &agrave; travers la vente en ligne<\/em>&quot; et de permettre aux libraires &quot;<em>de ne facturer &agrave; leurs clients que les frais de port au tarif minimum l&eacute;gal, soit 0,01&nbsp;euro<\/em>&quot;. Quelles sont les<strong> librairies concern&eacute;es<\/strong> ? Celles qui &quot;<em>r&eacute;pondent aux crit&egrave;res de taille TPE et PME et dont la vente de livres neufs est l&#039;activit&eacute; principale<\/em>&quot;, pr&eacute;cise-t-on.<\/p>\n<h2>Col&egrave;re des libraires<\/h2>\n<p><strong>Si 7&nbsp;Fran&ccedil;ais sur 10&nbsp;approuvent le nouveau confinement,<\/strong> selon un sondage Odoxa-Dentsu consulting pour <em>Franceinfo<\/em> et <em>Le Figaro<\/em>, <strong>52&nbsp;% des Fran&ccedil;ais ne comprennent pas la fermeture des commerces non-essentiels.&nbsp;Les librairies <\/strong>n&#039;ont pas &eacute;t&eacute; consid&eacute;r&eacute;es comme des commerces essentiels et ont donc d&ucirc; fermer leurs portes. Le critique litt&eacute;raire et pr&eacute;sentateur de l&#039;&eacute;mission de<em> France 5&nbsp;La Grande Librairie,&nbsp;Fran&ccedil;ois Busnel <\/em>a donc lanc&eacute;&nbsp;<a href=\"https:\/\/www.change.org\/p\/monsieur-le-pr%C3%A9sident-de-la-r%C3%A9publique-monsieur-le-pr%C3%A9sident-faisons-le-choix-de-la-culture-en-rouvrant-les-librairies?utm_content=cl_sharecopy_25565627_fr-FR%3A1&amp;recruiter=707350202&amp;utm_source=share_petition&amp;utm_medium=copylink&amp;utm_campaign=share_petition\" target=\"_blank\" rel=\"noopener noreferrer\">une p&eacute;tition&nbsp;intitul&eacute;e&nbsp;<em>&quot;Monsieur le Pr&eacute;sident, faisons le choix de la culture en rouvrant les librairies&nbsp;!&quot;<\/em><\/a><i>, un texte<\/i>&nbsp;sign&eacute; par l&#039;Acad&eacute;micien Erik Orsenna, le dessinateur Joann Sfar, l&#039;&eacute;crivaine Delphine de Vigan ou encore la com&eacute;dienne Sandrine Kiberlain.&nbsp;<\/p>\n<h2>Le coup de gueule d&#039;Olivier V&eacute;ran<\/h2>\n<p>Les d&eacute;put&eacute;s de l&#039;Opposition sont parvenus le 4 novembre &agrave; voter pour le prolongement de <strong>l&#039;&eacute;tat d&#039;urgence sanitaire<\/strong> jusqu&#039;au 14&nbsp;<strong>d&eacute;cembre<\/strong>, alors que la Majorit&eacute; souhaitait le maintenir jusqu&#039;&agrave; <strong>f&eacute;vrier<\/strong>.&nbsp;Scandalis&eacute; par ce coup politique&nbsp;et las des <strong>critiques<\/strong>&nbsp;face aux mesures restrictives du gouvernement, <strong>Olivier V&eacute;ran a pouss&eacute; un v&eacute;ritable coup de gueule<\/strong> &agrave; l&#039;Assembl&eacute;e Nationale.<\/p>\n<p>Le ministre de la Sant&eacute; a expliqu&eacute; qu&#039;il venait de visiter le service de r&eacute;animation d&#039;un&nbsp;h&ocirc;pital de Corbeil-Essonnes, en &Icirc;le-de-France&#8230; et&nbsp;a <strong>perdu son sang froid<\/strong>, en interpellant ceux qui ne mesuraient pas la <strong>gravit&eacute; du coronavirus<\/strong>: &quot;<em>Dans la premi&egrave;re chambre, il y avait un jeune homme de 28&nbsp;ans, dans le coma, intub&eacute; et ventil&eacute; avec pas loin de dix pousse-seringue pour pouvoir &agrave; la fois l&#039;alimenter et lui fournir les m&eacute;dicaments essentiels pour le maintenir en vie<\/em>&quot;. Laissant la col&egrave;re monter, il a martel&eacute;: &quot;<em>Dans la deuxi&egrave;me chambre, il y avait un homme de 35&nbsp;ans en surpoids. C&#039;est &ccedil;a la r&eacute;alit&eacute;, mesdames et messieurs les d&eacute;put&eacute;s. <strong>Si vous ne voulez pas l&#039;entendre, sortez d&#039;ici<\/strong><\/em>&quot;.<\/p>\n<div class=\"ccminsert\">\n<blockquote class=\"twitter-tweet\">\n<p dir=\"ltr\" lang=\"fr\">&quot;C&#039;est &ccedil;a la r&eacute;alit&eacute;, si vous ne voulez pas l&#039;entendre, sortez d&#039;ici !&quot;, ass&egrave;ne <a href=\"https:\/\/twitter.com\/olivierveran?ref_src=twsrc%5Etfw\">@olivierveran<\/a> en d&eacute;crivant de jeunes patients actuellement en r&eacute;animation.<br \/>&gt; Le face &agrave; face se durcit entre le gouvernement et Les R&eacute;publicains<a href=\"https:\/\/twitter.com\/hashtag\/PLF2021?src=hash&amp;ref_src=twsrc%5Etfw\">#PLF2021<\/a> <a href=\"https:\/\/twitter.com\/hashtag\/DirectAN?src=hash&amp;ref_src=twsrc%5Etfw\">#DirectAN<\/a> <a href=\"https:\/\/twitter.com\/hashtag\/PJLEUS?src=hash&amp;ref_src=twsrc%5Etfw\">#PJLEUS<\/a> <a href=\"https:\/\/t.co\/sUMIDr99F4\">pic.twitter.com\/sUMIDr99F4<\/a><\/p>\n<p>&mdash; LCP (@LCP) <a href=\"https:\/\/twitter.com\/LCP\/status\/1323752689667330049?ref_src=twsrc%5Etfw\">November 3, 2020<\/a><\/p><\/blockquote>\n<\/div>\n<h2>Faire ses courses<\/h2>\n<p>Le 1er novembre, <strong>Jean Castex <\/strong>avait annonc&eacute; dans le JT de 20H de<em> TF1<\/em>&nbsp;qu&#039;&agrave; partir du 4&nbsp;novembre, tous les <strong>produits<\/strong> qui ne peuvent &ecirc;tre vendus dans les <strong>commerces de proximit&eacute;<\/strong>, tels que les v&ecirc;tements, les fleurs ou les livres, ne pourraient pas non plus &ecirc;tre <strong>en vente dans les grandes surfaces<\/strong>. En outre, une <strong>jauge de capacit&eacute; d&#039;accueil <\/strong>a &eacute;t&eacute; mise en place, conform&eacute;ment &agrave; ce qui a &eacute;t&eacute; &eacute;nonc&eacute; dans le <strong>nouveau d&eacute;cret<\/strong>. Les &quot;<em>supermarch&eacute;s, les magasins multi-commerces, les hypermarch&eacute;s et les autres magasins de vente d&#039;une surface de plus de 400&nbsp;m&sup2;<\/em>&quot; ne peuvent pas &quot;<em>accueillir un nombre de clients sup&eacute;rieur &agrave; celui permettant de <strong>r&eacute;server &agrave; chacun une surface de 4&nbsp;m<\/strong>&sup2;<\/em>&quot;.Les <strong>produits cosm&eacute;tiques <\/strong>devraient toutefois rester&nbsp;<strong>disponibles dans les rayons<\/strong>. Selon Bercy, ceux vendus dans les grandes surfaces sont souvent bien diff&eacute;rents de ceux propos&eacute;s dans les magasins sp&eacute;cialis&eacute;s tels que Sephora, Marionnaud, Yves Rocher&#8230; et ne constitueraient donc pas une &quot;<em>concurrence d&eacute;loyale<\/em>&quot;.<\/p>\n<ul><\/ul>\n<p>&quot;<em>Pour savoir quel type de <strong>produit va &ecirc;tre disponible en grande surface<\/strong>, il suffit de se demander&nbsp;: &#039;est-ce que ce produit l&agrave; peut &ecirc;tre vendu par un petit commerce de proximit&eacute; ou est-ce que ce commerce est ferm&eacute;?&#039; Si le commerce ne peut pas ouvrir, c&#039;est que vous ne pourrez pas le trouver dans une grande surface de 400&nbsp;m2<\/em>&quot;, a expliqu&eacute;&nbsp;le porte-parole du gouvernement, Gabriel Attal, sur <em>BFMTV<\/em>.<\/p>\n<div class=\"ccminsert\">\n<aside class=\"app_widget_fo app_widget_fo--call\">\n<ul>\n<li>                <a href=\"https:\/\/www.journaldesfemmes.fr\/societe\/actu\/2674337-commerces-et-services-en-confinement-lesquels-sont-ouverts-ou-fermes\/\" class=\"jGTMWidgetGAEventClick\" data-GTMWidgetGaEventAction=\"clickWidgetCall\" data-GTMWidgetGaEventLabel=\"Commerces et services en confinement\u00a0: lesquels sont ouverts ou ferm\u00e9s\u00a0?\"><br \/>\n<figure>                                                                                <img decoding=\"async\" src=\"https:\/\/img-3.journaldesfemmes.fr\/HgmWNOYwnmiWcGosGK5zC-nE6PI=\/200x132\/smart\/656f0f2c6a83480098eda2ffaf0739c8\/ccmcms-jdf\/19860885.jpg\" alt=\"\"><figcaption>\n<h3>Commerces et services en confinement\u00a0: lesquels sont ouverts ou ferm\u00e9s\u00a0?<\/h3>\n<p>Fin octobre, la mise en place du second confinement a entra\u00een\u00e9 la fermeture de nombreux commerces et \u00e9tablissements. Voici la liste de ceux qui sont rest\u00e9s ouverts et ceux qui subissent une fermeture administrative.<\/p>\n<\/figcaption><\/figure>\n<p>                <\/a>            <\/li>\n<\/ul>\n<\/aside>\n<\/div>\n<div class=\"ccminsert\">\n<aside class=\"app_widget_fo app_widget_fo--call\">\n<ul>\n<li>                <a href=\"https:\/\/www.journaldesfemmes.fr\/societe\/actu\/2674347-produits-essentiels-et-non-essentiels-liste-confinement\/\" class=\"jGTMWidgetGAEventClick\" data-GTMWidgetGaEventAction=\"clickWidgetCall\" data-GTMWidgetGaEventLabel=\"Produits essentiels et non-essentiels\u00a0: la liste de ce que l&#039;on peut acheter pendant le confinement\"><br \/>\n<figure>                                                                                <img decoding=\"async\" src=\"https:\/\/img-3.journaldesfemmes.fr\/zwzZBsfDg28GzeZKI048wPr89Qo=\/200x132\/smart\/cfdc6d608e904abebfb66d3f21da98b2\/ccmcms-jdf\/19861327.jpg\" alt=\"\"><figcaption>\n<h3>Produits essentiels et non-essentiels\u00a0: la liste de ce que l&#039;on peut acheter pendant le confinement<\/h3>\n<p>Entre les supermarch\u00e9s ouverts et certains commerces de proximit\u00e9 ferm\u00e9s, on ne sait plus trop sur quel pied danser au moment des courses&#8230; Le point sur les produits dits essentiels que vous pouvez acheter et ceux, non essentiels, qui sont interdits \u00e0 la vente.<\/p>\n<\/figcaption><\/figure>\n<p>                <\/a>            <\/li>\n<\/ul>\n<\/aside>\n<\/div>\n<ul><\/ul>\n<h2>Le e-commerce raflera-t-il la mise ?<\/h2>\n<p><strong>Internet <\/strong>sera-t-il (de nouveau) le<strong> grand gagnant du confinement<\/strong> ? Alors que le<strong> chiffre d&#039;affaires d&#039;Amazon <\/strong>a bondi de 37&nbsp;% au troisi&egrave;me trimestre et que son b&eacute;n&eacute;fice a tripl&eacute;, les<strong> petits commer&ccedil;ants<\/strong>, dont les <strong>libraires<\/strong>, qui ont d&ucirc; fermer &agrave; cause de l&#039;assignation &agrave; domicile, redoublent d&#039;inqui&eacute;tude.&nbsp;&quot;<em>N&#039;achetez pas des livres sur les plateformes num&eacute;riques<\/em>&quot;, a l&acirc;ch&eacute; la ministre de la Culture Roselyne Bachelot sur <em>LCI<\/em>. &quot;<em>Amazon se gave, mais &agrave; nous de pas les gaver<\/em>&quot;, a-t-elle pr&eacute;cis&eacute;.<\/p>\n<div class=\"ccminsert\">\n<blockquote class=\"twitter-tweet\">\n<p dir=\"ltr\" lang=\"fr\"><a href=\"https:\/\/twitter.com\/hashtag\/Culture?src=hash&amp;ref_src=twsrc%5Etfw\">#Culture<\/a> : sur la concurrence avec les plateformes en ligne, comment lutter ?<\/p>\n<p><a href=\"https:\/\/twitter.com\/R_Bachelot?ref_src=twsrc%5Etfw\">@R_Bachelot<\/a> : &quot;En n&#039;allant pas sur les plateformes num&eacute;rique (&#8230;) <a href=\"https:\/\/twitter.com\/hashtag\/Amazon?src=hash&amp;ref_src=twsrc%5Etfw\">#Amazon<\/a> se gave mais &agrave; nous de ne pas les gaver&quot;<\/p>\n<p><a href=\"https:\/\/twitter.com\/hashtag\/LaMatinaleLCI?src=hash&amp;ref_src=twsrc%5Etfw\">#LaMatinaleLCI<\/a> <a href=\"https:\/\/twitter.com\/EliMartichoux?ref_src=twsrc%5Etfw\">@EliMartichoux<\/a> <a href=\"https:\/\/t.co\/vw2GLkoNlp\">pic.twitter.com\/vw2GLkoNlp<\/a><\/p>\n<p>&mdash; LCI (@LCI) <a href=\"https:\/\/twitter.com\/LCI\/status\/1323174185770881024?ref_src=twsrc%5Etfw\">November 2, 2020<\/a><\/p><\/blockquote>\n<\/div>\n<p>Pour faire preuve de solidarit&eacute;, le <strong>site Rakuten<\/strong> a lanc&eacute; un <strong>fonds d&#039;aide aux commerces<\/strong>. &quot;<em>Nous avons propos&eacute; de reverser 50% des commissions de notre chiffre d&#039;affaires r&eacute;alis&eacute; sur les cat&eacute;gories de produits en tension, celles dont les magasins sont ferm&eacute;s et pour lesquelles la p&eacute;riode de No&euml;l est si cruciale<\/em>&quot;, a pr&eacute;cis&eacute; &agrave; <em>France 3<\/em> Fabien Versavau, PDG de Rakuten France.<\/p>\n<h2><a name=\"moins-trains\" target=\"_blank\" rel=\"noopener noreferrer\">Prendre les transports : trafic des trains et m&eacute;tros<\/a><\/h2>\n<h3>Quid de la fr&eacute;quentation des m&eacute;tros&nbsp;?<\/h3>\n<p><span style=\"font-size: 1rem\">Jean-Baptiste Djebbari a indiqu&eacute;, au micro de Franceinfo, qu&#039;il y avait 100<\/span>&nbsp;% de l&#039;offre de m&eacute;tros pour 35&nbsp;%&nbsp;de la fr&eacute;quentation. Aux heures de pointe, la fr&eacute;quentation &quot;<em>est r&eacute;duite de moiti&eacute; par rapport &agrave; l&#039;ann&eacute;e derni&egrave;re<\/em>&quot;.<\/p>\n<div class=\"ccminsert\">\n<blockquote class=\"twitter-tweet\">\n<p dir=\"ltr\" lang=\"fr\">Confinement : &quot;Aujourd&#039;hui, vous avez 100% de l&#039;offre de m&eacute;tro pour environ en moyenne 35% de fr&eacute;quentation&quot;, indique Jean-Baptiste Djebbari, ministre d&eacute;l&eacute;gu&eacute; aux Transports<a href=\"https:\/\/t.co\/1mg6JH5gsO\">https:\/\/t.co\/1mg6JH5gsO<\/a> <a href=\"https:\/\/t.co\/dJsbTu4c1r\">pic.twitter.com\/dJsbTu4c1r<\/a><\/p>\n<p>&mdash; franceinfo (@franceinfo) <a href=\"https:\/\/twitter.com\/franceinfo\/status\/1324617351292243969?ref_src=twsrc%5Etfw\">November 6, 2020<\/a><\/p><\/blockquote>\n<\/div>\n<p>En<strong> &Icirc;le-de-France<\/strong>, la <strong>fr&eacute;quentation des transports a&nbsp;baiss&eacute;<\/strong> de 50% avant 7&nbsp;heures, et entre 25&nbsp;et 40% selon les lignes entre 7&nbsp;heures et 9&nbsp;heures, comme l&#039;a pr&eacute;cis&eacute; le porte-parole du gouvernement Gabriel Attal &agrave;&nbsp;<em>RMC-BFMTV<\/em>. Jusqu&#039;&agrave; 21h, pour l&#039;instant, les m&eacute;tros, bus, RER et tramways de la r&eacute;gion restent&nbsp;<strong>assur&eacute;s &agrave; 100%<\/strong>, jusqu&#039;&agrave; nouvel ordre.<\/p>\n<p>Si l&#039;entreprise ferroviaire avait maintenu l&#039;int&eacute;gralit&eacute; de son trafic&nbsp;afin d&#039;assurer&nbsp;le retour de vacances de la Toussaint, la <strong>SNCF<\/strong>&nbsp;r&eacute;duit&nbsp;son<strong> offre de transports longue distance<\/strong> d&egrave;s le 5&nbsp;novembre, en raison du confinement. D&egrave;s jeudi 75% des TGV&nbsp;sont supprim&eacute;s.&nbsp;Sur certaines lignes, jusqu&#039;&agrave; 80&nbsp;% des trains devraient &ecirc;tre annul&eacute;s.&nbsp;<\/p>\n<p>L&#039;ensemble des billets d&eacute;j&agrave; achet&eacute;s pour les trajets retir&eacute;s seront annul&eacute;s et rembours&eacute;s.&nbsp;<\/p>\n<p>Les TER devraient eux aussi &ecirc;tre impact&eacute;s par la r&eacute;duction de circulation. Les discussions sont plus complexes, les TER &eacute;tant subventionn&eacute;s par les r&eacute;gions.&nbsp;<\/p>\n<p>La direction de la SNCF indique que l&#039;activit&eacute; de fret &quot;&nbsp;<em>devrait &ecirc;tre comparable &agrave; celle du premier confinement&nbsp;<\/em>&quot;, soit un peu moins de 60% de l&#039;activit&eacute; initialement pr&eacute;vue.<\/p>\n<p>Sur le site de la SCNF, il est &eacute;galement pr&eacute;cis&eacute; que l&#039;offre de <strong>restauration &agrave; bord<\/strong> est d&eacute;sormais suspendue. Pour rappel, en mars 2020, seuls 7% des trains circulaient.<\/p>\n<h2><a id=\"confinement-et-sante\" name=\"confinement-et-sante\">Confinement et sant&eacute;<\/a><\/h2>\n<div class=\"ccminsert\">\n<aside class=\"app_widget_fo app_widget_fo--list app_widget_fo--list-2-col\">\n<ul>\n<li>\n<h3>                    <a href=\"https:\/\/sante.journaldesfemmes.fr\/fiches-maladies\/2634451-sport-covid-19-confinement-reouverture-salle-de-sport-janvier-2021-reprise-mineur-nouvelles-mesures\/\" class=\"jGTMWidgetGAEventClick\" data-GTMWidgetGaEventAction=\"clickWidgetListOnTwoColumns\" data-GTMWidgetGaEventLabel=\"Sport et Covid-19\u00a0: r\u00e9ouverture des salles pas avant janvier 2021\">                        Sport et Covid-19\u00a0: r\u00e9ouverture des salles pas avant janvier 2021                    <\/a>                <\/h3>\n<\/li>\n<li>\n<h3>                    <a href=\"https:\/\/sante.journaldesfemmes.fr\/quotidien\/2626091-effets-psychologiques-reconfinement-isolement-coronavirus-covid-conseaquences-bien-le-vivre-depression\/\" class=\"jGTMWidgetGAEventClick\" data-GTMWidgetGaEventAction=\"clickWidgetListOnTwoColumns\" data-GTMWidgetGaEventLabel=\"Quelles sont les cons\u00e9quences psychologiques d&#039;un confinement\u00a0?\">                        Quelles sont les cons\u00e9quences psychologiques d&#039;un confinement\u00a0?                    <\/a>                <\/h3>\n<\/li>\n<li>\n<h3>                    <a href=\"https:\/\/sante.journaldesfemmes.fr\/fiches-maladies\/2608487-voyage-covid-19-confinement-vacances-france-europe-espagne-italie-noel-2020-formulaire-test\/\" class=\"jGTMWidgetGAEventClick\" data-GTMWidgetGaEventAction=\"clickWidgetListOnTwoColumns\" data-GTMWidgetGaEventLabel=\"Voyage et Covid-19\u00a0: peut-on partir pendant le confinement, et \u00e0 No\u00ebl\u00a0?\">                        Voyage et Covid-19\u00a0: peut-on partir pendant le confinement, et \u00e0 No\u00ebl\u00a0?                    <\/a>                <\/h3>\n<\/li>\n<li>\n<h3>                    <a href=\"https:\/\/sante.journaldesfemmes.fr\/fiches-sexo-gyneco\/2627829-pilule-confinement-renouvellement-ordonnance-expiree-comment-faire\/\" class=\"jGTMWidgetGAEventClick\" data-GTMWidgetGaEventAction=\"clickWidgetListOnTwoColumns\" data-GTMWidgetGaEventLabel=\"Pilule\u00a0et confinement\u00a0: urgence, ordonnance expir\u00e9e, comment faire\u00a0?\">                        Pilule\u00a0et confinement\u00a0: urgence, ordonnance expir\u00e9e, comment faire\u00a0?                    <\/a>                <\/h3>\n<\/li>\n<li>\n<h3>                    <a href=\"https:\/\/sante.journaldesfemmes.fr\/fiches-sante-du-quotidien\/2675911-ordonnance-expiree-perimee-confinement-pilule-prise-de-sang-contraception-pharmacie-renouvellement\/\" class=\"jGTMWidgetGAEventClick\" data-GTMWidgetGaEventAction=\"clickWidgetListOnTwoColumns\" data-GTMWidgetGaEventLabel=\"Ordonnance expir\u00e9e\u00a0pendant le confinement\u00a0: comment faire\u00a0?\">                        Ordonnance expir\u00e9e\u00a0pendant le confinement\u00a0: comment faire\u00a0?                    <\/a>                <\/h3>\n<\/li>\n<li>\n<h3>                    <a href=\"https:\/\/sante.journaldesfemmes.fr\/fiches-maladies\/2675859-ivg-medicamenteuse-confinement-covid-domicile-delai-protocole-deroulement-france\/\" class=\"jGTMWidgetGAEventClick\" data-GTMWidgetGaEventAction=\"clickWidgetListOnTwoColumns\" data-GTMWidgetGaEventLabel=\"IVG et confinement\u00a0: d\u00e9lai allong\u00e9, comment \u00e7a se passe \u00e0 domicile\u00a0?\">                        IVG et confinement\u00a0: d\u00e9lai allong\u00e9, comment \u00e7a se passe \u00e0 domicile\u00a0?                    <\/a>                <\/h3>\n<\/li>\n<li>\n<h3>                    <a href=\"https:\/\/sante.journaldesfemmes.fr\/fiches-maladies\/2671845-confinement-automne-2020-covid-19-depression-conseils-moral-psychologue\/\" class=\"jGTMWidgetGAEventClick\" data-GTMWidgetGaEventAction=\"clickWidgetListOnTwoColumns\" data-GTMWidgetGaEventLabel=\"Confinement en automne\u00a0: 10\u00a0conseils pour garder le moral\">                        Confinement en automne\u00a0: 10\u00a0conseils pour garder le moral                    <\/a>                <\/h3>\n<\/li>\n<li>\n<h3>                    <a href=\"https:\/\/sante.journaldesfemmes.fr\/fiches-maladies\/2632039-consultation-medicale-covid-19-confinement-medecin-dentiste-kine-orthodontiste-ophtalmologue-psychologue\/\" class=\"jGTMWidgetGAEventClick\" data-GTMWidgetGaEventAction=\"clickWidgetListOnTwoColumns\" data-GTMWidgetGaEventLabel=\"Consultation m\u00e9dicale et confinement\u00a0: attestation, psychologue...\">                        Consultation m\u00e9dicale et confinement\u00a0: attestation, psychologue&#8230;                    <\/a>                <\/h3>\n<\/li>\n<li>\n<h3>                    <a href=\"https:\/\/sante.journaldesfemmes.fr\/fiches-maladies\/2673197-confinement-alimentation-covid-19-que-manger-aliments-anti-stress-fatigue-moral\/\" class=\"jGTMWidgetGAEventClick\" data-GTMWidgetGaEventAction=\"clickWidgetListOnTwoColumns\" data-GTMWidgetGaEventLabel=\"Alimentation et confinement\u00a0: 5\u00a0aliments essentiels \u00e0 mettre au menu\">                        Alimentation et confinement\u00a0: 5\u00a0aliments essentiels \u00e0 mettre au menu                    <\/a>                <\/h3>\n<\/li>\n<\/ul>\n<\/aside>\n<\/div>\n<h2><a id=\"prendre-soin-de-soi-pendant-confinement\" name=\"prendre-soin-de-soi-pendant-confinement\">Prendre soin de soi pendant le confinement<\/a><\/h2>\n<div class=\"ccminsert\">\n<aside class=\"app_widget_fo app_widget_fo--list app_widget_fo--list-2-col\">\n<ul>\n<li>\n<h3>                    <a href=\"https:\/\/www.journaldesfemmes.fr\/beaute\/conseils-forme-et-minceur\/2627651-les-meilleurs-accessoires-fitness-pour-faire-du-sport-a-la-maison\/\" class=\"jGTMWidgetGAEventClick\" data-GTMWidgetGaEventAction=\"clickWidgetListOnTwoColumns\" data-GTMWidgetGaEventLabel=\"Les meilleurs accessoires fitness pour faire du sport \u00e0 la maison\">                        Les meilleurs accessoires fitness pour faire du sport \u00e0 la maison                    <\/a>                <\/h3>\n<\/li>\n<li>\n<h3>                    <a href=\"https:\/\/www.journaldesfemmes.fr\/beaute\/soin-corps\/2628615-kit-de-survie-belle-peau-maison\/\" class=\"jGTMWidgetGAEventClick\" data-GTMWidgetGaEventAction=\"clickWidgetListOnTwoColumns\" data-GTMWidgetGaEventLabel=\"Kit de survie pour garder une belle peau quand on reste \u00e0 la maison\">                        Kit de survie pour garder une belle peau quand on reste \u00e0 la maison                    <\/a>                <\/h3>\n<\/li>\n<li>\n<h3>                    <a href=\"https:\/\/www.journaldesfemmes.fr\/beaute\/magazine\/2634009-institut-de-beaute-fermeture-1-er-decembre-confinement\/\" class=\"jGTMWidgetGAEventClick\" data-GTMWidgetGaEventAction=\"clickWidgetListOnTwoColumns\" data-GTMWidgetGaEventLabel=\"Institut de beaut\u00e9 et Covid-19\u00a0: une possible r\u00e9ouverture le 1er d\u00e9cembre\">                        Institut de beaut\u00e9 et Covid-19\u00a0: une possible r\u00e9ouverture le 1er d\u00e9cembre                    <\/a>                <\/h3>\n<\/li>\n<li>\n<h3>                    <a href=\"https:\/\/www.journaldesfemmes.fr\/beaute\/coiffures\/2631571-coiffeur-confinement-reouverture-1er-decembre\/\" class=\"jGTMWidgetGAEventClick\" data-GTMWidgetGaEventAction=\"clickWidgetListOnTwoColumns\" data-GTMWidgetGaEventLabel=\"Coiffeur et Covid-19\u00a0: une r\u00e9ouverture le 1er d\u00e9cembre\u00a0?\">                        Coiffeur et Covid-19\u00a0: une r\u00e9ouverture le 1er d\u00e9cembre\u00a0?                    <\/a>                <\/h3>\n<\/li>\n<li>\n<h3>                    <a href=\"https:\/\/www.journaldesfemmes.fr\/beaute\/magazine\/2674331-series-beaute-netflix-a-voir-pendant-le-confinement\/\" class=\"jGTMWidgetGAEventClick\" data-GTMWidgetGaEventAction=\"clickWidgetListOnTwoColumns\" data-GTMWidgetGaEventLabel=\"Les s\u00e9ries beaut\u00e9 Netflix \u00e0 voir pendant le confinement\">                        Les s\u00e9ries beaut\u00e9 Netflix \u00e0 voir pendant le confinement                    <\/a>                <\/h3>\n<\/li>\n<li>\n<h3>                    <a href=\"https:\/\/www.journaldesfemmes.fr\/beaute\/soin-visage\/2673773-recettes-gommage-visage-maison\/\" class=\"jGTMWidgetGAEventClick\" data-GTMWidgetGaEventAction=\"clickWidgetListOnTwoColumns\" data-GTMWidgetGaEventLabel=\"5\u00a0recettes de gommages visage \u00e0 r\u00e9aliser chez soi\">                        5\u00a0recettes de gommages visage \u00e0 r\u00e9aliser chez soi                    <\/a>                <\/h3>\n<\/li>\n<li>\n<h3>                    <a href=\"https:\/\/www.journaldesfemmes.fr\/beaute\/forme-et-minceur\/2673471-bon-reflexe-sport-alimentation-confinement\/\" class=\"jGTMWidgetGAEventClick\" data-GTMWidgetGaEventAction=\"clickWidgetListOnTwoColumns\" data-GTMWidgetGaEventLabel=\"Les bons r\u00e9flexes pour garder une vie saine pendant le confinement\">                        Les bons r\u00e9flexes pour garder une vie saine pendant le confinement                    <\/a>                <\/h3>\n<\/li>\n<li>\n<h3>                    <a href=\"https:\/\/www.journaldesfemmes.fr\/beaute\/magazine\/2672051-acheter-cosmetiques-confinement-e-shop-click-and-collect\/\" class=\"jGTMWidgetGAEventClick\" data-GTMWidgetGaEventAction=\"clickWidgetListOnTwoColumns\" data-GTMWidgetGaEventLabel=\"Click &amp; collect, e-shop beaut\u00e9\u00a0: o\u00f9 et comment acheter ses cosm\u00e9tiques pendant le confinement\u00a0?\">                        Click &amp; collect, e-shop beaut\u00e9\u00a0: o\u00f9 et comment acheter ses cosm\u00e9tiques pendant le confinement\u00a0?                    <\/a>                <\/h3>\n<\/li>\n<li>\n<h3>                    <a href=\"https:\/\/www.journaldesfemmes.fr\/beaute\/forme-et-minceur\/1023766-astuce-grignotage\/\" class=\"jGTMWidgetGAEventClick\" data-GTMWidgetGaEventAction=\"clickWidgetListOnTwoColumns\" data-GTMWidgetGaEventLabel=\"10\u00a0astuces anti grignotage pour ne pas grossir pendant le confinement\">                        10\u00a0astuces anti grignotage pour ne pas grossir pendant le confinement                    <\/a>                <\/h3>\n<\/li>\n<li>\n<h3>                    <a href=\"https:\/\/www.journaldesfemmes.fr\/beaute\/conseils-maquillage\/2613377-french-manucure-maison-prix-etapes\/\" class=\"jGTMWidgetGAEventClick\" data-GTMWidgetGaEventAction=\"clickWidgetListOnTwoColumns\" data-GTMWidgetGaEventLabel=\"French manucure maison\u00a0: mode d&#039;emploi et mod\u00e8les\">                        French manucure maison\u00a0: mode d&#039;emploi et mod\u00e8les                    <\/a>                <\/h3>\n<\/li>\n<li>\n<h3>                    <a href=\"https:\/\/www.journaldesfemmes.fr\/beaute\/conseils-maquillage\/2098052-vernis-semi-permanent-maison\/\" class=\"jGTMWidgetGAEventClick\" data-GTMWidgetGaEventAction=\"clickWidgetListOnTwoColumns\" data-GTMWidgetGaEventLabel=\"Vernis semi-permanent maison, mode d&#039;emploi\">                        Vernis semi-permanent maison, mode d&#039;emploi                    <\/a>                <\/h3>\n<\/li>\n<li>\n<h3>                    <a href=\"https:\/\/www.journaldesfemmes.fr\/beaute\/conseils-maquillage\/2632029-pedicure-maison-comment-faire\/\" class=\"jGTMWidgetGAEventClick\" data-GTMWidgetGaEventAction=\"clickWidgetListOnTwoColumns\" data-GTMWidgetGaEventLabel=\"P\u00e9dicure maison\u00a0: \u00e9tapes et conseils pour la r\u00e9ussir\">                        P\u00e9dicure maison\u00a0: \u00e9tapes et conseils pour la r\u00e9ussir                    <\/a>                <\/h3>\n<\/li>\n<li>\n<h3>                    <a href=\"https:\/\/www.journaldesfemmes.fr\/beaute\/conseils-maquillage\/2637129-bien-appliquer-et-enlever-son-vernis-a-ongles\/\" class=\"jGTMWidgetGAEventClick\" data-GTMWidgetGaEventAction=\"clickWidgetListOnTwoColumns\" data-GTMWidgetGaEventLabel=\"Bien appliquer et enlever son vernis \u00e0 ongles\">                        Bien appliquer et enlever son vernis \u00e0 ongles                    <\/a>                <\/h3>\n<\/li>\n<li>\n<h3>                    <a href=\"https:\/\/www.journaldesfemmes.fr\/beaute\/soin-corps\/2628825-auto-massages-visage-corps\/\" class=\"jGTMWidgetGAEventClick\" data-GTMWidgetGaEventAction=\"clickWidgetListOnTwoColumns\" data-GTMWidgetGaEventLabel=\"Ces\u00a0auto-massages \u00e0 faire chez soi pendant le confinement\">                        Ces\u00a0auto-massages \u00e0 faire chez soi pendant le confinement                    <\/a>                <\/h3>\n<\/li>\n<li>\n<h3>                    <a href=\"https:\/\/www.journaldesfemmes.fr\/beaute\/conseils-soins\/2672053-epilation-maison-mode-emploi\/\" class=\"jGTMWidgetGAEventClick\" data-GTMWidgetGaEventAction=\"clickWidgetListOnTwoColumns\" data-GTMWidgetGaEventLabel=\"Comment s&#039;\u00e9piler \u00e0 la maison\u00a0? Astuces et mode d&#039;emploi\">                        Comment s&#039;\u00e9piler \u00e0 la maison\u00a0? Astuces et mode d&#039;emploi                    <\/a>                <\/h3>\n<\/li>\n<li>\n<h3>                    <a href=\"https:\/\/www.journaldesfemmes.fr\/beaute\/soin-visage\/2627073-masque-visage-maison-recette\/\" class=\"jGTMWidgetGAEventClick\" data-GTMWidgetGaEventAction=\"clickWidgetListOnTwoColumns\" data-GTMWidgetGaEventLabel=\"Masque visage maison\u00a0: 8\u00a0recettes efficaces \u00e0 r\u00e9aliser chez soi\">                        Masque visage maison\u00a0: 8\u00a0recettes efficaces \u00e0 r\u00e9aliser chez soi                    <\/a>                <\/h3>\n<\/li>\n<li>\n<h3>                    <a href=\"https:\/\/www.journaldesfemmes.fr\/beaute\/magazine\/2630073-confinement-belle-visioconference-conseils\/\" class=\"jGTMWidgetGAEventClick\" data-GTMWidgetGaEventAction=\"clickWidgetListOnTwoColumns\" data-GTMWidgetGaEventLabel=\"Belle en visioconf\u00e9rence\u00a0: nos conseils et astuces pour \u00eatre au top\">                        Belle en visioconf\u00e9rence\u00a0: nos conseils et astuces pour \u00eatre au top                    <\/a>                <\/h3>\n<\/li>\n<li>\n<h3>                    <a href=\"https:\/\/www.journaldesfemmes.fr\/beaute\/conseils-soins\/1560807-ralentir-repousse-poils\/\" class=\"jGTMWidgetGAEventClick\" data-GTMWidgetGaEventAction=\"clickWidgetListOnTwoColumns\" data-GTMWidgetGaEventLabel=\"Comment ralentir la repousse des poils\u00a0?\">                        Comment ralentir la repousse des poils\u00a0?                    <\/a>                <\/h3>\n<\/li>\n<li>\n<h3>                    <a href=\"https:\/\/www.journaldesfemmes.fr\/beaute\/magazine\/2631505-comment-creer-un-spa-a-la-maison-pendant-le-confinement\/\" class=\"jGTMWidgetGAEventClick\" data-GTMWidgetGaEventAction=\"clickWidgetListOnTwoColumns\" data-GTMWidgetGaEventLabel=\"Comment cr\u00e9er un spa \u00e0 la maison pendant le confinement\u00a0?\">                        Comment cr\u00e9er un spa \u00e0 la maison pendant le confinement\u00a0?                    <\/a>                <\/h3>\n<\/li>\n<li>\n<h3>                    <a href=\"https:\/\/www.journaldesfemmes.fr\/beaute\/soin-visage\/2631621-recettes-de-cosmetiques-naturelles-pour-prendre-soin-de-sa-peau\/\" class=\"jGTMWidgetGAEventClick\" data-GTMWidgetGaEventAction=\"clickWidgetListOnTwoColumns\" data-GTMWidgetGaEventLabel=\"10\u00a0recettes de cosm\u00e9tiques naturelles pour prendre soin de sa peau\">                        10\u00a0recettes de cosm\u00e9tiques naturelles pour prendre soin de sa peau                    <\/a>                <\/h3>\n<\/li>\n<li>\n<h3>                    <a href=\"https:\/\/www.journaldesfemmes.fr\/beaute\/magazine\/2626253-conseils-beaute-bien-etre-maison-confinement\/\" class=\"jGTMWidgetGAEventClick\" data-GTMWidgetGaEventAction=\"clickWidgetListOnTwoColumns\" data-GTMWidgetGaEventLabel=\"10\u00a0conseils beaut\u00e9 et bien-\u00eatre \u00e0 suivre pendant le confinement\">                        10\u00a0conseils beaut\u00e9 et bien-\u00eatre \u00e0 suivre pendant le confinement                    <\/a>                <\/h3>\n<\/li>\n<li>\n<h3>                    <a href=\"https:\/\/www.journaldesfemmes.fr\/beaute\/conseils-forme-et-minceur\/2576227-electrostimulation-avis-abdo-fessiers-test\/\" class=\"jGTMWidgetGAEventClick\" data-GTMWidgetGaEventAction=\"clickWidgetListOnTwoColumns\" data-GTMWidgetGaEventLabel=\"Que penser de l&#039;\u00e9lectrostimulation pour tonifier sa silhouette\u00a0?\">                        Que penser de l&#039;\u00e9lectrostimulation pour tonifier sa silhouette\u00a0?                    <\/a>                <\/h3>\n<\/li>\n<li>\n<h3>                    <a href=\"https:\/\/www.journaldesfemmes.fr\/beaute\/forme-et-minceur\/2626461-cours-en-ligne-sport-maison\/\" class=\"jGTMWidgetGAEventClick\" data-GTMWidgetGaEventAction=\"clickWidgetListOnTwoColumns\" data-GTMWidgetGaEventLabel=\"13\u00a0cours en ligne pour faire du sport \u00e0 la maison\">                        13\u00a0cours en ligne pour faire du sport \u00e0 la maison                    <\/a>                <\/h3>\n<\/li>\n<li>\n<h3>                    <a href=\"https:\/\/www.journaldesfemmes.fr\/beaute\/conseils-forme-et-minceur\/2511109-exercices-faciles-muscler-son-dos\/\" class=\"jGTMWidgetGAEventClick\" data-GTMWidgetGaEventAction=\"clickWidgetListOnTwoColumns\" data-GTMWidgetGaEventLabel=\"10\u00a0exercices pour muscler son dos en douceur pendant le confinement\">                        10\u00a0exercices pour muscler son dos en douceur pendant le confinement                    <\/a>                <\/h3>\n<\/li>\n<li>\n<h3>                    <a href=\"https:\/\/www.journaldesfemmes.fr\/beaute\/coiffures\/2627509-cure-sebum-cheveux-confinement\/\" class=\"jGTMWidgetGAEventClick\" data-GTMWidgetGaEventAction=\"clickWidgetListOnTwoColumns\" data-GTMWidgetGaEventLabel=\"Cure de s\u00e9bum\u00a0: le pari capillaire \u00e0 tester en p\u00e9riode de confinement\">                        Cure de s\u00e9bum\u00a0: le pari capillaire \u00e0 tester en p\u00e9riode de confinement                    <\/a>                <\/h3>\n<\/li>\n<li>\n<h3>                    <a href=\"https:\/\/www.journaldesfemmes.fr\/beaute\/coiffures\/2627891-christophe-nicolas-visio-diagnostic-confinement\/\" class=\"jGTMWidgetGAEventClick\" data-GTMWidgetGaEventAction=\"clickWidgetListOnTwoColumns\" data-GTMWidgetGaEventLabel=\"Christophe-Nicolas Biot relance son service de visio-diagnostic pendant le confinement\">                        Christophe-Nicolas Biot relance son service de visio-diagnostic pendant le confinement                    <\/a>                <\/h3>\n<\/li>\n<li>\n<h3>                    <a href=\"https:\/\/www.journaldesfemmes.fr\/beaute\/coiffures\/2629843-coiffures-rapides-confinement\/\" class=\"jGTMWidgetGAEventClick\" data-GTMWidgetGaEventAction=\"clickWidgetListOnTwoColumns\" data-GTMWidgetGaEventLabel=\"20\u00a0coiffures rapides pour vivre le confinement avec style\">                        20\u00a0coiffures rapides pour vivre le confinement avec style                    <\/a>                <\/h3>\n<\/li>\n<li>\n<h3>                    <a href=\"https:\/\/www.journaldesfemmes.fr\/beaute\/conseils-cheveux\/2633921-couper-cheveux-homme\/\" class=\"jGTMWidgetGAEventClick\" data-GTMWidgetGaEventAction=\"clickWidgetListOnTwoColumns\" data-GTMWidgetGaEventLabel=\"Comment couper les cheveux d&#039;un homme \u00e0 la maison\u00a0?\">                        Comment couper les cheveux d&#039;un homme \u00e0 la maison\u00a0?                    <\/a>                <\/h3>\n<\/li>\n<li>\n<h3>                    <a href=\"https:\/\/www.journaldesfemmes.fr\/beaute\/conseils-cheveux\/2551290-reussir-coloration-maison\/\" class=\"jGTMWidgetGAEventClick\" data-GTMWidgetGaEventAction=\"clickWidgetListOnTwoColumns\" data-GTMWidgetGaEventLabel=\"Coloration maison\u00a0: conseils pour se colorer les cheveux toute seule\">                        Coloration maison\u00a0: conseils pour se colorer les cheveux toute seule                    <\/a>                <\/h3>\n<\/li>\n<li>\n<h3>                    <a href=\"https:\/\/www.journaldesfemmes.fr\/beaute\/forme-et-minceur\/2665829-sport-maison-youtubeuse-videos\/\" class=\"jGTMWidgetGAEventClick\" data-GTMWidgetGaEventAction=\"clickWidgetListOnTwoColumns\" data-GTMWidgetGaEventLabel=\"6\u00a0youtubeuses \u00e0 suivre pour faire du sport \u00e0 la maison\">                        6\u00a0youtubeuses \u00e0 suivre pour faire du sport \u00e0 la maison                    <\/a>                <\/h3>\n<\/li>\n<li>\n<h3>                    <a href=\"https:\/\/www.journaldesfemmes.fr\/beaute\/forme-et-minceur\/2523969-applications-mobiles-sport-mincir\/\" class=\"jGTMWidgetGAEventClick\" data-GTMWidgetGaEventAction=\"clickWidgetListOnTwoColumns\" data-GTMWidgetGaEventLabel=\"10\u00a0applis mobiles pour faire du sport \u00e0 la maison\">                        10\u00a0applis mobiles pour faire du sport \u00e0 la maison                    <\/a>                <\/h3>\n<\/li>\n<li>\n<h3>                    <a href=\"https:\/\/www.journaldesfemmes.fr\/beaute\/conseils-cheveux\/2627869-coupe-de-cheveux-maison-femme\/\" class=\"jGTMWidgetGAEventClick\" data-GTMWidgetGaEventAction=\"clickWidgetListOnTwoColumns\" data-GTMWidgetGaEventLabel=\"Comment se couper les cheveux seule\u00a0?\">                        Comment se couper les cheveux seule\u00a0?                    <\/a>                <\/h3>\n<\/li>\n<li>\n<h3>                    <a href=\"https:\/\/www.journaldesfemmes.fr\/beaute\/conseils-forme-et-minceur\/2627655-exercice-sport-maison-confinement\/\" class=\"jGTMWidgetGAEventClick\" data-GTMWidgetGaEventAction=\"clickWidgetListOnTwoColumns\" data-GTMWidgetGaEventLabel=\"Sport et confinement\u00a0: les exercices \u00e0 faire \u00e0 la maison pour \u00eatre au top\">                        Sport et confinement\u00a0: les exercices \u00e0 faire \u00e0 la maison pour \u00eatre au top                    <\/a>                <\/h3>\n<\/li>\n<\/ul>\n<\/aside>\n<\/div>\n<h2><a id=\"confine-a-la-maison\" name=\"confine-a-la-maison\">Confin&eacute;.e.s &agrave; la maison<\/a><\/h2>\n<div class=\"ccminsert\">\n<aside class=\"app_widget_fo app_widget_fo--list app_widget_fo--list-2-col\">\n<ul>\n<li>\n<h3>                    <a href=\"https:\/\/deco.journaldesfemmes.fr\/tendances-deco\/2625957-zoom-sur-les-meilleures-emissions-deco-de-netflix-a-regarder-chez-vous\/\" class=\"jGTMWidgetGAEventClick\" data-GTMWidgetGaEventAction=\"clickWidgetListOnTwoColumns\" data-GTMWidgetGaEventLabel=\"Zoom sur les meilleures \u00e9missions d\u00e9co de Netflix \u00e0 regarder chez vous\">                        Zoom sur les meilleures \u00e9missions d\u00e9co de Netflix \u00e0 regarder chez vous                    <\/a>                <\/h3>\n<\/li>\n<li>\n<h3>                    <a href=\"https:\/\/deco.journaldesfemmes.fr\/tendances-deco\/2626377-conseils-pour-mieux-organiser-la-maison-pendant-le-confinement\/\" class=\"jGTMWidgetGAEventClick\" data-GTMWidgetGaEventAction=\"clickWidgetListOnTwoColumns\" data-GTMWidgetGaEventLabel=\"6\u00a0conseils pour mieux organiser la maison pendant le confinement\">                        6\u00a0conseils pour mieux organiser la maison pendant le confinement                    <\/a>                <\/h3>\n<\/li>\n<li>\n<h3>                    <a href=\"https:\/\/www.journaldesfemmes.fr\/mode\/magazine-mode\/2628099-les-looks-des-blogueuses-en-confinement\/\" class=\"jGTMWidgetGAEventClick\" data-GTMWidgetGaEventAction=\"clickWidgetListOnTwoColumns\" data-GTMWidgetGaEventLabel=\"Comment s&#039;habiller en confinement\u00a0? 45\u00a0looks inspirants\">                        Comment s&#039;habiller en confinement\u00a0? 45\u00a0looks inspirants                    <\/a>                <\/h3>\n<\/li>\n<li>\n<h3>                    <a href=\"https:\/\/www.journaldesfemmes.fr\/mode\/magazine-mode\/2630247-15-podcasts-mode-percutants-a-decouvrir-pendant-le-confinement\/\" class=\"jGTMWidgetGAEventClick\" data-GTMWidgetGaEventAction=\"clickWidgetListOnTwoColumns\" data-GTMWidgetGaEventLabel=\"Les podcasts mode auxquels tendre l&#039;oreille\">                        Les podcasts mode auxquels tendre l&#039;oreille                    <\/a>                <\/h3>\n<\/li>\n<li>\n<h3>                    <a href=\"https:\/\/deco.journaldesfemmes.fr\/guide-amenagement-et-travaux\/2675509-ou-et-comment-acheter-sa-decoration-de-noel-en-confinement\/\" class=\"jGTMWidgetGAEventClick\" data-GTMWidgetGaEventAction=\"clickWidgetListOnTwoColumns\" data-GTMWidgetGaEventLabel=\"O\u00f9 et comment acheter sa d\u00e9coration de No\u00ebl en confinement\u00a0?\">                        O\u00f9 et comment acheter sa d\u00e9coration de No\u00ebl en confinement\u00a0?                    <\/a>                <\/h3>\n<\/li>\n<li>\n<h3>                    <a href=\"https:\/\/deco.journaldesfemmes.fr\/tendances-deco\/2631361-ouverture-magasins-de-bricolage-deco-confinement\/\" class=\"jGTMWidgetGAEventClick\" data-GTMWidgetGaEventAction=\"clickWidgetListOnTwoColumns\" data-GTMWidgetGaEventLabel=\"Ouverture des magasins de bricolage et d\u00e9co pendant le confinement\u00a0: la liste\">                        Ouverture des magasins de bricolage et d\u00e9co pendant le confinement\u00a0: la liste                    <\/a>                <\/h3>\n<\/li>\n<li>\n<h3>                    <a href=\"https:\/\/cuisine.journaldesfemmes.fr\/gastronomie\/2635281-fait-maison-n-3-de-cyril-lignac-le-nouveau-livre-de-tous-en-cuisine\/\" class=\"jGTMWidgetGAEventClick\" data-GTMWidgetGaEventAction=\"clickWidgetListOnTwoColumns\" data-GTMWidgetGaEventLabel=\"Fait Maison n\u00b03\u00a0de Cyril Lignac\u00a0: le nouveau livre de Tous en Cuisine\">                        Fait Maison n\u00b03\u00a0de Cyril Lignac\u00a0: le nouveau livre de Tous en Cuisine                    <\/a>                <\/h3>\n<\/li>\n<li>\n<h3>                    <a href=\"https:\/\/deco.journaldesfemmes.fr\/tendances-deco\/2635179-quels-gestes-adopter-pour-se-proteger-a-la-maison-confinement\/\" class=\"jGTMWidgetGAEventClick\" data-GTMWidgetGaEventAction=\"clickWidgetListOnTwoColumns\" data-GTMWidgetGaEventLabel=\"Quels gestes adopter pour se prot\u00e9ger \u00e0 la maison pendant le confinement\u00a0?\">                        Quels gestes adopter pour se prot\u00e9ger \u00e0 la maison pendant le confinement\u00a0?                    <\/a>                <\/h3>\n<\/li>\n<li>\n<h3>                    <a href=\"https:\/\/www.journaldesfemmes.fr\/mode\/styles-de-people\/2626953-50-stars-en-look-confort\/\" class=\"jGTMWidgetGAEventClick\" data-GTMWidgetGaEventAction=\"clickWidgetListOnTwoColumns\" data-GTMWidgetGaEventLabel=\"Les\u00a0stars en look confort\">                        Les\u00a0stars en look confort                    <\/a>                <\/h3>\n<\/li>\n<li>\n<h3>                    <a href=\"https:\/\/www.journaldesfemmes.fr\/mode\/magazine-mode\/2575467-vinted-achat-vente-livraison-confinement-point-relai\/\" class=\"jGTMWidgetGAEventClick\" data-GTMWidgetGaEventAction=\"clickWidgetListOnTwoColumns\" data-GTMWidgetGaEventLabel=\"Vinted\u00a0en confinement\u00a0: points de d\u00e9p\u00f4t, vente\u2026 ce qu&#039;il faut savoir\">                        Vinted\u00a0en confinement\u00a0: points de d\u00e9p\u00f4t, vente\u2026 ce qu&#039;il faut savoir                    <\/a>                <\/h3>\n<\/li>\n<li>\n<h3>                    <a href=\"https:\/\/www.journaldesfemmes.fr\/mode\/shopping\/2671779-40-pieces-confort-et-stylees-pour-passer-du-teletravail-a-la-ville\/\" class=\"jGTMWidgetGAEventClick\" data-GTMWidgetGaEventAction=\"clickWidgetListOnTwoColumns\" data-GTMWidgetGaEventLabel=\"40\u00a0pi\u00e8ces confort et styl\u00e9es pour passer du t\u00e9l\u00e9travail \u00e0 la ville\">                        40\u00a0pi\u00e8ces confort et styl\u00e9es pour passer du t\u00e9l\u00e9travail \u00e0 la ville                    <\/a>                <\/h3>\n<\/li>\n<li>\n<h3>                    <a href=\"https:\/\/deco.journaldesfemmes.fr\/tendances-deco\/2626165-que-faire-a-la-maison-pendant-le-confinement\/\" class=\"jGTMWidgetGAEventClick\" data-GTMWidgetGaEventAction=\"clickWidgetListOnTwoColumns\" data-GTMWidgetGaEventLabel=\"10\u00a0projets d\u00e9co et petits travaux \u00e0 faire pendant le confinement\">                        10\u00a0projets d\u00e9co et petits travaux \u00e0 faire pendant le confinement                    <\/a>                <\/h3>\n<\/li>\n<li>\n<h3>                    <a href=\"https:\/\/www.journaldesfemmes.fr\/mode\/conseils-mode\/2626269-comment-operer-son-rangement-de-vetements-d-hiver-et-ete\/\" class=\"jGTMWidgetGAEventClick\" data-GTMWidgetGaEventAction=\"clickWidgetListOnTwoColumns\" data-GTMWidgetGaEventLabel=\"Comment op\u00e9rer son rangement de v\u00eatements d&#039;\u00e9t\u00e9 et d&#039;hiver\u00a0?\">                        Comment op\u00e9rer son rangement de v\u00eatements d&#039;\u00e9t\u00e9 et d&#039;hiver\u00a0?                    <\/a>                <\/h3>\n<\/li>\n<li>\n<h3>                    <a href=\"https:\/\/cuisine.journaldesfemmes.fr\/gastronomie\/2626819-cuisine-et-confinement-reconfinement-nos-recettes-et-astuces-adaptees\/\" class=\"jGTMWidgetGAEventClick\" data-GTMWidgetGaEventAction=\"clickWidgetListOnTwoColumns\" data-GTMWidgetGaEventLabel=\"Cuisine et confinement\u00a0: nos recettes et astuces adapt\u00e9es \u00e0 la p\u00e9riode\">                        Cuisine et confinement\u00a0: nos recettes et astuces adapt\u00e9es \u00e0 la p\u00e9riode                    <\/a>                <\/h3>\n<\/li>\n<li>\n<h3>                    <a href=\"https:\/\/www.journaldesfemmes.fr\/mode\/magazine-mode\/2671105-20-preuevs-que-le-jogging-est-devenu-cool\/\" class=\"jGTMWidgetGAEventClick\" data-GTMWidgetGaEventAction=\"clickWidgetListOnTwoColumns\" data-GTMWidgetGaEventLabel=\"20\u00a0raisons de miser sur le jogging dedans comme dehors\">                        20\u00a0raisons de miser sur le jogging dedans comme dehors                    <\/a>                <\/h3>\n<\/li>\n<\/ul>\n<\/aside>\n<\/div>\n<h2><a id=\"confinement-enfance\" name=\"confinement-enfance\">Confinement et enfance<\/a><\/h2>\n<div class=\"ccminsert\">\n<aside class=\"app_widget_fo app_widget_fo--list app_widget_fo--list-2-col\">\n<ul>\n<li>\n<h3>                    <a href=\"https:\/\/www.journaldesfemmes.fr\/maman\/guides-d-achat-enfant\/2628829-kit-de-survie-pour-divertir-les-enfants-a-la-maison\/\" class=\"jGTMWidgetGAEventClick\" data-GTMWidgetGaEventAction=\"clickWidgetListOnTwoColumns\" data-GTMWidgetGaEventLabel=\"Kit de survie pour divertir les enfants \u00e0 la maison\">                        Kit de survie pour divertir les enfants \u00e0 la maison                    <\/a>                <\/h3>\n<\/li>\n<li>\n<h3>                    <a href=\"https:\/\/www.journaldesfemmes.fr\/maman\/enfant\/2674247-masques-6-ans-avocats-recours-parents\/\" class=\"jGTMWidgetGAEventClick\" data-GTMWidgetGaEventAction=\"clickWidgetListOnTwoColumns\" data-GTMWidgetGaEventLabel=\"Des avocats d\u00e9posent un recours contre le masque d\u00e8s 6\u00a0ans\">                        Des avocats d\u00e9posent un recours contre le masque d\u00e8s 6\u00a0ans                    <\/a>                <\/h3>\n<\/li>\n<li>\n<h3>                    <a href=\"https:\/\/www.journaldesfemmes.fr\/maman\/enfant\/1849367-covid-ecole-college-lycee-nombre-de-cas-covid\/\" class=\"jGTMWidgetGAEventClick\" data-GTMWidgetGaEventAction=\"clickWidgetListOnTwoColumns\" data-GTMWidgetGaEventLabel=\"Ecole covid\u00a0: combien de classes et d&#039;\u00e9coles ferm\u00e9es en France\u00a0?\">                        Ecole covid\u00a0: combien de classes et d&#039;\u00e9coles ferm\u00e9es en France\u00a0?                    <\/a>                <\/h3>\n<\/li>\n<li>\n<h3>                    <a href=\"https:\/\/www.journaldesfemmes.fr\/maman\/magazine-actu-des-parents\/2571145-noel-2020-black-friday-olivier-veran-trains-sapins-deconfinement\/\" class=\"jGTMWidgetGAEventClick\" data-GTMWidgetGaEventAction=\"clickWidgetListOnTwoColumns\" data-GTMWidgetGaEventLabel=\"No\u00ebl 2020\u00a0: Black Friday report\u00e9, quand acheter ses billets de train\u00a0?\">                        No\u00ebl 2020\u00a0: Black Friday report\u00e9, quand acheter ses billets de train\u00a0?                    <\/a>                <\/h3>\n<\/li>\n<li>\n<h3>                    <a href=\"https:\/\/www.journaldesfemmes.fr\/maman\/enfant\/2677181-jeunes-confinement-psychologie\/\" class=\"jGTMWidgetGAEventClick\" data-GTMWidgetGaEventAction=\"clickWidgetListOnTwoColumns\" data-GTMWidgetGaEventLabel=\"Pourquoi les jeunes vivent-ils mal ce nouveau confinement\u00a0?\">                        Pourquoi les jeunes vivent-ils mal ce nouveau confinement\u00a0?                    <\/a>                <\/h3>\n<\/li>\n<li>\n<h3>                    <a href=\"https:\/\/www.journaldesfemmes.fr\/maman\/guide-allocations-et-droits\/2630241-aide-exceptionnelle-de-solidarite-caf-covid-date-novembre-action-logement\/\" class=\"jGTMWidgetGAEventClick\" data-GTMWidgetGaEventAction=\"clickWidgetListOnTwoColumns\" data-GTMWidgetGaEventLabel=\"Aide exceptionnelle\u00a0: d\u00e8s vendredi prochain, pour qui\u00a0?\">                        Aide exceptionnelle\u00a0: d\u00e8s vendredi prochain, pour qui\u00a0?                    <\/a>                <\/h3>\n<\/li>\n<li>\n<h3>                    <a href=\"https:\/\/www.journaldesfemmes.fr\/maman\/enfant\/2671937-masque-enfant-lequel-choisir-6-ans-ou-l-acheter-modeles\/\" class=\"jGTMWidgetGAEventClick\" data-GTMWidgetGaEventAction=\"clickWidgetListOnTwoColumns\" data-GTMWidgetGaEventLabel=\"Masque enfant\u00a0: lequel choisir \u00e0 partir de 6\u00a0ans, o\u00f9 l&#039;acheter\u00a0?\">                        Masque enfant\u00a0: lequel choisir \u00e0 partir de 6\u00a0ans, o\u00f9 l&#039;acheter\u00a0?                    <\/a>                <\/h3>\n<\/li>\n<li>\n<h3>                    <a href=\"https:\/\/www.journaldesfemmes.fr\/maman\/enfant\/2626129-attestation-scolaire-garde-enfant-deplacements-famille-nounou\/\" class=\"jGTMWidgetGAEventClick\" data-GTMWidgetGaEventAction=\"clickWidgetListOnTwoColumns\" data-GTMWidgetGaEventLabel=\"Attestation scolaire\u00a0: grands-parents, garde d&#039;enfant, nounou\">                        Attestation scolaire\u00a0: grands-parents, garde d&#039;enfant, nounou                    <\/a>                <\/h3>\n<\/li>\n<li>\n<h3>                    <a href=\"https:\/\/www.journaldesfemmes.fr\/maman\/enfant\/2676495-lettre-au-pere-noel-les-enfants-reclament-la-fin-du-covid-19\/\" class=\"jGTMWidgetGAEventClick\" data-GTMWidgetGaEventAction=\"clickWidgetListOnTwoColumns\" data-GTMWidgetGaEventLabel=\"Lettres au P\u00e8re No\u00ebl\u00a0: les enfants r\u00e9clament la fin du Covid-19\">                        Lettres au P\u00e8re No\u00ebl\u00a0: les enfants r\u00e9clament la fin du Covid-19                    <\/a>                <\/h3>\n<\/li>\n<li>\n<h3>                    <a href=\"https:\/\/www.journaldesfemmes.fr\/maman\/enfant\/2633239-fermeture-ecole-covid-cas-contact-symptomes-que-faire\/\" class=\"jGTMWidgetGAEventClick\" data-GTMWidgetGaEventAction=\"clickWidgetListOnTwoColumns\" data-GTMWidgetGaEventLabel=\"Fermeture d&#039;\u00e9cole\u00a0: sympt\u00f4mes, mon enfant est cas contact, que faire\u00a0?\">                        Fermeture d&#039;\u00e9cole\u00a0: sympt\u00f4mes, mon enfant est cas contact, que faire\u00a0?                    <\/a>                <\/h3>\n<\/li>\n<li>\n<h3>                    <a href=\"https:\/\/www.journaldesfemmes.fr\/maman\/enfant\/2629787-chomage-partiel-garde-d-enfant-parents-ecole-ferme-covid\/\" class=\"jGTMWidgetGAEventClick\" data-GTMWidgetGaEventAction=\"clickWidgetListOnTwoColumns\" data-GTMWidgetGaEventLabel=\"Ch\u00f4mage partiel et garde d&#039;enfants\u00a0: comment faire si l&#039;\u00e9cole ferme\u00a0?\">                        Ch\u00f4mage partiel et garde d&#039;enfants\u00a0: comment faire si l&#039;\u00e9cole ferme\u00a0?                    <\/a>                <\/h3>\n<\/li>\n<li>\n<h3>                    <a href=\"https:\/\/www.journaldesfemmes.fr\/maman\/enfant\/2638931-protocole-sanitaire-ecole-novembre-castex-blanquer\/\" class=\"jGTMWidgetGAEventClick\" data-GTMWidgetGaEventAction=\"clickWidgetListOnTwoColumns\" data-GTMWidgetGaEventLabel=\"Protocole sanitaire \u00e0 l&#039;\u00e9cole\u00a0: quelles mesures pour les \u00e9l\u00e8ves\u00a0?\">                        Protocole sanitaire \u00e0 l&#039;\u00e9cole\u00a0: quelles mesures pour les \u00e9l\u00e8ves\u00a0?                    <\/a>                <\/h3>\n<\/li>\n<li>\n<h3>                    <a href=\"https:\/\/www.journaldesfemmes.fr\/maman\/grossesse\/2663227-masque-accouchement-pas-obligatoire-maternites\/\" class=\"jGTMWidgetGAEventClick\" data-GTMWidgetGaEventAction=\"clickWidgetListOnTwoColumns\" data-GTMWidgetGaEventLabel=\"Port du masque \u00e0 l&#039;accouchement\u00a0: &quot;il ne peut \u00eatre obligatoire&quot;\">                        Port du masque \u00e0 l&#039;accouchement\u00a0: &quot;il ne peut \u00eatre obligatoire&quot;                    <\/a>                <\/h3>\n<\/li>\n<li>\n<h3>                    <a href=\"https:\/\/www.journaldesfemmes.fr\/maman\/grossesse\/2674049-temoignage-fausse-couche-confinement\/\" class=\"jGTMWidgetGAEventClick\" data-GTMWidgetGaEventAction=\"clickWidgetListOnTwoColumns\" data-GTMWidgetGaEventLabel=\"&quot;J&#039;ai fait une fausse couche en plein confinement&quot;\">                        &quot;J&#039;ai fait une fausse couche en plein confinement&quot;                    <\/a>                <\/h3>\n<\/li>\n<li>\n<h3>                    <a href=\"https:\/\/www.journaldesfemmes.fr\/maman\/guide-des-parents\/1444813-bac-2021-controle-continu-epreuves-specialite-epreuves-communes-annulee-lycee-confinement\/\" class=\"jGTMWidgetGAEventClick\" data-GTMWidgetGaEventAction=\"clickWidgetListOnTwoColumns\" data-GTMWidgetGaEventLabel=\"Bac 2021\u00a0: pas d&#039;\u00e9preuves communes, bac en contr\u00f4le continu\">                        Bac 2021\u00a0: pas d&#039;\u00e9preuves communes, bac en contr\u00f4le continu                    <\/a>                <\/h3>\n<\/li>\n<li>\n<h3>                    <a href=\"https:\/\/www.journaldesfemmes.fr\/maman\/enfant\/1443591-click-and-collect-achat-jouets-de-noel-produits-non-essentiels\/\" class=\"jGTMWidgetGAEventClick\" data-GTMWidgetGaEventAction=\"clickWidgetListOnTwoColumns\" data-GTMWidgetGaEventLabel=\"Click &amp; collect, drive\u00a0: o\u00f9 et comment acheter ses jouets de No\u00ebl\u00a0?\">                        Click &amp; collect, drive\u00a0: o\u00f9 et comment acheter ses jouets de No\u00ebl\u00a0?                    <\/a>                <\/h3>\n<\/li>\n<li>\n<h3>                    <a href=\"https:\/\/www.journaldesfemmes.fr\/maman\/guide-sorties-en-famille\/1560655-disneyland-paris-confinement-fermeture\/\" class=\"jGTMWidgetGAEventClick\" data-GTMWidgetGaEventAction=\"clickWidgetListOnTwoColumns\" data-GTMWidgetGaEventLabel=\"Disneyland Paris\u00a0fermera ses portes jusqu&#039;au 12\u00a0f\u00e9vrier 2021\">                        Disneyland Paris\u00a0fermera ses portes jusqu&#039;au 12\u00a0f\u00e9vrier 2021                    <\/a>                <\/h3>\n<\/li>\n<li>\n<h3>                    <a href=\"https:\/\/www.journaldesfemmes.fr\/maman\/guide-des-parents\/2634539-meilleurs-dessins-animes\/\" class=\"jGTMWidgetGAEventClick\" data-GTMWidgetGaEventAction=\"clickWidgetListOnTwoColumns\" data-GTMWidgetGaEventLabel=\"Meilleurs dessins anim\u00e9s pour enfants\u00a0: nos coups de c\u0153ur\">                        Meilleurs dessins anim\u00e9s pour enfants\u00a0: nos coups de c\u0153ur                    <\/a>                <\/h3>\n<\/li>\n<\/ul>\n<\/aside>\n<\/div>\n<h2><a id=\"reconfinement-national\" name=\"reconfinement-national\">Un reconfinement national<\/a><\/h2>\n<p>Au programme&nbsp;: <strong>un mois de novembre&nbsp;<\/strong>o&ugrave; chacun est pri&eacute; de <strong>rester chez soi.<\/strong> A noter que Emmanuel Macron pr&ocirc;ne d&eacute;sormais <strong>un confinement quelque peu all&eacute;g&eacute;<\/strong> par rapport au pr&eacute;c&eacute;dent.&nbsp; Ainsi, les &eacute;tablissements de<strong> premi&egrave;re n&eacute;cessit&eacute; <\/strong>resteront ouverts. Certains <strong>services<\/strong> continueront &eacute;galement de fonctionner, comme les mairies, les pr&eacute;fectures ou p&ocirc;le emploi.<\/p>\n<p>&Agrave; l&#039;instar des <strong>trains<\/strong> qui circuleront normalement jusqu&#039;&agrave; dimanche soir, selon un communiqu&eacute; de la SNCF.<\/p>\n<p>Les <strong>comp&eacute;titions sportives professionnelles<\/strong>, quant &agrave; elles, pourront, heureusement, continuer, a pr&eacute;cis&eacute; jeudi la ministre d&eacute;l&eacute;gu&eacute;e aux sports, Roxana Maracineanu. Une d&eacute;cision qui ne s&#039;applique pas&nbsp;aux clubs amateurs.<\/p>\n<p>Quels sont les &eacute;tablissements qui restent ouverts&nbsp;? &Agrave; quelles conditions avez-vous le droit de sortir de chez vous&nbsp;? Est-il possible de se d&eacute;placer sur le territoire&nbsp;? On fait le tour de la question.<\/p>\n<h3>Quid des territoires d&#039;outre-mer&nbsp;?<\/h3>\n<p>Jean Castex en a pr&eacute;cis&eacute;&nbsp;les modes d&#039;applications et de fonctionnement du confinement lors d&#039;une conf&eacute;rence de presse, le 29&nbsp;octobre. Les <strong>territoires d&#039;outre-mer<\/strong>, sauf la Martinique, ne seront pas concern&eacute;s par les mesures de confinement, a pr&eacute;cis&eacute; Jean Castex. Mais il a ajout&eacute; que &quot;<em>des tests seront en revanche exig&eacute;s au d&eacute;part ou &agrave; l&#039;arriv&eacute;e de ces territoires, afin d&#039;&eacute;viter tout risque de diffusion du virus<\/em>&quot;.<\/p>\n<h2><a id=\"confinement-allege\" name=\"confinement-allege\">Un confinement all&eacute;g&eacute;<\/a><\/h2>\n<p>Emmanuel Macron l&#039;affirme&nbsp;: &quot;<em>Nous avons appris des appris des &eacute;v&eacute;nements du printemps<\/em>&quot;. Une exp&eacute;rience significative qui l&#039;a amen&eacute; &agrave; repenser le confinement <strong>sur&nbsp;trois points principaux&nbsp;<\/strong>:<\/p>\n<ul>\n<li>Les <strong>cr&egrave;ches &eacute;coles, coll&egrave;ges et lyc&eacute;es<\/strong> resteront ouverts. &quot;<em>Avec des protocoles sanitaires renforc&eacute;s&quot;, <\/em>a pr&eacute;cis&eacute; le Pr&eacute;sident.<\/li>\n<li>Le <strong>travail<\/strong> restera <strong>possible<\/strong>, &agrave; condition <strong>de favoriser le t&eacute;l&eacute;travail<\/strong> lorsque celui-ci est possible.<\/li>\n<li>Les<strong> EHPAD et maisons de retraites<\/strong> pourront continuer &agrave; <strong>recevoir<\/strong> <strong>du<\/strong> <strong>public.<\/strong><\/li>\n<\/ul>\n<p>Un assouplissement qui permettra notamment aux <strong>usines<\/strong>, aux exploitations agricoles et <strong>entreprises de BTP<\/strong> de rester actifs. &quot;<em>L&#039;&eacute;conomie ne doit ni s&#039;arr&ecirc;ter, ni s&#039;effondrer<\/em>&quot;, a insist&eacute; Emmanuel Macron.<\/p>\n<h2><a id=\"ce-qui-est-autorise\" name=\"ce-qui-est-autorise\">Ce qui est autoris&eacute; : vos droits<\/a><\/h2>\n<h3>Le retour de l&#039;attestation<\/h3>\n<div class=\"ccminsert\">\n<aside class=\"app_widget_fo app_widget_fo--call\">\n<ul>\n<li>                <a href=\"https:\/\/www.journaldesfemmes.fr\/societe\/actu\/2626167-attestation-sorties-deplacement-versions-appli-tousanticovid\/\" class=\"jGTMWidgetGAEventClick\" data-GTMWidgetGaEventAction=\"clickWidgetCall\" data-GTMWidgetGaEventLabel=\"Attestation de d\u00e9placement\u00a0: 3\u00a0versions \u00e0 imprimer ou remplir sur l&#039;appli TousAntiCovid\"><br \/>\n<figure>                                                                                <img decoding=\"async\" src=\"https:\/\/img-3.journaldesfemmes.fr\/stYW3lj3vL0SaZwKLSh98jKL5gM=\/200x132\/smart\/4fd25c7a512c4cfbaece8b2e3ffffd06\/ccmcms-jdf\/19671404.png\" alt=\"\"><figcaption>\n<h3>Attestation de d\u00e9placement\u00a0: 3\u00a0versions \u00e0 imprimer ou remplir sur l&#039;appli TousAntiCovid<\/h3>\n<p>La France est de nouveau confin\u00e9e. Comme lors du confinement de printemps, chaque d\u00e9placement devra \u00eatre justifi\u00e9 par une &quot;attestation de d\u00e9placement d\u00e9rogatoire&quot;. La nouveaut\u00e9\u00a0: une attestation sp\u00e9cifique est obligatoire pour les trajets scolaires et les d\u00e9placements professionnels. Voici comment la trouver, la t\u00e9l\u00e9charger sur le site du gouvernement, sur l&#039;appli TousAntiCovid, o\u00f9 l&#039;imprimer ou la recopier \u00e0 la main sur papier libre.<\/p>\n<\/figcaption><\/figure>\n<p>                <\/a>            <\/li>\n<\/ul>\n<\/aside>\n<\/div>\n<p>Comme au printemps, <strong>les sorties ne seront autoris&eacute;es qu&#039;&agrave; certaines conditions<\/strong>. &quot;<em>C&#039;est le retour de l&#039;attestation<\/em>&quot;, a indiqu&eacute; le Pr&eacute;sident. Il ne sera possible de <strong>sortir de chez soi <\/strong>qu&#039;&agrave; condition&nbsp;:<\/p>\n<ul>\n<li>D&#039;aller travailler<\/li>\n<li>De faire ses courses<\/li>\n<li>D&#039;aller chez le m&eacute;decin<\/li>\n<li>De se rendre aupr&egrave;s d&#039;une personne en situation de d&eacute;pendance<\/li>\n<li>De se promener autour de chez soi dans un rayon d&#039;un kilom&egrave;tre<\/li>\n<li>D&#039;accompagner son enfant &agrave; l&#039;&eacute;cole<\/li>\n<\/ul>\n<p>Cette fois, <strong>trois attestations diff&eacute;rentes <\/strong>sont disponibles puisqu&#039;il en existe d&eacute;sormais une bien distincte &agrave; fournir en cas de <strong>d&eacute;placement professionnel<\/strong> et en cas de <strong>trajet professionnel<\/strong>.&nbsp;<\/p>\n<h3>Se d&eacute;placer &agrave; 1km de son domicile : carte interactive<\/h3>\n<p>Pour prendre l&#039;air ou faire du sport, vous pouvez sortir dans un<strong> rayon d&#039;un km autour de votre domicile<\/strong>. Pour conna&icirc;tre le p&eacute;rim&egrave;tre exact dans lequel vous pouvez vous d&eacute;placer et l&#039;ensemble des rues qui vous sont accessibles, Geoconcept a mis en place une <strong><a href=\"https:\/\/fr.geoconcept.com\/covid19\/calculez-votre-zone-de-1-kilometre\">carte interactive<\/a><\/strong>.<\/p>\n<h3>Que peut-on faire ou non ?<\/h3>\n<p><strong>L&#039;Association des Maires de France<\/strong> (AMF) a publi&eacute; un tableau, mis &agrave; jour apr&egrave;s le d&eacute;cret du 2&nbsp;novembre, pour r&eacute;capituler quels &eacute;tablissements sont <strong>ouverts ou ferm&eacute;s<\/strong> et <strong>ce qu&#039;il est possible de faire <\/strong>durant ce second confinement.&nbsp;<\/p>\n<div class=\"ccminsert\">\n<blockquote class=\"twitter-tweet\">\n<p dir=\"ltr\" lang=\"fr\">&quot;Le <a href=\"https:\/\/twitter.com\/hashtag\/confinement2?src=hash&amp;ref_src=twsrc%5Etfw\">#confinement2<\/a> de A &agrave; Z&quot;. T&eacute;l&eacute;chargez le nouveau tableau de <a href=\"https:\/\/twitter.com\/Maireinfo2?ref_src=twsrc%5Etfw\">@Maireinfo2<\/a>, mis &agrave; jour apr&egrave;s le d&eacute;cret du 2 novembre <a href=\"https:\/\/t.co\/PuBR1p4CTh\">https:\/\/t.co\/PuBR1p4CTh<\/a><a href=\"https:\/\/twitter.com\/PierreGodon?ref_src=twsrc%5Etfw\">@PierreGodon<\/a> <a href=\"https:\/\/t.co\/3w46G1NBfB\">pic.twitter.com\/3w46G1NBfB<\/a><\/p>\n<p>&mdash; Maire info (@Maireinfo2) <a href=\"https:\/\/twitter.com\/Maireinfo2\/status\/1323604407418822659?ref_src=twsrc%5Etfw\">November 3, 2020<\/a><\/p><\/blockquote>\n<\/div>\n<h3>Permis de chasser<\/h3>\n<p>Dans certaines conditions, il sera <strong>permis de chasser<\/strong>.&nbsp;<em>&quot;Pour des raisons d&#039;int&eacute;r&ecirc;t g&eacute;n&eacute;ral<\/em>&quot;, la secr&eacute;taire d&#039;Etat charg&eacute;e de la biodiversit&eacute;, B&eacute;rang&egrave;re Abba a pr&eacute;cis&eacute; que certains chasseurs pourraient b&eacute;n&eacute;ficier de&nbsp;&quot;<em><strong>d&eacute;rogations&nbsp;<\/strong>sur demande de l&#039;autorit&eacute; administrative<\/em>&quot; afin de pratiquer cette activit&eacute;.<\/p>\n<p><em>&quot;L&#039;id&eacute;e et la consigne pass&eacute;e aux pr&eacute;fets est de se tenir au strict minimum et tout ce qui pourrait ne pas pr&eacute;senter de caract&egrave;re d&#039;urgence n&#039;aura pas lieu dans ce mois de confinement&quot;,<\/em> a pr&eacute;cis&eacute; la secr&eacute;taire d&#039;Etat &agrave; la Biodiversit&eacute; qui a annonc&eacute;&nbsp;des <strong>d&eacute;rogations pour &eacute;viter la &quot;prolif&eacute;ration&quot; des sangliers responsables d&#039;importants d&eacute;g&acirc;ts sur les cultures et des cervid&eacute;s probl&eacute;matiques pour les for&ecirc;ts<\/strong>, pr&eacute;cisant que les pr&eacute;l&egrave;vements seraient d&eacute;finis au niveau local.<\/p>\n<p>Le pr&eacute;sident de la F&eacute;d&eacute;ration nationale des chasseurs (FNC) Willy Schraen avait ensuite mentionn&eacute;&nbsp;les lapins, li&egrave;vres, faisans et pigeons. Mais non, les seules autres esp&egrave;ces chassables sont&nbsp;les cormorans<em> &quot;&agrave; une &eacute;poque o&ugrave; les piscicultures sont tr&egrave;s expos&eacute;es, &agrave; l&#039;approche des f&ecirc;tes de fin d&#039;ann&eacute;e&quot;, <\/em>a pr&eacute;cis&eacute; le minist&egrave;re.<\/p>\n<p><strong>Les chasses &agrave; courre sont interdites<\/strong>, seuls les battues le&nbsp;tir &agrave; l&#039;aff&ucirc;t peuvent &ecirc;tre organis&eacute;s.<\/p>\n<p>Et <strong><em>&quot;la chasse dite de loisir est suspendue. Il n&#039;est donc pas permis de chasser dans la limite d&#039;une heure quotidienne et dans la limite d&#039;un kilom&egrave;tre autour de son domicile, comme l&#039;attestation d&eacute;rogatoire de d&eacute;placement le permet lorsqu&#039;il s&#039;agit de promenades ou d&#039;activit&eacute;s physiques&quot;,<\/em><\/strong> explique&nbsp;la FNC&nbsp;sur son site.<\/p>\n<h2><a id=\"ce-qui-est-interdit\" name=\"ce-qui-est-interdit\">Ce&nbsp;qui est interdit :<\/a><\/h2>\n<h3>Les sorties r&eacute;gionales interdites<\/h3>\n<p>L&#039;all&eacute;gement pr&ocirc;n&eacute; par le gouvernement ne concerne pas <strong>les d&eacute;placements en r&eacute;gion<\/strong>. Jusqu&#039;au premier d&eacute;cembre, ces derniers sont <strong>interdits<\/strong>. Pas de panique cependant&nbsp;! Le locataire de l&#039;Elys&eacute;e a annonc&eacute; qu&#039;il y aurait une certaine tol&eacute;rance pour les Fran&ccedil;ais qui rentreront des <strong>vacances de la Toussaint.<\/strong><\/p>\n<p>Selon un communiqu&eacute; de presse diffus&eacute; par <strong>la SNCF,<\/strong> les trains circuleront normalement de<strong> jeudi &agrave; dimanche<\/strong>. Cela, afin de faciliter les retours de vacances.<\/p>\n<p>A noter que les <strong>fronti&egrave;res europ&eacute;ennes<\/strong> demeurent <strong>ouvertes<\/strong>, mais que les <strong>fronti&egrave;res ext&eacute;rieures resteront ferm&eacute;es<\/strong>. &quot;<em>Bien &eacute;videmment&nbsp;: les Fran&ccedil;ais de l&#039;&eacute;tranger resteront libres de regagner le territoire<\/em>&quot;, a-t-il affirm&eacute;.<\/p>\n<h2><a name=\"soirees-amis\" target=\"_blank\" rel=\"noopener noreferrer\">Fini les soir&eacute;es entre amis et d&icirc;ners entre voisins<\/a><\/h2>\n<p>M&ecirc;me si ce second confinement est relativement plus souple, il ne vous est <strong>pas possible<\/strong>&nbsp;&quot;<em>d&#039;aller chez des amis ou de recevoir des amis &agrave; la maison<\/em>&quot;, comme l&#039;avait pr&eacute;cis&eacute; Jean Castex, lors de sa conf&eacute;rence de presse du 29&nbsp;octobre. Il en va de m&ecirc;me pour les <strong>voisins<\/strong>&#8230;<\/p>\n<h3>Les r&eacute;unions priv&eacute;es et les rassemblements publics sont&nbsp;prohib&eacute;s<\/h3>\n<p>&quot;<em>Comme au printemps, les r&eacute;unions priv&eacute;es en dehors du strict noyau familial seront exclues. Les rassemblements publics seront interdits<\/em>&quot;, a annonc&eacute; Emmanuel Macron. M&ecirc;me &agrave; son domicile, le Pr&eacute;sident a d&#039;ailleurs appel&eacute; &agrave; la <strong>prudence<\/strong>. Il conseille notamment &agrave; tout un chacun <strong>de porter un masque et de respecter les distances de s&eacute;curit&eacute; <\/strong>avec les membres de sa famille. Cela, m&ecirc;me dans son propre salon.<\/p>\n<h3>Le t&eacute;l&eacute;travail &agrave; g&eacute;n&eacute;raliser<\/h3>\n<p>&quot;<i>Le <strong>t&eacute;l&eacute;travail <\/strong>n&#039;est pas une option<\/i>&quot; pour les entreprises qui peuvent le mettre en place. &quot;<i>Un travailleur qui peut effectuer toutes ses t&acirc;ches en t&eacute;l&eacute;travail doit le faire <strong>cinq jours sur cinq<\/strong><\/i>&quot;, a-t-elle conclu.<\/p>\n<div class=\"ccminsert\">\n<aside class=\"app_widget_fo app_widget_fo--call\">\n<ul>\n<li>                <a href=\"https:\/\/sante.journaldesfemmes.fr\/fiches-sante-du-quotidien\/2664487-teletravail-covid-19-generealise-definition-confinement-avantages-risques-inconvenients-organisation\/\" class=\"jGTMWidgetGAEventClick\" data-GTMWidgetGaEventAction=\"clickWidgetCall\" data-GTMWidgetGaEventLabel=\"T\u00e9l\u00e9travail\u00a0et Covid-19\u00a0: comment s&#039;organiser et rester motiv\u00e9\u00a0?\"><br \/>\n<figure>                                                                                <img decoding=\"async\" src=\"https:\/\/img-3.journaldesfemmes.fr\/pnecF2K9ilYh6Iexurrsvi1Awq0=\/200x132\/smart\/d463e4665db940bf851bed9dc88fe399\/ccmcms-jdf\/19943937.jpg\" alt=\"\"><figcaption>\n<h3>T\u00e9l\u00e9travail\u00a0et Covid-19\u00a0: comment s&#039;organiser et rester motiv\u00e9\u00a0?<\/h3>\n<p>Le recours au t\u00e9l\u00e9travail &quot;doit \u00eatre la r\u00e8gle&quot; avec le nouveau confinement en vigueur en France. Quelle est la d\u00e9finition du t\u00e9l\u00e9travail\u00a0? Est-il vraiment obligatoire\u00a0? Quels sont ses avantages et inconv\u00e9nients\u00a0? Comment rester motiv\u00e9\u00a0?  Conseils du psychoth\u00e9rapeute Bruno Vibert pour g\u00e9rer le travail \u00e0 distance et \u00e9viter l&#039;isolement social.\u00a0\u00a0<\/p>\n<\/figcaption><\/figure>\n<p>                <\/a>            <\/li>\n<\/ul>\n<\/aside>\n<\/div>\n<h2>Coiffeurs et esth&eacute;ticiennes, interdits d&#039;exercer &agrave; domicile&nbsp;?<\/h2>\n<p>Le ministre d&eacute;l&eacute;gu&eacute; en charge des PME, Alain Griset, a annonc&eacute; sur BFM TV que les <strong>coiffeurs et esth&eacute;ticiennes<\/strong> ne pourraient exercer &agrave; <strong>domicile<\/strong>. &quot;<em>La coiffure et l&#039;esth&eacute;tique &agrave; domicile est encore plus dangereux qu&#039;en salon ou en institut<\/em>&quot;, a-t-il d&eacute;clar&eacute;. Et de pr&eacute;ciser&nbsp;: &quot;<em>En salon, il y a des protocoles qui ont &eacute;t&eacute; mis en place. Ils respectaient les protocoles sanitaires. Et un coiffeur qui irait &agrave; domicile entrerait dans un<strong> lieu qui n&#039;est pas s&eacute;curis&eacute;<\/strong><\/em><strong>&quot;<\/strong>.<\/p>\n<p>Une interdiction qui a &eacute;t&eacute; confirm&eacute;e par le ministre de l&#039;&Eacute;conomie, <strong>Bruno Le Maire<\/strong>. &quot;<em>Nous <strong>corrigerons<\/strong> dans la journ&eacute;e, La coiffure &agrave; domicile ne sera plus possible, par souci d&#039;&eacute;quit&eacute;<\/em>&quot;, a-t-il ass&eacute;n&eacute; au micro de <em>RTL<\/em>.<\/p>\n<div class=\"ccminsert\">\n<aside class=\"app_widget_fo app_widget_fo--call\">\n<ul>\n<li>                <a href=\"https:\/\/www.journaldesfemmes.fr\/beaute\/coiffures\/2631571-coiffeur-confinement-reouverture-1er-decembre\/\" class=\"jGTMWidgetGAEventClick\" data-GTMWidgetGaEventAction=\"clickWidgetCall\" data-GTMWidgetGaEventLabel=\"Coiffeur et Covid-19\u00a0: une r\u00e9ouverture le 1er d\u00e9cembre\u00a0?\"><br \/>\n<figure>                                                                                <img decoding=\"async\" src=\"https:\/\/img-3.journaldesfemmes.fr\/gUoLYC2_zgB4MnJayd3IRNiUlGs=\/200x132\/smart\/794e671934484876b550672e9b39a853\/ccmcms-jdf\/19750809.jpg\" alt=\"\"><figcaption>\n<h3>Coiffeur et Covid-19\u00a0: une r\u00e9ouverture le 1er d\u00e9cembre\u00a0?<\/h3>\n<p>Le gouvernement travaille \u00e0 l&#039;all\u00e8gement du confinement. Au 1er d\u00e9cembre, certains commerces pourraient rouvrir, dont les instituts de beaut\u00e9 et les salons de coiffure selon les infos d&#039;Europe 1.<\/p>\n<\/figcaption><\/figure>\n<p>                <\/a>            <\/li>\n<\/ul>\n<\/aside>\n<\/div>\n<h2><a id=\"confinement-aides-gouvernement\" name=\"confinement-aides-gouvernement\">Quelles sont les aides du gouvernement ?<\/a><\/h2>\n<p>Pour faire face &agrave; l<strong>&#039;impact &eacute;conomique d&#039;une telle mesure<\/strong>, le ministre de l&#039;Economie Bruno le Maire a d&eacute;clar&eacute; que l&#039;aide &eacute;conomique serait plus importante que lors du premier confinement. Il a pr&eacute;sent&eacute; une batterie de mesures de soutien aux entreprises, pour un montant de <strong>15&nbsp;milliards d&#039;euros<\/strong> par mois&nbsp;:<\/p>\n<ul>\n<li>&nbsp;&quot;<em>Toutes les entreprises et tous les commerces qui sont ferm&eacute;s par d&eacute;cision administrative pourront recevoir une <strong>indemnisation allant jusqu&#039;&agrave; 10&nbsp;000&nbsp;euros<\/strong><\/em>&quot;, et ce, &quot;<em>peu importe le secteur d&#039;activit&eacute;, peu importe le secteur g&eacute;ographique<\/em>.&quot; Il a annonc&eacute; l&#039;activation d&#039;un fonds de solidarit&eacute; de 6&nbsp;milliards d&#039;euros par mois de confinement.<\/li>\n<li><strong>Exon&eacute;ration totale des cotisation sociales <\/strong>pour toutes les entreprises de moins de 50&nbsp;salari&eacute;s ferm&eacute;es administrativement.<\/li>\n<li>Les <strong>pr&ecirc;ts garantis<\/strong> par l&#039;Etat et les pr&ecirc;ts directs de l&#039;Etat seront renforc&eacute;s.&nbsp;<\/li>\n<li>Un<strong> cr&eacute;dit d&#039;imp&ocirc;t<\/strong> incitant les bailleurs &agrave; annuler une partie des loyers sera ajout&eacute;&nbsp;dans le projet de loi de finances pour 2021.<\/li>\n<li>Le<strong> ch&ocirc;mage partiel<\/strong> pour les salari&eacute;s et les employeurs qui ne pourront pas travailler.<\/li>\n<\/ul>\n<p>Le pr&eacute;sident de la R&eacute;publique avait&nbsp;annonc&eacute; qu&#039;un <strong>plan sp&eacute;cial <\/strong>pour les ind&eacute;pendants, les commer&ccedil;ants, les tr&egrave;s petites et moyennes entreprises serait pens&eacute;. &quot;<em>Je le sais, [ils] redoutent plus que tout les prochaines semaines<\/em>&quot;, a-t-il d&eacute;clar&eacute;.<\/p>\n<h2><a id=\"confinement-reevaluation\" name=\"confinement-reevaluation\"><strong>Un confinement r&eacute;&eacute;valu&eacute; toutes les deux semaines<\/strong><\/a><\/h2>\n<p><strong>Les modes d&#039;application et de fonctionnement du confinement<\/strong>&nbsp;feront&nbsp;l&#039;objet d&#039;une <strong>r&eacute;&eacute;valuation<\/strong> <strong>toutes les deux semaines<\/strong>. &quot;<em>Nous d&eacute;ciderons le cas &eacute;chant de mesures compl&eacute;mentaires. Et nous &eacute;valuerons si nous pouvons all&eacute;ger certaines contraintes<\/em>&quot;, a ajout&eacute; le pr&eacute;sident de la R&eacute;publique. Au travers de ce confinement g&eacute;n&eacute;ralis&eacute;, le but du gouvernement est clair&nbsp;: <strong>r&eacute;duire tr&egrave;s fortement le rythme des nouvelles contaminations<\/strong> pour l&#039;heure tr&egrave;s &eacute;lev&eacute; sur l&#039;int&eacute;gralit&eacute; du territoire.<\/p>\n<p>Le&nbsp;<strong>confinement g&eacute;n&eacute;ralis&eacute;<\/strong>&nbsp;devrait durer jusqu&#039;au <strong>1<sup>er<\/sup> d&eacute;cembre au minimum. <\/strong><\/p>\n<p>&quot;<em>Au bout d&#039;un mois, nous verrons&quot;, <\/em>a d&eacute;clar&eacute; le&nbsp;ministre de la Sant&eacute; Olivier V&eacute;ran&nbsp;<a data-click-value=\"content::link-in-content::article::\/replay-radio\/8h30-fauvelle-dely\/nombre-de-malades-fetes-de-fin-d-annee-tests-antigeniques-le-8h30-franceinfo-d-olivier-veran_4142247.html\" href=\"https:\/\/www.francetvinfo.fr\/replay-radio\/8h30-fauvelle-dely\/nombre-de-malades-fetes-de-fin-d-annee-tests-antigeniques-le-8h30-franceinfo-d-olivier-veran_4142247.html\" target=\"_blank\" rel=\"noopener noreferrer\">sur franceinfo<\/a>, laissant entendre que le nouveau&nbsp;confinement&nbsp;qui d&eacute;bute vendredi 30&nbsp;octobre pourrait durer 2&nbsp;&agrave; 3&nbsp;mois.<\/p>\n<p>L&#039;objectif du gouvernement est de passer de 40&nbsp;000&nbsp;cas de contamination par jour &agrave;&nbsp;5&nbsp;000&nbsp;d&#039;ici quatre semaines, un but inaccessible en 4&nbsp;semaines&nbsp;pour les scientifiques.<em>&nbsp;<\/em><\/p>\n<p>Selon <em>France Inter,<\/em> <strong>un sc&eacute;nario englobant les f&ecirc;tes de fin d&#039;ann&eacute;e, No&euml;l et le Nouvel An et courant jusqu&#039;au 5&nbsp;janvier, a &eacute;t&eacute; envisag&eacute; par l&#039;ex&eacute;cutif.<\/strong> Cette nouvelle &eacute;ch&eacute;ance apr&egrave;s la Saint-Sylvestre pourrait &ecirc;tre retenue si les indicateurs de l&#039;&eacute;pid&eacute;mie ne s&#039;am&eacute;liorent pas dans les semaines qui viennent.<\/p>\n<p><strong>Les restrictions sanitaires de ce nouveau confinement ont &eacute;t&eacute; assouplies par rapport au premier.&nbsp;<\/strong>Les cr&egrave;ches, &eacute;coles, coll&egrave;ges et lyc&eacute;es sont&nbsp;ouverts.&nbsp;<em>&quot;On fait quoi &agrave; la cantine et en &eacute;ducation physique et sportive&nbsp;? A ces moments-l&agrave;, les gens n&#039;ont pas le masque et ils parlent, donc ce sont des occasions de contamination&quot;,<\/em> a expliqu&eacute; l&#039;&eacute;pid&eacute;miologiste Dominique Costagliola &agrave; l&#039;AFP.<br \/>Les usines, les entreprises de travaux publics continueront leur activit&eacute;,&nbsp;les guichets de services publics aussi et les parcs et jardins sont accessibles au public. <strong>Les transmissions restent possibles, comme les&nbsp;contaminations intrafamiliales.<\/strong><\/p>\n<p>Le confinement permet donc de ralentir la propagation du virus mais ne garantit pas son arr&ecirc;t. Ses r&eacute;sultats d&eacute;pendent aussi pour beaucoup des comportements individuels. <strong>Un durcissement du confinement&nbsp;est &agrave; envisager.<\/strong><\/p>\n<h2><a id=\"Vos-questions\" name=\"Vos-questions\">Vos questions :&nbsp;<\/a><\/h2>\n<h3>Peut-on pr&eacute;senter&nbsp;un justificatif oubli&eacute;&nbsp;apr&egrave;s le contr&ocirc;le de&nbsp;Police ?&nbsp;<\/h3>\n<p>Masque, attestation, pi&egrave;ce d&#039;identit&eacute;, <strong>justificatif de d&eacute;placement<\/strong>&hellip; Il en faut des choses <strong>avant de sortir de chez soi&nbsp;<\/strong>! Et un oubli est si vite <strong>arriv&eacute;<\/strong>&hellip;&nbsp;<\/p>\n<p>Si cela se produit pourtant, vous risquez <strong>une amende<\/strong>.&nbsp;Alors est-il de possible de pr&eacute;senter des pi&egrave;ces justificatives aux forces de l&#039;ordre <strong>ult&eacute;rieurement<\/strong> pour &eacute;viter d&#039;avoir &agrave; payer&nbsp;?<\/p>\n<p>Attestation, pi&egrave;ce d&#039;identit&eacute; et justificatif de d&eacute;placement&hellip; C&#039;est le <strong>m&ecirc;me combat<\/strong>. En cas d&#039;oubli de <strong>l&#039;un de ces documents<\/strong>, les policiers sont autoris&eacute;s &agrave; vous <strong>verbaliser<\/strong>. Une sentence d&eacute;finitive puisque, malgr&eacute; votre bonne foi, vous ne serez <strong>pas autoris&eacute;s<\/strong> &agrave; pr&eacute;senter votre justificatif ult&eacute;rieurement.<\/p>\n<p>Vous l&#039;aurez compris&nbsp;: <strong>il ne vous reste, malheureusement plus qu&#039;&agrave; payer.<\/strong> &nbsp;<\/p>\n<h3>La Police peut-elle v&eacute;rifier votre caddie, sac de courses ou ticket de caisse&nbsp;?<\/h3>\n<p>D&#039;abord, il faut savoir que les agents de police ne peuvent proc&eacute;der aux contr&ocirc;les <strong>&agrave; l&#039;int&eacute;rieur d&#039;un magasin ou d&#039;un supermarch&eacute;.<\/strong> Toutefois, ils ont le droit de se placer<strong>&nbsp;devant la sortie du commerce<\/strong> et attendre que les clients aient effectu&eacute; leurs achats. Pour v&eacute;rifier que vous avez bien achet&eacute;&nbsp;des produits &quot;de premi&egrave;re n&eacute;cessit&eacute;&quot;, les agents de police peuvent &eacute;ventuellement vous demander <strong>d&#039;ouvrir votre votre sac<\/strong>, selon le tchat&nbsp;mis en place par la police nationale sur leur site, mais ils n&#039;ont absolument<strong> pas le droit de fouiller votre sac<\/strong>. Quant au<strong> ticket de caisse<\/strong>, &quot;<em>cela reste au bon vouloir de la personne contr&ocirc;l&eacute;e de le pr&eacute;senter. Elle ne peut y &ecirc;tre contrainte<\/em>&quot;, a pr&eacute;cis&eacute; la gendarmerie nationale aupr&egrave;s de <em>Journalistes Solidaires<\/em>.<\/p>\n<h3><a id=\"attestation-reutiliser\" name=\"attestation-reutiliser\" target=\"_blank\" rel=\"noopener noreferrer\">Puis-je effacer mon attestation et la r&eacute;utiliser&nbsp;?<\/a><\/h3>\n<p>Malheureusement, il ne vous est pas possible d&#039;<strong>&eacute;crire au crayon de papier<\/strong> sur votre attestation pour une premi&egrave;re sortie, puis de <strong>gommer et r&eacute;&eacute;crire sur la m&ecirc;me feuille<\/strong> pour un autre d&eacute;placement. &quot;<em>L&#039;attestation doit &ecirc;tre unique<\/em>&quot;, avait pr&eacute;cis&eacute; le minist&egrave;re de l&#039;Int&eacute;rieur. Vous devez, en cons&eacute;quence, remplir votre attestation avec un <strong>stylo<\/strong>. Sinon, vous risquez l&#039;amende de 135&nbsp;euros&#8230;<\/p>\n<p>Si vous souhaitez tout de m&ecirc;me faire des &eacute;conomies de papier et que vous &ecirc;tes muni d&#039;un smartphone, vous pouvez <a href=\"https:\/\/media.interieur.gouv.fr\/deplacement-covid-19\/\" target=\"_blank\" rel=\"noopener noreferrer\">remplir <strong>l&#039;attestation num&eacute;rique<\/strong><\/a>.&nbsp;<\/p>\n<h3><a id=\"remboursement-auto\" name=\"remboursement-auto\">Comment&nbsp;demander le remboursement de mon assurance auto en confinement&nbsp;?<\/a><\/h3>\n<p>Selon <em>UFC-Que Choisir,<\/em> les assurances ont &eacute;conomis&eacute; environ<strong> 2,2&nbsp;milliards d&#039;euros <\/strong>gr&acirc;ce &agrave; la baisse des accidents de la route (de 14&nbsp;% cette ann&eacute;e) cons&eacute;quence des confinements. Pourtant, le <strong>prix des cotisations <\/strong>devrait augmenter entre 1,5&nbsp;et 2&nbsp;% d&#039;ici 2021.&nbsp;&Eacute;tant donn&eacute; la <strong>diminution du risque<\/strong> li&eacute; au fait que nous prenons moins la voiture ou la moto, vous pouvez <strong>vous faire rembourser<\/strong>, mais la marche &agrave; suivre d&eacute;pendra de <strong>votre assurance<\/strong>.<\/p>\n<p>Si la votre fait partie des cinq &quot;<em>bons &eacute;l&egrave;ves&quot;<\/em>&nbsp; cit&eacute;s par <em>UFC-Que Choisir <\/em>(parmi eux&nbsp;: la MAIF ou la MATMUT), vous avez d&ucirc; recevoir un <strong>courrier <\/strong>qui vous pr&eacute;cise le montant qui vous sera rembours&eacute;.<\/p>\n<p>Pour d&#039;autres, il est n&eacute;cessaire <strong>d&#039;&eacute;crire une lettre <\/strong>afin de demander la diminution du montant de la prime d&#039;assurance automobile . L&#039;association a r&eacute;dig&eacute; une <a href=\"https:\/\/www.quechoisir.org\/lettre-type-coronavirus-demande-de-diminution-du-montant-de-la-prime-d-assurance-automobile-en-raison-du-confinement-n78879\/\" target=\"_blank\" rel=\"noopener noreferrer\">lettre-type disponible sur son site<\/a>.<\/p>\n<h3><a id=\"visite-compagnon\" name=\"visite-compagnon\" target=\"_blank\" rel=\"noopener noreferrer\"><span style=\"font-size: 1.125rem\">Puis-je rendre visite &agrave; mon compagnon&nbsp;s&#039;il&nbsp;n&#039;habite pas avec moi&nbsp;?<\/span><\/a><\/h3>\n<p>Malheureusement pour beaucoup de couples, rendre visite &agrave; l&#039;&eacute;lu(e) de son c&oelig;ur ne fait <strong>pas partie des motifs de d&eacute;placement autoris&eacute;s<\/strong> en confinement.&nbsp;Gabriel Attal, porte-parole du gouvernement, avait <a href=\"https:\/\/www.journaldesfemmes.fr\/people\/magazine\/2673775-gabriel-attal-couple-avec-une-chanteuse-compagnon-gpa-homosexualite-stephane-sejourne-amour\/\" target=\"_blank\" rel=\"noopener noreferrer\">donn&eacute; quelques conseils aux <\/a><strong><a href=\"https:\/\/www.journaldesfemmes.fr\/people\/magazine\/2673775-gabriel-attal-couple-avec-une-chanteuse-compagnon-gpa-homosexualite-stephane-sejourne-amour\/\" target=\"_blank\" rel=\"noopener noreferrer\">couples s&eacute;par&eacute;s<\/a> par les mesures restrictives<\/strong>, au<strong> <\/strong>micro de <em>Fun Radio<\/em> :&nbsp;&quot;<em>C&#039;est difficile, je le comprends. J&#039;ai des amis qui ne sont pas confin&eacute;s avec leur partenaire. On peut se faire un d&icirc;ner (ou plus) en Face Time. On peut se commander l&#039;un pour l&#039;autre un <a href=\"http:\/\/www.affinite.fr\/index.php\/2023\/08\/24\/lart-de-la-glace-transforme-en-business-la-vision-unique-de-fabien-gris\/\">livre<\/a> sur le site Internet du libraire du quartier, que l&#039;un et l&#039;autre va chercher&hellip; C&#039;est un petit signe qui est envoy&eacute;<\/em>&quot;.<\/p>\n<div class=\"ccminsert\">\n<aside class=\"app_widget_fo app_widget_fo--call\">\n<ul>\n<li>                <a href=\"https:\/\/www.journaldesfemmes.fr\/couple\/sexo\/2627219-sexe-a-distance-6-conseils-realistes-pour-faire-l-amour-en-virtuel\/\" class=\"jGTMWidgetGAEventClick\" data-GTMWidgetGaEventAction=\"clickWidgetCall\" data-GTMWidgetGaEventLabel=\"Sexe \u00e0 distance\u00a0: 6\u00a0conseils (r\u00e9alistes) pour faire l&#039;amour en virtuel\"><br \/>\n<figure>                                                                                <img decoding=\"async\" src=\"https:\/\/img-3.journaldesfemmes.fr\/mmj0uonX-aVjSBG-LRKFbaaR6u0=\/200x132\/smart\/15b05052619e46dab5c35af0bc3a92c9\/ccmcms-jdf\/14457602.jpg\" alt=\"\"><figcaption>\n<h3>Sexe \u00e0 distance\u00a0: 6\u00a0conseils (r\u00e9alistes) pour faire l&#039;amour en virtuel<\/h3>\n<p>Confinement oblige, certains amants sont contraints de vivre \u00e0 distance. La bonne nouvelle, c&#039;est qu&#039;un t\u00e9l\u00e9phone et une dose d&#039;imagination peuvent suffit \u00e0 r\u00e9inventer ses moments intimes. Nos conseils (r\u00e9alistes) pour faire du sexe virtuel en cette dr\u00f4le de p\u00e9riode.<\/p>\n<\/figcaption><\/figure>\n<p>                <\/a>            <\/li>\n<\/ul>\n<\/aside>\n<\/div>\n<p>Pour une grande partie des amoureux toutefois, la <strong>s&eacute;paration <\/strong>est trop difficile &agrave; supporter. Selon un sondage <em>Ifop<\/em> pour <em>Consolab <\/em>r&eacute;cemment publi&eacute;, <strong>32&nbsp;% des personnes en couple<\/strong> ont retrouv&eacute; au <strong>moins une fois<\/strong> leur moiti&eacute; au domicile de l&#039;un ou l&#039;autre, depuis le d&eacute;but du confinement.&nbsp;Et 25&nbsp;% d&#039;entre eux comptent le faire &agrave; nouveau avant la fin de ces mesures restrictives&nbsp;!<\/p>\n<h3><b><a id=\"contester-amendes\" name=\"contester-amendes\" target=\"_blank\" rel=\"noopener noreferrer\">Comment contester ses amendes&nbsp;?&nbsp;<\/a><\/b><\/h3>\n<p><b>100&nbsp;000. <\/b>C&#039;est le nombre de verbalisations qui ont &eacute;t&eacute; effectu&eacute;es par la police <b>depuis le d&eacute;but du second confinemen<\/b><strong>t<\/strong>. Une chiffre qui devrait cro&icirc;tre ces prochains jours en raison de la <b>multiplication des contr&ocirc;les <\/b>d&eacute;cid&eacute;e par le gouvernement.<\/p>\n<p>Pour rappel, la premi&egrave;re infraction est sanctionn&eacute;e d&#039;une amende de <b>135<\/b>&nbsp;<b>euros<\/b>. Une chiffre qui grimpe &agrave; <b>200<\/b>&nbsp;<b>euros<\/b> en cas de r&eacute;cidive dans les quinze jours.&nbsp;Une <b>p&eacute;nalit&eacute; financi&egrave;re<\/b> qui peut se transformer en d&eacute;lit <b>d&egrave;s la troisi&egrave;me verbalisation<\/b>. Le risque est alors plus &eacute;lev&eacute; puisqu&#039;il s&#039;agit de <b>six mois d&#039;emprisonnement<\/b>, et <b>3750<\/b>&nbsp;<b>euros<\/b> d&#039;amende.<\/p>\n<p><b>Vous avez &eacute;t&eacute; victime d&#039;une verbalisation que vous estimez non justifi&eacute;e&nbsp;?<\/b> Heureusement, il est possible de <b>contester votre amende<\/b> si vous estimez que celle derni&egrave;re n&#039;&eacute;tait pas justifi&eacute;e. Une man&oelig;uvre qu&#039;il est possible de r&eacute;aliser <b>en<\/b> <b>ligne<\/b> ou <b>par<\/b> <b>courrier<\/b> dans un d&eacute;lai de 45&nbsp;jours.<\/p>\n<p><b>Si vous souhaitez contester en ligne, c&#039;est simple<\/b>&nbsp;: sur le site <b><a href=\"https:\/\/www.antai.gouv.fr\/\" target=\"_blank\" rel=\"noopener noreferrer\">antai.gouv.fr<\/a>,<\/b> vous devrez fournir votre avis de contravention, pr&eacute;senter les raisons de votre contestation et indiquer le montant de votre amende. Une consignation vous sera &eacute;galement demand&eacute;e.<\/p>\n<p><b>A l&#039;inverse si vous souhaitez contester par courrier, <\/b>il vous faudra envoyer le formulaire de requ&ecirc;te en exon&eacute;ration joint &agrave; l&#039;avis par courrier recommand&eacute; &agrave; l&#039;adresse postale situ&eacute;e en bas &agrave; droite de la premi&egrave;re page de votre PV. Une fois encore, vous devrez fournir <b>les motifs de votre contestation<\/b> sur papier libre, l&#039;original de votre contravention et vous acquitter d&#039;une consignation.<\/p>\n<p>A noter que tout <b>ticket<\/b>, <b>t&eacute;moignage<\/b> ou encore <b>avis de convocation<\/b> vous permettra de plus facilement prouver vos dires. Attention, donc, &agrave; bien les conserver.<\/p>\n<p>Une fois votre <b>r&eacute;clamation r&eacute;ceptionn&eacute;e<\/b>, le Minist&egrave;re public pourra <b>classer l&#039;affaire sans suite<\/b>, ou d&eacute;cider que <b>votre demande n&#039;est pas justifi&eacute;e<\/b> et donc vous convoquer devant un tribunal de police.<\/p>\n<h3><a id=\"grands-parents-ecole\" name=\"grands-parents-ecole\" target=\"_blank\" rel=\"noopener noreferrer\">Les grands-parents peuvent-ils aller chercher les enfants &agrave; l&#039;&eacute;cole&nbsp;?<\/a><\/h3>\n<p>Il est tout &agrave; fait possible pour les <strong>grands-parents<\/strong> d&#039;aller <strong>chercher leurs petits-enfants &agrave; l&#039;&eacute;cole<\/strong>. Les parents ne sont pas les seuls &agrave; &ecirc;tre en mesure de r&eacute;cup&eacute;rer leurs enfants, ils peuvent d&eacute;signer<strong> leurs propres parents, un voisin ou une voisine, une nounou<\/strong>&#8230; Il est toutefois conseill&eacute; de fournir &agrave; l&#039;&eacute;cole ou &agrave; l&#039;enseignant le nom de celui ou celle qui vient chercher votre enfant.&nbsp;<\/p>\n<h3><a id=\"attestations-jour\" name=\"attestations-jour\" target=\"_blank\" rel=\"noopener noreferrer\">Peut-on remplir plusieurs attestations par jour&nbsp;?<\/a><\/h3>\n<p>Bien qu&#039;il soit fortement recommand&eacute; de <strong>sortir le moins possible<\/strong>, vous pouvez tout &agrave; fait <strong>cumuler les attestations <\/strong>dans la m&ecirc;me journ&eacute;e. En th&eacute;orie, vous pouvez par exemple<strong>&nbsp;promener pendant une heure&nbsp;votre chien<\/strong> le matin, puis remplir une diff&eacute;rente attestation pour faire <strong>votre jogging &agrave; 18h <\/strong>et une autre pour chercher votre <strong>enfant&nbsp;&agrave; l&#039;&eacute;cole &agrave; 16h30.<\/strong> Si votre motif de sortie est &quot;essentiel&quot;, vous n&#039;avez pas de nombre maximal de d&eacute;placements &agrave; d&eacute;passer.<\/p>\n<h3><a name=\"promener-velo\" target=\"_blank\" rel=\"noopener noreferrer\">Peut-on se promener &agrave; v&eacute;lo&nbsp;?<\/a><\/h3>\n<p>Lors de sa conf&eacute;rence de presse du 29&nbsp;octobre dernier, le Premier Ministre Jean Castex <b>n&#039;avait pas &eacute;voqu&eacute; la pratique du v&eacute;lo.<\/b> Un manque pour de nombreux adeptes.<\/p>\n<p>Le 4&nbsp;novembre, c&#039;est la ministre des Sports, <strong>Roxana Maracineanu,<\/strong> qui est venue apporter <b>des pr&eacute;cisions<\/b> sur cette question. &quot;<i>Il est possible de pratiquer [le v&eacute;lo, Ndlr.] dans la limite d&#039;un kilom&egrave;tre autour de son domicile et d&#039;une heure par jour<\/i>&quot;, a-t-elle indiqu&eacute; sur le compte Twitter de son minist&egrave;re. Ainsi, ces r&egrave;gles s&#039;appliquent si vous souhaitez<strong> faire du sport,<\/strong> vous <strong>promener<\/strong> ou simplement <strong>faire vos courses<\/strong>. A noter que cette limitation dans le temps et l&#039;espace ne s&#039;applique pas aux cyclistes <strong>qui se rendent au travail<\/strong>.<\/p>\n<p>Une activit&eacute; de loisir qui doit cependant<strong> se pratiquer seul<\/strong>.&nbsp;Le masque, quant &agrave; lui, <strong>n&#039;est toujours pas obligatoire<\/strong> lorsqu&#039;on conduit son v&eacute;lo conform&eacute;ment aux recommandations de l&#039;OMS.&nbsp;<\/p>\n<p><b data-original-fontsize=\"19px\" data-original-lineheight=\"30px\">Un cycliste allemand <\/b> r&eacute;sidant &agrave; Efringen-Kirchen, dans le Bade-Wurtemberg <strong>qui se baladait le long du Rhin,&nbsp;<\/strong><b data-original-fontsize=\"19px\" data-original-lineheight=\"30px\">en France, &agrave; ainsi &eacute;t&eacute;&nbsp;verbalis&eacute; &agrave; hauteur de 135&nbsp;euros<\/b>, rapportent&nbsp;<a data-original-fontsize=\"19px\" data-original-lineheight=\"30px\" href=\"https:\/\/www.dna.fr\/sante\/2020\/11\/06\/en-balade-en-alsace-un-cycliste-allemand-ecope-d-une-amende-a-135-euros\" rel=\"nofollow noopener noreferrer\" target=\"_blank\">Les Derni&egrave;res Nouvelles d&#039;Alsace<\/a>. Il se trouvait en effet &agrave; plus d&#039;1km&nbsp;de son domicile, et ne respectait donc pas les lois en vigueur. Ce f&eacute;ru de la petite reine&nbsp;a bien tent&eacute; d&#039;expliquer que le Confinement n&#039;avait pas les m&ecirc;mes restrictions dans son pays, mais il a d&ucirc; s&#039;acquitter de l&#039;amende forfaitaire.<\/p>\n<p><span style=\"font-size: 1rem\">Un ensemble de limitations qui agace pourtant profond&eacute;ment certains passionn&eacute;s de v&eacute;lo. Le 3&nbsp;novembre, l&#039;association nationale des VTTistes, la Moutain Bikers Foundation, a r&eacute;clam&eacute; &quot;<em>un ajustement &agrave; la hausse du 1km\/1h<\/em>&quot;. &quot;<\/span><i style=\"font-size: 1rem\">Ce cr&eacute;neau semble compliqu&eacute; &agrave; tenir, notamment sur le long terme, pour des raisons d&#039;&eacute;quit&eacute; entre les citoyens et de bon &eacute;quilibre entre rigueur sanitaire et bien-&ecirc;tre physique et moral apport&eacute; par la pratique d&#039;activit&eacute; en pleine nature<\/i><span style=\"font-size: 1rem\">&nbsp;&quot;, a avanc&eacute; le comit&eacute; directeur du MBF dans un communiqu&eacute;.&nbsp;<\/span><\/p>\n<p>Et son pr&eacute;sident, Olivier Schneider, d&#039;ajouter sur son compte Twitter:&nbsp; &quot;<i>On note qu&#039;en ext&eacute;rieur, et notamment &agrave; v&eacute;lo, m&ecirc;me lors de contacts &quot;longs&quot;, le risque de transmission est faible,&nbsp;<\/i>a-t-il expliqu&eacute;<i>. Laissez les cyclistes tranquilles. Les emp&ecirc;cher de p&eacute;daler, c&#039;est se tromper de combat.<\/i>&quot;<\/p>\n<div class=\"ccminsert\">\n<blockquote class=\"twitter-tweet\">\n<p dir=\"ltr\" lang=\"fr\">La ministre <a href=\"https:\/\/twitter.com\/RoxaMaracineanu?ref_src=twsrc%5Etfw\">@RoxaMaracineanu<\/a> pr&eacute;sente les r&egrave;gles de la pratique sportive en p&eacute;riode de <a href=\"https:\/\/twitter.com\/hashtag\/confinement?src=hash&amp;ref_src=twsrc%5Etfw\">#confinement<\/a> <a href=\"https:\/\/t.co\/3b6QvFpjMN\">pic.twitter.com\/3b6QvFpjMN<\/a><\/p>\n<p>&mdash; Minist&egrave;re des Sports (@Sports_gouv) <a href=\"https:\/\/twitter.com\/Sports_gouv\/status\/1324013323512434691?ref_src=twsrc%5Etfw\">November 4, 2020<\/a><\/p><\/blockquote>\n<\/div>\n<h3><a name=\"mariages-enterrements\">Quid des mariages, enterrements et c&eacute;r&eacute;monies religieuses&nbsp;?<\/a><\/h3>\n<p>Les <strong>mariages <\/strong>seront limit&eacute;s &agrave; 6&nbsp;personnes. Quant aux <strong>c&eacute;r&eacute;monies religieuses<\/strong>, elles ne pourront pas se tenir en public, sauf les <strong>enterrements<\/strong>, qui pourront se d&eacute;rouler &agrave; 30&nbsp;personnes.<\/p>\n<div class=\"ccminsert\">\n<aside class=\"app_widget_fo app_widget_fo--call\">\n<ul>\n<li>                <a href=\"https:\/\/www.journaldesfemmes.fr\/mariage\/organisation-de-mariage\/2632311-mariage-covid-confinement-6-personnes-castex-montpellier\/\" class=\"jGTMWidgetGAEventClick\" data-GTMWidgetGaEventAction=\"clickWidgetCall\" data-GTMWidgetGaEventLabel=\"Mariage Covid\u00a0: limit\u00e9 \u00e0 6\u00a0personnes, mariage \u00e0 Montpellier\"><br \/>\n<figure>                                                                                <img decoding=\"async\" src=\"https:\/\/img-3.journaldesfemmes.fr\/yaTvy-tYFS2_t5aLjPWNHF0jOSk=\/200x132\/smart\/5e4aab5433e14f9ba37c720356be550c\/ccmcms-jdf\/20020594.jpg\" alt=\"\"><figcaption>\n<h3>Mariage Covid\u00a0: limit\u00e9 \u00e0 6\u00a0personnes, mariage \u00e0 Montpellier<\/h3>\n<p>Lieux de cultes ouverts, c\u00e9r\u00e9monies religieuses interdites, mariages \u00e0 la mairie limit\u00e9 \u00e0 6\u00a0personnes&#8230; Le gouvernement a renouvel\u00e9 le maintien des mesures&#8230; qui n&#039;ont pas \u00e9t\u00e9 respect\u00e9es lors d&#039;un mariage \u00e0 Montpellier\u00a0!<\/p>\n<\/figcaption><\/figure>\n<p>                <\/a>            <\/li>\n<\/ul>\n<\/aside>\n<\/div>\n<div class=\"ccminsert\">\n<aside class=\"app_widget_fo app_widget_fo--call\">\n<ul>\n<li>                <a href=\"https:\/\/sante.journaldesfemmes.fr\/fiches-maladies\/2629045-enterrement-covid-confinement-coronavirus-cimetiere-ouvert-nombre-de-personnes\/\" class=\"jGTMWidgetGAEventClick\" data-GTMWidgetGaEventAction=\"clickWidgetCall\" data-GTMWidgetGaEventLabel=\"Enterrement et Covid-19\u00a0: ouverture des cimeti\u00e8res, nombre de personnes\"><br \/>\n<figure>                                                                                <img decoding=\"async\" src=\"https:\/\/img-3.journaldesfemmes.fr\/mqVkDB7e6GyJyoXZ0JSICXUCRAc=\/200x132\/smart\/42864a9ae2d34f47b51f0a1dcd89b66d\/ccmcms-jdf\/19649824.jpg\" alt=\"\"><figcaption>\n<h3>Enterrement et Covid-19\u00a0: ouverture des cimeti\u00e8res, nombre de personnes<\/h3>\n<p>Alors que la France se reconfine \u00e0 partir du jeudi 29\u00a0octobre \u00e0 minuit, les cimeti\u00e8res restent ouverts et les c\u00e9r\u00e9monies et enterrements peuvent avoir lieu dans la limite de 30\u00a0personnes. Mais comment se passent d\u00e9sormais les obs\u00e8ques\u00a0et les enterrements\u00a0? Peut-on voir le corps avant la mise en bi\u00e8re\u00a0? Notre guide.<\/p>\n<\/figcaption><\/figure>\n<p>                <\/a>            <\/li>\n<\/ul>\n<\/aside>\n<\/div>\n<h3><a id=\"d\u00e9m\u00e9nager\" name=\"d\u00e9m\u00e9nager\">Est-il possible de d&eacute;m&eacute;nager&nbsp;?<\/a><\/h3>\n<p>Il vous est <strong>possible de d&eacute;m&eacute;nager<\/strong>. Contrairement au premier confinement, les<strong> soci&eacute;t&eacute;s de d&eacute;m&eacute;nagement<\/strong> sont &eacute;quip&eacute;es de masque et de gel hydroalcoolique et sont donc op&eacute;rationnelles. Toutefois, le client devra s&#039;adapter lors de la r&eacute;ception et de l&#039;enl&egrave;vement des cartons, puisqu&#039;il ne sera pas possible de se trouver &agrave; plusieurs dans le logement.<\/p>\n<p>En cas de <strong>d&eacute;m&eacute;nagement<\/strong>, vous aurez besoin d&#039;une<strong> attestation de d&eacute;placement d&eacute;rogatoire<\/strong>, accompagn&eacute;e d&#039;un <strong>justificatif <\/strong>quant &agrave; la n&eacute;cessit&eacute; du d&eacute;m&eacute;nagement, tel qu&#039;un acte de vente.<\/p>\n<h3><a name=\"courses-accompagne\" target=\"_blank\" rel=\"noopener noreferrer\">Puis-je faire mes courses accompagn&eacute;&nbsp;?<\/a><\/h3>\n<p>Il vous est possible de faire vos courses avec <strong>votre conjoint, un membre de votre famille<\/strong>&nbsp;<strong>ou vos enfants<\/strong>, qui sont confin&eacute;s avec vous, si, par exemple, vous n&#039;avez pas de moyen de garde ou qu&#039;il est compliqu&eacute; de faire autrement. Camille Chaize, porte-parole du minist&egrave;re de l&#039;Int&eacute;rieur, a confirm&eacute; qu&#039;il &eacute;tait &eacute;galement possible de <strong>faire ses courses avec un ami<\/strong> ou un voisin, m&ecirc;me s&#039;il n&#039;est pas confin&eacute; avec vous, et de se d&eacute;placer en <strong>covoiturage<\/strong>&#8230; mais &agrave; condition de respecter les <strong>distances de s&eacute;curit&eacute;<\/strong>, dans le v&eacute;hicule et dans le supermarch&eacute;&nbsp;! Chacun devra &eacute;videmment &ecirc;tre muni de son attestation.<\/p>\n<h3><a id=\"courses-temps-distance\" name=\"courses-temps-distance\" target=\"_blank\" rel=\"noopener noreferrer\">Peut-on faire ses achats pendant plus d&#039;1&nbsp;heure&nbsp;et &agrave; plus d&#039;1&nbsp;km&nbsp;?<\/a><\/h3>\n<p>Non, <strong>aucune limite de distance &agrave; parcourir ou de temps <\/strong>n&#039;est pr&eacute;cis&eacute;e pour les motifs de sortie autres que prendre l&#039;air, promener son chien ou faire de l&#039;exercice. N&#039;ayez crainte, vous pouvez donc faire vos courses tranquille. Pensez bien toutefois &agrave; rester muni de votre <strong>attestation<\/strong>, et de cocher la case &quot;<em>effectuer des achats de fournitures n&eacute;cessaires &agrave; l&#039;activit&eacute; professionnelle, des achats de premi&egrave;re n&eacute;cessit&eacute;, des retraits de commandes et des livraisons &agrave; domicile<\/em>&quot;.<\/p>\n<p>Si vous vous faites <strong>contr&ocirc;ler par un agent de police<\/strong>, toutefois, il pourra vous demander de pr&eacute;senter votre ticket de caisse ou vos <strong>sac(s) de courses <\/strong>pour v&eacute;rifier que vous &ecirc;tes bien sorti pour effectuer des achats. Il ne pourra toutefois ni fouiller vos cabas ni juger de la pertinence de votre&nbsp;d&eacute;placement pour ce type de commissions.<\/p>\n<div class=\"ccminsert\">\n<aside class=\"app_widget_fo app_widget_fo--call\">\n<ul>\n<li>                <a href=\"https:\/\/www.journaldesfemmes.fr\/societe\/actu\/2627731-faire-ses-courses-en-confinement-enfants-faire-ses-courses-en-confinement-distance-duree-et-bonnes-pratiques-1-km-une-heure\/\" class=\"jGTMWidgetGAEventClick\" data-GTMWidgetGaEventAction=\"clickWidgetCall\" data-GTMWidgetGaEventLabel=\"Faire ses courses en confinement\u00a0: Distance, Dur\u00e9e et bonnes pratiques\"><br \/>\n<figure>                                                                                <img decoding=\"async\" src=\"https:\/\/img-3.journaldesfemmes.fr\/cpCfkHfyL_ihMSDZqx1Fu1Cmg1c=\/200x132\/smart\/28cf05e22c484b96b0acbf42d42b92c7\/ccmcms-jdf\/14603929.jpg\" alt=\"\"><figcaption>\n<h3>Faire ses courses en confinement\u00a0: Distance, Dur\u00e9e et bonnes pratiques<\/h3>\n<p>Puisque faire ses courses est encore possible, voici conseils et r\u00e8gles \u00e0 suivre pour faire vos achats en respectant gestes barri\u00e8res et mesures de confinement.<\/p>\n<\/figcaption><\/figure>\n<p>                <\/a>            <\/li>\n<\/ul>\n<\/aside>\n<\/div>\n<h3><a id=\"risques-invites\" name=\"risques-invites\" target=\"_blank\" rel=\"noopener noreferrer\">Que risque-t-on si l&#039;on re&ccedil;oit des invit&eacute;s chez soi&nbsp;?<\/a><\/h3>\n<p>Tout comme si vous sortiez de votre domicile <strong>sans attestation<\/strong>, vous risquez une <strong>amende de 135&nbsp;euros <\/strong>si vous invitez des voisins ou amis chez vous. Le propri&eacute;taire du logement o&ugrave; se d&eacute;roule la r&eacute;ception ne serait alors pas le seul &agrave; payer l&#039;amende, puisque <strong>chaque convive<\/strong> d&eacute;bourserait aussi 135&nbsp;euros pour avoir brav&eacute; le confinement. En cas de r&eacute;cidive dans le 15&nbsp;jours, l&#039;amende peut monter jusqu&#039;&agrave; 200&nbsp;euros. Si vous bravez le confinement <strong>trois fois en moins d&#039;un mois<\/strong>, vous vous exposez &agrave; 3.750&nbsp;euros d&#039;amende et&nbsp;six mois de prison.<\/p>\n<p>Quant &agrave; ceux qui <strong>organisent des f&ecirc;tes<\/strong>, ils ne peuvent se faire verbaliser directement chez eux, puisque la loi ne le permet pas. Par contre, les agents de police pourront patienter <strong>en dehors du logement<\/strong> pour proc&eacute;der &agrave; la verbalisation.<\/p>\n<p>Dans la nuit du 7&nbsp;au 8&nbsp;novembre, une <strong>patrouille de police<\/strong> a d&eacute;couvert qu&#039;une <strong>soir&eacute;e priv&eacute;e <\/strong>se d&eacute;roulait dans un<strong> bar de La Rochelle <\/strong>alors qu&#039;il &eacute;tait officiellement ferm&eacute; depuis le confinement&#8230; Pas moins de <strong>25&nbsp;personnes <\/strong>participaient aux festivit&eacute;s. Selon le compte Facebook de la police nationale de Charente-Maritime, les 25&nbsp;personnes ont &eacute;t&eacute; <strong>verbalis&eacute;es<\/strong>.<\/p>\n<p><script async src=\"https:\/\/platform.twitter.com\/widgets.js\" charset=\"utf-8\"><\/script><br \/>\n<br \/>[ad_2]<br \/>\n<br \/><a href=\"https:\/\/www.journaldesfemmes.fr\/societe\/actu\/2670599-confinement-deconfinement-fin-date-decembre-etapes-noel-attestations-deplacements-macron\/\">Source link <\/a><\/p>\n","protected":false},"excerpt":{"rendered":"<p>[ad_1] Sommaire Vos questions : &bull; Puis-je effacer mon attestation et la r&eacute;utiliser&nbsp;? &bull; Comment&nbsp;demander le remboursement de mon assurance &hellip; <a href=\"http:\/\/www.affinite.fr\/index.php\/2020\/11\/22\/deconfinement-3-etapes-dates-cles-1h-1km-deplacements-attestations\/\" class=\"more-link\">Plus <span class=\"screen-reader-text\">D\u00e9confinement\u00a0: 3\u00a0\u00e9tapes, Dates-cl\u00e9s, 1h\/1km, D\u00e9placements, Attestations&#8230;<\/span> <span class=\"meta-nav\">&rarr;<\/span><\/a><\/p>\n","protected":false},"author":1,"featured_media":5547,"comment_status":"open","ping_status":"open","sticky":false,"template":"","format":"standard","meta":{"_sitemap_exclude":false,"_sitemap_priority":"","_sitemap_frequency":"","footnotes":""},"categories":[1],"tags":[],"class_list":["post-5546","post","type-post","status-publish","format-standard","has-post-thumbnail","hentry","category-tous"],"_links":{"self":[{"href":"http:\/\/www.affinite.fr\/index.php\/wp-json\/wp\/v2\/posts\/5546"}],"collection":[{"href":"http:\/\/www.affinite.fr\/index.php\/wp-json\/wp\/v2\/posts"}],"about":[{"href":"http:\/\/www.affinite.fr\/index.php\/wp-json\/wp\/v2\/types\/post"}],"author":[{"embeddable":true,"href":"http:\/\/www.affinite.fr\/index.php\/wp-json\/wp\/v2\/users\/1"}],"replies":[{"embeddable":true,"href":"http:\/\/www.affinite.fr\/index.php\/wp-json\/wp\/v2\/comments?post=5546"}],"version-history":[{"count":0,"href":"http:\/\/www.affinite.fr\/index.php\/wp-json\/wp\/v2\/posts\/5546\/revisions"}],"wp:featuredmedia":[{"embeddable":true,"href":"http:\/\/www.affinite.fr\/index.php\/wp-json\/wp\/v2\/media\/5547"}],"wp:attachment":[{"href":"http:\/\/www.affinite.fr\/index.php\/wp-json\/wp\/v2\/media?parent=5546"}],"wp:term":[{"taxonomy":"category","embeddable":true,"href":"http:\/\/www.affinite.fr\/index.php\/wp-json\/wp\/v2\/categories?post=5546"},{"taxonomy":"post_tag","embeddable":true,"href":"http:\/\/www.affinite.fr\/index.php\/wp-json\/wp\/v2\/tags?post=5546"}],"curies":[{"name":"wp","href":"https:\/\/api.w.org\/{rel}","templated":true}]}}