{"id":5542,"date":"2020-11-21T18:16:53","date_gmt":"2020-11-21T18:16:53","guid":{"rendered":"https:\/\/www.affinite.fr\/index.php\/2020\/11\/21\/dessous-du-verdict-et-reactions\/"},"modified":"2020-11-21T18:16:53","modified_gmt":"2020-11-21T18:16:53","slug":"dessous-du-verdict-et-reactions","status":"publish","type":"post","link":"http:\/\/www.affinite.fr\/index.php\/2020\/11\/21\/dessous-du-verdict-et-reactions\/","title":{"rendered":"dessous du verdict et r\u00e9actions"},"content":{"rendered":"<p> [ad_1]<br \/>\n<br \/><img decoding=\"async\" src=\"https:\/\/img-3.journaldesfemmes.fr\/AOV8ILvou4sla5dZNO19BYtceoQ=\/1280x\/smart\/45f1ecd281ff4981b8c58ee5a03bb560\/ccmcms-jdf\/20244372.png\" \/><\/p>\n<p>\n                Apr\u00e8s une semaine d&rsquo;un proc\u00e8s tr\u00e8s m\u00e9diatique, la sentence est tomb\u00e9e. Jonathann Daval, jug\u00e9 pour le meurtre de sa femme Alexia Daval survenu en 2017, a \u00e9t\u00e9 condamn\u00e9 \u00e0 25\u00a0ans de r\u00e9clusion criminelle devant la m\u00e8re de la d\u00e9funte, en larmes&#8230;            <\/p>\n<div>\n<p>C&rsquo;\u00e9tait une sentence tr\u00e8s attendue. Ce samedi 21\u00a0novembre, Jonathann Daval, 36\u00a0ans, a \u00e9t\u00e9 condamn\u00e9 \u00e0 <strong>vingt-cinq ans de prison<\/strong> pour le meurtre de son \u00e9pouse, Alexia Daval, par la cour d&rsquo;assises de la Haute-Sa\u00f4ne, \u00e0 Vesoul.<br \/>Les faits qui lui \u00e9taient reproch\u00e9s remontent \u00e0 la nuit <strong>du 27\u00a0au 28\u00a0octobre 2017.<\/strong> Apr\u00e8s la \u00ab\u00a0<em>dispute de trop<\/em>\u00a0\u00bb selon la version de l&rsquo;accus\u00e9, cet informaticien s&rsquo;en \u00e9tait pris <strong>\u00e0 sa compagne depuis dix ans<\/strong>.<br \/>Apr\u00e8s avoir <strong>tabass\u00e9e puis \u00e9trangl\u00e9e<\/strong> \u00e0 mort la jeune femme de 29\u00a0ans, Jonathann Daval avait partiellement <strong>calcin\u00e9<\/strong> le corps de sa victime avant de s&rsquo;en d\u00e9barrasser dans le bois d&rsquo;Esmoulins, \u00e0 Gray-la-Ville (Haute-Sa\u00f4ne). Un meurtre macabre pour lequel il ne sera arr\u00eat\u00e9 que <strong>trois mois plus tard<\/strong>. \u00a0<\/p>\n<h2>L&rsquo;avocat g\u00e9n\u00e9ral avait requis la perp\u00e9tuit\u00e9<\/h2>\n<p>Un \u00ab\u00a0<em>crime presque parfait<\/em>\u00ab\u00a0, selon les mots de l&rsquo;avocat g\u00e9n\u00e9ral Emmanuel Dupic, pour lequel ce dernier avait requis, samedi,<strong> la perp\u00e9tuit\u00e9<\/strong>. Une requ\u00eate motiv\u00e9e par la loi qui indique que \u00ab\u00a0<em>la circonstance aggravante pour le crime contre un conjoint<\/em>\u00a0\u00bb est punie par \u00ab\u00a0<em>une peine de r\u00e9clusion criminelle \u00e0 perp\u00e9tuit\u00e9<\/em>\u00ab\u00a0.<\/p>\n<p>\u00c0 la <strong>stupeur g\u00e9n\u00e9rale<\/strong>, elle n&rsquo;a pourtant pas \u00e9t\u00e9 \u00e9cout\u00e9e.<\/p>\n<p>\u00ab\u00a0<em>La perp\u00e9tuit\u00e9 c&rsquo;est une peine qu&rsquo;on prononce pour les criminels les plus dangereux de la soci\u00e9t\u00e9: Francis Heaulme, tueur d&rsquo;enfants, Michel Fourniret, Marc Dutroux, Guy Georges&#8230;\u00a0\u00bb, <\/em>avait de son c\u00f4t\u00e9 plaid\u00e9 l&rsquo;avocat de Jonathann Daval, Me Randall Schwerdorffer.<\/p>\n<p>M\u00eame s&rsquo;ils avaient confi\u00e9 souhaiter que leur ancien gendre <strong>soit condamn\u00e9 \u00e0 la perp\u00e9tuit\u00e9<\/strong>, la famille d&rsquo;Alexia s&rsquo;est r\u00e9jouit du verdict.\u00a0\u00ab\u00a0<em>C&rsquo;est \u00e0 la hauteur de nos souffrances et \u00e7a va nous permettre de tourner une page<\/em><strong>\u00ab\u00a0,<\/strong>\u00a0a confi\u00e9\u00a0Isabelle Fouillot \u00e0 la sortie du Tribunal. Et d&rsquo;ajouter, dans un <strong>sanglot<\/strong> :\u00a0\u00ab\u00a0<em>Si elle nous regarde de l\u00e0-haut, <strong>c&rsquo;\u00e9tait pour elle<\/strong><\/em>\u00ab\u00a0.<\/p>\n<h2>Un face \u00e0 face entre la m\u00e8re de la victime et l&rsquo;accus\u00e9<\/h2>\n<p>Lors de l&rsquo;avant dernier jour du proc\u00e8s, la m\u00e8re de la victime avait tent\u00e9 en vain d&rsquo;\u00e9claircir les <strong>derni\u00e8res zones d&rsquo;ombre<\/strong> qui entourent la mort de sa fille. \u00ab\u00a0<em>Ne me dit pas que tu l&rsquo;as tu\u00e9e pour quelques mots<\/em>\u00ab\u00a0, a-t-elle lanc\u00e9 \u00e0 l&rsquo;accus\u00e9. Et le meurtrier d&rsquo;Alexia Daval de r\u00e9pondre, d&rsquo;une voix juv\u00e9nile\u00a0: \u00ab\u00a0<em>C&rsquo;\u00e9tait une dispute, Isabelle, il faut me croire, c&rsquo;\u00e9tait une dispute<\/em>\u00ab\u00a0. Une version r\u00e9p\u00e9t\u00e9e depuis plusieurs mois par Jonathann Daval qui <strong>ne convainc toujours pas<\/strong> Isabelle Fouillot, persuad\u00e9e qu&rsquo;Alexia a \u00e9t\u00e9 tu\u00e9e <strong>car elle souhaiter quitter son bourreau<\/strong>. \u00ab\u00a0<em>Je te souhaite un bon s\u00e9jour en prison, adieu.\u00a0\u00bb, <\/em>lui a-t-elle l\u00e2ch\u00e9, avant de confier \u00e0 la presse qu&rsquo;elle se r\u00e9signait \u00e0 ne jamais obtenir l&rsquo;enti\u00e8re v\u00e9rit\u00e9.<\/p>\n<h2>Aucune \u00e9motion sur le visage de Jonathann Daval, \u00e0 l&rsquo;annonce du verdict.<\/h2>\n<aside id=\"NL_1579260851\" class=\"newsletter_subscription jNlBlock\"><noscript><br \/>\n            <\/noscript><\/p>\n<h3 class=\"newsletter_subscription-title\">Newsletter <\/h3>\n<p><a href=\"\/\/mailing.ccmbg.com\/archive\/last-85\" target=\"_blank\" class=\"a_hover\" rel=\"noopener noreferrer\">Voir un exemple<\/a><\/p>\n<\/aside>\n<p>\u00ab\u00a0<em>Pardon, pardon<\/em>\u00ab\u00a0, a r\u00e9p\u00e9t\u00e9 une \u00e9ni\u00e8me fois l&rsquo;accus\u00e9 avant que les jur\u00e9s ne se retirent pour d\u00e9lib\u00e9rer. Trois heures apr\u00e8s, ils annon\u00e7aient <strong>leur verdict<\/strong>. Une sentence que le principal concern\u00e9 a accueillie<strong> sans broncher,<\/strong> conform\u00e9ment aux propos qu&rsquo;il avait tenus la veille. \u00a0\u00bb\u00a0<\/p>\n<p><em>\u00ab\u00a0Je dois payer pour les actes que j&rsquo;ai commis\u00a0<\/em>\u00ab\u00a0, avait-il affirm\u00e9. \u00a0<\/p>\n<p>D\u00e9sormais, il dispose de dix jours pour faire <strong>appel<\/strong>.<\/p>\n<\/p><\/div>\n<p>[ad_2]<br \/>\n<br \/><a href=\"https:\/\/www.journaldesfemmes.fr\/societe\/actu\/2677371-jonathan-daval-meurtre-alexia-condamne-a-25-ans-de-prison-verdict-reactions\/\">Source link <\/a><\/p>\n","protected":false},"excerpt":{"rendered":"<p>[ad_1] Apr\u00e8s une semaine d&rsquo;un proc\u00e8s tr\u00e8s m\u00e9diatique, la sentence est tomb\u00e9e. Jonathann Daval, jug\u00e9 pour le meurtre de sa &hellip; <a href=\"http:\/\/www.affinite.fr\/index.php\/2020\/11\/21\/dessous-du-verdict-et-reactions\/\" class=\"more-link\">Plus <span class=\"screen-reader-text\">dessous du verdict et r\u00e9actions<\/span> <span class=\"meta-nav\">&rarr;<\/span><\/a><\/p>\n","protected":false},"author":1,"featured_media":5543,"comment_status":"open","ping_status":"open","sticky":false,"template":"","format":"standard","meta":{"_sitemap_exclude":false,"_sitemap_priority":"","_sitemap_frequency":"","footnotes":""},"categories":[1],"tags":[],"class_list":["post-5542","post","type-post","status-publish","format-standard","has-post-thumbnail","hentry","category-tous"],"_links":{"self":[{"href":"http:\/\/www.affinite.fr\/index.php\/wp-json\/wp\/v2\/posts\/5542"}],"collection":[{"href":"http:\/\/www.affinite.fr\/index.php\/wp-json\/wp\/v2\/posts"}],"about":[{"href":"http:\/\/www.affinite.fr\/index.php\/wp-json\/wp\/v2\/types\/post"}],"author":[{"embeddable":true,"href":"http:\/\/www.affinite.fr\/index.php\/wp-json\/wp\/v2\/users\/1"}],"replies":[{"embeddable":true,"href":"http:\/\/www.affinite.fr\/index.php\/wp-json\/wp\/v2\/comments?post=5542"}],"version-history":[{"count":0,"href":"http:\/\/www.affinite.fr\/index.php\/wp-json\/wp\/v2\/posts\/5542\/revisions"}],"wp:featuredmedia":[{"embeddable":true,"href":"http:\/\/www.affinite.fr\/index.php\/wp-json\/wp\/v2\/media\/5543"}],"wp:attachment":[{"href":"http:\/\/www.affinite.fr\/index.php\/wp-json\/wp\/v2\/media?parent=5542"}],"wp:term":[{"taxonomy":"category","embeddable":true,"href":"http:\/\/www.affinite.fr\/index.php\/wp-json\/wp\/v2\/categories?post=5542"},{"taxonomy":"post_tag","embeddable":true,"href":"http:\/\/www.affinite.fr\/index.php\/wp-json\/wp\/v2\/tags?post=5542"}],"curies":[{"name":"wp","href":"https:\/\/api.w.org\/{rel}","templated":true}]}}