{"id":5540,"date":"2020-11-20T18:15:55","date_gmt":"2020-11-20T18:15:55","guid":{"rendered":"https:\/\/www.affinite.fr\/index.php\/2020\/11\/20\/combien-de-classes-et-decoles-fermees-en-france\/"},"modified":"2020-11-20T18:15:55","modified_gmt":"2020-11-20T18:15:55","slug":"combien-de-classes-et-decoles-fermees-en-france","status":"publish","type":"post","link":"http:\/\/www.affinite.fr\/index.php\/2020\/11\/20\/combien-de-classes-et-decoles-fermees-en-france\/","title":{"rendered":"combien de classes et d&rsquo;\u00e9coles ferm\u00e9es en France\u00a0?"},"content":{"rendered":"<p> [ad_1]<br \/>\n<\/p>\n<p>\n                Selon les derniers chiffres du minist\u00e8re de l&rsquo;Education, 13\u00a0\u00e9coles, 4\u00a0coll\u00e8ges et 3\u00a0lyc\u00e9es sont ferm\u00e9s en France, ainsi que 142\u00a0classes. Des enseignants, qui estiment que la situation sanitaire dans les \u00e9coles est loin d&rsquo;\u00eatre ma\u00eetris\u00e9e, ont cr\u00e9\u00e9 leur propre carte collaborative.            <\/p>\n<div>\n<aside class=\"ccmsummary marqueur_module ccmcss_cms_summary ccmcss_cms_summary--right\">\n<p>Sommaire<\/p>\n<\/aside>\n<p><strong>[Mise \u00e0 jour du 20 novembre \u00e0 19h08]<\/strong>. Le nombre de cas Covid \u00e0 l&rsquo;\u00e9cole fait pol\u00e9mique.\u00a0Selon le minist\u00e8re de l&rsquo;Education nationale, \u00e0\u00a0la date du 19\u00a0novembre \u00e0 13h, <strong>20\u00a0structures scolaires (13\u00a0\u00e9coles, 4\u00a0coll\u00e8ges et 3\u00a0lyc\u00e9es) sont ferm\u00e9es ainsi que 142\u00a0classes<\/strong>. Il pr\u00e9cise \u00e9galement dans un communiqu\u00e9 du 20\u00a0novembre que 13\u00a0870\u00a0\u00e9l\u00e8ves ont \u00e9t\u00e9 test\u00e9s positifs au Covid-19\u00a0ces 7\u00a0derniers jours, soit 1\u00a0831\u00a0en 24\u00a0heures. Par ailleurs, 2\u00a0011\u00a0membres du personnel des \u00e9tablissements scolaires ont \u00e9t\u00e9 \u00e9galement test\u00e9s positifs ces 7\u00a0derniers jours soit 259\u00a0en 24\u00a0heures. Pour Jean-Michel Blanquer, ces chiffres sont relativement stables compte tenu de nombre de classes en France.<\/p>\n<div style=\"text-align:center\">\n<figure class=\"image\" style=\"display:inline-block\"><a class=\"fancy\" href=\"https:\/\/img-3.journaldesfemmes.fr\/tsB0dOxr89Ttx0acJkxiPy95JdE=\/1080x\/smart\/8a9693dee9d74a2a88f06f275e948dfc\/ccmcms-jdf\/20208203.png\" target=\"_blank\" rel=\"noopener noreferrer\"><img decoding=\"async\" alt=\"fermeture-classes-academi\" src=\"https:\/\/img-3.journaldesfemmes.fr\/x0csuZ9ba5DwhPNI192ROWLHThM=\/600x\/smart\/8a9693dee9d74a2a88f06f275e948dfc\/ccmcms-jdf\/20208203.png\"\/><\/a><figcaption data-credit=\"Minist\u00e8re de l'Education Nationale, de la Jeunesse et des Sports\" data-legend=\"Fermetures de classes par acad\u00e9mie\">Fermetures de classes par acad\u00e9mie <small>\u00a9\u00a0Minist\u00e8re de l&rsquo;Education Nationale, de la Jeunesse et des Sports<\/small><\/figcaption><\/figure>\n<\/div>\n<p>Cependant, certains d\u00e9noncent une sous-estimation massive du nombre d&rsquo;\u00e9l\u00e8ves contamin\u00e9s et un d\u00e9calage important entre le nombre de cas d\u00e9clar\u00e9s par le minist\u00e8re de l&rsquo;Education nationale et les laboratoires. Interrog\u00e9 sur ce d\u00e9calage par CheckNews, le cabinet de Jean-Michel Blanquer met en avant le fait que \u00ab\u00a0les donn\u00e9es communiqu\u00e9es par le minist\u00e8re sont bas\u00e9es sur les d\u00e9clarations des familles.\u00a0\u00bb\u00a0<\/p>\n<h3>Des enseignants recensent les cas de Covid \u00e0 l&rsquo;\u00e9cole<\/h3>\n<p>Pour d\u00e9noncer ce flou concernant le nombre de cas positifs de Covid \u00e0 l&rsquo;\u00e9cole, des enseignants ont d\u00e9cid\u00e9 de cr\u00e9er une carte collaborative, pour apporter d&rsquo;autres chiffres sur ces cas recens\u00e9s dans les \u00e9tablissements scolaires. Pour le collectif \u00ab\u00a0Les Stylos Rouges\u00a0\u00bb, la situation sanitaire dans les \u00e9coles est donc loin d&rsquo;\u00eatre ma\u00eetris\u00e9e, comme l&rsquo;affirme le minist\u00e8re de l&rsquo;Education nationale.<\/p>\n<p>Face \u00e0 la deuxi\u00e8me vague, le protocole sanitaire a\u00a0\u00e9t\u00e9\u00a0<a href=\"https:\/\/www.journaldesfemmes.fr\/maman\/enfant\/2638931-protocole-sanitaire-ecole-novembre-castex-blanquer\/\" target=\"_blank\" rel=\"noopener noreferrer\">durci\u00a0depuis le 2\u00a0novembre<\/a>, avec la limitation du brassage des \u00e9l\u00e8ves, la g\u00e9n\u00e9ralisation du <a href=\"https:\/\/www.journaldesfemmes.fr\/maman\/enfant\/2633929-masque-obligatoire-ecole-6-ans-cp-transparent\/\" target=\"_blank\" rel=\"noopener noreferrer\">port du masque pour tous les \u00e9l\u00e8ves d\u00e8s le CP<\/a>, l&rsquo;a\u00e9ration, la d\u00e9sinfection plus fr\u00e9quente des locaux. Jean-Michel Blanquer a reconnu\u00a0que certains \u00e9tablissements ont rencontr\u00e9 des difficult\u00e9s \u00e0 s&rsquo;adapter face \u00e0 ces nouvelles mesures et que <strong>dans les lyc\u00e9es, la limitation du brassage des \u00e9l\u00e8ves est plus complexe \u00e0 organiser<\/strong> notamment en raison de la taille des \u00e9tablissements, et du fait des d\u00e9placements plus nombreux des \u00e9l\u00e8ves.\u00a0Suite \u00e0 de nombreux <strong>blocages de lyc\u00e9es<\/strong>, et \u00e0 la gr\u00e8ve lanc\u00e9e par les syndicats enseignants d\u00e9non\u00e7ant le non-respect du protocole sanitaire dans les \u00e9coles et \u00e9tablissements scolaires, le gouvernement a laiss\u00e9 plus de souplesse aux lyc\u00e9ens. \u00ab\u00a0<em>Nous avons \u00e9tabli cela avec les chefs d&rsquo;\u00e9tablissements, les partenaires sociaux et ce cadrage pr\u00e9cise que <strong>dans la mesure o\u00f9 un lyc\u00e9e peut encore le faire (lyc\u00e9es avec peu d&rsquo;\u00e9l\u00e8ves par exemple), la pr\u00e9sence \u00e0 100%\u00a0des \u00e9l\u00e8ves reste souhaitable<\/strong>\u00ab\u00a0<\/em>.\u00a0En revanche, s&rsquo;il n&rsquo;est pas possible pour un \u00e9tablissement d&rsquo;assurer les conditions sanitaires requises lorsque tous les \u00e9l\u00e8ves sont pr\u00e9sents, <strong>des solutions hybrides sont alors propos\u00e9es.<\/strong>\u00a0Jean-Michel Blanquer souhaite qu<strong>&lsquo;au minimum, 50% du temps scolaire de l&rsquo;\u00e9l\u00e8ve se d\u00e9roule en pr\u00e9sentiel d&rsquo;ici la fin de l&rsquo;ann\u00e9e civile <\/strong>pour garantir le maintien d&rsquo;un lien fort avec la classe. Chaque lyc\u00e9e devra \u00e9galement \u00e9tablir, avec le soutien de chaque rectorat, un plan pr\u00e9cis de suivi et de continuit\u00e9 p\u00e9dagogique qui d\u00e9taille les modalit\u00e9s de l&rsquo;<a href=\"https:\/\/www.journaldesfemmes.fr\/maman\/guide-des-parents\/2626571-ecole-a-la-maison-cned-ma-classe-a-la-maison\/\" target=\"_blank\" rel=\"noopener noreferrer\">enseignement \u00e0 distance.<\/a><\/p>\n<ul>\n<li><strong>Emmanuel Macron fera un point sur la situation sanitaire ce mardi \u00e0 20 heures<\/strong>.\u00a0Il abordera notamment les mesures en vigueur mises en place depuis octobre.\u00a0Plusieurs membres du gouvernement ont pour leur part \u00e9voqu\u00e9 un all\u00e8gement du confinement, de mani\u00e8re progressive et adapt\u00e9e, plut\u00f4t qu&rsquo;un d\u00e9confinement. Jean Castex avait quant \u00e0 lui \u00e9voqu\u00e9 \u00ab\u00a0des dispositions de freinage\u00a0\u00bb.<\/li>\n<li><strong>Des avocats saisissent la justice contre le masque d\u00e8s 6 ans<\/strong>.\u00a0Alors que <a href=\"https:\/\/www.journaldesfemmes.fr\/maman\/enfant\/2674247-petitions-parents-masques-a-l-ecole-dangereux\/\" target=\"_blank\" rel=\"noopener noreferrer\">de nombreux parents s&rsquo;opposent \u00e0 l&rsquo;obligation du port du masque d\u00e8s le CP<\/a>, un collectif d&rsquo;avocats compte d\u00e9poser un recours, en \u00e9voquant \u00ab\u00a0<strong><em>la souffrance tant psychologique que physique occasionn\u00e9e par le port du masque 8 heures par jour chez de nombreux enfants<\/em><\/strong>\u00ab\u00a0, pr\u00e9cise <a href=\"https:\/\/www.francetvinfo.fr\/sante\/maladie\/coronavirus\/confinement\/covid-19-un-collectif-davocats-va-deposer-un-recours-contre-lobligation-du-port-du-masque-des-6-ans_4188743.html\" target=\"_blank\" rel=\"noopener noreferrer\">France Info<\/a>. Maux de t\u00eate, angoisses et agressivit\u00e9, probl\u00e8mes dermatologiques et ORL&#8230;\u00a0Selon eux, \u00ab\u00a0l&rsquo;int\u00e9r\u00eat sup\u00e9rieur de plus de 4\u00a0millions d&rsquo;enfants de 6-11\u00a0ans n&rsquo;a, \u00e0 aucun moment, \u00e9t\u00e9 pris en consid\u00e9ration, et ce en violation des dispositions constitutionnelles et internationales\u00a0\u00bb.<\/li>\n<li><strong>Les \u00e9coles ferm\u00e9es \u00e0 New York.<\/strong> Face \u00e0 la deuxi\u00e8me vague de coronavirus, New York a ferm\u00e9\u00a0ses \u00e9coles publiques ce 19 novembre. \u00ab\u00a0<em>Nous avons atteint le seuil des 3% de positivit\u00e9 des tests\u00a0: malheureusement, cela signifie que les \u00e9tablissements scolaires seront ferm\u00e9s \u00e0 compter de jeudi 19\u00a0novembre par mesure de pr\u00e9caution<\/em>\u00ab\u00a0, a tweet\u00e9, la veille, le maire de la ville. En fin de semaine derni\u00e8re\u00a0Bill de Blasio avait anticip\u00e9 cette fermeture en indiquant que la fermeture des \u00e9coles devrait \u00eatre \u00ab\u00a0<em>de courte dur\u00e9e<\/em>\u00ab\u00a0.<\/li>\n<\/ul>\n<ul>\n<li><strong><a href=\"https:\/\/www.journaldesfemmes.fr\/maman\/bebe\/2632411-protocole-sanitaire-creche-masques-transparents\/\" target=\"_blank\" rel=\"noopener noreferrer\">500\u00a0000\u00a0masques transparents pour les cr\u00e8ches et\u00a0Maisons d&rsquo;assistants maternels<\/a>. <\/strong>Dans un communiqu\u00e9 du 17 novembre, la CNAF a annonc\u00e9 le financement, \u00ab\u00a0\u00e0 titre exceptionnel\u00a0\u00bb de trois masques\u00a0transparents pour chaque professionnel des cr\u00e8ches, micro-cr\u00e8ches, et maisons d&rsquo;assistants maternels. \u00ab\u00a0L&rsquo;\u00e9pid\u00e9mie n&rsquo;est pas encore derri\u00e8re nous, je remercie la CNAF d&rsquo;avoir r\u00e9pondu pr\u00e9sent \u00e0 l&rsquo;invitation du Gouvernement. Acc\u00e9der aux visages et aux \u00e9motions des adultes qui les entourent au quotidien est un facteur cl\u00e9 du bon d\u00e9veloppement des jeunes enfants. Aux employeurs d\u00e9sormais de poursuivre cette dynamique\u00a0\u00bb a d\u00e9clar\u00e9 Adrien Taquet.\u00a0<\/li>\n<li><strong>R\u00e9ouverture des salles de sport pour les mineurs ?<\/strong>\u00a0\u00a0Ce 17 novembre, Emmanuel Macron s&rsquo;est entretenu par\u00a0visioconf\u00e9rence avec les acteurs du monde sportif.\u00a0Il souhaite que les activit\u00e9s sportives puissent reprendre pour les jeunes inscrits en clubs, avec des protocoles renforc\u00e9s notamment pour les sports en salle.\u00a0Il a \u00e9galement annonc\u00e9, pour 2021, le lancement d&rsquo;un dispositif de \u00ab\u00a0pass sport\u00a0\u00bb pour inciter les jeunes \u00e0 pratiquer une activit\u00e9.\u00a0Il serait destin\u00e9 \u00e0 soutenir les famille pour payer l&rsquo;adh\u00e9sion d&rsquo;un club ou les \u00e9quipements sportifs, mais les crit\u00e8res ne sont pas encore d\u00e9finis.\u00a0<em>\u00ab\u00a0Nous esp\u00e9rons qu&rsquo;au mois de d\u00e9cembre, nous pourrons progressivement, avec des protocoles sanitaires tr\u00e8s stricts, revenir \u00e0 des pratiques, r\u00e9ouvrir les salles de sport, en commen\u00e7ant par les mineurs.\u00a0Le sport est un enjeu de sant\u00e9 publique, de bien-\u00eatre et de projection positive dans le futur pour notre jeunesse<\/em>\u00a0\u00bb a quant \u00e0 lui d\u00e9clar\u00e9 Jean-Michel Blanquer ce 17 novembre \u00e0 l&rsquo;Assembl\u00e9e nationale.<\/li>\n<li><strong>Revalorisation des professeurs.<\/strong>\u00a0Dans un communiqu\u00e9 du 16 novembre, le minist\u00e8re de l&rsquo;Education a confirm\u00e9 la revalorisation du m\u00e9tier et du salaire des enseignants, dans le cadre du Grenelle de l&rsquo;\u00e9ducation. Parmi les principales mesures : une prime d&rsquo;activit\u00e9 \u00e0 hauteur de 100\u00a0euros pour les professeurs d\u00e9butants, 150\u00a0euros de prime d&rsquo;\u00e9quipement informatique, et une augmentation des directeurs d&rsquo;\u00e9coles de 450 euros.\u00a0<\/li>\n<\/ul>\n<ul>\n<li><strong>Le ras-le-bol des directeurs d&rsquo;\u00e9cole. <\/strong>Ce mercredi, les chefs d&rsquo;\u00e9tablissements vont envoyer des centaines de lettres \u00e0 Jean-Michel Blanquer pour affirmer leur m\u00e9contentement face aux difficult\u00e9s rencontr\u00e9es. Dans cette lettre-type d\u00e9voil\u00e9e par le <a href=\"https:\/\/www.lejdd.fr\/Societe\/Education\/directeurs-decole-blanquer-va-recevoir-des-centaines-de-lettres-4006248\"><em>Journal du Dimanche<\/em><\/a>, Ils d\u00e9noncent devoir<em> \u00ab\u00a0bricoler pour rendre les consignes applicables, dans l&rsquo;urgence, toujours dans l&rsquo;urgence\u00a0\u00bb<\/em>, face au Covid-19 : organiser la continuit\u00e9 p\u00e9dagogique en mars dernier en une journ\u00e9e, accueillir les enfants des personnels indispensables pendant le premier confinement, organiser le d\u00e9confinement la veille pour le lendemain, toujours recevoir les consignes au dernier moment, annoncer le d\u00e9calage de l&rsquo;heure de la rentr\u00e9e du 2 novembre 2020 aux parents pour l&rsquo;annuler au dernier moment&#8230; Les chefs d&rsquo;\u00e9tablissement en ont assez et veulent un changement rapide : <em>\u00ab\u00a0Mon investissement sans rel\u00e2che au service de l\u2019\u00c9ducation nationale ne trouve pas, ne trouve plus, de reconnaissance de mon institution et je suis \u00e9puis\u00e9. \u00c9puis\u00e9 comme l&rsquo;a \u00e9t\u00e9 Christine Renon [la directrice qui s&rsquo;est suicid\u00e9e dans son \u00e9cole de Pantin le 21 septembre 2019, nldr]\u00a0\u00bb.<\/em><\/li>\n<li><strong>Une aide pour les classes de d\u00e9couvertes.<\/strong>\u00a0Pour soutenir les\u00a0organisateurs de classes de d\u00e9couverte face \u00e0 la crise,\u00a0un fond\u00a0d&rsquo;urgence de 15\u00a0millions d&rsquo;euros est mis en place. \u00ab\u00a03\u00a0000\u00a0structures pourront ainsi \u00eatre aid\u00e9es\u00a0\u00bb annonce dans un communiqu\u00e9 du 17 novembre\u00a0Sarah El Ha\u00efry, secr\u00e9taire d&rsquo;\u00c9tat aupr\u00e8s du ministre de l&rsquo;\u00c9ducation nationale. Les dossiers sont \u00e0 envoyer par mail\u00a0\u00e0 fondsdesoutien@education.gouv.fr avant le 18\u00a0d\u00e9cembre, pour des aides vers\u00e9es d&rsquo;ici au 15\u00a0janvier 2021. \u00ab\u00a0Pour \u00eatre \u00e9ligibles, les associations gestionnaires d&rsquo;un ou plusieurs centres devront employer au moins deux salari\u00e9s permanents sur l&rsquo;ann\u00e9e et avoir enregistr\u00e9 une perte d&rsquo;activit\u00e9 de 50% ou plus par rapport \u00e0 2019. Le montant du soutien accord\u00e9 d\u00e9pendra du nombre d&rsquo;\u00e9tablissements g\u00e9r\u00e9s (de 5\u00a0000\u00a0\u00e0 20\u00a0000\u00a0euros). Les associations organisatrices mais non gestionnaires de centre recevront quant \u00e0 elles une aide forfaitaire de 1\u00a0500 euros\u00a0\u00bb.<\/li>\n<li style=\"text-align: justify;\"><strong style=\"font-size: 1rem;\">Pr\u00e9server l&rsquo;\u00e9ducation des enfants.<\/strong>\u00a0<span style=\"font-size: 1rem;\">En ce qui concerne les \u00e9coles, coll\u00e8ges et lyc\u00e9es, Jean Castex a pr\u00e9cis\u00e9 lors de son dernier point d&rsquo;\u00e9tape\u00a0que le gouvernement n&rsquo;avait pas souhait\u00e9\u00a0\u00ab\u00a0<\/span><strong style=\"font-size: 1rem;\">reproduire le confinement du printemps dernier qui s&rsquo;\u00e9tait traduit par une mise \u00e0 l&rsquo;arr\u00eat brutale de la vie \u00e9conomique, sociale et \u00e9ducative de notre pays\u00a0\u00bb<\/strong><span style=\"font-size: 1rem;\">. Ce \u00ab\u00a0confinement adapt\u00e9\u00a0\u00bb cherche \u00e0 \u00ab\u00a0limiter au maximum tous les d\u00e9placements non essentiels, mais <\/span><strong style=\"font-size: 1rem;\">pr\u00e9serve l&rsquo;\u00e9ducation de nos enfants<\/strong><span style=\"font-size: 1rem;\"> et limite autant que possible ses impacts sur l&#8217;emploi et l&rsquo;\u00e9conomie\u00a0\u00bb, a-t-il ajout\u00e9\u00a0<\/span><\/li>\n<li style=\"text-align: justify;\"><strong>Tests de d\u00e9pistage\u00a0\u00e0 l&rsquo;\u00e9cole.<\/strong>\u00a0Jean-Michel Blanquer confirme qu&rsquo;il y aura davantage de d\u00e9pistages du personnel dans les \u00e9coles et \u00e9tablissements scolaires.\u00a0Les personnels sont prioritaires pour l&rsquo;acc\u00e8s des tests PCR.\u00a0Pr\u00e8s de 1,2 million\u00a0de <a href=\"https:\/\/www.journaldesfemmes.fr\/maman\/enfant\/2675071-tests-antigeniques-ecoles-personnel-education\/\" target=\"_blank\" rel=\"noopener noreferrer\"><strong>tests antig\u00e9niques <\/strong><\/a>seront mis \u00e0 disposition des \u00e9tablissements scolaires. Aussi, certaines zones plus expos\u00e9es au virus seront prioritaires.\u00a0<\/li>\n<li style=\"text-align: justify;\"><strong>Aide aux \u00e9tudiants.<\/strong>\u00a0Chacune des 800 cit\u00e9s universitaires de France va disposer de deux r\u00e9f\u00e9rents \u00e9tudiants qui viendront renforcer le travail des services des Crous, notamment pour accompagner les \u00e9tudiants de premi\u00e8re ann\u00e9e et ceux qui sont les plus en difficult\u00e9. Pr\u00e8s de 1500 emplois \u00e9tudiants seront ainsi cr\u00e9\u00e9s en novembre, d\u00e9cembre et janvier, dans un contexte o\u00f9 l&#8217;emploi \u00e9tudiant est difficile.\u00a0Le plan \u00ab\u00a0un jeune, une solution\u00a0\u00bb continuera \u00e0 \u00eatre d\u00e9ploy\u00e9.\u00a0Il mobilise une part importante des plans de relance, pr\u00e9cise le Premier ministre.<\/li>\n<\/ul>\n<p><strong>Le baccalaur\u00e9at 2020-2021\u00a0est cette ann\u00e9e encore am\u00e9nag\u00e9<\/strong>, \u00ab\u00a0aussi bien pour le <strong>contr\u00f4le continu\u00a0que pour les \u00e9preuves de sp\u00e9cialit\u00e9s\u00a0\u00bb<\/strong>, pr\u00e9cise le ministre de l&rsquo;Education.\u00a0Concr\u00e8tement, les <strong>\u00e9valuations communes n&rsquo;auront pas lieu et se passeront en contr\u00f4le continu<\/strong>, avec la moyenne des bulletins scolaires des \u00e9l\u00e8ves de Premi\u00e8re et de Terminale.\u00a0\u00ab\u00a0<em>En pratique, cette mesure concerne l&rsquo;histoire-g\u00e9ographie, les langues vivantes, et la sp\u00e9cialit\u00e9 qui n&rsquo;est pas poursuivie en terminale, ainsi que les math\u00e9matiques pour la voie technologique et l&rsquo;enseignement scientifique pour la voie g\u00e9n\u00e9rale. Elle concerne les \u00e9l\u00e8ves en terminale, inscrits pour la session 2021, comme les \u00e9l\u00e8ves en premi\u00e8re inscrits \u00e0 la session 2022, pour les \u00e9valuations communes pr\u00e9vues cette ann\u00e9e scolaire<\/em>\u00a0\u00bb pr\u00e9cise le ministre de l&rsquo;Education dans un communiqu\u00e9 du 5\u00a0novembre.<\/p>\n<p><strong>Les \u00e9preuves de terminales sur les enseignements de sp\u00e9cialit\u00e9<\/strong> sont maintenues en mars 2021, mais elles seront \u00e9galement adapt\u00e9es face \u00e0 la crise sanitaire.\u00a0Deux sujets ou des exercices au choix seront propos\u00e9s pour chaque \u00e9preuve et l&rsquo;un des deux sujets devra avoir \u00e9t\u00e9 \u00e9tudi\u00e9 en cours par l&rsquo;\u00e9l\u00e8ve. Enfin, le minist\u00e8re rappelle que <a href=\"https:\/\/www.journaldesfemmes.fr\/maman\/guide-des-parents\/1880884-parcoursup-2021-calendrier-etapes-covid\/\" target=\"_blank\" rel=\"noopener noreferrer\"><strong>le calendrier de Parcoursup reste inchang\u00e9<\/strong><\/a>.\u00a0<\/p>\n<p><strong>Lyc\u00e9es, universit\u00e9s et confinement\u00a0: Pour les BTS, IUT et pr\u00e9pas<\/strong>, les cours se tiennent\u00a0\u00e0 distance. En revanche, les travaux pratiques se feront en pr\u00e9sentiel, a pr\u00e9cis\u00e9 Gabriel Attal ce 29\u00a0octobre.<\/p>\n<p>Pendant le confinement, une attestation pour se rendre au travail, \u00e0 un rendez-vous m\u00e9dical, pour porter assistance, faire ses courses ou prendre l&rsquo;air seront possibles. Les \u00e9coles restant ouvertes durant le confinement, une <strong><a href=\"https:\/\/www.interieur.gouv.fr\/Actualites\/L-actu-du-Ministere\/Attestations-de-deplacement\" target=\"_blank\" rel=\"noopener noreferrer\">nouvelle attestation scolaire est disponible<\/a>\u00a0<\/strong>pour les parents qui d\u00e9poseront ou iront chercher leurs enfants \u00e0 l&rsquo;\u00e9cole ou \u00e0 leurs activit\u00e9s p\u00e9riscolaires.<\/p>\n<aside id=\"NL_234784830\" class=\"newsletter_subscription jNlBlock\"><noscript><br \/>\n            <\/noscript><\/p>\n<h3 class=\"newsletter_subscription-title\">Newsletter <\/h3>\n<p><a href=\"\/\/mailing.ccmbg.com\/archive\/last-85\" target=\"_blank\" class=\"a_hover\" rel=\"noopener noreferrer\">Voir un exemple<\/a><\/p>\n<\/aside>\n<p>Alors que le confinement a d\u00e9but\u00e9 le 30\u00a0octobre, les cr\u00e8ches, \u00e9coles, coll\u00e8ges et lyc\u00e9es ainsi que les<strong> \u00e9tablissements p\u00e9riscolaires<\/strong> restent ouverts avec des protocoles sanitaires renforc\u00e9s. \u00ab\u00a0<em>Nos enfants ne sauraient \u00eatre durablement priv\u00e9s d&rsquo;\u00e9ducation, de contact avec le syst\u00e8me scolaire<\/em>\u00a0\u00bb a d\u00e9clar\u00e9\u00a0Emmanuel Macron, qui a notamment point\u00e9 du doigt les <a href=\"https:\/\/www.journaldesfemmes.fr\/maman\/enfant\/2634439-fermeture-des-ecoles-confinement-consequences-enfants\/\" target=\"_blank\" rel=\"noopener noreferrer\">cons\u00e9quences sur l&rsquo;\u00e9ducation<\/a>,\u00a0en particulier pour les plus modestes.\u00a0A l&rsquo;inverse,<strong> les facult\u00e9s et les \u00e9tablissements d&rsquo;enseignement sup\u00e9rieur assureront des cours \u00e0 distance<\/strong>.\u00a0<em>\u00ab\u00a0Au-del\u00e0 des cons\u00e9quences \u00e9ducatives pour les enfants, le confinement peut aussi avoir des cons\u00e9quences sur leur d\u00e9veloppement psychique et m\u00eame sur leur sant\u00e9<\/em>\u00ab\u00a0, a rappel\u00e9\u00a0Jean-Michel Blanquer ce 29\u00a0octobre. Il ajoute que les contaminations qui peuvent exister se passent g\u00e9n\u00e9ralement \u00ab\u00a0en dehors des \u00e9tablissements scolaires\u00a0\u00bb.\u00a0Maintenir les \u00e9coles ouvertes est donc une priorit\u00e9 pour le minist\u00e8re de l&rsquo;Education.\u00a0<\/p>\n<\/p><\/div>\n<p><script async=\"\" crossorigin=\"anonymous\" defer nonce=\"QtwzgCaQ\" src=\"https:\/\/connect.facebook.net\/fr_FR\/sdk.js#xfbml=1&amp;version=v9.0\"><\/script><br \/>\n<br \/>[ad_2]<br \/>\n<br \/><a href=\"https:\/\/www.journaldesfemmes.fr\/maman\/enfant\/1849367-covid-ecole-college-lycee-nombre-de-cas-covid\/\">Source link <\/a><\/p>\n","protected":false},"excerpt":{"rendered":"<p>[ad_1] Selon les derniers chiffres du minist\u00e8re de l&rsquo;Education, 13\u00a0\u00e9coles, 4\u00a0coll\u00e8ges et 3\u00a0lyc\u00e9es sont ferm\u00e9s en France, ainsi que 142\u00a0classes. &hellip; <a href=\"http:\/\/www.affinite.fr\/index.php\/2020\/11\/20\/combien-de-classes-et-decoles-fermees-en-france\/\" class=\"more-link\">Plus <span class=\"screen-reader-text\">combien de classes et d&rsquo;\u00e9coles ferm\u00e9es en France\u00a0?<\/span> <span class=\"meta-nav\">&rarr;<\/span><\/a><\/p>\n","protected":false},"author":1,"featured_media":5541,"comment_status":"open","ping_status":"open","sticky":false,"template":"","format":"standard","meta":{"_sitemap_exclude":false,"_sitemap_priority":"","_sitemap_frequency":"","footnotes":""},"categories":[1],"tags":[],"class_list":["post-5540","post","type-post","status-publish","format-standard","has-post-thumbnail","hentry","category-tous"],"_links":{"self":[{"href":"http:\/\/www.affinite.fr\/index.php\/wp-json\/wp\/v2\/posts\/5540"}],"collection":[{"href":"http:\/\/www.affinite.fr\/index.php\/wp-json\/wp\/v2\/posts"}],"about":[{"href":"http:\/\/www.affinite.fr\/index.php\/wp-json\/wp\/v2\/types\/post"}],"author":[{"embeddable":true,"href":"http:\/\/www.affinite.fr\/index.php\/wp-json\/wp\/v2\/users\/1"}],"replies":[{"embeddable":true,"href":"http:\/\/www.affinite.fr\/index.php\/wp-json\/wp\/v2\/comments?post=5540"}],"version-history":[{"count":0,"href":"http:\/\/www.affinite.fr\/index.php\/wp-json\/wp\/v2\/posts\/5540\/revisions"}],"wp:featuredmedia":[{"embeddable":true,"href":"http:\/\/www.affinite.fr\/index.php\/wp-json\/wp\/v2\/media\/5541"}],"wp:attachment":[{"href":"http:\/\/www.affinite.fr\/index.php\/wp-json\/wp\/v2\/media?parent=5540"}],"wp:term":[{"taxonomy":"category","embeddable":true,"href":"http:\/\/www.affinite.fr\/index.php\/wp-json\/wp\/v2\/categories?post=5540"},{"taxonomy":"post_tag","embeddable":true,"href":"http:\/\/www.affinite.fr\/index.php\/wp-json\/wp\/v2\/tags?post=5540"}],"curies":[{"name":"wp","href":"https:\/\/api.w.org\/{rel}","templated":true}]}}