{"id":5538,"date":"2020-11-20T13:47:56","date_gmt":"2020-11-20T13:47:56","guid":{"rendered":"https:\/\/www.affinite.fr\/index.php\/2020\/11\/20\/les-tuche-4-prive-de-sortie-a-noel-actus-cine\/"},"modified":"2020-11-20T13:47:56","modified_gmt":"2020-11-20T13:47:56","slug":"les-tuche-4-prive-de-sortie-a-noel-actus-cine","status":"publish","type":"post","link":"http:\/\/www.affinite.fr\/index.php\/2020\/11\/20\/les-tuche-4-prive-de-sortie-a-noel-actus-cine\/","title":{"rendered":"Les Tuche 4 priv\u00e9 de sortie \u00e0 No\u00ebl &#8211; Actus Cin\u00e9"},"content":{"rendered":"<p> [ad_1]<br \/>\n<\/p>\n<p>Annonc\u00e9 au 16 d\u00e9cembre, Les Tuche 4 &#8211; dont l&rsquo;action se d\u00e9roule \u00e0 No\u00ebl &#8211;  vient d&rsquo;\u00eatre report\u00e9 au mois de f\u00e9vrier prochain.<\/p>\n<div id=\"article-content\">\n<figure class=\"article-figure article-main-figure\"><img loading=\"lazy\" decoding=\"async\" class=\"article-figure-img\" width=\"640\" height=\"360\" src=\"https:\/\/fr.web.img6.acsta.net\/r_640_360\/newsv7\/20\/11\/20\/13\/55\/0899045.jpg\"\/><figcaption class=\"article-figcaption-copy\">Path\u00e9<\/figcaption><\/figure>\n<p>Pas de<a title=\"Les Tuche 4 (France) - 2020 (Com\u00e9die)\" href=\"http:\/\/www.allocine.fr\/film\/fichefilm_gen_cfilm=270653.html\"> Tuche<\/a> au cin\u00e9ma \u00e0 No\u00ebl !\u00a0 Les fans de frites devront attendre le 3 f\u00e9vrier pour voir la quatri\u00e8me aventure de Jeff Tuche (<a title=\"Jean-Paul Rouve (France) (Acteur,Sc\u00e9nariste,R\u00e9alisateur)\" href=\"http:\/\/www.allocine.fr\/personne\/fichepersonne_gen_cpersonne=21750.html\">Jean-Paul Rouve<\/a>) et de sa famille sur grand \u00e9cran. Le long-m\u00e9trage d&rsquo;<a title=\"Olivier Baroux (France) (Acteur,Sc\u00e9nariste,R\u00e9alisateur)\" href=\"http:\/\/www.allocine.fr\/personne\/fichepersonne_gen_cpersonne=38440.html\">Olivier Barroux <\/a>devait sortir le 16 d\u00e9cembre mais, dans le contexte actuel, Path\u00e9 a pr\u00e9f\u00e9r\u00e9 d\u00e9caler le film qui se d\u00e9roule pourtant durant les f\u00eates de fin d&rsquo;ann\u00e9e.<\/p>\n<div class=\"cms-item-wrapper\">\n<div class=\"media-info-entity entity-card cf\">\n<figure class=\"thumbnail \"><span class=\"ACrL3ZACrpZGVvL3BsYXllcl9nZW5fY21lZGlhPTE5NTg2ODg2JmNmaWxtPTI3MDY1My5odG1s thumbnail-container thumbnail-link\" title=\"Les Tuche 4\"><\/p>\n<p>                                    <img loading=\"lazy\" decoding=\"async\" class=\"thumbnail-img\" src=\"data:image\/gif;base64,R0lGODlhAwAEAIAAAAAAAAAAACH5BAEAAAAALAAAAAADAAQAAAIDhI9WADs=\" data-src=\"https:\/\/fr.web.img4.acsta.net\/c_210_280\/pictures\/20\/09\/24\/19\/04\/3185317.jpg\" alt=\"Les Tuche 4\" width=\"56\" height=\"100\"\/><span class=\"ico-play ico-play-yellow\"><br \/>\n      <span class=\"ico-play-inner\"\/><br \/>\n      <i class=\"ico-play-arrow\"><br \/>\n          <i class=\"arrow\"\/><br \/>\n      <\/i><br \/>\n  <\/span><\/p>\n<p>                <\/span><br \/>\n            <\/figure>\n<div class=\"meta-top\">\n                <span class=\"media-info-title\"><span class=\"ACrL2ZACrpbG0vZmljaGVmaWxtX2dlbl9jZmlsbT0yNzA2NTMuaHRtbA== link\" title=\"Les Tuche 4\">Les Tuche 4<\/span><\/span><\/p>\n<p>\n            <span class=\"what light\">De<\/span><br \/>\n                            <span class=\"ACrL3BACrlcnNvbm5lL2ZpY2hlcGVyc29ubmVfZ2VuX2NwZXJzb25uZT0zODQ0MC5odG1s link light\" title=\"Olivier Baroux\">Olivier Baroux<\/span>\n                    <\/p>\n<p>\n            <span class=\"what light\">Avec<\/span><br \/>\n                        <span class=\"ACrL3BACrlcnNvbm5lL2ZpY2hlcGVyc29ubmVfZ2VuX2NwZXJzb25uZT0yMTc1MC5odG1s link light\" title=\"Jean-Paul Rouve\">Jean-Paul Rouve<\/span>,<br \/>\n                        <span class=\"ACrL3BACrlcnNvbm5lL2ZpY2hlcGVyc29ubmVfZ2VuX2NwZXJzb25uZT0xMjA5NC5odG1s link light\" title=\"Isabelle Nanty\">Isabelle Nanty<\/span>,<br \/>\n                        <span class=\"ACrL3BACrlcnNvbm5lL2ZpY2hlcGVyc29ubmVfZ2VuX2NwZXJzb25uZT01MTIzLmh0bWw= link light\" title=\"Claire Nadeau\">Claire Nadeau<\/span>,<br \/>\n                        <span class=\"ACrL3BACrlcnNvbm5lL2ZpY2hlcGVyc29ubmVfZ2VuX2NwZXJzb25uZT0xODcyNTUuaHRtbA== link light\" title=\"Sarah Stern\">Sarah Stern<\/span>,<br \/>\n                        <span class=\"ACrL3BACrlcnNvbm5lL2ZpY2hlcGVyc29ubmVfZ2VuX2NwZXJzb25uZT00NzcxOTYuaHRtbA== link light\" title=\"Pierre Lottin\">Pierre Lottin<\/span>\n                    <\/p>\n<p>\n            Sortie le<\/p>\n<p>                                                    <span class=\"ACrL2ZACrpbG0vYWdlbmRhL3NlbS0yMDIwLTEyLTE2Lw== date light\"><br \/>\n                    16 d\u00e9cembre 2020<br \/>\n                <\/span><\/p>\n<\/p><\/div>\n<\/div><\/div>\n<p>L&rsquo;avanc\u00e9e de\u00a0<a title=\"Wonder Woman 1984 (U.S.A.) - 2020 (Action,Aventure,Fantastique)\" href=\"http:\/\/www.allocine.fr\/film\/fichefilm_gen_cfilm=256588.html\">Wonder Woman 1984<\/a> au 16 d\u00e9cembre, l&rsquo;incertitude qui r\u00e8gne autour de la r\u00e9ouverture des cin\u00e9mas et l&rsquo;impossibilit\u00e9 de maintenir les s\u00e9ances en soir\u00e9e en cas de nouveau couvre-feu ont contraint le distributeur \u00e0 reporter la sortie.\u00a0Cette nouvelle date permettrait par ailleurs au Tuche 4 d&rsquo;\u00eatre pr\u00e9sent\u00e9 au\u00a0Festival du Film de Com\u00e9die de l&rsquo;Alpe d&rsquo;Huez cens\u00e9 se tenir du 19 au 24 janvier.\u00a0<\/p>\n<p><span>Notons que le 3 f\u00e9vrier est \u00e9galement la date d&rsquo;une autre suite tr\u00e8s attendue : <a title=\"OSS 117: Alerte rouge en Afrique noire (France) - 2019 (Com\u00e9die,Espionnage,Aventure)\" href=\"http:\/\/www.allocine.fr\/film\/fichefilm_gen_cfilm=262383.html\">OSS 117 : Alerte rouge en Afrique Noire<\/a>. Le film de <a title=\"Nicolas Bedos (France) (Acteur,Sc\u00e9nariste,Dialoguiste)\" href=\"http:\/\/www.allocine.fr\/personne\/fichepersonne_gen_cpersonne=217058.html\">Nicolas Bedos <\/a>changera-t-il \u00e9galement de date ? Affaire \u00e0 suivre&#8230;<\/span><\/p>\n<\/p><\/div>\n<p>[ad_2]<br \/>\n<br \/><a href=\"http:\/\/rss.allocine.fr\/~r\/ac\/actualites\/~3\/WfGouxvWHEg\/fichearticle_gen_carticle=18694740.html\">Source link <\/a><\/p>\n","protected":false},"excerpt":{"rendered":"<p>[ad_1] Annonc\u00e9 au 16 d\u00e9cembre, Les Tuche 4 &#8211; dont l&rsquo;action se d\u00e9roule \u00e0 No\u00ebl &#8211; vient d&rsquo;\u00eatre report\u00e9 au &hellip; <a href=\"http:\/\/www.affinite.fr\/index.php\/2020\/11\/20\/les-tuche-4-prive-de-sortie-a-noel-actus-cine\/\" class=\"more-link\">Plus <span class=\"screen-reader-text\">Les Tuche 4 priv\u00e9 de sortie \u00e0 No\u00ebl &#8211; Actus Cin\u00e9<\/span> <span class=\"meta-nav\">&rarr;<\/span><\/a><\/p>\n","protected":false},"author":1,"featured_media":5539,"comment_status":"open","ping_status":"open","sticky":false,"template":"","format":"standard","meta":{"_sitemap_exclude":false,"_sitemap_priority":"","_sitemap_frequency":"","footnotes":""},"categories":[1],"tags":[],"class_list":["post-5538","post","type-post","status-publish","format-standard","has-post-thumbnail","hentry","category-tous"],"_links":{"self":[{"href":"http:\/\/www.affinite.fr\/index.php\/wp-json\/wp\/v2\/posts\/5538"}],"collection":[{"href":"http:\/\/www.affinite.fr\/index.php\/wp-json\/wp\/v2\/posts"}],"about":[{"href":"http:\/\/www.affinite.fr\/index.php\/wp-json\/wp\/v2\/types\/post"}],"author":[{"embeddable":true,"href":"http:\/\/www.affinite.fr\/index.php\/wp-json\/wp\/v2\/users\/1"}],"replies":[{"embeddable":true,"href":"http:\/\/www.affinite.fr\/index.php\/wp-json\/wp\/v2\/comments?post=5538"}],"version-history":[{"count":0,"href":"http:\/\/www.affinite.fr\/index.php\/wp-json\/wp\/v2\/posts\/5538\/revisions"}],"wp:featuredmedia":[{"embeddable":true,"href":"http:\/\/www.affinite.fr\/index.php\/wp-json\/wp\/v2\/media\/5539"}],"wp:attachment":[{"href":"http:\/\/www.affinite.fr\/index.php\/wp-json\/wp\/v2\/media?parent=5538"}],"wp:term":[{"taxonomy":"category","embeddable":true,"href":"http:\/\/www.affinite.fr\/index.php\/wp-json\/wp\/v2\/categories?post=5538"},{"taxonomy":"post_tag","embeddable":true,"href":"http:\/\/www.affinite.fr\/index.php\/wp-json\/wp\/v2\/tags?post=5538"}],"curies":[{"name":"wp","href":"https:\/\/api.w.org\/{rel}","templated":true}]}}