{"id":5534,"date":"2020-11-19T18:15:00","date_gmt":"2020-11-19T18:15:00","guid":{"rendered":"https:\/\/www.affinite.fr\/index.php\/2020\/11\/19\/le-deconfinement-nest-pas-dactualite-bilan\/"},"modified":"2020-11-19T18:15:00","modified_gmt":"2020-11-19T18:15:00","slug":"le-deconfinement-nest-pas-dactualite-bilan","status":"publish","type":"post","link":"http:\/\/www.affinite.fr\/index.php\/2020\/11\/19\/le-deconfinement-nest-pas-dactualite-bilan\/","title":{"rendered":"\u00ab\u00a0le d\u00e9confinement n&rsquo;est pas d&rsquo;actualit\u00e9\u00a0\u00bb, bilan"},"content":{"rendered":"<p> [ad_1]<br \/>\n<\/p>\n<p>\n                COVID-19\u00a0EN DIRECT &#8211; La situation \u00e9pid\u00e9miologique s&rsquo;am\u00e9liore en France mais \u00ab\u00a0ne rel\u00e2chons pas nos efforts\u00a0\u00bb a annonc\u00e9 Olivier V\u00e9ran jeudi soir. La tension hospitali\u00e8re reste forte en Auvergne-Rh\u00f4ne-Alpes et en Bourgogne-Franche-Comt\u00e9. Nombre de cas, de morts, actus.            <\/p>\n<div>\n<aside class=\"ccmsummary marqueur_module ccmcss_cms_summary ccmcss_cms_summary--right\">\n<p>\u00a0Sommaire<\/p>\n<\/aside>\n<p><strong>[Mise \u00e0 jour du jeudi 19\u00a0novembre \u00e0 19h12]<\/strong>\u00a0En France, <em>\u00ab\u00a0les indicateurs \u00e9pid\u00e9miologiques s&rsquo;am\u00e9liorent, mais il ne faut certainement pas rel\u00e2cher nos efforts maintenant<\/em>\u00a0\u00bb a annonc\u00e9 le ministre de la sant\u00e9 Olivier V\u00e9ran dans son point hebdomadaire sur l&rsquo;\u00e9pid\u00e9mie\u00a0jeudi. Mais <strong>\u00ab\u00a0<em>Nous vaincrons cette vague, nous terrasserons ce virus<\/em><\/strong>\u00a0\u00bb a affirm\u00e9 le ministre. \u00ab\u00a0<em>Le virus circule moins vite qu&rsquo;avant le confinement<\/em>\u00a0\u00bb : <em>\u00ab\u00a0le R effectif est depuis quelques jours en dessous de 1\u00a0(entre 0,65\u00a0et 0,89), ce qui t\u00e9moigne d&rsquo;un <strong>ralentissement de la circulation du virus.<\/strong> Le taux d&rsquo;incidence baisse mais reste tr\u00e8s au-dessus du cap fix\u00e9 par le Pr\u00e9sident de la R\u00e9publique<\/em>\u00ab\u00a0, a d\u00e9taill\u00e9 le directeur g\u00e9n\u00e9ral de la sant\u00e9\u00a0J\u00e9r\u00f4me Salomon aux c\u00f4t\u00e9s du ministre de la sant\u00e9 jeudi dans son point sur l&rsquo;\u00e9pid\u00e9mie.\u00a0\u00ab\u00a0<em>La tension hospitali\u00e8re reste forte sur tout le territoire, et plus particuli\u00e8rement en Auvergne-Rh\u00f4ne-Alpes et en Bourgogne-Franche-Comt\u00e9<\/em>\u00ab\u00a0.\u00a0\u00ab\u00a0<em><strong>Le d\u00e9confinement n&rsquo;est pas d&rsquo;actualit\u00e9\u00a0\u00bb<\/strong> <\/em>a d\u00e9clar\u00e9 Olivier V\u00e9ran en conclusion de son allocution<em>.<\/em>\u00a0<strong>Le confinement est maintenu jusqu&rsquo;au 1er d\u00e9cembre.\u00a0<\/strong>\u00ab\u00a0<strong><em>Des dispositions de freinage<\/em><\/strong>\u00ab\u00a0, autrement dit des mesures de restriction, \u00ab\u00a0perdureront\u00a0\u00bb apr\u00e8s le confinement, a pr\u00e9venu Jean Castex\u00a0mardi \u00e0 l&rsquo;Assembl\u00e9e nationale.\u00a0Parmi les sc\u00e9narios envisag\u00e9s\u00a0: un d\u00e9confinement \u00ab\u00a0par paliers\u00a0\u00bb avec un\u00a0retour d&rsquo;un couvre-feu et des d\u00e9rogations de sortie pour les vacances de No\u00ebl.\u00a0Un conseil de d\u00e9fense, suivi d&rsquo;un conseil des ministres ont lieu ce mercredi pour aborder l&rsquo;organisation des prochaines semaines.\u00a0Depuis 14\u00a0jours, le nombre de nouveaux cas, le taux de positivit\u00e9 et le taux d&rsquo;incidence sont en baisse. Le pays a franchi mardi 17 novembre la barre des\u00a0<strong>deux millions de cas<\/strong> depuis le d\u00e9but de la pand\u00e9mie. Au 18 novembre, <b>28 383<\/b>\u00a0<strong>nouveaux cas et 425\u00a0nouveaux d\u00e9c\u00e8s <\/strong>ont \u00e9t\u00e9 enregistr\u00e9s \u00e0 l&rsquo;h\u00f4pital au cours des derni\u00e8res 24 heures selon les chiffres de sant\u00e9 publique France. Nombre de cas, d\u00e9c\u00e8s,\u00a0<a href=\"https:\/\/sante.journaldesfemmes.fr\/fiches-maladies\/2667643-carte-coronavirus-covid-19-france-1-km-departement-zone-alerte-rouge-ile-de-france-region-monde\/\" target=\"_blank\" rel=\"noopener noreferrer\">carte par communes<\/a>,\u00a0<a href=\"https:\/\/sante.journaldesfemmes.fr\/fiches-maladies\/2636717-cluster-covid-coronavirus-france-definition-c-est-quoi-liste-nouveaux-loches-montargis-lieu\/\" target=\"_blank\" rel=\"noopener noreferrer\">clusters<\/a>,\u00a0<a href=\"https:\/\/sante.journaldesfemmes.fr\/fiches-maladies\/2629823-taux-de-reproduction-covid-coronavirus-r0-r-effectif-definition-carte-region-courbe-calcul-aujourd-hui-confinement\/\" target=\"_blank\" rel=\"noopener noreferrer\">R0\u00a0en France<\/a>&#8230; Chiffres et infos du jour.<\/p>\n<div style=\"text-align:center\">\n<figure class=\"image\" style=\"display:inline-block\"><a class=\"fancy\" href=\"https:\/\/img-3.journaldesfemmes.fr\/gCNNFhZhX9Sh7jlgIWJYhAn07cw=\/1080x\/smart\/48172ab5d9644e9d9490ff65f268f5c8\/ccmcms-jdf\/19854441.jpg\"><img decoding=\"async\" alt=\"france covid confinement\" src=\"https:\/\/img-3.journaldesfemmes.fr\/Ei-CIc5APKj32N6ioZa78jTZtF4=\/600x\/smart\/48172ab5d9644e9d9490ff65f268f5c8\/ccmcms-jdf\/19854441.jpg\"\/><\/a><figcaption data-credit=\"Minist\u00e8re de la Sant\u00e9\" data-legend=\"Pr\u00e9sentation de la situation en France sans confinement dans les services de r\u00e9animation faite par Olivier V\u00e9ran le 5 novembre.\">\u00a0Pr\u00e9sentation de la situation en France sans confinement dans les services de r\u00e9animation faite par Olivier V\u00e9ran le 5 novembre. <small>\u00a9\u00a0Minist\u00e8re de la Sant\u00e9<\/small><\/figcaption><\/figure>\n<\/div>\n<p><u><b>Derni\u00e8res infos en direct :<\/b><\/u><\/p>\n<ul>\n<li><strong>D\u00e9pistage hebdomadaire en Ehpad. <\/strong>Brigitte Bourguignon,\u00a0ministre d\u00e9l\u00e9gu\u00e9e \u00e0 l&rsquo;Autonomie a indiqu\u00e9 jeudi dans le point presse hebdomadaire donn\u00e9 par le ministre de la sant\u00e9 que de nouvelles recommandations allaient \u00eatre donn\u00e9es aux responsables des Ehpads : un d\u00e9pistage du personnel en Ehpad aura lieu chaque semaine \u00ab\u00a0<em>pour rep\u00e9rer un \u00e9ventuel cluster<\/em>\u00ab\u00a0. La mesure s&rsquo;appliquera d\u00e8s la semaine prochaine. Brigitte Bourguignon veut \u00ab\u00a0<em>imp\u00e9rativement \u00e9viter les chiffres de la premi\u00e8re vague o\u00f9 1\u00a0Ehpad sur 2\u00a0avaient \u00e9t\u00e9 touch\u00e9s au niveau national, et la quasi totalit\u00e9 des \u00e9tablissements franciliens. A l&rsquo;heure actuelle, pr\u00e8s de 1.600\u00a0Ehpad sont touch\u00e9s par plusieurs cas de Covid, soit plus d&rsquo;1\u00a0Ehpad sur 5. Les r\u00e9gions les plus concern\u00e9es sont la Nouvelle-Aquitaine, la PACA, l&rsquo;Occitanie, et les Hauts-de-France. Le nombre de d\u00e9c\u00e8s augmentent depuis mi-octobre. Pour la semaine \u00e9coul\u00e9e, le nombre de d\u00e9c\u00e8s moyen par jour est de 163, la situation reste donc pr\u00e9occupante<\/em>\u00a0\u00bb a d\u00e9clar\u00e9 la\u00a0ministre d\u00e9l\u00e9gu\u00e9e \u00e0 l&rsquo;Autonomie.<\/li>\n<li><strong>Point hebdomadaire sur l&rsquo;\u00e9pid\u00e9mie.\u00a0Olivier V\u00e9ran, <\/strong>le ministre de la sant\u00e9 a indiqu\u00e9 dans sa conf\u00e9rence de presse\u00a0jeudi que \u00ab\u00a0<em>La sant\u00e9 mentale des Fran\u00e7ais s&rsquo;est significativement d\u00e9grad\u00e9e entre fin septembre et d\u00e9but novembre, avec une augmentation cons\u00e9quente des syndromes d\u00e9pressifs, observ\u00e9s pour tous les profils sociaux-d\u00e9mographiques. Elle s&rsquo;av\u00e8re encore plus marqu\u00e9e\u00a0pour ceux qui sont dans une situation \u00e9conomique difficile, les 18-24\u00a0ans, et ceux ayant d\u00e9j\u00e0 des ant\u00e9c\u00e9dents psychiatriques\u00a0\u00bb<\/em>, d\u00e9taille le ministre. \u00ab\u00a0<em>La dimension psychologique de cette crise est importante<\/em>\u00ab\u00a0, a conclu le ministre. A ses c\u00f4t\u00e9s, J\u00e9r\u00f4me Salomon, le directeur g\u00e9n\u00e9ral de la sant\u00e9 a annonc\u00e9 que la \u00ab\u00a0tension hospitali\u00e8re reste forte sur le territoire, en particulier en Auvergne-Rh\u00f4ne-Alpes et en Bourgogne-France-Comt\u00e9\u00a0\u00bb. <strong>Bilan<\/strong> : \u00ab\u00a0<em>A ce jour, 32.345\u00a0personnes sont hospitalis\u00e9es dont 4.653\u00a0en r\u00e9animation. plus de 2.200\u00a0malades ont \u00e9t\u00e9 hospitalis\u00e9s au cours des derni\u00e8res 24\u00a0heures, et 311\u00a0sont en r\u00e9animation, c&rsquo;est encore beaucoup<\/em>\u00a0\u00bb affirme J\u00e9r\u00f4me Salomon.<\/li>\n<li><strong>AstraZeneca dans la course au vaccin<\/strong>. Le vaccin d\u00e9velopp\u00e9 par AstraZeneca en partenariat avec l&rsquo;Universit\u00e9 d&rsquo;Oxford provoque une r\u00e9ponse immunitaire aussi bien chez les jeunes adultes que les personnes \u00e2g\u00e9es, indique <a href=\"https:\/\/www.thelancet.com\/journals\/lancet\/article\/PIIS0140-6736(20)32466-1\/fulltext\" target=\"_blank\" rel=\"noopener noreferrer\">The Lancet<\/a> jeudi 19\u00a0novembre. Le vaccin n&rsquo;est toutefois pour le moment qu&rsquo;en phase 2\u00a0et ces r\u00e9sultats doivent \u00eatre confirm\u00e9s durant la phase 3.<\/li>\n<li><strong>Orly et Roissy certifi\u00e9s Covid<\/strong>. 12\u00a0autres a\u00e9roports internationaux du r\u00e9seau ADP ont \u00e9galement obtenu une certification sanitaire de l&rsquo;Airport Council International (ACI) \u00a0\u00bb <em>La moiti\u00e9 des a\u00e9roports de notre r\u00e9seau est d\u00e9j\u00e0 certifi\u00e9e au plan sanitaire, ce qui atteste de la pertinence et de l&rsquo;efficacit\u00e9 des mesures d\u00e9ploy\u00e9es dans nos terminaux. Il s&rsquo;agit d&rsquo;une condition indispensable pour redonner confiance et retrouver l&rsquo;envie de <a href=\"http:\/\/www.affinite.fr\/index.php\/2023\/07\/29\/changer-de-vie-voyager-complement-de-retraite-devenez-vendeur-de-glace-a-litalienne\/\">voyager<\/a> <\/em>\u00ab\u00a0, se r\u00e9jouit le PDG Augustin de Romanet <a href=\"https:\/\/presse.groupeadp.fr\/certifications-airporthealthaccreditation-aci\/\" target=\"_blank\" rel=\"noopener noreferrer\">dans un communiqu\u00e9<\/a>.<\/li>\n<li><strong>Nette<\/strong> <strong>am\u00e9lioration en \u00cele-de-France.\u00a0<\/strong> Selon le dernier <a href=\"https:\/\/www.iledefrance.ars.sante.fr\/coronavirus-covid-19-lars-ile-de-france-mobilisee\" target=\"_blank\" rel=\"noopener noreferrer\">bulletin de l&rsquo;ARS<\/a>, <strong>on comptait mercredi 18\u00a0novembre 418\u00a0nouvelles personnes hospitalis\u00e9es (-28) et 1\u00a0028\u00a0personnes en r\u00e9animation (-29) dans la r\u00e9gion. <\/strong>\u00ab\u00a0<em>Les chiffres sont meilleurs<\/em>\u00ab\u00a0, a confirm\u00e9 Aur\u00e9lien Rousseau, directeur g\u00e9n\u00e9ral de l&rsquo;Agence R\u00e9gionale de sant\u00e9 \u00cele-de-France, sur BFMTV. A Paris, la baisse de circulation du Covid-19\u00a0est particuli\u00e8rement frappante. La capitale fran\u00e7aise affiche un taux d&rsquo;incidence de 162\u00a0cas pour 100\u00a0000\u00a0habitants, alors qu&rsquo;il \u00e9tait encore \u00e0 518\u00a0en d\u00e9but de mois. Aur\u00e9lien Rousseau rappelle que 1\u00a0037\u00a0patients sont toutefois toujours en r\u00e9animation en \u00cele-de-France et invite \u00e0 la prudence. \u00ab\u00a0<em>C&rsquo;est un moment o\u00f9 l&rsquo;on doit \u00e0 la fois se r\u00e9jouir de nouvelles qui sont bonnes [\u2026] et \u00e0 la fois se dire qu&rsquo;elles ne peuvent \u00eatre bonnes dans la dur\u00e9e que si on ne l\u00e2che rien et si on ne va pas trop vite dans le changement de nos comportements<\/em>\u00ab\u00a0, a-t-il d\u00e9clar\u00e9 sur BFMTV.<\/li>\n<li><strong>Delpharm produira le vaccin de Pfizer et BioNTech. <\/strong>Le groupe de sous-traitance pharmaceutique Delpharm produira pour la France une partie des vaccins de Pfizer et BioNTech. \u00ab\u00a0<em>Delpharm annonce aujourd&rsquo;hui avoir conclu avec BioNTech un accord en vertu duquel le groupe va fabriquer dans son usine de Saint-R\u00e9my-sur-Avre (<a href=\"http:\/\/www.affinite.fr\/index.php\/2024\/11\/21\/construire-votre-maison-en-normandie\/\">Normandie<\/a>) le vaccin BNT 162b2\u00a0pour pr\u00e9venir les infections li\u00e9es au coronavirus<\/em>\u00ab\u00a0, a expliqu\u00e9 l&rsquo;entreprise dans un communiqu\u00e9. La fabrication d\u00e9butera \u00ab\u00a0<em>en avril prochain et produira plusieurs dizaines de millions de doses<\/em>\u00ab\u00a0. Delpharm recrutera dans le cadre de cette mission\u00a0\u00ab\u00a0<em>40\u00a0\u00e0\u00a060\u00a0personnes<\/em>\u00a0\u00bb sur le site de Saint-R\u00e9my-sur-Avre.\u00a0<\/li>\n<li><strong>Chute du nombre de tests<\/strong>. Des donn\u00e9es officielles publi\u00e9es ce jeudi rapportent que le nombre de tests de d\u00e9pistage virologiques (RT-PCR) du Covid-19\u00a0a fortement baiss\u00e9 la semaine derni\u00e8re dans l&rsquo;Hexagone, passant de 2,3\u00a0millions \u00e0 1,8\u00a0million de tests effectu\u00e9s. Les d\u00e9lais d&rsquo;obtention des r\u00e9sultats sont par cons\u00e9quent r\u00e9duits, passant d&rsquo;une moyenne de 1,4\u00a0jour \u00e0 1,2\u00a0jour<\/li>\n<li><strong>Reprogrammation des op\u00e9rations dans les Hauts-de-France<\/strong>. Les taux d&rsquo;incidence et de positivit\u00e9 au test RT-PCR ralentissent dans les cinq d\u00e9partements de la r\u00e9gion, indique l&rsquo;ARS <a href=\"https:\/\/www.hauts-de-france.ars.sante.fr\/lars-engage-la-reprogrammation-progressive-des-interventions-dans-les-hauts-de-france\" target=\"_blank\" rel=\"noopener noreferrer\">dans un communiqu\u00e9<\/a>. L&rsquo;agence a donc engag\u00e9 la reprogrammation progressive des op\u00e9rations dans la r\u00e9gion. \u00ab\u00a0<em>Le ralentissement de la circulation du virus et la stabilisation du nombre de patients Covid en r\u00e9animation conduisent l&rsquo;ARS \u00e0 engager un d\u00e9sarmement progressif des capacit\u00e9s de r\u00e9animation d\u00e9ploy\u00e9es ces trois derni\u00e8res semaines, afin de pouvoir proc\u00e9der aux premi\u00e8res reprogrammations<\/em>\u00ab\u00a0, pr\u00e9cise le communiqu\u00e9.<\/li>\n<li><strong>Les animaux et le Covid<\/strong>. <a href=\"https:\/\/www.anses.fr\/fr\/content\/covid-19-pas-de-r%C3%B4le-%C3%A9pid%C3%A9miologique-des-animaux-sauvages-et-domestiques-dans-le-maintien--0\" target=\"_blank\" rel=\"noopener noreferrer\">L&rsquo;Agence nationale de s\u00e9curit\u00e9 sanitaire<\/a> (Anses) a mis \u00e0 jour son expertise et indique que \u00ab\u00a0<em>les animaux domestiques et les animaux sauvages ne jouent aucun r\u00f4le \u00e9pid\u00e9miologique dans le maintien et la propagation du\u00a0SARS-CoV-2\u00a0en France\u00a0\u00bb <\/em>et confirme que <em>\u00ab\u00a0la diffusion du virus est aujourd&rsquo;hui le r\u00e9sultat d&rsquo;une transmission interhumaine par voie respiratoire\u00a0\u00ab\u00a0.<\/em><strong><em> <\/em><\/strong>L&rsquo;Anses<em> <\/em>dresse ensuite la liste des animaux r\u00e9ceptifs et sensibles au Covid-19\u00a0et recommande d&rsquo;\u00eatre\u00a0\u00ab\u00a0<em>particuli\u00e8rement vigilant vis-\u00e0-vis de situations impliquant des contacts entre l&rsquo;Homme et les esp\u00e8ces r\u00e9ceptives<\/em>\u00ab\u00a0.<\/li>\n<li><strong>Gestes barri\u00e8res<\/strong>. Les Fran\u00e7ais se lavent moins les mains que durant le premier confinement, indique l&rsquo;\u00e9tude CoviPrev <a href=\"https:\/\/www.santepubliquefrance.fr\/maladies-et-traumatismes\/maladies-et-infections-respiratoires\/infection-a-coronavirus\/documents\/bulletin-national\/covid-19-point-epidemiologique-du-12-novembre-2020\" target=\"_blank\" rel=\"noopener noreferrer\">publi\u00e9e par Sant\u00e9 Publique France<\/a>. Seuls 70% d&rsquo;entre eux effectuent ce geste barri\u00e8re, contre 77\u00a0% lors du premier confinement. Ils se saluent \u00e9galement moins sans serrer la main et ne sont plus que 61% \u00e0 respecter une distance d&rsquo;un m\u00e8tre, contre 85% au printemps dernier.<\/li>\n<li><strong>La France est \u00ab\u00a0<em>encore tr\u00e8s loin d&rsquo;avoir gagn\u00e9 la guerre face au virus<\/em>\u00ab\u00a0<\/strong> a affirm\u00e9\u00a0Gabriel Attal, le porte-parole du gouvernement, mercredi, lors d&rsquo;un point presse.\u00a0\u00ab\u00a0<em>Nous comptons aujourd&rsquo;hui plus de malades hospitalis\u00e9s qu&rsquo;au pic de la premi\u00e8re vague\u00a0\u00bb (&#8230;)\u00a0\u00ab\u00a0rel\u00e2cher nos efforts maintenant, c&rsquo;est prendre le risque de les avoir faits pour rien<\/em>\u00ab\u00a0, a t-il d\u00e9clar\u00e9. Il a indiqu\u00e9\u00a0qu'\u00a0\u00bb<em>il pourrait y avoir une adaptation du confinement \u00e0 partir du 1er d\u00e9cembre, mais nous ne sommes pas du tout au d\u00e9confinement, on en est m\u00eame loin<\/em>\u00ab\u00a0. Le porte parole du gouvernement a\u00a0pr\u00e9cis\u00e9 le <strong>calendrier pour les jours \u00e0 venir<\/strong> : un point presse hebdomadaire du ministre de la Sant\u00e9 Olivier V\u00e9ran jeudi ; une r\u00e9union du Premier ministre Jean Castex avec les chefs de partis et groupes politiques vendredi apr\u00e8s-midi ;\u00a0une r\u00e9union avec les partenaires sociaux la semaine prochaine, avant une prise de parole d&rsquo;Emmanuel Macron\u00a0la semaine prochaine.<\/li>\n<li><strong>D\u00e9confinement et retour d&rsquo;un couvre-feu\u00a0? <\/strong>Jean Castex a confirm\u00e9 ce mardi 17 novembre \u00e0 l&rsquo;Assembl\u00e9e nationale que <strong>les attestations de sortie ne seront pas supprim\u00e9es<\/strong> apr\u00e8s le 1er d\u00e9cembre.\u00a0S&rsquo;il y a un possible d\u00e9confinement, des restrictions seront donc maintenues.\u00a0L&rsquo;id\u00e9e serait de <strong>d\u00e9confiner \u00ab\u00a0par paliers\u00a0\u00bb<\/strong>, selon les informations divulgu\u00e9es par le service politique de <a href=\"https:\/\/www.bfmtv.com\/sante\/direct-covid-19-coronavirus-france-confinement-date-deconfinement-progressif-noel-emmanuel-macron-jean-castex-conseil-de-defense_LN-202011180008.html\" target=\"_blank\" rel=\"noopener noreferrer\">BFMTV<\/a>.\u00a0Parmi les sc\u00e9narios \u00e9tudi\u00e9s, le retour d&rsquo;un couvre-feu et des d\u00e9rogations de d\u00e9placement pour les vacances de No\u00ebl.\u00a0Ces restrictions permettraient d&rsquo;\u00e9viter le <strong>\u00ab\u00a0stop and go\u00a0\u00bb<\/strong>, \u00e0 savoir l&rsquo;alternance entre les p\u00e9riodes de confinement et de d\u00e9confinement.\u00a0<\/li>\n<li><strong>Vaccin Pfizer.<\/strong>\u00a0Apr\u00e8s Moderna, le laboratoire Pfizer affirme d\u00e9sormais que son vaccin a une efficacit\u00e9 de 95%, soit 5% de plus que les r\u00e9sultats avanc\u00e9s la semaine derni\u00e8re,\u00a0apr\u00e8s avoir int\u00e9gr\u00e9 de nouveaux r\u00e9sultats dans ses essais cliniques.\u00a0<\/li>\n<li><strong>Baisse du taux d&rsquo;incidence dans le Grand Est.<\/strong>\u00a0Le virus semble moins circuler dans la r\u00e9gion\u00a0Grand Est.\u00a0Le taux d&rsquo;incidence pour l&rsquo;ensemble de la r\u00e9gion \u00e9tait de\u00a0357,3\u00a0pour 100\u00a0000\u00a0habitants\u00a0du 4\u00a0au 10\u00a0novembre. Seul un d\u00e9partement a d\u00e9sormais un taux d&rsquo;incidence au-dessus de 500, <strong>la Haute-Marne <\/strong>qui\u00a0s&rsquo;appr\u00eate toutefois \u00e0 passer en dessous de ce seuil, indique Lorraine Actu.\u00a0<\/li>\n<\/ul>\n<ul>\n<li><strong>Mise en garde contre les gels hydroalcoolique.<\/strong>\u00a0La R\u00e9pression des fraudes a tenu \u00e0 rappeler que pour \u00eatre efficace, <a href=\"https:\/\/sante.journaldesfemmes.fr\/fiches-maladies\/2598700-solutions-gel-hydroalcoolique-covid-19-inefficace-dgccrf-rappel-produit-dangereux\/\" target=\"_blank\" rel=\"noopener noreferrer\">un gel antibact\u00e9rien<\/a> doit contenir au minimum <strong>60% d&rsquo;alcool<\/strong>, ce qui n&rsquo;est pas toujours le cas pour les produits vendus dans le commerce, indique\u00a0Romain Roussel, directeur\u00a0de cabinet de la\u00a0DGCCRF, \u00e0 la radio ce mercredi 18\u00a0novembre.\u00a0<\/li>\n<\/ul>\n<p><span style=\"font-size: 1rem; font-weight: 700;\">\u200b\u200b\u200b\u200b\u200b\u200b<\/span><a id=\"nouvelles-mesures-covid-france\" name=\"nouvelles-mesures-covid-france\" style=\"font-size: 1.125rem; background-color: rgb(255, 255, 255);\">Quelles sont les mesures pour freiner\u00a0l&rsquo;\u00e9pid\u00e9mie Covid-19 en France ?<\/a><br \/>\u00ab\u00a0<em>Le virus circule en France \u00e0 une vitesse que m\u00eames les pr\u00e9visions les plus pessimistes n&rsquo;avaient pas anticip\u00e9<\/em>\u00a0(&#8230;).\u00a0<em>Nous sommes <strong>d\u00e9bord\u00e9s par<\/strong> <strong>une seconde vague qui sera plus meurtri\u00e8re que la premi\u00e8re<\/strong><\/em>\u00a0\u00bb a d\u00e9clar\u00e9 le Chef de l&rsquo;Etat, le 28 octobre, lors d&rsquo;une allocution t\u00e9l\u00e9vis\u00e9e. Quelques minutes plus tard, il annonce que <strong>la France doit\u00a0se reconfiner.<\/strong> Ce<strong> nouveau confinement<\/strong> est entr\u00e9 en vigueur dans la nuit du\u00a0jeudi 29 octobre minuit. Il se d\u00e9roulera jusqu&rsquo;au 1er d\u00e9cembre, a confirm\u00e9 le Premier ministre le 12 novembre. Le ministre de la Sant\u00e9 Olivier V\u00e9ran a d\u00e9clench\u00e9 <strong>le\u00a0plan blanc\u00a0au niveau national<\/strong>\u00a0depuis le 29 octobre. Cela implique la d\u00e9programmation des hospitalisations non-urgentes dans tous les h\u00f4pitaux. Samedi 7 novembre, les d\u00e9put\u00e9s ont adopt\u00e9 la prolongation de l&rsquo;<a href=\"https:\/\/sante.journaldesfemmes.fr\/fiches-maladies\/2627081-etat-urgence-sanitaire-france-covid-fin-prolongation-loi-decret-assemblee-senat-constitution-mesures\/\" target=\"_blank\" rel=\"noopener noreferrer\">\u00e9tat d&rsquo;urgence sanitaire<\/a>\u00a0jusqu&rsquo;au <strong>16\u00a0f\u00e9vrier 2021.<\/strong><\/p>\n<ul>\n<li>Le t\u00e9l\u00e9travail est \u00e0 nouveau \u00e0 privil\u00e9gier\u00a0pour tous les salari\u00e9s qui le peuvent<em>. \u00ab\u00a0Le t\u00e9l\u00e9travail n&rsquo;est pas une option\u00a0<\/em>a indiqu\u00e9<em>\u00a0<\/em>la ministre du Travail\u00a0Elisabeth Borne, <em>il doit\u00a0s&rsquo;imposer dans les secteurs priv\u00e9s 5\u00a0jours sur 7&Prime;.\u00a0<\/em><\/li>\n<li><span style=\"font-size: 1rem;\">L<\/span>es services publics, l<span style=\"font-size: 1rem;\">es exploitations agricoles, les usines\u00a0et le BTP peuvent\u00a0continuer de travailler.<\/span><\/li>\n<li>Les r\u00e9unions priv\u00e9es, en dehors du noyau familial, les rassemblements publics et les d\u00e9placements entre r\u00e9gions sont interdits.<\/li>\n<li>Les c\u00e9r\u00e9monies religieuses sont interdites. Les lieux de cultes restent ouverts.<\/li>\n<li>Les enterrements sont limit\u00e9s \u00e0 30\u00a0personnes. Les mariages sont limit\u00e9s \u00e0 6\u00a0personnes.<\/li>\n<li>Les fronti\u00e8res ext\u00e9rieures sont ferm\u00e9es, sauf pour le retour des ressortissants fran\u00e7ais.\u00a0Toute personne arrivant sur le territoire doit\u00a0fournir la preuve d&rsquo;un test n\u00e9gatif r\u00e9alis\u00e9 dans les 72h.<\/li>\n<li><strong>Restent ouverts\u00a0: <\/strong>Les plages, parcs,\u00a0jardins, les cr\u00e8ches, les \u00e9coles, les coll\u00e8ges,\u00a0les lyc\u00e9es, les secteurs p\u00e9riscolaires avec des <a href=\"https:\/\/www.education.gouv.fr\/rentree-novembre-2020-modalites-pratiques-305467\" target=\"_blank\" rel=\"noopener noreferrer\">protocoles renforc\u00e9s<\/a> (masques obligatoires d\u00e8s 6\u00a0ans, arriv\u00e9e en horaires d\u00e9cal\u00e9s \u00e0 l&rsquo;\u00e9cole pour limiter le brassage des \u00e9l\u00e8ves&#8230;), les Ehpad (visites autoris\u00e9es sous protocole sanitaire strict), les march\u00e9s alimentaires, les commerces essentiels dont la liste a \u00e9t\u00e9 fix\u00e9e par l&rsquo;<a href=\"https:\/\/www.legifrance.gouv.fr\/jorf\/id\/JORFTEXT000041723302\/\" target=\"_blank\" rel=\"noopener noreferrer\">arr\u00eat\u00e9 du 15\u00a0mars<\/a>\u00a0(garages, station-service, magasin d&rsquo;alimentation, march\u00e9, magasins d&rsquo;informatique, de bricolage, quincaillerie, vendeurs de journaux et papeterie,\u00a0 pharmacie, commerces\u00a0d&rsquo;articles m\u00e9dicaux et orthop\u00e9diques, opticiens, blanchisserie-teinture, services fun\u00e9raires, banques, assureurs, tabacs, vendeurs de cigarettes \u00e9lectroniques, h\u00f4tels (sans restauration).<\/li>\n<li><strong>Sont ferm\u00e9s\u00a0:<\/strong>\u00a0Les universit\u00e9s et les \u00e9coles d&rsquo;enseignement sup\u00e9rieur, les commerces non essentiels (fleuristes, coiffeurs, libraires&#8230;), les \u00e9tablissements recevant du public, les bars, restaurants, cin\u00e9mas, th\u00e9\u00e2tres, centres commerciaux, salles de spectacles, salles polyvalentes, salles de conf\u00e9rence, les parcs d&rsquo;attractions, les salons, foires et expositions, les \u00e9tablissements qui proposent des activit\u00e9s extra-scolaires (sportives ou artistiques) comme les clubs de sport.<\/li>\n<\/ul>\n<p>Le couvre-feu instaur\u00e9 depuis le d\u00e9but de mois\u00a0d&rsquo;octobre n&rsquo;a\u00a0pas suffi\u00a0\u00e0 freiner l&rsquo;\u00e9pid\u00e9mie. Le Pr\u00e9sident de la R\u00e9publique, Emmanuel Macron, a ainsi annonc\u00e9, le 28 octobre, un reconfinement de la population du<strong>\u00a0jeudi 29 octobre<\/strong>, \u00e0 minuit,<strong> jusqu&rsquo;au 1er d\u00e9cembre<\/strong>. <em>\u00ab\u00a0Les effets sont coh\u00e9rents avec ce que nous recherchions\u00a0\u00bb<\/em> a confirm\u00e9 Jean Castex le 12\u00a0novembre lors de sa conf\u00e9rence de presse, deux semaines apr\u00e8s le d\u00e9but du confinement. L&rsquo;\u00e9volution de nouvelles contaminations <em>\u00ab\u00a0s&rsquo;est ralentie depuis une semaine\u00a0\u00bb,<\/em> <em>\u00ab\u00a0nous observons une <strong>baisse de l&rsquo;ordre de 16%<\/strong>, cette \u00e9volution doit \u00eatre interpr\u00e9t\u00e9e de mani\u00e8re positive mais prudente\u00a0\u00bb<\/em>. La tendance est cependant <em>\u00ab\u00a0r\u00e9cente donc fragile\u00a0\u00bb<\/em> a insist\u00e9 le Premier ministre. Et l&rsquo;impact de cette \u00e9volution ne se voit pas encore sur les hospitalisations. <em>\u00ab\u00a0Si la semaine prochaine, le nombre de patients Covid-19\u00a0en r\u00e9animation continuerait \u00e0 augmenter, nous serions <strong>amen\u00e9s \u00e0 prendre des mesures suppl\u00e9mentaires<\/strong>\u00a0\u00bb <\/em>a-t-il pr\u00e9venu.\u00a0<em>\u00ab\u00a0Les r\u00e8gles\u00a0du confinement restent inchang\u00e9es pour les 15\u00a0prochains jours\u00a0\u00bb <\/em>a-t-il ajout\u00e9. Les <strong>restaurants restent ferm\u00e9s<\/strong>. Les commerces non-essentiels \u00e9galement. Mais\u00a0<em>\u00ab\u00a0des mesures d&rsquo;all\u00e8gement pourraient intervenir au 1er d\u00e9cembre mais seraient limit\u00e9s strictement aux commerces\u00a0\u00bb.<\/em> <em>\u00ab\u00a0Cette \u00e9tape <strong>ne pourra pas concerner d&rsquo;autres \u00e9tablissements recevant du public comme les bars, restaurants et salles de sport<\/strong><\/em>\u00a0\u00bb a annonc\u00e9 le Premier ministre tout en indiquant que <em>\u00ab\u00a0l&rsquo;objectif est de permettre un nouvel all\u00e8gement\u00a0\u00bb <\/em>au moment des<strong> f\u00eates de fin d&rsquo;ann\u00e9e.<\/strong> M\u00eame si <em>\u00ab\u00a0il ne sera pas raisonnable d&rsquo;esp\u00e9rer organiser de grandes f\u00eates \u00e0 plusieurs dizaines de personnes, notamment pour le r\u00e9veillon de la Saint-Sylvestre\u00a0\u00bb <\/em>a-t-il indiqu\u00e9.\u00a0<\/p>\n<div class=\"ccminsert\">\n<aside class=\"app_widget_fo app_widget_fo--call\">\n<ul>\n<li>\n                <a href=\"https:\/\/www.journaldesfemmes.fr\/societe\/actu\/2670599-confinement-deconfinement-duree-date-fin-decembre-commerces-deplacements-coiffeurs\/\" class=\"jGTMWidgetGAEventClick\" data-gtmwidgetgaeventaction=\"clickWidgetCall\" data-gtmwidgetgaeventlabel=\"D\u00e9confinement\u00a0: Date, Sorties possibles, Coiffeurs et Commerces r\u00e9ouverts...\"><\/p>\n<figure><picture><source media=\"(max-width: 480px)\" srcset=\"https:\/\/img-3.journaldesfemmes.fr\/n07lujTb1N-0Z1jeZ73scJ9E0Tg=\/160x105\/smart\/81940c1ed8e74f749ba38e9e5d4d0838\/ccmcms-jdf\/20186267.jpg\"><img decoding=\"async\" src=\"https:\/\/img-3.journaldesfemmes.fr\/ngIOgzJZpUyNVff6EXVzh6tN6r8=\/200x132\/smart\/81940c1ed8e74f749ba38e9e5d4d0838\/ccmcms-jdf\/20186267.jpg\" alt=\"\"\/><\/source><\/picture><figcaption>\n<h3>D\u00e9confinement\u00a0: Date, Sorties possibles, Coiffeurs et Commerces r\u00e9ouverts&#8230;<\/h3>\n<p>EN DIRECT- D\u00e9confinement: Date de r\u00e9ouverture des magasins, Black Friday d\u00e9cal\u00e9, Couvre-feu, D\u00e9placements autoris\u00e9s, F\u00eater No\u00ebl en famille,  Vacances, Bars et resto ferm\u00e9s jusqu&rsquo;en f\u00e9vrier, Contr\u00f4les renforc\u00e9s, Verbalisation accrue, R\u00e8gle du 1h\/1km, T\u00e9l\u00e9travail prolong\u00e9&#8230; Voici les r\u00e8gles, principes et modalit\u00e9s de ce 2e confinement, les attestations \u00e0 montrer, les r\u00e9ponses aux questions que vous vous posez, l&rsquo;actualit\u00e9 \u00e0 conna\u00eetre&#8230;<\/p>\n<\/figcaption><\/figure>\n<p><\/a>\n            <\/li>\n<\/ul>\n<\/aside>\n<\/div>\n<p><strong>Les d\u00e9placements sont interdits sauf dans les cas suivants et sur <a href=\"https:\/\/www.interieur.gouv.fr\/Actualites\/L-actu-du-Ministere\/Attestations-de-deplacement\" target=\"_blank\" rel=\"noopener noreferrer\">attestation\u00a0individuelle<\/a>\u00a0\u00e0 remplir \u00e0 chaque sortie\u00a0<\/strong>pour\u00a0:<\/p>\n<ul>\n<li>Les d\u00e9placements entre le domicile et le lieu d&rsquo;exercice de l&rsquo;activit\u00e9 professionnelle ou les universit\u00e9s (ou \u00e9tablissements d&rsquo;enseignement sup\u00e9rieur) pour les \u00e9tudiants ou les centres de <a href=\"http:\/\/www.affinite.fr\/index.php\/2022\/11\/09\/formation-de-glacier-apprenez-le-metier-de-glacier-et-changez-votre-vie\/\">formation<\/a> pour adultes et les d\u00e9placements professionnels ne pouvant \u00eatre diff\u00e9r\u00e9s.<\/li>\n<\/ul>\n<blockquote>\n<p style=\"text-align: right;\">72% des patients Covid-19\u00a0en r\u00e9animation sont des hommes.<\/p>\n<\/blockquote>\n<ul>\n<li>Les d\u00e9placements pour effectuer des achats de fournitures n\u00e9cessaires \u00e0 l&rsquo;activit\u00e9 professionnelle, des achats de premi\u00e8re n\u00e9cessit\u00e9 dans des \u00e9tablissements dont les activit\u00e9s demeurent autoris\u00e9es (liste sur <a href=\"https:\/\/www.gouvernement.fr\/info-coronavirus\">gouvernement.fr<\/a>) et les livraisons \u00e0 domicile.<\/li>\n<li>Les consultations et soins ne pouvant \u00eatre assur\u00e9s \u00e0 distance et ne pouvant \u00eatre diff\u00e9r\u00e9s et l&rsquo;achat de m\u00e9dicaments.<\/li>\n<li>Les d\u00e9placements pour motif familial imp\u00e9rieux, pour l&rsquo;assistance aux personnes vuln\u00e9rables et pr\u00e9caires ou la garde d&rsquo;enfants.<\/li>\n<li>Les d\u00e9placements des personnes en situation de handicap et leur accompagnant.<\/li>\n<li>Les <strong>d\u00e9placements brefs, dans la limite d&rsquo;une heure quotidienne et dans un rayon maximal d&rsquo;un kilom\u00e8tre autour du domicile,<\/strong> li\u00e9s soit \u00e0 l&rsquo;activit\u00e9 physique individuelle, \u00e0 l&rsquo;exclusion de toute pratique sportive collective et de toute proximit\u00e9 avec d&rsquo;autres personnes, soit \u00e0 la promenade avec les seules personnes regroup\u00e9es dans un m\u00eame domicile, soit aux besoins des animaux de compagnie.<\/li>\n<\/ul>\n<blockquote>\n<p>\u00ab\u00a0Nous observons une baisse de l&rsquo;\u00e9pid\u00e9mie de l&rsquo;ordre de 16%\u00a0\u00bb<\/p>\n<\/blockquote>\n<ul>\n<li>Les convocations judiciaires ou administratives et rendez-vous dans un service public (P\u00f4le Emploi, CAF, mairie, pr\u00e9fecture&#8230;).<\/li>\n<li>La participation \u00e0 des missions d&rsquo;int\u00e9r\u00eat g\u00e9n\u00e9ral sur demande de l&rsquo;autorit\u00e9 administrative (maraudes, aide alimentaire).<\/li>\n<li>Des <strong>attestations permanentes<\/strong> sont n\u00e9cessaires pour les d\u00e9placements domicile <strong>travail <\/strong>et pour amener les<strong> enfants \u00e0 l&rsquo;\u00e9cole.<\/strong><\/li>\n<\/ul>\n<p>Une <strong>amende forfaitaire de 135\u00a0euros<\/strong> sera appliqu\u00e9e en cas de non-respect du confinement. Elle pourra aller <strong>jusqu&rsquo;\u00e0 3 750 euros en cas de r\u00e9cidive.<\/strong><\/p>\n<p>L&rsquo;\u00e9volution de nouvelles contaminations <em>\u00ab\u00a0s&rsquo;est ralentie depuis une semaine\u00a0\u00bb,<\/em> <em>\u00ab\u00a0nous observons une <strong>baisse de l&rsquo;ordre de 16%<\/strong>, cette \u00e9volution doit \u00eatre interpr\u00e9t\u00e9e de mani\u00e8re positive mais prudente\u00a0\u00bb<\/em> a d\u00e9clar\u00e9 Jean Castex le 12 novembre. La tendance est cependant <em>\u00ab\u00a0r\u00e9cente donc fragile\u00a0\u00bb<\/em> a-t-il insist\u00e9. Et l&rsquo;impact de cette \u00e9volution ne se voit pas encore sur les hospitalisations.\u00a0<strong>Selon les derniers chiffres publi\u00e9s par le <a href=\"https:\/\/www.santepubliquefrance.fr\/dossiers\/coronavirus-covid-19\/coronavirus-chiffres-cles-et-evolution-de-la-covid-19-en-france-et-dans-le-monde\" target=\"_blank\" rel=\"noopener noreferrer\">gouvernement<\/a> au 18\u00a0novembre :\u00a0<\/strong><\/p>\n<p>\u2022 2 065 138\u00a0personnes ont \u00e9t\u00e9 contamin\u00e9es par le coronavirus <strong>(+28 383\u00a0en 24 heures)<\/strong><\/p>\n<p>\u2022 46 698\u00a0personnes sont d\u00e9c\u00e9d\u00e9es en France <strong>(+425\u00a0en 24 heures \u00e0 l&rsquo;h\u00f4pital<\/strong><strong>)<\/strong><\/p>\n<p>\u2022 4 775\u00a0patients Covid-19 sont en r\u00e9animation <strong>(-79\u00a0en 24 heures<\/strong><strong>).<\/strong><\/p>\n<p>\u2022 32 842\u00a0patients Covid-19 sont hospitalis\u00e9s\u00a0<strong>(-328\u00a0en 24 heures<\/strong><strong>)<\/strong>.<\/p>\n<blockquote>\n<p style=\"text-align: right;\">\u00a0<\/p>\n<\/blockquote>\n<blockquote>\n<p style=\"text-align: right;\">\u00a0<\/p>\n<\/blockquote>\n<p>Dans son\u00a0bulletin \u00e9pid\u00e9miologique du 12 novembre, Sant\u00e9 Publique France rapporte une<strong> diminution du nombre de nouveaux cas <\/strong>confirm\u00e9s de Covid-19, une <strong>augmentation plus lente du nombre d&rsquo;hospitalisations <\/strong>et du nombre d&rsquo;admissions en r\u00e9animation mais une poursuite de l&rsquo;augmentation du nombre de d\u00e9c\u00e8s avec une forte augmentation dans les \u00e9tablissements m\u00e9dico-sociaux.<\/p>\n<p>\u2192 L&rsquo;indicateur utilis\u00e9 pour suivre l&rsquo;\u00e9volution de l&rsquo;\u00e9pid\u00e9mie de coronavirus en France est le<strong> taux d&rsquo;incidence<\/strong> soit le nombre de patients ayant un test PCR positif pour 100 000 habitants par semaine sur les 7 derniers jours. Au 12\u00a0novembre, ce taux est de<strong> 392,5\u00a0<\/strong>sur la moyenne nationale (en baisse par rapport \u00e0 la veille). Il diff\u00e8re selon les d\u00e9partements.\u00a0\u00ab\u00a0<em>Tout porte \u00e0 croire que nous avons pass\u00e9 un pic \u00e9pid\u00e9mique<\/em>\u00ab\u00a0, indique Olivier V\u00e9ran,\u00a0sur\u00a0BFMTV le lundi 16\u00a0novembre. N\u00e9anmoins,\u00a0\u00ab\u00a0<em>s&rsquo;il y a des signes d&rsquo;am\u00e9lioration en terme d&rsquo;\u00e9pid\u00e9mie, <strong>nous n&rsquo;avons pas encore vaincu le virus<\/strong> [&#8230;] Il y a moins de nouveaux malades par jour mais il ne faut pas s&rsquo;arr\u00eater<\/em>\u00ab\u00a0, poursuit le ministre de la Sant\u00e9.<\/p>\n<div style=\"text-align:center\">\n<figure class=\"image\" style=\"display:inline-block\"><a class=\"fancy\" href=\"https:\/\/img-3.journaldesfemmes.fr\/lAZtTIvN9RqJWPTU60MCvNsue9E=\/1080x\/smart\/634926c42b754ddc8cf9cde849129c90\/ccmcms-jdf\/20115083.jpg\"><img decoding=\"async\" alt=\"Evolution du taux d'incidence des cas positifs de Covid-19 en France au 15 novembre 2020\" src=\"https:\/\/img-3.journaldesfemmes.fr\/zVr7MkC3mAjibY_6PJMHUugBhEk=\/600x\/smart\/634926c42b754ddc8cf9cde849129c90\/ccmcms-jdf\/20115083.jpg\"\/><\/a><figcaption data-credit=\"Gouvernement.fr\" data-legend=\"Evolution du taux d'incidence des cas positifs de Covid-19 en France au 15 novembre 2020\">Evolution du taux d&rsquo;incidence des cas positifs de Covid-19 en France au 15 novembre 2020 <small>\u00a9\u00a0Gouvernement.fr<\/small><\/figcaption><\/figure>\n<\/div>\n<p>Le gouvernement suit \u00e9galement l&rsquo;\u00e9volution du taux d&rsquo;occupation des lits en r\u00e9animation par des patients Covid-19 (sur les capacit\u00e9s initiales).<\/p>\n<div style=\"text-align:center\">\n<figure class=\"image\" style=\"display:inline-block\"><a class=\"fancy\" href=\"https:\/\/img-3.journaldesfemmes.fr\/xvzVDWQn4LaR90gFbM4RqI0lMhE=\/1080x\/smart\/1e629a570b114cd3b2224923c0a8e996\/ccmcms-jdf\/20115098.jpg\"><img decoding=\"async\" alt=\"Taux d'occupation des lits en r\u00e9animation au 15 novembre\" src=\"https:\/\/img-3.journaldesfemmes.fr\/5MgoIrYsqZb-10iT9KFOy_QBRTI=\/600x\/smart\/1e629a570b114cd3b2224923c0a8e996\/ccmcms-jdf\/20115098.jpg\"\/><\/a><figcaption data-credit=\"Gouvernement.fr\" data-legend=\"Taux d'occupation des lits en r\u00e9animation au 15 novembre\">Taux d&rsquo;occupation des lits en r\u00e9animation au 15 novembre <small>\u00a9\u00a0Gouvernement.fr<\/small><\/figcaption><\/figure>\n<\/div>\n<p>Dans son\u00a0bulletin \u00e9pid\u00e9miologique du 12\u00a0novembre, Sant\u00e9 Publique France rapporte une<strong> diminution du nombre de nouveaux cas <\/strong>confirm\u00e9s de Covid-19. Le Premier ministre Jean Castex a annonc\u00e9 ce m\u00eame jour une baisse de 16% des nouveaux cas de Covid-19.\u00a0Au 18\u00a0novembre, Sant\u00e9 publique France rapporte\u00a0un total de<strong> 2 065 138\u00a0cas confirm\u00e9s\u00a0<\/strong>de coronavirus depuis le d\u00e9but de la pand\u00e9mie.\u00a0Le\u00a0<strong>pic \u00e9pid\u00e9mique<\/strong>\u00a0de la premi\u00e8re vague a \u00e9t\u00e9 observ\u00e9 la\u00a0<strong>semaine du 6\u00a0au 12 avril<\/strong>, soit 15\u00a0jours\u00a0apr\u00e8s la mise en \u0153uvre des mesures de confinement de la population g\u00e9n\u00e9rale, le 17\u00a0mars 2020. Le pic de la deuxi\u00e8me vague semblerait \u00eatre pass\u00e9, indique Olivier V\u00e9ran sur BMTV le 16 novembre.\u00a0\u00ab\u00a0<em>Il\u00a0y a d\u00e9sormais moins de nouveaux malades par jour, le taux de positivit\u00e9 des tests s&rsquo;est r\u00e9duit, les indicateurs d&rsquo;incidence vont vers le mieux.\u00a0Nous sommes en train de progressivement reprendre le contr\u00f4le sur cette \u00e9pid\u00e9mie. Mais il y a encore beaucoup de nouveaux malades par jour, le combat n&rsquo;est pas termin\u00e9<\/em>\u00ab\u00a0, pr\u00e9cise-t-il.\u00a0<\/p>\n<h3 style=\"text-align: center;\">Nombre incident de cas confirm\u00e9s de Covid-19\u00a0par semaine, rapport\u00e9s \u00e0 Sant\u00e9 publique France, du 11\u00a0mai au 8 novembre 2020\u00a0(donn\u00e9es au 11 novembre\u00a02020)<\/h3>\n<div style=\"text-align:center\">\n<figure class=\"image\" style=\"display:inline-block\"><a class=\"fancy\" href=\"https:\/\/img-3.journaldesfemmes.fr\/7rYd1xrBo5EkZGGnqFkFeFErW_g=\/1080x\/smart\/c59c587404dc4caea072ba425064c16c\/ccmcms-jdf\/20042335.jpg\"><img decoding=\"async\" alt=\" Nombre incident de cas confirm\u00e9s de COVID-19 par semaine\" src=\"https:\/\/img-3.journaldesfemmes.fr\/aCLzqZLeaqFV8QGJd3kQSv4mzbg=\/600x\/smart\/c59c587404dc4caea072ba425064c16c\/ccmcms-jdf\/20042335.jpg\"\/><\/a><figcaption data-credit=\"Sant\u00e9 Publique France\" data-legend=\" Nombre incident de cas confirm\u00e9s de COVID-19 par semaine, rapport\u00e9s \u00e0 Sant\u00e9 publique France,  du 11 mai au 8 novembre 2020 (donn\u00e9es au 11 novembre 2020), France enti\u00e8re\">Nombre incident de cas confirm\u00e9s de COVID-19 par semaine, rapport\u00e9s \u00e0 Sant\u00e9 publique France, du 11 mai au 8 novembre 2020 (donn\u00e9es au 11 novembre 2020), France enti\u00e8re <small>\u00a9\u00a0Sant\u00e9 Publique France<\/small><\/figcaption><\/figure>\n<\/div>\n<h3 style=\"text-align: center;\">Nombre de cas confirm\u00e9s de COVID-19\u00a0chez les r\u00e9sidents et le personnel en ESMS (\u00e9tablissements sociaux et m\u00e9dico-sociaux)\u00a0par semaine calendaire, du 20\u00a0juillet au 8 novembre, en France<\/h3>\n<div style=\"text-align:center\">\n<figure class=\"image\" style=\"display:inline-block\"><a class=\"fancy\" href=\"https:\/\/img-3.journaldesfemmes.fr\/1X8F7uBAlNZJ2rBM9zTvT467HCA=\/1080x\/smart\/8e7351ad01104f429cf1920990b6ec23\/ccmcms-jdf\/20042373.jpg\"><img decoding=\"async\" alt=\"Nombre de cas confirm\u00e9s de COVID-19 chez les r\u00e9sidents et le personnel en ESMS par semaine calendaire, du 20 juillet au 8 novembre 2020, en France \" src=\"https:\/\/img-3.journaldesfemmes.fr\/5Lny9glt0fStkGUkOuWq5dR_goE=\/600x\/smart\/8e7351ad01104f429cf1920990b6ec23\/ccmcms-jdf\/20042373.jpg\"\/><\/a><figcaption data-credit=\"Sant\u00e9 Publique France\" data-legend=\"Nombre de cas confirm\u00e9s de COVID-19 chez les r\u00e9sidents et le personnel en ESMS par semaine calendaire, du 20 juillet au 8 novembre 2020, en France \">Nombre de cas confirm\u00e9s de COVID-19 chez les r\u00e9sidents et le personnel en ESMS par semaine calendaire, du 20 juillet au 8 novembre 2020, en France <small>\u00a9\u00a0Sant\u00e9 Publique France<\/small><\/figcaption><\/figure>\n<\/div>\n<p>Avec la reprise de l&rsquo;\u00e9pid\u00e9mie de coronavirus constat\u00e9e en octobre, le suivi du nombre suppl\u00e9mentaire de nouveaux cas de Covid-19 est un indicateur important. Au 18\u00a0novembre,<strong>\u00a028 383\u00a0nouvelles personnes ont re\u00e7u un test positif au Covid-19 sur les derni\u00e8res\u00a024\u00a0heures.<\/strong><\/p>\n<p>Mercredi 18\u00a0novembre,<b>\u00a04 775\u00a0personnes sont\u00a0<\/b><span style=\"font-weight: 600;\">hospitalis\u00e9es<\/span><b>\u00a0en\u00a0<\/b><span style=\"font-weight: 600;\">r\u00e9animation.<\/span>\u00a0A l&rsquo;h\u00f4pital,<em> \u00ab\u00a0la pression s&rsquo;est fortement accrue\u00a0\u00bb<\/em>\u00a0a annonc\u00e9\u00a0Jean Castex le 12 novembre.<em> \u00ab\u00a0Nous comptons <strong>une hospitalisation toutes les 30\u00a0secondes et une admission en r\u00e9animation toutes les 3\u00a0minutes<\/strong>. 40% des personnes admises en r\u00e9animation ont moins de 65\u00a0ans. <\/em>\u00a0Au 15\u00a0novembre,<strong> 96,5% des lits de r\u00e9animation sont occup\u00e9s par des patients Covid-19<\/strong> en France (moyenne nationale, sur la capacit\u00e9 initiale de lits). Le\u00a012 novembre, Jean Castex a annonc\u00e9 que 1 360\u00a0lits suppl\u00e9mentaires ont \u00e9t\u00e9 arm\u00e9s pour accueillir les nouveaux malades du Covid-19 :<em>\u00a0\u00ab\u00a0Nous pourrions<strong> aller jusqu&rsquo;\u00e0 10\u00a0400\u00a0lits <\/strong>si cela \u00e9tait n\u00e9cessaire\u00a0\u00bb <\/em>a-t-il pr\u00e9cis\u00e9.\u00a0Depuis d\u00e9but septembre, le nombre de <strong>patients de 65 ans et plus <\/strong>admis <strong>en r\u00e9animation a \u00e9t\u00e9 multipli\u00e9 par 9<\/strong>, indique <a href=\"https:\/\/www.santepubliquefrance.fr\/maladies-et-traumatismes\/maladies-et-infections-respiratoires\/infection-a-coronavirus\/documents\/bulletin-national\/covid-19-point-epidemiologique-du-5-novembre-2020\" target=\"_blank\" rel=\"noopener noreferrer\">Sant\u00e9 Publique France<\/a> dans son point hebdomadaire du 5\u00a0novembre.<em>\u00a0<\/em>Le <a href=\"https:\/\/sante.journaldesfemmes.fr\/fiches-maladies\/2624681-plan-blanc-hopital-ile-de-france-paris-aphp-definition-covid-lille-chu-clermont-ferrand-lyon-mesures\/\" target=\"_blank\" rel=\"noopener noreferrer\">plan blanc<\/a>\u00a0est r\u00e9activ\u00e9 sur tout le territoire national depuis le 29 octobre. Le temps de doublement du nombre hebdomadaire d&rsquo;admissions en r\u00e9animation est de<strong> 30 jours.<\/strong><\/p>\n<div style=\"text-align:center\">\n<figure class=\"image\" style=\"display:inline-block\"><a class=\"fancy\" href=\"https:\/\/img-3.journaldesfemmes.fr\/rs3f7tN6NzkPM9NX8sxWxLVpr8M=\/1080x\/smart\/19be9e558fca43a3b600fe2943872ab4\/ccmcms-jdf\/20042578.jpg\"><img decoding=\"async\" alt=\"courbe r\u00e9animation covid-19\" src=\"https:\/\/img-3.journaldesfemmes.fr\/rs3f7tN6NzkPM9NX8sxWxLVpr8M=\/1080x\/smart\/19be9e558fca43a3b600fe2943872ab4\/ccmcms-jdf\/20042578.jpg\"\/><\/a><figcaption data-credit=\"Sant\u00e9 Publique France\" data-legend=\"Nombre hebdomadaire de patients COVID-19 admis en service de r\u00e9animation pendant leur hospitalisation, par semaine d\u2019admission \u00e0 l\u2019h\u00f4pital, depuis le 24 f\u00e9vrier 2020, France, donn\u00e9es au 10 novembre 2020\">Nombre hebdomadaire de patients COVID-19 admis en service de r\u00e9animation pendant leur hospitalisation, par semaine d\u2019admission \u00e0 l\u2019h\u00f4pital, depuis le 24 f\u00e9vrier 2020, France, donn\u00e9es au 10 novembre 2020 <small>\u00a9\u00a0Sant\u00e9 Publique France<\/small><\/figcaption><\/figure>\n<\/div>\n<p>\u2192<strong> Les plus forts taux d&rsquo;admissions en r\u00e9animation<\/strong> sont rapport\u00e9s en <strong>Auvergne-Rh\u00f4ne-Alpes, <\/strong>en\u00a0Provence-Alpes-C\u00f4te d&rsquo;Azur, en Hauts-de-France, en Ile-de-France\u00a0et en Bourgogne-Franche-Comt\u00e9.<\/p>\n<p>\u2192 <strong>Profil des personnes admises en ce moment en r\u00e9animation :<\/strong> 72% sont des hommes, l&rsquo;\u00e2ge m\u00e9dian est de 68 ans.\u00a088% des patients pr\u00e9sentent au moins une comorbidit\u00e9. L&rsquo;\u00e2ge m\u00e9dian des personnes d\u00e9c\u00e9d\u00e9es est de 76 ans.<\/p>\n<p><iframe loading=\"lazy\" height=\"600\" src=\"https:\/\/geodes.santepubliquefrance.fr\/?view=map1&amp;indics=covid_hospit.rea&amp;serie=2020-11-08&amp;f1code=0&amp;lang=fr&amp;iframe=1\" width=\"600\"><\/iframe><\/p>\n<p>Selon les <a href=\"https:\/\/www.gouvernement.fr\/info-coronavirus\/carte-et-donnees\" target=\"_blank\" rel=\"noopener noreferrer\">chiffres communiqu\u00e9s par le gouvernement<\/a>, consolid\u00e9s avec l&rsquo;Agence Sant\u00e9 Publique France et\u00a0les ARS (Agences r\u00e9gionales de Sant\u00e9), voici l&rsquo;\u00e9volution des hospitalisations (dont la r\u00e9animation) et des d\u00e9c\u00e8s\u00a0en France par r\u00e9gion.<\/p>\n<h3 style=\"text-align: center;\">Evolution des hospitalisations (dont en r\u00e9animation) et d\u00e9c\u00e8s \u00e0 l&rsquo;h\u00f4pital du Covid-19\u00a0par r\u00e9gion au 18\u00a0novembre (source\u00a0: Sant\u00e9 publique France)<\/h3>\n<table border=\"1\" cellpadding=\"1\" cellspacing=\"1\" style=\"width:100%;\">\n<thead>\n<tr>\n<th scope=\"col\" style=\"width: 210px;\">R\u00e9gions<\/th>\n<th scope=\"col\" style=\"width: 217px; text-align: center;\">Hospitalisations en cours<\/th>\n<th scope=\"col\" style=\"width: 176px; text-align: center;\">Evolution des nouveaux patients sur les\u00a0 derni\u00e8res 24\u00a0H<\/th>\n<th scope=\"col\" style=\"width: 156px; text-align: center;\">R\u00e9animation Soins intensif<\/th>\n<th scope=\"col\" style=\"width: 160px; text-align: center;\">Evolution des nouveaux patients sur les\u00a0 derni\u00e8res 24\u00a0H<\/th>\n<th scope=\"col\" style=\"width: 220px; text-align: center;\">D\u00e9c\u00e8s<\/th>\n<\/tr>\n<tr>\n<td style=\"width: 210px;\"><b>\u00cele-de-France<\/b><\/td>\n<td style=\"width: 217px;\">6 478<\/td>\n<td style=\"width: 176px;\">-28<\/td>\n<td style=\"width: 156px;\">\n<p>1 028<\/p>\n<\/td>\n<td style=\"width: 160px;\">+8<\/td>\n<td style=\"width: 220px;\">10 258<\/td>\n<\/tr>\n<tr>\n<td style=\"width: 210px;\"><strong>Grand Est<\/strong><\/td>\n<td style=\"width: 217px;\">2 621<\/td>\n<td style=\"width: 176px;\">+51<\/td>\n<td style=\"width: 156px;\">353<\/td>\n<td style=\"width: 160px;\">-2<\/td>\n<td style=\"width: 220px;\">4 381<\/td>\n<\/tr>\n<tr>\n<td style=\"width: 210px;\"><strong>Auvergne-Rh\u00f4ne-Alpes<\/strong><\/td>\n<td style=\"width: 217px;\">6 882<\/td>\n<td style=\"width: 176px;\">+104<\/td>\n<td style=\"width: 156px;\">837<\/td>\n<td style=\"width: 160px;\">-4<\/td>\n<td style=\"width: 220px;\">4 294<\/td>\n<\/tr>\n<tr>\n<td style=\"width: 210px;\"><strong>Hauts-de-France<\/strong><\/td>\n<td style=\"width: 217px;\">3 192<\/td>\n<td style=\"width: 176px;\">-104<\/td>\n<td style=\"width: 156px;\">512<\/td>\n<td style=\"width: 160px;\">-21<\/td>\n<td style=\"width: 220px;\">3 135<\/td>\n<\/tr>\n<tr>\n<td style=\"width: 210px;\"><strong>Bourgogne-Franche-Comt\u00e9<\/strong><\/td>\n<td style=\"width: 217px;\">1 850<\/td>\n<td style=\"width: 176px;\">-1<\/td>\n<td style=\"width: 156px;\">244<\/td>\n<td style=\"width: 160px;\">+3<\/td>\n<td style=\"width: 220px;\">\n<p>1 637<\/p>\n<\/td>\n<\/tr>\n<tr>\n<td style=\"width: 210px;\"><strong>Provence-Alpes-C\u00f4te d&rsquo;Azur<\/strong><\/td>\n<td style=\"width: 217px;\">3 206<\/td>\n<td style=\"width: 176px;\">-60<\/td>\n<td style=\"width: 156px;\">498<\/td>\n<td style=\"width: 160px;\">+1<\/td>\n<td style=\"width: 220px;\">2 385<\/td>\n<\/tr>\n<tr>\n<td style=\"width: 210px;\"><strong>Occitanie<\/strong><\/td>\n<td style=\"width: 217px;\">2 141<\/td>\n<td style=\"width: 176px;\">-5<\/td>\n<td style=\"width: 156px;\">379<\/td>\n<td style=\"width: 160px;\">+15<\/td>\n<td style=\"width: 220px;\">1 429<\/td>\n<\/tr>\n<tr>\n<td style=\"width: 210px;\"><strong>Bretagne<\/strong><\/td>\n<td style=\"width: 217px;\">682<\/td>\n<td style=\"width: 176px;\">-15<\/td>\n<td style=\"width: 156px;\">106<\/td>\n<td style=\"width: 160px;\">-5<\/td>\n<td style=\"width: 220px;\">475<\/td>\n<\/tr>\n<tr>\n<td style=\"width: 210px;\"><strong>Nouvelle-Aquitaine<\/strong><\/td>\n<td style=\"width: 217px;\">1 832<\/td>\n<td style=\"width: 176px;\">-36<\/td>\n<td style=\"width: 156px;\">268<\/td>\n<td style=\"width: 160px;\">-10<\/td>\n<td style=\"width: 220px;\">1 011<\/td>\n<\/tr>\n<tr>\n<td style=\"width: 210px;\"><strong>Normandie<\/strong><\/td>\n<td style=\"width: 217px;\">1 408<\/td>\n<td style=\"width: 176px;\">+55<\/td>\n<td style=\"width: 156px;\">158<\/td>\n<td style=\"width: 160px;\">+6<\/td>\n<td style=\"width: 220px;\">971<\/td>\n<\/tr>\n<tr>\n<td style=\"width: 210px;\"><strong>Centre Val-de-Loire<\/strong><\/td>\n<td style=\"width: 217px;\">1 078<\/td>\n<td style=\"width: 176px;\">-41<\/td>\n<td style=\"width: 156px;\">157<\/td>\n<td style=\"width: 160px;\">-13<\/td>\n<td style=\"width: 220px;\">871<\/td>\n<\/tr>\n<tr>\n<td style=\"width: 210px;\"><strong>Pays de la Loire<\/strong><\/td>\n<td style=\"width: 217px;\">1 081<\/td>\n<td style=\"width: 176px;\">+21<\/td>\n<td style=\"width: 156px;\">158<\/td>\n<td style=\"width: 160px;\">+1<\/td>\n<td style=\"width: 220px;\">848<\/td>\n<\/tr>\n<tr>\n<td style=\"width: 210px;\"><strong>Corse<\/strong><\/td>\n<td style=\"width: 217px;\">74<\/td>\n<td style=\"width: 176px;\">-9<\/td>\n<td style=\"width: 156px;\">11<\/td>\n<td style=\"width: 160px;\">-2<\/td>\n<td style=\"width: 220px;\">109<\/td>\n<\/tr>\n<tr>\n<td style=\"width: 210px;\"><strong>Martinique<\/strong><\/td>\n<td style=\"width: 217px;\">68<\/td>\n<td style=\"width: 176px;\">-1<\/td>\n<td style=\"width: 156px;\">16<\/td>\n<td style=\"width: 160px;\">-1<\/td>\n<td style=\"width: 220px;\">39<\/td>\n<\/tr>\n<tr>\n<td style=\"width: 210px;\"><strong>Guadeloupe<\/strong><\/td>\n<td style=\"width: 217px;\">106<\/td>\n<td style=\"width: 176px;\">-10<\/td>\n<td style=\"width: 156px;\">13<\/td>\n<td style=\"width: 160px;\">-2<\/td>\n<td style=\"width: 220px;\">159<\/td>\n<\/tr>\n<tr>\n<td style=\"width: 210px;\"><strong>La R\u00e9union<\/strong><\/td>\n<td style=\"width: 217px;\">86<\/td>\n<td style=\"width: 176px;\">+3<\/td>\n<td style=\"width: 156px;\">17<\/td>\n<td style=\"width: 160px;\">+2<\/td>\n<td style=\"width: 220px;\">42<\/td>\n<\/tr>\n<tr>\n<td style=\"width: 210px;\"><strong>Guyane<\/strong><\/td>\n<td style=\"width: 217px;\">13<\/td>\n<td style=\"width: 176px;\">-1<\/td>\n<td style=\"width: 156px;\">0<\/td>\n<td style=\"width: 160px;\">0<\/td>\n<td style=\"width: 220px;\">66<\/td>\n<\/tr>\n<tr>\n<td style=\"width: 210px;\"><strong>Mayotte<\/strong><\/td>\n<td style=\"width: 217px;\">13<\/td>\n<td style=\"width: 176px;\">-1<\/td>\n<td style=\"width: 156px;\">4<\/td>\n<td style=\"width: 160px;\">-1<\/td>\n<td style=\"width: 220px;\">34<\/td>\n<\/tr>\n<tr>\n<td style=\"width: 210px;\"><strong>TOTAL<\/strong><\/td>\n<td style=\"width: 217px;\">32 842<\/td>\n<td style=\"width: 176px;\">-77<\/td>\n<td style=\"width: 156px;\"><b>4 775<\/b><\/td>\n<td style=\"width: 160px;\">-25<\/td>\n<td style=\"width: 220px;\">\n<p><b>32 168<\/b><\/p>\n<\/td>\n<\/tr>\n<\/thead>\n<\/table>\n<p>Mercredi 18\u00a0novembre,\u00a0<strong>46 698\u00a0<\/strong>personnes sont d\u00e9c\u00e9d\u00e9es du coronavirus depuis le d\u00e9but de l&rsquo;\u00e9pid\u00e9mie (<strong>+425\u00a0<\/strong>en 24h \u00e0 l&rsquo;h\u00f4pital), selon sant\u00e9 publique France.\u00a0<strong>93% ont 65 ans ou plus<\/strong>, <strong>55% sont des hommes<\/strong>.\u00a0La France a franchi la barre des 40 000 morts samedi 7 novembre et celle des 45 000 morts lundi 16 novembre.\u00a0Le\u00a0<b>premier<\/b>\u00a0d\u00e9c\u00e8s du Covid-19 en France \u00e9tait\u00a0survenu \u00e0 Paris le 14\u00a0f\u00e9vrier 2020, il s&rsquo;agissait d&rsquo;un\u00a0patient chinois de 80\u00a0ans<b>.\u00a0<\/b><\/p>\n<p><strong>\u2192 <\/strong>Les plus <strong>forts taux de d\u00e9c\u00e8s de patients Covid-19\u00a0par r\u00e9gion<\/strong> rapport\u00e9s \u00e0 la population (\/100\u00a0000\u00a0habitants) sont\u00a0observ\u00e9s en Auvergne-Rh\u00f4ne-Alpes, Bourgogne-Franche-Comt\u00e9, Provence-Alpes-C\u00f4te d&rsquo;Azur et dans les Hauts-de-France<\/p>\n<h3 style=\"text-align: center;\">Nombre hebdomadaire de d\u00e9c\u00e8s de patients Covid-19 par semaine de d\u00e9c\u00e8s depuis le 19\u00a0 mars, en France, au 10 novembre.\u00a0<\/h3>\n<div style=\"text-align:center\">\n<figure class=\"image\" style=\"display:inline-block\"><a class=\"fancy\" href=\"https:\/\/img-3.journaldesfemmes.fr\/yEeOWxABx6lI2x6fZ7NnKVvrsPs=\/1080x\/smart\/ff1c6897489d4837a27d4f56c1e63974\/ccmcms-jdf\/20042497.jpg\"><img decoding=\"async\" alt=\" Nombre hebdomadaire de d\u00e9c\u00e8s de patients COVID-19 par semaine de d\u00e9c\u00e8s\" src=\"https:\/\/img-3.journaldesfemmes.fr\/E_xOJeQlHmrMB0nTBtn4OaY2_-U=\/600x\/smart\/ff1c6897489d4837a27d4f56c1e63974\/ccmcms-jdf\/20042497.jpg\"\/><\/a><figcaption data-credit=\"Sant\u00e9 Publique France\" data-legend=\" Nombre hebdomadaire de d\u00e9c\u00e8s de patients COVID-19 par semaine de d\u00e9c\u00e8s, depuis le 19 mars 2020, France, donn\u00e9es au 10 novembre 2020\">Nombre hebdomadaire de d\u00e9c\u00e8s de patients COVID-19 par semaine de d\u00e9c\u00e8s, depuis le 19 mars 2020, France, donn\u00e9es au 10 novembre 2020 <small>\u00a9\u00a0Sant\u00e9 Publique France<\/small><\/figcaption><\/figure>\n<\/div>\n<p><iframe loading=\"lazy\" height=\"1000\" src=\"https:\/\/mapthenews.maps.arcgis.com\/apps\/opsdashboard\/index.html#\/bae8aaa7a0b14261b4621c31db410c44\" style=\"border: 0px\" width=\"600\"><\/iframe><\/p>\n<p><em>\u00ab\u00a0A la diff\u00e9rence de la premi\u00e8re vague, l&rsquo;ensemble des r\u00e9gions se trouvent aujourd&rsquo;hui au seuil d&rsquo;alerte\u00a0\u00bb <\/em>a d\u00e9clar\u00e9 Emmanuel Macron, lors de son allocution t\u00e9l\u00e9vis\u00e9e du 28 octobre. N\u00e9anmoins, la r\u00e9gion <strong>Auvergne-Rh\u00f4ne-Alpes<\/strong> est la plus touch\u00e9e par la deuxi\u00e8me vague \u00e9pid\u00e9mique, informe Olivier V\u00e9ran le 5 novembre.<\/p>\n<p><iframe loading=\"lazy\" height=\"600\" src=\"https:\/\/geodes.santepubliquefrance.fr\/?view=map1&amp;indics=sp_pe_tb_heb.tx_pe_hebdo&amp;serie=2020-S42&amp;f1code=0&amp;lang=fr&amp;iframe=1\" width=\"600\"><\/iframe><\/p>\n<aside id=\"NL_756667445\" class=\"newsletter_subscription jNlBlock\"><noscript><br \/>\n            <\/noscript><\/p>\n<h3 class=\"newsletter_subscription-title\">Newsletter <\/h3>\n<p><a href=\"\/\/mailing.ccmbg.com\/archive\/last-85\" target=\"_blank\" class=\"a_hover\" rel=\"noopener noreferrer\">Voir un exemple<\/a><\/p>\n<\/aside>\n<p>Au 17\u00a0novembre<strong>, 100<\/strong>\u00a0<strong>d\u00e9partements <\/strong>ont un nombre de cas de Covid-19 au-dessus du seuil d&rsquo;alerte de 50\/100 000 habitants et sont en niveau de vuln\u00e9rabilit\u00e9 \u00ab\u00a0\u00e9lev\u00e9\u00a0\u00bb.\u00a0<\/p>\n<h3 style=\"text-align: center;\">Niveau de vuln\u00e9rabilit\u00e9 par d\u00e9partement et \u00e9volution, France, au 17\u00a0novembre\u00a02020<\/h3>\n<div style=\"text-align:center\">\n<figure class=\"image\" style=\"display:inline-block\"><a class=\"fancy\" href=\"https:\/\/img-3.journaldesfemmes.fr\/RLXHxY-TsecURE-Mju6XptXO4d0=\/1080x\/smart\/27b29abf507d47378a9fd539fe6abbd1\/ccmcms-jdf\/20171983.png\"><img decoding=\"async\" alt=\"\" src=\"https:\/\/img-3.journaldesfemmes.fr\/bMv80tzKrrm3XdtiWOxvvb7Tyos=\/600x\/smart\/27b29abf507d47378a9fd539fe6abbd1\/ccmcms-jdf\/20171983.png\"\/><\/a><figcaption data-credit=\"Sant\u00e9 Publique France\" data-legend=\"Niveau de vuln\u00e9rabilit\u00e9 par d\u00e9partement et \u00e9volution, France, au 17 novembre 2020 \u00a9 Sant\u00e9 Publique France \u00a9 Sant\u00e9 Publique France\">Niveau de vuln\u00e9rabilit\u00e9 par d\u00e9partement et \u00e9volution, France, au 17 novembre 2020 \u00a9 Sant\u00e9 Publique France \u00a9 Sant\u00e9 Publique France <small>\u00a9\u00a0Sant\u00e9 Publique France<\/small><\/figcaption><\/figure>\n<\/div>\n<section>\n<blockquote>\n<p style=\"text-align: right;\">\u00a0<\/p>\n<\/blockquote>\n<p>Depuis le 9\u00a0mai, 9\u00a0055\u00a0clusters (dont 2\u00a0006\u00a0en \u00e9tablissement d&rsquo;h\u00e9bergement pour personnes \u00e2g\u00e9es d\u00e9pendantes (Ehpad)) ont \u00e9t\u00e9 rapport\u00e9s, indique Sant\u00e9 Publique France dans son point hebdomadaire du 12 novembre. Parmi eux <strong>3\u00a0698<\/strong>\u00a0(41%) sont en cours d&rsquo;investigation, <strong>principalement dans les Ehpad<\/strong>, en entreprises priv\u00e9es ou publiques, et en \u00e9tablissements de sant\u00e9. L&rsquo;ensemble des clusters inclut 113\u00a0963\u00a0cas soit moins de 10% des cas diagnostiqu\u00e9s.<\/p>\n<p>Les taux de reproduction du virus appel\u00e9s \u00ab\u00a0R-effectifs\u00a0\u00bb ou \u00ab\u00a0Reff\u00a0\u00bb\u00a0permettent de d\u00e9crire la dynamique de l&rsquo;\u00e9pid\u00e9mie\u00a0: lorsque le Reff est significativement sup\u00e9rieur \u00e0 1, ceci signifie que l&rsquo;\u00e9pid\u00e9mie est en progression, lorsqu&rsquo;il est \u00e9gal \u00e0 1, l&rsquo;\u00e9pid\u00e9mie se stabilise, lorsqu&rsquo;il est significativement inf\u00e9rieur \u00e0 1, l&rsquo;\u00e9pid\u00e9mie r\u00e9gresse. Le 11 novembre, le<strong> R<\/strong> <strong>repasse\u00a0sous le seuil de 1\u00a0<\/strong>pour se fixer \u00e0<strong> 0,93<\/strong> (10\u00a0malades du Covid-19\u00a0en contaminent 9). Comment ce nombre est-il calcul\u00e9\u00a0?\u00a0<\/p>\n<p>La France r\u00e9alise <strong>2,2 millions de tests Covid-19 par semaine<\/strong>, indique Olivier V\u00e9ran lors de la conf\u00e9rence de presse du 12 novembre<strong>,\u00a020% des tests sont positifs.<\/strong>\u00a0Le nombre de personnes test\u00e9es au Covid-19 augmente en France, \u00e0 la fois chez les cas\u00a0symptomatiques et chez les asymptomatiques.\u00a0Les d\u00e9partements pr\u00e9sentant les plus forts taux de d\u00e9pistage sont le Nord, le Rh\u00f4ne, Paris, la Loire\u00a0et les Hauts-De-Seine. Acc\u00e9l\u00e9rer le d\u00e9pistage du coronavirus est en premi\u00e8re ligne de la strat\u00e9gie du gouvernement pour isoler rapidement les cas positifs et casser la cha\u00eene de transmission du virus. <strong>590 laboratoires<\/strong> testent par PCR les Fran\u00e7ais sur l&rsquo;ensemble du territoire. Ils sont d\u00e9sormais soutenus par les pharmacies qui proposent d\u00e9sormais le d\u00e9pistage avec des <a href=\"https:\/\/sante.journaldesfemmes.fr\/fiches-maladies\/2668959-test-antigenique-covid-19-definition-rapide-fiabilite-ou-le-faire-pharmacie-difference-test-pcr\/\" target=\"_blank\" rel=\"noopener noreferrer\">tests antig\u00e9niques<\/a>, \u00e9galement disponibles dans les a\u00e9roports.\u00a0<\/p>\n<p>Comme il n&rsquo;y a ni vaccin, ni m\u00e9dicament efficace contre le coronavirus, le meilleur moyen de s&rsquo;en prot\u00e9ger\u00a0est <strong>l&rsquo;application de <a href=\"https:\/\/sante.journaldesfemmes.fr\/fiches-maladies\/2619739-gestes-barrieres-covid-19-ecole-distanciation-sociale-maternelle-entreprise-restaurant-affiche-hygiene-aeration-maison\/\" target=\"_blank\" rel=\"noopener noreferrer\">gestes barri\u00e8res<\/a><\/strong> :\u00a0mesures d&rsquo;hygi\u00e8ne, r\u00e9duction des contacts (salut sans embrassade et sans serrer les mains, maintien de la distance physique, regroupements \u00e0 \u00e9viter), port appropri\u00e9 du masque <strong>(bouche et nez couverts)<\/strong>, a\u00e9ration des endroits clos. Les personnes contacts de cas confirm\u00e9s doivent respecter les p\u00e9riodes d&rsquo;isolement. Les <strong>personnes \u00e2g\u00e9es ou atteintes de pathologies chroniques (atteintes respiratoire, cardiaque, ob\u00e9sit\u00e9, diab\u00e8te\u2026) <\/strong>sont appel\u00e9es \u00e0 la plus<strong> grande prudence <\/strong>tant que le virus circule.<\/p>\n<p>Si au d\u00e9but, on ne parlait que de fi\u00e8vre, toux s\u00e8che, rhume, \u00e9tat grippal et de fatigue, les sympt\u00f4mes de l&rsquo;infection par le coronavirus ont \u00e9volu\u00e9. On sait d\u00e9sormais que le virus peut avoir des <strong>effets sur la peau<\/strong> (urticaire, l\u00e9sions inflammatoires sur les orteils), la sph\u00e8re digestive (vomissements, diarrh\u00e9es&#8230;), <strong>l&rsquo;odorat<\/strong>, le <strong>go\u00fbt <\/strong>et m\u00eame le cerveau.<em> \u00ab\u00a0Sur 100 personnes atteintes du coronavirus, 90 ne vont pas d\u00e9velopper de sympt\u00f4mes\u00a0\u00bb<\/em> a inform\u00e9 le ministre de la Sant\u00e9 le 5 novembre.<\/p>\n<ul>\n<li><strong>Si vous pr\u00e9sentez des\u00a0sympt\u00f4mes (toux, fi\u00e8vre, mal de t\u00eate) : <\/strong>\u00e9vitez\u00a0les contacts, restez\u00a0\u00e0 domicile, prenez du parac\u00e9tamol si besoin, appelez\u00a0un m\u00e9decin pour prendre rendez-vous dans l&rsquo;\u00e9ventualit\u00e9 qu&rsquo;il vous fasse passer un test de d\u00e9pistage.\u00a0<\/li>\n<li><strong>Appeler le\u00a015 en cas de\u00a0difficult\u00e9s respiratoires : \u00ab\u00a0<\/strong><em>Si cette toux et cette fi\u00e8vre s&rsquo;accompagnent d&rsquo;une g\u00eane respiratoire qui devient permanente avec souffle court, difficult\u00e9 \u00e0 inspirer et \u00e0 expirer, d&rsquo;une aggravation importante de la toux, cela peut signifier une \u00e9volution de la maladie sous la forme d&rsquo;une pneumopathie. Il s&rsquo;agit alors d&rsquo;une urgence respiratoire potentielle et comme dans tous les cas d&rsquo;urgence, il faut alors appeler le 15\u00a0qui prendra les meilleures dispositions pour r\u00e9pondre \u00e0 la situation\u00a0\u00bb, <\/em>pr\u00e9vient le Dr\u00a0Patrick Aub\u00e9, m\u00e9decin g\u00e9n\u00e9raliste. \u00a0<\/li>\n<\/ul>\n<table border=\"1\" cellpadding=\"1\" cellspacing=\"1\" style=\"width:100%;\">\n<thead>\n<tr>\n<th scope=\"col\" style=\"text-align: center;\"><strong>DATES CL\u00c9S DE L&rsquo;\u00c9PID\u00c9MIE EN FRANCE<\/strong><\/th>\n<\/tr>\n<\/thead>\n<tbody>\n<tr>\n<td>\n<ul>\n<li><strong>Le 31\u00a0d\u00e9cembre 2019,<\/strong> l&rsquo;Organisation mondiale de la Sant\u00e9 en Chine est inform\u00e9e de plusieurs cas de pneumonies dans la ville de Wuhan. 44\u00a0personnes sont infect\u00e9es entre cette date et le 3\u00a0janvier 2020.<\/li>\n<li><strong>Le 7\u00a0janvier 2020, <\/strong>les autorit\u00e9s chinoises identifient un \u00ab\u00a0nouveau type de coronavirus\u00a0\u00bb.<\/li>\n<li><strong>Le 13\u00a0janvier, <\/strong>un cas import\u00e9 est recens\u00e9 en Tha\u00eflande.<\/li>\n<li><strong>Le 15\u00a0janvier<\/strong>, le virus cause\u00a0la mort d&rsquo;<strong>une premi\u00e8re\u00a0personne \u00e0 Wuhan<\/strong>, un homme de 69\u00a0ans.\u00a0<\/li>\n<li><strong>Le 23\u00a0janvier,<\/strong> trois villes chinoises dont Wuhan sont plac\u00e9es en quarantaine.<\/li>\n<li><strong>Le 25\u00a0janvier, trois personnes\u00a0contamin\u00e9es sont recens\u00e9es en France<\/strong>, deux \u00e0 Paris et une Bordeaux. Ce sont les premiers cas enregistr\u00e9s sur le continent europ\u00e9en.<\/li>\n<li><strong>Le 30\u00a0janvier, <\/strong>l&rsquo;Organisation mondiale de la Sant\u00e9 <strong>d\u00e9cr\u00e8te\u00a0l&rsquo;<a href=\"https:\/\/sante.journaldesfemmes.fr\/fiches-maladies\/2608035-urgence-de-sante-publique-de-portee-internationale-definition-oms-coronavirus\/\" target=\"_blank\" rel=\"noopener noreferrer\">urgence de sant\u00e9 mondiale<\/a><\/strong>.\u00a0Cette mesure n&rsquo;avait \u00e9t\u00e9 d\u00e9cr\u00e9t\u00e9e que 5\u00a0fois depuis sa cr\u00e9ation (pour Ebola (deux fois), la grippe H1N1, Zika et la poliomy\u00e9lite).\u00a0<\/li>\n<li><strong>Le 23\u00a0f\u00e9vrier, <\/strong>la France d\u00e9clenche le <a href=\"https:\/\/sante.journaldesfemmes.fr\/fiches-maladies\/2622449-plan-orsan-reb-definition-signification-qui-declenche-coronavirus-definition-duree\/\" target=\"_blank\" rel=\"noopener noreferrer\">plan ORSAN<\/a>, un dispositif exceptionnel d&rsquo;organisation des soins.<\/li>\n<li><strong>Le 28\u00a0f\u00e9vrier,<\/strong> la France passe en stade 2\u00a0de l&rsquo;\u00e9pid\u00e9mie.<\/li>\n<li><strong>Le 11\u00a0mars, <\/strong>l&rsquo;OMS classifie de <strong>pand\u00e9mie <\/strong>la diffusion de la maladie \u00e0 coronavirus Covid-19\u00a0dans le monde.<\/li>\n<li><strong>Le 12\u00a0mars<\/strong>, le pr\u00e9sident de la R\u00e9publique Emmanuel Macron annonce la fermeture nationale des cr\u00e8ches et \u00e9tablissements scolaires de France \u00e0 compter du 16\u00a0mars et \u00ab\u00a0jusqu&rsquo;\u00e0 nouvel ordre\u00a0\u00bb.<\/li>\n<li><strong>Le 14\u00a0mars<\/strong>, la France passe au <a href=\"https:\/\/sante.journaldesfemmes.fr\/fiches-maladies\/2625289-coronavirus-covid-19-stade-1-2-3-4-duree-mesure-france-signification-quand\/\" target=\"_blank\" rel=\"noopener noreferrer\"><strong>stade 3 <\/strong><\/a>de l&rsquo;\u00e9pid\u00e9mie.<\/li>\n<li><strong>Le 16\u00a0mars\u00a0:<\/strong>\u00a0la France met en place un dispositif de confinement interdisant les d\u00e9placements.<\/li>\n<li><strong>Le\u00a018\u00a0mars<\/strong> le premier transfert de patients Covid-19\u00a0en France est r\u00e9alis\u00e9\u00a0gr\u00e2ce \u00e0 l&rsquo;Arm\u00e9e, par voie terrestre et a\u00e9rienne.\u00a0<\/li>\n<li><strong>Le 26\u00a0mars<\/strong>, un premier cas jeune meurt en France, une adolescente de 16\u00a0ans, en Ile-de-France originaire de Morsang-sur-Orge.<\/li>\n<li><strong>Le 27\u00a0mars,<\/strong> le confinement de la population fran\u00e7aise est renouvel\u00e9 jusqu&rsquo;au 15\u00a0avril.<\/li>\n<li><strong>Le 13\u00a0avril,<\/strong> Emmanuel Macron annonce le prolongement du confinement jusqu&rsquo;au 11\u00a0mai.<\/li>\n<li><strong>Le 11\u00a0mai, <\/strong>la France commence son d\u00e9confinement.<\/li>\n<li><strong>Le 15\u00a0juin<\/strong>, toute la France passe en zone verte, sauf Mayotte et la Guyane. A Paris, les restaurants et bars peuvent rouvrir compl\u00e8tement.<\/li>\n<li><strong>Le 22\u00a0juin, <\/strong>les \u00e9coles sont de nouveaux obligatoires en France pour tous les \u00e9l\u00e8ves. Les cin\u00e9mas, salles de jeux, casinos rouvrent. Les sports collectifs peuvent \u00eatre autoris\u00e9s tout en respectant certaines conditions sanitaires.<\/li>\n<li><strong>Le 10\u00a0juillet<\/strong>, la <strong>France <\/strong>a franchi la barre des 30\u00a0000\u00a0morts. Dans la nuit du 10\u00a0au 11\u00a0juillet \u00e0 minuit, l&rsquo;\u00e9tat d&rsquo;urgence sanitaire prend fin en France.<\/li>\n<li><strong>Le 20\u00a0juillet,<\/strong>\u00a0le <strong>port du masque est obligatoire <\/strong>dans les lieux publics clos en France.<\/li>\n<li><strong>Le 8 octobre, <\/strong>le<strong> plan blanc est r\u00e9activ\u00e9 <\/strong>dans les h\u00f4pitaux d&rsquo;Ile-de-France.<\/li>\n<li><strong>Le 17 octobre \u00e0 0h01<\/strong>, la France repasse en \u00e9tat d&rsquo;urgence sanitaire et un <strong>couvre-feu <\/strong>est instaur\u00e9 dans 9 territoires\u00a0(Paris-Ile-de-France, Rouen, Grenoble, Lille, Lyon, Aix-Marseille, Montpellier, Saint-Etienne, Toulouse).<\/li>\n<li><strong>Le 24 octobre \u00e0 0h01 :<\/strong> extension des mesures de couvre-feu \u00e0 38 nouveaux d\u00e9partements fran\u00e7ais.<\/li>\n<li><strong>Le 29 octobre \u00e0 0h01<\/strong> : reconfinement national pour 4 semaines, jusqu&rsquo;au 1er d\u00e9cembre au minimum.<\/li>\n<\/ul>\n<\/td>\n<\/tr>\n<\/tbody>\n<\/table>\n<p><em>Cet article est mis \u00e0 jour quotidiennement par <a href=\"https:\/\/www.journaldesfemmes.fr\/account\/ablaize-11409696\" target=\"_blank\" rel=\"noopener noreferrer\">Aur\u00e9lie Blaize<\/a>, <a href=\"https:\/\/www.journaldesfemmes.fr\/account\/anaisthiebaux-10573564\" target=\"_blank\" rel=\"noopener noreferrer\">Ana\u00efs Thi\u00e9baux<\/a> et <a href=\"https:\/\/www.journaldesfemmes.fr\/account\/samanthapages-11598093\" target=\"_blank\" rel=\"noopener noreferrer\">Samantha Pag\u00e8s<\/a>.\u00a0<\/em><\/p>\n<\/section>\n<\/div>\n<p>[ad_2]<br \/>\n<br \/><a href=\"https:\/\/sante.journaldesfemmes.fr\/fiches-maladies\/2605417-coronavirus-france-nouveaux-combien-cas-morts-carte-direct-info-combien-bilan-chiffres-veran\/\">Source link <\/a><\/p>\n","protected":false},"excerpt":{"rendered":"<p>[ad_1] COVID-19\u00a0EN DIRECT &#8211; La situation \u00e9pid\u00e9miologique s&rsquo;am\u00e9liore en France mais \u00ab\u00a0ne rel\u00e2chons pas nos efforts\u00a0\u00bb a annonc\u00e9 Olivier V\u00e9ran &hellip; <a href=\"http:\/\/www.affinite.fr\/index.php\/2020\/11\/19\/le-deconfinement-nest-pas-dactualite-bilan\/\" class=\"more-link\">Plus <span class=\"screen-reader-text\">\u00ab\u00a0le d\u00e9confinement n&rsquo;est pas d&rsquo;actualit\u00e9\u00a0\u00bb, bilan<\/span> <span class=\"meta-nav\">&rarr;<\/span><\/a><\/p>\n","protected":false},"author":1,"featured_media":5535,"comment_status":"open","ping_status":"open","sticky":false,"template":"","format":"standard","meta":{"_sitemap_exclude":false,"_sitemap_priority":"","_sitemap_frequency":"","footnotes":""},"categories":[1],"tags":[],"class_list":["post-5534","post","type-post","status-publish","format-standard","has-post-thumbnail","hentry","category-tous"],"_links":{"self":[{"href":"http:\/\/www.affinite.fr\/index.php\/wp-json\/wp\/v2\/posts\/5534"}],"collection":[{"href":"http:\/\/www.affinite.fr\/index.php\/wp-json\/wp\/v2\/posts"}],"about":[{"href":"http:\/\/www.affinite.fr\/index.php\/wp-json\/wp\/v2\/types\/post"}],"author":[{"embeddable":true,"href":"http:\/\/www.affinite.fr\/index.php\/wp-json\/wp\/v2\/users\/1"}],"replies":[{"embeddable":true,"href":"http:\/\/www.affinite.fr\/index.php\/wp-json\/wp\/v2\/comments?post=5534"}],"version-history":[{"count":0,"href":"http:\/\/www.affinite.fr\/index.php\/wp-json\/wp\/v2\/posts\/5534\/revisions"}],"wp:featuredmedia":[{"embeddable":true,"href":"http:\/\/www.affinite.fr\/index.php\/wp-json\/wp\/v2\/media\/5535"}],"wp:attachment":[{"href":"http:\/\/www.affinite.fr\/index.php\/wp-json\/wp\/v2\/media?parent=5534"}],"wp:term":[{"taxonomy":"category","embeddable":true,"href":"http:\/\/www.affinite.fr\/index.php\/wp-json\/wp\/v2\/categories?post=5534"},{"taxonomy":"post_tag","embeddable":true,"href":"http:\/\/www.affinite.fr\/index.php\/wp-json\/wp\/v2\/tags?post=5534"}],"curies":[{"name":"wp","href":"https:\/\/api.w.org\/{rel}","templated":true}]}}