{"id":5520,"date":"2020-11-15T18:10:50","date_gmt":"2020-11-15T18:10:50","guid":{"rendered":"https:\/\/www.affinite.fr\/index.php\/2020\/11\/15\/un-premier-vaccin-dici-la-fin-de-lannee\/"},"modified":"2020-11-15T18:10:50","modified_gmt":"2020-11-15T18:10:50","slug":"un-premier-vaccin-dici-la-fin-de-lannee","status":"publish","type":"post","link":"http:\/\/www.affinite.fr\/index.php\/2020\/11\/15\/un-premier-vaccin-dici-la-fin-de-lannee\/","title":{"rendered":"un premier vaccin \u00ab\u00a0d&rsquo;ici la fin de l&rsquo;ann\u00e9e\u00a0\u00bb"},"content":{"rendered":"<p> [ad_1]<br \/>\n<\/p>\n<p>\n                Dans le monde, le nombre de nouveaux cas de Covid-19\u00a0a augment\u00e9 de 8% et la mortalit\u00e9 de 21%, par rapport \u00e0 la semaine pr\u00e9c\u00e9dente. L&rsquo;Agence europ\u00e9enne des m\u00e9dicaments\u00a0(EMA)\u00a0mise sur un vaccin distribu\u00e9 \u00ab\u00a0en janvier\u00a0\u00bb. Elle estime qu&rsquo;il faudra vacciner \u00ab\u00a0plus de la moiti\u00e9 de la population europ\u00e9enne\u00a0\u00bb pour \u00ab\u00a0assister \u00e0 un d\u00e9clin de la pand\u00e9mie\u00a0\u00bb. Chiffres, courbes et infos en direct.            <\/p>\n<div>\n<aside class=\"ccmsummary marqueur_module ccmcss_cms_summary ccmcss_cms_summary--right\">\n<p>Sommaire<\/p>\n<\/aside>\n<p><strong>[Mise \u00e0 jour du dimanche\u00a015\u00a0novembre 2020 \u00e0 18h58]\u00a0<\/strong>Le nombre de nouveaux cas de Covid-19 a augment\u00e9 de 8% et <strong>la mortalit\u00e9 de 21% <\/strong>au 10 novembre, par rapport \u00e0 la semaine pr\u00e9c\u00e9dente, rapporte <a href=\"https:\/\/www.santepubliquefrance.fr\/maladies-et-traumatismes\/maladies-et-infections-respiratoires\/infection-a-coronavirus\/documents\/bulletin-national\/covid-19-point-epidemiologique-du-12-novembre-2020\" target=\"_blank\" rel=\"noopener noreferrer\">Sant\u00e9 Publique France<\/a> dans son point \u00e9pid\u00e9miologique du 12 novembre. Pr\u00e8s <strong>d&rsquo;1,3\u00a0millions de personnes sont d\u00e9c\u00e9d\u00e9es<\/strong> du coronavirus dans le monde\u00a0(0,02%\u00a0de la population mondiale)\u00a0et plus de <strong>52\u00a0millions ont \u00e9t\u00e9 contamin\u00e9es<\/strong>.\u00a0<span id=\"x_p1\">L&rsquo;Agence europ\u00e9enne des m\u00e9dicaments\u00a0<span id=\"x_p0\">(EMA)<\/span>\u00a0mise sur <strong>un vaccin distribu\u00e9 \u00ab\u00a0en janvier\u00a0\u00bb.<\/strong><\/span>\u00a0<span id=\"x_p8\">Guido\u00a0<span id=\"x_26\">Rasi<\/span>, directeur de l&rsquo;<span id=\"x_27\">agence,\u00a0<\/span><\/span><span id=\"x_p7\">estime qu&rsquo;il faudra vacciner <strong>\u00ab\u00a0<em>plus de la moiti\u00e9 de la population europ\u00e9enne<\/em>\u00a0\u00bb <\/strong>pour <strong>\u00ab\u00a0<em>assister \u00e0 un d\u00e9clin de la pand\u00e9mie<\/em>\u00ab\u00a0.<\/strong><\/span>\u00a0Au 14\u00a0novembre, les\u00a0<strong>\u00c9tats-Unis sont\u00a0les plus touch\u00e9s<\/strong> au monde par l&rsquo;\u00e9pid\u00e9mie de coronavirus, avec 10 750 754 cas recens\u00e9s, selon l&rsquo;universit\u00e9 Johns Hopkins.\u00a0Au Canada, le Premier ministre, Justin Trudeau\u00a0<span id=\"x_p6\">appelle les citoyens \u00e0<strong>\u00a0\u00ab\u00a0<em>redoubler d&rsquo;efforts\u00a0\u00bb\u00a0<\/em><\/strong>face \u00e0 la hausse de l&rsquo;\u00e9pid\u00e9mie, 290 705 personnes sont infect\u00e9es par le coronavirus.<\/span>\u00a0<strong>L&rsquo;Europe est le foyer majeur <\/strong>de l&rsquo;\u00e9pid\u00e9mie parmi l&rsquo;ensemble des continents avec<strong>\u00a054% des cas de Covid-19 <\/strong>rapport\u00e9s dans le monde (la France \u00e9tant en Europe le pays qui recense\u00a0le plus de contaminations avec <strong>1\u00a0914\u00a0919<\/strong><strong>\u00a0cas<\/strong> \u00e0 date), <strong>suivie par l&rsquo;Am\u00e9rique<\/strong> (28% des cas).\u00a0Quels sont les <strong>pays les plus touch\u00e9s<\/strong> dans le monde\u00a0?\u00a0Quel<strong> pourcentage de contamination\u00a0et de d\u00e9c\u00e8s par rapport \u00e0 la population totale <\/strong>de chaque territoire\u00a0?\u00a0Chiffres, courbes et point de situation en direct.\u00a0<\/p>\n<h2>Dans l&rsquo;actu :<\/h2>\n<ul>\n<li><span id=\"x_p1\"><strong>L&rsquo;Agence europ\u00e9enne des m\u00e9dicaments\u00a0<span id=\"x_p0\">(EMA)<\/span>\u00a0mise sur un vaccin distribu\u00e9 \u00ab\u00a0<em>en janvier<\/em>\u00ab\u00a0<\/strong>.<\/span><span id=\"x_p2\">\u00a0Elle pr\u00e9voit de donner un avis favorable pour un premier vaccin contre le nouveau coronavirus \u00ab\u00a0<em>d&rsquo;ici la fin de l&rsquo;ann\u00e9e<\/em>\u00ab\u00a0, a d\u00e9clar\u00e9 Guido\u00a0<span id=\"x_24\">Rasi<\/span>, le directeur de l&rsquo;agence, dans un entretien publi\u00e9 samedi 14\u00a0novembre dans le journal italien Il Sole 24\u00a0<span id=\"x_25\">Ore<\/span>.<\/span><span id=\"x_p3\">\u00a0Une distribution est pr\u00e9vue \u00ab\u00a0<em>\u00e0 partir de janvier<\/em>\u00ab\u00a0.<\/span><span id=\"x_p4\">\u00a0L&rsquo;EMA a pour mission de contr\u00f4ler et autoriser les m\u00e9dicaments mis sur le march\u00e9 dans l&rsquo;Union europ\u00e9enne.<\/span>\u00a0<\/li>\n<\/ul>\n<div>\n<ul>\n<li><span id=\"x_p7\">L&rsquo;Agence europ\u00e9enne des m\u00e9dicaments\u00a0<span id=\"x_p6\">(EMA)<\/span>\u00a0estime qu&rsquo;il faudra vacciner <strong>\u00ab\u00a0<em>plus de la moiti\u00e9 de la population europ\u00e9enne<\/em>\u00ab\u00a0<\/strong> pour <strong>\u00ab\u00a0<em>assister \u00e0 un d\u00e9clin de la pand\u00e9mie<\/em>\u00ab\u00a0<\/strong>.<\/span><span id=\"x_p8\">\u00a0Guido\u00a0<span id=\"x_26\">Rasi<\/span>, directeur de l&rsquo;<span id=\"x_27\">agence, a<\/span>\u00a0d\u00e9clar\u00e9 samedi 14\u00a0novembre dans le journal italien Il Sole 24\u00a0<span id=\"x_28\">Ore<\/span>, que cela repr\u00e9senterait \u00ab\u00a0<em>au moins 500\u00a0millions de doses en Europe<\/em>\u00ab\u00a0.<\/span><span id=\"x_p9\">\u00a0Ses effets sur la propagation du virus \u00ab\u00a0<em>seront visibles dans cinq \u00e0 six mois, essentiellement l&rsquo;\u00e9t\u00e9 prochain<\/em>\u00ab\u00a0, a pr\u00e9cis\u00e9 le directeur de l&rsquo;institution.<\/span>\u00a0<\/li>\n<li><span id=\"x_p11\">\u00ab\u00a0<strong>Nous devons vivre avec des pr\u00e9cautions consid\u00e9rables et des restrictionspendant\u00a0au moins les quatre ou cinq prochains mois\u00a0\u00bb<\/strong>, a d\u00e9clar\u00e9 dimanche 15\u00a0novembre le\u00a0ministre de l&rsquo;\u00c9conomie\u00a0allemand, Peter\u00a0<span id=\"x_21\">Altmaier<\/span>.<\/span><span id=\"x_p12\">\u00a0Outre-Rhin, les mesures de restrictions ont \u00e9t\u00e9 mises en place il y a deux semaines\u00a0:<\/span><span id=\"x_p13\">\u00a0<strong>\u00ab\u00a0<\/strong><em>Le nombre de contaminations est encore bien trop haut, bien plus haut m\u00eame qu&rsquo;il y a deux semaines<\/em>\u00ab\u00a0, a expliqu\u00e9 Peter\u00a0<span id=\"x_22\">Altamaier<\/span>.<\/span><span id=\"x_p14\">\u00a0<strong>L&rsquo;Allemagne pourrait conna\u00eetre plusieurs mois de restrictions<\/strong>.<\/span><span id=\"x_p15\">\u00a0\u00ab\u00a0<em>De nombreuses personnes esp\u00e8rent de fa\u00e7on compr\u00e9hensible un rel\u00e2chement, une r\u00e9ouverture des restaurants et cin\u00e9mas.<\/em><\/span><span id=\"x_p16\"><em>\u00a0Mais en raison des taux d&rsquo;infection encore bien trop \u00e9lev\u00e9s, nous avons peu de marge de man\u0153uvre<\/em>\u00ab\u00a0, estime le ministre.<\/span><span id=\"x_p17\">\u00a0Le gouvernement allemand se r\u00e9unira lundi pour \u00e9valuer les progr\u00e8s des mesures de restriction.<\/span><span id=\"x_p18\">\u00a0Selon les chiffres de l&rsquo;universit\u00e9 Johns\u00a0<span id=\"x_23\">Hopkins<\/span>, le pays compte 799\u00a0733\u00a0cas de coronavirus.<\/span><\/li>\n<li>Samedi 14\u00a0novembre, <strong>le Mexique a d\u00e9pass\u00e9 le million de\u00a0cas de Covid-19<\/strong>. \u00ab\u00a0<em>1\u00a0003\u00a0353\u00a0personnes ont obtenu un r\u00e9sultat positif<\/em>\u00ab\u00a0, a\u00a0annonc\u00e9\u00a0Ricardo Cortes, de la Direction g\u00e9n\u00e9rale de promotion de la sant\u00e9\u00a0lors d&rsquo;une conf\u00e9rence de presse. En 24\u00a0heures, le pays enregistre 635\u00a0d\u00e9c\u00e8s, portant le bilan \u00e0 98\u00a0259\u00a0morts du coronavirus depuis le d\u00e9but de la pand\u00e9mie. Le Mexique est le quatri\u00e8me pays le plus endeuill\u00e9 au monde,\u00a0derri\u00e8re\u00a0les Etats-Unis, le Br\u00e9sil et l&rsquo;Inde.\u00a0<\/li>\n<\/ul>\n<\/div>\n<ul>\n<li><span id=\"x_p55\"><strong>La situation est pr\u00e9occupante aux Etats-Unis<\/strong>.<\/span><span id=\"x_p56\">\u00a0Le pays enregistre, samedi 14\u00a0novembre,\u00a0<\/span>10\u00a0750\u00a0754<span>\u00a0cas de contaminations, selon les chiffres de l&rsquo;universit\u00e9 Johns\u00a0<span id=\"x_63\">Hopkins<\/span>.\u00a0<\/span><span id=\"x_p59\">\u00ab\u00a0<em>Il va falloir qu&rsquo;on <a href=\"http:\/\/www.affinite.fr\/index.php\/2022\/10\/22\/la-creme-glacee-la-nouvelle-culture-commerciale\/\">ferme<\/a> tout<\/em>\u00ab\u00a0, a d\u00e9clar\u00e9 vendredi 13\u00a0novembre Michael Mina, \u00e9pid\u00e9miologiste \u00e0 Harvard.<\/span><span id=\"x_p60\">\u00a0\u00ab\u00a0<em>Et si on ne ferme pas tout\u00a0<span id=\"x_p58\">(\u2026)<\/span>\u00a0Thanksgiving va conduire \u00e0 une nouvelle explosion massive de cas<\/em>\u00ab\u00a0.\u00a0<\/span><span id=\"x_p61\"><span id=\"x_66\">Le<\/span>\u00a0maire de\u00a0<span id=\"x_64\">New-York<\/span>, Bill de\u00a0<span id=\"x_65\">Blasio<\/span>, a appel\u00e9 les parents d&rsquo;\u00e9l\u00e8ves \u00e0 \u00a0\u00bb\u00a0<em>se pr\u00e9parer<\/em>\u00a0\u00bb \u00e0 la fermeture des \u00e9coles d\u00e8s lundi.<\/span>\u00a0<\/li>\n<li><span id=\"x_p6\">Face \u00e0 la hausse des contaminations de coronavirus, le Premier ministre canadien, <strong>Justin\u00a0<span id=\"x_33\">Trudeau<\/span>\u00a0appelle les citoyens \u00e0\u00a0\u00ab\u00a0<em>redoubler d&rsquo;efforts<\/em>\u00ab\u00a0<\/strong> lors d&rsquo;une conf\u00e9rence de presse, vendredi 13\u00a0novembre.<\/span><span id=\"x_p7\">\u00a0\u00ab\u00a0<em>Si la propagation continue au rythme actuel, on pr\u00e9voit qu&rsquo;il y aura plus de 10.000\u00a0cas quotidiennement d&rsquo;ici d\u00e9but d\u00e9cembre<\/em>\u00ab\u00a0,\u00a0pr\u00e9vient\u00a0Howard\u00a0<span id=\"x_35\">Njoo<\/span>, responsable adjoint de Sant\u00e9 publique Canada.\u00a0<\/span><span id=\"x_p8\"><span id=\"x_37\">Selon<\/span>\u00a0les chiffres de l&rsquo;universit\u00e9 de m\u00e9decine Johns\u00a0<span id=\"x_36\">Hopkins<\/span>, le Canada enregistre samedi 14\u00a0novembre 290\u00a0705\u00a0contaminations au coronavirus et 10\u00a0885\u00a0d\u00e9c\u00e8s depuis le d\u00e9but de l&rsquo;\u00e9pid\u00e9mie.<\/span>\u00a0<\/li>\n<li><strong><span id=\"x_p1\">L&rsquo;Agence europ\u00e9enne des m\u00e9dicaments\u00a0<span id=\"x_p0\">(EMA)<\/span>\u00a0mise sur un vaccin distribu\u00e9 \u00ab\u00a0<em>en janvier<\/em>\u00ab\u00a0.<\/span><\/strong><span id=\"x_p2\">\u00a0Elle pr\u00e9voit de donner un avis favorable pour un premier vaccin contre le nouveau coronavirus \u00ab\u00a0<em>d&rsquo;ici la fin de l&rsquo;ann\u00e9e<\/em>\u00ab\u00a0, a d\u00e9clar\u00e9 Guido\u00a0<span id=\"x_28\">Rasi<\/span>, le directeur de l&rsquo;agence,\u00a0<\/span>dans un entretien publi\u00e9 samedi 14\u00a0novembre\u00a0dans le journal italien Il Sole 24\u00a0Ore.<span id=\"x_p3\">\u00a0Une distribution est pr\u00e9vue\u00a0\u00ab\u00a0<em>\u00e0 partir de janvier<\/em>\u00ab\u00a0.<\/span><span id=\"x_p4\">\u00a0Ses effets\u00a0<span id=\"x_31\">sur<\/span>\u00a0la propagation du virus \u00ab\u00a0<em>seront visibles dans cinq \u00e0 six mois, essentiellement l&rsquo;\u00e9t\u00e9\u00a0<span id=\"x_32\">prochain<\/span><\/em>\u00ab\u00a0, a pr\u00e9cis\u00e9 le directeur\u00a0de l&rsquo;institution.<\/span><span id=\"x_p5\">\u00a0L&rsquo;EMA a pour mission de contr\u00f4ler et autoriser les m\u00e9dicaments\u00a0mis sur le march\u00e9\u00a0dans l&rsquo;Union europ\u00e9enne.<\/span><\/li>\n<li><span id=\"x_p42\"><strong>Sept r\u00e9gions italiennes sont class\u00e9es \u00ab\u00a0zones rouges\u00a0\u00bb<\/strong> .<\/span><span id=\"x_p43\">\u00a0Le gouvernement italien a annonc\u00e9 vendredi 13\u00a0novembre l&rsquo;entr\u00e9e en \u00ab\u00a0zone rouge\u00a0\u00bb et le confinement partiel de la r\u00e9gion de Naples\u00a0<span id=\"x_p41\">(Campanie)<\/span>\u00a0ainsi que de la Toscane.<\/span><span id=\"x_p44\">\u00a0\u00c0 date, sur les 60\u00a0millions d&rsquo;habitants que compte l&rsquo;Italie, 26\u00a0millions sont en confinement partiel.<\/span><span id=\"x_p45\">\u00a0D\u00e9sormais, neuf r\u00e9gions sont class\u00e9es \u00ab\u00a0orange\u00a0\u00bb, avec l&rsquo;interdiction de se d\u00e9placer hors de la commune.<\/span><span id=\"x_p46\">\u00a0Seules cinq r\u00e9gions sont class\u00e9es \u00ab\u00a0jaune\u00a0\u00bb.<\/span><span id=\"x_p47\">\u00a0Le couvre-feu d\u00e8s 22\u00a0heures est impos\u00e9 \u00e0 tout le territoire.<\/span>\u00a0<\/li>\n<\/ul>\n<h3 style=\"text-align: center;\">Evolution des nouveaux cas de Covid-19\u00a0dans les 10\u00a0pays du monde les plus affect\u00e9s (nombre de cas), au 15\u00a0novembre 2020<\/h3>\n<div style=\"text-align:center\">\n<figure class=\"image\" style=\"display:inline-block\"><img decoding=\"async\" alt=\"\" src=\"https:\/\/img-3.journaldesfemmes.fr\/LTpNqx4Lirg6UPk8I2WHva2Nvas=\/600x\/smart\/71aecaff673b4c5d9987be8f483ea623\/ccmcms-jdf\/20072986.png\"\/><figcaption data-credit=\"Johns Hopkins\" data-legend=\"Evolution des nouveaux cas de Covid-19\u00a0dans les 10\u00a0pays du monde les plus affect\u00e9s (nombre de cas), au 14\u00a0novembre 2020 \u00a9\u00a0Universit\u00e9 John Hopkins\">Evolution des nouveaux cas de Covid-19\u00a0dans les 10\u00a0pays du monde les plus affect\u00e9s (nombre de cas), au 15 novembre 2020 \u00a9\u00a0Universit\u00e9 John Hopkins<\/figcaption><\/figure>\n<\/div>\n<p>Le nombre de cas de coronavirus continue d&rsquo;augmenter chaque jour dans le monde.\u00a0Au 13\u00a0novembre 2020, plus\u00a0de<strong>\u00a052\u00a0millions\u00a0de personnes ont \u00e9t\u00e9 test\u00e9es positives<\/strong> au virus selon les comptages de l&rsquo;<a href=\"https:\/\/gisanddata.maps.arcgis.com\/apps\/opsdashboard\/index.html#\/bda7594740fd40299423467b48e9ecf6\" target=\"_blank\" rel=\"noopener noreferrer\">Universit\u00e9 John Hopkins<\/a>\u00a0(52\u00a0788\u00a0524)\u00a0et du\u00a0<a href=\"https:\/\/www.ecdc.europa.eu\/en\/geographical-distribution-2019-ncov-cases\" target=\"_blank\" rel=\"noopener noreferrer\">Centre europ\u00e9en de pr\u00e9vention et de contr\u00f4le des maladies<\/a>\u00a0(52\u00a0775\u00a0271). Ces chiffres varient\u00a0selon les d\u00e9finitions de cas appliqu\u00e9es dans chaque pays et leurs strat\u00e9gies de d\u00e9pistage.\u00a0<\/p>\n<table border=\"1\" cellpadding=\"1\" cellspacing=\"1\">\n<caption>Nombre de cas de Covid-19\u00a0par continent au 15 novembre 2020\u00a0(source\u00a0: Ecdc.Europa.eu \/ Ined.fr)<\/caption>\n<thead\/>\n<tbody>\n<tr>\n<td style=\"width: 104px;\">\u00a0<\/td>\n<td style=\"width: 435px;\"><strong>Nombre de cas positifs au Covid-19 (en millions)<\/strong><\/td>\n<td><strong>Pourcentage de la population positive au Covid-19<\/strong><\/td>\n<\/tr>\n<tr>\n<td style=\"width: 104px;\"><strong>Am\u00e9rique<\/strong><\/td>\n<td style=\"width: 435px;\">23 306 814<\/td>\n<td>2,28%<\/td>\n<\/tr>\n<tr>\n<td style=\"width: 104px;\"><strong>Europe<\/strong><\/td>\n<td style=\"width: 435px;\">14\u00a0007\u00a0867<\/td>\n<td>1,87%<\/td>\n<\/tr>\n<tr>\n<td style=\"width: 104px;\"><strong>Asie<\/strong><\/td>\n<td style=\"width: 435px;\">14\u00a0783\u00a0942<\/td>\n<td>0,32%<\/td>\n<\/tr>\n<tr>\n<td style=\"width: 104px;\"><strong>Afrique<\/strong><\/td>\n<td style=\"width: 435px;\">1\u00a0962\u00a0931<\/td>\n<td>0,15%<\/td>\n<\/tr>\n<tr>\n<td style=\"width: 104px;\"><strong>Oc\u00e9anie<\/strong><\/td>\n<td style=\"width: 435px;\">47\u00a0811<\/td>\n<td>0,11%<\/td>\n<\/tr>\n<tr>\n<td style=\"width: 104px;\"><strong>Autres<\/strong><\/td>\n<td style=\"width: 435px;\">696<\/td>\n<td>0%<\/td>\n<\/tr>\n<tr>\n<td style=\"width: 104px;\"><strong>Total\u00a0<\/strong><\/td>\n<td style=\"width: 435px;\">54 110 061<\/td>\n<td>0,68%<\/td>\n<\/tr>\n<\/tbody>\n<\/table>\n<table border=\"1\" cellpadding=\"1\" cellspacing=\"1\">\n<caption>Les 10\u00a0pays recensant le plus grand nombre de cas de Covid-19\u00a0dans le monde au 15 novembre 2020 (Sources\u00a0: Universit\u00e9 John Hopkins)<\/caption>\n<thead>\n<tr>\n<th scope=\"col\">Pays<\/th>\n<th scope=\"col\" style=\"width: 222px;\">Nombre de cas confirm\u00e9s<\/th>\n<th scope=\"col\" style=\"width: 320px;\">Nombre total d&rsquo;habitants (en millions)<\/th>\n<th scope=\"col\">Pourcentage de la population infect\u00e9e<\/th>\n<\/tr>\n<\/thead>\n<tbody>\n<tr>\n<td><strong>Etats-Unis <\/strong><\/td>\n<td style=\"width: 222px;\">\n<h5>10 906 725<\/h5>\n<\/td>\n<td style=\"width: 320px;\">328,2<\/td>\n<td>3,32%<\/td>\n<\/tr>\n<tr>\n<td><strong>Inde<\/strong><\/td>\n<td style=\"width: 222px;\">\n<h5>8 814 579<\/h5>\n<\/td>\n<td style=\"width: 320px;\">1\u00a0353<\/td>\n<td>\n<p>0,65%<\/p>\n<\/td>\n<\/tr>\n<tr>\n<td><strong>Br\u00e9sil<\/strong><\/td>\n<td style=\"width: 222px;\">\n<h5><strong>5 848 959<\/strong><\/h5>\n<\/td>\n<td style=\"width: 320px;\">209.5<\/td>\n<td>2,79%<\/td>\n<\/tr>\n<tr>\n<td><strong>France<\/strong><\/td>\n<td style=\"width: 222px;\">\n<h5><strong>1\u00a0915\u00a0713<\/strong><\/h5>\n<\/td>\n<td style=\"width: 320px;\"><strong>66,9<\/strong><\/td>\n<td><strong>2.86%\u00a0<\/strong><\/td>\n<\/tr>\n<tr>\n<td><b>Russie<\/b><\/td>\n<td style=\"width: 222px;\">\n<h5><strong>1\u00a0910 149<\/strong><\/h5>\n<\/td>\n<td style=\"width: 320px;\">144,5<\/td>\n<td>1.32%\u00a0<\/td>\n<\/tr>\n<tr>\n<td><strong>Espagne<\/strong><\/td>\n<td style=\"width: 222px;\"><strong>1\u00a0458 591<\/strong><\/td>\n<td style=\"width: 320px;\">47<\/td>\n<td>3,10%<\/td>\n<\/tr>\n<tr>\n<td><strong>Royaume-Uni<\/strong><\/td>\n<td style=\"width: 222px;\"><strong>1\u00a0347 922<\/strong><\/td>\n<td style=\"width: 320px;\">66.65<\/td>\n<td>2,02%<\/td>\n<\/tr>\n<tr>\n<td><strong>Argentine<\/strong><\/td>\n<td style=\"width: 222px;\">\n<h5><strong>1 303 846<\/strong><\/h5>\n<\/td>\n<td style=\"width: 320px;\">\n<p>\t\t\t44,5<\/td>\n<td>\n<p>\t\t\t2.93%<\/td>\n<\/tr>\n<tr>\n<td><strong>Colombie<\/strong><\/td>\n<td style=\"width: 222px;\">\n<h5><strong>1 191 634<\/strong><\/h5>\n<\/td>\n<td style=\"width: 320px;\">49<\/td>\n<td>\n<p>2.43%<\/p>\n<\/td>\n<\/tr>\n<tr>\n<td><strong>Italie<\/strong><\/td>\n<td style=\"width: 222px;\">\n<h5><strong>1 144 552<\/strong><\/h5>\n<\/td>\n<td style=\"width: 320px;\">60.4<\/td>\n<td>1.90%<\/td>\n<\/tr>\n<\/tbody>\n<\/table>\n<p>&gt; <strong><a href=\"https:\/\/gisanddata.maps.arcgis.com\/apps\/opsdashboard\/index.html#\/bda7594740fd40299423467b48e9ecf6\" target=\"_blank\" rel=\"noopener noreferrer\">Voir le nombre de cas des autres pays\u00a0<\/a><\/strong><\/p>\n<h3 style=\"text-align: center;\">R\u00e9partition g\u00e9ographique du nombre cumulatif de cas de COVID-19\u00a0signal\u00e9s pour 100\u00a0000\u00a0habitants, dans le monde, sur les 14\u00a0derniers jours, au 15\u00a0novembre 2020<\/h3>\n<div style=\"text-align:center\">\n<figure class=\"image\" style=\"display:inline-block\"><img decoding=\"async\" alt=\"\" src=\"https:\/\/img-3.journaldesfemmes.fr\/p2FbSbZo1A5PQM6P3t6if2tFwSs=\/600x\/smart\/3c951570fe3749f98bfaa1ff008b7350\/ccmcms-jdf\/20097900.png\"\/><figcaption data-credit=\"ecdc.europa.eu\" data-legend=\"R\u00e9partition g\u00e9ographique du nombre cumulatif de cas de Covid-19 signal\u00e9s pour 100 000 habitant dans le monde sur les 14 derniers jours, au 15 novembre 2020\">R\u00e9partition g\u00e9ographique du nombre cumulatif de cas de Covid-19 signal\u00e9s pour 100 000 habitant dans le monde sur les 14 derniers jours, au 15 novembre 2020 <small>\u00a9\u00a0ecdc.europa.eu<\/small><\/figcaption><\/figure>\n<\/div>\n<p>Apr\u00e8s l&rsquo;apparition du virus en Chine en d\u00e9cembre, l&rsquo;Europe est rapidement devenue l&rsquo;\u00e9picentre de l&rsquo;\u00e9pid\u00e9mie obligeant plusieurs pays \u00e0 confiner les populations d\u00e8s le mois de mars. Puis le virus s&rsquo;est propag\u00e9 aux\u00a0Etats-Unis, en Am\u00e9rique du Sud et en\u00a0Inde. Au 12\u00a0novembre, selon <a href=\"https:\/\/www.santepubliquefrance.fr\/maladies-et-traumatismes\/maladies-et-infections-respiratoires\/infection-a-coronavirus\/documents\/bulletin-national\/covid-19-point-epidemiologique-du-12-novembre-2020\" target=\"_blank\" rel=\"noopener noreferrer\">Sant\u00e9 publique France<\/a>, les<strong> foyers majeurs <\/strong>de l&rsquo;\u00e9pid\u00e9mie sont l&rsquo;Europe et l&rsquo;Am\u00e9rique (\u00c9tats-Unis et Am\u00e9rique Latine), \u00e0 l&rsquo;origine de respectivement<strong>\u00a054% <\/strong>et 28% des cas rapport\u00e9s dans le monde entre 2 et le 8 novembre. En Asie du Sud-Est, l&rsquo;\u00e9pid\u00e9mie <strong>repart l\u00e9g\u00e8rement \u00e0 la hausse sur les 7\u00a0derniers jours<\/strong> (+2%), apr\u00e8s une phase de d\u00e9croissance de 6\u00a0semaines.<\/p>\n<blockquote>\n<p>Une hausse \u00ab\u00a0consid\u00e9rable\u00a0\u00bb de nouveaux cas en Europe.<\/p>\n<\/blockquote>\n<p>Dans son bilan international, Sant\u00e9 publique France rapporte le 12\u00a0novembre\u00a0:\u00a0<\/p>\n<p>\u25ba <strong>Europe\u00a0:<\/strong>\u00a0 L&rsquo;augmentation du nombre de nouveaux cas se poursuit (observ\u00e9e dans 30\u00a0pays), y compris chez les personnes de plus de 65\u00a0ans (observ\u00e9e dans 23\u00a0pays). Le taux de d\u00e9pistage hebdomadaire\u00a0varie de <strong>891\u00a0\u00e0 12\u00a0479\u00a0tests pour 100\u00a0000\u00a0habitants<\/strong>.\u00a0Les niveaux d&rsquo;occupation \u00e0 l&rsquo;h\u00f4pital et le nombre de<strong> nouvelles admissions pour COVID-19\u00a0sont en forte hausse,<\/strong> ces 7\u00a0derniers jours, dans <strong>28\u00a0pays<\/strong>. Parmi ces pays, on estime que 15% des cas de COVID-19\u00a0ont \u00e9t\u00e9 hospitalis\u00e9s. La <strong>vuln\u00e9rabilit\u00e9 de la population europ\u00e9enne au SARS-CoV-2\u00a0est tr\u00e8s \u00e9lev\u00e9e<\/strong>, avec un niveau d&rsquo;immunit\u00e9 global inf\u00e9rieur \u00e0 15% dans la plupart des pays europ\u00e9ens, selon le dernier rapport d&rsquo;\u00e9valuation de risque de l&rsquo;ECDC au 23\u00a0octobre. La <strong>mortalit\u00e9 pour COVID-19\u00a0a augment\u00e9 de 47% dans la r\u00e9gion Europe<\/strong>, par rapport \u00e0 la semaine pr\u00e9c\u00e9dente, d&rsquo;apr\u00e8s l&rsquo;OMS.<\/p>\n<p>\u25ba <strong>Am\u00e9rique\u00a0:\u00a0<\/strong>le nombre global de nouveaux cas est en hausse mais les taux d&rsquo;incidence ne sont pas comparables \u00e0 ceux actuellement observ\u00e9s en Europe (ces derniers \u00e9tant sup\u00e9rieurs).\u00a0Les \u00c9tats-Unis rapportent 819\u00a0307\u00a0nouveaux cas sur les 7\u00a0derniers jours. L&rsquo;\u00e9pid\u00e9mie y est en phase ascendante depuis un mois.\u00a0Elle s&rsquo;\u00e9tend plus rapidement dans les zones rurales et dans les petites villes, avec n\u00e9anmoins une <strong>progression dans l&rsquo;ensemble du pays<\/strong> et \u00e0 des niveaux diff\u00e9rents selon les \u00c9tats (Midwest, r\u00e9gion des Grandes Plaines, Ouest). Au <strong>Canada,<\/strong> l&rsquo;augmentation du nombre de nouveaux cas et d&rsquo;hospitalisations pour COVID-19\u00a0se poursuit depuis plus d&rsquo;un mois. Au <strong>Qu\u00e9bec,<\/strong> l&rsquo;incidence r\u00e9cente <strong>tend \u00e0 se stabiliser,<\/strong> avec des fluctuations li\u00e9es \u00e0 un rattrapage des donn\u00e9es d\u00e9but novembre. Au <strong>Br\u00e9sil<\/strong>, l&rsquo;<strong>\u00e9pid\u00e9mie est en d\u00e9clin<\/strong> depuis fin juillet mais se maintient \u00e0 un niveau \u00e9lev\u00e9 (+99\u00a0355\u00a0nouveaux cas hebdomadaires). Bien qu&rsquo;en baisse, l&rsquo;<strong>\u00e9pid\u00e9mie reste active<\/strong> en <strong>Argentine,<\/strong> en <strong>Colombie,<\/strong> au <strong>Costa Rica<\/strong>, au <strong>Paraguay, <\/strong>et au <strong>Mexique.\u00a0<\/strong><\/p>\n<p>\u25ba <strong>Moyen-Orient :\u00a0<\/strong>l&rsquo;\u00e9pid\u00e9mie demeure en phase ascendante en Jordanie et au Liban. En Iran, la situation reste pr\u00e9occupante avec des nombres record de nouveaux cas et de d\u00e9c\u00e8s\u00a0sur les 7\u00a0derniers jours et une saturation des capacit\u00e9s hospitali\u00e8res.\u00a0En Isra\u00ebl, le taux d&rsquo;incidence poursuit une d\u00e9croissance dans un contexte d&rsquo;all\u00e8gement graduel des restrictions, apr\u00e8s un confinement national de 4\u00a0semaines achev\u00e9 le 18\u00a0octobre.<\/p>\n<p>\u25ba<strong> Asie\u00a0: <\/strong>l&rsquo;\u00e9pid\u00e9mie est fluctuante en<strong> Inde <\/strong>qui concentre 82% des cas r\u00e9cents en Asie du Sud-Est &#8211; avec une <strong>incidence en diminution<\/strong> depuis sept semaines, stable sur les 7\u00a0derniers jours, et un nombre de cas r\u00e9cents \u00e9lev\u00e9. Le <strong>nombre de d\u00e9c\u00e8s a progress\u00e9 de 10%<\/strong> sur la derni\u00e8re semaine. L&rsquo;\u00e9pid\u00e9mie progresse fortement au <strong>N\u00e9pal<\/strong>\u00a0d&rsquo;apr\u00e8s l&rsquo;OMS. Bien que stable, le nombre de nouveaux cas\u00a0est \u00e9lev\u00e9 en Indon\u00e9sie.\u00a0Au <strong>Japon,<\/strong> le taux d&rsquo;incidence augmente depuis deux semaines.\u00a0Les <strong>Philippines et la Malaisie<\/strong> rapportent aussi les <strong>plus forts totaux en nombre de nouveaux cas cette semaine.<\/strong> En <strong>Oc\u00e9anie<\/strong>, l&rsquo;augmentation tr\u00e8s importante de la transmission du SARS-CoV-2\u00a0d\u00e9crite en <strong>Polyn\u00e9sie fran\u00e7aise<\/strong> depuis 6\u00a0semaines se poursuit. L&rsquo;<strong>\u00e9pid\u00e9mie est ma\u00eetris\u00e9e en Australie et en Nouvelle-Z\u00e9lande<\/strong>.<\/p>\n<p>\u25ba <strong>Afrique\u00a0:<\/strong>\u00a0le nombre de nouveaux cas augmente l\u00e9g\u00e8rement (+2%), de mani\u00e8re continue depuis plus d&rsquo;un mois. La mortalit\u00e9 globale li\u00e9e au COVID-19\u00a0est en hausse (+30%) sur les 7\u00a0derniers jours mais reste peu \u00e9lev\u00e9e, elle est <strong>concentr\u00e9e en Afrique du Sud <\/strong>(61% des d\u00e9c\u00e8s r\u00e9cents).\u00a0Le nombre de nouveaux cas est <strong>stable en Afrique du Sud<\/strong>, au Kenya et en \u00c9thiopie. L&rsquo;\u00e9pid\u00e9mie reste active et en<strong> phase ascendante au Maroc.<\/strong> Le nombre de nouveaux cas tend \u00e0 se<strong> stabiliser en Tunisie <\/strong>qui rapporte n\u00e9anmoins une hausse sensible de la mortalit\u00e9 pour COVID-19.<\/p>\n<p>L&rsquo;\u00e9pid\u00e9mie de coronavirus continue de faire des morts. Dimanche 15 novembre, plus d&rsquo;<strong>1,3\u00a0million\u00a0de d\u00e9c\u00e8s<\/strong> sont d\u00e9plor\u00e9s,\u00a0selon les comptages de l&rsquo;<a href=\"https:\/\/gisanddata.maps.arcgis.com\/apps\/opsdashboard\/index.htm\" target=\"_blank\" rel=\"noopener noreferrer\">Universit\u00e9 John Hopkins<\/a> aux Etats-Unis (<strong>1\u00a0314\u00a0584<\/strong>) et du\u00a0<a href=\"https:\/\/www.ecdc.europa.eu\/en\/geographical-distribution-2019-ncov-cases\" target=\"_blank\" rel=\"noopener noreferrer\">Centre europ\u00e9en de pr\u00e9vention et de contr\u00f4le des maladies<\/a>\u00a0(<strong>1\u00a0313\u00a0835<\/strong>).\u00a0<\/p>\n<table border=\"1\" cellpadding=\"1\" cellspacing=\"1\">\n<caption>Nombre de morts du Covid-19\u00a0par continent au 15 novembre 2020\u00a0(source\u00a0: Ecdc.Europa.eu)<\/caption>\n<tbody>\n<tr>\n<td>\u00a0<\/td>\n<td><strong>Nombre de d\u00e9c\u00e8s Covid-19<\/strong><\/td>\n<td><strong>Pourcentage de la population d\u00e9c\u00e9d\u00e9e du Covid-19<\/strong><\/td>\n<\/tr>\n<tr>\n<td><strong>Am\u00e9rique<\/strong><\/td>\n<td>680\u00a0699\u00a0<\/td>\n<td>0.07%<\/td>\n<\/tr>\n<tr>\n<td><strong>Europe<\/strong><\/td>\n<td>323\u00a0061<\/td>\n<td>0.04%<\/td>\n<\/tr>\n<tr>\n<td><strong>Asie<\/strong><\/td>\n<td>261\u00a0896<\/td>\n<td>0.01%<\/td>\n<\/tr>\n<tr>\n<td><strong>Afrique<\/strong><\/td>\n<td>47\u00a0083<\/td>\n<td>&lt; 0.01%<\/td>\n<\/tr>\n<tr>\n<td><strong>Oc\u00e9anie<\/strong><\/td>\n<td>1\u00a0089<\/td>\n<td>&lt; 0.01%<\/td>\n<\/tr>\n<tr>\n<td><strong>Autres<\/strong><\/td>\n<td>7<\/td>\n<td>0%<\/td>\n<\/tr>\n<tr>\n<td><strong>Total<\/strong><\/td>\n<td><strong>1\u00a0304 871<\/strong><\/td>\n<td>0.02%<\/td>\n<\/tr>\n<\/tbody>\n<\/table>\n<table border=\"1\" cellpadding=\"1\" cellspacing=\"1\">\n<caption>Les 10\u00a0pays recensant le plus grand nombre de d\u00e9c\u00e8s par Covid-19\u00a0dans le monde au 15 novembre 2020\u00a0(Source\u00a0: John Hopkins Universit\u00e9)<\/caption>\n<thead>\n<tr>\n<th scope=\"col\">Pays<\/th>\n<th scope=\"col\">Nombre de d\u00e9c\u00e8s<\/th>\n<th scope=\"col\">Pourcentage de la population d\u00e9c\u00e9d\u00e9e<\/th>\n<\/tr>\n<\/thead>\n<tbody>\n<tr>\n<td><strong>Etats-Unis<\/strong><\/td>\n<td>245\u00a0646<\/td>\n<td>0.07%<\/td>\n<\/tr>\n<tr>\n<td><strong>Br\u00e9sil<\/strong><\/td>\n<td>165\u00a0658<\/td>\n<td>0.08%<\/td>\n<\/tr>\n<tr>\n<td><strong>Inde<\/strong><\/td>\n<td>129\u00a0635\u00a0<\/td>\n<td>0.01%<\/td>\n<\/tr>\n<tr>\n<td><strong>Mexique<\/strong><\/td>\n<td>98\u00a0259<\/td>\n<td>0.08%<\/td>\n<\/tr>\n<tr>\n<td><strong>Royaume-Uni<\/strong><\/td>\n<td>51\u00a0858<\/td>\n<td>0.08%<\/td>\n<\/tr>\n<tr>\n<td><strong>Italie<\/strong><\/td>\n<td>44\u00a0683\u00a0<\/td>\n<td>0.07%<\/td>\n<\/tr>\n<tr>\n<td><strong>France<\/strong><\/td>\n<td><strong>42\u00a0600<\/strong><\/td>\n<td><strong>0.06%<\/strong><\/td>\n<\/tr>\n<tr>\n<td><strong>Iran<\/strong><\/td>\n<td>41 493<\/td>\n<td>0.05%<\/td>\n<\/tr>\n<tr>\n<td><strong>Espagne<\/strong><\/td>\n<td>40 769<\/td>\n<td>0.09%<\/td>\n<\/tr>\n<tr>\n<td><strong>Argentine<\/strong><\/td>\n<td>35\u00a0307<\/td>\n<td>0.08%<\/td>\n<\/tr>\n<\/tbody>\n<\/table>\n<p>&gt; <strong><a href=\"https:\/\/gisanddata.maps.arcgis.com\/apps\/opsdashboard\/index.html#\/bda7594740fd40299423467b48e9ecf6\" target=\"_blank\" rel=\"noopener noreferrer\">Voir le nombre de d\u00e9c\u00e8s\u00a0des autres pays\u00a0<\/a><\/strong><\/p>\n<h3>\u2022 <a id=\"courbe-evolution-deces-coronavirus-monde\" name=\"courbe-evolution-deces-coronavirus-monde\">Evolution des d\u00e9c\u00e8s du\u00a0Covid-19\u00a0dans le monde, globale et\u00a0par continent, au 15\u00a0novembre 2020<\/a><\/h3>\n<div style=\"text-align:center\">\n<figure class=\"image\" style=\"display:inline-block\"><img decoding=\"async\" alt=\"\" src=\"https:\/\/img-3.journaldesfemmes.fr\/npmn5pMwLKxPoOUfnzQMV3-Re7Y=\/600x\/smart\/baad1f37a53444cb894a8dd96f7b5075\/ccmcms-jdf\/20098034.png\"\/><figcaption data-credit=\"ecdc.europa.eu\" data-legend=\"Evolution des d\u00e9c\u00e8s du Covid-19 dans le monde, globale et par continent, au 15 novembre 2020\">Evolution des d\u00e9c\u00e8s du Covid-19 dans le monde, globale et par continent, au 15 novembre 2020 <small>\u00a9\u00a0ecdc.europa.eu<\/small><\/figcaption><\/figure>\n<\/div>\n<p>L&rsquo;\u00e9pid\u00e9mie de coronavirus flambe \u00e0 nouveau\u00a0en Europe obligeant plusieurs pays \u00e0 mettre en place de nouvelles restrictions comme le reconfinement de la population, la fermeture des fronti\u00e8res ou des couvre-feux.<\/p>\n<h3 style=\"text-align: center;\">R\u00e9partition g\u00e9ographique du nombre cumulatif de cas de COVID-19\u00a0signal\u00e9s pour 100\u00a0000\u00a0habitants, en Europe, sur les semaines du 26\u00a0octobre au 8\u00a0novembre 2020<\/h3>\n<div style=\"text-align:center\">\n<figure class=\"image\" style=\"display:inline-block\"><a class=\"fancy\" href=\"https:\/\/img-3.journaldesfemmes.fr\/vqt8U_HY9UL1DFq78_BmOwYLwuo=\/1080x\/smart\/0b89018bd4934b60a52478761bf40c52\/ccmcms-jdf\/20044548.jpg\"><img decoding=\"async\" alt=\"coronavirus-europe-carte-incidence\" src=\"https:\/\/img-3.journaldesfemmes.fr\/usLp_f1OIW6Ie7Z3il_vcFCEI1k=\/600x\/smart\/0b89018bd4934b60a52478761bf40c52\/ccmcms-jdf\/20044548.jpg\"\/><\/a><figcaption data-credit=\"Edcd.Europa.eu\" data-legend=\"R\u00e9partition g\u00e9ographique du nombre cumulatif de cas de COVID-19\u00a0signal\u00e9s pour 100\u00a0000\u00a0habitants, en Europe, sur les semaines du 26\u00a0octobre au 8\u00a0novembre\">R\u00e9partition g\u00e9ographique du nombre cumulatif de cas de COVID-19\u00a0signal\u00e9s pour 100\u00a0000\u00a0habitants, en Europe, sur les semaines du 26\u00a0octobre au 8\u00a0novembre <small>\u00a9\u00a0Edcd.Europa.eu<\/small><\/figcaption><\/figure>\n<\/div>\n<p><u>Parmi les derni\u00e8res mesures :<\/u><\/p>\n<ul>\n<li><span id=\"x_p11\">\u00ab\u00a0<strong>Nous devons vivre avec des pr\u00e9cautions consid\u00e9rables et des restrictionspendant\u00a0au moins les quatre ou cinq prochains mois\u00a0\u00bb<\/strong>, a d\u00e9clar\u00e9 dimanche 15\u00a0novembre le\u00a0ministre de l&rsquo;\u00c9conomie\u00a0allemand, Peter\u00a0<span id=\"x_21\">Altmaier<\/span>.<\/span><span id=\"x_p12\">\u00a0Outre-Rhin, les mesures de restrictions ont \u00e9t\u00e9 mises en place il y a deux semaines\u00a0:<\/span><span id=\"x_p13\">\u00a0<strong>\u00ab\u00a0<\/strong><em>Le nombre de contaminations est encore bien trop haut, bien plus haut m\u00eame qu&rsquo;il y a deux semaines<\/em>\u00ab\u00a0, a expliqu\u00e9 Peter\u00a0<span id=\"x_22\">Altamaier<\/span>.<\/span><span id=\"x_p14\">\u00a0<strong>L&rsquo;Allemagne pourrait conna\u00eetre plusieurs mois de restrictions<\/strong>.<\/span><span id=\"x_p15\">\u00a0\u00ab\u00a0<em>De nombreuses personnes esp\u00e8rent de fa\u00e7on compr\u00e9hensible un rel\u00e2chement, une r\u00e9ouverture des restaurants et cin\u00e9mas.<\/em><\/span><span id=\"x_p16\"><em>\u00a0Mais en raison des taux d&rsquo;infection encore bien trop \u00e9lev\u00e9s, nous avons peu de marge de man\u0153uvre<\/em>\u00ab\u00a0, estime le ministre.<\/span><\/li>\n<\/ul>\n<ul>\n<li><span id=\"x_p42\"><strong>Sept r\u00e9gions italiennes sont class\u00e9es \u00ab\u00a0zones rouges\u00a0\u00bb<\/strong> .<\/span><span id=\"x_p43\">\u00a0Le gouvernement italien a annonc\u00e9 vendredi 13\u00a0novembre l&rsquo;entr\u00e9e en \u00ab\u00a0zone rouge\u00a0\u00bb et le confinement partiel de la r\u00e9gion de Naples\u00a0<span id=\"x_p41\">(Campanie)<\/span>\u00a0ainsi que de la Toscane.<\/span><span id=\"x_p44\">\u00a0\u00c0 date, sur les 60\u00a0millions d&rsquo;habitants que compte l&rsquo;Italie, 26\u00a0millions sont en confinement partiel.<\/span><span id=\"x_p45\">\u00a0D\u00e9sormais, neuf r\u00e9gions sont class\u00e9es \u00ab\u00a0orange\u00a0\u00bb, avec l&rsquo;interdiction de se d\u00e9placer hors de la commune.<\/span><span id=\"x_p46\">\u00a0Seules cinq r\u00e9gions sont class\u00e9es \u00ab\u00a0jaune\u00a0\u00bb.<\/span><span id=\"x_p47\">\u00a0Le couvre-feu d\u00e8s 22\u00a0heures est impos\u00e9 \u00e0 tout le territoire.<\/span>\u00a0<\/li>\n<li><strong>L&rsquo;Autriche s&rsquo;appr\u00eate \u00e0\u00a0reconfiner sa\u00a0population<\/strong>. Le chancelier\u00a0Sebastian Kurz (chr\u00e9tien d\u00e9mocrate) et son vice-pr\u00e9sident Werner Kogler (\u00e9cologiste) tiendront samedi 14\u00a0novembre au soir,\u00a0une conf\u00e9rence de presse pour annoncer la mesure. D&rsquo;apr\u00e8s les m\u00e9dias autrichiens et allemands, un confinement total, identique \u00e0 celui du printemps, entrera en\u00a0vigueur mardi 17\u00a0novembre pour une dur\u00e9e minimale de trois\u00a0semaines, jusqu&rsquo;au 6\u00a0d\u00e9cembre.\u00a0<\/li>\n<li>L&rsquo;<strong>Espagne<\/strong> a d\u00e9pass\u00e9\u00a0les <strong>40\u00a0000<\/strong>\u00a0cas de Covid-19\u00a0et a annonc\u00e9 mercredi 11\u00a0novembre que<strong> les personnes \u00e2g\u00e9es seront les premi\u00e8res \u00e0 pouvoir se faire vacciner.<\/strong>\u00a0Suite \u00e0 l&rsquo;annonce par le <a href=\"https:\/\/sante.journaldesfemmes.fr\/fiches-maladies\/2620433-vaccin-coronavirus-covid-19-pfizer-biontech-phase-3-france-date-moderna-arn-messager-russie-spoutnik\/\" target=\"_blank\" rel=\"noopener noreferrer\">laboratoire am\u00e9ricain Pfizer d&rsquo;un vaccin efficace \u00e0 90<\/a>% selon les premiers r\u00e9sultats des essais en phase 3, le\u00a0ministre espagnol de la Sant\u00e9, Salvador Illa, a annonc\u00e9\u00a0mercredi 11\u00a0novembre que les premiers b\u00e9n\u00e9ficiaires seront les personnes \u00e2g\u00e9es de plus de 65\u00a0ans, particuli\u00e8rement les 300\u00a0000\u00a0vivants en maison de <a href=\"http:\/\/www.affinite.fr\/index.php\/2023\/07\/29\/changer-de-vie-voyager-complement-de-retraite-devenez-vendeur-de-glace-a-litalienne\/\">retraite<\/a>,\u00a0et le personnel sanitaire. Au regard des risques, la jeunesse sera trait\u00e9e en dernier.\u00a0<\/li>\n<li>En <strong>Hongrie<\/strong>, le Premier ministre Viktor Orban a instaur\u00e9 de nouvelles mesures \u00e0 partir du 11\u00a0novembre et a annonc\u00e9 le retour de l&rsquo;\u00e9tat d&rsquo;urgence.\u00a0Parmi les nouvelles mesures\u00a0: un couvre-feu entre 20h et 5h, l&rsquo;interdiction des rassemblements, la fermeture des restaurants et\u00a0limitation \u00e0 10\u00a0personnes des \u00e9v\u00e9nements de famille.<\/li>\n<li>La <strong>Russie<\/strong> annonce que son<strong> vaccin Spoutnik V <\/strong>est efficace \u00e0 92% contre la Covid-19\u00a0selon les r\u00e9sultats pr\u00e9liminaires de la phase 3. Les essais devraient encore se poursuivre pendant 6\u00a0mois.\u00a0<\/li>\n<\/ul>\n<p>Samedi 14 novembre, l&rsquo;Espagne compte <strong>1\u00a0458 591\u00a0<\/strong>cas de Covid-19, selon les donn\u00e9es de\u00a0l&rsquo;universit\u00e9\u00a0Johns Hopkins et plus de 40 000 morts (40 769). Dans le pays, 32\u00a0% des lits en soins intensifs sont occup\u00e9s par des patients Covid. Les r\u00e9gions les plus touch\u00e9es sont situ\u00e9es au nord du pays\u00a0: l&rsquo;Aragon (dont le chef-lieu est Saragosse) et la Rioja (Logro\u00f1o) faisant figure d&rsquo;\u00e9picentres.\u00a0Deux tiers des h\u00f4tels de la r\u00e9gion ont ferm\u00e9.\u00a0<\/p>\n<p>Face \u00e0 la hausse de l&rsquo;\u00e9pid\u00e9mie, le Premier ministre Pedro S\u00e1nchez a pris de<b>\u00a0nouvelles mesures drastiques.\u00a0<\/b>D&rsquo;abord,\u00a0<b>il a annonc\u00e9 le prolongement de l&rsquo;\u00e9tat d&rsquo;urgence sanitaire pendant 15\u00a0jours<\/b>\u00a0et compte le prolonger encore jusqu&rsquo;\u00e0 d\u00e9but mai 2021\u00a0(sauf dans les \u00eeles Canaries) impliquant :\u00a0<\/p>\n<ul>\n<li><b>Application d&rsquo;un couvre-feu<\/b>\u00a0de 23h \u00e0 06h du matin.<\/li>\n<li>Restrictions de circulation \u00e0 l&rsquo;entr\u00e9e et la sortie de 10\u00a0communaut\u00e9s\u00a0autonomes (<b>confinement territorial<\/b>)\u00a0: le\u00a0<b>Pays basque, la Communaut\u00e9 forale de Navarre, l&rsquo;Aragon, la principaut\u00e9 des Asturies, La Rioja, la Cantabrie, la Catalogne, l&rsquo;Andalousie, la Castille-et-L\u00e9on, la Castille-La Manche.<\/b><\/li>\n<li>Toute r\u00e9union ou rassemblement tant en espace ferm\u00e9 qu&rsquo;ouvert ne doit pas compter plus de six personnes,\u00a0<b>sauf dans le cas de cohabitation familiale ou colocation<\/b>.<\/li>\n<\/ul>\n<p>Par ailleurs, selon le site\u00a0<a href=\"https:\/\/www.diplomatie.gouv.fr\/fr\/conseils-aux-voyageurs\/conseils-par-pays-destination\/espagne\/?xtor=RSS-2&amp;t=20201030121656\" target=\"_blank\" rel=\"noopener noreferrer\">France-Diplomatie<\/a>,\u00a0<b>Madrid s&rsquo;est confin\u00e9e\u00a0<\/b>depuis le\u00a031\u00a0octobre jusqu&rsquo;au 2\u00a0novembre inclus, puis du 7\u00a0au 9\u00a0novembre inclus. \u00c0 Madrid depuis le 24\u00a0octobre, les r\u00e9unions sont interdites\u00a0dans les espaces publics et priv\u00e9s, de minuit \u00e0 6h du matin\u00a0; les bars et restaurants sont ferm\u00e9s \u00e0 minuit, les clients ne pouvant \u00eatre accueillis au-del\u00e0 de 23h.<\/p>\n<h3 style=\"text-align: center;\">Evolution des nouveaux cas de Covid-19\u00a0en Espagne, par mois au 13\u00a0novembre.<\/h3>\n<div style=\"text-align:center\">\n<figure class=\"image\" style=\"display:inline-block\"><a class=\"fancy\" href=\"https:\/\/img-3.journaldesfemmes.fr\/opB9fkjiKGJ33wi3SdUUERXBPeo=\/1080x\/smart\/24d15b8aab6a4743aae8d04bacf57ced\/ccmcms-jdf\/20040395.jpg\"><img decoding=\"async\" alt=\"coronavirus-courbe-espagne-cas\" src=\"https:\/\/img-3.journaldesfemmes.fr\/qNrRUHAHxM7aEXBrTW4-BHMKQlY=\/600x\/smart\/24d15b8aab6a4743aae8d04bacf57ced\/ccmcms-jdf\/20040395.jpg\"\/><\/a><figcaption data-credit=\"Universit\u00e9 Johns Hopkins\" data-legend=\"Evolution des nouveaux cas de Covid-19\u00a0en Espagne, par mois.\">Evolution des nouveaux cas de Covid-19\u00a0en Espagne, par mois. <small>\u00a9\u00a0Universit\u00e9 Johns Hopkins<\/small><\/figcaption><\/figure>\n<\/div>\n<p>Dimanche 15 novembre,\u00a0l&rsquo;Italie compte <strong>plus d&rsquo;un million de<\/strong>\u00a0<strong>cas de Covid-19<\/strong>\u00a0<strong>(1\u00a0178\u00a0529)<\/strong>\u00a0et <strong>45\u00a0229\u00a0morts<\/strong> selon l&rsquo;Universit\u00e9 Johns Hopkins. A Naples,\u00a0les patients positifs au Covid-19\u00a0qui ne peuvent pas \u00eatre hospitalis\u00e9s \u00e0 cause de la saturation des\u00a0services de r\u00e9animation sont <strong>pris en charge directement dans leur voiture.<\/strong>\u00a0\u00a0Face \u00e0 l&rsquo;ampleur de l&rsquo;\u00e9pid\u00e9mie, le Premier ministre, Giuseppe Conte a sign\u00e9 un d\u00e9cret instaurant sur tout le territoire italien\u00a0un <strong>couvre-feu entre 22h00\u00a0et 05h00\u00a0<\/strong>pour un mois depuis le\u00a06\u00a0novembre. <b>Le pays \u00a0<\/b><span style=\"font-weight: 600;\">est<\/span><b>\u00a0divis\u00e9 en trois\u00a0\u00ab\u00a0zones de risques\u00a0\u00bb<\/b> selon leur situation \u00e9pid\u00e9mique. Le couvre-feu est impos\u00e9 \u00e0 partir de 22 heures sur la totalit\u00e9 du territoire.\u00a0<strong>Sept r\u00e9gions sont d\u00e9sormais class\u00e9es \u00ab\u00a0zones rouges\u00a0\u00bb<\/strong> et sujettes \u00e0 un reconfinement partiel. A date,<span id=\"x_p44\">\u00a0sur les 60\u00a0millions d&rsquo;habitants que compte l&rsquo;Italie,<strong> 26\u00a0millions sont confin\u00e9s partiellement<\/strong>.<\/span><span id=\"x_p45\">\u00a0D\u00e9sormais, neuf r\u00e9gions sont class\u00e9es \u00ab\u00a0orange\u00a0\u00bb, avec l&rsquo;interdiction de se d\u00e9placer hors de la commune.<\/span><span id=\"x_p46\">\u00a0Seules cinq r\u00e9gions sont class\u00e9es \u00ab\u00a0jaune\u00a0\u00bb.<\/span><span id=\"x_p47\">\u00a0Le couvre-feu d\u00e8s 22\u00a0heures est impos\u00e9 \u00e0 tout le territoire.<\/span>\u00a0\u00a0Depuis le\u00a0<strong>lundi 26\u00a0octobre et jusqu&rsquo;au 24\u00a0novembre, les cin\u00e9mas, th\u00e9\u00e2tres, mus\u00e9es salles de gym et piscines sont ferm\u00e9s, ainsi que les centres commerciaux le week-end.<\/strong>. Les\u00a0<strong>bars et les restaurants restent ouverts\u00a0<\/strong>pour le moment, mais ne devront\u00a0<strong>plus servir les clients \u00e0 partir de 18\u00a0heures.<\/strong>\u00a0Les<strong>\u00a0\u00e9coles et les maternelles restent ouvertes<\/strong>, mais 75\u00a0% des classes de lyc\u00e9es et les universit\u00e9s suivent leurs cours en ligne.\u00a0Lors de la premi\u00e8re vague, le pays avait \u00e9t\u00e9 confin\u00e9 d\u00e8s le 9\u00a0mars et le pic de l&rsquo;\u00e9pid\u00e9mie atteint le 5\u00a0avril.\u00a0<\/p>\n<p>\u2192 L&rsquo;\u00e9tat d&rsquo;urgence sanitaire a \u00e9t\u00e9 prolong\u00e9 jusqu&rsquo;au<strong>\u00a031\u00a0janvier 2021<\/strong>.\u00a0<\/p>\n<h3 style=\"text-align: center;\">Evolution des nouveaux cas de Covid-19\u00a0en Italie, par mois au 12\u00a0novembre.<\/h3>\n<div style=\"text-align:center\">\n<figure class=\"image\" style=\"display:inline-block\"><a class=\"fancy\" href=\"https:\/\/img-3.journaldesfemmes.fr\/1TBR3pi1HCruEzF6TE1DPsN_gpQ=\/1080x\/smart\/736eb9f872144a99ba17619c512ed16a\/ccmcms-jdf\/20040477.jpg\"><img decoding=\"async\" alt=\"coronavirus-courbe-italie-cas\" src=\"https:\/\/img-3.journaldesfemmes.fr\/KJh5Ws_BwOyOXyrwaerdbjifLMI=\/600x\/smart\/736eb9f872144a99ba17619c512ed16a\/ccmcms-jdf\/20040477.jpg\"\/><\/a><figcaption data-credit=\"Universit\u00e9 Johns Hopkins\" data-legend=\"Evolution des nouveaux cas de Covid-19\u00a0en Italie, par mois au 13 novembre \">Evolution des nouveaux cas de Covid-19\u00a0en Italie, par mois au 13 novembre <small>\u00a9\u00a0Universit\u00e9 Johns Hopkins<\/small><\/figcaption><\/figure>\n<\/div>\n<p>Dimanche 15 novembre,\u00a0l&rsquo;Allemagne compte <strong>pr\u00e8s\u00a0de 800 000 cas de Covid-19<\/strong>\u00a0(799 733)\u00a0et 12 515 morts,\u00a0rapporte\u00a0l&rsquo;Universit\u00e9\u00a0Johns Hopkins.<span id=\"x_p4\">\u00a0Les autorit\u00e9s sanitaires allemandes ont constat\u00e9 que la courbe\u00a0des nouveaux cas de Covid-19 se stabilise.<\/span>\u00a0<em>\u00ab\u00a0La courbe s&rsquo;aplatit\u00a0\u00bb, <\/em>a d\u00e9clar\u00e9 lors d&rsquo;une conf\u00e9rence de presse jeudi 12 novembre, le directeur de l&rsquo;Institut, Lothar Wieler, saluant de <em>\u00ab\u00a0premiers signes\u00a0\u00bb<\/em> d&rsquo;am\u00e9lioration sur le front de la pand\u00e9mie. <strong>J<\/strong><b>usqu&rsquo;\u00e0 la fin novembre, sont\u00a0ferm\u00e9s sur tout le territoire f\u00e9d\u00e9ral\u00a0:<\/b>\u00a0les lieux de spectacles (dont les th\u00e9\u00e2tres, op\u00e9ras, salles de concert, cin\u00e9mas),\u00a0les lieux de loisirs (dont les salles de jeux, foires, parcs d&rsquo;attraction, discoth\u00e8ques, maisons closes), les lieux de sports (dont les piscines, bains, saunas, centres de fitness), les lieux de restauration (dont les bars, clubs, restaurants), les lieux de soins corporels (dont les salons de beaut\u00e9, cabinets de massage, studios de tatouage).\u00a0Les rassemblements de plus de 2\u00a0foyers, ou 10\u00a0personnes maximum, dans l&rsquo;espace public sont interdits de m\u00eame que les nuit\u00e9es touristiques indique le site\u00a0<a href=\"https:\/\/www.diplomatie.gouv.fr\/fr\/conseils-aux-voyageurs\/conseils-par-pays-destination\/allemagne\/?xtor=RSS-2&amp;t=20201030111022\" target=\"_blank\" rel=\"noopener noreferrer\">France-Diplomatie<\/a>.\u00a0<\/p>\n<ul>\n<li>Les ressortissants fran\u00e7ais voulant se rendre dans le pays doivent\u00a0se\u00a0<b>soumettre \u00e0 un isolement de 14\u00a0jours<\/b>\u00a0et pratiquer un test de d\u00e9pistage, ou bien pr\u00e9senter un test n\u00e9gatif datant de moins de 48\u00a0heures sauf s&rsquo;ils passent\u00a0<b>moins de 24\u00a0heures\u00a0<\/b>en Allemagne (par exemple pour aller y faire des courses).\u00a0<i>\u00ab\u00a0<\/i>\u2009<i>Les fronti\u00e8res doivent rester ouvertes pour que les citoyens puissent continuer \u00e0 vivre leur quotidien de transfrontaliers sans entraves,<\/i>\u2009<i>\u00ab\u00a0<\/i>\u00a0ont indiqu\u00e9\u00a0les ministres-pr\u00e9sidents de Rh\u00e9nanie-Palatinat, Malu Dreyer, de la Sarre, Tobias Hans, et du Bade-Wurtemberg, \u00a0Winfried Kretschmann dans un communiqu\u00e9.\u00a0<\/li>\n<li>Le masque est obligatoire en Allemagne dans les transports en commun et les commerces.<\/li>\n<\/ul>\n<h3 style=\"text-align: center;\">Evolution des nouveaux cas de Covid-19\u00a0en Allemagne, par mois au 13\u00a0novembre.<\/h3>\n<div style=\"text-align:center\">\n<figure class=\"image\" style=\"display:inline-block\"><a class=\"fancy\" href=\"https:\/\/img-3.journaldesfemmes.fr\/TIVi4QZnyuhAOi9M9xu4ZvaC1dA=\/1080x\/smart\/de807769cb6b4b3681f1e728cac69189\/ccmcms-jdf\/20040547.jpg\"><img decoding=\"async\" alt=\"coronavirus-courbe-allemagne-cas\" src=\"https:\/\/img-3.journaldesfemmes.fr\/ewbD--5kdNnfQQJ7CptOo0AFxWo=\/600x\/smart\/de807769cb6b4b3681f1e728cac69189\/ccmcms-jdf\/20040547.jpg\"\/><\/a><figcaption data-credit=\"Universit\u00e9 Johns Hopkins\" data-legend=\"Evolution des nouveaux cas de Covid-19\u00a0en Allemagne, par mois.\">Evolution des nouveaux cas de Covid-19\u00a0en Allemagne, par mois. <small>\u00a9\u00a0Universit\u00e9 Johns Hopkins<\/small><\/figcaption><\/figure>\n<\/div>\n<p>Les \u00c9tats-Unis sont le<b>\u00a0pays le plus lourdement affect\u00e9 au monde\u00a0<\/b>par la pand\u00e9mie de coronavirus en chiffres absolus (cas et d\u00e9c\u00e8s). Dimanche 15\u00a0novembre, plus\u00a0de <strong>10,5<\/strong><b>\u00a0millions de personnes ont \u00e9t\u00e9 contamin\u00e9es (<\/b><strong>10 917 272<\/strong><b>)\u00a0<\/b>et <strong>245 652\u00a0<\/strong><b>en sont mortes<\/b>. C&rsquo;est pourquoi\u00a0le nouveau pr\u00e9sident, <strong>Joe Biden<\/strong> a annonc\u00e9 la mise en place d&rsquo;une <strong>cellule de crise sur le coronavirus<\/strong>, d\u00e8s lundi 9\u00a0novembre. La cellule sera compos\u00e9e de scientifiques et d&rsquo;experts charg\u00e9s de b\u00e2tir \u00ab\u00a0<em>un plan qui entrera en vigueur d\u00e8s le 20\u00a0janvier 2021<\/em>\u00ab\u00a0, le jour de son investiture.<\/p>\n<p>Le nombre global de cas rapport\u00e9s\u00a0<b>augmente<\/b>. Il\u00a0est donc pr\u00e9f\u00e9rable, dans toute la mesure du possible, de\u00a0<b>diff\u00e9rer les d\u00e9placements\u00a0<\/b>pr\u00e9vus aux \u00c9tats-Unis (<b>y compris les croisi\u00e8res<\/b>).\u00a0Les mesures adopt\u00e9es par les autorit\u00e9s am\u00e9ricaines sont \u00e9volutives et le plus souvent d&rsquo;<b>application imm\u00e9diate<\/b>, pr\u00e9vient le site\u00a0<a href=\"https:\/\/www.diplomatie.gouv.fr\/fr\/conseils-aux-voyageurs\/conseils-par-pays-destination\/etats-unis\/#\" target=\"_blank\" rel=\"noopener noreferrer\">France Diplomatie<\/a>. En fonction de l&rsquo;\u00e9volution de la situation sanitaire, les autorit\u00e9s am\u00e9ricaines sont susceptibles de<b>\u00a0modifier, avec un tr\u00e8s court pr\u00e9avis, la liste des pays et des voyageurs faisant l&rsquo;objet de mesures sp\u00e9cifiques<\/b>\u00a0\u00e0 l&rsquo;arriv\u00e9e aux \u00c9tats-Unis. Le premier cas de Covid-19\u00a0avait \u00e9t\u00e9 rapport\u00e9 le 22\u00a0janvier 2020.<\/p>\n<ul>\n<li>\u00a0Les voyageurs \u00e2g\u00e9s de 11\u00a0ans ou plus au d\u00e9part des \u00c9tats-Unis doivent pr\u00e9senter, depuis le 1er ao\u00fbt, le r\u00e9sultat d&rsquo;un test PCR r\u00e9alis\u00e9 moins de 72\u00a0heures avant le vol ne concluant pas \u00e0 une contamination par le Covid-19.<\/li>\n<li>Toutes les personnes arrivant dans l&rsquo;\u00c9tat de New York devront syst\u00e9matiquement s&rsquo;isoler pendant trois jours avant d&rsquo;effectuer un test de d\u00e9tection du coronavirus. Si celui-ci s&rsquo;av\u00e8re n\u00e9gatif, la personne pourra quitter son isolement. Il s&rsquo;agit l\u00e0 d&rsquo;une baisse drastique du temps d&rsquo;isolement qui \u00e9tait de 14\u00a0jours jusqu&rsquo;\u00e0 pr\u00e9sent et ce peu importe le r\u00e9sultat d&rsquo;\u00e9ventuels tests subis pendant ce laps de temps.<\/li>\n<\/ul>\n<h3 style=\"text-align: center;\">Evolution des nouveaux cas de Covid-19\u00a0aux Etats-Unis, par mois au 13\u00a0novembre.<\/h3>\n<div style=\"text-align:center\">\n<figure class=\"image\" style=\"display:inline-block\"><a class=\"fancy\" href=\"https:\/\/img-3.journaldesfemmes.fr\/i-aV26kBRUYNBm125qzbmb_j6AU=\/1080x\/smart\/99d5364d59b042999fedc8ab853c2f8c\/ccmcms-jdf\/20040622.jpg\"><img decoding=\"async\" alt=\"coronavirus-courbe-usa-etats-unis-cas\" src=\"https:\/\/img-3.journaldesfemmes.fr\/2EJ1sNtHfcL9ipxkaGsl778NmiY=\/600x\/smart\/99d5364d59b042999fedc8ab853c2f8c\/ccmcms-jdf\/20040622.jpg\"\/><\/a><figcaption data-credit=\"Universit\u00e9 Johns Hopkins\" data-legend=\"Evolution des nouveaux cas de Covid-19\u00a0aux Etats-Unis, par mois.\">Evolution des nouveaux cas de Covid-19\u00a0aux Etats-Unis, par mois. <small>\u00a9\u00a0Universit\u00e9 Johns Hopkins<\/small><\/figcaption><\/figure>\n<\/div>\n<aside id=\"NL_1085427322\" class=\"newsletter_subscription jNlBlock\"><noscript><br \/>\n            <\/noscript><\/p>\n<h3 class=\"newsletter_subscription-title\">Newsletter <\/h3>\n<p><a href=\"\/\/mailing.ccmbg.com\/archive\/last-85\" target=\"_blank\" class=\"a_hover\" rel=\"noopener noreferrer\">Voir un exemple<\/a><\/p>\n<\/aside>\n<p>Les fronti\u00e8res ext\u00e9rieures \u00e0 l&rsquo;Union Europ\u00e9enne sont ferm\u00e9es. Les Fran\u00e7ais de l&rsquo;\u00e9trangers restent\u00a0libres de regagner le territoire national.\u00a0Un test n\u00e9gatif de moins de 72h est obligatoire pour entrer sur le territoire fran\u00e7ais \u00e0 compter du 28 octobre. Par ailleurs dans les ports et les a\u00e9roports des tests rapides antig\u00e9niques sont d\u00e9ploy\u00e9s pour toutes les arriv\u00e9es.<\/p>\n<table border=\"1\" cellpadding=\"1\" cellspacing=\"1\">\n<thead>\n<tr>\n<th scope=\"col\" style=\"text-align: center;\"><strong>DATES CL\u00c9S DE L&rsquo;\u00c9PID\u00c9MIE DANS LE MONDE<\/strong><\/th>\n<\/tr>\n<tr>\n<td>\n<ul>\n<li><strong>Le 31\u00a0d\u00e9cembre 2019,<\/strong> l&rsquo;Organisation mondiale de la Sant\u00e9 en Chine est inform\u00e9e de plusieurs cas de pneumonies dans la ville de Wuhan. 44\u00a0personnes sont infect\u00e9es entre cette date et le 3\u00a0janvier 2020.<\/li>\n<li><strong>Le 7\u00a0janvier 2020, <\/strong>les autorit\u00e9s chinoises identifient un \u00ab\u00a0nouveau type de coronavirus\u00a0\u00bb.<\/li>\n<li><strong>Le 13\u00a0janvier, <\/strong>un cas import\u00e9 est recens\u00e9 en Tha\u00eflande.<\/li>\n<li><strong>Le 15\u00a0janvier<\/strong>, le virus cause\u00a0la mort d&rsquo;<strong>une premi\u00e8re\u00a0personne \u00e0 Wuhan<\/strong>, un homme de 69\u00a0ans.\u00a0<\/li>\n<li><strong>Le 23\u00a0janvier,<\/strong> trois villes chinoises dont Wuhan sont plac\u00e9es en quarantaine.<\/li>\n<li><strong>Le 25\u00a0janvier, trois personnes\u00a0contamin\u00e9es sont recens\u00e9es en France<\/strong>, deux \u00e0 Paris et une Bordeaux. Ce sont les premiers cas enregistr\u00e9s sur le continent europ\u00e9en.<\/li>\n<li><strong>Le 30\u00a0janvier, <\/strong>l&rsquo;Organisation mondiale de la Sant\u00e9 <strong>d\u00e9cr\u00e8te\u00a0l&rsquo;<a href=\"https:\/\/sante.journaldesfemmes.fr\/fiches-maladies\/2608035-urgence-de-sante-publique-de-portee-internationale-definition-oms-coronavirus\/\" target=\"_blank\" rel=\"noopener noreferrer\">urgence de sant\u00e9 mondiale<\/a><\/strong>.\u00a0Cette mesure n&rsquo;avait \u00e9t\u00e9 d\u00e9cr\u00e9t\u00e9e que 5\u00a0fois depuis sa cr\u00e9ation (pour Ebola (deux fois), la grippe H1N1, Zika et la poliomy\u00e9lite).\u00a0<\/li>\n<li><strong>Le 11\u00a0mars, <\/strong>l&rsquo;OMS classifie de <strong>pand\u00e9mie <\/strong>la diffusion de la maladie \u00e0 coronavirus Covid-19\u00a0dans le monde.<\/li>\n<li><strong>Le 13\u00a0mars<\/strong>, l&rsquo;OMS d\u00e9signe d\u00e9sormais l&rsquo;Europe comme \u00e9picentre.<\/li>\n<li><strong>Le 16\u00a0mars, <\/strong>l&rsquo;Europe ferme ses fronti\u00e8res ainsi que celles de l&rsquo;espace Schengen. La France met en place un dispositif de confinement interdisant les d\u00e9placements.<\/li>\n<li><strong>Le 2\u00a0avril,<\/strong>\u00a0le <strong>million de cas<\/strong> de coronavirus dans le monde est d\u00e9pass\u00e9, et plus de 51.000\u00a0morts, selon le d\u00e9compte de l&rsquo;h\u00f4pital am\u00e9ricain de r\u00e9f\u00e9rence Johns-Hopkins.<\/li>\n<li><strong>Le 28\u00a0juin,<\/strong> le cap des<strong> 10\u00a0millions de cas <\/strong>de coronavirus est franchi\u00a0dans le monde, et les\u00a0<strong>500\u00a0000\u00a0d\u00e9c\u00e8s <\/strong>ont \u00e9t\u00e9 atteints dans la nuit du 28\u00a0au 29\u00a0juin 2020, selon les chiffres de l&rsquo;h\u00f4pital am\u00e9ricain de r\u00e9f\u00e9rence Johns-Hopkins.<\/li>\n<li><strong>Le 11\u00a0ao\u00fbt<\/strong>,\u00a0le cap des<strong>\u00a020\u00a0millions de cas <\/strong>de coronavirus est franchi\u00a0dans le monde, et les <strong>730\u00a0000\u00a0d\u00e9c\u00e8s <\/strong>ont \u00e9t\u00e9 atteints, selon les chiffres de l&rsquo;h\u00f4pital am\u00e9ricain de r\u00e9f\u00e9rence Johns-Hopkins.<\/li>\n<li><strong>Le 30\u00a0ao\u00fbt, <\/strong>le cap\u00a0des <strong>25\u00a0millions de cas<\/strong> de\u00a0Covid-19\u00a0a \u00e9t\u00e9 officiellement franchi \u00e0 travers le monde dans la nuit de samedi \u00e0\u00a0dimanche, dont plus de la moiti\u00e9 en Am\u00e9rique, selon un comptage r\u00e9alis\u00e9\u00a0par l&rsquo;AFP.<\/li>\n<li><strong>Le 18\u00a0septembre<\/strong>, le cap des <strong>30\u00a0millions de cas<\/strong> de coronavirus est franchi dans le monde, et 947\u00a0000\u00a0d\u00e9c\u00e8s sont d\u00e9clar\u00e9s, selon les chiffres de l&rsquo;h\u00f4pital am\u00e9ricain de r\u00e9f\u00e9rence Johns-Hopkins.<\/li>\n<li><strong>Au 1er octobre<\/strong>, le cap du million de morts du Covid-19 dans le monde est franchi.<\/li>\n<li><strong>Au 9 novembre,<\/strong> plus de 50 millions de personnes sont contamin\u00e9es par la Covid-19 dans le monde.\u00a0<\/li>\n<li><strong>Au<\/strong> <strong>10 novembre,<\/strong> les Etats-Unis ont d\u00e9pass\u00e9 les 10 millions de cas.<\/li>\n<li><strong>Au 15 novembre<\/strong>, le Mexique a d\u00e9pass\u00e9 le million de cas de Covid-19.<\/li>\n<\/ul>\n<\/td>\n<\/tr>\n<\/thead>\n<\/table>\n<p><u>Sources :<\/u><\/p>\n<p>&#8211;\u00a0<a href=\"https:\/\/systems.jhu.edu\/research\/public-health\/ncov\/\" target=\"_blank\" rel=\"noopener noreferrer\">Universit\u00e9 John Hopkins<\/a><\/p>\n<p>&#8211;\u00a0<a href=\"https:\/\/www.ecdc.europa.eu\/en\/covid-19-pandemic\" target=\"_blank\" rel=\"noopener noreferrer\">ECDC<\/a><\/p>\n<p>&#8211; Flamb\u00e9e de maladie \u00e0 coronavirus 2019 ( Covid-19), <a href=\"https:\/\/www.who.int\/fr\/emergencies\/diseases\/novel-coronavirus-2019\" target=\"_blank\" rel=\"noopener noreferrer\">OMS\u00a0<\/a><\/p>\n<\/p><\/div>\n<p>[ad_2]<br \/>\n<br \/><a href=\"https:\/\/sante.journaldesfemmes.fr\/fiches-maladies\/2657799-coronavirus-monde-vaccin-europe-nombre-cas-mort-carte-deces-courbe-bilan\/\">Source link <\/a><\/p>\n","protected":false},"excerpt":{"rendered":"<p>[ad_1] Dans le monde, le nombre de nouveaux cas de Covid-19\u00a0a augment\u00e9 de 8% et la mortalit\u00e9 de 21%, par &hellip; <a href=\"http:\/\/www.affinite.fr\/index.php\/2020\/11\/15\/un-premier-vaccin-dici-la-fin-de-lannee\/\" class=\"more-link\">Plus <span class=\"screen-reader-text\">un premier vaccin \u00ab\u00a0d&rsquo;ici la fin de l&rsquo;ann\u00e9e\u00a0\u00bb<\/span> <span class=\"meta-nav\">&rarr;<\/span><\/a><\/p>\n","protected":false},"author":1,"featured_media":5521,"comment_status":"open","ping_status":"open","sticky":false,"template":"","format":"standard","meta":{"_sitemap_exclude":false,"_sitemap_priority":"","_sitemap_frequency":"","footnotes":""},"categories":[1],"tags":[],"class_list":["post-5520","post","type-post","status-publish","format-standard","has-post-thumbnail","hentry","category-tous"],"_links":{"self":[{"href":"http:\/\/www.affinite.fr\/index.php\/wp-json\/wp\/v2\/posts\/5520"}],"collection":[{"href":"http:\/\/www.affinite.fr\/index.php\/wp-json\/wp\/v2\/posts"}],"about":[{"href":"http:\/\/www.affinite.fr\/index.php\/wp-json\/wp\/v2\/types\/post"}],"author":[{"embeddable":true,"href":"http:\/\/www.affinite.fr\/index.php\/wp-json\/wp\/v2\/users\/1"}],"replies":[{"embeddable":true,"href":"http:\/\/www.affinite.fr\/index.php\/wp-json\/wp\/v2\/comments?post=5520"}],"version-history":[{"count":0,"href":"http:\/\/www.affinite.fr\/index.php\/wp-json\/wp\/v2\/posts\/5520\/revisions"}],"wp:featuredmedia":[{"embeddable":true,"href":"http:\/\/www.affinite.fr\/index.php\/wp-json\/wp\/v2\/media\/5521"}],"wp:attachment":[{"href":"http:\/\/www.affinite.fr\/index.php\/wp-json\/wp\/v2\/media?parent=5520"}],"wp:term":[{"taxonomy":"category","embeddable":true,"href":"http:\/\/www.affinite.fr\/index.php\/wp-json\/wp\/v2\/categories?post=5520"},{"taxonomy":"post_tag","embeddable":true,"href":"http:\/\/www.affinite.fr\/index.php\/wp-json\/wp\/v2\/tags?post=5520"}],"curies":[{"name":"wp","href":"https:\/\/api.w.org\/{rel}","templated":true}]}}