{"id":552,"date":"2020-03-12T11:10:28","date_gmt":"2020-03-12T11:10:28","guid":{"rendered":"https:\/\/www.affinite.fr\/index.php\/2020\/03\/12\/les-premiers-mac-a-processeurs-arm-pourraient-arriver-des-la-fin-dannee\/"},"modified":"2020-03-12T11:10:28","modified_gmt":"2020-03-12T11:10:28","slug":"les-premiers-mac-a-processeurs-arm-pourraient-arriver-des-la-fin-dannee","status":"publish","type":"post","link":"http:\/\/www.affinite.fr\/index.php\/2020\/03\/12\/les-premiers-mac-a-processeurs-arm-pourraient-arriver-des-la-fin-dannee\/","title":{"rendered":"Les premiers Mac \u00e0 processeurs ARM pourraient arriver d\u00e8s la fin d&#039;ann\u00e9e"},"content":{"rendered":"<p> [ad_1]<br \/>\n<br \/>Selon l&rsquo;analyste Ming-Chi Kuo, Apple remplacerait les processeurs Intel de certains MacBook par des puces ARM entre fin 2020 et d\u00e9but 2021. Ces nouveaux ordinateurs pourraient d&rsquo;ailleurs avoir droit \u00e0 un tout nouveau design.   <\/p>\n<p> <img decoding=\"async\" src=\"https:\/\/img.bfmtv.com\/c\/150\/100\/2be\/3a20890f215848fc4e262bf2195e8.jpg\" \/><br \/>\n<br \/>[ad_2]<br \/>\n<br \/><a href=\"https:\/\/www.01net.com\/actualites\/les-premiers-mac-a-processeurs-arm-pourraient-arriver-des-la-fin-d-annee-1873584.html\">Source link <\/a><\/p>\n","protected":false},"excerpt":{"rendered":"<p>[ad_1] Selon l&rsquo;analyste Ming-Chi Kuo, Apple remplacerait les processeurs Intel de certains MacBook par des puces ARM entre fin 2020 &hellip; <a href=\"http:\/\/www.affinite.fr\/index.php\/2020\/03\/12\/les-premiers-mac-a-processeurs-arm-pourraient-arriver-des-la-fin-dannee\/\" class=\"more-link\">Plus <span class=\"screen-reader-text\">Les premiers Mac \u00e0 processeurs ARM pourraient arriver d\u00e8s la fin d&#039;ann\u00e9e<\/span> <span class=\"meta-nav\">&rarr;<\/span><\/a><\/p>\n","protected":false},"author":1,"featured_media":553,"comment_status":"open","ping_status":"open","sticky":false,"template":"","format":"standard","meta":{"_sitemap_exclude":false,"_sitemap_priority":"","_sitemap_frequency":"","footnotes":""},"categories":[1],"tags":[],"class_list":["post-552","post","type-post","status-publish","format-standard","has-post-thumbnail","hentry","category-tous"],"_links":{"self":[{"href":"http:\/\/www.affinite.fr\/index.php\/wp-json\/wp\/v2\/posts\/552"}],"collection":[{"href":"http:\/\/www.affinite.fr\/index.php\/wp-json\/wp\/v2\/posts"}],"about":[{"href":"http:\/\/www.affinite.fr\/index.php\/wp-json\/wp\/v2\/types\/post"}],"author":[{"embeddable":true,"href":"http:\/\/www.affinite.fr\/index.php\/wp-json\/wp\/v2\/users\/1"}],"replies":[{"embeddable":true,"href":"http:\/\/www.affinite.fr\/index.php\/wp-json\/wp\/v2\/comments?post=552"}],"version-history":[{"count":0,"href":"http:\/\/www.affinite.fr\/index.php\/wp-json\/wp\/v2\/posts\/552\/revisions"}],"wp:featuredmedia":[{"embeddable":true,"href":"http:\/\/www.affinite.fr\/index.php\/wp-json\/wp\/v2\/media\/553"}],"wp:attachment":[{"href":"http:\/\/www.affinite.fr\/index.php\/wp-json\/wp\/v2\/media?parent=552"}],"wp:term":[{"taxonomy":"category","embeddable":true,"href":"http:\/\/www.affinite.fr\/index.php\/wp-json\/wp\/v2\/categories?post=552"},{"taxonomy":"post_tag","embeddable":true,"href":"http:\/\/www.affinite.fr\/index.php\/wp-json\/wp\/v2\/tags?post=552"}],"curies":[{"name":"wp","href":"https:\/\/api.w.org\/{rel}","templated":true}]}}