{"id":5510,"date":"2020-11-13T18:09:06","date_gmt":"2020-11-13T18:09:06","guid":{"rendered":"https:\/\/www.affinite.fr\/index.php\/2020\/11\/13\/melissa-theuriau-engagee-pour-liberer-la-parole-des-enfants\/"},"modified":"2020-11-13T18:09:06","modified_gmt":"2020-11-13T18:09:06","slug":"melissa-theuriau-engagee-pour-liberer-la-parole-des-enfants","status":"publish","type":"post","link":"http:\/\/www.affinite.fr\/index.php\/2020\/11\/13\/melissa-theuriau-engagee-pour-liberer-la-parole-des-enfants\/","title":{"rendered":"M\u00e9lissa Theuriau engag\u00e9e pour lib\u00e9rer la parole des enfants"},"content":{"rendered":"<p> [ad_1]<br \/>\n<br \/><img decoding=\"async\" src=\"https:\/\/img-3.journaldesfemmes.fr\/ALzfXSNtCdAie6vhw6KGuOfYZUU=\/1280x\/smart\/8354786aa12a4808aef1457e044c68fe\/ccmcms-jdf\/20042949.jpg\" \/><\/p>\n<p>\n                M\u00e9lissa Theuriau, engag\u00e9e contre les violences faites aux enfants, produit un documentaire utile pour \u00e9veiller les consciences et permettre aux jeunes victimes de maltraitance d&rsquo;\u00eatre entendus. Bouche Cousue, diffus\u00e9 ce 18\u00a0novembre sur France 2, nous immisce dans le bureau du juge pour enfant, au tribunal de Bobigny.            <\/p>\n<div>\n<p><strong>Un enfant meurt tous les 4\u00a0jours sous les coups de ses parents<\/strong>. Depuis plusieurs ann\u00e9es, les chiffres sont consternants, bien que le gouvernement se penche sur les <a href=\"https:\/\/www.journaldesfemmes.fr\/maman\/enfant\/2587324-lutte-contre-les-violences-faites-aux-enfants-adrien-taquet\/\" target=\"_blank\" rel=\"noopener noreferrer\"><strong>violences faites aux enfants<\/strong><\/a>, en mettant en place diverses actions de sensibilisation.\u00a0Pour \u00e9veiller les consciences et lib\u00e9rer la parole, <strong>M\u00e9lissa Theuriau<\/strong>, la productrice, et Karine Dusfour, la r\u00e9alisatrice, ont voulu questionner la violence parentale \u00e0 travers le regard des enfants dans le documentaire <strong>Bouche Cousue diffus\u00e9 ce mercredi 18 novembre sur France 2, juste apr\u00e8s le film \u00ab\u00a0La Maladroite\u00a0\u00bb<\/strong>, inspir\u00e9 de <a href=\"https:\/\/www.journaldesfemmes.fr\/maman\/enfant\/2640657-affaire-marina-sabatier-cedh-france-condamnee\/\" target=\"_blank\" rel=\"noopener noreferrer\">l&rsquo;histoire de Marina Sabatier<\/a>. Le documentaire met en lumi\u00e8re\u00a0la parole et l&rsquo;\u00e9coute des enfants, et nous immisce dans le bureau d&rsquo;Edouard Durant, juge des enfants au tribunal de Bobigny. <a href=\"https:\/\/www.journaldesfemmes.fr\/people\/melissa-theuriau\/\" title=\"M\u00e9lissa Theuriau\">M\u00e9lissa Theuriau<\/a> nous en dit plus sur ce\u00a0documentaire et nous parle de\u00a0son combat envers la protection de tous les enfants, \u00e0 l&rsquo;occasion de la <strong>journ\u00e9e internationale des droits de l&rsquo;enfant<\/strong> qui a lieu ce 20 novembre.\u00a0Entretien.\u00a0<\/p>\n<h2>O\u00f9 en sommes-nous dans la lutte contre les violences faites aux enfants\u00a0?<\/h2>\n<p><strong>M\u00e9lissa Theuriau : <\/strong>Je pense que pour mieux rep\u00e9rer les violences, il faut que nous soyons tous alert\u00e9s et conscients que l&rsquo;on a un r\u00f4le d&rsquo;observation \u00e0 jouer, et c&rsquo;est ce qui permettra politiquement d&rsquo;enqu\u00eater r\u00e9guli\u00e8rement sur la prise en compte des besoins fondamentaux des enfants, ce qui n&rsquo;est pas le cas aujourd&rsquo;hui, faute de temps ou de moyens.<strong> Quand un enfant appara\u00eet dans le parcours de l&rsquo;aide sociale \u00e0 l&rsquo;enfance, il dispara\u00eet souvent des radars<\/strong>, il n&rsquo;y a pas d&rsquo;acc\u00e8s aux soins syst\u00e9matiques. Par ailleurs, on ne peut pas savoir, lorsqu&rsquo;un enfant d\u00e9m\u00e9nage, s&rsquo;il est victime de violences puisqu&rsquo;on le perd de vue.\u00a0<a href=\"https:\/\/www.journaldesfemmes.fr\/maman\/enfant\/2416454-strategie-nationale-protection-de-l-enfance-adrien-taquet\/\" target=\"_blank\" rel=\"noopener noreferrer\">Adrien Taquet prend \u00e0 bras le corps la question de la protection de l&rsquo;enfance<\/a>, mais on a envie que \u00e7a aille plus loin et que les ordonnances de protection soient donn\u00e9es plus rapidement lorsque des conjointes ou des \u00e9pouses sont en danger. <strong>Il y a encore beaucoup \u00e0 faire en mati\u00e8re de violences intrafamiliales.<\/strong><\/p>\n<h2>Quel message souhaitez-vous faire passer \u00e0 travers le documentaire Bouche Cousue\u00a0?<\/h2>\n<p><strong>Nous avons produit ce documentaire en mettant en valeur la parole d&rsquo;un juge<\/strong>, qui \u00e9coute chaque enfant, o\u00f9 chacun peut enfin \u00eatre autoris\u00e9 \u00e0 \u00eatre entendu, \u00e0 \u00eatre rassur\u00e9 aussi, montrer que les enfants n&rsquo;ont pas les mots, ils ne sont pas l\u00e0 pour d\u00e9noncer des parents maltraitants, qui sont aussi des parents aimants, et c&rsquo;est toute l&rsquo;ambigu\u00eft\u00e9. Et puis, en \u00e9cho et en miroir, <strong>il y a ces trois adultes (Thierry Beccaro, C\u00e9line Raphael et Gaultier) qui livrent un t\u00e9moignage bouleversant<\/strong>. Ils ont chacun subi des maltraitances durant leur enfance, et ont grandi avec l&#8217;empreinte de cette violence. Ils nous montrent un parcours de r\u00e9silience qui est \u00e0 la fois salutaire et tr\u00e8s encourageant. Ces auditions d&rsquo;enfants permettent aussi de nous \u00e9clairer\u00a0sur les fautes \u00e0 ne pas reproduire, avec des outils pour mieux rep\u00e9rer des cas de maltraitance, que ce soit des voisins, \u00e0 l&rsquo;\u00e9cole ou dans les familles&#8230;\u00a0<strong>Il ne faut pas d\u00e9tourner le regard et rester attentif \u00e0 ce que sont <a href=\"https:\/\/www.journaldesfemmes.fr\/maman\/guide-des-parents\/1287045-que-faire-en-cas-de-maltraitance-infantile\/\" target=\"_blank\" rel=\"noopener noreferrer\">les signaux d&rsquo;un enfant en danger<\/a>. <\/strong>J&rsquo;esp\u00e8re que le travail d&rsquo;Edouard Durant ainsi que les t\u00e9moignages vont permettre d&rsquo;\u00e9veiller les consciences, et politiquement, de faire acc\u00e9l\u00e9rer les lois \u00e0 venir, qui doivent mieux prot\u00e9ger les enfants.<\/p>\n<h2>Comment expliquer que des enfants soient toujours confi\u00e9s \u00e0 leurs parents alors que la m\u00e9decine scolaire a proc\u00e9d\u00e9 \u00e0 des signalements ?<\/h2>\n<p>C&rsquo;est tout le probl\u00e8me, et il y a des avanc\u00e9es qui se font aujourd&rsquo;hui.\u00a0<strong>Les m\u00e9decins par exemple, astreints au secret professionnel, ont aujourd&rsquo;hui l&rsquo;obligation de proc\u00e9der \u00e0 un signalement lorsqu&rsquo;ils constatent des violences commises sur un mineur.\u00a0<\/strong>Cela para\u00eet \u00e9vident, et pourtant ce n&rsquo;\u00e9tait pas le cas il y a encore quelques mois.\u00a0Par ailleurs, un p\u00e8re condamn\u00e9 pour violences conjugales aujourd&rsquo;hui n&rsquo;a plus son mot \u00e0 dire pour signer une sortie scolaire ou un d\u00e9part en colonie&#8230; On avance, mais doucement et je pense que l&rsquo;on peut aller plus loin.\u00a0Il faut aussi que nous soyons tous concern\u00e9s. Dans\u00a0le documentaire Bouche Cousue, on assiste notamment \u00e0 une s\u00e9quence qui se d\u00e9roule chez le juge : un p\u00e8re met en cause la parole de l&rsquo;infirmi\u00e8re qui avait signal\u00e9 des bleus et affirme que sa fille a chut\u00e9 \u00e0 plusieurs reprises \u00e0 l&rsquo;\u00e9cole.\u00a0Mais le juge lui r\u00e9pond avec fermet\u00e9 \u00ab\u00a0<em>Je crois l&rsquo;infirmi\u00e8re scolaire et c&rsquo;est votre enfant que je crois\u00a0\u00bb<\/em>.\u00a0Cela me semble tr\u00e8s important.\u00a0<\/p>\n<h2>Qu&rsquo;est-ce qui vous a le plus marqu\u00e9 lors des auditions entre les enfants et le juge ?<\/h2>\n<p>Je suis boulevers\u00e9e par un moment repr\u00e9sentatif de l&rsquo;humanit\u00e9 de ce juge : lorsqu&rsquo;il s&rsquo;adresse \u00e0 un b\u00e9b\u00e9.\u00a0Car contrairement \u00e0 ce qu&rsquo;un adulte aurait fait, en parlant directement \u00e0 son r\u00e9f\u00e9rent, \u00e0 sa famille d&rsquo;accueil ou \u00e0 l&rsquo;\u00e9ducateur, il s&rsquo;adresse \u00e0 cette petite fille, Myriam, qui, certes n&rsquo;a pas encore la\u00a0capacit\u00e9 de lui r\u00e9pondre, mais il montre qu&rsquo;il la consid\u00e8re \u00e0 part enti\u00e8re comme une enfant, et donc une adulte en devenir, et quelqu&rsquo;un qui compte. Je trouve ce moment tr\u00e8s \u00e9mouvant et cela r\u00e9sume bien la fa\u00e7on individuelle, intense et particuli\u00e8re que le juge consacre \u00e0 chaque dossier, chaque enfant a prot\u00e9ger.<\/p>\n<h2>Comment les enfants abordent-il cette confrontation avec leurs parents et le juge ?<\/h2>\n<p><strong>C&rsquo;est\u00a0important pour les enfants de se sentir \u00e9cout\u00e9s<\/strong> dans cet espace \u00e0 la fois intimidant et difficile \u00e0 vivre.\u00a0Ils se retrouvent devant un juge, dans un tribunal, avec leurs propres parents ou la famille d&rsquo;accueil qui sont soup\u00e7onn\u00e9s de maltraitance et qui sont mis en accusation.\u00a0C&rsquo;est un enfer pour ces enfants, et le juge en a tout \u00e0 fait conscience. <strong>Avoir ces mots rigoureux de rappel \u00e0 la loi \u00e0 l&rsquo;encontre des adultes est donc essentiel pour les enfants<\/strong>. Beaucoup de familles se pensent aimantes et dans le bon droit d&rsquo;\u00e9duquer leurs enfants, mais ne savent pas que la violence est interdite. On est parfois aussi sur <strong>une violence silencieuse, quotidienne et ordinaire. <\/strong>De son c\u00f4t\u00e9, le juge Edouard Durant prend le temps de parler aux adultes, \u00e0 l&rsquo;enfant, puis de faire sortir les adultes pour parler seul \u00e0 l&rsquo;enfant, et tout le monde devrait proc\u00e9der ainsi, pour \u00e9couter la parole de l&rsquo;enfant et essayer de faire un choix \u00e9clair\u00e9.<\/p>\n<h2>Dans quel cas le juge prend-il la d\u00e9cision de retirer l&rsquo;autorit\u00e9 parentale au parent biologique\u00a0?<\/h2>\n<p>C&rsquo;est la libert\u00e9 de chaque juge, d&rsquo;o\u00f9 les disparit\u00e9s et les ann\u00e9es de souffrance que nous rappelle Gautier dans le documentaire.\u00a0<strong>Malgr\u00e9 des signalements et des remont\u00e9es douloureuses de rencontres avec sa m\u00e8re biologique lors des visites m\u00e9diatis\u00e9es, on continue de se dire qu&rsquo;il s&rsquo;agit de sa m\u00e8re biologique et que l&rsquo;enfant doit continuer de la voir. <\/strong>D&rsquo;autant qu&rsquo;elle peut mettre en danger son fils (notamment en cas de besoin de donner son accord pour une intervention chirurgicale, ndlr).\u00a0Pour autant, je crois qu&rsquo;on avance sur ce point et qu<strong>&lsquo;on est en train d&rsquo;en finir avec ce sacro-saint lien biologique avec le p\u00e8re ou la m\u00e8re<\/strong>. Il n&rsquo;y a plus de lien obligatoire si cela fait du mal \u00e0 l&rsquo;enfant et cela doit devenir plus automatique. Mais chaque cas est diff\u00e9rent, on \u00e9voque aussi dans le film beaucoup d&rsquo;angoisses des enfants \u00e0 l&rsquo;id\u00e9e d&rsquo;\u00eatre s\u00e9par\u00e9s de leurs parents. C&rsquo;est toute la difficult\u00e9 pour les juges de devoir trancher en si peu de temps. Le secret, c&rsquo;est d&rsquo;arriver \u00e0 les voir r\u00e9guli\u00e8rement pour pour v\u00e9rifier si l&rsquo;on a ordonn\u00e9 un bon placement pour l&rsquo;enfant et s&rsquo;il est positif.<\/p>\n<h2>Comment rem\u00e9dier aux ruptures de parcours chez les enfants plac\u00e9s ?<\/h2>\n<p>C&rsquo;est un combat que je m\u00e8ne depuis plusieurs ann\u00e9es, et je suis tr\u00e8s attach\u00e9e aux <a href=\"https:\/\/www.journaldesfemmes.fr\/maman\/enfant\/2088468-lyes-louffok-livre-dans-l-enfer-des-foyers\/\" title=\"Enfant plac\u00e9\">enfants plac\u00e9s<\/a>. Il y a une commission sur la protection de l&rsquo;enfance qui d\u00e9nonce r\u00e9guli\u00e8rement ces<strong> ruptures de parcours<\/strong>.\u00a0C&rsquo;est ce que l&rsquo;on appelle \u00ab\u00a0ces violences en creux\u00a0\u00bb, ce sont ces <strong>discontinuit\u00e9s qui existent dans la prise en charge, des ruptures dans les s\u00e9jours, des d\u00e9placements incessants<\/strong>, et un enfant ne peut pas se construire quand il doit se d\u00e9placer et changer plusieurs fois de famille d&rsquo;accueil.\u00a0Il a parfois \u00e0 peine le temps de d\u00e9baller ses affaires, rester quelques mois et repartir dans une autre famille.\u00a0On ne peut ni grandir, ni se construire, ni prendre confiance en soi avec des ballotements et des discontinuit\u00e9s permanentes. <strong>Il faut davantage pr\u00e9venir et rep\u00e9rer ces ruptures de parcours<\/strong>, et v\u00e9rifier beaucoup plus r\u00e9guli\u00e8rement s&rsquo;il y a bien un projet pour l&rsquo;enfant, si la famille est suffisamment bien adapt\u00e9e \u00e0 ses besoins, s&rsquo;il ne manque de rien&#8230;\u00a0Pour cela, <strong>il faut des enqu\u00eates plus r\u00e9guli\u00e8res pour chaque enfant plac\u00e9<\/strong>. Il y a \u00e9galement une perdition des informations entre les diff\u00e9rents services, et il faut que l&rsquo;on parvienne \u00e0 les centraliser notamment au niveau judiciaire, m\u00e9dical, psychologique, \u00e9ducatif\u00a0et de la protection de l&rsquo;enfance, avec une meilleure organisation au niveau des\u00a0d\u00e9partements.\u00a0<\/p>\n<h2>Selon vous, que faudrait-il am\u00e9liorer pour prot\u00e9ger davantage les enfants ?<\/h2>\n<aside id=\"NL_2058207143\" class=\"newsletter_subscription jNlBlock\"><noscript><br \/>\n            <\/noscript><\/p>\n<h3 class=\"newsletter_subscription-title\">Newsletter <\/h3>\n<p><a href=\"\/\/mailing.ccmbg.com\/archive\/last-85\" target=\"_blank\" class=\"a_hover\" rel=\"noopener noreferrer\">Voir un exemple<\/a><\/p>\n<\/aside>\n<p>On est tous impliqu\u00e9s dans la protection de l&rsquo;enfance.\u00a0Lors du dernier confinement, on s&rsquo;est rendu compte que l<a href=\"https:\/\/www.journaldesfemmes.fr\/maman\/enfant\/2626841-maltraitance-confinement-nombre-hausse-appels-au-119\/\" target=\"_blank\" rel=\"noopener noreferrer\">es appels \u00e0 la plateforme de signalement\u00a0avaient augment\u00e9 de plus de 60%<\/a>, ce qui signifie qu&rsquo;une vigilance se met en place naturellement par l&rsquo;entourage de l&rsquo;enfant et que les mentalit\u00e9s sont en train de bouger. C&rsquo;est en tout cas un signal encourageant sur la visibilit\u00e9 de cette maltraitance infantile, qui jusque l\u00e0 \u00e9tait un peu banalis\u00e9e, puisque cela renvoyait \u00e0 l&rsquo;intimit\u00e9 du foyer et qu&rsquo;on n&rsquo;avait pas \u00e0 s&rsquo;en m\u00ealer. En revanche,<strong> les enfants t\u00e9moins de violences conjugales ne doivent pas \u00eatre oubli\u00e9s<\/strong> : ils sont aussi les premi\u00e8res victimes.\u00a0Ce ne sont pas forc\u00e9ment des enfants battus, mais ils seront ballot\u00e9s. Entendre qu&rsquo;il y a encore des femmes qui d\u00e9m\u00e9nagent plus de cinq fois en six mois pour \u00e9chapper \u00e0 un conjoint violent et qu&rsquo;on sait qu&rsquo;elles ont des enfants en bas \u00e2ge, c&rsquo;est insupportable.\u00a0<strong>Tant qu&rsquo;on ne prot\u00e8ge pas ces femmes victimes de violences conjugales, on ne prot\u00e8ge pas les enfants.<\/strong><\/p>\n<table border=\"1\" cellpadding=\"1\" cellspacing=\"1\" style=\"width:100%;\">\n<tbody>\n<tr>\n<td><strong>Dans le cadre de la journ\u00e9e internationale des Droits de l&rsquo;Enfant, France 2\u00a0propose une soir\u00e9e sp\u00e9ciale mercredi 18\u00a0novembre \u00e0 partir de 21.05. Avec en premi\u00e8re partie\u00a0la fiction \u00ab\u00a0La Maladroite\u00a0\u00bb r\u00e9alis\u00e9e par El\u00e9onore Faucher, suivi du documentaire in\u00e9dit \u00ab\u00a0Bouche cousue\u00a0\u00bb r\u00e9alis\u00e9 par Karine Dusfour et produit par M\u00e9lissa Theuriau.\u00a0<\/strong>\u00ab\u00a0Bouche cousue\u00a0\u00bb interroge le silence de notre soci\u00e9t\u00e9 sur les violences faites aux enfants. L&rsquo;enfant en danger ne souhaite pas qu&rsquo;on le remarque et se rend invisible. Parler lui est insupportable car il a peur de ne pas \u00eatre cru, de ne pas \u00eatre compris. C&rsquo;est alors aux adultes de lui poser des questions, d&rsquo;apprendre \u00e0 l&rsquo;\u00e9couter et de vouloir l&rsquo;entendre. Plus que d&rsquo;une lib\u00e9ration de la parole, c&rsquo;est d&rsquo;un renforcement de l&rsquo;\u00e9coute dont ont besoin les enfants maltrait\u00e9s pour sortir de l&rsquo;invisibilisation.<\/td>\n<\/tr>\n<\/tbody>\n<\/table>\n<\/div>\n<p>[ad_2]<br \/>\n<br \/><a href=\"https:\/\/www.journaldesfemmes.fr\/maman\/enfant\/2675905-bouche-cousue-melissa-theuriau\/\">Source link <\/a><\/p>\n","protected":false},"excerpt":{"rendered":"<p>[ad_1] M\u00e9lissa Theuriau, engag\u00e9e contre les violences faites aux enfants, produit un documentaire utile pour \u00e9veiller les consciences et permettre &hellip; <a href=\"http:\/\/www.affinite.fr\/index.php\/2020\/11\/13\/melissa-theuriau-engagee-pour-liberer-la-parole-des-enfants\/\" class=\"more-link\">Plus <span class=\"screen-reader-text\">M\u00e9lissa Theuriau engag\u00e9e pour lib\u00e9rer la parole des enfants<\/span> <span class=\"meta-nav\">&rarr;<\/span><\/a><\/p>\n","protected":false},"author":1,"featured_media":5511,"comment_status":"open","ping_status":"open","sticky":false,"template":"","format":"standard","meta":{"_sitemap_exclude":false,"_sitemap_priority":"","_sitemap_frequency":"","footnotes":""},"categories":[1],"tags":[],"class_list":["post-5510","post","type-post","status-publish","format-standard","has-post-thumbnail","hentry","category-tous"],"_links":{"self":[{"href":"http:\/\/www.affinite.fr\/index.php\/wp-json\/wp\/v2\/posts\/5510"}],"collection":[{"href":"http:\/\/www.affinite.fr\/index.php\/wp-json\/wp\/v2\/posts"}],"about":[{"href":"http:\/\/www.affinite.fr\/index.php\/wp-json\/wp\/v2\/types\/post"}],"author":[{"embeddable":true,"href":"http:\/\/www.affinite.fr\/index.php\/wp-json\/wp\/v2\/users\/1"}],"replies":[{"embeddable":true,"href":"http:\/\/www.affinite.fr\/index.php\/wp-json\/wp\/v2\/comments?post=5510"}],"version-history":[{"count":0,"href":"http:\/\/www.affinite.fr\/index.php\/wp-json\/wp\/v2\/posts\/5510\/revisions"}],"wp:featuredmedia":[{"embeddable":true,"href":"http:\/\/www.affinite.fr\/index.php\/wp-json\/wp\/v2\/media\/5511"}],"wp:attachment":[{"href":"http:\/\/www.affinite.fr\/index.php\/wp-json\/wp\/v2\/media?parent=5510"}],"wp:term":[{"taxonomy":"category","embeddable":true,"href":"http:\/\/www.affinite.fr\/index.php\/wp-json\/wp\/v2\/categories?post=5510"},{"taxonomy":"post_tag","embeddable":true,"href":"http:\/\/www.affinite.fr\/index.php\/wp-json\/wp\/v2\/tags?post=5510"}],"curies":[{"name":"wp","href":"https:\/\/api.w.org\/{rel}","templated":true}]}}