{"id":5506,"date":"2020-11-13T01:44:55","date_gmt":"2020-11-13T01:44:55","guid":{"rendered":"https:\/\/www.affinite.fr\/index.php\/2020\/11\/13\/larnacoeur-sur-w9-la-premiere-apparition-cine-de-philippe-lacheau-et-tarek-boudali-actus-cine\/"},"modified":"2020-11-13T01:44:55","modified_gmt":"2020-11-13T01:44:55","slug":"larnacoeur-sur-w9-la-premiere-apparition-cine-de-philippe-lacheau-et-tarek-boudali-actus-cine","status":"publish","type":"post","link":"http:\/\/www.affinite.fr\/index.php\/2020\/11\/13\/larnacoeur-sur-w9-la-premiere-apparition-cine-de-philippe-lacheau-et-tarek-boudali-actus-cine\/","title":{"rendered":"L&rsquo;Arnacoeur sur W9 : la premi\u00e8re apparition cin\u00e9 de Philippe Lacheau et Tarek Boudali ! &#8211; Actus Cin\u00e9"},"content":{"rendered":"<p> [ad_1]<br \/>\n<\/p>\n<p>La com\u00e9die romantique L&rsquo;Arnacoeur est diffus\u00e9e ce soir sur W9. Avez-vous remarqu\u00e9 le trio de la Bande \u00e0 Fifi dans le film ? Philippe Lacheau, Tarek Boudali et Julien Arruti font en effet leurs premiers pas au cin\u00e9ma dans le film de Pascal Chaumeil.<\/p>\n<div id=\"article-content\">\n<figure class=\"player player-auto-play js-player\" data-model=\"{&quot;context&quot;:&quot;newspage_news&quot;,&quot;launch&quot;:&quot;auto-play&quot;,&quot;followScroll&quot;:true,&quot;endScreen&quot;:true,&quot;disableAutoPause&quot;:true,&quot;videos&quot;:[{&quot;id&quot;:18951660,&quot;sources&quot;:{&quot;medium&quot;:&quot;\/\/fr.vid.web.acsta.net\/nmedia\/s3\/33\/18\/72\/58\/93\/18951660_sd_013.mp4&quot;},&quot;image&quot;:&quot;\/videothumbnails\/18\/10\/05\/17\/13\/1508259.jpg&quot;,&quot;title&quot;:&quot;L'Arnacoeur Bande-annonce VF&quot;,&quot;trackingIdentifier&quot;:&quot;18951660-l_arnacoeur_bande_annonce_vf&quot;,&quot;embedUrl&quot;:&quot;ACraHRACr0cHM6Ly9wbGF5ZXIuYWxsb2NpbmUuZnIvMTg5NTE2NjAuaHRtbA==&quot;,&quot;id_type&quot;:31003,&quot;file_type&quot;:&quot;trailer&quot;,&quot;description&quot;:&quot;&lt;strong&gt;L'Arnacoeur&lt;\/strong&gt; Bande-annonce VF&quot;,&quot;duration&quot;:118,&quot;view_count&quot;:2803462,&quot;added_at&quot;:{&quot;date&quot;:&quot;2010-02-11 00:00:00.000000&quot;,&quot;timezone_type&quot;:3,&quot;timezone&quot;:&quot;Europe\/Paris&quot;},&quot;metas&quot;:{&quot;genre_main_movie&quot;:[{&quot;name&quot;:&quot;Comu00e9die&quot;,&quot;id&quot;:&quot;13005&quot;},{&quot;name&quot;:&quot;Romance&quot;,&quot;id&quot;:&quot;13024&quot;}],&quot;id_main_movie&quot;:148441,&quot;image_main_movie&quot;:&quot;\/medias\/nmedia\/18\/72\/58\/93\/19256845.jpg&quot;,&quot;localized_file_type&quot;:&quot;trailer&quot;,&quot;main_movie_type&quot;:4002,&quot;name_main_movie&quot;:&quot;L'Arnacoeur&quot;,&quot;nb_days_release_main_movie&quot;:-3894,&quot;release_date_main_movie&quot;:{&quot;date&quot;:&quot;2010-03-17 00:00:00.000000&quot;,&quot;timezone_type&quot;:3,&quot;timezone&quot;:&quot;Europe\/Paris&quot;},&quot;release_status_movie&quot;:&quot;Sortie en salle&quot;,&quot;trans_file_type&quot;:&quot;Bande-annonce&quot;},&quot;relatedEntityDistributor&quot;:&quot;Universal Pictures International France&quot;,&quot;relatedEntityDistributorId&quot;:15897,&quot;relatedEntityType&quot;:&quot;movie&quot;,&quot;relatedEntityTrackingIdentifier&quot;:&quot;148441-l_arnacoeur&quot;,&quot;relatedEntityTitle&quot;:&quot;L'Arnacoeur&quot;,&quot;relatedEntityId&quot;:148441,&quot;genres&quot;:[{&quot;id&quot;:&quot;13005&quot;,&quot;name&quot;:&quot;Comu00e9die&quot;},{&quot;id&quot;:&quot;13024&quot;,&quot;name&quot;:&quot;Romance&quot;}],&quot;relatedEntityUrl&quot;:&quot;ACraHRACr0cHM6Ly93d3cuYWxsb2NpbmUuZnIvZmlsbS9maWNoZWZpbG1fZ2VuX2NmaWxtPTE0ODQ0MS5odG1s&quot;,&quot;mediaUrl&quot;:&quot;ACraHRACr0cHM6Ly93d3cuYWxsb2NpbmUuZnIvdmlkZW8vcGxheWVyX2dlbl9jbWVkaWE9MTg5NTE2NjAmY2ZpbG09MTQ4NDQxLmh0bWw=&quot;}],&quot;disablePreroll&quot;:false,&quot;disablePostroll&quot;:false}\" data-thumb=\"https:\/\/fr.web.img2.acsta.net\/r_640_360\/videothumbnails\/18\/10\/05\/17\/13\/1508259.jpg\">\n<\/figure>\n<p>Sorti dans nos salles obscures en 2010,\u00a0<a title=\"L'Arnacoeur (France,Monaco) - 2010 (Com\u00e9die,Romance)\" href=\"http:\/\/www.allocine.fr\/film\/fichefilm_gen_cfilm=148441.html\">L&rsquo;Arnacoeur<\/a> a \u00e9t\u00e9 un v\u00e9ritable succ\u00e8s, totalisant plus de 3,7 millions d&rsquo;entr\u00e9es au box-office fran\u00e7ais. Mais saviez-vous que le film de\u00a0<a title=\"Pascal Chaumeil (France) (R\u00e9alisateur,1er assistant r\u00e9alisateur,Sc\u00e9nariste)\" href=\"http:\/\/www.allocine.fr\/personne\/fichepersonne_gen_cpersonne=138503.html\">Pascal Chaumeil<\/a> \u00e9tait le premier long-m\u00e9trage de cin\u00e9ma de 3 jeunes com\u00e9diens devenus depuis les nouvelles stars de la com\u00e9die fran\u00e7aise ?<\/p>\n<p>Aujourd&rsquo;hui pas de doute, en regardant L&rsquo;Arnacoeur, vous reconnaissez forc\u00e9ment <a title=\"Philippe Lacheau (France) (Acteur,Sc\u00e9nariste,R\u00e9alisateur)\" href=\"http:\/\/www.allocine.fr\/personne\/fichepersonne_gen_cpersonne=422283.html\">Philippe Lacheau<\/a>,\u00a0<a title=\"Tarek Boudali (France) (Acteur,Sc\u00e9nariste,Collaborateur artistique)\" href=\"http:\/\/www.allocine.fr\/personne\/fichepersonne_gen_cpersonne=422282.html\">Tarek Boudali<\/a> et <a title=\"Julien Arruti (France) (Acteur,Sc\u00e9nariste,Dialoguiste)\" href=\"http:\/\/www.allocine.fr\/personne\/fichepersonne_gen_cpersonne=449934.html\">Julien Arruti<\/a>. Mais en 2010, les trois amis n&rsquo;avaient encore jamais tourn\u00e9 au cin\u00e9ma, le film de Pascal Chaumeil est leur premi\u00e8re apparition sur grand \u00e9cran. Pourtant, la bande \u00e0 Fifi avait cette envie depuis de longues ann\u00e9es.<\/p>\n<p>Passionn\u00e9 par la com\u00e9die, Philippe Lacheau commence d\u00e8s son adolescence \u00e0 filmer son fr\u00e8re Pierre Lacheau et ses amis parmis lesquels figure Julien Arruti. Apr\u00e8s avoir d\u00e9but\u00e9 sur Fun TV, le jeune homme int\u00e8gre<i> Le Journal des bonnes nouvelles<\/i> de\u00a0<a title=\"Karl Z\u00e9ro (France) (Acteur,R\u00e9alisateur,Sc\u00e9nariste)\" href=\"http:\/\/www.allocine.fr\/personne\/fichepersonne_gen_cpersonne=35784.html\">Karl Zero<\/a> sur Canal+ et poursuit avec <i>La cave \u00e0 l&rsquo;info<\/i>. Une pastille humoristique pour laquelle il embauche ses amis d&rsquo;enfance Patrick Mbeutcha, Julien Arruti &#8211; \u00a0qui lui pr\u00e9sente alors Tarek Boudali &#8211; et l&rsquo;animatrice <a title=\"Reem Kherici (France) (Acteur,Sc\u00e9nariste,R\u00e9alisateur)\" href=\"http:\/\/www.allocine.fr\/personne\/fichepersonne_gen_cpersonne=253074.html\">Reem Kherici<\/a>, rencontr\u00e9e sur Fun TV. La Bande \u00e0 Fifi est n\u00e9e ! L&rsquo;\u00e9quipe poursuit son ascension en int\u00e9grant la quotidienne du Grand Journal jusqu&rsquo;\u00e0 la fin de la saison 2007. <\/p>\n<p>Les complices d\u00e9cident, d\u00e8s 2007, de se lancer dans le cin\u00e9ma et commencent l&rsquo;\u00e9criture d&rsquo;un long-m\u00e9trage, qui ne verra finalement jamais le jour faute de financement. Philippe Lacheau n&rsquo;est pas assez connu et les maisons de productions sont frileuses. Le groupe d&rsquo;amis change son programme et monte la pi\u00e8ce<i> Qui a tu\u00e9 le mort ?<\/i>, produite par <a title=\"Dominique Farrugia (France) (Acteur,Producteur,R\u00e9alisateur)\" href=\"http:\/\/www.allocine.fr\/personne\/fichepersonne_gen_cpersonne=17766.html\">Dominique Farrugia<\/a>. Mais le succ\u00e8s est mitig\u00e9 et le groupe passe de longs mois \u00e0 attendre les propositions. En 2009, ils pr\u00e9sentent le programme <i>Chut, chut, chut !<\/i> sur W9, mais l&rsquo;envie de faire du cin\u00e9ma est toujours bien pr\u00e9sente.<\/p>\n<div class=\"article-figure-holder\">\n<figure class=\"article-figure mceNonEditable\"><img loading=\"lazy\" decoding=\"async\" class=\"article-figure-img\" src=\"data:image\/gif;base64,R0lGODlhAgABAPAAAAAAAAAAACH5BAEAAAAAIf8LSW1hZ2VNYWdpY2sNZ2FtbWE9MC40NTQ1NQAsAAAAAAIAAQAAAgIECgA7\" data-src=\"https:\/\/fr.web.img4.acsta.net\/r_640_256\/newsv7\/20\/10\/29\/16\/21\/2188390.jpg\" width=\"640\" height=\"320\"\/><figcaption class=\"article-figcaption\">\n            Philippe Lacheau dans \u00ab\u00a0L&rsquo;Arnacoeur\u00a0\u00bb<br \/>\n        <\/figcaption><\/figure>\n<\/div>\n<p>Et soudain tout s&rsquo;acc\u00e9l\u00e8re&#8230;<\/p>\n<p>L&rsquo;ann\u00e9e suivante, Philippe Lacheau, Tarek Boudali et Julien Arruti d\u00e9crochent de petits r\u00f4les dans la com\u00e9die romantique de Pascal Chaumeil, L&rsquo;Arnacoeur. Lacheau incarne le petit ami goujat de Florence, une victime d&rsquo;Alex &#8211; le personnage interpr\u00e9t\u00e9 par\u00a0<a title=\"Romain Duris (France) (Acteur)\" href=\"http:\/\/www.allocine.fr\/personne\/fichepersonne_gen_cpersonne=17028.html\">Romain Duris<\/a> -, Arruti est le fr\u00e8re de Florence, tandis que Boudali appara\u00eet plus tard dans le r\u00f4le du manager de l&rsquo;h\u00f4tel o\u00f9 est descendue <a title=\"Vanessa Paradis (France) (Acteur,Interpr\u00e8te (chansons du film),Compositeur)\" href=\"http:\/\/www.allocine.fr\/personne\/fichepersonne_gen_cpersonne=11882.html\">Vanessa Paradis<\/a>. Si il s&rsquo;agit de simples apparitions, ces r\u00f4les remontent le moral des jeunes com\u00e9diens qui retrouvent confiance. Philippe Lacheau avouera plus tard s&rsquo;\u00eatre beaucoup vant\u00e9 d&rsquo;\u00eatre \u00ab\u00a0le premier r\u00f4le de L&rsquo;Arnacoeur\u00a0\u00bb, pr\u00e9cisant qu&rsquo;effectivement c&rsquo;est lui qui apparait en 1er \u00e0 l&rsquo;\u00e9cran.\u00a0<\/p>\n<p>Tarek Boudali d\u00e9croche alors le r\u00f4le de Kader dans la quotidienne de M6, <a title=\"En Famille (France) (Com\u00e9die)\" href=\"http:\/\/www.allocine.fr\/series\/ficheserie_gen_cserie=10847.html\">En famille<\/a>, tandis que Philippe Lacheau co-\u00e9crit et joue dans<a title=\"Paris \u00e0 tout prix (France) - 2012 (Com\u00e9die)\" href=\"http:\/\/www.allocine.fr\/film\/fichefilm_gen_cfilm=210282.html\"> Paris \u00e0 tout prix<\/a>, la premi\u00e8re r\u00e9alisation de sa complice <span class=\"ACrL3BACrlcnNvbm5lL2ZpY2hlcGVyc29ubmVfZ2VuX2NwZXJzb25uZT0yNTMwNzQuaHRtbA==\" title=\"Reem Kherici (France) (Acteur,Sc\u00e9nariste,R\u00e9alisateur)\">Reem Kherici<\/span>. L&rsquo;ann\u00e9e suivante le jeune acteur passe lui aussi \u00e0 la mise en sc\u00e8ne aux c\u00f4t\u00e9s de Nicolas Benamou et r\u00e9alise la com\u00e9die Babysitting. Un film tourn\u00e9 avec un budget limit\u00e9 mais qui enregistre pourtant plus de 2,3 millions de spectateurs. Depuis la bande \u00e0 Fifi poursuit son ascension.<\/p>\n<\/div>\n<p>[ad_2]<br \/>\n<br \/><a href=\"http:\/\/rss.allocine.fr\/~r\/ac\/actualites\/~3\/uWYM_IsCf3I\/fichearticle_gen_carticle=18694189.html\">Source link <\/a><\/p>\n","protected":false},"excerpt":{"rendered":"<p>[ad_1] La com\u00e9die romantique L&rsquo;Arnacoeur est diffus\u00e9e ce soir sur W9. Avez-vous remarqu\u00e9 le trio de la Bande \u00e0 Fifi &hellip; <a href=\"http:\/\/www.affinite.fr\/index.php\/2020\/11\/13\/larnacoeur-sur-w9-la-premiere-apparition-cine-de-philippe-lacheau-et-tarek-boudali-actus-cine\/\" class=\"more-link\">Plus <span class=\"screen-reader-text\">L&rsquo;Arnacoeur sur W9 : la premi\u00e8re apparition cin\u00e9 de Philippe Lacheau et Tarek Boudali ! &#8211; Actus Cin\u00e9<\/span> <span class=\"meta-nav\">&rarr;<\/span><\/a><\/p>\n","protected":false},"author":1,"featured_media":5507,"comment_status":"open","ping_status":"open","sticky":false,"template":"","format":"standard","meta":{"_sitemap_exclude":false,"_sitemap_priority":"","_sitemap_frequency":"","footnotes":""},"categories":[1],"tags":[],"class_list":["post-5506","post","type-post","status-publish","format-standard","has-post-thumbnail","hentry","category-tous"],"_links":{"self":[{"href":"http:\/\/www.affinite.fr\/index.php\/wp-json\/wp\/v2\/posts\/5506"}],"collection":[{"href":"http:\/\/www.affinite.fr\/index.php\/wp-json\/wp\/v2\/posts"}],"about":[{"href":"http:\/\/www.affinite.fr\/index.php\/wp-json\/wp\/v2\/types\/post"}],"author":[{"embeddable":true,"href":"http:\/\/www.affinite.fr\/index.php\/wp-json\/wp\/v2\/users\/1"}],"replies":[{"embeddable":true,"href":"http:\/\/www.affinite.fr\/index.php\/wp-json\/wp\/v2\/comments?post=5506"}],"version-history":[{"count":0,"href":"http:\/\/www.affinite.fr\/index.php\/wp-json\/wp\/v2\/posts\/5506\/revisions"}],"wp:featuredmedia":[{"embeddable":true,"href":"http:\/\/www.affinite.fr\/index.php\/wp-json\/wp\/v2\/media\/5507"}],"wp:attachment":[{"href":"http:\/\/www.affinite.fr\/index.php\/wp-json\/wp\/v2\/media?parent=5506"}],"wp:term":[{"taxonomy":"category","embeddable":true,"href":"http:\/\/www.affinite.fr\/index.php\/wp-json\/wp\/v2\/categories?post=5506"},{"taxonomy":"post_tag","embeddable":true,"href":"http:\/\/www.affinite.fr\/index.php\/wp-json\/wp\/v2\/tags?post=5506"}],"curies":[{"name":"wp","href":"https:\/\/api.w.org\/{rel}","templated":true}]}}