{"id":5504,"date":"2020-11-12T18:08:01","date_gmt":"2020-11-12T18:08:01","guid":{"rendered":"https:\/\/www.affinite.fr\/index.php\/2020\/11\/12\/un-confinement-qui-preserve-leducation-des-enfants\/"},"modified":"2020-11-12T18:08:01","modified_gmt":"2020-11-12T18:08:01","slug":"un-confinement-qui-preserve-leducation-des-enfants","status":"publish","type":"post","link":"http:\/\/www.affinite.fr\/index.php\/2020\/11\/12\/un-confinement-qui-preserve-leducation-des-enfants\/","title":{"rendered":"un confinement qui pr\u00e9serve l&rsquo;\u00e9ducation des enfants"},"content":{"rendered":"<p> [ad_1]<br \/>\n<br \/><img decoding=\"async\" src=\"https:\/\/img-3.journaldesfemmes.fr\/aG0ZXpWH22L_1v88Tq65hmbZCtY=\/1280x\/smart\/4f45ee0d7df84085924d67fc933d939e\/ccmcms-jdf\/20018257.jpg\" \/><\/p>\n<p>\n                Les r\u00e8gles du confinement restent inchang\u00e9es, au moins durant les 15\u00a0prochains jours, pr\u00e9cise Jean Castex ce jeudi.            <\/p>\n<div>\n<aside class=\"ccmsummary marqueur_module ccmcss_cms_summary ccmcss_cms_summary--right\">\n<p>Sommaire<\/p>\n<\/aside>\n<p><strong>[Mise \u00e0 jour du 12 novembre \u00e0 18h59]. <\/strong>Lors d&rsquo;une conf\u00e9rence de presse ce jeudi,\u00a0Jean Castex fait un point d&rsquo;\u00e9tape sur le <a href=\"https:\/\/www.journaldesfemmes.fr\/societe\/actu\/2670599-confinement-duree-plus-long-strict-controle-sorties-deplacements-magasins-noel-castex\/\" title=\"Confin\u00e9\">confinement<\/a> et la situation sanitaire, \u00e9valu\u00e9e tous les 15 jours.\u00a0\u00ab\u00a0<strong><em>Nous n&rsquo;avons pas souhait\u00e9 reproduire le confinement du printemps dernier qui s&rsquo;\u00e9tait traduit par une mise \u00e0 l&rsquo;arr\u00eat brutale de la vie \u00e9conomique, sociale et \u00e9ducative de notre pays\u00a0\u00bb<\/em><\/strong>, pr\u00e9cise le premier ministre. Ce \u00ab\u00a0confinement adapt\u00e9\u00a0\u00bb cherche \u00e0 \u00ab\u00a0limiter au maximum tous les d\u00e9placements non essentiel, mais qui <strong>pr\u00e9serve l&rsquo;\u00e9ducation de nos enfants<\/strong> et limite autant que possible ses impacts sur l&#8217;emploi et l&rsquo;\u00e9conomie\u00a0\u00bb, ajoute-t-il.<\/p>\n<ul>\n<li style=\"text-align: justify;\"><strong>Assurer la continuit\u00e9 des apprentissages.<\/strong>\u00a0Jean-Michel Blanquer rappelle que les \u00e9l\u00e8ves de CP ont \u00ab\u00a0un peu p\u00e2tis\u00a0\u00bb des effets du confinement tandis que les \u00e9l\u00e8ves de CM2 ont continu\u00e9 \u00e0 progresser. Selon les r\u00e9sultats de la France \u00ab\u00a0nous r\u00e9ussissons \u00e0 traverser l&rsquo;\u00e9pid\u00e9mie en assurant la continuit\u00e9 des apprentissages\u00a0\u00bb, pr\u00e9cise le ministre de l&rsquo;<a href=\"https:\/\/www.journaldesfemmes.fr\/maman\/guide-des-parents\/2666343-education-de-l-enfant\/\" title=\"Education\">Education<\/a>.\u00a0C&rsquo;est pour lui tout l&rsquo;enjeu de cette rentr\u00e9e, sans oublier la s\u00e9curit\u00e9 sanitaire des \u00e9l\u00e8ves.\u00a0Le protocole sanitaire publi\u00e9 au mois de juillet pr\u00e9voit diff\u00e9rentes mesures en fonction des situations \u00e9pid\u00e9miologiques, \u00ab\u00a0o\u00f9 nous pouvons faire \u00e9voluer le curseur, et c&rsquo;est ce qui s&rsquo;est pass\u00e9 depuis le 1er septembre\u00a0\u00bb.\u00a0Le protocole s&rsquo;est appliqu\u00e9 du 1er septembre au 16 octobre et nous a permis le retour en classe de pratiquement tous les \u00e9l\u00e8ves, \u00e0 l&rsquo;\u00e9cole, au <a href=\"https:\/\/www.journaldesfemmes.fr\/maman\/enfant\/college\/\" title=\"Coll\u00e8ge\">coll\u00e8ge<\/a> et au lyc\u00e9e\u00a0\u00bb, rappelle le ministre de l&rsquo;Education.\u00a0Une victoire pour Jean-Michel Blanquer, puisque cela n&rsquo;a pas \u00e9t\u00e9 le cas de tous les pays.\u00a0Le retour \u00e0 l&rsquo;\u00e9cole de tous les \u00e9l\u00e8ves reste donc un objectif fondamental depuis le d\u00e9but de la crise.\u00a0<\/li>\n<li style=\"text-align: justify;\"><strong>Protocole renforc\u00e9 depuis le 2 novembre<\/strong>.\u00a0La deuxi\u00e8me vague accentu\u00e9e par les vacances d&rsquo;automne nous a conduit \u00e0 faire \u00e9voluer nos curseurs : nous avons donc durci le protocole depuis le 2 novembre, avec la limitation du brassage des \u00e9l\u00e8ves, la g\u00e9n\u00e9ralisation du port du masque pour tous les \u00e9l\u00e8ves d\u00e8s le CP, l&rsquo;a\u00e9ration, la d\u00e9sinfection plus fr\u00e9quente des locaux, etc.\u00a0rappelle Jean-Michel Blanquer. Il reconna\u00eet que certains \u00e9tablissements ont rencontr\u00e9 des difficult\u00e9s \u00e0 s&rsquo;adapter face \u00e0 ces nouvelles mesures et que dans les lyc\u00e9es, la limitation du brassage des \u00e9l\u00e8ves est plus complexe \u00e0 organiser notamment en raison de la taille des \u00e9tablissements, et du fait des d\u00e9placements plus nombreux des \u00e9l\u00e8ves.\u00a0<\/li>\n<li style=\"text-align: justify;\"><strong>Mesures au <a href=\"https:\/\/www.journaldesfemmes.fr\/maman\/enfant\/lycee\/\" title=\"Lyc\u00e9e\">lyc\u00e9e<\/a>.<\/strong>\u00a0Depuis la semaine derni\u00e8re, une plus grande souplesse a \u00e9t\u00e9 mise en place pour les lyc\u00e9ens, de fa\u00e7on \u00e0 ce que dans un cadre national bien d\u00e9fini, ils puissent avoir des adaptations locales correspondant \u00e0 leur r\u00e9alit\u00e9. \u00ab\u00a0<em>Nous avons \u00e9tabli cela avec les chefs d&rsquo;\u00e9tablissements, les partenaires sociaux et ce cadrage pr\u00e9cise que dans la mesure o\u00f9 un lyc\u00e9e peut encore le faire (lyc\u00e9es avec peu d&rsquo;\u00e9l\u00e8ves par exemple), la pr\u00e9sence \u00e0 100%\u00a0des \u00e9l\u00e8ves reste souhaitable\u00a0\u00bb<\/em>.\u00a0En revanche, s&rsquo;il n&rsquo;est pas possible pour un \u00e9tablissement d&rsquo;assurer les conditions sanitaires requises lorsque tous les \u00e9l\u00e8ves sont pr\u00e9sents, des solutions hybrides sont alors propos\u00e9es.\u00a0Jean-Michel Blanquer souhaite qu&rsquo;au minimum, 50% du temps scolaire de l&rsquo;\u00e9l\u00e8ve se d\u00e9roule en pr\u00e9sentiel d&rsquo;ici la fin de l&rsquo;ann\u00e9e civile pour garantir le maintien d&rsquo;un lien fort avec la classe. Chaque lyc\u00e9e devra \u00e9galement \u00e9tablir, avec le soutien de chaque rectorat, un plan pr\u00e9cis de suivi et de continuit\u00e9 p\u00e9dagogique qui d\u00e9taille les modalit\u00e9s de l&rsquo;enseignement \u00e0 distance.<\/li>\n<li style=\"text-align: justify;\"><strong>Il serait irresponsable d&rsquo;all\u00e9ger le dispositif actuel<\/strong>, pr\u00e9cise Jean Castex. \u00ab\u00a0Nous avons adapt\u00e9 les r\u00e8gles dans les lyc\u00e9es afin d&rsquo;y accro\u00eetre le respect de la s\u00e9curit\u00e9 sanitaire\u00a0\u00bb.\u00a0<\/li>\n<li style=\"text-align: justify;\"><strong>Aide aux \u00e9tudiants.<\/strong>\u00a0Chacune des 800 cit\u00e9s universitaires de France va disposer de deux r\u00e9f\u00e9rents \u00e9tudiants qui viendront renforcer le travail des services des Crous, notamment pour accompagner les \u00e9tudiants de premi\u00e8re ann\u00e9e et ceux qui sont les plus en difficult\u00e9. Pr\u00e8s de 1500 emplois \u00e9tudiants seront ainsi cr\u00e9\u00e9s en novembre, d\u00e9cembre et janvier, dans un contexte o\u00f9 l&#8217;emploi \u00e9tudiant est difficile.\u00a0Le plan \u00ab\u00a0un jeune, une solution\u00a0\u00bb continuera \u00e0 \u00eatre d\u00e9ploy\u00e9.\u00a0Il mobilise une part importante des plans de relance, pr\u00e9cise le ministre.<\/li>\n<li style=\"text-align: justify;\"><strong>Les r\u00e8gles du confinement\u00a0inchang\u00e9es au moins durant les 15 prochains jours<\/strong>, y compris pour les commer\u00e7ants.\u00a0\u00ab\u00a0Nous devons continuer \u00e0 apporter un soutien \u00e9conomique massif pour toutes les entreprises et commerces ferm\u00e9s\u00a0\u00bb assure le Premier ministre.\u00a0Le dispositif de ch\u00f4mage partiel reste maintenu.\u00a0<\/li>\n<li style=\"text-align: justify;\"><strong>Quelle visibilit\u00e9 au cours des prochaines semaines\u00a0?<\/strong>\u00a0\u00ab\u00a0Nous suivons deux indicateurs : celui de la circulation du virus et un indicateur de pression sur le syst\u00e8me hospitalier.\u00a0Nous observons un infl\u00e9chissement du nombre de cas positifs.\u00a0Si cette tendance ne se confirme pas la semaine prochaine et que le nombre de patients Covid devait continuer \u00e0 augmenter, alors nous serions amen\u00e9s \u00e0 prendre des mesures suppl\u00e9mentaires afin d&rsquo;arr\u00eater la vague.\u00a0\u00ab\u00a0Nous pensons que le pic de la deuxi\u00e8me vague pourrait \u00eatre atteint dans nos h\u00f4pitaux en d\u00e9but de semaine prochaine\u00a0\u00bb, pr\u00e9cise Jean Castex.\u00a0<\/li>\n<li style=\"text-align: justify;\"><strong>Des all\u00e8gements possibles \u00e0 partir du 1er d\u00e9cembre.\u00a0<\/strong>A l&rsquo;inverse, si la tendance observ\u00e9e ces derniers jours se confirme, \u00ab\u00a0des premiers all\u00e8gements pourraient intervenir \u00e0 compter du 1er d\u00e9cembre,\u00a0mais ils seraient strictement limit\u00e9s aux commerces que nous avons d\u00fb fermer \u00e0 partir du confinement. Et leur r\u00e9ouverture ne pourrait s&rsquo;envisager que sur la base d&rsquo;un protocole renforc\u00e9\u00a0\u00bb.<\/li>\n<li style=\"text-align: justify;\"><strong><a href=\"https:\/\/www.journaldesfemmes.fr\/maman\/magazine-actu-des-parents\/2571145-noel-2020-confinement-vente-sapins-20-novembre-noel-en-famille\/\" target=\"_blank\" rel=\"noopener noreferrer\">Pas de grandes f\u00eates pour No\u00ebl<\/a>.\u00a0<\/strong>Notre objectif\u00a0: un nouvel all\u00e9gement pour les f\u00eates de No\u00ebl. On pourra bien s\u00fbr se retrouver avec les siens, mais il ne serait pas raisonnable d&rsquo;envisager d&rsquo;organiser de grandes f\u00eates \u00e0 plusieurs dizaines de personnes, notamment pour le r\u00e9veillon du 31 d\u00e9cembre\u00a0\u00bb, pr\u00e9cise le premier ministre.<\/li>\n<\/ul>\n<p><strong>Blocages de lyc\u00e9es, gr\u00e8ve sanitaire du 10\u00a0novembre..<\/strong>.\u00a0Les derni\u00e8res semaines ont \u00e9t\u00e9 mouvement\u00e9es pour l&rsquo;Education nationale.\u00a0Inquiets, les syndicats et parents d&rsquo;\u00e9l\u00e8ves ont en effet d\u00e9nonc\u00e9\u00a0le <strong>non respect du protocole dans les \u00e9tablissements scolaires<\/strong>\u00a0<span style=\"font-size: 1rem;\">notamment dans les cantines et les couloirs bond\u00e9s, les salles des \u00e9l\u00e8ves qui ne sont pas suffisamment a\u00e9r\u00e9es, et ont lanc\u00e9 le <strong>hashtag #BalanceTonProtocole<\/strong>\u00a0: chacun y partage des photos o\u00f9 le\u00a0<\/span><strong style=\"font-size: 1rem;\"><a href=\"https:\/\/www.journaldesfemmes.fr\/maman\/enfant\/2638931-protocole-sanitaire-ecole-novembre\/\" target=\"_blank\" rel=\"noopener noreferrer\">protocole sanitaire<\/a><\/strong><span style=\"font-size: 1rem;\"> n&rsquo;est pas respect\u00e9. Avant la gr\u00e8ve du 10\u00a0novembre, le ministre de l&rsquo;Education nationale a annonc\u00e9 que\u00a0les<\/span><strong style=\"font-size: 1rem;\"> lyc\u00e9ens<\/strong><span style=\"font-size: 1rem;\"> pourraient suivre les <\/span><strong style=\"font-size: 1rem;\">cours \u00e0 distance<\/strong><span style=\"font-size: 1rem;\"> avec 50% en pr\u00e9sentiel pour chaque \u00e9l\u00e8ve et que le <a href=\"https:\/\/www.journaldesfemmes.fr\/maman\/guide-des-parents\/1444813-bac-2021-controle-continu-epreuves-specialite-epreuves-communes-annulee-lycee-confinement\/\" target=\"_blank\" rel=\"noopener noreferrer\">baccalaur\u00e9at<\/a> serait une nouvelle fois adapt\u00e9 \u00e0 la crise sanitaire.<\/span>\u00a0Mais<span style=\"font-size: 1rem;\">\u00a0cette nouvelle mesure de cours \u00e0 distance ne concerne pas\u00a0<\/span><strong style=\"font-size: 1rem;\">les coll\u00e9giens et \u00e9coliers\u00a0<\/strong><span style=\"font-size: 1rem;\">qui sont selon eux\u00a0dans le m\u00eame cas de figure d\u00e9plorent les syndicats.<\/span><\/p>\n<div class=\"ccminsert\">\n<blockquote class=\"twitter-tweet\">\n<p dir=\"ltr\" lang=\"fr\">Dans un lyc\u00e9e de la Dr\u00f4me.<\/p>\n<p>Cantines surcharg\u00e9es, couloirs bond\u00e9s, salles non a\u00e9r\u00e9es Partout, les m\u00eames images et le m\u00eame constat : le protocole sanitaire renforc\u00e9 \u00ab\u00a0si possible\u00a0\u00bb n&rsquo;assure pas la s\u00e9curit\u00e9 de tous.<\/p>\n<p>T\u00e9moignez avec <a href=\"https:\/\/twitter.com\/hashtag\/BalanceTonProtocole?src=hash&amp;ref_src=twsrc%5Etfw\">#BalanceTonProtocole<\/a> ou envoyez-nous vos photos. <a href=\"https:\/\/t.co\/7S0eyWgU4E\">pic.twitter.com\/7S0eyWgU4E<\/a><\/p>\n<p>\u2014 SNES-FSU (@SNESFSU) <a href=\"https:\/\/twitter.com\/SNESFSU\/status\/1323993931223388160?ref_src=twsrc%5Etfw\">November 4, 2020<\/a><\/p><\/blockquote>\n<\/div>\n<p>Face \u00e0 l&rsquo;inqui\u00e9tude des lyc\u00e9ens et pour limiter le brassage des \u00e9l\u00e8ves, Jean-Michel Blanquer a d\u00e9cid\u00e9 d&rsquo;instaurer un <strong>plan de continuit\u00e9 p\u00e9dagogique avec 50% de cours en pr\u00e9sentiel<\/strong> pour chaque \u00e9l\u00e8ve.\u00a0<strong>Le baccalaur\u00e9at 2020-2021\u00a0est \u00e9galement am\u00e9nag\u00e9<\/strong>, \u00ab\u00a0aussi bien pour le <strong>contr\u00f4le continu\u00a0que pour les \u00e9preuves de sp\u00e9cialit\u00e9s\u00a0\u00bb<\/strong>, pr\u00e9cise le ministre de l&rsquo;Education.\u00a0Concr\u00e8tement, les <strong>\u00e9valuations communes n&rsquo;auront pas lieu et se passeront en contr\u00f4le continu<\/strong>, avec la moyenne des bulletins scolaires des \u00e9l\u00e8ves de Premi\u00e8re et de Terminale.\u00a0\u00ab\u00a0<em>En pratique, cette mesure concerne l&rsquo;histoire-g\u00e9ographie, les langues vivantes, et la sp\u00e9cialit\u00e9 qui n&rsquo;est pas poursuivie en terminale, ainsi que les math\u00e9matiques pour la voie technologique et l&rsquo;enseignement scientifique pour la voie g\u00e9n\u00e9rale. Elle concerne les \u00e9l\u00e8ves en terminale, inscrits pour la session 2021, comme les \u00e9l\u00e8ves en premi\u00e8re inscrits \u00e0 la session 2022, pour les \u00e9valuations communes pr\u00e9vues cette ann\u00e9e scolaire<\/em>\u00a0\u00bb pr\u00e9cise le ministre de l&rsquo;Education dans un communiqu\u00e9 du 5\u00a0novembre.<\/p>\n<p><strong>Les \u00e9preuves de terminales sur les enseignements de sp\u00e9cialit\u00e9<\/strong> sont maintenues en mars 2021, mais elles seront \u00e9galement adapt\u00e9es face \u00e0 la crise sanitaire.\u00a0Deux sujets ou des exercices au choix seront propos\u00e9s pour chaque \u00e9preuve et l&rsquo;un des deux sujets devra avoir \u00e9t\u00e9 \u00e9tudi\u00e9 en cours par l&rsquo;\u00e9l\u00e8ve. Enfin, le minist\u00e8re rappelle que <a href=\"https:\/\/www.journaldesfemmes.fr\/maman\/guide-des-parents\/1880884-parcoursup-2021-calendrier-etapes-covid\/\" target=\"_blank\" rel=\"noopener noreferrer\"><strong>le calendrier de Parcoursup reste inchang\u00e9<\/strong><\/a>.\u00a0<\/p>\n<p><strong>Lyc\u00e9es, universit\u00e9s et confinement\u00a0: Pour les BTS, IUT et pr\u00e9pas<\/strong>, les cours se tiennent\u00a0\u00e0 distance. En revanche, les travaux pratiques se feront en pr\u00e9sentiel, a pr\u00e9cis\u00e9 Gabriel Attal ce 29\u00a0octobre.<\/p>\n<p>Pendant le confinement, une attestation pour se rendre au travail, \u00e0 un rendez-vous m\u00e9dical, pour porter assistance, faire ses courses ou prendre l&rsquo;air seront possibles. Les \u00e9coles restant ouvertes durant le confinement, une <strong><a href=\"https:\/\/www.interieur.gouv.fr\/Actualites\/L-actu-du-Ministere\/Attestations-de-deplacement\" target=\"_blank\" rel=\"noopener noreferrer\">nouvelle attestation scolaire est disponible<\/a>\u00a0<\/strong>pour les parents qui d\u00e9poseront ou iront chercher leurs enfants \u00e0 l&rsquo;\u00e9cole ou \u00e0 leurs activit\u00e9s p\u00e9riscolaires.<\/p>\n<aside id=\"NL_234784830\" class=\"newsletter_subscription jNlBlock\"><noscript><br \/>\n            <\/noscript><\/p>\n<h3 class=\"newsletter_subscription-title\">Newsletter <\/h3>\n<p><a href=\"\/\/mailing.ccmbg.com\/archive\/last-85\" target=\"_blank\" class=\"a_hover\" rel=\"noopener noreferrer\">Voir un exemple<\/a><\/p>\n<\/aside>\n<p>Alors que le confinement a d\u00e9but\u00e9 le 30\u00a0octobre, les cr\u00e8ches, \u00e9coles, coll\u00e8ges et lyc\u00e9es ainsi que les<strong> \u00e9tablissements p\u00e9riscolaires<\/strong> restent ouverts avec des protocoles sanitaires renforc\u00e9s. \u00ab\u00a0<em>Nos enfants ne sauraient \u00eatre durablement priv\u00e9s d&rsquo;\u00e9ducation, de contact avec le syst\u00e8me scolaire<\/em>\u00a0\u00bb a d\u00e9clar\u00e9\u00a0Emmanuel Macron, qui a notamment point\u00e9 du doigt les <a href=\"https:\/\/www.journaldesfemmes.fr\/maman\/enfant\/2634439-fermeture-des-ecoles-confinement-consequences-enfants\/\" target=\"_blank\" rel=\"noopener noreferrer\">cons\u00e9quences sur l&rsquo;\u00e9ducation<\/a>,\u00a0en particulier pour les plus modestes.\u00a0A l&rsquo;inverse,<strong> les facult\u00e9s et les \u00e9tablissements d&rsquo;enseignement sup\u00e9rieur assureront des cours \u00e0 distance<\/strong>.\u00a0<em>\u00ab\u00a0Au-del\u00e0 des cons\u00e9quences \u00e9ducatives pour les enfants, le confinement peut aussi avoir des cons\u00e9quences sur leur d\u00e9veloppement psychique et m\u00eame sur leur sant\u00e9<\/em>\u00ab\u00a0, a rappel\u00e9\u00a0Jean-Michel Blanquer ce 29\u00a0octobre. Il ajoute que les contaminations qui peuvent exister se passent g\u00e9n\u00e9ralement \u00ab\u00a0en dehors des \u00e9tablissements scolaires\u00a0\u00bb.\u00a0Maintenir les \u00e9coles ouvertes est donc une priorit\u00e9 pour le minist\u00e8re de l&rsquo;Education.\u00a0<\/p>\n<\/p><\/div>\n<p><script async src=\"http:\/\/platform.twitter.com\/widgets.js\" charset=\"utf-8\"><\/script><br \/>\n<br \/>[ad_2]<br \/>\n<br \/><a href=\"https:\/\/www.journaldesfemmes.fr\/maman\/enfant\/1849367-ecole-college-lycee-discours-jean-castex-confinement-covid\/\">Source link <\/a><\/p>\n","protected":false},"excerpt":{"rendered":"<p>[ad_1] Les r\u00e8gles du confinement restent inchang\u00e9es, au moins durant les 15\u00a0prochains jours, pr\u00e9cise Jean Castex ce jeudi. Sommaire [Mise &hellip; <a href=\"http:\/\/www.affinite.fr\/index.php\/2020\/11\/12\/un-confinement-qui-preserve-leducation-des-enfants\/\" class=\"more-link\">Plus <span class=\"screen-reader-text\">un confinement qui pr\u00e9serve l&rsquo;\u00e9ducation des enfants<\/span> <span class=\"meta-nav\">&rarr;<\/span><\/a><\/p>\n","protected":false},"author":1,"featured_media":5505,"comment_status":"open","ping_status":"open","sticky":false,"template":"","format":"standard","meta":{"_sitemap_exclude":false,"_sitemap_priority":"","_sitemap_frequency":"","footnotes":""},"categories":[1],"tags":[],"class_list":["post-5504","post","type-post","status-publish","format-standard","has-post-thumbnail","hentry","category-tous"],"_links":{"self":[{"href":"http:\/\/www.affinite.fr\/index.php\/wp-json\/wp\/v2\/posts\/5504"}],"collection":[{"href":"http:\/\/www.affinite.fr\/index.php\/wp-json\/wp\/v2\/posts"}],"about":[{"href":"http:\/\/www.affinite.fr\/index.php\/wp-json\/wp\/v2\/types\/post"}],"author":[{"embeddable":true,"href":"http:\/\/www.affinite.fr\/index.php\/wp-json\/wp\/v2\/users\/1"}],"replies":[{"embeddable":true,"href":"http:\/\/www.affinite.fr\/index.php\/wp-json\/wp\/v2\/comments?post=5504"}],"version-history":[{"count":0,"href":"http:\/\/www.affinite.fr\/index.php\/wp-json\/wp\/v2\/posts\/5504\/revisions"}],"wp:featuredmedia":[{"embeddable":true,"href":"http:\/\/www.affinite.fr\/index.php\/wp-json\/wp\/v2\/media\/5505"}],"wp:attachment":[{"href":"http:\/\/www.affinite.fr\/index.php\/wp-json\/wp\/v2\/media?parent=5504"}],"wp:term":[{"taxonomy":"category","embeddable":true,"href":"http:\/\/www.affinite.fr\/index.php\/wp-json\/wp\/v2\/categories?post=5504"},{"taxonomy":"post_tag","embeddable":true,"href":"http:\/\/www.affinite.fr\/index.php\/wp-json\/wp\/v2\/tags?post=5504"}],"curies":[{"name":"wp","href":"https:\/\/api.w.org\/{rel}","templated":true}]}}