{"id":5492,"date":"2020-11-09T18:04:50","date_gmt":"2020-11-09T18:04:50","guid":{"rendered":"https:\/\/www.affinite.fr\/index.php\/2020\/11\/09\/masque-presence-des-peres-suivi-et-allaitement\/"},"modified":"2020-11-09T18:04:50","modified_gmt":"2020-11-09T18:04:50","slug":"masque-presence-des-peres-suivi-et-allaitement","status":"publish","type":"post","link":"http:\/\/www.affinite.fr\/index.php\/2020\/11\/09\/masque-presence-des-peres-suivi-et-allaitement\/","title":{"rendered":"masque, pr\u00e9sence des p\u00e8res, suivi et allaitement"},"content":{"rendered":"<p> [ad_1]<br \/>\n<br \/><img decoding=\"async\" src=\"https:\/\/img-3.journaldesfemmes.fr\/xzRNgIIWfnzPoldJxDeKzpRo-ek=\/1280x\/smart\/b1ddf13137a740dea529a2c8e3f47a90\/ccmcms-jdf\/19947221.jpg\" \/><\/p>\n<p>\n                Dans le contexte de pand\u00e9mie \u00e0 Covid-19, les recommandations concernant l&rsquo;accouchement et le suivi post-natal \u00e9voluent constamment. Port du masque recommand\u00e9 mais pas obligatoire, pr\u00e9sence des p\u00e8res \u00e0 l&rsquo;accouchement et en suites de couches, allaitement\u2026 Ce qu&rsquo;il faut savoir.            <\/p>\n<div>\n<aside class=\"ccmsummary marqueur_module ccmcss_cms_summary ccmcss_cms_summary--right\">\n<p>Sommaire<\/p>\n<\/aside>\n<p><strong>[Mise \u00e0 jour du 9 novembre \u00e0 18h35].\u00a0<\/strong>Face \u00e0 la deuxi\u00e8me vague de l&rsquo;\u00e9pid\u00e9mie de <a href=\"https:\/\/sante.journaldesfemmes.fr\/fiches-maladies\/2605417-coronavirus-france-mortalite-cas-nombre-direct-courbe-carte-pic-evolution-confinement-bilan-deces-vaccin-pfizer\/\" title=\"N-Cov\">coronavirus<\/a>, le gouvernement appuie les derni\u00e8res recommandations du CNGOF concernant les accouchements et particuli\u00e8rement le <strong>port du masque<\/strong>, dans un communiqu\u00e9 du 9 novembre.\u00a0Ainsi le\u00a0Ministre\u00a0de la Sant\u00e9, la Ministre de l&rsquo;\u00e9galit\u00e9 entre les hommes et les femmes et le Secr\u00e9taire d&rsquo;Etat charg\u00e9 de l&rsquo;Enfance rappellent\u00a0que <strong>le \u00ab\u00a0<em>port du masque chez la femme qui accouche est souhaitable en pr\u00e9sence des soignants mais qu&rsquo;il ne peut en aucun cas \u00eatre rendu obligatoire\u00a0\u00bb<\/em><\/strong>. Une position partag\u00e9e par le Haut Conseil de la sant\u00e9 publique\u00a0(HCSP) et\u00a0le Coll\u00e8ge national des gyn\u00e9cologues et obst\u00e9triciens fran\u00e7ais (CNGOF).\u00a0<\/p>\n<p>Suite \u00e0 de nombreuses plaintes de femmes d\u00e9non\u00e7ant <strong>l&rsquo;obligation de porter le masque pendant l&rsquo;<a href=\"https:\/\/www.journaldesfemmes.fr\/maman\/grossesse\/2643563-accouchement\/\" title=\"Accouchement\">accouchement<\/a>,<\/strong> le Coll\u00e8ge national des gyn\u00e9cologues et obst\u00e9triciens fran\u00e7ais (CNGOF) avait, en effet,\u00a0\u00a0actualis\u00e9 ses recommandations. Ainsi, <strong>les femmes ne pr\u00e9sentant pas de sympt\u00f4me du <a href=\"https:\/\/sante.journaldesfemmes.fr\/maladies\/2619933-maladie-covid-19-definition-origine-nom-symptome-incubation-traitement-depistage-prevention-duree-contagion\/\" title=\"Covid 19\">covid-19<\/a>\u00a0peuvent\u00a0accoucher sans masque,<\/strong> m\u00eame s&rsquo;il reste vivement conseill\u00e9. Il pr\u00e9cise\u00a0: \u00ab\u00a0<em>pendant les efforts expulsifs, le port du masque est souhaitable car il prote\u0300ge les soignants et la femme elle-me\u0302me. <strong>Il ne peut e\u0302tre impose\u0301. <\/strong>On peut proposer le recours a\u0300 une visie\u0300re adapte\u0301e au visage de fac\u0327on a\u0300 faciliter les efforts et la communication avec l&rsquo;e\u0301quipe soignante. Si la patiente n&rsquo;a ni masque ni visie\u0300re, le masque porte\u0301 par le personnel doit e\u0302tre un masque FFP2\u00a0de manie\u0300re a\u0300 apporter une protection maximale au personnel de sante\u0301 (+ lunettes de protection)<\/em>\u00ab\u00a0. En revanche, les futures mamans pr\u00e9sent\u00e9es comme des \u00ab\u00a0cas possibles\u00a0\u00bb doivent imp\u00e9rativement porter un masque. A noter que pour l&rsquo;heure, les maternit\u00e9s sont libres d&rsquo;imposer leurs propres r\u00e8gles sanitaires. Olivier V\u00e9ran, Ministre de la Sant\u00e9, \u00c9lisabeth Moreno, Ministre de l&rsquo;\u00e9galit\u00e9 entre les hommes et les femmes\u00a0et Adrien Taquet , Secr\u00e9taire d&rsquo;Etat charge de l&rsquo;Enfance, s&rsquo;associent \u00e9galement au CNGOF pour rappeler que \u00ab\u00a0<em>la naissance doit rester un moment privil\u00e9gi\u00e9 m\u00eame dans ce contexte d&rsquo;\u00e9pid\u00e9mie sachant que chacun doit \u00eatre attentif au respect des consignes de s\u00e9curit\u00e9 donn\u00e9es par les personnels des maternit\u00e9s<\/em>\u00ab\u00a0. Les ministres confirment \u00e9galement que le masque ne peut en aucun cas \u00eatre impos\u00e9 pendant l&rsquo;accouchement.<\/p>\n<p>Pendant le confinement, les papas ne pouvaient assister qu&rsquo;\u00e0 l&rsquo;accouchement (dans certaines maternit\u00e9s) et seulement aux 2\u00a0heures qui suivaient la naissance de leur b\u00e9b\u00e9. Le dispositif a ensuite \u00e9t\u00e9 assoupli pour leur permettre de soutenir la maman \u00e0 la naissance. \u00a0Dans un communiqu\u00e9 publi\u00e9 ce 30\u00a0septembre, le Coll\u00e8ge national des Gyn\u00e9cologues et Obst\u00e9triciens Fran\u00e7ais (CNGOF) indique, en effet,\u00a0que <strong>\u00ab\u00a0la pr\u00e9sence du p\u00e8re est souhaitable au maximum, y compris pendant une \u00e9ventuelle c\u00e9sarienne <\/strong>(sous couvert d&rsquo;une charte des visiteurs, la recherche de sympt\u00f4mes compatibles avec un covid, le respect des mesures barri\u00e8res et la limitation effective des d\u00e9placements)\u00a0\u00bb. En revanche, <strong>les gyn\u00e9cologues ne conseillent pas la recherche syst\u00e9matique des signes cliniques du COVID-19\u00a0en salle de naissance<\/strong>, pr\u00e9cisant toutefois que cette recommandation est \u00e0 adapter en fonction des cas et de l&rsquo;\u00e9volution locale de l&rsquo;\u00e9pid\u00e9mie. De son c\u00f4t\u00e9, la Haute Autorit\u00e9 de Sant\u00e9 encourage \u00e0 <em>\u00ab\u00a0<strong>proposer le de\u0301pistage par RT-PCR<\/strong> au minimum en amont des interventions programme\u0301es (<a href=\"https:\/\/www.journaldesfemmes.fr\/maman\/guide-grossesse\/2025868-cesarienne-accouchement\/\" target=\"_blank\" rel=\"noopener noreferrer\">ce\u0301sarienne<\/a>, de\u0301clenchement), et au mieux avant toute hospitalisation programme\u0301e\u00a0\u00bb.\u00a0<\/em><\/p>\n<p>Dans la derni\u00e8re mise \u00e0 jour de son guide sur la continuit\u00e9 du suivi des femmes enceintes lors de la lev\u00e9e du confinement, la HAS estime\u00a0que \u00ab\u00a0<em><strong>la pre\u0301sence de l&rsquo;accompagnant asymptomatique dans la chambre de la me\u0300re peut e\u0302tre accepte\u0301e <\/strong>a\u0300 condition que l&rsquo;accompagnant respecte les re\u0300gles strictes demande\u0301es par l&rsquo;e\u0301tablissement et que l&rsquo;e\u0301tablissement dispose de mate\u0301riel de protection et d&rsquo;une e\u0301quipe en nombre suffisant pour veiller a\u0300 l&rsquo;application de ces re\u0300gles sans impacter le bon fonctionnement de la maternite\u0301<\/em>\u00ab\u00a0. Le CNGOF recommande de <strong>transformer les chambres doubles en chambres simples <\/strong>et, dans le cas o\u00f9 cela est impossible, de s&rsquo;assurer du respect des gestes barri\u00e8res et d&rsquo;interdire la pr\u00e9sence permanente d&rsquo;un accompagnant. En revanche, face \u00e0 la pand\u00e9mie de Covid-19, <strong>les dur\u00e9es de s\u00e9jour \u00e0 la maternit\u00e9 ont \u00e9t\u00e9 raccourcies.<\/strong> La HAS pr\u00e9cise\u00a0: \u00ab\u00a0en accord avec l&rsquo;e\u0301quipe de la maternite\u0301, celui-ci sera le plus court possible\u00a0: <strong>2\u00a0jours apre\u0300s la naissance de votre be\u0301be\u0301 (4\u00a0jours en cas de ce\u0301sarienne)\u00a0\u00bb.\u00a0<\/strong><\/p>\n<p>Dans un communiqu\u00e9 publi\u00e9 le 30\u00a0avril, la Haute Autorit\u00e9 de Sant\u00e9 livrait ses recommandations concernant<strong> le suivi apr\u00e8s l&rsquo;accouchement. <\/strong>La HAS pr\u00e9cisait qu&rsquo;<strong>une sortie pr\u00e9coce pourrait accro\u00eetre le <a href=\"https:\/\/sante.journaldesfemmes.fr\/fiches-maladies\/2504074-ictere-jaunisse-definition-symptomes-causes-traitements\/\" target=\"_blank\" rel=\"noopener noreferrer\">risque d&rsquo;ict\u00e8re du nouveau-n\u00e9<\/a> (jaunisse), qui peut survenir \u00e0 domicile<\/strong>. \u00ab\u00a0<em>Ce risque doit faire l&rsquo;objet d&rsquo;une attention particuli\u00e8re et d&rsquo;une organisation anticip\u00e9e\u00a0: surveillance \u00e0 domicile et retour \u00e0 la maternit\u00e9 en cas d&rsquo;ict\u00e8re confirm\u00e9\u00a0\u00bb<\/em>. La HAS indiquait \u00e9galement que la r\u00e9alisation de <strong>l&rsquo;examen du nouveau-n\u00e9 48h apr\u00e8s la sortie de maternit\u00e9<\/strong> relevait de la sage-femme (le p\u00e9diatre \u00e9tant tenu d&rsquo;examiner l&rsquo;enfant entre le 6\u00e8me et 10\u00e8me jour).<\/p>\n<p>Par ailleurs, <em>\u00ab\u00a0<strong>tout nouveau-n\u00e9 de femme atteinte de COVID-19\u00a0doit \u00eatre consid\u00e9r\u00e9 comme porteur du virus<\/strong> et un test de diagnostic ne se justifie alors pas. Des pr\u00e9cautions sont n\u00e9anmoins \u00e0 prendre\u00a0: l&rsquo;isolement de la m\u00e8re et de de l&rsquo;enfant pendant 14\u00a0jours est recommand\u00e9 au domicile. Il est recommand\u00e9 de ne pas s\u00e9parer la m\u00e8re et l&rsquo;enfant\u00a0\u00bb<\/em>, recommande la HAS. Enfin, l&rsquo;organisation du suivi postnatal doit pouvoir \u00eatre modul\u00e9e en fonction des particularit\u00e9s g\u00e9ographiques de l&rsquo;\u00e9pid\u00e9mie et de l&rsquo;acc\u00e8s aux ressources locales.<\/p>\n<table border=\"1\" cellpadding=\"1\" cellspacing=\"1\" style=\"width:100%;\">\n<tbody>\n<tr>\n<td>\n<h2>Attention aux accouchements \u00e0 domicile<\/h2>\n<p>Le Syndicat National des Gyn\u00e9cologues Obst\u00e9triciens de France se joint au CNGOF pour mettre en garde les futurs parents qui seraient tent\u00e9s d&rsquo;<strong>accoucher \u00e0 domicile pour palier \u00e0 l&rsquo;absence du p\u00e8re le jour de l&rsquo;accouchement.<\/strong>\u00a0\u00ab\u00a0<em>Il convient de les mettre en garde contre les risques auxquels elles s&rsquo;exposeraient au regard des difficult\u00e9s du syst\u00e8me de soins actuels. En cas de probl\u00e8me, les SAMU d\u00e9bord\u00e9s pourraient ne pas arriver \u00e0 temps et la r\u00e9activit\u00e9 des services d&rsquo;urgences pour la prise en charge des h\u00e9morragies de la d\u00e9livrance \u00e0 domicile ne sera pas la m\u00eame dans la crise sanitaire que nous vivons\u00a0\u00bb<\/em> pr\u00e9vient le Syndicat dans un communiqu\u00e9 du 30\u00a0mars.<\/p>\n<\/td>\n<\/tr>\n<\/tbody>\n<\/table>\n<aside id=\"NL_891047454\" class=\"newsletter_subscription jNlBlock\"><noscript><br \/>\n            <\/noscript><\/p>\n<h3 class=\"newsletter_subscription-title\">Newsletter <\/h3>\n<p><a href=\"\/\/mailing.ccmbg.com\/archive\/last-85\" target=\"_blank\" class=\"a_hover\" rel=\"noopener noreferrer\">Voir un exemple<\/a><\/p>\n<\/aside>\n<p>Apr\u00e8s l&rsquo;accouchement, si la m\u00e8re est\u00a0porteuse du virus, <strong>elle devra porter un masque chirurgical en permanence.<\/strong> Dans la mesure o\u00f9 <strong>il n&rsquo;y a pas de passage du virus dans le lait<\/strong>, \u00ab\u00a0l&rsquo;<a href=\"https:\/\/www.journaldesfemmes.fr\/maman\/guide-bebe\/2548408-allaitement-maternel\/\" title=\"Allaiter b\u00e9b\u00e9\">allaitement<\/a> direct ou l&rsquo;alimentation apr\u00e8s avoir tir\u00e9 son lait sont possibles chez une m\u00e8re suspecte ou confirm\u00e9e d&rsquo;infection \u00e0 COVID-19&Prime;, pr\u00e9cisent les gyn\u00e9cologues. Il est donc essentiel, pour toutes les m\u00e8res qui viennent d&rsquo;accueillir leur nouveau-n\u00e9, de respecter les r\u00e8gles d&rsquo;hygi\u00e8ne strictes, avec :<\/p>\n<ul>\n<li>lavage des mains r\u00e9guliers \u00e0 l&rsquo;eau savonneuse, , b\u00e9b\u00e9<\/li>\n<li>friction des mains avec une solution hydro-alcoolique \u00e0 chaque fois avant de s&rsquo;occuper du b\u00e9b\u00e9,<\/li>\n<li>bien attendre que les mains soient s\u00e8ches avant de prendre le b\u00e9b\u00e9,<\/li>\n<li>ne pas toucher le masque ou le visage,\u00a0<\/li>\n<li>compl\u00e9ter par un lavage des seins au savon doux non odorant et \u00e0 l&rsquo;eau.<\/li>\n<\/ul>\n<\/div>\n<p>[ad_2]<br \/>\n<br \/><a href=\"https:\/\/www.journaldesfemmes.fr\/maman\/grossesse\/2628481-accouchement-covid\/\">Source link <\/a><\/p>\n","protected":false},"excerpt":{"rendered":"<p>[ad_1] Dans le contexte de pand\u00e9mie \u00e0 Covid-19, les recommandations concernant l&rsquo;accouchement et le suivi post-natal \u00e9voluent constamment. Port du &hellip; <a href=\"http:\/\/www.affinite.fr\/index.php\/2020\/11\/09\/masque-presence-des-peres-suivi-et-allaitement\/\" class=\"more-link\">Plus <span class=\"screen-reader-text\">masque, pr\u00e9sence des p\u00e8res, suivi et allaitement<\/span> <span class=\"meta-nav\">&rarr;<\/span><\/a><\/p>\n","protected":false},"author":1,"featured_media":5493,"comment_status":"open","ping_status":"open","sticky":false,"template":"","format":"standard","meta":{"_sitemap_exclude":false,"_sitemap_priority":"","_sitemap_frequency":"","footnotes":""},"categories":[1],"tags":[],"class_list":["post-5492","post","type-post","status-publish","format-standard","has-post-thumbnail","hentry","category-tous"],"_links":{"self":[{"href":"http:\/\/www.affinite.fr\/index.php\/wp-json\/wp\/v2\/posts\/5492"}],"collection":[{"href":"http:\/\/www.affinite.fr\/index.php\/wp-json\/wp\/v2\/posts"}],"about":[{"href":"http:\/\/www.affinite.fr\/index.php\/wp-json\/wp\/v2\/types\/post"}],"author":[{"embeddable":true,"href":"http:\/\/www.affinite.fr\/index.php\/wp-json\/wp\/v2\/users\/1"}],"replies":[{"embeddable":true,"href":"http:\/\/www.affinite.fr\/index.php\/wp-json\/wp\/v2\/comments?post=5492"}],"version-history":[{"count":0,"href":"http:\/\/www.affinite.fr\/index.php\/wp-json\/wp\/v2\/posts\/5492\/revisions"}],"wp:featuredmedia":[{"embeddable":true,"href":"http:\/\/www.affinite.fr\/index.php\/wp-json\/wp\/v2\/media\/5493"}],"wp:attachment":[{"href":"http:\/\/www.affinite.fr\/index.php\/wp-json\/wp\/v2\/media?parent=5492"}],"wp:term":[{"taxonomy":"category","embeddable":true,"href":"http:\/\/www.affinite.fr\/index.php\/wp-json\/wp\/v2\/categories?post=5492"},{"taxonomy":"post_tag","embeddable":true,"href":"http:\/\/www.affinite.fr\/index.php\/wp-json\/wp\/v2\/tags?post=5492"}],"curies":[{"name":"wp","href":"https:\/\/api.w.org\/{rel}","templated":true}]}}