{"id":5480,"date":"2020-11-05T13:56:54","date_gmt":"2020-11-05T13:56:54","guid":{"rendered":"https:\/\/www.affinite.fr\/index.php\/2020\/11\/05\/de-nouvelles-solutions-pour-amenager-une-salle-de-bains-moderne-et-fonctionnelle\/"},"modified":"2020-11-05T13:56:54","modified_gmt":"2020-11-05T13:56:54","slug":"de-nouvelles-solutions-pour-amenager-une-salle-de-bains-moderne-et-fonctionnelle","status":"publish","type":"post","link":"http:\/\/www.affinite.fr\/index.php\/2020\/11\/05\/de-nouvelles-solutions-pour-amenager-une-salle-de-bains-moderne-et-fonctionnelle\/","title":{"rendered":"De nouvelles solutions pour am\u00e9nager une salle de bains moderne et fonctionnelle"},"content":{"rendered":"<p> [ad_1]<br \/>\n<\/p>\n<div>\n<p itemprop=\"description\">Faciles \u00e0 mettre en \u0153uvre, les panneaux de construction de receveurs de douches Wedi sont en mousse rigide de polystyr\u00e8ne extrud\u00e9 sans HCFC (hydrochlorofluorocarbures). Ces panneaux de construction constituent la base id\u00e9ale de tous types pour installer des douches \u00e0 l\u2019italienne. Ils peuvent \u00eatre install\u00e9s sur presque tous les supports durs, tout en \u00e9tant imperm\u00e9ables, isolants, utilisables de mani\u00e8re polyvalente, l\u00e9gers et solides<\/p>\n<figure>\n<div class=\"cover\"><img loading=\"lazy\" decoding=\"async\" src=\"https:\/\/maison2.advcdn.net\/images\/medias\/000\/054\/000054706\/660.jpg\" alt=\"La nouvelle gamme Top, pr\u00eate \u00e0 l\u2019emploi, offre deux nouveaux coloris et deux nouveaux \u00e9l\u00e9ments pour l\u2019am\u00e9nagement de la salle de bains : une banquette pour s\u2019asseoir dans la et de nouvelles niches pour cr\u00e9er des rangements pratiques pour les shampooings et gels de douche.\" title=\"La nouvelle gamme Top, pr\u00eate \u00e0 l\u2019emploi, offre deux nouveaux coloris et deux nouveaux \u00e9l\u00e9ments pour l\u2019am\u00e9nagement de la salle de bains : une banquette pour s\u2019asseoir dans la et de nouvelles niches pour cr\u00e9er des rangements pratiques pour les shampooings et gels de douche.\" width=\"430\" height=\"242\" itemprop=\"image\"\/><\/div>\n<p>&#13;<\/p>\n<div class=\"gallery\">\n<ul>\n<li style=\"float: left; margin: 1px;\"><a href=\"https:\/\/www.maison.com\/decoration\/salle-bains\/nouvelles-solutions-pour-salle-bains-fonctionnelle-9719\/galerie\/54704\/\"><img loading=\"lazy\" decoding=\"async\" src=\"https:\/\/maison1.advcdn.net\/images\/medias\/000\/054\/000054704\/96.jpg\" alt=\"\" title=\"\" width=\"32\" height=\"32\"\/><\/a><\/li>\n<p>&#13;<\/p>\n<li style=\"float: left; margin: 1px;\"><a href=\"https:\/\/www.maison.com\/decoration\/salle-bains\/nouvelles-solutions-pour-salle-bains-fonctionnelle-9719\/galerie\/54705\/\"><img loading=\"lazy\" decoding=\"async\" src=\"https:\/\/maison1.advcdn.net\/images\/medias\/000\/054\/000054705\/96.jpg\" alt=\"\" title=\"\" width=\"32\" height=\"32\"\/><\/a><\/li>\n<p>&#13;\n\t\t\t\t\t\t\t\t<\/ul>\n<p>\t\t\t\t\t\t\t\t<a href=\"https:\/\/www.maison.com\/decoration\/salle-bains\/nouvelles-solutions-pour-salle-bains-fonctionnelle-9719\/galerie\/\" class=\"more\">Afficher la galerie<\/a><figcaption>&#13;<br \/>\n\t\t\t\t\t\t\t\t\tLa nouvelle gamme Top, pr\u00eate \u00e0 l\u2019emploi, offre deux nouveaux coloris et deux nouveaux \u00e9l\u00e9ments pour l\u2019am\u00e9nagement de la salle de bains : une banquette pour s\u2019asseoir dans la et de nouvelles niches pour cr\u00e9er des rangements pratiques pour les shampooings et gels de douche.\t\t\t\t\t\t\t\t\t<br \/>&#13;<br \/>\n\t\t\t\t\t\t\t\t\t\u00a9DR\t\t\t\t\t\t\t\t<\/figcaption><\/div>\n<p>&#13;<br \/>\n\t\t\t\t\t\t<\/figure>\n<p><!--\n\n<div class=\"arrow\"><\/div>\n\n--><a href=\"https:\/\/www.maison.com\/decoration\/salle-bains\/nouvelles-solutions-pour-salle-bains-fonctionnelle-9719\/galerie\/54705\/\" alt=\"Photo pr\u00e9c\u00e9dente\" title=\"Photo pr\u00e9c\u00e9dente\" class=\"previmg\"\/><br \/>\n\t\t\t\t\t\t<a href=\"https:\/\/www.maison.com\/decoration\/salle-bains\/nouvelles-solutions-pour-salle-bains-fonctionnelle-9719\/galerie\/54704\/\" alt=\"Photo suivante\" title=\"Photo suivante\" class=\"nextimg\"\/>\n\t\t\t\t\t<\/div>\n<div itemprop=\"articleBody\">\n<p>\n  La salle de bains est une pi\u00e8ce \u00e0 part enti\u00e8re de la maison o\u00f9 l\u2019on souhaite se sentir bien et d\u00e9tendu. En 2020, de <strong>nouveaux \u00e9l\u00e9ments d\u2019am\u00e9nagements sont entr\u00e9s sur le march\u00e9 pour am\u00e9nager une salle de bains fonctionnelle<\/strong> et dans l\u2019air du temps. L\u2019entreprise <strong>Wedi, sp\u00e9cialiste des douches de plain-pied, \u00e9tend sa gamme Top en proposant deux nouveaux coloris et deux nouveaux \u00e9l\u00e9ments pour l\u2019am\u00e9nagement de la salle de bains.<\/strong> Ces nouveaut\u00e9s permettent d\u2019am\u00e9nager un espace de douche moderne et confortable. La <strong>nouvelle banquette permet de s\u2019asseoir dans la douche<\/strong> pour laisser couler l\u2019eau et se d\u00e9tendre. Les <strong>nouvelles niches agrandissent l\u2019espace de douche en cr\u00e9ant des surfaces de rangement pratiques<\/strong> pour les produits de toilette. L\u2019entreprise propose aussi un nouveau rev\u00eatement pour l\u2019am\u00e9nagement des WC avec un minimum de joints, pour en faciliter l\u2019entretient et la propret\u00e9 au quotidien.\n<\/p>\n<p>\n  Ces nouveaut\u00e9s peuvent s\u2019utiliser dans toutes les salles de bains et permettent tant aux particuliers qu\u2019aux professionnels d\u2019exprimer leur cr\u00e9ativit\u00e9.\n<\/p>\n<p>\n  Pour donner le style que l\u2019on souhaite \u00e0 la salle de bains<strong>, la gamme se compose aujourd\u2019hui de 5 coloris<\/strong> qui permettent de laisser libre court \u00e0 son imagination pour la d\u00e9coration. Ces rev\u00eatements s\u2019inscrivent largement dans la <strong>tendance actuelle des carreaux grand format<\/strong> et sont parfaitement adapt\u00e9s aux styles d\u2019int\u00e9rieur contemporain. En plus de l\u2019aspect esth\u00e9tique, <strong>l\u2019absence de joint facilite l\u2019entretien au quotidien.<\/strong>\n<\/p>\n<p>\n  De la structure \u00e0 la finition, les produits s\u2019accordent parfaitement entre eux pour cr\u00e9er des combinaisons 100% \u00e9tanches et esth\u00e9tiques. Wedi offre ainsi \u00e0 tous une solution compl\u00e8te pour l\u2019am\u00e9nagement ou la r\u00e9novation des salles de bains et pi\u00e8ces humides.\n<\/p>\n<p>\n  <strong style=\"text-decoration: underline\">A propos de Wedi<\/strong>\n<\/p>\n<p>\n  Fond\u00e9e il y a 35 ans, Wedi est une entreprise leader et innovante, aujourd\u2019hui active dans plus de 50 pays. Elle travaille en \u00e9troite collaboration avec des architectes, des revendeurs sp\u00e9cialis\u00e9s et des carreleurs dans le cadre de leurs projets et r\u00e9alisations.\n<\/p>\n<p>\n  <a href=\"http:\/\/www.wedi.fr\/\">www.wedi.fr<\/a>\n<\/p>\n<\/p><\/div>\n<p><script async defer crossorigin=\"anonymous\" src=\"https:\/\/connect.facebook.net\/fr_FR\/sdk.js#xfbml=1&#038;version=v6.0&#038;appId=252025098257546&#038;autoLogAppEvents=1\"><\/script><br \/>\n<br \/>[ad_2]<br \/>\n<br \/><a href=\"http:\/\/feedproxy.google.com\/~r\/maison-actus\/~3\/RRxaUsCsV8w\/\">Source link <\/a><\/p>\n","protected":false},"excerpt":{"rendered":"<p>[ad_1] Faciles \u00e0 mettre en \u0153uvre, les panneaux de construction de receveurs de douches Wedi sont en mousse rigide de &hellip; <a href=\"http:\/\/www.affinite.fr\/index.php\/2020\/11\/05\/de-nouvelles-solutions-pour-amenager-une-salle-de-bains-moderne-et-fonctionnelle\/\" class=\"more-link\">Plus <span class=\"screen-reader-text\">De nouvelles solutions pour am\u00e9nager une salle de bains moderne et fonctionnelle<\/span> <span class=\"meta-nav\">&rarr;<\/span><\/a><\/p>\n","protected":false},"author":1,"featured_media":5481,"comment_status":"open","ping_status":"open","sticky":false,"template":"","format":"standard","meta":{"_sitemap_exclude":false,"_sitemap_priority":"","_sitemap_frequency":"","footnotes":""},"categories":[1],"tags":[],"class_list":["post-5480","post","type-post","status-publish","format-standard","has-post-thumbnail","hentry","category-tous"],"_links":{"self":[{"href":"http:\/\/www.affinite.fr\/index.php\/wp-json\/wp\/v2\/posts\/5480"}],"collection":[{"href":"http:\/\/www.affinite.fr\/index.php\/wp-json\/wp\/v2\/posts"}],"about":[{"href":"http:\/\/www.affinite.fr\/index.php\/wp-json\/wp\/v2\/types\/post"}],"author":[{"embeddable":true,"href":"http:\/\/www.affinite.fr\/index.php\/wp-json\/wp\/v2\/users\/1"}],"replies":[{"embeddable":true,"href":"http:\/\/www.affinite.fr\/index.php\/wp-json\/wp\/v2\/comments?post=5480"}],"version-history":[{"count":0,"href":"http:\/\/www.affinite.fr\/index.php\/wp-json\/wp\/v2\/posts\/5480\/revisions"}],"wp:featuredmedia":[{"embeddable":true,"href":"http:\/\/www.affinite.fr\/index.php\/wp-json\/wp\/v2\/media\/5481"}],"wp:attachment":[{"href":"http:\/\/www.affinite.fr\/index.php\/wp-json\/wp\/v2\/media?parent=5480"}],"wp:term":[{"taxonomy":"category","embeddable":true,"href":"http:\/\/www.affinite.fr\/index.php\/wp-json\/wp\/v2\/categories?post=5480"},{"taxonomy":"post_tag","embeddable":true,"href":"http:\/\/www.affinite.fr\/index.php\/wp-json\/wp\/v2\/tags?post=5480"}],"curies":[{"name":"wp","href":"https:\/\/api.w.org\/{rel}","templated":true}]}}