{"id":5468,"date":"2020-11-03T17:58:51","date_gmt":"2020-11-03T17:58:51","guid":{"rendered":"https:\/\/www.affinite.fr\/index.php\/2020\/11\/03\/cosmetiques-surgeles-produits-interdits-ou-autorises-a-la-vente\/"},"modified":"2020-11-03T17:58:51","modified_gmt":"2020-11-03T17:58:51","slug":"cosmetiques-surgeles-produits-interdits-ou-autorises-a-la-vente","status":"publish","type":"post","link":"http:\/\/www.affinite.fr\/index.php\/2020\/11\/03\/cosmetiques-surgeles-produits-interdits-ou-autorises-a-la-vente\/","title":{"rendered":"Cosm\u00e9tiques, Surgel\u00e9s&#8230; Produits interdits ou autoris\u00e9s \u00e0 la vente"},"content":{"rendered":"<p> [ad_1]<br \/>\n<br \/><img decoding=\"async\" src=\"https:\/\/img-3.journaldesfemmes.fr\/XTbux4GxBkaNrI9xC3N-J1NEzW4=\/1280x\/smart\/912ab9ad16124bdeaedecbc26cf58c86\/ccmcms-jdf\/19777497.jpg\" \/><\/p>\n<p>\n                Les Fran\u00e7ais sont somm\u00e9s de rester chez eux. Les scientifiques parlent d\u00e9j\u00e0 d&rsquo;un confinement de 2\u00a0\u00e0 3\u00a0mois et de repenser les f\u00eates de fin d&rsquo;ann\u00e9e. Voici les lieux, services et magasins ouverts, la liste des commerces autoris\u00e9s, mais aussi des produits non-essentiels que vous ne trouverez plus dans les rayons des supermarch\u00e9s&#8230;            <\/p>\n<div>\n<aside class=\"ccmsummary marqueur_module ccmcss_cms_summary ccmcss_cms_summary--right\">\n<p>Sommaire<\/p>\n<\/aside>\n<p><strong>[Mis \u00e0 jour mardi 3 novembre \u00e0 18h56]<\/strong>\u00a0Vers un nouveau<strong> <a href=\"https:\/\/www.journaldesfemmes.fr\/societe\/actu\/2667169-couvre-feu-paris-ile-de-france-sortir-retour-21h\/\" title=\"Couvre Feu\">couvre-feu<\/a> ? <\/strong>\u00ab\u00a0<em>Nous allons r\u00e9instaurer un couvre-feu sur Paris et peut-\u00eatre en Ile-de-France<\/em>\u00ab\u00a0, a d\u00e9clar\u00e9 le porte-parole du gouvernement, Gabriel Attal, sur <em>BFM TV-RMC<\/em>. Il a ajout\u00e9 qu&rsquo;un \u00ab\u00a0<em>arr\u00eat\u00e9\u00a0\u00bb<\/em> allait <em>\u00ab\u00a0sortir dans la journ\u00e9e<\/em>\u00a0\u00bb et pourrait \u00eatre <strong>\u00e9tendu sur \u00ab\u00a0<em>d&rsquo;autres territoires<\/em>\u00ab\u00a0<\/strong>, sur d\u00e9cision des\u00a0pr\u00e9fets.<br \/>Mais rapidement, Matignon a rectifi\u00e9 les d\u00e9clarations de Gabriel Attal, pr\u00e9cisant que la mise en place d&rsquo;un couvre-feu n&rsquo;\u00e9tait \u00ab\u00a0<em>absolument<strong> pas d\u00e9cid\u00e9e \u00e0 ce stade<\/strong><\/em>\u00ab\u00a0. L&rsquo;objectif serait\u00a0de \u00ab\u00a0<em>fixer une <strong>heure nocturne de fermeture des commerces<\/strong> autoris\u00e9s \u00e0 fonctionner<\/em>\u00ab\u00a0, selon <em>Franceinfo<\/em>. \u00ab\u00a0<em>Une d\u00e9cision sera prise dans les prochains jours<\/em>\u00ab\u00a0, a pr\u00e9cis\u00e9 le cabinet du Premier ministre.<br \/><strong>L&rsquo;association des Maires de France<\/strong> (AMF) a publi\u00e9 un tableau, mis \u00e0 jour apr\u00e8s le d\u00e9cret du 2\u00a0novembre, pour r\u00e9capituler quels \u00e9tablissements sont <strong>ouverts ou ferm\u00e9s<\/strong> et <strong>ce qu&rsquo;il est possible de faire <\/strong>durant ce second confinement.\u00a0<\/p>\n<p>Le 1er novembre, <strong>Jean Castex <\/strong>avait annonc\u00e9 dans le JT de 20H de<em> TF1<\/em>\u00a0qu&rsquo;\u00e0 partir du 4\u00a0novembre, tous les <strong>produits<\/strong> qui ne peuvent \u00eatre vendus dans les <strong>commerces de proximit\u00e9<\/strong>, tels que les v\u00eatements, les fleurs ou les livres, ne pourront pas non plus \u00eatre <strong>en vente dans les grandes surfaces<\/strong>. En outre, une <strong>jauge de capacit\u00e9 d&rsquo;accueil <\/strong>sera mise en place, conform\u00e9ment \u00e0 ce qui a \u00e9t\u00e9 \u00e9nonc\u00e9 dans le <strong>nouveau d\u00e9cret<\/strong>. Les \u00ab\u00a0<em>supermarch\u00e9s, les magasins multi-commerces, les hypermarch\u00e9s et les autres magasins de vente d&rsquo;une surface de plus de 400\u00a0m\u00b2<\/em>\u00a0\u00bb ne pourront pas \u00ab\u00a0<em>accueillir un nombre de clients sup\u00e9rieur \u00e0 celui permettant de <strong>r\u00e9server \u00e0 chacun une surface de 4\u00a0m<\/strong>\u00b2<\/em>\u00ab\u00a0.Les <strong>produits cosm\u00e9tiques <\/strong>devraient toutefois rester\u00a0<strong>disponibles dans les rayons<\/strong>. Selon Bercy, ceux vendus dans les grandes surfaces sont souvent bien diff\u00e9rents de ceux propos\u00e9s dans les magasins sp\u00e9cialis\u00e9s tels que Sephora, Marionnaud, Yves Rocher&#8230; et ne constitueraient donc pas une \u00ab\u00a0<em>concurrence d\u00e9loyale<\/em>\u00ab\u00a0.<\/p>\n<p>\u00ab\u00a0<em>Pour savoir quel type de <strong>produit va \u00eatre disponible en grande surface<\/strong>, il suffit de se demander\u00a0: &lsquo;est-ce que ce produit l\u00e0 peut \u00eatre vendu par un petit commerce de proximit\u00e9 ou est-ce que ce commerce est ferm\u00e9?&rsquo; Si le commerce ne peut pas ouvrir, c&rsquo;est que vous ne pourrez pas le trouver dans une grande surface de 400\u00a0m2<\/em>\u00ab\u00a0, a expliqu\u00e9\u00a0le porte-parole du gouvernement, Gabriel Attal, sur <em>BFMTV<\/em>.<\/p>\n<p>Voici la liste de produits essentiels parue dans un d\u00e9cret, auxquels les <strong>produits de toilette, d&rsquo;hygi\u00e8ne, d&rsquo;entretien et de pu\u00e9riculture <\/strong>ont \u00e9t\u00e9 ajout\u00e9s.<\/p>\n<ul>\n<li>Produits surgel\u00e9s<\/li>\n<li>Alimentation g\u00e9n\u00e9rale (<a href=\"http:\/\/www.affinite.fr\/index.php\/2023\/07\/29\/valoriser-ses-invendus-une-demarche-ecologique-et-rentable-pour-les-marchands-de-fruits\/\">fruits<\/a> et l\u00e9gumes, viandes et de produits \u00e0 base de viande, poissons, crustac\u00e9s et mollusques, pain, p\u00e2tisserie et confiserie en magasin sp\u00e9cialis\u00e9, <a href=\"http:\/\/www.affinite.fr\/index.php\/2022\/11\/20\/gros-glacons-pour-les-cocktails\/\">boissons<\/a>, d\u00e9tail alimentaires)<\/li>\n<li>Produits de toilette<\/li>\n<li>Produits d&rsquo;hygi\u00e8ne<\/li>\n<li>Produits d&rsquo;entretien<\/li>\n<li>Produits de pu\u00e9riculture<\/li>\n<li>Carburants et combustibles en magasin sp\u00e9cialis\u00e9, boutiques associ\u00e9es \u00e0 ces commerces pour la vente de denr\u00e9es alimentaires \u00e0 emporter, hors produits alcoolis\u00e9s, et \u00e9quipements sanitaires ouverts aux usagers de la route<\/li>\n<li>Equipements de l&rsquo;information et de la communication en magasin sp\u00e9cialis\u00e9<\/li>\n<li>D\u00e9tail d&rsquo;ordinateurs, d&rsquo;unit\u00e9s p\u00e9riph\u00e9riques et de logiciels en magasin sp\u00e9cialis\u00e9<\/li>\n<li>D\u00e9tail de mat\u00e9riels de t\u00e9l\u00e9communication en magasin sp\u00e9cialis\u00e9<\/li>\n<li>D\u00e9tail de mat\u00e9riaux de construction, quincaillerie, peintures et verres en magasin sp\u00e9cialis\u00e9<\/li>\n<li>D\u00e9tail de textiles en magasin sp\u00e9cialis\u00e9<\/li>\n<li>Journaux et papeterie en magasin sp\u00e9cialis\u00e9<\/li>\n<li>Produits pharmaceutiques en magasin sp\u00e9cialis\u00e9<\/li>\n<li>Articles m\u00e9dicaux et orthop\u00e9diques en magasin sp\u00e9cialis\u00e9<\/li>\n<li>Optique<\/li>\n<li>Graines, engrais, animaux de compagnie et aliments pour ces animaux en magasin sp\u00e9cialis\u00e9<\/li>\n<li>Produits \u00e0 base de tabac, cigarettes \u00e9lectroniques, mat\u00e9riels et dispositifs de vapotage en magasin sp\u00e9cialis\u00e9<\/li>\n<li>Location et location-bail de v\u00e9hicules automobiles<\/li>\n<\/ul>\n<ul>\n<li>Les livres, CD et DVD<\/li>\n<li>Les jouets<\/li>\n<li>L&rsquo;habillement<\/li>\n<li>Les fleurs<\/li>\n<li>Les d\u00e9corations et arts de la table<\/li>\n<li>Les meubles, \u00e9lectrom\u00e9nager<\/li>\n<li>Les bijoux<\/li>\n<\/ul>\n<p><strong>Internet <\/strong>sera-t-il (de nouveau) le<strong> grand gagnant du confinement<\/strong> ? Alors que le<strong> chiffre d&rsquo;affaires d&rsquo;Amazon <\/strong>a bondi de 37\u00a0% au troisi\u00e8me trimestre et que son b\u00e9n\u00e9fice a tripl\u00e9, les<strong> petits commer\u00e7ants<\/strong>, dont les <strong>libraires<\/strong>, qui ont d\u00fb fermer \u00e0 cause de l&rsquo;assignation \u00e0 domicile, redoublent d&rsquo;inqui\u00e9tude.\u00a0\u00ab\u00a0<em>N&rsquo;achetez pas des livres sur les plateformes num\u00e9riques<\/em>\u00ab\u00a0, a l\u00e2ch\u00e9 la ministre de la Culture Roselyne Bachelot sur <em>LCI<\/em>. \u00ab\u00a0<em>Amazon se gave, mais \u00e0 nous de pas les gaver<\/em>\u00ab\u00a0, a-t-elle pr\u00e9cis\u00e9.<\/p>\n<p>Pour faire preuve de solidarit\u00e9, le <strong>site Rakuten<\/strong> a lanc\u00e9 un <strong>fonds d&rsquo;aide aux commerces<\/strong>.<\/p>\n<p>\u00a0\u00ab\u00a0<em>Nous avons propos\u00e9 de reverser 50% des commissions de notre chiffre d&rsquo;affaires r\u00e9alis\u00e9 sur les cat\u00e9gories de produits en tension, celles dont les magasins sont ferm\u00e9s et pour lesquelles la p\u00e9riode de No\u00ebl est si cruciale<\/em>\u00ab\u00a0, a pr\u00e9cis\u00e9 \u00e0 <em>France 3<\/em> Fabien Versavau, PDG de Rakuten France.<\/p>\n<p>Il vous est possible de faire vos courses avec <strong>votre conjoint, un membre de votre famille<\/strong>\u00a0<strong>ou vos enfants<\/strong>, qui sont confin\u00e9s avec vous, si, par exemple, vous n&rsquo;avez pas de moyen de garde ou qu&rsquo;il est compliqu\u00e9 de faire autrement.<\/p>\n<p>Camille Chaize, porte-parole du minist\u00e8re de l&rsquo;Int\u00e9rieur, a confirm\u00e9 qu&rsquo;il \u00e9tait \u00e9galement possible de <strong>faire ses courses avec un ami<\/strong> ou un voisin, m\u00eame s&rsquo;il n&rsquo;est pas confin\u00e9 avec vous, et de se d\u00e9placer en <strong>covoiturage<\/strong>&#8230; mais \u00e0 condition de respecter les <strong>distances de s\u00e9curit\u00e9<\/strong>, dans le v\u00e9hicule et dans le supermarch\u00e9 ! Chacun devra \u00e9videmment \u00eatre muni de son attestation.<\/p>\n<p>M\u00eame si ce second confinement est relativement plus souple, il ne vous est <strong>pas possible<\/strong>\u00a0\u00ab\u00a0<em>d&rsquo;aller chez des amis ou de recevoir des amis \u00e0 la maison<\/em>\u00ab\u00a0, comme l&rsquo;avait pr\u00e9cis\u00e9 Jean Castex, lors de sa conf\u00e9rence de presse du 29 octobre. Il en va de m\u00eame pour les <strong>voisins<\/strong>&#8230;<\/p>\n<p>En<strong> \u00cele-de-France<\/strong>, la <strong>fr\u00e9quentation des transports a\u00a0baiss\u00e9<\/strong> de 50% avant 7\u00a0heures, et entre 25\u00a0et 40% selon les lignes entre 7\u00a0heures et 9\u00a0heures, comme l&rsquo;a pr\u00e9cis\u00e9 le porte-parole du gouvernement Gabriel Attal \u00e0\u00a0<em>RMC-BFMTV<\/em>. Jusqu&rsquo;\u00e0 21h, pour l&rsquo;instant, les m\u00e9tros, bus, RER et tramways de la r\u00e9gion restent\u00a0<strong>assur\u00e9s \u00e0 100%<\/strong>, jusqu&rsquo;\u00e0 nouvel ordre.<\/p>\n<p>Selon <em>Franceinfo<\/em>, la <strong>SNCF<\/strong> devrait r\u00e9duire son<strong> offre de transports longue distance<\/strong> d\u00e8s le 5 novembre, en raison du reconfinement. Environ 70 % des TGV. seront supprim\u00e9s.\u00a0Sur certaines lignes, jusqu&rsquo;\u00e0 80\u00a0% des trains devraient \u00eatre annul\u00e9s.<\/p>\n<p>Sur le site de la SCNF, il est \u00e9galement pr\u00e9cis\u00e9 que l&rsquo;offre de <strong>restauration \u00e0 bord<\/strong> est d\u00e9sormais suspendue.<\/p>\n<p>Dans certaines conditions, il sera <strong>permis de chasser<\/strong>.\u00a0<em>\u00ab\u00a0Pour des raisons d&rsquo;int\u00e9r\u00eat g\u00e9n\u00e9ral<\/em>\u00ab\u00a0, la secr\u00e9taire d&rsquo;Etat charg\u00e9e de la biodiversit\u00e9, B\u00e9rang\u00e8re Abba a pr\u00e9cis\u00e9 que certains chasseurs pourraient b\u00e9n\u00e9ficier de\u00a0\u00ab\u00a0<em><strong>d\u00e9rogations\u00a0<\/strong>sur demande de l&rsquo;autorit\u00e9 administrative<\/em>\u00a0\u00bb afin de pratiquer cette activit\u00e9.<\/p>\n<h2>7\u00a0Fran\u00e7ais sur 10,\u00a0pr\u00eats\u00a0\u00e0 passer No\u00ebl confin\u00e9s<\/h2>\n<p><strong>Olivier V\u00e9ran\u00a0<\/strong>nous a pr\u00e9venus dans le <em>JDD<\/em> : \u00ab\u00a0<em><strong>No\u00ebl <\/strong>ne sera pas une f\u00eate normale cette ann\u00e9e<\/em>\u00ab\u00a0.\u00a0Le ministre de la Sant\u00e9 a ajout\u00e9 qu&rsquo;il faudrait faire l&rsquo;effort d&rsquo;organiser des r\u00e9unions \u00ab\u00a0<em>en petit comit\u00e9<\/em>\u00ab\u00a0. Il a ajout\u00e9 qu&rsquo;il \u00e9tait\u00a0\u00ab\u00a0<em>difficile d&rsquo;envisager de <strong>grandes soir\u00e9es<\/strong><\/em>\u00a0\u00bb pour le r\u00e9veillon du Nouvel An.<\/p>\n<p>Et de tenter de rass\u00e9r\u00e9ner (l\u00e9g\u00e8rement) les Fran\u00e7ais: \u00ab\u00a0<em>Notre but est que la pression \u00e9pid\u00e9mique retombe pour qu&rsquo;on puisse faire des courses \u00e0 temps, se pr\u00e9parer dans la joie, pour que les <strong>familles se retrouvent<\/strong><\/em>\u00ab\u00a0.<\/p>\n<p>Environ 71\u00a0% des Fran\u00e7ais sont pr\u00eats \u00e0 passer les f\u00eates de fin d&rsquo;ann\u00e9e en confinement, selon un sondage Ifop pour <em>Le Parisien<\/em>. Quant aux moins de 25\u00a0ans, ils sont 39\u00a0% \u00e0 s&rsquo;opposer \u00e0 passer No\u00ebl et le Nouvel An confin\u00e9s. Plus de 63\u00a0% des citoyens sont, eux, pr\u00eats \u00e0 se plier \u00e0 \u00ab\u00a0<em>un exc\u00e8s de pr\u00e9cautions sanitaires pour prot\u00e9ger la sant\u00e9 de tous<\/em>\u00ab\u00a0.<\/p>\n<h2>Coiffeurs et esth\u00e9ticiennes, interdits d&rsquo;exercer \u00e0 domicile ?<\/h2>\n<p>Le ministre d\u00e9l\u00e9gu\u00e9 en charge des PME, Alain Griset, a annonc\u00e9 sur BFM TV que les <strong>coiffeurs et esth\u00e9ticiennes<\/strong> ne pourraient exercer \u00e0 <strong>domicile<\/strong>. \u00ab\u00a0<em>La coiffure et l&rsquo;esth\u00e9tique \u00e0 domicile est encore plus dangereux qu&rsquo;en salon ou en institut<\/em>\u00ab\u00a0, a-t-il d\u00e9clar\u00e9. Et de pr\u00e9ciser : \u00ab\u00a0<em>En salon, il y a des protocoles qui ont \u00e9t\u00e9 mis en place. Ils respectaient les protocoles sanitaires. Et un coiffeur qui irait \u00e0 domicile entrerait dans un<strong> lieu qui n&rsquo;est pas s\u00e9curis\u00e9<\/strong><\/em><strong>\u00ab\u00a0<\/strong>.<\/p>\n<p>Une interdiction qui a \u00e9t\u00e9 confirm\u00e9e par le ministre de l&rsquo;\u00c9conomie, <strong>Bruno Le Maire<\/strong>. \u00ab\u00a0<em>Nous <strong>corrigerons<\/strong> dans la journ\u00e9e, La coiffure \u00e0 domicile ne sera plus possible, par souci d&rsquo;\u00e9quit\u00e9<\/em>\u00ab\u00a0, a-t-il ass\u00e9n\u00e9 au micro de <em>RTL<\/em>.<\/p>\n<h2>Col\u00e8re des libraires<\/h2>\n<p><strong>Si 7\u00a0Fran\u00e7ais sur 10\u00a0approuvent le nouveau confinement,<\/strong> selon un sondage Odoxa-Dentsu consulting pour <em>Franceinfo<\/em> et <em>Le Figaro<\/em>, <strong>52\u00a0% des Fran\u00e7ais ne comprennent pas la fermeture des commerces non-essentiels.\u00a0<\/strong><\/p>\n<p><strong>Les librairies <\/strong>n&rsquo;ont pas \u00e9t\u00e9 consid\u00e9r\u00e9es comme des commerces essentiels et ont donc d\u00fb fermer leurs portes.<br \/>Le critique litt\u00e9raire et pr\u00e9sentateur de l&rsquo;\u00e9mission de<em> France 5\u00a0La Grande Librairie,\u00a0Fran\u00e7ois Busnel <\/em>a donc lanc\u00e9\u00a0<a href=\"https:\/\/www.change.org\/p\/monsieur-le-pr%C3%A9sident-de-la-r%C3%A9publique-monsieur-le-pr%C3%A9sident-faisons-le-choix-de-la-culture-en-rouvrant-les-librairies?utm_content=cl_sharecopy_25565627_fr-FR%3A1&amp;recruiter=707350202&amp;utm_source=share_petition&amp;utm_medium=copylink&amp;utm_campaign=share_petition\">une p\u00e9tition\u00a0intitul\u00e9e\u00a0<em>\u00ab\u00a0Monsieur le Pr\u00e9sident, faisons le choix de la culture en rouvrant les librairies\u00a0!\u00a0\u00bb<\/em><\/a><i>, un texte<\/i>\u00a0sign\u00e9 par l&rsquo;Acad\u00e9micien Erik Orsenna, le dessinateur Joann Sfar, l&rsquo;\u00e9crivaine Delphine de Vigan ou encore la com\u00e9dienne Sandrine Kiberlain.\u00a0<\/p>\n<h2>Un confinement&#8230; jusqu&rsquo;\u00e0 quand ?<\/h2>\n<p>Le\u00a0<strong>confinement g\u00e9n\u00e9ralis\u00e9<\/strong>\u00a0devrait durer jusqu&rsquo;au <strong>1<sup>er<\/sup> d\u00e9cembre au minimum. <\/strong><\/p>\n<p>\u00ab\u00a0<em>Au bout d&rsquo;un mois, nous verrons\u00a0\u00bb, <\/em>a d\u00e9clar\u00e9 le\u00a0ministre de la Sant\u00e9 Olivier V\u00e9ran\u00a0<a data-click-value=\"content::link-in-content::article::\/replay-radio\/8h30-fauvelle-dely\/nombre-de-malades-fetes-de-fin-d-annee-tests-antigeniques-le-8h30-franceinfo-d-olivier-veran_4142247.html\" href=\"https:\/\/www.francetvinfo.fr\/replay-radio\/8h30-fauvelle-dely\/nombre-de-malades-fetes-de-fin-d-annee-tests-antigeniques-le-8h30-franceinfo-d-olivier-veran_4142247.html\" target=\"_blank\" rel=\"noopener noreferrer\">sur franceinfo<\/a>, laissant entendre que le nouveau\u00a0confinement\u00a0qui d\u00e9bute vendredi 30\u00a0octobre pourrait durer 2 \u00e0 3 mois.<\/p>\n<p>L&rsquo;objectif du gouvernement est de passer de 40\u00a0000\u00a0cas de contamination par jour \u00e0\u00a05\u00a0000\u00a0d&rsquo;ici quatre semaines, un but inaccessible en 4 semaines\u00a0pour les scientifiques.<em>\u00a0<\/em><\/p>\n<p>Selon <em>France Inter,<\/em> <strong>un sc\u00e9nario englobant les f\u00eates de fin d&rsquo;ann\u00e9e, No\u00ebl et le Nouvel An et courant jusqu&rsquo;au 5\u00a0janvier, a \u00e9t\u00e9 envisag\u00e9 par l&rsquo;ex\u00e9cutif.<\/strong> Cette nouvelle \u00e9ch\u00e9ance apr\u00e8s la Saint-Sylvestre pourrait \u00eatre retenue si les indicateurs de l&rsquo;\u00e9pid\u00e9mie ne s&rsquo;am\u00e9liorent pas dans les semaines qui viennent.<\/p>\n<p><strong>Les restrictions sanitaires de ce nouveau confinement ont \u00e9t\u00e9 assouplies par rapport au premier.\u00a0<\/strong>Les cr\u00e8ches, \u00e9coles, coll\u00e8ges et lyc\u00e9es sont\u00a0ouverts.\u00a0<em>\u00ab\u00a0On fait quoi \u00e0 la cantine et en \u00e9ducation physique et sportive\u00a0? A ces moments-l\u00e0, les gens n&rsquo;ont pas le masque et ils parlent, donc ce sont des occasions de contamination\u00a0\u00bb,<\/em> a expliqu\u00e9 l&rsquo;\u00e9pid\u00e9miologiste Dominique Costagliola \u00e0 l&rsquo;AFP.<br \/>Les usines, les entreprises de travaux publics continueront leur activit\u00e9,\u00a0les guichets de services publics aussi et les parcs et jardins sont accessibles au public. <strong>Les transmissions restent possibles, comme les\u00a0contaminations intrafamiliales.<\/strong><\/p>\n<p>Le confinement permet donc de ralentir la propagation du virus mais ne garantit pas son arr\u00eat. Ses r\u00e9sultats d\u00e9pendent aussi pour beaucoup des comportements individuels. <strong>Un durcissement du confinement dans deux semaines est \u00e0 envisager.<\/strong><\/p>\n<h2>Le prix Goncourt report\u00e9<\/h2>\n<p>Le <strong>prix Goncourt <\/strong>aurait d\u00fb \u00eatre d\u00e9cern\u00e9 le 10\u00a0novembre, mais va finalement \u00eatre <strong>report\u00e9<\/strong> par \u00ab\u00a0<em>solidarit\u00e9<\/em>\u00a0\u00bb avec les <strong>librairies <\/strong>qui doivent fermer, a pr\u00e9cis\u00e9 la d\u00e9l\u00e9gu\u00e9e g\u00e9n\u00e9rale de l&rsquo;Acad\u00e9mie Goncourt, Fran\u00e7oise Rossinot. \u00ab\u00a0<em>Le prix Goncourt est remis \u00e0 une date ind\u00e9termin\u00e9e puisque le 10\u00a0novembre les librairies ne seront pas ouvertes. Pour les acad\u00e9miciens il n&rsquo;est pas question de le remettre pour qu&rsquo;il b\u00e9n\u00e9ficie \u00e0 d&rsquo;autres plateformes de vente<\/em>\u00ab\u00a0, a-t-elle d\u00e9clar\u00e9.<\/p>\n<p>Au programme\u00a0: <strong>un mois de novembre\u00a0<\/strong>o\u00f9 chacun est pri\u00e9 de <strong>rester chez soi.<\/strong> A noter que <a href=\"https:\/\/www.journaldesfemmes.fr\/people\/emmanuel-macron\/\" title=\"Emmanuel Macron\">Emmanuel Macron<\/a> pr\u00f4ne d\u00e9sormais <strong>un confinement quelque peu all\u00e9g\u00e9<\/strong> par rapport au pr\u00e9c\u00e9dent.\u00a0 Ainsi, les \u00e9tablissements de<strong> premi\u00e8re n\u00e9cessit\u00e9 <\/strong>resteront ouverts. Certains <strong>services<\/strong> continueront \u00e9galement de fonctionner, comme les mairies, les pr\u00e9fectures ou p\u00f4le emploi.<\/p>\n<p>La grande majorit\u00e9, pourtant, fermeront leurs portes.\u00a0Les fleuristes, eux, sont pour autant d\u00e9positaires d&rsquo;un <strong>protocole adapt\u00e9 \u00e0 la p\u00e9riode<\/strong>. \u00ab\u00a0<em>En raison de la Toussaint<\/em>\u00ab\u00a0, a pr\u00e9cis\u00e9 le porte-parole du gouvernement sur RTL ce jeudi. A\u00a0l&rsquo;inverse des <strong>autres commerces<\/strong>, les marchands de plantes et\u00a0jardineries\u00a0ne fermeront donc\u00a0leurs portes que <strong>dimanche soir<\/strong>.<\/p>\n<p>\u00c0 l&rsquo;instar des <strong>trains<\/strong> qui circuleront normalement jusqu&rsquo;\u00e0 dimanche soir, selon un communiqu\u00e9 de la SNCF.<\/p>\n<p>Les <strong>comp\u00e9titions sportives professionnelles<\/strong>, quant \u00e0 elles, pourront, heureusement, continuer, a pr\u00e9cis\u00e9 jeudi la ministre d\u00e9l\u00e9gu\u00e9e aux sports, Roxana Maracineanu. Une d\u00e9cision qui ne s&rsquo;applique pas\u00a0aux clubs amateurs.<\/p>\n<p>Quels sont les \u00e9tablissements qui restent ouverts\u00a0? \u00c0 quelles conditions avez-vous le droit de sortir de chez vous\u00a0? Est-il possible de se d\u00e9placer sur le territoire\u00a0? On fait le tour de la question.<\/p>\n<h3>Quid des territoires d&rsquo;outre-mer\u00a0?<\/h3>\n<p>Jean Castex en a pr\u00e9cis\u00e9\u00a0les modes d&rsquo;applications et de fonctionnement du confinement lors d&rsquo;une conf\u00e9rence de presse, le 29\u00a0octobre. Les <strong>territoires d&rsquo;outre-mer<\/strong>, sauf la Martinique, ne seront pas concern\u00e9s par les mesures de confinement, a pr\u00e9cis\u00e9 Jean Castex. Mais il a ajout\u00e9 que \u00ab\u00a0<em>des tests seront en revanche exig\u00e9s au d\u00e9part ou \u00e0 l&rsquo;arriv\u00e9e de ces territoires, afin d&rsquo;\u00e9viter tout risque de diffusion du virus<\/em>\u00ab\u00a0.<\/p>\n<p>Emmanuel Macron l&rsquo;affirme\u00a0: \u00ab\u00a0<em>Nous avons appris des appris des \u00e9v\u00e9nements du printemps<\/em>\u00ab\u00a0. Une exp\u00e9rience significative qui l&rsquo;a amen\u00e9 \u00e0 repenser le confinement <strong>sur\u00a0trois points principaux\u00a0<\/strong>:<\/p>\n<ul>\n<li>Les <strong>cr\u00e8ches \u00e9coles, coll\u00e8ges et lyc\u00e9es<\/strong> resteront ouverts. \u00ab\u00a0<em>Avec des protocoles sanitaires renforc\u00e9s\u00a0\u00bb, <\/em>a pr\u00e9cis\u00e9 le Pr\u00e9sident.<\/li>\n<li>Le <strong>travail<\/strong> restera <strong>possible<\/strong>, \u00e0 condition <strong>de favoriser le t\u00e9l\u00e9travail<\/strong> lorsque celui-ci est possible.<\/li>\n<li>Les<strong> EHPAD et maisons de retraites<\/strong> pourront continuer \u00e0 <strong>recevoir<\/strong> <strong>du<\/strong> <strong>public.<\/strong><\/li>\n<\/ul>\n<p>Un assouplissement qui permettra notamment aux <strong>usines<\/strong>, aux exploitations agricoles et <strong>entreprises de BTP<\/strong> de rester actifs. \u00ab\u00a0<em>L&rsquo;\u00e9conomie ne doit ni s&rsquo;arr\u00eater, ni s&rsquo;effondrer<\/em>\u00ab\u00a0, a insist\u00e9 Emmanuel Macron.<\/p>\n<ul>\n<li><strong>Supermarch\u00e9s<\/strong><\/li>\n<li>Commerces d&rsquo;alimentation g\u00e9n\u00e9rale, de <strong>fruits et l\u00e9gumes<\/strong>, les <strong>boucheries<\/strong>, les <strong>poissonneries<\/strong><\/li>\n<li>Magasins de <strong>surgel\u00e9s<\/strong><\/li>\n<li><strong>Boulangeries<\/strong><\/li>\n<\/ul>\n<ul>\n<li><strong>Pharmacies<\/strong><\/li>\n<li>Enseignes d&rsquo;<strong>\u00e9lectronique et d&rsquo;\u00e9lectrom\u00e9nager\u00a0<\/strong>: la<strong> Fnac-Darty<\/strong> reste ouverte pour \u00ab\u00a0<em>r\u00e9pondre aux demandes importantes en \u00e9quipement informatique\/multimedia pour le t\u00e9l\u00e9travail, ainsi qu&rsquo;\u00e0 la r\u00e9paration de produits \u00e9lectriques et \u00e9lectroniques<\/em>\u00ab\u00a0.<\/li>\n<li><strong>Enseignes de bricolage<\/strong> (Leroy Merlin, Castomara, Mr Bricolage, Bricolex, Bricomarch\u00e9, Brico D\u00e9p\u00f4t, Bricorama, Bricoman&#8230;)<\/li>\n<li>Enseignes de <strong>t\u00e9l\u00e9phonie<\/strong> (Free, Orange, SFR, Bouygues&#8230;)<\/li>\n<li>Enseignes <strong>d&rsquo;animalerie<\/strong>\u00a0(Truffaut, Jardiland, Tom&amp;Co&#8230;)<\/li>\n<li><strong>Opticiens<\/strong><\/li>\n<li><strong>Cavistes<\/strong><\/li>\n<li><strong>Stations-service<\/strong><\/li>\n<li>Bureaux de <strong>tabac<\/strong>, Magasins de <strong>cigarettes<\/strong> <strong>\u00e9lectroniques<\/strong><\/li>\n<li><strong>Garages<\/strong> automobiles<\/li>\n<li>Magasins de <strong>moto<\/strong> et de <strong>v\u00e9lo<\/strong><\/li>\n<li>Magasins d&rsquo;\u00e9quipement <strong>informatique<\/strong><\/li>\n<li>Commerces de mat\u00e9riels de <strong>t\u00e9l\u00e9communication<\/strong><\/li>\n<li><strong>Quincailleries<\/strong><\/li>\n<li><strong>Maisons de la presse<\/strong> et vendeurs de journaux<\/li>\n<li><strong>Jardineries<\/strong><\/li>\n<li><strong>Papeteries<\/strong><\/li>\n<li>Magasins pour <strong>animaux<\/strong> de compagnie<\/li>\n<li><strong>H\u00f4tels et<\/strong>\u00a0<strong>campings <\/strong>(les restaurants des h\u00f4tels fermeront, mais le room-service sera toujours possible).<\/li>\n<li><strong>Pressings<\/strong><\/li>\n<li><b>Services fun\u00e9raires<\/b><\/li>\n<li><b>Blanchisseries<\/b> et <b>teintureries<\/b><\/li>\n<li><strong>Banques<\/strong> et\u00a0<strong>Assurances<\/strong><\/li>\n<\/ul>\n<h3>Quels sont les services qui restent ouverts\u00a0?<\/h3>\n<ul>\n<li>les <strong>M<\/strong><b>airies<\/b><\/li>\n<li>les <strong>P<\/strong><b>r\u00e9fectures<\/b><\/li>\n<li><b>P\u00f4le Emploi<\/b><\/li>\n<li>les <b>bureaux de poste<\/b>\u200b\u200b\u200b\u200b\u200b<\/li>\n<\/ul>\n<table border=\"1\" cellpadding=\"1\" cellspacing=\"1\" style=\"width:100%;\">\n<tbody>\n<tr>\n<td>Les <strong>guichets des service\u00a0public<\/strong>, de mani\u00e8re g\u00e9n\u00e9rale, resteront ouverts.\u00a0Si de nombreux \u00e9tablissements ferment leurs portes, <strong>la vente \u00e0 emporter et les services de livraison<\/strong> continueront de fonctionner.<\/td>\n<\/tr>\n<\/tbody>\n<\/table>\n<h3>Quels sont les lieux qui restent ouverts\u00a0?<\/h3>\n<ul>\n<li>les <b>march\u00e9s<\/b><\/li>\n<li>les <b>jardins<\/b><\/li>\n<li>les <b>parcs<\/b><\/li>\n<li>les<b> cimeti\u00e8res\u00a0<\/b>\u00ab\u00a0<em>Je veux que nous continuions \u00e0 enterrer dignement nos proches<\/em>\u00ab\u00a0, a pr\u00e9cis\u00e9 le chef de l&rsquo;Etat. Il sera donc possible de <strong>se rendre \u00e0 un enterrement<\/strong> si ce cas de figure se pr\u00e9sente.<\/li>\n<\/ul>\n<p>Malgr\u00e9 ces assouplissements, le confinement demeure strict. La r\u00e8gle est claire\u00a0: les Fran\u00e7ais doivent rester chez eux. Pour se faire, le Pr\u00e9sident a annonc\u00e9 la fermeture de nombreux \u00e9tablissements.<\/p>\n<p>Tous les commerces qui ne sont pas de <b>premi\u00e8re n\u00e9cessit\u00e9 <\/b>doivent fermer. Parmi eux, <b>on peut citer :<\/b><\/p>\n<ul>\n<li>Les <strong>restaurants<\/strong><\/li>\n<li>Les <strong>bars<\/strong><\/li>\n<li>Les <strong>librairies<\/strong><\/li>\n<li>Les salons de <strong>coiffure<\/strong><\/li>\n<li>Les <strong>fleuristes<\/strong>, <strong>jardineries<\/strong> et <strong>marchands<\/strong> de plantes (\u00e0 partir de dimanche soir)<\/li>\n<li>Magasins de vente (hors alimentation)<\/li>\n<li><strong>Centres<\/strong> <strong>commerciaux<\/strong><\/li>\n<li>Salles de <strong>danse<\/strong> et salles de <strong>jeux<\/strong><\/li>\n<li>Etablissements <strong>sportifs<\/strong> couverts<\/li>\n<\/ul>\n<h3>Quels sont les services ferm\u00e9s\u00a0?<\/h3>\n<p>Les <strong>facult\u00e9s et \u00e9tablissements d&rsquo;enseignement sup\u00e9rieur <\/strong>devront favoriser les cours en ligne.<\/p>\n<h3>Quels sont les lieux qui seront ferm\u00e9s au public ?<\/h3>\n<ul>\n<li>Salles <strong>d&rsquo;expositions<\/strong><\/li>\n<li><strong>Mus\u00e9es<\/strong><\/li>\n<li><strong>Cin\u00e9mas<\/strong><\/li>\n<li><strong>Biblioth\u00e8ques<\/strong><\/li>\n<li>Centres de <strong>documentation<\/strong><\/li>\n<\/ul>\n<table border=\"1\" cellpadding=\"1\" cellspacing=\"1\" style=\"width:100%;\">\n<tbody>\n<tr>\n<td>De mani\u00e8re g\u00e9n\u00e9rale, tous les lieux qui re\u00e7oivent du public sont somm\u00e9s de cesser leur activit\u00e9.<\/td>\n<\/tr>\n<\/tbody>\n<\/table>\n<h3>Le retour de l&rsquo;attestation<\/h3>\n<p>Comme au printemps, <strong>les sorties ne seront autoris\u00e9es qu&rsquo;\u00e0 certaines conditions<\/strong>. \u00ab\u00a0<em>C&rsquo;est le retour de l&rsquo;attestation<\/em>\u00ab\u00a0, a indiqu\u00e9 le Pr\u00e9sident. Il ne sera possible de <strong>sortir de chez soi <\/strong>qu&rsquo;\u00e0 condition\u00a0:<\/p>\n<ul>\n<li>D&rsquo;aller travailler<\/li>\n<li>De faire ses courses<\/li>\n<li>D&rsquo;aller chez le m\u00e9decin<\/li>\n<li>De se rendre aupr\u00e8s d&rsquo;une personne en situation de d\u00e9pendance<\/li>\n<li>De se promener autour de chez soi dans un rayon d&rsquo;un kilom\u00e8tre<\/li>\n<li>D&rsquo;accompagner son enfant \u00e0 l&rsquo;\u00e9cole<\/li>\n<\/ul>\n<p>Cette fois, <strong>trois attestations diff\u00e9rentes <\/strong>sont disponibles puisqu&rsquo;il en existe d\u00e9sormais une bien distincte \u00e0 fournir en cas de <strong>d\u00e9placement professionnel<\/strong> et en cas de <strong>trajet professionnel<\/strong>.\u00a0<\/p>\n<h3>Se d\u00e9placer \u00e0 1km de son domicile : carte interactive<\/h3>\n<p>Pour prendre l&rsquo;air ou faire du sport, vous pouvez sortir dans un<strong> rayon d&rsquo;un km autour de votre domicile<\/strong>. Pour conna\u00eetre le p\u00e9rim\u00e8tre exact dans lequel vous pouvez vous d\u00e9placer et l&rsquo;ensemble des rues qui vous sont accessibles, Geoconcept a mis en place une <strong><a href=\"https:\/\/fr.geoconcept.com\/covid19\/calculez-votre-zone-de-1-kilometre\">carte interactive<\/a><\/strong>.<\/p>\n<h3>Quid des mariages, enterrements et c\u00e9r\u00e9monies religieuses ?<\/h3>\n<p>Les <strong>mariages <\/strong>seront limit\u00e9s \u00e0 6\u00a0personnes. Quant aux <strong>c\u00e9r\u00e9monies religieuses<\/strong>, elles ne pourront pas se tenir en public, sauf les <strong>enterrements<\/strong>, qui pourront se d\u00e9rouler \u00e0 30\u00a0personnes.<\/p>\n<h3>Est-il possible de d\u00e9m\u00e9nager ?<\/h3>\n<p>Il vous est <strong>possible de d\u00e9m\u00e9nager<\/strong>. Contrairement au premier confinement, les<strong> soci\u00e9t\u00e9s de d\u00e9m\u00e9nagement<\/strong> sont \u00e9quip\u00e9es de masque et de gel hydroalcoolique et sont donc op\u00e9rationnelles. Toutefois, le client devra s&rsquo;adapter lors de la r\u00e9ception et de l&rsquo;enl\u00e8vement des cartons, puisqu&rsquo;il ne sera pas possible de se trouver \u00e0 plusieurs dans le logement.<\/p>\n<p>En cas de <strong>d\u00e9m\u00e9nagement<\/strong>, vous aurez besoin d&rsquo;une<strong> attestation de d\u00e9placement d\u00e9rogatoire<\/strong>, accompagn\u00e9e d&rsquo;un <strong>justificatif <\/strong>quant \u00e0 la n\u00e9cessit\u00e9 du d\u00e9m\u00e9nagement, tel qu&rsquo;un acte de vente.<\/p>\n<h3>Les sorties r\u00e9gionales interdites<\/h3>\n<p>L&rsquo;all\u00e9gement pr\u00f4n\u00e9 par le gouvernement ne concerne pas <strong>les d\u00e9placements en r\u00e9gion<\/strong>. Jusqu&rsquo;au premier d\u00e9cembre, ces derniers sont <strong>interdits<\/strong>. Pas de panique cependant\u00a0! Le locataire de l&rsquo;Elys\u00e9e a annonc\u00e9 qu&rsquo;il y aurait une certaine tol\u00e9rance pour les Fran\u00e7ais qui rentreront des <strong>vacances de la Toussaint.<\/strong><\/p>\n<p>Selon un communiqu\u00e9 de presse diffus\u00e9 par <strong>la SNCF,<\/strong> les trains circuleront normalement de<strong> jeudi \u00e0 dimanche<\/strong>. Cela, afin de faciliter les retours de vacances.<\/p>\n<p>A noter que les <strong>fronti\u00e8res europ\u00e9ennes<\/strong> demeurent <strong>ouvertes<\/strong>, mais que les <strong>fronti\u00e8res ext\u00e9rieures resteront ferm\u00e9es<\/strong>. \u00ab\u00a0<em>Bien \u00e9videmment\u00a0: les Fran\u00e7ais de l&rsquo;\u00e9tranger resteront libres de regagner le territoire<\/em>\u00ab\u00a0, a-t-il affirm\u00e9.<\/p>\n<h3>Les r\u00e9unions priv\u00e9es et les rassemblements publics sont\u00a0prohib\u00e9s<\/h3>\n<p>\u00ab\u00a0<em>Comme au printemps, les r\u00e9unions priv\u00e9es en dehors du strict noyau familial seront exclues. Les rassemblements publics seront interdits<\/em>\u00ab\u00a0, a annonc\u00e9 Emmanuel Macron. M\u00eame \u00e0 son domicile, le Pr\u00e9sident a d&rsquo;ailleurs appel\u00e9 \u00e0 la <strong>prudence<\/strong>. Il conseille notamment \u00e0 tout un chacun <strong>de porter un masque et de respecter les distances de s\u00e9curit\u00e9 <\/strong>avec les membres de sa famille. Cela, m\u00eame dans son propre salon.<\/p>\n<h3>Le t\u00e9l\u00e9travail \u00e0 g\u00e9n\u00e9raliser<\/h3>\n<p>\u00ab\u00a0<i>Le <strong>t\u00e9l\u00e9travail <\/strong>n&rsquo;est pas une option<\/i>\u00a0\u00bb pour les entreprises qui peuvent le mettre en place. \u00ab\u00a0<i>Un travailleur qui peut effectuer toutes ses t\u00e2ches en t\u00e9l\u00e9travail doit le faire <strong>cinq jours sur cinq<\/strong><\/i>\u00ab\u00a0, a-t-elle conclu.<\/p>\n<p>Pour faire face \u00e0 l<strong>&lsquo;impact \u00e9conomique d&rsquo;une telle mesure<\/strong>, le ministre de l&rsquo;Economie Bruno le Maire a d\u00e9clar\u00e9 que l&rsquo;aide \u00e9conomique serait plus importante que lors du premier confinement. Il a pr\u00e9sent\u00e9 une batterie de mesures de soutien aux entreprises, pour un montant de <strong>15\u00a0milliards d&rsquo;euros<\/strong> par mois\u00a0:<\/p>\n<ul>\n<li>\u00a0\u00ab\u00a0<em>Toutes les entreprises et tous les commerces qui sont ferm\u00e9s par d\u00e9cision administrative pourront recevoir une <strong>indemnisation allant jusqu&rsquo;\u00e0 10\u00a0000\u00a0euros<\/strong><\/em>\u00ab\u00a0, et ce, \u00ab\u00a0<em>peu importe le secteur d&rsquo;activit\u00e9, peu importe le secteur g\u00e9ographique<\/em>.\u00a0\u00bb Il a annonc\u00e9 l&rsquo;activation d&rsquo;un fonds de solidarit\u00e9 de 6\u00a0milliards d&rsquo;euros par mois de confinement.<\/li>\n<li><strong>Exon\u00e9ration totale des cotisation sociales <\/strong>pour toutes les entreprises de moins de 50\u00a0salari\u00e9s ferm\u00e9es administrativement.<\/li>\n<li>Les <strong>pr\u00eats garantis<\/strong> par l&rsquo;Etat et les pr\u00eats directs de l&rsquo;Etat seront renforc\u00e9s.\u00a0<\/li>\n<li>Un<strong> cr\u00e9dit d&rsquo;imp\u00f4t<\/strong> incitant les bailleurs \u00e0 annuler une partie des loyers sera ajout\u00e9\u00a0dans le projet de loi de finances pour 2021.<\/li>\n<li>Le<strong> ch\u00f4mage partiel<\/strong> pour les salari\u00e9s et les employeurs qui ne pourront pas travailler.<\/li>\n<\/ul>\n<p>Le pr\u00e9sident de la R\u00e9publique avait\u00a0annonc\u00e9 qu&rsquo;un <strong>plan sp\u00e9cial <\/strong>pour les ind\u00e9pendants, les commer\u00e7ants, les tr\u00e8s petites et moyennes entreprises serait pens\u00e9. \u00ab\u00a0<em>Je le sais, [ils] redoutent plus que tout les prochaines semaines<\/em>\u00ab\u00a0, a-t-il d\u00e9clar\u00e9.<\/p>\n<p><strong>Les modes d&rsquo;application et de fonctionnement du confinement<\/strong>\u00a0feront cependant l&rsquo;objet d&rsquo;une <strong>r\u00e9\u00e9valuation<\/strong> <strong>toutes les deux semaines<\/strong>. \u00ab\u00a0<em>Nous d\u00e9ciderons le cas \u00e9chant de mesures compl\u00e9mentaires. Et nous \u00e9valuerons si nous pouvons all\u00e9ger certaines contraintes<\/em>\u00ab\u00a0, a ajout\u00e9 le pr\u00e9sident de la R\u00e9publique. Au travers de ce confinement g\u00e9n\u00e9ralis\u00e9, le but du gouvernement est clair\u00a0: <strong>r\u00e9duire tr\u00e8s fortement le rythme des nouvelles contaminations<\/strong> pour l&rsquo;heure tr\u00e8s \u00e9lev\u00e9 sur l&rsquo;int\u00e9gralit\u00e9 du territoire.<\/p>\n<aside id=\"NL_1334931623\" class=\"newsletter_subscription jNlBlock\"><noscript><br \/>\n            <\/noscript><\/p>\n<h3 class=\"newsletter_subscription-title\">Newsletter <\/h3>\n<p><a href=\"\/\/mailing.ccmbg.com\/archive\/last-85\" target=\"_blank\" class=\"a_hover\" rel=\"noopener noreferrer\">Voir un exemple<\/a><\/p>\n<\/aside>\n<p>Un objectif qui en cache un autre\u00a0:<strong> l&rsquo;espoir que\u00a0les Fran\u00e7ais puissent c\u00e9l\u00e9brer No\u00ebl en famille<\/strong>. Une id\u00e9e <strong>r\u00e9alisable<\/strong> selon le Pr\u00e9sident du Conseil Scientifique, Jean-Fran\u00e7ois Delfraissy, qui pr\u00e9cisait cependant,\u00a0ce jeudi 29 octobre sur France Inter, que les f\u00eates de fin d&rsquo;ann\u00e9es\u00a0seraient certainement <strong>\u00ab\u00a0<em>diff\u00e9rentes\u00a0\u00bb<\/em>.\u00a0<\/strong> \u00ab\u00a0<em>E<\/em><i>lles se feront en petit comit\u00e9 et probablement sous le <strong>couvre-feu<\/strong>\u00ab\u00a0, <\/i>a-t-il ajout\u00e9.<\/p>\n<\/p><\/div>\n<p>[ad_2]<br \/>\n<br \/><a href=\"https:\/\/www.journaldesfemmes.fr\/societe\/actu\/2670599-confinement-cosmetiques-produits-essentiels-vente-rayons-supprimes\/\">Source link <\/a><\/p>\n","protected":false},"excerpt":{"rendered":"<p>[ad_1] Les Fran\u00e7ais sont somm\u00e9s de rester chez eux. Les scientifiques parlent d\u00e9j\u00e0 d&rsquo;un confinement de 2\u00a0\u00e0 3\u00a0mois et de &hellip; <a href=\"http:\/\/www.affinite.fr\/index.php\/2020\/11\/03\/cosmetiques-surgeles-produits-interdits-ou-autorises-a-la-vente\/\" class=\"more-link\">Plus <span class=\"screen-reader-text\">Cosm\u00e9tiques, Surgel\u00e9s&#8230; Produits interdits ou autoris\u00e9s \u00e0 la vente<\/span> <span class=\"meta-nav\">&rarr;<\/span><\/a><\/p>\n","protected":false},"author":1,"featured_media":5469,"comment_status":"open","ping_status":"open","sticky":false,"template":"","format":"standard","meta":{"_sitemap_exclude":false,"_sitemap_priority":"","_sitemap_frequency":"","footnotes":""},"categories":[1],"tags":[],"class_list":["post-5468","post","type-post","status-publish","format-standard","has-post-thumbnail","hentry","category-tous"],"_links":{"self":[{"href":"http:\/\/www.affinite.fr\/index.php\/wp-json\/wp\/v2\/posts\/5468"}],"collection":[{"href":"http:\/\/www.affinite.fr\/index.php\/wp-json\/wp\/v2\/posts"}],"about":[{"href":"http:\/\/www.affinite.fr\/index.php\/wp-json\/wp\/v2\/types\/post"}],"author":[{"embeddable":true,"href":"http:\/\/www.affinite.fr\/index.php\/wp-json\/wp\/v2\/users\/1"}],"replies":[{"embeddable":true,"href":"http:\/\/www.affinite.fr\/index.php\/wp-json\/wp\/v2\/comments?post=5468"}],"version-history":[{"count":0,"href":"http:\/\/www.affinite.fr\/index.php\/wp-json\/wp\/v2\/posts\/5468\/revisions"}],"wp:featuredmedia":[{"embeddable":true,"href":"http:\/\/www.affinite.fr\/index.php\/wp-json\/wp\/v2\/media\/5469"}],"wp:attachment":[{"href":"http:\/\/www.affinite.fr\/index.php\/wp-json\/wp\/v2\/media?parent=5468"}],"wp:term":[{"taxonomy":"category","embeddable":true,"href":"http:\/\/www.affinite.fr\/index.php\/wp-json\/wp\/v2\/categories?post=5468"},{"taxonomy":"post_tag","embeddable":true,"href":"http:\/\/www.affinite.fr\/index.php\/wp-json\/wp\/v2\/tags?post=5468"}],"curies":[{"name":"wp","href":"https:\/\/api.w.org\/{rel}","templated":true}]}}