{"id":5462,"date":"2020-11-02T17:57:59","date_gmt":"2020-11-02T17:57:59","guid":{"rendered":"https:\/\/www.affinite.fr\/index.php\/2020\/11\/02\/nagui-contamine-au-coronavirus-mais-teste-negatif\/"},"modified":"2020-11-02T17:57:59","modified_gmt":"2020-11-02T17:57:59","slug":"nagui-contamine-au-coronavirus-mais-teste-negatif","status":"publish","type":"post","link":"http:\/\/www.affinite.fr\/index.php\/2020\/11\/02\/nagui-contamine-au-coronavirus-mais-teste-negatif\/","title":{"rendered":"Nagui, contamin\u00e9 au coronavirus mais \u00ab\u00a0test\u00e9 n\u00e9gatif\u00a0\u00bb"},"content":{"rendered":"<p> [ad_1]<br \/>\n<br \/><img decoding=\"async\" src=\"https:\/\/img-3.journaldesfemmes.fr\/3Z3J1m3CYgVbKnd0SkE3bFNYif4=\/1280x\/smart\/f6d7ef7814d04c418371066a311884bd\/ccmcms-jdf\/19759559.jpg\" \/><\/p>\n<p>\n                Nagui a r\u00e9v\u00e9l\u00e9 qu&rsquo;il avait \u00e9t\u00e9 contamin\u00e9 au coronavirus, apr\u00e8s avoir \u00e9t\u00e9 test\u00e9 n\u00e9gatif&#8230;            <\/p>\n<div>\n<p>Il est de retour, en pleine forme ! Les fans de<strong> <a href=\"https:\/\/www.journaldesfemmes.fr\/people\/nagui\/\" title=\"Nagui\">Nagui<\/a> <\/strong>commen\u00e7aient \u00e0 s&rsquo;inqui\u00e9ter de <strong>l&rsquo;absence prolong\u00e9e<\/strong> de l&rsquo;animateur, qui avait quitt\u00e9 les studios de <em>France Inter<\/em> le 12 octobre&#8230; Le pr\u00e9sentateur de <em>La Bande Originale<\/em> sur la radio est <strong>revenu sur les ondes,<\/strong> le 2\u00a0novembre, pour expliquer les <strong>raisons <\/strong>de sa longue absence. \u00ab\u00a0<em>J&rsquo;avais \u00e9t\u00e9 cas contact, j&rsquo;avais \u00e9t\u00e9 <strong>test\u00e9 n\u00e9gatif<\/strong>, coinc\u00e9 \u00e0 la maison \u00e0 attendre de savoir ce qu&rsquo;il se passe et isol\u00e9 pendant x jours, mais avec quand m\u00eame un sentiment de &lsquo;\u00e7a va pas<\/em>&lsquo;\u00a0\u00bb, a-t-il d&rsquo;abord racont\u00e9. Convaincu d&rsquo;\u00eatre malade, l&rsquo;animateur avait toutefois \u00e9cart\u00e9 l&rsquo;hypoth\u00e8se de la <strong>contamination au coronavirus<\/strong>, puisque son test \u00e9tait revenu n\u00e9gatif : \u00ab\u00a0<em>Les m\u00e9decins m&rsquo;ont dit : &lsquo;le rhume, la grippe, la gastro, \u00e7a existe aussi, y&rsquo;a d&rsquo;autres maladies, y&rsquo;a pas que le virus, y&rsquo;a pas que la pand\u00e9mie.'\u00a0\u00bb<\/em><\/p>\n<h2>Nagui, contamin\u00e9 au coronavirus<\/h2>\n<p>Malgr\u00e9 tout, Nagui, dont l&rsquo;\u00e9tat de sant\u00e9 ne s&rsquo;am\u00e9liorait pas, a redoubl\u00e9 de prudence et a refait un test.\u00a0\u00ab\u00a0<em>Et puis \u00e7a n&rsquo;a pas loup\u00e9. Au bout d&rsquo;une semaine \u00e7a n&rsquo;allait vraiment pas. J&rsquo;ai refait un test et<strong> il \u00e9tait positif<\/strong>. Ca tombait relativement bien dans le planning, il y avait des vacances pr\u00e9vues (&#8230;) Je me suis repos\u00e9, et d\u00e9sol\u00e9 pour vous\u00a0: Je suis en plein forme<\/em>\u00ab\u00a0, a-t-il l\u00e2ch\u00e9.\u00a0<\/p>\n<aside id=\"NL_1837192739\" class=\"newsletter_subscription jNlBlock\"><noscript><br \/>\n            <\/noscript><\/p>\n<h3 class=\"newsletter_subscription-title\">Newsletter <\/h3>\n<p><a href=\"\/\/mailing.ccmbg.com\/archive\/last-85\" target=\"_blank\" class=\"a_hover\" rel=\"noopener noreferrer\">Voir un exemple<\/a><\/p>\n<\/aside>\n<p>En petite forme pendant ces derni\u00e8res semaines d&rsquo;octobre, l&rsquo;animateur <a href=\"https:\/\/www.journaldesfemmes.fr\/people\/magazine\/2628429-macron-nabilla-francoise-hardy-meghan-markle-sheila-agnes-buzyn-thierry-godard\/2629731-nagui\">f\u00e9ru d&rsquo;\u00e9quitation<\/a> ne s&rsquo;est toutefois pas priv\u00e9 de rester\u00a0<strong>actif sur les r\u00e9seaux sociaux<\/strong>. Sur Instagram, il\u00a0a comment\u00e9 plusieurs prestations de candidats de <em>N&rsquo;Oubliez Pas Les Paroles<\/em>, et le 31 octobre, a post\u00e9 une photo en costume d&rsquo;Halloween avec <a href=\"https:\/\/www.journaldesfemmes.fr\/people\/magazine\/2605355-helene-et-nicolas-evelyne-dheliat-brigitte-macron-patrice-laffont-rihanna-grossir\/2605651-melanie-page-et-nagui\"><strong>son \u00e9pouse M\u00e9lanie Page<\/strong>.<\/a><\/p>\n<\/p><\/div>\n<p>[ad_2]<br \/>\n<br \/><a href=\"https:\/\/www.journaldesfemmes.fr\/people\/magazine\/2673243-nagui-contamine-coronavirus-absence-malade\/\">Source link <\/a><\/p>\n","protected":false},"excerpt":{"rendered":"<p>[ad_1] Nagui a r\u00e9v\u00e9l\u00e9 qu&rsquo;il avait \u00e9t\u00e9 contamin\u00e9 au coronavirus, apr\u00e8s avoir \u00e9t\u00e9 test\u00e9 n\u00e9gatif&#8230; Il est de retour, en &hellip; <a href=\"http:\/\/www.affinite.fr\/index.php\/2020\/11\/02\/nagui-contamine-au-coronavirus-mais-teste-negatif\/\" class=\"more-link\">Plus <span class=\"screen-reader-text\">Nagui, contamin\u00e9 au coronavirus mais \u00ab\u00a0test\u00e9 n\u00e9gatif\u00a0\u00bb<\/span> <span class=\"meta-nav\">&rarr;<\/span><\/a><\/p>\n","protected":false},"author":1,"featured_media":5463,"comment_status":"open","ping_status":"open","sticky":false,"template":"","format":"standard","meta":{"_sitemap_exclude":false,"_sitemap_priority":"","_sitemap_frequency":"","footnotes":""},"categories":[1],"tags":[],"class_list":["post-5462","post","type-post","status-publish","format-standard","has-post-thumbnail","hentry","category-tous"],"_links":{"self":[{"href":"http:\/\/www.affinite.fr\/index.php\/wp-json\/wp\/v2\/posts\/5462"}],"collection":[{"href":"http:\/\/www.affinite.fr\/index.php\/wp-json\/wp\/v2\/posts"}],"about":[{"href":"http:\/\/www.affinite.fr\/index.php\/wp-json\/wp\/v2\/types\/post"}],"author":[{"embeddable":true,"href":"http:\/\/www.affinite.fr\/index.php\/wp-json\/wp\/v2\/users\/1"}],"replies":[{"embeddable":true,"href":"http:\/\/www.affinite.fr\/index.php\/wp-json\/wp\/v2\/comments?post=5462"}],"version-history":[{"count":0,"href":"http:\/\/www.affinite.fr\/index.php\/wp-json\/wp\/v2\/posts\/5462\/revisions"}],"wp:featuredmedia":[{"embeddable":true,"href":"http:\/\/www.affinite.fr\/index.php\/wp-json\/wp\/v2\/media\/5463"}],"wp:attachment":[{"href":"http:\/\/www.affinite.fr\/index.php\/wp-json\/wp\/v2\/media?parent=5462"}],"wp:term":[{"taxonomy":"category","embeddable":true,"href":"http:\/\/www.affinite.fr\/index.php\/wp-json\/wp\/v2\/categories?post=5462"},{"taxonomy":"post_tag","embeddable":true,"href":"http:\/\/www.affinite.fr\/index.php\/wp-json\/wp\/v2\/tags?post=5462"}],"curies":[{"name":"wp","href":"https:\/\/api.w.org\/{rel}","templated":true}]}}