{"id":5460,"date":"2020-11-01T17:56:57","date_gmt":"2020-11-01T17:56:57","guid":{"rendered":"https:\/\/www.affinite.fr\/index.php\/2020\/11\/01\/leurope-se-reconfine-petit-a-petit-mesures-bilan\/"},"modified":"2020-11-01T17:56:57","modified_gmt":"2020-11-01T17:56:57","slug":"leurope-se-reconfine-petit-a-petit-mesures-bilan","status":"publish","type":"post","link":"http:\/\/www.affinite.fr\/index.php\/2020\/11\/01\/leurope-se-reconfine-petit-a-petit-mesures-bilan\/","title":{"rendered":"l&rsquo;Europe se reconfine petit \u00e0 petit, mesures, bilan"},"content":{"rendered":"<p> [ad_1]<br \/>\n<\/p>\n<p>\n                Alors que l&rsquo;Europe continue de s&rsquo;enfoncer un peu plus sous la seconde vague de coronavirus, de nombreux pays ont d\u00e9cid\u00e9, \u00e0 l&rsquo;instar de la France, de se reconfiner. Et si le Vieux Continent subit une forte hausse du Covid-19, les \u00c9tats-Unis connaissent \u00e9galement une recrudescence de l&rsquo;\u00e9pid\u00e9mie. Chiffres du jour, carte et bilan en direct.            <\/p>\n<div>\n<aside class=\"ccmsummary marqueur_module ccmcss_cms_summary ccmcss_cms_summary--right\">\n<p>Sommaire<\/p>\n<\/aside>\n<p><strong>[Mise \u00e0 jour du dimanche 1er novembre 2020 \u00e0 18h17]\u00a0<\/strong>Le nombre de cas Covid-19\u00a0est en hausse partout dans le monde<em> \u00ab\u00a0et le bilan s&rsquo;alourdit jour apr\u00e8s jour\u00a0\u00bb,<\/em>\u00a0a d\u00e9clar\u00e9 le ministre de la Sant\u00e9 Olivier V\u00e9ran lors d&rsquo;une conf\u00e9rence de presse le 22\u00a0octobre dernier. L&rsquo;<strong>Europe est le foyer majeur <\/strong>de l&rsquo;\u00e9pid\u00e9mie avec<strong> 46% des cas de Covid-19 <\/strong>rapport\u00e9s dans le monde, suivie par l&rsquo;Am\u00e9rique (31% des cas).<strong> 25 pays <\/strong>d&rsquo;Europe se trouve dans une <strong>situation<\/strong> particuli\u00e8rement \u00ab\u00a0<strong>pr\u00e9occupante<\/strong>\u00a0\u00bb selon Sant\u00e9 Publique France :<em> \u00ab\u00a0La<strong> vuln\u00e9rabilit\u00e9 de la population europ\u00e9enne au SARS-CoV-2\u00a0<\/strong>est tr\u00e8s \u00e9lev\u00e9e, avec un niveau d&rsquo;immunit\u00e9 global inf\u00e9rieur \u00e0 15% dans la plupart des pays europ\u00e9ens.\u00a0\u00bb <\/em>Face \u00e0 la reprise de l&rsquo;\u00e9pid\u00e9mie, de <strong>nouvelles mesures<\/strong> anti Covid sont prises. En <strong>Allemagne<\/strong>, les lieux recevant du\u00a0public ferment (restaurants, th\u00e9\u00e2tres, cin\u00e9mas&#8230;), en <strong>Belgique <\/strong>un <strong>reconfinement <\/strong>devrait \u00eatre d\u00e9cr\u00e9t\u00e9 dans les prochaines heures&#8230;\u00a0\u00c0\u00a0date, <strong>plus d&rsquo;un million de personnes sont d\u00e9c\u00e9d\u00e9es <\/strong>du virus dans le monde (0,01% de la population mondiale) et plus de 45 millions ont \u00e9t\u00e9 contamin\u00e9es. Quels sont les <strong>pays les\u00a0plus\u00a0touch\u00e9s <\/strong>dans le monde\u00a0? Quel <strong>pourcentage de contamin\u00e9s et de d\u00e9c\u00e8s <\/strong>par rapport \u00e0 la population totale de chaque territoire\u00a0? Chiffres et point de situation.\u00a0<\/p>\n<h2>Dans l&rsquo;actu :<\/h2>\n<ul>\n<li><b>Des premiers essais cliniques pour le vaccin isra\u00e9lien, la Grande-Bretagne acc\u00e9l\u00e8re ses essais.\u00a0<\/b>L&rsquo;Institut de recherche biologique (IIBR) mandat\u00e9 par Benyamin Netanyahou, le Premier ministre d&rsquo;Isra\u00ebl, pour d\u00e9velopper un vaccin local contre le coronavirus, a re\u00e7u le feu vert pour lancer ses tests. Deux personnes se situant pour l&rsquo;une \u00e0 l&rsquo;h\u00f4pital Sheba, pr\u00e8s de Tel-Aviv, et pour l&rsquo;autre \u00e0 l&rsquo;h\u00f4pital Hadassah, \u00e0 J\u00e9rusalem, recevront une dose<b>.<\/b>\u00a0En Grande-Bretagne, les autorit\u00e9s sanitaires font acc\u00e9l\u00e9rer les tests sur le candidat-vaccin d&rsquo;AstraZeneca et de l&rsquo;Universit\u00e9 d&rsquo;Oxford. Avec ceux que d\u00e9veloppent Pfizer et BioNTech, il est l&rsquo;un des plus avanc\u00e9s.<\/li>\n<li><b>Les Anglais pourraient \u00eatre confin\u00e9s plus longtemps que pr\u00e9vu.\u00a0<\/b>S&rsquo;ils ne seront confin\u00e9s qu&rsquo;\u00e0 partir de jeudi, le ministre Michael Gove a d\u00e9j\u00e0 annonc\u00e9 que le reconfinement en Angleterre\u00a0<i>\u00ab\u00a0pourrait se prolonger au-del\u00e0 du 2\u00a0d\u00e9cembre\u00a0\u00bb<\/i>. Samedi, le Premier ministre britannique, Boris Johnson, a annonc\u00e9 que les Anglais devront \u00e0 nouveau rester chez eux pour freiner l&rsquo;\u00e9pid\u00e9mie de Covid-19, qui fait chaque jour plus de 50\u00a0000\u00a0nouveaux cas. Comme en France, les commerces \u00ab\u00a0non essentiels\u00a0\u00bb et les pubs et restaurants devront fermer mais les \u00e9coles resteront ouvertes.\u00a0<\/li>\n<li><b>L&rsquo;Espagne et l&rsquo;Italie grognent contre les restrictions sanitaires qui leur sont impos\u00e9es.\u00a0<\/b>Pour la deuxi\u00e8me nuit cons\u00e9cutive, les forces de l&rsquo;ordre espagnoles ont interpell\u00e9 plusieurs dizaines de manifestants dans diff\u00e9rentes villes du pays, o\u00f9 certains habitants manifestent contre les nouvelles restrictions impos\u00e9es pour lutter contre l&rsquo;\u00e9pid\u00e9mie de coronavirus. Certaines villes ont \u00e9t\u00e9 victimes d&rsquo;actes de vandalisme et de pillages. Mais c&rsquo;est \u00e0 Madrid que les d\u00e9g\u00e2ts les plus importants ont \u00e9t\u00e9 report\u00e9s. Des militants ont\u00a0mis le feu \u00e0 des bennes \u00e0 ordures et dress\u00e9 des barricades de fortune en criant\u00a0<i>\u00ab\u00a0Libert\u00e9!\u2009\u00a0\u00bb<\/i>. Douze personnes ont \u00e9t\u00e9 bless\u00e9es, dont trois policiers. En Italie, c&rsquo;est Rome qui a \u00e9t\u00e9 le th\u00e9\u00e2tre de manifestations. Le pays qui subit une hausse consid\u00e9rable de cas de Covid-19\u00a0a impos\u00e9 de nouvelles restrictions sanitaires qui n&rsquo;ont pas \u00e9t\u00e9 bien accueillies par certains citoyens. Certains d&rsquo;entre eux ont lanc\u00e9 des bouteilles et des p\u00e9tards sur les forces de police qui les ont dispers\u00e9s\u00a0gr\u00e2ce \u00e0 des dispositifs anti\u00e9meutes.<\/li>\n<li><b>Un isolement de trois jours pour les voyageurs qui arrivent \u00e0 New York.\u00a0<\/b>Toutes les personnes arrivant dans l&rsquo;\u00c9tat de New York devront syst\u00e9matiquement s&rsquo;isoler pendant trois jours, avant d&rsquo;effectuer un test de d\u00e9tection du coronavirus. Si celui-ci s&rsquo;av\u00e8re n\u00e9gatif, la personne pourra quitter son isolement. Il s&rsquo;agit l\u00e0 d&rsquo;une baisse drastique du temps d&rsquo;isolement qui \u00e9tait de 14\u00a0jours, jusqu&rsquo;\u00e0 pr\u00e9sent, et ce peu importe le r\u00e9sultat d&rsquo;\u00e9ventuels tests subis pendant ce laps de temps.<\/li>\n<li><strong>Nouvelles restrictions en Allemagne. <\/strong>A compter de lundi 2 novembre<strong>\u00a0et jusqu&rsquo;\u00e0 la fin novembre, sont ferm\u00e9s sur tout le territoire f\u00e9d\u00e9ral\u00a0:<\/strong>\u00a0les lieux de spectacles (dont les th\u00e9\u00e2tres, op\u00e9ras, salles de concert, cin\u00e9mas),<br \/>les lieux de loisirs (dont les salles de jeux, foires, parcs d&rsquo;attraction, discoth\u00e8ques, maisons closes), les lieux de sports (dont les piscines, bains, saunas, centres de fitness), les lieux de restauration (dont les bars, clubs, restaurants), les lieux de soins corporels (dont les salons de beaut\u00e9, cabinets de massage, studios de tatouage).\u00a0Les rassemblements de plus de 2\u00a0foyers ou 10\u00a0personnes maximum dans l&rsquo;espace public sont interdits de m\u00eame que les nuit\u00e9es touristiques, indique le site <a href=\"https:\/\/www.diplomatie.gouv.fr\/fr\/conseils-aux-voyageurs\/conseils-par-pays-destination\/allemagne\/?xtor=RSS-2&amp;t=20201030111022\" target=\"_blank\" rel=\"noopener noreferrer\">France-Diplomatie<\/a>.<\/li>\n<\/ul>\n<blockquote>\n<p style=\"text-align: right;\">La vuln\u00e9rabilit\u00e9 de la population europ\u00e9enne au SARS-CoV-2\u00a0est tr\u00e8s \u00e9lev\u00e9e.<\/p>\n<\/blockquote>\n<h3 style=\"text-align: center;\">Evolution des nouveaux cas de Covid-19\u00a0dans les 10\u00a0pays du monde les plus affect\u00e9s (nombre de cas), au 30\u00a0octobre 2020<\/h3>\n<div style=\"text-align:center\">\n<figure class=\"image\" style=\"display:inline-block\"><a class=\"fancy\" href=\"https:\/\/img-3.journaldesfemmes.fr\/j19w76NPS-OdMSPKjTKG1ETwOp8=\/1080x\/smart\/f3572abe7a264c1ba4bedb55ed0eacff\/ccmcms-jdf\/19679798.jpg\" target=\"_blank\" rel=\"noopener noreferrer\"><img decoding=\"async\" alt=\"Evolution des nouveaux cas de Covid-19\u00a0dans les 10 pays du monde les plus affect\u00e9s (nombre de cas), au 30 octobre 2020\" src=\"https:\/\/img-3.journaldesfemmes.fr\/O9GHFsIL843hzISLqYC2-NyWO8U=\/600x\/smart\/f3572abe7a264c1ba4bedb55ed0eacff\/ccmcms-jdf\/19679798.jpg\"\/><\/a><figcaption data-credit=\"Universit\u00e9 Johns Hopkins\" data-legend=\"Evolution des nouveaux cas de Covid-19\u00a0dans les 10 pays du monde les plus affect\u00e9s (nombre de cas), au 30 octobre 2020\">Evolution des nouveaux cas de Covid-19\u00a0dans les 10\u00a0pays du monde les plus affect\u00e9s (nombre de cas), au 30\u00a0octobre 2020 <small>\u00a9\u00a0Universit\u00e9 Johns Hopkins<\/small><\/figcaption><\/figure>\n<\/div>\n<p>Le nombre de cas de coronavirus continue d&rsquo;augmenter chaque jour dans le monde.\u00a0Au 1er novembre plus\u00a0de<strong>\u00a046\u00a0millions\u00a0de personnes ont \u00e9t\u00e9 test\u00e9es positives<\/strong> au virus selon les comptages de l&rsquo;<a href=\"https:\/\/gisanddata.maps.arcgis.com\/apps\/opsdashboard\/index.html#\/bda7594740fd40299423467b48e9ecf6\" target=\"_blank\" rel=\"noopener noreferrer\">Universit\u00e9 John Hopkins<\/a>\u00a0(46\u00a0196\u00a0087)\u00a0et du\u00a0<a href=\"https:\/\/www.ecdc.europa.eu\/en\/geographical-distribution-2019-ncov-cases\" target=\"_blank\" rel=\"noopener noreferrer\">Centre europ\u00e9en de pr\u00e9vention et de contr\u00f4le des maladies<\/a>\u00a0(46\u00a0156\u00a0540). Ces chiffres varient\u00a0selon les d\u00e9finitions de cas appliqu\u00e9es dans chaque pays et leurs strat\u00e9gies de d\u00e9pistage.\u00a0<\/p>\n<table border=\"1\" cellpadding=\"1\" cellspacing=\"1\">\n<caption>Nombre de cas de Covid-19\u00a0par continent au 1er novembre 2020\u00a0(source\u00a0: Ecdc.Europa.eu \/ Ined.fr)<\/caption>\n<thead\/>\n<tbody>\n<tr>\n<td style=\"width: 104px;\">\u00a0<\/td>\n<td style=\"width: 435px;\"><strong>Nombre de cas positifs au Covid-19 (en millions)<\/strong><\/td>\n<td><strong>Pourcentage de la population positive au Covid-19<\/strong><\/td>\n<\/tr>\n<tr>\n<td style=\"width: 104px;\"><strong>Am\u00e9rique<\/strong><\/td>\n<td style=\"width: 435px;\">20 684 530<\/td>\n<td>2,06%<\/td>\n<\/tr>\n<tr>\n<td style=\"width: 104px;\"><strong>Europe<\/strong><\/td>\n<td style=\"width: 435px;\">10 098 465<\/td>\n<td>1,36%<\/td>\n<\/tr>\n<tr>\n<td style=\"width: 104px;\"><strong>Asie<\/strong><\/td>\n<td style=\"width: 435px;\">13 543 771<\/td>\n<td>0,30%<\/td>\n<\/tr>\n<tr>\n<td style=\"width: 104px;\"><strong>Afrique<\/strong><\/td>\n<td style=\"width: 435px;\">1 787 175<\/td>\n<td>0,14%<\/td>\n<\/tr>\n<tr>\n<td style=\"width: 104px;\"><strong>Oc\u00e9anie<\/strong><\/td>\n<td style=\"width: 435px;\">41 903<\/td>\n<td>0,10%<\/td>\n<\/tr>\n<tr>\n<td style=\"width: 104px;\"><strong>Autres<\/strong><\/td>\n<td style=\"width: 435px;\">696<\/td>\n<td>0%<\/td>\n<\/tr>\n<tr>\n<td style=\"width: 104px;\"><strong>Total\u00a0<\/strong><\/td>\n<td style=\"width: 435px;\">46 156 540<\/td>\n<td>0,59%<\/td>\n<\/tr>\n<\/tbody>\n<\/table>\n<table border=\"1\" cellpadding=\"1\" cellspacing=\"1\">\n<caption>Les 10\u00a0pays recensant le plus grand nombre de cas de Covid-19\u00a0dans le monde au 1er novembre 2020 (Sources\u00a0: Universit\u00e9 John Hopkins)<\/caption>\n<thead>\n<tr>\n<th scope=\"col\">Pays<\/th>\n<th scope=\"col\">Nombre de cas confirm\u00e9s<\/th>\n<th scope=\"col\">Nombre total d&rsquo;habitants (en millions)<\/th>\n<th scope=\"col\">Pourcentage de la population infect\u00e9e<\/th>\n<\/tr>\n<\/thead>\n<tbody>\n<tr>\n<td><strong>Etats-Unis <\/strong><\/td>\n<td>9 127 402<\/td>\n<td>328,2<\/td>\n<td>2,78%<\/td>\n<\/tr>\n<tr>\n<td><strong>Inde<\/strong><\/td>\n<td>8 184 082<\/td>\n<td>1\u00a0353<\/td>\n<td>\n<p>0,60%<\/p>\n<\/td>\n<\/tr>\n<tr>\n<td><strong>Br\u00e9sil<\/strong><\/td>\n<td>5 535 605<\/td>\n<td>209.5<\/td>\n<td>2,64%<\/td>\n<\/tr>\n<tr>\n<td><strong>Russie<\/strong><\/td>\n<td>1 624 648<\/td>\n<td>144,5<\/td>\n<td>1.12%<\/td>\n<\/tr>\n<tr>\n<td><b>France<\/b><\/td>\n<td>\n<h5>1\u00a0412\u00a0709<\/h5>\n<\/td>\n<td><strong>66,9<\/strong><\/td>\n<td><strong>2,11%<\/strong><\/td>\n<\/tr>\n<tr>\n<td><strong>Espagne<\/strong><\/td>\n<td>1 185 678<\/td>\n<td>47<\/td>\n<td>2.52%<\/td>\n<\/tr>\n<tr>\n<td><strong>Argentine<\/strong><\/td>\n<td>\n<p>1\u00a0143 800<\/p>\n<\/td>\n<td>44,5<\/td>\n<td>2.62%<\/td>\n<\/tr>\n<tr>\n<td><strong>Colombie<\/strong><\/td>\n<td>1 048 055<\/td>\n<td>49<\/td>\n<td>2,19%<\/td>\n<\/tr>\n<tr>\n<td><strong>Royaume-Uni<\/strong><\/td>\n<td>1 014 800<\/td>\n<td>66.65<\/td>\n<td>1.52%<\/td>\n<\/tr>\n<tr>\n<td><strong>Mexique<\/strong><\/td>\n<td>924962<\/td>\n<td>126,2<\/td>\n<td>0.73%<\/td>\n<\/tr>\n<\/tbody>\n<\/table>\n<p>&gt; <strong><a href=\"https:\/\/gisanddata.maps.arcgis.com\/apps\/opsdashboard\/index.html#\/bda7594740fd40299423467b48e9ecf6\" target=\"_blank\" rel=\"noopener noreferrer\">Voir le nombre de cas des autres pays\u00a0<\/a><\/strong><\/p>\n<h3 style=\"text-align: center;\">R\u00e9partition g\u00e9ographique du nombre cumulatif de cas de COVID-19\u00a0signal\u00e9s pour 100\u00a0000\u00a0habitants, dans le monde, sur les 14\u00a0derniers jours, au 1er novembre 2020<\/h3>\n<div style=\"text-align:center\">\n<figure class=\"image\" style=\"display:inline-block\"><a class=\"fancy\" href=\"https:\/\/img-3.journaldesfemmes.fr\/Mei9upjWG4iPaSy393Hi9CiMM4Q=\/1080x\/smart\/ae567f1f9a50434fb48a25d69f9048da\/ccmcms-jdf\/19731036.png\"><img decoding=\"async\" alt=\"carte covid monde\" src=\"https:\/\/img-3.journaldesfemmes.fr\/Mei9upjWG4iPaSy393Hi9CiMM4Q=\/1080x\/smart\/ae567f1f9a50434fb48a25d69f9048da\/ccmcms-jdf\/19731036.png\"\/><\/a><figcaption data-credit=\"Ecdc.europa.eu\" data-legend=\"R\u00e9partition g\u00e9ographique des cas de Covid-19 ans le monde au 30 octobre\">R\u00e9partition g\u00e9ographique des cas de Covid-19 ans le monde au 1er novembre\u00a0<small>\u00a9\u00a0Ecdc.europa.eu<\/small><\/figcaption><\/figure>\n<\/div>\n<p>Apr\u00e8s l&rsquo;apparition du virus en Chine en d\u00e9cembre, l&rsquo;Europe est rapidement devenue l&rsquo;\u00e9picentre de l&rsquo;\u00e9pid\u00e9mie obligeant plusieurs pays \u00e0 confiner les populations d\u00e8s le mois de mars. Puis le virus s&rsquo;est propag\u00e9 aux\u00a0Etats-Unis, en Am\u00e9rique du Sud et en\u00a0Inde. Au 29 octobre, selon <a href=\"https:\/\/www.santepubliquefrance.fr\/maladies-et-traumatismes\/maladies-et-infections-respiratoires\/infection-a-coronavirus\/documents\/bulletin-national\/covid-19-point-epidemiologique-du-29-octobre-2020\" target=\"_blank\" rel=\"noopener noreferrer\">Sant\u00e9 publique France<\/a>, les<strong> foyers majeurs <\/strong>de l&rsquo;\u00e9pid\u00e9mie sont l&rsquo;Europe et l&rsquo;Am\u00e9rique (\u00c9tats-Unis et Am\u00e9rique Latine), \u00e0 l&rsquo;origine de respectivement<strong> 46% <\/strong>et 31% des cas rapport\u00e9s dans le monde entre le 19\u00a0et le 25\u00a0octobre. Un <strong>d\u00e9clin <\/strong>de l&rsquo;\u00e9pid\u00e9mie est observ\u00e9 en <strong>Asie<\/strong> du Sud-Est o\u00f9 sont localis\u00e9s 15% des cas rapport\u00e9s dans le monde.<\/p>\n<blockquote>\n<p>Une hausse \u00ab\u00a0consid\u00e9rable\u00a0\u00bb de nouveaux cas en Europe.<\/p>\n<\/blockquote>\n<p>Dans son bilan international, Sant\u00e9 publique France rapporte le 29\u00a0octobre\u00a0:\u00a0\u00a0<\/p>\n<p>\u25ba <strong>Europe\u00a0:<\/strong>\u00a0 une <strong>augmentation consid\u00e9rable <\/strong>de diff\u00e9rents indicateurs est observ\u00e9e par rapport \u00e0 la semaine pr\u00e9c\u00e9dente\u00a0: du nombre de nouveaux cas (+33%), pour toutes les classes d&rsquo;\u00e2ges dans une majorit\u00e9 de pays europ\u00e9ens ; du taux de positivit\u00e9 (&gt;3% et en augmentation dans 22\u00a0pays); de la mortalit\u00e9 pour Covid-19\u00a0(+35%). Selon le dernier rapport d&rsquo;\u00e9valuation de risque de l&rsquo;ECDC au 23 octobre, la<strong> situation est pr\u00e9occupante dans 25\u00a0pays<\/strong>\u00a0: Allemagne, Autriche, Belgique, Bulgarie, Croatie, R\u00e9publique tch\u00e8que, Danemark, Espagne, France, Hongrie, Islande, Irlande, Italie, Lettonie, Luxembourg, Malte, Pays-Bas, Pologne, Portugal, Roumanie, Slov\u00e9nie, Slovaquie, Su\u00e8de et Royaume-Uni. La vuln\u00e9rabilit\u00e9 de la population europ\u00e9enne au SARS-CoV-2\u00a0est tr\u00e8s \u00e9lev\u00e9e, avec un <strong>niveau d&rsquo;immunit\u00e9 global inf\u00e9rieur \u00e0 15%<\/strong> dans la plupart des pays europ\u00e9ens.<\/p>\n<p>\u25ba <strong>Am\u00e9rique\u00a0:\u00a0<\/strong>le nombre global de cas rapport\u00e9s <strong>augmente<\/strong>. Aux \u00c9tats-Unis, un nombre record de nouveaux cas est rapport\u00e9 depuis 7\u00a0jours (entre 60\u00a0000\u00a0et 83\u00a0000\u00a0cas par jour), comparable \u00e0 celui document\u00e9 lors du pic \u00e9pid\u00e9mique dans ce pays, le 24\u00a0juillet avec 74\u00a0818\u00a0cas. Cette hausse est marqu\u00e9e dans certains \u00c9tats (Midwest, r\u00e9gion des Grandes Plaines). Au <strong>Canada<\/strong>, l&rsquo;augmentation du nombre de nouveaux cas et d&rsquo;hospitalisations pour Covid-19\u00a0se poursuit depuis un mois ; le <strong>Qu\u00e9bec et l&rsquo;Ontario cumulent 80% des cas <\/strong>incidents. L&rsquo;incidence tend \u00e0 se stabiliser au Qu\u00e9bec o\u00f9 les mesures de restriction instaur\u00e9es dans plusieurs r\u00e9gions qu\u00e9b\u00e9coises sont prolong\u00e9es jusqu&rsquo;au 23\u00a0novembre. L&rsquo;incidence est en baisse mais se maintient \u00e0 un niveau \u00e9lev\u00e9 au Br\u00e9sil, au P\u00e9rou\u00a0et au Chili, stable en Colombie, tandis qu&rsquo;elle augmente dans d&rsquo;autres pays notamment en Argentine, au Mexique, au Costa Rica et au Paraguay.<\/p>\n<p>\u25ba <strong>Moyen-Orient :\u00a0<\/strong>l&rsquo;\u00e9pid\u00e9mie demeure importante au Liban, en Jordanie, \u00e0 Oman et aux \u00c9mirats arabes unis. La situation est \u00e9galement pr\u00e9occupante en Iran qui a atteint des nombres record de nouvelles infections et de d\u00e9c\u00e8s. En Isra\u00ebl, le taux d&rsquo;incidence r\u00e9cente a fortement baiss\u00e9, dans un contexte d&rsquo;all\u00e8gement graduel des restrictions, apr\u00e8s un confinement national de 4\u00a0semaines achev\u00e9 le 18\/10.<\/p>\n<p>\u25ba<strong> Asie\u00a0: <\/strong>l&rsquo;\u00e9pid\u00e9mie est toujours fluctuante en Inde malgr\u00e9 une incidence en diminution depuis cinq semaines, \u00e0 l&rsquo;instar d&rsquo;autres pays (N\u00e9pal, Myanmar, Indon\u00e9sie). Un cluster de 137\u00a0cas asymptomatiques li\u00e9s \u00e0 une usine de confection textile a \u00e9t\u00e9 rapport\u00e9 r\u00e9cemment en Chine, dans l&rsquo;ouest de la r\u00e9gion du Xinjiang, suite \u00e0 la d\u00e9couverte d&rsquo;un cas ayant engendr\u00e9 une campagne massive de d\u00e9pistage. Le taux d&rsquo;incidence actuel est bas au Japon (3,2\u00a0cas 100\u00a0000\u00a0hab.) et en Cor\u00e9e du Sud (1,4), le nombre de nouveaux cas rapport\u00e9s r\u00e9cemment \u00e9tant li\u00e9s \u00e0 des clusters. En <strong>Oc\u00e9anie<\/strong>, une augmentation tr\u00e8s importante de la transmission du SARS-CoV2\u00a0est d\u00e9crite en <strong>Polyn\u00e9sie fran\u00e7aise<\/strong> et \u00e0 Guam depuis plusieurs semaines.<\/p>\n<p>\u25ba <strong>Afrique\u00a0:<\/strong>\u00a0le nombre de nouveaux cas et la mortalit\u00e9 li\u00e9e au COVID-19\u00a0augmentent l\u00e9g\u00e8rement depuis plusieurs semaines ; cette hausse, li\u00e9e en partie \u00e0 un rattrapage des donn\u00e9es, est particuli\u00e8rement marqu\u00e9e en Afrique du Sud (70% des d\u00e9c\u00e8s COVID-19\u00a0rapport\u00e9s en Afrique) et dans d&rsquo;autres pays (\u00c9thiopie, Kenya, Botswana, Cap-Vert). L&rsquo;\u00e9pid\u00e9mie est<strong> \u00e9galement active au Maroc <\/strong>(+23\u00a0550\u00a0cas entre le 19\u00a0et le 25\u00a0octobre), en <strong>Tunisie <\/strong>(+9\u00a0863\u00a0cas) et en Libye (+5584\u00a0cas) qui d\u00e9crivent une forte augmentation de nouveaux cas et une hausse sensible de la mortalit\u00e9 pour Covid-19.<\/p>\n<p>Au 30 octobre, le nombre de d\u00e9c\u00e8s \u00e0 cause du Covid-19 a d\u00e9pass\u00e9 le million dans le monde, selon les comptages de l&rsquo;<a href=\"https:\/\/gisanddata.maps.arcgis.com\/apps\/opsdashboard\/index.htm\" target=\"_blank\" rel=\"noopener noreferrer\">Universit\u00e9 John Hopkins<\/a> aux Etats-Unis (1\u00a0183 116) et ceux du\u00a0<a href=\"https:\/\/www.ecdc.europa.eu\/en\/geographical-distribution-2019-ncov-cases\" target=\"_blank\" rel=\"noopener noreferrer\">Centre europ\u00e9en de pr\u00e9vention et de contr\u00f4le des maladies<\/a>\u00a0(1\u00a0182 408).\u00a0<\/p>\n<table border=\"1\" cellpadding=\"1\" cellspacing=\"1\">\n<caption>Nombre de morts du Covid-19\u00a0par continent au 1er novembre 2020\u00a0(source\u00a0: Ecdc.Europa.eu)<\/caption>\n<tbody>\n<tr>\n<td>\u00a0<\/td>\n<td><strong>Nombre de d\u00e9c\u00e8s Covid-19<\/strong><\/td>\n<td><strong>Pourcentage de la population d\u00e9c\u00e9d\u00e9e du Covid-19<\/strong><\/td>\n<\/tr>\n<tr>\n<td><strong>Am\u00e9rique<\/strong><\/td>\n<td>642 894<\/td>\n<td>0.06%<\/td>\n<\/tr>\n<tr>\n<td><strong>Europe<\/strong><\/td>\n<td>268 420<\/td>\n<td>0.04%<\/td>\n<\/tr>\n<tr>\n<td><strong>Asie<\/strong><\/td>\n<td>241 008<\/td>\n<td>0.01%<\/td>\n<\/tr>\n<tr>\n<td><strong>Afrique<\/strong><\/td>\n<td>42 892<\/td>\n<td>&lt; 0.01%<\/td>\n<\/tr>\n<tr>\n<td><strong>Oc\u00e9anie<\/strong><\/td>\n<td>1 051<\/td>\n<td>&lt; 0.01%<\/td>\n<\/tr>\n<tr>\n<td><strong>Autres<\/strong><\/td>\n<td>7<\/td>\n<td>0%<\/td>\n<\/tr>\n<tr>\n<td><strong>Total<\/strong><\/td>\n<td><strong>1\u00a0196 272<\/strong><\/td>\n<td>0.02%<\/td>\n<\/tr>\n<\/tbody>\n<\/table>\n<table border=\"1\" cellpadding=\"1\" cellspacing=\"1\">\n<caption>Les 10\u00a0pays recensant le plus grand nombre de d\u00e9c\u00e8s par Covid-19\u00a0dans le monde au 1er novembre 2020\u00a0(Source\u00a0: John Hopkins Universit\u00e9)<\/caption>\n<thead>\n<tr>\n<th scope=\"col\">Pays<\/th>\n<th scope=\"col\">Nombre de d\u00e9c\u00e8s<\/th>\n<th scope=\"col\">Pourcentage de la population d\u00e9c\u00e9d\u00e9e<\/th>\n<\/tr>\n<\/thead>\n<tbody>\n<tr>\n<td><strong>Etats-Unis<\/strong><\/td>\n<td>230 566<\/td>\n<td>0.07%<\/td>\n<\/tr>\n<tr>\n<td><strong>Br\u00e9sil<\/strong><\/td>\n<td>159\u00a0884<\/td>\n<td>0.08%<\/td>\n<\/tr>\n<tr>\n<td><strong>Inde<\/strong><\/td>\n<td>122\u00a0111<\/td>\n<td>0.01%<\/td>\n<\/tr>\n<tr>\n<td><strong>Mexique<\/strong><\/td>\n<td>91\u00a0753<\/td>\n<td>0.07%<\/td>\n<\/tr>\n<tr>\n<td><strong>Royaume-Uni<\/strong><\/td>\n<td>46\u00a0645<\/td>\n<td>0.07%<\/td>\n<\/tr>\n<tr>\n<td><strong>Italie<\/strong><\/td>\n<td>38\u00a0618<\/td>\n<td>0.06%<\/td>\n<\/tr>\n<tr>\n<td><strong>France<\/strong><\/td>\n<td><strong>36\u00a0826<\/strong><\/td>\n<td><strong>0.06%<\/strong><\/td>\n<\/tr>\n<tr>\n<td><strong>Espagne<\/strong><\/td>\n<td>35\u00a0878<\/td>\n<td>0.08%<\/td>\n<\/tr>\n<tr>\n<td><strong>Iran<\/strong><\/td>\n<td>35\u00a0298<\/td>\n<td>0.04%<\/td>\n<\/tr>\n<tr>\n<td><strong>P\u00e9rou<\/strong><\/td>\n<td>34\u00a0411<\/td>\n<td>0.11%<\/td>\n<\/tr>\n<tr>\n<td><strong>Colombie<\/strong><\/td>\n<td>31\u00a0598<\/td>\n<td>0.06%<\/td>\n<\/tr>\n<\/tbody>\n<\/table>\n<p>&gt; <strong><a href=\"https:\/\/gisanddata.maps.arcgis.com\/apps\/opsdashboard\/index.html#\/bda7594740fd40299423467b48e9ecf6\" target=\"_blank\" rel=\"noopener noreferrer\">Voir le nombre de d\u00e9c\u00e8s\u00a0des autres pays\u00a0<\/a><\/strong><\/p>\n<h3>\u2022 <a id=\"courbe-evolution-deces-coronavirus-monde\" name=\"courbe-evolution-deces-coronavirus-monde\">Evolution des d\u00e9c\u00e8s du\u00a0Covid-19\u00a0dans le monde, globale et\u00a0par continent, au 1er novembre 2020<\/a><\/h3>\n<div style=\"text-align:center\">\n<figure class=\"image\" style=\"display:inline-block\"><a class=\"fancy\" href=\"https:\/\/img-3.journaldesfemmes.fr\/teKbrTF-LMAjrz2lMJO4qLJiuUc=\/1080x\/smart\/425c610569d44d9e814faf0e65fe640f\/ccmcms-jdf\/19731087.png\"><img decoding=\"async\" alt=\"\u00e9volution d\u00e9c\u00e8s covid monde\" src=\"https:\/\/img-3.journaldesfemmes.fr\/teKbrTF-LMAjrz2lMJO4qLJiuUc=\/1080x\/smart\/425c610569d44d9e814faf0e65fe640f\/ccmcms-jdf\/19731087.png\"\/><\/a><figcaption data-credit=\"Ecdc.europa.eu\" data-legend=\"Evolution des d\u00e9c\u00e8s du Covid-19 dans le monde, par continent, au 30 octobre 2020\">Evolution des d\u00e9c\u00e8s du Covid-19 dans le monde, par continent, au 1er novembre 2020 <small>\u00a9\u00a0Ecdc.europa.eu<\/small><\/figcaption><\/figure>\n<\/div>\n<p>L&rsquo;\u00e9pid\u00e9mie de coronavirus flambe \u00e0 nouveau\u00a0en Europe obligeant plusieurs pays \u00e0 mettre en place de nouvelles restrictions comme le reconfinement de la population, la fermeture des fronti\u00e8res ou des couvre-feux.<\/p>\n<h3 style=\"text-align: center;\">R\u00e9partition g\u00e9ographique du nombre cumulatif de cas de COVID-19\u00a0signal\u00e9s pour 100\u00a0000\u00a0habitants, en Europe, sur les semaines du 12 au 25 octobre 2020<\/h3>\n<div style=\"text-align:center\">\n<figure class=\"image\" style=\"display:inline-block\"><a class=\"fancy\" href=\"https:\/\/img-3.journaldesfemmes.fr\/Dwd0flgNvyblL2l8TywqtpLlBeM=\/1080x\/smart\/4dd843a6b2b547439c83a805b925d797\/ccmcms-jdf\/19679959.jpg\"><img decoding=\"async\" alt=\"carte covid europe\" src=\"https:\/\/img-3.journaldesfemmes.fr\/AGYECTnChEwDB4DHl6E9IKBiMl0=\/600x\/smart\/4dd843a6b2b547439c83a805b925d797\/ccmcms-jdf\/19679959.jpg\"\/><\/a><figcaption data-credit=\"Ecdc.europa.eu\" data-legend=\"Carte des cas de Covid-19 en Europe sur les semaines 42-43\">Carte des cas de Covid-19 en Europe sur les semaines 42-43 <small>\u00a9\u00a0Ecdc.europa.eu<\/small><\/figcaption><\/figure>\n<\/div>\n<p><u>Parmi les derni\u00e8res mesures :<\/u><\/p>\n<ul>\n<li><b>Reconfinement en Angleterre.\u00a0<\/b>Samedi, Boris Johnson, le Premier ministre britannique, a annonc\u00e9 un reconfinement pour la Grande-Bretagne \u00e0 compter du jeudi 5\u00a0novembre, pour freiner l&rsquo;\u00e9pid\u00e9mie de Covid-19\u00a0qui fait chaque jour plus de 50\u00a0000\u00a0nouveaux cas. Comme en France, les commerces \u00a0\u00bb\u00a0non essentiels\u00a0\u00a0\u00bb et les pubs et restaurants devront fermer mais les \u00e9coles resteront ouvertes.\u00a0<\/li>\n<li><b>Reconfinement partiel en Gr\u00e8ce.\u00a0<\/b>Le\u00a0Premier ministre grec Kyriakos Mitsotakis\u00a0a annonc\u00e9 un\u00a0confinement partiel\u00a0\u00e0 partir de mardi, pour combattre la\u00a0deuxi\u00e8me vague du Covid-19. Le chef du gouvernement a indiqu\u00e9 que cette proc\u00e9dure durerait un mois pour\u00a0<i>\u00ab\u00a0essayer de sauver les f\u00eates de No\u00ebl\u00a0\u00bb<\/i>. Mis \u00e0 part la livraison de nourriture, tous les restaurants seront ferm\u00e9s alors que la Gr\u00e8ce compte plus de 37\u00a0000\u00a0cas depuis la fin f\u00e9vrier. Les cin\u00e9mas, mus\u00e9es, th\u00e9\u00e2tres, clubs, bars et caf\u00e9s seront \u00e9galement ferm\u00e9s dans les r\u00e9gions les plus touch\u00e9es, surtout dans la capitale grecque et \u00e0 Thessalonique, deuxi\u00e8me ville dans le nord du pays, ainsi que dans d&rsquo;autres r\u00e9gions qui sont\u00a0dans\u00a0<i>\u00ab\u00a0la zone de risque accru\u00a0\u00bb<\/i>. Les \u00e9coles, les h\u00f4tels, les salons de coiffure et les commerces de d\u00e9tail resteront ouverts \u00e0 travers le pays. Ce n&rsquo;\u00e9tait pas le cas lors du premier confinement en mars.<\/li>\n<li><b>Reconfinement en Belgique.<\/b>\u00a0Le plat pays se reconfine pour un peu plus mois \u00e0 compter du lundi 2\u00a0novembre et jusqu&rsquo;au\u00a013\u00a0d\u00e9cembre avec une \u00e9valuation au 1er d\u00e9cembre. Le territoire belge est celui o\u00f9 le virus circule le plus en Europe avec plus de 87\u00a0000\u00a0nouveaux cas au cours de ces derni\u00e8res 24\u00a0heures.<\/li>\n<li><b>Confinement partiel au Portugal.\u00a0<\/b>Le Premier ministre portugais a annonc\u00e9 un reconfinement, m<span style=\"font-size: 1rem;\">oins strict que le premier confinement au printemps dernier,\u00a0d\u00e8s le mercredi 4\u00a0novembre.<\/span><span style=\"font-size: 1rem;\">\u00a070% des Portugais seront invit\u00e9s \u00e0 rester chez eux.<\/span><\/li>\n<\/ul>\n<ul>\n<li><strong>Nouvelles restrictions en Allemagne. <\/strong>A compter de lundi 2\u00a0novembre<strong>\u00a0et jusqu&rsquo;\u00e0 la fin novembre, sont ferm\u00e9s sur tout le territoire f\u00e9d\u00e9ral\u00a0:<\/strong>\u00a0les lieux de spectacles (dont les th\u00e9\u00e2tres, op\u00e9ras, salles de concert, cin\u00e9mas),<br \/>les lieux de loisirs (dont les salles de jeux, foires, parcs d&rsquo;attraction, discoth\u00e8ques, maisons closes), les lieux de sports (dont les piscines, bains, saunas, centres de fitness), les lieux de restauration (dont les bars, clubs, restaurants), les lieux de soins corporels (dont les salons de beaut\u00e9, cabinets de massage, studios de tatouage).\u00a0Les rassemblements de plus de 2\u00a0foyers ou 10\u00a0personnes maximum dans l&rsquo;espace public sont interdits de m\u00eame que les nuit\u00e9es touristiques, indique le site <a href=\"https:\/\/www.diplomatie.gouv.fr\/fr\/conseils-aux-voyageurs\/conseils-par-pays-destination\/allemagne\/?xtor=RSS-2&amp;t=20201030111022\" target=\"_blank\" rel=\"noopener noreferrer\">France-Diplomatie<\/a>.<\/li>\n<li><strong>Transferts de patients Covid-19\u00a0entre pays. <\/strong>L&rsquo;Union europ\u00e9enne (UE) va mobiliser 220\u00a0millions d&rsquo;euros pour financer des transferts de patients atteints du Covid-19\u00a0d&rsquo;un pays \u00e0 l&rsquo;autre pour\u00a0soulager les h\u00f4pitaux surcharg\u00e9s, a annonc\u00e9 jeudi 29\u00a0octobre la Pr\u00e9sidente de la Commission europ\u00e9enne, Ursula von der Leyen.<\/li>\n<li><strong>Etat d&rsquo;urgence prolong\u00e9 en Espagne.<\/strong> Jeudi 29\u00a0octobre,\u00a0les d\u00e9put\u00e9s espagnols ont approuv\u00e9 la demande du gouvernement de prolonger pour six\u00a0mois l&rsquo;\u00e9tat d&rsquo;urgence sanitaire. La ville de<strong> Madrid se confin\u00e9\u00a0depuis le\u00a031 octobre jusqu&rsquo;au 2 novembre et renouvellera la proc\u00e9dure\u00a0du 7 au 9 novembre prochain.<\/strong><\/li>\n<\/ul>\n<p>Dimanche 1er novembre, l&rsquo;Espagne compte 1\u00a0185\u00a0678\u00a0cas de Covid-19, selon les donn\u00e9es de\u00a0l&rsquo;universit\u00e9\u00a0Johns Hopkins. Face \u00e0 la hausse de l&rsquo;\u00e9pid\u00e9mie, le Premier ministre Pedro S\u00e1nchez a pris de<b>\u00a0nouvelles mesures drastiques.\u00a0<\/b>D&rsquo;abord,\u00a0<b>il a annonc\u00e9 le prolongement de l&rsquo;\u00e9tat d&rsquo;urgence sanitaire pendant 15\u00a0jours<\/b>\u00a0et compte le prolonger encore jusqu&rsquo;\u00e0 d\u00e9but mai 2021\u00a0(sauf dans les \u00eeles Canaries) impliquant :\u00a0<\/p>\n<ul>\n<li><b>Application d&rsquo;un couvre-feu<\/b>\u00a0de 23h \u00e0 06h du matin.<\/li>\n<li>Restrictions de circulation \u00e0 l&rsquo;entr\u00e9e et la sortie de 10\u00a0communaut\u00e9s\u00a0autonomes (<b>confinement territorial<\/b>)\u00a0: le\u00a0<b>Pays basque, la Communaut\u00e9 forale de Navarre, l&rsquo;Aragon, la principaut\u00e9 des Asturies, La Rioja, la Cantabrie, la Catalogne, l&rsquo;Andalousie, la Castille-et-L\u00e9on, la Castille-La Manche.<\/b><\/li>\n<li>Toute r\u00e9union ou rassemblement tant en espace ferm\u00e9 qu&rsquo;ouvert ne doit pas compter plus de six personnes,\u00a0<b>sauf dans le cas de cohabitation familiale ou colocation<\/b>.<\/li>\n<\/ul>\n<p>Par ailleurs, selon le site\u00a0<a href=\"https:\/\/www.diplomatie.gouv.fr\/fr\/conseils-aux-voyageurs\/conseils-par-pays-destination\/espagne\/?xtor=RSS-2&amp;t=20201030121656\" target=\"_blank\" rel=\"noopener noreferrer\">France-Diplomatie<\/a>,\u00a0<b>Madrid s&rsquo;est confin\u00e9e\u00a0<\/b>depuis le\u00a031\u00a0octobre jusqu&rsquo;au 2\u00a0novembre inclus, puis du 7\u00a0au 9\u00a0novembre inclus. \u00c0 Madrid depuis le 24\u00a0octobre, les r\u00e9unions sont interdites\u00a0dans les espaces publics et priv\u00e9s, de minuit \u00e0 6h du matin\u00a0; les bars et restaurants sont ferm\u00e9s \u00e0 minuit, les clients ne pouvant \u00eatre accueillis au-del\u00e0 de 23h.<\/p>\n<h3 style=\"text-align: center;\">Evolution des nouveaux cas de Covid-19\u00a0en Espagne, par mois.<\/h3>\n<div style=\"text-align:center\">\n<figure class=\"image\" style=\"display:inline-block\"><a class=\"fancy\" href=\"https:\/\/img-3.journaldesfemmes.fr\/Aa8fTjRvD2R1Ir1u1JyeTJMmL-k=\/1080x\/smart\/9472384427834dc5814af7ef40b5b2ba\/ccmcms-jdf\/19731230.png\"><img decoding=\"async\" alt=\"Evolution des nouveaux cas de Covid-19\u00a0en Espgne, par mois.\" src=\"https:\/\/img-3.journaldesfemmes.fr\/05Qrk_aGtPAWalC5Fn_MByF5Nho=\/600x\/smart\/9472384427834dc5814af7ef40b5b2ba\/ccmcms-jdf\/19731230.png\"\/><\/a><figcaption data-credit=\"John Hopkins University\" data-legend=\"Evolution des nouveaux cas de Covid-19\u00a0en Espagne, par mois.\">Evolution des nouveaux cas de Covid-19\u00a0en Espagne, par mois. <small>\u00a9\u00a0John Hopkins University<\/small><\/figcaption><\/figure>\n<\/div>\n<p>Le minist\u00e8re italien de la Sant\u00e9 a fait \u00e9tat samedi 31\u00a0octobre de<strong>\u00a0<\/strong><strong>31\u00a0756\u00a0nouveaux cas\u00a0<\/strong>de contamination au coronavirus au cours des derni\u00e8res 24\u00a0heures, un nouveau\u00a0<strong>record\u00a0<\/strong>journalier depuis le d\u00e9but de l&rsquo;\u00e9pid\u00e9mie dans le pays.\u00a0La\u00a0<strong>Lombardie\u00a0<\/strong>continue d&rsquo;\u00eatre la r\u00e9gion la plus touch\u00e9e avec 7\u00a0339\u00a0nouveaux cas signal\u00e9s jeudi, suivie par la r\u00e9gion de\u00a0<strong>Campanie.\u00a0<\/strong>Les autorit\u00e9s italiennes recommandent \u00e0 chacun de\u00a0<strong>ne pas quitter sa commune de r\u00e9sidence\u00a0<\/strong>sauf raison de travail, sanitaire ou d&rsquo;urgence.\u00a0Le Premier ministre italien Giuseppe Conte a annonc\u00e9 dimanche 25\u00a0octobre<strong>\u00a0la fermeture d\u00e8s lundi 26\u00a0octobre et jusqu&rsquo;au 24\u00a0novembre des cin\u00e9mas, th\u00e9\u00e2tres, salles de gym et piscines<\/strong>. Les\u00a0<strong>bars et les restaurants restent ouverts\u00a0<\/strong>pour le moment, mais ne devront\u00a0<strong>plus servir les clients \u00e0 partir de 18\u00a0heures.<\/strong>\u00a0Les<strong>\u00a0\u00e9coles et les maternelles restent ouvertes<\/strong>, mais 75\u00a0% des classes de lyc\u00e9es et les universit\u00e9s suivent leurs cours en ligne. Le quotidien\u00a0<em>La\u00a0Republicca<\/em>\u00a0parle donc d&rsquo;un<em>\u00a0\u00ab\u00a0semi-confinement pour le mois\u00a0\u00bb<\/em>. Plusieurs grandes villes comme\u00a0<strong>Rome, Milan et Naples<\/strong>\u00a0(r\u00e9gions Latium, Lombardie, Campanie) appliquent des\u00a0<strong>couvre-feux<\/strong>\u00a0dont les horaires sont variables car les r\u00e9gions peuvent introduire des mesures plus restrictives avec l&rsquo;accord du ministre de la Sant\u00e9. Lors de la premi\u00e8re vague, le pays avait \u00e9t\u00e9 confin\u00e9 d\u00e8s le 9\u00a0mars et le pic de l&rsquo;\u00e9pid\u00e9mie atteint le 5\u00a0avril. Aujourd&rsquo;hui, l&rsquo;\u00e9pid\u00e9mie repart comme chez d&rsquo;autres voisins europ\u00e9ens et le pays resserre la vis.<\/p>\n<p>\u2192 L&rsquo;\u00e9tat d&rsquo;urgence sanitaire a \u00e9t\u00e9 prolong\u00e9 jusqu&rsquo;au<strong>\u00a031\u00a0janvier 2021<\/strong>.\u00a0<\/p>\n<h3 style=\"text-align: center;\">Evolution des nouveaux cas de Covid-19\u00a0en Italie, par mois.<\/h3>\n<div style=\"text-align:center\">\n<figure class=\"image\" style=\"display:inline-block\"><a class=\"fancy\" href=\"https:\/\/img-3.journaldesfemmes.fr\/yL7RURPDFXr9AqpYAN-8rg0Uo00=\/1080x\/smart\/0b3726f78575424e87cab0f007b112f5\/ccmcms-jdf\/19731266.png\"><img decoding=\"async\" alt=\"covid italie\" src=\"https:\/\/img-3.journaldesfemmes.fr\/jIeK4SqLOl65uY4MrlTMLCKXoUE=\/600x\/smart\/0b3726f78575424e87cab0f007b112f5\/ccmcms-jdf\/19731266.png\"\/><\/a><figcaption data-credit=\"Universit\u00e9 John Hopkins\" data-legend=\"Evolution de l'\u00e9pid\u00e9mie de coronavirus en Italie, par mois.\">Evolution de l&rsquo;\u00e9pid\u00e9mie de coronavirus en Italie, par mois. <small>\u00a9\u00a0Universit\u00e9 John Hopkins<\/small><\/figcaption><\/figure>\n<\/div>\n<p>Dimanche 1er novembre, l&rsquo;Allemagne compte plus de 540\u00a0000\u00a0cas de Covid-19, rapporte\u00a0l&rsquo;universit\u00e9\u00a0Johns Hopkins. \u00c0 compter de lundi 2\u00a0novembre<b>\u00a0et jusqu&rsquo;\u00e0 la fin novembre, seront\u00a0ferm\u00e9s sur tout le territoire f\u00e9d\u00e9ral\u00a0:<\/b>\u00a0les lieux de spectacles (dont les th\u00e9\u00e2tres, op\u00e9ras, salles de concert, cin\u00e9mas),\u00a0les lieux de loisirs (dont les salles de jeux, foires, parcs d&rsquo;attraction, discoth\u00e8ques, maisons closes), les lieux de sports (dont les piscines, bains, saunas, centres de fitness), les lieux de restauration (dont les bars, clubs, restaurants), les lieux de soins corporels (dont les salons de beaut\u00e9, cabinets de massage, studios de tatouage).\u00a0Les rassemblements de plus de 2\u00a0foyers, ou 10\u00a0personnes maximum, dans l&rsquo;espace public sont interdits de m\u00eame que les nuit\u00e9es touristiques indique le site\u00a0<a href=\"https:\/\/www.diplomatie.gouv.fr\/fr\/conseils-aux-voyageurs\/conseils-par-pays-destination\/allemagne\/?xtor=RSS-2&amp;t=20201030111022\" target=\"_blank\" rel=\"noopener noreferrer\">France-Diplomatie<\/a>.<\/p>\n<ul>\n<li>Depuis le\u00a0samedi 17\u00a0octobre,\u00a0le Grand Est de la France est plac\u00e9 en \u00ab\u00a0\u2009zone \u00e0 risque\u2009\u00a0\u00bb. C&rsquo;est le cas de toutes les autres r\u00e9gions m\u00e9tropolitaines fran\u00e7aises (\u00e0 l&rsquo;exception de la\u00a0Corse)\u00a0ainsi que la Guyane, la Guadeloupe, Saint-Martin et l&rsquo;\u00eele de la R\u00e9union.\u00a0<\/li>\n<li>Les ressortissants fran\u00e7ais voulant se rendre dans le pays doivent\u00a0se\u00a0<b>soumettre \u00e0 un isolement de 14\u00a0jours<\/b>\u00a0et pratiquer un test de d\u00e9pistage, ou bien pr\u00e9senter un test n\u00e9gatif datant de moins de 48\u00a0heures sauf s&rsquo;ils passent\u00a0<b>moins de 24\u00a0heures\u00a0<\/b>en Allemagne (par exemple pour aller y faire des courses).\u00a0<i>\u00ab\u00a0<\/i>\u2009<i>Les fronti\u00e8res doivent rester ouvertes pour que les citoyens puissent continuer \u00e0 vivre leur quotidien de transfrontaliers sans entraves,<\/i>\u2009<i>\u00ab\u00a0<\/i>\u00a0ont indiqu\u00e9\u00a0les ministres-pr\u00e9sidents de Rh\u00e9nanie-Palatinat, Malu Dreyer, de la Sarre, Tobias Hans, et du Bade-Wurtemberg, \u00a0Winfried Kretschmann dans un communiqu\u00e9.\u00a0<\/li>\n<li>Le masque est obligatoire en Allemagne dans les transports en commun et les commerces.<\/li>\n<\/ul>\n<h3 style=\"text-align: center;\">Evolution des nouveaux cas de Covid-19\u00a0en Allemagne, par mois.<\/h3>\n<div style=\"text-align:center\">\n<figure class=\"image\" style=\"display:inline-block\"><a class=\"fancy\" href=\"https:\/\/img-3.journaldesfemmes.fr\/rNOoqP4e71SB-1BL_NHpZ1Wj5ng=\/1080x\/smart\/41e16997441a4bd6aea9091aa869c68f\/ccmcms-jdf\/19731290.png\"><img decoding=\"async\" alt=\"Evolution des nouveaux cas de Covid-19\u00a0en Allemagne\" src=\"https:\/\/img-3.journaldesfemmes.fr\/gXncQbQtHmpe0gaMYd8OgrJxgPw=\/600x\/smart\/41e16997441a4bd6aea9091aa869c68f\/ccmcms-jdf\/19731290.png\"\/><\/a><figcaption data-credit=\"Universit\u00e9 John Hopkins\" data-legend=\"Evolution des nouveaux cas de Covid-19\u00a0en Allemagne, par mois.\">Evolution des nouveaux cas de Covid-19\u00a0en Allemagne, par mois. <small>\u00a9\u00a0Universit\u00e9 John Hopkins<\/small><\/figcaption><\/figure>\n<\/div>\n<p>Les \u00c9tats-Unis sont le<b>\u00a0pays le plus lourdement affect\u00e9 au monde\u00a0<\/b>par la pand\u00e9mie de coronavirus en chiffres absolus (cas et d\u00e9c\u00e8s).\u00a0Au 1er novembre, plus de<b>\u00a09.1\u00a0millions de personnes ont \u00e9t\u00e9 contamin\u00e9es\u00a0<\/b>et\u00a0<b>230\u00a0586\u00a0en sont mortes<\/b>. Le nombre global de cas rapport\u00e9s\u00a0<b>augmente<\/b>. Un nombre record de nouveaux cas est rapport\u00e9 depuis 7\u00a0jours (entre 60\u00a0000\u00a0et 83\u00a0000\u00a0cas par jour), comparable \u00e0 celui document\u00e9 lors du pic \u00e9pid\u00e9mique dans ce pays, le 24\u00a0juillet avec 74\u00a0818\u00a0cas. Cette hausse est marqu\u00e9e dans certains \u00c9tats (Midwest, r\u00e9gion des Grandes Plaines). Il\u00a0est pr\u00e9f\u00e9rable, dans toute la mesure du possible, de\u00a0<b>diff\u00e9rer les d\u00e9placements\u00a0<\/b>pr\u00e9vus aux \u00c9tats-Unis (<b>y compris les croisi\u00e8res<\/b>).\u00a0Les mesures adopt\u00e9es par les autorit\u00e9s am\u00e9ricaines sont \u00e9volutives et le plus souvent d&rsquo;<b>application imm\u00e9diate<\/b>, pr\u00e9vient le site\u00a0<a href=\"https:\/\/www.diplomatie.gouv.fr\/fr\/conseils-aux-voyageurs\/conseils-par-pays-destination\/etats-unis\/#\" target=\"_blank\" rel=\"noopener noreferrer\">France Diplomatie<\/a>. En fonction de l&rsquo;\u00e9volution de la situation sanitaire, les autorit\u00e9s am\u00e9ricaines sont susceptibles de<b>\u00a0modifier, avec un tr\u00e8s court pr\u00e9avis, la liste des pays et des voyageurs faisant l&rsquo;objet de mesures sp\u00e9cifiques<\/b>\u00a0\u00e0 l&rsquo;arriv\u00e9e aux \u00c9tats-Unis. Le premier cas de Covid-19\u00a0avait \u00e9t\u00e9 rapport\u00e9 le 22\u00a0janvier 2020.<\/p>\n<ul>\n<li>\u00a0Les voyageurs \u00e2g\u00e9s de 11\u00a0ans ou plus au d\u00e9part des \u00c9tats-Unis doivent pr\u00e9senter, depuis le 1er ao\u00fbt, le r\u00e9sultat d&rsquo;un test PCR r\u00e9alis\u00e9 moins de 72\u00a0heures avant le vol ne concluant pas \u00e0 une contamination par le Covid-19.<\/li>\n<li>Toutes les personnes arrivant dans l&rsquo;\u00c9tat de New York devront syst\u00e9matiquement s&rsquo;isoler pendant trois jours avant d&rsquo;effectuer un test de d\u00e9tection du coronavirus. Si celui-ci s&rsquo;av\u00e8re n\u00e9gatif, la personne pourra quitter son isolement. Il s&rsquo;agit l\u00e0 d&rsquo;une baisse drastique du temps d&rsquo;isolement qui \u00e9tait de 14\u00a0jours jusqu&rsquo;\u00e0 pr\u00e9sent et ce peu importe le r\u00e9sultat d&rsquo;\u00e9ventuels tests subis pendant ce laps de temps.<\/li>\n<\/ul>\n<h3 style=\"text-align: center;\">Evolution des nouveaux cas de Covid-19\u00a0aux Etats-Unis, par mois.<\/h3>\n<div style=\"text-align:center\">\n<figure class=\"image\" style=\"display:inline-block\"><a class=\"fancy\" href=\"https:\/\/img-3.journaldesfemmes.fr\/FJXsO74CQRb11o_-Q4FZRrxtW_o=\/1080x\/smart\/d52751198f3f4840b031a2bc4cf59964\/ccmcms-jdf\/19731303.png\"><img decoding=\"async\" alt=\"courbe covid usa\" src=\"https:\/\/img-3.journaldesfemmes.fr\/EjQSikuKgjGTXrd1LTsAx9-bsuQ=\/600x\/smart\/d52751198f3f4840b031a2bc4cf59964\/ccmcms-jdf\/19731303.png\"\/><\/a><figcaption data-credit=\"John Hopkins University\" data-legend=\"Evolution des nouveaux cas de Covid-19 aux Etats-Unis\">Evolution des nouveaux cas de Covid-19 aux Etats-Unis <small>\u00a9\u00a0John Hopkins University<\/small><\/figcaption><\/figure>\n<\/div>\n<aside id=\"NL_1085427322\" class=\"newsletter_subscription jNlBlock\"><noscript><br \/>\n            <\/noscript><\/p>\n<h3 class=\"newsletter_subscription-title\">Newsletter <\/h3>\n<p><a href=\"\/\/mailing.ccmbg.com\/archive\/last-85\" target=\"_blank\" class=\"a_hover\" rel=\"noopener noreferrer\">Voir un exemple<\/a><\/p>\n<\/aside>\n<p>Les fronti\u00e8res ext\u00e9rieures \u00e0 l&rsquo;Union Europ\u00e9enne sont ferm\u00e9es. Les Fran\u00e7ais de l&rsquo;\u00e9trangers restent\u00a0libres de regagner le territoire national.\u00a0Un test n\u00e9gatif de moins de 72h est obligatoire pour entrer sur le territoire fran\u00e7ais \u00e0 compter du 28 octobre. Par ailleurs dans les ports et les a\u00e9roports des tests rapides antig\u00e9niques seront d\u00e9ploy\u00e9s pour toutes les arriv\u00e9es.<\/p>\n<table border=\"1\" cellpadding=\"1\" cellspacing=\"1\">\n<thead>\n<tr>\n<th scope=\"col\" style=\"text-align: center;\"><strong>DATES CL\u00c9S DE L&rsquo;\u00c9PID\u00c9MIE DANS LE MONDE<\/strong><\/th>\n<\/tr>\n<tr>\n<td>\n<ul>\n<li><strong>Le 31\u00a0d\u00e9cembre 2019,<\/strong> l&rsquo;Organisation mondiale de la Sant\u00e9 en Chine est inform\u00e9e de plusieurs cas de pneumonies dans la ville de Wuhan. 44\u00a0personnes sont infect\u00e9es entre cette date et le 3\u00a0janvier 2020.<\/li>\n<li><strong>Le 7\u00a0janvier 2020, <\/strong>les autorit\u00e9s chinoises identifient un \u00ab\u00a0nouveau type de coronavirus\u00a0\u00bb.<\/li>\n<li><strong>Le 13\u00a0janvier, <\/strong>un cas import\u00e9 est recens\u00e9 en Tha\u00eflande.<\/li>\n<li><strong>Le 15\u00a0janvier<\/strong>, le virus cause\u00a0la mort d&rsquo;<strong>une premi\u00e8re\u00a0personne \u00e0 Wuhan<\/strong>, un homme de 69\u00a0ans.\u00a0<\/li>\n<li><strong>Le 23\u00a0janvier,<\/strong> trois villes chinoises dont Wuhan sont plac\u00e9es en quarantaine.<\/li>\n<li><strong>Le 25\u00a0janvier, trois personnes\u00a0contamin\u00e9es sont recens\u00e9es en France<\/strong>, deux \u00e0 Paris et une Bordeaux. Ce sont les premiers cas enregistr\u00e9s sur le continent europ\u00e9en.<\/li>\n<li><strong>Le 30\u00a0janvier, <\/strong>l&rsquo;Organisation mondiale de la Sant\u00e9 <strong>d\u00e9cr\u00e8te\u00a0l&rsquo;<a href=\"https:\/\/sante.journaldesfemmes.fr\/fiches-maladies\/2608035-urgence-de-sante-publique-de-portee-internationale-definition-oms-coronavirus\/\" target=\"_blank\" rel=\"noopener noreferrer\">urgence de sant\u00e9 mondiale<\/a><\/strong>.\u00a0Cette mesure n&rsquo;avait \u00e9t\u00e9 d\u00e9cr\u00e9t\u00e9e que 5\u00a0fois depuis sa cr\u00e9ation (pour Ebola (deux fois), la grippe H1N1, Zika et la poliomy\u00e9lite).\u00a0<\/li>\n<li><strong>Le 11\u00a0mars, <\/strong>l&rsquo;OMS classifie de <strong>pand\u00e9mie <\/strong>la diffusion de la maladie \u00e0 coronavirus Covid-19\u00a0dans le monde.<\/li>\n<li><strong>Le 13\u00a0mars<\/strong>, l&rsquo;OMS d\u00e9signe d\u00e9sormais l&rsquo;Europe comme \u00e9picentre.<\/li>\n<li><strong>Le 16\u00a0mars, <\/strong>l&rsquo;Europe <a href=\"http:\/\/www.affinite.fr\/index.php\/2022\/10\/22\/la-creme-glacee-la-nouvelle-culture-commerciale\/\">ferme<\/a> ses fronti\u00e8res ainsi que celles de l&rsquo;espace Schengen. La France met en place un dispositif de confinement interdisant les d\u00e9placements.<\/li>\n<li><strong>Le 2\u00a0avril,<\/strong>\u00a0le <strong>million de cas<\/strong> de coronavirus dans le monde est d\u00e9pass\u00e9, et plus de 51.000\u00a0morts, selon le d\u00e9compte de l&rsquo;h\u00f4pital am\u00e9ricain de r\u00e9f\u00e9rence Johns-Hopkins.<\/li>\n<li><strong>Le 28\u00a0juin,<\/strong> le cap des<strong> 10\u00a0millions de cas <\/strong>de coronavirus est franchi\u00a0dans le monde, et les\u00a0<strong>500\u00a0000\u00a0d\u00e9c\u00e8s <\/strong>ont \u00e9t\u00e9 atteints dans la nuit du 28\u00a0au 29\u00a0juin 2020, selon les chiffres de l&rsquo;h\u00f4pital am\u00e9ricain de r\u00e9f\u00e9rence Johns-Hopkins.<\/li>\n<li><strong>Le 11\u00a0ao\u00fbt<\/strong>,\u00a0le cap des<strong>\u00a020\u00a0millions de cas <\/strong>de coronavirus est franchi\u00a0dans le monde, et les <strong>730\u00a0000\u00a0d\u00e9c\u00e8s <\/strong>ont \u00e9t\u00e9 atteints, selon les chiffres de l&rsquo;h\u00f4pital am\u00e9ricain de r\u00e9f\u00e9rence Johns-Hopkins.<\/li>\n<li><strong>Le 30\u00a0ao\u00fbt, <\/strong>le cap\u00a0des <strong>25\u00a0millions de cas<\/strong> de\u00a0Covid-19\u00a0a \u00e9t\u00e9 officiellement franchi \u00e0 travers le monde dans la nuit de samedi \u00e0\u00a0dimanche, dont plus de la moiti\u00e9 en Am\u00e9rique, selon un comptage r\u00e9alis\u00e9\u00a0par l&rsquo;AFP.<\/li>\n<li><strong>Le 18\u00a0septembre<\/strong>, le cap des <strong>30\u00a0millions de cas<\/strong> de coronavirus est franchi dans le monde, et 947\u00a0000\u00a0d\u00e9c\u00e8s sont d\u00e9clar\u00e9s, selon les chiffres de l&rsquo;h\u00f4pital am\u00e9ricain de r\u00e9f\u00e9rence Johns-Hopkins.<\/li>\n<li><strong>Au 1er octobre<\/strong>, le cap du million de morts du Covid-19 dans le monde est franchi.<\/li>\n<\/ul>\n<\/td>\n<\/tr>\n<\/thead>\n<\/table>\n<p><u>Sources :<\/u><\/p>\n<p>&#8211;\u00a0<a href=\"https:\/\/systems.jhu.edu\/research\/public-health\/ncov\/\" target=\"_blank\" rel=\"noopener noreferrer\">Universit\u00e9 John Hopkins<\/a><\/p>\n<p>&#8211;\u00a0<a href=\"https:\/\/www.ecdc.europa.eu\/en\/covid-19-pandemic\" target=\"_blank\" rel=\"noopener noreferrer\">ECDC<\/a><\/p>\n<p>&#8211; Flamb\u00e9e de maladie \u00e0 coronavirus 2019 ( Covid-19), <a href=\"https:\/\/www.who.int\/fr\/emergencies\/diseases\/novel-coronavirus-2019\" target=\"_blank\" rel=\"noopener noreferrer\">OMS\u00a0<\/a><\/p>\n<\/p><\/div>\n<p>[ad_2]<br \/>\n<br \/><a href=\"https:\/\/sante.journaldesfemmes.fr\/fiches-maladies\/2657799-coronavirus-monde-europe-reconfinement-mesures-bilan-covid-cas-carte-mort-italie-espagne-usa-belgique\/\">Source link <\/a><\/p>\n","protected":false},"excerpt":{"rendered":"<p>[ad_1] Alors que l&rsquo;Europe continue de s&rsquo;enfoncer un peu plus sous la seconde vague de coronavirus, de nombreux pays ont &hellip; <a href=\"http:\/\/www.affinite.fr\/index.php\/2020\/11\/01\/leurope-se-reconfine-petit-a-petit-mesures-bilan\/\" class=\"more-link\">Plus <span class=\"screen-reader-text\">l&rsquo;Europe se reconfine petit \u00e0 petit, mesures, bilan<\/span> <span class=\"meta-nav\">&rarr;<\/span><\/a><\/p>\n","protected":false},"author":1,"featured_media":5461,"comment_status":"open","ping_status":"open","sticky":false,"template":"","format":"standard","meta":{"_sitemap_exclude":false,"_sitemap_priority":"","_sitemap_frequency":"","footnotes":""},"categories":[1],"tags":[],"class_list":["post-5460","post","type-post","status-publish","format-standard","has-post-thumbnail","hentry","category-tous"],"_links":{"self":[{"href":"http:\/\/www.affinite.fr\/index.php\/wp-json\/wp\/v2\/posts\/5460"}],"collection":[{"href":"http:\/\/www.affinite.fr\/index.php\/wp-json\/wp\/v2\/posts"}],"about":[{"href":"http:\/\/www.affinite.fr\/index.php\/wp-json\/wp\/v2\/types\/post"}],"author":[{"embeddable":true,"href":"http:\/\/www.affinite.fr\/index.php\/wp-json\/wp\/v2\/users\/1"}],"replies":[{"embeddable":true,"href":"http:\/\/www.affinite.fr\/index.php\/wp-json\/wp\/v2\/comments?post=5460"}],"version-history":[{"count":0,"href":"http:\/\/www.affinite.fr\/index.php\/wp-json\/wp\/v2\/posts\/5460\/revisions"}],"wp:featuredmedia":[{"embeddable":true,"href":"http:\/\/www.affinite.fr\/index.php\/wp-json\/wp\/v2\/media\/5461"}],"wp:attachment":[{"href":"http:\/\/www.affinite.fr\/index.php\/wp-json\/wp\/v2\/media?parent=5460"}],"wp:term":[{"taxonomy":"category","embeddable":true,"href":"http:\/\/www.affinite.fr\/index.php\/wp-json\/wp\/v2\/categories?post=5460"},{"taxonomy":"post_tag","embeddable":true,"href":"http:\/\/www.affinite.fr\/index.php\/wp-json\/wp\/v2\/tags?post=5460"}],"curies":[{"name":"wp","href":"https:\/\/api.w.org\/{rel}","templated":true}]}}