{"id":5444,"date":"2020-10-29T01:54:19","date_gmt":"2020-10-29T01:54:19","guid":{"rendered":"https:\/\/www.affinite.fr\/index.php\/2020\/10\/29\/a-paris-un-appartement-optimise-et-embelli\/"},"modified":"2020-10-29T01:54:19","modified_gmt":"2020-10-29T01:54:19","slug":"a-paris-un-appartement-optimise-et-embelli","status":"publish","type":"post","link":"http:\/\/www.affinite.fr\/index.php\/2020\/10\/29\/a-paris-un-appartement-optimise-et-embelli\/","title":{"rendered":"A Paris, un appartement optimis\u00e9 et embelli"},"content":{"rendered":"<p> [ad_1]<br \/>\n<br \/><img decoding=\"async\" src=\"https:\/\/maison1.advcdn.net\/images\/medias\/000\/054\/000054684\/200.jpg\" \/><\/p>\n<div itemprop=\"articleBody\">\n<p>\n  <strong>La demande du propri\u00e9taire<\/strong>\n<\/p>\n<p>\n  Dans cet <strong>appartement du quartier des Buttes-Chaumont,<\/strong> Laurent et son fils qui souhaitaient plus d\u2019espace, <strong>moins de cloisons et une circulation facilit\u00e9e.<\/strong> Mais aussi faire entrer la lumi\u00e8re naturelle et adapter le lieu \u00e0 leur rythme de vie et \u00e0 leurs occupations tout au long de la journ\u00e9e. Quant au style, Laurent le souhaitait tr\u00e8s contemporain, ordonn\u00e9 et minimaliste <strong>en cachant au maximum les espaces de rangement.<\/strong> Pas facile avec un enfant de 5 ans\u2026\n<\/p>\n<p>\n  <strong>La solution de l\u2019architecte<\/strong>\n<\/p>\n<p>\n  La r\u00e9ponse de <strong>l\u2019architecte a consist\u00e9 \u00e0 d\u00e9cloisonner au maximum pour ouvrir l\u2019espace en supprimant murs et portes inutiles<\/strong>. Et pour s\u00e9parer la partie jour de la nuit, <strong>Glenn Medioni a imagin\u00e9 un \u00ab\u00a0mur anim\u00e9\u00a0\u00bb,<\/strong> vivant et graphique qui donne toute son identit\u00e9 \u00e0 l\u2019appartement. Il remplit \u00e9galement un\u00a0r\u00f4le fonctionnel\u00a0en permettant de faire entrer la lumi\u00e8re ou de rendre la chambre adulte opaque, selon le moment de la journ\u00e9e ou l\u2019envie. <strong>C\u00f4t\u00e9 rangement, un \u00e9l\u00e9ment structurant a \u00e9t\u00e9 cr\u00e9\u00e9 dans la pi\u00e8ce \u00e0 vivre.<\/strong> Ce grand meuble blanc et jaune d\u2019\u0153uf, a \u00e9t\u00e9 dessin\u00e9 sur mesure.\n<\/p>\n<p>\n  <strong>Les changements principaux<\/strong>\n<\/p>\n<p>\n  <strong>L\u2019appartement a gagn\u00e9 un caract\u00e8re<\/strong>\u00a0<strong>atypique<\/strong>,\u00a0<strong>contemporain<\/strong>\u00a0et\u00a0<strong>chaleureux<\/strong>.\n<\/p>\n<p>\n  La\u00a0<strong>chambre d\u2019enfant<\/strong>\u00a0<strong>est pass\u00e9e de 10 \u00e0 13 m\u00b2,<\/strong> le couloir a \u00e9t\u00e9 supprim\u00e9 et les WC ont \u00e9t\u00e9 install\u00e9s dans la salle de bains, qui a \u00e9t\u00e9 \u00e9quip\u00e9e d\u2019une baignoire. L\u2019entr\u00e9e donne directement sur <strong>la\u00a0<\/strong>pi\u00e8ce \u00e0 vivre\u00a0de l\u2019appartement, qui comprend entr\u00e9e, salle \u00e0 manger, salon et petit coin bureau. L\u2019une des singularit\u00e9s de cet espace, ouvert sur la salle \u00e0 manger, r\u00e9side dans la cr\u00e9ation d\u2019un\u00a0<strong>long luminaire sur mesure<\/strong>. Fix\u00e9 au plafond, ce mod\u00e8le en medium laqu\u00e9 blanc, pour rappeler le meuble principal de la pi\u00e8ce, am\u00e8ne un \u00e9clairage indirect, dirig\u00e9 vers le haut. Il permet aussi de r\u00e9soudre le probl\u00e8me de l\u2019emplacement de la sortie de fils. Et tout a \u00e9t\u00e9 refait dans la cuisine. La r\u00e9novation a n\u00e9cessit\u00e9 deux mois d\u2019\u00e9tude et quatre mois de travaux.\n<\/p>\n<p>\n  <strong>Contact\u00a0:<br \/>Glenn Medioni, architecture et design<\/strong><br \/>34, boulevard de Clichy<br \/>75018 Paris<br \/>T\u00e9l.\u00a0: 09 83 61 42 06 et 06 65 17 67 22<br \/>Mail\u00a0: <a href=\"mailto:glennmedioni@gmail.com\">glennmedioni@gmail.com<\/a><br \/><a href=\"http:\/\/www.glennmedioni.com\/\">www.glennmedioni.com<\/a>\n<\/p>\n<p>\n  * Cr\u00e9ateurs d\u2019int\u00e9rieur est un collectif de d\u00e9corateurs, architectes d\u2019int\u00e9rieur, architectes DPLG (inscrits \u00e0 l\u2019ordre) et jardiniers paysagistes qui con\u00e7oit et r\u00e9alise des projets d\u2019am\u00e9nagement d\u2019int\u00e9rieur en France et en Belgique.\n<\/p>\n<p>\n  <strong>Cr\u00e9ateurs d\u2019int\u00e9rieur\u00a0<\/strong>: <a href=\"http:\/\/createursdinterieur.com\/\" target=\"_blank\" rel=\"noopener noreferrer\">createursdinterieur.com<\/a><br \/><a href=\"http:\/\/architectes-interieur-lyon.com\/\" target=\"_blank\" rel=\"noopener noreferrer\">architectes-interieur-lyon.com<\/a><br \/><a href=\"http:\/\/architectes-interieur-marseille.com\/\" target=\"_blank\" rel=\"noopener noreferrer\">architectes-interieur-marseille.com<\/a><br \/><a href=\"http:\/\/architectes-interieur-aix-en-provence.com\/\" target=\"_blank\" rel=\"noopener noreferrer\">architectes-interieur-aix-en-provence.com<\/a><br \/><a href=\"http:\/\/architecte-interieur-montpellier.com\/\" target=\"_blank\" rel=\"noopener noreferrer\">architecte-interieur-montpellier.com<\/a><br \/><a href=\"http:\/\/architecte-interieur-nimes.com\/\" target=\"_blank\" rel=\"noopener noreferrer\">architecte-interieur-nimes.com<\/a><br \/><a href=\"http:\/\/toulouse-architecte-interieur.com\/\" target=\"_blank\" rel=\"noopener noreferrer\">toulouse-architecte-interieur.com<\/a><br \/><a href=\"http:\/\/architectes-interieur-nantes.fr\/\" target=\"_blank\" rel=\"noopener noreferrer\">architectes-interieur-nantes.fr<\/a><br \/><a href=\"http:\/\/architecte-interieur-bordeaux.com\/\" target=\"_blank\" rel=\"noopener noreferrer\">architecte-interieur-bordeaux.com<\/a><br \/><a href=\"http:\/\/architectes-interieur-lille.fr\/\" target=\"_blank\" rel=\"noopener noreferrer\">architectes-interieur-lille.fr<\/a><br \/><a href=\"http:\/\/architectes-interieur-bruxelles.com\/\" target=\"_blank\" rel=\"noopener noreferrer\">architectes-interieur-bruxelles.com<\/a>\n<\/p>\n<\/p><\/div>\n<p><script async defer crossorigin=\"anonymous\" src=\"https:\/\/connect.facebook.net\/fr_FR\/sdk.js#xfbml=1&#038;version=v6.0&#038;appId=252025098257546&#038;autoLogAppEvents=1\"><\/script><br \/>\n<br \/>[ad_2]<br \/>\n<br \/><a href=\"http:\/\/feedproxy.google.com\/~r\/maison-actus\/~3\/120aogJGrqE\/\">Source link <\/a><\/p>\n","protected":false},"excerpt":{"rendered":"<p>[ad_1] La demande du propri\u00e9taire Dans cet appartement du quartier des Buttes-Chaumont, Laurent et son fils qui souhaitaient plus d\u2019espace, &hellip; <a href=\"http:\/\/www.affinite.fr\/index.php\/2020\/10\/29\/a-paris-un-appartement-optimise-et-embelli\/\" class=\"more-link\">Plus <span class=\"screen-reader-text\">A Paris, un appartement optimis\u00e9 et embelli<\/span> <span class=\"meta-nav\">&rarr;<\/span><\/a><\/p>\n","protected":false},"author":1,"featured_media":5445,"comment_status":"open","ping_status":"open","sticky":false,"template":"","format":"standard","meta":{"_sitemap_exclude":false,"_sitemap_priority":"","_sitemap_frequency":"","footnotes":""},"categories":[1],"tags":[],"class_list":["post-5444","post","type-post","status-publish","format-standard","has-post-thumbnail","hentry","category-tous"],"_links":{"self":[{"href":"http:\/\/www.affinite.fr\/index.php\/wp-json\/wp\/v2\/posts\/5444"}],"collection":[{"href":"http:\/\/www.affinite.fr\/index.php\/wp-json\/wp\/v2\/posts"}],"about":[{"href":"http:\/\/www.affinite.fr\/index.php\/wp-json\/wp\/v2\/types\/post"}],"author":[{"embeddable":true,"href":"http:\/\/www.affinite.fr\/index.php\/wp-json\/wp\/v2\/users\/1"}],"replies":[{"embeddable":true,"href":"http:\/\/www.affinite.fr\/index.php\/wp-json\/wp\/v2\/comments?post=5444"}],"version-history":[{"count":0,"href":"http:\/\/www.affinite.fr\/index.php\/wp-json\/wp\/v2\/posts\/5444\/revisions"}],"wp:featuredmedia":[{"embeddable":true,"href":"http:\/\/www.affinite.fr\/index.php\/wp-json\/wp\/v2\/media\/5445"}],"wp:attachment":[{"href":"http:\/\/www.affinite.fr\/index.php\/wp-json\/wp\/v2\/media?parent=5444"}],"wp:term":[{"taxonomy":"category","embeddable":true,"href":"http:\/\/www.affinite.fr\/index.php\/wp-json\/wp\/v2\/categories?post=5444"},{"taxonomy":"post_tag","embeddable":true,"href":"http:\/\/www.affinite.fr\/index.php\/wp-json\/wp\/v2\/tags?post=5444"}],"curies":[{"name":"wp","href":"https:\/\/api.w.org\/{rel}","templated":true}]}}