{"id":5442,"date":"2020-10-29T01:38:50","date_gmt":"2020-10-29T01:38:50","guid":{"rendered":"https:\/\/www.affinite.fr\/index.php\/2020\/10\/29\/dix-pour-cent-saison-4-la-vraie-histoire-damour-qui-a-inspire-lepisode-avec-jose-garcia-news-series-a-la-tv\/"},"modified":"2020-10-29T01:38:50","modified_gmt":"2020-10-29T01:38:50","slug":"dix-pour-cent-saison-4-la-vraie-histoire-damour-qui-a-inspire-lepisode-avec-jose-garcia-news-series-a-la-tv","status":"publish","type":"post","link":"http:\/\/www.affinite.fr\/index.php\/2020\/10\/29\/dix-pour-cent-saison-4-la-vraie-histoire-damour-qui-a-inspire-lepisode-avec-jose-garcia-news-series-a-la-tv\/","title":{"rendered":"Dix Pour Cent saison 4 : la vraie histoire d&rsquo;amour qui a inspir\u00e9 l&rsquo;\u00e9pisode avec Jos\u00e9 Garcia &#8211; News S\u00e9ries \u00e0 la TV"},"content":{"rendered":"<p> [ad_1]<br \/>\n<\/p>\n<div id=\"article-container\">\n<p class=\"article-lead\">La saison 4 de Dix pour cent se poursuit ce soir sur France 2, avec notamment un \u00e9pisode centr\u00e9 autour de Jos\u00e9 Garcia et d&rsquo;une intrigue inspir\u00e9e d&rsquo;une histoire vraie qu&rsquo;aurait v\u00e9cu un c\u00e9l\u00e8bre acteur comme l&rsquo;a confi\u00e9 le producteur Dominique Besnehard.<\/p>\n<div id=\"article-content\">\n<figure class=\"article-figure article-main-figure\"><img loading=\"lazy\" decoding=\"async\" class=\"article-figure-img\" width=\"640\" height=\"360\" src=\"https:\/\/fr.web.img4.acsta.net\/r_640_360\/newsv7\/20\/10\/21\/12\/16\/3604903.jpg\"\/><figcaption class=\"article-figcaption-copy\">Christophe BRACHET &#8211; MONVOISIN PRODUCTIONS \/ MOTHER PRODUCTIONS \/FTV<\/figcaption><\/figure>\n<p>Quelle est la part de vrai et de faux dans\u00a0<a title=\"Dix Pour Cent (France) (Com\u00e9die)\" href=\"http:\/\/www.allocine.fr\/series\/ficheserie_gen_cserie=5019.html\">Dix pour cent<\/a> ? Il a beaucoup \u00e9t\u00e9 dit que la plupart des intrigues \u00e9taient plus ou moins lointainement inspir\u00e9es de faits r\u00e9els, et c&rsquo;est le cas pr\u00e9cis\u00e9ment ce soir dans l&rsquo;\u00e9pisode 3, avec pour guest <a title=\"Jos\u00e9 Garcia (France) (Acteur,Sc\u00e9nariste)\" href=\"http:\/\/www.allocine.fr\/personne\/fichepersonne_gen_cpersonne=17690.html\">Jos\u00e9 Garcia<\/a>.<\/p>\n<p>L&rsquo;\u00e9pisode imagine les retrouvailles des ann\u00e9es plus tard entre le com\u00e9dien et un coup de foudre de jeunesse, coup de foudre qui aurait eu lieu sur un plateau de tournage. Cette histoire d&rsquo;amour de jeunesse perdue aurait \u00e9t\u00e9 inspir\u00e9 par&#8230; le com\u00e9dien <a title=\"Jean-Louis Trintignant (France) (Acteur,Sc\u00e9nariste,R\u00e9alisateur)\" href=\"http:\/\/www.allocine.fr\/personne\/fichepersonne_gen_cpersonne=682.html\">Jean-Louis Trintignant<\/a>. C&rsquo;est ce qu&rsquo;a confi\u00e9 r\u00e9cemment l&rsquo;ancien agent et producteur Dominique <a title=\"Dominique Besnehard (France) (Acteur,Producteur,Directeur du casting)\" href=\"http:\/\/www.allocine.fr\/personne\/fichepersonne_gen_cpersonne=1938.html\">Besnehard<\/a>, au micro de Brut.\u00a0<\/p>\n<p>\u00ab\u00a0<i>Il m&rsquo;a racont\u00e9 qu&rsquo;il \u00e9tait mari\u00e9, elle aussi, et tout d&rsquo;un coup, ils ont eu un esp\u00e8ce de trouble comme \u00e7a. Ca peut arriver sur un film. Et ils s&rsquo;\u00e9taient donn\u00e9s rendez-vous un an apr\u00e8s dans un h\u00f4tel pour voir&#8230;<\/i>\u00ab\u00a0.\u00a0<\/p>\n<p>Dans cet \u00e9pisode,\u00a0Andrea Martel doit faire face \u00e0 la fuite des talents de Mathias, et n\u2019a d\u2019autre choix que de laisser entrer la concurrence directement dans les rangs d\u2019ASK&#8230; bien que \u00e7a ne soit pas au go\u00fbt de toute l\u2019\u00e9quipe. Elle doit par ailleurs s\u2019occuper de Jos\u00e9 Garcia qui semble incontr\u00f4lable depuis qu\u2019il a retrouv\u00e9 son amour de jeunesse sur un tournage : pour assurer la bonne tenue du film et prot\u00e9ger son acteur, Andr\u00e9a doit enqu\u00eater sur ce qui s\u2019est v\u00e9ritablement pass\u00e9 entre les des deux amants et comprend peu \u00e0 peu que Jos\u00e9 ne lui a peut-\u00eatre pas dit toute la v\u00e9rit\u00e9\u2026\u00a0<\/p>\n<p><strong>Jos\u00e9 Garcia &#8211; Tarek Boudali : le quiz 100% action !<\/strong><\/p>\n<p>\u00a0<\/p>\n<\/p><\/div>\n<\/p><\/div>\n<p>[ad_2]<br \/>\n<br \/><a href=\"http:\/\/rss.allocine.fr\/~r\/ac\/actualites\/~3\/uG2WKAJP0JY\/fichearticle_gen_carticle=18693923.html\">Source link <\/a><\/p>\n","protected":false},"excerpt":{"rendered":"<p>[ad_1] La saison 4 de Dix pour cent se poursuit ce soir sur France 2, avec notamment un \u00e9pisode centr\u00e9 &hellip; <a href=\"http:\/\/www.affinite.fr\/index.php\/2020\/10\/29\/dix-pour-cent-saison-4-la-vraie-histoire-damour-qui-a-inspire-lepisode-avec-jose-garcia-news-series-a-la-tv\/\" class=\"more-link\">Plus <span class=\"screen-reader-text\">Dix Pour Cent saison 4 : la vraie histoire d&rsquo;amour qui a inspir\u00e9 l&rsquo;\u00e9pisode avec Jos\u00e9 Garcia &#8211; News S\u00e9ries \u00e0 la TV<\/span> <span class=\"meta-nav\">&rarr;<\/span><\/a><\/p>\n","protected":false},"author":1,"featured_media":5443,"comment_status":"open","ping_status":"open","sticky":false,"template":"","format":"standard","meta":{"_sitemap_exclude":false,"_sitemap_priority":"","_sitemap_frequency":"","footnotes":""},"categories":[1],"tags":[],"class_list":["post-5442","post","type-post","status-publish","format-standard","has-post-thumbnail","hentry","category-tous"],"_links":{"self":[{"href":"http:\/\/www.affinite.fr\/index.php\/wp-json\/wp\/v2\/posts\/5442"}],"collection":[{"href":"http:\/\/www.affinite.fr\/index.php\/wp-json\/wp\/v2\/posts"}],"about":[{"href":"http:\/\/www.affinite.fr\/index.php\/wp-json\/wp\/v2\/types\/post"}],"author":[{"embeddable":true,"href":"http:\/\/www.affinite.fr\/index.php\/wp-json\/wp\/v2\/users\/1"}],"replies":[{"embeddable":true,"href":"http:\/\/www.affinite.fr\/index.php\/wp-json\/wp\/v2\/comments?post=5442"}],"version-history":[{"count":0,"href":"http:\/\/www.affinite.fr\/index.php\/wp-json\/wp\/v2\/posts\/5442\/revisions"}],"wp:featuredmedia":[{"embeddable":true,"href":"http:\/\/www.affinite.fr\/index.php\/wp-json\/wp\/v2\/media\/5443"}],"wp:attachment":[{"href":"http:\/\/www.affinite.fr\/index.php\/wp-json\/wp\/v2\/media?parent=5442"}],"wp:term":[{"taxonomy":"category","embeddable":true,"href":"http:\/\/www.affinite.fr\/index.php\/wp-json\/wp\/v2\/categories?post=5442"},{"taxonomy":"post_tag","embeddable":true,"href":"http:\/\/www.affinite.fr\/index.php\/wp-json\/wp\/v2\/tags?post=5442"}],"curies":[{"name":"wp","href":"https:\/\/api.w.org\/{rel}","templated":true}]}}