{"id":5430,"date":"2020-10-26T13:37:58","date_gmt":"2020-10-26T13:37:58","guid":{"rendered":"https:\/\/www.affinite.fr\/index.php\/2020\/10\/26\/reda-kateb-prepare-son-1er-long-metrage-sur-le-rire-medecin-porter-leclairage-sur-ces-heros-inconnus-actus-cine\/"},"modified":"2020-10-26T13:37:58","modified_gmt":"2020-10-26T13:37:58","slug":"reda-kateb-prepare-son-1er-long-metrage-sur-le-rire-medecin-porter-leclairage-sur-ces-heros-inconnus-actus-cine","status":"publish","type":"post","link":"http:\/\/www.affinite.fr\/index.php\/2020\/10\/26\/reda-kateb-prepare-son-1er-long-metrage-sur-le-rire-medecin-porter-leclairage-sur-ces-heros-inconnus-actus-cine\/","title":{"rendered":"Reda Kateb pr\u00e9pare son 1er long m\u00e9trage sur le Rire m\u00e9decin : \u00ab\u00a0porter l\u2019\u00e9clairage sur ces h\u00e9ros inconnus\u00a0\u00bb &#8211; Actus Cin\u00e9"},"content":{"rendered":"<p> [ad_1]<br \/>\n<\/p>\n<p>Apr\u00e8s le court m\u00e9trage Pitchoune, Reda Kateb \u00e9crit actuellement son premier long m\u00e9trage, dans lequel il mettra en lumi\u00e8re les clowns de l&rsquo;association le Rire m\u00e9decin. Il nous a accord\u00e9 un premier entretien sur ce projet.<\/p>\n<div id=\"article-content\">\n<figure class=\"article-figure article-main-figure\"><img loading=\"lazy\" decoding=\"async\" class=\"article-figure-img\" width=\"640\" height=\"360\" src=\"https:\/\/fr.web.img4.acsta.net\/r_640_360\/newsv7\/20\/10\/26\/13\/41\/3663944.png\"\/><figcaption class=\"article-figcaption-copy\">Bestimage<\/figcaption><\/figure>\n<p>5 ans apr\u00e8s le court m\u00e9trage <a title=\"Pitchoune (France) - 2015 (Com\u00e9die)\" href=\"http:\/\/www.allocine.fr\/film\/fichefilm_gen_cfilm=234487.html\">Pitchoune<\/a>, pr\u00e9sent\u00e9 \u00e0 la Quinzaine des r\u00e9alisateurs \u00e0 Cannes,\u00a0<a title=\"Reda Kateb (France) (Acteur,R\u00e9alisateur,Sc\u00e9nariste)\" href=\"http:\/\/www.allocine.fr\/personne\/fichepersonne_gen_cpersonne=220861.html\">Reda Kateb<\/a> pr\u00e9pare un premier long m\u00e9trage qu&rsquo;il \u00e9crit actuellement avec la sc\u00e9nariste <a title=\"Fadette Drouard (France) (Sc\u00e9nariste,Collaboration au sc\u00e9nario)\" href=\"http:\/\/www.allocine.fr\/personne\/fichepersonne_gen_cpersonne=611895.html\">Fadette Drouard<\/a>.<\/p>\n<p>Adapt\u00e9 du <a href=\"http:\/\/www.affinite.fr\/index.php\/2023\/08\/24\/lart-de-la-glace-transforme-en-business-la-vision-unique-de-fabien-gris\/\">livre<\/a> de Caroline Simonds, fondatrice de l&rsquo;association le Rire M\u00e9decin, le film s&rsquo;int\u00e9ressera au\u00a0parcours d&rsquo;une jeune femme, artiste de cirque de rue, d\u00e9couvrant le travail des clowns professionnels du Rire M\u00e9decin. Vite -peut-\u00eatre trop vite- entr\u00e9e dans l&rsquo;association, elle se retrouve \u00e0 l&rsquo;h\u00f4pital au contact des enfants, des malades, des soignants et des familles, \u00e0 qui ces clowns tentent inlassablement d&rsquo;apporter de la joie \u00e0 travers le jeu. Au gr\u00e9 de leurs rencontres, elle va se reconnecter aux autres, et \u00e0 son art, laissant infuser en elle l&rsquo;humanit\u00e9 et l&#8217;empathie que le nez rouge lui apporte.\u00a0\u00a0<\/p>\n<p><span class=\"ACrL3BACrlcnNvbm5lL2ZpY2hlcGVyc29ubmVfZ2VuX2NwZXJzb25uZT0yMjA4NjEuaHRtbA==\" title=\"Reda Kateb (France) (Acteur,R\u00e9alisateur,Sc\u00e9nariste)\">Reda Kateb<\/span>\u00a0a accord\u00e9 \u00e0 AlloCin\u00e9 un tout premier entretien sur ce projet.<\/p>\n<p><strong>AlloCin\u00e9 : Diriez-vous que ce premier long m\u00e9trage s\u2019inscrit dans la continuit\u00e9 du court m\u00e9trage que vous aviez fait en 2015,\u00a0<span class=\"ACrL2ZACrpbG0vZmljaGVmaWxtX2dlbl9jZmlsbT0yMzQ0ODcuaHRtbA==\" title=\"Pitchoune (France) - 2015 (Com\u00e9die)\">Pitchoune<\/span> ? <\/strong><\/p>\n<p><span class=\"ACrL3BACrlcnNvbm5lL2ZpY2hlcGVyc29ubmVfZ2VuX2NwZXJzb25uZT0yMjA4NjEuaHRtbA==\" title=\"Reda Kateb (France) (Acteur,R\u00e9alisateur,Sc\u00e9nariste)\">Reda Kateb<\/span>\u00a0: D\u2019une certaine mani\u00e8re, oui, parce qu\u2019il y a toujours des clowns, et parce que le ton est un peu celui que j\u2019aimerais donner \u00e0 mon film. Mais en m\u00eame temps, je ne joue pas dedans. J\u2019ai vraiment envie de me concentrer compl\u00e8tement sur l\u2019observation des autres, et la mise en sc\u00e8ne.\u00a0J\u2019avais beaucoup aim\u00e9 faire les deux dans mon court m\u00e9trage. C\u2019\u00e9tait coh\u00e9rent par rapport \u00e0 l\u2019histoire que je voulais raconter, qui correspondait \u00e0 des choses que j\u2019avais pu vivre quelques ann\u00e9es avant de commencer \u00e0 faire du cin\u00e9ma.\u00a0<\/p>\n<p>Ici, c\u2019est un projet qui est beaucoup plus tourn\u00e9 vers les autres. Tout a commenc\u00e9 pour moi \u00e0 la lecture du livre de Caroline Simonds qui a fond\u00e9 l\u2019association le Rire M\u00e9decin, en France. C\u2019est un livre un peu sous la forme d\u2019une chronique, d\u2019un journal d\u2019une femme clown \u00e0 l\u2019h\u00f4pital (<i>Le Rire M\u00e9decin: Journal du docteur Girafe)<\/i>, \u00e9dit\u00e9 chez Albin Michel).\u00a0<\/p>\n<p>A la lecture de ce livre, j\u2019ai vraiment senti que j\u2019avais des images, qu\u2019il y avait tout de suite quelque chose de tr\u00e8s fort, qui a m\u00eame fait que j\u2019ai mis un certain temps \u00e0 le lire. Je lisais quelques pages et c\u2019\u00e9tait tellement fort et puissant que je le refermais et j\u2019y pensais. Ensuite, on a nou\u00e9 une relation avec Caroline Simonds que j\u2019ai pu rencontrer. Puis, je suis all\u00e9 \u00e0 l\u2019association du Rire m\u00e9decin assister \u00e0 des modules de <a href=\"http:\/\/www.affinite.fr\/index.php\/2022\/11\/09\/formation-de-glacier-apprenez-le-metier-de-glacier-et-changez-votre-vie\/\">formation<\/a> chez eux, et j\u2019ai fait des immersions \u00e0 l\u2019h\u00f4pital. J\u2019ai suivi des clowns dans leur journ\u00e9e. A chacune de ces immersions, je savais que j\u2019avais envie de faire un film qui se passerait dans ce milieu l\u00e0.<\/p>\n<p>Ces observations ont commenc\u00e9 il y a un an \u00e0 peu pr\u00e8s. Petit \u00e0 petit, une histoire a germ\u00e9 dans ma t\u00eate, et c\u2019est cette histoire que j\u2019ai commenc\u00e9 \u00e0 \u00e9crire. On est vraiment au d\u00e9but du chantier de l\u2019\u00e9criture. C\u2019\u00e9tait important pour nous d\u2019officialiser \u00e7a. La chose est lanc\u00e9e, le chantier est parti. Mais c\u2019est en m\u00eame temps assez vertigineux pour moi de me lancer l\u00e0-dedans. Heureusement, je suis tr\u00e8s tr\u00e8s bien accompagn\u00e9. J\u2019ai trouv\u00e9 une cosc\u00e9nariste, Fadette Drouard, avec laquelle j\u2019ai l\u2019impression qu\u2019on travaille tr\u00e8s bien.\u00a0<\/p>\n<p>Je n\u2019avais pas vraiment de vell\u00e9it\u00e9 \u00e0 r\u00e9aliser \u00e0 nouveau. D\u2019ailleurs, apr\u00e8s ce court, j\u2019ai eu quelques opportunit\u00e9s, mais je n\u2019avais pas d\u2019histoire qui me tenait \u00e0 c\u0153ur.\u00a0Je n\u2019avais pas envie de faire un film pour faire un film.\u00a0\u00a0C\u2019est Robin Boespflug de Pyramide, avec qui j\u2019avais pris un verre de mani\u00e8re amicale, qui m\u2019a demand\u00e9 si j\u2019avais des projets de r\u00e9alisation, qui avait vu mon court. Je lui ai dit \u00ab non, non, je n\u2019ai aucun projet de r\u00e9alisation \u00bb. Et subtilement, il m\u2019a quand m\u00eame fait passer ce livre. Il a touch\u00e9 juste, car en le lisant, je me suis dit il fallait que je fasse quelque chose dessus.\u00a0\u00a0<\/p>\n<p><strong>Diriez-vous que c\u2019est aussi cette p\u00e9riode qu\u2019on vit cette ann\u00e9e tr\u00e8s particuli\u00e8re qui vous a encourag\u00e9 \u00e0 avancer dans ce projet, et d\u2019avoir peut \u00eatre un peu plus de temps devant vous pour vous y consacrer ? <\/strong><\/p>\n<p>Tout le monde me disait, si tu as envie d\u2019\u00e9crire, c\u2019est le moment. Mais en m\u00eame temps, j\u2019avais du mal \u00e0 commencer \u00e0 \u00e9crire seul un sc\u00e9nario. En revanche, j\u2019ai \u00e9crit dans ma t\u00eate, de mani\u00e8re pas tr\u00e8s volontaire, mais comme une chose un peu constante qui m\u2019accompagnait. Je pense avoir un peu construit la colonne vert\u00e9brale de mon histoire pendant cette p\u00e9riode l\u00e0. En tout cas, c\u2019est sur cette base l\u00e0 qu\u2019on d\u00e9veloppe maintenant l\u2019histoire.<\/p>\n<p>C\u2019est un peu \u00e0 double tranchant, parce que comme le film va se passer en partie \u00e0 l\u2019h\u00f4pital, des gens me disaient \u00ab\u00a0apr\u00e8s cette p\u00e9riode, est-ce que tu es s\u00fbr qu\u2019on aura envie de voir des choses \u00e0 l\u2019h\u00f4pital ?\u00a0\u00bb. Mais cette chose est tellement singuli\u00e8re, unique. Pour y \u00eatre all\u00e9, quand la magie vient par le travail r\u00e9alis\u00e9 par les clowns et la r\u00e9ception par les enfants, on n\u2019est plus \u00e0 l\u2019h\u00f4pital. L\u2019imaginaire prend le dessus. Il y a quelque chose de l\u2019ordre du magique qui peut intervenir dans les lieux compliqu\u00e9s, anxiog\u00e8nes.<\/p>\n<p>Enfin, il y avait aussi dans la continuit\u00e9 du film <a title=\"Hors Normes (France) - 2019 (Com\u00e9die)\" href=\"http:\/\/www.allocine.fr\/film\/fichefilm_gen_cfilm=265905.html\">Hors Normes<\/a> d&rsquo;Eric Toledano et Olivier Nakache, qui a \u00e9t\u00e9 vraiment une aventure tr\u00e8s tr\u00e8s forte pour moi au-del\u00e0 de pas mal de films que j\u2019ai pu tourner, pendant la pr\u00e9paration, le tournage, la promo. Il y avait l\u2019envie \u00e0 nouveau de porter l\u2019\u00e9clairage sur ces h\u00e9ros inconnus, mais qui au quotidien font quelque chose d\u2019incroyable dans le plus grand secret.<\/p>\n<p><strong>Avez-vous une id\u00e9e du casting et de la p\u00e9riode de tournage, ou est-ce trop t\u00f4t pour le dire ? <\/strong><\/p>\n<p>Sur la p\u00e9riode de tournage, c\u2019est beaucoup trop t\u00f4t. Je ne sais pas si l\u2019\u00e9criture va aller vite ou lentement, mais en tout cas, je ne partirai pas au tournage sans qu\u2019on ait une feuille de route dont je sois pleinement satisfait. Ca peut aller vite comme prendre tr\u00e8s longtemps. Je ne sais pas \u00e0 ce stade.<\/p>\n<p>C\u2019est trop t\u00f4t \u00e9galement pour parler du casting, m\u00eame si en fait, pour quasiment chacun des r\u00f4les, j\u2019\u00e9cris en pensant \u00e0 des gens. Certains savent que je pense \u00e0 eux. D\u2019autres ne savent peut \u00eatre m\u00eame pas que j\u2019existe. J\u2019ai beaucoup \u00e9chang\u00e9 avec Eric Toledano et Olivier Nakache. Je me souviens d\u2019un petit documentaire sur eux o\u00f9 ils disaient : \u00ab\u00a0\u00e9cris en pensant \u00e0 quelqu\u2019un, de toute fa\u00e7on, tu ne l\u2019auras pas, mais au moins, \u00e7a t\u2019aura aid\u00e9 \u00e0 \u00e9crire\u00a0\u00bb. Mais de penser ensemble \u00e0 des acteurs avec ma cosc\u00e9nariste, c\u2019est d\u00e9j\u00e0 \u00eatre dans une chose commune qui nous inspire.<\/p>\n<p>Je suis tr\u00e8s content d&rsquo;\u00eatre parti dans cette aventure, qui est tr\u00e8s excitante, et un peu vertigineuse en m\u00eame temps. On en parle aujourd\u2019hui, et on ne va pas en parler apr\u00e8s pendant tr\u00e8s longtemps. La prochaine fois qu\u2019on en parlera, c\u2019est quand on aura un film \u00e0 pr\u00e9senter aux gens !<\/p>\n<p><strong>#TousAuCin\u00e9ma &#8211; Reda Kateb<\/strong><\/p>\n<p><i>Propos recueillis par t\u00e9l\u00e9phone le vendredi 23 octobre 2020\u00a0<\/i><\/p>\n<\/p><\/div>\n<p>[ad_2]<br \/>\n<br \/><a href=\"http:\/\/rss.allocine.fr\/~r\/ac\/actualites\/~3\/IrUlyf6JzAQ\/fichearticle_gen_carticle=18694043.html\">Source link <\/a><\/p>\n","protected":false},"excerpt":{"rendered":"<p>[ad_1] Apr\u00e8s le court m\u00e9trage Pitchoune, Reda Kateb \u00e9crit actuellement son premier long m\u00e9trage, dans lequel il mettra en lumi\u00e8re &hellip; <a href=\"http:\/\/www.affinite.fr\/index.php\/2020\/10\/26\/reda-kateb-prepare-son-1er-long-metrage-sur-le-rire-medecin-porter-leclairage-sur-ces-heros-inconnus-actus-cine\/\" class=\"more-link\">Plus <span class=\"screen-reader-text\">Reda Kateb pr\u00e9pare son 1er long m\u00e9trage sur le Rire m\u00e9decin : \u00ab\u00a0porter l\u2019\u00e9clairage sur ces h\u00e9ros inconnus\u00a0\u00bb &#8211; Actus Cin\u00e9<\/span> <span class=\"meta-nav\">&rarr;<\/span><\/a><\/p>\n","protected":false},"author":1,"featured_media":5431,"comment_status":"open","ping_status":"open","sticky":false,"template":"","format":"standard","meta":{"_sitemap_exclude":false,"_sitemap_priority":"","_sitemap_frequency":"","footnotes":""},"categories":[1],"tags":[],"class_list":["post-5430","post","type-post","status-publish","format-standard","has-post-thumbnail","hentry","category-tous"],"_links":{"self":[{"href":"http:\/\/www.affinite.fr\/index.php\/wp-json\/wp\/v2\/posts\/5430"}],"collection":[{"href":"http:\/\/www.affinite.fr\/index.php\/wp-json\/wp\/v2\/posts"}],"about":[{"href":"http:\/\/www.affinite.fr\/index.php\/wp-json\/wp\/v2\/types\/post"}],"author":[{"embeddable":true,"href":"http:\/\/www.affinite.fr\/index.php\/wp-json\/wp\/v2\/users\/1"}],"replies":[{"embeddable":true,"href":"http:\/\/www.affinite.fr\/index.php\/wp-json\/wp\/v2\/comments?post=5430"}],"version-history":[{"count":0,"href":"http:\/\/www.affinite.fr\/index.php\/wp-json\/wp\/v2\/posts\/5430\/revisions"}],"wp:featuredmedia":[{"embeddable":true,"href":"http:\/\/www.affinite.fr\/index.php\/wp-json\/wp\/v2\/media\/5431"}],"wp:attachment":[{"href":"http:\/\/www.affinite.fr\/index.php\/wp-json\/wp\/v2\/media?parent=5430"}],"wp:term":[{"taxonomy":"category","embeddable":true,"href":"http:\/\/www.affinite.fr\/index.php\/wp-json\/wp\/v2\/categories?post=5430"},{"taxonomy":"post_tag","embeddable":true,"href":"http:\/\/www.affinite.fr\/index.php\/wp-json\/wp\/v2\/tags?post=5430"}],"curies":[{"name":"wp","href":"https:\/\/api.w.org\/{rel}","templated":true}]}}