{"id":5425,"date":"2020-10-24T17:48:24","date_gmt":"2020-10-24T17:48:24","guid":{"rendered":"https:\/\/www.affinite.fr\/index.php\/2020\/10\/24\/lautisme-de-ma-fille-ma-rendu-plus-fort-et-meilleur\/"},"modified":"2020-10-24T17:48:24","modified_gmt":"2020-10-24T17:48:24","slug":"lautisme-de-ma-fille-ma-rendu-plus-fort-et-meilleur","status":"publish","type":"post","link":"http:\/\/www.affinite.fr\/index.php\/2020\/10\/24\/lautisme-de-ma-fille-ma-rendu-plus-fort-et-meilleur\/","title":{"rendered":"\u00ab\u00a0l&rsquo;autisme de ma fille m&rsquo;a rendu plus fort et meilleur\u00a0\u00bb"},"content":{"rendered":"<p> [ad_1]<br \/>\n<\/p>\n<p>\n                Juste et bouleversant dans le t\u00e9l\u00e9film T&rsquo;en fais pas, j&rsquo;suis l\u00e0, Samuel Le Bihan a souhait\u00e9 montrer les diff\u00e9rents visages de l&rsquo;autisme dont souffre sa fille. Nous avons rencontr\u00e9 ce p\u00e8re engag\u00e9 qui se bat pour \u00e9veiller les consciences et montrer que l&rsquo;autisme est un chemin sem\u00e9 d&#8217;embuches, mais aussi rempli d&rsquo;amour.            <\/p>\n<div>\n<p style=\"text-align: justify;\">C&rsquo;est un portrait \u00e0 la fois \u00e9mouvant et instructif d&rsquo;un enfant autiste et de son p\u00e8re que dresse le t\u00e9l\u00e9film \u00ab\u00a0<strong><em>T&rsquo;en fais pas, j&rsquo;suis l\u00e0<\/em>\u00ab\u00a0<\/strong>. Dans cette fiction diffus\u00e9e <strong>sur France 2\u00a0ce lundi \u00e0 21h05<\/strong>, Samuel Le Bihan campe un avocat d&rsquo;affaires, qui est aussi le p\u00e8re de <strong>Gabriel, un enfant autiste de 12\u00a0ans<\/strong> dont il n&rsquo;a pas la garde. L&rsquo;AVC dont est victime son ancienne compagne l&rsquo;oblige \u00e0 s&rsquo;occuper enfin de ce fils qu&rsquo;il ne connait pas. L&rsquo;avocat aux dents longues d\u00e9couvre alors un quotidien rempli d&rsquo;habitudes et de rituels qui lui para\u00eessent\u00a0vite incompatibles avec son train de vie. Alors qu&rsquo;il songe \u00e0 envoyer son fils dans une institution en Suisse, Jonathan rencontre Marie, l&rsquo;\u00e9ducatrice qui suit son fils depuis des ann\u00e9es. Avec beaucoup d&#8217;empathie, mais en le bousculant parfois, la jeune femme va transformer cet homme \u00e9go\u00efste et d\u00e9missionnaire en un p\u00e8re digne de ce nom&#8230; Rencontre avec Samuel Le Bihan qui a eu l&rsquo;id\u00e9e de ce t\u00e9l\u00e9film tr\u00e8s r\u00e9ussi, et qui est aussi le p\u00e8re attentif d&rsquo;une petite fille autiste, Angia, \u00e2g\u00e9e de 8 ans.<\/p>\n<h3 style=\"text-align: justify;\"><strong>Dans le t\u00e9l\u00e9film, on d\u00e9couvre l&rsquo;autisme au quotidien et il est bien diff\u00e9rent de celui du h\u00e9ros de la s\u00e9rie Good Doctor. Selon vous, l&rsquo;autisme a-t-il\u00a0encore une image st\u00e9r\u00e9otyp\u00e9e<\/strong>\u00a0en France\u00a0<strong>?<\/strong><\/h3>\n<p style=\"text-align: justify;\"><strong>Samuel Le Bihan :<\/strong>\u00a0Les <strong>autistes Asperger au haut potentiel <\/strong>comme le h\u00e9ros du film <em>Rain Man <\/em>sont tr\u00e8s attirants et magn\u00e9tiques. Mais en r\u00e9alit\u00e9 l&rsquo;autisme, ce n&rsquo;est pas cela. C&rsquo;est beaucoup moins sexy. Au quotidien, c&rsquo;est lourd, compliqu\u00e9, cela demande de l&rsquo;organisation, de g\u00e9rer des crises, de l&rsquo;angoisse. Cela isole socialement. C&rsquo;est une v\u00e9ritable \u00e9preuve avec des grands moments de bonheur et parfois cocasses.<\/p>\n<h3 style=\"text-align: justify;\"><strong>Pour un parent, ce trouble neuro-d\u00e9veloppemental est-il difficile \u00e0 comprendre\u00a0?<\/strong><\/h3>\n<p style=\"text-align: justify;\">Oui, c&rsquo;est le myst\u00e8re et la complexit\u00e9 du cerveau, d&rsquo;autant qu&rsquo;il y a diff\u00e9rentes formes d&rsquo;autisme. Y sont aussi parfois associ\u00e9s des <a href=\"https:\/\/www.journaldesfemmes.fr\/maman\/guide-des-parents\/1330849-troubles-des-apprentissages\/\" target=\"_blank\" rel=\"noopener noreferrer\">dysphasies<\/a>, de l&rsquo;<a href=\"https:\/\/www.journaldesfemmes.fr\/maman\/enfant\/1978115-temoignage-mon-enfant-est-hyperactif\/\" target=\"_blank\" rel=\"noopener noreferrer\">hyperactivit\u00e9<\/a>. Il y a aussi les dys comme les dyscalculiques, les dysorthographiques, etc. Ce p\u00e8re va <a href=\"http:\/\/www.affinite.fr\/index.php\/2022\/11\/09\/formation-de-glacier-apprenez-le-metier-de-glacier-et-changez-votre-vie\/\">apprendre<\/a> gr\u00e2ce \u00e0 l&rsquo;\u00e9ducatrice ce qu&rsquo;est l&rsquo;autisme. Je voulais raconter le parcours d&rsquo;un homme qui, en devenant p\u00e8re, devient un homme. Je voulais aussi que les t\u00e9l\u00e9spectateurs d\u00e9couvrent l&rsquo;autisme sans s&rsquo;en rendre compte en \u00e9tant plong\u00e9s dans l&rsquo;histoire. Quand cette \u00e9ducatrice explique simplement \u00e0 Jonathan ce qu&rsquo;est l&rsquo;autisme, elle nous l&rsquo;explique aussi \u00e0 nous et c&rsquo;est ce qui est int\u00e9ressant.\u00a0<\/p>\n<div style=\"text-align:center\">\n<figure class=\"image\" style=\"display:inline-block\"><a class=\"fancy\" href=\"https:\/\/img-3.journaldesfemmes.fr\/XEGc2UmBDoSkox57QrbqLv_5_3M=\/1080x\/smart\/b2be80f7e98f48f9be575ebf19ceb338\/ccmcms-jdf\/19558255.jpg\"><img decoding=\"async\" alt=\"Telefilm-T-en-fais-pas-j'suis-la-France-2\" src=\"https:\/\/img-3.journaldesfemmes.fr\/XEGc2UmBDoSkox57QrbqLv_5_3M=\/1080x\/smart\/b2be80f7e98f48f9be575ebf19ceb338\/ccmcms-jdf\/19558255.jpg\"\/><\/a><figcaption data-credit=\"jer\u00f4mepr\u00e9bois @france 2 @francetv studio\"><small>\u00a9\u00a0jer\u00f4mepr\u00e9bois @france 2 @francetv studio<\/small><\/figcaption><\/figure>\n<\/div>\n<h3 style=\"text-align: justify;\"><strong>Dans le t\u00e9l\u00e9film,\u00a0Jonathan (le p\u00e8re) cherche \u00e0 fuir \u00e0 tout prix, mais il n&rsquo;y parvient pas. Quel regard portez-vous sur cet homme\u00a0?<\/strong><\/h3>\n<p style=\"text-align: justify;\">Je ne le condamne pas \u00e9videmment. Il est tr\u00e8s humain et n&rsquo;est pas arm\u00e9 pour affronter tout cela. Cet homme a eu besoin de reconnaissance qu&rsquo;il a trouv\u00e9 dans la r\u00e9ussite professionnelle et l&rsquo;argent. Son histoire familiale ne lui a pas permis de laisser entrer l&rsquo;amour, la tendresse, la douceur. Au fil de l&rsquo;histoire, il va apprendre \u00e0 \u00eatre heureux et \u00e0 cesser de se fuir. Avec cet enfant, il va \u00eatre oblig\u00e9 de prendre le temps des choses, de comprendre, de vivre.\u00a0<\/p>\n<h3 style=\"text-align: justify;\"><strong>Parlez-nous de Roman Villedieu, le com\u00e9dien qui incarne avec un talent incroyable Gabriel. Est-il lui aussi autiste\u00a0?<\/strong><\/h3>\n<p style=\"text-align: justify;\">Romain n&rsquo;est pas autiste. C&rsquo;est un acteur formidable et admirable. Le r\u00e9alisateur Pierre Isoard a aussi fait un travail \u00e9norme\u00a0: il a pass\u00e9 du temps avec des <a href=\"https:\/\/sante.journaldesfemmes.fr\/fiches-maladies\/2062705-autisme-trouble-du-spectre-autistique-tsa-definition-signes-causes-test-scolarisation-association-france\/\" title=\"Autisme\">autistes<\/a>, a lu beaucoup de choses sur l&rsquo;autisme et a regard\u00e9 des documentaires. Il connaissait le sujet autant que moi !<\/p>\n<blockquote>\n<p style=\"text-align: center;\"><em><strong>\u00ab\u00a0<\/strong><\/em>Souvent, je ne dis pas qu&rsquo;Angia est autiste car j&rsquo;ai peur qu&rsquo;on refuse sans conna\u00eetre<em><strong>\u00ab\u00a0<\/strong><\/em><\/p>\n<\/blockquote>\n<h3 style=\"text-align: justify;\"><strong>Vous vous occupez seul de votre fille\u00a0Angia, \u00e2g\u00e9e de 8\u00a0ans, elle aussi\u00a0autiste. Comment y parvenez-vous\u00a0?<\/strong><\/h3>\n<p style=\"text-align: justify;\">Il faut respecter un planning en permanence. On apprend \u00e0 \u00eatre tr\u00e8s organis\u00e9 et\u00a0rigoureux. Moi, j&rsquo;ai cass\u00e9 les codes. <strong>Quand le juge m&rsquo;a confi\u00e9\u00a0la garde d&rsquo;Angia, je travaillais et je voyageais. Je devais me d\u00e9placer dans de nombreux pays et j&#8217;emmenais ma fille avec moi. <\/strong>Comme mon personnage le dit dans le film, j&rsquo;ai d\u00e9cid\u00e9 de le faire \u00e0 ma mani\u00e8re, et que son rep\u00e8re ce soit moi. Je m&rsquo;organisais avec des baby-sitters sp\u00e9cialis\u00e9es ou non.\u00a0<strong>Parfois, je ne les pr\u00e9venais pas qu&rsquo;Angia \u00e9tait autiste<\/strong> car j&rsquo;avais peur qu&rsquo;elle fassent marche arri\u00e8re. Souvent, je ne dis pas qu&rsquo;Angia est autiste car j&rsquo;ai peur qu&rsquo;on refuse sans conna\u00eetre. Cela cr\u00e9e parfois des situations compliqu\u00e9es, mais tant pis\u00a0!\u00a0 Nous avons v\u00e9cu de cette fa\u00e7on pendant deux ans, mais j&rsquo;ai d\u00e9cid\u00e9 de retrouver de la stabilit\u00e9 car ma fille avait besoin qu&rsquo;on remette en place des <strong>rendez-vous avec l&rsquo;orthophoniste, l&rsquo;ergoth\u00e9rapeute ou le psychoth\u00e9rapeute<\/strong>. Pendant deux ans, elle a d\u00e9velopp\u00e9 ses facult\u00e9s d&rsquo;adaptation, mais d\u00e9sormais, nous avons un\u00a0mode de vie plus classique. C&rsquo;est pour cette raison que j&rsquo;ai d\u00e9cid\u00e9 de quitter Paris, d&rsquo;habiter Nice et d&rsquo;entourer ma fille d&rsquo;une \u00e9quipe de professionnels tr\u00e8s comp\u00e9tents.<\/p>\n<h3 style=\"text-align: justify;\"><strong>Angia est en CM1\u00a0: comment se passe sa scolarit\u00e9\u00a0?<\/strong><\/h3>\n<p style=\"text-align: justify;\">C&rsquo;est un miracle car elle a \u00e9t\u00e9 prise en charge tr\u00e8s t\u00f4t.<strong> Elle a suivi des m\u00e9thodes d&rsquo;apprentissage qui viennent des \u00c9tats Unis comme la <a href=\"https:\/\/www.journaldesfemmes.fr\/maman\/guide-des-parents\/2057456-autisme-methode-aba\/\" target=\"_blank\" rel=\"noopener noreferrer\">m\u00e9thode ABA (Applied Behaviour Analysis)<\/a>.<\/strong> Cette m\u00e9thode lui a permis de faire des progr\u00e8s insens\u00e9s. Ma fille \u00e9volue de fa\u00e7on incroyable. Mais je reconnais que nous ne sommes pas tous log\u00e9s \u00e0 la m\u00eame enseigne.<\/p>\n<p style=\"text-align: justify;\">\u00a0<\/p>\n<h3 style=\"text-align: justify;\"><strong>Quel liens entretenez-vous avec Angia\u00a0?\u00a0<\/strong><\/h3>\n<p style=\"text-align: justify;\">J&rsquo;ai une relation tr\u00e8s forte avec ma fille. <strong>Nous avons fait le tour du monde<\/strong> et je lui ai toujours tout expliqu\u00e9. Au d\u00e9but je n&rsquo;arrivais m\u00eame pas \u00e0 prendre le train avec elle car c&rsquo;\u00e9tait compliqu\u00e9. Mais d\u00e8s lors que je lui ai expliqu\u00e9 les enjeux, qu&rsquo;on allait faire 16\u00a0heures d&rsquo;avion par exemple, et que j&rsquo;allais avoir besoin d&rsquo;elle, cela s&rsquo;est tr\u00e8s bien pass\u00e9. Cependant,<strong> je devais tout planifier afin qu&rsquo;elle ne soit pas angoiss\u00e9e<\/strong>. Aujourd&rsquo;hui encore, je lui explique tout car elle a besoin de conna\u00eetre les dates ou les endroits o\u00f9 je me trouve et \u00e0 quels moments.\u00a0<\/p>\n<blockquote>\n<p style=\"text-align: center;\"><strong><em>\u00ab\u00a0On n&rsquo;est jamais aussi fort que quand on fait quelque chose pour quelqu&rsquo;un\u00a0\u00bb<\/em><\/strong><\/p>\n<\/blockquote>\n<h3 style=\"text-align: justify;\"><strong>Quand vous avez appris l&rsquo;autisme de votre fille, vous \u00eates devenu parrain d&rsquo;Autisme Sans Fronti\u00e8re et de SOS autisme, et vous avez co-cr\u00e9e la plate-forme Autisme Info Service. Ressentiez-vous le besoin de vous mobiliser\u00a0?<\/strong><\/h3>\n<p style=\"text-align: justify;\">Quand le diagnostic a \u00e9t\u00e9 pos\u00e9, Il y avait beaucoup de structures en place qui r\u00e9pondaient aux besoins de ma fille et qui avaient \u00e9t\u00e9 mises en place par des parents. Si depuis 30\u00a0ans, la France a pu limiter son retard concernant la prise en charge de l&rsquo;autisme, c&rsquo;est <strong>gr\u00e2ce aux parents qui se sont mobilis\u00e9s contre l&rsquo;avis des m\u00e9decins qui voulaient enfermer les enfants dans des h\u00f4pitaux psychiatriques<\/strong>, qui culpabilisaient les m\u00e8res ou qui refusaient des m\u00e9thodes qui faisaient pourtant des miracles. J&rsquo;ai b\u00e9n\u00e9fici\u00e9 de ces structures et je devais \u00e0 mon tour prendre le relais et apporter quelque chose de plus en mettant autour d&rsquo;une table des moyens financiers et des comp\u00e9tences. Cela fait 30\u00a0ans que les parents attendaient la <a href=\"https:\/\/www.autismeinfoservice.fr\/\" target=\"_blank\" rel=\"noopener noreferrer\"><strong>plateforme Autisme Info Service<\/strong><\/a>. Il faut aussi savoir que l&rsquo;autisme a un co\u00fbt tr\u00e8s lourd. A titre d&rsquo;exemple, je dois faire faire des bilans \u00e0 ma fille et ils ne sont ni rembours\u00e9s, ni pris en charge par la mutuelle. Il y a une v\u00e9ritable injustice dans ce domaine.<\/p>\n<h3 style=\"text-align: justify;\"><strong>Quel message avez-vous voulu faire passer \u00e0 travers le t\u00e9l\u00e9film \u00ab\u00a0T&rsquo;en fais pas, j&rsquo;suis l\u00e0\u00a0\u00bb ?<\/strong><\/h3>\n<p style=\"text-align: justify;\"><strong>L&rsquo;autisme est un handicap invisible. <\/strong>Quand on croise un autiste dans la rue, on peut se dire qu&rsquo;il est fou. On se moque de ces enfants \u00e0 l&rsquo;\u00e9cole alors que les autistes ne comprennent pas les \u00e9changes sociaux. Il faut aborder le sujet pour en prendre conscience. Avant de se moquer de celui qui est diff\u00e9rent \u00e0 l&rsquo;\u00e9cole ou dans la rue, parce qu&rsquo;il parle tout seul ou qu&rsquo;il a des gestes bizarres, il faut r\u00e9aliser qu&rsquo;il aurait envie d&rsquo;\u00eatre normal, d&rsquo;\u00eatre aim\u00e9, d&rsquo;avoir des histoires d&rsquo;amour, d&rsquo;avoir des amis. Quand on croise ces personnes, il faudrait se dire qu&rsquo;elles ont un trouble qui a un nom et qui les emp\u00eache d&rsquo;\u00eatre avec nous.<strong> La tol\u00e9rance fait partie des valeurs de notre R\u00e9publique<\/strong>.<\/p>\n<h3 style=\"text-align: justify;\"><strong>L&rsquo;autisme de votre fille vous a-t-il transform\u00e9 en tant que p\u00e8re ?<\/strong><\/h3>\n<aside id=\"NL_1025859151\" class=\"newsletter_subscription jNlBlock\"><noscript><br \/>\n            <\/noscript><\/p>\n<h3 class=\"newsletter_subscription-title\">Newsletter <\/h3>\n<p><a href=\"\/\/mailing.ccmbg.com\/archive\/last-85\" target=\"_blank\" class=\"a_hover\" rel=\"noopener noreferrer\">Voir un exemple<\/a><\/p>\n<\/aside>\n<p style=\"text-align: justify;\">C&rsquo;est une le\u00e7on de vie. On n&rsquo;est jamais aussi fort que quand on fait quelque chose pour quelqu&rsquo;un. <strong>D\u00e9sormais ma vie consiste \u00e0 me battre pour d\u00e9fendre cette petite fille. <\/strong>Cela a boulevers\u00e9 mon rapport \u00e0 mon m\u00e9tier, aux autres, \u00e0 l&rsquo;existence. Tout s&rsquo;est organis\u00e9 autour d&rsquo;Angia et c&rsquo;est devenu essentiel et non discutable. Cela me rend heureux et plus fort. Cela me rend meilleur aussi. J&rsquo;ai beaucoup gagn\u00e9 humainement. <strong>Je n&rsquo;ai qu&rsquo;un seul but\u00a0: que ma fille soit heureuse<\/strong>. Tous les jours, je lui rappelle qu&rsquo;elle est formidable, qu&rsquo;elle est magnifique, qu&rsquo;elle fait des progr\u00e8s dont je suis tr\u00e8s fier.\u00a0<\/p>\n<p style=\"text-align: justify;\"><strong><em>T&rsquo;en fais pas, j&rsquo;suis l\u00e0, France 2, lundi 26 octobre d\u00e8s 21h05<\/em><\/strong><\/p>\n<\/p><\/div>\n<p>[ad_2]<br \/>\n<br \/><a href=\"https:\/\/www.journaldesfemmes.fr\/maman\/magazine-actu-des-parents\/2669613-samuel-le-bihan-austime-temoignage\/\">Source link <\/a><\/p>\n","protected":false},"excerpt":{"rendered":"<p>[ad_1] Juste et bouleversant dans le t\u00e9l\u00e9film T&rsquo;en fais pas, j&rsquo;suis l\u00e0, Samuel Le Bihan a souhait\u00e9 montrer les diff\u00e9rents &hellip; <a href=\"http:\/\/www.affinite.fr\/index.php\/2020\/10\/24\/lautisme-de-ma-fille-ma-rendu-plus-fort-et-meilleur\/\" class=\"more-link\">Plus <span class=\"screen-reader-text\">\u00ab\u00a0l&rsquo;autisme de ma fille m&rsquo;a rendu plus fort et meilleur\u00a0\u00bb<\/span> <span class=\"meta-nav\">&rarr;<\/span><\/a><\/p>\n","protected":false},"author":1,"featured_media":5426,"comment_status":"open","ping_status":"open","sticky":false,"template":"","format":"standard","meta":{"_sitemap_exclude":false,"_sitemap_priority":"","_sitemap_frequency":"","footnotes":""},"categories":[1],"tags":[],"class_list":["post-5425","post","type-post","status-publish","format-standard","has-post-thumbnail","hentry","category-tous"],"_links":{"self":[{"href":"http:\/\/www.affinite.fr\/index.php\/wp-json\/wp\/v2\/posts\/5425"}],"collection":[{"href":"http:\/\/www.affinite.fr\/index.php\/wp-json\/wp\/v2\/posts"}],"about":[{"href":"http:\/\/www.affinite.fr\/index.php\/wp-json\/wp\/v2\/types\/post"}],"author":[{"embeddable":true,"href":"http:\/\/www.affinite.fr\/index.php\/wp-json\/wp\/v2\/users\/1"}],"replies":[{"embeddable":true,"href":"http:\/\/www.affinite.fr\/index.php\/wp-json\/wp\/v2\/comments?post=5425"}],"version-history":[{"count":0,"href":"http:\/\/www.affinite.fr\/index.php\/wp-json\/wp\/v2\/posts\/5425\/revisions"}],"wp:featuredmedia":[{"embeddable":true,"href":"http:\/\/www.affinite.fr\/index.php\/wp-json\/wp\/v2\/media\/5426"}],"wp:attachment":[{"href":"http:\/\/www.affinite.fr\/index.php\/wp-json\/wp\/v2\/media?parent=5425"}],"wp:term":[{"taxonomy":"category","embeddable":true,"href":"http:\/\/www.affinite.fr\/index.php\/wp-json\/wp\/v2\/categories?post=5425"},{"taxonomy":"post_tag","embeddable":true,"href":"http:\/\/www.affinite.fr\/index.php\/wp-json\/wp\/v2\/tags?post=5425"}],"curies":[{"name":"wp","href":"https:\/\/api.w.org\/{rel}","templated":true}]}}