{"id":5408,"date":"2020-10-21T13:36:24","date_gmt":"2020-10-21T13:36:24","guid":{"rendered":"https:\/\/www.affinite.fr\/index.php\/2020\/10\/21\/greys-anatomy-saison-16-sur-tf1-ou-en-etait-on-avant-la-pause-news-series-a-la-tv\/"},"modified":"2020-10-21T13:36:24","modified_gmt":"2020-10-21T13:36:24","slug":"greys-anatomy-saison-16-sur-tf1-ou-en-etait-on-avant-la-pause-news-series-a-la-tv","status":"publish","type":"post","link":"http:\/\/www.affinite.fr\/index.php\/2020\/10\/21\/greys-anatomy-saison-16-sur-tf1-ou-en-etait-on-avant-la-pause-news-series-a-la-tv\/","title":{"rendered":"Grey&rsquo;s Anatomy saison 16 sur TF1 : o\u00f9 en \u00e9tait-on avant la pause ? &#8211; News S\u00e9ries \u00e0 la TV"},"content":{"rendered":"<p> [ad_1]<br \/>\n<\/p>\n<p>Interrompue en avril dernier apr\u00e8s 11 \u00e9pisodes en raison de l&rsquo;\u00e9pid\u00e9mie de coronavirus et du confinement, la diffusion de la saison 16 in\u00e9dite de \u00ab\u00a0Grey&rsquo;s Anatomy\u00a0\u00bb reprend ce soir sur TF1. O\u00f9 avions-nous laiss\u00e9 Meredith et les docteurs du Grey Sloan ?<\/p>\n<div id=\"article-content\">\n<figure class=\"article-figure article-main-figure\"><img loading=\"lazy\" decoding=\"async\" class=\"article-figure-img\" width=\"640\" height=\"360\" src=\"https:\/\/fr.web.img5.acsta.net\/r_640_360\/newsv7\/20\/10\/20\/18\/32\/5171663.jpg\"\/><figcaption class=\"article-figcaption-copy\">ABC\/Gilles Mingasson<\/figcaption><\/figure>\n<p>Apr\u00e8s plusieurs mois d&rsquo;interruption,\u00a0<a title=\"Grey's Anatomy (U.S.A.) (Drame,M\u00e9dical)\" href=\"http:\/\/www.allocine.fr\/series\/ficheserie_gen_cserie=274.html\">Grey&rsquo;s Anatomy<\/a> revient enfin ce mercredi 21 octobre \u00e0 21h05 sur TF1 pour la suite de sa saison 16 in\u00e9dite. La cha\u00eene avait d\u00fb stopper la diffusion de cette seizi\u00e8me salve le 15 avril dernier, au bout de seulement 11 \u00e9pisodes, en raison de l&rsquo;\u00e9pid\u00e9mie de coronavirus et du confinement qui emp\u00eachaient de poursuivre le doublage de la s\u00e9rie. Mais la version fran\u00e7aise des dix derniers \u00e9pisodes est d\u00e9sormais fin pr\u00eate et la seconde moiti\u00e9 de la saison 16 de Grey&rsquo;s Anatomy sera donc propos\u00e9e chaque mercredi jusqu&rsquo;au 18 novembre, au rythme de deux \u00e9pisodes par semaine.<\/p>\n<p>Mais avant de d\u00e9couvrir la suite des aventures des docteurs de l&rsquo;h\u00f4pital Grey Sloan, une petite piq\u00fbre de rappel s&rsquo;impose peut-\u00eatre pour certains. Qu&rsquo;arrivait-il \u00e0 Meredith et \u00e0 ses coll\u00e8gues dans les derniers \u00e9pisodes diffus\u00e9s au mois d&rsquo;avril sur TF1 ? On fait le point.<\/p>\n<p>Des bouleversements importants pour Bailey, Jo, Amelia, et Maggie<\/p>\n<p>Soutenue par Alex, ses coll\u00e8gues et amis, ainsi que par ses anciens patients lors de son passage devant le Conseil de l&rsquo;ordre des m\u00e9decins, Meredith (<a title=\"Ellen Pompeo (U.S.A.) (Acteur,Producteur d\u00e9l\u00e9gu\u00e9,R\u00e9alisateur)\" href=\"http:\/\/www.allocine.fr\/personne\/fichepersonne_gen_cpersonne=69965.html\">Ellen Pompeo<\/a>) parvient \u00e0 prouver qu&rsquo;elle est un tr\u00e8s bon m\u00e9decin et obtient ainsi un avis favorable pour continuer \u00e0 exercer. Mais elle doit faire face \u00e0 un \u00e9v\u00e9nement inattendu dans sa vie priv\u00e9e lorsque DeLuca (<a title=\"Giacomo Gianniotti (Italie) (Acteur,Producteur)\" href=\"http:\/\/www.allocine.fr\/personne\/fichepersonne_gen_cpersonne=686166.html\">Giacomo Gianniotti<\/a>) d\u00e9cide de rompre avec elle pour la simple et bonne raison qu&rsquo;il a l&rsquo;impression qu&rsquo;elle ne le respecte pas. Pas autant qu&rsquo;elle respectait Derek en tout cas.<\/p>\n<p>De son c\u00f4t\u00e9, Bailey (<a title=\"Chandra Wilson (U.S.A.) (Acteur,R\u00e9alisateur)\" href=\"http:\/\/www.allocine.fr\/personne\/fichepersonne_gen_cpersonne=109326.html\">Chandra Wilson<\/a>) voit sa vie s&rsquo;assombrir lorsqu&rsquo;elle fait une fausse couche, tandis qu&rsquo;Amelia (<a title=\"Caterina Scorsone (Canada) (Acteur)\" href=\"http:\/\/www.allocine.fr\/personne\/fichepersonne_gen_cpersonne=105016.html\">Caterina Scorsone<\/a>) r\u00e9v\u00e8le \u00e0 Link (<a title=\"Chris Carmack (U.S.A.) (Acteur)\" href=\"http:\/\/www.allocine.fr\/personne\/fichepersonne_gen_cpersonne=100467.html\">Chris Carmack<\/a>) qu&rsquo;il n&rsquo;est peut-\u00eatre pas le p\u00e8re de son b\u00e9b\u00e9 puisque la date de conception laisse penser qu&rsquo;il pourrait tout aussi bien s&rsquo;agir d&rsquo;Owen (<a title=\"Kevin McKidd (Grande-Bretagne) (Acteur,R\u00e9alisateur)\" href=\"http:\/\/www.allocine.fr\/personne\/fichepersonne_gen_cpersonne=76146.html\">Kevin McKidd<\/a>). Une nouvelle qui \u00e9branle Link et le pousse \u00e0 demander \u00e0 Amelia de faire un test de paternit\u00e9 afin qu&rsquo;il puisse d\u00e9cider si, oui ou non, leur couple a encore un <a href=\"http:\/\/www.affinite.fr\/index.php\/2024\/12\/08\/chere-maman-et-si-ce-noel-vous-offriez-a-votre-ado-un-avenir-%f0%9f%8e%84%e2%9c%a8\/\">avenir<\/a>. En parall\u00e8le, Teddy (<a title=\"Kim Raver (U.S.A.) (Acteur,R\u00e9alisateur)\" href=\"http:\/\/www.allocine.fr\/personne\/fichepersonne_gen_cpersonne=104912.html\">Kim Raver<\/a>) accepte la demande en mariage d&rsquo;Owen, Richard (<a title=\"James Pickens Jr. (U.S.A.) (Acteur,Producteur)\" href=\"http:\/\/www.allocine.fr\/personne\/fichepersonne_gen_cpersonne=46752.html\">James Pickens Jr.<\/a>) s&rsquo;inqui\u00e8te pour Maggie (<a title=\"Kelly McCreary (U.S.A.) (Acteur)\" href=\"http:\/\/www.allocine.fr\/personne\/fichepersonne_gen_cpersonne=474589.html\">Kelly McCreary<\/a>), qui se sent responsable de la mort de sa cousine au bloc op\u00e9ratoire, et Jo (<a title=\"Camilla Luddington (Grande-Bretagne) (Acteur)\" href=\"http:\/\/www.allocine.fr\/personne\/fichepersonne_gen_cpersonne=399854.html\">Camilla Luddington<\/a>) doit faire face \u00e0 la disparition d&rsquo;Alex (<a title=\"Justin Chambers (I) (U.S.A.) (Acteur)\" href=\"http:\/\/www.allocine.fr\/personne\/fichepersonne_gen_cpersonne=64327.html\">Justin Chambers<\/a>), qui a quitt\u00e9 Seattle sans laisser de traces et ne lui donne pas de nouvelles&#8230;<\/p>\n<div class=\"article-figure-holder\">\n<figure class=\"article-figure mceNonEditable\"><img loading=\"lazy\" decoding=\"async\" class=\"article-figure-img\" src=\"data:image\/gif;base64,R0lGODlhAgABAPAAAAAAAAAAACH5BAEAAAAAIf8LSW1hZ2VNYWdpY2sNZ2FtbWE9MC40NTQ1NQAsAAAAAAIAAQAAAgIECgA7\" data-src=\"https:\/\/fr.web.img6.acsta.net\/newsv7\/20\/10\/21\/14\/05\/5966092.jpg\" width=\"640\" height=\"320\"\/><span class=\"article-figcaption-copy\">ABC\/Christopher Willard<\/span><\/p>\n<\/figure>\n<\/div>\n<p>Le myst\u00e8re Alex bient\u00f4t r\u00e9solu<\/p>\n<p>Alors o\u00f9 est pass\u00e9 Alex ? C&rsquo;est la question que se posent tous les fans fran\u00e7ais de Grey&rsquo;s Anatomy depuis maintenant plusieurs mois. Et la \u00ab\u00a0bonne nouvelle\u00a0\u00bb c&rsquo;est que toutes les r\u00e9ponses \u00e0 ce sujet seront apport\u00e9es au cours de l&rsquo;\u00e9pisode 16, \u00ab\u00a0Tourner la page\u00a0\u00bb, qui sera diffus\u00e9 le 4 novembre sur TF1. Car, pour rappel, Justin Chambers a quitt\u00e9 la s\u00e9rie et ne r\u00e9appara\u00eetra plus dans la s\u00e9rie.<\/p>\n<p>Quant au reste de cette saison 16, qui a \u00e9t\u00e9 raccourcie \u00e0 21 \u00e9pisodes en raison de l&rsquo;\u00e9pid\u00e9mie de Covid-19, il verra notamment Meredith se rapprocher du docteur Hayes (<a title=\"Richard Flood (Irlande) (Acteur)\" href=\"http:\/\/www.allocine.fr\/personne\/fichepersonne_gen_cpersonne=599638.html\">Richard Flood<\/a>) &#8211; et s&rsquo;inqui\u00e9ter en parall\u00e8le de plus en plus pour la sant\u00e9 mentale de DeLuca. Amelia, quant \u00e0 elle, apprendra enfin bient\u00f4t qui est le p\u00e8re de son b\u00e9b\u00e9. Et l&rsquo;un des h\u00e9ros de la s\u00e9rie finira par \u00eatre frapp\u00e9 par une myst\u00e9rieuse maladie en fin de saison, for\u00e7ant ainsi tous les m\u00e9decins du Grey Sloan \u00e0 s&rsquo;unir pour le sauver.<\/p>\n<p><strong>La bande-annonce de la suite de la saison 16 de Grey&rsquo;s Anatomy :<\/strong><\/p>\n<p>\u00a0<\/p>\n<\/p><\/div>\n<p>[ad_2]<br \/>\n<br \/><a href=\"http:\/\/rss.allocine.fr\/~r\/ac\/actualites\/~3\/zO1BHU10l7A\/fichearticle_gen_carticle=18693913.html\">Source link <\/a><\/p>\n","protected":false},"excerpt":{"rendered":"<p>[ad_1] Interrompue en avril dernier apr\u00e8s 11 \u00e9pisodes en raison de l&rsquo;\u00e9pid\u00e9mie de coronavirus et du confinement, la diffusion de &hellip; <a href=\"http:\/\/www.affinite.fr\/index.php\/2020\/10\/21\/greys-anatomy-saison-16-sur-tf1-ou-en-etait-on-avant-la-pause-news-series-a-la-tv\/\" class=\"more-link\">Plus <span class=\"screen-reader-text\">Grey&rsquo;s Anatomy saison 16 sur TF1 : o\u00f9 en \u00e9tait-on avant la pause ? &#8211; News S\u00e9ries \u00e0 la TV<\/span> <span class=\"meta-nav\">&rarr;<\/span><\/a><\/p>\n","protected":false},"author":1,"featured_media":5409,"comment_status":"open","ping_status":"open","sticky":false,"template":"","format":"standard","meta":{"_sitemap_exclude":false,"_sitemap_priority":"","_sitemap_frequency":"","footnotes":""},"categories":[1],"tags":[],"class_list":["post-5408","post","type-post","status-publish","format-standard","has-post-thumbnail","hentry","category-tous"],"_links":{"self":[{"href":"http:\/\/www.affinite.fr\/index.php\/wp-json\/wp\/v2\/posts\/5408"}],"collection":[{"href":"http:\/\/www.affinite.fr\/index.php\/wp-json\/wp\/v2\/posts"}],"about":[{"href":"http:\/\/www.affinite.fr\/index.php\/wp-json\/wp\/v2\/types\/post"}],"author":[{"embeddable":true,"href":"http:\/\/www.affinite.fr\/index.php\/wp-json\/wp\/v2\/users\/1"}],"replies":[{"embeddable":true,"href":"http:\/\/www.affinite.fr\/index.php\/wp-json\/wp\/v2\/comments?post=5408"}],"version-history":[{"count":0,"href":"http:\/\/www.affinite.fr\/index.php\/wp-json\/wp\/v2\/posts\/5408\/revisions"}],"wp:featuredmedia":[{"embeddable":true,"href":"http:\/\/www.affinite.fr\/index.php\/wp-json\/wp\/v2\/media\/5409"}],"wp:attachment":[{"href":"http:\/\/www.affinite.fr\/index.php\/wp-json\/wp\/v2\/media?parent=5408"}],"wp:term":[{"taxonomy":"category","embeddable":true,"href":"http:\/\/www.affinite.fr\/index.php\/wp-json\/wp\/v2\/categories?post=5408"},{"taxonomy":"post_tag","embeddable":true,"href":"http:\/\/www.affinite.fr\/index.php\/wp-json\/wp\/v2\/tags?post=5408"}],"curies":[{"name":"wp","href":"https:\/\/api.w.org\/{rel}","templated":true}]}}