{"id":5399,"date":"2020-10-19T17:42:55","date_gmt":"2020-10-19T17:42:55","guid":{"rendered":"https:\/\/www.affinite.fr\/index.php\/2020\/10\/19\/brigitte-macron-cas-contact-au-covid-19-et-confinee-7-jours\/"},"modified":"2020-10-19T17:42:55","modified_gmt":"2020-10-19T17:42:55","slug":"brigitte-macron-cas-contact-au-covid-19-et-confinee-7-jours","status":"publish","type":"post","link":"http:\/\/www.affinite.fr\/index.php\/2020\/10\/19\/brigitte-macron-cas-contact-au-covid-19-et-confinee-7-jours\/","title":{"rendered":"Brigitte Macron, cas contact au Covid-19\u00a0et confin\u00e9e 7\u00a0jours"},"content":{"rendered":"<p> [ad_1]<br \/>\n<br \/><img decoding=\"async\" src=\"https:\/\/img-3.journaldesfemmes.fr\/_MhDURjr9zA4tuESDk7nw0YHGc8=\/1280x\/smart\/bb02507c447d4c7fb437ebaae614a105\/ccmcms-jdf\/19459601.jpg\" \/><\/p>\n<p>\n                Brigitte Macron a \u00e9t\u00e9 mise \u00e0 l&rsquo;isolement pendant une semaine. La premi\u00e8re dame a \u00e9t\u00e9 identifi\u00e9e comme cas contact au coronavirus&#8230;            <\/p>\n<div>\n<p>Panique \u00e0 l&rsquo;Elys\u00e9e. <strong><a href=\"https:\/\/www.journaldesfemmes.fr\/people\/personnalites\/2559562-brigitte-macron\/\" title=\"Brigitte Trogneux\">Brigitte Macron<\/a><\/strong> a \u00e9t\u00e9 identifi\u00e9e comme <strong>cas contact au Covid-19<\/strong>. La premi\u00e8re dame a donc \u00e9t\u00e9 <strong>mise \u00e0 l&rsquo;isolement <\/strong>pour 7 jours , \u00e0 compter du\u00a019 octobre, selon des informations communiqu\u00e9es par son entourage \u00e0 l&rsquo;<em>AFP<\/em>. C&rsquo;est le 15 octobre que l&rsquo;\u00e9pouse d&rsquo;<a href=\"https:\/\/www.journaldesfemmes.fr\/people\/emmanuel-macron\/\" title=\"Emmanuel Macron\">Emmanuel Macron<\/a> a <strong>c\u00f4toy\u00e9 une personne<\/strong>, dont l&rsquo;identit\u00e9 n&rsquo;a pas \u00e9t\u00e9 d\u00e9voil\u00e9e, qui a \u00e9t\u00e9<strong> test\u00e9e positive au <a href=\"https:\/\/sante.journaldesfemmes.fr\/fiches-maladies\/2605417-coronavirus-france-cas-direct-mort-carte-paris-cantal-finistere-depistage-aide-apl-reconfinement\/\" title=\"N-Cov\">coronavirus<\/a> <\/strong>quelques jours plus tard. Par pr\u00e9caution, la premi\u00e8re dame doit donc<strong>\u00a0rester confin\u00e9e<\/strong>, bien qu&rsquo;elle ne ressente, pour l&rsquo;instant,\u00a0aucun sympt\u00f4me, selon ses proches.<\/p>\n<h2>Brigitte Macron, confin\u00e9e mais pas inactive<\/h2>\n<p>Brigitte Macron ne pourra donc pas se rendre \u00e0 <strong>l&rsquo;Hommage National<\/strong> qui doit se tenir le 21\u00a0octobre dans la cour de la Sorbonne \u00e0 Paris, en m\u00e9moire de <a href=\"https:\/\/www.journaldesfemmes.fr\/societe\/actu\/2667589-qui-etait-samuel-paty-le-professeur-decapite-par-un-terroriste\/\"><strong>l&rsquo;enseignant d\u00e9capit\u00e9 Samuel Paty<\/strong><\/a>.<\/p>\n<p>Mais ses <strong>activit\u00e9s de premi\u00e8re dame<\/strong> ne cesseront pas pour autant. \u00ab\u00a0<em>On peut travailler \u00e0 distance\u00a0! Elle pourra assurer certains rendez-vous par t\u00e9l\u00e9phone ou visio-conf\u00e9rence<\/em>\u00ab\u00a0, a d\u00e9clar\u00e9 l&rsquo;entourage de la femme du pr\u00e9sident de la R\u00e9publique dans <em>Gala<\/em>.<\/p>\n<aside id=\"NL_904449811\" class=\"newsletter_subscription jNlBlock\"><noscript><br \/>\n            <\/noscript><\/p>\n<h3 class=\"newsletter_subscription-title\">Newsletter <\/h3>\n<p><a href=\"\/\/mailing.ccmbg.com\/archive\/last-85\" target=\"_blank\" class=\"a_hover\" rel=\"noopener noreferrer\">Voir un exemple<\/a><\/p>\n<\/aside>\n<p>Aucune information n&rsquo;a pour l&rsquo;instant \u00e9t\u00e9 communiqu\u00e9e quant \u00e0 <strong>Emmanuel Macron<\/strong>, pourtant <a href=\"https:\/\/www.journaldesfemmes.fr\/people\/magazine\/2648667-brigitte-macron-couple-amour-president-elysee\/\">constamment en contact avec son \u00e9pouse.<\/a>\u00a0Esp\u00e9rons que leur traditionnel <a href=\"https:\/\/www.journaldesfemmes.fr\/people\/magazine\/2666087-mercotte-son-drame-les-macron-toussaint-loana-internee-thierry-olive-adp-opere\/2667145-emmanuel-macron-et-brigitte-macron\">week-end de la Toussaint \u00e0 Honfleur ne soit pas chamboul\u00e9&#8230;<\/a><\/p>\n<\/p><\/div>\n<p>[ad_2]<br \/>\n<br \/><a href=\"https:\/\/www.journaldesfemmes.fr\/people\/magazine\/2667721-brigitte-macron-cas-contact-coronavirus-isolement\/\">Source link <\/a><\/p>\n","protected":false},"excerpt":{"rendered":"<p>[ad_1] Brigitte Macron a \u00e9t\u00e9 mise \u00e0 l&rsquo;isolement pendant une semaine. La premi\u00e8re dame a \u00e9t\u00e9 identifi\u00e9e comme cas contact &hellip; <a href=\"http:\/\/www.affinite.fr\/index.php\/2020\/10\/19\/brigitte-macron-cas-contact-au-covid-19-et-confinee-7-jours\/\" class=\"more-link\">Plus <span class=\"screen-reader-text\">Brigitte Macron, cas contact au Covid-19\u00a0et confin\u00e9e 7\u00a0jours<\/span> <span class=\"meta-nav\">&rarr;<\/span><\/a><\/p>\n","protected":false},"author":1,"featured_media":5400,"comment_status":"open","ping_status":"open","sticky":false,"template":"","format":"standard","meta":{"_sitemap_exclude":false,"_sitemap_priority":"","_sitemap_frequency":"","footnotes":""},"categories":[1],"tags":[],"class_list":["post-5399","post","type-post","status-publish","format-standard","has-post-thumbnail","hentry","category-tous"],"_links":{"self":[{"href":"http:\/\/www.affinite.fr\/index.php\/wp-json\/wp\/v2\/posts\/5399"}],"collection":[{"href":"http:\/\/www.affinite.fr\/index.php\/wp-json\/wp\/v2\/posts"}],"about":[{"href":"http:\/\/www.affinite.fr\/index.php\/wp-json\/wp\/v2\/types\/post"}],"author":[{"embeddable":true,"href":"http:\/\/www.affinite.fr\/index.php\/wp-json\/wp\/v2\/users\/1"}],"replies":[{"embeddable":true,"href":"http:\/\/www.affinite.fr\/index.php\/wp-json\/wp\/v2\/comments?post=5399"}],"version-history":[{"count":0,"href":"http:\/\/www.affinite.fr\/index.php\/wp-json\/wp\/v2\/posts\/5399\/revisions"}],"wp:featuredmedia":[{"embeddable":true,"href":"http:\/\/www.affinite.fr\/index.php\/wp-json\/wp\/v2\/media\/5400"}],"wp:attachment":[{"href":"http:\/\/www.affinite.fr\/index.php\/wp-json\/wp\/v2\/media?parent=5399"}],"wp:term":[{"taxonomy":"category","embeddable":true,"href":"http:\/\/www.affinite.fr\/index.php\/wp-json\/wp\/v2\/categories?post=5399"},{"taxonomy":"post_tag","embeddable":true,"href":"http:\/\/www.affinite.fr\/index.php\/wp-json\/wp\/v2\/tags?post=5399"}],"curies":[{"name":"wp","href":"https:\/\/api.w.org\/{rel}","templated":true}]}}