{"id":5397,"date":"2020-10-19T01:35:13","date_gmt":"2020-10-19T01:35:13","guid":{"rendered":"https:\/\/www.affinite.fr\/index.php\/2020\/10\/19\/les-animaux-fantastiques-18-references-a-harry-potter-dans-le-film\/"},"modified":"2020-10-19T01:35:13","modified_gmt":"2020-10-19T01:35:13","slug":"les-animaux-fantastiques-18-references-a-harry-potter-dans-le-film","status":"publish","type":"post","link":"http:\/\/www.affinite.fr\/index.php\/2020\/10\/19\/les-animaux-fantastiques-18-references-a-harry-potter-dans-le-film\/","title":{"rendered":"Les Animaux Fantastiques : 18 r\u00e9f\u00e9rences \u00e0 Harry Potter dans le film"},"content":{"rendered":"<p> [ad_1]<br \/>\n<br \/>Avez-vous remarqu\u00e9 tous les points communs entre le premier volet des \u00ab\u00a0Animaux Fantastiques\u00a0\u00bb (diffus\u00e9 sur TF1 ce soir \u00e0 21h) et la saga \u00ab\u00a0Harry Potter\u00a0\u00bb ?<\/p>\n<p>&gt;&gt; <a href=\"http:\/\/www.allocine.fr\/article\/fichearticle_gen_carticle=18693811.html\">Lire l&rsquo;article<\/a>  | sur <i><a href=\"http:\/\/www.allocine.fr\">AlloCin\u00e9<\/a><\/i>  &#8211; dimanche 18 octobre 2020<\/p>\n<p><img loading=\"lazy\" decoding=\"async\" src=\"http:\/\/feeds.feedburner.com\/~r\/ac\/actualites\/~4\/vU6f7dMzBS4\" height=\"1\" width=\"1\" alt=\"\" \/><br \/>\n<br \/>[ad_2]<br \/>\n<br \/><a href=\"http:\/\/rss.allocine.fr\/~r\/ac\/actualites\/~3\/vU6f7dMzBS4\/\">Source link <\/a><\/p>\n","protected":false},"excerpt":{"rendered":"<p>[ad_1] Avez-vous remarqu\u00e9 tous les points communs entre le premier volet des \u00ab\u00a0Animaux Fantastiques\u00a0\u00bb (diffus\u00e9 sur TF1 ce soir \u00e0 &hellip; <a href=\"http:\/\/www.affinite.fr\/index.php\/2020\/10\/19\/les-animaux-fantastiques-18-references-a-harry-potter-dans-le-film\/\" class=\"more-link\">Plus <span class=\"screen-reader-text\">Les Animaux Fantastiques : 18 r\u00e9f\u00e9rences \u00e0 Harry Potter dans le film<\/span> <span class=\"meta-nav\">&rarr;<\/span><\/a><\/p>\n","protected":false},"author":1,"featured_media":5398,"comment_status":"open","ping_status":"open","sticky":false,"template":"","format":"standard","meta":{"_sitemap_exclude":false,"_sitemap_priority":"","_sitemap_frequency":"","footnotes":""},"categories":[1],"tags":[],"class_list":["post-5397","post","type-post","status-publish","format-standard","has-post-thumbnail","hentry","category-tous"],"_links":{"self":[{"href":"http:\/\/www.affinite.fr\/index.php\/wp-json\/wp\/v2\/posts\/5397"}],"collection":[{"href":"http:\/\/www.affinite.fr\/index.php\/wp-json\/wp\/v2\/posts"}],"about":[{"href":"http:\/\/www.affinite.fr\/index.php\/wp-json\/wp\/v2\/types\/post"}],"author":[{"embeddable":true,"href":"http:\/\/www.affinite.fr\/index.php\/wp-json\/wp\/v2\/users\/1"}],"replies":[{"embeddable":true,"href":"http:\/\/www.affinite.fr\/index.php\/wp-json\/wp\/v2\/comments?post=5397"}],"version-history":[{"count":0,"href":"http:\/\/www.affinite.fr\/index.php\/wp-json\/wp\/v2\/posts\/5397\/revisions"}],"wp:featuredmedia":[{"embeddable":true,"href":"http:\/\/www.affinite.fr\/index.php\/wp-json\/wp\/v2\/media\/5398"}],"wp:attachment":[{"href":"http:\/\/www.affinite.fr\/index.php\/wp-json\/wp\/v2\/media?parent=5397"}],"wp:term":[{"taxonomy":"category","embeddable":true,"href":"http:\/\/www.affinite.fr\/index.php\/wp-json\/wp\/v2\/categories?post=5397"},{"taxonomy":"post_tag","embeddable":true,"href":"http:\/\/www.affinite.fr\/index.php\/wp-json\/wp\/v2\/tags?post=5397"}],"curies":[{"name":"wp","href":"https:\/\/api.w.org\/{rel}","templated":true}]}}