{"id":5388,"date":"2020-10-17T17:40:51","date_gmt":"2020-10-17T17:40:51","guid":{"rendered":"https:\/\/www.affinite.fr\/index.php\/2020\/10\/17\/ce-que-lon-sait-de-lacte-terroriste\/"},"modified":"2020-10-17T17:40:51","modified_gmt":"2020-10-17T17:40:51","slug":"ce-que-lon-sait-de-lacte-terroriste","status":"publish","type":"post","link":"http:\/\/www.affinite.fr\/index.php\/2020\/10\/17\/ce-que-lon-sait-de-lacte-terroriste\/","title":{"rendered":"ce que l&rsquo;on sait de l&rsquo;acte terroriste"},"content":{"rendered":"<p> [ad_1]<br \/>\n<br \/><img decoding=\"async\" src=\"https:\/\/img-3.journaldesfemmes.fr\/4TsSpTwlRzBDh9PbWlj7WQj4fIY=\/1280x\/smart\/07bdb4d880c74576aedbf09bc35d1038\/ccmcms-jdf\/19399146.jpg\" \/><\/p>\n<p>\n                Un enseignant en histoire du coll\u00e8ge de Conflans-Saint-Honorine a \u00e9t\u00e9 d\u00e9capit\u00e9, non loin de son \u00e9tablissement scolaire, le 16\u00a0octobre, \u00e0 17h. Son assassin a \u00e9t\u00e9 abattu par la police et le parquet anti-terroriste, saisi. D\u00e9tails de l&rsquo;attentat et avanc\u00e9es de l&rsquo;enqu\u00eate.            <\/p>\n<div>\n<p>Une barbarie sans nom, un acte impensable&#8230; Et une onde de choc. Un professeur d&rsquo;histoire du coll\u00e8ge\u00a0du Bois d&rsquo;Aulne\u00a0de Conflans-Saint-Honorine, dans les Yvelines,<strong> a \u00e9t\u00e9 assassin\u00e9 et d\u00e9capit\u00e9 <\/strong>par un homme, le vendredi 16 octobre en fin d&rsquo;apr\u00e8s-midi, \u00e0 la veille des vacances de la Toussaint. <strong>L&rsquo;enseignant de 47 ans\u00a0aurait montr\u00e9 il y a quelques jours des caricatures de Mahomet \u00e0 ses \u00e9l\u00e8ves dans un cours d&rsquo;expression libre&#8230;<\/strong><br \/>La police la brigade anticriminalit\u00e9 (BAC), appel\u00e9e vers 17h pour un individu qui r\u00f4dait pr\u00e8s de l&rsquo;\u00e9tablissement avec un couteau de cuisine \u00e0 la main, a d\u00e9couvert sur place l&rsquo;atroce crime\u00a0de\u00a0la victime ensanglant\u00e9e et d\u00e9capit\u00e9e, avant de retrouver l&rsquo;assaillant 200 m\u00e8tres plus loin, \u00e0 Eragny (Val d&rsquo;Oise).<br \/>Apr\u00e8s une course poursuite, les forces de l&rsquo;ordre auraient ouvert le feu \u00e0 plusieurs reprises et\u00a0auraient<strong> abattu par balles l&rsquo;agresseur, qui aurait hurl\u00e9 \u00ab\u00a0Allah akbar\u00a0\u00bb avant de mourir.<\/strong> Une op\u00e9ration de d\u00e9minage a \u00e9t\u00e9 entreprise,\u00a0<\/p>\n<p>Le parquet anti-terroriste a \u00e9t\u00e9 saisi de l&rsquo;affaire. Des perquisitions ont eu lieu dans la nuit du 16 au 17 octobre. <strong>Neuf personnes sont en garde \u00e0 vue<\/strong>, selon une source judiciaire. Les quatre premi\u00e8res personnes, dont un mineur,\u00a0sont issues de l&rsquo;<strong>entourage familial <\/strong>de l&rsquo;assaillant. <strong>Il s&rsquo;agit de ses\u00a0parents, de ses grand-parents et de son\u00a0petit fr\u00e8re, interpell\u00e9s \u00e0 Evreux, dans l&rsquo;Eure. <\/strong><\/p>\n<p><strong>Parmi les cinq autres personnes interpell\u00e9es<\/strong> figurent<strong> deux parents d&rsquo;\u00e9l\u00e8ve du coll\u00e8ge o\u00f9 travaillait la victime.<\/strong><\/p>\n<h2>Qui est l&rsquo;assaillant ?<\/h2>\n<p>Selon les premi\u00e8res sources, le terroriste\u00a0serait\u00a0<strong>Abdoulakh A<\/strong>., un jeune homme d&rsquo;origine tch\u00e9tch\u00e8ne\u00a0de confession musulmane\u00a0\u00e2g\u00e9 seulement de <strong>18 ans, n\u00e9 en 2002 \u00e0 Moscou, en Russie<\/strong>. Il pourrait faire partie d&rsquo;une bande \u00e0 Eragny, dans<strong> laquelle se trouvait une personne islamiste fich\u00e9e \u00ab\u00a0S<\/strong>\u00ab\u00a0, selon les informations du <em>Figaro. <\/em>Avant l&rsquo;intervention\u00a0de la police, il aurait diffus\u00e9 une vid\u00e9o sur les r\u00e9seaux sociaux de la t\u00eate d\u00e9capit\u00e9e du professeur.\u00a0L&rsquo;individu, qui \u00e9tait inconnu\u00a0des services de renseignements,\u00a0b\u00e9n\u00e9ficiait du statut de r\u00e9fugi\u00e9 et \u00e9tait porteur d&rsquo;un titre de s\u00e9jour d\u00e9livr\u00e9 le 4\u00a0mars dernier. Il \u00e9tait n\u00e9anmoins connu pour des faits de droit commun.<\/p>\n<h2>Des menaces envoy\u00e9es\u00a0par les parents<\/h2>\n<p>Le professeur\u00a0aurait pr\u00e9sent\u00e9 des caricatures du proph\u00e8te Mahomet \u00e0 sa classe au d\u00e9but du mois d&rsquo;octobre. Dans une vid\u00e9o, un\u00a0homme aurait racont\u00e9 sa version des faits, expliquant que l&rsquo;enseignant aurait demand\u00e9 aux \u00e9l\u00e8ves musulmans de sortir lors du d\u00e9bat.\u00a0\u00ab\u00a0<em>Ma fille a refus\u00e9 de sortir. Il a montr\u00e9 un homme tout nu en leur disant que c&rsquo;\u00e9tait le proph\u00e8te\u00a0\u00bb, <\/em>a-t-il d\u00e9clar\u00e9.<\/p>\n<p>Certaines familles se seraient donc plaintes aupr\u00e8s de la principale du coll\u00e8ge le 5 octobre, demandant <strong>la d\u00e9mission de l&rsquo;enseignant. <\/strong>Celui-ci aurait par ailleurs \u00e9t\u00e9<strong> menac\u00e9 par certains parents<\/strong>, et aurait d\u00e9pos\u00e9 plainte \u00e0 leur encontre.<\/p>\n<p>Des rumeurs de \u00ab\u00a0blasph\u00e8me\u00a0\u00bb auraient ensuite circul\u00e9\u00a0aupr\u00e8s des habitants et des cit\u00e9s de la commune&#8230;<\/p>\n<h2>Sid\u00e9ration et \u00e9motion<\/h2>\n<p><strong><a href=\"https:\/\/www.journaldesfemmes.fr\/people\/emmanuel-macron\/\" title=\"Emmanuel Macron\">Emmanuel Macron<\/a><\/strong> a rapidement r\u00e9agi \u00e0 cet horrible crime et <strong>s&rsquo;est rendu sur les lieux dans la soir\u00e9e du 16 octobre.<\/strong><\/p>\n<p><em>\u00ab\u00a0Un de nos concitoyens a \u00e9t\u00e9 assassin\u00e9 aujourd&rsquo;hui parce qu&rsquo;il enseignait, parce qu&rsquo;il apprenait \u00e0 des \u00e9l\u00e8ves la libert\u00e9 d&rsquo;expression, la libert\u00e9 de croire et de ne pas croire. Notre compatriote a \u00e9t\u00e9 l\u00e2chement attaqu\u00e9, a \u00e9t\u00e9 la victime d&rsquo;un <a href=\"https:\/\/www.journaldesfemmes.fr\/societe\/attentats-a-paris\/\" title=\"Attentat\">attentat<\/a> terroriste islamiste caract\u00e9ris\u00e9\u00a0\u00bb,<\/em> a d\u00e9clar\u00e9 le Pr\u00e9sident de la R\u00e9publique, en concluant :\u00a0<em>\u00ab\u00a0Tous et toutes, nous ferons bloc&#8230; Ils ne passeront pas\u00a0\u00bb. <strong>\u00ab\u00a0L&rsquo;obscurantisme et la violence qui l&rsquo;accompagne ne gagneront pas. Ils ne nous diviseront pas\u00a0\u00bb.<\/strong><\/em><\/p>\n<p><strong>Le Syndicat\u00a0national des enseignements de second degr\u00e9 (SNES-FSU)<\/strong>\u00a0 a appel\u00e9 tout le personnel de l&rsquo;Education Nationale<strong> \u00e0 faire une minute de silence le samedi 17 octobre \u00e0 11h<\/strong> \u00ab\u00a0<em>en m\u00e9moire de notre coll\u00e8gue assassin\u00e9 et en soutien \u00e0 ses coll\u00e8gues, ses \u00e9l\u00e8ves, sa famille, ses proches\u00a0\u00bb.<\/em><\/p>\n<p>Le Ministre de l&rsquo;Education\u00a0Nationale <strong>Jean-Michel Blanquer<\/strong> s&rsquo;est lui aussi exprim\u00e9 sur Twitter, affirmant qu&rsquo;il s&rsquo;adressait aux familles et personnels enseignants en vid\u00e9o\u00a0<em><strong>\u00ab\u00a0pour une r\u00e9action de solidarit\u00e9 absolue et de solidit\u00e9 de toute notre institution\u00a0\u00bb<\/strong>.<\/em><\/p>\n<p><strong><em>Charlie Hebdo<\/em><\/strong> a \u00e9galement partag\u00e9<em>\u00a0<strong>\u00ab\u00a0son sentiment d&rsquo;horreur et de r\u00e9volte\u00a0\u00bb<\/strong><\/em><strong> <\/strong>sur le r\u00e9seau social, assurant que<em> <\/em><em>\u00ab\u00a0l&rsquo;intol\u00e9rance vient de franchir un nouveau seuil et ne semble reculer devant rien pour imposer sa terreur \u00e0 notre pays\u00a0\u00bb<\/em><\/p>\n<div class=\"ccminsert\">\n<blockquote class=\"twitter-tweet\">\n<p dir=\"ltr\" lang=\"fr\">Nous appelons les personnels de l\u00c9ducation nationale \u00e0 faire une minute de silence demain samedi 17 octobre \u00e0 11h, dans les \u00e9tablissements scolaires ouverts, en m\u00e9moire de notre coll\u00e8gue assassin\u00e9 et en soutien \u00e0 ses coll\u00e8gues, ses \u00e9l\u00e8ves, sa famille, ses proches. <a href=\"https:\/\/twitter.com\/hashtag\/JeSuisProf?src=hash&amp;ref_src=twsrc%5Etfw\">#JeSuisProf<\/a><\/p>\n<p>\u2014 SNES-FSU (@SNESFSU) <a href=\"https:\/\/twitter.com\/SNESFSU\/status\/1317184645277097984?ref_src=twsrc%5Etfw\">October 16, 2020<\/a><\/p><\/blockquote>\n<\/div>\n<div class=\"ccminsert\">\n<blockquote class=\"twitter-tweet\">\n<p dir=\"ltr\" lang=\"fr\">Charlie Hebdo fait part de son sentiment dhorreur et de r\u00e9volte apr\u00e8s quun enseignant dans lexercice de son m\u00e9tier a \u00e9t\u00e9 assassin\u00e9 par un fanatique religieux. Nous exprimons notre plus vif soutien \u00e0 sa famille, \u00e0 ses proches ainsi qu\u00e0 tous les enseignants.<\/p>\n<p>\u2014 Charlie Hebdo (@Charlie_Hebdo_) <a href=\"https:\/\/twitter.com\/Charlie_Hebdo_\/status\/1317182881295441921?ref_src=twsrc%5Etfw\">October 16, 2020<\/a><\/p><\/blockquote>\n<\/div>\n<p><strong>Les d\u00e9put\u00e9s de l&rsquo;Assembl\u00e9e Nationale se sont lev\u00e9s<\/strong> dans la soir\u00e9e du 16 octobre \u00ab\u00a0<em>pour saluer la m\u00e9moire<\/em>\u00a0\u00bb du professeur d\u00e9capit\u00e9 et d\u00e9noncer \u00ab\u00a0<em>un abominable attentat<\/em>\u00ab\u00a0.<\/p>\n<p><strong>Un \u00ab\u00a0hommage national\u00a0\u00bb sera\u00a0rendu \u00e0 l&rsquo;enseignant,\u00a0<\/strong>a annonc\u00e9 la pr\u00e9sidence de la R\u00e9publique.\u00a0Cet hommage, dont la date n&rsquo;est pas encore fix\u00e9e, est organis\u00e9 en coordination avec la famille, a pr\u00e9cis\u00e9 l&rsquo;Elys\u00e9e \u00e0 l&rsquo;AFP.\u00a0<\/p>\n<h2>Le gouvernement \u00ab\u00a0<em>se montrera de la plus grande fermet\u00e9\u00a0\u00bb<\/em><\/h2>\n<p><strong>Le premier ministre, Jean Castex s&rsquo;est adress\u00e9 aux syndicats d&rsquo;enseignants.<\/strong> <em>\u00ab\u00a0Ce sont les valeurs les plus fondamentales de la R\u00e9publique qui sont touch\u00e9es\u00a0\u00bb<\/em>, a-t-il lanc\u00e9, lors d&rsquo;une r\u00e9union au minist\u00e8re de l&rsquo;\u00c9ducation nationale, rapporte <em><a href=\"https:\/\/www.francetvinfo.fr\/faits-divers\/terrorisme\/enseignant-decapite-dans-les-yvelines\/enseignant-decapite-ce-sont-les-valeurs-les-plus-fondamentales-de-la-republique-qui-sont-touchees-pour-jean-castex_4145441.html\">France Info<\/a><\/em>, d&rsquo;apr\u00e8s l&rsquo;entourage du Premier ministre.<em>\u00ab\u00a0\u00c9videmment, au-del\u00e0 de la personne de Monsieur P., vous avez tous conscience que ce sont les valeurs les plus fondamentales de la R\u00e9publique qui sont touch\u00e9es\u00a0: apr\u00e8s la libert\u00e9 de la presse, et Charlie Hebdo, la libert\u00e9 d&rsquo;enseigner, bref, la R\u00e9publique\u00a0\u00bb<\/em>, regrette le Premier ministre, qui estime que\u00a0<em>\u00ab\u00a0la la\u00efcit\u00e9, colonne vert\u00e9brale de la R\u00e9publique a \u00e9t\u00e9, \u00e0 travers cet acte ignoble, vis\u00e9e.\u00a0\u00bb<\/em>\u00a0<em>\u00ab\u00a0Ces agissements barbares, me semblent-ils, compte tenu des \u00e9l\u00e9ments dont je dispose, sont des actes qui sont imputables au terrorisme islamique\u00a0\u00bb<\/em>, a indiqu\u00e9 le Premier ministre devant les syndicats. S&rsquo;il n&rsquo;a <em>\u00ab\u00a0pas l&rsquo;intention de ne pas r\u00e9agir\u00a0\u00bb,<\/em> Jean Castex mesure une nouvelle fois<em> \u00ab\u00a0combien c&rsquo;est l&rsquo;\u00c9tat r\u00e9publicain qui, \u00e0 travers cet acte, est interpell\u00e9 et se montrera de la plus grande fermet\u00e9, au-del\u00e0 de la solidarit\u00e9 totale qu&rsquo;il doit \u00e0 la communaut\u00e9 \u00e9ducative.\u00a0\u00bb<\/em><\/p>\n<p>D&rsquo;apr\u00e8s les informations de <a href=\"https:\/\/www.bfmtv.com\/police-justice\/terrorisme\/en-direct-effroi-au-lendemain-de-la-decapitation-d-un-prof-d-histoire-4-personnes-en-garde-a-vue_LN-202010170011.html\">BFMTV<\/a>, <strong>un conseil de d\u00e9fense aura lieu \u00e0 l&rsquo;\u00c9lys\u00e9e d&rsquo;ici dimanche<\/strong>. Il sera consacr\u00e9 au drame de Conflans-Sainte-Honorine et aux cons\u00e9quences \u00e0 en tirer.\u00a0En fin de journ\u00e9e, le palais pr\u00e9sidentiel a \u00e9galement annonc\u00e9 qu&rsquo;<strong>un hommage national\u00a0aura lieu mercredi prochain <\/strong>en l&rsquo;honneur du professeur d&rsquo;histoire-g\u00e9ographie.<\/p>\n<p><strong>Lors d&rsquo;un point presse, ce samedi\u00a017\u00a0octobre,<\/strong> le ministre de l&rsquo;\u00c9ducation\u00a0nationale\u00a0a exprim\u00e9 toute l&rsquo;\u00e9motion et toute la solidarit\u00e9 de l&rsquo;Education Nationale pour la famille, les proches et les coll\u00e8gues du professeur tu\u00e9 hier.<br \/>Au cours de son intervention, Jean-Michel Blanquer a rappel\u00e9 que l&rsquo;\u00e9cole est <em>\u00ab\u00a0la colonne vert\u00e9brale de la R\u00e9publique\u00a0\u00bb.<\/em><br \/>Le ministre a \u00e9galement annonc\u00e9 qu&rsquo;une s\u00e9rie d&rsquo;hommages sera rendue au professeur, d\u00e8s le 2\u00a0novembre, au retour des vacances de la Toussaint. Cette succession comprendra <em>\u00ab\u00a0n\u00e9cessairement une minute de silence\u00a0\u00bb<\/em>, a affirm\u00e9 Jean-Michel Blanquer en ajoutant qu&rsquo;il y aurait un cadrage <em>\u00ab\u00a0strict, puissant et fort\u00a0\u00bb<\/em> pour le travail p\u00e9dagogique et \u00e9ducatif. Le ministre de l&rsquo;\u00c9ducation a \u00e9galement rappel\u00e9 que tous les professeurs qui seraient amen\u00e9s \u00e0 faire un cours sur la libert\u00e9 d&rsquo;expression sont <em>\u00ab\u00a0en droit de montrer les caricatures de Mahomet\u00a0\u00bb.<\/em><\/p>\n<aside id=\"NL_1549420562\" class=\"newsletter_subscription jNlBlock\"><noscript><br \/>\n            <\/noscript><\/p>\n<h3 class=\"newsletter_subscription-title\">Newsletter <\/h3>\n<p><a href=\"\/\/mailing.ccmbg.com\/archive\/last-85\" target=\"_blank\" class=\"a_hover\" rel=\"noopener noreferrer\">Voir un exemple<\/a><\/p>\n<\/aside>\n<p><strong>Lors d&rsquo;une conf\u00e9rence de presse, <\/strong>le procureur de la R\u00e9publique anti-terroriste, Jean-Fran\u00e7ois Ricard, a fait un point sur l&rsquo;assassinat du professeur d&rsquo;histoire-g\u00e9ographie de Conflans-Sainte-Honorine. Il a annonc\u00e9\u00a0qu&rsquo;\u00e0 la suite de\u00a0la\u00a0neutralisation de l&rsquo;assaillant, <em>\u00ab\u00a0un couteau de type poignard, une arme de poing de type airsoft et 5\u00a0cartouches ont \u00e9t\u00e9 saisis\u00a0\u00bb<\/em>, a indiqu\u00e9 le procureur de la R\u00e9publique. L&rsquo;individu b\u00e9n\u00e9ficiait du statut de r\u00e9fugi\u00e9 et \u00e9tait porteur d&rsquo;un titre de\u00a0s\u00e9jour valable dix ans,\u00a0d\u00e9livr\u00e9 le 4\u00a0mars dernier. Jean-Fran\u00e7ois Ricard a \u00e9galement annonc\u00e9 qu&rsquo;un texte de revendication et une photographie de la victime ont \u00e9t\u00e9 retrouv\u00e9s dans le t\u00e9l\u00e9phone de l&rsquo;assaillant, les m\u00eames, qui ont \u00e9t\u00e9 tweet\u00e9s une fois le professeur d\u00e9capit\u00e9<\/p>\n<\/p><\/div>\n<p><script async src=\"http:\/\/platform.twitter.com\/widgets.js\" charset=\"utf-8\"><\/script><br \/>\n<br \/>[ad_2]<br \/>\n<br \/><a href=\"https:\/\/www.journaldesfemmes.fr\/societe\/actu\/2667381-prof-decapite-samuel-paty-conflans-saint-honorine-yvelines-attentat-terroriste\/\">Source link <\/a><\/p>\n","protected":false},"excerpt":{"rendered":"<p>[ad_1] Un enseignant en histoire du coll\u00e8ge de Conflans-Saint-Honorine a \u00e9t\u00e9 d\u00e9capit\u00e9, non loin de son \u00e9tablissement scolaire, le 16\u00a0octobre, &hellip; <a href=\"http:\/\/www.affinite.fr\/index.php\/2020\/10\/17\/ce-que-lon-sait-de-lacte-terroriste\/\" class=\"more-link\">Plus <span class=\"screen-reader-text\">ce que l&rsquo;on sait de l&rsquo;acte terroriste<\/span> <span class=\"meta-nav\">&rarr;<\/span><\/a><\/p>\n","protected":false},"author":1,"featured_media":5389,"comment_status":"open","ping_status":"open","sticky":false,"template":"","format":"standard","meta":{"_sitemap_exclude":false,"_sitemap_priority":"","_sitemap_frequency":"","footnotes":""},"categories":[1],"tags":[],"class_list":["post-5388","post","type-post","status-publish","format-standard","has-post-thumbnail","hentry","category-tous"],"_links":{"self":[{"href":"http:\/\/www.affinite.fr\/index.php\/wp-json\/wp\/v2\/posts\/5388"}],"collection":[{"href":"http:\/\/www.affinite.fr\/index.php\/wp-json\/wp\/v2\/posts"}],"about":[{"href":"http:\/\/www.affinite.fr\/index.php\/wp-json\/wp\/v2\/types\/post"}],"author":[{"embeddable":true,"href":"http:\/\/www.affinite.fr\/index.php\/wp-json\/wp\/v2\/users\/1"}],"replies":[{"embeddable":true,"href":"http:\/\/www.affinite.fr\/index.php\/wp-json\/wp\/v2\/comments?post=5388"}],"version-history":[{"count":0,"href":"http:\/\/www.affinite.fr\/index.php\/wp-json\/wp\/v2\/posts\/5388\/revisions"}],"wp:featuredmedia":[{"embeddable":true,"href":"http:\/\/www.affinite.fr\/index.php\/wp-json\/wp\/v2\/media\/5389"}],"wp:attachment":[{"href":"http:\/\/www.affinite.fr\/index.php\/wp-json\/wp\/v2\/media?parent=5388"}],"wp:term":[{"taxonomy":"category","embeddable":true,"href":"http:\/\/www.affinite.fr\/index.php\/wp-json\/wp\/v2\/categories?post=5388"},{"taxonomy":"post_tag","embeddable":true,"href":"http:\/\/www.affinite.fr\/index.php\/wp-json\/wp\/v2\/tags?post=5388"}],"curies":[{"name":"wp","href":"https:\/\/api.w.org\/{rel}","templated":true}]}}