{"id":5380,"date":"2020-10-16T13:34:26","date_gmt":"2020-10-16T13:34:26","guid":{"rendered":"https:\/\/www.affinite.fr\/index.php\/2020\/10\/16\/clouds-sur-disney-cest-quoi-ce-film-bouleversant-sur-le-defunt-chanteur-zach-sobiech-actus-cine\/"},"modified":"2020-10-16T13:34:26","modified_gmt":"2020-10-16T13:34:26","slug":"clouds-sur-disney-cest-quoi-ce-film-bouleversant-sur-le-defunt-chanteur-zach-sobiech-actus-cine","status":"publish","type":"post","link":"http:\/\/www.affinite.fr\/index.php\/2020\/10\/16\/clouds-sur-disney-cest-quoi-ce-film-bouleversant-sur-le-defunt-chanteur-zach-sobiech-actus-cine\/","title":{"rendered":"Clouds sur Disney+ : c&rsquo;est quoi ce film bouleversant sur le d\u00e9funt chanteur Zach Sobiech ? &#8211; Actus Cin\u00e9"},"content":{"rendered":"<p> [ad_1]<br \/>\n<\/p>\n<div id=\"article-container\">\n<p class=\"article-lead\">Disney+ vient d\u2019ajouter \u00e0 son catalogue Clouds, une cr\u00e9ation originale qui nous raconte l\u2019histoire \u00e9mouvante de Zach Sobiech, une graine de star fauch\u00e9e \u00e0 l\u2019\u00e2ge de 18 ans par un cancer.<\/p>\n<div id=\"article-content\">\n<figure class=\"player player-auto-play js-player\" data-model=\"{&quot;context&quot;:&quot;newspage_news&quot;,&quot;launch&quot;:&quot;auto-play&quot;,&quot;followScroll&quot;:true,&quot;endScreen&quot;:true,&quot;disableAutoPause&quot;:true,&quot;videos&quot;:[{&quot;id&quot;:19590210,&quot;sources&quot;:{&quot;medium&quot;:&quot;\/\/fr.vid.web.acsta.net\/nmedia\/33\/20\/10\/13\/09\/\/19590210_sd_013.mp4&quot;,&quot;high&quot;:&quot;\/\/fr.vid.web.acsta.net\/nmedia\/33\/20\/10\/13\/09\/\/19590210_hd_013.mp4&quot;},&quot;image&quot;:&quot;\/videothumbnails\/20\/10\/13\/09\/41\/1883215.jpg&quot;,&quot;title&quot;:&quot;Clouds Bande-annonce VO&quot;,&quot;trackingIdentifier&quot;:&quot;19590210-clouds_bande_annonce_vo&quot;,&quot;embedUrl&quot;:&quot;ACraHRACr0cHM6Ly9wbGF5ZXIuYWxsb2NpbmUuZnIvMTk1OTAyMTAuaHRtbA==&quot;,&quot;id_type&quot;:31003,&quot;file_type&quot;:&quot;trailer&quot;,&quot;description&quot;:&quot;Clouds Bande-annonce VO&quot;,&quot;duration&quot;:148,&quot;view_count&quot;:44,&quot;added_at&quot;:{&quot;date&quot;:&quot;2020-10-13 09:37:00.000000&quot;,&quot;timezone_type&quot;:3,&quot;timezone&quot;:&quot;Europe\/Paris&quot;},&quot;metas&quot;:{&quot;genre_main_movie&quot;:[{&quot;name&quot;:&quot;Drame&quot;,&quot;id&quot;:&quot;13008&quot;},{&quot;name&quot;:&quot;Musical&quot;,&quot;id&quot;:&quot;13043&quot;}],&quot;id_main_movie&quot;:244825,&quot;image_main_movie&quot;:&quot;\/pictures\/20\/09\/10\/10\/45\/2280684.jpg&quot;,&quot;localized_file_type&quot;:&quot;trailer&quot;,&quot;main_movie_type&quot;:4002,&quot;name_main_movie&quot;:&quot;Clouds&quot;,&quot;trans_file_type&quot;:&quot;Bande-annonce&quot;},&quot;relatedEntityDistributor&quot;:null,&quot;relatedEntityDistributorId&quot;:null,&quot;relatedEntityType&quot;:&quot;movie&quot;,&quot;relatedEntityTrackingIdentifier&quot;:&quot;244825-clouds&quot;,&quot;relatedEntityTitle&quot;:&quot;Clouds&quot;,&quot;relatedEntityId&quot;:244825,&quot;genres&quot;:[{&quot;id&quot;:&quot;13008&quot;,&quot;name&quot;:&quot;Drame&quot;},{&quot;id&quot;:&quot;13043&quot;,&quot;name&quot;:&quot;Musical&quot;}],&quot;relatedEntityUrl&quot;:&quot;ACraHRACr0cHM6Ly93d3cuYWxsb2NpbmUuZnIvZmlsbS9maWNoZWZpbG1fZ2VuX2NmaWxtPTI0NDgyNS5odG1s&quot;,&quot;mediaUrl&quot;:&quot;ACraHRACr0cHM6Ly93d3cuYWxsb2NpbmUuZnIvdmlkZW8vcGxheWVyX2dlbl9jbWVkaWE9MTk1OTAyMTAmY2ZpbG09MjQ0ODI1Lmh0bWw=&quot;}],&quot;disablePreroll&quot;:false,&quot;disablePostroll&quot;:false}\" data-thumb=\"https:\/\/fr.web.img6.acsta.net\/r_640_360\/videothumbnails\/20\/10\/13\/09\/41\/1883215.jpg\">\n<\/figure>\n<p>De quoi \u00e7a parle ?<\/p>\n<p dir=\"ltr\">Zach Sobiech, un adolescent de 17 ans dou\u00e9 pour la musique, est atteint d\u2019un cancer des os (ost\u00e9osarcome). \u00c9l\u00e8ve en terminale, il d\u00e9borde de vie et de projets. Mais lorsqu\u2019il apprend que son cancer est g\u00e9n\u00e9ralis\u00e9, il d\u00e9cide avec sa meilleure amie Sammy &#8211; qui compose avec lui &#8211; de profiter au maximum du peu de temps qu\u2019il lui reste. Gr\u00e2ce \u00e0 leur professeur M. Weaver, Zach et Sammy parviennent \u00e0 signer un contrat avec une maison de disques. Accompagn\u00e9 de sa petite amie Amy et de ses parents Rob et Laura, Zach va vivre d\u2019intenses moments o\u00f9 l\u2019amiti\u00e9 et l\u2019amour se conjuguent au son de la force \u00e9vocatrice de la musique.<\/p>\n<p>Tir\u00e9 d\u2019une histoire<\/p>\n<p dir=\"ltr\">Il y a 7 ans, l\u2019acteur et r\u00e9alisateur <a title=\"Justin Baldoni (U.S.A.) (Acteur,R\u00e9alisateur,Producteur)\" href=\"http:\/\/www.allocine.fr\/personne\/fichepersonne_gen_cpersonne=229209.html\">Justin Baldoni<\/a>\u00a0(Rafael dans Jane The Virgin), se lance dans un projet qui lui tient particuli\u00e8rement \u00e0 coeur : raconter l\u2019histoire d\u2019hommes et de femmes touch\u00e9s par la maladie, et qui essaient de changer le monde, \u00e0 leur mani\u00e8re. En sillonnant le pays pour son documentaire \u00ab\u00a0My Last Days\u00a0\u00bb (Mes derniers jours), il va croiser en 2013 la route de Zach Sobiech. Le lyc\u00e9en est alors atteint d\u2019un cancer des os et a \u00e9mu l\u2019Am\u00e9rique toute enti\u00e8re avec ses balades. <a title=\"Clouds (U.S.A.) - 2020 (Drame,Musical)\" href=\"http:\/\/www.allocine.fr\/film\/fichefilm_gen_cfilm=244825.html\">Clouds<\/a>\u00a0n\u2019est autre que le titre de l\u2019une de ses chansons. Un an apr\u00e8s la mort du jeune homme, sa m\u00e8re publie un <a href=\"http:\/\/www.affinite.fr\/index.php\/2023\/08\/24\/lart-de-la-glace-transforme-en-business-la-vision-unique-de-fabien-gris\/\">livre<\/a>, intitul\u00e9 Fly a Little Higher, dans lequel elle retrace le parcours de son fils et comment il a r\u00e9ussi \u00e0 lever des millions de dollars pour son association. Touch\u00e9 par l\u2019histoire de Zach, Justin Baldoni demandera \u00e0 sa m\u00e8re l\u2019autorisation de porter son histoire sur grand \u00e9cran, aujourd&rsquo;hui visible sur <span class=\"ACraHRACr0cHM6Ly9kaXNuZXlwbHVzLmJuNXgubmV0L3JkTWF2\" rel=\"sponsored\" target=\"_blank\">Disney+<\/span>.\u00a0<\/p>\n<p dir=\"ltr\">Clouds marquera sa deuxi\u00e8me r\u00e9alisation, apr\u00e8s le pl\u00e9biscit\u00e9 <a title=\"A deux m\u00e8tres de toi (U.S.A.) - 2019 (Romance,Drame)\" href=\"http:\/\/www.allocine.fr\/film\/fichefilm_gen_cfilm=263299.html\">\u00c0 deux m\u00e8tres de toi<\/a>\u00a0(sur deux jeunes adultes qui tombent amoureux \u00e0 l\u2019h\u00f4pital). \u00ab\u00a0<i>J\u2019ai fait ce film avec ses parents. Ils ont particip\u00e9 aux castings. Sur le tournage, j\u2019avais toujours \u00e0 c\u00f4t\u00e9 de moi une chaise de r\u00e9alisateur vide. Peu importe o\u00f9 je tournais. Il y avait son nom \u00e9crit dessus, parce qu\u2019il le co-r\u00e9alisait avec moi. C\u2019\u00e9tait son film, son histoire. Il m\u2019a autoris\u00e9 \u00e0 raconter son histoire<\/i>\u00a0\u00bb nous a racont\u00e9, non sans \u00e9motion, le r\u00e9alisateur. \u00a0\u00a0<\/p>\n<p><iframe loading=\"lazy\" class=\"js-frame-lazed\" src=\"http:\/\/www.allocine.fr\/about:blank\" data-url=\"https:\/\/www.youtube.com\/embed\/sDC97j6lfyc\" width=\"480\" height=\"270\"><\/iframe><\/p>\n<p dir=\"ltr\">Baldoni a trouv\u00e9 en <a title=\"Fin Argus (U.S.A.) (Acteur)\" href=\"http:\/\/www.allocine.fr\/personne\/fichepersonne_gen_cpersonne=822016.html\">Fin Argus<\/a>\u00a0l\u2019interpr\u00e8te id\u00e9al pour jouer le h\u00e9ros. Chanteur et auteur-compositeur depuis ses 10 ans, le jeune homme connaissait l\u2019histoire et les musiques de Zach. Il partage l\u2019affiche avec <a title=\"Sabrina Carpenter (U.S.A.) (Acteur)\" href=\"http:\/\/www.allocine.fr\/personne\/fichepersonne_gen_cpersonne=522704.html\">Sabrina Carpenter<\/a>\u00a0(pass\u00e9e par Disney Channel), <a title=\"Madison Iseman (U.S.A.) (Acteur)\" href=\"http:\/\/www.allocine.fr\/personne\/fichepersonne_gen_cpersonne=682297.html\">Madison Iseman<\/a>\u00a0(Jumanji) et <a title=\"Neve Campbell (U.S.A.) (Acteur,Producteur,Coproducteur d\u00e9l\u00e9gu\u00e9)\" href=\"http:\/\/www.allocine.fr\/personne\/fichepersonne_gen_cpersonne=19882.html\">Neve Campbell<\/a>. Le film m\u00e9lange des compositions originales et des chansons compos\u00e9es par Zach et Sammy, dont Clouds. A ce jour sa vid\u00e9o a \u00e9t\u00e9 vue 14 millions de fois et <span class=\"ACraHRACr0cHM6Ly93d3cueW91dHViZS5jb20vd2F0Y2g\/dj03enhYQXRtbUxMYw==\">une vid\u00e9o hommage<\/span> a \u00e9t\u00e9 tourn\u00e9e par diff\u00e9rentes c\u00e9l\u00e9brit\u00e9s.\u00a0<\/p>\n<p dir=\"ltr\">\u00a0<\/p>\n<p dir=\"ltr\"><span>\u00a0<\/span><\/p>\n<div class=\"news-ecrin-affiliation\">\n<div class=\"affiliation-logo\">\n    <a class=\"affiliation-link\" href=\"http:\/\/www.allocine.fr\/disney\/\" data-ga-trigger=\"clic\" data-ga=\"{&quot;hitType&quot;:&quot;event&quot;,&quot;eventCategory&quot;:&quot;op-disneyplus&quot;,&quot;eventAction&quot;:&quot;clic&quot;,&quot;eventLabel&quot;:&quot;svod_homepage_redirecting&quot;,&quot;dimension34&quot;:&quot;18693723-clouds_sur_disney_c_est_quoi_ce_film_bouleversant_sur_le_defunt_chanteur_zach_sobiech&quot;}\"><\/p>\n<figure class=\"affiliation-logo-provider\"><img decoding=\"async\" src=\"data:image\/gif;base64,R0lGODlhAQABAIAAAAAAAAAAACH5BAEAAAAALAAAAAABAAEAAAICRAEAOw==\" data-src=\"https:\/\/fr.web.img5.acsta.net\/f_png\/r_150_75\/commons\/v9\/common\/svod_providers\/square-disney.png\" class=\"logo-provider\" alt=\"disney\"\/><\/figure>\n<p><\/a>\n  <\/div>\n<div class=\"affiliation-text\">\n<p>A d\u00e9couvrir aussi<\/p>\n<p>Les meilleurs films et s\u00e9ries \u00e0 voir sur Disney+<\/p>\n<\/p><\/div>\n<\/div><\/div>\n<\/p><\/div>\n<p>[ad_2]<br \/>\n<br \/><a href=\"http:\/\/rss.allocine.fr\/~r\/ac\/actualites\/~3\/GJ_YlvMtw_g\/fichearticle_gen_carticle=18693723.html\">Source link <\/a><\/p>\n","protected":false},"excerpt":{"rendered":"<p>[ad_1] Disney+ vient d\u2019ajouter \u00e0 son catalogue Clouds, une cr\u00e9ation originale qui nous raconte l\u2019histoire \u00e9mouvante de Zach Sobiech, une &hellip; <a href=\"http:\/\/www.affinite.fr\/index.php\/2020\/10\/16\/clouds-sur-disney-cest-quoi-ce-film-bouleversant-sur-le-defunt-chanteur-zach-sobiech-actus-cine\/\" class=\"more-link\">Plus <span class=\"screen-reader-text\">Clouds sur Disney+ : c&rsquo;est quoi ce film bouleversant sur le d\u00e9funt chanteur Zach Sobiech ? &#8211; Actus Cin\u00e9<\/span> <span class=\"meta-nav\">&rarr;<\/span><\/a><\/p>\n","protected":false},"author":1,"featured_media":5381,"comment_status":"open","ping_status":"open","sticky":false,"template":"","format":"standard","meta":{"_sitemap_exclude":false,"_sitemap_priority":"","_sitemap_frequency":"","footnotes":""},"categories":[1],"tags":[],"class_list":["post-5380","post","type-post","status-publish","format-standard","has-post-thumbnail","hentry","category-tous"],"_links":{"self":[{"href":"http:\/\/www.affinite.fr\/index.php\/wp-json\/wp\/v2\/posts\/5380"}],"collection":[{"href":"http:\/\/www.affinite.fr\/index.php\/wp-json\/wp\/v2\/posts"}],"about":[{"href":"http:\/\/www.affinite.fr\/index.php\/wp-json\/wp\/v2\/types\/post"}],"author":[{"embeddable":true,"href":"http:\/\/www.affinite.fr\/index.php\/wp-json\/wp\/v2\/users\/1"}],"replies":[{"embeddable":true,"href":"http:\/\/www.affinite.fr\/index.php\/wp-json\/wp\/v2\/comments?post=5380"}],"version-history":[{"count":0,"href":"http:\/\/www.affinite.fr\/index.php\/wp-json\/wp\/v2\/posts\/5380\/revisions"}],"wp:featuredmedia":[{"embeddable":true,"href":"http:\/\/www.affinite.fr\/index.php\/wp-json\/wp\/v2\/media\/5381"}],"wp:attachment":[{"href":"http:\/\/www.affinite.fr\/index.php\/wp-json\/wp\/v2\/media?parent=5380"}],"wp:term":[{"taxonomy":"category","embeddable":true,"href":"http:\/\/www.affinite.fr\/index.php\/wp-json\/wp\/v2\/categories?post=5380"},{"taxonomy":"post_tag","embeddable":true,"href":"http:\/\/www.affinite.fr\/index.php\/wp-json\/wp\/v2\/tags?post=5380"}],"curies":[{"name":"wp","href":"https:\/\/api.w.org\/{rel}","templated":true}]}}