{"id":5375,"date":"2020-10-15T17:38:01","date_gmt":"2020-10-15T17:38:01","guid":{"rendered":"https:\/\/www.affinite.fr\/index.php\/2020\/10\/15\/attestation-de-deplacement-pendant-le-couvre-feu-ou-la-trouver-limprimer-la-telecharger\/"},"modified":"2020-10-15T17:38:01","modified_gmt":"2020-10-15T17:38:01","slug":"attestation-de-deplacement-pendant-le-couvre-feu-ou-la-trouver-limprimer-la-telecharger","status":"publish","type":"post","link":"http:\/\/www.affinite.fr\/index.php\/2020\/10\/15\/attestation-de-deplacement-pendant-le-couvre-feu-ou-la-trouver-limprimer-la-telecharger\/","title":{"rendered":"Attestation de d\u00e9placement pendant le couvre-feu\u00a0: o\u00f9 la trouver, l&#039;imprimer, la t\u00e9l\u00e9charger\u00a0?"},"content":{"rendered":"<p> [ad_1]<br \/>\n<\/p>\n<p>Une partie de la France sera d&eacute;sormais contrainte de rester<strong> &agrave; domicile de 21h &agrave; 6h<\/strong>. Pour &quot;<em>freiner la diffusion du virus<\/em>&quot;, <a href=\"https:\/\/www.journaldesfemmes.fr\/people\/emmanuel-macron\/\" title=\"Emmanuel Macron\">Emmanuel Macron<\/a> a annonc&eacute; que<strong>&nbsp;l&#039;&Icirc;le-de-France <\/strong>et&nbsp;huit m&eacute;tropoles (<strong>Lille, Grenoble, Lyon, Aix-Marseille, Montpellier, Rouen, Toulouse et Saint-Etienne<\/strong>) <a href=\"https:\/\/sante.journaldesfemmes.fr\/fiches-maladies\/2605417-coronavirus-france-direct-carte-etat-urgence-sanitaire-villes-couvre-feu-regle-des-6-gouvernement-jean-castex\/\">devraient respecter le <strong>confinement nocturne<\/strong><\/a> &agrave; partir de samedi 17 octobre, &agrave; minuit.&nbsp;Une mesure qui devrait durer quatre semaines, voire six, si l&#039;Assembl&eacute;e nationale l&#039;autorise.&nbsp;En cas de non-respect du couvre-feu, les habitants des villes concern&eacute;es devront payer une <strong>amende de 135 euros<\/strong>, qui pourra aller jusqu&#039;&agrave;<strong> 1500 euro<\/strong>s si r&eacute;cidive.<br \/>\nDans certains cas, les d&eacute;placements durant le couvre-feu pourront &ecirc;tre autoris&eacute;s. Il faudra alors une pr&eacute;senter une <strong>attestation de d&eacute;placement d&eacute;rogatoire<\/strong>, <a href=\"https:\/\/www.journaldesfemmes.fr\/societe\/actu\/2626167-attestation-derogatoire-de-deplacement-sorties-smartphone-numerique-portable-trouver\/\">comme lors du confinement<\/a>.&nbsp;<\/p>\n<h2>O&ugrave; trouver l&#039;attestation de d&eacute;placement d&eacute;rogatoire pendant le couvre-feu ?<\/h2>\n<p>Celle-ci devrait &ecirc;tre <strong>disponible sur le <a href=\"https:\/\/www.gouvernement.fr\/info-coronavirus\">site du gouvernement<\/a> <\/strong>d&egrave;s le 16 octobre.&nbsp;<\/p>\n<p>&quot;<em>L&#039;attestation vaut une heure puisqu&#039;il s&#039;agit de d&eacute;placements qui n&#039;ont pas de lien avec le travail<\/em>&quot;, a pr&eacute;cis&eacute;&nbsp;G&eacute;rald Darmanin durant la conf&eacute;rence de presse.<\/p>\n<p>Il faudra<strong> y indiquer :&nbsp;<\/strong><\/p>\n<ul>\n<li data-insertor-excluded=\"1\">Le nom et le pr&eacute;nom<\/li>\n<li data-insertor-excluded=\"1\">La date et le lieu de naissance<\/li>\n<li data-insertor-excluded=\"1\">L&#039;adresse<\/li>\n<li data-insertor-excluded=\"1\">Le ou les&nbsp;motifs&nbsp;de sortie<\/li>\n<li data-insertor-excluded=\"1\">La date et l&#039;heure de sortie<\/li>\n<\/ul>\n<div class=\"ccminsert\">\n<aside class=\"app_widget_fo app_widget_fo--call\">\n<ul>\n<li>\n                <a href=\"https:\/\/sante.journaldesfemmes.fr\/fiches-maladies\/2661111-rassemblement-covid-19-france-regle-6-personnes-maximum-chez-soi-lieu-prive-public-mariage-enterrement-bar-restaurant\/\" class=\"jGTMWidgetGAEventClick\" data-GTMWidgetGaEventAction=\"clickWidgetCall\" data-GTMWidgetGaEventLabel=\"Rassemblement et Covid\u00a0: la r\u00e8gle des 6\u00a0personnes, lieu priv\u00e9, public\"><\/p>\n<figure>\n<p>                            <img decoding=\"async\" src=\"https:\/\/img-3.journaldesfemmes.fr\/TT-R7BD6_wBC2BAMzSG8cEXxVG8=\/200x132\/smart\/bb2de1d6733f423f854d9987182972c2\/ccmcms-jdf\/19352676.jpg\" alt=\"\"><figcaption>\n<h3>Rassemblement et Covid\u00a0: la r\u00e8gle des 6\u00a0personnes, lieu priv\u00e9, public<\/h3>\n<p>Dans son discours du 14\u00a0octobre, Emmanuel Macron recommande la &quot;r\u00e8gle des 6&quot;, autrement dit de ne pas \u00eatre plus de 6\u00a0personnes lors des rassemblements chez soi et de porter un masque m\u00eame dans la sph\u00e8re priv\u00e9e. Qu&#039;en est-il pour les regroupements dans un lieu public, les mariages, les r\u00e9unions familiales\u00a0? Le point.<\/p>\n<\/figcaption><\/figure>\n<p>                <\/a>\n            <\/li>\n<\/ul>\n<\/aside>\n<\/div>\n<h2>Que faire si vous n&#039;avez pas d&#039;imprimante ?<\/h2>\n<p>La nouvelle attestation sera &eacute;galement <strong>t&eacute;l&eacute;chargeable sur mobile<\/strong> et il sera possible de <strong>la remplir &agrave; la main<\/strong>, &quot;<em>sur papier libre<\/em>&quot;, a pr&eacute;cis&eacute; le ministre de l&#039;Int&eacute;rieur.<\/p>\n<h2>Que faire en cas de d&eacute;placement professionnel pendant le couvre-feu ?<\/h2>\n<p>Pour les d&eacute;placements en lien avec le travail, il faudra cocher la <strong>case &quot;<em>d&eacute;placement professionnel<\/em>&quot; <\/strong>et fournir, en plus, un<strong> justificatif de son employeur<\/strong> et le cas &eacute;ch&eacute;ant, une carte professionnelle (pour les infirmi&egrave;res lib&eacute;rales ou les journalistes par exemple).<\/p>\n<h2>Quels sont les autres motifs de sortie ?<\/h2>\n<p>En plus du motif professionnel, Jean Castex a &eacute;num&eacute;r&eacute; quatre autres cas pour lesquels le couvre-feu pourra &ecirc;tre brav&eacute;.&nbsp;Vous pourrez vous d&eacute;placer pour <strong>aider un proche en situation de d&eacute;pendance<\/strong>, <strong>raison de sant&eacute;, prendre le train ou l&#039;avion <\/strong>ou<strong> sortir votre animal de compagnie<\/strong>.&nbsp;<\/p>\n<p>[ad_2]<br \/>\n<br \/><a href=\"https:\/\/www.journaldesfemmes.fr\/societe\/actu\/2667099-attestation-derogations-deplacement-couvre-feu\/\">Source link <\/a><\/p>\n","protected":false},"excerpt":{"rendered":"<p>[ad_1] Une partie de la France sera d&eacute;sormais contrainte de rester &agrave; domicile de 21h &agrave; 6h. Pour &quot;freiner la &hellip; <a href=\"http:\/\/www.affinite.fr\/index.php\/2020\/10\/15\/attestation-de-deplacement-pendant-le-couvre-feu-ou-la-trouver-limprimer-la-telecharger\/\" class=\"more-link\">Plus <span class=\"screen-reader-text\">Attestation de d\u00e9placement pendant le couvre-feu\u00a0: o\u00f9 la trouver, l&#039;imprimer, la t\u00e9l\u00e9charger\u00a0?<\/span> <span class=\"meta-nav\">&rarr;<\/span><\/a><\/p>\n","protected":false},"author":1,"featured_media":5376,"comment_status":"open","ping_status":"open","sticky":false,"template":"","format":"standard","meta":{"_sitemap_exclude":false,"_sitemap_priority":"","_sitemap_frequency":"","footnotes":""},"categories":[1],"tags":[],"class_list":["post-5375","post","type-post","status-publish","format-standard","has-post-thumbnail","hentry","category-tous"],"_links":{"self":[{"href":"http:\/\/www.affinite.fr\/index.php\/wp-json\/wp\/v2\/posts\/5375"}],"collection":[{"href":"http:\/\/www.affinite.fr\/index.php\/wp-json\/wp\/v2\/posts"}],"about":[{"href":"http:\/\/www.affinite.fr\/index.php\/wp-json\/wp\/v2\/types\/post"}],"author":[{"embeddable":true,"href":"http:\/\/www.affinite.fr\/index.php\/wp-json\/wp\/v2\/users\/1"}],"replies":[{"embeddable":true,"href":"http:\/\/www.affinite.fr\/index.php\/wp-json\/wp\/v2\/comments?post=5375"}],"version-history":[{"count":0,"href":"http:\/\/www.affinite.fr\/index.php\/wp-json\/wp\/v2\/posts\/5375\/revisions"}],"wp:featuredmedia":[{"embeddable":true,"href":"http:\/\/www.affinite.fr\/index.php\/wp-json\/wp\/v2\/media\/5376"}],"wp:attachment":[{"href":"http:\/\/www.affinite.fr\/index.php\/wp-json\/wp\/v2\/media?parent=5375"}],"wp:term":[{"taxonomy":"category","embeddable":true,"href":"http:\/\/www.affinite.fr\/index.php\/wp-json\/wp\/v2\/categories?post=5375"},{"taxonomy":"post_tag","embeddable":true,"href":"http:\/\/www.affinite.fr\/index.php\/wp-json\/wp\/v2\/tags?post=5375"}],"curies":[{"name":"wp","href":"https:\/\/api.w.org\/{rel}","templated":true}]}}