{"id":5358,"date":"2020-10-11T17:34:36","date_gmt":"2020-10-11T17:34:36","guid":{"rendered":"https:\/\/www.affinite.fr\/index.php\/2020\/10\/11\/coronavirus-france-lessonne-renforce-ses-mesures-sanitaires\/"},"modified":"2020-10-11T17:34:36","modified_gmt":"2020-10-11T17:34:36","slug":"coronavirus-france-lessonne-renforce-ses-mesures-sanitaires","status":"publish","type":"post","link":"http:\/\/www.affinite.fr\/index.php\/2020\/10\/11\/coronavirus-france-lessonne-renforce-ses-mesures-sanitaires\/","title":{"rendered":"Coronavirus France\u00a0:\u00a0l&rsquo;Essonne renforce ses mesures\u00a0sanitaires"},"content":{"rendered":"<p> [ad_1]<br \/>\n<\/p>\n<p>\n                CORONAVIRUS EN DIRECT &#8211; Face \u00e0 la mont\u00e9e en puissance du coronavirus en France, qui\u00a0a\u00a0contamin\u00e9 pas loin de 27\u00a0000\u00a0personnes au cours de ces derni\u00e8res 24\u00a0heures, le pr\u00e9fet de l&rsquo;Essonne a d\u00e9cid\u00e9 de reconduire et de renforcer, d\u00e8s lundi, l&rsquo;arr\u00eat\u00e9 pr\u00e9fectoral visant \u00e0 lutter contre la circulation du virus.            <\/p>\n<div>\n<aside class=\"ccmsummary marqueur_module ccmcss_cms_summary ccmcss_cms_summary--right\">\n<p>\u00a0Sommaire<\/p>\n<\/aside>\n<p><strong>[Mise \u00e0 jour du dimanche 11\u00a0octobre \u00e0 14h15]\u00a0<\/strong>Alors que la seconde vague du\u00a0Covid-19\u00a0continue de faire des victimes partout en France, <strong>le nombre de nouveaux cas continue d&rsquo;exploser<\/strong>.\u00a0Samedi, Sant\u00e9 publique France a comptabilis\u00e9 <strong>26\u00a0896\u00a0nouveaux cas positifs en 24\u00a0heures et 54\u00a0nouveaux d\u00e9c\u00e8s<\/strong>, soit <strong>718\u00a0873\u00a0cas confirm\u00e9s et 32\u00a0684\u00a0morts depuis le d\u00e9but de l&rsquo;\u00e9pid\u00e9mie<\/strong>.\u00a0\u00c0 noter \u00e9galement que <strong>694\u00a0nouvelles personnes sont hospitalis\u00e9es et 110\u00a0sont entr\u00e9es en r\u00e9animation<\/strong>.\u00a0Pour continuer de lutter activement contre le virus, le pr\u00e9fet de <strong>l&rsquo;Essonne a d\u00e9cid\u00e9 de reconduire et renforcer d\u00e8s le lundi 12\u00a0octobre, l&rsquo;arr\u00eat\u00e9 pr\u00e9fectoral visant \u00e0 lutter contre la circulation du virus<\/strong>.\u00a0Invit\u00e9 sur BFMTV-RMC vendredi, le pr\u00e9sident du Conseil Scientifique a indiqu\u00e9 \u00e0 Jean-Jacques\u00a0Bourdin\u00a0que <strong>le virus pourrait durer jusqu&rsquo;\u00e0 l&rsquo;\u00e9t\u00e9\u00a02021<\/strong>. En plus de nouvelles restrictions mises en place pour les m\u00e9tropoles de\u00a0<strong>Dijon<\/strong>\u00a0et\u00a0<strong>Grenoble<\/strong>,\u00a0d\u00e9sormais en \u00e9tat d&rsquo;alerte renforc\u00e9e, celles de\u00a0<strong>Lille<\/strong>,\u00a0<strong>Grenoble<\/strong>,\u00a0<strong>Lyon<\/strong> et <strong>Saint-Etienne<\/strong>, sont pass\u00e9es en zone d&rsquo;alerte maximale depuis ce samedi.\u00a0<strong>Toulouse et Montpellier <\/strong>pourraient basculer \u00e9galement en zone d&rsquo;alerte maximale d&rsquo;ici lundi, a pr\u00e9venu le ministre de la Sant\u00e9. La <strong>circulation virale se poursuit \u00e0 un niveau \u00e9lev\u00e9 <\/strong>dans le pays. Le nombre des<strong> nouvelles hospitalisations<\/strong> notamment les admissions en <strong>r\u00e9animation <\/strong>et les <strong>d\u00e9c\u00e8s <\/strong>survenus \u00e0 l&rsquo;h\u00f4pital sont en <strong>augmentation, <\/strong>rapporte Sant\u00e9 publique France dans son dernier\u00a0<a href=\"https:\/\/www.santepubliquefrance.fr\/maladies-et-traumatismes\/maladies-et-infections-respiratoires\/infection-a-coronavirus\/documents\/bulletin-national\/covid-19-point-epidemiologique-du-8-octobre-2020\" target=\"_blank\" rel=\"noopener noreferrer\">point \u00e9pid\u00e9miologique hebdomadaire<\/a>. A date, plus de <strong>700 000 Fran\u00e7ais ont \u00e9t\u00e9 test\u00e9s positifs <\/strong>au coronavirus, 32 684 sont d\u00e9c\u00e9d\u00e9s, et<strong> 74\u00a0d\u00e9partements sont en situation critique<\/strong>.\u00a0Le<strong> <a href=\"https:\/\/sante.journaldesfemmes.fr\/fiches-maladies\/2624681-plan-blanc-ile-de-france-paris-aphp-definition-hopital-covid-lille-mesures\/\" target=\"_blank\" rel=\"noopener noreferrer\">plan blanc est r\u00e9activ\u00e9 dans les h\u00f4pitaux d&rsquo;Ile-de-France<\/a><\/strong> \u00e0 compter du 8 octobre. Des<strong> op\u00e9rations sont \u00e0 nouveau d\u00e9programm\u00e9es <\/strong>face \u00e0 la pression en r\u00e9animation. Nombre de cas, d\u00e9c\u00e8s, <strong>personnes en r\u00e9animation<\/strong>,\u00a0<a href=\"https:\/\/sante.journaldesfemmes.fr\/fiches-maladies\/2636717-cluster-covid-coronavirus-france-universite-mesure-definition-que-veut-dire-carte-ecole-ehpad-combien-personne\/\" target=\"_blank\" rel=\"noopener noreferrer\">clusters<\/a>,\u00a0<a href=\"https:\/\/sante.journaldesfemmes.fr\/fiches-maladies\/2629823-r0-r-effectif-covid-19-coronavirus-taux-de-reproduction-definition-carte-france-region-bretagne-paris-calcul\/\" target=\"_blank\" rel=\"noopener noreferrer\">R0 en France<\/a>&#8230; Chiffres et infos du jour.<\/p>\n<p><u><b>Derni\u00e8res infos en direct :<\/b><\/u><\/p>\n<ul>\n<li><b>L&rsquo;Essonne renforce ses mesures.\u00a0<\/b>Dans un communiqu\u00e9 de presse diffus\u00e9 samedi, le pr\u00e9fet de l&rsquo;Essonne a d\u00e9cid\u00e9 en cons\u00e9quence de reconduire, par nouvel arr\u00eat\u00e9, l&rsquo;obligation du port du masque pour les personnes de plus de onze ans.\u00a0Il ajoute qu&rsquo;\u00e0 compter du 12\u00a0octobre, les commerces alimentaires, les commerces de ventes d&rsquo;aliments et de <a href=\"http:\/\/www.affinite.fr\/index.php\/2022\/11\/20\/gros-glacons-pour-les-cocktails\/\">boissons<\/a> \u00e0 emporter, ainsi que les \u00e9tablissements qui pratiquent la vente de boissons\u00a0alcoolis\u00e9es \u00e0 titre principal\u00a0(bars), ne sont pas autoris\u00e9s \u00e0 ouvrir au public en Essonne de\u00a022h00\u00a0\u00e0\u00a06h00\u00a0du matin.<\/li>\n<li><b>5\u00a0000\u00a0personnes autoris\u00e9es au Grand Prix de moto.\u00a0<\/b>Habituellement fr\u00e9quent\u00e9 par 100\u00a0000\u00a0personnes, chaque ann\u00e9e, le Grand Prix de France de moto du Mans a d\u00fb revoir \u00e0 la baisse son nombre de visiteurs.\u00a0Si la jauge est d\u00e9sormais limit\u00e9e \u00e0 1\u00a0000\u00a0personnes, Claude\u00a0Michy, l&rsquo;organisateur de la course, a re\u00e7u l&rsquo;autorisation d&rsquo;accueillir 5\u00a0000\u00a0curieux.\u00a0Le public pourra s&rsquo;installer dans les tribunes faisant face \u00e0 la ligne de d\u00e9part et d&rsquo;arriv\u00e9e, mais sera tout de m\u00eame priv\u00e9\u00a0des gradins naturels offrant pourtant les plus belles vues sur le circuit Bugatti.\u00a0<\/li>\n<li><b>Un ferry bloqu\u00e9 au large de S\u00e8te.\u00a0<\/b>Un bateau de la compagnie italienne\u00a0GNV\u00a0(Grandi\u00a0Navi\u00a0Veloci), en provenance de Nador, au Maroc, transportant \u00e0 son bord entre 600\u00a0et 800\u00a0personnes, a \u00e9t\u00e9 interdit d&rsquo;accoster au port de S\u00e8te.\u00a0France Bleu H\u00e9rault, qui cite la police locale, indique qu&rsquo;il y aurait un ou plusieurs positifs au nouveau coronavirus dans l&#8217;embarcation.<\/li>\n<li><b>Un manque de 50\u00a0millions d&rsquo;euros pour le budget de l&rsquo;\u00c9glise.\u00a0<\/b>Cons\u00e9quence du confinement, l&rsquo;\u00c9glise va devoir boucher un trou de 50\u00a0millions d&rsquo;euros pour le budget de l&rsquo;ann\u00e9e 2020, rapporte Europe 1.\u00a0Si la somme peut para\u00eetre cons\u00e9quente, c&rsquo;est seulement\u00a010%\u00a0du budget annuel, soit les huit dimanches o\u00f9 les diff\u00e9rents lieux de culte\u00a0n&rsquo;ont pas pu r\u00e9colter d&rsquo;argent.\u00a0\u00ab\u00a0Cela entra\u00eene une fragilit\u00e9 des comptes et une fragilit\u00e9 des finances\u00a0\u00bb, indique\u00a0Vincent\u00a0Neymon, porte-parole de la Conf\u00e9rence des \u00e9v\u00eaques de France, \u00e0 Europe 1.\u00a0\u00a0<\/li>\n<li><b>Un rassemblement \u00e9vang\u00e9lique r\u00e9unit\u00a0700\u00a0personnes dans le Loiret.<\/b>\u00a0L&rsquo;association Vie et Lumi\u00e8re a tenu samedi 10\u00a0\u00e0 Nevoy (Loiret) une assembl\u00e9e g\u00e9n\u00e9rale regroupant 700\u00a0pasteurs. \u00a0L&rsquo;\u00e9v\u00e9nement avait \u00e9t\u00e9 pr\u00e9alablement valid\u00e9 par la sous-pr\u00e9fecture de Montargis\u00a0car\u00a0se d\u00e9roulant sur un terrain priv\u00e9 et\u00a0n&rsquo;\u00e9tant\u00a0pas festif.\u00a0Le maire de la commune lui, a confi\u00e9 \u00e0 France 3\u00a0Centre Val de Loire ne pas comprendre pourquoi ce rassemblement a \u00e9t\u00e9 autoris\u00e9. Pour rappel un rassemblement d&rsquo;\u00e9vang\u00e9listes \u00e0 Mulhouse, en f\u00e9vrier dernier, avait particip\u00e9 \u00e0 la forte propagation du virus en France.<\/li>\n<li><b>A Nantes, des m\u00e9decins positifs continuent d&rsquo;exercer \u00e0 l&rsquo;h\u00f4pital.<\/b>\u00a0Le journal <a href=\"https:\/\/www.ouest-france.fr\/pays-de-la-loire\/nantes-44000\/covid-19-inquietude-autour-de-la-contamination-de-soignants-et-d-agents-au-chu-de-nantes-67ff05cc-0ad4-11eb-b845-e3d574af8914\"><em>Ouest France<\/em><\/a> rapporte qu&rsquo;une dizaine de soignants travaillant au service de r\u00e9animation du CHU de Nantes sont positifs au coronavirus et continuent de travailler. Au micro d&rsquo;<a href=\"https:\/\/www.europe1.fr\/sante\/coronavirus-positifs-des-soignants-du-chu-de-nantes-continuent-de-travailler-3997553\"><em>Europe 1<\/em><\/a>, un responsable syndical a tout de m\u00eame confi\u00e9 que <em>\u00ab\u00a0les agents ont peur\u00a0\u00bb<\/em>. La pratique n&rsquo;est pas ill\u00e9gale car le journal local rappelle que l&rsquo;avis du Haut conseil de la sant\u00e9 publique, en date du 23\u00a0mai 2020, pr\u00e9voit que, dans des circonstances exceptionnelles et afin d&rsquo;assurer la continuit\u00e9 des soins, une proc\u00e9dure d\u00e9rogatoire permettant de maintenir des professionnels positifs au Covid puisse \u00eatre mise en place.<\/li>\n<li><b>Les restaurants de Pierre Sang ferm\u00e9s.<\/b>\u00a0Le coronavirus faisant rage en France, l&rsquo;ancien candidat de Top Chef, sur M6, a d\u00e9cid\u00e9 fermer au public pendant 10\u00a0jours l&rsquo;ensemble de ses restaurants parisiens au d\u00e9tour d&rsquo;une photo publi\u00e9e sur <a href=\"https:\/\/www.instagram.com\/p\/CGEluoUgbKf\/?utm_source=ig_embed\">Instagram<\/a> et s&rsquo;explique\u00a0:<em>\u00ab\u00a0Je refuse de faire prendre des risques \u00e0 mes \u00e9quipes et \u00e0 mes clients.\u00a0\u00bb<\/em><\/li>\n<li><b>40%\u00a0des\u00a0SDF\u00a0seraient infect\u00e9s \u00e0 Paris.\u00a0<\/b>Alors que la propagation du virus n&rsquo;a jamais \u00e9t\u00e9 aussi rapide \u00e0 Paris et dans sa petite couronne, le pr\u00e9sident du Conseil Scientifique Jean-Fran\u00e7ois\u00a0Delfraissy\u00a0a alert\u00e9, vendredi au micro de Jean-Jacques\u00a0Bourdin\u00a0sur BFMTV-RMC, que \u00a0\u00bb le nombre de personnes infect\u00e9es chez les\u00a0SDF\u00a0\u00e0 Paris (&#8230;) est de l&rsquo;ordre de 40%\u00a0\u00ab\u00a0, d&rsquo;apr\u00e8s\u00a0les donn\u00e9es qu&rsquo;il a r\u00e9cup\u00e9r\u00e9es, de la part de grandes associations. Jean-Fran\u00e7ois\u00a0Delfraissy\u00a0a \u00e9galement soulign\u00e9 que pour ces populations tr\u00e8s pr\u00e9caires, \u00a0\u00bb la gravit\u00e9 de la maladie est plus grande \u00a0\u00bb et remarque une diff\u00e9rence de mortalit\u00e9, selon les territoires entre \u00a0\u00bb le sud du\u00a0RER,\u00a0vers Sceaux \u00a0\u00bb ou \u00a0\u00bb le nord du\u00a0RER,\u00a0dans le 93\u00a0\u00ab\u00a0.<\/li>\n<li><b>Le coronavirus reste environ 9\u00a0heures sur la peau<\/b>. Selon une \u00e9tude japonaise, publi\u00e9e dans Clinical Infectious Disease, qui a test\u00e9 la dur\u00e9e de vie du nouveau coronavirus, des particules virales viables ont \u00e9t\u00e9 relev\u00e9es pas loin de 9\u00a0heures apr\u00e8s la contamination. \u00a0\u00bb\u00a0C&rsquo;est beaucoup plus longtemps que le virus de la\u00a0grippe H1N1, un virus influenza du groupe A\u00a0\u00ab\u00a0, note Futura Sciences.<\/li>\n<li><b>Paris-Roubaix annul\u00e9.\u00a0<\/b>L&rsquo;organisation a annonc\u00e9 vendredi que l&rsquo;\u00e9dition 2020\u00a0de Paris-Roubaix \u00e9tait annul\u00e9e en raison de l&rsquo;\u00e9pid\u00e9mie de coronavirus. Consid\u00e9r\u00e9e comme \u00a0\u00bb\u00a0la reine des classiques\u00a0\u00a0\u00bb en cyclisme, la course devait s&rsquo;\u00e9lancer le 25\u00a0octobre. La d\u00e9cision a \u00e9t\u00e9 prise \u00a0\u00bb\u00a0\u00e0 la demande de pr\u00e9fet du Nord et de la r\u00e9gion des Hauts-de-France\u00a0\u00a0\u00bb au lendemain de l&rsquo;annonce du passage de Lille en \u00e9tat d'\u00a0\u00bb\u00a0alerte maximale\u00a0\u00ab\u00a0, a indiqu\u00e9 l&rsquo;organisation. A noter \u00e9galement que la premi\u00e8re \u00e9dition du Paris-Roubaix f\u00e9minin est \u00e9galement annul\u00e9e, mais sera bien disput\u00e9e l&rsquo;ann\u00e9e prochaine, le 11\u00a0avril.<\/li>\n<li><span style=\"display: none;\">\u00a0<\/span><strong>Prolongation des mesures \u00e0 Toulouse.<\/strong> Les mesures prises le 25 septembre \u00e0 Toulouse sont prolong\u00e9es a annonc\u00e9 vendredi le pr\u00e9fet de la r\u00e9gion Occitanie et de la Haute-Garonne Etienne Guyot dans un communiqu\u00e9. Les restaurants devront poursuivre leur\u00a0fermeture au plus tard \u00e0 1h du matin le vendredi et le samedi soir, \u00e0 minuit les autres jours. La vente d&rsquo;alcool\u00a0\u00e0 emporter reste interdite entre 20h\u00a0et 6h\u00a0du matin. Les salles de sport et gymnases sont autoris\u00e9s \u00e0 rester ouverts.<span style=\"display: none;\">\u00a0<\/span>\u00a0<span style=\"display: none;\">\u00a0<\/span><span style=\"display: none;\">\u00a0<\/span><span style=\"display: none;\">\u00a0<\/span><span style=\"display: none;\">\u00a0<\/span><span style=\"display: none;\">\u00a0<\/span><span style=\"display: none;\">\u00a0<\/span><span style=\"display: none;\">\u00a0<\/span><\/li>\n<li><strong>Restrictions assouplies en Gironde (hors m\u00e9tropole). <\/strong>\u00c0 partir du 11\u00a0octobre en Gironde hors m\u00e9tropole, gymnases, salles de sport et stades vont rouvrir, mais sans vestiaires. Les clubs de plein air pourront rouvrir leurs vestiaires dans le respect d&rsquo;un protocole sanitaire bien particulier, annonce la pr\u00e9f\u00e8te de Gironde vendredi apr\u00e8s-midi.\u00a0\u00a0Les rassemblements et f\u00eates de plus de 1000\u00a0personnes restent interdits.<\/li>\n<\/ul>\n<p>Le ministre de la Sant\u00e9, Olivier V\u00e9ran, annonce le 8 octobre le passage en <strong>zone d&rsquo;alerte maximale <\/strong>de quatre nouvelles m\u00e9tropoles\u00a0<strong>Lille, Grenoble, Lyon, Saint-Etienne<\/strong>\u00a0<strong>\u00e0 compter de samedi 10\u00a0octobre.<\/strong>\u00a0De plus, les villes de<strong> Clermont-Ferrand<\/strong> et <strong>Dijon <\/strong>passent en zone d&rsquo;alerte renforc\u00e9e. De plus, <strong>Toulouse et Montpellier pourraient passer en zone d&rsquo;alerte maximale d&rsquo;ici lundi 12 octobre.<\/strong>\u00a0\u00ab\u00a0<em>Nous nous donnons quelques jours d&rsquo;observation\u00a0\u00bb<\/em> a indiqu\u00e9 Olivier V\u00e9ran lors de sa conf\u00e9rence de presse.\u00a0En Ile-de-France, 40% des patients en r\u00e9animation sont atteints du Covid-19.<\/p>\n<p><strong>\u25baEn zone d&rsquo;alerte maximale :\u00a0\u00a0<a id=\"nouvelles-mesures-paris-covid-coronavirus\" name=\"nouvelles-mesures-paris-covid-coronavirus\">Paris,\u00a0\u00a0<\/a>Hauts-de-Seine (92), Seine-Saint-Denis (93) et\u00a0Val-de-Marne (94)\u00a0du 6 au 19 octobre<u>,<\/u> Guadeloupe,\u00a0Aix-Marseille ainsi que<\/strong> <strong>Lille, Grenoble, Lyon et\u00a0Saint-Etienne, \u00e0 partir du 10\u00a0octobre :<\/strong><\/p>\n<ul>\n<li>Interdiction des rassemblements de plus de 1 000 personnes et\u00a0des rassemblements de plus de 10\u00a0personnes sur la voie publique. Cette derni\u00e8re mesure ne s&rsquo;applique pas dans les entreprises, les commerces, les manifestations, les files d&rsquo;attente dans la rue, les enterrements, les march\u00e9s, les visites guid\u00e9es et les distributions d&rsquo;aide alimentaire.\u00a0<\/li>\n<li>Interdiction\u00a0de consommer de l&rsquo;alcool\u00a0ainsi que\u00a0la vente \u00e0 emporter d&rsquo;alcool\u00a0\u00e0 partir de 22\u00a0heures<\/li>\n<\/ul>\n<ul>\n<li><strong>Fermeture de tous les bars et caf\u00e9s<\/strong>\u00a0(les restaurants peuvent\u00a0rester ouverts sous r\u00e9serve du respect du\u00a0<a href=\"https:\/\/sante.journaldesfemmes.fr\/maladies\/2664459-protocole-sanitaire-restaurant-nouveau-renforce-alerte-maximale-strict-paris-lyon-grenoble-saint-etienne-lille-cahier-rappel\/\" target=\"_blank\" rel=\"noopener noreferrer\">nouveau protocole<\/a> sanitaire renforc\u00e9, qui sera publi\u00e9 dans la journ\u00e9e)<\/li>\n<li>Interdiction des soir\u00e9es \u00e9tudiantes et des \u00e9v\u00e9nements festifs et f\u00eates locales organis\u00e9s dans les ERP (\u00e9tablissements recevant du public). Les mariages organis\u00e9s dans un lieu recevant du public ne sont donc pas autoris\u00e9s.\u00a0<\/li>\n<li>Fermeture des clubs de danse et salles de jeux.<\/li>\n<li>Fermeture des foires et salons, parcs exposition et interdiction des \u00e9v\u00e9nements organis\u00e9s dans des chapiteaux, tentes et structures (congr\u00e8s, salons professionnels, cirques&#8230;)<\/li>\n<li>Fermeture des gymnases, salles polyvalentes et piscines\u00a0\u00e0 tous types d&rsquo;activit\u00e9s, sauf pour les mineurs dans un cadre scolaire, associatif ou priv\u00e9.<\/li>\n<li>Fermeture des clubs de sports et clubs de fitness. Les stades et \u00e9quipements \u00e0 l&rsquo;ext\u00e9rieur restent ouverts tant que la jauge du public soit inf\u00e9rieure \u00e0 1 000 personnes.\u00a0<\/li>\n<li>Les centres commerciaux pourront accueillir <strong>moins d&rsquo;un client pour 4m\u00b2<\/strong>.<\/li>\n<li><strong>Dans les <a href=\"https:\/\/sante.journaldesfemmes.fr\/fiches-maladies\/2633397-coronavirus-personnes-agees-fragile-vulnerable-age-sortie-visite-nouvelle-mesure-ehpad-paris\/\" target=\"_blank\" rel=\"noopener noreferrer\">Ehpad<\/a><\/strong>, les visites sont autoris\u00e9es <strong>uniquement<\/strong>\u00a0<strong>sur rendez-vous<\/strong> avec <strong>deux personnes maximum<\/strong>\u00a0et si possible dans un espace d\u00e9di\u00e9 \u00e0 ces visites (pas dans les chambres des r\u00e9sidents ou les salles communes par exemple). Les visiteurs qui ne respectent pas les mesures barri\u00e8res auront une suspension de droit de visite. Les sorties collectives sont suspendues et les visites individuelles (dans les familles par exemple) doivent \u00eatre limit\u00e9es. Les \u00e9tablissements qui ont des accueils de jour dont l&rsquo;entr\u00e9e n&rsquo;est pas diff\u00e9renci\u00e9e de l&rsquo;entr\u00e9e principale devront fermer cet accueil tant qu&rsquo;il n&rsquo;y a pas de nouveau protocole s\u00e9curis\u00e9. Des tests antig\u00e9niques seront effectu\u00e9s \u00e0 titre d&rsquo;essai dans 80 Ehpad d&rsquo;Ile-de-France.\u00a0<\/li>\n<li><strong>Dans les universit\u00e9s,<\/strong> mise en place d&rsquo;une<strong> jauge de capacit\u00e9 d&rsquo;accueil maximum de 50%<\/strong> dans les amphith\u00e9\u00e2tres, salles de cours et r\u00e9fectoires.\u00a0<\/li>\n<li>Les th\u00e9\u00e2tres, cin\u00e9mas et mus\u00e9es sont toujours ouverts en continuant \u00e0 appliquer les mesures sanitaires d\u00e9j\u00e0 en vigueur.<\/li>\n<\/ul>\n<p><strong>\u25ba En zone d&rsquo;alerte renforc\u00e9e \u00e0\u00a0Montpellier, Bordeaux, Rennes, Rouen, Toulouse, Nice,\u00a0Dijon et Clermont-Ferrand (\u00e0 partir du 10 octobre)\u00a0:\u00a0<\/strong><\/p>\n<ul>\n<li>Rassemblements limit\u00e9s \u00e0 1000 personnes (simultan\u00e9ment)<\/li>\n<li>Interdiction des grands \u00e9v\u00e9nements d\u00e9clar\u00e9s comme les f\u00eates locales ou les f\u00eates \u00e9tudiantes<\/li>\n<li>Interdiction des rassemblements de plus de 10 personnes dans l&rsquo;espace public (plages, parcs, jardins, digues, for\u00eats, espaces fluviaux, brocantes, vide-greniers, c\u00e9r\u00e9monies&#8230;).\u00a0Sont exclues les manifestations revendicatives d\u00e9clar\u00e9es et les c\u00e9r\u00e9monies fun\u00e9raires, les transports en commun et les march\u00e9s alimentaires.<\/li>\n<li>Fermeture anticip\u00e9e des d\u00e9bits de boissons (<strong>bars et bistrots ayant uniquement une licence IV<\/strong>)<strong> \u00e0 22 heures <\/strong>(voire plus t\u00f4t si le Pr\u00e9fet le d\u00e9cide). Cette mesure ne concerne pas les restaurants ayant une licence de grande restauration qui peuvent\u00a0rester ouverts, \u00e0 condition de respecter un <a href=\"https:\/\/sante.journaldesfemmes.fr\/maladies\/2664459-protocole-sanitaire-restaurant-nouveau-renforce-alerte-maximale-strict-paris-lyon-grenoble-saint-etienne-lille-cahier-rappel\/\" target=\"_blank\" rel=\"noopener noreferrer\">protocole sanitaire strict<\/a>.<\/li>\n<li>Fermeture des \u00e9tablissements sportifs (sauf activit\u00e9s des groupes scolaires, parascolaires ou de mineurs, sportifs professionnels et de haut niveau, formations continues, et activit\u00e9s de plein air).\u00a0Les vestiaires collectifs sont ferm\u00e9s.<\/li>\n<li>Fermeture des salles polyvalentes d\u00e9di\u00e9es aux activit\u00e9s festives et associatives.<\/li>\n<li>Interdiction de la\u00a0 vente d&rsquo;alcool \u00e0 emporter et consommation d&rsquo;alcool sur la voie publique entre 20h et 6h (dans certaines villes comme Paris, Lille ou Toulouse par exemple) depuis le 28 septembre.<\/li>\n<li>Interdiction de la diffusion de musique sur la voie publique ou audible depuis la voie publique de 22h \u00e0 6h (le d\u00e9cret a \u00e9t\u00e9 pris \u00e0 Paris et sa petite couronne, Lille, Toulouse&#8230;) depuis le 28 septembre.<\/li>\n<li>Interdiction d&rsquo;organiser ou de participer \u00e0 un \u00e9v\u00e9nement \u00e0 caract\u00e8re festif ou r\u00e9cr\u00e9atif dans un \u00e9tablissement recevant du public. Particuli\u00e8rement, les f\u00eates de mariage (hors c\u00e9r\u00e9monie civile ou religieuse), les soir\u00e9es \u00e9tudiantes, les \u00e9v\u00e9nements festifs organis\u00e9s dans des lieux sp\u00e9cialement lou\u00e9s pour l&rsquo;occasion.<\/li>\n<\/ul>\n<p><strong>\u25ba Dans les 74\u00a0d\u00e9partements en \u00ab\u00a0zones alerte\u00a0\u00bb :<\/strong><\/p>\n<ul>\n<li>Rassemblements limit\u00e9s \u00e0 30 personnes dans l&rsquo;espace public (f\u00eates, mariages, tombola, \u00e9v\u00e8nements associatifs, communion, anniversaires). Les salles des f\u00eates et polyvalentes doivent d\u00e9sormais\u00a0respecter cette jauge de 30 personnes.\u00a0<\/li>\n<li>Autorisation des repr\u00e9sentations th\u00e9\u00e2trales, les concerts et tous les rassemblements culturels et artistiques, dans la limite de 1000\u00a0personnes, avec des places assises exclusivement, un espacement entre les tribus et le port du masque.<\/li>\n<li>Distance d&rsquo;un si\u00e8ge entre 2\u00a0personnes ou groupes de moins de 10\u00a0personnes dans les \u00e9tablissements sportifs et culturels.<\/li>\n<\/ul>\n<p>Par ailleurs, dans ces m\u00e9tropoles, le ministre a indiqu\u00e9 que le t\u00e9l\u00e9travail devait \u00eatre favoris\u00e9 autant que possible, en particulier pour les publics vuln\u00e9rables. Il faut \u00e9galement limiter les rassemblements priv\u00e9s, <em>\u00ab\u00a0tous les contacts sociaux sans masque doivent \u00eatre \u00e9vit\u00e9s au maximum\u00a0\u00bb<\/em> a expliqu\u00e9 Olivier V\u00e9ran. Les contrevenants seront verbalis\u00e9s et les \u00e9tablissements recevant du public en infraction avec les r\u00e8gles sanitaires feront syst\u00e9matiquement l&rsquo;objet de proc\u00e9dures administrative pouvant aller jusqu&rsquo;\u00e0 une fermeture.<\/p>\n<div class=\"ccminsert\">\n<aside class=\"app_widget_fo app_widget_fo--call\">\n<ul>\n<li>\n                <a href=\"https:\/\/sante.journaldesfemmes.fr\/fiches-maladies\/2634451-salle-de-sport-covid-fermeture-reouverture-paris-lyon-bordeaux-montpellier-rouen-marseille-lettre-resiliation\/\" class=\"jGTMWidgetGAEventClick\" data-gtmwidgetgaeventaction=\"clickWidgetCall\" data-gtmwidgetgaeventlabel=\"Sport et Covid-19\u00a0: salles de sport ferm\u00e9es, dans quelles villes, r\u00e9ouverture\u00a0?\"><\/p>\n<figure><picture><source media=\"(max-width: 480px)\" srcset=\"https:\/\/img-3.journaldesfemmes.fr\/O3RT6knvEJ7YC8NAKmLG8hqygoI=\/160x105\/smart\/fcd4d38f47fb4e77a5b4bbdd491f0c69\/ccmcms-jdf\/19203286.jpg\"><img decoding=\"async\" src=\"https:\/\/img-3.journaldesfemmes.fr\/P-c_nHnIHQRkbhMA_KAtHpXLH8Q=\/200x132\/smart\/fcd4d38f47fb4e77a5b4bbdd491f0c69\/ccmcms-jdf\/19203286.jpg\" alt=\"\"\/><\/source><\/picture><figcaption>\n<h3>Sport et Covid-19\u00a0: salles de sport ferm\u00e9es, dans quelles villes, r\u00e9ouverture\u00a0?<\/h3>\n<p>Dans les villes en alerte maximale (Paris, petite couronne, Lille, Lyon, Saint-Etienne, Grenoble, Aix-Marseille), les salles de sport, les gymnases, les clubs de fitness et les salles de danse sont ferm\u00e9s pour une dur\u00e9e de 15\u00a0jours minimum. Les piscines sont \u00e9galement ferm\u00e9es sauf pour les mineurs. Quand esp\u00e9rer une r\u00e9ouverture\u00a0?<\/p>\n<\/figcaption><\/figure>\n<p><\/a>\n            <\/li>\n<\/ul>\n<\/aside>\n<\/div>\n<p>Le minist\u00e8re de la Sant\u00e9 a publi\u00e9 les nouvelles cartes des diff\u00e9rents niveaux d&rsquo;alerte en France <strong>en vigueur le 6 octobre. Ces cartes ont \u00e9t\u00e9 mises \u00e0 jour le 10 octobre suite au passage de nouvelles villes en zone d&rsquo;alerte maximale (Lille, Lyon, Saint-Etienne et Grenoble).\u00a0<\/strong>La d\u00e9cision de r\u00e9partition des territoires entre les diff\u00e9rents niveaux d&rsquo;alerte s&rsquo;appuie sur l&rsquo;appr\u00e9ciation du profil \u00e9pid\u00e9miologique de chaque territoire suite \u00e0 l&rsquo;analyse de 3\u00a0indicateurs produits par Sant\u00e9 publique France\u00a0:<\/p>\n<ul>\n<li>\u00a0<strong>Le taux d&rsquo;incidence\u00a0:<\/strong>\u00a0le nombre de nouveaux cas pour 100\u00a0000\u00a0habitants sur 7\u00a0jours glissants.<\/li>\n<li>\u00a0<strong>Le taux d&rsquo;incidence chez les personnes \u00e2g\u00e9es\u00a0:<\/strong>\u00a0le nombre de cas pour 100\u00a0000\u00a0habitants chez les plus de 65\u00a0ans, sur 7\u00a0jours glissants.<\/li>\n<li>\u00a0<strong>La part des patients COVID dans les r\u00e9animations\u00a0:<\/strong>\u00a0le nombre de patients COVID+ sur le nombre total de lits occup\u00e9s en r\u00e9animation.<\/li>\n<\/ul>\n<div style=\"text-align:center\">\n<figure class=\"image\" style=\"display:inline-block\"><a class=\"fancy\" href=\"https:\/\/img-3.journaldesfemmes.fr\/UvVouodP7js5savxOIedfImDewM=\/1080x\/smart\/320f1ff5205f48e582b02b7045e51251\/ccmcms-jdf\/19236715.png\"><img decoding=\"async\" alt=\"Zones alerte en France\" src=\"https:\/\/img-3.journaldesfemmes.fr\/i6_QwGwZcThFK2wGuYd_Nsahk3U=\/450x\/smart\/320f1ff5205f48e582b02b7045e51251\/ccmcms-jdf\/19236715.png\"\/><\/a><figcaption data-credit=\"Minist\u00e8re de la Sant\u00e9\" data-legend=\"Carte des zones d'alerte en France au 10 octobre 2020\">Carte des zones d&rsquo;alerte en France au 10 octobre 2020 <small>\u00a9\u00a0Minist\u00e8re de la Sant\u00e9<\/small><\/figcaption><\/figure>\n<\/div>\n<p><strong>\u2192 vert<\/strong> (gris sur la carte ci-dessus) :\u00a029 d\u00e9partements<\/p>\n<p><strong>\u2192 <\/strong><strong>rose : <\/strong>zone en \u00ab\u00a0alerte\u00a0\u00bb car plus de 50 nouveaux cas de Covid-19 pour 100 000 habitants, 74 d\u00e9partements.<\/p>\n<div style=\"text-align:center\">\n<figure class=\"image\" style=\"display:inline-block\"><a class=\"fancy\" href=\"https:\/\/img-3.journaldesfemmes.fr\/R3g9yXrBMjcCckpAOoI3Z04XLBA=\/1080x\/smart\/30b74bea2d52494db373428990b30612\/ccmcms-jdf\/19236957.jpg\"><img decoding=\"async\" alt=\"Carte des zones en alerte (couleur rose) en France au 6 octobre 2020\" src=\"https:\/\/img-3.journaldesfemmes.fr\/F-Cp8lqjsEnc9hU5wGqUi1hg9xw=\/450x\/smart\/157956f9649448808eb15817c00d21ea\/ccmcms-jdf\/19236966.jpg\"\/><\/a><figcaption data-credit=\"Minist\u00e8re de la Sant\u00e9\" data-legend=\"Carte des zones en alerte (couleur rose) en France au 10 octobre 2020\">Carte des zones en alerte (couleur rose) en France au 10 octobre 2020 <small>\u00a9\u00a0Minist\u00e8re de la Sant\u00e9<\/small><\/figcaption><\/figure>\n<\/div>\n<p><strong>\u2192 rouge<\/strong>\u00a0: zone\u00a0en \u00ab\u00a0alerte renforc\u00e9e\u00a0\u00bb car plus de 150<strong>\u00a0<\/strong>nouveaux cas de Covid-19\u00a0pour 100\u00a0000\u00a0habitants et plus de 50 nouveaux chez des personnes de plus de 65 ans. Ce sont les villes de Bordeaux, Lyon, Nice, Lille, Toulouse,\u00a0Saint-Etienne, Rennes, Rouen, Grenoble, Montpellier, Paris, et sa petite couronne (Hauts-de-Seine\u00a0Seine-Saint-Denis\u00a0Val-De-Marne).<\/p>\n<div style=\"text-align:center\">\n<figure class=\"image\" style=\"display:inline-block\"><a class=\"fancy\" href=\"https:\/\/img-3.journaldesfemmes.fr\/nK6DZchnOtRoTHkI8RTTVyQ5H28=\/1080x\/smart\/9e4f0adeced348559f728841ad45a2eb\/ccmcms-jdf\/19236888.jpg\"><img decoding=\"async\" alt=\"Carte des zones d'alerte renforc\u00e9e (couleur rouge) au 6 octobre 2020\" src=\"https:\/\/img-3.journaldesfemmes.fr\/Mwa0RPKvIIMSHfOdOuQOiJ-l2Os=\/450x\/smart\/353639e54fb040759f7186b06db15d91\/ccmcms-jdf\/19236897.jpg\"\/><\/a><figcaption data-credit=\"Minist\u00e8re de la Sant\u00e9\" data-legend=\"Carte des zones d'alerte renforc\u00e9e (couleur rouge) au 10 octobre 2020\">Carte des zones d&rsquo;alerte renforc\u00e9e (couleur rouge) au 10 octobre 2020 <small>\u00a9\u00a0Minist\u00e8re de la Sant\u00e9<\/small><\/figcaption><\/figure>\n<\/div>\n<p><strong>\u2192 rouge \u00e9carlate<\/strong>\u00a0: zone en \u00ab\u00a0alerte maximale\u00a0\u00bb car plus de 250<strong>\u00a0<\/strong>nouveaux cas de Covid-19\u00a0pour 100\u00a0000\u00a0habitants,\u00a0plus de 100\u00a0nouveaux chez des personnes de plus de 65\u00a0ans et 30% de patients Covid+ en r\u00e9animation. Ce sont \u00e0 date Paris et sa petite couronne (Hauts-de-Seine, Seine-Saint-Denis et Val-de-Marne), la m\u00e9tropole d&rsquo; Aix-Marseille et la\u00a0Guadeloupe.<\/p>\n<div style=\"text-align:center\">\n<figure class=\"image\" style=\"display:inline-block\"><img decoding=\"async\" alt=\"Carte des zones en alerte renforc\u00e9e (couleur noire) au 6 octobre 2020 \" src=\"https:\/\/img-3.journaldesfemmes.fr\/304ItuOwsdgrma9DwXm2lXYDjDA=\/450x\/smart\/a71293eee58d4cb0bc70802636a253c8\/ccmcms-jdf\/19236929.jpg\"\/><figcaption data-credit=\"Minist\u00e8re de la Sant\u00e9\" data-legend=\"Carte des zones en alerte renforc\u00e9e (couleur noire) au 10 octobre 2020 \">Carte des zones en alerte renforc\u00e9e (couleur noire) au 10 octobre 2020 <small>\u00a9\u00a0Minist\u00e8re de la Sant\u00e9<\/small><\/figcaption><\/figure>\n<\/div>\n<p><strong>\u2192 noir<\/strong> : zone en<strong>\u00a0<\/strong>\u00e9tat d&rsquo;urgence sanitaire car plus de 250<strong>\u00a0<\/strong>nouveaux cas de Covid-19\u00a0pour 100\u00a0000\u00a0habitants,\u00a0plus de 100\u00a0nouveaux chez des personnes de plus de 65\u00a0ans et 60% de patients Covid+ en r\u00e9animation. Aucun d\u00e9partement n&rsquo;est en noir pour le moment.<\/p>\n<blockquote>\n<p>Pendant la premi\u00e8re vague, 10\u00a0malades en contaminaient 30, contre 13 aujourd&rsquo;hui.\u00a0Tous les 3\u00a0jours environ, le nombre de malades doublaient, contre tous les 15 jours d\u00e9sormais.<\/p>\n<\/blockquote>\n<p>En France m\u00e9tropolitaine, la circulation virale se poursuit \u00e0 un niveau \u00e9lev\u00e9. Les\u00a0<strong>nouvelles hospitalisations<\/strong>\u00a0et\u00a0les nouvelles admissions en r\u00e9animation poursuivent\u00a0leur\u00a0hausse. Le<strong>\u00a0nombre de d\u00e9c\u00e8s<\/strong>\u00a0li\u00e9s au COVID-19\u00a0est \u00e9galement<strong>\u00a0en augmentation<\/strong>, notamment dans les \u00e9tablissements de sant\u00e9. Le\u00a0<strong>nombre\u00a0de clusters se maintient \u00e0 des niveaux \u00e9lev\u00e9s<\/strong>\u00a0mais reste\u00a0tr\u00e8s certainement\u00a0sous-estim\u00e9.\u00a0 L&rsquo;augmentation du nombre de nouveaux cas confirm\u00e9s de COVID-19\u00a0se poursuit\u00a0:\u00a0<strong>chez les personnes de 75\u00a0ans et plus, le nombre de cas a \u00e9t\u00e9 multipli\u00e9 par quatre\u00a0<\/strong>depuis la mi-ao\u00fbt. Selon les derniers chiffres publi\u00e9s par le <a href=\"https:\/\/www.santepubliquefrance.fr\/dossiers\/coronavirus-covid-19\/coronavirus-chiffres-cles-et-evolution-de-la-covid-19-en-france-et-dans-le-monde\" target=\"_blank\" rel=\"noopener noreferrer\">gouvernement<\/a> au 10\u00a0octobre :\u00a0<\/p>\n<p>\u2022 718 873 personnes ont \u00e9t\u00e9 contamin\u00e9es par le coronavirus (+ 26 896 en 24 heures)<\/p>\n<p>\u2022\u00a032 684 personnes sont d\u00e9c\u00e9d\u00e9es en France (+54\u00a0en 24 heures)<\/p>\n<p>\u2022 928 personnes Covid-19 sont en r\u00e9animation\u00a0<\/p>\n<p>\u2022 17 862\u00a0personnes Covid-19 sont hospitalis\u00e9es<\/p>\n<p><strong>O\u00f9 en est-on par rapport \u00e0 la premi\u00e8re vague du mois de mars ?\u00a0\u00ab\u00a0On a vu que le coronavirus\u00a0pouvait circuler tr\u00e8s vite, <\/strong>a rappel\u00e9 Olivier V\u00e9ran lors de sa conf\u00e9rence de presse du 1er octobre. <em>Pendant la premi\u00e8re vague, 10\u00a0malades en contaminaient 30, qui la semaine d&rsquo;apr\u00e8s en contaminaient 90&#8230;\u00a0Tous les 3\u00a0jours environ, le nombre de malades doublaient. L&rsquo;\u00e9pid\u00e9mie allait tr\u00e8s vite. Aujourd&rsquo;hui les choses ont chang\u00e9, nous avons appris collectivement \u00e0 lutter contre le coronavirus. Le nombre de malades double tous les 15 jours. 10 malades en contaminent 13.\u00a0\u00bb <\/em>Au niveau national, les nouvelles hospitalisations, les admissions en r\u00e9animation pour COVID-19\u00a0et les nombres de d\u00e9c\u00e8s restent \u00e0 des niveaux mod\u00e9r\u00e9s en comparaison \u00e0 la situation observ\u00e9e en mars-avril 2020, mais la poursuite de la circulation du virus chez les personnes les plus \u00e2g\u00e9es, fait craindre la poursuite des hospitalisations et des<strong> d\u00e9c\u00e8s dans les semaines \u00e0 venir.<\/strong><\/p>\n<blockquote>\n<p style=\"text-align: right;\">\u00a0Les personnes \u00e2g\u00e9es de 15\u00a0\u00e0 44\u00a0ans restent les plus touch\u00e9s par le SARS-CoV-2<\/p>\n<\/blockquote>\n<blockquote>\n<p style=\"text-align: right;\">\u00a0<\/p>\n<\/blockquote>\n<p>Le nombre de nouvelles contaminations au nouveau coronavirus augmente fortement en France. Au 10\u00a0octobre, Sant\u00e9\u00a0publique<b>\u00a0<\/b>France rapporte un total de<strong>\u00a0718 873 cas\u00a0confirm\u00e9s<\/strong>\u00a0de coronavirus depuis le d\u00e9but de la pand\u00e9mie.<strong>\u00a0Sur ces derni\u00e8res 24\u00a0heures, ce sont 26<\/strong>\u00a0<strong>896 personnes\u00a0suppl\u00e9mentaires<\/strong> qui ont \u00e9t\u00e9\u00a0infect\u00e9es.\u00a0En prenant en consid\u00e9ration le nombre de cas entre la semaine 29 (mi-juillet) et la semaine 40 (du 28 septembre au 4 octobre), le nombre de cas double dans un temps\u00a0estim\u00e9 \u00e0 18,6\u00a0jours. Le taux de positivit\u00e9 \u00e9tait de 9,1% en semaine 40 en France m\u00e9tropolitaine, en augmentation par rapport \u00e0 la semaine 39\u00a0(7,7%).\u00a0Le taux d&rsquo;incidence\u00a0a \u00e9galement augment\u00e9 en semaine 40 avec 116,1\u00a0cas \/100\u00a0000\u00a0habitants (contre 107,6\u00a0cas \/100\u00a0000\u00a0en semaine 39, +8%), indique <a href=\"https:\/\/www.santepubliquefrance.fr\/maladies-et-traumatismes\/maladies-et-infections-respiratoires\/infection-a-coronavirus\/documents\/bulletin-national\/covid-19-point-epidemiologique-du-8-octobre-2020\" target=\"_blank\" rel=\"noopener noreferrer\">Sant\u00e9 publique France dans son point \u00e9pid\u00e9miologique hebdomadaire<\/a>, le 8 octobre. Le taux d&rsquo;incidence a lui aussi augment\u00e9 par rapport \u00e0 la semaine 39, et dans toutes les classes d&rsquo;\u00e2ges. Les personnes \u00e2g\u00e9es de<strong> 65-74\u00a0ans sont les plus fortement touch\u00e9es<\/strong> (+15%) suivi par les 45-64\u00a0ans (+14%), les 75\u00a0ans et plus (+14%) puis chez les 15-44\u00a0ans (+5%) et les 0-14\u00a0ans (4%). L&rsquo;<strong>augmentation de cas chez les personnes \u00e2g\u00e9es est inqui\u00e9tante<\/strong>\u00a0car ces personnes sont parmi les plus \u00e0 risque de complication de COVID-19. Le\u00a0<strong>pic \u00e9pid\u00e9mique<\/strong>\u00a0de la premi\u00e8re vague a \u00e9t\u00e9 observ\u00e9 la\u00a0<strong>semaine du 23\u00a0au 29\u00a0mars<\/strong>, soit une semaine apr\u00e8s la mise en \u0153uvre des mesures de confinement de la population g\u00e9n\u00e9rale, le 17\u00a0mars 2020. Depuis mi-juin, le\u00a0<strong>nombre de nouveaux cas confirm\u00e9s de COVID-19\u00a0augmente r\u00e9guli\u00e8rement.<\/strong>\u00a0<\/p>\n<h3 style=\"text-align: center;\">Nombre incident de cas confirm\u00e9s de COVID-19\u00a0par semaine, rapport\u00e9s \u00e0 Sant\u00e9 publique France, du 10\u00a0mai au 4 octobre 2020\u00a0(donn\u00e9es au 7 octobre 2020)<\/h3>\n<div style=\"text-align:center\">\n<figure class=\"image\" style=\"display:inline-block\"><a class=\"fancy\" href=\"https:\/\/img-3.journaldesfemmes.fr\/xturt1vd3uU5_vjBXV8Kc8c3KSs=\/1080x\/smart\/57984f3da5d44040bac60facb9c68fff\/ccmcms-jdf\/19205833.jpg\"><img decoding=\"async\" alt=\"Nombre incident de cas confirm\u00e9s de COVID-19 par semaine, rapport\u00e9s \u00e0 Sant\u00e9 publique France, du 10 mai au 04 octobre 2020 \" src=\"https:\/\/img-3.journaldesfemmes.fr\/2xUF3pIEDRyI7t-arcYx22uZpVs=\/600x\/smart\/57984f3da5d44040bac60facb9c68fff\/ccmcms-jdf\/19205833.jpg\"\/><\/a><figcaption data-credit=\"Sant\u00e9 Publique France\" data-legend=\"Nombre incident de cas confirm\u00e9s de COVID-19 par semaine, rapport\u00e9s \u00e0 Sant\u00e9 publique France, du 10 mai au 04 octobre 2020 \">Nombre incident de cas confirm\u00e9s de COVID-19 par semaine, rapport\u00e9s \u00e0 Sant\u00e9 publique France, du 10 mai au 04 octobre 2020 <small>\u00a9\u00a0Sant\u00e9 Publique France<\/small><\/figcaption><\/figure>\n<\/div>\n<h3 style=\"text-align: center;\">Nombre de cas confirm\u00e9s de COVID-19\u00a0chez les r\u00e9sidents et le personnel en ESMS (\u00e9tablissements sociaux et m\u00e9dico-sociaux)\u00a0par semaine calendaire, du 20\u00a0juillet au 04\u00a0octobre 2020, en France<\/h3>\n<div style=\"text-align:center\">\n<figure class=\"image\" style=\"display:inline-block\"><img decoding=\"async\" alt=\"Nombre de cas confirm\u00e9s de COVID-19 chez les r\u00e9sidents et le personnel en ESMS par semaine calendaire, du 20 juillet au 04 octobre 2020, en France \" src=\"https:\/\/img-3.journaldesfemmes.fr\/PGVeli4oOu0lvdiRWppCNuHS_kY=\/600x\/smart\/f184ce4d27d14025bc5b15cf1402566d\/ccmcms-jdf\/19205856.jpg\"\/><figcaption data-credit=\"Sant\u00e9 Publique France\" data-legend=\"Nombre de cas confirm\u00e9s de COVID-19 chez les r\u00e9sidents et le personnel en ESMS par semaine calendaire, du 20 juillet au 04 octobre 2020, en France \">Nombre de cas confirm\u00e9s de COVID-19 chez les r\u00e9sidents et le personnel en ESMS par semaine calendaire, du 20 juillet au 04 octobre 2020, en France <small>\u00a9\u00a0Sant\u00e9 Publique France<\/small><\/figcaption><\/figure>\n<\/div>\n<p>Les notifications de nouvelles admissions en r\u00e9animation continuent d&rsquo;augmenter en France. La plus forte augmentation a \u00e9t\u00e9 observ\u00e9e en <strong>Centre-Val-de-Loire<\/strong>, rapporte <a href=\"https:\/\/www.santepubliquefrance.fr\/maladies-et-traumatismes\/maladies-et-infections-respiratoires\/infection-a-coronavirus\/documents\/bulletin-national\/covid-19-point-epidemiologique-du-8-octobre-2020\" target=\"_blank\" rel=\"noopener noreferrer\">Sant\u00e9 Publique France<\/a> le 8 octobre. Les taux les plus \u00e9lev\u00e9s \u00e9taient enregistr\u00e9s en \u00cele-de-France et en Provence-Alpes-C\u00f4te d&rsquo;Azur. Au 10\u00a0octobre,\u00a0<b>928 personnes sont en\u00a0r\u00e9animation \u00e0 cause du Covid-19<\/b>.<i>\u00a0<\/i>En <strong>Ile-de-France, 40% des lits en r\u00e9animation sont d\u00e9sormais occup\u00e9s par des patients Covid-19<\/strong>. Aur\u00e9lien Rousseau, le Directeur G\u00e9n\u00e9ral de l&rsquo;Agence r\u00e9gionale de sant\u00e9 d&rsquo;Ile-de-France a annonc\u00e9 le 8 octobre, la r\u00e9activation du <a href=\"https:\/\/sante.journaldesfemmes.fr\/fiches-maladies\/2624681-plan-blanc-ile-de-france-paris-aphp-definition-hopital-covid-lille-mesures\/\" target=\"_blank\" rel=\"noopener noreferrer\">plan blanc<\/a>\u00a0dans tous les h\u00f4pitaux. Des op\u00e9rations \u00ab\u00a0non urgentes\u00a0\u00bb sont \u00e0 nouveau d\u00e9programm\u00e9es. <em>\u00ab\u00a0Si la dynamique de l&rsquo;\u00e9pid\u00e9mie se poursuit, il est estim\u00e9 que le nombre hebdomadaire de nouveaux patients admis \u00e0 l&rsquo;h\u00f4pital aura<strong> doubl\u00e9 dans 27\u00a0jours <\/strong>et que le nombre hebdomadaire de nouveaux patients admis en r\u00e9animation aura doubl\u00e9 dans 17\u00a0jours\u00a0\u00bb<\/em> pr\u00e9vient Sant\u00e9 Publique France.<\/p>\n<p><iframe loading=\"lazy\" height=\"600\" src=\"https:\/\/geodes.santepubliquefrance.fr\/?view=map2&amp;indics=covid_hospit_incid.incid_rea&amp;serie=2020-09-07&amp;lang=fr&amp;iframe=1\" width=\"600\"><\/iframe><\/p>\n<p>Selon les <a href=\"https:\/\/www.gouvernement.fr\/info-coronavirus\/carte-et-donnees\" target=\"_blank\" rel=\"noopener noreferrer\">chiffres communiqu\u00e9s par le gouvernement<\/a>, consolid\u00e9s avec l&rsquo;Agence Sant\u00e9 Publique France et\u00a0les ARS (Agences r\u00e9gionales de Sant\u00e9), voici l&rsquo;\u00e9volution des hospitalisations (dont la r\u00e9animation) et des d\u00e9c\u00e8s\u00a0en France par r\u00e9gion.<\/p>\n<h3 style=\"text-align: center;\">Evolution des hospitalisations (dont en r\u00e9animation) et d\u00e9c\u00e8s \u00e0 l&rsquo;h\u00f4pital du Covid-19\u00a0par r\u00e9gion au 9\u00a0octobre (source\u00a0: Sant\u00e9 publique France)<\/h3>\n<table border=\"1\" cellpadding=\"1\" cellspacing=\"1\" style=\"width:100%;\">\n<thead>\n<tr>\n<th scope=\"col\" style=\"width: 210px;\">R\u00e9gions<\/th>\n<th scope=\"col\" style=\"width: 217px; text-align: center;\">Hospitalisations en cours<\/th>\n<th scope=\"col\" style=\"width: 176px; text-align: center;\">Evolution des nouveaux patients sur les\u00a0 derni\u00e8res 24\u00a0H<\/th>\n<th scope=\"col\" style=\"width: 156px; text-align: center;\">R\u00e9animation Soins intensif<\/th>\n<th scope=\"col\" style=\"width: 160px; text-align: center;\">Evolution des nouveaux patients sur les\u00a0 derni\u00e8res 24\u00a0H<\/th>\n<th scope=\"col\" style=\"width: 220px; text-align: center;\">D\u00e9c\u00e8s<\/th>\n<\/tr>\n<tr>\n<td style=\"width: 210px;\"><b>\u00cele-de-France<\/b><\/td>\n<td style=\"width: 217px;\">2 571<\/td>\n<td style=\"width: 176px;\">+49<\/td>\n<td style=\"width: 156px;\">451<\/td>\n<td style=\"width: 160px;\">+21<\/td>\n<td style=\"width: 220px;\">8 239<\/td>\n<\/tr>\n<tr>\n<td style=\"width: 210px;\"><strong>Grand Est<\/strong><\/td>\n<td style=\"width: 217px;\">278<\/td>\n<td style=\"width: 176px;\">+13<\/td>\n<td style=\"width: 156px;\">41<\/td>\n<td style=\"width: 160px;\">+2<\/td>\n<td style=\"width: 220px;\">3\u00a0754<\/td>\n<\/tr>\n<tr>\n<td style=\"width: 210px;\"><strong>Auvergne-Rh\u00f4ne-Alpes<\/strong><\/td>\n<td style=\"width: 217px;\">1 046<\/td>\n<td style=\"width: 176px;\">+49<\/td>\n<td style=\"width: 156px;\">182<\/td>\n<td style=\"width: 160px;\">+6<\/td>\n<td style=\"width: 220px;\">2 011<\/td>\n<\/tr>\n<tr>\n<td style=\"width: 210px;\"><strong>Hauts-de-France<\/strong><\/td>\n<td style=\"width: 217px;\">801<\/td>\n<td style=\"width: 176px;\">+21<\/td>\n<td style=\"width: 156px;\">135<\/td>\n<td style=\"width: 160px;\">+9<\/td>\n<td style=\"width: 220px;\">2 069<\/td>\n<\/tr>\n<tr>\n<td style=\"width: 210px;\"><strong>Bourgogne-Franche-Comt\u00e9<\/strong><\/td>\n<td style=\"width: 217px;\">148<\/td>\n<td style=\"width: 176px;\">-4<\/td>\n<td style=\"width: 156px;\">32<\/td>\n<td style=\"width: 160px;\">0<\/td>\n<td style=\"width: 220px;\">1\u00a0099<\/td>\n<\/tr>\n<tr>\n<td style=\"width: 210px;\"><strong>Provence-Alpes-C\u00f4te d&rsquo;Azur<\/strong><\/td>\n<td style=\"width: 217px;\">833<\/td>\n<td style=\"width: 176px;\">-7<\/td>\n<td style=\"width: 156px;\">188<\/td>\n<td style=\"width: 160px;\">-7<\/td>\n<td style=\"width: 220px;\">1 202<\/td>\n<\/tr>\n<tr>\n<td style=\"width: 210px;\"><strong>Occitanie<\/strong><\/td>\n<td style=\"width: 217px;\">556<\/td>\n<td style=\"width: 176px;\">-5<\/td>\n<td style=\"width: 156px;\">149<\/td>\n<td style=\"width: 160px;\">+8<\/td>\n<td style=\"width: 220px;\">629<\/td>\n<\/tr>\n<tr>\n<td style=\"width: 210px;\"><strong>Bretagne<\/strong><\/td>\n<td style=\"width: 217px;\">184<\/td>\n<td style=\"width: 176px;\">+2<\/td>\n<td style=\"width: 156px;\">18<\/td>\n<td style=\"width: 160px;\">0<\/td>\n<td style=\"width: 220px;\">297<\/td>\n<\/tr>\n<tr>\n<td style=\"width: 210px;\"><strong>Nouvelle-Aquitaine<\/strong><\/td>\n<td style=\"width: 217px;\">386<\/td>\n<td style=\"width: 176px;\">-5<\/td>\n<td style=\"width: 156px;\">62<\/td>\n<td style=\"width: 160px;\">-6<\/td>\n<td style=\"width: 220px;\">531<\/td>\n<\/tr>\n<tr>\n<td style=\"width: 210px;\"><strong><a href=\"http:\/\/www.affinite.fr\/index.php\/2024\/11\/21\/construire-votre-maison-en-normandie\/\">Normandie<\/a><\/strong><\/td>\n<td style=\"width: 217px;\">314<\/td>\n<td style=\"width: 176px;\">-1<\/td>\n<td style=\"width: 156px;\">53<\/td>\n<td style=\"width: 160px;\">-8<\/td>\n<td style=\"width: 220px;\">497<\/td>\n<\/tr>\n<tr>\n<td style=\"width: 210px;\"><strong>Centre Val-de-Loire<\/strong><\/td>\n<td style=\"width: 217px;\">174<\/td>\n<td style=\"width: 176px;\">+14<\/td>\n<td style=\"width: 156px;\">34<\/td>\n<td style=\"width: 160px;\">+8<\/td>\n<td style=\"width: 220px;\">613<\/td>\n<\/tr>\n<tr>\n<td style=\"width: 210px;\"><strong>Pays de la Loire<\/strong><\/td>\n<td style=\"width: 217px;\">205<\/td>\n<td style=\"width: 176px;\">+7<\/td>\n<td style=\"width: 156px;\">22<\/td>\n<td style=\"width: 160px;\">-4<\/td>\n<td style=\"width: 220px;\">529<\/td>\n<\/tr>\n<tr>\n<td style=\"width: 210px;\"><strong>Corse<\/strong><\/td>\n<td style=\"width: 217px;\">30<\/td>\n<td style=\"width: 176px;\">0<\/td>\n<td style=\"width: 156px;\">7<\/td>\n<td style=\"width: 160px;\">+1<\/td>\n<td style=\"width: 220px;\">66<\/td>\n<\/tr>\n<tr>\n<td style=\"width: 210px;\"><strong>Martinique<\/strong><\/td>\n<td style=\"width: 217px;\">47<\/td>\n<td style=\"width: 176px;\">+7<\/td>\n<td style=\"width: 156px;\">18<\/td>\n<td style=\"width: 160px;\">+3<\/td>\n<td style=\"width: 220px;\">22<\/td>\n<\/tr>\n<tr>\n<td style=\"width: 210px;\"><strong>Guadeloupe<\/strong><\/td>\n<td style=\"width: 217px;\">185<\/td>\n<td style=\"width: 176px;\">-2<\/td>\n<td style=\"width: 156px;\">26<\/td>\n<td style=\"width: 160px;\">+3<\/td>\n<td style=\"width: 220px;\">99<\/td>\n<\/tr>\n<tr>\n<td style=\"width: 210px;\"><strong>La R\u00e9union<\/strong><\/td>\n<td style=\"width: 217px;\">53<\/td>\n<td style=\"width: 176px;\">+1<\/td>\n<td style=\"width: 156px;\">11<\/td>\n<td style=\"width: 160px;\">0<\/td>\n<td style=\"width: 220px;\">23<\/td>\n<\/tr>\n<tr>\n<td style=\"width: 210px;\"><strong>Guyane<\/strong><\/td>\n<td style=\"width: 217px;\">23<\/td>\n<td style=\"width: 176px;\">-1<\/td>\n<td style=\"width: 156px;\">6<\/td>\n<td style=\"width: 160px;\">0<\/td>\n<td style=\"width: 220px;\">65<\/td>\n<\/tr>\n<tr>\n<td style=\"width: 210px;\"><strong>Mayotte<\/strong><\/td>\n<td style=\"width: 217px;\">9<\/td>\n<td style=\"width: 176px;\">-1<\/td>\n<td style=\"width: 156px;\">4<\/td>\n<td style=\"width: 160px;\">0<\/td>\n<td style=\"width: 220px;\">29<\/td>\n<\/tr>\n<tr>\n<td style=\"width: 210px;\"><strong>TOTAL<\/strong><\/td>\n<td style=\"width: 217px;\"><b>7 864<\/b><\/td>\n<td style=\"width: 176px;\">NC<\/td>\n<td style=\"width: 156px;\"><b>1 448<\/b><\/td>\n<td style=\"width: 160px;\">NC<\/td>\n<td style=\"width: 220px;\"><strong>21 798 (+62)<\/strong><\/td>\n<\/tr>\n<\/thead>\n<\/table>\n<p>Le nombre de d\u00e9c\u00e8s du Covid-19 repart \u00e0 la hausse en France. Le\u00a0<b>premier<\/b>\u00a0\u00e9tait\u00a0survenu \u00e0 Paris le 14\u00a0f\u00e9vrier 2020, il s&rsquo;agissait d&rsquo;un\u00a0patient chinois de 80\u00a0ans<b>.<\/b> Au 10\u00a0octobre 2020,<b>\u00a032\u00a0684\u00a0personnes sont d\u00e9c\u00e9d\u00e9es\u00a0en France du Covid-19 <\/b>(+62\u00a0d\u00e9c\u00e8s en 24\u00a0heures \u00e0 l&rsquo;h\u00f4pital).\u00a0Le nouveau coronavirus aurait caus\u00e9 <strong>entre 25\u00a0000\u00a0et 30\u00a0000\u00a0d\u00e9c\u00e8s suppl\u00e9mentaires en France entre le 2\u00a0mars et le 31\u00a0mai<\/strong>, selon une synth\u00e8se publi\u00e9e par\u00a0<a href=\"https:\/\/www.santepubliquefrance.fr\/les-actualites\/2020\/mortalite-en-france-d-ou-viennent-les-chiffres\" target=\"_blank\" rel=\"noopener noreferrer\">Sant\u00e9 Publique France<\/a>\u00a0le 23\u00a0juillet.<\/p>\n<blockquote>\n<p style=\"text-align: right;\">Hausse de la mortalit\u00e9\u00a0en France chez les personnes \u00e2g\u00e9es de 65 \u00e0 74 ans.<\/p>\n<\/blockquote>\n<p>La proportion de d\u00e9c\u00e8s<strong>\u00a0chez les hommes<\/strong>\u00a0est sup\u00e9rieure \u00e0 celle des femmes depuis le d\u00e9but de la pand\u00e9mie (59%).\u00a0<strong>92%<\/strong> des cas de COVID-19\u00a0d\u00e9c\u00e9d\u00e9s sont \u00e2g\u00e9s de <strong>65\u00a0ans ou plus. <\/strong>Parmi le personnel soignant, Sant\u00e9 publique France publie le 8 octobre\u00a0un bilan de 17 d\u00e9c\u00e8s\u00a0li\u00e9s \u00e0 l&rsquo;infection \u00e0 SARS-CoV-2\u00a0enregistr\u00e9s depuis le 1er mars 2020, dont 5\u00a0m\u00e9decins, 4\u00a0aides-soignants, 2\u00a0professionnels de sant\u00e9 class\u00e9s \u00ab\u00a0autres\u00a0\u00bb et 6\u00a0professionnels non soignants. Aucun d\u00e9c\u00e8s n&rsquo;a \u00e9t\u00e9 rapport\u00e9 apr\u00e8s la mi-mai.\u00a0<\/p>\n<h3>\u2022\u00a0<a id=\"coronavirus-france-carte-deces\" name=\"coronavirus-france-carte-deces\">Carte des d\u00e9c\u00e8s en France par d\u00e9partements<\/a><\/h3>\n<p><iframe loading=\"lazy\" height=\"600\" src=\"https:\/\/geodes.santepubliquefrance.fr\/?view=map2&amp;indics=covid_hospit.dc&amp;serie=2020-04-28&amp;f1code=0&amp;lang=fr&amp;iframe=1\" width=\"600\"><\/iframe><\/p>\n<p><iframe loading=\"lazy\" height=\"1000\" src=\"https:\/\/mapthenews.maps.arcgis.com\/apps\/opsdashboard\/index.html#\/bae8aaa7a0b14261b4621c31db410c44\" style=\"border: 0px\" width=\"600\"><\/iframe><\/p>\n<aside id=\"NL_1383363947\" class=\"newsletter_subscription jNlBlock\"><noscript><br \/>\n            <\/noscript><\/p>\n<h3 class=\"newsletter_subscription-title\">Newsletter <\/h3>\n<p><a href=\"\/\/mailing.ccmbg.com\/archive\/last-85\" target=\"_blank\" class=\"a_hover\" rel=\"noopener noreferrer\">Voir un exemple<\/a><\/p>\n<\/aside>\n<p>Les r\u00e9gions les plus touch\u00e9es par la circulation virale en semaine 40\u00a0\u00e9taient l&rsquo;Ile-de-France avec une incidence de 198\u00a0cas \/100\u00a0000\u00a0hab., les Hauts de France (149.) et Auvergne-Rh\u00f4ne-Alpes (140). <strong>En Ile-de-France,<\/strong> la progression de la circulation virale se poursuit. Tous les d\u00e9partements d&rsquo;Ile-de-France ont des taux d&rsquo;incidence sup\u00e9rieurs \u00e0 100\u00a0cas\/100\u00a0000\u00a0habitants et sont class\u00e9s en niveau de vuln\u00e9rabilit\u00e9 \u00e9lev\u00e9e et zone de circulation active du virus. Les nouvelles hospitalisations progressent dans toutes les r\u00e9gions.\u00a0En semaine 40, les taux d&rsquo;hospitalisations les plus \u00e9lev\u00e9s ont \u00e9t\u00e9 enregistr\u00e9s en Provence-Alpes-C\u00f4te d&rsquo;Azur, en \u00cele-de-France. Ces taux \u00e9taient en l\u00e9g\u00e8re augmentation par rapport \u00e0 la semaine pr\u00e9c\u00e9dente. Les r\u00e9gions <strong>Auvergne-Rh\u00f4ne-Alpes, Hauts-de-France et Occitanie <\/strong>ont enregistr\u00e9 des taux sup\u00e9rieurs \u00e0 5,0\/100\u00a0000\u00a0hab. (respectivement 7,7, 6,9\u00a0et 5,8). Au 10\u00a0octobre 2020, <strong>70 d\u00e9partements <\/strong>ont un nombre de cas de Covid-19 au-dessus du seuil d&rsquo;alerte de 50\/100 000 habitants et sont en niveau de vuln\u00e9rabilit\u00e9 \u00ab\u00a0\u00e9lev\u00e9\u00a0\u00bb.\u00a0<\/p>\n<h3 style=\"text-align: center;\">Niveau de vuln\u00e9rabilit\u00e9 par d\u00e9partement et \u00e9volution, France, au 10\u00a0octobre\u00a02020<\/h3>\n<div style=\"text-align:center\">\n<figure class=\"image\" style=\"display:inline-block\"><a class=\"fancy\" href=\"https:\/\/img-3.journaldesfemmes.fr\/JXJ6IaKC2S37febfSrX5-G0ckAQ=\/1080x\/smart\/2a3a22ca3f0a419ab153fe07f384aa12\/ccmcms-jdf\/19205995.jpg\"><img decoding=\"async\" alt=\"Niveau de vuln\u00e9rabilit\u00e9 par d\u00e9partement et \u00e9volution, France, au 8 octobre 2020\" src=\"https:\/\/img-3.journaldesfemmes.fr\/jM8qyYvU4evDJY5aSRqwuejwVLU=\/600x\/smart\/2a3a22ca3f0a419ab153fe07f384aa12\/ccmcms-jdf\/19205995.jpg\"\/><\/a><figcaption data-credit=\"Sant\u00e9 Publique France\" data-legend=\"Niveau de vuln\u00e9rabilit\u00e9 par d\u00e9partement et \u00e9volution, France, au 8 octobre 2020\">Niveau de vuln\u00e9rabilit\u00e9 par d\u00e9partement et \u00e9volution, France, au 10 octobre 2020 <small>\u00a9\u00a0Sant\u00e9 Publique France<\/small><\/figcaption><\/figure>\n<\/div>\n<section>\n<blockquote>\n<p style=\"text-align: right;\">\u00a0<\/p>\n<p style=\"text-align: right;\">Les clusters en milieu scolaire et universitaire repr\u00e9sentent 36% des clusters en cours.<\/p>\n<\/blockquote>\n<p>Le nombre de clusters de coronavirus reste \u00e9lev\u00e9 en France, indique Sant\u00e9\u00a0publique<b>\u00a0<\/b>France dans son point hebdomadaire du 8 octobre. Devant l&rsquo;augmentation de la circulation virale sur l&rsquo;ensemble du territoire, le nombre de clusters identifi\u00e9 est probablement fortement sous-estim\u00e9.\u00a0La plupart des clusters (hors Ehpad) en cours d&rsquo;investigation \u00e9taient<strong> survenus en milieu scolaire et universitaire<\/strong> (35,3% des clusters), en <strong>entreprises<\/strong> priv\u00e9es et publiques (hors ES) (20,0%) ainsi qu&rsquo;en \u00e9tablissements de sant\u00e9 (11,1%).\u00a0Au 10\u00a0octobre,\u00a0<b>1 446 foyers de contamination sont\u00a0en cours d&rsquo;investigation<\/b>\u00a0en France (+99 sur les derni\u00e8res 24\u00a0heures).\u00a0<\/p>\n<p>Le taux de reproduction (R effectif)\u00a0est \u00e9valu\u00e9 \u00e0 partir de plusieurs observations. Celui\u00a0calcul\u00e9 \u00e0 partir du nombre de tests positifs est \u00e0 <strong>1.07<\/strong>\u00a0(en l\u00e9g\u00e8re hausse par rapport \u00e0 la semaine derni\u00e8re), celui calcul\u00e9 \u00e0 partir des donn\u00e9es d&rsquo;hospitalisations (SI-VIC) est \u00e0\u00a0<strong>1,09 aussi en hausse\u00a0<\/strong>et celui calcul\u00e9 \u00e0 partir des passages aux Urgences est stable \u00e0<strong>\u00a00.88<\/strong>.\u00a0Deux des indicateurs suivent des tendances \u00e0 la hausse et restent significativement sup\u00e9rieurs \u00e0 1\u00a0tout en \u00e9tant proches de cette valeur. Quels sont les d\u00e9partements ou r\u00e9gions o\u00f9 le virus circule le plus\u00a0? Comment ce nombre est-il calcul\u00e9\u00a0? D\u00e9finition, courbe d&rsquo;\u00e9volution et carte par r\u00e9gion.<\/p>\n<p><strong>Plus de 13 millions de tests PCR<\/strong> ont \u00e9t\u00e9 r\u00e9alis\u00e9s depuis le d\u00e9but de la pand\u00e9mie, a indiqu\u00e9 Olivier V\u00e9ran lors de sa conf\u00e9rence de presse du 1er octobre. Le d\u00e9pistage du coronavirus est en premi\u00e8re ligne de la strat\u00e9gie du gouvernement pour faire face au rebond \u00e9pid\u00e9mique confirm\u00e9 sur le mois de septembre.<strong> 590 laboratoires<\/strong> testent les Fran\u00e7ais sur l&rsquo;ensemble du territoire. Si des difficult\u00e9s d&rsquo;acc\u00e8s aux tests sont manifestes depuis quelques semaines, la situation s&rsquo;am\u00e9liore selon le ministre de la Sant\u00e9 qui annonce le 1er octobre que <strong>75% des tests sont rendus en moins de 48\u00a0heures<\/strong>. Les tests sont prioritairement r\u00e9alis\u00e9s pour les personnes symptomatiques et les cas contacts dits \u00ab\u00a0\u00e0 risque\u00a0\u00bb et qui sont en mesure de pr\u00e9senter le SMS re\u00e7u de l&rsquo;Assurance Maladie. Le\u00a017<em>\u00a0<\/em>septembre dernier, Olivier V\u00e9ran rappelait :\u00a0<em><strong>\u00ab\u00a0Il ne sert \u00e0 rien de se tester trop souvent<\/strong><\/em>. <em>Le test\u00a0doit \u00eatre fait si vous avez un doute, si vous avez des sympt\u00f4mes et si le cas contact est av\u00e9r\u00e9, si vous avez \u00e9t\u00e9 appel\u00e9 par l&rsquo;Assurance maladie ou l&rsquo;ARS, les cas contacts de cas contacts ne sont pas des cas contacts.\u00a0\u00bb<\/em><\/p>\n<p>Comme il n&rsquo;y a ni vaccin, ni m\u00e9dicament efficace contre le coronavirus, <a href=\"https:\/\/sante.journaldesfemmes.fr\/fiches-maladies\/2619739-gestes-barrieres-covid-distanciation-sociale-ecole-maternelle-entreprise-restauration-affiche-hygiene\/\" target=\"_blank\" rel=\"noopener noreferrer\">le meilleur moyen de s&rsquo;en prot\u00e9ger<\/a>\u00a0pour pr\u00e9venir une deuxi\u00e8me vague est <strong>l&rsquo;application de mesures barri\u00e8res<\/strong> :\u00a0respect de la distanciation physique minimale d&rsquo;un m\u00e8tre,\u00a0port du masque, lavage des mains r\u00e9guliers, r\u00e9duction des rassemblements. Les <strong>personnes \u00e2g\u00e9es ou atteintes de pathologies chroniques (atteintes respiratoire, cardiaque, ob\u00e9sit\u00e9, diab\u00e8te\u2026) <\/strong>sont appel\u00e9es \u00e0 la plus<strong> grande prudence <\/strong>tant que le virus circule.<\/p>\n<p>Si au d\u00e9but, on ne parlait que de fi\u00e8vre, toux s\u00e8che, rhume, \u00e9tat grippal et de fatigue, les sympt\u00f4mes de l&rsquo;infection par le coronavirus ont \u00e9volu\u00e9. On sait d\u00e9sormais que le virus peut avoir des <strong>effets sur la peau<\/strong> (urticaire, autres affections dermatologiques), la sph\u00e8re digestive (vomissements, diarrh\u00e9es&#8230;), <strong>l&rsquo;odorat<\/strong>, le <strong>go\u00fbt <\/strong>et m\u00eame le cerveau.\u00a0<\/p>\n<ul>\n<li><strong>Si vous pr\u00e9sentez des\u00a0sympt\u00f4mes (toux, fi\u00e8vre, mal de t\u00eate) : <\/strong>\u00e9viter les contacts, rester \u00e0 domicile, prenez du parac\u00e9tamol si besoin, appeler un m\u00e9decin pour prendre rendez-vous dans l&rsquo;\u00e9ventualit\u00e9 qu&rsquo;il vous fasse passer un test de d\u00e9pistage.\u00a0<\/li>\n<li><strong>Appeler le\u00a015 en cas de\u00a0difficult\u00e9s respiratoires : \u00ab\u00a0<\/strong><em>Si cette toux et cette fi\u00e8vre s&rsquo;accompagnent d&rsquo;une g\u00eane respiratoire qui devient permanente avec souffle court, difficult\u00e9 \u00e0 inspirer et \u00e0 expirer, d&rsquo;une aggravation importante de la toux, cela peut signifier une \u00e9volution de la maladie sous la forme d&rsquo;une pneumopathie. Il s&rsquo;agit alors d&rsquo;une urgence respiratoire potentielle et comme dans tous les cas d&rsquo;urgence, il faut alors appeler le 15\u00a0qui prendra les meilleures dispositions pour r\u00e9pondre \u00e0 la situation\u00a0\u00bb, <\/em>pr\u00e9vient le Dr\u00a0Patrick Aub\u00e9, m\u00e9decin g\u00e9n\u00e9raliste. \u00a0<\/li>\n<\/ul>\n<table border=\"1\" cellpadding=\"1\" cellspacing=\"1\" style=\"width:100%;\">\n<thead>\n<tr>\n<th scope=\"col\" style=\"text-align: center;\"><strong>DATES CL\u00c9S DE L&rsquo;\u00c9PID\u00c9MIE EN FRANCE<\/strong><\/th>\n<\/tr>\n<\/thead>\n<tbody>\n<tr>\n<td>\n<ul>\n<li><strong>Le 31\u00a0d\u00e9cembre 2019,<\/strong> l&rsquo;Organisation mondiale de la Sant\u00e9 en Chine est inform\u00e9e de plusieurs cas de pneumonies dans la ville de Wuhan. 44\u00a0personnes sont infect\u00e9es entre cette date et le 3\u00a0janvier 2020.<\/li>\n<li><strong>Le 7\u00a0janvier 2020, <\/strong>les autorit\u00e9s chinoises identifient un \u00ab\u00a0nouveau type de coronavirus\u00a0\u00bb.<\/li>\n<li><strong>Le 13\u00a0janvier, <\/strong>un cas import\u00e9 est recens\u00e9 en Tha\u00eflande.<\/li>\n<li><strong>Le 15\u00a0janvier<\/strong>, le virus cause\u00a0la mort d&rsquo;<strong>une premi\u00e8re\u00a0personne \u00e0 Wuhan<\/strong>, un homme de 69\u00a0ans.\u00a0<\/li>\n<li><strong>Le 23\u00a0janvier,<\/strong> trois villes chinoises dont Wuhan sont plac\u00e9es en quarantaine.<\/li>\n<li><strong>Le 25\u00a0janvier, trois personnes\u00a0contamin\u00e9es sont recens\u00e9es en France<\/strong>, deux \u00e0 Paris et une Bordeaux. Ce sont les premiers cas enregistr\u00e9s sur le continent europ\u00e9en.<\/li>\n<li><strong>Le 30\u00a0janvier, <\/strong>l&rsquo;Organisation mondiale de la Sant\u00e9 <strong>d\u00e9cr\u00e8te\u00a0l&rsquo;<a href=\"https:\/\/sante.journaldesfemmes.fr\/fiches-maladies\/2608035-urgence-de-sante-publique-de-portee-internationale-definition-oms-coronavirus\/\" target=\"_blank\" rel=\"noopener noreferrer\">urgence de sant\u00e9 mondiale<\/a><\/strong>.\u00a0Cette mesure n&rsquo;avait \u00e9t\u00e9 d\u00e9cr\u00e9t\u00e9e que 5\u00a0fois depuis sa cr\u00e9ation (pour Ebola (deux fois), la grippe H1N1, Zika et la poliomy\u00e9lite).\u00a0<\/li>\n<li><strong>Le 23\u00a0f\u00e9vrier, <\/strong>la France d\u00e9clenche le <a href=\"https:\/\/sante.journaldesfemmes.fr\/fiches-maladies\/2622449-plan-orsan-reb-definition-signification-qui-declenche-coronavirus-definition-duree\/\" target=\"_blank\" rel=\"noopener noreferrer\">plan ORSAN<\/a>, un dispositif exceptionnel d&rsquo;organisation des soins.<\/li>\n<li><strong>Le 28\u00a0f\u00e9vrier,<\/strong> la France passe en stade 2\u00a0de l&rsquo;\u00e9pid\u00e9mie.<\/li>\n<li><strong>Le 11\u00a0mars, <\/strong>l&rsquo;OMS classifie de <strong>pand\u00e9mie <\/strong>la diffusion de la maladie \u00e0 coronavirus Covid-19\u00a0dans le monde.<\/li>\n<li><strong>Le 12\u00a0mars<\/strong>, le pr\u00e9sident de la R\u00e9publique Emmanuel Macron annonce la fermeture nationale des cr\u00e8ches et \u00e9tablissements scolaires de France \u00e0 compter du 16\u00a0mars et \u00ab\u00a0jusqu&rsquo;\u00e0 nouvel ordre\u00a0\u00bb.<\/li>\n<li><strong>Le 14\u00a0mars<\/strong>, la France passe au <a href=\"https:\/\/sante.journaldesfemmes.fr\/fiches-maladies\/2625289-coronavirus-covid-19-stade-1-2-3-4-duree-mesure-france-signification-quand\/\" target=\"_blank\" rel=\"noopener noreferrer\"><strong>stade 3 <\/strong><\/a>de l&rsquo;\u00e9pid\u00e9mie.<\/li>\n<li><strong>Le 16\u00a0mars\u00a0:<\/strong>\u00a0la France met en place un dispositif de confinement interdisant les d\u00e9placements.<\/li>\n<li><strong>Le\u00a018\u00a0mars<\/strong> le premier transfert de patients Covid-19\u00a0en France est r\u00e9alis\u00e9\u00a0gr\u00e2ce \u00e0 l&rsquo;Arm\u00e9e, par voie terrestre et a\u00e9rienne.\u00a0<\/li>\n<li><strong>Le 26\u00a0mars<\/strong>, un premier cas jeune meurt en France, une adolescente de 16\u00a0ans, en Ile-de-France originaire de Morsang-sur-Orge.<\/li>\n<li><strong>Le 27\u00a0mars,<\/strong> le confinement de la population fran\u00e7aise est renouvel\u00e9 jusqu&rsquo;au 15\u00a0avril.<\/li>\n<li><strong>Le 13\u00a0avril,<\/strong> Emmanuel Macron annonce le prolongement du confinement jusqu&rsquo;au 11\u00a0mai.<\/li>\n<li><strong>Le 11\u00a0mai, <\/strong>la France commence son d\u00e9confinement.<\/li>\n<li><strong>Le 15\u00a0juin<\/strong>, toute la France passe en zone verte, sauf Mayotte et la Guyane. A Paris, les restaurants et bars peuvent rouvrir compl\u00e8tement.<\/li>\n<li><strong>Le 22\u00a0juin, <\/strong>les \u00e9coles sont de nouveaux obligatoires en France pour tous les \u00e9l\u00e8ves. Les cin\u00e9mas, salles de jeux, casinos rouvrent. Les sports collectifs peuvent \u00eatre autoris\u00e9s tout en respectant certaines conditions sanitaires.<\/li>\n<li><strong>Le 10\u00a0juillet<\/strong>, la <strong>France <\/strong>a franchi la barre des 30\u00a0000\u00a0morts. Dans la nuit du 10\u00a0au 11\u00a0juillet \u00e0 minuit, l&rsquo;\u00e9tat d&rsquo;urgence sanitaire prend fin en France.<\/li>\n<li><strong>Le 20\u00a0juillet,<\/strong>\u00a0le <strong>port du masque est obligatoire <\/strong>dans les lieux publics clos en France.<\/li>\n<li><strong>Le 8 octobre, <\/strong>le plan blanc est r\u00e9activ\u00e9 dans les h\u00f4pitaux d&rsquo;Ile-de-France.<\/li>\n<\/ul>\n<\/td>\n<\/tr>\n<\/tbody>\n<\/table>\n<p><em>Cet article est mis \u00e0 jour quotidiennement par <a href=\"https:\/\/www.journaldesfemmes.fr\/account\/ablaize-11409696\" target=\"_blank\" rel=\"noopener noreferrer\">Aur\u00e9lie Blaize<\/a>, <a href=\"https:\/\/www.journaldesfemmes.fr\/account\/anaisthiebaux-10573564\" target=\"_blank\" rel=\"noopener noreferrer\">Ana\u00efs Thi\u00e9baux<\/a> et <a href=\"https:\/\/www.journaldesfemmes.fr\/account\/samanthapages-11598093\" target=\"_blank\" rel=\"noopener noreferrer\">Samantha Pag\u00e8s<\/a>.\u00a0<\/em><\/p>\n<\/section>\n<\/div>\n<p><script async defer src=\"https:\/\/platform.instagram.com\/en_US\/embeds.js\"><\/script><br \/>\n<br \/>[ad_2]<br \/>\n<br \/><a href=\"https:\/\/sante.journaldesfemmes.fr\/fiches-maladies\/2605417-coronavirus-france-l-essonne-renforce-ses-mesures-sanitaires-cas-carte-direct-mort-hopital-epidemie-fievre\/\">Source link <\/a><\/p>\n","protected":false},"excerpt":{"rendered":"<p>[ad_1] CORONAVIRUS EN DIRECT &#8211; Face \u00e0 la mont\u00e9e en puissance du coronavirus en France, qui\u00a0a\u00a0contamin\u00e9 pas loin de 27\u00a0000\u00a0personnes &hellip; <a href=\"http:\/\/www.affinite.fr\/index.php\/2020\/10\/11\/coronavirus-france-lessonne-renforce-ses-mesures-sanitaires\/\" class=\"more-link\">Plus <span class=\"screen-reader-text\">Coronavirus France\u00a0:\u00a0l&rsquo;Essonne renforce ses mesures\u00a0sanitaires<\/span> <span class=\"meta-nav\">&rarr;<\/span><\/a><\/p>\n","protected":false},"author":1,"featured_media":5359,"comment_status":"open","ping_status":"open","sticky":false,"template":"","format":"standard","meta":{"_sitemap_exclude":false,"_sitemap_priority":"","_sitemap_frequency":"","footnotes":""},"categories":[1],"tags":[],"class_list":["post-5358","post","type-post","status-publish","format-standard","has-post-thumbnail","hentry","category-tous"],"_links":{"self":[{"href":"http:\/\/www.affinite.fr\/index.php\/wp-json\/wp\/v2\/posts\/5358"}],"collection":[{"href":"http:\/\/www.affinite.fr\/index.php\/wp-json\/wp\/v2\/posts"}],"about":[{"href":"http:\/\/www.affinite.fr\/index.php\/wp-json\/wp\/v2\/types\/post"}],"author":[{"embeddable":true,"href":"http:\/\/www.affinite.fr\/index.php\/wp-json\/wp\/v2\/users\/1"}],"replies":[{"embeddable":true,"href":"http:\/\/www.affinite.fr\/index.php\/wp-json\/wp\/v2\/comments?post=5358"}],"version-history":[{"count":0,"href":"http:\/\/www.affinite.fr\/index.php\/wp-json\/wp\/v2\/posts\/5358\/revisions"}],"wp:featuredmedia":[{"embeddable":true,"href":"http:\/\/www.affinite.fr\/index.php\/wp-json\/wp\/v2\/media\/5359"}],"wp:attachment":[{"href":"http:\/\/www.affinite.fr\/index.php\/wp-json\/wp\/v2\/media?parent=5358"}],"wp:term":[{"taxonomy":"category","embeddable":true,"href":"http:\/\/www.affinite.fr\/index.php\/wp-json\/wp\/v2\/categories?post=5358"},{"taxonomy":"post_tag","embeddable":true,"href":"http:\/\/www.affinite.fr\/index.php\/wp-json\/wp\/v2\/tags?post=5358"}],"curies":[{"name":"wp","href":"https:\/\/api.w.org\/{rel}","templated":true}]}}