{"id":5356,"date":"2020-10-11T13:31:54","date_gmt":"2020-10-11T13:31:54","guid":{"rendered":"https:\/\/www.affinite.fr\/index.php\/2020\/10\/11\/mon-grand-pere-et-moi-lidee-du-film-vient-dun-ado-de-11-ans-actus-cine\/"},"modified":"2020-10-11T13:31:54","modified_gmt":"2020-10-11T13:31:54","slug":"mon-grand-pere-et-moi-lidee-du-film-vient-dun-ado-de-11-ans-actus-cine","status":"publish","type":"post","link":"http:\/\/www.affinite.fr\/index.php\/2020\/10\/11\/mon-grand-pere-et-moi-lidee-du-film-vient-dun-ado-de-11-ans-actus-cine\/","title":{"rendered":"Mon grand-p\u00e8re et moi : l&rsquo;id\u00e9e du film vient d&rsquo;un ado de 11 ans &#8211; Actus Cin\u00e9"},"content":{"rendered":"<p> [ad_1]<br \/>\n<\/p>\n<p>Mon grand-p\u00e8re et moi, com\u00e9die avec les v\u00e9t\u00e9rans Robert De Niro et Christopher Walken, est un projet port\u00e9 au d\u00e9part par un ado de 11 ans ! Explications.<\/p>\n<div id=\"article-content\">\n<figure class=\"player player-auto-play js-player\" data-model=\"{&quot;context&quot;:&quot;newspage_news&quot;,&quot;launch&quot;:&quot;auto-play&quot;,&quot;followScroll&quot;:true,&quot;endScreen&quot;:true,&quot;disableAutoPause&quot;:true,&quot;videos&quot;:[{&quot;id&quot;:19588825,&quot;sources&quot;:{&quot;medium&quot;:&quot;\/\/fr.vid.web.acsta.net\/nmedia\/33\/20\/09\/04\/09\/\/19588825_sd_013.mp4&quot;,&quot;high&quot;:&quot;\/\/fr.vid.web.acsta.net\/nmedia\/33\/20\/09\/04\/09\/\/19588825_hd_013.mp4&quot;},&quot;image&quot;:&quot;\/videothumbnails\/20\/09\/04\/09\/41\/4231338.jpg&quot;,&quot;title&quot;:&quot;Mon grand-pu00e8re et moi Bande-annonce VO&quot;,&quot;trackingIdentifier&quot;:&quot;19588825-mon_grand_pere_et_moi_bande_annonce_vo&quot;,&quot;embedUrl&quot;:&quot;ACraHRACr0cDovL3BsYXllci5hbGxvY2luZS5mci8xOTU4ODgyNS5odG1s&quot;,&quot;id_type&quot;:31003,&quot;file_type&quot;:&quot;trailer&quot;,&quot;description&quot;:&quot;&lt;strong&gt;Mon grand-pu00e8re et moi&lt;\/strong&gt; Bande-annonce VO&quot;,&quot;duration&quot;:135,&quot;view_count&quot;:137895,&quot;added_at&quot;:{&quot;date&quot;:&quot;2020-09-07 12:00:00.000000&quot;,&quot;timezone_type&quot;:3,&quot;timezone&quot;:&quot;Europe\/Paris&quot;},&quot;metas&quot;:{&quot;genre_main_movie&quot;:[{&quot;name&quot;:&quot;Comu00e9die&quot;,&quot;id&quot;:&quot;13005&quot;},{&quot;name&quot;:&quot;Famille&quot;,&quot;id&quot;:&quot;13036&quot;},{&quot;name&quot;:&quot;Drame&quot;,&quot;id&quot;:&quot;13008&quot;}],&quot;id_main_movie&quot;:248196,&quot;image_main_movie&quot;:&quot;\/pictures\/20\/09\/10\/13\/26\/4562652.jpg&quot;,&quot;localized_file_type&quot;:&quot;trailer&quot;,&quot;main_movie_type&quot;:4002,&quot;name_main_movie&quot;:&quot;Mon grand-pu00e8re et moi&quot;,&quot;nb_days_release_main_movie&quot;:-4,&quot;release_date_main_movie&quot;:{&quot;date&quot;:&quot;2020-10-07 00:00:00.000000&quot;,&quot;timezone_type&quot;:3,&quot;timezone&quot;:&quot;Europe\/Paris&quot;},&quot;release_status_movie&quot;:&quot;Sortie en salle&quot;,&quot;trans_file_type&quot;:&quot;Bande-annonce&quot;},&quot;relatedEntityDistributor&quot;:&quot;Alba Films&quot;,&quot;relatedEntityDistributorId&quot;:43484,&quot;relatedEntityType&quot;:&quot;movie&quot;,&quot;relatedEntityTrackingIdentifier&quot;:&quot;248196-mon_grand_pere_et_moi&quot;,&quot;relatedEntityTitle&quot;:&quot;Mon grand-pu00e8re et moi&quot;,&quot;relatedEntityId&quot;:248196,&quot;genres&quot;:[{&quot;id&quot;:&quot;13005&quot;,&quot;name&quot;:&quot;Comu00e9die&quot;},{&quot;id&quot;:&quot;13036&quot;,&quot;name&quot;:&quot;Famille&quot;},{&quot;id&quot;:&quot;13008&quot;,&quot;name&quot;:&quot;Drame&quot;}],&quot;relatedEntityUrl&quot;:&quot;ACraHRACr0cDovL3d3dy5hbGxvY2luZS5mci9maWxtL2ZpY2hlZmlsbV9nZW5fY2ZpbG09MjQ4MTk2Lmh0bWw=&quot;,&quot;mediaUrl&quot;:&quot;ACraHRACr0cDovL3d3dy5hbGxvY2luZS5mci92aWRlby9wbGF5ZXJfZ2VuX2NtZWRpYT0xOTU4ODgyNSZjZmlsbT0yNDgxOTYuaHRtbA==&quot;}],&quot;disablePreroll&quot;:false,&quot;disablePostroll&quot;:false}\" data-thumb=\"http:\/\/fr.web.img4.acsta.net\/r_640_360\/videothumbnails\/20\/09\/04\/09\/41\/4231338.jpg\">\n<\/figure>\n<p>L\u2019aventure\u00a0<a title=\"Mon grand-p\u00e8re et moi (U.S.A.) - 2020 (Com\u00e9die,Famille,Drame)\" href=\"http:\/\/www.allocine.fr\/film\/fichefilm_gen_cfilm=248196.html\">Mon grand-p\u00e8re et moi<\/a> a commenc\u00e9 gr\u00e2ce au producteur ex\u00e9cutif en herbe <a title=\"Tre Peart (Ind\u00e9fini) (Producteur d\u00e9l\u00e9gu\u00e9)\" href=\"http:\/\/www.allocine.fr\/personne\/fichepersonne_gen_cpersonne=910289.html\">Tre Peart<\/a>, seulement \u00e2g\u00e9 de 11 ans. Ce dernier avait lu le <a href=\"http:\/\/www.affinite.fr\/index.php\/2023\/08\/24\/lart-de-la-glace-transforme-en-business-la-vision-unique-de-fabien-gris\/\">livre<\/a> de Robert Kimmel Smith, <i>The War With Grandpa<\/i>, dans le cadre scolaire. <i>\u00ab\u00a0Chez moi, il y avait une r\u00e8gle qui voulait que si un film \u00e9tait adapt\u00e9 d\u2019un livre, je devais d\u2019abord lire le livre. Du coup, apr\u00e8s l\u2019avoir lu, j\u2019avais h\u00e2te de voir le film\u00a0\u00bb<\/i>, se souvient le jeune gar\u00e7on.<\/p>\n<p>Tre Peart explore alors toutes sortes de sites comme YouTube, Netflix et Vimeo et ne trouve rien. <i>\u00ab\u00a0Du coup, j\u2019en ai parl\u00e9 \u00e0 mes parents qui, par chance, sont producteurs de cin\u00e9ma. Ils ont trouv\u00e9 que c\u2019\u00e9tait une bonne id\u00e9e. Et voil\u00e0 comment ce projet est n\u00e9\u00a0\u00bb<\/i>, explique le jeune homme. En effet, ses parents sont les producteurs\u00a0<a title=\"Marvin Peart (Ind\u00e9fini) (Producteur,Producteur d\u00e9l\u00e9gu\u00e9,Sc\u00e9nariste)\" href=\"http:\/\/www.allocine.fr\/personne\/fichepersonne_gen_cpersonne=206764.html\">Marvin<\/a> et <a title=\"Rosa Morris Peart (Ind\u00e9fini) (Producteur d\u00e9l\u00e9gu\u00e9,Producteur)\" href=\"http:\/\/www.allocine.fr\/personne\/fichepersonne_gen_cpersonne=776391.html\">Rosa Peart<\/a>. S\u00e9duits par l&rsquo;id\u00e9e de leur fils, ils vont lancer la mise en chantier de l&rsquo;adaptation cin\u00e9ma du roman <i>The War With Grandpa<\/i>.<\/p>\n<p>Le fait que l&rsquo;ouvrage soit recommand\u00e9 par des enseignants et qu\u2019il ait suscit\u00e9 l\u2019enthousiasme de nombreux \u00e9l\u00e8ves comme Tre Peart a confort\u00e9 les producteurs dans l\u2019id\u00e9e que ce projet avait du potentiel. Marvin et Rosa Peart ont d\u00e9cid\u00e9, en amont, d\u2019associer leur fils Tre \u00e0 la production du film. Ces derniers souhaitaient l\u2019encourager pour que cette exp\u00e9rience soit formatrice pour lui. \u00ab\u00a0<\/p>\n<p><i>\u00ab\u00a0Je ne souhaitais pas qu\u2019il se dise que sa contribution \u00e9tait moins importante tout simplement parce qu\u2019il \u00e9tait un enfant. Je tenais \u00e0 faire comme si une femme d\u2019une cinquantaine d\u2019ann\u00e9es m\u2019avait sollicit\u00e9 pour d\u00e9velopper ce projet avec elle car, selon elle, ce livre \u00e9tait susceptible de donner lieu \u00e0 un film formidable\u00a0\u00bb<\/i>, confie Marvin Peart.<\/p>\n<div class=\"article-figure-holder\">\n<figure class=\"article-figure mceNonEditable\"><img loading=\"lazy\" decoding=\"async\" class=\"article-figure-img\" src=\"data:image\/gif;base64,R0lGODlhAgABAPAAAAAAAAAAACH5BAEAAAAAIf8LSW1hZ2VNYWdpY2sNZ2FtbWE9MC40NTQ1NQAsAAAAAAIAAQAAAgIECgA7\" data-src=\"http:\/\/fr.web.img6.acsta.net\/newsv7\/20\/10\/07\/11\/33\/5206813.png\" width=\"640\" height=\"320\"\/><span class=\"article-figcaption-copy\">FabTV<\/span><figcaption class=\"article-figcaption\">\n            Tre Peart, jeune producteur ex\u00e9cutif de Mon grand-p\u00e8re et moi<br \/>\n        <\/figcaption><\/figure>\n<\/div>\n<p>C\u2019est Tre Peart lui-m\u00eame qui a pens\u00e9 \u00e0 faire appel \u00e0\u00a0<a title=\"Robert De Niro (U.S.A.) (Acteur,Producteur,Producteur d\u00e9l\u00e9gu\u00e9)\" href=\"http:\/\/www.allocine.fr\/personne\/fichepersonne_gen_cpersonne=8.html\">Robert De Niro<\/a> pour incarner Ed, le grand-p\u00e8re en guerre contre petit-fils, Peter. Le jeune homme a donn\u00e9 des id\u00e9es pour les farces, les diff\u00e9rents gags, et fait pas mal de remarques sur le sc\u00e9nario. <i>\u00ab\u00a0Il a lu toutes les versions du script et il fait partie int\u00e9grante de notre \u00e9quipe de producteurs. Tre m\u00e9rite largement son titre de producteur ex\u00e9cutif\u00a0\u00bb<\/i>, d\u00e9clare sa m\u00e8re, Rosa Peart.<\/p>\n<p>Selon la productrice, convaincre Robert De Niro d&rsquo;accepter le r\u00f4le du grand-p\u00e8re a \u00e9t\u00e9 difficile. <i>\u00ab\u00a0D\u2019abord, il avait un souci de disponibilit\u00e9. Ensuite, il n\u2019\u00e9tait pas certain que le projet lui corresponde. Et puis, notre soci\u00e9t\u00e9 de production est modeste et ind\u00e9pendante \u2013 on n\u2019avait pas un tr\u00e8s gros budget. Mais au bout du compte, on n\u2019a pas l\u00e2ch\u00e9 l\u2019affaire et il a fini par changer d\u2019avis.\u00a0\u00bb<\/i><\/p>\n<p>\u00c0 noter que Tre Peart est sans doute le plus jeune producteur ex\u00e9cutif de l\u2019histoire du cin\u00e9ma. Ses parents attendent que ce soit confirm\u00e9. <i>\u00ab\u00a0Le Livre Guinness des Records nous a contact\u00e9s pour nous dire qu\u2019au moment de la sortie du film, Tre sera le plus jeune producteur de tous les temps\u00a0\u00bb<\/i>, affirme son p\u00e8re, Marvin Peart.<\/p>\n<\/p><\/div>\n<p>[ad_2]<br \/>\n<br \/><a href=\"http:\/\/rss.allocine.fr\/~r\/ac\/actualites\/~3\/ltl4rtda3A8\/fichearticle_gen_carticle=18693019.html\">Source link <\/a><\/p>\n","protected":false},"excerpt":{"rendered":"<p>[ad_1] Mon grand-p\u00e8re et moi, com\u00e9die avec les v\u00e9t\u00e9rans Robert De Niro et Christopher Walken, est un projet port\u00e9 au &hellip; <a href=\"http:\/\/www.affinite.fr\/index.php\/2020\/10\/11\/mon-grand-pere-et-moi-lidee-du-film-vient-dun-ado-de-11-ans-actus-cine\/\" class=\"more-link\">Plus <span class=\"screen-reader-text\">Mon grand-p\u00e8re et moi : l&rsquo;id\u00e9e du film vient d&rsquo;un ado de 11 ans &#8211; Actus Cin\u00e9<\/span> <span class=\"meta-nav\">&rarr;<\/span><\/a><\/p>\n","protected":false},"author":1,"featured_media":5357,"comment_status":"open","ping_status":"open","sticky":false,"template":"","format":"standard","meta":{"_sitemap_exclude":false,"_sitemap_priority":"","_sitemap_frequency":"","footnotes":""},"categories":[1],"tags":[],"class_list":["post-5356","post","type-post","status-publish","format-standard","has-post-thumbnail","hentry","category-tous"],"_links":{"self":[{"href":"http:\/\/www.affinite.fr\/index.php\/wp-json\/wp\/v2\/posts\/5356"}],"collection":[{"href":"http:\/\/www.affinite.fr\/index.php\/wp-json\/wp\/v2\/posts"}],"about":[{"href":"http:\/\/www.affinite.fr\/index.php\/wp-json\/wp\/v2\/types\/post"}],"author":[{"embeddable":true,"href":"http:\/\/www.affinite.fr\/index.php\/wp-json\/wp\/v2\/users\/1"}],"replies":[{"embeddable":true,"href":"http:\/\/www.affinite.fr\/index.php\/wp-json\/wp\/v2\/comments?post=5356"}],"version-history":[{"count":0,"href":"http:\/\/www.affinite.fr\/index.php\/wp-json\/wp\/v2\/posts\/5356\/revisions"}],"wp:featuredmedia":[{"embeddable":true,"href":"http:\/\/www.affinite.fr\/index.php\/wp-json\/wp\/v2\/media\/5357"}],"wp:attachment":[{"href":"http:\/\/www.affinite.fr\/index.php\/wp-json\/wp\/v2\/media?parent=5356"}],"wp:term":[{"taxonomy":"category","embeddable":true,"href":"http:\/\/www.affinite.fr\/index.php\/wp-json\/wp\/v2\/categories?post=5356"},{"taxonomy":"post_tag","embeddable":true,"href":"http:\/\/www.affinite.fr\/index.php\/wp-json\/wp\/v2\/tags?post=5356"}],"curies":[{"name":"wp","href":"https:\/\/api.w.org\/{rel}","templated":true}]}}