{"id":5344,"date":"2020-10-08T17:25:56","date_gmt":"2020-10-08T17:25:56","guid":{"rendered":"https:\/\/www.affinite.fr\/index.php\/2020\/10\/08\/coronavirus-france-zones-rouges-annonces-dolivier-veran\/"},"modified":"2020-10-08T17:25:56","modified_gmt":"2020-10-08T17:25:56","slug":"coronavirus-france-zones-rouges-annonces-dolivier-veran","status":"publish","type":"post","link":"http:\/\/www.affinite.fr\/index.php\/2020\/10\/08\/coronavirus-france-zones-rouges-annonces-dolivier-veran\/","title":{"rendered":"Coronavirus France\u00a0:\u00a0zones rouges, annonces d&rsquo;Olivier V\u00e9ran"},"content":{"rendered":"<p> [ad_1]<br \/>\n<\/p>\n<p>\n                CORONAVIRUS EN DIRECT &#8211;\u00a0La situation se complique en Ile-de-France o\u00f9 le plan blanc est r\u00e9activ\u00e9 dans les h\u00f4pitaux au vu de la pression sur les lits de r\u00e9animation. De nouvelles villes passent en zones d&rsquo;alerte rouge comme Lyon et Lille. Nouvelles mesures et annonces d&rsquo;Olivier V\u00e9ran.            <\/p>\n<div>\n<aside class=\"ccmsummary marqueur_module ccmcss_cms_summary ccmcss_cms_summary--right\">\n<p>\u00a0Sommaire<\/p>\n<\/aside>\n<p><strong>[Mise \u00e0 jour du jeudi 8\u00a0octobre \u00e0 18h55] <\/strong>Apr\u00e8s une premi\u00e8re vague d&rsquo;\u00e9pid\u00e9mie de <strong>coronavirus <\/strong>au\u00a0printemps, la France se trouve face \u00e0 une nouvelle situation sanitaire inqui\u00e9tante. \u00ab\u00a0Les<strong> indicateurs continuent de se d\u00e9grader\u00a0\u00bb <\/strong>confirme Olivier V\u00e9ran lors d&rsquo;une <a href=\"https:\/\/twitter.com\/MinSoliSante\/status\/1314235517760724993\" target=\"_blank\" rel=\"noopener noreferrer\">conf\u00e9rence de presse jeudi 8 octobre<\/a>.\u00a0Il annonce\u00a0de <strong>nouvelles restrictions <\/strong>avec le passage en <strong>zones d&rsquo;alerte renforc\u00e9e <\/strong>de <strong>Dijon et Clermont-Ferrand<\/strong>.\u00a0De plus,\u00a0<strong>Lille, Grenoble, Lyon, Saint-Etienne<\/strong> passent en zone d&rsquo;alerte maximale \u00e0 partir de samedi 10\u00a0octobre. Les restrictions pourront \u00eatre diff\u00e9rentes que celles actuellement en vigueur dans ces zones.<em> \u00ab\u00a0Les arr\u00eat\u00e9s pris par le Pr\u00e9fet sont pris en lien avec les \u00e9lus locaux\u00a0\u00bb<\/em>, a rappel\u00e9 Olivier V\u00e9ran.\u00a0<strong>Toulouse et Montpellier <\/strong>pourraient basculer \u00e9galement en zone d&rsquo;alerte maximale d&rsquo;ici lundi, a pr\u00e9venu le ministre de la Sant\u00e9. La situation s&rsquo;am\u00e9liore dans\u00a0la <strong>Ni\u00e8vre et le Morbihan qui quittent les d\u00e9partements class\u00e9s en zone d&rsquo;alerte<\/strong>. Une \u00ab\u00a0inflexion positive\u00a0\u00bb est aussi not\u00e9e \u00e0 Rennes et Aix-Marseille. Le<strong> <a href=\"https:\/\/sante.journaldesfemmes.fr\/fiches-maladies\/2624681-plan-blanc-ile-de-france-paris-aphp-definition-hopital-covid-lille-mesures\/\" target=\"_blank\" rel=\"noopener noreferrer\">plan blanc est r\u00e9activ\u00e9 dans les h\u00f4pitaux d&rsquo;Ile-de-France<\/a><\/strong> \u00e0 compter du 8 octobre. Des<strong> op\u00e9rations sont \u00e0 nouveau d\u00e9programm\u00e9es <\/strong>face \u00e0 la pression en r\u00e9animation. Nombre de cas, d\u00e9c\u00e8s, <strong>personnes en r\u00e9animation<\/strong>,\u00a0<a href=\"https:\/\/sante.journaldesfemmes.fr\/fiches-maladies\/2636717-cluster-covid-coronavirus-france-universite-mesure-definition-que-veut-dire-carte-ecole-ehpad-combien-personne\/\" target=\"_blank\" rel=\"noopener noreferrer\">clusters<\/a>,\u00a0<a href=\"https:\/\/sante.journaldesfemmes.fr\/fiches-maladies\/2629823-taux-reproduction-covid-19-france-r0-r-effectif-definition-calcul-region-departement-carte\/\" target=\"_blank\" rel=\"noopener noreferrer\">R0 en France<\/a>&#8230; Chiffres et infos du jour.<\/p>\n<p><u><b>Derni\u00e8res infos en direct :<\/b><\/u><\/p>\n<ul>\n<li><em>\u00ab\u00a0La situation s&rsquo;est d\u00e9grad\u00e9e dans plusieurs m\u00e9tropoles ces derniers jours\u00a0\u00bb, <\/em>annonce Olivier V\u00e9ran ;<strong> Dijon <\/strong>passe en \u00ab\u00a0zone d&rsquo;alerte renforc\u00e9e\u00a0\u00bb ainsi que\u00a0<strong>Clermont-Ferrand.<\/strong><\/li>\n<li><strong>Lille, Grenoble, Lyon, Saint-Etienne<\/strong> passent en zone d&rsquo;alerte maximale est d\u00e9cid\u00e9e <strong>\u00e0 compter de samedi 10 octobre.<\/strong><\/li>\n<li><strong>Toulouse et Montpellier<\/strong> : <em>\u00ab\u00a0Nous nous donnons quelques jours d&rsquo;observation. Une bascule en alerte maximale pourrait \u00eatre op\u00e9r\u00e9e d&rsquo;ici lundi matin\u00a0\u00bb.<\/em><\/li>\n<li><strong>Am\u00e9liorations dans plusieurs endroits du territoire<\/strong> : la Ni\u00e8vre et le Morbihan quittent les d\u00e9partements class\u00e9s en zone d&rsquo;alerte. Inflexion positive aussi \u00e0 Rennes et Aix-Marseille.<\/li>\n<li><strong>Paris <\/strong>: <em>\u00ab\u00a0La pression sanitaire se fait de plus en plus forte obligeant \u00e0 d\u00e9programmer des soins, <\/em>confirme Olivier V\u00e9ran.<em> On peut monter jusqu&rsquo;\u00e0 12 000 lits de r\u00e9animation mais on est oblig\u00e9 de d\u00e9programmer des soins.\u00a0\u00bb<\/em><\/li>\n<li><strong>Bars et restaurants vs transports en commun.<\/strong><em> \u00ab\u00a0Les transports en commun c&rsquo;est le moyen d&rsquo;aller au travail, ils sont indispensables \u00e0 la vie \u00e9conomique et sociale du pays\u00a0\u00bb<\/em>, a rappel\u00e9 Olivier V\u00e9ran. Le ministre a encourag\u00e9 les usagers \u00e0 se laver les mains et \u00e0 utiliser\u00a0des gels hydro-alcooliques dans les transports pour r\u00e9duire les risques. <em>\u00ab\u00a0Les bars se remplissent sans respect des distances et c&rsquo;est l\u00e0 qu&rsquo;on enregistre beaucoup de contaminations\u00a0\u00bb <\/em>a-t-il poursuivi.<\/li>\n<li><strong>Vacances de Toussaint.<\/strong> <em>\u00ab\u00a0Nous n&rsquo;avons pas pris la d\u00e9cision de<strong> limiter les d\u00e9placements<\/strong> d&rsquo;un d\u00e9partement \u00e0 l&rsquo;autre,<\/em> a indiqu\u00e9 Olivier V\u00e9ran<em>. On doit voir les siens mais en faisant tr\u00e8s attention. Prot\u00e9gez-vous.\u00a0\u00bb<\/em><\/li>\n<li><strong>D\u00e9programmation des soins.<\/strong><em> \u00ab\u00a0Elle se fait h\u00f4pital par h\u00f4pital, territoire par territoire, <\/em>a rappel\u00e9 le ministre de la Sant\u00e9. <em>L&rsquo;Ile-de-France a d\u00e9clench\u00e9 le plan blanc donc les d\u00e9programmations vont prendre plus d&rsquo;ampleur. \u00ab\u00a0<\/em><\/li>\n<li><strong>Ile-de-France bient\u00f4t en \u00e9tat d&rsquo;urgence sanitaire ?<em> <\/em><\/strong><em>\u00ab\u00a0Si un territoire arrive en saturation importante, \u00e0 60% en r\u00e9animation, l&rsquo;\u00e9tat d&rsquo;urgence peut s&rsquo;accompagner d&rsquo;autres mesures pour freiner la circulation du virus. Mon message n&rsquo;est pas de vous dire que nous allons vers \u00e7a. Je ne veux pas faire de projections plus avant\u00a0\u00bb<\/em> a r\u00e9pondu le ministre de la Sant\u00e9.\u00a0<\/li>\n<li><strong>Vaccin grippe.<\/strong><em> \u00ab\u00a0Nous avons command\u00e9 beaucoup plus de vaccins que les ann\u00e9es pr\u00e9c\u00e9dentes. La campagne commence le 13 octobre pour les publics vuln\u00e9rables et les soignants. J&rsquo;invite vraiment les soignants \u00e0 se faire vacciner contre la grippe. Nous voulons qu&rsquo;un maximum de ces personnes, soignants et vuln\u00e9rables,\u00a0b\u00e9n\u00e9ficient de la vaccination\u00a0\u00bb<\/em> a indique Olivier V\u00e9ran avant de pr\u00e9ciser que selon les observations dans l&rsquo;h\u00e9misph\u00e8re Sud <em>\u00ab\u00a0<strong>la grippe est plut\u00f4t retard\u00e9e par la pr\u00e9sence du Covid<\/strong>\u00ab\u00a0<\/em>.\u00a0<\/li>\n<li><strong>Plan blanc r\u00e9activ\u00e9 en Ile-de-France. <\/strong><em>\u00ab\u00a0Au vu de la pression sur les lits de r\u00e9animation et d&rsquo;hospitalisation conventionnelle, j&rsquo;ai demand\u00e9 aux directeurs des \u00e9tablissements de sant\u00e9 de la r\u00e9gion de d\u00e9clencher leur plan blanc pour mobiliser toutes leurs ressources et anticiper les jours \u00e0 venir\u00a0\u00bb <\/em>a annonc\u00e9 <a href=\"https:\/\/twitter.com\/aur_rousseau\/status\/1314100398106578944\" target=\"_blank\" rel=\"noopener noreferrer\">Aur\u00e9lien Rousseau<\/a>, Directeur g\u00e9n\u00e9ral de l&rsquo;Agence r\u00e9gionale de Sant\u00e9 de la r\u00e9gion, sur son compte Twitter jeudi 8 octobre. Le<strong> taux d&rsquo;occupation des lits en r\u00e9animation est \u00e0 40%<\/strong>, bien au-dessus du seuil d&rsquo;alerte de 30% fix\u00e9 par les autorit\u00e9s sanitaires.\u00a0<\/li>\n<li><strong>Nouvelles restrictions en <a href=\"http:\/\/www.affinite.fr\/index.php\/2024\/11\/21\/construire-votre-maison-en-normandie\/\">Normandie<\/a>.\u00a0<\/strong>Le pr\u00e9fet du Calvados annonce\u00a0jeudi 8\u00a0octobre de nouvelles restrictions dans les villes de<strong> Deauville, Trouville et Honfleur,<\/strong> pour limiter la propagation du coronavirus. Les \u00e9tablissements recevant du public\u00a0devront\u00a0respecter 1\u00a0m\u00e8tre entre les groupes qui ne doivent pas d\u00e9passer dix personnes et donc diminuer d&rsquo;un tiers leurs jauges et limiter les \u00e9v\u00e9nements festifs \u00e0 trente personnes. La troisi\u00e8me restriction concerne l&rsquo;interdiction de louer ou de mettre \u00e0 disposition tous types de locaux destin\u00e9s \u00e0 accueillir plus de 30\u00a0personnes dans le cadre d&rsquo;un \u00e9v\u00e9nement festif.<\/li>\n<\/ul>\n<blockquote>\n<p style=\"text-align: right;\">\u00ab\u00a0Huit mois plus tard, on se retrouve en p\u00e9nurie de lits de r\u00e9animation.\u00a0\u00bb<\/p>\n<\/blockquote>\n<ul>\n<li><strong>Pas plus de lits en r\u00e9animation. <\/strong>Invit\u00e9 de l&rsquo;\u00e9mission \u00ab\u00a04 V\u00e9rit\u00e9s\u00a0\u00bb de France 2, jeudi 8 octobre, Philippe Juvin,\u00a0chef des urgences de l&rsquo;h\u00f4pital Georges-Pompidou \u00e0 Paris a d\u00e9plor\u00e9 la <em>\u00ab\u00a0p\u00e9nurie de lits de r\u00e9animation\u00a0\u00bb<\/em> : \u00ab\u00a0<em>Huit mois plus tard, on se retrouve en p\u00e9nurie de lits de r\u00e9animation. <strong>Il y a toujours 5\u00a0000\u00a0lits de r\u00e9animation, pas plus qu&rsquo;en mars<\/strong><\/em>.<em>\u00a0Il n&rsquo;y a pas plus de moyens\u00a0\u00bb<\/em><\/li>\n<\/ul>\n<p>Le ministre de la Sant\u00e9, Olivier V\u00e9ran, annonce le 8 octobre le passage en <strong>zone d&rsquo;alerte maximale <\/strong>de quatre nouvelles m\u00e9tropoles\u00a0<strong>Lille, Grenoble, Lyon, Saint-Etienne<\/strong>\u00a0<strong>\u00e0 compter de samedi 10\u00a0octobre.<\/strong>\u00a0De plus, les villes de<strong> Clermont-Ferrand<\/strong> et <strong>Dijon <\/strong>passent en zone d&rsquo;alerte renforc\u00e9e. De plus, <strong>Toulouse et Montpellier pourraient passer en zone d&rsquo;alerte maximale d&rsquo;ici lundi 12 octobre.<\/strong>\u00a0\u00ab\u00a0<em>Nous nous donnons quelques jours d&rsquo;observation\u00a0\u00bb<\/em> a indiqu\u00e9 Olivier V\u00e9ran lors de sa conf\u00e9rence de presse.\u00a0En Ile-de-France, 40% des patients en r\u00e9animation sont atteints du Covid-19.<\/p>\n<p><strong>\u25ba<a id=\"nouvelles-mesures-paris-covid-coronavirus\" name=\"nouvelles-mesures-paris-covid-coronavirus\"> A Paris<\/a> et les d\u00e9partements de la petite couronne (Hauts-de-Seine (92), Seine-Saint-Denis (93) et le Val-de-Marne (94)) d\u00e9sormais en zone d&rsquo;alerte maximale, voici <a href=\"https:\/\/www.iledefrance.ars.sante.fr\/covid-19-passage-en-alerte-maximale-paris-et-petite-couronne-le-05102020\" target=\"_blank\" rel=\"noopener noreferrer\">la liste des restrictions<\/a> en vigueur <u>d\u00e8s le mardi 6 octobre et jusqu&rsquo;au 19 octobre<\/u> inclus<\/strong>\u00a0<strong>:\u00a0\u00a0<\/strong><\/p>\n<ul>\n<li>Interdiction des rassemblements de plus de 1 000 personnes et\u00a0des rassemblements de plus de 10\u00a0personnes sur la voie publique. Cette derni\u00e8re mesure ne s&rsquo;applique pas dans les entreprises, les commerces, les manifestations, les files d&rsquo;attente dans la rue, les enterrements, les march\u00e9s, les visites guid\u00e9es et les distributions d&rsquo;aide alimentaire.\u00a0<\/li>\n<li>Interdiction\u00a0de consommer de l&rsquo;alcool\u00a0ainsi que\u00a0la vente \u00e0 emporter d&rsquo;alcool\u00a0\u00e0 partir de 22\u00a0heures<\/li>\n<\/ul>\n<ul>\n<li><strong>Fermeture de tous les bars et caf\u00e9s<\/strong>\u00a0(les restaurants pourront rester ouverts sous r\u00e9serve du respect d&rsquo;un nouveau protocole sanitaire renforc\u00e9, qui sera publi\u00e9 dans la journ\u00e9e)<\/li>\n<li>Interdiction des soir\u00e9es \u00e9tudiantes et des \u00e9v\u00e9nements festifs et f\u00eates locales organis\u00e9s dans les ERP (\u00e9tablissements recevant du public). Les mariages organis\u00e9s dans un lieu recevant du public ne sont donc pas autoris\u00e9s.\u00a0<\/li>\n<li>Fermeture des clubs de danse et salles de jeux.<\/li>\n<li>Fermeture des foires et salons, parcs exposition et interdiction des \u00e9v\u00e9nements organis\u00e9s dans des chapiteaux, tentes et structures (congr\u00e8s, salons professionnels, cirques&#8230;)<\/li>\n<li>Fermeture des gymnases, salles polyvalentes et piscines\u00a0\u00e0 tous types d&rsquo;activit\u00e9s, sauf pour les mineurs dans un cadre scolaire, associatif ou priv\u00e9.<\/li>\n<li>Fermeture des clubs de sports et clubs de fitness. Les stades et \u00e9quipements \u00e0 l&rsquo;ext\u00e9rieur restent ouverts tant que la jauge du public soit inf\u00e9rieure \u00e0 1 000 personnes.\u00a0<\/li>\n<li>Les centres commerciaux pourront accueillir <strong>moins d&rsquo;un client pour 4m\u00b2<\/strong>.<\/li>\n<li><strong>Dans les <a href=\"https:\/\/sante.journaldesfemmes.fr\/fiches-maladies\/2633397-coronavirus-personnes-agees-fragile-vulnerable-age-sortie-visite-nouvelle-mesure-ehpad-paris\/\" target=\"_blank\" rel=\"noopener noreferrer\">Ehpad<\/a><\/strong>, les visites sont autoris\u00e9es <strong>uniquement<\/strong>\u00a0<strong>sur rendez-vous<\/strong> avec <strong>deux personnes maximum<\/strong>\u00a0et si possible dans un espace d\u00e9di\u00e9 \u00e0 ces visites (pas dans les chambres des r\u00e9sidents ou les salles communes par exemple). Les visiteurs qui ne respectent pas les mesures barri\u00e8res auront une suspension de droit de visite. Les sorties collectives sont suspendues et les visites individuelles (dans les familles par exemple) doivent \u00eatre limit\u00e9es. Les \u00e9tablissements qui ont des accueils de jour dont l&rsquo;entr\u00e9e n&rsquo;est pas diff\u00e9renci\u00e9e de l&rsquo;entr\u00e9e principale devront fermer cet accueil tant qu&rsquo;il n&rsquo;y a pas de nouveau protocole s\u00e9curis\u00e9. Des tests antig\u00e9niques seront effectu\u00e9s \u00e0 titre d&rsquo;essai dans 80 Ehpad d&rsquo;Ile-de-France.\u00a0<\/li>\n<li><strong>Dans les universit\u00e9s,<\/strong> mise en place d&rsquo;une<strong> jauge de capacit\u00e9 d&rsquo;accueil maximum de 50%<\/strong> dans les amphith\u00e9\u00e2tres, salles de cours et r\u00e9fectoires.\u00a0<\/li>\n<li>Les th\u00e9\u00e2tres, cin\u00e9mas et mus\u00e9es sont toujours ouverts en continuant \u00e0 appliquer les mesures sanitaires d\u00e9j\u00e0 en vigueur.<\/li>\n<\/ul>\n<p><strong>\u25ba En Guadeloupe\u00a0et dans la m\u00e9tropole\u00a0Aix-Marseille (\u00ab\u00a0zones d&rsquo;alerte maximale\u00a0\u00bb) :\u00a0<\/strong><\/p>\n<ul>\n<li>Fermeture totale des bars et restaurants en Guadeloupe, et \u00e0 Aix-en-Provence et Marseille. La vente \u00e0 emporter et la livraison restent possibles. 15 autres communes des Bouches-du-Rh\u00f4ne sont concern\u00e9es par cette restriction entre 22h et 6h du matin, dont Arles, Martigues, La Ciotat, Gardanne&#8230;\u00a0<\/li>\n<li>Fermeture de l&rsquo;ensemble des \u00e9tablissements recevant du public en Guadeloupe, et dans la r\u00e9gion Aix-Marseille, sauf s&rsquo;il existe un protocole sanitaire strict d\u00e9j\u00e0 mis en place, comme dans les th\u00e9\u00e2tres, les mus\u00e9es, les cin\u00e9mas&#8230; Ces lieux culturels qui ne sont pas concern\u00e9s par les mesures de fermeture.<\/li>\n<\/ul>\n<p><strong>\u25ba A\u00a0Lyon, Lille, Montpellier, Bordeaux, Grenoble, Rennes, Rouen, Saint-Etienne, Toulouse, Nice (\u00ab\u00a0zones d&rsquo;alerte renforc\u00e9e\u00a0\u00bb) :\u00a0<\/strong><\/p>\n<ul>\n<li>Rassemblements limit\u00e9s \u00e0 1000 personnes (simultan\u00e9ment)<\/li>\n<li>Interdiction des grands \u00e9v\u00e9nements d\u00e9clar\u00e9s comme les f\u00eates locales ou les f\u00eates \u00e9tudiantes<\/li>\n<li>Interdiction des rassemblements de plus de 10 personnes dans l&rsquo;espace public (plages, parcs, jardins, digues, for\u00eats, espaces fluviaux, brocantes, vide-greniers, c\u00e9r\u00e9monies&#8230;) depuis le 26 septembre.\u00a0Sont exclues les manifestations revendicatives d\u00e9clar\u00e9es et les c\u00e9r\u00e9monies fun\u00e9raires, les transports en commun et les march\u00e9s alimentaires.<\/li>\n<li>Fermeture anticip\u00e9e des d\u00e9bits de <a href=\"http:\/\/www.affinite.fr\/index.php\/2022\/11\/20\/gros-glacons-pour-les-cocktails\/\">boissons<\/a> (bars et bistrots ayant uniquement une licence IV) \u00e0 22 heures (voire plus t\u00f4t si le Pr\u00e9fet le d\u00e9cide)\u00a0depuis le lundi 28 septembre. Cette mesure ne concerne pas les restaurants ayant une licence de grande restauration qui pourront rester ouverts, \u00e0 condition de respecter un protocole sanitaire strict.<\/li>\n<li>Fermeture des clubs de sport, des salles de sport (sauf \u00e0 Toulouse et Rennes) et des gymnases depuis le 26 septembre sauf pour les activit\u00e9s scolaires et p\u00e9riscolaires et pour les entra\u00eenements des sportifs professionnels de haut niveau. Pr\u00e9cisions : les piscines restent ouvertes dans les conditions habituelles \u00e0 Paris et Rennes, uniquement pour les scolaires, les mineurs et les sportifs de haut niveau \u00e0 Lille et \u00e0 Lyon. Les vestiaires collectifs sont ferm\u00e9s.<\/li>\n<li>Fermeture des salles polyvalentes d\u00e9di\u00e9es aux activit\u00e9s festives et associatives\u00a0depuis le\u00a0lundi 28\u00a0septembre.<\/li>\n<li>Interdiction de la\u00a0 vente d&rsquo;alcool \u00e0 emporter et consommation d&rsquo;alcool sur la voie publique entre 20h et 6h (dans certaines villes comme Paris, Lille ou Toulouse par exemple) depuis le 28 septembre.<\/li>\n<li>Interdiction de la diffusion de musique sur la voie publique ou audible depuis la voie publique de 22h \u00e0 6h (le d\u00e9cret a \u00e9t\u00e9 pris \u00e0 Paris et sa petite couronne, Lille, Toulouse&#8230;) depuis le 28 septembre.<\/li>\n<li>Interdiction d&rsquo;organiser ou de participer \u00e0 un \u00e9v\u00e9nement \u00e0 caract\u00e8re festif ou r\u00e9cr\u00e9atif dans un \u00e9tablissement recevant du public. Particuli\u00e8rement, les f\u00eates de mariage (hors c\u00e9r\u00e9monie civile ou religieuse), les soir\u00e9es \u00e9tudiantes, les \u00e9v\u00e9nements festifs organis\u00e9s dans des lieux sp\u00e9cialement lou\u00e9s pour l&rsquo;occasion.<\/li>\n<\/ul>\n<p><strong>\u25ba Dans 74\u00a0d\u00e9partements (\u00ab\u00a0zones alerte\u00a0\u00bb) :<\/strong><\/p>\n<ul>\n<li>Rassemblements limit\u00e9s \u00e0 30 personnes dans l&rsquo;espace public (f\u00eates, mariages, tombola, \u00e9v\u00e8nements associatifs, communion, anniversaires). Les salles des f\u00eates et polyvalentes doivent d\u00e9sormais\u00a0respecter cette jauge de 30 personnes.\u00a0<\/li>\n<li>Autorisation des repr\u00e9sentations th\u00e9\u00e2trales, les concerts et tous les rassemblements culturels et artistiques, dans la limite de 1000\u00a0personnes, avec des places assises exclusivement, un espacement entre les tribus et le port du masque.<\/li>\n<li>Distance d&rsquo;un si\u00e8ge entre 2\u00a0personnes ou groupes de moins de 10\u00a0personnes dans les \u00e9tablissements sportifs et culturels.<\/li>\n<\/ul>\n<p>Par ailleurs, dans ces m\u00e9tropoles, le ministre a indiqu\u00e9 que le t\u00e9l\u00e9travail devait \u00eatre favoris\u00e9 autant que possible, en particulier pour les publics vuln\u00e9rables. Il faut \u00e9galement limiter les rassemblements priv\u00e9s, <em>\u00ab\u00a0tous les contacts sociaux sans masque doivent \u00eatre \u00e9vit\u00e9s au maximum\u00a0\u00bb<\/em> a expliqu\u00e9 Olivier V\u00e9ran. Les contrevenants seront verbalis\u00e9s et les \u00e9tablissements recevant du public en infraction avec les r\u00e8gles sanitaires feront syst\u00e9matiquement l&rsquo;objet de proc\u00e9dures administrative pouvant aller jusqu&rsquo;\u00e0 une fermeture.<\/p>\n<p>Le minist\u00e8re de la Sant\u00e9 a publi\u00e9 les nouvelles cartes des diff\u00e9rents niveaux d&rsquo;alerte en France <strong>en vigueur le 6 octobre. Ces cartes seront mises \u00e0 jour \u00e0 compter du 10 octobre suite au passage de nouvelles villes en zone d&rsquo;alerte maximale (Lille, Lyon, Saint-Etienne et Grenoble).\u00a0<\/strong>La d\u00e9cision de r\u00e9partition des territoires entre les diff\u00e9rents niveaux d&rsquo;alerte s&rsquo;appuie sur l&rsquo;appr\u00e9ciation du profil \u00e9pid\u00e9miologique de chaque territoire suite \u00e0 l&rsquo;analyse de 3\u00a0indicateurs produits par Sant\u00e9 publique France\u00a0:<\/p>\n<ul>\n<li>\u00a0<strong>Le taux d&rsquo;incidence\u00a0:<\/strong>\u00a0le nombre de nouveaux cas pour 100\u00a0000\u00a0habitants sur 7\u00a0jours glissants.<\/li>\n<li>\u00a0<strong>Le taux d&rsquo;incidence chez les personnes \u00e2g\u00e9es\u00a0:<\/strong>\u00a0le nombre de cas pour 100\u00a0000\u00a0habitants chez les plus de 65\u00a0ans, sur 7\u00a0jours glissants.<\/li>\n<li>\u00a0<strong>La part des patients COVID dans les r\u00e9animations\u00a0:<\/strong>\u00a0le nombre de patients COVID+ sur le nombre total de lits occup\u00e9s en r\u00e9animation.<\/li>\n<\/ul>\n<div style=\"text-align:center\">\n<figure class=\"image\" style=\"display:inline-block\"><a class=\"fancy\" href=\"https:\/\/img-3.journaldesfemmes.fr\/JDeXAVzezi7Jdadk_oGu5XO6wKo=\/1080x\/smart\/14718d3ae6ee49f7b52427d20e483e87\/ccmcms-jdf\/19133401.png\"><img decoding=\"async\" alt=\"Zones alerte en France\" src=\"https:\/\/img-3.journaldesfemmes.fr\/HK1Am-fydc2o0Sv2vlK1dcBVSP4=\/600x\/smart\/14718d3ae6ee49f7b52427d20e483e87\/ccmcms-jdf\/19133401.png\"\/><\/a><figcaption data-credit=\"Minist\u00e8re de la Sant\u00e9\" data-legend=\"Carte des zones d'alerte en France au 6 octobre 2020\">Carte des zones d&rsquo;alerte en France au 6 octobre 2020 <small>\u00a9\u00a0Minist\u00e8re de la Sant\u00e9<\/small><\/figcaption><\/figure>\n<\/div>\n<p><strong>\u2192 vert<\/strong> (gris sur la carte ci-dessus) :\u00a029 d\u00e9partements<\/p>\n<p><strong>\u2192 <\/strong><strong>rose : <\/strong>zone en \u00ab\u00a0alerte\u00a0\u00bb car plus de 50 nouveaux cas de Covid-19 pour 100 000 habitants, 74 d\u00e9partements.<\/p>\n<div style=\"text-align:center\">\n<figure class=\"image\" style=\"display:inline-block\"><a class=\"fancy\" href=\"https:\/\/img-3.journaldesfemmes.fr\/QNL8r0VEPe9JAykyqR07OwMJ6zQ=\/1080x\/smart\/5336b26e3ccd4f2ea7de6da25d878597\/ccmcms-jdf\/19133491.jpg\"><img decoding=\"async\" alt=\"Carte des zones en alerte (couleur rose) en France au 6 octobre 2020\" src=\"https:\/\/img-3.journaldesfemmes.fr\/IHMlnKTPzQv2EhxyPyhljycYhMY=\/600x\/smart\/5336b26e3ccd4f2ea7de6da25d878597\/ccmcms-jdf\/19133491.jpg\"\/><\/a><figcaption data-credit=\"Minist\u00e8re de la Sant\u00e9\" data-legend=\"Carte des zones en alerte (couleur rose) en France au 23 septembre 2020\">Carte des zones en alerte (couleur rose) en France au 6 octobre 2020 <small>\u00a9\u00a0Minist\u00e8re de la Sant\u00e9<\/small><\/figcaption><\/figure>\n<\/div>\n<p><strong>\u2192 rouge<\/strong>\u00a0: zone\u00a0en \u00ab\u00a0alerte renforc\u00e9e\u00a0\u00bb car plus de 150<strong>\u00a0<\/strong>nouveaux cas de Covid-19\u00a0pour 100\u00a0000\u00a0habitants et plus de 50 nouveaux chez des personnes de plus de 65 ans. Ce sont les villes de Bordeaux, Lyon, Nice, Lille, Toulouse,\u00a0Saint-Etienne, Rennes, Rouen, Grenoble, Montpellier, Paris, et sa petite couronne (Hauts-de-Seine\u00a0Seine-Saint-Denis\u00a0Val-De-Marne).<\/p>\n<div style=\"text-align:center\">\n<figure class=\"image\" style=\"display:inline-block\"><a class=\"fancy\" href=\"https:\/\/img-3.journaldesfemmes.fr\/hxe-wr8ecKsF83F-oWfVVFhLVWc=\/1080x\/smart\/a6ab21c6841d4fcbbc566d8aa3211143\/ccmcms-jdf\/19133564.jpg\"><img decoding=\"async\" alt=\"Carte des zones d'alerte renforc\u00e9e (couleur rouge) au 6 octobre 2020\" src=\"https:\/\/img-3.journaldesfemmes.fr\/Rm0iA9fZR-90jweRFmgqENNjKnc=\/600x\/smart\/a6ab21c6841d4fcbbc566d8aa3211143\/ccmcms-jdf\/19133564.jpg\"\/><\/a><figcaption data-credit=\"Minist\u00e8re de la Sant\u00e9\" data-legend=\"Carte des zones d'alerte renforc\u00e9e (couleur rouge) au 6 octobre 2020\">Carte des zones d&rsquo;alerte renforc\u00e9e (couleur rouge) au 6 octobre 2020 <small>\u00a9\u00a0Minist\u00e8re de la Sant\u00e9<\/small><\/figcaption><\/figure>\n<\/div>\n<p><strong>\u2192 rouge \u00e9carlate<\/strong>\u00a0: zone en \u00ab\u00a0alerte maximale\u00a0\u00bb car plus de 250<strong>\u00a0<\/strong>nouveaux cas de Covid-19\u00a0pour 100\u00a0000\u00a0habitants,\u00a0plus de 100\u00a0nouveaux chez des personnes de plus de 65\u00a0ans et 30% de patients Covid+ en r\u00e9animation. Ce sont \u00e0 date Paris et sa petite couronne (Hauts-de-Seine, Seine-Saint-Denis et Val-de-Marne), la m\u00e9tropole d&rsquo; Aix-Marseille et la\u00a0Guadeloupe.<\/p>\n<div style=\"text-align:center\">\n<figure class=\"image\" style=\"display:inline-block\"><img decoding=\"async\" alt=\"Carte des zones en alerte renforc\u00e9e (couleur noire) au 6 octobre 2020 \" src=\"https:\/\/img-3.journaldesfemmes.fr\/yQUrxZBdubImXitKRiBBPwatBno=\/600x\/smart\/10c7d12c02024b03bbc7dad7dada2986\/ccmcms-jdf\/19133527.jpg\"\/><figcaption data-credit=\"Minist\u00e8re de la Sant\u00e9\" data-legend=\"Carte des zones en alerte renforc\u00e9e (couleur noire) au 6 octobre 2020 \">Carte des zones en alerte maximale (couleur rouge \u00e9carlate) au 6\u00a0octobre 2020 <small>\u00a9\u00a0Minist\u00e8re de la Sant\u00e9<\/small><\/figcaption><\/figure>\n<\/div>\n<p><strong>\u2192 noir<\/strong> : zone en<strong>\u00a0<\/strong>\u00e9tat d&rsquo;urgence sanitaire car plus de 250<strong>\u00a0<\/strong>nouveaux cas de Covid-19\u00a0pour 100\u00a0000\u00a0habitants,\u00a0plus de 100\u00a0nouveaux chez des personnes de plus de 65\u00a0ans et 60% de patients Covid+ en r\u00e9animation. Aucun d\u00e9partement n&rsquo;est en noir pour le moment.<\/p>\n<blockquote>\n<p>Pendant la premi\u00e8re vague, 10\u00a0malades en contaminaient 30, contre 13 aujourd&rsquo;hui.\u00a0Tous les 3\u00a0jours environ, le nombre de malades doublaient, contre tous les 15 jours d\u00e9sormais.<\/p>\n<\/blockquote>\n<p>En France m\u00e9tropolitaine, la circulation virale se poursuit \u00e0 un niveau \u00e9lev\u00e9. Les\u00a0<strong>nouvelles hospitalisations<\/strong>\u00a0et\u00a0les nouvelles admissions en r\u00e9animation poursuivent\u00a0leur\u00a0hausse. Le<strong>\u00a0nombre de d\u00e9c\u00e8s<\/strong>\u00a0li\u00e9s au COVID-19\u00a0est \u00e9galement<strong>\u00a0en augmentation<\/strong>, notamment dans les \u00e9tablissements de sant\u00e9. Le\u00a0<strong>nombre\u00a0de clusters se maintient \u00e0 des niveaux \u00e9lev\u00e9s<\/strong>\u00a0mais reste\u00a0tr\u00e8s certainement\u00a0sous-estim\u00e9, pr\u00e9vient Sant\u00e9\u00a0publique<b>\u00a0<\/b>France dans son bulletin du 1er octobre. L&rsquo;augmentation du nombre de nouveaux cas confirm\u00e9s de COVID-19\u00a0se poursuit\u00a0:\u00a0<strong>chez les personnes de 75\u00a0ans et plus, le nombre de cas a \u00e9t\u00e9 multipli\u00e9 par quatre\u00a0<\/strong>depuis la mi-ao\u00fbt. Selon les derniers chiffres publi\u00e9s par le <a href=\"https:\/\/dashboard.covid19.data.gouv.fr\/vue-d-ensemble?location=FRA\" target=\"_blank\" rel=\"noopener noreferrer\">gouvernement<\/a> au 8 octobre :\u00a0<\/p>\n<p>\u2022 671 638 personnes ont \u00e9t\u00e9 contamin\u00e9es par le coronavirus (+ 18 129 en 24 heures)<\/p>\n<p>\u2022\u00a032 521 personnes sont d\u00e9c\u00e9d\u00e9es en France (+76 en 24 heures)<\/p>\n<p>\u2022 1427 personnes Covid-19 sont en r\u00e9animation\u00a0<\/p>\n<p>\u2022 7624 personnes Covid-19 sont hospitalis\u00e9es<\/p>\n<p><strong>O\u00f9 en est-on par rapport \u00e0 la premi\u00e8re vague du mois de mars ?\u00a0\u00ab\u00a0On a vu que le coronavirus\u00a0pouvait circuler tr\u00e8s vite, <\/strong>a rappel\u00e9 Olivier V\u00e9ran lors de sa conf\u00e9rence de presse du 1er octobre. <em>Pendant la premi\u00e8re vague, 10\u00a0malades en contaminaient 30, qui la semaine d&rsquo;apr\u00e8s en contaminaient 90&#8230;\u00a0Tous les 3\u00a0jours environ, le nombre de malades doublaient. L&rsquo;\u00e9pid\u00e9mie allait tr\u00e8s vite. Aujourd&rsquo;hui les choses ont chang\u00e9, nous avons appris collectivement \u00e0 lutter contre le coronavirus. Le nombre de malades double tous les 15 jours. 10 malades en contaminent 13.\u00a0\u00bb <\/em>Au niveau national, les nouvelles hospitalisations, les admissions en r\u00e9animation pour COVID-19\u00a0et les nombres de d\u00e9c\u00e8s restent \u00e0 des niveaux mod\u00e9r\u00e9s en comparaison \u00e0 la situation observ\u00e9e en mars-avril 2020, mais la poursuite de la circulation du virus chez les personnes les plus \u00e2g\u00e9es, fait craindre la poursuite des hospitalisations et des<strong> d\u00e9c\u00e8s dans les semaines \u00e0 venir.<\/strong><\/p>\n<blockquote>\n<p style=\"text-align: right;\">\u00a0Les personnes \u00e2g\u00e9es de 15\u00a0\u00e0 44\u00a0ans restent les plus touch\u00e9s par le SARS-CoV-2<\/p>\n<\/blockquote>\n<blockquote>\n<p style=\"text-align: right;\">\u00a0<\/p>\n<\/blockquote>\n<p>Le nombre de nouvelles contaminations au nouveau coronavirus augmente fortement en France. Au 8 octobre, Sant\u00e9\u00a0publique<b>\u00a0<\/b>France rapporte un total de<strong>\u00a0671 638\u00a0cas\u00a0confirm\u00e9s<\/strong>\u00a0de coronavirus depuis le d\u00e9but de la pand\u00e9mie.<strong>\u00a0Sur ces derni\u00e8res 24\u00a0heures, ce sont 18 129 personnes\u00a0suppl\u00e9mentaires<\/strong> qui ont \u00e9t\u00e9\u00a0infect\u00e9es.\u00a0Les personnes \u00e2g\u00e9es de 15\u00a0\u00e0 44\u00a0ans restent les plus\u00a0touch\u00e9es<b>\u00a0<\/b>par le SARS-CoV-2, suivies par les 45-64\u00a0ans, indique\u00a0<a href=\"https:\/\/www.santepubliquefrance.fr\/maladies-et-traumatismes\/maladies-et-infections-respiratoires\/infection-a-coronavirus\/documents\/bulletin-national\/covid-19-point-epidemiologique-du-1er-octobre-2020\" rel=\"noopener noreferrer\" target=\"_blank\">Sant\u00e9\u00a0publique\u00a0France<\/a>\u00a0dans son point hebdomadaire du 1er octobre. Chez les personnes de<strong>\u00a075\u00a0ans et plus,<\/strong>\u00a0le\u00a0<strong>nombre de cas\u00a0<\/strong>hebdomadaire a \u00e9t\u00e9<strong>\u00a0multipli\u00e9 par 4,3<\/strong>\u00a0depuis la mi-ao\u00fbt. L&rsquo;<strong>augmentation de cas chez les personnes \u00e2g\u00e9es est inqui\u00e9tante<\/strong>\u00a0car ces personnes sont parmi les plus \u00e0 risque de complication de COVID-19. Sur un total de 67\u00a0millions d&rsquo;habitants, cela repr\u00e9sente\u00a0<strong>0,74% de cette population.<\/strong>\u00a0Le\u00a0<strong>pic \u00e9pid\u00e9mique<\/strong>\u00a0a \u00e9t\u00e9 observ\u00e9 la\u00a0<strong>semaine du 23\u00a0au 29\u00a0mars<\/strong>, soit une semaine apr\u00e8s la mise en \u0153uvre des mesures de confinement de la population g\u00e9n\u00e9rale, le 17\u00a0mars 2020. Depuis mi-juin, le\u00a0<strong>nombre de nouveaux cas confirm\u00e9s de COVID-19\u00a0augmente r\u00e9guli\u00e8rement.<\/strong>\u00a0<\/p>\n<h3 style=\"text-align: center;\">Nombre incident de cas confirm\u00e9s de COVID-19\u00a0par semaine, rapport\u00e9s \u00e0 Sant\u00e9 publique France, du 10\u00a0mai au 27 septembre 2020\u00a0(donn\u00e9es au 30 septembre 2020)<\/h3>\n<div style=\"text-align:center\">\n<figure class=\"image\" style=\"display:inline-block\"><a class=\"fancy\" href=\"https:\/\/img-3.journaldesfemmes.fr\/jozGaH_7UqohP46tj2WpFCGkiYI=\/1080x\/smart\/44570bd12a994b7b8dfc2e9e86d9651c\/ccmcms-jdf\/19030064.jpg\"><img decoding=\"async\" alt=\"courbe evolution cas covid\" src=\"https:\/\/img-3.journaldesfemmes.fr\/9xADQKxMyxg8mXkvuInet4H_vNg=\/600x\/smart\/44570bd12a994b7b8dfc2e9e86d9651c\/ccmcms-jdf\/19030064.jpg\"\/><\/a><figcaption data-credit=\"Sant\u00e9 Publique France\" data-legend=\" Nombre incident de cas confirm\u00e9s de COVID-19 par semaine, rapport\u00e9s \u00e0 Sant\u00e9 publique France, du 10 mai au 27 septembre 2020 (donn\u00e9es au 30 septembre 2020)\">Nombre incident de cas confirm\u00e9s de COVID-19 par semaine, rapport\u00e9s \u00e0 Sant\u00e9 publique France, du 10 mai au 27 septembre 2020 (donn\u00e9es au 30 septembre 2020) <small>\u00a9\u00a0Sant\u00e9 Publique France<\/small><\/figcaption><\/figure>\n<\/div>\n<p style=\"text-align: center;\"><strong>Nombre de cas\u00a0et de personnes-contacts \u00e0 risque identifi\u00e9s par semaine du 13\u00a0mai 2020\u00a0au 27\u00a0septembre 2020\u00a0(source\u00a0: ContactCovid \u2013 Cnam)<\/strong><\/p>\n<div style=\"text-align:center\">\n<figure class=\"image\" style=\"display:inline-block\"><a class=\"fancy\" href=\"https:\/\/img-3.journaldesfemmes.fr\/31LXgm3eANBV2kJWdgwjMRGlKlk=\/1080x\/smart\/c489bea079be472d911ea197037daee1\/ccmcms-jdf\/19030083.jpg\"><img decoding=\"async\" alt=\"Nombre de cas* et de personnes-contacts \u00e0 risque identifi\u00e9s par semaine du 13 mai 2020 au 27 septembre 2020\" src=\"https:\/\/img-3.journaldesfemmes.fr\/sVYFmGLFBJNR-5RAkgjFHHdWBNA=\/600x\/smart\/c489bea079be472d911ea197037daee1\/ccmcms-jdf\/19030083.jpg\"\/><\/a><figcaption data-credit=\"Sant\u00e9 Publique France\" data-legend=\"Nombre de cas* et de personnes-contacts \u00e0 risque identifi\u00e9s par semaine du 13 mai 2020 au 27 septembre 2020\">Nombre de cas* et de personnes-contacts \u00e0 risque identifi\u00e9s par semaine du 13 mai 2020 au 27 septembre 2020 <small>\u00a9\u00a0Sant\u00e9 Publique France<\/small><\/figcaption><\/figure>\n<\/div>\n<p>Les notifications de nouvelles admissions en r\u00e9animation continuent d&rsquo;augmenter en France. Au 8 octobre,\u00a0<b>1 427 personnes sont en\u00a0r\u00e9animation \u00e0 cause du Covid-19<\/b>.<i>\u00a0\u00ab\u00a0Pour 10\u00a0malades en r\u00e9animation, 3\u00a0ont moins de 65\u00a0ans\u00a0\u00bb\u00a0 a\u00a0<\/i>indiqu\u00e9\u00a0Olivier V\u00e9ran lors de sa conf\u00e9rence de presse du 1er octobre \u00e0 l&rsquo;h\u00f4pital Bichat. En <strong>Ile-de-France, 40% des lits en r\u00e9animation sont d\u00e9sormais occup\u00e9s par des patients Covid-19<\/strong>. Aur\u00e9lien Rousseau, le Directeur G\u00e9n\u00e9ral de l&rsquo;Agence r\u00e9gionale de sant\u00e9 d&rsquo;Ile-de-France a annonc\u00e9 le 8 octobre, la r\u00e9activation du <a href=\"https:\/\/sante.journaldesfemmes.fr\/fiches-maladies\/2624681-plan-blanc-ile-de-france-paris-aphp-definition-hopital-covid-lille-mesures\/\" target=\"_blank\" rel=\"noopener noreferrer\">plan blanc<\/a>\u00a0dans tous les h\u00f4pitaux. Des op\u00e9rations \u00ab\u00a0non urgentes\u00a0\u00bb sont \u00e0 nouveau d\u00e9programm\u00e9es.<\/p>\n<p><iframe loading=\"lazy\" height=\"600\" src=\"https:\/\/geodes.santepubliquefrance.fr\/?view=map2&amp;indics=covid_hospit_incid.incid_rea&amp;serie=2020-09-07&amp;lang=fr&amp;iframe=1\" width=\"600\"><\/iframe><\/p>\n<p>Selon les <a href=\"https:\/\/www.gouvernement.fr\/info-coronavirus\/carte-et-donnees\" target=\"_blank\" rel=\"noopener noreferrer\">chiffres communiqu\u00e9s par le gouvernement<\/a>, consolid\u00e9s avec l&rsquo;Agence Sant\u00e9 Publique France et\u00a0les ARS (Agences r\u00e9gionales de Sant\u00e9), voici l&rsquo;\u00e9volution des hospitalisations (dont la r\u00e9animation) et des d\u00e9c\u00e8s\u00a0en France par r\u00e9gion.<\/p>\n<h3 style=\"text-align: center;\">Evolution des hospitalisations (dont en r\u00e9animation) et d\u00e9c\u00e8s \u00e0 l&rsquo;h\u00f4pital du Covid-19\u00a0par r\u00e9gion au 7\u00a0octobre (source\u00a0: Sant\u00e9 publique France)<\/h3>\n<table border=\"1\" cellpadding=\"1\" cellspacing=\"1\" style=\"width:100%;\">\n<thead>\n<tr>\n<th scope=\"col\" style=\"width: 210px;\">R\u00e9gions<\/th>\n<th scope=\"col\" style=\"width: 217px; text-align: center;\">Hospitalisations en cours<\/th>\n<th scope=\"col\" style=\"width: 176px; text-align: center;\">Evolution des nouveaux patients sur les\u00a0 derni\u00e8res 24\u00a0H<\/th>\n<th scope=\"col\" style=\"width: 156px; text-align: center;\">R\u00e9animation Soins intensif<\/th>\n<th scope=\"col\" style=\"width: 160px; text-align: center;\">Evolution des nouveaux patients sur les\u00a0 derni\u00e8res 24\u00a0H<\/th>\n<th scope=\"col\" style=\"width: 220px; text-align: center;\">D\u00e9c\u00e8s<\/th>\n<\/tr>\n<tr>\n<td style=\"width: 210px;\"><b>\u00cele-de-France<\/b><\/td>\n<td style=\"width: 217px;\">2 493<\/td>\n<td style=\"width: 176px;\">+27<\/td>\n<td style=\"width: 156px;\">453<\/td>\n<td style=\"width: 160px;\">+3<\/td>\n<td style=\"width: 220px;\">8 198<\/td>\n<\/tr>\n<tr>\n<td style=\"width: 210px;\"><strong>Grand Est<\/strong><\/td>\n<td style=\"width: 217px;\">269<\/td>\n<td style=\"width: 176px;\">-13<\/td>\n<td style=\"width: 156px;\">44<\/td>\n<td style=\"width: 160px;\">0<\/td>\n<td style=\"width: 220px;\">3\u00a0749<\/td>\n<\/tr>\n<tr>\n<td style=\"width: 210px;\"><strong>Auvergne-Rh\u00f4ne-Alpes<\/strong><\/td>\n<td style=\"width: 217px;\">987<\/td>\n<td style=\"width: 176px;\">+8<\/td>\n<td style=\"width: 156px;\">174<\/td>\n<td style=\"width: 160px;\">+4<\/td>\n<td style=\"width: 220px;\">1 987<\/td>\n<\/tr>\n<tr>\n<td style=\"width: 210px;\"><strong>Hauts-de-France<\/strong><\/td>\n<td style=\"width: 217px;\">751<\/td>\n<td style=\"width: 176px;\">-4<\/td>\n<td style=\"width: 156px;\">131<\/td>\n<td style=\"width: 160px;\">-11<\/td>\n<td style=\"width: 220px;\">2 060<\/td>\n<\/tr>\n<tr>\n<td style=\"width: 210px;\"><strong>Bourgogne-Franche-Comt\u00e9<\/strong><\/td>\n<td style=\"width: 217px;\">142<\/td>\n<td style=\"width: 176px;\">-6<\/td>\n<td style=\"width: 156px;\">30<\/td>\n<td style=\"width: 160px;\">0<\/td>\n<td style=\"width: 220px;\">1\u00a0092<\/td>\n<\/tr>\n<tr>\n<td style=\"width: 210px;\"><strong>Provence-Alpes-C\u00f4te d&rsquo;Azur<\/strong><\/td>\n<td style=\"width: 217px;\">823<\/td>\n<td style=\"width: 176px;\">-27<\/td>\n<td style=\"width: 156px;\">180<\/td>\n<td style=\"width: 160px;\">-15<\/td>\n<td style=\"width: 220px;\">1 187<\/td>\n<\/tr>\n<tr>\n<td style=\"width: 210px;\"><strong>Occitanie<\/strong><\/td>\n<td style=\"width: 217px;\">493<\/td>\n<td style=\"width: 176px;\">-20<\/td>\n<td style=\"width: 156px;\">130<\/td>\n<td style=\"width: 160px;\">-5<\/td>\n<td style=\"width: 220px;\">622<\/td>\n<\/tr>\n<tr>\n<td style=\"width: 210px;\"><strong>Bretagne<\/strong><\/td>\n<td style=\"width: 217px;\">185<\/td>\n<td style=\"width: 176px;\">-8<\/td>\n<td style=\"width: 156px;\">18<\/td>\n<td style=\"width: 160px;\">+1<\/td>\n<td style=\"width: 220px;\">294<\/td>\n<\/tr>\n<tr>\n<td style=\"width: 210px;\"><strong>Nouvelle-Aquitaine<\/strong><\/td>\n<td style=\"width: 217px;\">378<\/td>\n<td style=\"width: 176px;\">+7<\/td>\n<td style=\"width: 156px;\">68<\/td>\n<td style=\"width: 160px;\">+2<\/td>\n<td style=\"width: 220px;\">524<\/td>\n<\/tr>\n<tr>\n<td style=\"width: 210px;\"><strong>Normandie<\/strong><\/td>\n<td style=\"width: 217px;\">285<\/td>\n<td style=\"width: 176px;\">+20<\/td>\n<td style=\"width: 156px;\">55<\/td>\n<td style=\"width: 160px;\">+1<\/td>\n<td style=\"width: 220px;\">492<\/td>\n<\/tr>\n<tr>\n<td style=\"width: 210px;\"><strong>Centre Val-de-Loire<\/strong><\/td>\n<td style=\"width: 217px;\">157<\/td>\n<td style=\"width: 176px;\">-6<\/td>\n<td style=\"width: 156px;\">28<\/td>\n<td style=\"width: 160px;\">0<\/td>\n<td style=\"width: 220px;\">610<\/td>\n<\/tr>\n<tr>\n<td style=\"width: 210px;\"><strong>Pays de la Loire<\/strong><\/td>\n<td style=\"width: 217px;\">198<\/td>\n<td style=\"width: 176px;\">0<\/td>\n<td style=\"width: 156px;\">20<\/td>\n<td style=\"width: 160px;\">+2<\/td>\n<td style=\"width: 220px;\">525<\/td>\n<\/tr>\n<tr>\n<td style=\"width: 210px;\"><strong>Corse<\/strong><\/td>\n<td style=\"width: 217px;\">27<\/td>\n<td style=\"width: 176px;\">+4<\/td>\n<td style=\"width: 156px;\">7<\/td>\n<td style=\"width: 160px;\">0<\/td>\n<td style=\"width: 220px;\">66<\/td>\n<\/tr>\n<tr>\n<td style=\"width: 210px;\"><strong>Martinique<\/strong><\/td>\n<td style=\"width: 217px;\">42<\/td>\n<td style=\"width: 176px;\">+5<\/td>\n<td style=\"width: 156px;\">17<\/td>\n<td style=\"width: 160px;\">+3<\/td>\n<td style=\"width: 220px;\">22<\/td>\n<\/tr>\n<tr>\n<td style=\"width: 210px;\"><strong>Guadeloupe<\/strong><\/td>\n<td style=\"width: 217px;\">202<\/td>\n<td style=\"width: 176px;\">-23<\/td>\n<td style=\"width: 156px;\">27<\/td>\n<td style=\"width: 160px;\">-7<\/td>\n<td style=\"width: 220px;\">91<\/td>\n<\/tr>\n<tr>\n<td style=\"width: 210px;\"><strong>La R\u00e9union<\/strong><\/td>\n<td style=\"width: 217px;\">44<\/td>\n<td style=\"width: 176px;\">-1<\/td>\n<td style=\"width: 156px;\">13<\/td>\n<td style=\"width: 160px;\">-2<\/td>\n<td style=\"width: 220px;\">23<\/td>\n<\/tr>\n<tr>\n<td style=\"width: 210px;\"><strong>Guyane<\/strong><\/td>\n<td style=\"width: 217px;\">27<\/td>\n<td style=\"width: 176px;\">-4<\/td>\n<td style=\"width: 156px;\">6<\/td>\n<td style=\"width: 160px;\">-3<\/td>\n<td style=\"width: 220px;\">65<\/td>\n<\/tr>\n<tr>\n<td style=\"width: 210px;\"><strong>Mayotte<\/strong><\/td>\n<td style=\"width: 217px;\">11<\/td>\n<td style=\"width: 176px;\">+1<\/td>\n<td style=\"width: 156px;\">5<\/td>\n<td style=\"width: 160px;\">+2<\/td>\n<td style=\"width: 220px;\">29<\/td>\n<\/tr>\n<tr>\n<td style=\"width: 210px;\"><strong>TOTAL<\/strong><\/td>\n<td style=\"width: 217px;\"><b>7 536<\/b><\/td>\n<td style=\"width: 176px;\">-40<\/td>\n<td style=\"width: 156px;\"><b>1 416<\/b><\/td>\n<td style=\"width: 160px;\">-25<\/td>\n<td style=\"width: 220px;\"><strong>21 660 (+80)<\/strong><\/td>\n<\/tr>\n<\/thead>\n<\/table>\n<p>Le nombre de d\u00e9c\u00e8s du Covid-19 repart \u00e0 la hausse en France. Le\u00a0<b>premier<\/b>\u00a0\u00e9tait\u00a0survenu \u00e0 Paris le 14\u00a0f\u00e9vrier 2020, il s&rsquo;agissait d&rsquo;un\u00a0patient chinois de 80\u00a0ans<b>.<\/b> Au 8\u00a0octobre 2020,<b>\u00a032\u00a0521 personnes sont d\u00e9c\u00e9d\u00e9es\u00a0en France du Covid-19 <\/b>(+76 d\u00e9c\u00e8s en 24\u00a0heures \u00e0 l&rsquo;h\u00f4pital).\u00a0<\/p>\n<blockquote>\n<p style=\"text-align: right;\">Hausse de la mortalit\u00e9\u00a0en France chez les personnes \u00e2g\u00e9es de 65 \u00e0 74 ans.<\/p>\n<\/blockquote>\n<p>La proportion de d\u00e9c\u00e8s<strong>\u00a0chez les hommes<\/strong>\u00a0est sup\u00e9rieure \u00e0 celle des femmes depuis le d\u00e9but de la pand\u00e9mie (54%). Au moins <strong>92%<\/strong> des cas de COVID-19\u00a0d\u00e9c\u00e9d\u00e9s sont \u00e2g\u00e9s de <strong>65\u00a0ans ou plus. <\/strong>Le nouveau coronavirus aurait caus\u00e9 <strong>entre 25\u00a0000\u00a0et 30\u00a0000\u00a0d\u00e9c\u00e8s suppl\u00e9mentaires en France entre le 2\u00a0mars et le 31\u00a0mai<\/strong>, selon une synth\u00e8se publi\u00e9e par\u00a0<a href=\"https:\/\/www.santepubliquefrance.fr\/les-actualites\/2020\/mortalite-en-france-d-ou-viennent-les-chiffres\" target=\"_blank\" rel=\"noopener noreferrer\">Sant\u00e9 Publique France<\/a>\u00a0le 23\u00a0juillet.<\/p>\n<h3>\u2022\u00a0<a id=\"coronavirus-france-carte-deces\" name=\"coronavirus-france-carte-deces\">Carte des d\u00e9c\u00e8s en France par d\u00e9partements<\/a><\/h3>\n<p><iframe loading=\"lazy\" height=\"600\" src=\"https:\/\/geodes.santepubliquefrance.fr\/?view=map2&amp;indics=covid_hospit.dc&amp;serie=2020-04-28&amp;f1code=0&amp;lang=fr&amp;iframe=1\" width=\"600\"><\/iframe><\/p>\n<p><iframe loading=\"lazy\" height=\"1000\" src=\"https:\/\/mapthenews.maps.arcgis.com\/apps\/opsdashboard\/index.html#\/bae8aaa7a0b14261b4621c31db410c44\" style=\"border: 0px\" width=\"600\"><\/iframe><\/p>\n<aside id=\"NL_1383363947\" class=\"newsletter_subscription jNlBlock\"><noscript><br \/>\n            <\/noscript><\/p>\n<h3 class=\"newsletter_subscription-title\">Newsletter <\/h3>\n<p><a href=\"\/\/mailing.ccmbg.com\/archive\/last-85\" target=\"_blank\" class=\"a_hover\" rel=\"noopener noreferrer\">Voir un exemple<\/a><\/p>\n<\/aside>\n<p>Les nouvelles hospitalisations progressent dans toutes les r\u00e9gions.\u00a0Les<strong> taux d&rsquo;hospitalisations les plus \u00e9lev\u00e9s<\/strong> ont \u00e9t\u00e9 enregistr\u00e9s en <strong>Provence-Alpes-C\u00f4te d&rsquo;Azur, en \u00cele-de-France, en Auvergne-Rh\u00f4ne-Alpes<\/strong> et dans les <strong>Hauts-de-France.<\/strong>\u00a0Les taux d&rsquo;hospitalisation en r\u00e9animation les plus \u00e9lev\u00e9s sont observ\u00e9s en Ile-de-France et\u00a0en Provence-Alpes-C\u00f4te d&rsquo;Azur. Au 7\u00a0octobre 2020, <strong>67\u00a0d\u00e9partements <\/strong>ont un nombre de cas de Covid-19 au-dessus du seuil d&rsquo;alerte de 50\/100 000 habitants et sont en niveau de vuln\u00e9rabilit\u00e9 \u00ab\u00a0\u00e9lev\u00e9\u00a0\u00bb. La Mayenne a rejoint, le 6\u00a0octobre, la liste des d\u00e9partements class\u00e9s en vuln\u00e9rabilit\u00e9 \u00e9lev\u00e9e.<\/p>\n<h3 style=\"text-align: center;\">Niveau de vuln\u00e9rabilit\u00e9 par d\u00e9partement et \u00e9volution, France, au 7\u00a0octobre\u00a02020<\/h3>\n<section>\n<div style=\"text-align:center\">\n<figure class=\"image\" style=\"display:inline-block\"><a class=\"fancy\" href=\"https:\/\/img-3.journaldesfemmes.fr\/B9cI-mR1siCdNaq2Ak2TY_vHgPw=\/1080x\/smart\/be869a4b8425445eade67b318dcef291\/ccmcms-jdf\/19140012.png\"><img decoding=\"async\" alt=\"Niveau de vuln\u00e9rabilit\u00e9 par d\u00e9partement et \u00e9volution, France, au 1er octobre 2020\" src=\"https:\/\/img-3.journaldesfemmes.fr\/gtHGcbdy514Od6DBxpKJ3455gIo=\/600x\/smart\/be869a4b8425445eade67b318dcef291\/ccmcms-jdf\/19140012.png\"\/><\/a><figcaption data-credit=\"Sant\u00e9 Publique France\" data-legend=\"Niveau de vuln\u00e9rabilit\u00e9 par d\u00e9partement et \u00e9volution, France, au 6 octobre 2020\">Niveau de vuln\u00e9rabilit\u00e9 par d\u00e9partement et \u00e9volution, France, au 7 octobre 2020 <small>\u00a9\u00a0Sant\u00e9 Publique France<\/small><\/figcaption><\/figure>\n<\/div>\n<blockquote>\n<p style=\"text-align: right;\">Les clusters en milieu scolaire et universitaire repr\u00e9sentent 36% des clusters en cours.<\/p>\n<\/blockquote>\n<p>Le nombre de clusters de coronavirus reste \u00e9lev\u00e9 en France, indique Sant\u00e9\u00a0publique<b>\u00a0<\/b>France dans son point hebdomadaire du 1er octobre. Au 7\u00a0octobre,\u00a0<b>1\u00a0267 foyers de contamination sont\u00a0en cours d&rsquo;investigation<\/b>\u00a0en France (+96\u00a0sur les derni\u00e8res 24\u00a0heures) dont\u00a036% concernent le milieu scolaire et universitaire. Le nombre de clusters est aussi \u00e9lev\u00e9 en\u00a0<b>Ehpad (239)<\/b>, principalement dans les r\u00e9gions\u00a0<b>Provence-Alpes-C\u00f4te d&rsquo;Azur<\/b>\u00a0et\u00a0<b>Occitanie<\/b>. Sur l&rsquo;ensemble des clusters d\u00e9clar\u00e9s, les entreprises hors \u00e9tablissements de sant\u00e9 (ES) restent parmi les types de collectivit\u00e9s les plus repr\u00e9sent\u00e9es\u00a0(25%), puis le milieu scolaire et universitaire (20%),\u00a0le milieu familial et les \u00e9v\u00e8nements publics\/priv\u00e9s rassemblant de mani\u00e8re temporaire des personnes (18%).<\/p>\n<p>Le taux de reproduction (R effectif)\u00a0est \u00e9valu\u00e9 \u00e0 partir de plusieurs observations. Celui\u00a0calcul\u00e9 \u00e0 partir du nombre de tests positifs est \u00e0 <strong>1<\/strong>\u00a0(en l\u00e9g\u00e8re baisse par rapport \u00e0 la semaine derni\u00e8re o\u00f9 il \u00e9tait de 1.06), celui calcul\u00e9 \u00e0 partir des donn\u00e9es d&rsquo;hospitalisations (SI-VIC) est \u00e0\u00a0<strong>1,06\u00a0<\/strong>et celui calcul\u00e9 \u00e0 partir des passages aux Urgences baisse \u00e0<strong>\u00a00.88<\/strong>.\u00a0Ces taux montrent la vitesse de circulation du virus et prouvent aujourd&rsquo;hui que l&rsquo;\u00e9pid\u00e9mie ne r\u00e9gresse pas en France.\u00a0En\u00a0revanche, <em>\u00ab\u00a0il \u00e9tait beaucoup plus \u00e9lev\u00e9 lors de la premi\u00e8re vague, <\/em>a pr\u00e9cis\u00e9 Olivier V\u00e9ran le 23 septembre<em>, il \u00e9tait\u00a0\u00e0 3 voire au-del\u00e0\u00a0\u00bb.<\/em>\u00a0Quels sont les d\u00e9partements ou r\u00e9gions o\u00f9 le virus circule le plus\u00a0? Comment ce nombre est-il calcul\u00e9\u00a0? D\u00e9finition, courbe d&rsquo;\u00e9volution et carte par r\u00e9gion.<\/p>\n<p><strong>Plus de 13 millions de tests PCR<\/strong> ont \u00e9t\u00e9 r\u00e9alis\u00e9s depuis le d\u00e9but de la pand\u00e9mie, a indiqu\u00e9 Olivier V\u00e9ran lors de sa conf\u00e9rence de presse du 1er octobre. Le d\u00e9pistage du coronavirus est en premi\u00e8re ligne de la strat\u00e9gie du gouvernement pour faire face au rebond \u00e9pid\u00e9mique confirm\u00e9 sur le mois de septembre.<strong> 590 laboratoires<\/strong> testent les Fran\u00e7ais sur l&rsquo;ensemble du territoire. Si des difficult\u00e9s d&rsquo;acc\u00e8s aux tests sont manifestes depuis quelques semaines, la situation s&rsquo;am\u00e9liore selon le ministre de la Sant\u00e9 qui annonce le 1er octobre que <strong>75% des tests sont rendus en moins de 48\u00a0heures<\/strong>. Les tests sont prioritairement r\u00e9alis\u00e9s pour les personnes symptomatiques et les cas contacts dits \u00ab\u00a0\u00e0 risque\u00a0\u00bb et qui sont en mesure de pr\u00e9senter le SMS re\u00e7u de l&rsquo;Assurance Maladie. Le\u00a017<em>\u00a0<\/em>septembre dernier, Olivier V\u00e9ran rappelait :\u00a0<em><strong>\u00ab\u00a0Il ne sert \u00e0 rien de se tester trop souvent<\/strong><\/em>. <em>Le test\u00a0doit \u00eatre fait si vous avez un doute, si vous avez des sympt\u00f4mes et si le cas contact est av\u00e9r\u00e9, si vous avez \u00e9t\u00e9 appel\u00e9 par l&rsquo;Assurance maladie ou l&rsquo;ARS, les cas contacts de cas contacts ne sont pas des cas contacts.\u00a0\u00bb<\/em><\/p>\n<p>Comme il n&rsquo;y a ni vaccin, ni m\u00e9dicament efficace contre le coronavirus, <a href=\"https:\/\/sante.journaldesfemmes.fr\/fiches-maladies\/2619739-gestes-barrieres-covid-distanciation-sociale-ecole-maternelle-entreprise-restauration-affiche-hygiene\/\" target=\"_blank\" rel=\"noopener noreferrer\">le meilleur moyen de s&rsquo;en prot\u00e9ger<\/a>\u00a0pour pr\u00e9venir une deuxi\u00e8me vague est <strong>l&rsquo;application de mesures barri\u00e8res<\/strong> :\u00a0respect de la distanciation physique minimale d&rsquo;un m\u00e8tre,\u00a0port du masque, lavage des mains r\u00e9guliers, r\u00e9duction des rassemblements. Les <strong>personnes \u00e2g\u00e9es ou atteintes de pathologies chroniques (atteintes respiratoire, cardiaque, ob\u00e9sit\u00e9, diab\u00e8te\u2026) <\/strong>sont appel\u00e9es \u00e0 la plus<strong> grande prudence <\/strong>tant que le virus circule.<\/p>\n<p>Si au d\u00e9but, on ne parlait que de fi\u00e8vre, toux s\u00e8che, rhume, \u00e9tat grippal et de fatigue, les sympt\u00f4mes de l&rsquo;infection par le coronavirus ont \u00e9volu\u00e9. On sait d\u00e9sormais que le virus peut avoir des <strong>effets sur la peau<\/strong> (urticaire, autres affections dermatologiques), la sph\u00e8re digestive (vomissements, diarrh\u00e9es&#8230;), <strong>l&rsquo;odorat<\/strong>, le <strong>go\u00fbt <\/strong>et m\u00eame le cerveau.\u00a0<\/p>\n<ul>\n<li><strong>Si vous pr\u00e9sentez des\u00a0sympt\u00f4mes (toux, fi\u00e8vre, mal de t\u00eate) : <\/strong>\u00e9viter les contacts, rester \u00e0 domicile, prenez du parac\u00e9tamol si besoin, appeler un m\u00e9decin pour prendre rendez-vous dans l&rsquo;\u00e9ventualit\u00e9 qu&rsquo;il vous fasse passer un test de d\u00e9pistage.\u00a0<\/li>\n<li><strong>Appeler le\u00a015 en cas de\u00a0difficult\u00e9s respiratoires : \u00ab\u00a0<\/strong><em>Si cette toux et cette fi\u00e8vre s&rsquo;accompagnent d&rsquo;une g\u00eane respiratoire qui devient permanente avec souffle court, difficult\u00e9 \u00e0 inspirer et \u00e0 expirer, d&rsquo;une aggravation importante de la toux, cela peut signifier une \u00e9volution de la maladie sous la forme d&rsquo;une pneumopathie. Il s&rsquo;agit alors d&rsquo;une urgence respiratoire potentielle et comme dans tous les cas d&rsquo;urgence, il faut alors appeler le 15\u00a0qui prendra les meilleures dispositions pour r\u00e9pondre \u00e0 la situation\u00a0\u00bb, <\/em>pr\u00e9vient le Dr\u00a0Patrick Aub\u00e9, m\u00e9decin g\u00e9n\u00e9raliste. \u00a0<\/li>\n<\/ul>\n<table border=\"1\" cellpadding=\"1\" cellspacing=\"1\" style=\"width:100%;\">\n<thead>\n<tr>\n<th scope=\"col\" style=\"text-align: center;\"><strong>DATES CL\u00c9S DE L&rsquo;\u00c9PID\u00c9MIE EN FRANCE<\/strong><\/th>\n<\/tr>\n<\/thead>\n<tbody>\n<tr>\n<td>\n<ul>\n<li><strong>Le 31\u00a0d\u00e9cembre 2019,<\/strong> l&rsquo;Organisation mondiale de la Sant\u00e9 en Chine est inform\u00e9e de plusieurs cas de pneumonies dans la ville de Wuhan. 44\u00a0personnes sont infect\u00e9es entre cette date et le 3\u00a0janvier 2020.<\/li>\n<li><strong>Le 7\u00a0janvier 2020, <\/strong>les autorit\u00e9s chinoises identifient un \u00ab\u00a0nouveau type de coronavirus\u00a0\u00bb.<\/li>\n<li><strong>Le 13\u00a0janvier, <\/strong>un cas import\u00e9 est recens\u00e9 en Tha\u00eflande.<\/li>\n<li><strong>Le 15\u00a0janvier<\/strong>, le virus cause\u00a0la mort d&rsquo;<strong>une premi\u00e8re\u00a0personne \u00e0 Wuhan<\/strong>, un homme de 69\u00a0ans.\u00a0<\/li>\n<li><strong>Le 23\u00a0janvier,<\/strong> trois villes chinoises dont Wuhan sont plac\u00e9es en quarantaine.<\/li>\n<li><strong>Le 25\u00a0janvier, trois personnes\u00a0contamin\u00e9es sont recens\u00e9es en France<\/strong>, deux \u00e0 Paris et une Bordeaux. Ce sont les premiers cas enregistr\u00e9s sur le continent europ\u00e9en.<\/li>\n<li><strong>Le 30\u00a0janvier, <\/strong>l&rsquo;Organisation mondiale de la Sant\u00e9 <strong>d\u00e9cr\u00e8te\u00a0l&rsquo;<a href=\"https:\/\/sante.journaldesfemmes.fr\/fiches-maladies\/2608035-urgence-de-sante-publique-de-portee-internationale-definition-oms-coronavirus\/\" target=\"_blank\" rel=\"noopener noreferrer\">urgence de sant\u00e9 mondiale<\/a><\/strong>.\u00a0Cette mesure n&rsquo;avait \u00e9t\u00e9 d\u00e9cr\u00e9t\u00e9e que 5\u00a0fois depuis sa cr\u00e9ation (pour Ebola (deux fois), la grippe H1N1, Zika et la poliomy\u00e9lite).\u00a0<\/li>\n<li><strong>Le 23\u00a0f\u00e9vrier, <\/strong>la France d\u00e9clenche le <a href=\"https:\/\/sante.journaldesfemmes.fr\/fiches-maladies\/2622449-plan-orsan-reb-definition-signification-qui-declenche-coronavirus-definition-duree\/\" target=\"_blank\" rel=\"noopener noreferrer\">plan ORSAN<\/a>, un dispositif exceptionnel d&rsquo;organisation des soins.<\/li>\n<li><strong>Le 28\u00a0f\u00e9vrier,<\/strong> la France passe en stade 2\u00a0de l&rsquo;\u00e9pid\u00e9mie.<\/li>\n<li><strong>Le 11\u00a0mars, <\/strong>l&rsquo;OMS classifie de <strong>pand\u00e9mie <\/strong>la diffusion de la maladie \u00e0 coronavirus Covid-19\u00a0dans le monde.<\/li>\n<li><strong>Le 12\u00a0mars<\/strong>, le pr\u00e9sident de la R\u00e9publique Emmanuel Macron annonce la fermeture nationale des cr\u00e8ches et \u00e9tablissements scolaires de France \u00e0 compter du 16\u00a0mars et \u00ab\u00a0jusqu&rsquo;\u00e0 nouvel ordre\u00a0\u00bb.<\/li>\n<li><strong>Le 14\u00a0mars<\/strong>, la France passe au <a href=\"https:\/\/sante.journaldesfemmes.fr\/fiches-maladies\/2625289-coronavirus-covid-19-stade-1-2-3-4-duree-mesure-france-signification-quand\/\" target=\"_blank\" rel=\"noopener noreferrer\"><strong>stade 3 <\/strong><\/a>de l&rsquo;\u00e9pid\u00e9mie.<\/li>\n<li><strong>Le 16\u00a0mars\u00a0:<\/strong>\u00a0la France met en place un dispositif de confinement interdisant les d\u00e9placements.<\/li>\n<li><strong>Le\u00a018\u00a0mars<\/strong> le premier transfert de patients Covid-19\u00a0en France est r\u00e9alis\u00e9\u00a0gr\u00e2ce \u00e0 l&rsquo;Arm\u00e9e, par voie terrestre et a\u00e9rienne.\u00a0<\/li>\n<li><strong>Le 26\u00a0mars<\/strong>, un premier cas jeune meurt en France, une adolescente de 16\u00a0ans, en Ile-de-France originaire de Morsang-sur-Orge.<\/li>\n<li><strong>Le 27\u00a0mars,<\/strong> le confinement de la population fran\u00e7aise est renouvel\u00e9 jusqu&rsquo;au 15\u00a0avril.<\/li>\n<li><strong>Le 13\u00a0avril,<\/strong> Emmanuel Macron annonce le prolongement du confinement jusqu&rsquo;au 11\u00a0mai.<\/li>\n<li><strong>Le 11\u00a0mai, <\/strong>la France commence son d\u00e9confinement.<\/li>\n<li><strong>Le 15\u00a0juin<\/strong>, toute la France passe en zone verte, sauf Mayotte et la Guyane. A Paris, les restaurants et bars peuvent rouvrir compl\u00e8tement.<\/li>\n<li><strong>Le 22\u00a0juin, <\/strong>les \u00e9coles sont de nouveaux obligatoires en France pour tous les \u00e9l\u00e8ves. Les cin\u00e9mas, salles de jeux, casinos rouvrent. Les sports collectifs peuvent \u00eatre autoris\u00e9s tout en respectant certaines conditions sanitaires.<\/li>\n<li><strong>Le 10\u00a0juillet<\/strong>, la <strong>France <\/strong>a franchi la barre des 30\u00a0000\u00a0morts. Dans la nuit du 10\u00a0au 11\u00a0juillet \u00e0 minuit, l&rsquo;\u00e9tat d&rsquo;urgence sanitaire prend fin en France.<\/li>\n<li><strong>Le 20\u00a0juillet,<\/strong>\u00a0le <strong>port du masque est obligatoire <\/strong>dans les lieux publics clos en France.<\/li>\n<li><strong>Le 8 octobre, <\/strong>le plan blanc est r\u00e9activ\u00e9 dans les h\u00f4pitaux d&rsquo;Ile-de-France.<\/li>\n<\/ul>\n<\/td>\n<\/tr>\n<\/tbody>\n<\/table>\n<p><em>Cet article est mis \u00e0 jour quotidiennement par <a href=\"https:\/\/www.journaldesfemmes.fr\/account\/ablaize-11409696\" target=\"_blank\" rel=\"noopener noreferrer\">Aur\u00e9lie Blaize<\/a>, <a href=\"https:\/\/www.journaldesfemmes.fr\/account\/anaisthiebaux-10573564\" target=\"_blank\" rel=\"noopener noreferrer\">Ana\u00efs Thi\u00e9baux<\/a> et <a href=\"https:\/\/www.journaldesfemmes.fr\/account\/samanthapages-11598093\" target=\"_blank\" rel=\"noopener noreferrer\">Samantha Pag\u00e8s<\/a>.\u00a0<\/em><\/p>\n<\/section>\n<\/div>\n<p><script async src=\"http:\/\/platform.twitter.com\/widgets.js\" charset=\"utf-8\"><\/script><br \/>\n<br \/>[ad_2]<br \/>\n<br \/><a href=\"https:\/\/sante.journaldesfemmes.fr\/fiches-maladies\/2605417-coronavirus-france-covid-carte-departements-zone-rouge-combien-de-cas-mort-annonce-gouvernement-lille-lyon\/\">Source link <\/a><\/p>\n","protected":false},"excerpt":{"rendered":"<p>[ad_1] CORONAVIRUS EN DIRECT &#8211;\u00a0La situation se complique en Ile-de-France o\u00f9 le plan blanc est r\u00e9activ\u00e9 dans les h\u00f4pitaux au &hellip; <a href=\"http:\/\/www.affinite.fr\/index.php\/2020\/10\/08\/coronavirus-france-zones-rouges-annonces-dolivier-veran\/\" class=\"more-link\">Plus <span class=\"screen-reader-text\">Coronavirus France\u00a0:\u00a0zones rouges, annonces d&rsquo;Olivier V\u00e9ran<\/span> <span class=\"meta-nav\">&rarr;<\/span><\/a><\/p>\n","protected":false},"author":1,"featured_media":5345,"comment_status":"open","ping_status":"open","sticky":false,"template":"","format":"standard","meta":{"_sitemap_exclude":false,"_sitemap_priority":"","_sitemap_frequency":"","footnotes":""},"categories":[1],"tags":[],"class_list":["post-5344","post","type-post","status-publish","format-standard","has-post-thumbnail","hentry","category-tous"],"_links":{"self":[{"href":"http:\/\/www.affinite.fr\/index.php\/wp-json\/wp\/v2\/posts\/5344"}],"collection":[{"href":"http:\/\/www.affinite.fr\/index.php\/wp-json\/wp\/v2\/posts"}],"about":[{"href":"http:\/\/www.affinite.fr\/index.php\/wp-json\/wp\/v2\/types\/post"}],"author":[{"embeddable":true,"href":"http:\/\/www.affinite.fr\/index.php\/wp-json\/wp\/v2\/users\/1"}],"replies":[{"embeddable":true,"href":"http:\/\/www.affinite.fr\/index.php\/wp-json\/wp\/v2\/comments?post=5344"}],"version-history":[{"count":0,"href":"http:\/\/www.affinite.fr\/index.php\/wp-json\/wp\/v2\/posts\/5344\/revisions"}],"wp:featuredmedia":[{"embeddable":true,"href":"http:\/\/www.affinite.fr\/index.php\/wp-json\/wp\/v2\/media\/5345"}],"wp:attachment":[{"href":"http:\/\/www.affinite.fr\/index.php\/wp-json\/wp\/v2\/media?parent=5344"}],"wp:term":[{"taxonomy":"category","embeddable":true,"href":"http:\/\/www.affinite.fr\/index.php\/wp-json\/wp\/v2\/categories?post=5344"},{"taxonomy":"post_tag","embeddable":true,"href":"http:\/\/www.affinite.fr\/index.php\/wp-json\/wp\/v2\/tags?post=5344"}],"curies":[{"name":"wp","href":"https:\/\/api.w.org\/{rel}","templated":true}]}}