{"id":534,"date":"2020-03-12T01:18:22","date_gmt":"2020-03-12T01:18:22","guid":{"rendered":"https:\/\/www.affinite.fr\/index.php\/2020\/03\/12\/le-patron-dinstagram-conseille-de-ne-pas-trop-utiliser-instagram\/"},"modified":"2020-03-12T01:18:22","modified_gmt":"2020-03-12T01:18:22","slug":"le-patron-dinstagram-conseille-de-ne-pas-trop-utiliser-instagram","status":"publish","type":"post","link":"http:\/\/www.affinite.fr\/index.php\/2020\/03\/12\/le-patron-dinstagram-conseille-de-ne-pas-trop-utiliser-instagram\/","title":{"rendered":"Le patron d\u2019Instagram conseille de ne pas trop utiliser\u2026 Instagram"},"content":{"rendered":"<p> [ad_1]<br \/>\n<br \/><img decoding=\"async\" src=\"https:\/\/img.bfmtv.com\/i\/0\/0\/79c\/7e295fe6823031d4b47e3229e079f.jpg\" \/><\/p>\n<div itemprop=\"articleBody\">\n<p>Pour bien profiter d\u2019Instagram, mieux vaut ne pas trop y publier de contenu. C\u2019est en substance ce que conseille Adam Mosseri, le patron de la filiale de Facebook. Dans une interview \u00e0 NBC, il conclut par ces propos\u00a0: <em>\u00ab\u00a0Ne multipliez pas les publications sur Insta<\/em>, dit-il en se r\u00e9f\u00e9rant \u00e0 ceux qui publient plusieurs fois par jour sur le r\u00e9seau social. <em>Je ne peux pas faire ce genre de chose\u00a0\u00bb<\/em>.<\/p>\n<p><em>\u00ab\u00a0Moi je pense que c\u2019est OK de se contenter d&rsquo;un post\u2026 Mais les jeunes ne le pensent pas\u2026 On dirait qu\u2019ils se forcent \u00e0 le faire\u00a0\u00bb<\/em>, poursuit Adam Mosseri. Ces propos peuvent para\u00eetre \u00e9tonnants de la part d\u2019un r\u00e9seau social qui mise forc\u00e9ment sur l\u2019engagement de ses utilisateurs. Pourtant, le reste de l\u2019interview est en accord avec ces propos.<\/p>\n<h3 style=\"color:#333; font-family:arial,helvetica,sans-serif; font-size:23px; font-weight:700\">Facebook a essuy\u00e9 les pl\u00e2tres pour Instagram<\/h3>\n<p>Adam Mosseri y explique notamment que les erreurs de Facebook ont beaucoup appris \u00e0 Instagram et lui \u00e9vitent ainsi de faire les m\u00eames. <em>\u00ab\u00a0Les gens se sentent un peu mieux sur Instagram, probablement parce que ce r\u00e9seau social est plus ax\u00e9 sur des choses moins litigieuses\u00a0\u00bb<\/em>, constate Adam Mosseri.<\/p>\n<p>Il estime toutefois que les choses s\u2019am\u00e9liorent du c\u00f4t\u00e9 de Facebook\u00a0: <em>\u00ab\u00a0Nous investissons plus que quiconque pour r\u00e9soudre ces probl\u00e8mes. Vous pouvez \u00eatre en d\u00e9saccord avec des d\u00e9cisions politiques ou des d\u00e9cisions d&rsquo;application sp\u00e9cifiques. Mais les gens qui nous accusent aujourd\u2019hui de ne pas avoir de bonnes intentions, de ne pas r\u00e9ellement essayer de prendre notre responsabilit\u00e9 au s\u00e9rieux et de ne pas <a href=\"http:\/\/www.affinite.fr\/index.php\/2023\/07\/29\/changer-de-vie-voyager-complement-de-retraite-devenez-vendeur-de-glace-a-litalienne\/\">investir<\/a> de mani\u00e8re appropri\u00e9e pour r\u00e9soudre ces d\u00e9fis ne regardent tout simplement pas les faits r\u00e9els\u00a0\u00bb<\/em>.<\/p>\n<aside class=\"bg-color-0 padding-inside-all-s bloc border-s\">\n<h4 class=\"box-txt-normal\">\n<p><strong>A d\u00e9couvrir aussi en vid\u00e9o<\/strong><\/p>\n<\/h4>\n<\/aside>\n<p>Souvent accus\u00e9s de capter beaucoup trop syst\u00e9matiquement l\u2019attention de leurs utilisateurs, les r\u00e9seaux sociaux font d\u00e9sormais marche arri\u00e8re, du moins en apparence. Ils multiplient par exemple depuis plusieurs mois, les initiatives de \u00ab\u00a0bien-\u00eatre num\u00e9rique\u00a0\u00bb, permettant \u00e0 leurs utilisateurs de savoir exactement combien de temps ils passent sur leurs applications.<\/p>\n<p><strong>Source : <a data-cke-saved-href=\"https:\/\/www.nbcnews.com\/tech\/social-media\/instagram-head-adam-mosseri-how-facebook-protects-instagram-scrutiny-n1154556\" href=\"https:\/\/www.nbcnews.com\/tech\/social-media\/instagram-head-adam-mosseri-how-facebook-protects-instagram-scrutiny-n1154556\" target=\"_blank\" rel=\"noopener noreferrer\">NBC<\/a><\/strong><\/p>\n<\/p><\/div>\n<p><script>\n         !function(f,b,e,v,n,t,s){if(f.fbq)return;n=f.fbq=function()\n         {n.callMethod? n.callMethod.apply(n,arguments):n.queue.push(arguments)}\n         ;if(!f._fbq)f._fbq=n;\n             n.push=n;n.loaded=!0;n.version='2.0';n.queue=[];t=b.createElement(e);t.async=!0;\n             t.src=v;s=b.getElementsByTagName(e)[0];s.parentNode.insertBefore(t,s)}(window,\n                 document,'script','https:\/\/connect.facebook.net\/en_US\/fbevents.js');\n         fbq('init', '1065890633454496');\n         fbq('track', 'PageView');\n     <\/script><br \/>\n<br \/>[ad_2]<br \/>\n<br \/><a href=\"https:\/\/www.01net.com\/actualites\/le-patron-d-instagram-conseille-de-ne-pas-trop-utiliser-instagram-1873119.html\">Source link <\/a><\/p>\n","protected":false},"excerpt":{"rendered":"<p>[ad_1] Pour bien profiter d\u2019Instagram, mieux vaut ne pas trop y publier de contenu. C\u2019est en substance ce que conseille &hellip; <a href=\"http:\/\/www.affinite.fr\/index.php\/2020\/03\/12\/le-patron-dinstagram-conseille-de-ne-pas-trop-utiliser-instagram\/\" class=\"more-link\">Plus <span class=\"screen-reader-text\">Le patron d\u2019Instagram conseille de ne pas trop utiliser\u2026 Instagram<\/span> <span class=\"meta-nav\">&rarr;<\/span><\/a><\/p>\n","protected":false},"author":1,"featured_media":535,"comment_status":"open","ping_status":"open","sticky":false,"template":"","format":"standard","meta":{"_sitemap_exclude":false,"_sitemap_priority":"","_sitemap_frequency":"","footnotes":""},"categories":[1],"tags":[],"class_list":["post-534","post","type-post","status-publish","format-standard","has-post-thumbnail","hentry","category-tous"],"_links":{"self":[{"href":"http:\/\/www.affinite.fr\/index.php\/wp-json\/wp\/v2\/posts\/534"}],"collection":[{"href":"http:\/\/www.affinite.fr\/index.php\/wp-json\/wp\/v2\/posts"}],"about":[{"href":"http:\/\/www.affinite.fr\/index.php\/wp-json\/wp\/v2\/types\/post"}],"author":[{"embeddable":true,"href":"http:\/\/www.affinite.fr\/index.php\/wp-json\/wp\/v2\/users\/1"}],"replies":[{"embeddable":true,"href":"http:\/\/www.affinite.fr\/index.php\/wp-json\/wp\/v2\/comments?post=534"}],"version-history":[{"count":0,"href":"http:\/\/www.affinite.fr\/index.php\/wp-json\/wp\/v2\/posts\/534\/revisions"}],"wp:featuredmedia":[{"embeddable":true,"href":"http:\/\/www.affinite.fr\/index.php\/wp-json\/wp\/v2\/media\/535"}],"wp:attachment":[{"href":"http:\/\/www.affinite.fr\/index.php\/wp-json\/wp\/v2\/media?parent=534"}],"wp:term":[{"taxonomy":"category","embeddable":true,"href":"http:\/\/www.affinite.fr\/index.php\/wp-json\/wp\/v2\/categories?post=534"},{"taxonomy":"post_tag","embeddable":true,"href":"http:\/\/www.affinite.fr\/index.php\/wp-json\/wp\/v2\/tags?post=534"}],"curies":[{"name":"wp","href":"https:\/\/api.w.org\/{rel}","templated":true}]}}