{"id":5338,"date":"2020-10-06T17:24:15","date_gmt":"2020-10-06T17:24:15","guid":{"rendered":"https:\/\/www.affinite.fr\/index.php\/2020\/10\/06\/linstruction-a-domicile-limitee-en-2021\/"},"modified":"2020-10-06T17:24:15","modified_gmt":"2020-10-06T17:24:15","slug":"linstruction-a-domicile-limitee-en-2021","status":"publish","type":"post","link":"http:\/\/www.affinite.fr\/index.php\/2020\/10\/06\/linstruction-a-domicile-limitee-en-2021\/","title":{"rendered":"l&rsquo;instruction \u00e0 domicile limit\u00e9e en 2021"},"content":{"rendered":"<p> [ad_1]<br \/>\n<br \/><img decoding=\"async\" src=\"https:\/\/img-3.journaldesfemmes.fr\/_chqsoZG5rEekuelWRQiJRgWm6k=\/1280x\/smart\/4364528e0b6c4106a5e7f38b232e7e7d\/ccmcms-jdf\/19136059.jpg\" \/><\/p>\n<p>\n                L&rsquo;instruction \u00e0 domicile sera \u00ab\u00a0strictement limit\u00e9e\u00a0\u00bb aux imp\u00e9ratifs de sant\u00e9, et l&rsquo;\u00e9cole sera, d\u00e8s la rentr\u00e9e 2021, obligatoire d\u00e8s 3\u00a0ans, a annonc\u00e9 Emmanuel Macron. Le mot \u00ab\u00a0s\u00e9paratisme\u00a0\u00bb devrait n\u00e9anmoins \u00eatre remplac\u00e9 par \u00ab\u00a0projet de loi renfor\u00e7ant la la\u00efcit\u00e9 et les principes r\u00e9publicains\u00a0\u00bb.            <\/p>\n<div>\n<p><strong>[Mise \u00e0 jour du 6\u00a0octobre \u00e0 17h33].<\/strong>\u00a0<a href=\"https:\/\/www.journaldesfemmes.fr\/people\/emmanuel-macron\/\" title=\"Emmanuel Macron\">Emmanuel Macron<\/a> a pr\u00e9sent\u00e9 ce vendredi un plan d&rsquo;actions visant \u00e0 mieux prot\u00e9ger la R\u00e9publique contre les <strong>\u00ab\u00a0s\u00e9paratismes<\/strong>\u00ab\u00a0, \u00e0<strong> renforcer la la\u00efcit\u00e9,<\/strong>\u00a0\u00e0 \u00ab\u00a0d\u00e9fendre la R\u00e9publique et ses valeurs et \u00e0 lui faire respecter ses promesses d&rsquo;\u00e9galit\u00e9 et d&rsquo;\u00e9mancipation\u00a0\u00bb. Ce projet de loi qui sera\u00a0d\u00e9battu le 9 d\u00e9cembre 2020 en Conseil des ministres, avant d&rsquo;\u00eatre \u00e9tudi\u00e9 au Parlement d\u00e9but 2021 devrait n\u00e9anmoins changer de nom.\u00a0<strong>Le mot \u00ab\u00a0s\u00e9paratisme\u00a0\u00bb<\/strong> devrait en effet \u00eatre remplac\u00e9 par<strong> \u00ab\u00a0projet de loi renfor\u00e7ant la la\u00efcit\u00e9 et les principes r\u00e9publicains\u00a0\u00bb<\/strong> a annonc\u00e9 ce mardi\u00a0G\u00e9rald Darmanin, sur Radio Classique. Ainsi, parmi les grandes mesures d\u00e9voil\u00e9es par le Pr\u00e9sident : <strong>l&rsquo;instruction \u00e0 l&rsquo;\u00e9cole obligatoire \u00e0 partir de l&rsquo;\u00e2ge de trois ans, d\u00e8s la <a href=\"https:\/\/www.journaldesfemmes.fr\/maman\/guide-des-parents\/2547720-rentree-des-classes-scolaire-nouveautes-organisation-conseils\/\" title=\"Rentr\u00e9e\">rentr\u00e9e scolaire<\/a> 2021.\u00a0<\/strong>Rappelons que <strong>l&rsquo;\u00e2ge de l&rsquo;instruction obligatoire<\/strong> avait d\u00e9j\u00e0 \u00e9t\u00e9 abaiss\u00e9 \u00e0 trois ans au lieu de 6 ans en 2019, mais <strong><a href=\"https:\/\/www.journaldesfemmes.fr\/maman\/guide-des-parents\/2568734-faire-ecole-a-la-maison\/\" target=\"_blank\" rel=\"noopener noreferrer\">faire \u00e9cole \u00e0 la maison<\/a> <\/strong>\u00e9tait tout \u00e0 fait possible.\u00a0<em>\u00ab\u00a0Il y a deux ans, nous avions l&rsquo;instruction obligatoire, l&rsquo;\u00e9cole maternelle et fondamentale pour tous, mais il restait une possibilit\u00e9 d&rsquo;instruction \u00e0 domicile. D\u00e9sormais, il y a une obligation juridique, avec des sanctions pr\u00e9vues quand on n&rsquo;envoie pas son enfant \u00e0 l&rsquo;\u00e9cole\u00a0\u00bb<\/em> a d\u00e9clar\u00e9 Jean-Michel Blanquer sur France 2 ce 6 octobre.<\/p>\n<h2>L&rsquo;instruction \u00e0 la maison \u00ab\u00a0strictement limit\u00e9e\u00a0\u00bb aux imp\u00e9ratifs de sant\u00e9<\/h2>\n<p>Cette fois,<strong> l&rsquo;instruction scolaire \u00e0 domicile devra \u00eatre \u00ab\u00a0strictement limit\u00e9e<\/strong>\u00a0\u00bb a pr\u00e9cis\u00e9 Emmanuel Macron lors de son d\u00e9placement aux Mureaux, dans les Yvelines ce 2 octobre. L&rsquo;\u00e9cole \u00e0 la maison pourra par exemple se poursuivre <strong>en cas \u00ab\u00a0d&rsquo;imp\u00e9ratif de\u00a0sant\u00e9\u00a0\u00bb.<\/strong>\u00a0<em>\u00ab\u00a0L&rsquo;\u00e9cole, c&rsquo;est le creuset r\u00e9publicain\u00a0\u00bb, <strong>\u00ab\u00a0Les \u00e9coles hors contrat feront l&rsquo;objet d&rsquo;un encadrement encore renforc\u00e9<\/strong>\u00ab\u00a0, \u00ab\u00a0La R\u00e9publique s&rsquo;est construite autour de l&rsquo;\u00e9cole\u00a0\u00bb,\u00a0<\/em>a-t-il d\u00e9clar\u00e9. \u00ab\u00a0<em>C&rsquo;est une n\u00e9cessit\u00e9. J&rsquo;ai pris une d\u00e9cision sans doute l&rsquo;une des plus radicales depuis les lois de 1882\u00a0et celles assurant la mixit\u00e9 scolaire entre gar\u00e7ons et filles en 1969<\/em>\u00ab\u00a0, a ajout\u00e9 le chef de l&rsquo;Etat.<\/p>\n<h2>Enseigner la langue arabe \u00e0 l&rsquo;\u00e9cole<\/h2>\n<p>Emmanuel Macron propose \u00e9galement \u00ab\u00a0<em>d&rsquo;<strong>enseigner davantage la langue arabe \u00e0 l&rsquo;\u00e9cole<\/strong>, ou dans un p\u00e9riscolaire que nous ma\u00eetrisons. Notre jeunesse est aussi riche de cette culture plurielle\u00a0\u00bb.\u00a0 <\/em>Aussi, dans le but de<em> \u00ab\u00a0faire \u00e9merger une meilleure compr\u00e9hension de l&rsquo;Islam\u00a0\u00bb, <\/em>le Pr\u00e9sident envisage de cr\u00e9er un <em>\u00ab\u00a0institut scientifique s&rsquo;islamologie<\/em>\u00a0\u00bb ainsi que \u00ab\u00a0<em>des postes suppl\u00e9mentaires dans l&rsquo;enseignement sup\u00e9rieur\u00a0\u00bb.\u00a0<\/em>Pour le ministre de l&rsquo;Int\u00e9rieur G\u00e9rald Darmanin, renforcer l&rsquo;apprentissage de cette langue \u00e0 l&rsquo;\u00e9cole est \u00ab\u00a0une proposition r\u00e9publicaine et courageuse\u00a0\u00bb, a-t-il d\u00e9clar\u00e9 au Journal du Dimanche.\u00a0\u00ab\u00a0Nous avons besoin de jeunes Fran\u00e7ais qui parlent l&rsquo;arabe [&#8230;] L&rsquo;enseigner \u00e0 l&rsquo;\u00e9cole c&rsquo;est aussi un moyen de r\u00e9duire le pouvoir des religieux\u00a0\u00bb, a-t-il ajout\u00e9.<\/p>\n<h2>Les parents adeptes de l&rsquo;\u00e9cole \u00e0 la maison s&rsquo;insurgent<\/h2>\n<aside id=\"NL_1144838591\" class=\"newsletter_subscription jNlBlock\"><noscript><br \/>\n            <\/noscript><\/p>\n<h3 class=\"newsletter_subscription-title\">Newsletter <\/h3>\n<p><a href=\"\/\/mailing.ccmbg.com\/archive\/last-85\" target=\"_blank\" class=\"a_hover\" rel=\"noopener noreferrer\">Voir un exemple<\/a><\/p>\n<\/aside>\n<p>De nombreux parents s&rsquo;inqui\u00e8tent de ne plus pouvoir<strong> enseigner les cours \u00e0 leurs enfants \u00e0 la maison.\u00a0<\/strong>Ces familles ayant opt\u00e9 pour une<strong> \u00e9ducation diff\u00e9rente<\/strong> y ont trouv\u00e9 un \u00e9quilibre, un rythme, et ne voient pas vraiment de rapport entre l&rsquo;instruction \u00e0 domicile et la question de la religion.\u00a0Par ailleurs, l&rsquo;instruction \u00e0 domicile sera strictement limit\u00e9e (en cas de probl\u00e8me de sant\u00e9), mais les raisons ne sont pas encore clairement pr\u00e9cis\u00e9es.\u00a0Les parents pourront-ils faire \u00e9cole \u00e0 la maison en cas de harc\u00e8lement scolaire par exemple ?\u00a0Pour l&rsquo;heure, plusieurs <a href=\"https:\/\/www.mesopinions.com\/petition\/enfants\/instruction-obligatoire-ecole-2021\/107379\" target=\"_blank\" rel=\"noopener noreferrer\">p\u00e9titions<\/a> sont lanc\u00e9es&#8230;<\/p>\n<table border=\"1\" cellpadding=\"1\" cellspacing=\"1\" style=\"width:100%;\">\n<tbody>\n<tr>\n<td>Rappelons que l&rsquo;enseignement primaire obligatoire (de 6 \u00e0 13 ans) a \u00e9t\u00e9 instaur\u00e9 par la loi Ferry le 28 mars 1882. Depuis, l&rsquo;\u00e2ge de l&rsquo;instruction a \u00e9t\u00e9 modifi\u00e9 deux fois, en \u00e9tant allong\u00e9 \u00e0 14 ans (loi du 9 ao\u00fbt 1936 initi\u00e9e par Jean Zay), puis le 6 janvier 1959 par Charles de Gaulle, qui avait allong\u00e9 une nouvelle fois la <a href=\"https:\/\/www.journaldesfemmes.fr\/maman\/guide-des-parents\/regles-d-education\/\" title=\"Education\">scolarisation<\/a> jusqu&rsquo;\u00e0 l&rsquo;\u00e2ge de 16 ans.<\/td>\n<\/tr>\n<\/tbody>\n<\/table>\n<\/div>\n<p>[ad_2]<br \/>\n<br \/><a href=\"https:\/\/www.journaldesfemmes.fr\/maman\/enfant\/2057199-ecole-obligatoire-3-ans-rentree-2021-separatisme-macron\/\">Source link <\/a><\/p>\n","protected":false},"excerpt":{"rendered":"<p>[ad_1] L&rsquo;instruction \u00e0 domicile sera \u00ab\u00a0strictement limit\u00e9e\u00a0\u00bb aux imp\u00e9ratifs de sant\u00e9, et l&rsquo;\u00e9cole sera, d\u00e8s la rentr\u00e9e 2021, obligatoire d\u00e8s &hellip; <a href=\"http:\/\/www.affinite.fr\/index.php\/2020\/10\/06\/linstruction-a-domicile-limitee-en-2021\/\" class=\"more-link\">Plus <span class=\"screen-reader-text\">l&rsquo;instruction \u00e0 domicile limit\u00e9e en 2021<\/span> <span class=\"meta-nav\">&rarr;<\/span><\/a><\/p>\n","protected":false},"author":1,"featured_media":5339,"comment_status":"open","ping_status":"open","sticky":false,"template":"","format":"standard","meta":{"_sitemap_exclude":false,"_sitemap_priority":"","_sitemap_frequency":"","footnotes":""},"categories":[1],"tags":[],"class_list":["post-5338","post","type-post","status-publish","format-standard","has-post-thumbnail","hentry","category-tous"],"_links":{"self":[{"href":"http:\/\/www.affinite.fr\/index.php\/wp-json\/wp\/v2\/posts\/5338"}],"collection":[{"href":"http:\/\/www.affinite.fr\/index.php\/wp-json\/wp\/v2\/posts"}],"about":[{"href":"http:\/\/www.affinite.fr\/index.php\/wp-json\/wp\/v2\/types\/post"}],"author":[{"embeddable":true,"href":"http:\/\/www.affinite.fr\/index.php\/wp-json\/wp\/v2\/users\/1"}],"replies":[{"embeddable":true,"href":"http:\/\/www.affinite.fr\/index.php\/wp-json\/wp\/v2\/comments?post=5338"}],"version-history":[{"count":0,"href":"http:\/\/www.affinite.fr\/index.php\/wp-json\/wp\/v2\/posts\/5338\/revisions"}],"wp:featuredmedia":[{"embeddable":true,"href":"http:\/\/www.affinite.fr\/index.php\/wp-json\/wp\/v2\/media\/5339"}],"wp:attachment":[{"href":"http:\/\/www.affinite.fr\/index.php\/wp-json\/wp\/v2\/media?parent=5338"}],"wp:term":[{"taxonomy":"category","embeddable":true,"href":"http:\/\/www.affinite.fr\/index.php\/wp-json\/wp\/v2\/categories?post=5338"},{"taxonomy":"post_tag","embeddable":true,"href":"http:\/\/www.affinite.fr\/index.php\/wp-json\/wp\/v2\/tags?post=5338"}],"curies":[{"name":"wp","href":"https:\/\/api.w.org\/{rel}","templated":true}]}}